{"id":16519,"date":"2024-11-19T13:41:17","date_gmt":"2024-11-19T10:41:17","guid":{"rendered":"https:\/\/denizcankizil.tr\/uncategorized-tr\/keskten-yoksulluga-karsi-ankara-mitingi\/"},"modified":"2024-11-19T13:41:17","modified_gmt":"2024-11-19T10:41:17","slug":"keskten-yoksulluga-karsi-ankara-mitingi","status":"publish","type":"post","link":"https:\/\/denizcankizil.tr\/en\/haberler\/gundem\/keskten-yoksulluga-karsi-ankara-mitingi\/","title":{"rendered":"KESK\u2019ten yoksullu\u011fa kar\u015f\u0131 Ankara mitingi!"},"content":{"rendered":"<p>Kamu Emek\u00e7ileri Sendikalar\u0131 Konfederasyonu (KESK) 30 Kas\u0131m&#8217;da Ankara\u2019da yap\u0131lacak \u2018Ge\u00e7inemiyoruz\u2019 mitingine haz\u0131rlan\u0131yor.\u00a0www.antalyakorfez.com&#8217;a ziyaret eden KESK E\u015f Genel Ba\u015fkan\u0131 Ahmet Karag\u00f6z, &#8220;Ge\u00e7inemiyoruz, Yoksullu\u011fa Kar\u015f\u0131 M\u00fccadelede Birle\u015fiyoruz&#8221; \u00a0dedi.\u00a0<\/p>\n<p>M\u0130T\u0130NG 30 KASIM\u2019DA ANKARA\u2019DA<\/p>\n<p>\u00dclkede ya\u015fanan derin yoksulluk ad\u0131na KESK Ankara\u2019da b\u00fcy\u00fck mitinge haz\u0131rlan\u0131yor. &#8220;Ge\u00e7inemiyoruz, Yoksullu\u011fa Kar\u015f\u0131 M\u00fccadelede Birle\u015fiyoruz&#8221; \u00a0\u015fiar\u0131yla 30 Kas\u0131m&#8217;da Tando\u011fan Mitingi d\u00fczenlediklerini a\u00e7\u0131klayan KESK E\u015f Genel Ba\u015fkan\u0131 Ahmet Karag\u00f6z, internet sitemize ziyaret ederek a\u00e7\u0131klamalarda bulundu.\u00a0<\/p>\n<p>VATANDA\u015e GE\u00c7\u0130NEM\u0130YOR<\/p>\n<p>KESK \u00e7at\u0131s\u0131 alt\u0131nda TMMOB, TTB, TBB, D\u0130SK ve emek \u00f6rg\u00fctleriyle d\u00fczenlenecek olan miting &#8220;Ge\u00e7inemiyoruz, Yoksullu\u011fa Kar\u015f\u0131 M\u00fccadelede Birle\u015fiyoruz&#8221; \u00a0\u015fiar\u0131yla d\u00fczenlenecek. Kamu emek\u00e7isi, sivil toplum, esnaf, \u00e7ift\u00e7i, \u00f6\u011frenci \u00f6rg\u00fctleriyle 30 Kas\u0131m\u2019da Ankara\u2019da bulu\u015facaklar\u0131n\u0131 s\u00f6yleyen Karag\u00f6z, \u201c\u0130nsanlar art\u0131k ge\u00e7inemiyor. \u00c7ift\u00e7i trakt\u00f6r\u00fcne mazot alam\u0131yor. \u00dcretici yeti\u015ftirdi\u011fi \u00fcr\u00fcnleri de\u011fer fiyat\u0131na satam\u0131yor. Ge\u00e7en y\u0131l Y\u00d6K&#8217;ten ald\u0131\u011f\u0131m\u0131z bir rakam bu. Vak\u0131f ve devlet \u00fcniversitelerinde toplam 6 bu\u00e7uk milyonu a\u015fk\u0131n \u00f6\u011frenci, bar\u0131nma ve ekonomik sorunlar nedeniyle 120 bin \u00f6\u011frenci ya kayd\u0131n\u0131 dondurmu\u015f ya e\u011fitimine son verdi\u201d ifadelerini kaydetti.\u00a0<\/p>\n<p>TASARRUF \u00d6\u011eRENC\u0130LER\u0130N 1 \u00d6G\u00dcN YEME\u011e\u0130NDEN YAPILIYOR<\/p>\n<p>B\u00fct\u00e7enin da\u011f\u0131l\u0131m\u0131nda 85 milyon insana e\u015fit\u00e7e yap\u0131lamas\u0131 gerekti\u011fini s\u00f6yleyen Karag\u00f6z, \u201cVatanda\u015f \u00fcretti\u011fi her \u015fey de devlete vergi \u00f6d\u00fcyor. Yani b\u00fct\u00e7eyi 85 milyon insan olu\u015fturuyorsa b\u00fct\u00e7enin da\u011f\u0131l\u0131m\u0131 da 85 milyon insana g\u00f6re yap\u0131lmal\u0131. Bu \u00fclkenin en zenginleri olan y\u00fczde birlik bir kesime g\u00f6re b\u00fct\u00e7e olu\u015fturuluyor. Zenginlerde sermayeler patronlardan al\u0131nm\u0131yor. Neden tasarruf ediliyor? Tasarruf okul \u00f6ncesi \u00f6\u011frencilerimizin verilen bir \u00f6\u011f\u00fcn yeme\u011finden tasarruf ediliyor. \u00c7ok az say\u0131da kamu \u00e7al\u0131\u015fan\u0131 servis arac\u0131 kullanabiliyor. \u00c7ok az say\u0131da kamu \u00e7al\u0131\u015fanlar\u0131 taraf\u0131ndan kullan\u0131lan lojmanlardan fiyatlar\u0131 y\u0131lda 3 kez g\u00fcncelleniyor\u201d dedi.<\/p>\n<p>\u0130NSAN ONURUNA YAKI\u015eIR \u00dcCRET\u00a0<\/p>\n<p>\u0130ktidar\u0131n tasarruf edilmeyecek olan \u015feylerde \u00f6zellikle sa\u011fl\u0131kta ve e\u011fitim harcamalar\u0131ndan tasarruf etti\u011fine dikkat \u00e7eken Karag\u00f6z, \u201c10 milyonu a\u015fk\u0131n SGK emeklisi y\u0131llarca, yirmi be\u015f, otuz y\u0131l bu \u00fclkeye hizmet etmi\u015f insan 12 bin 500 lirayla ya\u015famlar\u0131n\u0131 s\u00fcrd\u00fcrmek zorunda b\u0131rak\u0131l\u0131yor. \u00dclkede a\u00e7l\u0131k s\u0131n\u0131r\u0131n\u0131n 27 bin yoksulluk s\u0131n\u0131r\u0131n\u0131n 72 bin lira oldu\u011fu bir d\u00f6nemde insanlar yoksullukla a\u00e7l\u0131kla m\u00fccadele ediyor. Dolay\u0131s\u0131yla toplumun, halk\u0131n ve esnaf\u0131m\u0131z\u0131n tepkilerini \u00f6rg\u00fctlemek \u00fczere yola \u00e7\u0131kt\u0131k. Ve 30 Kas\u0131m&#8217;da \u2018ge\u00e7inemiyoruz. Yoksullu\u011fa kar\u015f\u0131y\u0131z birle\u015fiyoruz\u2019 \u015fiar\u0131yla miting d\u00fczenleyece\u011fiz. Eme\u011fin k\u00fcrs\u00fcs\u00fcn\u00fc Tando\u011fan&#8217;a kuraca\u011f\u0131z. Amac\u0131m\u0131z burada insan onuruna yak\u0131\u015f\u0131r bir \u00fccret kamu \u00e7al\u0131\u015fanlar\u0131na, emeklilere, esnafa, \u00e7ift\u00e7imize, hayvan yeti\u015ftiricilerine, e\u011fitimini yar\u0131da b\u0131rak\u0131lan \u00f6\u011frencilere bu b\u00fct\u00e7ede pay almalar\u0131n\u0131 sa\u011flamak\u201d \u015feklinde konu\u015ftu. Karag\u00f6z, t\u00fcm Antalyal\u0131lar\u0131 30 Kas\u0131m\u2019da d\u00fczenlenecek Ankara mitingine davet etti.\u00a0<\/p>\n<p>\u200bKESK E\u015f Genel Ba\u015fkan\u0131 Ahmet Karag\u00f6z, www.antalyakorfez.com&#8217;a ziyaret etti. Karag\u00f6z, 30 Kas\u0131m&#8217;da Ankara&#8217;da d\u00fczenlenecek \u2018Ge\u00e7inemiyoruz\u2019 mitingine t\u00fcm Antalyal\u0131lar\u0131 davet etti\u00a0<\/p>\n<p>\u200bHaberin Al\u0131nt\u0131land\u0131\u011f\u0131 Kaynak: www.antalyakorfez.com<\/p>","protected":false},"excerpt":{"rendered":"<p>Kamu Emek\u00e7ileri Sendikalar\u0131 Konfederasyonu (KESK) 30 Kas\u0131m&#8217;da Ankara\u2019da yap\u0131lacak \u2018Ge\u00e7inemiyoruz\u2019 mitingine haz\u0131rlan\u0131yor.\u00a0www.antalyakorfez.com&#8217;a ziyaret eden KESK E\u015f Genel Ba\u015fkan\u0131 Ahmet Karag\u00f6z, &#8220;Ge\u00e7inemiyoruz, Yoksullu\u011fa Kar\u015f\u0131 M\u00fccadelede Birle\u015fiyoruz&#8221; \u00a0dedi.\u00a0 M\u0130T\u0130NG 30 KASIM\u2019DA ANKARA\u2019DA \u00dclkede ya\u015fanan derin yoksulluk ad\u0131na KESK Ankara\u2019da b\u00fcy\u00fck mitinge haz\u0131rlan\u0131yor. &#8220;Ge\u00e7inemiyoruz, Yoksullu\u011fa Kar\u015f\u0131 M\u00fccadelede Birle\u015fiyoruz&#8221; \u00a0\u015fiar\u0131yla 30 Kas\u0131m&#8217;da Tando\u011fan Mitingi d\u00fczenlediklerini a\u00e7\u0131klayan KESK E\u015f Genel Ba\u015fkan\u0131 Ahmet Karag\u00f6z, internet sitemize ziyaret ederek a\u00e7\u0131klamalarda bulundu.\u00a0 VATANDA\u015e GE\u00c7\u0130NEM\u0130YOR KESK \u00e7at\u0131s\u0131 alt\u0131nda TMMOB, TTB, TBB, D\u0130SK ve emek \u00f6rg\u00fctleriyle d\u00fczenlenecek olan miting &#8220;Ge\u00e7inemiyoruz, Yoksullu\u011fa Kar\u015f\u0131 M\u00fccadelede Birle\u015fiyoruz&#8221; \u00a0\u015fiar\u0131yla d\u00fczenlenecek. Kamu emek\u00e7isi, sivil toplum, esnaf, \u00e7ift\u00e7i, \u00f6\u011frenci \u00f6rg\u00fctleriyle 30 Kas\u0131m\u2019da Ankara\u2019da bulu\u015facaklar\u0131n\u0131 s\u00f6yleyen Karag\u00f6z, \u201c\u0130nsanlar art\u0131k ge\u00e7inemiyor. \u00c7ift\u00e7i trakt\u00f6r\u00fcne mazot alam\u0131yor. \u00dcretici yeti\u015ftirdi\u011fi \u00fcr\u00fcnleri de\u011fer fiyat\u0131na satam\u0131yor. Ge\u00e7en y\u0131l Y\u00d6K&#8217;ten ald\u0131\u011f\u0131m\u0131z bir rakam bu. Vak\u0131f ve devlet \u00fcniversitelerinde toplam 6 bu\u00e7uk milyonu a\u015fk\u0131n \u00f6\u011frenci, bar\u0131nma ve ekonomik sorunlar nedeniyle 120 bin \u00f6\u011frenci ya kayd\u0131n\u0131 dondurmu\u015f ya e\u011fitimine son verdi\u201d ifadelerini kaydetti.\u00a0 TASARRUF \u00d6\u011eRENC\u0130LER\u0130N 1 \u00d6G\u00dcN YEME\u011e\u0130NDEN YAPILIYOR B\u00fct\u00e7enin da\u011f\u0131l\u0131m\u0131nda 85 milyon insana e\u015fit\u00e7e yap\u0131lamas\u0131 gerekti\u011fini s\u00f6yleyen Karag\u00f6z, \u201cVatanda\u015f \u00fcretti\u011fi her \u015fey de devlete vergi \u00f6d\u00fcyor. Yani b\u00fct\u00e7eyi 85 milyon insan olu\u015fturuyorsa b\u00fct\u00e7enin da\u011f\u0131l\u0131m\u0131 da 85 milyon insana g\u00f6re yap\u0131lmal\u0131. Bu \u00fclkenin en zenginleri olan y\u00fczde birlik bir kesime g\u00f6re b\u00fct\u00e7e olu\u015fturuluyor. Zenginlerde sermayeler patronlardan &hellip;<\/p>","protected":false},"author":0,"featured_media":0,"comment_status":"open","ping_status":"open","sticky":false,"template":"","format":"standard","meta":{"_acf_changed":false,"footnotes":""},"categories":[24,535],"tags":[],"class_list":["post-16519","post","type-post","status-publish","format-standard","has-post-thumbnail","hentry","category-gundem","category-uncategorized-tr"],"acf":[],"yoast_head":"<!-- This site is optimized with the Yoast SEO Premium plugin v26.6 (Yoast SEO v27.1.1) - https:\/\/yoast.com\/product\/yoast-seo-premium-wordpress\/ -->\n<title>KESK\u2019ten yoksullu\u011fa kar\u015f\u0131 Ankara mitingi! - Av. Deniz Can K\u0131z\u0131l<\/title>\n<meta name=\"robots\" content=\"index, follow, max-snippet:-1, max-image-preview:large, max-video-preview:-1\" \/>\n<link rel=\"canonical\" href=\"https:\/\/denizcankizil.tr\/en\/haberler\/gundem\/keskten-yoksulluga-karsi-ankara-mitingi\/\" \/>\n<meta property=\"og:locale\" content=\"en_GB\" \/>\n<meta property=\"og:type\" content=\"article\" \/>\n<meta property=\"og:title\" content=\"KESK\u2019ten yoksullu\u011fa kar\u015f\u0131 Ankara mitingi!\" \/>\n<meta property=\"og:description\" content=\"Kamu Emek\u00e7ileri Sendikalar\u0131 Konfederasyonu (KESK) 30 Kas\u0131m&#8217;da Ankara\u2019da yap\u0131lacak \u2018Ge\u00e7inemiyoruz\u2019 mitingine haz\u0131rlan\u0131yor.\u00a0www.antalyakorfez.com&#8217;a ziyaret eden KESK E\u015f Genel Ba\u015fkan\u0131 Ahmet Karag\u00f6z, &#8220;Ge\u00e7inemiyoruz, Yoksullu\u011fa Kar\u015f\u0131 M\u00fccadelede Birle\u015fiyoruz&#8221; \u00a0dedi.\u00a0 M\u0130T\u0130NG 30 KASIM\u2019DA ANKARA\u2019DA \u00dclkede ya\u015fanan derin yoksulluk ad\u0131na KESK Ankara\u2019da b\u00fcy\u00fck mitinge haz\u0131rlan\u0131yor. &#8220;Ge\u00e7inemiyoruz, Yoksullu\u011fa Kar\u015f\u0131 M\u00fccadelede Birle\u015fiyoruz&#8221; \u00a0\u015fiar\u0131yla 30 Kas\u0131m&#8217;da Tando\u011fan Mitingi d\u00fczenlediklerini a\u00e7\u0131klayan KESK E\u015f Genel Ba\u015fkan\u0131 Ahmet Karag\u00f6z, internet sitemize ziyaret ederek a\u00e7\u0131klamalarda bulundu.\u00a0 VATANDA\u015e GE\u00c7\u0130NEM\u0130YOR KESK \u00e7at\u0131s\u0131 alt\u0131nda TMMOB, TTB, TBB, D\u0130SK ve emek \u00f6rg\u00fctleriyle d\u00fczenlenecek olan miting &#8220;Ge\u00e7inemiyoruz, Yoksullu\u011fa Kar\u015f\u0131 M\u00fccadelede Birle\u015fiyoruz&#8221; \u00a0\u015fiar\u0131yla d\u00fczenlenecek. Kamu emek\u00e7isi, sivil toplum, esnaf, \u00e7ift\u00e7i, \u00f6\u011frenci \u00f6rg\u00fctleriyle 30 Kas\u0131m\u2019da Ankara\u2019da bulu\u015facaklar\u0131n\u0131 s\u00f6yleyen Karag\u00f6z, \u201c\u0130nsanlar art\u0131k ge\u00e7inemiyor. \u00c7ift\u00e7i trakt\u00f6r\u00fcne mazot alam\u0131yor. \u00dcretici yeti\u015ftirdi\u011fi \u00fcr\u00fcnleri de\u011fer fiyat\u0131na satam\u0131yor. Ge\u00e7en y\u0131l Y\u00d6K&#8217;ten ald\u0131\u011f\u0131m\u0131z bir rakam bu. Vak\u0131f ve devlet \u00fcniversitelerinde toplam 6 bu\u00e7uk milyonu a\u015fk\u0131n \u00f6\u011frenci, bar\u0131nma ve ekonomik sorunlar nedeniyle 120 bin \u00f6\u011frenci ya kayd\u0131n\u0131 dondurmu\u015f ya e\u011fitimine son verdi\u201d ifadelerini kaydetti.\u00a0 TASARRUF \u00d6\u011eRENC\u0130LER\u0130N 1 \u00d6G\u00dcN YEME\u011e\u0130NDEN YAPILIYOR B\u00fct\u00e7enin da\u011f\u0131l\u0131m\u0131nda 85 milyon insana e\u015fit\u00e7e yap\u0131lamas\u0131 gerekti\u011fini s\u00f6yleyen Karag\u00f6z, \u201cVatanda\u015f \u00fcretti\u011fi her \u015fey de devlete vergi \u00f6d\u00fcyor. Yani b\u00fct\u00e7eyi 85 milyon insan olu\u015fturuyorsa b\u00fct\u00e7enin da\u011f\u0131l\u0131m\u0131 da 85 milyon insana g\u00f6re yap\u0131lmal\u0131. Bu \u00fclkenin en zenginleri olan y\u00fczde birlik bir kesime g\u00f6re b\u00fct\u00e7e olu\u015fturuluyor. Zenginlerde sermayeler patronlardan &hellip;\" \/>\n<meta property=\"og:url\" content=\"https:\/\/denizcankizil.tr\/en\/haberler\/gundem\/keskten-yoksulluga-karsi-ankara-mitingi\/\" \/>\n<meta property=\"og:site_name\" content=\"Av. Deniz Can K\u0131z\u0131l\" \/>\n<meta property=\"article:published_time\" content=\"2024-11-19T10:41:17+00:00\" \/>\n<meta name=\"twitter:card\" content=\"summary_large_image\" \/>\n<meta name=\"twitter:label1\" content=\"Estimated reading time\" \/>\n\t<meta name=\"twitter:data1\" content=\"3 minutes\" \/>\n<script type=\"application\/ld+json\" class=\"yoast-schema-graph\">{\"@context\":\"https:\/\/schema.org\",\"@graph\":[{\"@type\":\"Article\",\"@id\":\"https:\/\/denizcankizil.tr\/en\/haberler\/gundem\/keskten-yoksulluga-karsi-ankara-mitingi\/#article\",\"isPartOf\":{\"@id\":\"https:\/\/denizcankizil.tr\/en\/haberler\/gundem\/keskten-yoksulluga-karsi-ankara-mitingi\/\"},\"author\":{\"name\":\"\",\"@id\":\"\"},\"headline\":\"KESK\u2019ten yoksullu\u011fa kar\u015f\u0131 Ankara mitingi!\",\"datePublished\":\"2024-11-19T10:41:17+00:00\",\"mainEntityOfPage\":{\"@id\":\"https:\/\/denizcankizil.tr\/en\/haberler\/gundem\/keskten-yoksulluga-karsi-ankara-mitingi\/\"},\"wordCount\":597,\"commentCount\":0,\"publisher\":{\"@id\":\"https:\/\/denizcankizil.tr\/#organization\"},\"articleSection\":[\"G\u00fcndem\",\"Uncategorized\"],\"inLanguage\":\"en-GB\",\"potentialAction\":[{\"@type\":\"CommentAction\",\"name\":\"Comment\",\"target\":[\"https:\/\/denizcankizil.tr\/en\/haberler\/gundem\/keskten-yoksulluga-karsi-ankara-mitingi\/#respond\"]}]},{\"@type\":\"WebPage\",\"@id\":\"https:\/\/denizcankizil.tr\/en\/haberler\/gundem\/keskten-yoksulluga-karsi-ankara-mitingi\/\",\"url\":\"https:\/\/denizcankizil.tr\/en\/haberler\/gundem\/keskten-yoksulluga-karsi-ankara-mitingi\/\",\"name\":\"KESK\u2019ten yoksullu\u011fa kar\u015f\u0131 Ankara mitingi! - Av. Deniz Can K\u0131z\u0131l\",\"isPartOf\":{\"@id\":\"https:\/\/denizcankizil.tr\/#website\"},\"datePublished\":\"2024-11-19T10:41:17+00:00\",\"breadcrumb\":{\"@id\":\"https:\/\/denizcankizil.tr\/en\/haberler\/gundem\/keskten-yoksulluga-karsi-ankara-mitingi\/#breadcrumb\"},\"inLanguage\":\"en-GB\",\"potentialAction\":[{\"@type\":\"ReadAction\",\"target\":[\"https:\/\/denizcankizil.tr\/en\/haberler\/gundem\/keskten-yoksulluga-karsi-ankara-mitingi\/\"]}]},{\"@type\":\"BreadcrumbList\",\"@id\":\"https:\/\/denizcankizil.tr\/en\/haberler\/gundem\/keskten-yoksulluga-karsi-ankara-mitingi\/#breadcrumb\",\"itemListElement\":[{\"@type\":\"ListItem\",\"position\":1,\"name\":\"Home\",\"item\":\"https:\/\/denizcankizil.tr\/de\/\"},{\"@type\":\"ListItem\",\"position\":2,\"name\":\"KESK\u2019ten yoksullu\u011fa kar\u015f\u0131 Ankara mitingi!\"}]},{\"@type\":\"WebSite\",\"@id\":\"https:\/\/denizcankizil.tr\/#website\",\"url\":\"https:\/\/denizcankizil.tr\/\",\"name\":\"Av. Deniz Can K\u0131z\u0131l\",\"description\":\"Avukat Deniz Can K\u0131z\u0131l Antalya Barosu\",\"publisher\":{\"@id\":\"https:\/\/denizcankizil.tr\/#organization\"},\"potentialAction\":[{\"@type\":\"SearchAction\",\"target\":{\"@type\":\"EntryPoint\",\"urlTemplate\":\"https:\/\/denizcankizil.tr\/?s={search_term_string}\"},\"query-input\":{\"@type\":\"PropertyValueSpecification\",\"valueRequired\":true,\"valueName\":\"search_term_string\"}}],\"inLanguage\":\"en-GB\"},{\"@type\":\"Organization\",\"@id\":\"https:\/\/denizcankizil.tr\/#organization\",\"name\":\"Av. Deniz Can K\u0131z\u0131l\",\"url\":\"https:\/\/denizcankizil.tr\/\",\"logo\":{\"@type\":\"ImageObject\",\"inLanguage\":\"en-GB\",\"@id\":\"https:\/\/denizcankizil.tr\/#\/schema\/logo\/image\/\",\"url\":\"https:\/\/denizcankizil.tr\/wp-content\/uploads\/2024\/10\/siyah-logo-svg.svg\",\"contentUrl\":\"https:\/\/denizcankizil.tr\/wp-content\/uploads\/2024\/10\/siyah-logo-svg.svg\",\"width\":1080,\"height\":1080,\"caption\":\"Av. Deniz Can K\u0131z\u0131l\"},\"image\":{\"@id\":\"https:\/\/denizcankizil.tr\/#\/schema\/logo\/image\/\"}}]}<\/script>\n<!-- \/ Yoast SEO Premium plugin. -->","yoast_head_json":{"title":"KESK\u2019ten yoksullu\u011fa kar\u015f\u0131 Ankara mitingi! - Av. Deniz Can K\u0131z\u0131l","robots":{"index":"index","follow":"follow","max-snippet":"max-snippet:-1","max-image-preview":"max-image-preview:large","max-video-preview":"max-video-preview:-1"},"canonical":"https:\/\/denizcankizil.tr\/en\/haberler\/gundem\/keskten-yoksulluga-karsi-ankara-mitingi\/","og_locale":"en_GB","og_type":"article","og_title":"KESK\u2019ten yoksullu\u011fa kar\u015f\u0131 Ankara mitingi!","og_description":"Kamu Emek\u00e7ileri Sendikalar\u0131 Konfederasyonu (KESK) 30 Kas\u0131m&#8217;da Ankara\u2019da yap\u0131lacak \u2018Ge\u00e7inemiyoruz\u2019 mitingine haz\u0131rlan\u0131yor.\u00a0www.antalyakorfez.com&#8217;a ziyaret eden KESK E\u015f Genel Ba\u015fkan\u0131 Ahmet Karag\u00f6z, &#8220;Ge\u00e7inemiyoruz, Yoksullu\u011fa Kar\u015f\u0131 M\u00fccadelede Birle\u015fiyoruz&#8221; \u00a0dedi.\u00a0 M\u0130T\u0130NG 30 KASIM\u2019DA ANKARA\u2019DA \u00dclkede ya\u015fanan derin yoksulluk ad\u0131na KESK Ankara\u2019da b\u00fcy\u00fck mitinge haz\u0131rlan\u0131yor. &#8220;Ge\u00e7inemiyoruz, Yoksullu\u011fa Kar\u015f\u0131 M\u00fccadelede Birle\u015fiyoruz&#8221; \u00a0\u015fiar\u0131yla 30 Kas\u0131m&#8217;da Tando\u011fan Mitingi d\u00fczenlediklerini a\u00e7\u0131klayan KESK E\u015f Genel Ba\u015fkan\u0131 Ahmet Karag\u00f6z, internet sitemize ziyaret ederek a\u00e7\u0131klamalarda bulundu.\u00a0 VATANDA\u015e GE\u00c7\u0130NEM\u0130YOR KESK \u00e7at\u0131s\u0131 alt\u0131nda TMMOB, TTB, TBB, D\u0130SK ve emek \u00f6rg\u00fctleriyle d\u00fczenlenecek olan miting &#8220;Ge\u00e7inemiyoruz, Yoksullu\u011fa Kar\u015f\u0131 M\u00fccadelede Birle\u015fiyoruz&#8221; \u00a0\u015fiar\u0131yla d\u00fczenlenecek. Kamu emek\u00e7isi, sivil toplum, esnaf, \u00e7ift\u00e7i, \u00f6\u011frenci \u00f6rg\u00fctleriyle 30 Kas\u0131m\u2019da Ankara\u2019da bulu\u015facaklar\u0131n\u0131 s\u00f6yleyen Karag\u00f6z, \u201c\u0130nsanlar art\u0131k ge\u00e7inemiyor. \u00c7ift\u00e7i trakt\u00f6r\u00fcne mazot alam\u0131yor. \u00dcretici yeti\u015ftirdi\u011fi \u00fcr\u00fcnleri de\u011fer fiyat\u0131na satam\u0131yor. Ge\u00e7en y\u0131l Y\u00d6K&#8217;ten ald\u0131\u011f\u0131m\u0131z bir rakam bu. Vak\u0131f ve devlet \u00fcniversitelerinde toplam 6 bu\u00e7uk milyonu a\u015fk\u0131n \u00f6\u011frenci, bar\u0131nma ve ekonomik sorunlar nedeniyle 120 bin \u00f6\u011frenci ya kayd\u0131n\u0131 dondurmu\u015f ya e\u011fitimine son verdi\u201d ifadelerini kaydetti.\u00a0 TASARRUF \u00d6\u011eRENC\u0130LER\u0130N 1 \u00d6G\u00dcN YEME\u011e\u0130NDEN YAPILIYOR B\u00fct\u00e7enin da\u011f\u0131l\u0131m\u0131nda 85 milyon insana e\u015fit\u00e7e yap\u0131lamas\u0131 gerekti\u011fini s\u00f6yleyen Karag\u00f6z, \u201cVatanda\u015f \u00fcretti\u011fi her \u015fey de devlete vergi \u00f6d\u00fcyor. Yani b\u00fct\u00e7eyi 85 milyon insan olu\u015fturuyorsa b\u00fct\u00e7enin da\u011f\u0131l\u0131m\u0131 da 85 milyon insana g\u00f6re yap\u0131lmal\u0131. Bu \u00fclkenin en zenginleri olan y\u00fczde birlik bir kesime g\u00f6re b\u00fct\u00e7e olu\u015fturuluyor. Zenginlerde sermayeler patronlardan &hellip;","og_url":"https:\/\/denizcankizil.tr\/en\/haberler\/gundem\/keskten-yoksulluga-karsi-ankara-mitingi\/","og_site_name":"Av. Deniz Can K\u0131z\u0131l","article_published_time":"2024-11-19T10:41:17+00:00","twitter_card":"summary_large_image","twitter_misc":{"Estimated reading time":"3 minutes"},"schema":{"@context":"https:\/\/schema.org","@graph":[{"@type":"Article","@id":"https:\/\/denizcankizil.tr\/en\/haberler\/gundem\/keskten-yoksulluga-karsi-ankara-mitingi\/#article","isPartOf":{"@id":"https:\/\/denizcankizil.tr\/en\/haberler\/gundem\/keskten-yoksulluga-karsi-ankara-mitingi\/"},"author":{"name":"","@id":""},"headline":"KESK\u2019ten yoksullu\u011fa kar\u015f\u0131 Ankara mitingi!","datePublished":"2024-11-19T10:41:17+00:00","mainEntityOfPage":{"@id":"https:\/\/denizcankizil.tr\/en\/haberler\/gundem\/keskten-yoksulluga-karsi-ankara-mitingi\/"},"wordCount":597,"commentCount":0,"publisher":{"@id":"https:\/\/denizcankizil.tr\/#organization"},"articleSection":["G\u00fcndem","Uncategorized"],"inLanguage":"en-GB","potentialAction":[{"@type":"CommentAction","name":"Comment","target":["https:\/\/denizcankizil.tr\/en\/haberler\/gundem\/keskten-yoksulluga-karsi-ankara-mitingi\/#respond"]}]},{"@type":"WebPage","@id":"https:\/\/denizcankizil.tr\/en\/haberler\/gundem\/keskten-yoksulluga-karsi-ankara-mitingi\/","url":"https:\/\/denizcankizil.tr\/en\/haberler\/gundem\/keskten-yoksulluga-karsi-ankara-mitingi\/","name":"KESK\u2019ten yoksullu\u011fa kar\u015f\u0131 Ankara mitingi! - Av. Deniz Can K\u0131z\u0131l","isPartOf":{"@id":"https:\/\/denizcankizil.tr\/#website"},"datePublished":"2024-11-19T10:41:17+00:00","breadcrumb":{"@id":"https:\/\/denizcankizil.tr\/en\/haberler\/gundem\/keskten-yoksulluga-karsi-ankara-mitingi\/#breadcrumb"},"inLanguage":"en-GB","potentialAction":[{"@type":"ReadAction","target":["https:\/\/denizcankizil.tr\/en\/haberler\/gundem\/keskten-yoksulluga-karsi-ankara-mitingi\/"]}]},{"@type":"BreadcrumbList","@id":"https:\/\/denizcankizil.tr\/en\/haberler\/gundem\/keskten-yoksulluga-karsi-ankara-mitingi\/#breadcrumb","itemListElement":[{"@type":"ListItem","position":1,"name":"Home","item":"https:\/\/denizcankizil.tr\/de\/"},{"@type":"ListItem","position":2,"name":"KESK\u2019ten yoksullu\u011fa kar\u015f\u0131 Ankara mitingi!"}]},{"@type":"WebSite","@id":"https:\/\/denizcankizil.tr\/#website","url":"https:\/\/denizcankizil.tr\/","name":"Av. Deniz Can K\u0131z\u0131l","description":"Avukat Deniz Can K\u0131z\u0131l Antalya Barosu","publisher":{"@id":"https:\/\/denizcankizil.tr\/#organization"},"potentialAction":[{"@type":"SearchAction","target":{"@type":"EntryPoint","urlTemplate":"https:\/\/denizcankizil.tr\/?s={search_term_string}"},"query-input":{"@type":"PropertyValueSpecification","valueRequired":true,"valueName":"search_term_string"}}],"inLanguage":"en-GB"},{"@type":"Organization","@id":"https:\/\/denizcankizil.tr\/#organization","name":"Av. Deniz Can K\u0131z\u0131l","url":"https:\/\/denizcankizil.tr\/","logo":{"@type":"ImageObject","inLanguage":"en-GB","@id":"https:\/\/denizcankizil.tr\/#\/schema\/logo\/image\/","url":"https:\/\/denizcankizil.tr\/wp-content\/uploads\/2024\/10\/siyah-logo-svg.svg","contentUrl":"https:\/\/denizcankizil.tr\/wp-content\/uploads\/2024\/10\/siyah-logo-svg.svg","width":1080,"height":1080,"caption":"Av. Deniz Can K\u0131z\u0131l"},"image":{"@id":"https:\/\/denizcankizil.tr\/#\/schema\/logo\/image\/"}}]}},"_links":{"self":[{"href":"https:\/\/denizcankizil.tr\/en\/wp-json\/wp\/v2\/posts\/16519","targetHints":{"allow":["GET"]}}],"collection":[{"href":"https:\/\/denizcankizil.tr\/en\/wp-json\/wp\/v2\/posts"}],"about":[{"href":"https:\/\/denizcankizil.tr\/en\/wp-json\/wp\/v2\/types\/post"}],"replies":[{"embeddable":true,"href":"https:\/\/denizcankizil.tr\/en\/wp-json\/wp\/v2\/comments?post=16519"}],"version-history":[{"count":0,"href":"https:\/\/denizcankizil.tr\/en\/wp-json\/wp\/v2\/posts\/16519\/revisions"}],"wp:attachment":[{"href":"https:\/\/denizcankizil.tr\/en\/wp-json\/wp\/v2\/media?parent=16519"}],"wp:term":[{"taxonomy":"category","embeddable":true,"href":"https:\/\/denizcankizil.tr\/en\/wp-json\/wp\/v2\/categories?post=16519"},{"taxonomy":"post_tag","embeddable":true,"href":"https:\/\/denizcankizil.tr\/en\/wp-json\/wp\/v2\/tags?post=16519"}],"curies":[{"name":"wp","href":"https:\/\/api.w.org\/{rel}","templated":true}]}}