{"id":16513,"date":"2024-11-19T12:41:42","date_gmt":"2024-11-19T09:41:42","guid":{"rendered":"https:\/\/denizcankizil.tr\/uncategorized-tr\/antalyaya-kayyim-soku\/"},"modified":"2024-11-19T12:41:42","modified_gmt":"2024-11-19T09:41:42","slug":"antalyaya-kayyim-soku","status":"publish","type":"post","link":"https:\/\/denizcankizil.tr\/en\/haberler\/gundem\/antalyaya-kayyim-soku\/","title":{"rendered":"Antalya\u2019ya kayy\u0131m \u015foku"},"content":{"rendered":"<p>Yakla\u015f\u0131k 8 ay s\u00fcren teknik ve fiziki takibin ard\u0131ndan Antalya Bal\u0131k\u00e7\u0131 Bar\u0131na\u011f\u0131&#8217;nda tekne ba\u011flama yeri edinmek isteyen tekne sahiplerinden &#8216;R\u00fc\u015fvet&#8217; ald\u0131klar\u0131 iddias\u0131yla Yeni Liman Su \u00dcr\u00fcnleri Kooperatifi Ba\u015fkan\u0131 C.T.&#8217;nin de aralar\u0131nda bulundu\u011fu 7 \u015f\u00fcpheli, &#8216;Bar\u0131nak&#8217; adl\u0131 operasyonda, 3 hafta \u00f6nce g\u00f6zalt\u0131na al\u0131nd\u0131.\u00a0<\/p>\n<p>\u015e\u00dcPHEL\u0130LER TUTUKLANDI\u00a0<\/p>\n<p>Toplam 40 \u015f\u00fcpheli hakk\u0131nda adli i\u015flem ba\u015flat\u0131lan operasyonu, Sahil G\u00fcvenlik Antalya Grup Komutanl\u0131\u011f\u0131 \u0130stihbarat \u015eube M\u00fcd\u00fcrl\u00fc\u011f\u00fc ve Sahil G\u00fcvenlik Konyaalt\u0131 Karakol Komutanl\u0131\u011f\u0131 ger\u00e7ekle\u015ftirdi. \u015e\u00fcpheliler, \u00e7\u0131kar\u0131ld\u0131klar\u0131 mahkemede taraf\u0131ndan serbest b\u0131rak\u0131ld\u0131. Aralar\u0131nda C.T.&#8217;nin de bulundu\u011fu 4 ki\u015fi hakk\u0131nda adli kontrol ve yurt d\u0131\u015f\u0131 yasa\u011f\u0131 karar\u0131 verildi.<\/p>\n<p>YOLSUZLUK ORTAYA \u00c7IKTI\u00a0<\/p>\n<p>Antalya Bal\u0131k\u00e7\u0131 Bar\u0131na\u011f\u0131&#8217;nda teknelerin bar\u0131nma ihtiyac\u0131 ve karaya \u00e7ekilip, indirilmesi i\u015flemleri i\u00e7in yetkili Yeni Liman Su \u00dcr\u00fcnleri Kooperatifi&#8217;nin tekne sahiplerinden \u0130l Tar\u0131m ve Orman M\u00fcd\u00fcrl\u00fc\u011f\u00fc taraf\u0131ndan belirlenen fiyat tarifesi d\u0131\u015f\u0131nda usuls\u00fcz para ald\u0131\u011f\u0131n\u0131 tespit eden ekipler, tekne sahiplerinin bar\u0131nak i\u00e7inde ba\u011flama yeri edinebilmek i\u00e7in kooperatife resmi kar\u015f\u0131l\u0131\u011f\u0131 olmayan \u00f6demeler yapmaya mecbur b\u0131rak\u0131ld\u0131\u011f\u0131n\u0131, kooperatifin kendi b\u00fcnyesinde y\u00fcr\u00fctmesi gereken faaliyetleri yerine getirmeyip, tekne sahiplerini i\u015fletmeci kooperatifle ilgisi olmayan ki\u015filere y\u00f6nlendirip haks\u0131z kazan\u00e7 ve menfaat sa\u011fland\u0131\u011f\u0131n\u0131 tespit etti.<\/p>\n<p>ANTALYA BALIK\u00c7I BARINA\u011eI&#8217;NA KAYYIM ATANDI\u00a0<\/p>\n<p>Operasyonun \u00fczerinden ge\u00e7en 3 hafta sonunda Tar\u0131m ve Orman Bakanl\u0131\u011f\u0131 taraf\u0131ndan bar\u0131na\u011fa kayy\u0131m atand\u0131. Kayy\u0131m, 25 Kas\u0131m Pazartesi g\u00fcn\u00fcne kadar bar\u0131nakta inceleme yapma karar\u0131 ald\u0131. Bu tarihe kadar bar\u0131naktaki ticari ve \u00f6zel tekne sahipleri d\u0131\u015f\u0131nda tekne ve ara\u00e7lar\u0131n giri\u015f \u00e7\u0131k\u0131\u015flar\u0131n\u0131n yasakland\u0131\u011f\u0131 duyuruldu. Bar\u0131nak i\u00e7erisinde bulunan market ve i\u015fletmelerin pazartesi g\u00fcn\u00fcne kadar kapal\u0131 olmas\u0131 kararla\u015ft\u0131r\u0131l\u0131rken bar\u0131naktaki bal\u0131k sat\u0131\u015f noktas\u0131 da 25 Kas\u0131m Pazartesi g\u00fcn\u00fcne kadar kapat\u0131ld\u0131. Mesai saatlerini de 08.30 ile 17.30 saatleri aras\u0131nda s\u0131n\u0131rland\u0131ran kayy\u0131m y\u00f6netimi bar\u0131nak i\u00e7erisindeki t\u00fcm faaliyetler i\u00e7in kayy\u0131m y\u00f6netiminden izin al\u0131nmas\u0131 gerekti\u011fini kararla\u015ft\u0131rd\u0131.<\/p>\n<p>\u00a0<\/p>\n<p>\u200bAntalya Bal\u0131k\u00e7\u0131 Bar\u0131na\u011f\u0131&#8217;na y\u00f6nelik d\u00fczenlenen r\u00fc\u015fvet operasyonu sonucunda y\u00f6netime kayy\u0131m atand\u0131\u00a0<\/p>\n<p>\u200bHaberin Al\u0131nt\u0131land\u0131\u011f\u0131 Kaynak: www.antalyakorfez.com<\/p>","protected":false},"excerpt":{"rendered":"<p>Yakla\u015f\u0131k 8 ay s\u00fcren teknik ve fiziki takibin ard\u0131ndan Antalya Bal\u0131k\u00e7\u0131 Bar\u0131na\u011f\u0131&#8217;nda tekne ba\u011flama yeri edinmek isteyen tekne sahiplerinden &#8216;R\u00fc\u015fvet&#8217; ald\u0131klar\u0131 iddias\u0131yla Yeni Liman Su \u00dcr\u00fcnleri Kooperatifi Ba\u015fkan\u0131 C.T.&#8217;nin de aralar\u0131nda bulundu\u011fu 7 \u015f\u00fcpheli, &#8216;Bar\u0131nak&#8217; adl\u0131 operasyonda, 3 hafta \u00f6nce g\u00f6zalt\u0131na al\u0131nd\u0131.\u00a0 \u015e\u00dcPHEL\u0130LER TUTUKLANDI\u00a0 Toplam 40 \u015f\u00fcpheli hakk\u0131nda adli i\u015flem ba\u015flat\u0131lan operasyonu, Sahil G\u00fcvenlik Antalya Grup Komutanl\u0131\u011f\u0131 \u0130stihbarat \u015eube M\u00fcd\u00fcrl\u00fc\u011f\u00fc ve Sahil G\u00fcvenlik Konyaalt\u0131 Karakol Komutanl\u0131\u011f\u0131 ger\u00e7ekle\u015ftirdi. \u015e\u00fcpheliler, \u00e7\u0131kar\u0131ld\u0131klar\u0131 mahkemede taraf\u0131ndan serbest b\u0131rak\u0131ld\u0131. Aralar\u0131nda C.T.&#8217;nin de bulundu\u011fu 4 ki\u015fi hakk\u0131nda adli kontrol ve yurt d\u0131\u015f\u0131 yasa\u011f\u0131 karar\u0131 verildi. YOLSUZLUK ORTAYA \u00c7IKTI\u00a0 Antalya Bal\u0131k\u00e7\u0131 Bar\u0131na\u011f\u0131&#8217;nda teknelerin bar\u0131nma ihtiyac\u0131 ve karaya \u00e7ekilip, indirilmesi i\u015flemleri i\u00e7in yetkili Yeni Liman Su \u00dcr\u00fcnleri Kooperatifi&#8217;nin tekne sahiplerinden \u0130l Tar\u0131m ve Orman M\u00fcd\u00fcrl\u00fc\u011f\u00fc taraf\u0131ndan belirlenen fiyat tarifesi d\u0131\u015f\u0131nda usuls\u00fcz para ald\u0131\u011f\u0131n\u0131 tespit eden ekipler, tekne sahiplerinin bar\u0131nak i\u00e7inde ba\u011flama yeri edinebilmek i\u00e7in kooperatife resmi kar\u015f\u0131l\u0131\u011f\u0131 olmayan \u00f6demeler yapmaya mecbur b\u0131rak\u0131ld\u0131\u011f\u0131n\u0131, kooperatifin kendi b\u00fcnyesinde y\u00fcr\u00fctmesi gereken faaliyetleri yerine getirmeyip, tekne sahiplerini i\u015fletmeci kooperatifle ilgisi olmayan ki\u015filere y\u00f6nlendirip haks\u0131z kazan\u00e7 ve menfaat sa\u011fland\u0131\u011f\u0131n\u0131 tespit etti. ANTALYA BALIK\u00c7I BARINA\u011eI&#8217;NA KAYYIM ATANDI\u00a0 Operasyonun \u00fczerinden ge\u00e7en 3 hafta sonunda Tar\u0131m ve Orman Bakanl\u0131\u011f\u0131 taraf\u0131ndan bar\u0131na\u011fa kayy\u0131m atand\u0131. Kayy\u0131m, 25 Kas\u0131m Pazartesi g\u00fcn\u00fcne kadar bar\u0131nakta inceleme yapma karar\u0131 ald\u0131. Bu tarihe kadar bar\u0131naktaki &hellip;<\/p>","protected":false},"author":0,"featured_media":0,"comment_status":"open","ping_status":"open","sticky":false,"template":"","format":"standard","meta":{"_acf_changed":false,"footnotes":""},"categories":[24,535],"tags":[],"class_list":["post-16513","post","type-post","status-publish","format-standard","has-post-thumbnail","hentry","category-gundem","category-uncategorized-tr"],"acf":[],"yoast_head":"<!-- This site is optimized with the Yoast SEO Premium plugin v26.6 (Yoast SEO v27.1.1) - https:\/\/yoast.com\/product\/yoast-seo-premium-wordpress\/ -->\n<title>Antalya\u2019ya kayy\u0131m \u015foku - Av. Deniz Can K\u0131z\u0131l<\/title>\n<meta name=\"robots\" content=\"index, follow, max-snippet:-1, max-image-preview:large, max-video-preview:-1\" \/>\n<link rel=\"canonical\" href=\"https:\/\/denizcankizil.tr\/en\/haberler\/gundem\/antalyaya-kayyim-soku\/\" \/>\n<meta property=\"og:locale\" content=\"en_GB\" \/>\n<meta property=\"og:type\" content=\"article\" \/>\n<meta property=\"og:title\" content=\"Antalya\u2019ya kayy\u0131m \u015foku\" \/>\n<meta property=\"og:description\" content=\"Yakla\u015f\u0131k 8 ay s\u00fcren teknik ve fiziki takibin ard\u0131ndan Antalya Bal\u0131k\u00e7\u0131 Bar\u0131na\u011f\u0131&#8217;nda tekne ba\u011flama yeri edinmek isteyen tekne sahiplerinden &#8216;R\u00fc\u015fvet&#8217; ald\u0131klar\u0131 iddias\u0131yla Yeni Liman Su \u00dcr\u00fcnleri Kooperatifi Ba\u015fkan\u0131 C.T.&#8217;nin de aralar\u0131nda bulundu\u011fu 7 \u015f\u00fcpheli, &#8216;Bar\u0131nak&#8217; adl\u0131 operasyonda, 3 hafta \u00f6nce g\u00f6zalt\u0131na al\u0131nd\u0131.\u00a0 \u015e\u00dcPHEL\u0130LER TUTUKLANDI\u00a0 Toplam 40 \u015f\u00fcpheli hakk\u0131nda adli i\u015flem ba\u015flat\u0131lan operasyonu, Sahil G\u00fcvenlik Antalya Grup Komutanl\u0131\u011f\u0131 \u0130stihbarat \u015eube M\u00fcd\u00fcrl\u00fc\u011f\u00fc ve Sahil G\u00fcvenlik Konyaalt\u0131 Karakol Komutanl\u0131\u011f\u0131 ger\u00e7ekle\u015ftirdi. \u015e\u00fcpheliler, \u00e7\u0131kar\u0131ld\u0131klar\u0131 mahkemede taraf\u0131ndan serbest b\u0131rak\u0131ld\u0131. Aralar\u0131nda C.T.&#8217;nin de bulundu\u011fu 4 ki\u015fi hakk\u0131nda adli kontrol ve yurt d\u0131\u015f\u0131 yasa\u011f\u0131 karar\u0131 verildi. YOLSUZLUK ORTAYA \u00c7IKTI\u00a0 Antalya Bal\u0131k\u00e7\u0131 Bar\u0131na\u011f\u0131&#8217;nda teknelerin bar\u0131nma ihtiyac\u0131 ve karaya \u00e7ekilip, indirilmesi i\u015flemleri i\u00e7in yetkili Yeni Liman Su \u00dcr\u00fcnleri Kooperatifi&#8217;nin tekne sahiplerinden \u0130l Tar\u0131m ve Orman M\u00fcd\u00fcrl\u00fc\u011f\u00fc taraf\u0131ndan belirlenen fiyat tarifesi d\u0131\u015f\u0131nda usuls\u00fcz para ald\u0131\u011f\u0131n\u0131 tespit eden ekipler, tekne sahiplerinin bar\u0131nak i\u00e7inde ba\u011flama yeri edinebilmek i\u00e7in kooperatife resmi kar\u015f\u0131l\u0131\u011f\u0131 olmayan \u00f6demeler yapmaya mecbur b\u0131rak\u0131ld\u0131\u011f\u0131n\u0131, kooperatifin kendi b\u00fcnyesinde y\u00fcr\u00fctmesi gereken faaliyetleri yerine getirmeyip, tekne sahiplerini i\u015fletmeci kooperatifle ilgisi olmayan ki\u015filere y\u00f6nlendirip haks\u0131z kazan\u00e7 ve menfaat sa\u011fland\u0131\u011f\u0131n\u0131 tespit etti. ANTALYA BALIK\u00c7I BARINA\u011eI&#8217;NA KAYYIM ATANDI\u00a0 Operasyonun \u00fczerinden ge\u00e7en 3 hafta sonunda Tar\u0131m ve Orman Bakanl\u0131\u011f\u0131 taraf\u0131ndan bar\u0131na\u011fa kayy\u0131m atand\u0131. Kayy\u0131m, 25 Kas\u0131m Pazartesi g\u00fcn\u00fcne kadar bar\u0131nakta inceleme yapma karar\u0131 ald\u0131. Bu tarihe kadar bar\u0131naktaki &hellip;\" \/>\n<meta property=\"og:url\" content=\"https:\/\/denizcankizil.tr\/en\/haberler\/gundem\/antalyaya-kayyim-soku\/\" \/>\n<meta property=\"og:site_name\" content=\"Av. Deniz Can K\u0131z\u0131l\" \/>\n<meta property=\"article:published_time\" content=\"2024-11-19T09:41:42+00:00\" \/>\n<meta name=\"twitter:card\" content=\"summary_large_image\" \/>\n<meta name=\"twitter:label1\" content=\"Estimated reading time\" \/>\n\t<meta name=\"twitter:data1\" content=\"2 minutes\" \/>\n<script type=\"application\/ld+json\" class=\"yoast-schema-graph\">{\"@context\":\"https:\/\/schema.org\",\"@graph\":[{\"@type\":\"Article\",\"@id\":\"https:\/\/denizcankizil.tr\/ru\/haberler\/gundem\/antalyaya-kayyim-soku\/#article\",\"isPartOf\":{\"@id\":\"https:\/\/denizcankizil.tr\/ru\/haberler\/gundem\/antalyaya-kayyim-soku\/\"},\"author\":{\"name\":\"\",\"@id\":\"\"},\"headline\":\"Antalya\u2019ya kayy\u0131m \u015foku\",\"datePublished\":\"2024-11-19T09:41:42+00:00\",\"mainEntityOfPage\":{\"@id\":\"https:\/\/denizcankizil.tr\/ru\/haberler\/gundem\/antalyaya-kayyim-soku\/\"},\"wordCount\":406,\"commentCount\":0,\"publisher\":{\"@id\":\"https:\/\/denizcankizil.tr\/#organization\"},\"articleSection\":[\"G\u00fcndem\",\"Uncategorized\"],\"inLanguage\":\"en-GB\",\"potentialAction\":[{\"@type\":\"CommentAction\",\"name\":\"Comment\",\"target\":[\"https:\/\/denizcankizil.tr\/ru\/haberler\/gundem\/antalyaya-kayyim-soku\/#respond\"]}]},{\"@type\":\"WebPage\",\"@id\":\"https:\/\/denizcankizil.tr\/ru\/haberler\/gundem\/antalyaya-kayyim-soku\/\",\"url\":\"https:\/\/denizcankizil.tr\/ru\/haberler\/gundem\/antalyaya-kayyim-soku\/\",\"name\":\"Antalya\u2019ya kayy\u0131m \u015foku - Av. Deniz Can K\u0131z\u0131l\",\"isPartOf\":{\"@id\":\"https:\/\/denizcankizil.tr\/#website\"},\"datePublished\":\"2024-11-19T09:41:42+00:00\",\"breadcrumb\":{\"@id\":\"https:\/\/denizcankizil.tr\/ru\/haberler\/gundem\/antalyaya-kayyim-soku\/#breadcrumb\"},\"inLanguage\":\"en-GB\",\"potentialAction\":[{\"@type\":\"ReadAction\",\"target\":[\"https:\/\/denizcankizil.tr\/ru\/haberler\/gundem\/antalyaya-kayyim-soku\/\"]}]},{\"@type\":\"BreadcrumbList\",\"@id\":\"https:\/\/denizcankizil.tr\/ru\/haberler\/gundem\/antalyaya-kayyim-soku\/#breadcrumb\",\"itemListElement\":[{\"@type\":\"ListItem\",\"position\":1,\"name\":\"Home\",\"item\":\"https:\/\/denizcankizil.tr\/de\/\"},{\"@type\":\"ListItem\",\"position\":2,\"name\":\"Antalya\u2019ya kayy\u0131m \u015foku\"}]},{\"@type\":\"WebSite\",\"@id\":\"https:\/\/denizcankizil.tr\/#website\",\"url\":\"https:\/\/denizcankizil.tr\/\",\"name\":\"Av. Deniz Can K\u0131z\u0131l\",\"description\":\"Avukat Deniz Can K\u0131z\u0131l Antalya Barosu\",\"publisher\":{\"@id\":\"https:\/\/denizcankizil.tr\/#organization\"},\"potentialAction\":[{\"@type\":\"SearchAction\",\"target\":{\"@type\":\"EntryPoint\",\"urlTemplate\":\"https:\/\/denizcankizil.tr\/?s={search_term_string}\"},\"query-input\":{\"@type\":\"PropertyValueSpecification\",\"valueRequired\":true,\"valueName\":\"search_term_string\"}}],\"inLanguage\":\"en-GB\"},{\"@type\":\"Organization\",\"@id\":\"https:\/\/denizcankizil.tr\/#organization\",\"name\":\"Av. Deniz Can K\u0131z\u0131l\",\"url\":\"https:\/\/denizcankizil.tr\/\",\"logo\":{\"@type\":\"ImageObject\",\"inLanguage\":\"en-GB\",\"@id\":\"https:\/\/denizcankizil.tr\/#\/schema\/logo\/image\/\",\"url\":\"https:\/\/denizcankizil.tr\/wp-content\/uploads\/2024\/10\/siyah-logo-svg.svg\",\"contentUrl\":\"https:\/\/denizcankizil.tr\/wp-content\/uploads\/2024\/10\/siyah-logo-svg.svg\",\"width\":1080,\"height\":1080,\"caption\":\"Av. Deniz Can K\u0131z\u0131l\"},\"image\":{\"@id\":\"https:\/\/denizcankizil.tr\/#\/schema\/logo\/image\/\"}}]}<\/script>\n<!-- \/ Yoast SEO Premium plugin. -->","yoast_head_json":{"title":"Antalya\u2019ya kayy\u0131m \u015foku - Av. Deniz Can K\u0131z\u0131l","robots":{"index":"index","follow":"follow","max-snippet":"max-snippet:-1","max-image-preview":"max-image-preview:large","max-video-preview":"max-video-preview:-1"},"canonical":"https:\/\/denizcankizil.tr\/en\/haberler\/gundem\/antalyaya-kayyim-soku\/","og_locale":"en_GB","og_type":"article","og_title":"Antalya\u2019ya kayy\u0131m \u015foku","og_description":"Yakla\u015f\u0131k 8 ay s\u00fcren teknik ve fiziki takibin ard\u0131ndan Antalya Bal\u0131k\u00e7\u0131 Bar\u0131na\u011f\u0131&#8217;nda tekne ba\u011flama yeri edinmek isteyen tekne sahiplerinden &#8216;R\u00fc\u015fvet&#8217; ald\u0131klar\u0131 iddias\u0131yla Yeni Liman Su \u00dcr\u00fcnleri Kooperatifi Ba\u015fkan\u0131 C.T.&#8217;nin de aralar\u0131nda bulundu\u011fu 7 \u015f\u00fcpheli, &#8216;Bar\u0131nak&#8217; adl\u0131 operasyonda, 3 hafta \u00f6nce g\u00f6zalt\u0131na al\u0131nd\u0131.\u00a0 \u015e\u00dcPHEL\u0130LER TUTUKLANDI\u00a0 Toplam 40 \u015f\u00fcpheli hakk\u0131nda adli i\u015flem ba\u015flat\u0131lan operasyonu, Sahil G\u00fcvenlik Antalya Grup Komutanl\u0131\u011f\u0131 \u0130stihbarat \u015eube M\u00fcd\u00fcrl\u00fc\u011f\u00fc ve Sahil G\u00fcvenlik Konyaalt\u0131 Karakol Komutanl\u0131\u011f\u0131 ger\u00e7ekle\u015ftirdi. \u015e\u00fcpheliler, \u00e7\u0131kar\u0131ld\u0131klar\u0131 mahkemede taraf\u0131ndan serbest b\u0131rak\u0131ld\u0131. Aralar\u0131nda C.T.&#8217;nin de bulundu\u011fu 4 ki\u015fi hakk\u0131nda adli kontrol ve yurt d\u0131\u015f\u0131 yasa\u011f\u0131 karar\u0131 verildi. YOLSUZLUK ORTAYA \u00c7IKTI\u00a0 Antalya Bal\u0131k\u00e7\u0131 Bar\u0131na\u011f\u0131&#8217;nda teknelerin bar\u0131nma ihtiyac\u0131 ve karaya \u00e7ekilip, indirilmesi i\u015flemleri i\u00e7in yetkili Yeni Liman Su \u00dcr\u00fcnleri Kooperatifi&#8217;nin tekne sahiplerinden \u0130l Tar\u0131m ve Orman M\u00fcd\u00fcrl\u00fc\u011f\u00fc taraf\u0131ndan belirlenen fiyat tarifesi d\u0131\u015f\u0131nda usuls\u00fcz para ald\u0131\u011f\u0131n\u0131 tespit eden ekipler, tekne sahiplerinin bar\u0131nak i\u00e7inde ba\u011flama yeri edinebilmek i\u00e7in kooperatife resmi kar\u015f\u0131l\u0131\u011f\u0131 olmayan \u00f6demeler yapmaya mecbur b\u0131rak\u0131ld\u0131\u011f\u0131n\u0131, kooperatifin kendi b\u00fcnyesinde y\u00fcr\u00fctmesi gereken faaliyetleri yerine getirmeyip, tekne sahiplerini i\u015fletmeci kooperatifle ilgisi olmayan ki\u015filere y\u00f6nlendirip haks\u0131z kazan\u00e7 ve menfaat sa\u011fland\u0131\u011f\u0131n\u0131 tespit etti. ANTALYA BALIK\u00c7I BARINA\u011eI&#8217;NA KAYYIM ATANDI\u00a0 Operasyonun \u00fczerinden ge\u00e7en 3 hafta sonunda Tar\u0131m ve Orman Bakanl\u0131\u011f\u0131 taraf\u0131ndan bar\u0131na\u011fa kayy\u0131m atand\u0131. Kayy\u0131m, 25 Kas\u0131m Pazartesi g\u00fcn\u00fcne kadar bar\u0131nakta inceleme yapma karar\u0131 ald\u0131. Bu tarihe kadar bar\u0131naktaki &hellip;","og_url":"https:\/\/denizcankizil.tr\/en\/haberler\/gundem\/antalyaya-kayyim-soku\/","og_site_name":"Av. Deniz Can K\u0131z\u0131l","article_published_time":"2024-11-19T09:41:42+00:00","twitter_card":"summary_large_image","twitter_misc":{"Estimated reading time":"2 minutes"},"schema":{"@context":"https:\/\/schema.org","@graph":[{"@type":"Article","@id":"https:\/\/denizcankizil.tr\/ru\/haberler\/gundem\/antalyaya-kayyim-soku\/#article","isPartOf":{"@id":"https:\/\/denizcankizil.tr\/ru\/haberler\/gundem\/antalyaya-kayyim-soku\/"},"author":{"name":"","@id":""},"headline":"Antalya\u2019ya kayy\u0131m \u015foku","datePublished":"2024-11-19T09:41:42+00:00","mainEntityOfPage":{"@id":"https:\/\/denizcankizil.tr\/ru\/haberler\/gundem\/antalyaya-kayyim-soku\/"},"wordCount":406,"commentCount":0,"publisher":{"@id":"https:\/\/denizcankizil.tr\/#organization"},"articleSection":["G\u00fcndem","Uncategorized"],"inLanguage":"en-GB","potentialAction":[{"@type":"CommentAction","name":"Comment","target":["https:\/\/denizcankizil.tr\/ru\/haberler\/gundem\/antalyaya-kayyim-soku\/#respond"]}]},{"@type":"WebPage","@id":"https:\/\/denizcankizil.tr\/ru\/haberler\/gundem\/antalyaya-kayyim-soku\/","url":"https:\/\/denizcankizil.tr\/ru\/haberler\/gundem\/antalyaya-kayyim-soku\/","name":"Antalya\u2019ya kayy\u0131m \u015foku - Av. Deniz Can K\u0131z\u0131l","isPartOf":{"@id":"https:\/\/denizcankizil.tr\/#website"},"datePublished":"2024-11-19T09:41:42+00:00","breadcrumb":{"@id":"https:\/\/denizcankizil.tr\/ru\/haberler\/gundem\/antalyaya-kayyim-soku\/#breadcrumb"},"inLanguage":"en-GB","potentialAction":[{"@type":"ReadAction","target":["https:\/\/denizcankizil.tr\/ru\/haberler\/gundem\/antalyaya-kayyim-soku\/"]}]},{"@type":"BreadcrumbList","@id":"https:\/\/denizcankizil.tr\/ru\/haberler\/gundem\/antalyaya-kayyim-soku\/#breadcrumb","itemListElement":[{"@type":"ListItem","position":1,"name":"Home","item":"https:\/\/denizcankizil.tr\/de\/"},{"@type":"ListItem","position":2,"name":"Antalya\u2019ya kayy\u0131m \u015foku"}]},{"@type":"WebSite","@id":"https:\/\/denizcankizil.tr\/#website","url":"https:\/\/denizcankizil.tr\/","name":"Av. Deniz Can K\u0131z\u0131l","description":"Avukat Deniz Can K\u0131z\u0131l Antalya Barosu","publisher":{"@id":"https:\/\/denizcankizil.tr\/#organization"},"potentialAction":[{"@type":"SearchAction","target":{"@type":"EntryPoint","urlTemplate":"https:\/\/denizcankizil.tr\/?s={search_term_string}"},"query-input":{"@type":"PropertyValueSpecification","valueRequired":true,"valueName":"search_term_string"}}],"inLanguage":"en-GB"},{"@type":"Organization","@id":"https:\/\/denizcankizil.tr\/#organization","name":"Av. Deniz Can K\u0131z\u0131l","url":"https:\/\/denizcankizil.tr\/","logo":{"@type":"ImageObject","inLanguage":"en-GB","@id":"https:\/\/denizcankizil.tr\/#\/schema\/logo\/image\/","url":"https:\/\/denizcankizil.tr\/wp-content\/uploads\/2024\/10\/siyah-logo-svg.svg","contentUrl":"https:\/\/denizcankizil.tr\/wp-content\/uploads\/2024\/10\/siyah-logo-svg.svg","width":1080,"height":1080,"caption":"Av. Deniz Can K\u0131z\u0131l"},"image":{"@id":"https:\/\/denizcankizil.tr\/#\/schema\/logo\/image\/"}}]}},"_links":{"self":[{"href":"https:\/\/denizcankizil.tr\/en\/wp-json\/wp\/v2\/posts\/16513","targetHints":{"allow":["GET"]}}],"collection":[{"href":"https:\/\/denizcankizil.tr\/en\/wp-json\/wp\/v2\/posts"}],"about":[{"href":"https:\/\/denizcankizil.tr\/en\/wp-json\/wp\/v2\/types\/post"}],"replies":[{"embeddable":true,"href":"https:\/\/denizcankizil.tr\/en\/wp-json\/wp\/v2\/comments?post=16513"}],"version-history":[{"count":0,"href":"https:\/\/denizcankizil.tr\/en\/wp-json\/wp\/v2\/posts\/16513\/revisions"}],"wp:attachment":[{"href":"https:\/\/denizcankizil.tr\/en\/wp-json\/wp\/v2\/media?parent=16513"}],"wp:term":[{"taxonomy":"category","embeddable":true,"href":"https:\/\/denizcankizil.tr\/en\/wp-json\/wp\/v2\/categories?post=16513"},{"taxonomy":"post_tag","embeddable":true,"href":"https:\/\/denizcankizil.tr\/en\/wp-json\/wp\/v2\/tags?post=16513"}],"curies":[{"name":"wp","href":"https:\/\/api.w.org\/{rel}","templated":true}]}}