{"id":16507,"date":"2024-11-19T11:41:22","date_gmt":"2024-11-19T08:41:22","guid":{"rendered":"https:\/\/denizcankizil.tr\/uncategorized-tr\/icislerinden-feto-kiskaci-459-supheli-yakalandi\/"},"modified":"2024-11-19T11:41:22","modified_gmt":"2024-11-19T08:41:22","slug":"icislerinden-feto-kiskaci-459-supheli-yakalandi","status":"publish","type":"post","link":"https:\/\/denizcankizil.tr\/en\/haberler\/gundem\/icislerinden-feto-kiskaci-459-supheli-yakalandi\/","title":{"rendered":"\u0130\u00e7i\u015fleri&#8217;nden FET\u00d6 &#8216;K\u0131ska\u00e7&#8217;\u0131! 459 \u015f\u00fcpheli yakaland\u0131"},"content":{"rendered":"<p>\u0130\u00e7i\u015fleri Bakanl\u0131\u011f\u0131, 6 ilde FET\u00d6\u2019ye y\u00f6nelik d\u00fczenlenen &#8216;K\u0131ska\u00e7-30&#8217; operasyonlar\u0131nda 459 \u015f\u00fcphelinin yakaland\u0131\u011f\u0131n\u0131 a\u00e7\u0131klad\u0131.ANKARA (\u0130GFA) &#8211; A\u00e7\u0131klama \u0130\u00e7i\u015fleri Bakan\u0131 Ali Yerlikaya&#8217;dan geldi.<br \/>\nFET\u00d6 eleba\u015f\u0131n\u0131n \u00f6l\u00fcm\u00fcnden sonra da\u00a0hain ter\u00f6r \u00f6rg\u00fct\u00fcne y\u00f6nelik y\u00fcr\u00fct\u00fclen m\u00fccadelede hi\u00e7bir gev\u015femeye yer olmad\u0131\u011f\u0131n\u0131n alt\u0131n\u0131 \u00e7izen Bakan Yerlikaya, &#8220;Milli irademize darbe yapmaya yeltenen bu hain yap\u0131y\u0131, temizleyene kadar m\u00fccadele edece\u011fiz&#8221; dedi.<br \/>\nBakan Yerlikaya, Cumhuriyet Ba\u015fsavc\u0131l\u0131klar\u0131 ile Emniyet Genel M\u00fcd\u00fcrl\u00fc\u011f\u00fc TEM Daire Ba\u015fkanl\u0131\u011f\u0131, \u0130stihbarat ve KOM Ba\u015fkanl\u0131klar\u0131 koordinesinde; \u0130l Emniyet M\u00fcd\u00fcrl\u00fckleri TEM ve KOM \u015eube M\u00fcd\u00fcrl\u00fcklerince yap\u0131lan \u00e7al\u0131\u015fmalar sonucu 6 ilde FET\u00d6&#8217;ye y\u00f6nelik d\u00fczenlenen K\u0131ska\u00e7-30 operasyonunda 459 \u015f\u00fcphelinin yakaland\u0131\u011f\u0131n\u0131 a\u00e7\u0131klad\u0131.<\/p>\n<p>https:\/\/twitter.com\/AliYerlikaya\/status\/1858764079688532393<\/p>\n<p>Operasyonda; \u00d6rg\u00fct\u00fcn G\u00fcncel Yap\u0131lanmas\u0131, Finans Yap\u0131lanmas\u0131, \u00d6\u011frenci Yap\u0131lanmas\u0131, Emniyet Mahrem Yap\u0131lanmas\u0131, Askeri Mahrem Yap\u0131lanmas\u0131, Adliye Mahrem Yap\u0131lanmas\u0131 ve \u00c7e\u015fitli Meslek Gruplar\u0131 i\u00e7erisinde faaliyet y\u00fcr\u00fctmek, Sosyal medyada platformlar\u0131 \u00fczerinden \u00f6rg\u00fct\u00fcn propagandas\u0131n\u0131 \u00a0yapmak, Ankes\u00f6rl\u00fc telefonlarla ileti\u015fim kurmak ve \u00f6rg\u00fct i\u00e7erisinde sorumlu \u015fah\u0131slar ile irtibatta bulunmak, \u201cGaybubet Evi\u201d olarak adland\u0131r\u0131lan H\u00fccre Evlerinde bar\u0131nmak, Haklar\u0131nda firari olarak aranma kay\u0131tlar\u0131 bulunmak,\u00a0 M\u00fcnferit s\u0131nav soru\u015fturmalar\u0131 kapsam\u0131nda m\u00fclakatlarda avantajl\u0131 olarak kodlanmak ve \u00d6rg\u00fct\u00fcn kripto haberle\u015fme program\u0131 \u201cBylock\u201d kullan\u0131c\u0131s\u0131 olmak su\u00e7lar\u0131ndan haklar\u0131nda soru\u015fturma ba\u015flat\u0131ld\u0131\u011f\u0131 bildirildi.<\/p>\n<p>\u200b\u0130\u00e7i\u015fleri Bakanl\u0131\u011f\u0131, 6 ilde FET\u00d6\u2019ye y\u00f6nelik d\u00fczenlenen &#8216;K\u0131ska\u00e7-30&#8217; operasyonlar\u0131nda 459 \u015f\u00fcphelinin yakaland\u0131\u011f\u0131n\u0131 a\u00e7\u0131klad\u0131\u00a0<\/p>\n<p>\u200bHaberin Al\u0131nt\u0131land\u0131\u011f\u0131 Kaynak: www.iskenderun.org<\/p>","protected":false},"excerpt":{"rendered":"<p>\u0130\u00e7i\u015fleri Bakanl\u0131\u011f\u0131, 6 ilde FET\u00d6\u2019ye y\u00f6nelik d\u00fczenlenen &#8216;K\u0131ska\u00e7-30&#8217; operasyonlar\u0131nda 459 \u015f\u00fcphelinin yakaland\u0131\u011f\u0131n\u0131 a\u00e7\u0131klad\u0131.ANKARA (\u0130GFA) &#8211; A\u00e7\u0131klama \u0130\u00e7i\u015fleri Bakan\u0131 Ali Yerlikaya&#8217;dan geldi. FET\u00d6 eleba\u015f\u0131n\u0131n \u00f6l\u00fcm\u00fcnden sonra da\u00a0hain ter\u00f6r \u00f6rg\u00fct\u00fcne y\u00f6nelik y\u00fcr\u00fct\u00fclen m\u00fccadelede hi\u00e7bir gev\u015femeye yer olmad\u0131\u011f\u0131n\u0131n alt\u0131n\u0131 \u00e7izen Bakan Yerlikaya, &#8220;Milli irademize darbe yapmaya yeltenen bu hain yap\u0131y\u0131, temizleyene kadar m\u00fccadele edece\u011fiz&#8221; dedi. Bakan Yerlikaya, Cumhuriyet Ba\u015fsavc\u0131l\u0131klar\u0131 ile Emniyet Genel M\u00fcd\u00fcrl\u00fc\u011f\u00fc TEM Daire Ba\u015fkanl\u0131\u011f\u0131, \u0130stihbarat ve KOM Ba\u015fkanl\u0131klar\u0131 koordinesinde; \u0130l Emniyet M\u00fcd\u00fcrl\u00fckleri TEM ve KOM \u015eube M\u00fcd\u00fcrl\u00fcklerince yap\u0131lan \u00e7al\u0131\u015fmalar sonucu 6 ilde FET\u00d6&#8217;ye y\u00f6nelik d\u00fczenlenen K\u0131ska\u00e7-30 operasyonunda 459 \u015f\u00fcphelinin yakaland\u0131\u011f\u0131n\u0131 a\u00e7\u0131klad\u0131. https:\/\/twitter.com\/AliYerlikaya\/status\/1858764079688532393 Operasyonda; \u00d6rg\u00fct\u00fcn G\u00fcncel Yap\u0131lanmas\u0131, Finans Yap\u0131lanmas\u0131, \u00d6\u011frenci Yap\u0131lanmas\u0131, Emniyet Mahrem Yap\u0131lanmas\u0131, Askeri Mahrem Yap\u0131lanmas\u0131, Adliye Mahrem Yap\u0131lanmas\u0131 ve \u00c7e\u015fitli Meslek Gruplar\u0131 i\u00e7erisinde faaliyet y\u00fcr\u00fctmek, Sosyal medyada platformlar\u0131 \u00fczerinden \u00f6rg\u00fct\u00fcn propagandas\u0131n\u0131 \u00a0yapmak, Ankes\u00f6rl\u00fc telefonlarla ileti\u015fim kurmak ve \u00f6rg\u00fct i\u00e7erisinde sorumlu \u015fah\u0131slar ile irtibatta bulunmak, \u201cGaybubet Evi\u201d olarak adland\u0131r\u0131lan H\u00fccre Evlerinde bar\u0131nmak, Haklar\u0131nda firari olarak aranma kay\u0131tlar\u0131 bulunmak,\u00a0 M\u00fcnferit s\u0131nav soru\u015fturmalar\u0131 kapsam\u0131nda m\u00fclakatlarda avantajl\u0131 olarak kodlanmak ve \u00d6rg\u00fct\u00fcn kripto haberle\u015fme program\u0131 \u201cBylock\u201d kullan\u0131c\u0131s\u0131 olmak su\u00e7lar\u0131ndan haklar\u0131nda soru\u015fturma ba\u015flat\u0131ld\u0131\u011f\u0131 bildirildi. \u200b\u0130\u00e7i\u015fleri Bakanl\u0131\u011f\u0131, 6 ilde FET\u00d6\u2019ye y\u00f6nelik d\u00fczenlenen &#8216;K\u0131ska\u00e7-30&#8217; operasyonlar\u0131nda 459 \u015f\u00fcphelinin yakaland\u0131\u011f\u0131n\u0131 a\u00e7\u0131klad\u0131\u00a0 \u200bHaberin Al\u0131nt\u0131land\u0131\u011f\u0131 Kaynak: www.iskenderun.org<\/p>","protected":false},"author":0,"featured_media":0,"comment_status":"open","ping_status":"open","sticky":false,"template":"","format":"standard","meta":{"_acf_changed":false,"footnotes":""},"categories":[24,535],"tags":[],"class_list":["post-16507","post","type-post","status-publish","format-standard","has-post-thumbnail","hentry","category-gundem","category-uncategorized-tr"],"acf":[],"yoast_head":"<!-- This site is optimized with the Yoast SEO Premium plugin v26.6 (Yoast SEO v27.1.1) - https:\/\/yoast.com\/product\/yoast-seo-premium-wordpress\/ -->\n<title>\u0130\u00e7i\u015fleri&#039;nden FET\u00d6 &#039;K\u0131ska\u00e7&#039;\u0131! 459 \u015f\u00fcpheli yakaland\u0131 - Av. Deniz Can K\u0131z\u0131l<\/title>\n<meta name=\"robots\" content=\"index, follow, max-snippet:-1, max-image-preview:large, max-video-preview:-1\" \/>\n<link rel=\"canonical\" href=\"https:\/\/denizcankizil.tr\/en\/haberler\/gundem\/icislerinden-feto-kiskaci-459-supheli-yakalandi\/\" \/>\n<meta property=\"og:locale\" content=\"en_GB\" \/>\n<meta property=\"og:type\" content=\"article\" \/>\n<meta property=\"og:title\" content=\"\u0130\u00e7i\u015fleri&#039;nden FET\u00d6 &#039;K\u0131ska\u00e7&#039;\u0131! 459 \u015f\u00fcpheli yakaland\u0131\" \/>\n<meta property=\"og:description\" content=\"\u0130\u00e7i\u015fleri Bakanl\u0131\u011f\u0131, 6 ilde FET\u00d6\u2019ye y\u00f6nelik d\u00fczenlenen &#8216;K\u0131ska\u00e7-30&#8217; operasyonlar\u0131nda 459 \u015f\u00fcphelinin yakaland\u0131\u011f\u0131n\u0131 a\u00e7\u0131klad\u0131.ANKARA (\u0130GFA) &#8211; A\u00e7\u0131klama \u0130\u00e7i\u015fleri Bakan\u0131 Ali Yerlikaya&#8217;dan geldi. FET\u00d6 eleba\u015f\u0131n\u0131n \u00f6l\u00fcm\u00fcnden sonra da\u00a0hain ter\u00f6r \u00f6rg\u00fct\u00fcne y\u00f6nelik y\u00fcr\u00fct\u00fclen m\u00fccadelede hi\u00e7bir gev\u015femeye yer olmad\u0131\u011f\u0131n\u0131n alt\u0131n\u0131 \u00e7izen Bakan Yerlikaya, &#8220;Milli irademize darbe yapmaya yeltenen bu hain yap\u0131y\u0131, temizleyene kadar m\u00fccadele edece\u011fiz&#8221; dedi. Bakan Yerlikaya, Cumhuriyet Ba\u015fsavc\u0131l\u0131klar\u0131 ile Emniyet Genel M\u00fcd\u00fcrl\u00fc\u011f\u00fc TEM Daire Ba\u015fkanl\u0131\u011f\u0131, \u0130stihbarat ve KOM Ba\u015fkanl\u0131klar\u0131 koordinesinde; \u0130l Emniyet M\u00fcd\u00fcrl\u00fckleri TEM ve KOM \u015eube M\u00fcd\u00fcrl\u00fcklerince yap\u0131lan \u00e7al\u0131\u015fmalar sonucu 6 ilde FET\u00d6&#8217;ye y\u00f6nelik d\u00fczenlenen K\u0131ska\u00e7-30 operasyonunda 459 \u015f\u00fcphelinin yakaland\u0131\u011f\u0131n\u0131 a\u00e7\u0131klad\u0131. https:\/\/twitter.com\/AliYerlikaya\/status\/1858764079688532393 Operasyonda; \u00d6rg\u00fct\u00fcn G\u00fcncel Yap\u0131lanmas\u0131, Finans Yap\u0131lanmas\u0131, \u00d6\u011frenci Yap\u0131lanmas\u0131, Emniyet Mahrem Yap\u0131lanmas\u0131, Askeri Mahrem Yap\u0131lanmas\u0131, Adliye Mahrem Yap\u0131lanmas\u0131 ve \u00c7e\u015fitli Meslek Gruplar\u0131 i\u00e7erisinde faaliyet y\u00fcr\u00fctmek, Sosyal medyada platformlar\u0131 \u00fczerinden \u00f6rg\u00fct\u00fcn propagandas\u0131n\u0131 \u00a0yapmak, Ankes\u00f6rl\u00fc telefonlarla ileti\u015fim kurmak ve \u00f6rg\u00fct i\u00e7erisinde sorumlu \u015fah\u0131slar ile irtibatta bulunmak, \u201cGaybubet Evi\u201d olarak adland\u0131r\u0131lan H\u00fccre Evlerinde bar\u0131nmak, Haklar\u0131nda firari olarak aranma kay\u0131tlar\u0131 bulunmak,\u00a0 M\u00fcnferit s\u0131nav soru\u015fturmalar\u0131 kapsam\u0131nda m\u00fclakatlarda avantajl\u0131 olarak kodlanmak ve \u00d6rg\u00fct\u00fcn kripto haberle\u015fme program\u0131 \u201cBylock\u201d kullan\u0131c\u0131s\u0131 olmak su\u00e7lar\u0131ndan haklar\u0131nda soru\u015fturma ba\u015flat\u0131ld\u0131\u011f\u0131 bildirildi. \u200b\u0130\u00e7i\u015fleri Bakanl\u0131\u011f\u0131, 6 ilde FET\u00d6\u2019ye y\u00f6nelik d\u00fczenlenen &#8216;K\u0131ska\u00e7-30&#8217; operasyonlar\u0131nda 459 \u015f\u00fcphelinin yakaland\u0131\u011f\u0131n\u0131 a\u00e7\u0131klad\u0131\u00a0 \u200bHaberin Al\u0131nt\u0131land\u0131\u011f\u0131 Kaynak: www.iskenderun.org\" \/>\n<meta property=\"og:url\" content=\"https:\/\/denizcankizil.tr\/en\/haberler\/gundem\/icislerinden-feto-kiskaci-459-supheli-yakalandi\/\" \/>\n<meta property=\"og:site_name\" content=\"Av. Deniz Can K\u0131z\u0131l\" \/>\n<meta property=\"article:published_time\" content=\"2024-11-19T08:41:22+00:00\" \/>\n<meta name=\"twitter:card\" content=\"summary_large_image\" \/>\n<meta name=\"twitter:label1\" content=\"Estimated reading time\" \/>\n\t<meta name=\"twitter:data1\" content=\"1 minute\" \/>\n<script type=\"application\/ld+json\" class=\"yoast-schema-graph\">{\"@context\":\"https:\/\/schema.org\",\"@graph\":[{\"@type\":\"Article\",\"@id\":\"https:\/\/denizcankizil.tr\/en\/haberler\/gundem\/icislerinden-feto-kiskaci-459-supheli-yakalandi\/#article\",\"isPartOf\":{\"@id\":\"https:\/\/denizcankizil.tr\/en\/haberler\/gundem\/icislerinden-feto-kiskaci-459-supheli-yakalandi\/\"},\"author\":{\"name\":\"\",\"@id\":\"\"},\"headline\":\"\u0130\u00e7i\u015fleri&#8217;nden FET\u00d6 &#8216;K\u0131ska\u00e7&#8217;\u0131! 459 \u015f\u00fcpheli yakaland\u0131\",\"datePublished\":\"2024-11-19T08:41:22+00:00\",\"mainEntityOfPage\":{\"@id\":\"https:\/\/denizcankizil.tr\/en\/haberler\/gundem\/icislerinden-feto-kiskaci-459-supheli-yakalandi\/\"},\"wordCount\":304,\"commentCount\":0,\"publisher\":{\"@id\":\"https:\/\/denizcankizil.tr\/de\/#organization\"},\"articleSection\":[\"G\u00fcndem\",\"Uncategorized\"],\"inLanguage\":\"en-GB\",\"potentialAction\":[{\"@type\":\"CommentAction\",\"name\":\"Comment\",\"target\":[\"https:\/\/denizcankizil.tr\/en\/haberler\/gundem\/icislerinden-feto-kiskaci-459-supheli-yakalandi\/#respond\"]}]},{\"@type\":\"WebPage\",\"@id\":\"https:\/\/denizcankizil.tr\/en\/haberler\/gundem\/icislerinden-feto-kiskaci-459-supheli-yakalandi\/\",\"url\":\"https:\/\/denizcankizil.tr\/en\/haberler\/gundem\/icislerinden-feto-kiskaci-459-supheli-yakalandi\/\",\"name\":\"\u0130\u00e7i\u015fleri'nden FET\u00d6 'K\u0131ska\u00e7'\u0131! 459 \u015f\u00fcpheli yakaland\u0131 - Av. Deniz Can K\u0131z\u0131l\",\"isPartOf\":{\"@id\":\"https:\/\/denizcankizil.tr\/de\/#website\"},\"datePublished\":\"2024-11-19T08:41:22+00:00\",\"breadcrumb\":{\"@id\":\"https:\/\/denizcankizil.tr\/en\/haberler\/gundem\/icislerinden-feto-kiskaci-459-supheli-yakalandi\/#breadcrumb\"},\"inLanguage\":\"en-GB\",\"potentialAction\":[{\"@type\":\"ReadAction\",\"target\":[\"https:\/\/denizcankizil.tr\/en\/haberler\/gundem\/icislerinden-feto-kiskaci-459-supheli-yakalandi\/\"]}]},{\"@type\":\"BreadcrumbList\",\"@id\":\"https:\/\/denizcankizil.tr\/en\/haberler\/gundem\/icislerinden-feto-kiskaci-459-supheli-yakalandi\/#breadcrumb\",\"itemListElement\":[{\"@type\":\"ListItem\",\"position\":1,\"name\":\"Home\",\"item\":\"https:\/\/denizcankizil.tr\/de\/\"},{\"@type\":\"ListItem\",\"position\":2,\"name\":\"\u0130\u00e7i\u015fleri&#8217;nden FET\u00d6 &#8216;K\u0131ska\u00e7&#8217;\u0131! 459 \u015f\u00fcpheli yakaland\u0131\"}]},{\"@type\":\"WebSite\",\"@id\":\"https:\/\/denizcankizil.tr\/de\/#website\",\"url\":\"https:\/\/denizcankizil.tr\/de\/\",\"name\":\"Av. Deniz Can K\u0131z\u0131l\",\"description\":\"Avukat Deniz Can K\u0131z\u0131l Antalya Barosu\",\"publisher\":{\"@id\":\"https:\/\/denizcankizil.tr\/de\/#organization\"},\"potentialAction\":[{\"@type\":\"SearchAction\",\"target\":{\"@type\":\"EntryPoint\",\"urlTemplate\":\"https:\/\/denizcankizil.tr\/de\/?s={search_term_string}\"},\"query-input\":{\"@type\":\"PropertyValueSpecification\",\"valueRequired\":true,\"valueName\":\"search_term_string\"}}],\"inLanguage\":\"en-GB\"},{\"@type\":\"Organization\",\"@id\":\"https:\/\/denizcankizil.tr\/de\/#organization\",\"name\":\"Av. Deniz Can K\u0131z\u0131l\",\"url\":\"https:\/\/denizcankizil.tr\/de\/\",\"logo\":{\"@type\":\"ImageObject\",\"inLanguage\":\"en-GB\",\"@id\":\"https:\/\/denizcankizil.tr\/de\/#\/schema\/logo\/image\/\",\"url\":\"https:\/\/denizcankizil.tr\/wp-content\/uploads\/2024\/10\/siyah-logo-svg.svg\",\"contentUrl\":\"https:\/\/denizcankizil.tr\/wp-content\/uploads\/2024\/10\/siyah-logo-svg.svg\",\"width\":1080,\"height\":1080,\"caption\":\"Av. Deniz Can K\u0131z\u0131l\"},\"image\":{\"@id\":\"https:\/\/denizcankizil.tr\/de\/#\/schema\/logo\/image\/\"}}]}<\/script>\n<!-- \/ Yoast SEO Premium plugin. -->","yoast_head_json":{"title":"\u0130\u00e7i\u015fleri'nden FET\u00d6 'K\u0131ska\u00e7'\u0131! 459 \u015f\u00fcpheli yakaland\u0131 - Av. Deniz Can K\u0131z\u0131l","robots":{"index":"index","follow":"follow","max-snippet":"max-snippet:-1","max-image-preview":"max-image-preview:large","max-video-preview":"max-video-preview:-1"},"canonical":"https:\/\/denizcankizil.tr\/en\/haberler\/gundem\/icislerinden-feto-kiskaci-459-supheli-yakalandi\/","og_locale":"en_GB","og_type":"article","og_title":"\u0130\u00e7i\u015fleri'nden FET\u00d6 'K\u0131ska\u00e7'\u0131! 459 \u015f\u00fcpheli yakaland\u0131","og_description":"\u0130\u00e7i\u015fleri Bakanl\u0131\u011f\u0131, 6 ilde FET\u00d6\u2019ye y\u00f6nelik d\u00fczenlenen &#8216;K\u0131ska\u00e7-30&#8217; operasyonlar\u0131nda 459 \u015f\u00fcphelinin yakaland\u0131\u011f\u0131n\u0131 a\u00e7\u0131klad\u0131.ANKARA (\u0130GFA) &#8211; A\u00e7\u0131klama \u0130\u00e7i\u015fleri Bakan\u0131 Ali Yerlikaya&#8217;dan geldi. FET\u00d6 eleba\u015f\u0131n\u0131n \u00f6l\u00fcm\u00fcnden sonra da\u00a0hain ter\u00f6r \u00f6rg\u00fct\u00fcne y\u00f6nelik y\u00fcr\u00fct\u00fclen m\u00fccadelede hi\u00e7bir gev\u015femeye yer olmad\u0131\u011f\u0131n\u0131n alt\u0131n\u0131 \u00e7izen Bakan Yerlikaya, &#8220;Milli irademize darbe yapmaya yeltenen bu hain yap\u0131y\u0131, temizleyene kadar m\u00fccadele edece\u011fiz&#8221; dedi. Bakan Yerlikaya, Cumhuriyet Ba\u015fsavc\u0131l\u0131klar\u0131 ile Emniyet Genel M\u00fcd\u00fcrl\u00fc\u011f\u00fc TEM Daire Ba\u015fkanl\u0131\u011f\u0131, \u0130stihbarat ve KOM Ba\u015fkanl\u0131klar\u0131 koordinesinde; \u0130l Emniyet M\u00fcd\u00fcrl\u00fckleri TEM ve KOM \u015eube M\u00fcd\u00fcrl\u00fcklerince yap\u0131lan \u00e7al\u0131\u015fmalar sonucu 6 ilde FET\u00d6&#8217;ye y\u00f6nelik d\u00fczenlenen K\u0131ska\u00e7-30 operasyonunda 459 \u015f\u00fcphelinin yakaland\u0131\u011f\u0131n\u0131 a\u00e7\u0131klad\u0131. https:\/\/twitter.com\/AliYerlikaya\/status\/1858764079688532393 Operasyonda; \u00d6rg\u00fct\u00fcn G\u00fcncel Yap\u0131lanmas\u0131, Finans Yap\u0131lanmas\u0131, \u00d6\u011frenci Yap\u0131lanmas\u0131, Emniyet Mahrem Yap\u0131lanmas\u0131, Askeri Mahrem Yap\u0131lanmas\u0131, Adliye Mahrem Yap\u0131lanmas\u0131 ve \u00c7e\u015fitli Meslek Gruplar\u0131 i\u00e7erisinde faaliyet y\u00fcr\u00fctmek, Sosyal medyada platformlar\u0131 \u00fczerinden \u00f6rg\u00fct\u00fcn propagandas\u0131n\u0131 \u00a0yapmak, Ankes\u00f6rl\u00fc telefonlarla ileti\u015fim kurmak ve \u00f6rg\u00fct i\u00e7erisinde sorumlu \u015fah\u0131slar ile irtibatta bulunmak, \u201cGaybubet Evi\u201d olarak adland\u0131r\u0131lan H\u00fccre Evlerinde bar\u0131nmak, Haklar\u0131nda firari olarak aranma kay\u0131tlar\u0131 bulunmak,\u00a0 M\u00fcnferit s\u0131nav soru\u015fturmalar\u0131 kapsam\u0131nda m\u00fclakatlarda avantajl\u0131 olarak kodlanmak ve \u00d6rg\u00fct\u00fcn kripto haberle\u015fme program\u0131 \u201cBylock\u201d kullan\u0131c\u0131s\u0131 olmak su\u00e7lar\u0131ndan haklar\u0131nda soru\u015fturma ba\u015flat\u0131ld\u0131\u011f\u0131 bildirildi. \u200b\u0130\u00e7i\u015fleri Bakanl\u0131\u011f\u0131, 6 ilde FET\u00d6\u2019ye y\u00f6nelik d\u00fczenlenen &#8216;K\u0131ska\u00e7-30&#8217; operasyonlar\u0131nda 459 \u015f\u00fcphelinin yakaland\u0131\u011f\u0131n\u0131 a\u00e7\u0131klad\u0131\u00a0 \u200bHaberin Al\u0131nt\u0131land\u0131\u011f\u0131 Kaynak: www.iskenderun.org","og_url":"https:\/\/denizcankizil.tr\/en\/haberler\/gundem\/icislerinden-feto-kiskaci-459-supheli-yakalandi\/","og_site_name":"Av. Deniz Can K\u0131z\u0131l","article_published_time":"2024-11-19T08:41:22+00:00","twitter_card":"summary_large_image","twitter_misc":{"Estimated reading time":"1 minute"},"schema":{"@context":"https:\/\/schema.org","@graph":[{"@type":"Article","@id":"https:\/\/denizcankizil.tr\/en\/haberler\/gundem\/icislerinden-feto-kiskaci-459-supheli-yakalandi\/#article","isPartOf":{"@id":"https:\/\/denizcankizil.tr\/en\/haberler\/gundem\/icislerinden-feto-kiskaci-459-supheli-yakalandi\/"},"author":{"name":"","@id":""},"headline":"\u0130\u00e7i\u015fleri&#8217;nden FET\u00d6 &#8216;K\u0131ska\u00e7&#8217;\u0131! 459 \u015f\u00fcpheli yakaland\u0131","datePublished":"2024-11-19T08:41:22+00:00","mainEntityOfPage":{"@id":"https:\/\/denizcankizil.tr\/en\/haberler\/gundem\/icislerinden-feto-kiskaci-459-supheli-yakalandi\/"},"wordCount":304,"commentCount":0,"publisher":{"@id":"https:\/\/denizcankizil.tr\/de\/#organization"},"articleSection":["G\u00fcndem","Uncategorized"],"inLanguage":"en-GB","potentialAction":[{"@type":"CommentAction","name":"Comment","target":["https:\/\/denizcankizil.tr\/en\/haberler\/gundem\/icislerinden-feto-kiskaci-459-supheli-yakalandi\/#respond"]}]},{"@type":"WebPage","@id":"https:\/\/denizcankizil.tr\/en\/haberler\/gundem\/icislerinden-feto-kiskaci-459-supheli-yakalandi\/","url":"https:\/\/denizcankizil.tr\/en\/haberler\/gundem\/icislerinden-feto-kiskaci-459-supheli-yakalandi\/","name":"\u0130\u00e7i\u015fleri'nden FET\u00d6 'K\u0131ska\u00e7'\u0131! 459 \u015f\u00fcpheli yakaland\u0131 - Av. Deniz Can K\u0131z\u0131l","isPartOf":{"@id":"https:\/\/denizcankizil.tr\/de\/#website"},"datePublished":"2024-11-19T08:41:22+00:00","breadcrumb":{"@id":"https:\/\/denizcankizil.tr\/en\/haberler\/gundem\/icislerinden-feto-kiskaci-459-supheli-yakalandi\/#breadcrumb"},"inLanguage":"en-GB","potentialAction":[{"@type":"ReadAction","target":["https:\/\/denizcankizil.tr\/en\/haberler\/gundem\/icislerinden-feto-kiskaci-459-supheli-yakalandi\/"]}]},{"@type":"BreadcrumbList","@id":"https:\/\/denizcankizil.tr\/en\/haberler\/gundem\/icislerinden-feto-kiskaci-459-supheli-yakalandi\/#breadcrumb","itemListElement":[{"@type":"ListItem","position":1,"name":"Home","item":"https:\/\/denizcankizil.tr\/de\/"},{"@type":"ListItem","position":2,"name":"\u0130\u00e7i\u015fleri&#8217;nden FET\u00d6 &#8216;K\u0131ska\u00e7&#8217;\u0131! 459 \u015f\u00fcpheli yakaland\u0131"}]},{"@type":"WebSite","@id":"https:\/\/denizcankizil.tr\/de\/#website","url":"https:\/\/denizcankizil.tr\/de\/","name":"Av. Deniz Can K\u0131z\u0131l","description":"Avukat Deniz Can K\u0131z\u0131l Antalya Barosu","publisher":{"@id":"https:\/\/denizcankizil.tr\/de\/#organization"},"potentialAction":[{"@type":"SearchAction","target":{"@type":"EntryPoint","urlTemplate":"https:\/\/denizcankizil.tr\/de\/?s={search_term_string}"},"query-input":{"@type":"PropertyValueSpecification","valueRequired":true,"valueName":"search_term_string"}}],"inLanguage":"en-GB"},{"@type":"Organization","@id":"https:\/\/denizcankizil.tr\/de\/#organization","name":"Av. Deniz Can K\u0131z\u0131l","url":"https:\/\/denizcankizil.tr\/de\/","logo":{"@type":"ImageObject","inLanguage":"en-GB","@id":"https:\/\/denizcankizil.tr\/de\/#\/schema\/logo\/image\/","url":"https:\/\/denizcankizil.tr\/wp-content\/uploads\/2024\/10\/siyah-logo-svg.svg","contentUrl":"https:\/\/denizcankizil.tr\/wp-content\/uploads\/2024\/10\/siyah-logo-svg.svg","width":1080,"height":1080,"caption":"Av. Deniz Can K\u0131z\u0131l"},"image":{"@id":"https:\/\/denizcankizil.tr\/de\/#\/schema\/logo\/image\/"}}]}},"_links":{"self":[{"href":"https:\/\/denizcankizil.tr\/en\/wp-json\/wp\/v2\/posts\/16507","targetHints":{"allow":["GET"]}}],"collection":[{"href":"https:\/\/denizcankizil.tr\/en\/wp-json\/wp\/v2\/posts"}],"about":[{"href":"https:\/\/denizcankizil.tr\/en\/wp-json\/wp\/v2\/types\/post"}],"replies":[{"embeddable":true,"href":"https:\/\/denizcankizil.tr\/en\/wp-json\/wp\/v2\/comments?post=16507"}],"version-history":[{"count":0,"href":"https:\/\/denizcankizil.tr\/en\/wp-json\/wp\/v2\/posts\/16507\/revisions"}],"wp:attachment":[{"href":"https:\/\/denizcankizil.tr\/en\/wp-json\/wp\/v2\/media?parent=16507"}],"wp:term":[{"taxonomy":"category","embeddable":true,"href":"https:\/\/denizcankizil.tr\/en\/wp-json\/wp\/v2\/categories?post=16507"},{"taxonomy":"post_tag","embeddable":true,"href":"https:\/\/denizcankizil.tr\/en\/wp-json\/wp\/v2\/tags?post=16507"}],"curies":[{"name":"wp","href":"https:\/\/api.w.org\/{rel}","templated":true}]}}