{"id":16503,"date":"2024-11-19T10:41:33","date_gmt":"2024-11-19T07:41:33","guid":{"rendered":"https:\/\/denizcankizil.tr\/uncategorized-tr\/askonda-orhan-aydin-guven-tazeledi\/"},"modified":"2024-11-19T10:41:33","modified_gmt":"2024-11-19T07:41:33","slug":"askonda-orhan-aydin-guven-tazeledi","status":"publish","type":"post","link":"https:\/\/denizcankizil.tr\/en\/haberler\/gundem\/askonda-orhan-aydin-guven-tazeledi\/","title":{"rendered":"ASKON\u2019da Orhan Ayd\u0131n G\u00fcven Tazeledi"},"content":{"rendered":"<p>M\u00dcREFFEH T\u00dcRK\u0130YE\u2019N\u0130N \u0130N\u015eASI \u0130\u00c7\u0130N \u00c7ALI\u015eTIK<\/p>\n<p>Ola\u011fan genel kurulda kat\u0131l\u0131mc\u0131lara seslenen ASKON Genel Ba\u015fkan Orhan Ayd\u0131n, konu\u015fmas\u0131n\u0131n b\u00fcy\u00fck bir b\u00f6l\u00fcm\u00fcnde 11. ve 12. d\u00f6nemlerde yapt\u0131klar\u0131 \u00e7al\u0131\u015fmalara de\u011finerek, \u201ciki d\u00f6nemdir maddi ve manevi t\u00fcm \u00e7al\u0131\u015fmalar\u0131m\u0131z, ASKON\u2019umuzun birlik ve b\u00fct\u00fcnl\u00fc\u011f\u00fcn\u00fcn tesisi, yar\u0131nlar\u0131n g\u00fc\u00e7l\u00fc, m\u00fcreffeh T\u00fcrkiye\u2019sinin in\u015fas\u0131 ve mazlumlar\u0131n hamili\u011fi \u00fczerine ge\u00e7mi\u015ftir\u201d dedi.<\/p>\n<p>HATAY\u2019DAN ORHAN AYDIN\u2019A TAM DESTEK<\/p>\n<p>13. Ola\u011fan Genel Kurula kat\u0131lan ASKON Hatay \u0130l Ba\u015fkan\u0131 Halit TUN\u00c7, \u201ciki d\u00f6nemdir ASKON\u2019a katt\u0131\u011f\u0131 de\u011ferlerle ASKON\u2019un sadece T\u00fcrkiye\u2019de de\u011fil d\u00fcnyan\u0131n bir\u00e7ok \u00fclkesinde \u00f6rg\u00fctlenmesini sa\u011flayarak i\u015f d\u00fcnyas\u0131na ve \u00fclke ekonomisine \u00f6nemli katk\u0131lar sunmas\u0131n\u0131 sa\u011flayan Genel Ba\u015fkan\u0131m\u0131z Orhan Ayd\u0131n ile bir d\u00f6nem daha devam etme karar\u0131 ald\u0131k\u201d dedi.<\/p>\n<p>Ba\u015fkan Tun\u00e7, \u201cAsr\u0131n felaketini ya\u015fad\u0131\u011f\u0131m\u0131z 6 \u015eubat Depreminin ilk dakikalar\u0131ndan itibaren t\u00fcm ASKON \u015fubelerini teyakkuza ge\u00e7irerek deprem b\u00f6lgesine ciddi yard\u0131m katk\u0131 yap\u0131lmas\u0131n\u0131 sa\u011flayan Genel Ba\u015fkan\u0131m\u0131z Orhan Ayd\u0131n, ge\u00e7ti\u011fimiz Ramazan ay\u0131n\u0131n ilk ASKON iftar\u0131n\u0131 da deprem b\u00f6lgesi Hatay\u2019da ger\u00e7ekle\u015ftirerek b\u00f6lgemize verdi\u011fi \u00f6nemi ayr\u0131ca g\u00f6stermi\u015ftir. M\u00fccbir sebep halinin devam\u0131 ve deprem b\u00f6lgesindeki m\u00fckelleflere gerekli kolayl\u0131klar\u0131n g\u00f6sterilmesi noktas\u0131nda Hazine ve Maliye Bakanl\u0131\u011f\u0131 ile g\u00f6r\u00fc\u015fmeler ger\u00e7ekle\u015ftirerek konunun \u00f6nemine sosyal medya hesaplar\u0131ndan da dikkat \u00e7eken Gelen Ba\u015fkan\u0131m\u0131z Orhan Ayd\u0131n yeni d\u00f6nemde de deprem b\u00f6lgelerinin daha h\u0131zl\u0131 toparlanabilmesi i\u00e7in ilgili otoritelerle dirsek temas\u0131n\u0131 s\u00fcrd\u00fcreceklerini belirtmi\u015ftir\u201d \u015feklinde konu\u015ftu.<\/p>\n<p>Ba\u015fkan Tun\u00e7, yeni d\u00f6nemde genel merkezden alacaklar\u0131 destek ve g\u00fc\u00e7 ile deprem b\u00f6lgesi Hatay\u2019da i\u015f d\u00fcnyas\u0131 i\u00e7in daha etkin ve g\u00fc\u00e7l\u00fc \u00e7al\u0131\u015fmalara imza atacaklar\u0131n\u0131 belirtti.<\/p>\n<p>\u200bAnadolu Aslanlar\u0131 \u0130\u015f Adamlar\u0131 Derne\u011fi (ASKON) 13. Ola\u011fan Genel Kurulu \u0130stanbul\u2019da ger\u00e7ekle\u015ftirildi. Ola\u011fan genel kurul sonucu mevcut Genel Ba\u015fkan Orhan Ayd\u0131n delegelerin oylar\u0131 ile g\u00fcven tazeledi.\u00a0<\/p>\n<p>\u200bHaberin Al\u0131nt\u0131land\u0131\u011f\u0131 Kaynak: www.iskenderun.org<\/p>","protected":false},"excerpt":{"rendered":"<p>M\u00dcREFFEH T\u00dcRK\u0130YE\u2019N\u0130N \u0130N\u015eASI \u0130\u00c7\u0130N \u00c7ALI\u015eTIK Ola\u011fan genel kurulda kat\u0131l\u0131mc\u0131lara seslenen ASKON Genel Ba\u015fkan Orhan Ayd\u0131n, konu\u015fmas\u0131n\u0131n b\u00fcy\u00fck bir b\u00f6l\u00fcm\u00fcnde 11. ve 12. d\u00f6nemlerde yapt\u0131klar\u0131 \u00e7al\u0131\u015fmalara de\u011finerek, \u201ciki d\u00f6nemdir maddi ve manevi t\u00fcm \u00e7al\u0131\u015fmalar\u0131m\u0131z, ASKON\u2019umuzun birlik ve b\u00fct\u00fcnl\u00fc\u011f\u00fcn\u00fcn tesisi, yar\u0131nlar\u0131n g\u00fc\u00e7l\u00fc, m\u00fcreffeh T\u00fcrkiye\u2019sinin in\u015fas\u0131 ve mazlumlar\u0131n hamili\u011fi \u00fczerine ge\u00e7mi\u015ftir\u201d dedi. HATAY\u2019DAN ORHAN AYDIN\u2019A TAM DESTEK 13. Ola\u011fan Genel Kurula kat\u0131lan ASKON Hatay \u0130l Ba\u015fkan\u0131 Halit TUN\u00c7, \u201ciki d\u00f6nemdir ASKON\u2019a katt\u0131\u011f\u0131 de\u011ferlerle ASKON\u2019un sadece T\u00fcrkiye\u2019de de\u011fil d\u00fcnyan\u0131n bir\u00e7ok \u00fclkesinde \u00f6rg\u00fctlenmesini sa\u011flayarak i\u015f d\u00fcnyas\u0131na ve \u00fclke ekonomisine \u00f6nemli katk\u0131lar sunmas\u0131n\u0131 sa\u011flayan Genel Ba\u015fkan\u0131m\u0131z Orhan Ayd\u0131n ile bir d\u00f6nem daha devam etme karar\u0131 ald\u0131k\u201d dedi. Ba\u015fkan Tun\u00e7, \u201cAsr\u0131n felaketini ya\u015fad\u0131\u011f\u0131m\u0131z 6 \u015eubat Depreminin ilk dakikalar\u0131ndan itibaren t\u00fcm ASKON \u015fubelerini teyakkuza ge\u00e7irerek deprem b\u00f6lgesine ciddi yard\u0131m katk\u0131 yap\u0131lmas\u0131n\u0131 sa\u011flayan Genel Ba\u015fkan\u0131m\u0131z Orhan Ayd\u0131n, ge\u00e7ti\u011fimiz Ramazan ay\u0131n\u0131n ilk ASKON iftar\u0131n\u0131 da deprem b\u00f6lgesi Hatay\u2019da ger\u00e7ekle\u015ftirerek b\u00f6lgemize verdi\u011fi \u00f6nemi ayr\u0131ca g\u00f6stermi\u015ftir. M\u00fccbir sebep halinin devam\u0131 ve deprem b\u00f6lgesindeki m\u00fckelleflere gerekli kolayl\u0131klar\u0131n g\u00f6sterilmesi noktas\u0131nda Hazine ve Maliye Bakanl\u0131\u011f\u0131 ile g\u00f6r\u00fc\u015fmeler ger\u00e7ekle\u015ftirerek konunun \u00f6nemine sosyal medya hesaplar\u0131ndan da dikkat \u00e7eken Gelen Ba\u015fkan\u0131m\u0131z Orhan Ayd\u0131n yeni d\u00f6nemde de deprem b\u00f6lgelerinin daha h\u0131zl\u0131 toparlanabilmesi i\u00e7in ilgili otoritelerle dirsek temas\u0131n\u0131 s\u00fcrd\u00fcreceklerini belirtmi\u015ftir\u201d \u015feklinde konu\u015ftu. Ba\u015fkan Tun\u00e7, yeni d\u00f6nemde genel merkezden alacaklar\u0131 destek &hellip;<\/p>","protected":false},"author":0,"featured_media":0,"comment_status":"open","ping_status":"open","sticky":false,"template":"","format":"standard","meta":{"_acf_changed":false,"footnotes":""},"categories":[24,535],"tags":[],"class_list":["post-16503","post","type-post","status-publish","format-standard","has-post-thumbnail","hentry","category-gundem","category-uncategorized-tr"],"acf":[],"yoast_head":"<!-- This site is optimized with the Yoast SEO Premium plugin v26.6 (Yoast SEO v27.1.1) - https:\/\/yoast.com\/product\/yoast-seo-premium-wordpress\/ -->\n<title>ASKON\u2019da Orhan Ayd\u0131n G\u00fcven Tazeledi - Av. Deniz Can K\u0131z\u0131l<\/title>\n<meta name=\"robots\" content=\"index, follow, max-snippet:-1, max-image-preview:large, max-video-preview:-1\" \/>\n<link rel=\"canonical\" href=\"https:\/\/denizcankizil.tr\/en\/haberler\/gundem\/askonda-orhan-aydin-guven-tazeledi\/\" \/>\n<meta property=\"og:locale\" content=\"en_GB\" \/>\n<meta property=\"og:type\" content=\"article\" \/>\n<meta property=\"og:title\" content=\"ASKON\u2019da Orhan Ayd\u0131n G\u00fcven Tazeledi\" \/>\n<meta property=\"og:description\" content=\"M\u00dcREFFEH T\u00dcRK\u0130YE\u2019N\u0130N \u0130N\u015eASI \u0130\u00c7\u0130N \u00c7ALI\u015eTIK Ola\u011fan genel kurulda kat\u0131l\u0131mc\u0131lara seslenen ASKON Genel Ba\u015fkan Orhan Ayd\u0131n, konu\u015fmas\u0131n\u0131n b\u00fcy\u00fck bir b\u00f6l\u00fcm\u00fcnde 11. ve 12. d\u00f6nemlerde yapt\u0131klar\u0131 \u00e7al\u0131\u015fmalara de\u011finerek, \u201ciki d\u00f6nemdir maddi ve manevi t\u00fcm \u00e7al\u0131\u015fmalar\u0131m\u0131z, ASKON\u2019umuzun birlik ve b\u00fct\u00fcnl\u00fc\u011f\u00fcn\u00fcn tesisi, yar\u0131nlar\u0131n g\u00fc\u00e7l\u00fc, m\u00fcreffeh T\u00fcrkiye\u2019sinin in\u015fas\u0131 ve mazlumlar\u0131n hamili\u011fi \u00fczerine ge\u00e7mi\u015ftir\u201d dedi. HATAY\u2019DAN ORHAN AYDIN\u2019A TAM DESTEK 13. Ola\u011fan Genel Kurula kat\u0131lan ASKON Hatay \u0130l Ba\u015fkan\u0131 Halit TUN\u00c7, \u201ciki d\u00f6nemdir ASKON\u2019a katt\u0131\u011f\u0131 de\u011ferlerle ASKON\u2019un sadece T\u00fcrkiye\u2019de de\u011fil d\u00fcnyan\u0131n bir\u00e7ok \u00fclkesinde \u00f6rg\u00fctlenmesini sa\u011flayarak i\u015f d\u00fcnyas\u0131na ve \u00fclke ekonomisine \u00f6nemli katk\u0131lar sunmas\u0131n\u0131 sa\u011flayan Genel Ba\u015fkan\u0131m\u0131z Orhan Ayd\u0131n ile bir d\u00f6nem daha devam etme karar\u0131 ald\u0131k\u201d dedi. Ba\u015fkan Tun\u00e7, \u201cAsr\u0131n felaketini ya\u015fad\u0131\u011f\u0131m\u0131z 6 \u015eubat Depreminin ilk dakikalar\u0131ndan itibaren t\u00fcm ASKON \u015fubelerini teyakkuza ge\u00e7irerek deprem b\u00f6lgesine ciddi yard\u0131m katk\u0131 yap\u0131lmas\u0131n\u0131 sa\u011flayan Genel Ba\u015fkan\u0131m\u0131z Orhan Ayd\u0131n, ge\u00e7ti\u011fimiz Ramazan ay\u0131n\u0131n ilk ASKON iftar\u0131n\u0131 da deprem b\u00f6lgesi Hatay\u2019da ger\u00e7ekle\u015ftirerek b\u00f6lgemize verdi\u011fi \u00f6nemi ayr\u0131ca g\u00f6stermi\u015ftir. M\u00fccbir sebep halinin devam\u0131 ve deprem b\u00f6lgesindeki m\u00fckelleflere gerekli kolayl\u0131klar\u0131n g\u00f6sterilmesi noktas\u0131nda Hazine ve Maliye Bakanl\u0131\u011f\u0131 ile g\u00f6r\u00fc\u015fmeler ger\u00e7ekle\u015ftirerek konunun \u00f6nemine sosyal medya hesaplar\u0131ndan da dikkat \u00e7eken Gelen Ba\u015fkan\u0131m\u0131z Orhan Ayd\u0131n yeni d\u00f6nemde de deprem b\u00f6lgelerinin daha h\u0131zl\u0131 toparlanabilmesi i\u00e7in ilgili otoritelerle dirsek temas\u0131n\u0131 s\u00fcrd\u00fcreceklerini belirtmi\u015ftir\u201d \u015feklinde konu\u015ftu. Ba\u015fkan Tun\u00e7, yeni d\u00f6nemde genel merkezden alacaklar\u0131 destek &hellip;\" \/>\n<meta property=\"og:url\" content=\"https:\/\/denizcankizil.tr\/en\/haberler\/gundem\/askonda-orhan-aydin-guven-tazeledi\/\" \/>\n<meta property=\"og:site_name\" content=\"Av. Deniz Can K\u0131z\u0131l\" \/>\n<meta property=\"article:published_time\" content=\"2024-11-19T07:41:33+00:00\" \/>\n<meta name=\"twitter:card\" content=\"summary_large_image\" \/>\n<meta name=\"twitter:label1\" content=\"Estimated reading time\" \/>\n\t<meta name=\"twitter:data1\" content=\"2 minutes\" \/>\n<script type=\"application\/ld+json\" class=\"yoast-schema-graph\">{\"@context\":\"https:\/\/schema.org\",\"@graph\":[{\"@type\":\"Article\",\"@id\":\"https:\/\/denizcankizil.tr\/en\/haberler\/gundem\/askonda-orhan-aydin-guven-tazeledi\/#article\",\"isPartOf\":{\"@id\":\"https:\/\/denizcankizil.tr\/en\/haberler\/gundem\/askonda-orhan-aydin-guven-tazeledi\/\"},\"author\":{\"name\":\"\",\"@id\":\"\"},\"headline\":\"ASKON\u2019da Orhan Ayd\u0131n G\u00fcven Tazeledi\",\"datePublished\":\"2024-11-19T07:41:33+00:00\",\"mainEntityOfPage\":{\"@id\":\"https:\/\/denizcankizil.tr\/en\/haberler\/gundem\/askonda-orhan-aydin-guven-tazeledi\/\"},\"wordCount\":401,\"commentCount\":0,\"publisher\":{\"@id\":\"https:\/\/denizcankizil.tr\/#organization\"},\"articleSection\":[\"G\u00fcndem\",\"Uncategorized\"],\"inLanguage\":\"en-GB\",\"potentialAction\":[{\"@type\":\"CommentAction\",\"name\":\"Comment\",\"target\":[\"https:\/\/denizcankizil.tr\/en\/haberler\/gundem\/askonda-orhan-aydin-guven-tazeledi\/#respond\"]}]},{\"@type\":\"WebPage\",\"@id\":\"https:\/\/denizcankizil.tr\/en\/haberler\/gundem\/askonda-orhan-aydin-guven-tazeledi\/\",\"url\":\"https:\/\/denizcankizil.tr\/en\/haberler\/gundem\/askonda-orhan-aydin-guven-tazeledi\/\",\"name\":\"ASKON\u2019da Orhan Ayd\u0131n G\u00fcven Tazeledi - Av. Deniz Can K\u0131z\u0131l\",\"isPartOf\":{\"@id\":\"https:\/\/denizcankizil.tr\/#website\"},\"datePublished\":\"2024-11-19T07:41:33+00:00\",\"breadcrumb\":{\"@id\":\"https:\/\/denizcankizil.tr\/en\/haberler\/gundem\/askonda-orhan-aydin-guven-tazeledi\/#breadcrumb\"},\"inLanguage\":\"en-GB\",\"potentialAction\":[{\"@type\":\"ReadAction\",\"target\":[\"https:\/\/denizcankizil.tr\/en\/haberler\/gundem\/askonda-orhan-aydin-guven-tazeledi\/\"]}]},{\"@type\":\"BreadcrumbList\",\"@id\":\"https:\/\/denizcankizil.tr\/en\/haberler\/gundem\/askonda-orhan-aydin-guven-tazeledi\/#breadcrumb\",\"itemListElement\":[{\"@type\":\"ListItem\",\"position\":1,\"name\":\"Home\",\"item\":\"https:\/\/denizcankizil.tr\/uk\/\"},{\"@type\":\"ListItem\",\"position\":2,\"name\":\"ASKON\u2019da Orhan Ayd\u0131n G\u00fcven Tazeledi\"}]},{\"@type\":\"WebSite\",\"@id\":\"https:\/\/denizcankizil.tr\/#website\",\"url\":\"https:\/\/denizcankizil.tr\/\",\"name\":\"Av. Deniz Can K\u0131z\u0131l\",\"description\":\"Avukat Deniz Can K\u0131z\u0131l Antalya Barosu\",\"publisher\":{\"@id\":\"https:\/\/denizcankizil.tr\/#organization\"},\"potentialAction\":[{\"@type\":\"SearchAction\",\"target\":{\"@type\":\"EntryPoint\",\"urlTemplate\":\"https:\/\/denizcankizil.tr\/?s={search_term_string}\"},\"query-input\":{\"@type\":\"PropertyValueSpecification\",\"valueRequired\":true,\"valueName\":\"search_term_string\"}}],\"inLanguage\":\"en-GB\"},{\"@type\":\"Organization\",\"@id\":\"https:\/\/denizcankizil.tr\/#organization\",\"name\":\"Av. Deniz Can K\u0131z\u0131l\",\"url\":\"https:\/\/denizcankizil.tr\/\",\"logo\":{\"@type\":\"ImageObject\",\"inLanguage\":\"en-GB\",\"@id\":\"https:\/\/denizcankizil.tr\/#\/schema\/logo\/image\/\",\"url\":\"https:\/\/denizcankizil.tr\/wp-content\/uploads\/2024\/10\/siyah-logo-svg.svg\",\"contentUrl\":\"https:\/\/denizcankizil.tr\/wp-content\/uploads\/2024\/10\/siyah-logo-svg.svg\",\"width\":1080,\"height\":1080,\"caption\":\"Av. Deniz Can K\u0131z\u0131l\"},\"image\":{\"@id\":\"https:\/\/denizcankizil.tr\/#\/schema\/logo\/image\/\"}}]}<\/script>\n<!-- \/ Yoast SEO Premium plugin. -->","yoast_head_json":{"title":"ASKON\u2019da Orhan Ayd\u0131n G\u00fcven Tazeledi - Av. Deniz Can K\u0131z\u0131l","robots":{"index":"index","follow":"follow","max-snippet":"max-snippet:-1","max-image-preview":"max-image-preview:large","max-video-preview":"max-video-preview:-1"},"canonical":"https:\/\/denizcankizil.tr\/en\/haberler\/gundem\/askonda-orhan-aydin-guven-tazeledi\/","og_locale":"en_GB","og_type":"article","og_title":"ASKON\u2019da Orhan Ayd\u0131n G\u00fcven Tazeledi","og_description":"M\u00dcREFFEH T\u00dcRK\u0130YE\u2019N\u0130N \u0130N\u015eASI \u0130\u00c7\u0130N \u00c7ALI\u015eTIK Ola\u011fan genel kurulda kat\u0131l\u0131mc\u0131lara seslenen ASKON Genel Ba\u015fkan Orhan Ayd\u0131n, konu\u015fmas\u0131n\u0131n b\u00fcy\u00fck bir b\u00f6l\u00fcm\u00fcnde 11. ve 12. d\u00f6nemlerde yapt\u0131klar\u0131 \u00e7al\u0131\u015fmalara de\u011finerek, \u201ciki d\u00f6nemdir maddi ve manevi t\u00fcm \u00e7al\u0131\u015fmalar\u0131m\u0131z, ASKON\u2019umuzun birlik ve b\u00fct\u00fcnl\u00fc\u011f\u00fcn\u00fcn tesisi, yar\u0131nlar\u0131n g\u00fc\u00e7l\u00fc, m\u00fcreffeh T\u00fcrkiye\u2019sinin in\u015fas\u0131 ve mazlumlar\u0131n hamili\u011fi \u00fczerine ge\u00e7mi\u015ftir\u201d dedi. HATAY\u2019DAN ORHAN AYDIN\u2019A TAM DESTEK 13. Ola\u011fan Genel Kurula kat\u0131lan ASKON Hatay \u0130l Ba\u015fkan\u0131 Halit TUN\u00c7, \u201ciki d\u00f6nemdir ASKON\u2019a katt\u0131\u011f\u0131 de\u011ferlerle ASKON\u2019un sadece T\u00fcrkiye\u2019de de\u011fil d\u00fcnyan\u0131n bir\u00e7ok \u00fclkesinde \u00f6rg\u00fctlenmesini sa\u011flayarak i\u015f d\u00fcnyas\u0131na ve \u00fclke ekonomisine \u00f6nemli katk\u0131lar sunmas\u0131n\u0131 sa\u011flayan Genel Ba\u015fkan\u0131m\u0131z Orhan Ayd\u0131n ile bir d\u00f6nem daha devam etme karar\u0131 ald\u0131k\u201d dedi. Ba\u015fkan Tun\u00e7, \u201cAsr\u0131n felaketini ya\u015fad\u0131\u011f\u0131m\u0131z 6 \u015eubat Depreminin ilk dakikalar\u0131ndan itibaren t\u00fcm ASKON \u015fubelerini teyakkuza ge\u00e7irerek deprem b\u00f6lgesine ciddi yard\u0131m katk\u0131 yap\u0131lmas\u0131n\u0131 sa\u011flayan Genel Ba\u015fkan\u0131m\u0131z Orhan Ayd\u0131n, ge\u00e7ti\u011fimiz Ramazan ay\u0131n\u0131n ilk ASKON iftar\u0131n\u0131 da deprem b\u00f6lgesi Hatay\u2019da ger\u00e7ekle\u015ftirerek b\u00f6lgemize verdi\u011fi \u00f6nemi ayr\u0131ca g\u00f6stermi\u015ftir. M\u00fccbir sebep halinin devam\u0131 ve deprem b\u00f6lgesindeki m\u00fckelleflere gerekli kolayl\u0131klar\u0131n g\u00f6sterilmesi noktas\u0131nda Hazine ve Maliye Bakanl\u0131\u011f\u0131 ile g\u00f6r\u00fc\u015fmeler ger\u00e7ekle\u015ftirerek konunun \u00f6nemine sosyal medya hesaplar\u0131ndan da dikkat \u00e7eken Gelen Ba\u015fkan\u0131m\u0131z Orhan Ayd\u0131n yeni d\u00f6nemde de deprem b\u00f6lgelerinin daha h\u0131zl\u0131 toparlanabilmesi i\u00e7in ilgili otoritelerle dirsek temas\u0131n\u0131 s\u00fcrd\u00fcreceklerini belirtmi\u015ftir\u201d \u015feklinde konu\u015ftu. Ba\u015fkan Tun\u00e7, yeni d\u00f6nemde genel merkezden alacaklar\u0131 destek &hellip;","og_url":"https:\/\/denizcankizil.tr\/en\/haberler\/gundem\/askonda-orhan-aydin-guven-tazeledi\/","og_site_name":"Av. Deniz Can K\u0131z\u0131l","article_published_time":"2024-11-19T07:41:33+00:00","twitter_card":"summary_large_image","twitter_misc":{"Estimated reading time":"2 minutes"},"schema":{"@context":"https:\/\/schema.org","@graph":[{"@type":"Article","@id":"https:\/\/denizcankizil.tr\/en\/haberler\/gundem\/askonda-orhan-aydin-guven-tazeledi\/#article","isPartOf":{"@id":"https:\/\/denizcankizil.tr\/en\/haberler\/gundem\/askonda-orhan-aydin-guven-tazeledi\/"},"author":{"name":"","@id":""},"headline":"ASKON\u2019da Orhan Ayd\u0131n G\u00fcven Tazeledi","datePublished":"2024-11-19T07:41:33+00:00","mainEntityOfPage":{"@id":"https:\/\/denizcankizil.tr\/en\/haberler\/gundem\/askonda-orhan-aydin-guven-tazeledi\/"},"wordCount":401,"commentCount":0,"publisher":{"@id":"https:\/\/denizcankizil.tr\/#organization"},"articleSection":["G\u00fcndem","Uncategorized"],"inLanguage":"en-GB","potentialAction":[{"@type":"CommentAction","name":"Comment","target":["https:\/\/denizcankizil.tr\/en\/haberler\/gundem\/askonda-orhan-aydin-guven-tazeledi\/#respond"]}]},{"@type":"WebPage","@id":"https:\/\/denizcankizil.tr\/en\/haberler\/gundem\/askonda-orhan-aydin-guven-tazeledi\/","url":"https:\/\/denizcankizil.tr\/en\/haberler\/gundem\/askonda-orhan-aydin-guven-tazeledi\/","name":"ASKON\u2019da Orhan Ayd\u0131n G\u00fcven Tazeledi - Av. Deniz Can K\u0131z\u0131l","isPartOf":{"@id":"https:\/\/denizcankizil.tr\/#website"},"datePublished":"2024-11-19T07:41:33+00:00","breadcrumb":{"@id":"https:\/\/denizcankizil.tr\/en\/haberler\/gundem\/askonda-orhan-aydin-guven-tazeledi\/#breadcrumb"},"inLanguage":"en-GB","potentialAction":[{"@type":"ReadAction","target":["https:\/\/denizcankizil.tr\/en\/haberler\/gundem\/askonda-orhan-aydin-guven-tazeledi\/"]}]},{"@type":"BreadcrumbList","@id":"https:\/\/denizcankizil.tr\/en\/haberler\/gundem\/askonda-orhan-aydin-guven-tazeledi\/#breadcrumb","itemListElement":[{"@type":"ListItem","position":1,"name":"Home","item":"https:\/\/denizcankizil.tr\/uk\/"},{"@type":"ListItem","position":2,"name":"ASKON\u2019da Orhan Ayd\u0131n G\u00fcven Tazeledi"}]},{"@type":"WebSite","@id":"https:\/\/denizcankizil.tr\/#website","url":"https:\/\/denizcankizil.tr\/","name":"Av. Deniz Can K\u0131z\u0131l","description":"Avukat Deniz Can K\u0131z\u0131l Antalya Barosu","publisher":{"@id":"https:\/\/denizcankizil.tr\/#organization"},"potentialAction":[{"@type":"SearchAction","target":{"@type":"EntryPoint","urlTemplate":"https:\/\/denizcankizil.tr\/?s={search_term_string}"},"query-input":{"@type":"PropertyValueSpecification","valueRequired":true,"valueName":"search_term_string"}}],"inLanguage":"en-GB"},{"@type":"Organization","@id":"https:\/\/denizcankizil.tr\/#organization","name":"Av. Deniz Can K\u0131z\u0131l","url":"https:\/\/denizcankizil.tr\/","logo":{"@type":"ImageObject","inLanguage":"en-GB","@id":"https:\/\/denizcankizil.tr\/#\/schema\/logo\/image\/","url":"https:\/\/denizcankizil.tr\/wp-content\/uploads\/2024\/10\/siyah-logo-svg.svg","contentUrl":"https:\/\/denizcankizil.tr\/wp-content\/uploads\/2024\/10\/siyah-logo-svg.svg","width":1080,"height":1080,"caption":"Av. Deniz Can K\u0131z\u0131l"},"image":{"@id":"https:\/\/denizcankizil.tr\/#\/schema\/logo\/image\/"}}]}},"_links":{"self":[{"href":"https:\/\/denizcankizil.tr\/en\/wp-json\/wp\/v2\/posts\/16503","targetHints":{"allow":["GET"]}}],"collection":[{"href":"https:\/\/denizcankizil.tr\/en\/wp-json\/wp\/v2\/posts"}],"about":[{"href":"https:\/\/denizcankizil.tr\/en\/wp-json\/wp\/v2\/types\/post"}],"replies":[{"embeddable":true,"href":"https:\/\/denizcankizil.tr\/en\/wp-json\/wp\/v2\/comments?post=16503"}],"version-history":[{"count":0,"href":"https:\/\/denizcankizil.tr\/en\/wp-json\/wp\/v2\/posts\/16503\/revisions"}],"wp:attachment":[{"href":"https:\/\/denizcankizil.tr\/en\/wp-json\/wp\/v2\/media?parent=16503"}],"wp:term":[{"taxonomy":"category","embeddable":true,"href":"https:\/\/denizcankizil.tr\/en\/wp-json\/wp\/v2\/categories?post=16503"},{"taxonomy":"post_tag","embeddable":true,"href":"https:\/\/denizcankizil.tr\/en\/wp-json\/wp\/v2\/tags?post=16503"}],"curies":[{"name":"wp","href":"https:\/\/api.w.org\/{rel}","templated":true}]}}