{"id":16404,"date":"2024-11-18T15:42:10","date_gmt":"2024-11-18T12:42:10","guid":{"rendered":"https:\/\/denizcankizil.tr\/uncategorized-tr\/depremde-yikilan-karlisu-deposu-yenileniyor\/"},"modified":"2024-11-18T15:42:10","modified_gmt":"2024-11-18T12:42:10","slug":"depremde-yikilan-karlisu-deposu-yenileniyor","status":"publish","type":"post","link":"https:\/\/denizcankizil.tr\/en\/haberler\/gundem\/depremde-yikilan-karlisu-deposu-yenileniyor\/","title":{"rendered":"Depremde Y\u0131k\u0131lan Karl\u0131su Deposu Yenileniyor"},"content":{"rendered":"<p>HATSU, Antakya Karl\u0131su Mahallesi\u2019nde depremde y\u0131k\u0131lmas\u0131 nedeniyle i\u015flevini kaybetmi\u015f i\u00e7me suyu deposunun 200 m\u00b3 hacimli prefabrik depo ile yeniliyor.<\/p>\n<p>Ba\u011flant\u0131 \u00e7al\u0131\u015fmalar\u0131n\u0131n tamamlanmas\u0131n\u0131n ard\u0131ndan \u0130nsani T\u00fcketim Ama\u00e7l\u0131 Sular Y\u00f6netmeli\u011fine uygun \u015fekilde su iletimi sa\u011flanaca\u011f\u0131n\u0131n alt\u0131n\u0131 \u00e7izen Genel M\u00fcd\u00fcrl\u00fck, su deposu yap\u0131m\u0131 ve \u015febeke imalat \u00e7al\u0131\u015fmalar\u0131n\u0131n da s\u00fcrece\u011fini vurgulad\u0131.<\/p>\n<p>MUHTAR \u0130NCEC\u0130K\u2019TEN BA\u015eKAN \u00d6NT\u00dcRK\u2019E TE\u015eEKK\u00dcR<\/p>\n<p>\u00c7al\u0131\u015fmalara y\u00f6nelik yapt\u0131\u011f\u0131 a\u00e7\u0131klamada Muhtar Mehmet \u0130ncecik, \u201cDepremde zarar g\u00f6ren i\u00e7me suyu depomuzu yenileme talebimize kulak verdiler ve haz\u0131r depolar\u0131m\u0131z geldi. En k\u0131sa s\u00fcrede ba\u011flant\u0131lar\u0131n\u0131 yaparak mahallemizin su s\u0131k\u0131nt\u0131s\u0131n\u0131 \u00e7\u00f6zece\u011fiz. Eme\u011fi ge\u00e7en Say\u0131n Mehmet \u00d6nt\u00fcrk ve HATSU ekiplerine \u00e7ok te\u015fekk\u00fcr ediyorum.\u201d ifadelerine yer verdi.\u00a0<\/p>\n<p>\u200bHatay B\u00fcy\u00fck\u015fehir Belediyesi Su ve Kanalizasyon \u0130daresi Genel M\u00fcd\u00fcrl\u00fc\u011f\u00fc (HATSU), i\u00e7me suyu depolar\u0131 in\u015fa etmeye devam ediyor.\u00a0<\/p>\n<p>\u200bHaberin Al\u0131nt\u0131land\u0131\u011f\u0131 Kaynak: www.iskenderun.org<\/p>","protected":false},"excerpt":{"rendered":"<p>HATSU, Antakya Karl\u0131su Mahallesi\u2019nde depremde y\u0131k\u0131lmas\u0131 nedeniyle i\u015flevini kaybetmi\u015f i\u00e7me suyu deposunun 200 m\u00b3 hacimli prefabrik depo ile yeniliyor. Ba\u011flant\u0131 \u00e7al\u0131\u015fmalar\u0131n\u0131n tamamlanmas\u0131n\u0131n ard\u0131ndan \u0130nsani T\u00fcketim Ama\u00e7l\u0131 Sular Y\u00f6netmeli\u011fine uygun \u015fekilde su iletimi sa\u011flanaca\u011f\u0131n\u0131n alt\u0131n\u0131 \u00e7izen Genel M\u00fcd\u00fcrl\u00fck, su deposu yap\u0131m\u0131 ve \u015febeke imalat \u00e7al\u0131\u015fmalar\u0131n\u0131n da s\u00fcrece\u011fini vurgulad\u0131. MUHTAR \u0130NCEC\u0130K\u2019TEN BA\u015eKAN \u00d6NT\u00dcRK\u2019E TE\u015eEKK\u00dcR \u00c7al\u0131\u015fmalara y\u00f6nelik yapt\u0131\u011f\u0131 a\u00e7\u0131klamada Muhtar Mehmet \u0130ncecik, \u201cDepremde zarar g\u00f6ren i\u00e7me suyu depomuzu yenileme talebimize kulak verdiler ve haz\u0131r depolar\u0131m\u0131z geldi. En k\u0131sa s\u00fcrede ba\u011flant\u0131lar\u0131n\u0131 yaparak mahallemizin su s\u0131k\u0131nt\u0131s\u0131n\u0131 \u00e7\u00f6zece\u011fiz. Eme\u011fi ge\u00e7en Say\u0131n Mehmet \u00d6nt\u00fcrk ve HATSU ekiplerine \u00e7ok te\u015fekk\u00fcr ediyorum.\u201d ifadelerine yer verdi.\u00a0 \u200bHatay B\u00fcy\u00fck\u015fehir Belediyesi Su ve Kanalizasyon \u0130daresi Genel M\u00fcd\u00fcrl\u00fc\u011f\u00fc (HATSU), i\u00e7me suyu depolar\u0131 in\u015fa etmeye devam ediyor.\u00a0 \u200bHaberin Al\u0131nt\u0131land\u0131\u011f\u0131 Kaynak: www.iskenderun.org<\/p>","protected":false},"author":0,"featured_media":0,"comment_status":"open","ping_status":"open","sticky":false,"template":"","format":"standard","meta":{"_acf_changed":false,"footnotes":""},"categories":[24,535],"tags":[],"class_list":["post-16404","post","type-post","status-publish","format-standard","has-post-thumbnail","hentry","category-gundem","category-uncategorized-tr"],"acf":[],"yoast_head":"<!-- This site is optimized with the Yoast SEO Premium plugin v26.6 (Yoast SEO v27.1.1) - https:\/\/yoast.com\/product\/yoast-seo-premium-wordpress\/ -->\n<title>Depremde Y\u0131k\u0131lan Karl\u0131su Deposu Yenileniyor - Av. Deniz Can K\u0131z\u0131l<\/title>\n<meta name=\"robots\" content=\"index, follow, max-snippet:-1, max-image-preview:large, max-video-preview:-1\" \/>\n<link rel=\"canonical\" href=\"https:\/\/denizcankizil.tr\/en\/haberler\/gundem\/depremde-yikilan-karlisu-deposu-yenileniyor\/\" \/>\n<meta property=\"og:locale\" content=\"en_GB\" \/>\n<meta property=\"og:type\" content=\"article\" \/>\n<meta property=\"og:title\" content=\"Depremde Y\u0131k\u0131lan Karl\u0131su Deposu Yenileniyor\" \/>\n<meta property=\"og:description\" content=\"HATSU, Antakya Karl\u0131su Mahallesi\u2019nde depremde y\u0131k\u0131lmas\u0131 nedeniyle i\u015flevini kaybetmi\u015f i\u00e7me suyu deposunun 200 m\u00b3 hacimli prefabrik depo ile yeniliyor. Ba\u011flant\u0131 \u00e7al\u0131\u015fmalar\u0131n\u0131n tamamlanmas\u0131n\u0131n ard\u0131ndan \u0130nsani T\u00fcketim Ama\u00e7l\u0131 Sular Y\u00f6netmeli\u011fine uygun \u015fekilde su iletimi sa\u011flanaca\u011f\u0131n\u0131n alt\u0131n\u0131 \u00e7izen Genel M\u00fcd\u00fcrl\u00fck, su deposu yap\u0131m\u0131 ve \u015febeke imalat \u00e7al\u0131\u015fmalar\u0131n\u0131n da s\u00fcrece\u011fini vurgulad\u0131. MUHTAR \u0130NCEC\u0130K\u2019TEN BA\u015eKAN \u00d6NT\u00dcRK\u2019E TE\u015eEKK\u00dcR \u00c7al\u0131\u015fmalara y\u00f6nelik yapt\u0131\u011f\u0131 a\u00e7\u0131klamada Muhtar Mehmet \u0130ncecik, \u201cDepremde zarar g\u00f6ren i\u00e7me suyu depomuzu yenileme talebimize kulak verdiler ve haz\u0131r depolar\u0131m\u0131z geldi. En k\u0131sa s\u00fcrede ba\u011flant\u0131lar\u0131n\u0131 yaparak mahallemizin su s\u0131k\u0131nt\u0131s\u0131n\u0131 \u00e7\u00f6zece\u011fiz. Eme\u011fi ge\u00e7en Say\u0131n Mehmet \u00d6nt\u00fcrk ve HATSU ekiplerine \u00e7ok te\u015fekk\u00fcr ediyorum.\u201d ifadelerine yer verdi.\u00a0 \u200bHatay B\u00fcy\u00fck\u015fehir Belediyesi Su ve Kanalizasyon \u0130daresi Genel M\u00fcd\u00fcrl\u00fc\u011f\u00fc (HATSU), i\u00e7me suyu depolar\u0131 in\u015fa etmeye devam ediyor.\u00a0 \u200bHaberin Al\u0131nt\u0131land\u0131\u011f\u0131 Kaynak: www.iskenderun.org\" \/>\n<meta property=\"og:url\" content=\"https:\/\/denizcankizil.tr\/en\/haberler\/gundem\/depremde-yikilan-karlisu-deposu-yenileniyor\/\" \/>\n<meta property=\"og:site_name\" content=\"Av. Deniz Can K\u0131z\u0131l\" \/>\n<meta property=\"article:published_time\" content=\"2024-11-18T12:42:10+00:00\" \/>\n<meta name=\"twitter:card\" content=\"summary_large_image\" \/>\n<meta name=\"twitter:label1\" content=\"Estimated reading time\" \/>\n\t<meta name=\"twitter:data1\" content=\"1 minute\" \/>\n<script type=\"application\/ld+json\" class=\"yoast-schema-graph\">{\"@context\":\"https:\/\/schema.org\",\"@graph\":[{\"@type\":\"Article\",\"@id\":\"https:\/\/denizcankizil.tr\/en\/haberler\/gundem\/depremde-yikilan-karlisu-deposu-yenileniyor\/#article\",\"isPartOf\":{\"@id\":\"https:\/\/denizcankizil.tr\/en\/haberler\/gundem\/depremde-yikilan-karlisu-deposu-yenileniyor\/\"},\"author\":{\"name\":\"\",\"@id\":\"\"},\"headline\":\"Depremde Y\u0131k\u0131lan Karl\u0131su Deposu Yenileniyor\",\"datePublished\":\"2024-11-18T12:42:10+00:00\",\"mainEntityOfPage\":{\"@id\":\"https:\/\/denizcankizil.tr\/en\/haberler\/gundem\/depremde-yikilan-karlisu-deposu-yenileniyor\/\"},\"wordCount\":196,\"commentCount\":0,\"publisher\":{\"@id\":\"https:\/\/denizcankizil.tr\/#organization\"},\"articleSection\":[\"G\u00fcndem\",\"Uncategorized\"],\"inLanguage\":\"en-GB\",\"potentialAction\":[{\"@type\":\"CommentAction\",\"name\":\"Comment\",\"target\":[\"https:\/\/denizcankizil.tr\/en\/haberler\/gundem\/depremde-yikilan-karlisu-deposu-yenileniyor\/#respond\"]}]},{\"@type\":\"WebPage\",\"@id\":\"https:\/\/denizcankizil.tr\/en\/haberler\/gundem\/depremde-yikilan-karlisu-deposu-yenileniyor\/\",\"url\":\"https:\/\/denizcankizil.tr\/en\/haberler\/gundem\/depremde-yikilan-karlisu-deposu-yenileniyor\/\",\"name\":\"Depremde Y\u0131k\u0131lan Karl\u0131su Deposu Yenileniyor - Av. Deniz Can K\u0131z\u0131l\",\"isPartOf\":{\"@id\":\"https:\/\/denizcankizil.tr\/#website\"},\"datePublished\":\"2024-11-18T12:42:10+00:00\",\"breadcrumb\":{\"@id\":\"https:\/\/denizcankizil.tr\/en\/haberler\/gundem\/depremde-yikilan-karlisu-deposu-yenileniyor\/#breadcrumb\"},\"inLanguage\":\"en-GB\",\"potentialAction\":[{\"@type\":\"ReadAction\",\"target\":[\"https:\/\/denizcankizil.tr\/en\/haberler\/gundem\/depremde-yikilan-karlisu-deposu-yenileniyor\/\"]}]},{\"@type\":\"BreadcrumbList\",\"@id\":\"https:\/\/denizcankizil.tr\/en\/haberler\/gundem\/depremde-yikilan-karlisu-deposu-yenileniyor\/#breadcrumb\",\"itemListElement\":[{\"@type\":\"ListItem\",\"position\":1,\"name\":\"Home\",\"item\":\"https:\/\/denizcankizil.tr\/de\/\"},{\"@type\":\"ListItem\",\"position\":2,\"name\":\"Depremde Y\u0131k\u0131lan Karl\u0131su Deposu Yenileniyor\"}]},{\"@type\":\"WebSite\",\"@id\":\"https:\/\/denizcankizil.tr\/#website\",\"url\":\"https:\/\/denizcankizil.tr\/\",\"name\":\"Av. Deniz Can K\u0131z\u0131l\",\"description\":\"Avukat Deniz Can K\u0131z\u0131l Antalya Barosu\",\"publisher\":{\"@id\":\"https:\/\/denizcankizil.tr\/#organization\"},\"potentialAction\":[{\"@type\":\"SearchAction\",\"target\":{\"@type\":\"EntryPoint\",\"urlTemplate\":\"https:\/\/denizcankizil.tr\/?s={search_term_string}\"},\"query-input\":{\"@type\":\"PropertyValueSpecification\",\"valueRequired\":true,\"valueName\":\"search_term_string\"}}],\"inLanguage\":\"en-GB\"},{\"@type\":\"Organization\",\"@id\":\"https:\/\/denizcankizil.tr\/#organization\",\"name\":\"Av. Deniz Can K\u0131z\u0131l\",\"url\":\"https:\/\/denizcankizil.tr\/\",\"logo\":{\"@type\":\"ImageObject\",\"inLanguage\":\"en-GB\",\"@id\":\"https:\/\/denizcankizil.tr\/#\/schema\/logo\/image\/\",\"url\":\"https:\/\/denizcankizil.tr\/wp-content\/uploads\/2024\/10\/siyah-logo-svg.svg\",\"contentUrl\":\"https:\/\/denizcankizil.tr\/wp-content\/uploads\/2024\/10\/siyah-logo-svg.svg\",\"width\":1080,\"height\":1080,\"caption\":\"Av. Deniz Can K\u0131z\u0131l\"},\"image\":{\"@id\":\"https:\/\/denizcankizil.tr\/#\/schema\/logo\/image\/\"}}]}<\/script>\n<!-- \/ Yoast SEO Premium plugin. -->","yoast_head_json":{"title":"Depremde Y\u0131k\u0131lan Karl\u0131su Deposu Yenileniyor - Av. Deniz Can K\u0131z\u0131l","robots":{"index":"index","follow":"follow","max-snippet":"max-snippet:-1","max-image-preview":"max-image-preview:large","max-video-preview":"max-video-preview:-1"},"canonical":"https:\/\/denizcankizil.tr\/en\/haberler\/gundem\/depremde-yikilan-karlisu-deposu-yenileniyor\/","og_locale":"en_GB","og_type":"article","og_title":"Depremde Y\u0131k\u0131lan Karl\u0131su Deposu Yenileniyor","og_description":"HATSU, Antakya Karl\u0131su Mahallesi\u2019nde depremde y\u0131k\u0131lmas\u0131 nedeniyle i\u015flevini kaybetmi\u015f i\u00e7me suyu deposunun 200 m\u00b3 hacimli prefabrik depo ile yeniliyor. Ba\u011flant\u0131 \u00e7al\u0131\u015fmalar\u0131n\u0131n tamamlanmas\u0131n\u0131n ard\u0131ndan \u0130nsani T\u00fcketim Ama\u00e7l\u0131 Sular Y\u00f6netmeli\u011fine uygun \u015fekilde su iletimi sa\u011flanaca\u011f\u0131n\u0131n alt\u0131n\u0131 \u00e7izen Genel M\u00fcd\u00fcrl\u00fck, su deposu yap\u0131m\u0131 ve \u015febeke imalat \u00e7al\u0131\u015fmalar\u0131n\u0131n da s\u00fcrece\u011fini vurgulad\u0131. MUHTAR \u0130NCEC\u0130K\u2019TEN BA\u015eKAN \u00d6NT\u00dcRK\u2019E TE\u015eEKK\u00dcR \u00c7al\u0131\u015fmalara y\u00f6nelik yapt\u0131\u011f\u0131 a\u00e7\u0131klamada Muhtar Mehmet \u0130ncecik, \u201cDepremde zarar g\u00f6ren i\u00e7me suyu depomuzu yenileme talebimize kulak verdiler ve haz\u0131r depolar\u0131m\u0131z geldi. En k\u0131sa s\u00fcrede ba\u011flant\u0131lar\u0131n\u0131 yaparak mahallemizin su s\u0131k\u0131nt\u0131s\u0131n\u0131 \u00e7\u00f6zece\u011fiz. Eme\u011fi ge\u00e7en Say\u0131n Mehmet \u00d6nt\u00fcrk ve HATSU ekiplerine \u00e7ok te\u015fekk\u00fcr ediyorum.\u201d ifadelerine yer verdi.\u00a0 \u200bHatay B\u00fcy\u00fck\u015fehir Belediyesi Su ve Kanalizasyon \u0130daresi Genel M\u00fcd\u00fcrl\u00fc\u011f\u00fc (HATSU), i\u00e7me suyu depolar\u0131 in\u015fa etmeye devam ediyor.\u00a0 \u200bHaberin Al\u0131nt\u0131land\u0131\u011f\u0131 Kaynak: www.iskenderun.org","og_url":"https:\/\/denizcankizil.tr\/en\/haberler\/gundem\/depremde-yikilan-karlisu-deposu-yenileniyor\/","og_site_name":"Av. Deniz Can K\u0131z\u0131l","article_published_time":"2024-11-18T12:42:10+00:00","twitter_card":"summary_large_image","twitter_misc":{"Estimated reading time":"1 minute"},"schema":{"@context":"https:\/\/schema.org","@graph":[{"@type":"Article","@id":"https:\/\/denizcankizil.tr\/en\/haberler\/gundem\/depremde-yikilan-karlisu-deposu-yenileniyor\/#article","isPartOf":{"@id":"https:\/\/denizcankizil.tr\/en\/haberler\/gundem\/depremde-yikilan-karlisu-deposu-yenileniyor\/"},"author":{"name":"","@id":""},"headline":"Depremde Y\u0131k\u0131lan Karl\u0131su Deposu Yenileniyor","datePublished":"2024-11-18T12:42:10+00:00","mainEntityOfPage":{"@id":"https:\/\/denizcankizil.tr\/en\/haberler\/gundem\/depremde-yikilan-karlisu-deposu-yenileniyor\/"},"wordCount":196,"commentCount":0,"publisher":{"@id":"https:\/\/denizcankizil.tr\/#organization"},"articleSection":["G\u00fcndem","Uncategorized"],"inLanguage":"en-GB","potentialAction":[{"@type":"CommentAction","name":"Comment","target":["https:\/\/denizcankizil.tr\/en\/haberler\/gundem\/depremde-yikilan-karlisu-deposu-yenileniyor\/#respond"]}]},{"@type":"WebPage","@id":"https:\/\/denizcankizil.tr\/en\/haberler\/gundem\/depremde-yikilan-karlisu-deposu-yenileniyor\/","url":"https:\/\/denizcankizil.tr\/en\/haberler\/gundem\/depremde-yikilan-karlisu-deposu-yenileniyor\/","name":"Depremde Y\u0131k\u0131lan Karl\u0131su Deposu Yenileniyor - Av. Deniz Can K\u0131z\u0131l","isPartOf":{"@id":"https:\/\/denizcankizil.tr\/#website"},"datePublished":"2024-11-18T12:42:10+00:00","breadcrumb":{"@id":"https:\/\/denizcankizil.tr\/en\/haberler\/gundem\/depremde-yikilan-karlisu-deposu-yenileniyor\/#breadcrumb"},"inLanguage":"en-GB","potentialAction":[{"@type":"ReadAction","target":["https:\/\/denizcankizil.tr\/en\/haberler\/gundem\/depremde-yikilan-karlisu-deposu-yenileniyor\/"]}]},{"@type":"BreadcrumbList","@id":"https:\/\/denizcankizil.tr\/en\/haberler\/gundem\/depremde-yikilan-karlisu-deposu-yenileniyor\/#breadcrumb","itemListElement":[{"@type":"ListItem","position":1,"name":"Home","item":"https:\/\/denizcankizil.tr\/de\/"},{"@type":"ListItem","position":2,"name":"Depremde Y\u0131k\u0131lan Karl\u0131su Deposu Yenileniyor"}]},{"@type":"WebSite","@id":"https:\/\/denizcankizil.tr\/#website","url":"https:\/\/denizcankizil.tr\/","name":"Av. Deniz Can K\u0131z\u0131l","description":"Avukat Deniz Can K\u0131z\u0131l Antalya Barosu","publisher":{"@id":"https:\/\/denizcankizil.tr\/#organization"},"potentialAction":[{"@type":"SearchAction","target":{"@type":"EntryPoint","urlTemplate":"https:\/\/denizcankizil.tr\/?s={search_term_string}"},"query-input":{"@type":"PropertyValueSpecification","valueRequired":true,"valueName":"search_term_string"}}],"inLanguage":"en-GB"},{"@type":"Organization","@id":"https:\/\/denizcankizil.tr\/#organization","name":"Av. Deniz Can K\u0131z\u0131l","url":"https:\/\/denizcankizil.tr\/","logo":{"@type":"ImageObject","inLanguage":"en-GB","@id":"https:\/\/denizcankizil.tr\/#\/schema\/logo\/image\/","url":"https:\/\/denizcankizil.tr\/wp-content\/uploads\/2024\/10\/siyah-logo-svg.svg","contentUrl":"https:\/\/denizcankizil.tr\/wp-content\/uploads\/2024\/10\/siyah-logo-svg.svg","width":1080,"height":1080,"caption":"Av. Deniz Can K\u0131z\u0131l"},"image":{"@id":"https:\/\/denizcankizil.tr\/#\/schema\/logo\/image\/"}}]}},"_links":{"self":[{"href":"https:\/\/denizcankizil.tr\/en\/wp-json\/wp\/v2\/posts\/16404","targetHints":{"allow":["GET"]}}],"collection":[{"href":"https:\/\/denizcankizil.tr\/en\/wp-json\/wp\/v2\/posts"}],"about":[{"href":"https:\/\/denizcankizil.tr\/en\/wp-json\/wp\/v2\/types\/post"}],"replies":[{"embeddable":true,"href":"https:\/\/denizcankizil.tr\/en\/wp-json\/wp\/v2\/comments?post=16404"}],"version-history":[{"count":0,"href":"https:\/\/denizcankizil.tr\/en\/wp-json\/wp\/v2\/posts\/16404\/revisions"}],"wp:attachment":[{"href":"https:\/\/denizcankizil.tr\/en\/wp-json\/wp\/v2\/media?parent=16404"}],"wp:term":[{"taxonomy":"category","embeddable":true,"href":"https:\/\/denizcankizil.tr\/en\/wp-json\/wp\/v2\/categories?post=16404"},{"taxonomy":"post_tag","embeddable":true,"href":"https:\/\/denizcankizil.tr\/en\/wp-json\/wp\/v2\/tags?post=16404"}],"curies":[{"name":"wp","href":"https:\/\/api.w.org\/{rel}","templated":true}]}}