{"id":16305,"date":"2024-11-18T10:41:53","date_gmt":"2024-11-18T07:41:53","guid":{"rendered":"https:\/\/denizcankizil.tr\/uncategorized-tr\/bilecikte-es-zamanli-huzur-uygulamasi\/"},"modified":"2024-11-18T10:41:53","modified_gmt":"2024-11-18T07:41:53","slug":"bilecikte-es-zamanli-huzur-uygulamasi","status":"publish","type":"post","link":"https:\/\/denizcankizil.tr\/en\/haberler\/gundem\/bilecikte-es-zamanli-huzur-uygulamasi\/","title":{"rendered":"Bilecik&#8217;te e\u015f zamanl\u0131 huzur uygulamas\u0131"},"content":{"rendered":"<p>Bilecik \u0130l Jandarma Komutanl\u0131\u011f\u0131 taraf\u0131ndan d\u00fczensiz g\u00f6\u00e7le m\u00fccadele kapsam\u0131nda geni\u015f \u00e7apl\u0131 bir huzur uygulamas\u0131 d\u00fczenlendi.B\u0130LEC\u0130K (\u0130GFA) &#8211;\u00a0Bilecik\u2019te d\u00fczensiz g\u00f6\u00e7le m\u00fccadeleye y\u00f6nelik huzur uygulamas\u0131 ger\u00e7ekle\u015ftrilid. \u0130l genelinde 20 farkl\u0131 noktada 5 a\u015famal\u0131 olarak y\u00fcr\u00fct\u00fcld\u00fc. \u00c7al\u0131\u015fmalara toplam 103 personel kat\u0131ld\u0131. Detayl\u0131 sorgulama ve kontroller yap\u0131ld\u0131. Uygulama s\u0131ras\u0131nda 3.860 ki\u015finin kimlik sorgulamas\u0131 ger\u00e7ekle\u015ftirilirken, 21\u2019i yabanc\u0131 uyruklu olmak \u00fczere bir\u00e7ok ki\u015fi inceleme alt\u0131na al\u0131nd\u0131. Ayr\u0131ca, 13 i\u015fletmede denetimler yap\u0131ld\u0131.<br \/>\nYap\u0131lan denetimler neticesinde: \u00a05 Suriyeli d\u00fczensiz g\u00f6\u00e7men hakk\u0131nda i\u015flem, Trafik kurallar\u0131n\u0131 ihlal\u00a0eden 18 araca toplam 21.811 TL ceza i\u015flem yap\u0131l\u0131rken, \u00e7e\u015fitli su\u00e7lardan aranan 8 ki\u015fi yakaland\u0131.<br \/>\nBilecik \u0130l Jandarma Komutanl\u0131\u011f\u0131, huzur ve g\u00fcvenli\u011fi sa\u011flama \u00e7al\u0131\u015fmalar\u0131n\u0131n kararl\u0131l\u0131kla devam edece\u011fini belirtti.<\/p>\n<p>\u200bBilecik \u0130l Jandarma Komutanl\u0131\u011f\u0131 taraf\u0131ndan d\u00fczensiz g\u00f6\u00e7le m\u00fccadele kapsam\u0131nda geni\u015f \u00e7apl\u0131 bir huzur uygulamas\u0131 d\u00fczenlendi\u00a0<\/p>\n<p>\u200bHaberin Al\u0131nt\u0131land\u0131\u011f\u0131 Kaynak: www.iskenderun.org<\/p>","protected":false},"excerpt":{"rendered":"<p>Bilecik \u0130l Jandarma Komutanl\u0131\u011f\u0131 taraf\u0131ndan d\u00fczensiz g\u00f6\u00e7le m\u00fccadele kapsam\u0131nda geni\u015f \u00e7apl\u0131 bir huzur uygulamas\u0131 d\u00fczenlendi.B\u0130LEC\u0130K (\u0130GFA) &#8211;\u00a0Bilecik\u2019te d\u00fczensiz g\u00f6\u00e7le m\u00fccadeleye y\u00f6nelik huzur uygulamas\u0131 ger\u00e7ekle\u015ftrilid. \u0130l genelinde 20 farkl\u0131 noktada 5 a\u015famal\u0131 olarak y\u00fcr\u00fct\u00fcld\u00fc. \u00c7al\u0131\u015fmalara toplam 103 personel kat\u0131ld\u0131. Detayl\u0131 sorgulama ve kontroller yap\u0131ld\u0131. Uygulama s\u0131ras\u0131nda 3.860 ki\u015finin kimlik sorgulamas\u0131 ger\u00e7ekle\u015ftirilirken, 21\u2019i yabanc\u0131 uyruklu olmak \u00fczere bir\u00e7ok ki\u015fi inceleme alt\u0131na al\u0131nd\u0131. Ayr\u0131ca, 13 i\u015fletmede denetimler yap\u0131ld\u0131. Yap\u0131lan denetimler neticesinde: \u00a05 Suriyeli d\u00fczensiz g\u00f6\u00e7men hakk\u0131nda i\u015flem, Trafik kurallar\u0131n\u0131 ihlal\u00a0eden 18 araca toplam 21.811 TL ceza i\u015flem yap\u0131l\u0131rken, \u00e7e\u015fitli su\u00e7lardan aranan 8 ki\u015fi yakaland\u0131. Bilecik \u0130l Jandarma Komutanl\u0131\u011f\u0131, huzur ve g\u00fcvenli\u011fi sa\u011flama \u00e7al\u0131\u015fmalar\u0131n\u0131n kararl\u0131l\u0131kla devam edece\u011fini belirtti. \u200bBilecik \u0130l Jandarma Komutanl\u0131\u011f\u0131 taraf\u0131ndan d\u00fczensiz g\u00f6\u00e7le m\u00fccadele kapsam\u0131nda geni\u015f \u00e7apl\u0131 bir huzur uygulamas\u0131 d\u00fczenlendi\u00a0 \u200bHaberin Al\u0131nt\u0131land\u0131\u011f\u0131 Kaynak: www.iskenderun.org<\/p>","protected":false},"author":0,"featured_media":0,"comment_status":"open","ping_status":"open","sticky":false,"template":"","format":"standard","meta":{"_acf_changed":false,"footnotes":""},"categories":[24,535],"tags":[],"class_list":["post-16305","post","type-post","status-publish","format-standard","has-post-thumbnail","hentry","category-gundem","category-uncategorized-tr"],"acf":[],"yoast_head":"<!-- This site is optimized with the Yoast SEO Premium plugin v26.6 (Yoast SEO v27.1.1) - https:\/\/yoast.com\/product\/yoast-seo-premium-wordpress\/ -->\n<title>Bilecik&#039;te e\u015f zamanl\u0131 huzur uygulamas\u0131 - Av. Deniz Can K\u0131z\u0131l<\/title>\n<meta name=\"robots\" content=\"index, follow, max-snippet:-1, max-image-preview:large, max-video-preview:-1\" \/>\n<link rel=\"canonical\" href=\"https:\/\/denizcankizil.tr\/en\/haberler\/gundem\/bilecikte-es-zamanli-huzur-uygulamasi\/\" \/>\n<meta property=\"og:locale\" content=\"en_GB\" \/>\n<meta property=\"og:type\" content=\"article\" \/>\n<meta property=\"og:title\" content=\"Bilecik&#039;te e\u015f zamanl\u0131 huzur uygulamas\u0131\" \/>\n<meta property=\"og:description\" content=\"Bilecik \u0130l Jandarma Komutanl\u0131\u011f\u0131 taraf\u0131ndan d\u00fczensiz g\u00f6\u00e7le m\u00fccadele kapsam\u0131nda geni\u015f \u00e7apl\u0131 bir huzur uygulamas\u0131 d\u00fczenlendi.B\u0130LEC\u0130K (\u0130GFA) &#8211;\u00a0Bilecik\u2019te d\u00fczensiz g\u00f6\u00e7le m\u00fccadeleye y\u00f6nelik huzur uygulamas\u0131 ger\u00e7ekle\u015ftrilid. \u0130l genelinde 20 farkl\u0131 noktada 5 a\u015famal\u0131 olarak y\u00fcr\u00fct\u00fcld\u00fc. \u00c7al\u0131\u015fmalara toplam 103 personel kat\u0131ld\u0131. Detayl\u0131 sorgulama ve kontroller yap\u0131ld\u0131. Uygulama s\u0131ras\u0131nda 3.860 ki\u015finin kimlik sorgulamas\u0131 ger\u00e7ekle\u015ftirilirken, 21\u2019i yabanc\u0131 uyruklu olmak \u00fczere bir\u00e7ok ki\u015fi inceleme alt\u0131na al\u0131nd\u0131. Ayr\u0131ca, 13 i\u015fletmede denetimler yap\u0131ld\u0131. Yap\u0131lan denetimler neticesinde: \u00a05 Suriyeli d\u00fczensiz g\u00f6\u00e7men hakk\u0131nda i\u015flem, Trafik kurallar\u0131n\u0131 ihlal\u00a0eden 18 araca toplam 21.811 TL ceza i\u015flem yap\u0131l\u0131rken, \u00e7e\u015fitli su\u00e7lardan aranan 8 ki\u015fi yakaland\u0131. Bilecik \u0130l Jandarma Komutanl\u0131\u011f\u0131, huzur ve g\u00fcvenli\u011fi sa\u011flama \u00e7al\u0131\u015fmalar\u0131n\u0131n kararl\u0131l\u0131kla devam edece\u011fini belirtti. \u200bBilecik \u0130l Jandarma Komutanl\u0131\u011f\u0131 taraf\u0131ndan d\u00fczensiz g\u00f6\u00e7le m\u00fccadele kapsam\u0131nda geni\u015f \u00e7apl\u0131 bir huzur uygulamas\u0131 d\u00fczenlendi\u00a0 \u200bHaberin Al\u0131nt\u0131land\u0131\u011f\u0131 Kaynak: www.iskenderun.org\" \/>\n<meta property=\"og:url\" content=\"https:\/\/denizcankizil.tr\/en\/haberler\/gundem\/bilecikte-es-zamanli-huzur-uygulamasi\/\" \/>\n<meta property=\"og:site_name\" content=\"Av. Deniz Can K\u0131z\u0131l\" \/>\n<meta property=\"article:published_time\" content=\"2024-11-18T07:41:53+00:00\" \/>\n<meta name=\"twitter:card\" content=\"summary_large_image\" \/>\n<meta name=\"twitter:label1\" content=\"Estimated reading time\" \/>\n\t<meta name=\"twitter:data1\" content=\"1 minute\" \/>\n<script type=\"application\/ld+json\" class=\"yoast-schema-graph\">{\"@context\":\"https:\/\/schema.org\",\"@graph\":[{\"@type\":\"Article\",\"@id\":\"https:\/\/denizcankizil.tr\/uk\/haberler\/gundem\/bilecikte-es-zamanli-huzur-uygulamasi\/#article\",\"isPartOf\":{\"@id\":\"https:\/\/denizcankizil.tr\/uk\/haberler\/gundem\/bilecikte-es-zamanli-huzur-uygulamasi\/\"},\"author\":{\"name\":\"\",\"@id\":\"\"},\"headline\":\"Bilecik&#8217;te e\u015f zamanl\u0131 huzur uygulamas\u0131\",\"datePublished\":\"2024-11-18T07:41:53+00:00\",\"mainEntityOfPage\":{\"@id\":\"https:\/\/denizcankizil.tr\/uk\/haberler\/gundem\/bilecikte-es-zamanli-huzur-uygulamasi\/\"},\"wordCount\":188,\"commentCount\":0,\"publisher\":{\"@id\":\"https:\/\/denizcankizil.tr\/de\/#organization\"},\"articleSection\":[\"G\u00fcndem\",\"Uncategorized\"],\"inLanguage\":\"en-GB\",\"potentialAction\":[{\"@type\":\"CommentAction\",\"name\":\"Comment\",\"target\":[\"https:\/\/denizcankizil.tr\/uk\/haberler\/gundem\/bilecikte-es-zamanli-huzur-uygulamasi\/#respond\"]}]},{\"@type\":\"WebPage\",\"@id\":\"https:\/\/denizcankizil.tr\/uk\/haberler\/gundem\/bilecikte-es-zamanli-huzur-uygulamasi\/\",\"url\":\"https:\/\/denizcankizil.tr\/uk\/haberler\/gundem\/bilecikte-es-zamanli-huzur-uygulamasi\/\",\"name\":\"Bilecik'te e\u015f zamanl\u0131 huzur uygulamas\u0131 - Av. Deniz Can K\u0131z\u0131l\",\"isPartOf\":{\"@id\":\"https:\/\/denizcankizil.tr\/de\/#website\"},\"datePublished\":\"2024-11-18T07:41:53+00:00\",\"breadcrumb\":{\"@id\":\"https:\/\/denizcankizil.tr\/uk\/haberler\/gundem\/bilecikte-es-zamanli-huzur-uygulamasi\/#breadcrumb\"},\"inLanguage\":\"en-GB\",\"potentialAction\":[{\"@type\":\"ReadAction\",\"target\":[\"https:\/\/denizcankizil.tr\/uk\/haberler\/gundem\/bilecikte-es-zamanli-huzur-uygulamasi\/\"]}]},{\"@type\":\"BreadcrumbList\",\"@id\":\"https:\/\/denizcankizil.tr\/uk\/haberler\/gundem\/bilecikte-es-zamanli-huzur-uygulamasi\/#breadcrumb\",\"itemListElement\":[{\"@type\":\"ListItem\",\"position\":1,\"name\":\"Home\",\"item\":\"https:\/\/denizcankizil.tr\/de\/\"},{\"@type\":\"ListItem\",\"position\":2,\"name\":\"Bilecik&#8217;te e\u015f zamanl\u0131 huzur uygulamas\u0131\"}]},{\"@type\":\"WebSite\",\"@id\":\"https:\/\/denizcankizil.tr\/de\/#website\",\"url\":\"https:\/\/denizcankizil.tr\/de\/\",\"name\":\"Av. Deniz Can K\u0131z\u0131l\",\"description\":\"Avukat Deniz Can K\u0131z\u0131l Antalya Barosu\",\"publisher\":{\"@id\":\"https:\/\/denizcankizil.tr\/de\/#organization\"},\"potentialAction\":[{\"@type\":\"SearchAction\",\"target\":{\"@type\":\"EntryPoint\",\"urlTemplate\":\"https:\/\/denizcankizil.tr\/de\/?s={search_term_string}\"},\"query-input\":{\"@type\":\"PropertyValueSpecification\",\"valueRequired\":true,\"valueName\":\"search_term_string\"}}],\"inLanguage\":\"en-GB\"},{\"@type\":\"Organization\",\"@id\":\"https:\/\/denizcankizil.tr\/de\/#organization\",\"name\":\"Av. Deniz Can K\u0131z\u0131l\",\"url\":\"https:\/\/denizcankizil.tr\/de\/\",\"logo\":{\"@type\":\"ImageObject\",\"inLanguage\":\"en-GB\",\"@id\":\"https:\/\/denizcankizil.tr\/de\/#\/schema\/logo\/image\/\",\"url\":\"https:\/\/denizcankizil.tr\/wp-content\/uploads\/2024\/10\/siyah-logo-svg.svg\",\"contentUrl\":\"https:\/\/denizcankizil.tr\/wp-content\/uploads\/2024\/10\/siyah-logo-svg.svg\",\"width\":1080,\"height\":1080,\"caption\":\"Av. Deniz Can K\u0131z\u0131l\"},\"image\":{\"@id\":\"https:\/\/denizcankizil.tr\/de\/#\/schema\/logo\/image\/\"}}]}<\/script>\n<!-- \/ Yoast SEO Premium plugin. -->","yoast_head_json":{"title":"Bilecik'te e\u015f zamanl\u0131 huzur uygulamas\u0131 - Av. Deniz Can K\u0131z\u0131l","robots":{"index":"index","follow":"follow","max-snippet":"max-snippet:-1","max-image-preview":"max-image-preview:large","max-video-preview":"max-video-preview:-1"},"canonical":"https:\/\/denizcankizil.tr\/en\/haberler\/gundem\/bilecikte-es-zamanli-huzur-uygulamasi\/","og_locale":"en_GB","og_type":"article","og_title":"Bilecik'te e\u015f zamanl\u0131 huzur uygulamas\u0131","og_description":"Bilecik \u0130l Jandarma Komutanl\u0131\u011f\u0131 taraf\u0131ndan d\u00fczensiz g\u00f6\u00e7le m\u00fccadele kapsam\u0131nda geni\u015f \u00e7apl\u0131 bir huzur uygulamas\u0131 d\u00fczenlendi.B\u0130LEC\u0130K (\u0130GFA) &#8211;\u00a0Bilecik\u2019te d\u00fczensiz g\u00f6\u00e7le m\u00fccadeleye y\u00f6nelik huzur uygulamas\u0131 ger\u00e7ekle\u015ftrilid. \u0130l genelinde 20 farkl\u0131 noktada 5 a\u015famal\u0131 olarak y\u00fcr\u00fct\u00fcld\u00fc. \u00c7al\u0131\u015fmalara toplam 103 personel kat\u0131ld\u0131. Detayl\u0131 sorgulama ve kontroller yap\u0131ld\u0131. Uygulama s\u0131ras\u0131nda 3.860 ki\u015finin kimlik sorgulamas\u0131 ger\u00e7ekle\u015ftirilirken, 21\u2019i yabanc\u0131 uyruklu olmak \u00fczere bir\u00e7ok ki\u015fi inceleme alt\u0131na al\u0131nd\u0131. Ayr\u0131ca, 13 i\u015fletmede denetimler yap\u0131ld\u0131. Yap\u0131lan denetimler neticesinde: \u00a05 Suriyeli d\u00fczensiz g\u00f6\u00e7men hakk\u0131nda i\u015flem, Trafik kurallar\u0131n\u0131 ihlal\u00a0eden 18 araca toplam 21.811 TL ceza i\u015flem yap\u0131l\u0131rken, \u00e7e\u015fitli su\u00e7lardan aranan 8 ki\u015fi yakaland\u0131. Bilecik \u0130l Jandarma Komutanl\u0131\u011f\u0131, huzur ve g\u00fcvenli\u011fi sa\u011flama \u00e7al\u0131\u015fmalar\u0131n\u0131n kararl\u0131l\u0131kla devam edece\u011fini belirtti. \u200bBilecik \u0130l Jandarma Komutanl\u0131\u011f\u0131 taraf\u0131ndan d\u00fczensiz g\u00f6\u00e7le m\u00fccadele kapsam\u0131nda geni\u015f \u00e7apl\u0131 bir huzur uygulamas\u0131 d\u00fczenlendi\u00a0 \u200bHaberin Al\u0131nt\u0131land\u0131\u011f\u0131 Kaynak: www.iskenderun.org","og_url":"https:\/\/denizcankizil.tr\/en\/haberler\/gundem\/bilecikte-es-zamanli-huzur-uygulamasi\/","og_site_name":"Av. Deniz Can K\u0131z\u0131l","article_published_time":"2024-11-18T07:41:53+00:00","twitter_card":"summary_large_image","twitter_misc":{"Estimated reading time":"1 minute"},"schema":{"@context":"https:\/\/schema.org","@graph":[{"@type":"Article","@id":"https:\/\/denizcankizil.tr\/uk\/haberler\/gundem\/bilecikte-es-zamanli-huzur-uygulamasi\/#article","isPartOf":{"@id":"https:\/\/denizcankizil.tr\/uk\/haberler\/gundem\/bilecikte-es-zamanli-huzur-uygulamasi\/"},"author":{"name":"","@id":""},"headline":"Bilecik&#8217;te e\u015f zamanl\u0131 huzur uygulamas\u0131","datePublished":"2024-11-18T07:41:53+00:00","mainEntityOfPage":{"@id":"https:\/\/denizcankizil.tr\/uk\/haberler\/gundem\/bilecikte-es-zamanli-huzur-uygulamasi\/"},"wordCount":188,"commentCount":0,"publisher":{"@id":"https:\/\/denizcankizil.tr\/de\/#organization"},"articleSection":["G\u00fcndem","Uncategorized"],"inLanguage":"en-GB","potentialAction":[{"@type":"CommentAction","name":"Comment","target":["https:\/\/denizcankizil.tr\/uk\/haberler\/gundem\/bilecikte-es-zamanli-huzur-uygulamasi\/#respond"]}]},{"@type":"WebPage","@id":"https:\/\/denizcankizil.tr\/uk\/haberler\/gundem\/bilecikte-es-zamanli-huzur-uygulamasi\/","url":"https:\/\/denizcankizil.tr\/uk\/haberler\/gundem\/bilecikte-es-zamanli-huzur-uygulamasi\/","name":"Bilecik'te e\u015f zamanl\u0131 huzur uygulamas\u0131 - Av. Deniz Can K\u0131z\u0131l","isPartOf":{"@id":"https:\/\/denizcankizil.tr\/de\/#website"},"datePublished":"2024-11-18T07:41:53+00:00","breadcrumb":{"@id":"https:\/\/denizcankizil.tr\/uk\/haberler\/gundem\/bilecikte-es-zamanli-huzur-uygulamasi\/#breadcrumb"},"inLanguage":"en-GB","potentialAction":[{"@type":"ReadAction","target":["https:\/\/denizcankizil.tr\/uk\/haberler\/gundem\/bilecikte-es-zamanli-huzur-uygulamasi\/"]}]},{"@type":"BreadcrumbList","@id":"https:\/\/denizcankizil.tr\/uk\/haberler\/gundem\/bilecikte-es-zamanli-huzur-uygulamasi\/#breadcrumb","itemListElement":[{"@type":"ListItem","position":1,"name":"Home","item":"https:\/\/denizcankizil.tr\/de\/"},{"@type":"ListItem","position":2,"name":"Bilecik&#8217;te e\u015f zamanl\u0131 huzur uygulamas\u0131"}]},{"@type":"WebSite","@id":"https:\/\/denizcankizil.tr\/de\/#website","url":"https:\/\/denizcankizil.tr\/de\/","name":"Av. Deniz Can K\u0131z\u0131l","description":"Avukat Deniz Can K\u0131z\u0131l Antalya Barosu","publisher":{"@id":"https:\/\/denizcankizil.tr\/de\/#organization"},"potentialAction":[{"@type":"SearchAction","target":{"@type":"EntryPoint","urlTemplate":"https:\/\/denizcankizil.tr\/de\/?s={search_term_string}"},"query-input":{"@type":"PropertyValueSpecification","valueRequired":true,"valueName":"search_term_string"}}],"inLanguage":"en-GB"},{"@type":"Organization","@id":"https:\/\/denizcankizil.tr\/de\/#organization","name":"Av. Deniz Can K\u0131z\u0131l","url":"https:\/\/denizcankizil.tr\/de\/","logo":{"@type":"ImageObject","inLanguage":"en-GB","@id":"https:\/\/denizcankizil.tr\/de\/#\/schema\/logo\/image\/","url":"https:\/\/denizcankizil.tr\/wp-content\/uploads\/2024\/10\/siyah-logo-svg.svg","contentUrl":"https:\/\/denizcankizil.tr\/wp-content\/uploads\/2024\/10\/siyah-logo-svg.svg","width":1080,"height":1080,"caption":"Av. Deniz Can K\u0131z\u0131l"},"image":{"@id":"https:\/\/denizcankizil.tr\/de\/#\/schema\/logo\/image\/"}}]}},"_links":{"self":[{"href":"https:\/\/denizcankizil.tr\/en\/wp-json\/wp\/v2\/posts\/16305","targetHints":{"allow":["GET"]}}],"collection":[{"href":"https:\/\/denizcankizil.tr\/en\/wp-json\/wp\/v2\/posts"}],"about":[{"href":"https:\/\/denizcankizil.tr\/en\/wp-json\/wp\/v2\/types\/post"}],"replies":[{"embeddable":true,"href":"https:\/\/denizcankizil.tr\/en\/wp-json\/wp\/v2\/comments?post=16305"}],"version-history":[{"count":0,"href":"https:\/\/denizcankizil.tr\/en\/wp-json\/wp\/v2\/posts\/16305\/revisions"}],"wp:attachment":[{"href":"https:\/\/denizcankizil.tr\/en\/wp-json\/wp\/v2\/media?parent=16305"}],"wp:term":[{"taxonomy":"category","embeddable":true,"href":"https:\/\/denizcankizil.tr\/en\/wp-json\/wp\/v2\/categories?post=16305"},{"taxonomy":"post_tag","embeddable":true,"href":"https:\/\/denizcankizil.tr\/en\/wp-json\/wp\/v2\/tags?post=16305"}],"curies":[{"name":"wp","href":"https:\/\/api.w.org\/{rel}","templated":true}]}}