{"id":16292,"date":"2024-11-18T10:41:26","date_gmt":"2024-11-18T07:41:26","guid":{"rendered":"https:\/\/denizcankizil.tr\/uncategorized-tr\/mahsur-kalan-kediyi-itfaiye-kurtardi\/"},"modified":"2024-11-18T10:41:26","modified_gmt":"2024-11-18T07:41:26","slug":"mahsur-kalan-kediyi-itfaiye-kurtardi","status":"publish","type":"post","link":"https:\/\/denizcankizil.tr\/en\/haberler\/antalya\/mahsur-kalan-kediyi-itfaiye-kurtardi\/","title":{"rendered":"Mahsur kalan kediyi itfaiye kurtard\u0131"},"content":{"rendered":"<p>Antalya&#8217;n\u0131n Muratpa\u015fa il\u00e7esi Cumhuriyet Meydan\u0131 yak\u0131n\u0131nda bulunan bir apartman\u0131n ikinci kat\u0131nda ki demirler aras\u0131nda mahsur kalan kediyi g\u00f6ren b\u00f6lge esnaf\u0131 kedi uzun s\u00fcre bulundu\u011fu yerden inemeyince 112 Acil \u00c7a\u011fr\u0131 Merkezi&#8217;ni arayarak itfaiyeden yard\u0131m istedi. Sepetli ara\u00e7 ile verilen adrese Antalya B\u00fcy\u00fck\u015fehir Belediyesi \u0130tfaiye Daire Ba\u015fkanl\u0131\u011f\u0131&#8217;na ba\u011fl\u0131 ekip kediyi bulundu\u011fu yerden indirmek i\u00e7in \u00e7al\u0131\u015fma ba\u015flatt\u0131. Apartman\u0131n ikinci kat seviyesine uzat\u0131lan sepetteki itfaiye eri normal yollarla ula\u015famay\u0131nca hayvan yakalama aparat\u0131 ile kediyi bulundu\u011fu yerden \u00e7\u0131karmak istedi.<\/p>\n<p>Turistler merakl\u0131 g\u00f6zlerle izledi<br \/>\nAncak \u00fcrken kedi bulundu\u011fu yerden h\u0131zla uzakla\u015ft\u0131. Kedinin ge\u00e7ti\u011fi alana uzat\u0131lan sepetteki itfaiyeci uzun s\u00fcre u\u011fra\u015fmas\u0131na ra\u011fmen kedi \u00e7evik bir hamle ile bir kez daha ka\u00e7may\u0131 ba\u015fard\u0131. Bu kentin en i\u015flek noktalar\u0131ndan birisinde ger\u00e7ekle\u015ftirilen kedi kurtarma operasyonunu vatanda\u015flar ve yabanc\u0131 turistler film izler gibi merakl\u0131 g\u00f6zlerle izledi. Baz\u0131 turistlerin itfaiye erinin kurtarma \u00e7al\u0131\u015fmas\u0131n\u0131 cep telefonu ile kayda ald\u0131\u011f\u0131 g\u00f6r\u00fcld\u00fc. \u0130tfaiye ekibinin uzun u\u011fra\u015flar\u0131na ra\u011fmen kedi yakalanamay\u0131nca ekip b\u00f6lgeden ayr\u0131ld\u0131.<\/p>\n<p>Kaynak: www.kanalv.com.tr Haber Sitesinden Al\u0131nm\u0131\u015ft\u0131r.<\/p>","protected":false},"excerpt":{"rendered":"<p>Antalya&#8217;n\u0131n Muratpa\u015fa il\u00e7esi Cumhuriyet Meydan\u0131 yak\u0131n\u0131nda bulunan bir apartman\u0131n ikinci kat\u0131nda ki demirler aras\u0131nda mahsur kalan kediyi g\u00f6ren b\u00f6lge esnaf\u0131 kedi uzun s\u00fcre bulundu\u011fu yerden inemeyince 112 Acil \u00c7a\u011fr\u0131 Merkezi&#8217;ni arayarak itfaiyeden yard\u0131m istedi. Sepetli ara\u00e7 ile verilen adrese Antalya B\u00fcy\u00fck\u015fehir Belediyesi \u0130tfaiye Daire Ba\u015fkanl\u0131\u011f\u0131&#8217;na ba\u011fl\u0131 ekip kediyi bulundu\u011fu yerden indirmek i\u00e7in \u00e7al\u0131\u015fma ba\u015flatt\u0131. Apartman\u0131n ikinci kat seviyesine uzat\u0131lan sepetteki itfaiye eri normal yollarla ula\u015famay\u0131nca hayvan yakalama aparat\u0131 ile kediyi bulundu\u011fu yerden \u00e7\u0131karmak istedi. Turistler merakl\u0131 g\u00f6zlerle izledi Ancak \u00fcrken kedi bulundu\u011fu yerden h\u0131zla uzakla\u015ft\u0131. Kedinin ge\u00e7ti\u011fi alana uzat\u0131lan sepetteki itfaiyeci uzun s\u00fcre u\u011fra\u015fmas\u0131na ra\u011fmen kedi \u00e7evik bir hamle ile bir kez daha ka\u00e7may\u0131 ba\u015fard\u0131. Bu kentin en i\u015flek noktalar\u0131ndan birisinde ger\u00e7ekle\u015ftirilen kedi kurtarma operasyonunu vatanda\u015flar ve yabanc\u0131 turistler film izler gibi merakl\u0131 g\u00f6zlerle izledi. Baz\u0131 turistlerin itfaiye erinin kurtarma \u00e7al\u0131\u015fmas\u0131n\u0131 cep telefonu ile kayda ald\u0131\u011f\u0131 g\u00f6r\u00fcld\u00fc. \u0130tfaiye ekibinin uzun u\u011fra\u015flar\u0131na ra\u011fmen kedi yakalanamay\u0131nca ekip b\u00f6lgeden ayr\u0131ld\u0131. Kaynak: www.kanalv.com.tr Haber Sitesinden Al\u0131nm\u0131\u015ft\u0131r.<\/p>","protected":false},"author":0,"featured_media":16293,"comment_status":"open","ping_status":"open","sticky":false,"template":"","format":"standard","meta":{"_acf_changed":false,"footnotes":""},"categories":[26,535],"tags":[],"class_list":["post-16292","post","type-post","status-publish","format-standard","has-post-thumbnail","hentry","category-antalya","category-uncategorized-tr"],"acf":[],"yoast_head":"<!-- This site is optimized with the Yoast SEO Premium plugin v26.6 (Yoast SEO v27.1.1) - https:\/\/yoast.com\/product\/yoast-seo-premium-wordpress\/ -->\n<title>Mahsur kalan kediyi itfaiye kurtard\u0131 - Av. Deniz Can K\u0131z\u0131l<\/title>\n<meta name=\"robots\" content=\"index, follow, max-snippet:-1, max-image-preview:large, max-video-preview:-1\" \/>\n<link rel=\"canonical\" href=\"https:\/\/denizcankizil.tr\/en\/haberler\/antalya\/mahsur-kalan-kediyi-itfaiye-kurtardi\/\" \/>\n<meta property=\"og:locale\" content=\"en_GB\" \/>\n<meta property=\"og:type\" content=\"article\" \/>\n<meta property=\"og:title\" content=\"Mahsur kalan kediyi itfaiye kurtard\u0131\" \/>\n<meta property=\"og:description\" content=\"Antalya&#8217;n\u0131n Muratpa\u015fa il\u00e7esi Cumhuriyet Meydan\u0131 yak\u0131n\u0131nda bulunan bir apartman\u0131n ikinci kat\u0131nda ki demirler aras\u0131nda mahsur kalan kediyi g\u00f6ren b\u00f6lge esnaf\u0131 kedi uzun s\u00fcre bulundu\u011fu yerden inemeyince 112 Acil \u00c7a\u011fr\u0131 Merkezi&#8217;ni arayarak itfaiyeden yard\u0131m istedi. Sepetli ara\u00e7 ile verilen adrese Antalya B\u00fcy\u00fck\u015fehir Belediyesi \u0130tfaiye Daire Ba\u015fkanl\u0131\u011f\u0131&#8217;na ba\u011fl\u0131 ekip kediyi bulundu\u011fu yerden indirmek i\u00e7in \u00e7al\u0131\u015fma ba\u015flatt\u0131. Apartman\u0131n ikinci kat seviyesine uzat\u0131lan sepetteki itfaiye eri normal yollarla ula\u015famay\u0131nca hayvan yakalama aparat\u0131 ile kediyi bulundu\u011fu yerden \u00e7\u0131karmak istedi. Turistler merakl\u0131 g\u00f6zlerle izledi Ancak \u00fcrken kedi bulundu\u011fu yerden h\u0131zla uzakla\u015ft\u0131. Kedinin ge\u00e7ti\u011fi alana uzat\u0131lan sepetteki itfaiyeci uzun s\u00fcre u\u011fra\u015fmas\u0131na ra\u011fmen kedi \u00e7evik bir hamle ile bir kez daha ka\u00e7may\u0131 ba\u015fard\u0131. Bu kentin en i\u015flek noktalar\u0131ndan birisinde ger\u00e7ekle\u015ftirilen kedi kurtarma operasyonunu vatanda\u015flar ve yabanc\u0131 turistler film izler gibi merakl\u0131 g\u00f6zlerle izledi. Baz\u0131 turistlerin itfaiye erinin kurtarma \u00e7al\u0131\u015fmas\u0131n\u0131 cep telefonu ile kayda ald\u0131\u011f\u0131 g\u00f6r\u00fcld\u00fc. \u0130tfaiye ekibinin uzun u\u011fra\u015flar\u0131na ra\u011fmen kedi yakalanamay\u0131nca ekip b\u00f6lgeden ayr\u0131ld\u0131. Kaynak: www.kanalv.com.tr Haber Sitesinden Al\u0131nm\u0131\u015ft\u0131r.\" \/>\n<meta property=\"og:url\" content=\"https:\/\/denizcankizil.tr\/en\/haberler\/antalya\/mahsur-kalan-kediyi-itfaiye-kurtardi\/\" \/>\n<meta property=\"og:site_name\" content=\"Av. Deniz Can K\u0131z\u0131l\" \/>\n<meta property=\"article:published_time\" content=\"2024-11-18T07:41:26+00:00\" \/>\n<meta property=\"og:image\" content=\"https:\/\/denizcankizil.tr\/wp-content\/uploads\/2024\/11\/3124-01-PteyG8.jpeg\" \/>\n\t<meta property=\"og:image:width\" content=\"1280\" \/>\n\t<meta property=\"og:image:height\" content=\"720\" \/>\n\t<meta property=\"og:image:type\" content=\"image\/jpeg\" \/>\n<meta name=\"twitter:card\" content=\"summary_large_image\" \/>\n<meta name=\"twitter:label1\" content=\"Estimated reading time\" \/>\n\t<meta name=\"twitter:data1\" content=\"1 minute\" \/>\n<script type=\"application\/ld+json\" class=\"yoast-schema-graph\">{\"@context\":\"https:\/\/schema.org\",\"@graph\":[{\"@type\":\"Article\",\"@id\":\"https:\/\/denizcankizil.tr\/en\/haberler\/antalya\/mahsur-kalan-kediyi-itfaiye-kurtardi\/#article\",\"isPartOf\":{\"@id\":\"https:\/\/denizcankizil.tr\/en\/haberler\/antalya\/mahsur-kalan-kediyi-itfaiye-kurtardi\/\"},\"author\":{\"name\":\"\",\"@id\":\"\"},\"headline\":\"Mahsur kalan kediyi itfaiye kurtard\u0131\",\"datePublished\":\"2024-11-18T07:41:26+00:00\",\"mainEntityOfPage\":{\"@id\":\"https:\/\/denizcankizil.tr\/en\/haberler\/antalya\/mahsur-kalan-kediyi-itfaiye-kurtardi\/\"},\"wordCount\":224,\"commentCount\":0,\"publisher\":{\"@id\":\"https:\/\/denizcankizil.tr\/de\/#organization\"},\"image\":{\"@id\":\"https:\/\/denizcankizil.tr\/en\/haberler\/antalya\/mahsur-kalan-kediyi-itfaiye-kurtardi\/#primaryimage\"},\"thumbnailUrl\":\"https:\/\/denizcankizil.tr\/wp-content\/uploads\/2024\/11\/3124-01-PteyG8.jpeg\",\"articleSection\":[\"Antalya\",\"Uncategorized\"],\"inLanguage\":\"en-GB\",\"potentialAction\":[{\"@type\":\"CommentAction\",\"name\":\"Comment\",\"target\":[\"https:\/\/denizcankizil.tr\/en\/haberler\/antalya\/mahsur-kalan-kediyi-itfaiye-kurtardi\/#respond\"]}]},{\"@type\":\"WebPage\",\"@id\":\"https:\/\/denizcankizil.tr\/en\/haberler\/antalya\/mahsur-kalan-kediyi-itfaiye-kurtardi\/\",\"url\":\"https:\/\/denizcankizil.tr\/en\/haberler\/antalya\/mahsur-kalan-kediyi-itfaiye-kurtardi\/\",\"name\":\"Mahsur kalan kediyi itfaiye kurtard\u0131 - Av. Deniz Can K\u0131z\u0131l\",\"isPartOf\":{\"@id\":\"https:\/\/denizcankizil.tr\/de\/#website\"},\"primaryImageOfPage\":{\"@id\":\"https:\/\/denizcankizil.tr\/en\/haberler\/antalya\/mahsur-kalan-kediyi-itfaiye-kurtardi\/#primaryimage\"},\"image\":{\"@id\":\"https:\/\/denizcankizil.tr\/en\/haberler\/antalya\/mahsur-kalan-kediyi-itfaiye-kurtardi\/#primaryimage\"},\"thumbnailUrl\":\"https:\/\/denizcankizil.tr\/wp-content\/uploads\/2024\/11\/3124-01-PteyG8.jpeg\",\"datePublished\":\"2024-11-18T07:41:26+00:00\",\"breadcrumb\":{\"@id\":\"https:\/\/denizcankizil.tr\/en\/haberler\/antalya\/mahsur-kalan-kediyi-itfaiye-kurtardi\/#breadcrumb\"},\"inLanguage\":\"en-GB\",\"potentialAction\":[{\"@type\":\"ReadAction\",\"target\":[\"https:\/\/denizcankizil.tr\/en\/haberler\/antalya\/mahsur-kalan-kediyi-itfaiye-kurtardi\/\"]}]},{\"@type\":\"ImageObject\",\"inLanguage\":\"en-GB\",\"@id\":\"https:\/\/denizcankizil.tr\/en\/haberler\/antalya\/mahsur-kalan-kediyi-itfaiye-kurtardi\/#primaryimage\",\"url\":\"https:\/\/denizcankizil.tr\/wp-content\/uploads\/2024\/11\/3124-01-PteyG8.jpeg\",\"contentUrl\":\"https:\/\/denizcankizil.tr\/wp-content\/uploads\/2024\/11\/3124-01-PteyG8.jpeg\",\"width\":1280,\"height\":720},{\"@type\":\"BreadcrumbList\",\"@id\":\"https:\/\/denizcankizil.tr\/en\/haberler\/antalya\/mahsur-kalan-kediyi-itfaiye-kurtardi\/#breadcrumb\",\"itemListElement\":[{\"@type\":\"ListItem\",\"position\":1,\"name\":\"Home\",\"item\":\"https:\/\/denizcankizil.tr\/de\/\"},{\"@type\":\"ListItem\",\"position\":2,\"name\":\"Mahsur kalan kediyi itfaiye kurtard\u0131\"}]},{\"@type\":\"WebSite\",\"@id\":\"https:\/\/denizcankizil.tr\/de\/#website\",\"url\":\"https:\/\/denizcankizil.tr\/de\/\",\"name\":\"Av. Deniz Can K\u0131z\u0131l\",\"description\":\"Avukat Deniz Can K\u0131z\u0131l Antalya Barosu\",\"publisher\":{\"@id\":\"https:\/\/denizcankizil.tr\/de\/#organization\"},\"potentialAction\":[{\"@type\":\"SearchAction\",\"target\":{\"@type\":\"EntryPoint\",\"urlTemplate\":\"https:\/\/denizcankizil.tr\/de\/?s={search_term_string}\"},\"query-input\":{\"@type\":\"PropertyValueSpecification\",\"valueRequired\":true,\"valueName\":\"search_term_string\"}}],\"inLanguage\":\"en-GB\"},{\"@type\":\"Organization\",\"@id\":\"https:\/\/denizcankizil.tr\/de\/#organization\",\"name\":\"Av. Deniz Can K\u0131z\u0131l\",\"url\":\"https:\/\/denizcankizil.tr\/de\/\",\"logo\":{\"@type\":\"ImageObject\",\"inLanguage\":\"en-GB\",\"@id\":\"https:\/\/denizcankizil.tr\/de\/#\/schema\/logo\/image\/\",\"url\":\"https:\/\/denizcankizil.tr\/wp-content\/uploads\/2024\/10\/siyah-logo-svg.svg\",\"contentUrl\":\"https:\/\/denizcankizil.tr\/wp-content\/uploads\/2024\/10\/siyah-logo-svg.svg\",\"width\":1080,\"height\":1080,\"caption\":\"Av. Deniz Can K\u0131z\u0131l\"},\"image\":{\"@id\":\"https:\/\/denizcankizil.tr\/de\/#\/schema\/logo\/image\/\"}}]}<\/script>\n<!-- \/ Yoast SEO Premium plugin. -->","yoast_head_json":{"title":"Mahsur kalan kediyi itfaiye kurtard\u0131 - Av. Deniz Can K\u0131z\u0131l","robots":{"index":"index","follow":"follow","max-snippet":"max-snippet:-1","max-image-preview":"max-image-preview:large","max-video-preview":"max-video-preview:-1"},"canonical":"https:\/\/denizcankizil.tr\/en\/haberler\/antalya\/mahsur-kalan-kediyi-itfaiye-kurtardi\/","og_locale":"en_GB","og_type":"article","og_title":"Mahsur kalan kediyi itfaiye kurtard\u0131","og_description":"Antalya&#8217;n\u0131n Muratpa\u015fa il\u00e7esi Cumhuriyet Meydan\u0131 yak\u0131n\u0131nda bulunan bir apartman\u0131n ikinci kat\u0131nda ki demirler aras\u0131nda mahsur kalan kediyi g\u00f6ren b\u00f6lge esnaf\u0131 kedi uzun s\u00fcre bulundu\u011fu yerden inemeyince 112 Acil \u00c7a\u011fr\u0131 Merkezi&#8217;ni arayarak itfaiyeden yard\u0131m istedi. Sepetli ara\u00e7 ile verilen adrese Antalya B\u00fcy\u00fck\u015fehir Belediyesi \u0130tfaiye Daire Ba\u015fkanl\u0131\u011f\u0131&#8217;na ba\u011fl\u0131 ekip kediyi bulundu\u011fu yerden indirmek i\u00e7in \u00e7al\u0131\u015fma ba\u015flatt\u0131. Apartman\u0131n ikinci kat seviyesine uzat\u0131lan sepetteki itfaiye eri normal yollarla ula\u015famay\u0131nca hayvan yakalama aparat\u0131 ile kediyi bulundu\u011fu yerden \u00e7\u0131karmak istedi. Turistler merakl\u0131 g\u00f6zlerle izledi Ancak \u00fcrken kedi bulundu\u011fu yerden h\u0131zla uzakla\u015ft\u0131. Kedinin ge\u00e7ti\u011fi alana uzat\u0131lan sepetteki itfaiyeci uzun s\u00fcre u\u011fra\u015fmas\u0131na ra\u011fmen kedi \u00e7evik bir hamle ile bir kez daha ka\u00e7may\u0131 ba\u015fard\u0131. Bu kentin en i\u015flek noktalar\u0131ndan birisinde ger\u00e7ekle\u015ftirilen kedi kurtarma operasyonunu vatanda\u015flar ve yabanc\u0131 turistler film izler gibi merakl\u0131 g\u00f6zlerle izledi. Baz\u0131 turistlerin itfaiye erinin kurtarma \u00e7al\u0131\u015fmas\u0131n\u0131 cep telefonu ile kayda ald\u0131\u011f\u0131 g\u00f6r\u00fcld\u00fc. \u0130tfaiye ekibinin uzun u\u011fra\u015flar\u0131na ra\u011fmen kedi yakalanamay\u0131nca ekip b\u00f6lgeden ayr\u0131ld\u0131. Kaynak: www.kanalv.com.tr Haber Sitesinden Al\u0131nm\u0131\u015ft\u0131r.","og_url":"https:\/\/denizcankizil.tr\/en\/haberler\/antalya\/mahsur-kalan-kediyi-itfaiye-kurtardi\/","og_site_name":"Av. Deniz Can K\u0131z\u0131l","article_published_time":"2024-11-18T07:41:26+00:00","og_image":[{"width":1280,"height":720,"url":"https:\/\/denizcankizil.tr\/wp-content\/uploads\/2024\/11\/3124-01-PteyG8.jpeg","type":"image\/jpeg"}],"twitter_card":"summary_large_image","twitter_misc":{"Estimated reading time":"1 minute"},"schema":{"@context":"https:\/\/schema.org","@graph":[{"@type":"Article","@id":"https:\/\/denizcankizil.tr\/en\/haberler\/antalya\/mahsur-kalan-kediyi-itfaiye-kurtardi\/#article","isPartOf":{"@id":"https:\/\/denizcankizil.tr\/en\/haberler\/antalya\/mahsur-kalan-kediyi-itfaiye-kurtardi\/"},"author":{"name":"","@id":""},"headline":"Mahsur kalan kediyi itfaiye kurtard\u0131","datePublished":"2024-11-18T07:41:26+00:00","mainEntityOfPage":{"@id":"https:\/\/denizcankizil.tr\/en\/haberler\/antalya\/mahsur-kalan-kediyi-itfaiye-kurtardi\/"},"wordCount":224,"commentCount":0,"publisher":{"@id":"https:\/\/denizcankizil.tr\/de\/#organization"},"image":{"@id":"https:\/\/denizcankizil.tr\/en\/haberler\/antalya\/mahsur-kalan-kediyi-itfaiye-kurtardi\/#primaryimage"},"thumbnailUrl":"https:\/\/denizcankizil.tr\/wp-content\/uploads\/2024\/11\/3124-01-PteyG8.jpeg","articleSection":["Antalya","Uncategorized"],"inLanguage":"en-GB","potentialAction":[{"@type":"CommentAction","name":"Comment","target":["https:\/\/denizcankizil.tr\/en\/haberler\/antalya\/mahsur-kalan-kediyi-itfaiye-kurtardi\/#respond"]}]},{"@type":"WebPage","@id":"https:\/\/denizcankizil.tr\/en\/haberler\/antalya\/mahsur-kalan-kediyi-itfaiye-kurtardi\/","url":"https:\/\/denizcankizil.tr\/en\/haberler\/antalya\/mahsur-kalan-kediyi-itfaiye-kurtardi\/","name":"Mahsur kalan kediyi itfaiye kurtard\u0131 - Av. Deniz Can K\u0131z\u0131l","isPartOf":{"@id":"https:\/\/denizcankizil.tr\/de\/#website"},"primaryImageOfPage":{"@id":"https:\/\/denizcankizil.tr\/en\/haberler\/antalya\/mahsur-kalan-kediyi-itfaiye-kurtardi\/#primaryimage"},"image":{"@id":"https:\/\/denizcankizil.tr\/en\/haberler\/antalya\/mahsur-kalan-kediyi-itfaiye-kurtardi\/#primaryimage"},"thumbnailUrl":"https:\/\/denizcankizil.tr\/wp-content\/uploads\/2024\/11\/3124-01-PteyG8.jpeg","datePublished":"2024-11-18T07:41:26+00:00","breadcrumb":{"@id":"https:\/\/denizcankizil.tr\/en\/haberler\/antalya\/mahsur-kalan-kediyi-itfaiye-kurtardi\/#breadcrumb"},"inLanguage":"en-GB","potentialAction":[{"@type":"ReadAction","target":["https:\/\/denizcankizil.tr\/en\/haberler\/antalya\/mahsur-kalan-kediyi-itfaiye-kurtardi\/"]}]},{"@type":"ImageObject","inLanguage":"en-GB","@id":"https:\/\/denizcankizil.tr\/en\/haberler\/antalya\/mahsur-kalan-kediyi-itfaiye-kurtardi\/#primaryimage","url":"https:\/\/denizcankizil.tr\/wp-content\/uploads\/2024\/11\/3124-01-PteyG8.jpeg","contentUrl":"https:\/\/denizcankizil.tr\/wp-content\/uploads\/2024\/11\/3124-01-PteyG8.jpeg","width":1280,"height":720},{"@type":"BreadcrumbList","@id":"https:\/\/denizcankizil.tr\/en\/haberler\/antalya\/mahsur-kalan-kediyi-itfaiye-kurtardi\/#breadcrumb","itemListElement":[{"@type":"ListItem","position":1,"name":"Home","item":"https:\/\/denizcankizil.tr\/de\/"},{"@type":"ListItem","position":2,"name":"Mahsur kalan kediyi itfaiye kurtard\u0131"}]},{"@type":"WebSite","@id":"https:\/\/denizcankizil.tr\/de\/#website","url":"https:\/\/denizcankizil.tr\/de\/","name":"Av. Deniz Can K\u0131z\u0131l","description":"Avukat Deniz Can K\u0131z\u0131l Antalya Barosu","publisher":{"@id":"https:\/\/denizcankizil.tr\/de\/#organization"},"potentialAction":[{"@type":"SearchAction","target":{"@type":"EntryPoint","urlTemplate":"https:\/\/denizcankizil.tr\/de\/?s={search_term_string}"},"query-input":{"@type":"PropertyValueSpecification","valueRequired":true,"valueName":"search_term_string"}}],"inLanguage":"en-GB"},{"@type":"Organization","@id":"https:\/\/denizcankizil.tr\/de\/#organization","name":"Av. Deniz Can K\u0131z\u0131l","url":"https:\/\/denizcankizil.tr\/de\/","logo":{"@type":"ImageObject","inLanguage":"en-GB","@id":"https:\/\/denizcankizil.tr\/de\/#\/schema\/logo\/image\/","url":"https:\/\/denizcankizil.tr\/wp-content\/uploads\/2024\/10\/siyah-logo-svg.svg","contentUrl":"https:\/\/denizcankizil.tr\/wp-content\/uploads\/2024\/10\/siyah-logo-svg.svg","width":1080,"height":1080,"caption":"Av. Deniz Can K\u0131z\u0131l"},"image":{"@id":"https:\/\/denizcankizil.tr\/de\/#\/schema\/logo\/image\/"}}]}},"_links":{"self":[{"href":"https:\/\/denizcankizil.tr\/en\/wp-json\/wp\/v2\/posts\/16292","targetHints":{"allow":["GET"]}}],"collection":[{"href":"https:\/\/denizcankizil.tr\/en\/wp-json\/wp\/v2\/posts"}],"about":[{"href":"https:\/\/denizcankizil.tr\/en\/wp-json\/wp\/v2\/types\/post"}],"replies":[{"embeddable":true,"href":"https:\/\/denizcankizil.tr\/en\/wp-json\/wp\/v2\/comments?post=16292"}],"version-history":[{"count":0,"href":"https:\/\/denizcankizil.tr\/en\/wp-json\/wp\/v2\/posts\/16292\/revisions"}],"wp:featuredmedia":[{"embeddable":true,"href":"https:\/\/denizcankizil.tr\/en\/wp-json\/wp\/v2\/media\/16293"}],"wp:attachment":[{"href":"https:\/\/denizcankizil.tr\/en\/wp-json\/wp\/v2\/media?parent=16292"}],"wp:term":[{"taxonomy":"category","embeddable":true,"href":"https:\/\/denizcankizil.tr\/en\/wp-json\/wp\/v2\/categories?post=16292"},{"taxonomy":"post_tag","embeddable":true,"href":"https:\/\/denizcankizil.tr\/en\/wp-json\/wp\/v2\/tags?post=16292"}],"curies":[{"name":"wp","href":"https:\/\/api.w.org\/{rel}","templated":true}]}}