{"id":16003,"date":"2024-11-15T11:42:29","date_gmt":"2024-11-15T08:42:29","guid":{"rendered":"https:\/\/denizcankizil.tr\/uncategorized-tr\/hatayda-4-9-buyuklugunde-ki-depremi-hissetti\/"},"modified":"2024-11-15T11:42:29","modified_gmt":"2024-11-15T08:42:29","slug":"hatayda-4-9-buyuklugunde-ki-depremi-hissetti","status":"publish","type":"post","link":"https:\/\/denizcankizil.tr\/en\/haberler\/gundem\/hatayda-4-9-buyuklugunde-ki-depremi-hissetti\/","title":{"rendered":"Hatay&#8217;da 4.9 b\u00fcy\u00fckl\u00fc\u011f\u00fcnde ki  depremi Hissetti"},"content":{"rendered":"<p>Malatya merkezli deprem Hatay ve il\u00e7eleri de hissetti<\/p>\n<p>\u200bMalatya&#8217;n\u0131n Do\u011fan\u015fehir il\u00e7esinde Richter \u00f6l\u00e7e\u011fine g\u00f6re 4.9 b\u00fcy\u00fckl\u00fc\u011f\u00fcnde deprem meydana geldi. Deprem, ilk belirlemelere g\u00f6re herhangi bir olumsuzlu\u011fa yol a\u00e7mad\u0131.\u00a0<\/p>\n<p>\u200bHaberin Al\u0131nt\u0131land\u0131\u011f\u0131 Kaynak: www.iskenderun.org<\/p>","protected":false},"excerpt":{"rendered":"<p>Malatya merkezli deprem Hatay ve il\u00e7eleri de hissetti \u200bMalatya&#8217;n\u0131n Do\u011fan\u015fehir il\u00e7esinde Richter \u00f6l\u00e7e\u011fine g\u00f6re 4.9 b\u00fcy\u00fckl\u00fc\u011f\u00fcnde deprem meydana geldi. Deprem, ilk belirlemelere g\u00f6re herhangi bir olumsuzlu\u011fa yol a\u00e7mad\u0131.\u00a0 \u200bHaberin Al\u0131nt\u0131land\u0131\u011f\u0131 Kaynak: www.iskenderun.org<\/p>","protected":false},"author":0,"featured_media":0,"comment_status":"open","ping_status":"open","sticky":false,"template":"","format":"standard","meta":{"_acf_changed":false,"footnotes":""},"categories":[24,535],"tags":[],"class_list":["post-16003","post","type-post","status-publish","format-standard","has-post-thumbnail","hentry","category-gundem","category-uncategorized-tr"],"acf":[],"yoast_head":"<!-- This site is optimized with the Yoast SEO Premium plugin v26.6 (Yoast SEO v27.1.1) - https:\/\/yoast.com\/product\/yoast-seo-premium-wordpress\/ -->\n<title>Hatay&#039;da 4.9 b\u00fcy\u00fckl\u00fc\u011f\u00fcnde ki depremi Hissetti - Av. Deniz Can K\u0131z\u0131l<\/title>\n<meta name=\"robots\" content=\"index, follow, max-snippet:-1, max-image-preview:large, max-video-preview:-1\" \/>\n<link rel=\"canonical\" href=\"https:\/\/denizcankizil.tr\/en\/haberler\/gundem\/hatayda-4-9-buyuklugunde-ki-depremi-hissetti\/\" \/>\n<meta property=\"og:locale\" content=\"en_GB\" \/>\n<meta property=\"og:type\" content=\"article\" \/>\n<meta property=\"og:title\" content=\"Hatay&#039;da 4.9 b\u00fcy\u00fckl\u00fc\u011f\u00fcnde ki depremi Hissetti\" \/>\n<meta property=\"og:description\" content=\"Malatya merkezli deprem Hatay ve il\u00e7eleri de hissetti \u200bMalatya&#8217;n\u0131n Do\u011fan\u015fehir il\u00e7esinde Richter \u00f6l\u00e7e\u011fine g\u00f6re 4.9 b\u00fcy\u00fckl\u00fc\u011f\u00fcnde deprem meydana geldi. Deprem, ilk belirlemelere g\u00f6re herhangi bir olumsuzlu\u011fa yol a\u00e7mad\u0131.\u00a0 \u200bHaberin Al\u0131nt\u0131land\u0131\u011f\u0131 Kaynak: www.iskenderun.org\" \/>\n<meta property=\"og:url\" content=\"https:\/\/denizcankizil.tr\/en\/haberler\/gundem\/hatayda-4-9-buyuklugunde-ki-depremi-hissetti\/\" \/>\n<meta property=\"og:site_name\" content=\"Av. Deniz Can K\u0131z\u0131l\" \/>\n<meta property=\"article:published_time\" content=\"2024-11-15T08:42:29+00:00\" \/>\n<meta name=\"twitter:card\" content=\"summary_large_image\" \/>\n<script type=\"application\/ld+json\" class=\"yoast-schema-graph\">{\"@context\":\"https:\/\/schema.org\",\"@graph\":[{\"@type\":\"Article\",\"@id\":\"https:\/\/denizcankizil.tr\/en\/haberler\/gundem\/hatayda-4-9-buyuklugunde-ki-depremi-hissetti\/#article\",\"isPartOf\":{\"@id\":\"https:\/\/denizcankizil.tr\/en\/haberler\/gundem\/hatayda-4-9-buyuklugunde-ki-depremi-hissetti\/\"},\"author\":{\"name\":\"\",\"@id\":\"\"},\"headline\":\"Hatay&#8217;da 4.9 b\u00fcy\u00fckl\u00fc\u011f\u00fcnde ki depremi Hissetti\",\"datePublished\":\"2024-11-15T08:42:29+00:00\",\"mainEntityOfPage\":{\"@id\":\"https:\/\/denizcankizil.tr\/en\/haberler\/gundem\/hatayda-4-9-buyuklugunde-ki-depremi-hissetti\/\"},\"wordCount\":59,\"commentCount\":0,\"publisher\":{\"@id\":\"https:\/\/denizcankizil.tr\/de\/#organization\"},\"articleSection\":[\"G\u00fcndem\",\"Uncategorized\"],\"inLanguage\":\"en-GB\",\"potentialAction\":[{\"@type\":\"CommentAction\",\"name\":\"Comment\",\"target\":[\"https:\/\/denizcankizil.tr\/en\/haberler\/gundem\/hatayda-4-9-buyuklugunde-ki-depremi-hissetti\/#respond\"]}]},{\"@type\":\"WebPage\",\"@id\":\"https:\/\/denizcankizil.tr\/en\/haberler\/gundem\/hatayda-4-9-buyuklugunde-ki-depremi-hissetti\/\",\"url\":\"https:\/\/denizcankizil.tr\/en\/haberler\/gundem\/hatayda-4-9-buyuklugunde-ki-depremi-hissetti\/\",\"name\":\"Hatay'da 4.9 b\u00fcy\u00fckl\u00fc\u011f\u00fcnde ki depremi Hissetti - Av. Deniz Can K\u0131z\u0131l\",\"isPartOf\":{\"@id\":\"https:\/\/denizcankizil.tr\/de\/#website\"},\"datePublished\":\"2024-11-15T08:42:29+00:00\",\"breadcrumb\":{\"@id\":\"https:\/\/denizcankizil.tr\/en\/haberler\/gundem\/hatayda-4-9-buyuklugunde-ki-depremi-hissetti\/#breadcrumb\"},\"inLanguage\":\"en-GB\",\"potentialAction\":[{\"@type\":\"ReadAction\",\"target\":[\"https:\/\/denizcankizil.tr\/en\/haberler\/gundem\/hatayda-4-9-buyuklugunde-ki-depremi-hissetti\/\"]}]},{\"@type\":\"BreadcrumbList\",\"@id\":\"https:\/\/denizcankizil.tr\/en\/haberler\/gundem\/hatayda-4-9-buyuklugunde-ki-depremi-hissetti\/#breadcrumb\",\"itemListElement\":[{\"@type\":\"ListItem\",\"position\":1,\"name\":\"Home\",\"item\":\"https:\/\/denizcankizil.tr\/de\/\"},{\"@type\":\"ListItem\",\"position\":2,\"name\":\"Hatay&#8217;da 4.9 b\u00fcy\u00fckl\u00fc\u011f\u00fcnde ki depremi Hissetti\"}]},{\"@type\":\"WebSite\",\"@id\":\"https:\/\/denizcankizil.tr\/de\/#website\",\"url\":\"https:\/\/denizcankizil.tr\/de\/\",\"name\":\"Av. Deniz Can K\u0131z\u0131l\",\"description\":\"Avukat Deniz Can K\u0131z\u0131l Antalya Barosu\",\"publisher\":{\"@id\":\"https:\/\/denizcankizil.tr\/de\/#organization\"},\"potentialAction\":[{\"@type\":\"SearchAction\",\"target\":{\"@type\":\"EntryPoint\",\"urlTemplate\":\"https:\/\/denizcankizil.tr\/de\/?s={search_term_string}\"},\"query-input\":{\"@type\":\"PropertyValueSpecification\",\"valueRequired\":true,\"valueName\":\"search_term_string\"}}],\"inLanguage\":\"en-GB\"},{\"@type\":\"Organization\",\"@id\":\"https:\/\/denizcankizil.tr\/de\/#organization\",\"name\":\"Av. Deniz Can K\u0131z\u0131l\",\"url\":\"https:\/\/denizcankizil.tr\/de\/\",\"logo\":{\"@type\":\"ImageObject\",\"inLanguage\":\"en-GB\",\"@id\":\"https:\/\/denizcankizil.tr\/de\/#\/schema\/logo\/image\/\",\"url\":\"https:\/\/denizcankizil.tr\/wp-content\/uploads\/2024\/10\/siyah-logo-svg.svg\",\"contentUrl\":\"https:\/\/denizcankizil.tr\/wp-content\/uploads\/2024\/10\/siyah-logo-svg.svg\",\"width\":1080,\"height\":1080,\"caption\":\"Av. Deniz Can K\u0131z\u0131l\"},\"image\":{\"@id\":\"https:\/\/denizcankizil.tr\/de\/#\/schema\/logo\/image\/\"}}]}<\/script>\n<!-- \/ Yoast SEO Premium plugin. -->","yoast_head_json":{"title":"Hatay'da 4.9 b\u00fcy\u00fckl\u00fc\u011f\u00fcnde ki depremi Hissetti - Av. Deniz Can K\u0131z\u0131l","robots":{"index":"index","follow":"follow","max-snippet":"max-snippet:-1","max-image-preview":"max-image-preview:large","max-video-preview":"max-video-preview:-1"},"canonical":"https:\/\/denizcankizil.tr\/en\/haberler\/gundem\/hatayda-4-9-buyuklugunde-ki-depremi-hissetti\/","og_locale":"en_GB","og_type":"article","og_title":"Hatay'da 4.9 b\u00fcy\u00fckl\u00fc\u011f\u00fcnde ki depremi Hissetti","og_description":"Malatya merkezli deprem Hatay ve il\u00e7eleri de hissetti \u200bMalatya&#8217;n\u0131n Do\u011fan\u015fehir il\u00e7esinde Richter \u00f6l\u00e7e\u011fine g\u00f6re 4.9 b\u00fcy\u00fckl\u00fc\u011f\u00fcnde deprem meydana geldi. Deprem, ilk belirlemelere g\u00f6re herhangi bir olumsuzlu\u011fa yol a\u00e7mad\u0131.\u00a0 \u200bHaberin Al\u0131nt\u0131land\u0131\u011f\u0131 Kaynak: www.iskenderun.org","og_url":"https:\/\/denizcankizil.tr\/en\/haberler\/gundem\/hatayda-4-9-buyuklugunde-ki-depremi-hissetti\/","og_site_name":"Av. Deniz Can K\u0131z\u0131l","article_published_time":"2024-11-15T08:42:29+00:00","twitter_card":"summary_large_image","schema":{"@context":"https:\/\/schema.org","@graph":[{"@type":"Article","@id":"https:\/\/denizcankizil.tr\/en\/haberler\/gundem\/hatayda-4-9-buyuklugunde-ki-depremi-hissetti\/#article","isPartOf":{"@id":"https:\/\/denizcankizil.tr\/en\/haberler\/gundem\/hatayda-4-9-buyuklugunde-ki-depremi-hissetti\/"},"author":{"name":"","@id":""},"headline":"Hatay&#8217;da 4.9 b\u00fcy\u00fckl\u00fc\u011f\u00fcnde ki depremi Hissetti","datePublished":"2024-11-15T08:42:29+00:00","mainEntityOfPage":{"@id":"https:\/\/denizcankizil.tr\/en\/haberler\/gundem\/hatayda-4-9-buyuklugunde-ki-depremi-hissetti\/"},"wordCount":59,"commentCount":0,"publisher":{"@id":"https:\/\/denizcankizil.tr\/de\/#organization"},"articleSection":["G\u00fcndem","Uncategorized"],"inLanguage":"en-GB","potentialAction":[{"@type":"CommentAction","name":"Comment","target":["https:\/\/denizcankizil.tr\/en\/haberler\/gundem\/hatayda-4-9-buyuklugunde-ki-depremi-hissetti\/#respond"]}]},{"@type":"WebPage","@id":"https:\/\/denizcankizil.tr\/en\/haberler\/gundem\/hatayda-4-9-buyuklugunde-ki-depremi-hissetti\/","url":"https:\/\/denizcankizil.tr\/en\/haberler\/gundem\/hatayda-4-9-buyuklugunde-ki-depremi-hissetti\/","name":"Hatay'da 4.9 b\u00fcy\u00fckl\u00fc\u011f\u00fcnde ki depremi Hissetti - Av. Deniz Can K\u0131z\u0131l","isPartOf":{"@id":"https:\/\/denizcankizil.tr\/de\/#website"},"datePublished":"2024-11-15T08:42:29+00:00","breadcrumb":{"@id":"https:\/\/denizcankizil.tr\/en\/haberler\/gundem\/hatayda-4-9-buyuklugunde-ki-depremi-hissetti\/#breadcrumb"},"inLanguage":"en-GB","potentialAction":[{"@type":"ReadAction","target":["https:\/\/denizcankizil.tr\/en\/haberler\/gundem\/hatayda-4-9-buyuklugunde-ki-depremi-hissetti\/"]}]},{"@type":"BreadcrumbList","@id":"https:\/\/denizcankizil.tr\/en\/haberler\/gundem\/hatayda-4-9-buyuklugunde-ki-depremi-hissetti\/#breadcrumb","itemListElement":[{"@type":"ListItem","position":1,"name":"Home","item":"https:\/\/denizcankizil.tr\/de\/"},{"@type":"ListItem","position":2,"name":"Hatay&#8217;da 4.9 b\u00fcy\u00fckl\u00fc\u011f\u00fcnde ki depremi Hissetti"}]},{"@type":"WebSite","@id":"https:\/\/denizcankizil.tr\/de\/#website","url":"https:\/\/denizcankizil.tr\/de\/","name":"Av. Deniz Can K\u0131z\u0131l","description":"Avukat Deniz Can K\u0131z\u0131l Antalya Barosu","publisher":{"@id":"https:\/\/denizcankizil.tr\/de\/#organization"},"potentialAction":[{"@type":"SearchAction","target":{"@type":"EntryPoint","urlTemplate":"https:\/\/denizcankizil.tr\/de\/?s={search_term_string}"},"query-input":{"@type":"PropertyValueSpecification","valueRequired":true,"valueName":"search_term_string"}}],"inLanguage":"en-GB"},{"@type":"Organization","@id":"https:\/\/denizcankizil.tr\/de\/#organization","name":"Av. Deniz Can K\u0131z\u0131l","url":"https:\/\/denizcankizil.tr\/de\/","logo":{"@type":"ImageObject","inLanguage":"en-GB","@id":"https:\/\/denizcankizil.tr\/de\/#\/schema\/logo\/image\/","url":"https:\/\/denizcankizil.tr\/wp-content\/uploads\/2024\/10\/siyah-logo-svg.svg","contentUrl":"https:\/\/denizcankizil.tr\/wp-content\/uploads\/2024\/10\/siyah-logo-svg.svg","width":1080,"height":1080,"caption":"Av. Deniz Can K\u0131z\u0131l"},"image":{"@id":"https:\/\/denizcankizil.tr\/de\/#\/schema\/logo\/image\/"}}]}},"_links":{"self":[{"href":"https:\/\/denizcankizil.tr\/en\/wp-json\/wp\/v2\/posts\/16003","targetHints":{"allow":["GET"]}}],"collection":[{"href":"https:\/\/denizcankizil.tr\/en\/wp-json\/wp\/v2\/posts"}],"about":[{"href":"https:\/\/denizcankizil.tr\/en\/wp-json\/wp\/v2\/types\/post"}],"replies":[{"embeddable":true,"href":"https:\/\/denizcankizil.tr\/en\/wp-json\/wp\/v2\/comments?post=16003"}],"version-history":[{"count":0,"href":"https:\/\/denizcankizil.tr\/en\/wp-json\/wp\/v2\/posts\/16003\/revisions"}],"wp:attachment":[{"href":"https:\/\/denizcankizil.tr\/en\/wp-json\/wp\/v2\/media?parent=16003"}],"wp:term":[{"taxonomy":"category","embeddable":true,"href":"https:\/\/denizcankizil.tr\/en\/wp-json\/wp\/v2\/categories?post=16003"},{"taxonomy":"post_tag","embeddable":true,"href":"https:\/\/denizcankizil.tr\/en\/wp-json\/wp\/v2\/tags?post=16003"}],"curies":[{"name":"wp","href":"https:\/\/api.w.org\/{rel}","templated":true}]}}