{"id":15906,"date":"2024-11-14T17:43:10","date_gmt":"2024-11-14T14:43:10","guid":{"rendered":"https:\/\/denizcankizil.tr\/uncategorized-tr\/gastroantalya-kapilarini-acti\/"},"modified":"2024-11-14T17:43:10","modified_gmt":"2024-11-14T14:43:10","slug":"gastroantalya-kapilarini-acti","status":"publish","type":"post","link":"https:\/\/denizcankizil.tr\/en\/haberler\/antalya\/gastroantalya-kapilarini-acti\/","title":{"rendered":"GastroAntalya kap\u0131lar\u0131n\u0131 a\u00e7t\u0131"},"content":{"rendered":"<p>Antalya B\u00fcy\u00fck\u015fehir Belediyesi\u2019nin katk\u0131lar\u0131yla Akdeniz \u015eefler Kul\u00fcb\u00fc taraf\u0131ndan d\u00fczenlenen etkinli\u011fin a\u00e7\u0131l\u0131\u015f\u0131 Antalya Valisi Hulusi \u015eahin, Antalya B\u00fcy\u00fck\u015fehir Belediye Ba\u015fkan\u0131 Muhittin B\u00f6cek\u2019in de kat\u0131ld\u0131\u011f\u0131 bir t\u00f6renle ger\u00e7ekle\u015fti.<\/p>\n<p>Antalya ad\u0131na son derece \u00f6nemli<br \/>\nT\u00f6renin a\u00e7\u0131l\u0131\u015f\u0131nda konu\u015fan Antalya B\u00fcy\u00fck\u015fehir Belediye Ba\u015fkan\u0131 Muhittin B\u00f6cek, bu t\u00fcr etkinlikleri Antalya ad\u0131na son derece \u00f6nemsediklerini s\u00f6yledi. Antalya\u2019n\u0131n zengin mutfak k\u00fclt\u00fcr\u00fcn\u00fc t\u00fcm d\u00fcnyaya tan\u0131t\u0131lmas\u0131 gerekti\u011fine dikkat \u00e7eken Ba\u015fkan B\u00f6cek, \u201cKentimize gastronomi alan\u0131nda hak etti\u011fi de\u011feri kazand\u0131rmak i\u00e7in ba\u015flatt\u0131\u011f\u0131m\u0131z Uluslararas\u0131 Food Fest Antalya Gastronomi Festivali\u2019nin 3\u2019\u00fcnc\u00fcs\u00fcn\u00fc rekor kat\u0131l\u0131m ile A\u011fustos ay\u0131nda ger\u00e7ekle\u015ftirdik. Bug\u00fcn de Akdeniz \u015eefler Kul\u00fcb\u00fcm\u00fcz ile d\u00fcnyan\u0131n mutfak y\u0131ld\u0131zlar\u0131n\u0131 5. kez bulu\u015fturuyoruz. Yiyecek ve i\u00e7ecek sekt\u00f6r\u00fcndeki usta yar\u0131\u015fmac\u0131lar, yerli ve yabanc\u0131 j\u00fcri \u00fcyelerinin oylar\u0131 ile ba\u015far\u0131lar\u0131n\u0131 tescil edecekler. Ayr\u0131ca \u00e7al\u0131\u015ftaylar, sunumlar, paneller, \u00fcr\u00fcn tad\u0131mlar\u0131 gibi bir\u00e7ok farkl\u0131 etkinlik ger\u00e7ekle\u015ftirilecek. Mutfak sanat\u0131m\u0131z\u0131, gastronomi sekt\u00f6r\u00fcm\u00fcz\u00fc siz de\u011ferli \u015feflerimizle daha \u00fcst seviyelere \u00e7\u0131karaca\u011f\u0131z\u201d diye konu\u015ftu.<\/p>\n<p>Vali \u015eahin gastronominin \u00f6nemine de\u011findi<br \/>\nVali Hulusi \u015eahin de turizmle ayr\u0131lmaz ikili olan gastronominin \u00f6nemine de\u011finerek, \u201c40 \u00fclkeden gelen \u015feflerimize, say\u0131s\u0131 binleri ge\u00e7en yar\u0131\u015fmac\u0131lar\u0131m\u0131za te\u015fekk\u00fcr ediyorum. Turizmin ba\u015fkenti olarak, turizmle ayr\u0131lmaz bir ikili olan gastronomiye de ba\u015fkentlik edecektik. Bunu ba\u015farm\u0131\u015f oldunuz. Bu muhte\u015fem co\u011frafyada bizim de\u011ferli \u00fcr\u00fcnlerimiz var. K\u00f6kl\u00fc k\u00fclt\u00fcr\u00fcm\u00fcz sonucu de\u011ferli bir de mutfa\u011f\u0131m\u0131z var. T\u00fcrkiye\u2019de \u015feflik mesle\u011fine b\u00fcy\u00fck bir ilgi var. Bu etkinlik, mesle\u011fe ilgi duyanlara da b\u00fcy\u00fck f\u0131rsatlar sunacak. B\u00fcy\u00fck\u015fehir Belediye Ba\u015fkan\u0131m\u0131za hem bu mekan\u0131 tahsis etti\u011fi hem de Antalya\u2019ya bu anlamda bir festival kazand\u0131rd\u0131\u011f\u0131 i\u00e7in te\u015fekk\u00fcr ediyorum\u201d dedi.<br \/>\nA\u00e7\u0131l\u0131\u015f konu\u015fmalar\u0131n\u0131n ard\u0131ndan Azerbaycan Gastronomi Derne\u011fi Ba\u015fkan\u0131 Serkan Memedov ve Akdeniz \u015eefler Kul\u00fcb\u00fc Ba\u015fkan\u0131 Bilal Y\u00fcre\u011fir Vali Hulusi \u015eahin ve Ba\u015fkan Muhittin B\u00f6cek\u2019e plaket takdim etti. Daha sonra sahnede kurdele kesimiyle GastroAntalya\u2019n\u0131n a\u00e7\u0131l\u0131\u015f\u0131 ger\u00e7ekle\u015fti. A\u00e7\u0131l\u0131\u015f\u0131n ard\u0131ndan Azerbaycan Gastronomi Milli Tak\u0131m\u0131 g\u00f6steri ger\u00e7ekle\u015ftirdi.<\/p>\n<p>Kaynak: www.kanalv.com.tr Haber Sitesinden Al\u0131nm\u0131\u015ft\u0131r.<\/p>","protected":false},"excerpt":{"rendered":"<p>Antalya B\u00fcy\u00fck\u015fehir Belediyesi\u2019nin katk\u0131lar\u0131yla Akdeniz \u015eefler Kul\u00fcb\u00fc taraf\u0131ndan d\u00fczenlenen etkinli\u011fin a\u00e7\u0131l\u0131\u015f\u0131 Antalya Valisi Hulusi \u015eahin, Antalya B\u00fcy\u00fck\u015fehir Belediye Ba\u015fkan\u0131 Muhittin B\u00f6cek\u2019in de kat\u0131ld\u0131\u011f\u0131 bir t\u00f6renle ger\u00e7ekle\u015fti. Antalya ad\u0131na son derece \u00f6nemli T\u00f6renin a\u00e7\u0131l\u0131\u015f\u0131nda konu\u015fan Antalya B\u00fcy\u00fck\u015fehir Belediye Ba\u015fkan\u0131 Muhittin B\u00f6cek, bu t\u00fcr etkinlikleri Antalya ad\u0131na son derece \u00f6nemsediklerini s\u00f6yledi. Antalya\u2019n\u0131n zengin mutfak k\u00fclt\u00fcr\u00fcn\u00fc t\u00fcm d\u00fcnyaya tan\u0131t\u0131lmas\u0131 gerekti\u011fine dikkat \u00e7eken Ba\u015fkan B\u00f6cek, \u201cKentimize gastronomi alan\u0131nda hak etti\u011fi de\u011feri kazand\u0131rmak i\u00e7in ba\u015flatt\u0131\u011f\u0131m\u0131z Uluslararas\u0131 Food Fest Antalya Gastronomi Festivali\u2019nin 3\u2019\u00fcnc\u00fcs\u00fcn\u00fc rekor kat\u0131l\u0131m ile A\u011fustos ay\u0131nda ger\u00e7ekle\u015ftirdik. Bug\u00fcn de Akdeniz \u015eefler Kul\u00fcb\u00fcm\u00fcz ile d\u00fcnyan\u0131n mutfak y\u0131ld\u0131zlar\u0131n\u0131 5. kez bulu\u015fturuyoruz. Yiyecek ve i\u00e7ecek sekt\u00f6r\u00fcndeki usta yar\u0131\u015fmac\u0131lar, yerli ve yabanc\u0131 j\u00fcri \u00fcyelerinin oylar\u0131 ile ba\u015far\u0131lar\u0131n\u0131 tescil edecekler. Ayr\u0131ca \u00e7al\u0131\u015ftaylar, sunumlar, paneller, \u00fcr\u00fcn tad\u0131mlar\u0131 gibi bir\u00e7ok farkl\u0131 etkinlik ger\u00e7ekle\u015ftirilecek. Mutfak sanat\u0131m\u0131z\u0131, gastronomi sekt\u00f6r\u00fcm\u00fcz\u00fc siz de\u011ferli \u015feflerimizle daha \u00fcst seviyelere \u00e7\u0131karaca\u011f\u0131z\u201d diye konu\u015ftu. Vali \u015eahin gastronominin \u00f6nemine de\u011findi Vali Hulusi \u015eahin de turizmle ayr\u0131lmaz ikili olan gastronominin \u00f6nemine de\u011finerek, \u201c40 \u00fclkeden gelen \u015feflerimize, say\u0131s\u0131 binleri ge\u00e7en yar\u0131\u015fmac\u0131lar\u0131m\u0131za te\u015fekk\u00fcr ediyorum. Turizmin ba\u015fkenti olarak, turizmle ayr\u0131lmaz bir ikili olan gastronomiye de ba\u015fkentlik edecektik. Bunu ba\u015farm\u0131\u015f oldunuz. Bu muhte\u015fem co\u011frafyada bizim de\u011ferli \u00fcr\u00fcnlerimiz var. K\u00f6kl\u00fc k\u00fclt\u00fcr\u00fcm\u00fcz sonucu de\u011ferli bir de mutfa\u011f\u0131m\u0131z var. T\u00fcrkiye\u2019de \u015feflik mesle\u011fine b\u00fcy\u00fck bir ilgi var. Bu etkinlik, &hellip;<\/p>","protected":false},"author":0,"featured_media":15907,"comment_status":"open","ping_status":"open","sticky":false,"template":"","format":"standard","meta":{"_acf_changed":false,"footnotes":""},"categories":[26,535],"tags":[],"class_list":["post-15906","post","type-post","status-publish","format-standard","has-post-thumbnail","hentry","category-antalya","category-uncategorized-tr"],"acf":[],"yoast_head":"<!-- This site is optimized with the Yoast SEO Premium plugin v26.6 (Yoast SEO v27.1.1) - https:\/\/yoast.com\/product\/yoast-seo-premium-wordpress\/ -->\n<title>GastroAntalya kap\u0131lar\u0131n\u0131 a\u00e7t\u0131 - Av. Deniz Can K\u0131z\u0131l<\/title>\n<meta name=\"robots\" content=\"index, follow, max-snippet:-1, max-image-preview:large, max-video-preview:-1\" \/>\n<link rel=\"canonical\" href=\"https:\/\/denizcankizil.tr\/en\/haberler\/antalya\/gastroantalya-kapilarini-acti\/\" \/>\n<meta property=\"og:locale\" content=\"en_GB\" \/>\n<meta property=\"og:type\" content=\"article\" \/>\n<meta property=\"og:title\" content=\"GastroAntalya kap\u0131lar\u0131n\u0131 a\u00e7t\u0131\" \/>\n<meta property=\"og:description\" content=\"Antalya B\u00fcy\u00fck\u015fehir Belediyesi\u2019nin katk\u0131lar\u0131yla Akdeniz \u015eefler Kul\u00fcb\u00fc taraf\u0131ndan d\u00fczenlenen etkinli\u011fin a\u00e7\u0131l\u0131\u015f\u0131 Antalya Valisi Hulusi \u015eahin, Antalya B\u00fcy\u00fck\u015fehir Belediye Ba\u015fkan\u0131 Muhittin B\u00f6cek\u2019in de kat\u0131ld\u0131\u011f\u0131 bir t\u00f6renle ger\u00e7ekle\u015fti. Antalya ad\u0131na son derece \u00f6nemli T\u00f6renin a\u00e7\u0131l\u0131\u015f\u0131nda konu\u015fan Antalya B\u00fcy\u00fck\u015fehir Belediye Ba\u015fkan\u0131 Muhittin B\u00f6cek, bu t\u00fcr etkinlikleri Antalya ad\u0131na son derece \u00f6nemsediklerini s\u00f6yledi. Antalya\u2019n\u0131n zengin mutfak k\u00fclt\u00fcr\u00fcn\u00fc t\u00fcm d\u00fcnyaya tan\u0131t\u0131lmas\u0131 gerekti\u011fine dikkat \u00e7eken Ba\u015fkan B\u00f6cek, \u201cKentimize gastronomi alan\u0131nda hak etti\u011fi de\u011feri kazand\u0131rmak i\u00e7in ba\u015flatt\u0131\u011f\u0131m\u0131z Uluslararas\u0131 Food Fest Antalya Gastronomi Festivali\u2019nin 3\u2019\u00fcnc\u00fcs\u00fcn\u00fc rekor kat\u0131l\u0131m ile A\u011fustos ay\u0131nda ger\u00e7ekle\u015ftirdik. Bug\u00fcn de Akdeniz \u015eefler Kul\u00fcb\u00fcm\u00fcz ile d\u00fcnyan\u0131n mutfak y\u0131ld\u0131zlar\u0131n\u0131 5. kez bulu\u015fturuyoruz. Yiyecek ve i\u00e7ecek sekt\u00f6r\u00fcndeki usta yar\u0131\u015fmac\u0131lar, yerli ve yabanc\u0131 j\u00fcri \u00fcyelerinin oylar\u0131 ile ba\u015far\u0131lar\u0131n\u0131 tescil edecekler. Ayr\u0131ca \u00e7al\u0131\u015ftaylar, sunumlar, paneller, \u00fcr\u00fcn tad\u0131mlar\u0131 gibi bir\u00e7ok farkl\u0131 etkinlik ger\u00e7ekle\u015ftirilecek. Mutfak sanat\u0131m\u0131z\u0131, gastronomi sekt\u00f6r\u00fcm\u00fcz\u00fc siz de\u011ferli \u015feflerimizle daha \u00fcst seviyelere \u00e7\u0131karaca\u011f\u0131z\u201d diye konu\u015ftu. Vali \u015eahin gastronominin \u00f6nemine de\u011findi Vali Hulusi \u015eahin de turizmle ayr\u0131lmaz ikili olan gastronominin \u00f6nemine de\u011finerek, \u201c40 \u00fclkeden gelen \u015feflerimize, say\u0131s\u0131 binleri ge\u00e7en yar\u0131\u015fmac\u0131lar\u0131m\u0131za te\u015fekk\u00fcr ediyorum. Turizmin ba\u015fkenti olarak, turizmle ayr\u0131lmaz bir ikili olan gastronomiye de ba\u015fkentlik edecektik. Bunu ba\u015farm\u0131\u015f oldunuz. Bu muhte\u015fem co\u011frafyada bizim de\u011ferli \u00fcr\u00fcnlerimiz var. K\u00f6kl\u00fc k\u00fclt\u00fcr\u00fcm\u00fcz sonucu de\u011ferli bir de mutfa\u011f\u0131m\u0131z var. T\u00fcrkiye\u2019de \u015feflik mesle\u011fine b\u00fcy\u00fck bir ilgi var. Bu etkinlik, &hellip;\" \/>\n<meta property=\"og:url\" content=\"https:\/\/denizcankizil.tr\/en\/haberler\/antalya\/gastroantalya-kapilarini-acti\/\" \/>\n<meta property=\"og:site_name\" content=\"Av. Deniz Can K\u0131z\u0131l\" \/>\n<meta property=\"article:published_time\" content=\"2024-11-14T14:43:10+00:00\" \/>\n<meta property=\"og:image\" content=\"https:\/\/denizcankizil.tr\/wp-content\/uploads\/2024\/11\/3087-01-Y2bfNF.jpeg\" \/>\n\t<meta property=\"og:image:width\" content=\"1280\" \/>\n\t<meta property=\"og:image:height\" content=\"720\" \/>\n\t<meta property=\"og:image:type\" content=\"image\/jpeg\" \/>\n<meta name=\"twitter:card\" content=\"summary_large_image\" \/>\n<meta name=\"twitter:label1\" content=\"Estimated reading time\" \/>\n\t<meta name=\"twitter:data1\" content=\"2 minutes\" \/>\n<script type=\"application\/ld+json\" class=\"yoast-schema-graph\">{\"@context\":\"https:\/\/schema.org\",\"@graph\":[{\"@type\":\"Article\",\"@id\":\"https:\/\/denizcankizil.tr\/en\/haberler\/antalya\/gastroantalya-kapilarini-acti\/#article\",\"isPartOf\":{\"@id\":\"https:\/\/denizcankizil.tr\/en\/haberler\/antalya\/gastroantalya-kapilarini-acti\/\"},\"author\":{\"name\":\"\",\"@id\":\"\"},\"headline\":\"GastroAntalya kap\u0131lar\u0131n\u0131 a\u00e7t\u0131\",\"datePublished\":\"2024-11-14T14:43:10+00:00\",\"mainEntityOfPage\":{\"@id\":\"https:\/\/denizcankizil.tr\/en\/haberler\/antalya\/gastroantalya-kapilarini-acti\/\"},\"wordCount\":455,\"commentCount\":0,\"publisher\":{\"@id\":\"https:\/\/denizcankizil.tr\/#organization\"},\"image\":{\"@id\":\"https:\/\/denizcankizil.tr\/en\/haberler\/antalya\/gastroantalya-kapilarini-acti\/#primaryimage\"},\"thumbnailUrl\":\"https:\/\/denizcankizil.tr\/wp-content\/uploads\/2024\/11\/3087-01-Y2bfNF.jpeg\",\"articleSection\":[\"Antalya\",\"Uncategorized\"],\"inLanguage\":\"en-GB\",\"potentialAction\":[{\"@type\":\"CommentAction\",\"name\":\"Comment\",\"target\":[\"https:\/\/denizcankizil.tr\/en\/haberler\/antalya\/gastroantalya-kapilarini-acti\/#respond\"]}]},{\"@type\":\"WebPage\",\"@id\":\"https:\/\/denizcankizil.tr\/en\/haberler\/antalya\/gastroantalya-kapilarini-acti\/\",\"url\":\"https:\/\/denizcankizil.tr\/en\/haberler\/antalya\/gastroantalya-kapilarini-acti\/\",\"name\":\"GastroAntalya kap\u0131lar\u0131n\u0131 a\u00e7t\u0131 - Av. Deniz Can K\u0131z\u0131l\",\"isPartOf\":{\"@id\":\"https:\/\/denizcankizil.tr\/#website\"},\"primaryImageOfPage\":{\"@id\":\"https:\/\/denizcankizil.tr\/en\/haberler\/antalya\/gastroantalya-kapilarini-acti\/#primaryimage\"},\"image\":{\"@id\":\"https:\/\/denizcankizil.tr\/en\/haberler\/antalya\/gastroantalya-kapilarini-acti\/#primaryimage\"},\"thumbnailUrl\":\"https:\/\/denizcankizil.tr\/wp-content\/uploads\/2024\/11\/3087-01-Y2bfNF.jpeg\",\"datePublished\":\"2024-11-14T14:43:10+00:00\",\"breadcrumb\":{\"@id\":\"https:\/\/denizcankizil.tr\/en\/haberler\/antalya\/gastroantalya-kapilarini-acti\/#breadcrumb\"},\"inLanguage\":\"en-GB\",\"potentialAction\":[{\"@type\":\"ReadAction\",\"target\":[\"https:\/\/denizcankizil.tr\/en\/haberler\/antalya\/gastroantalya-kapilarini-acti\/\"]}]},{\"@type\":\"ImageObject\",\"inLanguage\":\"en-GB\",\"@id\":\"https:\/\/denizcankizil.tr\/en\/haberler\/antalya\/gastroantalya-kapilarini-acti\/#primaryimage\",\"url\":\"https:\/\/denizcankizil.tr\/wp-content\/uploads\/2024\/11\/3087-01-Y2bfNF.jpeg\",\"contentUrl\":\"https:\/\/denizcankizil.tr\/wp-content\/uploads\/2024\/11\/3087-01-Y2bfNF.jpeg\",\"width\":1280,\"height\":720},{\"@type\":\"BreadcrumbList\",\"@id\":\"https:\/\/denizcankizil.tr\/en\/haberler\/antalya\/gastroantalya-kapilarini-acti\/#breadcrumb\",\"itemListElement\":[{\"@type\":\"ListItem\",\"position\":1,\"name\":\"Home\",\"item\":\"https:\/\/denizcankizil.tr\/de\/\"},{\"@type\":\"ListItem\",\"position\":2,\"name\":\"GastroAntalya kap\u0131lar\u0131n\u0131 a\u00e7t\u0131\"}]},{\"@type\":\"WebSite\",\"@id\":\"https:\/\/denizcankizil.tr\/#website\",\"url\":\"https:\/\/denizcankizil.tr\/\",\"name\":\"Av. Deniz Can K\u0131z\u0131l\",\"description\":\"Avukat Deniz Can K\u0131z\u0131l Antalya Barosu\",\"publisher\":{\"@id\":\"https:\/\/denizcankizil.tr\/#organization\"},\"potentialAction\":[{\"@type\":\"SearchAction\",\"target\":{\"@type\":\"EntryPoint\",\"urlTemplate\":\"https:\/\/denizcankizil.tr\/?s={search_term_string}\"},\"query-input\":{\"@type\":\"PropertyValueSpecification\",\"valueRequired\":true,\"valueName\":\"search_term_string\"}}],\"inLanguage\":\"en-GB\"},{\"@type\":\"Organization\",\"@id\":\"https:\/\/denizcankizil.tr\/#organization\",\"name\":\"Av. Deniz Can K\u0131z\u0131l\",\"url\":\"https:\/\/denizcankizil.tr\/\",\"logo\":{\"@type\":\"ImageObject\",\"inLanguage\":\"en-GB\",\"@id\":\"https:\/\/denizcankizil.tr\/#\/schema\/logo\/image\/\",\"url\":\"https:\/\/denizcankizil.tr\/wp-content\/uploads\/2024\/10\/siyah-logo-svg.svg\",\"contentUrl\":\"https:\/\/denizcankizil.tr\/wp-content\/uploads\/2024\/10\/siyah-logo-svg.svg\",\"width\":1080,\"height\":1080,\"caption\":\"Av. Deniz Can K\u0131z\u0131l\"},\"image\":{\"@id\":\"https:\/\/denizcankizil.tr\/#\/schema\/logo\/image\/\"}}]}<\/script>\n<!-- \/ Yoast SEO Premium plugin. -->","yoast_head_json":{"title":"GastroAntalya kap\u0131lar\u0131n\u0131 a\u00e7t\u0131 - Av. Deniz Can K\u0131z\u0131l","robots":{"index":"index","follow":"follow","max-snippet":"max-snippet:-1","max-image-preview":"max-image-preview:large","max-video-preview":"max-video-preview:-1"},"canonical":"https:\/\/denizcankizil.tr\/en\/haberler\/antalya\/gastroantalya-kapilarini-acti\/","og_locale":"en_GB","og_type":"article","og_title":"GastroAntalya kap\u0131lar\u0131n\u0131 a\u00e7t\u0131","og_description":"Antalya B\u00fcy\u00fck\u015fehir Belediyesi\u2019nin katk\u0131lar\u0131yla Akdeniz \u015eefler Kul\u00fcb\u00fc taraf\u0131ndan d\u00fczenlenen etkinli\u011fin a\u00e7\u0131l\u0131\u015f\u0131 Antalya Valisi Hulusi \u015eahin, Antalya B\u00fcy\u00fck\u015fehir Belediye Ba\u015fkan\u0131 Muhittin B\u00f6cek\u2019in de kat\u0131ld\u0131\u011f\u0131 bir t\u00f6renle ger\u00e7ekle\u015fti. Antalya ad\u0131na son derece \u00f6nemli T\u00f6renin a\u00e7\u0131l\u0131\u015f\u0131nda konu\u015fan Antalya B\u00fcy\u00fck\u015fehir Belediye Ba\u015fkan\u0131 Muhittin B\u00f6cek, bu t\u00fcr etkinlikleri Antalya ad\u0131na son derece \u00f6nemsediklerini s\u00f6yledi. Antalya\u2019n\u0131n zengin mutfak k\u00fclt\u00fcr\u00fcn\u00fc t\u00fcm d\u00fcnyaya tan\u0131t\u0131lmas\u0131 gerekti\u011fine dikkat \u00e7eken Ba\u015fkan B\u00f6cek, \u201cKentimize gastronomi alan\u0131nda hak etti\u011fi de\u011feri kazand\u0131rmak i\u00e7in ba\u015flatt\u0131\u011f\u0131m\u0131z Uluslararas\u0131 Food Fest Antalya Gastronomi Festivali\u2019nin 3\u2019\u00fcnc\u00fcs\u00fcn\u00fc rekor kat\u0131l\u0131m ile A\u011fustos ay\u0131nda ger\u00e7ekle\u015ftirdik. Bug\u00fcn de Akdeniz \u015eefler Kul\u00fcb\u00fcm\u00fcz ile d\u00fcnyan\u0131n mutfak y\u0131ld\u0131zlar\u0131n\u0131 5. kez bulu\u015fturuyoruz. Yiyecek ve i\u00e7ecek sekt\u00f6r\u00fcndeki usta yar\u0131\u015fmac\u0131lar, yerli ve yabanc\u0131 j\u00fcri \u00fcyelerinin oylar\u0131 ile ba\u015far\u0131lar\u0131n\u0131 tescil edecekler. Ayr\u0131ca \u00e7al\u0131\u015ftaylar, sunumlar, paneller, \u00fcr\u00fcn tad\u0131mlar\u0131 gibi bir\u00e7ok farkl\u0131 etkinlik ger\u00e7ekle\u015ftirilecek. Mutfak sanat\u0131m\u0131z\u0131, gastronomi sekt\u00f6r\u00fcm\u00fcz\u00fc siz de\u011ferli \u015feflerimizle daha \u00fcst seviyelere \u00e7\u0131karaca\u011f\u0131z\u201d diye konu\u015ftu. Vali \u015eahin gastronominin \u00f6nemine de\u011findi Vali Hulusi \u015eahin de turizmle ayr\u0131lmaz ikili olan gastronominin \u00f6nemine de\u011finerek, \u201c40 \u00fclkeden gelen \u015feflerimize, say\u0131s\u0131 binleri ge\u00e7en yar\u0131\u015fmac\u0131lar\u0131m\u0131za te\u015fekk\u00fcr ediyorum. Turizmin ba\u015fkenti olarak, turizmle ayr\u0131lmaz bir ikili olan gastronomiye de ba\u015fkentlik edecektik. Bunu ba\u015farm\u0131\u015f oldunuz. Bu muhte\u015fem co\u011frafyada bizim de\u011ferli \u00fcr\u00fcnlerimiz var. K\u00f6kl\u00fc k\u00fclt\u00fcr\u00fcm\u00fcz sonucu de\u011ferli bir de mutfa\u011f\u0131m\u0131z var. T\u00fcrkiye\u2019de \u015feflik mesle\u011fine b\u00fcy\u00fck bir ilgi var. Bu etkinlik, &hellip;","og_url":"https:\/\/denizcankizil.tr\/en\/haberler\/antalya\/gastroantalya-kapilarini-acti\/","og_site_name":"Av. Deniz Can K\u0131z\u0131l","article_published_time":"2024-11-14T14:43:10+00:00","og_image":[{"width":1280,"height":720,"url":"https:\/\/denizcankizil.tr\/wp-content\/uploads\/2024\/11\/3087-01-Y2bfNF.jpeg","type":"image\/jpeg"}],"twitter_card":"summary_large_image","twitter_misc":{"Estimated reading time":"2 minutes"},"schema":{"@context":"https:\/\/schema.org","@graph":[{"@type":"Article","@id":"https:\/\/denizcankizil.tr\/en\/haberler\/antalya\/gastroantalya-kapilarini-acti\/#article","isPartOf":{"@id":"https:\/\/denizcankizil.tr\/en\/haberler\/antalya\/gastroantalya-kapilarini-acti\/"},"author":{"name":"","@id":""},"headline":"GastroAntalya kap\u0131lar\u0131n\u0131 a\u00e7t\u0131","datePublished":"2024-11-14T14:43:10+00:00","mainEntityOfPage":{"@id":"https:\/\/denizcankizil.tr\/en\/haberler\/antalya\/gastroantalya-kapilarini-acti\/"},"wordCount":455,"commentCount":0,"publisher":{"@id":"https:\/\/denizcankizil.tr\/#organization"},"image":{"@id":"https:\/\/denizcankizil.tr\/en\/haberler\/antalya\/gastroantalya-kapilarini-acti\/#primaryimage"},"thumbnailUrl":"https:\/\/denizcankizil.tr\/wp-content\/uploads\/2024\/11\/3087-01-Y2bfNF.jpeg","articleSection":["Antalya","Uncategorized"],"inLanguage":"en-GB","potentialAction":[{"@type":"CommentAction","name":"Comment","target":["https:\/\/denizcankizil.tr\/en\/haberler\/antalya\/gastroantalya-kapilarini-acti\/#respond"]}]},{"@type":"WebPage","@id":"https:\/\/denizcankizil.tr\/en\/haberler\/antalya\/gastroantalya-kapilarini-acti\/","url":"https:\/\/denizcankizil.tr\/en\/haberler\/antalya\/gastroantalya-kapilarini-acti\/","name":"GastroAntalya kap\u0131lar\u0131n\u0131 a\u00e7t\u0131 - Av. Deniz Can K\u0131z\u0131l","isPartOf":{"@id":"https:\/\/denizcankizil.tr\/#website"},"primaryImageOfPage":{"@id":"https:\/\/denizcankizil.tr\/en\/haberler\/antalya\/gastroantalya-kapilarini-acti\/#primaryimage"},"image":{"@id":"https:\/\/denizcankizil.tr\/en\/haberler\/antalya\/gastroantalya-kapilarini-acti\/#primaryimage"},"thumbnailUrl":"https:\/\/denizcankizil.tr\/wp-content\/uploads\/2024\/11\/3087-01-Y2bfNF.jpeg","datePublished":"2024-11-14T14:43:10+00:00","breadcrumb":{"@id":"https:\/\/denizcankizil.tr\/en\/haberler\/antalya\/gastroantalya-kapilarini-acti\/#breadcrumb"},"inLanguage":"en-GB","potentialAction":[{"@type":"ReadAction","target":["https:\/\/denizcankizil.tr\/en\/haberler\/antalya\/gastroantalya-kapilarini-acti\/"]}]},{"@type":"ImageObject","inLanguage":"en-GB","@id":"https:\/\/denizcankizil.tr\/en\/haberler\/antalya\/gastroantalya-kapilarini-acti\/#primaryimage","url":"https:\/\/denizcankizil.tr\/wp-content\/uploads\/2024\/11\/3087-01-Y2bfNF.jpeg","contentUrl":"https:\/\/denizcankizil.tr\/wp-content\/uploads\/2024\/11\/3087-01-Y2bfNF.jpeg","width":1280,"height":720},{"@type":"BreadcrumbList","@id":"https:\/\/denizcankizil.tr\/en\/haberler\/antalya\/gastroantalya-kapilarini-acti\/#breadcrumb","itemListElement":[{"@type":"ListItem","position":1,"name":"Home","item":"https:\/\/denizcankizil.tr\/de\/"},{"@type":"ListItem","position":2,"name":"GastroAntalya kap\u0131lar\u0131n\u0131 a\u00e7t\u0131"}]},{"@type":"WebSite","@id":"https:\/\/denizcankizil.tr\/#website","url":"https:\/\/denizcankizil.tr\/","name":"Av. Deniz Can K\u0131z\u0131l","description":"Avukat Deniz Can K\u0131z\u0131l Antalya Barosu","publisher":{"@id":"https:\/\/denizcankizil.tr\/#organization"},"potentialAction":[{"@type":"SearchAction","target":{"@type":"EntryPoint","urlTemplate":"https:\/\/denizcankizil.tr\/?s={search_term_string}"},"query-input":{"@type":"PropertyValueSpecification","valueRequired":true,"valueName":"search_term_string"}}],"inLanguage":"en-GB"},{"@type":"Organization","@id":"https:\/\/denizcankizil.tr\/#organization","name":"Av. Deniz Can K\u0131z\u0131l","url":"https:\/\/denizcankizil.tr\/","logo":{"@type":"ImageObject","inLanguage":"en-GB","@id":"https:\/\/denizcankizil.tr\/#\/schema\/logo\/image\/","url":"https:\/\/denizcankizil.tr\/wp-content\/uploads\/2024\/10\/siyah-logo-svg.svg","contentUrl":"https:\/\/denizcankizil.tr\/wp-content\/uploads\/2024\/10\/siyah-logo-svg.svg","width":1080,"height":1080,"caption":"Av. Deniz Can K\u0131z\u0131l"},"image":{"@id":"https:\/\/denizcankizil.tr\/#\/schema\/logo\/image\/"}}]}},"_links":{"self":[{"href":"https:\/\/denizcankizil.tr\/en\/wp-json\/wp\/v2\/posts\/15906","targetHints":{"allow":["GET"]}}],"collection":[{"href":"https:\/\/denizcankizil.tr\/en\/wp-json\/wp\/v2\/posts"}],"about":[{"href":"https:\/\/denizcankizil.tr\/en\/wp-json\/wp\/v2\/types\/post"}],"replies":[{"embeddable":true,"href":"https:\/\/denizcankizil.tr\/en\/wp-json\/wp\/v2\/comments?post=15906"}],"version-history":[{"count":0,"href":"https:\/\/denizcankizil.tr\/en\/wp-json\/wp\/v2\/posts\/15906\/revisions"}],"wp:featuredmedia":[{"embeddable":true,"href":"https:\/\/denizcankizil.tr\/en\/wp-json\/wp\/v2\/media\/15907"}],"wp:attachment":[{"href":"https:\/\/denizcankizil.tr\/en\/wp-json\/wp\/v2\/media?parent=15906"}],"wp:term":[{"taxonomy":"category","embeddable":true,"href":"https:\/\/denizcankizil.tr\/en\/wp-json\/wp\/v2\/categories?post=15906"},{"taxonomy":"post_tag","embeddable":true,"href":"https:\/\/denizcankizil.tr\/en\/wp-json\/wp\/v2\/tags?post=15906"}],"curies":[{"name":"wp","href":"https:\/\/api.w.org\/{rel}","templated":true}]}}