{"id":15808,"date":"2024-11-13T21:41:31","date_gmt":"2024-11-13T18:41:31","guid":{"rendered":"https:\/\/denizcankizil.tr\/uncategorized-tr\/meb-ve-wwf-turkiyeden-yeni-protokol\/"},"modified":"2024-11-13T21:41:31","modified_gmt":"2024-11-13T18:41:31","slug":"meb-ve-wwf-turkiyeden-yeni-protokol","status":"publish","type":"post","link":"https:\/\/denizcankizil.tr\/en\/haberler\/gundem\/meb-ve-wwf-turkiyeden-yeni-protokol\/","title":{"rendered":"MEB ve WWF-T\u00fcrkiye&#8217;den yeni protokol"},"content":{"rendered":"<p>T.C. Mill\u00ee E\u011fitim Bakanl\u0131\u011f\u0131 Temel E\u011fitim Genel M\u00fcd\u00fcrl\u00fc\u011f\u00fc ve WWF-T\u00fcrkiye (Do\u011fal Hayat\u0131 Koruma Vakf\u0131), Do\u011fa \u00d6nc\u00fcleri Program\u0131\u2019na y\u00f6nelik i\u015f birli\u011fi protokol\u00fc 2024 \u2013 2027 y\u0131llar\u0131n\u0131 kapsayacak \u015fekilde yenilendi.\u0130STANBUL (\u0130GFA) &#8211; 2017 y\u0131l\u0131nda WWF-T\u00fcrkiye\u2019nin giri\u015fimi ile ba\u015flayan, 2019 y\u0131l\u0131nda T.C. Mill\u00ee E\u011fitim Bakanl\u0131\u011f\u0131 Temel E\u011fitim Genel M\u00fcd\u00fcrl\u00fc\u011f\u00fc ile imzalanan protokolle g\u00fc\u00e7lenerek T\u00fcrkiye geneline yay\u0131lan Do\u011fa \u00d6nc\u00fcleri Program\u0131 kapsam\u0131nda bug\u00fcne dek 3 bin okul ve 30 bin \u00f6\u011frenciye ula\u015f\u0131ld\u0131.\u00a0<br \/>\nTOPLUMSAL D\u00d6N\u00dc\u015e\u00dcM VE DO\u011eA KORUMA \u00c7ALI\u015eMALARINI TE\u015eV\u0130K EDEN EYLEM PROGRAMI<br \/>\nOrtaokul \u00f6\u011frencilerinedo\u011fada ve toplumda g\u00f6rmek istedikleri de\u011fi\u015fimi hayata ge\u00e7irmelerine olanak sa\u011flayan Do\u011fa \u00d6nc\u00fcleri, \u00f6\u011frencilerin liderlik ve proje y\u00f6netimi becerilerini geli\u015ftiren, toplumsal d\u00f6n\u00fc\u015f\u00fcm ve do\u011fa koruma \u00e7al\u0131\u015fmalar\u0131na kat\u0131l\u0131m\u0131 te\u015fvik eden bir eylem program\u0131d\u0131r. WWF-T\u00fcrkiye g\u00f6n\u00fcll\u00fcl\u00fck program\u0131 kapsam\u0131nda g\u00f6n\u00fcll\u00fclerinin rehberlik etti\u011fiDo\u011fa \u00d6nc\u00fcleri Program\u0131 ile ortaokul \u00f6\u011frencileri, \u00f6\u011fretmen ment\u00f6rl\u00fc\u011f\u00fcnde S\u00fcrd\u00fcr\u00fclebilir G\u0131da ve G\u0131da At\u0131klar\u0131, Tatl\u0131 Su ve Denizler, Biyo\u00e7e\u015fitlilik, Yaban Hayat\u0131 ve Do\u011fa, Plastikler ve \u0130klim &#8211; Enerjikonular\u0131nda yenilik\u00e7i ve d\u00f6n\u00fc\u015ft\u00fcr\u00fcc\u00fc projeler \u00fcretiyor.\u00a0<br \/>\n\u201cGEN\u00c7LER\u0130M\u0130ZLE VE GEN\u00c7LER\u0130M\u0130ZDEN \u00c7\u00d6Z\u00dcM\u00dc DO\u011eADA ARAMAYI \u00d6\u011eREN\u0130YORUZ\u201d<br \/>\nWWF-T\u00fcrkiye Genel M\u00fcd\u00fcr\u00fc \u00d6m\u00fcr Kula Do\u011fa \u00d6nc\u00fcleri Program\u0131\u2019n\u0131n yeni d\u00f6nemi ile ilgili \u201c\u00c7ocuklar\u0131n do\u011fam\u0131z\u0131, d\u00fcnyam\u0131z\u0131 koruma tutkular\u0131n\u0131, daha ye\u015fil bir gelece\u011fe y\u00f6nelik hayallerini desteklemek amac\u0131yla yola \u00e7\u0131kt\u0131\u011f\u0131m\u0131z Do\u011fa \u00d6nc\u00fcleri Program\u0131na kat\u0131lan \u00f6\u011frenciler bug\u00fcne dek bize \u00e7\u00f6z\u00fcm\u00fcn do\u011fada oldu\u011funu g\u00f6sterdi. Gen\u00e7lerimizle ve gen\u00e7lerimizden \u00e7\u00f6z\u00fcm\u00fc do\u011fada aramay\u0131 \u00f6\u011frendik\u00e7e, hep birlikte iyile\u015fece\u011fiz. MEB, WWF-T\u00fcrkiye olarak,y\u0131llara yay\u0131lan kamu &#8211; sivil toplum i\u015fbirli\u011fimizlegen\u00e7lerimize yol a\u00e7mam\u0131z gerekti\u011fini biliyoruz. Onlardan da heyecanlar\u0131n\u0131 yitirmeden hayat boyu do\u011fa \u00f6nc\u00fcs\u00fc olmalar\u0131n\u0131 istiyoruz. Do\u011fa \u00d6nc\u00fclerinin yeni d\u00f6nemde daha fazla gen\u00e7te do\u011fa koruma tutkusunun canlanmas\u0131na, do\u011fal kaynaklar\u0131m\u0131z\u0131 korumaki\u00e7in yenilik\u00e7i \u00e7\u00f6z\u00fcmler \u00fcretmelerine vesile olmas\u0131n\u0131 diliyorum\u201d dedi.<br \/>\nFORMAT\u00d6R \u00d6\u011eRETMEN E\u011e\u0130T\u0130M\u0130<br \/>\nDo\u011fa \u00d6nc\u00fcleriProgram\u0131n\u0131n 2024 &#8211; 2025 e\u011fitim \u00f6\u011fretim y\u0131l\u0131 y\u00fcz y\u00fcze format\u00f6r \u00f6\u011fretmen e\u011fitimleri 25 &#8211; 29 Kas\u0131m tarihleri aras\u0131nda d\u00fczenlenecek. Program kapsam\u0131nda her y\u0131l farkl\u0131 illerden, Milli E\u011fitim Bakanl\u0131\u011f\u0131\u2019n\u0131n belirledi\u011fi 10 \u00f6\u011fretmene format\u00f6r \u00f6\u011fretmen e\u011fitimi veriliyor. Format\u00f6r \u00f6\u011fretmenler, WWF-T\u00fcrkiye uzmanlar\u0131ndan ald\u0131klar\u0131 S\u00fcrd\u00fcr\u00fclebilir G\u0131da ve G\u0131da At\u0131klar\u0131, Tatl\u0131 Su ve Denizler, Biyo\u00e7e\u015fitlilik, Yaban Hayat\u0131 ve Do\u011fa, Plastikler ve \u0130klim -Enerji konulu e\u011fitimleri, kendi illerinde y\u00fczlerce \u00f6\u011fretmene ula\u015ft\u0131rarakolu\u015fturduklar\u0131 geni\u015f a\u011f ile do\u011fa koruma projelerinin yayg\u0131nla\u015fmas\u0131na katk\u0131da bulunacak.<br \/>\nFormat\u00f6r \u00d6\u011fretmen E\u011fitimlerinin ard\u0131ndan program kapsam\u0131ndaki online e\u011fitim platformu sayesinde \u00f6\u011fretmen ve \u00f6\u011frencilere,be\u015f mod\u00fclde hayata ge\u00e7irebilecekleri projelerde yararlanabilecekleri i\u00e7erikler ve e\u011fitimler sunulacak. Mod\u00fclleri tamamlayan okullar, proje yazarak projeyi y\u00fcr\u00fctmeye hak kazan\u0131rken program sonunda se\u00e7ilen projeler \u0130stanbul\u2019da d\u00fczenlenecek Do\u011fa \u00d6nc\u00fcleri Ulusal Konferans\u0131\u2019nda kamuoyuna tan\u0131t\u0131lacak.\u00a0\u00a0<\/p>\n<p>\u200bT C  Mill\u00ee E\u011fitim Bakanl\u0131\u011f\u0131 Temel E\u011fitim Genel M\u00fcd\u00fcrl\u00fc\u011f\u00fc ve WWF-T\u00fcrkiye (Do\u011fal Hayat\u0131 Koruma Vakf\u0131), Do\u011fa \u00d6nc\u00fcleri Program\u0131\u2019na y\u00f6nelik i\u015f birli\u011fi protokol\u00fc 2024 \u2013 2027 y\u0131llar\u0131n\u0131 kapsayacak \u015fekilde yenilendi\u00a0<\/p>\n<p>\u200bHaberin Al\u0131nt\u0131land\u0131\u011f\u0131 Kaynak: www.iskenderun.org<\/p>","protected":false},"excerpt":{"rendered":"<p>T.C. Mill\u00ee E\u011fitim Bakanl\u0131\u011f\u0131 Temel E\u011fitim Genel M\u00fcd\u00fcrl\u00fc\u011f\u00fc ve WWF-T\u00fcrkiye (Do\u011fal Hayat\u0131 Koruma Vakf\u0131), Do\u011fa \u00d6nc\u00fcleri Program\u0131\u2019na y\u00f6nelik i\u015f birli\u011fi protokol\u00fc 2024 \u2013 2027 y\u0131llar\u0131n\u0131 kapsayacak \u015fekilde yenilendi.\u0130STANBUL (\u0130GFA) &#8211; 2017 y\u0131l\u0131nda WWF-T\u00fcrkiye\u2019nin giri\u015fimi ile ba\u015flayan, 2019 y\u0131l\u0131nda T.C. Mill\u00ee E\u011fitim Bakanl\u0131\u011f\u0131 Temel E\u011fitim Genel M\u00fcd\u00fcrl\u00fc\u011f\u00fc ile imzalanan protokolle g\u00fc\u00e7lenerek T\u00fcrkiye geneline yay\u0131lan Do\u011fa \u00d6nc\u00fcleri Program\u0131 kapsam\u0131nda bug\u00fcne dek 3 bin okul ve 30 bin \u00f6\u011frenciye ula\u015f\u0131ld\u0131.\u00a0 TOPLUMSAL D\u00d6N\u00dc\u015e\u00dcM VE DO\u011eA KORUMA \u00c7ALI\u015eMALARINI TE\u015eV\u0130K EDEN EYLEM PROGRAMI Ortaokul \u00f6\u011frencilerinedo\u011fada ve toplumda g\u00f6rmek istedikleri de\u011fi\u015fimi hayata ge\u00e7irmelerine olanak sa\u011flayan Do\u011fa \u00d6nc\u00fcleri, \u00f6\u011frencilerin liderlik ve proje y\u00f6netimi becerilerini geli\u015ftiren, toplumsal d\u00f6n\u00fc\u015f\u00fcm ve do\u011fa koruma \u00e7al\u0131\u015fmalar\u0131na kat\u0131l\u0131m\u0131 te\u015fvik eden bir eylem program\u0131d\u0131r. WWF-T\u00fcrkiye g\u00f6n\u00fcll\u00fcl\u00fck program\u0131 kapsam\u0131nda g\u00f6n\u00fcll\u00fclerinin rehberlik etti\u011fiDo\u011fa \u00d6nc\u00fcleri Program\u0131 ile ortaokul \u00f6\u011frencileri, \u00f6\u011fretmen ment\u00f6rl\u00fc\u011f\u00fcnde S\u00fcrd\u00fcr\u00fclebilir G\u0131da ve G\u0131da At\u0131klar\u0131, Tatl\u0131 Su ve Denizler, Biyo\u00e7e\u015fitlilik, Yaban Hayat\u0131 ve Do\u011fa, Plastikler ve \u0130klim &#8211; Enerjikonular\u0131nda yenilik\u00e7i ve d\u00f6n\u00fc\u015ft\u00fcr\u00fcc\u00fc projeler \u00fcretiyor.\u00a0 \u201cGEN\u00c7LER\u0130M\u0130ZLE VE GEN\u00c7LER\u0130M\u0130ZDEN \u00c7\u00d6Z\u00dcM\u00dc DO\u011eADA ARAMAYI \u00d6\u011eREN\u0130YORUZ\u201d WWF-T\u00fcrkiye Genel M\u00fcd\u00fcr\u00fc \u00d6m\u00fcr Kula Do\u011fa \u00d6nc\u00fcleri Program\u0131\u2019n\u0131n yeni d\u00f6nemi ile ilgili \u201c\u00c7ocuklar\u0131n do\u011fam\u0131z\u0131, d\u00fcnyam\u0131z\u0131 koruma tutkular\u0131n\u0131, daha ye\u015fil bir gelece\u011fe y\u00f6nelik hayallerini desteklemek amac\u0131yla yola \u00e7\u0131kt\u0131\u011f\u0131m\u0131z Do\u011fa \u00d6nc\u00fcleri Program\u0131na kat\u0131lan \u00f6\u011frenciler bug\u00fcne dek bize \u00e7\u00f6z\u00fcm\u00fcn do\u011fada oldu\u011funu g\u00f6sterdi. Gen\u00e7lerimizle ve gen\u00e7lerimizden \u00e7\u00f6z\u00fcm\u00fc do\u011fada aramay\u0131 \u00f6\u011frendik\u00e7e, &hellip;<\/p>","protected":false},"author":0,"featured_media":0,"comment_status":"open","ping_status":"open","sticky":false,"template":"","format":"standard","meta":{"_acf_changed":false,"footnotes":""},"categories":[24,535],"tags":[],"class_list":["post-15808","post","type-post","status-publish","format-standard","has-post-thumbnail","hentry","category-gundem","category-uncategorized-tr"],"acf":[],"yoast_head":"<!-- This site is optimized with the Yoast SEO Premium plugin v26.6 (Yoast SEO v27.1.1) - https:\/\/yoast.com\/product\/yoast-seo-premium-wordpress\/ -->\n<title>MEB ve WWF-T\u00fcrkiye&#039;den yeni protokol - Av. Deniz Can K\u0131z\u0131l<\/title>\n<meta name=\"robots\" content=\"index, follow, max-snippet:-1, max-image-preview:large, max-video-preview:-1\" \/>\n<link rel=\"canonical\" href=\"http:\/\/denizcankizil.tr\/en\/haberler\/gundem\/meb-ve-wwf-turkiyeden-yeni-protokol\/\" \/>\n<meta property=\"og:locale\" content=\"en_GB\" \/>\n<meta property=\"og:type\" content=\"article\" \/>\n<meta property=\"og:title\" content=\"MEB ve WWF-T\u00fcrkiye&#039;den yeni protokol\" \/>\n<meta property=\"og:description\" content=\"T.C. Mill\u00ee E\u011fitim Bakanl\u0131\u011f\u0131 Temel E\u011fitim Genel M\u00fcd\u00fcrl\u00fc\u011f\u00fc ve WWF-T\u00fcrkiye (Do\u011fal Hayat\u0131 Koruma Vakf\u0131), Do\u011fa \u00d6nc\u00fcleri Program\u0131\u2019na y\u00f6nelik i\u015f birli\u011fi protokol\u00fc 2024 \u2013 2027 y\u0131llar\u0131n\u0131 kapsayacak \u015fekilde yenilendi.\u0130STANBUL (\u0130GFA) &#8211; 2017 y\u0131l\u0131nda WWF-T\u00fcrkiye\u2019nin giri\u015fimi ile ba\u015flayan, 2019 y\u0131l\u0131nda T.C. Mill\u00ee E\u011fitim Bakanl\u0131\u011f\u0131 Temel E\u011fitim Genel M\u00fcd\u00fcrl\u00fc\u011f\u00fc ile imzalanan protokolle g\u00fc\u00e7lenerek T\u00fcrkiye geneline yay\u0131lan Do\u011fa \u00d6nc\u00fcleri Program\u0131 kapsam\u0131nda bug\u00fcne dek 3 bin okul ve 30 bin \u00f6\u011frenciye ula\u015f\u0131ld\u0131.\u00a0 TOPLUMSAL D\u00d6N\u00dc\u015e\u00dcM VE DO\u011eA KORUMA \u00c7ALI\u015eMALARINI TE\u015eV\u0130K EDEN EYLEM PROGRAMI Ortaokul \u00f6\u011frencilerinedo\u011fada ve toplumda g\u00f6rmek istedikleri de\u011fi\u015fimi hayata ge\u00e7irmelerine olanak sa\u011flayan Do\u011fa \u00d6nc\u00fcleri, \u00f6\u011frencilerin liderlik ve proje y\u00f6netimi becerilerini geli\u015ftiren, toplumsal d\u00f6n\u00fc\u015f\u00fcm ve do\u011fa koruma \u00e7al\u0131\u015fmalar\u0131na kat\u0131l\u0131m\u0131 te\u015fvik eden bir eylem program\u0131d\u0131r. WWF-T\u00fcrkiye g\u00f6n\u00fcll\u00fcl\u00fck program\u0131 kapsam\u0131nda g\u00f6n\u00fcll\u00fclerinin rehberlik etti\u011fiDo\u011fa \u00d6nc\u00fcleri Program\u0131 ile ortaokul \u00f6\u011frencileri, \u00f6\u011fretmen ment\u00f6rl\u00fc\u011f\u00fcnde S\u00fcrd\u00fcr\u00fclebilir G\u0131da ve G\u0131da At\u0131klar\u0131, Tatl\u0131 Su ve Denizler, Biyo\u00e7e\u015fitlilik, Yaban Hayat\u0131 ve Do\u011fa, Plastikler ve \u0130klim &#8211; Enerjikonular\u0131nda yenilik\u00e7i ve d\u00f6n\u00fc\u015ft\u00fcr\u00fcc\u00fc projeler \u00fcretiyor.\u00a0 \u201cGEN\u00c7LER\u0130M\u0130ZLE VE GEN\u00c7LER\u0130M\u0130ZDEN \u00c7\u00d6Z\u00dcM\u00dc DO\u011eADA ARAMAYI \u00d6\u011eREN\u0130YORUZ\u201d WWF-T\u00fcrkiye Genel M\u00fcd\u00fcr\u00fc \u00d6m\u00fcr Kula Do\u011fa \u00d6nc\u00fcleri Program\u0131\u2019n\u0131n yeni d\u00f6nemi ile ilgili \u201c\u00c7ocuklar\u0131n do\u011fam\u0131z\u0131, d\u00fcnyam\u0131z\u0131 koruma tutkular\u0131n\u0131, daha ye\u015fil bir gelece\u011fe y\u00f6nelik hayallerini desteklemek amac\u0131yla yola \u00e7\u0131kt\u0131\u011f\u0131m\u0131z Do\u011fa \u00d6nc\u00fcleri Program\u0131na kat\u0131lan \u00f6\u011frenciler bug\u00fcne dek bize \u00e7\u00f6z\u00fcm\u00fcn do\u011fada oldu\u011funu g\u00f6sterdi. Gen\u00e7lerimizle ve gen\u00e7lerimizden \u00e7\u00f6z\u00fcm\u00fc do\u011fada aramay\u0131 \u00f6\u011frendik\u00e7e, &hellip;\" \/>\n<meta property=\"og:url\" content=\"http:\/\/denizcankizil.tr\/en\/haberler\/gundem\/meb-ve-wwf-turkiyeden-yeni-protokol\/\" \/>\n<meta property=\"og:site_name\" content=\"Av. Deniz Can K\u0131z\u0131l\" \/>\n<meta property=\"article:published_time\" content=\"2024-11-13T18:41:31+00:00\" \/>\n<meta name=\"twitter:card\" content=\"summary_large_image\" \/>\n<meta name=\"twitter:label1\" content=\"Estimated reading time\" \/>\n\t<meta name=\"twitter:data1\" content=\"3 minutes\" \/>\n<script type=\"application\/ld+json\" class=\"yoast-schema-graph\">{\"@context\":\"https:\/\/schema.org\",\"@graph\":[{\"@type\":\"Article\",\"@id\":\"http:\/\/denizcankizil.tr\/uk\/haberler\/gundem\/meb-ve-wwf-turkiyeden-yeni-protokol\/#article\",\"isPartOf\":{\"@id\":\"http:\/\/denizcankizil.tr\/uk\/haberler\/gundem\/meb-ve-wwf-turkiyeden-yeni-protokol\/\"},\"author\":{\"name\":\"\",\"@id\":\"\"},\"headline\":\"MEB ve WWF-T\u00fcrkiye&#8217;den yeni protokol\",\"datePublished\":\"2024-11-13T18:41:31+00:00\",\"mainEntityOfPage\":{\"@id\":\"http:\/\/denizcankizil.tr\/uk\/haberler\/gundem\/meb-ve-wwf-turkiyeden-yeni-protokol\/\"},\"wordCount\":644,\"commentCount\":0,\"publisher\":{\"@id\":\"https:\/\/denizcankizil.tr\/de\/#organization\"},\"articleSection\":[\"G\u00fcndem\",\"Uncategorized\"],\"inLanguage\":\"en-GB\",\"potentialAction\":[{\"@type\":\"CommentAction\",\"name\":\"Comment\",\"target\":[\"http:\/\/denizcankizil.tr\/uk\/haberler\/gundem\/meb-ve-wwf-turkiyeden-yeni-protokol\/#respond\"]}]},{\"@type\":\"WebPage\",\"@id\":\"http:\/\/denizcankizil.tr\/uk\/haberler\/gundem\/meb-ve-wwf-turkiyeden-yeni-protokol\/\",\"url\":\"http:\/\/denizcankizil.tr\/uk\/haberler\/gundem\/meb-ve-wwf-turkiyeden-yeni-protokol\/\",\"name\":\"MEB ve WWF-T\u00fcrkiye'den yeni protokol - Av. Deniz Can K\u0131z\u0131l\",\"isPartOf\":{\"@id\":\"https:\/\/denizcankizil.tr\/de\/#website\"},\"datePublished\":\"2024-11-13T18:41:31+00:00\",\"breadcrumb\":{\"@id\":\"http:\/\/denizcankizil.tr\/uk\/haberler\/gundem\/meb-ve-wwf-turkiyeden-yeni-protokol\/#breadcrumb\"},\"inLanguage\":\"en-GB\",\"potentialAction\":[{\"@type\":\"ReadAction\",\"target\":[\"http:\/\/denizcankizil.tr\/uk\/haberler\/gundem\/meb-ve-wwf-turkiyeden-yeni-protokol\/\"]}]},{\"@type\":\"BreadcrumbList\",\"@id\":\"http:\/\/denizcankizil.tr\/uk\/haberler\/gundem\/meb-ve-wwf-turkiyeden-yeni-protokol\/#breadcrumb\",\"itemListElement\":[{\"@type\":\"ListItem\",\"position\":1,\"name\":\"Home\",\"item\":\"https:\/\/denizcankizil.tr\/de\/\"},{\"@type\":\"ListItem\",\"position\":2,\"name\":\"MEB ve WWF-T\u00fcrkiye&#8217;den yeni protokol\"}]},{\"@type\":\"WebSite\",\"@id\":\"https:\/\/denizcankizil.tr\/de\/#website\",\"url\":\"https:\/\/denizcankizil.tr\/de\/\",\"name\":\"Av. Deniz Can K\u0131z\u0131l\",\"description\":\"Avukat Deniz Can K\u0131z\u0131l Antalya Barosu\",\"publisher\":{\"@id\":\"https:\/\/denizcankizil.tr\/de\/#organization\"},\"potentialAction\":[{\"@type\":\"SearchAction\",\"target\":{\"@type\":\"EntryPoint\",\"urlTemplate\":\"https:\/\/denizcankizil.tr\/de\/?s={search_term_string}\"},\"query-input\":{\"@type\":\"PropertyValueSpecification\",\"valueRequired\":true,\"valueName\":\"search_term_string\"}}],\"inLanguage\":\"en-GB\"},{\"@type\":\"Organization\",\"@id\":\"https:\/\/denizcankizil.tr\/de\/#organization\",\"name\":\"Av. Deniz Can K\u0131z\u0131l\",\"url\":\"https:\/\/denizcankizil.tr\/de\/\",\"logo\":{\"@type\":\"ImageObject\",\"inLanguage\":\"en-GB\",\"@id\":\"https:\/\/denizcankizil.tr\/de\/#\/schema\/logo\/image\/\",\"url\":\"https:\/\/denizcankizil.tr\/wp-content\/uploads\/2024\/10\/siyah-logo-svg.svg\",\"contentUrl\":\"https:\/\/denizcankizil.tr\/wp-content\/uploads\/2024\/10\/siyah-logo-svg.svg\",\"width\":1080,\"height\":1080,\"caption\":\"Av. Deniz Can K\u0131z\u0131l\"},\"image\":{\"@id\":\"https:\/\/denizcankizil.tr\/de\/#\/schema\/logo\/image\/\"}}]}<\/script>\n<!-- \/ Yoast SEO Premium plugin. -->","yoast_head_json":{"title":"MEB ve WWF-T\u00fcrkiye'den yeni protokol - Av. Deniz Can K\u0131z\u0131l","robots":{"index":"index","follow":"follow","max-snippet":"max-snippet:-1","max-image-preview":"max-image-preview:large","max-video-preview":"max-video-preview:-1"},"canonical":"http:\/\/denizcankizil.tr\/en\/haberler\/gundem\/meb-ve-wwf-turkiyeden-yeni-protokol\/","og_locale":"en_GB","og_type":"article","og_title":"MEB ve WWF-T\u00fcrkiye'den yeni protokol","og_description":"T.C. Mill\u00ee E\u011fitim Bakanl\u0131\u011f\u0131 Temel E\u011fitim Genel M\u00fcd\u00fcrl\u00fc\u011f\u00fc ve WWF-T\u00fcrkiye (Do\u011fal Hayat\u0131 Koruma Vakf\u0131), Do\u011fa \u00d6nc\u00fcleri Program\u0131\u2019na y\u00f6nelik i\u015f birli\u011fi protokol\u00fc 2024 \u2013 2027 y\u0131llar\u0131n\u0131 kapsayacak \u015fekilde yenilendi.\u0130STANBUL (\u0130GFA) &#8211; 2017 y\u0131l\u0131nda WWF-T\u00fcrkiye\u2019nin giri\u015fimi ile ba\u015flayan, 2019 y\u0131l\u0131nda T.C. Mill\u00ee E\u011fitim Bakanl\u0131\u011f\u0131 Temel E\u011fitim Genel M\u00fcd\u00fcrl\u00fc\u011f\u00fc ile imzalanan protokolle g\u00fc\u00e7lenerek T\u00fcrkiye geneline yay\u0131lan Do\u011fa \u00d6nc\u00fcleri Program\u0131 kapsam\u0131nda bug\u00fcne dek 3 bin okul ve 30 bin \u00f6\u011frenciye ula\u015f\u0131ld\u0131.\u00a0 TOPLUMSAL D\u00d6N\u00dc\u015e\u00dcM VE DO\u011eA KORUMA \u00c7ALI\u015eMALARINI TE\u015eV\u0130K EDEN EYLEM PROGRAMI Ortaokul \u00f6\u011frencilerinedo\u011fada ve toplumda g\u00f6rmek istedikleri de\u011fi\u015fimi hayata ge\u00e7irmelerine olanak sa\u011flayan Do\u011fa \u00d6nc\u00fcleri, \u00f6\u011frencilerin liderlik ve proje y\u00f6netimi becerilerini geli\u015ftiren, toplumsal d\u00f6n\u00fc\u015f\u00fcm ve do\u011fa koruma \u00e7al\u0131\u015fmalar\u0131na kat\u0131l\u0131m\u0131 te\u015fvik eden bir eylem program\u0131d\u0131r. WWF-T\u00fcrkiye g\u00f6n\u00fcll\u00fcl\u00fck program\u0131 kapsam\u0131nda g\u00f6n\u00fcll\u00fclerinin rehberlik etti\u011fiDo\u011fa \u00d6nc\u00fcleri Program\u0131 ile ortaokul \u00f6\u011frencileri, \u00f6\u011fretmen ment\u00f6rl\u00fc\u011f\u00fcnde S\u00fcrd\u00fcr\u00fclebilir G\u0131da ve G\u0131da At\u0131klar\u0131, Tatl\u0131 Su ve Denizler, Biyo\u00e7e\u015fitlilik, Yaban Hayat\u0131 ve Do\u011fa, Plastikler ve \u0130klim &#8211; Enerjikonular\u0131nda yenilik\u00e7i ve d\u00f6n\u00fc\u015ft\u00fcr\u00fcc\u00fc projeler \u00fcretiyor.\u00a0 \u201cGEN\u00c7LER\u0130M\u0130ZLE VE GEN\u00c7LER\u0130M\u0130ZDEN \u00c7\u00d6Z\u00dcM\u00dc DO\u011eADA ARAMAYI \u00d6\u011eREN\u0130YORUZ\u201d WWF-T\u00fcrkiye Genel M\u00fcd\u00fcr\u00fc \u00d6m\u00fcr Kula Do\u011fa \u00d6nc\u00fcleri Program\u0131\u2019n\u0131n yeni d\u00f6nemi ile ilgili \u201c\u00c7ocuklar\u0131n do\u011fam\u0131z\u0131, d\u00fcnyam\u0131z\u0131 koruma tutkular\u0131n\u0131, daha ye\u015fil bir gelece\u011fe y\u00f6nelik hayallerini desteklemek amac\u0131yla yola \u00e7\u0131kt\u0131\u011f\u0131m\u0131z Do\u011fa \u00d6nc\u00fcleri Program\u0131na kat\u0131lan \u00f6\u011frenciler bug\u00fcne dek bize \u00e7\u00f6z\u00fcm\u00fcn do\u011fada oldu\u011funu g\u00f6sterdi. Gen\u00e7lerimizle ve gen\u00e7lerimizden \u00e7\u00f6z\u00fcm\u00fc do\u011fada aramay\u0131 \u00f6\u011frendik\u00e7e, &hellip;","og_url":"http:\/\/denizcankizil.tr\/en\/haberler\/gundem\/meb-ve-wwf-turkiyeden-yeni-protokol\/","og_site_name":"Av. Deniz Can K\u0131z\u0131l","article_published_time":"2024-11-13T18:41:31+00:00","twitter_card":"summary_large_image","twitter_misc":{"Estimated reading time":"3 minutes"},"schema":{"@context":"https:\/\/schema.org","@graph":[{"@type":"Article","@id":"http:\/\/denizcankizil.tr\/uk\/haberler\/gundem\/meb-ve-wwf-turkiyeden-yeni-protokol\/#article","isPartOf":{"@id":"http:\/\/denizcankizil.tr\/uk\/haberler\/gundem\/meb-ve-wwf-turkiyeden-yeni-protokol\/"},"author":{"name":"","@id":""},"headline":"MEB ve WWF-T\u00fcrkiye&#8217;den yeni protokol","datePublished":"2024-11-13T18:41:31+00:00","mainEntityOfPage":{"@id":"http:\/\/denizcankizil.tr\/uk\/haberler\/gundem\/meb-ve-wwf-turkiyeden-yeni-protokol\/"},"wordCount":644,"commentCount":0,"publisher":{"@id":"https:\/\/denizcankizil.tr\/de\/#organization"},"articleSection":["G\u00fcndem","Uncategorized"],"inLanguage":"en-GB","potentialAction":[{"@type":"CommentAction","name":"Comment","target":["http:\/\/denizcankizil.tr\/uk\/haberler\/gundem\/meb-ve-wwf-turkiyeden-yeni-protokol\/#respond"]}]},{"@type":"WebPage","@id":"http:\/\/denizcankizil.tr\/uk\/haberler\/gundem\/meb-ve-wwf-turkiyeden-yeni-protokol\/","url":"http:\/\/denizcankizil.tr\/uk\/haberler\/gundem\/meb-ve-wwf-turkiyeden-yeni-protokol\/","name":"MEB ve WWF-T\u00fcrkiye'den yeni protokol - Av. Deniz Can K\u0131z\u0131l","isPartOf":{"@id":"https:\/\/denizcankizil.tr\/de\/#website"},"datePublished":"2024-11-13T18:41:31+00:00","breadcrumb":{"@id":"http:\/\/denizcankizil.tr\/uk\/haberler\/gundem\/meb-ve-wwf-turkiyeden-yeni-protokol\/#breadcrumb"},"inLanguage":"en-GB","potentialAction":[{"@type":"ReadAction","target":["http:\/\/denizcankizil.tr\/uk\/haberler\/gundem\/meb-ve-wwf-turkiyeden-yeni-protokol\/"]}]},{"@type":"BreadcrumbList","@id":"http:\/\/denizcankizil.tr\/uk\/haberler\/gundem\/meb-ve-wwf-turkiyeden-yeni-protokol\/#breadcrumb","itemListElement":[{"@type":"ListItem","position":1,"name":"Home","item":"https:\/\/denizcankizil.tr\/de\/"},{"@type":"ListItem","position":2,"name":"MEB ve WWF-T\u00fcrkiye&#8217;den yeni protokol"}]},{"@type":"WebSite","@id":"https:\/\/denizcankizil.tr\/de\/#website","url":"https:\/\/denizcankizil.tr\/de\/","name":"Av. Deniz Can K\u0131z\u0131l","description":"Avukat Deniz Can K\u0131z\u0131l Antalya Barosu","publisher":{"@id":"https:\/\/denizcankizil.tr\/de\/#organization"},"potentialAction":[{"@type":"SearchAction","target":{"@type":"EntryPoint","urlTemplate":"https:\/\/denizcankizil.tr\/de\/?s={search_term_string}"},"query-input":{"@type":"PropertyValueSpecification","valueRequired":true,"valueName":"search_term_string"}}],"inLanguage":"en-GB"},{"@type":"Organization","@id":"https:\/\/denizcankizil.tr\/de\/#organization","name":"Av. Deniz Can K\u0131z\u0131l","url":"https:\/\/denizcankizil.tr\/de\/","logo":{"@type":"ImageObject","inLanguage":"en-GB","@id":"https:\/\/denizcankizil.tr\/de\/#\/schema\/logo\/image\/","url":"https:\/\/denizcankizil.tr\/wp-content\/uploads\/2024\/10\/siyah-logo-svg.svg","contentUrl":"https:\/\/denizcankizil.tr\/wp-content\/uploads\/2024\/10\/siyah-logo-svg.svg","width":1080,"height":1080,"caption":"Av. Deniz Can K\u0131z\u0131l"},"image":{"@id":"https:\/\/denizcankizil.tr\/de\/#\/schema\/logo\/image\/"}}]}},"_links":{"self":[{"href":"https:\/\/denizcankizil.tr\/en\/wp-json\/wp\/v2\/posts\/15808","targetHints":{"allow":["GET"]}}],"collection":[{"href":"https:\/\/denizcankizil.tr\/en\/wp-json\/wp\/v2\/posts"}],"about":[{"href":"https:\/\/denizcankizil.tr\/en\/wp-json\/wp\/v2\/types\/post"}],"replies":[{"embeddable":true,"href":"https:\/\/denizcankizil.tr\/en\/wp-json\/wp\/v2\/comments?post=15808"}],"version-history":[{"count":0,"href":"https:\/\/denizcankizil.tr\/en\/wp-json\/wp\/v2\/posts\/15808\/revisions"}],"wp:attachment":[{"href":"https:\/\/denizcankizil.tr\/en\/wp-json\/wp\/v2\/media?parent=15808"}],"wp:term":[{"taxonomy":"category","embeddable":true,"href":"https:\/\/denizcankizil.tr\/en\/wp-json\/wp\/v2\/categories?post=15808"},{"taxonomy":"post_tag","embeddable":true,"href":"https:\/\/denizcankizil.tr\/en\/wp-json\/wp\/v2\/tags?post=15808"}],"curies":[{"name":"wp","href":"https:\/\/api.w.org\/{rel}","templated":true}]}}