{"id":15742,"date":"2024-11-13T12:41:35","date_gmt":"2024-11-13T09:41:35","guid":{"rendered":"https:\/\/denizcankizil.tr\/uncategorized-tr\/kent-soylesileri-cumhuriyet-101-etkinligi\/"},"modified":"2024-11-13T12:41:35","modified_gmt":"2024-11-13T09:41:35","slug":"kent-soylesileri-cumhuriyet-101-etkinligi","status":"publish","type":"post","link":"https:\/\/denizcankizil.tr\/en\/haberler\/antalya\/kent-soylesileri-cumhuriyet-101-etkinligi\/","title":{"rendered":"\u2018Kent S\u00f6yle\u015fileri Cumhuriyet 101&#8242; etkinli\u011fi"},"content":{"rendered":"<p>Antalya B\u00fcy\u00fck\u015fehir Belediyesi Kent Tarihi ve Tan\u0131t\u0131m Dairesi Ba\u015fkanl\u0131\u011f\u0131 taraf\u0131ndan ger\u00e7ekle\u015ftirilen \u201cKent S\u00f6yle\u015fileri Cumhuriyet 101\u201d ba\u015fl\u0131kl\u0131 etkinlik, \u00e7ok say\u0131da konu\u015fmac\u0131ya ev sahipli\u011fi yapt\u0131. B\u00fclent Ecevit K\u00fclt\u00fcr Merkezi&#8217;nde d\u00fczenlenen etkinlik, Harmoni Talks Kurucusu Erdem Arslan&#8217;\u0131n sunumu ile ba\u015flad\u0131 ve \u0130stanbul Planlama Ajans\u0131 Marmara B\u00f6lge Koordinat\u00f6r\u00fc Cem K\u0131l\u0131\u00e7&#8217;\u0131n a\u00e7\u0131l\u0131\u015f konu\u015fmas\u0131yla devam etti. A\u00e7\u0131l\u0131\u015f konu\u015fmalar\u0131ndan sonra sahneye \u00e7\u0131kan \u00c7ellist Melisa Y\u0131lmaz da mini bir konser verdi.<\/p>\n<p>\u2018Anlam aray\u0131\u015f\u0131nda insan&#8217;<br \/>\nT\u00fcrkiye Tan\u0131t\u0131m Ara\u015ft\u0131rma Demokrasi ve Laik Olu\u015fum Vakf\u0131 Y\u00f6netim Kurulu \u00dcyesi, yazar \u00d6zel Oytun T\u00fcrko\u011flu&#8217;nun moderat\u00f6rl\u00fc\u011f\u00fcnde ger\u00e7ekle\u015fen AntTalks etkinli\u011finde Antalya B\u00fcy\u00fck\u015fehir Belediye Meclis \u00dcyesi, T\u00dcLOV Antalya Temsilcisi Osman Sert de \u201cAnlam Aray\u0131\u015f\u0131nda \u0130nsan\u201d ba\u015fl\u0131kl\u0131 bir s\u00f6yle\u015fi d\u00fczenledi. Sert, insan\u0131n ya\u015famda anlam aray\u0131\u015f\u0131na ve bu aray\u0131\u015f\u0131n bireyin i\u00e7e ait geli\u015fimindeki rol\u00fcne vurgu yapt\u0131. Sert, ayr\u0131ca modern toplumlarda anlam bulma s\u00fcre\u00e7lerinin zorluklar\u0131na ve bireyin bu aray\u0131\u015fta kar\u015f\u0131la\u015ft\u0131\u011f\u0131 engellerin \u00fcstesinden gelme yollar\u0131na dair d\u00fc\u015f\u00fcncelerini kat\u0131l\u0131mc\u0131larla payla\u015ft\u0131.<\/p>\n<p>\u2018Hukuk u\u011frunda sava\u015f&#8217; s\u00f6yle\u015fisi<br \/>\nKent S\u00f6yle\u015fileri Cumhuriyet 101 etkinli\u011finde Akademisyen-Yazar Av. Dr. Onur Alt\u0131nkan ise \u201cHukuk U\u011frunda Sava\u015f\u201d ba\u015fl\u0131kl\u0131 bir s\u00f6yle\u015fi ger\u00e7ekle\u015ftirdi. Alt\u0131nkan, hukuk m\u00fccadelesinin toplumlar i\u00e7in \u00f6nemine ve adaletin korunmas\u0131 i\u00e7in verilen \u00e7abalara de\u011finerek, hukuk alan\u0131nda fark\u0131ndal\u0131\u011f\u0131 art\u0131rmay\u0131 hedefleyen bir sunum ger\u00e7ekle\u015ftirdi. S\u00f6yle\u015fi, kat\u0131l\u0131mc\u0131lara hukuk kavram\u0131n\u0131n tarihi geli\u015fimi, hukukun toplum \u00fczerindeki etkileri ve g\u00fcncel hukuk sorunlar\u0131 hakk\u0131nda bilgiler verdi.<\/p>\n<p>\u00c7a\u011fda\u015f toplumun temelleri konu\u015fuldu<br \/>\nAntalya Barosu Ba\u015fkan\u0131 Avukat Ali \u00c7a\u011fda\u015f Bozaner&#8217;in de konu\u015fmac\u0131 oldu\u011fu \u201c\u00c7a\u011fda\u015f Toplumun Milli M\u00fccadele ve Cumhuriyetin \u0130lk Y\u0131llar\u0131nda At\u0131lan Tohumlar\u0131\u201d ba\u015fl\u0131kl\u0131 s\u00f6yle\u015fiye de, Milli M\u00fccadele&#8217;nin kazan\u0131mlar\u0131 ve Cumhuriyet&#8217;in ilk y\u0131llar\u0131nda at\u0131lan ad\u0131mlar\u0131n, \u00e7a\u011fda\u015f bir toplum olu\u015fturmadaki rol\u00fc ele al\u0131nd\u0131. Ayr\u0131ca, Cumhuriyet de\u011ferlerinin geli\u015fim s\u00fcrecine katk\u0131 sa\u011flayan toplumsal dinamikler ve Cumhuriyet&#8217;in temel ilkeleri \u00fczerinde durarak, bu de\u011ferlerin g\u00fcn\u00fcm\u00fcz T\u00fcrkiye&#8217;sindeki \u00f6nemi \u00fczerinde duruldu.<\/p>\n<p>B\u00fcy\u00fck \u00d6nder hik\u00e2yelerle anlat\u0131ld\u0131<br \/>\nOyuncu Kahraman Sivri ve Soner T\u00fcrker ise \u201cHik\u00e2yelerle Mustafa Kemal At\u00fctark\u201d ba\u015fl\u0131kl\u0131 sunumuyla vatanda\u015flarla bulu\u015ftu. Sunumda, Atat\u00fcrk&#8217;\u00fcn hayat\u0131ndan ilham verici hat\u0131ralar ve onun karakterini, liderlik \u00f6zelliklerini yans\u0131tan hik\u00e2yeler anlat\u0131ld\u0131. Atat\u00fcrk&#8217;\u00fcn ya\u015fad\u0131\u011f\u0131 zorluklar ve ger\u00e7ekle\u015ftirdi\u011fi devrimlerle ilgili hik\u00e2yeler vatanda\u015flara duygusal ve \u00f6\u011fretici bir deneyim sundu. Vatanda\u015flar bu etkileyici sunum sayesinde Atat\u00fcrk&#8217;\u00fcn liderlik miras\u0131n\u0131 ve Cumhuriyet&#8217;e katk\u0131lar\u0131n\u0131 daha yak\u0131ndan \u00f6\u011frenme imk\u00e2n\u0131 buldular.<br \/>\nEtkinli\u011fin sonunda konu\u015fmac\u0131lara te\u015fekk\u00fcr plaketi verildi.<\/p>\n<p>Kaynak: www.kanalv.com.tr Haber Sitesinden Al\u0131nm\u0131\u015ft\u0131r.<\/p>","protected":false},"excerpt":{"rendered":"<p>Antalya B\u00fcy\u00fck\u015fehir Belediyesi Kent Tarihi ve Tan\u0131t\u0131m Dairesi Ba\u015fkanl\u0131\u011f\u0131 taraf\u0131ndan ger\u00e7ekle\u015ftirilen \u201cKent S\u00f6yle\u015fileri Cumhuriyet 101\u201d ba\u015fl\u0131kl\u0131 etkinlik, \u00e7ok say\u0131da konu\u015fmac\u0131ya ev sahipli\u011fi yapt\u0131. B\u00fclent Ecevit K\u00fclt\u00fcr Merkezi&#8217;nde d\u00fczenlenen etkinlik, Harmoni Talks Kurucusu Erdem Arslan&#8217;\u0131n sunumu ile ba\u015flad\u0131 ve \u0130stanbul Planlama Ajans\u0131 Marmara B\u00f6lge Koordinat\u00f6r\u00fc Cem K\u0131l\u0131\u00e7&#8217;\u0131n a\u00e7\u0131l\u0131\u015f konu\u015fmas\u0131yla devam etti. A\u00e7\u0131l\u0131\u015f konu\u015fmalar\u0131ndan sonra sahneye \u00e7\u0131kan \u00c7ellist Melisa Y\u0131lmaz da mini bir konser verdi. \u2018Anlam aray\u0131\u015f\u0131nda insan&#8217; T\u00fcrkiye Tan\u0131t\u0131m Ara\u015ft\u0131rma Demokrasi ve Laik Olu\u015fum Vakf\u0131 Y\u00f6netim Kurulu \u00dcyesi, yazar \u00d6zel Oytun T\u00fcrko\u011flu&#8217;nun moderat\u00f6rl\u00fc\u011f\u00fcnde ger\u00e7ekle\u015fen AntTalks etkinli\u011finde Antalya B\u00fcy\u00fck\u015fehir Belediye Meclis \u00dcyesi, T\u00dcLOV Antalya Temsilcisi Osman Sert de \u201cAnlam Aray\u0131\u015f\u0131nda \u0130nsan\u201d ba\u015fl\u0131kl\u0131 bir s\u00f6yle\u015fi d\u00fczenledi. Sert, insan\u0131n ya\u015famda anlam aray\u0131\u015f\u0131na ve bu aray\u0131\u015f\u0131n bireyin i\u00e7e ait geli\u015fimindeki rol\u00fcne vurgu yapt\u0131. Sert, ayr\u0131ca modern toplumlarda anlam bulma s\u00fcre\u00e7lerinin zorluklar\u0131na ve bireyin bu aray\u0131\u015fta kar\u015f\u0131la\u015ft\u0131\u011f\u0131 engellerin \u00fcstesinden gelme yollar\u0131na dair d\u00fc\u015f\u00fcncelerini kat\u0131l\u0131mc\u0131larla payla\u015ft\u0131. \u2018Hukuk u\u011frunda sava\u015f&#8217; s\u00f6yle\u015fisi Kent S\u00f6yle\u015fileri Cumhuriyet 101 etkinli\u011finde Akademisyen-Yazar Av. Dr. Onur Alt\u0131nkan ise \u201cHukuk U\u011frunda Sava\u015f\u201d ba\u015fl\u0131kl\u0131 bir s\u00f6yle\u015fi ger\u00e7ekle\u015ftirdi. Alt\u0131nkan, hukuk m\u00fccadelesinin toplumlar i\u00e7in \u00f6nemine ve adaletin korunmas\u0131 i\u00e7in verilen \u00e7abalara de\u011finerek, hukuk alan\u0131nda fark\u0131ndal\u0131\u011f\u0131 art\u0131rmay\u0131 hedefleyen bir sunum ger\u00e7ekle\u015ftirdi. S\u00f6yle\u015fi, kat\u0131l\u0131mc\u0131lara hukuk kavram\u0131n\u0131n tarihi geli\u015fimi, hukukun toplum \u00fczerindeki etkileri ve g\u00fcncel hukuk sorunlar\u0131 hakk\u0131nda bilgiler verdi. \u00c7a\u011fda\u015f &hellip;<\/p>","protected":false},"author":0,"featured_media":15743,"comment_status":"open","ping_status":"open","sticky":false,"template":"","format":"standard","meta":{"_acf_changed":false,"footnotes":""},"categories":[26,535],"tags":[],"class_list":["post-15742","post","type-post","status-publish","format-standard","has-post-thumbnail","hentry","category-antalya","category-uncategorized-tr"],"acf":[],"yoast_head":"<!-- This site is optimized with the Yoast SEO Premium plugin v26.6 (Yoast SEO v27.1.1) - https:\/\/yoast.com\/product\/yoast-seo-premium-wordpress\/ -->\n<title>\u2018Kent S\u00f6yle\u015fileri Cumhuriyet 101&#039; etkinli\u011fi - Av. Deniz Can K\u0131z\u0131l<\/title>\n<meta name=\"robots\" content=\"index, follow, max-snippet:-1, max-image-preview:large, max-video-preview:-1\" \/>\n<link rel=\"canonical\" href=\"https:\/\/denizcankizil.tr\/en\/haberler\/antalya\/kent-soylesileri-cumhuriyet-101-etkinligi\/\" \/>\n<meta property=\"og:locale\" content=\"en_GB\" \/>\n<meta property=\"og:type\" content=\"article\" \/>\n<meta property=\"og:title\" content=\"\u2018Kent S\u00f6yle\u015fileri Cumhuriyet 101&#039; etkinli\u011fi\" \/>\n<meta property=\"og:description\" content=\"Antalya B\u00fcy\u00fck\u015fehir Belediyesi Kent Tarihi ve Tan\u0131t\u0131m Dairesi Ba\u015fkanl\u0131\u011f\u0131 taraf\u0131ndan ger\u00e7ekle\u015ftirilen \u201cKent S\u00f6yle\u015fileri Cumhuriyet 101\u201d ba\u015fl\u0131kl\u0131 etkinlik, \u00e7ok say\u0131da konu\u015fmac\u0131ya ev sahipli\u011fi yapt\u0131. B\u00fclent Ecevit K\u00fclt\u00fcr Merkezi&#8217;nde d\u00fczenlenen etkinlik, Harmoni Talks Kurucusu Erdem Arslan&#8217;\u0131n sunumu ile ba\u015flad\u0131 ve \u0130stanbul Planlama Ajans\u0131 Marmara B\u00f6lge Koordinat\u00f6r\u00fc Cem K\u0131l\u0131\u00e7&#8217;\u0131n a\u00e7\u0131l\u0131\u015f konu\u015fmas\u0131yla devam etti. A\u00e7\u0131l\u0131\u015f konu\u015fmalar\u0131ndan sonra sahneye \u00e7\u0131kan \u00c7ellist Melisa Y\u0131lmaz da mini bir konser verdi. \u2018Anlam aray\u0131\u015f\u0131nda insan&#8217; T\u00fcrkiye Tan\u0131t\u0131m Ara\u015ft\u0131rma Demokrasi ve Laik Olu\u015fum Vakf\u0131 Y\u00f6netim Kurulu \u00dcyesi, yazar \u00d6zel Oytun T\u00fcrko\u011flu&#8217;nun moderat\u00f6rl\u00fc\u011f\u00fcnde ger\u00e7ekle\u015fen AntTalks etkinli\u011finde Antalya B\u00fcy\u00fck\u015fehir Belediye Meclis \u00dcyesi, T\u00dcLOV Antalya Temsilcisi Osman Sert de \u201cAnlam Aray\u0131\u015f\u0131nda \u0130nsan\u201d ba\u015fl\u0131kl\u0131 bir s\u00f6yle\u015fi d\u00fczenledi. Sert, insan\u0131n ya\u015famda anlam aray\u0131\u015f\u0131na ve bu aray\u0131\u015f\u0131n bireyin i\u00e7e ait geli\u015fimindeki rol\u00fcne vurgu yapt\u0131. Sert, ayr\u0131ca modern toplumlarda anlam bulma s\u00fcre\u00e7lerinin zorluklar\u0131na ve bireyin bu aray\u0131\u015fta kar\u015f\u0131la\u015ft\u0131\u011f\u0131 engellerin \u00fcstesinden gelme yollar\u0131na dair d\u00fc\u015f\u00fcncelerini kat\u0131l\u0131mc\u0131larla payla\u015ft\u0131. \u2018Hukuk u\u011frunda sava\u015f&#8217; s\u00f6yle\u015fisi Kent S\u00f6yle\u015fileri Cumhuriyet 101 etkinli\u011finde Akademisyen-Yazar Av. Dr. Onur Alt\u0131nkan ise \u201cHukuk U\u011frunda Sava\u015f\u201d ba\u015fl\u0131kl\u0131 bir s\u00f6yle\u015fi ger\u00e7ekle\u015ftirdi. Alt\u0131nkan, hukuk m\u00fccadelesinin toplumlar i\u00e7in \u00f6nemine ve adaletin korunmas\u0131 i\u00e7in verilen \u00e7abalara de\u011finerek, hukuk alan\u0131nda fark\u0131ndal\u0131\u011f\u0131 art\u0131rmay\u0131 hedefleyen bir sunum ger\u00e7ekle\u015ftirdi. S\u00f6yle\u015fi, kat\u0131l\u0131mc\u0131lara hukuk kavram\u0131n\u0131n tarihi geli\u015fimi, hukukun toplum \u00fczerindeki etkileri ve g\u00fcncel hukuk sorunlar\u0131 hakk\u0131nda bilgiler verdi. \u00c7a\u011fda\u015f &hellip;\" \/>\n<meta property=\"og:url\" content=\"https:\/\/denizcankizil.tr\/en\/haberler\/antalya\/kent-soylesileri-cumhuriyet-101-etkinligi\/\" \/>\n<meta property=\"og:site_name\" content=\"Av. Deniz Can K\u0131z\u0131l\" \/>\n<meta property=\"article:published_time\" content=\"2024-11-13T09:41:35+00:00\" \/>\n<meta property=\"og:image\" content=\"https:\/\/denizcankizil.tr\/wp-content\/uploads\/2024\/11\/3051-01-1GPmD8.jpeg\" \/>\n\t<meta property=\"og:image:width\" content=\"1280\" \/>\n\t<meta property=\"og:image:height\" content=\"720\" \/>\n\t<meta property=\"og:image:type\" content=\"image\/jpeg\" \/>\n<meta name=\"twitter:card\" content=\"summary_large_image\" \/>\n<meta name=\"twitter:label1\" content=\"Estimated reading time\" \/>\n\t<meta name=\"twitter:data1\" content=\"3 minutes\" \/>\n<script type=\"application\/ld+json\" class=\"yoast-schema-graph\">{\"@context\":\"https:\/\/schema.org\",\"@graph\":[{\"@type\":\"Article\",\"@id\":\"https:\/\/denizcankizil.tr\/en\/haberler\/antalya\/kent-soylesileri-cumhuriyet-101-etkinligi\/#article\",\"isPartOf\":{\"@id\":\"https:\/\/denizcankizil.tr\/en\/haberler\/antalya\/kent-soylesileri-cumhuriyet-101-etkinligi\/\"},\"author\":{\"name\":\"\",\"@id\":\"\"},\"headline\":\"\u2018Kent S\u00f6yle\u015fileri Cumhuriyet 101&#8242; etkinli\u011fi\",\"datePublished\":\"2024-11-13T09:41:35+00:00\",\"mainEntityOfPage\":{\"@id\":\"https:\/\/denizcankizil.tr\/en\/haberler\/antalya\/kent-soylesileri-cumhuriyet-101-etkinligi\/\"},\"wordCount\":545,\"commentCount\":0,\"publisher\":{\"@id\":\"https:\/\/denizcankizil.tr\/#organization\"},\"image\":{\"@id\":\"https:\/\/denizcankizil.tr\/en\/haberler\/antalya\/kent-soylesileri-cumhuriyet-101-etkinligi\/#primaryimage\"},\"thumbnailUrl\":\"https:\/\/denizcankizil.tr\/wp-content\/uploads\/2024\/11\/3051-01-1GPmD8.jpeg\",\"articleSection\":[\"Antalya\",\"Uncategorized\"],\"inLanguage\":\"en-GB\",\"potentialAction\":[{\"@type\":\"CommentAction\",\"name\":\"Comment\",\"target\":[\"https:\/\/denizcankizil.tr\/en\/haberler\/antalya\/kent-soylesileri-cumhuriyet-101-etkinligi\/#respond\"]}]},{\"@type\":\"WebPage\",\"@id\":\"https:\/\/denizcankizil.tr\/en\/haberler\/antalya\/kent-soylesileri-cumhuriyet-101-etkinligi\/\",\"url\":\"https:\/\/denizcankizil.tr\/en\/haberler\/antalya\/kent-soylesileri-cumhuriyet-101-etkinligi\/\",\"name\":\"\u2018Kent S\u00f6yle\u015fileri Cumhuriyet 101' etkinli\u011fi - Av. Deniz Can K\u0131z\u0131l\",\"isPartOf\":{\"@id\":\"https:\/\/denizcankizil.tr\/#website\"},\"primaryImageOfPage\":{\"@id\":\"https:\/\/denizcankizil.tr\/en\/haberler\/antalya\/kent-soylesileri-cumhuriyet-101-etkinligi\/#primaryimage\"},\"image\":{\"@id\":\"https:\/\/denizcankizil.tr\/en\/haberler\/antalya\/kent-soylesileri-cumhuriyet-101-etkinligi\/#primaryimage\"},\"thumbnailUrl\":\"https:\/\/denizcankizil.tr\/wp-content\/uploads\/2024\/11\/3051-01-1GPmD8.jpeg\",\"datePublished\":\"2024-11-13T09:41:35+00:00\",\"breadcrumb\":{\"@id\":\"https:\/\/denizcankizil.tr\/en\/haberler\/antalya\/kent-soylesileri-cumhuriyet-101-etkinligi\/#breadcrumb\"},\"inLanguage\":\"en-GB\",\"potentialAction\":[{\"@type\":\"ReadAction\",\"target\":[\"https:\/\/denizcankizil.tr\/en\/haberler\/antalya\/kent-soylesileri-cumhuriyet-101-etkinligi\/\"]}]},{\"@type\":\"ImageObject\",\"inLanguage\":\"en-GB\",\"@id\":\"https:\/\/denizcankizil.tr\/en\/haberler\/antalya\/kent-soylesileri-cumhuriyet-101-etkinligi\/#primaryimage\",\"url\":\"https:\/\/denizcankizil.tr\/wp-content\/uploads\/2024\/11\/3051-01-1GPmD8.jpeg\",\"contentUrl\":\"https:\/\/denizcankizil.tr\/wp-content\/uploads\/2024\/11\/3051-01-1GPmD8.jpeg\",\"width\":1280,\"height\":720},{\"@type\":\"BreadcrumbList\",\"@id\":\"https:\/\/denizcankizil.tr\/en\/haberler\/antalya\/kent-soylesileri-cumhuriyet-101-etkinligi\/#breadcrumb\",\"itemListElement\":[{\"@type\":\"ListItem\",\"position\":1,\"name\":\"Home\",\"item\":\"https:\/\/denizcankizil.tr\/de\/\"},{\"@type\":\"ListItem\",\"position\":2,\"name\":\"\u2018Kent S\u00f6yle\u015fileri Cumhuriyet 101&#8242; etkinli\u011fi\"}]},{\"@type\":\"WebSite\",\"@id\":\"https:\/\/denizcankizil.tr\/#website\",\"url\":\"https:\/\/denizcankizil.tr\/\",\"name\":\"Av. Deniz Can K\u0131z\u0131l\",\"description\":\"Avukat Deniz Can K\u0131z\u0131l Antalya Barosu\",\"publisher\":{\"@id\":\"https:\/\/denizcankizil.tr\/#organization\"},\"potentialAction\":[{\"@type\":\"SearchAction\",\"target\":{\"@type\":\"EntryPoint\",\"urlTemplate\":\"https:\/\/denizcankizil.tr\/?s={search_term_string}\"},\"query-input\":{\"@type\":\"PropertyValueSpecification\",\"valueRequired\":true,\"valueName\":\"search_term_string\"}}],\"inLanguage\":\"en-GB\"},{\"@type\":\"Organization\",\"@id\":\"https:\/\/denizcankizil.tr\/#organization\",\"name\":\"Av. Deniz Can K\u0131z\u0131l\",\"url\":\"https:\/\/denizcankizil.tr\/\",\"logo\":{\"@type\":\"ImageObject\",\"inLanguage\":\"en-GB\",\"@id\":\"https:\/\/denizcankizil.tr\/#\/schema\/logo\/image\/\",\"url\":\"https:\/\/denizcankizil.tr\/wp-content\/uploads\/2024\/10\/siyah-logo-svg.svg\",\"contentUrl\":\"https:\/\/denizcankizil.tr\/wp-content\/uploads\/2024\/10\/siyah-logo-svg.svg\",\"width\":1080,\"height\":1080,\"caption\":\"Av. Deniz Can K\u0131z\u0131l\"},\"image\":{\"@id\":\"https:\/\/denizcankizil.tr\/#\/schema\/logo\/image\/\"}}]}<\/script>\n<!-- \/ Yoast SEO Premium plugin. -->","yoast_head_json":{"title":"\u2018Kent S\u00f6yle\u015fileri Cumhuriyet 101' etkinli\u011fi - Av. Deniz Can K\u0131z\u0131l","robots":{"index":"index","follow":"follow","max-snippet":"max-snippet:-1","max-image-preview":"max-image-preview:large","max-video-preview":"max-video-preview:-1"},"canonical":"https:\/\/denizcankizil.tr\/en\/haberler\/antalya\/kent-soylesileri-cumhuriyet-101-etkinligi\/","og_locale":"en_GB","og_type":"article","og_title":"\u2018Kent S\u00f6yle\u015fileri Cumhuriyet 101' etkinli\u011fi","og_description":"Antalya B\u00fcy\u00fck\u015fehir Belediyesi Kent Tarihi ve Tan\u0131t\u0131m Dairesi Ba\u015fkanl\u0131\u011f\u0131 taraf\u0131ndan ger\u00e7ekle\u015ftirilen \u201cKent S\u00f6yle\u015fileri Cumhuriyet 101\u201d ba\u015fl\u0131kl\u0131 etkinlik, \u00e7ok say\u0131da konu\u015fmac\u0131ya ev sahipli\u011fi yapt\u0131. B\u00fclent Ecevit K\u00fclt\u00fcr Merkezi&#8217;nde d\u00fczenlenen etkinlik, Harmoni Talks Kurucusu Erdem Arslan&#8217;\u0131n sunumu ile ba\u015flad\u0131 ve \u0130stanbul Planlama Ajans\u0131 Marmara B\u00f6lge Koordinat\u00f6r\u00fc Cem K\u0131l\u0131\u00e7&#8217;\u0131n a\u00e7\u0131l\u0131\u015f konu\u015fmas\u0131yla devam etti. A\u00e7\u0131l\u0131\u015f konu\u015fmalar\u0131ndan sonra sahneye \u00e7\u0131kan \u00c7ellist Melisa Y\u0131lmaz da mini bir konser verdi. \u2018Anlam aray\u0131\u015f\u0131nda insan&#8217; T\u00fcrkiye Tan\u0131t\u0131m Ara\u015ft\u0131rma Demokrasi ve Laik Olu\u015fum Vakf\u0131 Y\u00f6netim Kurulu \u00dcyesi, yazar \u00d6zel Oytun T\u00fcrko\u011flu&#8217;nun moderat\u00f6rl\u00fc\u011f\u00fcnde ger\u00e7ekle\u015fen AntTalks etkinli\u011finde Antalya B\u00fcy\u00fck\u015fehir Belediye Meclis \u00dcyesi, T\u00dcLOV Antalya Temsilcisi Osman Sert de \u201cAnlam Aray\u0131\u015f\u0131nda \u0130nsan\u201d ba\u015fl\u0131kl\u0131 bir s\u00f6yle\u015fi d\u00fczenledi. Sert, insan\u0131n ya\u015famda anlam aray\u0131\u015f\u0131na ve bu aray\u0131\u015f\u0131n bireyin i\u00e7e ait geli\u015fimindeki rol\u00fcne vurgu yapt\u0131. Sert, ayr\u0131ca modern toplumlarda anlam bulma s\u00fcre\u00e7lerinin zorluklar\u0131na ve bireyin bu aray\u0131\u015fta kar\u015f\u0131la\u015ft\u0131\u011f\u0131 engellerin \u00fcstesinden gelme yollar\u0131na dair d\u00fc\u015f\u00fcncelerini kat\u0131l\u0131mc\u0131larla payla\u015ft\u0131. \u2018Hukuk u\u011frunda sava\u015f&#8217; s\u00f6yle\u015fisi Kent S\u00f6yle\u015fileri Cumhuriyet 101 etkinli\u011finde Akademisyen-Yazar Av. Dr. Onur Alt\u0131nkan ise \u201cHukuk U\u011frunda Sava\u015f\u201d ba\u015fl\u0131kl\u0131 bir s\u00f6yle\u015fi ger\u00e7ekle\u015ftirdi. Alt\u0131nkan, hukuk m\u00fccadelesinin toplumlar i\u00e7in \u00f6nemine ve adaletin korunmas\u0131 i\u00e7in verilen \u00e7abalara de\u011finerek, hukuk alan\u0131nda fark\u0131ndal\u0131\u011f\u0131 art\u0131rmay\u0131 hedefleyen bir sunum ger\u00e7ekle\u015ftirdi. S\u00f6yle\u015fi, kat\u0131l\u0131mc\u0131lara hukuk kavram\u0131n\u0131n tarihi geli\u015fimi, hukukun toplum \u00fczerindeki etkileri ve g\u00fcncel hukuk sorunlar\u0131 hakk\u0131nda bilgiler verdi. \u00c7a\u011fda\u015f &hellip;","og_url":"https:\/\/denizcankizil.tr\/en\/haberler\/antalya\/kent-soylesileri-cumhuriyet-101-etkinligi\/","og_site_name":"Av. Deniz Can K\u0131z\u0131l","article_published_time":"2024-11-13T09:41:35+00:00","og_image":[{"width":1280,"height":720,"url":"https:\/\/denizcankizil.tr\/wp-content\/uploads\/2024\/11\/3051-01-1GPmD8.jpeg","type":"image\/jpeg"}],"twitter_card":"summary_large_image","twitter_misc":{"Estimated reading time":"3 minutes"},"schema":{"@context":"https:\/\/schema.org","@graph":[{"@type":"Article","@id":"https:\/\/denizcankizil.tr\/en\/haberler\/antalya\/kent-soylesileri-cumhuriyet-101-etkinligi\/#article","isPartOf":{"@id":"https:\/\/denizcankizil.tr\/en\/haberler\/antalya\/kent-soylesileri-cumhuriyet-101-etkinligi\/"},"author":{"name":"","@id":""},"headline":"\u2018Kent S\u00f6yle\u015fileri Cumhuriyet 101&#8242; etkinli\u011fi","datePublished":"2024-11-13T09:41:35+00:00","mainEntityOfPage":{"@id":"https:\/\/denizcankizil.tr\/en\/haberler\/antalya\/kent-soylesileri-cumhuriyet-101-etkinligi\/"},"wordCount":545,"commentCount":0,"publisher":{"@id":"https:\/\/denizcankizil.tr\/#organization"},"image":{"@id":"https:\/\/denizcankizil.tr\/en\/haberler\/antalya\/kent-soylesileri-cumhuriyet-101-etkinligi\/#primaryimage"},"thumbnailUrl":"https:\/\/denizcankizil.tr\/wp-content\/uploads\/2024\/11\/3051-01-1GPmD8.jpeg","articleSection":["Antalya","Uncategorized"],"inLanguage":"en-GB","potentialAction":[{"@type":"CommentAction","name":"Comment","target":["https:\/\/denizcankizil.tr\/en\/haberler\/antalya\/kent-soylesileri-cumhuriyet-101-etkinligi\/#respond"]}]},{"@type":"WebPage","@id":"https:\/\/denizcankizil.tr\/en\/haberler\/antalya\/kent-soylesileri-cumhuriyet-101-etkinligi\/","url":"https:\/\/denizcankizil.tr\/en\/haberler\/antalya\/kent-soylesileri-cumhuriyet-101-etkinligi\/","name":"\u2018Kent S\u00f6yle\u015fileri Cumhuriyet 101' etkinli\u011fi - Av. Deniz Can K\u0131z\u0131l","isPartOf":{"@id":"https:\/\/denizcankizil.tr\/#website"},"primaryImageOfPage":{"@id":"https:\/\/denizcankizil.tr\/en\/haberler\/antalya\/kent-soylesileri-cumhuriyet-101-etkinligi\/#primaryimage"},"image":{"@id":"https:\/\/denizcankizil.tr\/en\/haberler\/antalya\/kent-soylesileri-cumhuriyet-101-etkinligi\/#primaryimage"},"thumbnailUrl":"https:\/\/denizcankizil.tr\/wp-content\/uploads\/2024\/11\/3051-01-1GPmD8.jpeg","datePublished":"2024-11-13T09:41:35+00:00","breadcrumb":{"@id":"https:\/\/denizcankizil.tr\/en\/haberler\/antalya\/kent-soylesileri-cumhuriyet-101-etkinligi\/#breadcrumb"},"inLanguage":"en-GB","potentialAction":[{"@type":"ReadAction","target":["https:\/\/denizcankizil.tr\/en\/haberler\/antalya\/kent-soylesileri-cumhuriyet-101-etkinligi\/"]}]},{"@type":"ImageObject","inLanguage":"en-GB","@id":"https:\/\/denizcankizil.tr\/en\/haberler\/antalya\/kent-soylesileri-cumhuriyet-101-etkinligi\/#primaryimage","url":"https:\/\/denizcankizil.tr\/wp-content\/uploads\/2024\/11\/3051-01-1GPmD8.jpeg","contentUrl":"https:\/\/denizcankizil.tr\/wp-content\/uploads\/2024\/11\/3051-01-1GPmD8.jpeg","width":1280,"height":720},{"@type":"BreadcrumbList","@id":"https:\/\/denizcankizil.tr\/en\/haberler\/antalya\/kent-soylesileri-cumhuriyet-101-etkinligi\/#breadcrumb","itemListElement":[{"@type":"ListItem","position":1,"name":"Home","item":"https:\/\/denizcankizil.tr\/de\/"},{"@type":"ListItem","position":2,"name":"\u2018Kent S\u00f6yle\u015fileri Cumhuriyet 101&#8242; etkinli\u011fi"}]},{"@type":"WebSite","@id":"https:\/\/denizcankizil.tr\/#website","url":"https:\/\/denizcankizil.tr\/","name":"Av. Deniz Can K\u0131z\u0131l","description":"Avukat Deniz Can K\u0131z\u0131l Antalya Barosu","publisher":{"@id":"https:\/\/denizcankizil.tr\/#organization"},"potentialAction":[{"@type":"SearchAction","target":{"@type":"EntryPoint","urlTemplate":"https:\/\/denizcankizil.tr\/?s={search_term_string}"},"query-input":{"@type":"PropertyValueSpecification","valueRequired":true,"valueName":"search_term_string"}}],"inLanguage":"en-GB"},{"@type":"Organization","@id":"https:\/\/denizcankizil.tr\/#organization","name":"Av. Deniz Can K\u0131z\u0131l","url":"https:\/\/denizcankizil.tr\/","logo":{"@type":"ImageObject","inLanguage":"en-GB","@id":"https:\/\/denizcankizil.tr\/#\/schema\/logo\/image\/","url":"https:\/\/denizcankizil.tr\/wp-content\/uploads\/2024\/10\/siyah-logo-svg.svg","contentUrl":"https:\/\/denizcankizil.tr\/wp-content\/uploads\/2024\/10\/siyah-logo-svg.svg","width":1080,"height":1080,"caption":"Av. Deniz Can K\u0131z\u0131l"},"image":{"@id":"https:\/\/denizcankizil.tr\/#\/schema\/logo\/image\/"}}]}},"_links":{"self":[{"href":"https:\/\/denizcankizil.tr\/en\/wp-json\/wp\/v2\/posts\/15742","targetHints":{"allow":["GET"]}}],"collection":[{"href":"https:\/\/denizcankizil.tr\/en\/wp-json\/wp\/v2\/posts"}],"about":[{"href":"https:\/\/denizcankizil.tr\/en\/wp-json\/wp\/v2\/types\/post"}],"replies":[{"embeddable":true,"href":"https:\/\/denizcankizil.tr\/en\/wp-json\/wp\/v2\/comments?post=15742"}],"version-history":[{"count":0,"href":"https:\/\/denizcankizil.tr\/en\/wp-json\/wp\/v2\/posts\/15742\/revisions"}],"wp:featuredmedia":[{"embeddable":true,"href":"https:\/\/denizcankizil.tr\/en\/wp-json\/wp\/v2\/media\/15743"}],"wp:attachment":[{"href":"https:\/\/denizcankizil.tr\/en\/wp-json\/wp\/v2\/media?parent=15742"}],"wp:term":[{"taxonomy":"category","embeddable":true,"href":"https:\/\/denizcankizil.tr\/en\/wp-json\/wp\/v2\/categories?post=15742"},{"taxonomy":"post_tag","embeddable":true,"href":"https:\/\/denizcankizil.tr\/en\/wp-json\/wp\/v2\/tags?post=15742"}],"curies":[{"name":"wp","href":"https:\/\/api.w.org\/{rel}","templated":true}]}}