{"id":15675,"date":"2024-11-12T14:41:36","date_gmt":"2024-11-12T11:41:36","guid":{"rendered":"https:\/\/denizcankizil.tr\/uncategorized-tr\/havacilik-dunyasi-antalyada\/"},"modified":"2024-11-12T14:41:36","modified_gmt":"2024-11-12T11:41:36","slug":"havacilik-dunyasi-antalyada","status":"publish","type":"post","link":"https:\/\/denizcankizil.tr\/en\/haberler\/antalya\/havacilik-dunyasi-antalyada\/","title":{"rendered":"Havac\u0131l\u0131k d\u00fcnyas\u0131 Antalya&#8217;da"},"content":{"rendered":"<p>Ula\u015ft\u0131rma ve Altyap\u0131 Bakan\u0131 Abdulkadir Uralo\u011flu, , Devlet Hava Meydanlar\u0131 Genel M\u00fcd\u00fcrl\u00fc\u011f\u00fc kanal\u0131yla; u\u00e7u\u015f operasyonlar\u0131nda kullan\u0131lan, yerli ve milli olarak geli\u015ftirilen, yaz\u0131l\u0131m ve cihalar\u0131 aktararak, \u201cSiber g\u00fcvenlik noktas\u0131nda en \u00e7ok \u00f6nem verdi\u011fimiz husus; yaz\u0131l\u0131mdan-cihaz \u00fcretimine kadar yerlilik ve milliliktir. Bu teknolojilere yat\u0131r\u0131m yapman\u0131n, k\u00fcresel rekabette daha g\u00fc\u00e7l\u00fc bir konuma gelmemiz a\u00e7\u0131s\u0131ndan \u00fclkemize katk\u0131 sa\u011flayaca\u011f\u0131n\u0131 d\u00fc\u015f\u00fcn\u00fcyorum\u201d dedi.<br \/>\nUuslararas\u0131 \u201cAI in the Sky: A Unified Approach with ICAO\u201d (G\u00f6ky\u00fcz\u00fcnde Yapay Zeka: ICAO ile Birle\u015fik Bir Yakla\u015f\u0131m) etkinli\u011fi Antalya&#8217;da ba\u015flad\u0131. Serik il\u00e7esinde bulunan bir otelin kongre salonunda d\u00fczenlenen program\u0131n a\u00e7\u0131l\u0131\u015f\u0131na; Ula\u015ft\u0131rma ve Altyap\u0131 Bakan\u0131 Abdulkadir Uralo\u011flu, Uluslararas\u0131 Sivil Havac\u0131l\u0131k Te\u015fkilat\u0131 (ICAO) Genel Sekreteri Juan Carlos Salazar, Antalya Valisi Hulusi \u015eahin ve havac\u0131l\u0131k sekt\u00f6r\u00fcnden yetkililer kat\u0131ld\u0131.<\/p>\n<p>\u201cYolcu say\u0131m\u0131z\u0131n; bu y\u0131l sonunda 236 milyonun \u00fcst\u00fcne \u00e7\u0131kaca\u011f\u0131n\u0131 \u00f6ng\u00f6r\u00fcyoruz\u201d<br \/>\n\u201cA\u00e7\u0131l\u0131\u015f konu\u015fmas\u0131n\u0131 ger\u00e7ekle\u015ftiren Ula\u015ft\u0131rma ve Altyap\u0131 Bakan\u0131 Abdulkadir Uralo\u011flu, havac\u0131l\u0131k sekt\u00f6r\u00fcnde kullan\u0131lan yapay zeka uygulamalar\u0131n\u0131 aktard\u0131. T\u00fcrkiye&#8217;nin, 4 saatlik u\u00e7u\u015f s\u00fcresiyle 1 bu\u00e7uk milyar insan\u0131n ya\u015fad\u0131\u011f\u0131 67 \u00fclkenin merkezinde yer ald\u0131\u011f\u0131na i\u015faret eden Bakan Uralo\u011flu, \u201cEn h\u0131zl\u0131, en g\u00fcvenli ve en konforlu ula\u015f\u0131m yolunun havayolu oldu\u011fu bilinciyle; \u00fclkemizin bu avantajl\u0131 konumunun potansiyelini en \u00fcst d\u00fczeye \u00e7\u0131karmak i\u00e7in havac\u0131l\u0131k alan\u0131nda \u00e7ok b\u00fcy\u00fck yat\u0131r\u0131mlar ger\u00e7ekle\u015ftirdik. Say\u0131n Cumhurba\u015fkan\u0131m\u0131z\u0131n liderli\u011finde \u201cd\u00fcnyada ula\u015famad\u0131\u011f\u0131m\u0131z hi\u00e7bir nokta kalmayacak\u201d hedefiyle hareket ederek \u00fclkemizi; d\u00fcnyan\u0131n en geni\u015f u\u00e7u\u015f a\u011f\u0131na sahip \u00fclkelerinden birine d\u00f6n\u00fc\u015ft\u00fcrd\u00fck. Bug\u00fcn i\u00e7 hatlarda 58 noktaya, d\u0131\u015f hatlarda 131 \u00fclkede 347 farkl\u0131 noktaya havayoluyla ula\u015f\u0131yoruz. \u00d6n\u00fcm\u00fczdeki ay da T\u00fcrk Hava Yollar\u0131 ile \u0130stanbul-Sao Paolo -Santiago ve \u0130stanbul-Kuala Lumpur-Sydney hatlar\u0131nda yeni seferlere ba\u015flayarak bu senenin sonunda d\u0131\u015f hatlardaki say\u0131m\u0131z\u0131 349 u\u00e7u\u015f noktas\u0131na \u00e7\u0131karaca\u011f\u0131z. Yolcu say\u0131m\u0131z\u0131n; bu y\u0131l sonunda 236 milyonun, 2025 y\u0131l\u0131nda da 250 milyonun \u00fcst\u00fcne \u00e7\u0131kaca\u011f\u0131n\u0131 \u00f6ng\u00f6r\u00fcyoruz\u201d ifadelerini kulland\u0131.<\/p>\n<p>\u201cKal\u0131c\u0131 rekabet i\u00e7in, yenilik\u00e7i \u00e7\u00f6z\u00fcmler \u00fcretmek zorunday\u0131z\u201d<br \/>\nHavac\u0131l\u0131k sekt\u00f6r\u00fcn\u00fcn k\u00fcreselle\u015fmenin en \u00f6nemli akt\u00f6r\u00fc oldu\u011funa dikkat \u00e7eken Bakan Abd\u00fclkadir Uralo\u011flu, havac\u0131l\u0131\u011f\u0131n, bir ula\u015f\u0131m modu olmaktan \u00f6te, \u00fclkelerin ekonomik ve k\u00fclt\u00fcrel geli\u015fiminde \u00f6nemli bir rol oynayan ve s\u0131n\u0131rlar\u0131 a\u015fan bir k\u00f6pr\u00fc oldu\u011funu dile getirdi. Teknolojinin h\u0131zla geli\u015fti\u011fi bir \u00e7a\u011fda, havac\u0131l\u0131k sekt\u00f6r\u00fcn\u00fcn de s\u00fcrekli olarak d\u00f6n\u00fc\u015f\u00fcme u\u011frad\u0131\u011f\u0131n\u0131 ve sekt\u00f6rde rekabetin artt\u0131\u011f\u0131n\u0131 kaydeden Uralo\u011flu, \u015f\u00f6yle konu\u015ftu: \u201cGen\u00e7, modern ve verimli u\u00e7ak filolar\u0131na sahip olmak, havayollar\u0131n\u0131n rekabette bir ad\u0131m \u00f6ne ge\u00e7mesini sa\u011flayan en \u00f6nemli fakt\u00f6rlerden biridir. Ancak kal\u0131c\u0131 rekabet i\u00e7in s\u00fcrekli olarak yenilik\u00e7i \u00e7\u00f6z\u00fcmler \u00fcretmek zorunday\u0131z. Bu noktada da art\u0131k hayat\u0131m\u0131z\u0131n her alan\u0131nda oldu\u011fu gibi havac\u0131l\u0131kta da yine yapay zeka ve b\u00fcy\u00fck veri teknolojilerini de\u011ferlendirmek zorunday\u0131z. Dijital teknolojilerin en \u00e7ok uygulamaya ge\u00e7ti\u011fi ve kullan\u0131m\u0131n\u0131n s\u00fcrekli artt\u0131\u011f\u0131 sekt\u00f6r, havac\u0131l\u0131k sekt\u00f6r\u00fc olmu\u015ftur. \u0130lk otomatik bagaj s\u0131ralama sistemleri 1990&#8217;larda ortaya \u00e7\u0131km\u0131\u015f, 2000&#8217;li y\u0131llar\u0131n ba\u015f\u0131ndan bu yana, ebiletler k\u00e2\u011f\u0131t biletlerin yerini al\u0131rken, bini\u015f kartlar\u0131 mobil ortama ta\u015f\u0131nd\u0131. Ger\u00e7ek zamanl\u0131 bagaj takipleri uygulanmaya ba\u015flad\u0131. Bug\u00fcn ise yapay zeka alan\u0131nda ya\u015fanan geli\u015fmeler havac\u0131l\u0131k sekt\u00f6r\u00fcn\u00fc derinden etkiliyor.\u201d<\/p>\n<p>\u201cOtonom u\u00e7u\u015f sistemleri sayesinde pilot hatalar\u0131 minimuma indirildi\u201d<br \/>\nYapay zekan\u0131n havac\u0131l\u0131kta sa\u011flad\u0131\u011f\u0131 de\u011fi\u015fimlere de\u011finerek konu\u015fmas\u0131na devam eden Bakan Uralo\u011flu, \u015fu ifadelere yer verdi: \u201cEn b\u00fcy\u00fck de\u011fi\u015fimlerden biri olan otonom u\u00e7u\u015f sistemleri sayesinde pilot hatalar\u0131 minimuma indirildi. Havac\u0131l\u0131k sekt\u00f6r\u00fcndeki t\u00fcm \u015firketler, yapay zeka destekli sistemlerle i\u015fletme maliyetlerini ve genel giderlerini d\u00fc\u015f\u00fcrebiliyorlar. Bunun \u00fczerinde \u00e7al\u0131\u015fan bir\u00e7ok firma var. Yapay zeka konusunda yapay olan hi\u00e7bir \u015fey kalmad\u0131, gayet somut, ba\u015far\u0131l\u0131 ve pozitif katk\u0131lar\u0131 oldu\u011funu g\u00f6r\u00fcyoruz. Yapay zeka sayesinde u\u00e7aklar\u0131n bak\u0131m s\u00fcre\u00e7leri optimize edilecek, ar\u0131zalar \u00f6nceden tespit edilecek. B\u00fcy\u00fck veri analizi ile hava trafi\u011fi y\u00f6netimi daha verimli hale getirilecek ve kazalar\u0131n \u00f6n\u00fcne ge\u00e7ilecektir. Yine b\u00fcy\u00fck veri analizi ile yolcu davran\u0131\u015flar\u0131 analiz edilerek, daha ki\u015fiselle\u015ftirilmi\u015f hizmetler sunulacakt\u0131r. Yapay zeka destekli bak\u0131m sistemleri sayesinde de u\u00e7aklar\u0131n \u00f6mr\u00fc uzat\u0131lacak ve bak\u0131m maliyetleri d\u00fc\u015f\u00fcr\u00fclecektir. En \u00f6nemli noktalardan biri de yapay zeka ve b\u00fcy\u00fck veri sayesinde hava trafi\u011fi y\u00f6netimi daha \u00e7evre dostu hale getirilecek, emisyonlar azalt\u0131lacak ve s\u00fcrd\u00fcr\u00fclebilir bir havac\u0131l\u0131k sekt\u00f6r\u00fc in\u015fa edilecektir. Bu s\u00f6ylediklerimin birer birer hayata ge\u00e7ti\u011fini s\u00f6ylemek istiyorum.\u201d<\/p>\n<p>\u201cYaz\u0131l\u0131mdan- cihaz \u00fcretimine kadar yerlilik ve millilik\u201d<br \/>\nYapay zeka ile ger\u00e7ekle\u015ftirilen d\u00f6n\u00fc\u015f\u00fcmlerin, havac\u0131l\u0131k sekt\u00f6r\u00fcn\u00fc ba\u015fka bir boyuta ta\u015f\u0131d\u0131\u011f\u0131n\u0131 kaydeden Bakan Uralo\u011flu, veri teknolojilerine yap\u0131lacak olan yat\u0131r\u0131m\u0131n k\u00fcresel rekabette de ayr\u0131cal\u0131k kazand\u0131raca\u011f\u0131n\u0131 bildirdi. Uralo\u011flu, \u201cYapay zeka ve b\u00fcy\u00fck veri teknolojilerinin, havac\u0131l\u0131k sekt\u00f6r\u00fcm\u00fcz i\u00e7in b\u00fcy\u00fck bir d\u00f6n\u00fcm noktas\u0131 oldu\u011funa inan\u0131yorum. Bu teknolojilere yat\u0131r\u0131m yapman\u0131n da k\u00fcresel rekabette daha g\u00fc\u00e7l\u00fc bir konuma gelmemiz a\u00e7\u0131s\u0131ndan \u00fclkemize katk\u0131 sa\u011flayaca\u011f\u0131n\u0131 d\u00fc\u015f\u00fcn\u00fcyorum. Ge\u00e7ti\u011fimiz g\u00fcnlerde yapay zeka teknolojisinin siber g\u00fcvenlik alan\u0131ndaki etkileri ve uygulamalar\u0131na dair bir zirveye kat\u0131lm\u0131\u015ft\u0131m. Art\u0131k bu yeni teknolojileri hayat\u0131m\u0131z\u0131n her noktas\u0131nda g\u00f6r\u00fcyoruz. Siber g\u00fcvenlik noktas\u0131nda en \u00e7ok \u00f6nem verdi\u011fimiz husus; yaz\u0131l\u0131mdan- cihaz \u00fcretimine kadar yerlilik ve milliliktir\u201d diye konu\u015ftu.<br \/>\n\u201c\u0130rade sistemi, Dalaman Havaliman\u0131&#8217;nda da kullan\u0131lmaya ba\u015flanacak\u201d<br \/>\nYerli ve milli olarak geli\u015ftirilen \u201cAvc\u0131, Azad, Kas\u0131rga, Atmaca Ve Kule\u201d adl\u0131 yapay zeka uygulamalar\u0131n\u0131n, T\u00fcrkiye&#8217;nin siber g\u00fcvenli\u011fini sa\u011flad\u0131\u011f\u0131n\u0131 ifade eden Bakan Uralo\u011flu, \u015f\u00f6yle devam etti: \u201cAyn\u0131 \u015fekilde gururla alt\u0131n\u0131 \u00e7izmek istiyorum ki, Devlet Hava Meydanlar\u0131 Genel M\u00fcd\u00fcrl\u00fc\u011f\u00fcm\u00fcz eliyle ger\u00e7ekle\u015ftirdi\u011fimiz u\u00e7u\u015f operasyonlar\u0131nda da yerli ve milli olarak geli\u015ftirdi\u011fimiz yaz\u0131l\u0131m ve cihazlar\u0131 kullan\u0131yoruz. \u00d6rne\u011fin; interaktif radar analiz ve data ekran\u0131m\u0131z k\u0131sa ad\u0131yla \u201cirade\u201d ile ilgili havaliman\u0131na ait g\u00fcncel meteorolojik veriler, atis bilgisi, notamlar, AIP ve radar g\u00f6r\u00fcnt\u00fclerini tek ekranda toplay\u0131p kullan\u0131c\u0131ya sunan bir sistem kurduk. \u0130rade yaz\u0131l\u0131m\u0131n\u0131 \u0130stanbul Atat\u00fcrk ve \u00c7ukurova havalimanlar\u0131m\u0131zda kullanmaya ba\u015flayarak havac\u0131l\u0131k alan\u0131nda yeni bir d\u00f6nemi ba\u015flatt\u0131k. \u0130lk yerli ve milli hava trafik g\u00f6r\u00fcnt\u00fcleme yaz\u0131l\u0131m\u0131m\u0131z sayesinde, bu alanda da d\u0131\u015fa ba\u011f\u0131ml\u0131l\u0131ktan kurtularak bundan sonraki yerli teknoloji \u00fcr\u00fcnlerinin \u00f6n\u00fcn\u00fc a\u00e7m\u0131\u015f olduk. \u00d6n\u00fcm\u00fczdeki g\u00fcnlerde Dalaman Havaliman\u0131&#8217;nda da kullanmaya ba\u015flayaca\u011f\u0131z. Yine, T\u00fcrk m\u00fchendislerince geli\u015ftirilen T\u00fcrkiye&#8217;nin ilk yerli ve milli sivil g\u00f6zetim radar\u0131n\u0131 \u201cMGR\u201d Gaziantep Havaliman\u0131&#8217;na kurduk. Aral\u0131k ay\u0131 i\u00e7erisinde aktifle\u015ftirerek kullanmaya ba\u015flamay\u0131 planl\u0131yoruz.\u201d<\/p>\n<p>\u201c\u00c7are&#8217; sistemi Azerbaycan&#8217;da da hizmete ba\u015flad\u0131\u201d<br \/>\nHava trafik y\u00f6netimi alan\u0131nda yerli ve mill\u00ee imkanlarla geli\u015ftirilen, \u00e7ok ama\u00e7l\u0131 radar ekran\u0131 olan \u201c\u00c7ARE\u201d sisteminin de ger\u00e7ek zamanl\u0131 u\u00e7u\u015f verilerini harita \u00fczerinde sergileyerek, hava trafik kontrol\u00f6rlerinin hava trafi\u011fini etkin bir bi\u00e7imde y\u00f6netmesine ve trafik emniyetinin en \u00fcst d\u00fczeyde s\u00fcrd\u00fcr\u00fclmesine imk\u00e2n tan\u0131d\u0131\u011f\u0131n\u0131 a\u00e7\u0131klayan Bakan Uralo\u011flu, \u201c\u00dclkemizde 40&#8217;tan fazla havaliman\u0131nda hizmet vermekte olan \u00c7ARE sistemi, \u00fclkemiz s\u0131n\u0131rlar\u0131n\u0131 da a\u015farak ge\u00e7en y\u0131l Azerbaycan&#8217;da da hizmete ba\u015flad\u0131. T\u00fcrkiye olarak sivil havac\u0131l\u0131k alan\u0131nda dijitalle\u015fme oda\u011f\u0131nda yeni bir sivil havac\u0131l\u0131k modeli de olu\u015fturduk. \u201cKurumsal D\u00f6n\u00fc\u015f\u00fcm Modeli\u201d k\u0131sa ad\u0131yla \u201cKDM\u201d dedi\u011fimiz bu model; yaln\u0131zca emniyet ve verimlilik sa\u011flamakla kalm\u0131yor; ayn\u0131 zamanda sekt\u00f6rde s\u00fcrd\u00fcr\u00fclebilir bir d\u00f6n\u00fc\u015f\u00fcm\u00fc, ileri teknolojilerle desteklenen bir altyap\u0131 arac\u0131l\u0131\u011f\u0131yla m\u00fcmk\u00fcn k\u0131l\u0131yor. Bu havac\u0131l\u0131k otoritesinin ihtiya\u00e7 duyabilece\u011fi t\u00fcm dijital altyap\u0131y\u0131, yapay zeka ve b\u00fcy\u00fck veri ile birle\u015ftirerek sunuyor. Icao reg\u00fclasyonlar\u0131na uygun \u015fekilde geli\u015ftirilen bu sistemde e\u011fitimler \u015feffaf, takip edilebilir ve ba\u011f\u0131ms\u0131z bir \u00f6l\u00e7\u00fcm mekanizmas\u0131na dayan\u0131yor. B\u00f6ylece hem e\u011fitimin kalitesi art\u0131yor, hem de kat\u0131l\u0131mc\u0131lar i\u00e7in \u00e7ok daha etkin bir \u00f6\u011frenme ortam\u0131 sa\u011flan\u0131yor. Yeni havac\u0131l\u0131k modelimiz, ayn\u0131 zamanda insan hatas\u0131n\u0131 minimize eden, proaktif ve dinamik bir i\u015f s\u00fcreci y\u00f6netimi de sa\u011flamaktad\u0131r. B\u00fcy\u00fck veri altyap\u0131s\u0131, ger\u00e7ek zamanl\u0131 analizlerle, potansiyel risklerin \u00f6nceden tespit edilmesine imkan sa\u011fl\u0131yor\u201d dedi.<br \/>\nDijitalle\u015fme ve veri entegrasyonunun en somut \u00f6rneklerinden birinin de OLS\/CNS yaz\u0131l\u0131m\u0131 oldu\u011funun alt\u0131n\u0131 \u00e7izen Bakan Abd\u00fclkadir Uralo\u011flu, konu\u015fmas\u0131n\u0131 \u015f\u00f6yle tamamlad\u0131: \u201cBu yaz\u0131l\u0131m, havaalan\u0131 \u00e7evresinde emniyeti sa\u011flamak i\u00e7in engel k\u0131s\u0131tlama y\u00fczeyleri ve yap\u0131 k\u0131s\u0131tlama alanlar\u0131 haritalar\u0131n\u0131n haz\u0131rlanmas\u0131n\u0131 h\u0131zland\u0131rmakta ve y\u00fcksek do\u011frulukla sonu\u00e7lar sunmaktad\u0131r. Dijital arazi ve y\u00fczey modeli ile entegrasyon, arazi \u00fczerindeki t\u00fcm potansiyel engellerin otomatik olarak haritalara yans\u0131t\u0131lmas\u0131n\u0131 sa\u011fl\u0131yor ve emniyet a\u00e7\u0131s\u0131ndan son derece hassas olan bu s\u00fcre\u00e7leri dijital bir yakla\u015f\u0131mla iyile\u015ftiriyor. \u00dcstelik bu yaz\u0131l\u0131m, havac\u0131l\u0131k otoritelerinin ihtiya\u00e7lar\u0131na g\u00f6re; a\u00e7\u0131k kaynak platformunda geli\u015ftirildi\u011fi i\u00e7in, kullan\u0131c\u0131 ihtiya\u00e7lar\u0131na g\u00f6re \u00f6zelle\u015ftirilebiliyor. Yine, \u0130HA takip ve trafik y\u00f6netim sistemi, hava trafi\u011finde veri odakl\u0131 karar alman\u0131n bir di\u011fer \u00f6rne\u011fini sunmaktad\u0131r. Otonom ticari ta\u015f\u0131mac\u0131l\u0131k ve drone kullan\u0131m\u0131 s\u00fcre\u00e7lerini h\u0131zland\u0131rarak, operasyonel verimlili\u011fi \u00fcst seviyeye \u00e7\u0131kart\u0131yor. Dinamik dronebanlar, \u015fehirleraras\u0131 otonom \u0130HA u\u00e7u\u015flar\u0131 ve u\u00e7u\u015f kay\u0131tlar\u0131n\u0131n ger\u00e7ek zamanl\u0131 olarak izlenebilmesi sayesinde g\u00fcvenlik en \u00fcst d\u00fczeyde sa\u011flan\u0131yor. Sonu\u00e7 olarak, dijitalle\u015fme, veri ve yapay zeka ile desteklenen bu sivil havac\u0131l\u0131k modeli, yaln\u0131zca sekt\u00f6rde yenilik getirmekle kalm\u0131yor; ayn\u0131 zamanda gelecekte havac\u0131l\u0131kta s\u00fcrd\u00fcr\u00fclebilirlik, verimlilik ve g\u00fcvenlik i\u00e7in yeni bir d\u00f6nemi ba\u015flat\u0131yor. Bu yeni yakla\u015f\u0131m, g\u00f6ky\u00fcz\u00fcnde yenilik ve sekt\u00f6rde istikrar vizyonumuzu ger\u00e7ekle\u015ftirmemizi de sa\u011fl\u0131yor.\u201d<\/p>\n<p>Kaynak: www.kanalv.com.tr Haber Sitesinden Al\u0131nm\u0131\u015ft\u0131r.<\/p>","protected":false},"excerpt":{"rendered":"<p>Ula\u015ft\u0131rma ve Altyap\u0131 Bakan\u0131 Abdulkadir Uralo\u011flu, , Devlet Hava Meydanlar\u0131 Genel M\u00fcd\u00fcrl\u00fc\u011f\u00fc kanal\u0131yla; u\u00e7u\u015f operasyonlar\u0131nda kullan\u0131lan, yerli ve milli olarak geli\u015ftirilen, yaz\u0131l\u0131m ve cihalar\u0131 aktararak, \u201cSiber g\u00fcvenlik noktas\u0131nda en \u00e7ok \u00f6nem verdi\u011fimiz husus; yaz\u0131l\u0131mdan-cihaz \u00fcretimine kadar yerlilik ve milliliktir. Bu teknolojilere yat\u0131r\u0131m yapman\u0131n, k\u00fcresel rekabette daha g\u00fc\u00e7l\u00fc bir konuma gelmemiz a\u00e7\u0131s\u0131ndan \u00fclkemize katk\u0131 sa\u011flayaca\u011f\u0131n\u0131 d\u00fc\u015f\u00fcn\u00fcyorum\u201d dedi. Uuslararas\u0131 \u201cAI in the Sky: A Unified Approach with ICAO\u201d (G\u00f6ky\u00fcz\u00fcnde Yapay Zeka: ICAO ile Birle\u015fik Bir Yakla\u015f\u0131m) etkinli\u011fi Antalya&#8217;da ba\u015flad\u0131. Serik il\u00e7esinde bulunan bir otelin kongre salonunda d\u00fczenlenen program\u0131n a\u00e7\u0131l\u0131\u015f\u0131na; Ula\u015ft\u0131rma ve Altyap\u0131 Bakan\u0131 Abdulkadir Uralo\u011flu, Uluslararas\u0131 Sivil Havac\u0131l\u0131k Te\u015fkilat\u0131 (ICAO) Genel Sekreteri Juan Carlos Salazar, Antalya Valisi Hulusi \u015eahin ve havac\u0131l\u0131k sekt\u00f6r\u00fcnden yetkililer kat\u0131ld\u0131. \u201cYolcu say\u0131m\u0131z\u0131n; bu y\u0131l sonunda 236 milyonun \u00fcst\u00fcne \u00e7\u0131kaca\u011f\u0131n\u0131 \u00f6ng\u00f6r\u00fcyoruz\u201d \u201cA\u00e7\u0131l\u0131\u015f konu\u015fmas\u0131n\u0131 ger\u00e7ekle\u015ftiren Ula\u015ft\u0131rma ve Altyap\u0131 Bakan\u0131 Abdulkadir Uralo\u011flu, havac\u0131l\u0131k sekt\u00f6r\u00fcnde kullan\u0131lan yapay zeka uygulamalar\u0131n\u0131 aktard\u0131. T\u00fcrkiye&#8217;nin, 4 saatlik u\u00e7u\u015f s\u00fcresiyle 1 bu\u00e7uk milyar insan\u0131n ya\u015fad\u0131\u011f\u0131 67 \u00fclkenin merkezinde yer ald\u0131\u011f\u0131na i\u015faret eden Bakan Uralo\u011flu, \u201cEn h\u0131zl\u0131, en g\u00fcvenli ve en konforlu ula\u015f\u0131m yolunun havayolu oldu\u011fu bilinciyle; \u00fclkemizin bu avantajl\u0131 konumunun potansiyelini en \u00fcst d\u00fczeye \u00e7\u0131karmak i\u00e7in havac\u0131l\u0131k alan\u0131nda \u00e7ok b\u00fcy\u00fck yat\u0131r\u0131mlar ger\u00e7ekle\u015ftirdik. Say\u0131n Cumhurba\u015fkan\u0131m\u0131z\u0131n liderli\u011finde \u201cd\u00fcnyada ula\u015famad\u0131\u011f\u0131m\u0131z hi\u00e7bir nokta kalmayacak\u201d hedefiyle hareket ederek \u00fclkemizi; d\u00fcnyan\u0131n en geni\u015f &hellip;<\/p>","protected":false},"author":0,"featured_media":15676,"comment_status":"open","ping_status":"open","sticky":false,"template":"","format":"standard","meta":{"_acf_changed":false,"footnotes":""},"categories":[26,535],"tags":[],"class_list":["post-15675","post","type-post","status-publish","format-standard","has-post-thumbnail","hentry","category-antalya","category-uncategorized-tr"],"acf":[],"yoast_head":"<!-- This site is optimized with the Yoast SEO Premium plugin v26.6 (Yoast SEO v27.1.1) - https:\/\/yoast.com\/product\/yoast-seo-premium-wordpress\/ -->\n<title>Havac\u0131l\u0131k d\u00fcnyas\u0131 Antalya&#039;da - Av. Deniz Can K\u0131z\u0131l<\/title>\n<meta name=\"robots\" content=\"index, follow, max-snippet:-1, max-image-preview:large, max-video-preview:-1\" \/>\n<link rel=\"canonical\" href=\"https:\/\/denizcankizil.tr\/en\/haberler\/antalya\/havacilik-dunyasi-antalyada\/\" \/>\n<meta property=\"og:locale\" content=\"en_GB\" \/>\n<meta property=\"og:type\" content=\"article\" \/>\n<meta property=\"og:title\" content=\"Havac\u0131l\u0131k d\u00fcnyas\u0131 Antalya&#039;da\" \/>\n<meta property=\"og:description\" content=\"Ula\u015ft\u0131rma ve Altyap\u0131 Bakan\u0131 Abdulkadir Uralo\u011flu, , Devlet Hava Meydanlar\u0131 Genel M\u00fcd\u00fcrl\u00fc\u011f\u00fc kanal\u0131yla; u\u00e7u\u015f operasyonlar\u0131nda kullan\u0131lan, yerli ve milli olarak geli\u015ftirilen, yaz\u0131l\u0131m ve cihalar\u0131 aktararak, \u201cSiber g\u00fcvenlik noktas\u0131nda en \u00e7ok \u00f6nem verdi\u011fimiz husus; yaz\u0131l\u0131mdan-cihaz \u00fcretimine kadar yerlilik ve milliliktir. Bu teknolojilere yat\u0131r\u0131m yapman\u0131n, k\u00fcresel rekabette daha g\u00fc\u00e7l\u00fc bir konuma gelmemiz a\u00e7\u0131s\u0131ndan \u00fclkemize katk\u0131 sa\u011flayaca\u011f\u0131n\u0131 d\u00fc\u015f\u00fcn\u00fcyorum\u201d dedi. Uuslararas\u0131 \u201cAI in the Sky: A Unified Approach with ICAO\u201d (G\u00f6ky\u00fcz\u00fcnde Yapay Zeka: ICAO ile Birle\u015fik Bir Yakla\u015f\u0131m) etkinli\u011fi Antalya&#8217;da ba\u015flad\u0131. Serik il\u00e7esinde bulunan bir otelin kongre salonunda d\u00fczenlenen program\u0131n a\u00e7\u0131l\u0131\u015f\u0131na; Ula\u015ft\u0131rma ve Altyap\u0131 Bakan\u0131 Abdulkadir Uralo\u011flu, Uluslararas\u0131 Sivil Havac\u0131l\u0131k Te\u015fkilat\u0131 (ICAO) Genel Sekreteri Juan Carlos Salazar, Antalya Valisi Hulusi \u015eahin ve havac\u0131l\u0131k sekt\u00f6r\u00fcnden yetkililer kat\u0131ld\u0131. \u201cYolcu say\u0131m\u0131z\u0131n; bu y\u0131l sonunda 236 milyonun \u00fcst\u00fcne \u00e7\u0131kaca\u011f\u0131n\u0131 \u00f6ng\u00f6r\u00fcyoruz\u201d \u201cA\u00e7\u0131l\u0131\u015f konu\u015fmas\u0131n\u0131 ger\u00e7ekle\u015ftiren Ula\u015ft\u0131rma ve Altyap\u0131 Bakan\u0131 Abdulkadir Uralo\u011flu, havac\u0131l\u0131k sekt\u00f6r\u00fcnde kullan\u0131lan yapay zeka uygulamalar\u0131n\u0131 aktard\u0131. T\u00fcrkiye&#8217;nin, 4 saatlik u\u00e7u\u015f s\u00fcresiyle 1 bu\u00e7uk milyar insan\u0131n ya\u015fad\u0131\u011f\u0131 67 \u00fclkenin merkezinde yer ald\u0131\u011f\u0131na i\u015faret eden Bakan Uralo\u011flu, \u201cEn h\u0131zl\u0131, en g\u00fcvenli ve en konforlu ula\u015f\u0131m yolunun havayolu oldu\u011fu bilinciyle; \u00fclkemizin bu avantajl\u0131 konumunun potansiyelini en \u00fcst d\u00fczeye \u00e7\u0131karmak i\u00e7in havac\u0131l\u0131k alan\u0131nda \u00e7ok b\u00fcy\u00fck yat\u0131r\u0131mlar ger\u00e7ekle\u015ftirdik. Say\u0131n Cumhurba\u015fkan\u0131m\u0131z\u0131n liderli\u011finde \u201cd\u00fcnyada ula\u015famad\u0131\u011f\u0131m\u0131z hi\u00e7bir nokta kalmayacak\u201d hedefiyle hareket ederek \u00fclkemizi; d\u00fcnyan\u0131n en geni\u015f &hellip;\" \/>\n<meta property=\"og:url\" content=\"https:\/\/denizcankizil.tr\/en\/haberler\/antalya\/havacilik-dunyasi-antalyada\/\" \/>\n<meta property=\"og:site_name\" content=\"Av. Deniz Can K\u0131z\u0131l\" \/>\n<meta property=\"article:published_time\" content=\"2024-11-12T11:41:36+00:00\" \/>\n<meta property=\"og:image\" content=\"https:\/\/denizcankizil.tr\/wp-content\/uploads\/2024\/11\/3034-01-EtMkGL.jpeg\" \/>\n\t<meta property=\"og:image:width\" content=\"1280\" \/>\n\t<meta property=\"og:image:height\" content=\"720\" \/>\n\t<meta property=\"og:image:type\" content=\"image\/jpeg\" \/>\n<meta name=\"twitter:card\" content=\"summary_large_image\" \/>\n<meta name=\"twitter:label1\" content=\"Estimated reading time\" \/>\n\t<meta name=\"twitter:data1\" content=\"10 minutes\" \/>\n<script type=\"application\/ld+json\" class=\"yoast-schema-graph\">{\"@context\":\"https:\/\/schema.org\",\"@graph\":[{\"@type\":\"Article\",\"@id\":\"https:\/\/denizcankizil.tr\/en\/haberler\/antalya\/havacilik-dunyasi-antalyada\/#article\",\"isPartOf\":{\"@id\":\"https:\/\/denizcankizil.tr\/en\/haberler\/antalya\/havacilik-dunyasi-antalyada\/\"},\"author\":{\"name\":\"\",\"@id\":\"\"},\"headline\":\"Havac\u0131l\u0131k d\u00fcnyas\u0131 Antalya&#8217;da\",\"datePublished\":\"2024-11-12T11:41:36+00:00\",\"mainEntityOfPage\":{\"@id\":\"https:\/\/denizcankizil.tr\/en\/haberler\/antalya\/havacilik-dunyasi-antalyada\/\"},\"wordCount\":1915,\"commentCount\":0,\"publisher\":{\"@id\":\"https:\/\/denizcankizil.tr\/de\/#organization\"},\"image\":{\"@id\":\"https:\/\/denizcankizil.tr\/en\/haberler\/antalya\/havacilik-dunyasi-antalyada\/#primaryimage\"},\"thumbnailUrl\":\"https:\/\/denizcankizil.tr\/wp-content\/uploads\/2024\/11\/3034-01-EtMkGL.jpeg\",\"articleSection\":[\"Antalya\",\"Uncategorized\"],\"inLanguage\":\"en-GB\",\"potentialAction\":[{\"@type\":\"CommentAction\",\"name\":\"Comment\",\"target\":[\"https:\/\/denizcankizil.tr\/en\/haberler\/antalya\/havacilik-dunyasi-antalyada\/#respond\"]}]},{\"@type\":\"WebPage\",\"@id\":\"https:\/\/denizcankizil.tr\/en\/haberler\/antalya\/havacilik-dunyasi-antalyada\/\",\"url\":\"https:\/\/denizcankizil.tr\/en\/haberler\/antalya\/havacilik-dunyasi-antalyada\/\",\"name\":\"Havac\u0131l\u0131k d\u00fcnyas\u0131 Antalya'da - Av. Deniz Can K\u0131z\u0131l\",\"isPartOf\":{\"@id\":\"https:\/\/denizcankizil.tr\/de\/#website\"},\"primaryImageOfPage\":{\"@id\":\"https:\/\/denizcankizil.tr\/en\/haberler\/antalya\/havacilik-dunyasi-antalyada\/#primaryimage\"},\"image\":{\"@id\":\"https:\/\/denizcankizil.tr\/en\/haberler\/antalya\/havacilik-dunyasi-antalyada\/#primaryimage\"},\"thumbnailUrl\":\"https:\/\/denizcankizil.tr\/wp-content\/uploads\/2024\/11\/3034-01-EtMkGL.jpeg\",\"datePublished\":\"2024-11-12T11:41:36+00:00\",\"breadcrumb\":{\"@id\":\"https:\/\/denizcankizil.tr\/en\/haberler\/antalya\/havacilik-dunyasi-antalyada\/#breadcrumb\"},\"inLanguage\":\"en-GB\",\"potentialAction\":[{\"@type\":\"ReadAction\",\"target\":[\"https:\/\/denizcankizil.tr\/en\/haberler\/antalya\/havacilik-dunyasi-antalyada\/\"]}]},{\"@type\":\"ImageObject\",\"inLanguage\":\"en-GB\",\"@id\":\"https:\/\/denizcankizil.tr\/en\/haberler\/antalya\/havacilik-dunyasi-antalyada\/#primaryimage\",\"url\":\"https:\/\/denizcankizil.tr\/wp-content\/uploads\/2024\/11\/3034-01-EtMkGL.jpeg\",\"contentUrl\":\"https:\/\/denizcankizil.tr\/wp-content\/uploads\/2024\/11\/3034-01-EtMkGL.jpeg\",\"width\":1280,\"height\":720},{\"@type\":\"BreadcrumbList\",\"@id\":\"https:\/\/denizcankizil.tr\/en\/haberler\/antalya\/havacilik-dunyasi-antalyada\/#breadcrumb\",\"itemListElement\":[{\"@type\":\"ListItem\",\"position\":1,\"name\":\"Home\",\"item\":\"https:\/\/denizcankizil.tr\/de\/\"},{\"@type\":\"ListItem\",\"position\":2,\"name\":\"Havac\u0131l\u0131k d\u00fcnyas\u0131 Antalya&#8217;da\"}]},{\"@type\":\"WebSite\",\"@id\":\"https:\/\/denizcankizil.tr\/de\/#website\",\"url\":\"https:\/\/denizcankizil.tr\/de\/\",\"name\":\"Av. Deniz Can K\u0131z\u0131l\",\"description\":\"Avukat Deniz Can K\u0131z\u0131l Antalya Barosu\",\"publisher\":{\"@id\":\"https:\/\/denizcankizil.tr\/de\/#organization\"},\"potentialAction\":[{\"@type\":\"SearchAction\",\"target\":{\"@type\":\"EntryPoint\",\"urlTemplate\":\"https:\/\/denizcankizil.tr\/de\/?s={search_term_string}\"},\"query-input\":{\"@type\":\"PropertyValueSpecification\",\"valueRequired\":true,\"valueName\":\"search_term_string\"}}],\"inLanguage\":\"en-GB\"},{\"@type\":\"Organization\",\"@id\":\"https:\/\/denizcankizil.tr\/de\/#organization\",\"name\":\"Av. Deniz Can K\u0131z\u0131l\",\"url\":\"https:\/\/denizcankizil.tr\/de\/\",\"logo\":{\"@type\":\"ImageObject\",\"inLanguage\":\"en-GB\",\"@id\":\"https:\/\/denizcankizil.tr\/de\/#\/schema\/logo\/image\/\",\"url\":\"https:\/\/denizcankizil.tr\/wp-content\/uploads\/2024\/10\/siyah-logo-svg.svg\",\"contentUrl\":\"https:\/\/denizcankizil.tr\/wp-content\/uploads\/2024\/10\/siyah-logo-svg.svg\",\"width\":1080,\"height\":1080,\"caption\":\"Av. Deniz Can K\u0131z\u0131l\"},\"image\":{\"@id\":\"https:\/\/denizcankizil.tr\/de\/#\/schema\/logo\/image\/\"}}]}<\/script>\n<!-- \/ Yoast SEO Premium plugin. -->","yoast_head_json":{"title":"Havac\u0131l\u0131k d\u00fcnyas\u0131 Antalya'da - Av. Deniz Can K\u0131z\u0131l","robots":{"index":"index","follow":"follow","max-snippet":"max-snippet:-1","max-image-preview":"max-image-preview:large","max-video-preview":"max-video-preview:-1"},"canonical":"https:\/\/denizcankizil.tr\/en\/haberler\/antalya\/havacilik-dunyasi-antalyada\/","og_locale":"en_GB","og_type":"article","og_title":"Havac\u0131l\u0131k d\u00fcnyas\u0131 Antalya'da","og_description":"Ula\u015ft\u0131rma ve Altyap\u0131 Bakan\u0131 Abdulkadir Uralo\u011flu, , Devlet Hava Meydanlar\u0131 Genel M\u00fcd\u00fcrl\u00fc\u011f\u00fc kanal\u0131yla; u\u00e7u\u015f operasyonlar\u0131nda kullan\u0131lan, yerli ve milli olarak geli\u015ftirilen, yaz\u0131l\u0131m ve cihalar\u0131 aktararak, \u201cSiber g\u00fcvenlik noktas\u0131nda en \u00e7ok \u00f6nem verdi\u011fimiz husus; yaz\u0131l\u0131mdan-cihaz \u00fcretimine kadar yerlilik ve milliliktir. Bu teknolojilere yat\u0131r\u0131m yapman\u0131n, k\u00fcresel rekabette daha g\u00fc\u00e7l\u00fc bir konuma gelmemiz a\u00e7\u0131s\u0131ndan \u00fclkemize katk\u0131 sa\u011flayaca\u011f\u0131n\u0131 d\u00fc\u015f\u00fcn\u00fcyorum\u201d dedi. Uuslararas\u0131 \u201cAI in the Sky: A Unified Approach with ICAO\u201d (G\u00f6ky\u00fcz\u00fcnde Yapay Zeka: ICAO ile Birle\u015fik Bir Yakla\u015f\u0131m) etkinli\u011fi Antalya&#8217;da ba\u015flad\u0131. Serik il\u00e7esinde bulunan bir otelin kongre salonunda d\u00fczenlenen program\u0131n a\u00e7\u0131l\u0131\u015f\u0131na; Ula\u015ft\u0131rma ve Altyap\u0131 Bakan\u0131 Abdulkadir Uralo\u011flu, Uluslararas\u0131 Sivil Havac\u0131l\u0131k Te\u015fkilat\u0131 (ICAO) Genel Sekreteri Juan Carlos Salazar, Antalya Valisi Hulusi \u015eahin ve havac\u0131l\u0131k sekt\u00f6r\u00fcnden yetkililer kat\u0131ld\u0131. \u201cYolcu say\u0131m\u0131z\u0131n; bu y\u0131l sonunda 236 milyonun \u00fcst\u00fcne \u00e7\u0131kaca\u011f\u0131n\u0131 \u00f6ng\u00f6r\u00fcyoruz\u201d \u201cA\u00e7\u0131l\u0131\u015f konu\u015fmas\u0131n\u0131 ger\u00e7ekle\u015ftiren Ula\u015ft\u0131rma ve Altyap\u0131 Bakan\u0131 Abdulkadir Uralo\u011flu, havac\u0131l\u0131k sekt\u00f6r\u00fcnde kullan\u0131lan yapay zeka uygulamalar\u0131n\u0131 aktard\u0131. T\u00fcrkiye&#8217;nin, 4 saatlik u\u00e7u\u015f s\u00fcresiyle 1 bu\u00e7uk milyar insan\u0131n ya\u015fad\u0131\u011f\u0131 67 \u00fclkenin merkezinde yer ald\u0131\u011f\u0131na i\u015faret eden Bakan Uralo\u011flu, \u201cEn h\u0131zl\u0131, en g\u00fcvenli ve en konforlu ula\u015f\u0131m yolunun havayolu oldu\u011fu bilinciyle; \u00fclkemizin bu avantajl\u0131 konumunun potansiyelini en \u00fcst d\u00fczeye \u00e7\u0131karmak i\u00e7in havac\u0131l\u0131k alan\u0131nda \u00e7ok b\u00fcy\u00fck yat\u0131r\u0131mlar ger\u00e7ekle\u015ftirdik. Say\u0131n Cumhurba\u015fkan\u0131m\u0131z\u0131n liderli\u011finde \u201cd\u00fcnyada ula\u015famad\u0131\u011f\u0131m\u0131z hi\u00e7bir nokta kalmayacak\u201d hedefiyle hareket ederek \u00fclkemizi; d\u00fcnyan\u0131n en geni\u015f &hellip;","og_url":"https:\/\/denizcankizil.tr\/en\/haberler\/antalya\/havacilik-dunyasi-antalyada\/","og_site_name":"Av. Deniz Can K\u0131z\u0131l","article_published_time":"2024-11-12T11:41:36+00:00","og_image":[{"width":1280,"height":720,"url":"https:\/\/denizcankizil.tr\/wp-content\/uploads\/2024\/11\/3034-01-EtMkGL.jpeg","type":"image\/jpeg"}],"twitter_card":"summary_large_image","twitter_misc":{"Estimated reading time":"10 minutes"},"schema":{"@context":"https:\/\/schema.org","@graph":[{"@type":"Article","@id":"https:\/\/denizcankizil.tr\/en\/haberler\/antalya\/havacilik-dunyasi-antalyada\/#article","isPartOf":{"@id":"https:\/\/denizcankizil.tr\/en\/haberler\/antalya\/havacilik-dunyasi-antalyada\/"},"author":{"name":"","@id":""},"headline":"Havac\u0131l\u0131k d\u00fcnyas\u0131 Antalya&#8217;da","datePublished":"2024-11-12T11:41:36+00:00","mainEntityOfPage":{"@id":"https:\/\/denizcankizil.tr\/en\/haberler\/antalya\/havacilik-dunyasi-antalyada\/"},"wordCount":1915,"commentCount":0,"publisher":{"@id":"https:\/\/denizcankizil.tr\/de\/#organization"},"image":{"@id":"https:\/\/denizcankizil.tr\/en\/haberler\/antalya\/havacilik-dunyasi-antalyada\/#primaryimage"},"thumbnailUrl":"https:\/\/denizcankizil.tr\/wp-content\/uploads\/2024\/11\/3034-01-EtMkGL.jpeg","articleSection":["Antalya","Uncategorized"],"inLanguage":"en-GB","potentialAction":[{"@type":"CommentAction","name":"Comment","target":["https:\/\/denizcankizil.tr\/en\/haberler\/antalya\/havacilik-dunyasi-antalyada\/#respond"]}]},{"@type":"WebPage","@id":"https:\/\/denizcankizil.tr\/en\/haberler\/antalya\/havacilik-dunyasi-antalyada\/","url":"https:\/\/denizcankizil.tr\/en\/haberler\/antalya\/havacilik-dunyasi-antalyada\/","name":"Havac\u0131l\u0131k d\u00fcnyas\u0131 Antalya'da - Av. Deniz Can K\u0131z\u0131l","isPartOf":{"@id":"https:\/\/denizcankizil.tr\/de\/#website"},"primaryImageOfPage":{"@id":"https:\/\/denizcankizil.tr\/en\/haberler\/antalya\/havacilik-dunyasi-antalyada\/#primaryimage"},"image":{"@id":"https:\/\/denizcankizil.tr\/en\/haberler\/antalya\/havacilik-dunyasi-antalyada\/#primaryimage"},"thumbnailUrl":"https:\/\/denizcankizil.tr\/wp-content\/uploads\/2024\/11\/3034-01-EtMkGL.jpeg","datePublished":"2024-11-12T11:41:36+00:00","breadcrumb":{"@id":"https:\/\/denizcankizil.tr\/en\/haberler\/antalya\/havacilik-dunyasi-antalyada\/#breadcrumb"},"inLanguage":"en-GB","potentialAction":[{"@type":"ReadAction","target":["https:\/\/denizcankizil.tr\/en\/haberler\/antalya\/havacilik-dunyasi-antalyada\/"]}]},{"@type":"ImageObject","inLanguage":"en-GB","@id":"https:\/\/denizcankizil.tr\/en\/haberler\/antalya\/havacilik-dunyasi-antalyada\/#primaryimage","url":"https:\/\/denizcankizil.tr\/wp-content\/uploads\/2024\/11\/3034-01-EtMkGL.jpeg","contentUrl":"https:\/\/denizcankizil.tr\/wp-content\/uploads\/2024\/11\/3034-01-EtMkGL.jpeg","width":1280,"height":720},{"@type":"BreadcrumbList","@id":"https:\/\/denizcankizil.tr\/en\/haberler\/antalya\/havacilik-dunyasi-antalyada\/#breadcrumb","itemListElement":[{"@type":"ListItem","position":1,"name":"Home","item":"https:\/\/denizcankizil.tr\/de\/"},{"@type":"ListItem","position":2,"name":"Havac\u0131l\u0131k d\u00fcnyas\u0131 Antalya&#8217;da"}]},{"@type":"WebSite","@id":"https:\/\/denizcankizil.tr\/de\/#website","url":"https:\/\/denizcankizil.tr\/de\/","name":"Av. Deniz Can K\u0131z\u0131l","description":"Avukat Deniz Can K\u0131z\u0131l Antalya Barosu","publisher":{"@id":"https:\/\/denizcankizil.tr\/de\/#organization"},"potentialAction":[{"@type":"SearchAction","target":{"@type":"EntryPoint","urlTemplate":"https:\/\/denizcankizil.tr\/de\/?s={search_term_string}"},"query-input":{"@type":"PropertyValueSpecification","valueRequired":true,"valueName":"search_term_string"}}],"inLanguage":"en-GB"},{"@type":"Organization","@id":"https:\/\/denizcankizil.tr\/de\/#organization","name":"Av. Deniz Can K\u0131z\u0131l","url":"https:\/\/denizcankizil.tr\/de\/","logo":{"@type":"ImageObject","inLanguage":"en-GB","@id":"https:\/\/denizcankizil.tr\/de\/#\/schema\/logo\/image\/","url":"https:\/\/denizcankizil.tr\/wp-content\/uploads\/2024\/10\/siyah-logo-svg.svg","contentUrl":"https:\/\/denizcankizil.tr\/wp-content\/uploads\/2024\/10\/siyah-logo-svg.svg","width":1080,"height":1080,"caption":"Av. Deniz Can K\u0131z\u0131l"},"image":{"@id":"https:\/\/denizcankizil.tr\/de\/#\/schema\/logo\/image\/"}}]}},"_links":{"self":[{"href":"https:\/\/denizcankizil.tr\/en\/wp-json\/wp\/v2\/posts\/15675","targetHints":{"allow":["GET"]}}],"collection":[{"href":"https:\/\/denizcankizil.tr\/en\/wp-json\/wp\/v2\/posts"}],"about":[{"href":"https:\/\/denizcankizil.tr\/en\/wp-json\/wp\/v2\/types\/post"}],"replies":[{"embeddable":true,"href":"https:\/\/denizcankizil.tr\/en\/wp-json\/wp\/v2\/comments?post=15675"}],"version-history":[{"count":0,"href":"https:\/\/denizcankizil.tr\/en\/wp-json\/wp\/v2\/posts\/15675\/revisions"}],"wp:featuredmedia":[{"embeddable":true,"href":"https:\/\/denizcankizil.tr\/en\/wp-json\/wp\/v2\/media\/15676"}],"wp:attachment":[{"href":"https:\/\/denizcankizil.tr\/en\/wp-json\/wp\/v2\/media?parent=15675"}],"wp:term":[{"taxonomy":"category","embeddable":true,"href":"https:\/\/denizcankizil.tr\/en\/wp-json\/wp\/v2\/categories?post=15675"},{"taxonomy":"post_tag","embeddable":true,"href":"https:\/\/denizcankizil.tr\/en\/wp-json\/wp\/v2\/tags?post=15675"}],"curies":[{"name":"wp","href":"https:\/\/api.w.org\/{rel}","templated":true}]}}