{"id":15558,"date":"2024-11-11T15:42:11","date_gmt":"2024-11-11T12:42:11","guid":{"rendered":"https:\/\/denizcankizil.tr\/uncategorized-tr\/kandirada-1-500-defne-fidani-toprakla-bulustu\/"},"modified":"2024-11-11T15:42:11","modified_gmt":"2024-11-11T12:42:11","slug":"kandirada-1-500-defne-fidani-toprakla-bulustu","status":"publish","type":"post","link":"https:\/\/denizcankizil.tr\/en\/haberler\/gundem\/kandirada-1-500-defne-fidani-toprakla-bulustu\/","title":{"rendered":"Kand\u0131ra\u2019da 1.500 Defne Fidan\u0131 Toprakla Bulu\u015ftu."},"content":{"rendered":"<p>11 Kas\u0131m Milli A\u011fa\u00e7land\u0131rma G\u00fcn\u00fc etkinlikleri kapsam\u0131nda Kand\u0131ra Belediyesi ve Orman \u0130\u015fletme \u015eefli\u011fi i\u015fbirli\u011finde d\u00fczenlenen fidan dikim t\u00f6reni, Kand\u0131ra\u2019n\u0131n Safal\u0131 Mahallesi&#8217;ndeki fidan dikim alan\u0131nda ger\u00e7ekle\u015ftirildi.\u00a0<\/p>\n<p>\u200b11 Kas\u0131m Milli A\u011fa\u00e7land\u0131rma G\u00fcn\u00fc etkinlikleri kapsam\u0131nda Kand\u0131ra Belediyesi ve Orman \u0130\u015fletme \u015eefli\u011fi i\u015fbirli\u011finde d\u00fczenlenen fidan dikim t\u00f6reni, Kand\u0131ra\u2019n\u0131n Safal\u0131 Mahallesi&#8217;ndeki fidan dikim alan\u0131nda ger\u00e7ekle\u015ftirildi.\u00a0\u00a0<\/p>\n<p>\u200bHaberin Al\u0131nt\u0131land\u0131\u011f\u0131 Kaynak: www.iskenderun.org<\/p>","protected":false},"excerpt":{"rendered":"<p>11 Kas\u0131m Milli A\u011fa\u00e7land\u0131rma G\u00fcn\u00fc etkinlikleri kapsam\u0131nda Kand\u0131ra Belediyesi ve Orman \u0130\u015fletme \u015eefli\u011fi i\u015fbirli\u011finde d\u00fczenlenen fidan dikim t\u00f6reni, Kand\u0131ra\u2019n\u0131n Safal\u0131 Mahallesi&#8217;ndeki fidan dikim alan\u0131nda ger\u00e7ekle\u015ftirildi.\u00a0 \u200b11 Kas\u0131m Milli A\u011fa\u00e7land\u0131rma G\u00fcn\u00fc etkinlikleri kapsam\u0131nda Kand\u0131ra Belediyesi ve Orman \u0130\u015fletme \u015eefli\u011fi i\u015fbirli\u011finde d\u00fczenlenen fidan dikim t\u00f6reni, Kand\u0131ra\u2019n\u0131n Safal\u0131 Mahallesi&#8217;ndeki fidan dikim alan\u0131nda ger\u00e7ekle\u015ftirildi.\u00a0\u00a0 \u200bHaberin Al\u0131nt\u0131land\u0131\u011f\u0131 Kaynak: www.iskenderun.org<\/p>","protected":false},"author":0,"featured_media":0,"comment_status":"open","ping_status":"open","sticky":false,"template":"","format":"standard","meta":{"_acf_changed":false,"footnotes":""},"categories":[24,535],"tags":[],"class_list":["post-15558","post","type-post","status-publish","format-standard","has-post-thumbnail","hentry","category-gundem","category-uncategorized-tr"],"acf":[],"yoast_head":"<!-- This site is optimized with the Yoast SEO Premium plugin v26.6 (Yoast SEO v27.1.1) - https:\/\/yoast.com\/product\/yoast-seo-premium-wordpress\/ -->\n<title>Kand\u0131ra\u2019da 1.500 Defne Fidan\u0131 Toprakla Bulu\u015ftu. - Av. Deniz Can K\u0131z\u0131l<\/title>\n<meta name=\"robots\" content=\"index, follow, max-snippet:-1, max-image-preview:large, max-video-preview:-1\" \/>\n<link rel=\"canonical\" href=\"https:\/\/denizcankizil.tr\/en\/haberler\/gundem\/kandirada-1-500-defne-fidani-toprakla-bulustu\/\" \/>\n<meta property=\"og:locale\" content=\"en_GB\" \/>\n<meta property=\"og:type\" content=\"article\" \/>\n<meta property=\"og:title\" content=\"Kand\u0131ra\u2019da 1.500 Defne Fidan\u0131 Toprakla Bulu\u015ftu.\" \/>\n<meta property=\"og:description\" content=\"11 Kas\u0131m Milli A\u011fa\u00e7land\u0131rma G\u00fcn\u00fc etkinlikleri kapsam\u0131nda Kand\u0131ra Belediyesi ve Orman \u0130\u015fletme \u015eefli\u011fi i\u015fbirli\u011finde d\u00fczenlenen fidan dikim t\u00f6reni, Kand\u0131ra\u2019n\u0131n Safal\u0131 Mahallesi&#8217;ndeki fidan dikim alan\u0131nda ger\u00e7ekle\u015ftirildi.\u00a0 \u200b11 Kas\u0131m Milli A\u011fa\u00e7land\u0131rma G\u00fcn\u00fc etkinlikleri kapsam\u0131nda Kand\u0131ra Belediyesi ve Orman \u0130\u015fletme \u015eefli\u011fi i\u015fbirli\u011finde d\u00fczenlenen fidan dikim t\u00f6reni, Kand\u0131ra\u2019n\u0131n Safal\u0131 Mahallesi&#8217;ndeki fidan dikim alan\u0131nda ger\u00e7ekle\u015ftirildi.\u00a0\u00a0 \u200bHaberin Al\u0131nt\u0131land\u0131\u011f\u0131 Kaynak: www.iskenderun.org\" \/>\n<meta property=\"og:url\" content=\"https:\/\/denizcankizil.tr\/en\/haberler\/gundem\/kandirada-1-500-defne-fidani-toprakla-bulustu\/\" \/>\n<meta property=\"og:site_name\" content=\"Av. Deniz Can K\u0131z\u0131l\" \/>\n<meta property=\"article:published_time\" content=\"2024-11-11T12:42:11+00:00\" \/>\n<meta name=\"twitter:card\" content=\"summary_large_image\" \/>\n<script type=\"application\/ld+json\" class=\"yoast-schema-graph\">{\"@context\":\"https:\/\/schema.org\",\"@graph\":[{\"@type\":\"Article\",\"@id\":\"https:\/\/denizcankizil.tr\/ru\/haberler\/gundem\/kandirada-1-500-defne-fidani-toprakla-bulustu\/#article\",\"isPartOf\":{\"@id\":\"https:\/\/denizcankizil.tr\/ru\/haberler\/gundem\/kandirada-1-500-defne-fidani-toprakla-bulustu\/\"},\"author\":{\"name\":\"\",\"@id\":\"\"},\"headline\":\"Kand\u0131ra\u2019da 1.500 Defne Fidan\u0131 Toprakla Bulu\u015ftu.\",\"datePublished\":\"2024-11-11T12:42:11+00:00\",\"mainEntityOfPage\":{\"@id\":\"https:\/\/denizcankizil.tr\/ru\/haberler\/gundem\/kandirada-1-500-defne-fidani-toprakla-bulustu\/\"},\"wordCount\":102,\"commentCount\":0,\"publisher\":{\"@id\":\"https:\/\/denizcankizil.tr\/de\/#organization\"},\"articleSection\":[\"G\u00fcndem\",\"Uncategorized\"],\"inLanguage\":\"en-GB\",\"potentialAction\":[{\"@type\":\"CommentAction\",\"name\":\"Comment\",\"target\":[\"https:\/\/denizcankizil.tr\/ru\/haberler\/gundem\/kandirada-1-500-defne-fidani-toprakla-bulustu\/#respond\"]}]},{\"@type\":\"WebPage\",\"@id\":\"https:\/\/denizcankizil.tr\/ru\/haberler\/gundem\/kandirada-1-500-defne-fidani-toprakla-bulustu\/\",\"url\":\"https:\/\/denizcankizil.tr\/ru\/haberler\/gundem\/kandirada-1-500-defne-fidani-toprakla-bulustu\/\",\"name\":\"Kand\u0131ra\u2019da 1.500 Defne Fidan\u0131 Toprakla Bulu\u015ftu. - Av. Deniz Can K\u0131z\u0131l\",\"isPartOf\":{\"@id\":\"https:\/\/denizcankizil.tr\/de\/#website\"},\"datePublished\":\"2024-11-11T12:42:11+00:00\",\"breadcrumb\":{\"@id\":\"https:\/\/denizcankizil.tr\/ru\/haberler\/gundem\/kandirada-1-500-defne-fidani-toprakla-bulustu\/#breadcrumb\"},\"inLanguage\":\"en-GB\",\"potentialAction\":[{\"@type\":\"ReadAction\",\"target\":[\"https:\/\/denizcankizil.tr\/ru\/haberler\/gundem\/kandirada-1-500-defne-fidani-toprakla-bulustu\/\"]}]},{\"@type\":\"BreadcrumbList\",\"@id\":\"https:\/\/denizcankizil.tr\/ru\/haberler\/gundem\/kandirada-1-500-defne-fidani-toprakla-bulustu\/#breadcrumb\",\"itemListElement\":[{\"@type\":\"ListItem\",\"position\":1,\"name\":\"Home\",\"item\":\"https:\/\/denizcankizil.tr\/de\/\"},{\"@type\":\"ListItem\",\"position\":2,\"name\":\"Kand\u0131ra\u2019da 1.500 Defne Fidan\u0131 Toprakla Bulu\u015ftu.\"}]},{\"@type\":\"WebSite\",\"@id\":\"https:\/\/denizcankizil.tr\/de\/#website\",\"url\":\"https:\/\/denizcankizil.tr\/de\/\",\"name\":\"Av. Deniz Can K\u0131z\u0131l\",\"description\":\"Avukat Deniz Can K\u0131z\u0131l Antalya Barosu\",\"publisher\":{\"@id\":\"https:\/\/denizcankizil.tr\/de\/#organization\"},\"potentialAction\":[{\"@type\":\"SearchAction\",\"target\":{\"@type\":\"EntryPoint\",\"urlTemplate\":\"https:\/\/denizcankizil.tr\/de\/?s={search_term_string}\"},\"query-input\":{\"@type\":\"PropertyValueSpecification\",\"valueRequired\":true,\"valueName\":\"search_term_string\"}}],\"inLanguage\":\"en-GB\"},{\"@type\":\"Organization\",\"@id\":\"https:\/\/denizcankizil.tr\/de\/#organization\",\"name\":\"Av. Deniz Can K\u0131z\u0131l\",\"url\":\"https:\/\/denizcankizil.tr\/de\/\",\"logo\":{\"@type\":\"ImageObject\",\"inLanguage\":\"en-GB\",\"@id\":\"https:\/\/denizcankizil.tr\/de\/#\/schema\/logo\/image\/\",\"url\":\"https:\/\/denizcankizil.tr\/wp-content\/uploads\/2024\/10\/siyah-logo-svg.svg\",\"contentUrl\":\"https:\/\/denizcankizil.tr\/wp-content\/uploads\/2024\/10\/siyah-logo-svg.svg\",\"width\":1080,\"height\":1080,\"caption\":\"Av. Deniz Can K\u0131z\u0131l\"},\"image\":{\"@id\":\"https:\/\/denizcankizil.tr\/de\/#\/schema\/logo\/image\/\"}}]}<\/script>\n<!-- \/ Yoast SEO Premium plugin. -->","yoast_head_json":{"title":"Kand\u0131ra\u2019da 1.500 Defne Fidan\u0131 Toprakla Bulu\u015ftu. - Av. Deniz Can K\u0131z\u0131l","robots":{"index":"index","follow":"follow","max-snippet":"max-snippet:-1","max-image-preview":"max-image-preview:large","max-video-preview":"max-video-preview:-1"},"canonical":"https:\/\/denizcankizil.tr\/en\/haberler\/gundem\/kandirada-1-500-defne-fidani-toprakla-bulustu\/","og_locale":"en_GB","og_type":"article","og_title":"Kand\u0131ra\u2019da 1.500 Defne Fidan\u0131 Toprakla Bulu\u015ftu.","og_description":"11 Kas\u0131m Milli A\u011fa\u00e7land\u0131rma G\u00fcn\u00fc etkinlikleri kapsam\u0131nda Kand\u0131ra Belediyesi ve Orman \u0130\u015fletme \u015eefli\u011fi i\u015fbirli\u011finde d\u00fczenlenen fidan dikim t\u00f6reni, Kand\u0131ra\u2019n\u0131n Safal\u0131 Mahallesi&#8217;ndeki fidan dikim alan\u0131nda ger\u00e7ekle\u015ftirildi.\u00a0 \u200b11 Kas\u0131m Milli A\u011fa\u00e7land\u0131rma G\u00fcn\u00fc etkinlikleri kapsam\u0131nda Kand\u0131ra Belediyesi ve Orman \u0130\u015fletme \u015eefli\u011fi i\u015fbirli\u011finde d\u00fczenlenen fidan dikim t\u00f6reni, Kand\u0131ra\u2019n\u0131n Safal\u0131 Mahallesi&#8217;ndeki fidan dikim alan\u0131nda ger\u00e7ekle\u015ftirildi.\u00a0\u00a0 \u200bHaberin Al\u0131nt\u0131land\u0131\u011f\u0131 Kaynak: www.iskenderun.org","og_url":"https:\/\/denizcankizil.tr\/en\/haberler\/gundem\/kandirada-1-500-defne-fidani-toprakla-bulustu\/","og_site_name":"Av. Deniz Can K\u0131z\u0131l","article_published_time":"2024-11-11T12:42:11+00:00","twitter_card":"summary_large_image","schema":{"@context":"https:\/\/schema.org","@graph":[{"@type":"Article","@id":"https:\/\/denizcankizil.tr\/ru\/haberler\/gundem\/kandirada-1-500-defne-fidani-toprakla-bulustu\/#article","isPartOf":{"@id":"https:\/\/denizcankizil.tr\/ru\/haberler\/gundem\/kandirada-1-500-defne-fidani-toprakla-bulustu\/"},"author":{"name":"","@id":""},"headline":"Kand\u0131ra\u2019da 1.500 Defne Fidan\u0131 Toprakla Bulu\u015ftu.","datePublished":"2024-11-11T12:42:11+00:00","mainEntityOfPage":{"@id":"https:\/\/denizcankizil.tr\/ru\/haberler\/gundem\/kandirada-1-500-defne-fidani-toprakla-bulustu\/"},"wordCount":102,"commentCount":0,"publisher":{"@id":"https:\/\/denizcankizil.tr\/de\/#organization"},"articleSection":["G\u00fcndem","Uncategorized"],"inLanguage":"en-GB","potentialAction":[{"@type":"CommentAction","name":"Comment","target":["https:\/\/denizcankizil.tr\/ru\/haberler\/gundem\/kandirada-1-500-defne-fidani-toprakla-bulustu\/#respond"]}]},{"@type":"WebPage","@id":"https:\/\/denizcankizil.tr\/ru\/haberler\/gundem\/kandirada-1-500-defne-fidani-toprakla-bulustu\/","url":"https:\/\/denizcankizil.tr\/ru\/haberler\/gundem\/kandirada-1-500-defne-fidani-toprakla-bulustu\/","name":"Kand\u0131ra\u2019da 1.500 Defne Fidan\u0131 Toprakla Bulu\u015ftu. - Av. Deniz Can K\u0131z\u0131l","isPartOf":{"@id":"https:\/\/denizcankizil.tr\/de\/#website"},"datePublished":"2024-11-11T12:42:11+00:00","breadcrumb":{"@id":"https:\/\/denizcankizil.tr\/ru\/haberler\/gundem\/kandirada-1-500-defne-fidani-toprakla-bulustu\/#breadcrumb"},"inLanguage":"en-GB","potentialAction":[{"@type":"ReadAction","target":["https:\/\/denizcankizil.tr\/ru\/haberler\/gundem\/kandirada-1-500-defne-fidani-toprakla-bulustu\/"]}]},{"@type":"BreadcrumbList","@id":"https:\/\/denizcankizil.tr\/ru\/haberler\/gundem\/kandirada-1-500-defne-fidani-toprakla-bulustu\/#breadcrumb","itemListElement":[{"@type":"ListItem","position":1,"name":"Home","item":"https:\/\/denizcankizil.tr\/de\/"},{"@type":"ListItem","position":2,"name":"Kand\u0131ra\u2019da 1.500 Defne Fidan\u0131 Toprakla Bulu\u015ftu."}]},{"@type":"WebSite","@id":"https:\/\/denizcankizil.tr\/de\/#website","url":"https:\/\/denizcankizil.tr\/de\/","name":"Av. Deniz Can K\u0131z\u0131l","description":"Avukat Deniz Can K\u0131z\u0131l Antalya Barosu","publisher":{"@id":"https:\/\/denizcankizil.tr\/de\/#organization"},"potentialAction":[{"@type":"SearchAction","target":{"@type":"EntryPoint","urlTemplate":"https:\/\/denizcankizil.tr\/de\/?s={search_term_string}"},"query-input":{"@type":"PropertyValueSpecification","valueRequired":true,"valueName":"search_term_string"}}],"inLanguage":"en-GB"},{"@type":"Organization","@id":"https:\/\/denizcankizil.tr\/de\/#organization","name":"Av. Deniz Can K\u0131z\u0131l","url":"https:\/\/denizcankizil.tr\/de\/","logo":{"@type":"ImageObject","inLanguage":"en-GB","@id":"https:\/\/denizcankizil.tr\/de\/#\/schema\/logo\/image\/","url":"https:\/\/denizcankizil.tr\/wp-content\/uploads\/2024\/10\/siyah-logo-svg.svg","contentUrl":"https:\/\/denizcankizil.tr\/wp-content\/uploads\/2024\/10\/siyah-logo-svg.svg","width":1080,"height":1080,"caption":"Av. Deniz Can K\u0131z\u0131l"},"image":{"@id":"https:\/\/denizcankizil.tr\/de\/#\/schema\/logo\/image\/"}}]}},"_links":{"self":[{"href":"https:\/\/denizcankizil.tr\/en\/wp-json\/wp\/v2\/posts\/15558","targetHints":{"allow":["GET"]}}],"collection":[{"href":"https:\/\/denizcankizil.tr\/en\/wp-json\/wp\/v2\/posts"}],"about":[{"href":"https:\/\/denizcankizil.tr\/en\/wp-json\/wp\/v2\/types\/post"}],"replies":[{"embeddable":true,"href":"https:\/\/denizcankizil.tr\/en\/wp-json\/wp\/v2\/comments?post=15558"}],"version-history":[{"count":0,"href":"https:\/\/denizcankizil.tr\/en\/wp-json\/wp\/v2\/posts\/15558\/revisions"}],"wp:attachment":[{"href":"https:\/\/denizcankizil.tr\/en\/wp-json\/wp\/v2\/media?parent=15558"}],"wp:term":[{"taxonomy":"category","embeddable":true,"href":"https:\/\/denizcankizil.tr\/en\/wp-json\/wp\/v2\/categories?post=15558"},{"taxonomy":"post_tag","embeddable":true,"href":"https:\/\/denizcankizil.tr\/en\/wp-json\/wp\/v2\/tags?post=15558"}],"curies":[{"name":"wp","href":"https:\/\/api.w.org\/{rel}","templated":true}]}}