{"id":15506,"date":"2024-11-11T11:41:44","date_gmt":"2024-11-11T08:41:44","guid":{"rendered":"https:\/\/denizcankizil.tr\/uncategorized-tr\/motosikletliye-carpip-kacan-surucu-teslim-oldu\/"},"modified":"2024-11-11T11:41:44","modified_gmt":"2024-11-11T08:41:44","slug":"motosikletliye-carpip-kacan-surucu-teslim-oldu","status":"publish","type":"post","link":"https:\/\/denizcankizil.tr\/en\/haberler\/antalya\/motosikletliye-carpip-kacan-surucu-teslim-oldu\/","title":{"rendered":"Motosikletliye \u00e7arp\u0131p ka\u00e7an s\u00fcr\u00fcc\u00fc teslim oldu"},"content":{"rendered":"<p>Kaza, d\u00fcn ak\u015fam saat 20.30 s\u0131ralar\u0131nda Konyaalt\u0131 il\u00e7esi Atat\u00fcrk Bulvar\u0131 \u00fczerinde meydana geldi. Edinilen bilgiye g\u00f6re, elektrikli motosikletle cadde \u00fczerinde seyir halindeki Halil \u00c7ift\u00e7i bir ara\u00e7 \u00e7arparak olarak yerinden h\u0131zl\u0131 bir \u015fekilde uzakla\u015ft\u0131. \u00c7arpman\u0131n \u015fiddetiyle \u00f6nce arac\u0131n cam\u0131na \u00e7arpan Halil \u00c7it\u00e7i ard\u0131ndan yola savruldu. Kazay\u0131 g\u00f6renlerin ihbar\u0131 ile olay yerine polis ve sa\u011fl\u0131k ekipleri sevk edilirken, a\u011f\u0131r yaralanan Halil \u00c7ift\u00e7i ilk m\u00fcdahalesinin ard\u0131ndan ambulansla hastaneye kald\u0131r\u0131ld\u0131.<\/p>\n<p>Polis merkezine teslim oldu<br \/>\nPolis ekipleri yapt\u0131klar\u0131 incelemede Halil \u00c7ift\u00e7i&#8217;ye \u00e7arparak ka\u00e7an arac\u0131n 07 AUM 564 plakal\u0131 BMW marka otomobil oldu\u011funu belirlerken arac\u0131 yakalamak i\u00e7in \u00e7al\u0131\u015fma ba\u015flat\u0131ld\u0131. Arac\u0131n kay\u0131tl\u0131 oldu\u011fu adrese giden ekipler burada araca rastlayamazken ara\u00e7 sahibinin Hasan K. oldu\u011fu belirlendi. Ekiplerin arac\u0131 yakalanmas\u0131 i\u00e7in ara\u015ft\u0131rmalar\u0131 devam ederken ara\u00e7 s\u00fcr\u00fcc\u00fcs\u00fc Hasan K. olaydan 3 saat sonra polis merkezine giderek teslim oldu.<\/p>\n<p>Ara\u00e7 s\u00fcr\u00fcc\u00fcs\u00fc alkoll\u00fc \u00e7\u0131kt\u0131<br \/>\nHasan K.&#8217;n\u0131n, polis merkezinde arac\u0131 kaza yerine yak\u0131n bir noktada ara soka\u011fa park etti\u011fini belirtmesi \u00fczerine ara\u00e7 Arapsuyu Mahallesi 642 sokak \u00fczerinde bulundu. Park halinde bulunan ara\u00e7 i\u00e7in b\u00f6lgeye trafik ve Olay Yeri \u0130nceleme ekipleri \u00e7a\u011fr\u0131ld\u0131. Ekiplerin \u00e7al\u0131\u015fmas\u0131n\u0131n ard\u0131ndan ara\u00e7 \u00e7ekici yard\u0131m\u0131yla otoparka \u00e7ekildi. \u00d6te yandan kazan\u0131n ard\u0131ndan polis merkezine giderek teslim olan 07 AUM 564 plakal\u0131 ara\u00e7 s\u00fcr\u00fcc\u00fcs\u00fc Hasan K.&#8217;n\u0131n 0.90 promil alkoll\u00fc oldu\u011fu belirlendi.<\/p>\n<p>Kaynak: www.kanalv.com.tr Haber Sitesinden Al\u0131nm\u0131\u015ft\u0131r.<\/p>","protected":false},"excerpt":{"rendered":"<p>Kaza, d\u00fcn ak\u015fam saat 20.30 s\u0131ralar\u0131nda Konyaalt\u0131 il\u00e7esi Atat\u00fcrk Bulvar\u0131 \u00fczerinde meydana geldi. Edinilen bilgiye g\u00f6re, elektrikli motosikletle cadde \u00fczerinde seyir halindeki Halil \u00c7ift\u00e7i bir ara\u00e7 \u00e7arparak olarak yerinden h\u0131zl\u0131 bir \u015fekilde uzakla\u015ft\u0131. \u00c7arpman\u0131n \u015fiddetiyle \u00f6nce arac\u0131n cam\u0131na \u00e7arpan Halil \u00c7it\u00e7i ard\u0131ndan yola savruldu. Kazay\u0131 g\u00f6renlerin ihbar\u0131 ile olay yerine polis ve sa\u011fl\u0131k ekipleri sevk edilirken, a\u011f\u0131r yaralanan Halil \u00c7ift\u00e7i ilk m\u00fcdahalesinin ard\u0131ndan ambulansla hastaneye kald\u0131r\u0131ld\u0131. Polis merkezine teslim oldu Polis ekipleri yapt\u0131klar\u0131 incelemede Halil \u00c7ift\u00e7i&#8217;ye \u00e7arparak ka\u00e7an arac\u0131n 07 AUM 564 plakal\u0131 BMW marka otomobil oldu\u011funu belirlerken arac\u0131 yakalamak i\u00e7in \u00e7al\u0131\u015fma ba\u015flat\u0131ld\u0131. Arac\u0131n kay\u0131tl\u0131 oldu\u011fu adrese giden ekipler burada araca rastlayamazken ara\u00e7 sahibinin Hasan K. oldu\u011fu belirlendi. Ekiplerin arac\u0131 yakalanmas\u0131 i\u00e7in ara\u015ft\u0131rmalar\u0131 devam ederken ara\u00e7 s\u00fcr\u00fcc\u00fcs\u00fc Hasan K. olaydan 3 saat sonra polis merkezine giderek teslim oldu. Ara\u00e7 s\u00fcr\u00fcc\u00fcs\u00fc alkoll\u00fc \u00e7\u0131kt\u0131 Hasan K.&#8217;n\u0131n, polis merkezinde arac\u0131 kaza yerine yak\u0131n bir noktada ara soka\u011fa park etti\u011fini belirtmesi \u00fczerine ara\u00e7 Arapsuyu Mahallesi 642 sokak \u00fczerinde bulundu. Park halinde bulunan ara\u00e7 i\u00e7in b\u00f6lgeye trafik ve Olay Yeri \u0130nceleme ekipleri \u00e7a\u011fr\u0131ld\u0131. Ekiplerin \u00e7al\u0131\u015fmas\u0131n\u0131n ard\u0131ndan ara\u00e7 \u00e7ekici yard\u0131m\u0131yla otoparka \u00e7ekildi. \u00d6te yandan kazan\u0131n ard\u0131ndan polis merkezine giderek teslim olan 07 AUM 564 plakal\u0131 ara\u00e7 s\u00fcr\u00fcc\u00fcs\u00fc Hasan K.&#8217;n\u0131n 0.90 promil alkoll\u00fc oldu\u011fu belirlendi. Kaynak: www.kanalv.com.tr &hellip;<\/p>","protected":false},"author":0,"featured_media":15507,"comment_status":"open","ping_status":"open","sticky":false,"template":"","format":"standard","meta":{"_acf_changed":false,"footnotes":""},"categories":[26,535],"tags":[],"class_list":["post-15506","post","type-post","status-publish","format-standard","has-post-thumbnail","hentry","category-antalya","category-uncategorized-tr"],"acf":[],"yoast_head":"<!-- This site is optimized with the Yoast SEO Premium plugin v26.6 (Yoast SEO v27.1.1) - https:\/\/yoast.com\/product\/yoast-seo-premium-wordpress\/ -->\n<title>Motosikletliye \u00e7arp\u0131p ka\u00e7an s\u00fcr\u00fcc\u00fc teslim oldu - Av. Deniz Can K\u0131z\u0131l<\/title>\n<meta name=\"robots\" content=\"index, follow, max-snippet:-1, max-image-preview:large, max-video-preview:-1\" \/>\n<link rel=\"canonical\" href=\"https:\/\/denizcankizil.tr\/en\/haberler\/antalya\/motosikletliye-carpip-kacan-surucu-teslim-oldu\/\" \/>\n<meta property=\"og:locale\" content=\"en_GB\" \/>\n<meta property=\"og:type\" content=\"article\" \/>\n<meta property=\"og:title\" content=\"Motosikletliye \u00e7arp\u0131p ka\u00e7an s\u00fcr\u00fcc\u00fc teslim oldu\" \/>\n<meta property=\"og:description\" content=\"Kaza, d\u00fcn ak\u015fam saat 20.30 s\u0131ralar\u0131nda Konyaalt\u0131 il\u00e7esi Atat\u00fcrk Bulvar\u0131 \u00fczerinde meydana geldi. Edinilen bilgiye g\u00f6re, elektrikli motosikletle cadde \u00fczerinde seyir halindeki Halil \u00c7ift\u00e7i bir ara\u00e7 \u00e7arparak olarak yerinden h\u0131zl\u0131 bir \u015fekilde uzakla\u015ft\u0131. \u00c7arpman\u0131n \u015fiddetiyle \u00f6nce arac\u0131n cam\u0131na \u00e7arpan Halil \u00c7it\u00e7i ard\u0131ndan yola savruldu. Kazay\u0131 g\u00f6renlerin ihbar\u0131 ile olay yerine polis ve sa\u011fl\u0131k ekipleri sevk edilirken, a\u011f\u0131r yaralanan Halil \u00c7ift\u00e7i ilk m\u00fcdahalesinin ard\u0131ndan ambulansla hastaneye kald\u0131r\u0131ld\u0131. Polis merkezine teslim oldu Polis ekipleri yapt\u0131klar\u0131 incelemede Halil \u00c7ift\u00e7i&#8217;ye \u00e7arparak ka\u00e7an arac\u0131n 07 AUM 564 plakal\u0131 BMW marka otomobil oldu\u011funu belirlerken arac\u0131 yakalamak i\u00e7in \u00e7al\u0131\u015fma ba\u015flat\u0131ld\u0131. Arac\u0131n kay\u0131tl\u0131 oldu\u011fu adrese giden ekipler burada araca rastlayamazken ara\u00e7 sahibinin Hasan K. oldu\u011fu belirlendi. Ekiplerin arac\u0131 yakalanmas\u0131 i\u00e7in ara\u015ft\u0131rmalar\u0131 devam ederken ara\u00e7 s\u00fcr\u00fcc\u00fcs\u00fc Hasan K. olaydan 3 saat sonra polis merkezine giderek teslim oldu. Ara\u00e7 s\u00fcr\u00fcc\u00fcs\u00fc alkoll\u00fc \u00e7\u0131kt\u0131 Hasan K.&#8217;n\u0131n, polis merkezinde arac\u0131 kaza yerine yak\u0131n bir noktada ara soka\u011fa park etti\u011fini belirtmesi \u00fczerine ara\u00e7 Arapsuyu Mahallesi 642 sokak \u00fczerinde bulundu. Park halinde bulunan ara\u00e7 i\u00e7in b\u00f6lgeye trafik ve Olay Yeri \u0130nceleme ekipleri \u00e7a\u011fr\u0131ld\u0131. Ekiplerin \u00e7al\u0131\u015fmas\u0131n\u0131n ard\u0131ndan ara\u00e7 \u00e7ekici yard\u0131m\u0131yla otoparka \u00e7ekildi. \u00d6te yandan kazan\u0131n ard\u0131ndan polis merkezine giderek teslim olan 07 AUM 564 plakal\u0131 ara\u00e7 s\u00fcr\u00fcc\u00fcs\u00fc Hasan K.&#8217;n\u0131n 0.90 promil alkoll\u00fc oldu\u011fu belirlendi. Kaynak: www.kanalv.com.tr &hellip;\" \/>\n<meta property=\"og:url\" content=\"https:\/\/denizcankizil.tr\/en\/haberler\/antalya\/motosikletliye-carpip-kacan-surucu-teslim-oldu\/\" \/>\n<meta property=\"og:site_name\" content=\"Av. Deniz Can K\u0131z\u0131l\" \/>\n<meta property=\"article:published_time\" content=\"2024-11-11T08:41:44+00:00\" \/>\n<meta property=\"og:image\" content=\"https:\/\/denizcankizil.tr\/wp-content\/uploads\/2024\/11\/2998-01-d7znYp.jpeg\" \/>\n\t<meta property=\"og:image:width\" content=\"1280\" \/>\n\t<meta property=\"og:image:height\" content=\"720\" \/>\n\t<meta property=\"og:image:type\" content=\"image\/jpeg\" \/>\n<meta name=\"twitter:card\" content=\"summary_large_image\" \/>\n<meta name=\"twitter:label1\" content=\"Estimated reading time\" \/>\n\t<meta name=\"twitter:data1\" content=\"1 minute\" \/>\n<script type=\"application\/ld+json\" class=\"yoast-schema-graph\">{\"@context\":\"https:\/\/schema.org\",\"@graph\":[{\"@type\":\"Article\",\"@id\":\"https:\/\/denizcankizil.tr\/en\/haberler\/antalya\/motosikletliye-carpip-kacan-surucu-teslim-oldu\/#article\",\"isPartOf\":{\"@id\":\"https:\/\/denizcankizil.tr\/en\/haberler\/antalya\/motosikletliye-carpip-kacan-surucu-teslim-oldu\/\"},\"author\":{\"name\":\"\",\"@id\":\"\"},\"headline\":\"Motosikletliye \u00e7arp\u0131p ka\u00e7an s\u00fcr\u00fcc\u00fc teslim oldu\",\"datePublished\":\"2024-11-11T08:41:44+00:00\",\"mainEntityOfPage\":{\"@id\":\"https:\/\/denizcankizil.tr\/en\/haberler\/antalya\/motosikletliye-carpip-kacan-surucu-teslim-oldu\/\"},\"wordCount\":281,\"commentCount\":0,\"publisher\":{\"@id\":\"https:\/\/denizcankizil.tr\/de\/#organization\"},\"image\":{\"@id\":\"https:\/\/denizcankizil.tr\/en\/haberler\/antalya\/motosikletliye-carpip-kacan-surucu-teslim-oldu\/#primaryimage\"},\"thumbnailUrl\":\"https:\/\/denizcankizil.tr\/wp-content\/uploads\/2024\/11\/2998-01-d7znYp.jpeg\",\"articleSection\":[\"Antalya\",\"Uncategorized\"],\"inLanguage\":\"en-GB\",\"potentialAction\":[{\"@type\":\"CommentAction\",\"name\":\"Comment\",\"target\":[\"https:\/\/denizcankizil.tr\/en\/haberler\/antalya\/motosikletliye-carpip-kacan-surucu-teslim-oldu\/#respond\"]}]},{\"@type\":\"WebPage\",\"@id\":\"https:\/\/denizcankizil.tr\/en\/haberler\/antalya\/motosikletliye-carpip-kacan-surucu-teslim-oldu\/\",\"url\":\"https:\/\/denizcankizil.tr\/en\/haberler\/antalya\/motosikletliye-carpip-kacan-surucu-teslim-oldu\/\",\"name\":\"Motosikletliye \u00e7arp\u0131p ka\u00e7an s\u00fcr\u00fcc\u00fc teslim oldu - Av. Deniz Can K\u0131z\u0131l\",\"isPartOf\":{\"@id\":\"https:\/\/denizcankizil.tr\/de\/#website\"},\"primaryImageOfPage\":{\"@id\":\"https:\/\/denizcankizil.tr\/en\/haberler\/antalya\/motosikletliye-carpip-kacan-surucu-teslim-oldu\/#primaryimage\"},\"image\":{\"@id\":\"https:\/\/denizcankizil.tr\/en\/haberler\/antalya\/motosikletliye-carpip-kacan-surucu-teslim-oldu\/#primaryimage\"},\"thumbnailUrl\":\"https:\/\/denizcankizil.tr\/wp-content\/uploads\/2024\/11\/2998-01-d7znYp.jpeg\",\"datePublished\":\"2024-11-11T08:41:44+00:00\",\"breadcrumb\":{\"@id\":\"https:\/\/denizcankizil.tr\/en\/haberler\/antalya\/motosikletliye-carpip-kacan-surucu-teslim-oldu\/#breadcrumb\"},\"inLanguage\":\"en-GB\",\"potentialAction\":[{\"@type\":\"ReadAction\",\"target\":[\"https:\/\/denizcankizil.tr\/en\/haberler\/antalya\/motosikletliye-carpip-kacan-surucu-teslim-oldu\/\"]}]},{\"@type\":\"ImageObject\",\"inLanguage\":\"en-GB\",\"@id\":\"https:\/\/denizcankizil.tr\/en\/haberler\/antalya\/motosikletliye-carpip-kacan-surucu-teslim-oldu\/#primaryimage\",\"url\":\"https:\/\/denizcankizil.tr\/wp-content\/uploads\/2024\/11\/2998-01-d7znYp.jpeg\",\"contentUrl\":\"https:\/\/denizcankizil.tr\/wp-content\/uploads\/2024\/11\/2998-01-d7znYp.jpeg\",\"width\":1280,\"height\":720},{\"@type\":\"BreadcrumbList\",\"@id\":\"https:\/\/denizcankizil.tr\/en\/haberler\/antalya\/motosikletliye-carpip-kacan-surucu-teslim-oldu\/#breadcrumb\",\"itemListElement\":[{\"@type\":\"ListItem\",\"position\":1,\"name\":\"Home\",\"item\":\"https:\/\/denizcankizil.tr\/de\/\"},{\"@type\":\"ListItem\",\"position\":2,\"name\":\"Motosikletliye \u00e7arp\u0131p ka\u00e7an s\u00fcr\u00fcc\u00fc teslim oldu\"}]},{\"@type\":\"WebSite\",\"@id\":\"https:\/\/denizcankizil.tr\/de\/#website\",\"url\":\"https:\/\/denizcankizil.tr\/de\/\",\"name\":\"Av. Deniz Can K\u0131z\u0131l\",\"description\":\"Avukat Deniz Can K\u0131z\u0131l Antalya Barosu\",\"publisher\":{\"@id\":\"https:\/\/denizcankizil.tr\/de\/#organization\"},\"potentialAction\":[{\"@type\":\"SearchAction\",\"target\":{\"@type\":\"EntryPoint\",\"urlTemplate\":\"https:\/\/denizcankizil.tr\/de\/?s={search_term_string}\"},\"query-input\":{\"@type\":\"PropertyValueSpecification\",\"valueRequired\":true,\"valueName\":\"search_term_string\"}}],\"inLanguage\":\"en-GB\"},{\"@type\":\"Organization\",\"@id\":\"https:\/\/denizcankizil.tr\/de\/#organization\",\"name\":\"Av. Deniz Can K\u0131z\u0131l\",\"url\":\"https:\/\/denizcankizil.tr\/de\/\",\"logo\":{\"@type\":\"ImageObject\",\"inLanguage\":\"en-GB\",\"@id\":\"https:\/\/denizcankizil.tr\/de\/#\/schema\/logo\/image\/\",\"url\":\"https:\/\/denizcankizil.tr\/wp-content\/uploads\/2024\/10\/siyah-logo-svg.svg\",\"contentUrl\":\"https:\/\/denizcankizil.tr\/wp-content\/uploads\/2024\/10\/siyah-logo-svg.svg\",\"width\":1080,\"height\":1080,\"caption\":\"Av. Deniz Can K\u0131z\u0131l\"},\"image\":{\"@id\":\"https:\/\/denizcankizil.tr\/de\/#\/schema\/logo\/image\/\"}}]}<\/script>\n<!-- \/ Yoast SEO Premium plugin. -->","yoast_head_json":{"title":"Motosikletliye \u00e7arp\u0131p ka\u00e7an s\u00fcr\u00fcc\u00fc teslim oldu - Av. Deniz Can K\u0131z\u0131l","robots":{"index":"index","follow":"follow","max-snippet":"max-snippet:-1","max-image-preview":"max-image-preview:large","max-video-preview":"max-video-preview:-1"},"canonical":"https:\/\/denizcankizil.tr\/en\/haberler\/antalya\/motosikletliye-carpip-kacan-surucu-teslim-oldu\/","og_locale":"en_GB","og_type":"article","og_title":"Motosikletliye \u00e7arp\u0131p ka\u00e7an s\u00fcr\u00fcc\u00fc teslim oldu","og_description":"Kaza, d\u00fcn ak\u015fam saat 20.30 s\u0131ralar\u0131nda Konyaalt\u0131 il\u00e7esi Atat\u00fcrk Bulvar\u0131 \u00fczerinde meydana geldi. Edinilen bilgiye g\u00f6re, elektrikli motosikletle cadde \u00fczerinde seyir halindeki Halil \u00c7ift\u00e7i bir ara\u00e7 \u00e7arparak olarak yerinden h\u0131zl\u0131 bir \u015fekilde uzakla\u015ft\u0131. \u00c7arpman\u0131n \u015fiddetiyle \u00f6nce arac\u0131n cam\u0131na \u00e7arpan Halil \u00c7it\u00e7i ard\u0131ndan yola savruldu. Kazay\u0131 g\u00f6renlerin ihbar\u0131 ile olay yerine polis ve sa\u011fl\u0131k ekipleri sevk edilirken, a\u011f\u0131r yaralanan Halil \u00c7ift\u00e7i ilk m\u00fcdahalesinin ard\u0131ndan ambulansla hastaneye kald\u0131r\u0131ld\u0131. Polis merkezine teslim oldu Polis ekipleri yapt\u0131klar\u0131 incelemede Halil \u00c7ift\u00e7i&#8217;ye \u00e7arparak ka\u00e7an arac\u0131n 07 AUM 564 plakal\u0131 BMW marka otomobil oldu\u011funu belirlerken arac\u0131 yakalamak i\u00e7in \u00e7al\u0131\u015fma ba\u015flat\u0131ld\u0131. Arac\u0131n kay\u0131tl\u0131 oldu\u011fu adrese giden ekipler burada araca rastlayamazken ara\u00e7 sahibinin Hasan K. oldu\u011fu belirlendi. Ekiplerin arac\u0131 yakalanmas\u0131 i\u00e7in ara\u015ft\u0131rmalar\u0131 devam ederken ara\u00e7 s\u00fcr\u00fcc\u00fcs\u00fc Hasan K. olaydan 3 saat sonra polis merkezine giderek teslim oldu. Ara\u00e7 s\u00fcr\u00fcc\u00fcs\u00fc alkoll\u00fc \u00e7\u0131kt\u0131 Hasan K.&#8217;n\u0131n, polis merkezinde arac\u0131 kaza yerine yak\u0131n bir noktada ara soka\u011fa park etti\u011fini belirtmesi \u00fczerine ara\u00e7 Arapsuyu Mahallesi 642 sokak \u00fczerinde bulundu. Park halinde bulunan ara\u00e7 i\u00e7in b\u00f6lgeye trafik ve Olay Yeri \u0130nceleme ekipleri \u00e7a\u011fr\u0131ld\u0131. Ekiplerin \u00e7al\u0131\u015fmas\u0131n\u0131n ard\u0131ndan ara\u00e7 \u00e7ekici yard\u0131m\u0131yla otoparka \u00e7ekildi. \u00d6te yandan kazan\u0131n ard\u0131ndan polis merkezine giderek teslim olan 07 AUM 564 plakal\u0131 ara\u00e7 s\u00fcr\u00fcc\u00fcs\u00fc Hasan K.&#8217;n\u0131n 0.90 promil alkoll\u00fc oldu\u011fu belirlendi. Kaynak: www.kanalv.com.tr &hellip;","og_url":"https:\/\/denizcankizil.tr\/en\/haberler\/antalya\/motosikletliye-carpip-kacan-surucu-teslim-oldu\/","og_site_name":"Av. Deniz Can K\u0131z\u0131l","article_published_time":"2024-11-11T08:41:44+00:00","og_image":[{"width":1280,"height":720,"url":"https:\/\/denizcankizil.tr\/wp-content\/uploads\/2024\/11\/2998-01-d7znYp.jpeg","type":"image\/jpeg"}],"twitter_card":"summary_large_image","twitter_misc":{"Estimated reading time":"1 minute"},"schema":{"@context":"https:\/\/schema.org","@graph":[{"@type":"Article","@id":"https:\/\/denizcankizil.tr\/en\/haberler\/antalya\/motosikletliye-carpip-kacan-surucu-teslim-oldu\/#article","isPartOf":{"@id":"https:\/\/denizcankizil.tr\/en\/haberler\/antalya\/motosikletliye-carpip-kacan-surucu-teslim-oldu\/"},"author":{"name":"","@id":""},"headline":"Motosikletliye \u00e7arp\u0131p ka\u00e7an s\u00fcr\u00fcc\u00fc teslim oldu","datePublished":"2024-11-11T08:41:44+00:00","mainEntityOfPage":{"@id":"https:\/\/denizcankizil.tr\/en\/haberler\/antalya\/motosikletliye-carpip-kacan-surucu-teslim-oldu\/"},"wordCount":281,"commentCount":0,"publisher":{"@id":"https:\/\/denizcankizil.tr\/de\/#organization"},"image":{"@id":"https:\/\/denizcankizil.tr\/en\/haberler\/antalya\/motosikletliye-carpip-kacan-surucu-teslim-oldu\/#primaryimage"},"thumbnailUrl":"https:\/\/denizcankizil.tr\/wp-content\/uploads\/2024\/11\/2998-01-d7znYp.jpeg","articleSection":["Antalya","Uncategorized"],"inLanguage":"en-GB","potentialAction":[{"@type":"CommentAction","name":"Comment","target":["https:\/\/denizcankizil.tr\/en\/haberler\/antalya\/motosikletliye-carpip-kacan-surucu-teslim-oldu\/#respond"]}]},{"@type":"WebPage","@id":"https:\/\/denizcankizil.tr\/en\/haberler\/antalya\/motosikletliye-carpip-kacan-surucu-teslim-oldu\/","url":"https:\/\/denizcankizil.tr\/en\/haberler\/antalya\/motosikletliye-carpip-kacan-surucu-teslim-oldu\/","name":"Motosikletliye \u00e7arp\u0131p ka\u00e7an s\u00fcr\u00fcc\u00fc teslim oldu - Av. Deniz Can K\u0131z\u0131l","isPartOf":{"@id":"https:\/\/denizcankizil.tr\/de\/#website"},"primaryImageOfPage":{"@id":"https:\/\/denizcankizil.tr\/en\/haberler\/antalya\/motosikletliye-carpip-kacan-surucu-teslim-oldu\/#primaryimage"},"image":{"@id":"https:\/\/denizcankizil.tr\/en\/haberler\/antalya\/motosikletliye-carpip-kacan-surucu-teslim-oldu\/#primaryimage"},"thumbnailUrl":"https:\/\/denizcankizil.tr\/wp-content\/uploads\/2024\/11\/2998-01-d7znYp.jpeg","datePublished":"2024-11-11T08:41:44+00:00","breadcrumb":{"@id":"https:\/\/denizcankizil.tr\/en\/haberler\/antalya\/motosikletliye-carpip-kacan-surucu-teslim-oldu\/#breadcrumb"},"inLanguage":"en-GB","potentialAction":[{"@type":"ReadAction","target":["https:\/\/denizcankizil.tr\/en\/haberler\/antalya\/motosikletliye-carpip-kacan-surucu-teslim-oldu\/"]}]},{"@type":"ImageObject","inLanguage":"en-GB","@id":"https:\/\/denizcankizil.tr\/en\/haberler\/antalya\/motosikletliye-carpip-kacan-surucu-teslim-oldu\/#primaryimage","url":"https:\/\/denizcankizil.tr\/wp-content\/uploads\/2024\/11\/2998-01-d7znYp.jpeg","contentUrl":"https:\/\/denizcankizil.tr\/wp-content\/uploads\/2024\/11\/2998-01-d7znYp.jpeg","width":1280,"height":720},{"@type":"BreadcrumbList","@id":"https:\/\/denizcankizil.tr\/en\/haberler\/antalya\/motosikletliye-carpip-kacan-surucu-teslim-oldu\/#breadcrumb","itemListElement":[{"@type":"ListItem","position":1,"name":"Home","item":"https:\/\/denizcankizil.tr\/de\/"},{"@type":"ListItem","position":2,"name":"Motosikletliye \u00e7arp\u0131p ka\u00e7an s\u00fcr\u00fcc\u00fc teslim oldu"}]},{"@type":"WebSite","@id":"https:\/\/denizcankizil.tr\/de\/#website","url":"https:\/\/denizcankizil.tr\/de\/","name":"Av. Deniz Can K\u0131z\u0131l","description":"Avukat Deniz Can K\u0131z\u0131l Antalya Barosu","publisher":{"@id":"https:\/\/denizcankizil.tr\/de\/#organization"},"potentialAction":[{"@type":"SearchAction","target":{"@type":"EntryPoint","urlTemplate":"https:\/\/denizcankizil.tr\/de\/?s={search_term_string}"},"query-input":{"@type":"PropertyValueSpecification","valueRequired":true,"valueName":"search_term_string"}}],"inLanguage":"en-GB"},{"@type":"Organization","@id":"https:\/\/denizcankizil.tr\/de\/#organization","name":"Av. Deniz Can K\u0131z\u0131l","url":"https:\/\/denizcankizil.tr\/de\/","logo":{"@type":"ImageObject","inLanguage":"en-GB","@id":"https:\/\/denizcankizil.tr\/de\/#\/schema\/logo\/image\/","url":"https:\/\/denizcankizil.tr\/wp-content\/uploads\/2024\/10\/siyah-logo-svg.svg","contentUrl":"https:\/\/denizcankizil.tr\/wp-content\/uploads\/2024\/10\/siyah-logo-svg.svg","width":1080,"height":1080,"caption":"Av. Deniz Can K\u0131z\u0131l"},"image":{"@id":"https:\/\/denizcankizil.tr\/de\/#\/schema\/logo\/image\/"}}]}},"_links":{"self":[{"href":"https:\/\/denizcankizil.tr\/en\/wp-json\/wp\/v2\/posts\/15506","targetHints":{"allow":["GET"]}}],"collection":[{"href":"https:\/\/denizcankizil.tr\/en\/wp-json\/wp\/v2\/posts"}],"about":[{"href":"https:\/\/denizcankizil.tr\/en\/wp-json\/wp\/v2\/types\/post"}],"replies":[{"embeddable":true,"href":"https:\/\/denizcankizil.tr\/en\/wp-json\/wp\/v2\/comments?post=15506"}],"version-history":[{"count":0,"href":"https:\/\/denizcankizil.tr\/en\/wp-json\/wp\/v2\/posts\/15506\/revisions"}],"wp:featuredmedia":[{"embeddable":true,"href":"https:\/\/denizcankizil.tr\/en\/wp-json\/wp\/v2\/media\/15507"}],"wp:attachment":[{"href":"https:\/\/denizcankizil.tr\/en\/wp-json\/wp\/v2\/media?parent=15506"}],"wp:term":[{"taxonomy":"category","embeddable":true,"href":"https:\/\/denizcankizil.tr\/en\/wp-json\/wp\/v2\/categories?post=15506"},{"taxonomy":"post_tag","embeddable":true,"href":"https:\/\/denizcankizil.tr\/en\/wp-json\/wp\/v2\/tags?post=15506"}],"curies":[{"name":"wp","href":"https:\/\/api.w.org\/{rel}","templated":true}]}}