{"id":15495,"date":"2024-11-11T09:42:15","date_gmt":"2024-11-11T06:42:15","guid":{"rendered":"https:\/\/denizcankizil.tr\/uncategorized-tr\/otomobil-palmiye-agacina-carpti-1-olu-3-yarali\/"},"modified":"2024-11-11T09:42:15","modified_gmt":"2024-11-11T06:42:15","slug":"otomobil-palmiye-agacina-carpti-1-olu-3-yarali","status":"publish","type":"post","link":"https:\/\/denizcankizil.tr\/en\/haberler\/antalya\/otomobil-palmiye-agacina-carpti-1-olu-3-yarali\/","title":{"rendered":"Otomobil palmiye a\u011fac\u0131na \u00e7arpt\u0131: 1 \u00f6l\u00fc, 3 yaral\u0131"},"content":{"rendered":"<p>Kaza, saat 21.30 s\u0131ralar\u0131nda Alanya\u2019n\u0131n Sug\u00f6z\u00fc Mahallesi Zamano\u011flu Caddesi&#8217;nde meydana geldi. Edinilen bilgilere g\u00f6re, Mersin-Antalya yolunda Mersin istikametinden Antalya istikametine seyir halinde olan A.Y. idaresindeki 07 NRJ 12 plakal\u0131 Hyundai marka otomobil, s\u00fcr\u00fcc\u00fcs\u00fcn\u00fcn direksiyon h\u00e2kimiyetini kaybetmesi sonucu yol kenar\u0131ndaki palmiye a\u011fac\u0131na ve kald\u0131r\u0131ma \u00e7arp\u0131p takla att\u0131. Kazada ara\u00e7ta bulunan yolculardan \u015eaban Ocakl\u0131 olay yerinde hayat\u0131n\u0131 kaybederken, s\u00fcr\u00fcc\u00fc A.Y ve di\u011fer yolcular F.U. ile T.U. a\u011f\u0131r yaraland\u0131. Kazay\u0131 g\u00f6ren \u00e7evredeki vatanda\u015flar\u0131n ihbar\u0131 \u00fczerine olay yerine polis ve sa\u011fl\u0131k ekipleri sevk edildi. Yaral\u0131lar, sa\u011fl\u0131k ekiplerinin ilk m\u00fcdahalesi sonras\u0131 Alanya Devlet Hastanesine kald\u0131r\u0131ld\u0131. Yaral\u0131lar\u0131n hayati tehlikesinin oldu\u011fu \u00f6\u011frenildi.<br \/>\nOtomobin palmiye a\u011fac\u0131na \u00e7arpt\u0131ktan sonra takla at\u0131p s\u00fcr\u00fcklenerek durdu\u011fu anlar saniye saniye g\u00fcvenlik kameras\u0131na yans\u0131d\u0131. Kaza sonras\u0131 Mersin-Antalya yolu uzun s\u00fcre trafi\u011fe kapand\u0131. \u00c7ekicilerin kazaya kar\u0131\u015fan ara\u00e7lar\u0131 yoldan kald\u0131rmas\u0131 ile yol trafi\u011fe a\u00e7\u0131ld\u0131.<br \/>\nPolis kaza ile ilgili inceleme ba\u015flatt\u0131.<\/p>\n<p>Kaynak: www.kanalv.com.tr Haber Sitesinden Al\u0131nm\u0131\u015ft\u0131r.<\/p>","protected":false},"excerpt":{"rendered":"<p>Kaza, saat 21.30 s\u0131ralar\u0131nda Alanya\u2019n\u0131n Sug\u00f6z\u00fc Mahallesi Zamano\u011flu Caddesi&#8217;nde meydana geldi. Edinilen bilgilere g\u00f6re, Mersin-Antalya yolunda Mersin istikametinden Antalya istikametine seyir halinde olan A.Y. idaresindeki 07 NRJ 12 plakal\u0131 Hyundai marka otomobil, s\u00fcr\u00fcc\u00fcs\u00fcn\u00fcn direksiyon h\u00e2kimiyetini kaybetmesi sonucu yol kenar\u0131ndaki palmiye a\u011fac\u0131na ve kald\u0131r\u0131ma \u00e7arp\u0131p takla att\u0131. Kazada ara\u00e7ta bulunan yolculardan \u015eaban Ocakl\u0131 olay yerinde hayat\u0131n\u0131 kaybederken, s\u00fcr\u00fcc\u00fc A.Y ve di\u011fer yolcular F.U. ile T.U. a\u011f\u0131r yaraland\u0131. Kazay\u0131 g\u00f6ren \u00e7evredeki vatanda\u015flar\u0131n ihbar\u0131 \u00fczerine olay yerine polis ve sa\u011fl\u0131k ekipleri sevk edildi. Yaral\u0131lar, sa\u011fl\u0131k ekiplerinin ilk m\u00fcdahalesi sonras\u0131 Alanya Devlet Hastanesine kald\u0131r\u0131ld\u0131. Yaral\u0131lar\u0131n hayati tehlikesinin oldu\u011fu \u00f6\u011frenildi. Otomobin palmiye a\u011fac\u0131na \u00e7arpt\u0131ktan sonra takla at\u0131p s\u00fcr\u00fcklenerek durdu\u011fu anlar saniye saniye g\u00fcvenlik kameras\u0131na yans\u0131d\u0131. Kaza sonras\u0131 Mersin-Antalya yolu uzun s\u00fcre trafi\u011fe kapand\u0131. \u00c7ekicilerin kazaya kar\u0131\u015fan ara\u00e7lar\u0131 yoldan kald\u0131rmas\u0131 ile yol trafi\u011fe a\u00e7\u0131ld\u0131. Polis kaza ile ilgili inceleme ba\u015flatt\u0131. Kaynak: www.kanalv.com.tr Haber Sitesinden Al\u0131nm\u0131\u015ft\u0131r.<\/p>","protected":false},"author":0,"featured_media":15496,"comment_status":"open","ping_status":"open","sticky":false,"template":"","format":"standard","meta":{"_acf_changed":false,"footnotes":""},"categories":[26,535],"tags":[],"class_list":["post-15495","post","type-post","status-publish","format-standard","has-post-thumbnail","hentry","category-antalya","category-uncategorized-tr"],"acf":[],"yoast_head":"<!-- This site is optimized with the Yoast SEO Premium plugin v26.6 (Yoast SEO v27.1.1) - https:\/\/yoast.com\/product\/yoast-seo-premium-wordpress\/ -->\n<title>Otomobil palmiye a\u011fac\u0131na \u00e7arpt\u0131: 1 \u00f6l\u00fc, 3 yaral\u0131 - Av. Deniz Can K\u0131z\u0131l<\/title>\n<meta name=\"robots\" content=\"index, follow, max-snippet:-1, max-image-preview:large, max-video-preview:-1\" \/>\n<link rel=\"canonical\" href=\"https:\/\/denizcankizil.tr\/en\/haberler\/antalya\/otomobil-palmiye-agacina-carpti-1-olu-3-yarali\/\" \/>\n<meta property=\"og:locale\" content=\"en_GB\" \/>\n<meta property=\"og:type\" content=\"article\" \/>\n<meta property=\"og:title\" content=\"Otomobil palmiye a\u011fac\u0131na \u00e7arpt\u0131: 1 \u00f6l\u00fc, 3 yaral\u0131\" \/>\n<meta property=\"og:description\" content=\"Kaza, saat 21.30 s\u0131ralar\u0131nda Alanya\u2019n\u0131n Sug\u00f6z\u00fc Mahallesi Zamano\u011flu Caddesi&#8217;nde meydana geldi. Edinilen bilgilere g\u00f6re, Mersin-Antalya yolunda Mersin istikametinden Antalya istikametine seyir halinde olan A.Y. idaresindeki 07 NRJ 12 plakal\u0131 Hyundai marka otomobil, s\u00fcr\u00fcc\u00fcs\u00fcn\u00fcn direksiyon h\u00e2kimiyetini kaybetmesi sonucu yol kenar\u0131ndaki palmiye a\u011fac\u0131na ve kald\u0131r\u0131ma \u00e7arp\u0131p takla att\u0131. Kazada ara\u00e7ta bulunan yolculardan \u015eaban Ocakl\u0131 olay yerinde hayat\u0131n\u0131 kaybederken, s\u00fcr\u00fcc\u00fc A.Y ve di\u011fer yolcular F.U. ile T.U. a\u011f\u0131r yaraland\u0131. Kazay\u0131 g\u00f6ren \u00e7evredeki vatanda\u015flar\u0131n ihbar\u0131 \u00fczerine olay yerine polis ve sa\u011fl\u0131k ekipleri sevk edildi. Yaral\u0131lar, sa\u011fl\u0131k ekiplerinin ilk m\u00fcdahalesi sonras\u0131 Alanya Devlet Hastanesine kald\u0131r\u0131ld\u0131. Yaral\u0131lar\u0131n hayati tehlikesinin oldu\u011fu \u00f6\u011frenildi. Otomobin palmiye a\u011fac\u0131na \u00e7arpt\u0131ktan sonra takla at\u0131p s\u00fcr\u00fcklenerek durdu\u011fu anlar saniye saniye g\u00fcvenlik kameras\u0131na yans\u0131d\u0131. Kaza sonras\u0131 Mersin-Antalya yolu uzun s\u00fcre trafi\u011fe kapand\u0131. \u00c7ekicilerin kazaya kar\u0131\u015fan ara\u00e7lar\u0131 yoldan kald\u0131rmas\u0131 ile yol trafi\u011fe a\u00e7\u0131ld\u0131. Polis kaza ile ilgili inceleme ba\u015flatt\u0131. Kaynak: www.kanalv.com.tr Haber Sitesinden Al\u0131nm\u0131\u015ft\u0131r.\" \/>\n<meta property=\"og:url\" content=\"https:\/\/denizcankizil.tr\/en\/haberler\/antalya\/otomobil-palmiye-agacina-carpti-1-olu-3-yarali\/\" \/>\n<meta property=\"og:site_name\" content=\"Av. Deniz Can K\u0131z\u0131l\" \/>\n<meta property=\"article:published_time\" content=\"2024-11-11T06:42:15+00:00\" \/>\n<meta property=\"og:image\" content=\"https:\/\/denizcankizil.tr\/wp-content\/uploads\/2024\/11\/2993-01-ERUq7y.jpeg\" \/>\n\t<meta property=\"og:image:width\" content=\"1280\" \/>\n\t<meta property=\"og:image:height\" content=\"720\" \/>\n\t<meta property=\"og:image:type\" content=\"image\/jpeg\" \/>\n<meta name=\"twitter:card\" content=\"summary_large_image\" \/>\n<meta name=\"twitter:label1\" content=\"Estimated reading time\" \/>\n\t<meta name=\"twitter:data1\" content=\"1 minute\" \/>\n<script type=\"application\/ld+json\" class=\"yoast-schema-graph\">{\"@context\":\"https:\/\/schema.org\",\"@graph\":[{\"@type\":\"Article\",\"@id\":\"https:\/\/denizcankizil.tr\/en\/haberler\/antalya\/otomobil-palmiye-agacina-carpti-1-olu-3-yarali\/#article\",\"isPartOf\":{\"@id\":\"https:\/\/denizcankizil.tr\/en\/haberler\/antalya\/otomobil-palmiye-agacina-carpti-1-olu-3-yarali\/\"},\"author\":{\"name\":\"\",\"@id\":\"\"},\"headline\":\"Otomobil palmiye a\u011fac\u0131na \u00e7arpt\u0131: 1 \u00f6l\u00fc, 3 yaral\u0131\",\"datePublished\":\"2024-11-11T06:42:15+00:00\",\"mainEntityOfPage\":{\"@id\":\"https:\/\/denizcankizil.tr\/en\/haberler\/antalya\/otomobil-palmiye-agacina-carpti-1-olu-3-yarali\/\"},\"wordCount\":212,\"commentCount\":0,\"publisher\":{\"@id\":\"https:\/\/denizcankizil.tr\/#organization\"},\"image\":{\"@id\":\"https:\/\/denizcankizil.tr\/en\/haberler\/antalya\/otomobil-palmiye-agacina-carpti-1-olu-3-yarali\/#primaryimage\"},\"thumbnailUrl\":\"https:\/\/denizcankizil.tr\/wp-content\/uploads\/2024\/11\/2993-01-ERUq7y.jpeg\",\"articleSection\":[\"Antalya\",\"Uncategorized\"],\"inLanguage\":\"en-GB\",\"potentialAction\":[{\"@type\":\"CommentAction\",\"name\":\"Comment\",\"target\":[\"https:\/\/denizcankizil.tr\/en\/haberler\/antalya\/otomobil-palmiye-agacina-carpti-1-olu-3-yarali\/#respond\"]}]},{\"@type\":\"WebPage\",\"@id\":\"https:\/\/denizcankizil.tr\/en\/haberler\/antalya\/otomobil-palmiye-agacina-carpti-1-olu-3-yarali\/\",\"url\":\"https:\/\/denizcankizil.tr\/en\/haberler\/antalya\/otomobil-palmiye-agacina-carpti-1-olu-3-yarali\/\",\"name\":\"Otomobil palmiye a\u011fac\u0131na \u00e7arpt\u0131: 1 \u00f6l\u00fc, 3 yaral\u0131 - Av. Deniz Can K\u0131z\u0131l\",\"isPartOf\":{\"@id\":\"https:\/\/denizcankizil.tr\/#website\"},\"primaryImageOfPage\":{\"@id\":\"https:\/\/denizcankizil.tr\/en\/haberler\/antalya\/otomobil-palmiye-agacina-carpti-1-olu-3-yarali\/#primaryimage\"},\"image\":{\"@id\":\"https:\/\/denizcankizil.tr\/en\/haberler\/antalya\/otomobil-palmiye-agacina-carpti-1-olu-3-yarali\/#primaryimage\"},\"thumbnailUrl\":\"https:\/\/denizcankizil.tr\/wp-content\/uploads\/2024\/11\/2993-01-ERUq7y.jpeg\",\"datePublished\":\"2024-11-11T06:42:15+00:00\",\"breadcrumb\":{\"@id\":\"https:\/\/denizcankizil.tr\/en\/haberler\/antalya\/otomobil-palmiye-agacina-carpti-1-olu-3-yarali\/#breadcrumb\"},\"inLanguage\":\"en-GB\",\"potentialAction\":[{\"@type\":\"ReadAction\",\"target\":[\"https:\/\/denizcankizil.tr\/en\/haberler\/antalya\/otomobil-palmiye-agacina-carpti-1-olu-3-yarali\/\"]}]},{\"@type\":\"ImageObject\",\"inLanguage\":\"en-GB\",\"@id\":\"https:\/\/denizcankizil.tr\/en\/haberler\/antalya\/otomobil-palmiye-agacina-carpti-1-olu-3-yarali\/#primaryimage\",\"url\":\"https:\/\/denizcankizil.tr\/wp-content\/uploads\/2024\/11\/2993-01-ERUq7y.jpeg\",\"contentUrl\":\"https:\/\/denizcankizil.tr\/wp-content\/uploads\/2024\/11\/2993-01-ERUq7y.jpeg\",\"width\":1280,\"height\":720},{\"@type\":\"BreadcrumbList\",\"@id\":\"https:\/\/denizcankizil.tr\/en\/haberler\/antalya\/otomobil-palmiye-agacina-carpti-1-olu-3-yarali\/#breadcrumb\",\"itemListElement\":[{\"@type\":\"ListItem\",\"position\":1,\"name\":\"Home\",\"item\":\"https:\/\/denizcankizil.tr\/de\/\"},{\"@type\":\"ListItem\",\"position\":2,\"name\":\"Otomobil palmiye a\u011fac\u0131na \u00e7arpt\u0131: 1 \u00f6l\u00fc, 3 yaral\u0131\"}]},{\"@type\":\"WebSite\",\"@id\":\"https:\/\/denizcankizil.tr\/#website\",\"url\":\"https:\/\/denizcankizil.tr\/\",\"name\":\"Av. Deniz Can K\u0131z\u0131l\",\"description\":\"Avukat Deniz Can K\u0131z\u0131l Antalya Barosu\",\"publisher\":{\"@id\":\"https:\/\/denizcankizil.tr\/#organization\"},\"potentialAction\":[{\"@type\":\"SearchAction\",\"target\":{\"@type\":\"EntryPoint\",\"urlTemplate\":\"https:\/\/denizcankizil.tr\/?s={search_term_string}\"},\"query-input\":{\"@type\":\"PropertyValueSpecification\",\"valueRequired\":true,\"valueName\":\"search_term_string\"}}],\"inLanguage\":\"en-GB\"},{\"@type\":\"Organization\",\"@id\":\"https:\/\/denizcankizil.tr\/#organization\",\"name\":\"Av. Deniz Can K\u0131z\u0131l\",\"url\":\"https:\/\/denizcankizil.tr\/\",\"logo\":{\"@type\":\"ImageObject\",\"inLanguage\":\"en-GB\",\"@id\":\"https:\/\/denizcankizil.tr\/#\/schema\/logo\/image\/\",\"url\":\"https:\/\/denizcankizil.tr\/wp-content\/uploads\/2024\/10\/siyah-logo-svg.svg\",\"contentUrl\":\"https:\/\/denizcankizil.tr\/wp-content\/uploads\/2024\/10\/siyah-logo-svg.svg\",\"width\":1080,\"height\":1080,\"caption\":\"Av. Deniz Can K\u0131z\u0131l\"},\"image\":{\"@id\":\"https:\/\/denizcankizil.tr\/#\/schema\/logo\/image\/\"}}]}<\/script>\n<!-- \/ Yoast SEO Premium plugin. -->","yoast_head_json":{"title":"Otomobil palmiye a\u011fac\u0131na \u00e7arpt\u0131: 1 \u00f6l\u00fc, 3 yaral\u0131 - Av. Deniz Can K\u0131z\u0131l","robots":{"index":"index","follow":"follow","max-snippet":"max-snippet:-1","max-image-preview":"max-image-preview:large","max-video-preview":"max-video-preview:-1"},"canonical":"https:\/\/denizcankizil.tr\/en\/haberler\/antalya\/otomobil-palmiye-agacina-carpti-1-olu-3-yarali\/","og_locale":"en_GB","og_type":"article","og_title":"Otomobil palmiye a\u011fac\u0131na \u00e7arpt\u0131: 1 \u00f6l\u00fc, 3 yaral\u0131","og_description":"Kaza, saat 21.30 s\u0131ralar\u0131nda Alanya\u2019n\u0131n Sug\u00f6z\u00fc Mahallesi Zamano\u011flu Caddesi&#8217;nde meydana geldi. Edinilen bilgilere g\u00f6re, Mersin-Antalya yolunda Mersin istikametinden Antalya istikametine seyir halinde olan A.Y. idaresindeki 07 NRJ 12 plakal\u0131 Hyundai marka otomobil, s\u00fcr\u00fcc\u00fcs\u00fcn\u00fcn direksiyon h\u00e2kimiyetini kaybetmesi sonucu yol kenar\u0131ndaki palmiye a\u011fac\u0131na ve kald\u0131r\u0131ma \u00e7arp\u0131p takla att\u0131. Kazada ara\u00e7ta bulunan yolculardan \u015eaban Ocakl\u0131 olay yerinde hayat\u0131n\u0131 kaybederken, s\u00fcr\u00fcc\u00fc A.Y ve di\u011fer yolcular F.U. ile T.U. a\u011f\u0131r yaraland\u0131. Kazay\u0131 g\u00f6ren \u00e7evredeki vatanda\u015flar\u0131n ihbar\u0131 \u00fczerine olay yerine polis ve sa\u011fl\u0131k ekipleri sevk edildi. Yaral\u0131lar, sa\u011fl\u0131k ekiplerinin ilk m\u00fcdahalesi sonras\u0131 Alanya Devlet Hastanesine kald\u0131r\u0131ld\u0131. Yaral\u0131lar\u0131n hayati tehlikesinin oldu\u011fu \u00f6\u011frenildi. Otomobin palmiye a\u011fac\u0131na \u00e7arpt\u0131ktan sonra takla at\u0131p s\u00fcr\u00fcklenerek durdu\u011fu anlar saniye saniye g\u00fcvenlik kameras\u0131na yans\u0131d\u0131. Kaza sonras\u0131 Mersin-Antalya yolu uzun s\u00fcre trafi\u011fe kapand\u0131. \u00c7ekicilerin kazaya kar\u0131\u015fan ara\u00e7lar\u0131 yoldan kald\u0131rmas\u0131 ile yol trafi\u011fe a\u00e7\u0131ld\u0131. Polis kaza ile ilgili inceleme ba\u015flatt\u0131. Kaynak: www.kanalv.com.tr Haber Sitesinden Al\u0131nm\u0131\u015ft\u0131r.","og_url":"https:\/\/denizcankizil.tr\/en\/haberler\/antalya\/otomobil-palmiye-agacina-carpti-1-olu-3-yarali\/","og_site_name":"Av. Deniz Can K\u0131z\u0131l","article_published_time":"2024-11-11T06:42:15+00:00","og_image":[{"width":1280,"height":720,"url":"https:\/\/denizcankizil.tr\/wp-content\/uploads\/2024\/11\/2993-01-ERUq7y.jpeg","type":"image\/jpeg"}],"twitter_card":"summary_large_image","twitter_misc":{"Estimated reading time":"1 minute"},"schema":{"@context":"https:\/\/schema.org","@graph":[{"@type":"Article","@id":"https:\/\/denizcankizil.tr\/en\/haberler\/antalya\/otomobil-palmiye-agacina-carpti-1-olu-3-yarali\/#article","isPartOf":{"@id":"https:\/\/denizcankizil.tr\/en\/haberler\/antalya\/otomobil-palmiye-agacina-carpti-1-olu-3-yarali\/"},"author":{"name":"","@id":""},"headline":"Otomobil palmiye a\u011fac\u0131na \u00e7arpt\u0131: 1 \u00f6l\u00fc, 3 yaral\u0131","datePublished":"2024-11-11T06:42:15+00:00","mainEntityOfPage":{"@id":"https:\/\/denizcankizil.tr\/en\/haberler\/antalya\/otomobil-palmiye-agacina-carpti-1-olu-3-yarali\/"},"wordCount":212,"commentCount":0,"publisher":{"@id":"https:\/\/denizcankizil.tr\/#organization"},"image":{"@id":"https:\/\/denizcankizil.tr\/en\/haberler\/antalya\/otomobil-palmiye-agacina-carpti-1-olu-3-yarali\/#primaryimage"},"thumbnailUrl":"https:\/\/denizcankizil.tr\/wp-content\/uploads\/2024\/11\/2993-01-ERUq7y.jpeg","articleSection":["Antalya","Uncategorized"],"inLanguage":"en-GB","potentialAction":[{"@type":"CommentAction","name":"Comment","target":["https:\/\/denizcankizil.tr\/en\/haberler\/antalya\/otomobil-palmiye-agacina-carpti-1-olu-3-yarali\/#respond"]}]},{"@type":"WebPage","@id":"https:\/\/denizcankizil.tr\/en\/haberler\/antalya\/otomobil-palmiye-agacina-carpti-1-olu-3-yarali\/","url":"https:\/\/denizcankizil.tr\/en\/haberler\/antalya\/otomobil-palmiye-agacina-carpti-1-olu-3-yarali\/","name":"Otomobil palmiye a\u011fac\u0131na \u00e7arpt\u0131: 1 \u00f6l\u00fc, 3 yaral\u0131 - Av. Deniz Can K\u0131z\u0131l","isPartOf":{"@id":"https:\/\/denizcankizil.tr\/#website"},"primaryImageOfPage":{"@id":"https:\/\/denizcankizil.tr\/en\/haberler\/antalya\/otomobil-palmiye-agacina-carpti-1-olu-3-yarali\/#primaryimage"},"image":{"@id":"https:\/\/denizcankizil.tr\/en\/haberler\/antalya\/otomobil-palmiye-agacina-carpti-1-olu-3-yarali\/#primaryimage"},"thumbnailUrl":"https:\/\/denizcankizil.tr\/wp-content\/uploads\/2024\/11\/2993-01-ERUq7y.jpeg","datePublished":"2024-11-11T06:42:15+00:00","breadcrumb":{"@id":"https:\/\/denizcankizil.tr\/en\/haberler\/antalya\/otomobil-palmiye-agacina-carpti-1-olu-3-yarali\/#breadcrumb"},"inLanguage":"en-GB","potentialAction":[{"@type":"ReadAction","target":["https:\/\/denizcankizil.tr\/en\/haberler\/antalya\/otomobil-palmiye-agacina-carpti-1-olu-3-yarali\/"]}]},{"@type":"ImageObject","inLanguage":"en-GB","@id":"https:\/\/denizcankizil.tr\/en\/haberler\/antalya\/otomobil-palmiye-agacina-carpti-1-olu-3-yarali\/#primaryimage","url":"https:\/\/denizcankizil.tr\/wp-content\/uploads\/2024\/11\/2993-01-ERUq7y.jpeg","contentUrl":"https:\/\/denizcankizil.tr\/wp-content\/uploads\/2024\/11\/2993-01-ERUq7y.jpeg","width":1280,"height":720},{"@type":"BreadcrumbList","@id":"https:\/\/denizcankizil.tr\/en\/haberler\/antalya\/otomobil-palmiye-agacina-carpti-1-olu-3-yarali\/#breadcrumb","itemListElement":[{"@type":"ListItem","position":1,"name":"Home","item":"https:\/\/denizcankizil.tr\/de\/"},{"@type":"ListItem","position":2,"name":"Otomobil palmiye a\u011fac\u0131na \u00e7arpt\u0131: 1 \u00f6l\u00fc, 3 yaral\u0131"}]},{"@type":"WebSite","@id":"https:\/\/denizcankizil.tr\/#website","url":"https:\/\/denizcankizil.tr\/","name":"Av. Deniz Can K\u0131z\u0131l","description":"Avukat Deniz Can K\u0131z\u0131l Antalya Barosu","publisher":{"@id":"https:\/\/denizcankizil.tr\/#organization"},"potentialAction":[{"@type":"SearchAction","target":{"@type":"EntryPoint","urlTemplate":"https:\/\/denizcankizil.tr\/?s={search_term_string}"},"query-input":{"@type":"PropertyValueSpecification","valueRequired":true,"valueName":"search_term_string"}}],"inLanguage":"en-GB"},{"@type":"Organization","@id":"https:\/\/denizcankizil.tr\/#organization","name":"Av. Deniz Can K\u0131z\u0131l","url":"https:\/\/denizcankizil.tr\/","logo":{"@type":"ImageObject","inLanguage":"en-GB","@id":"https:\/\/denizcankizil.tr\/#\/schema\/logo\/image\/","url":"https:\/\/denizcankizil.tr\/wp-content\/uploads\/2024\/10\/siyah-logo-svg.svg","contentUrl":"https:\/\/denizcankizil.tr\/wp-content\/uploads\/2024\/10\/siyah-logo-svg.svg","width":1080,"height":1080,"caption":"Av. Deniz Can K\u0131z\u0131l"},"image":{"@id":"https:\/\/denizcankizil.tr\/#\/schema\/logo\/image\/"}}]}},"_links":{"self":[{"href":"https:\/\/denizcankizil.tr\/en\/wp-json\/wp\/v2\/posts\/15495","targetHints":{"allow":["GET"]}}],"collection":[{"href":"https:\/\/denizcankizil.tr\/en\/wp-json\/wp\/v2\/posts"}],"about":[{"href":"https:\/\/denizcankizil.tr\/en\/wp-json\/wp\/v2\/types\/post"}],"replies":[{"embeddable":true,"href":"https:\/\/denizcankizil.tr\/en\/wp-json\/wp\/v2\/comments?post=15495"}],"version-history":[{"count":0,"href":"https:\/\/denizcankizil.tr\/en\/wp-json\/wp\/v2\/posts\/15495\/revisions"}],"wp:featuredmedia":[{"embeddable":true,"href":"https:\/\/denizcankizil.tr\/en\/wp-json\/wp\/v2\/media\/15496"}],"wp:attachment":[{"href":"https:\/\/denizcankizil.tr\/en\/wp-json\/wp\/v2\/media?parent=15495"}],"wp:term":[{"taxonomy":"category","embeddable":true,"href":"https:\/\/denizcankizil.tr\/en\/wp-json\/wp\/v2\/categories?post=15495"},{"taxonomy":"post_tag","embeddable":true,"href":"https:\/\/denizcankizil.tr\/en\/wp-json\/wp\/v2\/tags?post=15495"}],"curies":[{"name":"wp","href":"https:\/\/api.w.org\/{rel}","templated":true}]}}