{"id":1540,"date":"2024-10-11T16:04:31","date_gmt":"2024-10-11T16:04:31","guid":{"rendered":"https:\/\/denizcankizil.tr\/uncategorized\/gonce-kadina-yonelik-siddetin-kokunu-kaziyacagiz\/"},"modified":"2024-10-11T16:04:31","modified_gmt":"2024-10-11T16:04:31","slug":"gonce-kadina-yonelik-siddetin-kokunu-kaziyacagiz","status":"publish","type":"post","link":"https:\/\/denizcankizil.tr\/en\/haberler\/gundem\/gonce-kadina-yonelik-siddetin-kokunu-kaziyacagiz\/","title":{"rendered":"Gonce: \u201cKad\u0131na y\u00f6nelik \u015fiddetin k\u00f6k\u00fcn\u00fc kaz\u0131yaca\u011f\u0131z\u201d"},"content":{"rendered":"<p>Saray Belediye Meclisi Ekim ay\u0131 ola\u011fan meclis toplant\u0131s\u0131 2. Oturumu, 11 Ekim Cuma g\u00fcn\u00fc saat 14.00\u2019da Saray Atat\u00fcrk K\u00fclt\u00fcr Merkezi Ali G\u00fcrsu Ergene Toplant\u0131 Salonu\u2019nda ger\u00e7ekle\u015ftirildi. Toplant\u0131n\u0131n a\u00e7\u0131l\u0131\u015f konu\u015fmas\u0131n\u0131 yapan Saray Belediye Ba\u015fkan\u0131 Abd\u00fcl Ta\u015fyasan \u015funlar\u0131 ifade etti:<\/p>\n<p>\u200bSaray Belediye Meclisi Ekim ay\u0131 ola\u011fan meclis toplant\u0131s\u0131 2. Oturumu, 11 Ekim Cuma g\u00fcn\u00fc saat 14.00\u2019da Saray Atat\u00fcrk K\u00fclt\u00fcr Merkezi Ali G\u00fcrsu Ergene Toplant\u0131 Salonu\u2019nda ger\u00e7ekle\u015ftirildi. Toplant\u0131n\u0131n a\u00e7\u0131l\u0131\u015f konu\u015fmas\u0131n\u0131 yapan Saray Belediye Ba\u015fkan\u0131 Abd\u00fcl Ta\u015fyasan \u015funlar\u0131 ifade etti:\u00a0<\/p>\n<p>\u200biskenderun<\/p>","protected":false},"excerpt":{"rendered":"<p>Saray Belediye Meclisi Ekim ay\u0131 ola\u011fan meclis toplant\u0131s\u0131 2. Oturumu, 11 Ekim Cuma g\u00fcn\u00fc saat 14.00\u2019da Saray Atat\u00fcrk K\u00fclt\u00fcr Merkezi Ali G\u00fcrsu Ergene Toplant\u0131 Salonu\u2019nda ger\u00e7ekle\u015ftirildi. Toplant\u0131n\u0131n a\u00e7\u0131l\u0131\u015f konu\u015fmas\u0131n\u0131 yapan Saray Belediye Ba\u015fkan\u0131 Abd\u00fcl Ta\u015fyasan \u015funlar\u0131 ifade etti: \u200bSaray Belediye Meclisi Ekim ay\u0131 ola\u011fan meclis toplant\u0131s\u0131 2. Oturumu, 11 Ekim Cuma g\u00fcn\u00fc saat 14.00\u2019da Saray Atat\u00fcrk K\u00fclt\u00fcr Merkezi Ali G\u00fcrsu Ergene Toplant\u0131 Salonu\u2019nda ger\u00e7ekle\u015ftirildi. Toplant\u0131n\u0131n a\u00e7\u0131l\u0131\u015f konu\u015fmas\u0131n\u0131 yapan Saray Belediye Ba\u015fkan\u0131 Abd\u00fcl Ta\u015fyasan \u015funlar\u0131 ifade etti:\u00a0 \u200biskenderun<\/p>","protected":false},"author":0,"featured_media":0,"comment_status":"open","ping_status":"open","sticky":false,"template":"","format":"standard","meta":{"_acf_changed":false,"footnotes":""},"categories":[24],"tags":[],"class_list":["post-1540","post","type-post","status-publish","format-standard","has-post-thumbnail","hentry","category-gundem"],"acf":[],"yoast_head":"<!-- This site is optimized with the Yoast SEO Premium plugin v26.6 (Yoast SEO v27.1.1) - https:\/\/yoast.com\/product\/yoast-seo-premium-wordpress\/ -->\n<title>Gonce: \u201cKad\u0131na y\u00f6nelik \u015fiddetin k\u00f6k\u00fcn\u00fc kaz\u0131yaca\u011f\u0131z\u201d - Av. Deniz Can K\u0131z\u0131l<\/title>\n<meta name=\"robots\" content=\"index, follow, max-snippet:-1, max-image-preview:large, max-video-preview:-1\" \/>\n<link rel=\"canonical\" href=\"https:\/\/denizcankizil.tr\/en\/haberler\/gundem\/gonce-kadina-yonelik-siddetin-kokunu-kaziyacagiz\/\" \/>\n<meta property=\"og:locale\" content=\"en_GB\" \/>\n<meta property=\"og:type\" content=\"article\" \/>\n<meta property=\"og:title\" content=\"Gonce: \u201cKad\u0131na y\u00f6nelik \u015fiddetin k\u00f6k\u00fcn\u00fc kaz\u0131yaca\u011f\u0131z\u201d\" \/>\n<meta property=\"og:description\" content=\"Saray Belediye Meclisi Ekim ay\u0131 ola\u011fan meclis toplant\u0131s\u0131 2. Oturumu, 11 Ekim Cuma g\u00fcn\u00fc saat 14.00\u2019da Saray Atat\u00fcrk K\u00fclt\u00fcr Merkezi Ali G\u00fcrsu Ergene Toplant\u0131 Salonu\u2019nda ger\u00e7ekle\u015ftirildi. Toplant\u0131n\u0131n a\u00e7\u0131l\u0131\u015f konu\u015fmas\u0131n\u0131 yapan Saray Belediye Ba\u015fkan\u0131 Abd\u00fcl Ta\u015fyasan \u015funlar\u0131 ifade etti: \u200bSaray Belediye Meclisi Ekim ay\u0131 ola\u011fan meclis toplant\u0131s\u0131 2. Oturumu, 11 Ekim Cuma g\u00fcn\u00fc saat 14.00\u2019da Saray Atat\u00fcrk K\u00fclt\u00fcr Merkezi Ali G\u00fcrsu Ergene Toplant\u0131 Salonu\u2019nda ger\u00e7ekle\u015ftirildi. Toplant\u0131n\u0131n a\u00e7\u0131l\u0131\u015f konu\u015fmas\u0131n\u0131 yapan Saray Belediye Ba\u015fkan\u0131 Abd\u00fcl Ta\u015fyasan \u015funlar\u0131 ifade etti:\u00a0 \u200biskenderun\" \/>\n<meta property=\"og:url\" content=\"https:\/\/denizcankizil.tr\/en\/haberler\/gundem\/gonce-kadina-yonelik-siddetin-kokunu-kaziyacagiz\/\" \/>\n<meta property=\"og:site_name\" content=\"Av. Deniz Can K\u0131z\u0131l\" \/>\n<meta property=\"article:published_time\" content=\"2024-10-11T16:04:31+00:00\" \/>\n<meta name=\"twitter:card\" content=\"summary_large_image\" \/>\n<meta name=\"twitter:label1\" content=\"Estimated reading time\" \/>\n\t<meta name=\"twitter:data1\" content=\"1 minute\" \/>\n<script type=\"application\/ld+json\" class=\"yoast-schema-graph\">{\"@context\":\"https:\/\/schema.org\",\"@graph\":[{\"@type\":\"Article\",\"@id\":\"https:\/\/denizcankizil.tr\/en\/haberler\/gundem\/gonce-kadina-yonelik-siddetin-kokunu-kaziyacagiz\/#article\",\"isPartOf\":{\"@id\":\"https:\/\/denizcankizil.tr\/en\/haberler\/gundem\/gonce-kadina-yonelik-siddetin-kokunu-kaziyacagiz\/\"},\"author\":{\"name\":\"\",\"@id\":\"\"},\"headline\":\"Gonce: \u201cKad\u0131na y\u00f6nelik \u015fiddetin k\u00f6k\u00fcn\u00fc kaz\u0131yaca\u011f\u0131z\u201d\",\"datePublished\":\"2024-10-11T16:04:31+00:00\",\"mainEntityOfPage\":{\"@id\":\"https:\/\/denizcankizil.tr\/en\/haberler\/gundem\/gonce-kadina-yonelik-siddetin-kokunu-kaziyacagiz\/\"},\"wordCount\":121,\"commentCount\":0,\"publisher\":{\"@id\":\"https:\/\/denizcankizil.tr\/de\/#organization\"},\"articleSection\":[\"G\u00fcndem\"],\"inLanguage\":\"en-GB\",\"potentialAction\":[{\"@type\":\"CommentAction\",\"name\":\"Comment\",\"target\":[\"https:\/\/denizcankizil.tr\/en\/haberler\/gundem\/gonce-kadina-yonelik-siddetin-kokunu-kaziyacagiz\/#respond\"]}]},{\"@type\":\"WebPage\",\"@id\":\"https:\/\/denizcankizil.tr\/en\/haberler\/gundem\/gonce-kadina-yonelik-siddetin-kokunu-kaziyacagiz\/\",\"url\":\"https:\/\/denizcankizil.tr\/en\/haberler\/gundem\/gonce-kadina-yonelik-siddetin-kokunu-kaziyacagiz\/\",\"name\":\"Gonce: \u201cKad\u0131na y\u00f6nelik \u015fiddetin k\u00f6k\u00fcn\u00fc kaz\u0131yaca\u011f\u0131z\u201d - Av. Deniz Can K\u0131z\u0131l\",\"isPartOf\":{\"@id\":\"https:\/\/denizcankizil.tr\/de\/#website\"},\"datePublished\":\"2024-10-11T16:04:31+00:00\",\"breadcrumb\":{\"@id\":\"https:\/\/denizcankizil.tr\/en\/haberler\/gundem\/gonce-kadina-yonelik-siddetin-kokunu-kaziyacagiz\/#breadcrumb\"},\"inLanguage\":\"en-GB\",\"potentialAction\":[{\"@type\":\"ReadAction\",\"target\":[\"https:\/\/denizcankizil.tr\/en\/haberler\/gundem\/gonce-kadina-yonelik-siddetin-kokunu-kaziyacagiz\/\"]}]},{\"@type\":\"BreadcrumbList\",\"@id\":\"https:\/\/denizcankizil.tr\/en\/haberler\/gundem\/gonce-kadina-yonelik-siddetin-kokunu-kaziyacagiz\/#breadcrumb\",\"itemListElement\":[{\"@type\":\"ListItem\",\"position\":1,\"name\":\"Home\",\"item\":\"https:\/\/denizcankizil.tr\/de\/\"},{\"@type\":\"ListItem\",\"position\":2,\"name\":\"Gonce: \u201cKad\u0131na y\u00f6nelik \u015fiddetin k\u00f6k\u00fcn\u00fc kaz\u0131yaca\u011f\u0131z\u201d\"}]},{\"@type\":\"WebSite\",\"@id\":\"https:\/\/denizcankizil.tr\/de\/#website\",\"url\":\"https:\/\/denizcankizil.tr\/de\/\",\"name\":\"Av. Deniz Can K\u0131z\u0131l\",\"description\":\"Avukat Deniz Can K\u0131z\u0131l Antalya Barosu\",\"publisher\":{\"@id\":\"https:\/\/denizcankizil.tr\/de\/#organization\"},\"potentialAction\":[{\"@type\":\"SearchAction\",\"target\":{\"@type\":\"EntryPoint\",\"urlTemplate\":\"https:\/\/denizcankizil.tr\/de\/?s={search_term_string}\"},\"query-input\":{\"@type\":\"PropertyValueSpecification\",\"valueRequired\":true,\"valueName\":\"search_term_string\"}}],\"inLanguage\":\"en-GB\"},{\"@type\":\"Organization\",\"@id\":\"https:\/\/denizcankizil.tr\/de\/#organization\",\"name\":\"Av. Deniz Can K\u0131z\u0131l\",\"url\":\"https:\/\/denizcankizil.tr\/de\/\",\"logo\":{\"@type\":\"ImageObject\",\"inLanguage\":\"en-GB\",\"@id\":\"https:\/\/denizcankizil.tr\/de\/#\/schema\/logo\/image\/\",\"url\":\"https:\/\/denizcankizil.tr\/wp-content\/uploads\/2024\/10\/siyah-logo-svg.svg\",\"contentUrl\":\"https:\/\/denizcankizil.tr\/wp-content\/uploads\/2024\/10\/siyah-logo-svg.svg\",\"width\":1080,\"height\":1080,\"caption\":\"Av. Deniz Can K\u0131z\u0131l\"},\"image\":{\"@id\":\"https:\/\/denizcankizil.tr\/de\/#\/schema\/logo\/image\/\"}}]}<\/script>\n<!-- \/ Yoast SEO Premium plugin. -->","yoast_head_json":{"title":"Gonce: \u201cKad\u0131na y\u00f6nelik \u015fiddetin k\u00f6k\u00fcn\u00fc kaz\u0131yaca\u011f\u0131z\u201d - Av. Deniz Can K\u0131z\u0131l","robots":{"index":"index","follow":"follow","max-snippet":"max-snippet:-1","max-image-preview":"max-image-preview:large","max-video-preview":"max-video-preview:-1"},"canonical":"https:\/\/denizcankizil.tr\/en\/haberler\/gundem\/gonce-kadina-yonelik-siddetin-kokunu-kaziyacagiz\/","og_locale":"en_GB","og_type":"article","og_title":"Gonce: \u201cKad\u0131na y\u00f6nelik \u015fiddetin k\u00f6k\u00fcn\u00fc kaz\u0131yaca\u011f\u0131z\u201d","og_description":"Saray Belediye Meclisi Ekim ay\u0131 ola\u011fan meclis toplant\u0131s\u0131 2. Oturumu, 11 Ekim Cuma g\u00fcn\u00fc saat 14.00\u2019da Saray Atat\u00fcrk K\u00fclt\u00fcr Merkezi Ali G\u00fcrsu Ergene Toplant\u0131 Salonu\u2019nda ger\u00e7ekle\u015ftirildi. Toplant\u0131n\u0131n a\u00e7\u0131l\u0131\u015f konu\u015fmas\u0131n\u0131 yapan Saray Belediye Ba\u015fkan\u0131 Abd\u00fcl Ta\u015fyasan \u015funlar\u0131 ifade etti: \u200bSaray Belediye Meclisi Ekim ay\u0131 ola\u011fan meclis toplant\u0131s\u0131 2. Oturumu, 11 Ekim Cuma g\u00fcn\u00fc saat 14.00\u2019da Saray Atat\u00fcrk K\u00fclt\u00fcr Merkezi Ali G\u00fcrsu Ergene Toplant\u0131 Salonu\u2019nda ger\u00e7ekle\u015ftirildi. Toplant\u0131n\u0131n a\u00e7\u0131l\u0131\u015f konu\u015fmas\u0131n\u0131 yapan Saray Belediye Ba\u015fkan\u0131 Abd\u00fcl Ta\u015fyasan \u015funlar\u0131 ifade etti:\u00a0 \u200biskenderun","og_url":"https:\/\/denizcankizil.tr\/en\/haberler\/gundem\/gonce-kadina-yonelik-siddetin-kokunu-kaziyacagiz\/","og_site_name":"Av. Deniz Can K\u0131z\u0131l","article_published_time":"2024-10-11T16:04:31+00:00","twitter_card":"summary_large_image","twitter_misc":{"Estimated reading time":"1 minute"},"schema":{"@context":"https:\/\/schema.org","@graph":[{"@type":"Article","@id":"https:\/\/denizcankizil.tr\/en\/haberler\/gundem\/gonce-kadina-yonelik-siddetin-kokunu-kaziyacagiz\/#article","isPartOf":{"@id":"https:\/\/denizcankizil.tr\/en\/haberler\/gundem\/gonce-kadina-yonelik-siddetin-kokunu-kaziyacagiz\/"},"author":{"name":"","@id":""},"headline":"Gonce: \u201cKad\u0131na y\u00f6nelik \u015fiddetin k\u00f6k\u00fcn\u00fc kaz\u0131yaca\u011f\u0131z\u201d","datePublished":"2024-10-11T16:04:31+00:00","mainEntityOfPage":{"@id":"https:\/\/denizcankizil.tr\/en\/haberler\/gundem\/gonce-kadina-yonelik-siddetin-kokunu-kaziyacagiz\/"},"wordCount":121,"commentCount":0,"publisher":{"@id":"https:\/\/denizcankizil.tr\/de\/#organization"},"articleSection":["G\u00fcndem"],"inLanguage":"en-GB","potentialAction":[{"@type":"CommentAction","name":"Comment","target":["https:\/\/denizcankizil.tr\/en\/haberler\/gundem\/gonce-kadina-yonelik-siddetin-kokunu-kaziyacagiz\/#respond"]}]},{"@type":"WebPage","@id":"https:\/\/denizcankizil.tr\/en\/haberler\/gundem\/gonce-kadina-yonelik-siddetin-kokunu-kaziyacagiz\/","url":"https:\/\/denizcankizil.tr\/en\/haberler\/gundem\/gonce-kadina-yonelik-siddetin-kokunu-kaziyacagiz\/","name":"Gonce: \u201cKad\u0131na y\u00f6nelik \u015fiddetin k\u00f6k\u00fcn\u00fc kaz\u0131yaca\u011f\u0131z\u201d - Av. Deniz Can K\u0131z\u0131l","isPartOf":{"@id":"https:\/\/denizcankizil.tr\/de\/#website"},"datePublished":"2024-10-11T16:04:31+00:00","breadcrumb":{"@id":"https:\/\/denizcankizil.tr\/en\/haberler\/gundem\/gonce-kadina-yonelik-siddetin-kokunu-kaziyacagiz\/#breadcrumb"},"inLanguage":"en-GB","potentialAction":[{"@type":"ReadAction","target":["https:\/\/denizcankizil.tr\/en\/haberler\/gundem\/gonce-kadina-yonelik-siddetin-kokunu-kaziyacagiz\/"]}]},{"@type":"BreadcrumbList","@id":"https:\/\/denizcankizil.tr\/en\/haberler\/gundem\/gonce-kadina-yonelik-siddetin-kokunu-kaziyacagiz\/#breadcrumb","itemListElement":[{"@type":"ListItem","position":1,"name":"Home","item":"https:\/\/denizcankizil.tr\/de\/"},{"@type":"ListItem","position":2,"name":"Gonce: \u201cKad\u0131na y\u00f6nelik \u015fiddetin k\u00f6k\u00fcn\u00fc kaz\u0131yaca\u011f\u0131z\u201d"}]},{"@type":"WebSite","@id":"https:\/\/denizcankizil.tr\/de\/#website","url":"https:\/\/denizcankizil.tr\/de\/","name":"Av. Deniz Can K\u0131z\u0131l","description":"Avukat Deniz Can K\u0131z\u0131l Antalya Barosu","publisher":{"@id":"https:\/\/denizcankizil.tr\/de\/#organization"},"potentialAction":[{"@type":"SearchAction","target":{"@type":"EntryPoint","urlTemplate":"https:\/\/denizcankizil.tr\/de\/?s={search_term_string}"},"query-input":{"@type":"PropertyValueSpecification","valueRequired":true,"valueName":"search_term_string"}}],"inLanguage":"en-GB"},{"@type":"Organization","@id":"https:\/\/denizcankizil.tr\/de\/#organization","name":"Av. Deniz Can K\u0131z\u0131l","url":"https:\/\/denizcankizil.tr\/de\/","logo":{"@type":"ImageObject","inLanguage":"en-GB","@id":"https:\/\/denizcankizil.tr\/de\/#\/schema\/logo\/image\/","url":"https:\/\/denizcankizil.tr\/wp-content\/uploads\/2024\/10\/siyah-logo-svg.svg","contentUrl":"https:\/\/denizcankizil.tr\/wp-content\/uploads\/2024\/10\/siyah-logo-svg.svg","width":1080,"height":1080,"caption":"Av. Deniz Can K\u0131z\u0131l"},"image":{"@id":"https:\/\/denizcankizil.tr\/de\/#\/schema\/logo\/image\/"}}]}},"_links":{"self":[{"href":"https:\/\/denizcankizil.tr\/en\/wp-json\/wp\/v2\/posts\/1540","targetHints":{"allow":["GET"]}}],"collection":[{"href":"https:\/\/denizcankizil.tr\/en\/wp-json\/wp\/v2\/posts"}],"about":[{"href":"https:\/\/denizcankizil.tr\/en\/wp-json\/wp\/v2\/types\/post"}],"replies":[{"embeddable":true,"href":"https:\/\/denizcankizil.tr\/en\/wp-json\/wp\/v2\/comments?post=1540"}],"version-history":[{"count":0,"href":"https:\/\/denizcankizil.tr\/en\/wp-json\/wp\/v2\/posts\/1540\/revisions"}],"wp:attachment":[{"href":"https:\/\/denizcankizil.tr\/en\/wp-json\/wp\/v2\/media?parent=1540"}],"wp:term":[{"taxonomy":"category","embeddable":true,"href":"https:\/\/denizcankizil.tr\/en\/wp-json\/wp\/v2\/categories?post=1540"},{"taxonomy":"post_tag","embeddable":true,"href":"https:\/\/denizcankizil.tr\/en\/wp-json\/wp\/v2\/tags?post=1540"}],"curies":[{"name":"wp","href":"https:\/\/api.w.org\/{rel}","templated":true}]}}