{"id":152942,"date":"2025-07-20T18:28:00","date_gmt":"2025-07-20T15:28:00","guid":{"rendered":"https:\/\/denizcankizil.tr\/uncategorized-tr\/barut-her-seyin-bir-bedeli-var\/"},"modified":"2025-07-20T18:28:00","modified_gmt":"2025-07-20T15:28:00","slug":"barut-her-seyin-bir-bedeli-var","status":"publish","type":"post","link":"https:\/\/denizcankizil.tr\/en\/hukukihaber\/barut-her-seyin-bir-bedeli-var\/","title":{"rendered":"\u201cBARUT , her \u015feyin bir bedeli var\u201d"},"content":{"rendered":"<p>Mine G. K\u0131r\u0131kkanat\u2019\u0131n yeni kitab\u0131: \u201cBARUT , her \u015feyin bir bedeli var\u201d<\/p>\n<p>12 punto&#8217;dan Sercan Meri\u00e7&#8217;in kaleme ald\u0131\u011f\u0131 r\u00f6portajda, gazeteci-yazar Mine K\u0131r\u0131kkanat, kitab\u0131n ad\u0131 i\u00e7in a\u00e7\u0131klamada bulunarak: \u201cHayat bir kavga. Hatta bir sava\u015f. Sava\u015fta mutlaka silahlar kullanmak gerekiyor. Benim silah\u0131m da kalem. Bilgi, tecr\u00fcbe, ac\u0131lar, sevin\u00e7ler, ba\u015far\u0131lar ve hayal k\u0131r\u0131kl\u0131klar\u0131yla o silaha nas\u0131l bir mermi haz\u0131rland\u0131\u011f\u0131n\u0131 anlat\u0131yorum bu kitapta. Elbette ad\u0131 da do\u011fal olarak \u201cBarut\u201d oldu. Barutum haz\u0131r. Barutumun nas\u0131l doldu\u011funun kitab\u0131 bu. \u0130kinci ciltte zaten ate\u015f ba\u015flayacak,\u201d diyor.<\/p>\n<p>Ben hen\u00fcz kitab\u0131 okumad\u0131m fakat kitap hakk\u0131nda bas\u0131nda \u00e7\u0131kan yaz\u0131lar\u0131 ve r\u00f6portajlar\u0131 okudum.<\/p>\n<p>K\u0131r\u0131kkanat ile \u00c7etin Altan aras\u0131nda b\u00fcy\u00fck bir a\u015fk ya\u015fand\u0131\u011f\u0131n\u0131 biliyorum. Hatta yan\u0131lm\u0131yorsam bir bir yaz\u0131da K\u0131r\u0131kanat\u2019\u0131n Pariste \u00c7etin Altan\u2019la birlikte ya\u015fad\u0131\u011f\u0131 d\u00f6nemde kavga edip ayr\u0131lmak istedi\u011fini \u00c7etin Altan\u2019da kendisine \u201cbenim her zaman bir yede\u011fim bulunur\u201d dedi\u011fini okumu\u015ftum.<\/p>\n<p>Kitaptan al\u0131nan al\u0131nt\u0131larda \u00c7etin Altan\u2019\u0131n \u00e7ocuklar\u0131n\u0131n annesi Kerime hakk\u0131nda baz\u0131 d\u00fc\u015f\u00fcnd\u00fcr\u00fcc\u00fc bilgiler yer al\u0131yor:<\/p>\n<p>\u201c\u00c7etin\u2019in Kerime\u2019yle evliliklerine ili\u015fkin itiraflar\u0131 bundan ibaretti. \u2018Ayr\u0131 d\u00fcnyalardan\u0131z\u2019 derken k\u00f6yl\u00fc ve cahil oldu\u011funu sezdirdi\u011fi Kerime\u2019nin konakta ne i\u015f yapt\u0131\u011f\u0131n\u0131; ona tecav\u00fcz m\u00fc etti\u011fini yoksa g\u00f6n\u00fcll\u00fc m\u00fc birlikte olduklar\u0131n\u0131 tabii ki merak ettim, sormaya cesaret edemedim,\u201d diye anlat\u0131yor K\u0131r\u0131kkanat.<\/p>\n<p>Bu bilgilerden sonra daAltan bir gece Kerime\u2019nin konakta \u00e7al\u0131\u015fan bir hizmetli oldu\u011funu, aralar\u0131nda seks ili\u015fkisi ya\u015fand\u0131ktan sonra hamile kal\u0131nca evlenmek zorunda kald\u0131klar\u0131n\u0131 anlat\u0131yor.<\/p>\n<p>Mine G. K\u0131r\u0131kkanat\u2019\u0131n kendisi i\u00e7in ise \u015fu bilgiler veriliyor: &#8230;.Kuzeni Volkan Bozk\u0131r; AK Parti\u2019nin sevdi\u011fi nadir \u201cmon\u015fer\u201dlerden. Emekli B\u00fcy\u00fckel\u00e7i sonradan milletvekilli\u011fi yap\u0131yor; k\u0131z\u0131 Ok\u015fan ise Lucca\u2019n\u0131n sahibi Cem Mirap\u2019la evli. Pek \u00e7ok Beyaz T\u00fcrk ailesinde oldu\u011fu gibi aile a\u011fac\u0131 evliliklerle zenginle\u015fip \u00e7e\u015fitleniyor.<\/p>\n<p>Do\u011frusu Kerime hakk\u0131nda yaz\u0131lanlarla beraber, K\u0131r\u0131kkanat i\u00e7in yaz\u0131lanlar insana bir k\u0131yaslama ku\u015fkusu ya\u015fat\u0131yor.<\/p>\n<p>K\u0131r\u0131kkanat \u00c7etin Altan\u0131n \u00e7ocuklar\u0131 Ahmet ve Mehmet Altan i\u00e7inde ilgin\u00e7 iddialarda bulunuyor.<\/p>\n<p>\u00d6zellikle Mehmet Altan i\u00e7in\u201cBa\u015far\u0131s\u0131z e\u011fitim s\u00fcreci ve ac\u0131kl\u0131 yetersizlikteki Frans\u0131zcas\u0131yla, Fransa\u2019dan asla y\u00fcksek \u00f6\u011frenim bursu falan alamazd\u0131,\u201d diye yaz\u0131yor. \u201c\u00c7etin Altan\u2019 la<\/p>\n<p>tan\u0131\u015ft\u0131rd\u0131\u011f\u0131m \u2018Fransa\u2019n\u0131n g\u00f6lge b\u00fcy\u00fckel\u00e7isi\u2019 Marc Bernardin, babas\u0131n\u0131n hat\u0131r\u0131na Mehmet Altan\u2019a Fransa\u2019dan burs \u00e7\u0131kartt\u0131.\u201d<\/p>\n<p>K\u0131r\u0131kkanat\u2019\u0131n iddias\u0131na g\u00f6re Mehmet Altan\u2019\u0131n Sorbonne\u2019daki y\u00fcksek lisans ve doktora tezleri \u201cberbatt\u0131 ve\u201cher ikisinde de hem i\u00e7erik hem de Frans\u0131zcas\u0131 ismi bende sakl\u0131 yetkin bir ki\u015fi taraf\u0131ndan yeniden yaz\u0131ld\u0131.\u201d<\/p>\n<p>K\u0131r\u0131kkanat, Ya\u015far Kemalim Nobele aday g\u00f6sterilmesi ile ilgili olan ve 1980 y\u0131l\u0131 Cumhuriyet Bayram\u0131 resepsiyonunda ge\u00e7en olay\u0131 da \u015f\u00f6yle anlat\u0131yor:<\/p>\n<p>\u201c&#8230;.Oradan Te\u015fvikiye\u2019ye ge\u00e7ip Ziya\u2019da yemek yemeyi kararla\u015ft\u0131rm\u0131\u015ft\u0131k. Saat 20.00\u2019ye do\u011fru, \u00c7etin vali ve komutandan izin istedi.<\/p>\n<p>Vali Orhan Erbu\u011f ile S\u0131k\u0131y\u00f6netim Komutan\u0131 Necdet \u00dcru\u011f, i\u00e7erde g\u00f6sterdikleri sayg\u0131y\u0131, d\u0131\u015far\u0131da kap\u0131ya kadar ge\u00e7irerek s\u00fcrd\u00fcrd\u00fcler. Hatta \u00c7etin\u2019in laf\u0131 bir t\u00fcrl\u00fc bitmedi\u011finden, d\u0131\u015far\u0131daki birka\u00e7 ad\u0131ml\u0131k merdivene kadar e\u015flik ettiler.<\/p>\n<p>Tam merdiven ba\u015f\u0131nda, art\u0131k vedala\u015fmak \u00fczere eller s\u0131k\u0131l\u0131yordu ki, \u00c7etin Altan i\u015faret parma\u011f\u0131n\u0131 kald\u0131r\u0131p sallad\u0131: \u2018Ya\u015far Kemal\u2019e dikkat edin, vatan hainidir! Nobel\u2019i alabilmek i\u00e7in K\u00fcrt milliyet\u00e7ili\u011fi yap\u0131yor. T\u00fcrkiye\u2019nin ba\u015f\u0131na i\u015f a\u00e7ar. Devletin ne yap\u0131p edip, Ya\u015far\u2019\u0131n Nobel\u2019i almas\u0131na engel olmas\u0131 laz\u0131m&#8230;\u2019<\/p>\n<p>Mine K\u0131r\u0131kkanat bu olay\u0131 \u015f\u00f6yle de\u011ferlendiriyor: \u201c\u00c7etin\u2019in \u0130srail gezisini izleyen bir y\u0131lda sabit fikir haline getirip salt benimle payla\u015ft\u0131\u011f\u0131 Nobel h\u0131rs\u0131; 29 Ekim 1979\u2019da onu ger\u00e7ekten \u00e7ok al\u00e7ak\u00e7a bir davran\u0131\u015fa s\u00fcr\u00fckleyecek ve g\u00f6z\u00fcmdeki de\u011feri serbest d\u00fc\u015f\u00fc\u015fe ge\u00e7ecekti\u201d<\/p>\n<p>K\u0131r\u0131kkanat\u2019\u0131n hem bir r\u00f6portaj\u0131nda ve hem de kitab\u0131nda TTOK Ba\u015fkanlar\u0131ndan rahmetli \u00c7elik G\u00fclersoy i\u00e7in s\u00f6ylediklerine de kat\u0131lm\u0131yorum.<\/p>\n<p>\u015e\u00f6yle diyor K\u0131r\u0131kkanat:\u201dOnunla ilgili s\u00f6yleyecek laf\u0131m da var. \u00c7elik G\u00fclersoy, 1,5 y\u0131l i\u00e7inde iki kez hamile kald\u0131\u011f\u0131m i\u00e7in beni i\u015ften att\u0131. Bu kar\u0131 bize yararl\u0131 olmuyor diyerek.<\/p>\n<p>Bir \u0130stanbul \u015e\u00f6valyesi, bir \u0130stanbul beyefendisi, a\u015f\u0131\u011f\u0131 olan \u00c7eliksoy\u2019un KARI s\u00f6zc\u00fc\u011f\u00fcn\u00fc kulland\u0131\u011f\u0131n\u0131 sanm\u0131yorum.<\/p>\n<p>Yine K\u0131r\u0131kkanat\u2019a; Ya\u015far Kemal\u2019in karde\u015fi Ramazan Ya\u015far\u2019dan \u00f6nce i\u015f g\u00f6r\u00fc\u015fmesi yapt\u0131\u011f\u0131 bir i\u015fadam\u0131 da ak\u015fam\u0131nda kap\u0131s\u0131na dayan\u0131yor, ona a\u00e7\u0131k a\u00e7\u0131k \u201cmetresi olmas\u0131n\u0131\u201d teklif ediyor. Tacize u\u011framadan \u00e7al\u0131\u015ft\u0131\u011f\u0131 tek kurumsa \u201ce\u015fcinsel de\u011filse aseks\u00fcel oldu\u011funu hepimiz biliyorduk\u201d dedi\u011fi \u00c7elik G\u00fclersoy\u2019un y\u00f6netti\u011fi Turing. Deniliyor.<\/p>\n<p>Yani \u00c7elik G\u00fclersoy\u2019un kendisini taciz etmemesi \u201caseks\u00fcel\u201d cinsel e\u011filim ile a\u00e7\u0131klan\u0131yor. Oysa Turing te birlikte \u00e7al\u0131\u015ft\u0131\u011f\u0131m \u00c7elik G\u00fclersoy\u2019un erdemli ve ahlakl\u0131 oldu\u011fu nedeni ile kimseye tacizde bulunmayaca\u011f\u0131 kan\u0131s\u0131nday\u0131m.<\/p>\n<p>Bu arada 7 Temmuz 2019 da gazete DUVAR\u2019a \u00c7elik G\u00fclersoy i\u00e7in yazd\u0131\u011f\u0131m yaz\u0131mdan k\u00fc\u00e7\u00fck bir al\u0131nt\u0131y\u0131 da sunuyorum:<\/p>\n<p>Her kentin de \u201cbir sevdal\u0131s\u0131\u201d, \u201cbir \u015f\u00f6valyesi\u201d, \u201cbir mimar\u0131\u201d, \u201cbir a\u015f\u0131\u011f\u0131\u201d, \u201cbir beyefendisi\u201d, \u201cbir yazar\u0131\u201d ve \u201cbir k\u00fcsk\u00fcn\u00fc\u201d olur. \u0130\u015fte \u0130stanbul i\u00e7in onlar sizdiniz Sevgili G\u00fclersoy.<\/p>\n<p>\u0130STANBUL&#8217;A ADANMI\u015e YA\u015eAM-73 y\u0131ll\u0131k ya\u015fam\u0131n\u0131z\u0131 \u0130stanbul\u2019a adad\u0131n\u0131z. Mesle\u011finiz hukuk, ruhunuz yarat\u0131c\u0131 bir mimar, bir estetik\u00e7iydi. Terk edilmi\u015f, y\u0131k\u0131lm\u0131\u015f viraneler, mezbele yerler sizin elinizde sihirli bir de\u011fnek de\u011fmi\u015f gibi ba\u015fka bir d\u00fcnyaya d\u00f6n\u00fc\u015f\u00fcyordu.<\/p>\n<p>\u200bMine G. K\u0131r\u0131kkanat\u2019\u0131n yeni kitab\u0131: \u201cBARUT , her \u015feyin bir bedeli var\u201d<\/p>\n<p>12 punto&#8217;dan Sercan Meri\u00e7&#8217;in kaleme ald\u0131\u011f\u0131 r\u00f6portajda, gazeteci-yazar Mine K\u0131r\u0131kkanat, kitab\u0131n ad\u0131 i\u00e7in a\u00e7\u0131klamada bulunarak: \u201cHayat bir kavga. Hatta bir sava\u015f. Sava\u015fta mutlaka silahlar kullanmak gerekiyor. Benim silah\u0131m da kalem. Bilgi, tecr\u00fcbe, ac\u0131lar, sevin\u00e7ler, ba\u015far\u0131lar ve hayal k\u0131r\u0131kl\u0131klar\u0131yla o silaha nas\u0131l bir mermi haz\u0131rland\u0131\u011f\u0131n\u0131 anlat\u0131yorum bu kitapta. Elbette ad\u0131 da do\u011fal olarak \u201cBarut\u201d oldu. Barutum haz\u0131r. Barutumun nas\u0131l doldu\u011funun kitab\u0131 bu. \u0130kinci ciltte zaten ate\u015f ba\u015flayacak,\u201d diyor.<\/p>\n<p>Ben hen\u00fcz kitab\u0131 okumad\u0131m fakat kitap hakk\u0131nda bas\u0131nda \u00e7\u0131kan yaz\u0131lar\u0131 ve r\u00f6portajlar\u0131 okudum.<\/p>\n<p>K\u0131r\u0131kkanat ile \u00c7etin Altan aras\u0131nda b\u00fcy\u00fck bir a\u015fk ya\u015fand\u0131\u011f\u0131n\u0131 biliyorum. Hatta yan\u0131lm\u0131yorsam bir bir yaz\u0131da K\u0131r\u0131kanat\u2019\u0131n Pariste \u00c7etin Altan\u2019la birlikte ya\u015fad\u0131\u011f\u0131 d\u00f6nemde kavga edip ayr\u0131lmak istedi\u011fini \u00c7etin Altan\u2019da kendisine \u201cbenim her zaman bir yede\u011fim bulunur\u201d dedi\u011fini okumu\u015ftum.<\/p>\n<p>Kitaptan al\u0131nan al\u0131nt\u0131larda \u00c7etin Altan\u2019\u0131n \u00e7ocuklar\u0131n\u0131n annesi Kerime hakk\u0131nda baz\u0131 d\u00fc\u015f\u00fcnd\u00fcr\u00fcc\u00fc bilgiler yer al\u0131yor:<\/p>\n<p>\u201c\u00c7etin\u2019in Kerime\u2019yle evliliklerine ili\u015fkin itiraflar\u0131 bundan ibaretti. \u2018Ayr\u0131 d\u00fcnyalardan\u0131z\u2019 derken k\u00f6yl\u00fc ve cahil oldu\u011funu sezdirdi\u011fi Kerime\u2019nin konakta ne i\u015f yapt\u0131\u011f\u0131n\u0131; ona tecav\u00fcz m\u00fc etti\u011fini yoksa g\u00f6n\u00fcll\u00fc m\u00fc birlikte olduklar\u0131n\u0131 tabii ki merak ettim, sormaya cesaret edemedim,\u201d diye anlat\u0131yor K\u0131r\u0131kkanat.<\/p>\n<p>Bu bilgilerden sonra daAltan bir gece Kerime\u2019nin konakta \u00e7al\u0131\u015fan bir hizmetli oldu\u011funu, aralar\u0131nda seks ili\u015fkisi ya\u015fand\u0131ktan sonra hamile kal\u0131nca evlenmek zorunda kald\u0131klar\u0131n\u0131 anlat\u0131yor.<\/p>\n<p>Mine G. K\u0131r\u0131kkanat\u2019\u0131n kendisi i\u00e7in ise \u015fu bilgiler veriliyor: &#8230;.Kuzeni Volkan Bozk\u0131r; AK Parti\u2019nin sevdi\u011fi nadir \u201cmon\u015fer\u201dlerden. Emekli B\u00fcy\u00fckel\u00e7i sonradan milletvekilli\u011fi yap\u0131yor; k\u0131z\u0131 Ok\u015fan ise Lucca\u2019n\u0131n sahibi Cem Mirap\u2019la evli. Pek \u00e7ok Beyaz T\u00fcrk ailesinde oldu\u011fu gibi aile a\u011fac\u0131 evliliklerle zenginle\u015fip \u00e7e\u015fitleniyor.<\/p>\n<p>Do\u011frusu Kerime hakk\u0131nda yaz\u0131lanlarla beraber, K\u0131r\u0131kkanat i\u00e7in yaz\u0131lanlar insana bir k\u0131yaslama ku\u015fkusu ya\u015fat\u0131yor.<\/p>\n<p>K\u0131r\u0131kkanat \u00c7etin Altan\u0131n \u00e7ocuklar\u0131 Ahmet ve Mehmet Altan i\u00e7inde ilgin\u00e7 iddialarda bulunuyor.<\/p>\n<p>\u00d6zellikle Mehmet Altan i\u00e7in\u201cBa\u015far\u0131s\u0131z e\u011fitim s\u00fcreci ve ac\u0131kl\u0131 yetersizlikteki Frans\u0131zcas\u0131yla, Fransa\u2019dan asla y\u00fcksek \u00f6\u011frenim bursu falan alamazd\u0131,\u201d diye yaz\u0131yor. \u201c\u00c7etin Altan\u2019 la<\/p>\n<p>tan\u0131\u015ft\u0131rd\u0131\u011f\u0131m \u2018Fransa\u2019n\u0131n g\u00f6lge b\u00fcy\u00fckel\u00e7isi\u2019 Marc Bernardin, babas\u0131n\u0131n hat\u0131r\u0131na Mehmet Altan\u2019a Fransa\u2019dan burs \u00e7\u0131kartt\u0131.\u201d<\/p>\n<p>K\u0131r\u0131kkanat\u2019\u0131n iddias\u0131na g\u00f6re Mehmet Altan\u2019\u0131n Sorbonne\u2019daki y\u00fcksek lisans ve doktora tezleri \u201cberbatt\u0131 ve\u201cher ikisinde de hem i\u00e7erik hem de Frans\u0131zcas\u0131 ismi bende sakl\u0131 yetkin bir ki\u015fi taraf\u0131ndan yeniden yaz\u0131ld\u0131.\u201d<\/p>\n<p>K\u0131r\u0131kkanat, Ya\u015far Kemalim Nobele aday g\u00f6sterilmesi ile ilgili olan ve 1980 y\u0131l\u0131 Cumhuriyet Bayram\u0131 resepsiyonunda ge\u00e7en olay\u0131 da \u015f\u00f6yle anlat\u0131yor:<\/p>\n<p>\u201c&#8230;.Oradan Te\u015fvikiye\u2019ye ge\u00e7ip Ziya\u2019da yemek yemeyi kararla\u015ft\u0131rm\u0131\u015ft\u0131k. Saat 20.00\u2019ye do\u011fru, \u00c7etin vali ve komutandan izin istedi.<\/p>\n<p>Vali Orhan Erbu\u011f ile S\u0131k\u0131y\u00f6netim Komutan\u0131 Necdet \u00dcru\u011f, i\u00e7erde g\u00f6sterdikleri sayg\u0131y\u0131, d\u0131\u015far\u0131da kap\u0131ya kadar ge\u00e7irerek s\u00fcrd\u00fcrd\u00fcler. Hatta \u00c7etin\u2019in laf\u0131 bir t\u00fcrl\u00fc bitmedi\u011finden, d\u0131\u015far\u0131daki birka\u00e7 ad\u0131ml\u0131k merdivene kadar e\u015flik ettiler.<\/p>\n<p>Tam merdiven ba\u015f\u0131nda, art\u0131k vedala\u015fmak \u00fczere eller s\u0131k\u0131l\u0131yordu ki, \u00c7etin Altan i\u015faret parma\u011f\u0131n\u0131 kald\u0131r\u0131p sallad\u0131: \u2018Ya\u015far Kemal\u2019e dikkat edin, vatan hainidir! Nobel\u2019i alabilmek i\u00e7in K\u00fcrt milliyet\u00e7ili\u011fi yap\u0131yor. T\u00fcrkiye\u2019nin ba\u015f\u0131na i\u015f a\u00e7ar. Devletin ne yap\u0131p edip, Ya\u015far\u2019\u0131n Nobel\u2019i almas\u0131na engel olmas\u0131 laz\u0131m&#8230;\u2019<\/p>\n<p>Mine K\u0131r\u0131kkanat bu olay\u0131 \u015f\u00f6yle de\u011ferlendiriyor: \u201c\u00c7etin\u2019in \u0130srail gezisini izleyen bir y\u0131lda sabit fikir haline getirip salt benimle payla\u015ft\u0131\u011f\u0131 Nobel h\u0131rs\u0131; 29 Ekim 1979\u2019da onu ger\u00e7ekten \u00e7ok al\u00e7ak\u00e7a bir davran\u0131\u015fa s\u00fcr\u00fckleyecek ve g\u00f6z\u00fcmdeki de\u011feri serbest d\u00fc\u015f\u00fc\u015fe ge\u00e7ecekti\u201d<\/p>\n<p>K\u0131r\u0131kkanat\u2019\u0131n hem bir r\u00f6portaj\u0131nda ve hem de kitab\u0131nda TTOK Ba\u015fkanlar\u0131ndan rahmetli \u00c7elik G\u00fclersoy i\u00e7in s\u00f6ylediklerine de kat\u0131lm\u0131yorum.<\/p>\n<p>\u015e\u00f6yle diyor K\u0131r\u0131kkanat:\u201dOnunla ilgili s\u00f6yleyecek laf\u0131m da var. \u00c7elik G\u00fclersoy, 1,5 y\u0131l i\u00e7inde iki kez hamile kald\u0131\u011f\u0131m i\u00e7in beni i\u015ften att\u0131. Bu kar\u0131 bize yararl\u0131 olmuyor diyerek.<\/p>\n<p>Bir \u0130stanbul \u015e\u00f6valyesi, bir \u0130stanbul beyefendisi, a\u015f\u0131\u011f\u0131 olan \u00c7eliksoy\u2019un KARI s\u00f6zc\u00fc\u011f\u00fcn\u00fc kulland\u0131\u011f\u0131n\u0131 sanm\u0131yorum.<\/p>\n<p>Yine K\u0131r\u0131kkanat\u2019a; Ya\u015far Kemal\u2019in karde\u015fi Ramazan Ya\u015far\u2019dan \u00f6nce i\u015f g\u00f6r\u00fc\u015fmesi yapt\u0131\u011f\u0131 bir i\u015fadam\u0131 da ak\u015fam\u0131nda kap\u0131s\u0131na dayan\u0131yor, ona a\u00e7\u0131k a\u00e7\u0131k \u201cmetresi olmas\u0131n\u0131\u201d teklif ediyor. Tacize u\u011framadan \u00e7al\u0131\u015ft\u0131\u011f\u0131 tek kurumsa \u201ce\u015fcinsel de\u011filse aseks\u00fcel oldu\u011funu hepimiz biliyorduk\u201d dedi\u011fi \u00c7elik G\u00fclersoy\u2019un y\u00f6netti\u011fi Turing. Deniliyor.<\/p>\n<p>Yani \u00c7elik G\u00fclersoy\u2019un kendisini taciz etmemesi \u201caseks\u00fcel\u201d cinsel e\u011filim ile a\u00e7\u0131klan\u0131yor. Oysa Turing te birlikte \u00e7al\u0131\u015ft\u0131\u011f\u0131m \u00c7elik G\u00fclersoy\u2019un erdemli ve ahlakl\u0131 oldu\u011fu nedeni ile kimseye tacizde bulunmayaca\u011f\u0131 kan\u0131s\u0131nday\u0131m.<\/p>\n<p>Bu arada 7 Temmuz 2019 da gazete DUVAR\u2019a \u00c7elik G\u00fclersoy i\u00e7in yazd\u0131\u011f\u0131m yaz\u0131mdan k\u00fc\u00e7\u00fck bir al\u0131nt\u0131y\u0131 da sunuyorum:<\/p>\n<p>Her kentin de \u201cbir sevdal\u0131s\u0131\u201d, \u201cbir \u015f\u00f6valyesi\u201d, \u201cbir mimar\u0131\u201d, \u201cbir a\u015f\u0131\u011f\u0131\u201d, \u201cbir beyefendisi\u201d, \u201cbir yazar\u0131\u201d ve \u201cbir k\u00fcsk\u00fcn\u00fc\u201d olur. \u0130\u015fte \u0130stanbul i\u00e7in onlar sizdiniz Sevgili G\u00fclersoy.<\/p>\n<p>\u0130STANBUL&#8217;A ADANMI\u015e YA\u015eAM-73 y\u0131ll\u0131k ya\u015fam\u0131n\u0131z\u0131 \u0130stanbul\u2019a adad\u0131n\u0131z. Mesle\u011finiz hukuk, ruhunuz yarat\u0131c\u0131 bir mimar, bir estetik\u00e7iydi. Terk edilmi\u015f, y\u0131k\u0131lm\u0131\u015f viraneler, mezbele yerler sizin elinizde sihirli bir de\u011fnek de\u011fmi\u015f gibi ba\u015fka bir d\u00fcnyaya d\u00f6n\u00fc\u015f\u00fcyordu.\u00a0Hukuki Haber<\/p>","protected":false},"excerpt":{"rendered":"<p>Mine G. K\u0131r\u0131kkanat\u2019\u0131n yeni kitab\u0131: \u201cBARUT , her \u015feyin bir bedeli var\u201d 12 punto&#8217;dan Sercan Meri\u00e7&#8217;in kaleme ald\u0131\u011f\u0131 r\u00f6portajda, gazeteci-yazar Mine K\u0131r\u0131kkanat, kitab\u0131n ad\u0131 i\u00e7in a\u00e7\u0131klamada bulunarak: \u201cHayat bir kavga. Hatta bir sava\u015f. Sava\u015fta mutlaka silahlar kullanmak gerekiyor. Benim silah\u0131m da kalem. Bilgi, tecr\u00fcbe, ac\u0131lar, sevin\u00e7ler, ba\u015far\u0131lar ve hayal k\u0131r\u0131kl\u0131klar\u0131yla o silaha nas\u0131l bir mermi haz\u0131rland\u0131\u011f\u0131n\u0131 anlat\u0131yorum bu kitapta. Elbette ad\u0131 da do\u011fal olarak \u201cBarut\u201d oldu. Barutum haz\u0131r. Barutumun nas\u0131l doldu\u011funun kitab\u0131 bu. \u0130kinci ciltte zaten ate\u015f ba\u015flayacak,\u201d diyor. Ben hen\u00fcz kitab\u0131 okumad\u0131m fakat kitap hakk\u0131nda bas\u0131nda \u00e7\u0131kan yaz\u0131lar\u0131 ve r\u00f6portajlar\u0131 okudum. K\u0131r\u0131kkanat ile \u00c7etin Altan aras\u0131nda b\u00fcy\u00fck bir a\u015fk ya\u015fand\u0131\u011f\u0131n\u0131 biliyorum. Hatta yan\u0131lm\u0131yorsam bir bir yaz\u0131da K\u0131r\u0131kanat\u2019\u0131n Pariste \u00c7etin Altan\u2019la birlikte ya\u015fad\u0131\u011f\u0131 d\u00f6nemde kavga edip ayr\u0131lmak istedi\u011fini \u00c7etin Altan\u2019da kendisine \u201cbenim her zaman bir yede\u011fim bulunur\u201d dedi\u011fini okumu\u015ftum. Kitaptan al\u0131nan al\u0131nt\u0131larda \u00c7etin Altan\u2019\u0131n \u00e7ocuklar\u0131n\u0131n annesi Kerime hakk\u0131nda baz\u0131 d\u00fc\u015f\u00fcnd\u00fcr\u00fcc\u00fc bilgiler yer al\u0131yor: \u201c\u00c7etin\u2019in Kerime\u2019yle evliliklerine ili\u015fkin itiraflar\u0131 bundan ibaretti. \u2018Ayr\u0131 d\u00fcnyalardan\u0131z\u2019 derken k\u00f6yl\u00fc ve cahil oldu\u011funu sezdirdi\u011fi Kerime\u2019nin konakta ne i\u015f yapt\u0131\u011f\u0131n\u0131; ona tecav\u00fcz m\u00fc etti\u011fini yoksa g\u00f6n\u00fcll\u00fc m\u00fc birlikte olduklar\u0131n\u0131 tabii ki merak ettim, sormaya cesaret edemedim,\u201d diye anlat\u0131yor K\u0131r\u0131kkanat. Bu bilgilerden sonra daAltan bir gece Kerime\u2019nin konakta \u00e7al\u0131\u015fan bir hizmetli oldu\u011funu, aralar\u0131nda seks ili\u015fkisi ya\u015fand\u0131ktan sonra hamile &hellip;<\/p>","protected":false},"author":3,"featured_media":0,"comment_status":"","ping_status":"open","sticky":false,"template":"","format":"standard","meta":{"_acf_changed":false,"footnotes":""},"categories":[27],"tags":[],"class_list":["post-152942","post","type-post","status-publish","format-standard","has-post-thumbnail","hentry","category-hukukihaber"],"acf":[],"yoast_head":"<!-- This site is optimized with the Yoast SEO Premium plugin v26.6 (Yoast SEO v27.1.1) - https:\/\/yoast.com\/product\/yoast-seo-premium-wordpress\/ -->\n<title>\u201cBARUT , her \u015feyin bir bedeli var\u201d - Av. Deniz Can K\u0131z\u0131l<\/title>\n<meta name=\"robots\" content=\"index, follow, max-snippet:-1, max-image-preview:large, max-video-preview:-1\" \/>\n<link rel=\"canonical\" href=\"http:\/\/denizcankizil.tr\/en\/hukukihaber\/barut-her-seyin-bir-bedeli-var\/\" \/>\n<meta property=\"og:locale\" content=\"en_GB\" \/>\n<meta property=\"og:type\" content=\"article\" \/>\n<meta property=\"og:title\" content=\"\u201cBARUT , her \u015feyin bir bedeli var\u201d\" \/>\n<meta property=\"og:description\" content=\"Mine G. K\u0131r\u0131kkanat\u2019\u0131n yeni kitab\u0131: \u201cBARUT , her \u015feyin bir bedeli var\u201d 12 punto&#8217;dan Sercan Meri\u00e7&#8217;in kaleme ald\u0131\u011f\u0131 r\u00f6portajda, gazeteci-yazar Mine K\u0131r\u0131kkanat, kitab\u0131n ad\u0131 i\u00e7in a\u00e7\u0131klamada bulunarak: \u201cHayat bir kavga. Hatta bir sava\u015f. Sava\u015fta mutlaka silahlar kullanmak gerekiyor. Benim silah\u0131m da kalem. Bilgi, tecr\u00fcbe, ac\u0131lar, sevin\u00e7ler, ba\u015far\u0131lar ve hayal k\u0131r\u0131kl\u0131klar\u0131yla o silaha nas\u0131l bir mermi haz\u0131rland\u0131\u011f\u0131n\u0131 anlat\u0131yorum bu kitapta. Elbette ad\u0131 da do\u011fal olarak \u201cBarut\u201d oldu. Barutum haz\u0131r. Barutumun nas\u0131l doldu\u011funun kitab\u0131 bu. \u0130kinci ciltte zaten ate\u015f ba\u015flayacak,\u201d diyor. Ben hen\u00fcz kitab\u0131 okumad\u0131m fakat kitap hakk\u0131nda bas\u0131nda \u00e7\u0131kan yaz\u0131lar\u0131 ve r\u00f6portajlar\u0131 okudum. K\u0131r\u0131kkanat ile \u00c7etin Altan aras\u0131nda b\u00fcy\u00fck bir a\u015fk ya\u015fand\u0131\u011f\u0131n\u0131 biliyorum. Hatta yan\u0131lm\u0131yorsam bir bir yaz\u0131da K\u0131r\u0131kanat\u2019\u0131n Pariste \u00c7etin Altan\u2019la birlikte ya\u015fad\u0131\u011f\u0131 d\u00f6nemde kavga edip ayr\u0131lmak istedi\u011fini \u00c7etin Altan\u2019da kendisine \u201cbenim her zaman bir yede\u011fim bulunur\u201d dedi\u011fini okumu\u015ftum. Kitaptan al\u0131nan al\u0131nt\u0131larda \u00c7etin Altan\u2019\u0131n \u00e7ocuklar\u0131n\u0131n annesi Kerime hakk\u0131nda baz\u0131 d\u00fc\u015f\u00fcnd\u00fcr\u00fcc\u00fc bilgiler yer al\u0131yor: \u201c\u00c7etin\u2019in Kerime\u2019yle evliliklerine ili\u015fkin itiraflar\u0131 bundan ibaretti. \u2018Ayr\u0131 d\u00fcnyalardan\u0131z\u2019 derken k\u00f6yl\u00fc ve cahil oldu\u011funu sezdirdi\u011fi Kerime\u2019nin konakta ne i\u015f yapt\u0131\u011f\u0131n\u0131; ona tecav\u00fcz m\u00fc etti\u011fini yoksa g\u00f6n\u00fcll\u00fc m\u00fc birlikte olduklar\u0131n\u0131 tabii ki merak ettim, sormaya cesaret edemedim,\u201d diye anlat\u0131yor K\u0131r\u0131kkanat. Bu bilgilerden sonra daAltan bir gece Kerime\u2019nin konakta \u00e7al\u0131\u015fan bir hizmetli oldu\u011funu, aralar\u0131nda seks ili\u015fkisi ya\u015fand\u0131ktan sonra hamile &hellip;\" \/>\n<meta property=\"og:url\" content=\"http:\/\/denizcankizil.tr\/en\/hukukihaber\/barut-her-seyin-bir-bedeli-var\/\" \/>\n<meta property=\"og:site_name\" content=\"Av. Deniz Can K\u0131z\u0131l\" \/>\n<meta property=\"article:published_time\" content=\"2025-07-20T15:28:00+00:00\" \/>\n<meta name=\"author\" content=\"Hukuki Haber.net\" \/>\n<meta name=\"twitter:card\" content=\"summary_large_image\" \/>\n<meta name=\"twitter:label1\" content=\"Written by\" \/>\n\t<meta name=\"twitter:data1\" content=\"Hukuki Haber.net\" \/>\n\t<meta name=\"twitter:label2\" content=\"Estimated reading time\" \/>\n\t<meta name=\"twitter:data2\" content=\"10 minutes\" \/>\n<script type=\"application\/ld+json\" class=\"yoast-schema-graph\">{\"@context\":\"https:\/\/schema.org\",\"@graph\":[{\"@type\":\"Article\",\"@id\":\"http:\/\/denizcankizil.tr\/uk\/hukukihaber\/barut-her-seyin-bir-bedeli-var\/#article\",\"isPartOf\":{\"@id\":\"http:\/\/denizcankizil.tr\/uk\/hukukihaber\/barut-her-seyin-bir-bedeli-var\/\"},\"author\":{\"name\":\"Hukuki Haber.net\",\"@id\":\"https:\/\/denizcankizil.tr\/de\/#\/schema\/person\/001a271de994a0aa3f90eea084424822\"},\"headline\":\"\u201cBARUT , her \u015feyin bir bedeli var\u201d\",\"datePublished\":\"2025-07-20T15:28:00+00:00\",\"mainEntityOfPage\":{\"@id\":\"http:\/\/denizcankizil.tr\/uk\/hukukihaber\/barut-her-seyin-bir-bedeli-var\/\"},\"wordCount\":2098,\"publisher\":{\"@id\":\"https:\/\/denizcankizil.tr\/de\/#organization\"},\"articleSection\":[\"Hukuki Haberler\"],\"inLanguage\":\"en-GB\"},{\"@type\":\"WebPage\",\"@id\":\"http:\/\/denizcankizil.tr\/uk\/hukukihaber\/barut-her-seyin-bir-bedeli-var\/\",\"url\":\"http:\/\/denizcankizil.tr\/uk\/hukukihaber\/barut-her-seyin-bir-bedeli-var\/\",\"name\":\"\u201cBARUT , her \u015feyin bir bedeli var\u201d - Av. Deniz Can K\u0131z\u0131l\",\"isPartOf\":{\"@id\":\"https:\/\/denizcankizil.tr\/de\/#website\"},\"datePublished\":\"2025-07-20T15:28:00+00:00\",\"breadcrumb\":{\"@id\":\"http:\/\/denizcankizil.tr\/uk\/hukukihaber\/barut-her-seyin-bir-bedeli-var\/#breadcrumb\"},\"inLanguage\":\"en-GB\",\"potentialAction\":[{\"@type\":\"ReadAction\",\"target\":[\"http:\/\/denizcankizil.tr\/uk\/hukukihaber\/barut-her-seyin-bir-bedeli-var\/\"]}]},{\"@type\":\"BreadcrumbList\",\"@id\":\"http:\/\/denizcankizil.tr\/uk\/hukukihaber\/barut-her-seyin-bir-bedeli-var\/#breadcrumb\",\"itemListElement\":[{\"@type\":\"ListItem\",\"position\":1,\"name\":\"Home\",\"item\":\"https:\/\/denizcankizil.tr\/de\/\"},{\"@type\":\"ListItem\",\"position\":2,\"name\":\"\u201cBARUT , her \u015feyin bir bedeli var\u201d\"}]},{\"@type\":\"WebSite\",\"@id\":\"https:\/\/denizcankizil.tr\/de\/#website\",\"url\":\"https:\/\/denizcankizil.tr\/de\/\",\"name\":\"Av. Deniz Can K\u0131z\u0131l\",\"description\":\"Avukat Deniz Can K\u0131z\u0131l Antalya Barosu\",\"publisher\":{\"@id\":\"https:\/\/denizcankizil.tr\/de\/#organization\"},\"potentialAction\":[{\"@type\":\"SearchAction\",\"target\":{\"@type\":\"EntryPoint\",\"urlTemplate\":\"https:\/\/denizcankizil.tr\/de\/?s={search_term_string}\"},\"query-input\":{\"@type\":\"PropertyValueSpecification\",\"valueRequired\":true,\"valueName\":\"search_term_string\"}}],\"inLanguage\":\"en-GB\"},{\"@type\":\"Organization\",\"@id\":\"https:\/\/denizcankizil.tr\/de\/#organization\",\"name\":\"Av. Deniz Can K\u0131z\u0131l\",\"url\":\"https:\/\/denizcankizil.tr\/de\/\",\"logo\":{\"@type\":\"ImageObject\",\"inLanguage\":\"en-GB\",\"@id\":\"https:\/\/denizcankizil.tr\/de\/#\/schema\/logo\/image\/\",\"url\":\"https:\/\/denizcankizil.tr\/wp-content\/uploads\/2024\/10\/siyah-logo-svg.svg\",\"contentUrl\":\"https:\/\/denizcankizil.tr\/wp-content\/uploads\/2024\/10\/siyah-logo-svg.svg\",\"width\":1080,\"height\":1080,\"caption\":\"Av. Deniz Can K\u0131z\u0131l\"},\"image\":{\"@id\":\"https:\/\/denizcankizil.tr\/de\/#\/schema\/logo\/image\/\"}},{\"@type\":\"Person\",\"@id\":\"https:\/\/denizcankizil.tr\/de\/#\/schema\/person\/001a271de994a0aa3f90eea084424822\",\"name\":\"Hukuki Haber.net\",\"image\":{\"@type\":\"ImageObject\",\"inLanguage\":\"en-GB\",\"@id\":\"https:\/\/denizcankizil.tr\/de\/#\/schema\/person\/image\/\",\"url\":\"https:\/\/secure.gravatar.com\/avatar\/57d8a49151495586611a149d29fc42865b951dc053a84709a3172ccb5abf3118?s=96&d=mm&r=g\",\"contentUrl\":\"https:\/\/secure.gravatar.com\/avatar\/57d8a49151495586611a149d29fc42865b951dc053a84709a3172ccb5abf3118?s=96&d=mm&r=g\",\"caption\":\"Hukuki Haber.net\"},\"sameAs\":[\"http:\/\/www.hukukihaber.net\"],\"url\":\"https:\/\/www.hukukihaber.net\/barut-her-seyin-bir-bedeli-var\"}]}<\/script>\n<!-- \/ Yoast SEO Premium plugin. -->","yoast_head_json":{"title":"\u201cBARUT , her \u015feyin bir bedeli var\u201d - Av. Deniz Can K\u0131z\u0131l","robots":{"index":"index","follow":"follow","max-snippet":"max-snippet:-1","max-image-preview":"max-image-preview:large","max-video-preview":"max-video-preview:-1"},"canonical":"http:\/\/denizcankizil.tr\/en\/hukukihaber\/barut-her-seyin-bir-bedeli-var\/","og_locale":"en_GB","og_type":"article","og_title":"\u201cBARUT , her \u015feyin bir bedeli var\u201d","og_description":"Mine G. K\u0131r\u0131kkanat\u2019\u0131n yeni kitab\u0131: \u201cBARUT , her \u015feyin bir bedeli var\u201d 12 punto&#8217;dan Sercan Meri\u00e7&#8217;in kaleme ald\u0131\u011f\u0131 r\u00f6portajda, gazeteci-yazar Mine K\u0131r\u0131kkanat, kitab\u0131n ad\u0131 i\u00e7in a\u00e7\u0131klamada bulunarak: \u201cHayat bir kavga. Hatta bir sava\u015f. Sava\u015fta mutlaka silahlar kullanmak gerekiyor. Benim silah\u0131m da kalem. Bilgi, tecr\u00fcbe, ac\u0131lar, sevin\u00e7ler, ba\u015far\u0131lar ve hayal k\u0131r\u0131kl\u0131klar\u0131yla o silaha nas\u0131l bir mermi haz\u0131rland\u0131\u011f\u0131n\u0131 anlat\u0131yorum bu kitapta. Elbette ad\u0131 da do\u011fal olarak \u201cBarut\u201d oldu. Barutum haz\u0131r. Barutumun nas\u0131l doldu\u011funun kitab\u0131 bu. \u0130kinci ciltte zaten ate\u015f ba\u015flayacak,\u201d diyor. Ben hen\u00fcz kitab\u0131 okumad\u0131m fakat kitap hakk\u0131nda bas\u0131nda \u00e7\u0131kan yaz\u0131lar\u0131 ve r\u00f6portajlar\u0131 okudum. K\u0131r\u0131kkanat ile \u00c7etin Altan aras\u0131nda b\u00fcy\u00fck bir a\u015fk ya\u015fand\u0131\u011f\u0131n\u0131 biliyorum. Hatta yan\u0131lm\u0131yorsam bir bir yaz\u0131da K\u0131r\u0131kanat\u2019\u0131n Pariste \u00c7etin Altan\u2019la birlikte ya\u015fad\u0131\u011f\u0131 d\u00f6nemde kavga edip ayr\u0131lmak istedi\u011fini \u00c7etin Altan\u2019da kendisine \u201cbenim her zaman bir yede\u011fim bulunur\u201d dedi\u011fini okumu\u015ftum. Kitaptan al\u0131nan al\u0131nt\u0131larda \u00c7etin Altan\u2019\u0131n \u00e7ocuklar\u0131n\u0131n annesi Kerime hakk\u0131nda baz\u0131 d\u00fc\u015f\u00fcnd\u00fcr\u00fcc\u00fc bilgiler yer al\u0131yor: \u201c\u00c7etin\u2019in Kerime\u2019yle evliliklerine ili\u015fkin itiraflar\u0131 bundan ibaretti. \u2018Ayr\u0131 d\u00fcnyalardan\u0131z\u2019 derken k\u00f6yl\u00fc ve cahil oldu\u011funu sezdirdi\u011fi Kerime\u2019nin konakta ne i\u015f yapt\u0131\u011f\u0131n\u0131; ona tecav\u00fcz m\u00fc etti\u011fini yoksa g\u00f6n\u00fcll\u00fc m\u00fc birlikte olduklar\u0131n\u0131 tabii ki merak ettim, sormaya cesaret edemedim,\u201d diye anlat\u0131yor K\u0131r\u0131kkanat. Bu bilgilerden sonra daAltan bir gece Kerime\u2019nin konakta \u00e7al\u0131\u015fan bir hizmetli oldu\u011funu, aralar\u0131nda seks ili\u015fkisi ya\u015fand\u0131ktan sonra hamile &hellip;","og_url":"http:\/\/denizcankizil.tr\/en\/hukukihaber\/barut-her-seyin-bir-bedeli-var\/","og_site_name":"Av. Deniz Can K\u0131z\u0131l","article_published_time":"2025-07-20T15:28:00+00:00","author":"Hukuki Haber.net","twitter_card":"summary_large_image","twitter_misc":{"Written by":"Hukuki Haber.net","Estimated reading time":"10 minutes"},"schema":{"@context":"https:\/\/schema.org","@graph":[{"@type":"Article","@id":"http:\/\/denizcankizil.tr\/uk\/hukukihaber\/barut-her-seyin-bir-bedeli-var\/#article","isPartOf":{"@id":"http:\/\/denizcankizil.tr\/uk\/hukukihaber\/barut-her-seyin-bir-bedeli-var\/"},"author":{"name":"Hukuki Haber.net","@id":"https:\/\/denizcankizil.tr\/de\/#\/schema\/person\/001a271de994a0aa3f90eea084424822"},"headline":"\u201cBARUT , her \u015feyin bir bedeli var\u201d","datePublished":"2025-07-20T15:28:00+00:00","mainEntityOfPage":{"@id":"http:\/\/denizcankizil.tr\/uk\/hukukihaber\/barut-her-seyin-bir-bedeli-var\/"},"wordCount":2098,"publisher":{"@id":"https:\/\/denizcankizil.tr\/de\/#organization"},"articleSection":["Hukuki Haberler"],"inLanguage":"en-GB"},{"@type":"WebPage","@id":"http:\/\/denizcankizil.tr\/uk\/hukukihaber\/barut-her-seyin-bir-bedeli-var\/","url":"http:\/\/denizcankizil.tr\/uk\/hukukihaber\/barut-her-seyin-bir-bedeli-var\/","name":"\u201cBARUT , her \u015feyin bir bedeli var\u201d - Av. Deniz Can K\u0131z\u0131l","isPartOf":{"@id":"https:\/\/denizcankizil.tr\/de\/#website"},"datePublished":"2025-07-20T15:28:00+00:00","breadcrumb":{"@id":"http:\/\/denizcankizil.tr\/uk\/hukukihaber\/barut-her-seyin-bir-bedeli-var\/#breadcrumb"},"inLanguage":"en-GB","potentialAction":[{"@type":"ReadAction","target":["http:\/\/denizcankizil.tr\/uk\/hukukihaber\/barut-her-seyin-bir-bedeli-var\/"]}]},{"@type":"BreadcrumbList","@id":"http:\/\/denizcankizil.tr\/uk\/hukukihaber\/barut-her-seyin-bir-bedeli-var\/#breadcrumb","itemListElement":[{"@type":"ListItem","position":1,"name":"Home","item":"https:\/\/denizcankizil.tr\/de\/"},{"@type":"ListItem","position":2,"name":"\u201cBARUT , her \u015feyin bir bedeli var\u201d"}]},{"@type":"WebSite","@id":"https:\/\/denizcankizil.tr\/de\/#website","url":"https:\/\/denizcankizil.tr\/de\/","name":"Av. Deniz Can K\u0131z\u0131l","description":"Avukat Deniz Can K\u0131z\u0131l Antalya Barosu","publisher":{"@id":"https:\/\/denizcankizil.tr\/de\/#organization"},"potentialAction":[{"@type":"SearchAction","target":{"@type":"EntryPoint","urlTemplate":"https:\/\/denizcankizil.tr\/de\/?s={search_term_string}"},"query-input":{"@type":"PropertyValueSpecification","valueRequired":true,"valueName":"search_term_string"}}],"inLanguage":"en-GB"},{"@type":"Organization","@id":"https:\/\/denizcankizil.tr\/de\/#organization","name":"Av. Deniz Can K\u0131z\u0131l","url":"https:\/\/denizcankizil.tr\/de\/","logo":{"@type":"ImageObject","inLanguage":"en-GB","@id":"https:\/\/denizcankizil.tr\/de\/#\/schema\/logo\/image\/","url":"https:\/\/denizcankizil.tr\/wp-content\/uploads\/2024\/10\/siyah-logo-svg.svg","contentUrl":"https:\/\/denizcankizil.tr\/wp-content\/uploads\/2024\/10\/siyah-logo-svg.svg","width":1080,"height":1080,"caption":"Av. Deniz Can K\u0131z\u0131l"},"image":{"@id":"https:\/\/denizcankizil.tr\/de\/#\/schema\/logo\/image\/"}},{"@type":"Person","@id":"https:\/\/denizcankizil.tr\/de\/#\/schema\/person\/001a271de994a0aa3f90eea084424822","name":"Hukuki Haber.net","image":{"@type":"ImageObject","inLanguage":"en-GB","@id":"https:\/\/denizcankizil.tr\/de\/#\/schema\/person\/image\/","url":"https:\/\/secure.gravatar.com\/avatar\/57d8a49151495586611a149d29fc42865b951dc053a84709a3172ccb5abf3118?s=96&d=mm&r=g","contentUrl":"https:\/\/secure.gravatar.com\/avatar\/57d8a49151495586611a149d29fc42865b951dc053a84709a3172ccb5abf3118?s=96&d=mm&r=g","caption":"Hukuki Haber.net"},"sameAs":["http:\/\/www.hukukihaber.net"],"url":"https:\/\/www.hukukihaber.net\/barut-her-seyin-bir-bedeli-var"}]}},"_links":{"self":[{"href":"https:\/\/denizcankizil.tr\/en\/wp-json\/wp\/v2\/posts\/152942","targetHints":{"allow":["GET"]}}],"collection":[{"href":"https:\/\/denizcankizil.tr\/en\/wp-json\/wp\/v2\/posts"}],"about":[{"href":"https:\/\/denizcankizil.tr\/en\/wp-json\/wp\/v2\/types\/post"}],"author":[{"embeddable":true,"href":"https:\/\/denizcankizil.tr\/en\/wp-json\/wp\/v2\/users\/3"}],"replies":[{"embeddable":true,"href":"https:\/\/denizcankizil.tr\/en\/wp-json\/wp\/v2\/comments?post=152942"}],"version-history":[{"count":0,"href":"https:\/\/denizcankizil.tr\/en\/wp-json\/wp\/v2\/posts\/152942\/revisions"}],"wp:attachment":[{"href":"https:\/\/denizcankizil.tr\/en\/wp-json\/wp\/v2\/media?parent=152942"}],"wp:term":[{"taxonomy":"category","embeddable":true,"href":"https:\/\/denizcankizil.tr\/en\/wp-json\/wp\/v2\/categories?post=152942"},{"taxonomy":"post_tag","embeddable":true,"href":"https:\/\/denizcankizil.tr\/en\/wp-json\/wp\/v2\/tags?post=152942"}],"curies":[{"name":"wp","href":"https:\/\/api.w.org\/{rel}","templated":true}]}}