{"id":152754,"date":"2025-07-21T13:42:06","date_gmt":"2025-07-21T10:42:06","guid":{"rendered":"https:\/\/denizcankizil.tr\/uncategorized-tr\/antalyada-20-metrelik-falezden-dusen-kisi-yarali-kurtarildi\/"},"modified":"2025-07-21T13:42:06","modified_gmt":"2025-07-21T10:42:06","slug":"antalyada-20-metrelik-falezden-dusen-kisi-yarali-kurtarildi","status":"publish","type":"post","link":"https:\/\/denizcankizil.tr\/en\/haberler\/antalya\/antalyada-20-metrelik-falezden-dusen-kisi-yarali-kurtarildi\/","title":{"rendered":"Antalya\u2019da 20 Metrelik Falezden D\u00fc\u015fen Ki\u015fi Yaral\u0131 Kurtar\u0131ld\u0131"},"content":{"rendered":"<p>ANTALYA&#8217;da Mustafa \u015e. (40), 20 metrelik falezlerden d\u00fc\u015ft\u00fc. Yaral\u0131 olarak kurtar\u0131lan Mustafa \u015e. ekiplerden su istedi, ard\u0131ndan hastaneye kald\u0131r\u0131ld\u0131.<\/p>\n<p>Olay, saat 10.00 s\u0131ralar\u0131nda Muratpa\u015fa il\u00e7esi Meltem Mahallesi Konyaalt\u0131 Sahili Beachpark i\u00e7erisindeki falezlerde meydana geldi. Falezlerin alt\u0131ndan yard\u0131m \u00e7\u0131\u011fl\u0131\u011f\u0131 duyanlar\u0131n ihbar\u0131yla b\u00f6lgeye itfaiye, polis, sa\u011fl\u0131k ve AFAD ekibi sevk edildi. K\u0131sa s\u00fcrede gelen itfaiye ekibi, merdivenle 20 metrelik falezlerden d\u00fc\u015fen ki\u015fiye ula\u015ft\u0131. Ekipler, yaral\u0131 ki\u015fiyi su deposunun \u00fcst k\u0131sm\u0131na yap\u0131lan kap\u0131y\u0131 demir kesme makas\u0131yla a\u00e7t\u0131ktan sonra bulundu\u011fu yerden \u00e7\u0131kartt\u0131. \u0130sminin Mustafa \u015e. oldu\u011funu ifade eden ki\u015fi, ekiplerden su istedi. \u0130tfaiye ve sa\u011fl\u0131k ekibinin tedavi iste\u011fini kabul etmeyen Mustafa \u015e., g\u00fc\u00e7l\u00fckle ikna edilerek ambulansa al\u0131nd\u0131. Mustafa \u015e.&#8217;nin v\u00fccudunda k\u0131r\u0131k izine rastlanmazken d\u00fc\u015fmeye ba\u011fl\u0131 \u00e7ok say\u0131da \u00e7izik oldu\u011fu g\u00f6r\u00fcld\u00fc. Ekiplerin ilk m\u00fcdahalesinin ard\u0131ndan Mustafa \u015e., Antalya E\u011fitim ve Ara\u015ft\u0131rma Hastanesi\u2019ne kald\u0131r\u0131ld\u0131.<\/p>\n<p>Kaynak: www.kanalv.com.tr Haber Sitesinden Al\u0131nm\u0131\u015ft\u0131r.<\/p>","protected":false},"excerpt":{"rendered":"<p>ANTALYA&#8217;da Mustafa \u015e. (40), 20 metrelik falezlerden d\u00fc\u015ft\u00fc. Yaral\u0131 olarak kurtar\u0131lan Mustafa \u015e. ekiplerden su istedi, ard\u0131ndan hastaneye kald\u0131r\u0131ld\u0131. Olay, saat 10.00 s\u0131ralar\u0131nda Muratpa\u015fa il\u00e7esi Meltem Mahallesi Konyaalt\u0131 Sahili Beachpark i\u00e7erisindeki falezlerde meydana geldi. Falezlerin alt\u0131ndan yard\u0131m \u00e7\u0131\u011fl\u0131\u011f\u0131 duyanlar\u0131n ihbar\u0131yla b\u00f6lgeye itfaiye, polis, sa\u011fl\u0131k ve AFAD ekibi sevk edildi. K\u0131sa s\u00fcrede gelen itfaiye ekibi, merdivenle 20 metrelik falezlerden d\u00fc\u015fen ki\u015fiye ula\u015ft\u0131. Ekipler, yaral\u0131 ki\u015fiyi su deposunun \u00fcst k\u0131sm\u0131na yap\u0131lan kap\u0131y\u0131 demir kesme makas\u0131yla a\u00e7t\u0131ktan sonra bulundu\u011fu yerden \u00e7\u0131kartt\u0131. \u0130sminin Mustafa \u015e. oldu\u011funu ifade eden ki\u015fi, ekiplerden su istedi. \u0130tfaiye ve sa\u011fl\u0131k ekibinin tedavi iste\u011fini kabul etmeyen Mustafa \u015e., g\u00fc\u00e7l\u00fckle ikna edilerek ambulansa al\u0131nd\u0131. Mustafa \u015e.&#8217;nin v\u00fccudunda k\u0131r\u0131k izine rastlanmazken d\u00fc\u015fmeye ba\u011fl\u0131 \u00e7ok say\u0131da \u00e7izik oldu\u011fu g\u00f6r\u00fcld\u00fc. Ekiplerin ilk m\u00fcdahalesinin ard\u0131ndan Mustafa \u015e., Antalya E\u011fitim ve Ara\u015ft\u0131rma Hastanesi\u2019ne kald\u0131r\u0131ld\u0131. Kaynak: www.kanalv.com.tr Haber Sitesinden Al\u0131nm\u0131\u015ft\u0131r.<\/p>","protected":false},"author":4,"featured_media":152755,"comment_status":"","ping_status":"open","sticky":false,"template":"","format":"standard","meta":{"_acf_changed":false,"footnotes":""},"categories":[26],"tags":[],"class_list":["post-152754","post","type-post","status-publish","format-standard","has-post-thumbnail","hentry","category-antalya"],"acf":[],"yoast_head":"<!-- This site is optimized with the Yoast SEO Premium plugin v26.6 (Yoast SEO v27.1.1) - https:\/\/yoast.com\/product\/yoast-seo-premium-wordpress\/ -->\n<title>Antalya\u2019da 20 Metrelik Falezden D\u00fc\u015fen Ki\u015fi Yaral\u0131 Kurtar\u0131ld\u0131 - Av. Deniz Can K\u0131z\u0131l<\/title>\n<meta name=\"robots\" content=\"index, follow, max-snippet:-1, max-image-preview:large, max-video-preview:-1\" \/>\n<link rel=\"canonical\" href=\"https:\/\/denizcankizil.tr\/en\/haberler\/antalya\/antalyada-20-metrelik-falezden-dusen-kisi-yarali-kurtarildi\/\" \/>\n<meta property=\"og:locale\" content=\"en_GB\" \/>\n<meta property=\"og:type\" content=\"article\" \/>\n<meta property=\"og:title\" content=\"Antalya\u2019da 20 Metrelik Falezden D\u00fc\u015fen Ki\u015fi Yaral\u0131 Kurtar\u0131ld\u0131\" \/>\n<meta property=\"og:description\" content=\"ANTALYA&#8217;da Mustafa \u015e. (40), 20 metrelik falezlerden d\u00fc\u015ft\u00fc. Yaral\u0131 olarak kurtar\u0131lan Mustafa \u015e. ekiplerden su istedi, ard\u0131ndan hastaneye kald\u0131r\u0131ld\u0131. Olay, saat 10.00 s\u0131ralar\u0131nda Muratpa\u015fa il\u00e7esi Meltem Mahallesi Konyaalt\u0131 Sahili Beachpark i\u00e7erisindeki falezlerde meydana geldi. Falezlerin alt\u0131ndan yard\u0131m \u00e7\u0131\u011fl\u0131\u011f\u0131 duyanlar\u0131n ihbar\u0131yla b\u00f6lgeye itfaiye, polis, sa\u011fl\u0131k ve AFAD ekibi sevk edildi. K\u0131sa s\u00fcrede gelen itfaiye ekibi, merdivenle 20 metrelik falezlerden d\u00fc\u015fen ki\u015fiye ula\u015ft\u0131. Ekipler, yaral\u0131 ki\u015fiyi su deposunun \u00fcst k\u0131sm\u0131na yap\u0131lan kap\u0131y\u0131 demir kesme makas\u0131yla a\u00e7t\u0131ktan sonra bulundu\u011fu yerden \u00e7\u0131kartt\u0131. \u0130sminin Mustafa \u015e. oldu\u011funu ifade eden ki\u015fi, ekiplerden su istedi. \u0130tfaiye ve sa\u011fl\u0131k ekibinin tedavi iste\u011fini kabul etmeyen Mustafa \u015e., g\u00fc\u00e7l\u00fckle ikna edilerek ambulansa al\u0131nd\u0131. Mustafa \u015e.&#8217;nin v\u00fccudunda k\u0131r\u0131k izine rastlanmazken d\u00fc\u015fmeye ba\u011fl\u0131 \u00e7ok say\u0131da \u00e7izik oldu\u011fu g\u00f6r\u00fcld\u00fc. Ekiplerin ilk m\u00fcdahalesinin ard\u0131ndan Mustafa \u015e., Antalya E\u011fitim ve Ara\u015ft\u0131rma Hastanesi\u2019ne kald\u0131r\u0131ld\u0131. Kaynak: www.kanalv.com.tr Haber Sitesinden Al\u0131nm\u0131\u015ft\u0131r.\" \/>\n<meta property=\"og:url\" content=\"https:\/\/denizcankizil.tr\/en\/haberler\/antalya\/antalyada-20-metrelik-falezden-dusen-kisi-yarali-kurtarildi\/\" \/>\n<meta property=\"og:site_name\" content=\"Av. Deniz Can K\u0131z\u0131l\" \/>\n<meta property=\"article:published_time\" content=\"2025-07-21T10:42:06+00:00\" \/>\n<meta property=\"og:image\" content=\"https:\/\/denizcankizil.tr\/wp-content\/uploads\/2025\/07\/20-m-e-t-r-e-l-i-k-f-a-l-e-z-l-e-r-d-e-n-d-u-s-t-u-k-e-n-d-i-s-i-n-i-825567-244614-Pdavf6.jpg\" \/>\n\t<meta property=\"og:image:width\" content=\"1280\" \/>\n\t<meta property=\"og:image:height\" content=\"720\" \/>\n\t<meta property=\"og:image:type\" content=\"image\/jpeg\" \/>\n<meta name=\"author\" content=\"Av. Deniz Can K\u0131z\u0131l\" \/>\n<meta name=\"twitter:card\" content=\"summary_large_image\" \/>\n<meta name=\"twitter:label1\" content=\"Written by\" \/>\n\t<meta name=\"twitter:data1\" content=\"Av. Deniz Can K\u0131z\u0131l\" \/>\n\t<meta name=\"twitter:label2\" content=\"Estimated reading time\" \/>\n\t<meta name=\"twitter:data2\" content=\"1 minute\" \/>\n<script type=\"application\/ld+json\" class=\"yoast-schema-graph\">{\"@context\":\"https:\/\/schema.org\",\"@graph\":[{\"@type\":\"Article\",\"@id\":\"https:\/\/denizcankizil.tr\/en\/haberler\/antalya\/antalyada-20-metrelik-falezden-dusen-kisi-yarali-kurtarildi\/#article\",\"isPartOf\":{\"@id\":\"https:\/\/denizcankizil.tr\/en\/haberler\/antalya\/antalyada-20-metrelik-falezden-dusen-kisi-yarali-kurtarildi\/\"},\"author\":{\"name\":\"Av. Deniz Can K\u0131z\u0131l\",\"@id\":\"https:\/\/denizcankizil.tr\/de\/#\/schema\/person\/5dc1b22991bd7ac833867c10afc9b0ff\"},\"headline\":\"Antalya\u2019da 20 Metrelik Falezden D\u00fc\u015fen Ki\u015fi Yaral\u0131 Kurtar\u0131ld\u0131\",\"datePublished\":\"2025-07-21T10:42:06+00:00\",\"mainEntityOfPage\":{\"@id\":\"https:\/\/denizcankizil.tr\/en\/haberler\/antalya\/antalyada-20-metrelik-falezden-dusen-kisi-yarali-kurtarildi\/\"},\"wordCount\":198,\"publisher\":{\"@id\":\"https:\/\/denizcankizil.tr\/de\/#organization\"},\"image\":{\"@id\":\"https:\/\/denizcankizil.tr\/en\/haberler\/antalya\/antalyada-20-metrelik-falezden-dusen-kisi-yarali-kurtarildi\/#primaryimage\"},\"thumbnailUrl\":\"https:\/\/denizcankizil.tr\/wp-content\/uploads\/2025\/07\/20-m-e-t-r-e-l-i-k-f-a-l-e-z-l-e-r-d-e-n-d-u-s-t-u-k-e-n-d-i-s-i-n-i-825567-244614-Pdavf6.jpg\",\"articleSection\":[\"Antalya\"],\"inLanguage\":\"en-GB\"},{\"@type\":\"WebPage\",\"@id\":\"https:\/\/denizcankizil.tr\/en\/haberler\/antalya\/antalyada-20-metrelik-falezden-dusen-kisi-yarali-kurtarildi\/\",\"url\":\"https:\/\/denizcankizil.tr\/en\/haberler\/antalya\/antalyada-20-metrelik-falezden-dusen-kisi-yarali-kurtarildi\/\",\"name\":\"Antalya\u2019da 20 Metrelik Falezden D\u00fc\u015fen Ki\u015fi Yaral\u0131 Kurtar\u0131ld\u0131 - Av. Deniz Can K\u0131z\u0131l\",\"isPartOf\":{\"@id\":\"https:\/\/denizcankizil.tr\/de\/#website\"},\"primaryImageOfPage\":{\"@id\":\"https:\/\/denizcankizil.tr\/en\/haberler\/antalya\/antalyada-20-metrelik-falezden-dusen-kisi-yarali-kurtarildi\/#primaryimage\"},\"image\":{\"@id\":\"https:\/\/denizcankizil.tr\/en\/haberler\/antalya\/antalyada-20-metrelik-falezden-dusen-kisi-yarali-kurtarildi\/#primaryimage\"},\"thumbnailUrl\":\"https:\/\/denizcankizil.tr\/wp-content\/uploads\/2025\/07\/20-m-e-t-r-e-l-i-k-f-a-l-e-z-l-e-r-d-e-n-d-u-s-t-u-k-e-n-d-i-s-i-n-i-825567-244614-Pdavf6.jpg\",\"datePublished\":\"2025-07-21T10:42:06+00:00\",\"breadcrumb\":{\"@id\":\"https:\/\/denizcankizil.tr\/en\/haberler\/antalya\/antalyada-20-metrelik-falezden-dusen-kisi-yarali-kurtarildi\/#breadcrumb\"},\"inLanguage\":\"en-GB\",\"potentialAction\":[{\"@type\":\"ReadAction\",\"target\":[\"https:\/\/denizcankizil.tr\/en\/haberler\/antalya\/antalyada-20-metrelik-falezden-dusen-kisi-yarali-kurtarildi\/\"]}]},{\"@type\":\"ImageObject\",\"inLanguage\":\"en-GB\",\"@id\":\"https:\/\/denizcankizil.tr\/en\/haberler\/antalya\/antalyada-20-metrelik-falezden-dusen-kisi-yarali-kurtarildi\/#primaryimage\",\"url\":\"https:\/\/denizcankizil.tr\/wp-content\/uploads\/2025\/07\/20-m-e-t-r-e-l-i-k-f-a-l-e-z-l-e-r-d-e-n-d-u-s-t-u-k-e-n-d-i-s-i-n-i-825567-244614-Pdavf6.jpg\",\"contentUrl\":\"https:\/\/denizcankizil.tr\/wp-content\/uploads\/2025\/07\/20-m-e-t-r-e-l-i-k-f-a-l-e-z-l-e-r-d-e-n-d-u-s-t-u-k-e-n-d-i-s-i-n-i-825567-244614-Pdavf6.jpg\",\"width\":1280,\"height\":720},{\"@type\":\"BreadcrumbList\",\"@id\":\"https:\/\/denizcankizil.tr\/en\/haberler\/antalya\/antalyada-20-metrelik-falezden-dusen-kisi-yarali-kurtarildi\/#breadcrumb\",\"itemListElement\":[{\"@type\":\"ListItem\",\"position\":1,\"name\":\"Home\",\"item\":\"https:\/\/denizcankizil.tr\/de\/\"},{\"@type\":\"ListItem\",\"position\":2,\"name\":\"Antalya\u2019da 20 Metrelik Falezden D\u00fc\u015fen Ki\u015fi Yaral\u0131 Kurtar\u0131ld\u0131\"}]},{\"@type\":\"WebSite\",\"@id\":\"https:\/\/denizcankizil.tr\/de\/#website\",\"url\":\"https:\/\/denizcankizil.tr\/de\/\",\"name\":\"Av. Deniz Can K\u0131z\u0131l\",\"description\":\"Avukat Deniz Can K\u0131z\u0131l Antalya Barosu\",\"publisher\":{\"@id\":\"https:\/\/denizcankizil.tr\/de\/#organization\"},\"potentialAction\":[{\"@type\":\"SearchAction\",\"target\":{\"@type\":\"EntryPoint\",\"urlTemplate\":\"https:\/\/denizcankizil.tr\/de\/?s={search_term_string}\"},\"query-input\":{\"@type\":\"PropertyValueSpecification\",\"valueRequired\":true,\"valueName\":\"search_term_string\"}}],\"inLanguage\":\"en-GB\"},{\"@type\":\"Organization\",\"@id\":\"https:\/\/denizcankizil.tr\/de\/#organization\",\"name\":\"Av. Deniz Can K\u0131z\u0131l\",\"url\":\"https:\/\/denizcankizil.tr\/de\/\",\"logo\":{\"@type\":\"ImageObject\",\"inLanguage\":\"en-GB\",\"@id\":\"https:\/\/denizcankizil.tr\/de\/#\/schema\/logo\/image\/\",\"url\":\"https:\/\/denizcankizil.tr\/wp-content\/uploads\/2024\/10\/siyah-logo-svg.svg\",\"contentUrl\":\"https:\/\/denizcankizil.tr\/wp-content\/uploads\/2024\/10\/siyah-logo-svg.svg\",\"width\":1080,\"height\":1080,\"caption\":\"Av. Deniz Can K\u0131z\u0131l\"},\"image\":{\"@id\":\"https:\/\/denizcankizil.tr\/de\/#\/schema\/logo\/image\/\"}},{\"@type\":\"Person\",\"@id\":\"https:\/\/denizcankizil.tr\/de\/#\/schema\/person\/5dc1b22991bd7ac833867c10afc9b0ff\",\"name\":\"Av. Deniz Can K\u0131z\u0131l\",\"image\":{\"@type\":\"ImageObject\",\"inLanguage\":\"en-GB\",\"@id\":\"https:\/\/denizcankizil.tr\/de\/#\/schema\/person\/image\/\",\"url\":\"https:\/\/secure.gravatar.com\/avatar\/a0b128fb9855c79efc976d5640eedb31dc35ec297594d6016d2cf7c60e975bb6?s=96&d=mm&r=g\",\"contentUrl\":\"https:\/\/secure.gravatar.com\/avatar\/a0b128fb9855c79efc976d5640eedb31dc35ec297594d6016d2cf7c60e975bb6?s=96&d=mm&r=g\",\"caption\":\"Av. Deniz Can K\u0131z\u0131l\"},\"sameAs\":[\"http:\/\/www.denizcankizil.tr\"],\"url\":\"https:\/\/denizcankizil.tr\/en\/author\/denizcankizil\/\"}]}<\/script>\n<!-- \/ Yoast SEO Premium plugin. -->","yoast_head_json":{"title":"Antalya\u2019da 20 Metrelik Falezden D\u00fc\u015fen Ki\u015fi Yaral\u0131 Kurtar\u0131ld\u0131 - Av. Deniz Can K\u0131z\u0131l","robots":{"index":"index","follow":"follow","max-snippet":"max-snippet:-1","max-image-preview":"max-image-preview:large","max-video-preview":"max-video-preview:-1"},"canonical":"https:\/\/denizcankizil.tr\/en\/haberler\/antalya\/antalyada-20-metrelik-falezden-dusen-kisi-yarali-kurtarildi\/","og_locale":"en_GB","og_type":"article","og_title":"Antalya\u2019da 20 Metrelik Falezden D\u00fc\u015fen Ki\u015fi Yaral\u0131 Kurtar\u0131ld\u0131","og_description":"ANTALYA&#8217;da Mustafa \u015e. (40), 20 metrelik falezlerden d\u00fc\u015ft\u00fc. Yaral\u0131 olarak kurtar\u0131lan Mustafa \u015e. ekiplerden su istedi, ard\u0131ndan hastaneye kald\u0131r\u0131ld\u0131. Olay, saat 10.00 s\u0131ralar\u0131nda Muratpa\u015fa il\u00e7esi Meltem Mahallesi Konyaalt\u0131 Sahili Beachpark i\u00e7erisindeki falezlerde meydana geldi. Falezlerin alt\u0131ndan yard\u0131m \u00e7\u0131\u011fl\u0131\u011f\u0131 duyanlar\u0131n ihbar\u0131yla b\u00f6lgeye itfaiye, polis, sa\u011fl\u0131k ve AFAD ekibi sevk edildi. K\u0131sa s\u00fcrede gelen itfaiye ekibi, merdivenle 20 metrelik falezlerden d\u00fc\u015fen ki\u015fiye ula\u015ft\u0131. Ekipler, yaral\u0131 ki\u015fiyi su deposunun \u00fcst k\u0131sm\u0131na yap\u0131lan kap\u0131y\u0131 demir kesme makas\u0131yla a\u00e7t\u0131ktan sonra bulundu\u011fu yerden \u00e7\u0131kartt\u0131. \u0130sminin Mustafa \u015e. oldu\u011funu ifade eden ki\u015fi, ekiplerden su istedi. \u0130tfaiye ve sa\u011fl\u0131k ekibinin tedavi iste\u011fini kabul etmeyen Mustafa \u015e., g\u00fc\u00e7l\u00fckle ikna edilerek ambulansa al\u0131nd\u0131. Mustafa \u015e.&#8217;nin v\u00fccudunda k\u0131r\u0131k izine rastlanmazken d\u00fc\u015fmeye ba\u011fl\u0131 \u00e7ok say\u0131da \u00e7izik oldu\u011fu g\u00f6r\u00fcld\u00fc. Ekiplerin ilk m\u00fcdahalesinin ard\u0131ndan Mustafa \u015e., Antalya E\u011fitim ve Ara\u015ft\u0131rma Hastanesi\u2019ne kald\u0131r\u0131ld\u0131. Kaynak: www.kanalv.com.tr Haber Sitesinden Al\u0131nm\u0131\u015ft\u0131r.","og_url":"https:\/\/denizcankizil.tr\/en\/haberler\/antalya\/antalyada-20-metrelik-falezden-dusen-kisi-yarali-kurtarildi\/","og_site_name":"Av. Deniz Can K\u0131z\u0131l","article_published_time":"2025-07-21T10:42:06+00:00","og_image":[{"width":1280,"height":720,"url":"https:\/\/denizcankizil.tr\/wp-content\/uploads\/2025\/07\/20-m-e-t-r-e-l-i-k-f-a-l-e-z-l-e-r-d-e-n-d-u-s-t-u-k-e-n-d-i-s-i-n-i-825567-244614-Pdavf6.jpg","type":"image\/jpeg"}],"author":"Av. Deniz Can K\u0131z\u0131l","twitter_card":"summary_large_image","twitter_misc":{"Written by":"Av. Deniz Can K\u0131z\u0131l","Estimated reading time":"1 minute"},"schema":{"@context":"https:\/\/schema.org","@graph":[{"@type":"Article","@id":"https:\/\/denizcankizil.tr\/en\/haberler\/antalya\/antalyada-20-metrelik-falezden-dusen-kisi-yarali-kurtarildi\/#article","isPartOf":{"@id":"https:\/\/denizcankizil.tr\/en\/haberler\/antalya\/antalyada-20-metrelik-falezden-dusen-kisi-yarali-kurtarildi\/"},"author":{"name":"Av. Deniz Can K\u0131z\u0131l","@id":"https:\/\/denizcankizil.tr\/de\/#\/schema\/person\/5dc1b22991bd7ac833867c10afc9b0ff"},"headline":"Antalya\u2019da 20 Metrelik Falezden D\u00fc\u015fen Ki\u015fi Yaral\u0131 Kurtar\u0131ld\u0131","datePublished":"2025-07-21T10:42:06+00:00","mainEntityOfPage":{"@id":"https:\/\/denizcankizil.tr\/en\/haberler\/antalya\/antalyada-20-metrelik-falezden-dusen-kisi-yarali-kurtarildi\/"},"wordCount":198,"publisher":{"@id":"https:\/\/denizcankizil.tr\/de\/#organization"},"image":{"@id":"https:\/\/denizcankizil.tr\/en\/haberler\/antalya\/antalyada-20-metrelik-falezden-dusen-kisi-yarali-kurtarildi\/#primaryimage"},"thumbnailUrl":"https:\/\/denizcankizil.tr\/wp-content\/uploads\/2025\/07\/20-m-e-t-r-e-l-i-k-f-a-l-e-z-l-e-r-d-e-n-d-u-s-t-u-k-e-n-d-i-s-i-n-i-825567-244614-Pdavf6.jpg","articleSection":["Antalya"],"inLanguage":"en-GB"},{"@type":"WebPage","@id":"https:\/\/denizcankizil.tr\/en\/haberler\/antalya\/antalyada-20-metrelik-falezden-dusen-kisi-yarali-kurtarildi\/","url":"https:\/\/denizcankizil.tr\/en\/haberler\/antalya\/antalyada-20-metrelik-falezden-dusen-kisi-yarali-kurtarildi\/","name":"Antalya\u2019da 20 Metrelik Falezden D\u00fc\u015fen Ki\u015fi Yaral\u0131 Kurtar\u0131ld\u0131 - Av. Deniz Can K\u0131z\u0131l","isPartOf":{"@id":"https:\/\/denizcankizil.tr\/de\/#website"},"primaryImageOfPage":{"@id":"https:\/\/denizcankizil.tr\/en\/haberler\/antalya\/antalyada-20-metrelik-falezden-dusen-kisi-yarali-kurtarildi\/#primaryimage"},"image":{"@id":"https:\/\/denizcankizil.tr\/en\/haberler\/antalya\/antalyada-20-metrelik-falezden-dusen-kisi-yarali-kurtarildi\/#primaryimage"},"thumbnailUrl":"https:\/\/denizcankizil.tr\/wp-content\/uploads\/2025\/07\/20-m-e-t-r-e-l-i-k-f-a-l-e-z-l-e-r-d-e-n-d-u-s-t-u-k-e-n-d-i-s-i-n-i-825567-244614-Pdavf6.jpg","datePublished":"2025-07-21T10:42:06+00:00","breadcrumb":{"@id":"https:\/\/denizcankizil.tr\/en\/haberler\/antalya\/antalyada-20-metrelik-falezden-dusen-kisi-yarali-kurtarildi\/#breadcrumb"},"inLanguage":"en-GB","potentialAction":[{"@type":"ReadAction","target":["https:\/\/denizcankizil.tr\/en\/haberler\/antalya\/antalyada-20-metrelik-falezden-dusen-kisi-yarali-kurtarildi\/"]}]},{"@type":"ImageObject","inLanguage":"en-GB","@id":"https:\/\/denizcankizil.tr\/en\/haberler\/antalya\/antalyada-20-metrelik-falezden-dusen-kisi-yarali-kurtarildi\/#primaryimage","url":"https:\/\/denizcankizil.tr\/wp-content\/uploads\/2025\/07\/20-m-e-t-r-e-l-i-k-f-a-l-e-z-l-e-r-d-e-n-d-u-s-t-u-k-e-n-d-i-s-i-n-i-825567-244614-Pdavf6.jpg","contentUrl":"https:\/\/denizcankizil.tr\/wp-content\/uploads\/2025\/07\/20-m-e-t-r-e-l-i-k-f-a-l-e-z-l-e-r-d-e-n-d-u-s-t-u-k-e-n-d-i-s-i-n-i-825567-244614-Pdavf6.jpg","width":1280,"height":720},{"@type":"BreadcrumbList","@id":"https:\/\/denizcankizil.tr\/en\/haberler\/antalya\/antalyada-20-metrelik-falezden-dusen-kisi-yarali-kurtarildi\/#breadcrumb","itemListElement":[{"@type":"ListItem","position":1,"name":"Home","item":"https:\/\/denizcankizil.tr\/de\/"},{"@type":"ListItem","position":2,"name":"Antalya\u2019da 20 Metrelik Falezden D\u00fc\u015fen Ki\u015fi Yaral\u0131 Kurtar\u0131ld\u0131"}]},{"@type":"WebSite","@id":"https:\/\/denizcankizil.tr\/de\/#website","url":"https:\/\/denizcankizil.tr\/de\/","name":"Av. Deniz Can K\u0131z\u0131l","description":"Avukat Deniz Can K\u0131z\u0131l Antalya Barosu","publisher":{"@id":"https:\/\/denizcankizil.tr\/de\/#organization"},"potentialAction":[{"@type":"SearchAction","target":{"@type":"EntryPoint","urlTemplate":"https:\/\/denizcankizil.tr\/de\/?s={search_term_string}"},"query-input":{"@type":"PropertyValueSpecification","valueRequired":true,"valueName":"search_term_string"}}],"inLanguage":"en-GB"},{"@type":"Organization","@id":"https:\/\/denizcankizil.tr\/de\/#organization","name":"Av. Deniz Can K\u0131z\u0131l","url":"https:\/\/denizcankizil.tr\/de\/","logo":{"@type":"ImageObject","inLanguage":"en-GB","@id":"https:\/\/denizcankizil.tr\/de\/#\/schema\/logo\/image\/","url":"https:\/\/denizcankizil.tr\/wp-content\/uploads\/2024\/10\/siyah-logo-svg.svg","contentUrl":"https:\/\/denizcankizil.tr\/wp-content\/uploads\/2024\/10\/siyah-logo-svg.svg","width":1080,"height":1080,"caption":"Av. Deniz Can K\u0131z\u0131l"},"image":{"@id":"https:\/\/denizcankizil.tr\/de\/#\/schema\/logo\/image\/"}},{"@type":"Person","@id":"https:\/\/denizcankizil.tr\/de\/#\/schema\/person\/5dc1b22991bd7ac833867c10afc9b0ff","name":"Av. Deniz Can K\u0131z\u0131l","image":{"@type":"ImageObject","inLanguage":"en-GB","@id":"https:\/\/denizcankizil.tr\/de\/#\/schema\/person\/image\/","url":"https:\/\/secure.gravatar.com\/avatar\/a0b128fb9855c79efc976d5640eedb31dc35ec297594d6016d2cf7c60e975bb6?s=96&d=mm&r=g","contentUrl":"https:\/\/secure.gravatar.com\/avatar\/a0b128fb9855c79efc976d5640eedb31dc35ec297594d6016d2cf7c60e975bb6?s=96&d=mm&r=g","caption":"Av. Deniz Can K\u0131z\u0131l"},"sameAs":["http:\/\/www.denizcankizil.tr"],"url":"https:\/\/denizcankizil.tr\/en\/author\/denizcankizil\/"}]}},"_links":{"self":[{"href":"https:\/\/denizcankizil.tr\/en\/wp-json\/wp\/v2\/posts\/152754","targetHints":{"allow":["GET"]}}],"collection":[{"href":"https:\/\/denizcankizil.tr\/en\/wp-json\/wp\/v2\/posts"}],"about":[{"href":"https:\/\/denizcankizil.tr\/en\/wp-json\/wp\/v2\/types\/post"}],"author":[{"embeddable":true,"href":"https:\/\/denizcankizil.tr\/en\/wp-json\/wp\/v2\/users\/4"}],"replies":[{"embeddable":true,"href":"https:\/\/denizcankizil.tr\/en\/wp-json\/wp\/v2\/comments?post=152754"}],"version-history":[{"count":0,"href":"https:\/\/denizcankizil.tr\/en\/wp-json\/wp\/v2\/posts\/152754\/revisions"}],"wp:featuredmedia":[{"embeddable":true,"href":"https:\/\/denizcankizil.tr\/en\/wp-json\/wp\/v2\/media\/152755"}],"wp:attachment":[{"href":"https:\/\/denizcankizil.tr\/en\/wp-json\/wp\/v2\/media?parent=152754"}],"wp:term":[{"taxonomy":"category","embeddable":true,"href":"https:\/\/denizcankizil.tr\/en\/wp-json\/wp\/v2\/categories?post=152754"},{"taxonomy":"post_tag","embeddable":true,"href":"https:\/\/denizcankizil.tr\/en\/wp-json\/wp\/v2\/tags?post=152754"}],"curies":[{"name":"wp","href":"https:\/\/api.w.org\/{rel}","templated":true}]}}