{"id":152752,"date":"2025-07-21T13:41:55","date_gmt":"2025-07-21T10:41:55","guid":{"rendered":"https:\/\/denizcankizil.tr\/uncategorized-tr\/kibris-baris-harekati-sehitleri-ve-gazileri-torenle-anildi\/"},"modified":"2025-07-21T13:41:55","modified_gmt":"2025-07-21T10:41:55","slug":"kibris-baris-harekati-sehitleri-ve-gazileri-torenle-anildi","status":"publish","type":"post","link":"https:\/\/denizcankizil.tr\/en\/haberler\/antalya\/kibris-baris-harekati-sehitleri-ve-gazileri-torenle-anildi\/","title":{"rendered":"K\u0131br\u0131s Bar\u0131\u015f Harekat\u0131 \u015eehitleri ve Gazileri T\u00f6renle An\u0131ld\u0131"},"content":{"rendered":"<p>KEPEZ Belediyesi, K\u0131br\u0131s Bar\u0131\u015f Harekat\u0131\u2019n\u0131n 51&#8217;inci y\u0131l d\u00f6n\u00fcm\u00fcn\u00fc anlaml\u0131 bir t\u00f6renle and\u0131. K\u0131br\u0131s An\u0131 Evi&#8217;nde d\u00fczenlenen etkinlikte, Kepez Belediyesi ile T\u00fcrkiye Harp Malul\u00fc Gaziler, \u015eehit Dul ve Yetimleri Derne\u011fi Antalya \u015eubesi aras\u0131nda i\u015f birli\u011fi protokol\u00fc imzaland\u0131.<\/p>\n<p>1974 K\u0131br\u0131s Bar\u0131\u015f Harekat\u0131\u2019n\u0131n 51&#8217;inci y\u0131l\u0131 dolay\u0131s\u0131yla Kepez Belediyesi taraf\u0131ndan d\u00fczenlenen anma program\u0131, 1974 K\u0131br\u0131s T\u00fcrk Evi yerle\u015fkesinde ger\u00e7ekle\u015ftirildi. 20 Temmuz 1974\u2019deki K\u0131br\u0131s Bar\u0131\u015f Harekat\u0131\u2019n\u0131n K\u0131br\u0131s T\u00fcrk halk\u0131n\u0131n \u00f6zg\u00fcrl\u00fc\u011fe kavu\u015ftu\u011fu bir d\u00f6n\u00fcm noktas\u0131 oldu\u011funa dikkat \u00e7eken Kepez Belediye Ba\u015fkan\u0131 Mesut Kocag\u00f6z, &#8220;Yaln\u0131zca bir askeri harekat de\u011fil, ayn\u0131 zamanda bir milletin direni\u015fidir. T\u00fcrk Silahl\u0131 Kuvvetleri\u2019nin kararl\u0131l\u0131\u011f\u0131, K\u0131br\u0131s T\u00fcrk halk\u0131n\u0131n iradesi ve Anavatan T\u00fcrkiye\u2019nin g\u00fcc\u00fcyle, K\u0131br\u0131s\u2019ta bar\u0131\u015f ve \u00f6zg\u00fcrl\u00fck tesis edilmi\u015ftir. Buras\u0131, yani 1974 K\u0131br\u0131s T\u00fcrk Evi, yaln\u0131zca bir an\u0131 de\u011fil, bir duru\u015ftur. Bu alan, ge\u00e7mi\u015fle ba\u011f kuran, gelece\u011fe umutla bakan bir bilin\u00e7 mek\u00e2n\u0131d\u0131r. Say\u0131n Cumhurba\u015fkan\u0131m\u0131z Ersin Tatar\u2019\u0131n te\u015frifleriyle a\u00e7\u0131lan bu ev; K\u0131br\u0131s ile T\u00fcrkiye aras\u0131ndaki karde\u015fli\u011fin en somut ni\u015fanelerinden biridir. Kepez Belediyesi olarak bu tarihe, bu ruha sahip \u00e7\u0131kmaya devam edece\u011fiz. Bug\u00fcn aram\u0131zda bulunan gazilerimiz, bu topraklarda bar\u0131\u015f\u0131n teminat\u0131 olmu\u015f kahramanlard\u0131r. Her biri tarihimizin ya\u015fayan tan\u0131\u011f\u0131d\u0131r. Onlara minnet bor\u00e7luyuz. K\u0131br\u0131s\u2019ta m\u00fccadele eden Mehmet\u00e7i\u011fimizin hat\u0131ras\u0131na sahip \u00e7\u0131kmak hepimizin g\u00f6revidir&#8221; diye konu\u015ftu.<\/p>\n<p>Kepez Kaymakam\u0131 Suat Dervi\u015fo\u011flu, konu\u015fmas\u0131nda K\u0131br\u0131s Bar\u0131\u015f Harekat\u0131\u2019n\u0131n uluslararas\u0131 hukuk \u00e7er\u00e7evesinde ger\u00e7ekle\u015ftirilen hakl\u0131 bir m\u00fcdahale oldu\u011funu belirterek, &#8220;20 Temmuz 1974, milletimizin sadece kendi vatanda\u015flar\u0131n\u0131 de\u011fil, soyda\u015flar\u0131n\u0131 da korumakta ne kadar kararl\u0131 oldu\u011funu t\u00fcm d\u00fcnyaya g\u00f6stermi\u015ftir. Bug\u00fcn burada bir araya gelmemizi sa\u011flayan bu bilin\u00e7tir. Aram\u0131zda bulunan k\u0131ymetli gazilerimizin canl\u0131 tan\u0131kl\u0131klar\u0131, tarihin en ger\u00e7ek dersidir. Onlara \u015f\u00fckran bor\u00e7luyuz&#8221; dedi.<\/p>\n<p>&#8216;BU DAYANI\u015eMA ASLA UNUTULMAYACAK&#8217;<\/p>\n<p>Kuzey K\u0131br\u0131s T\u00fcrk Cumhuriyeti Antalya Ba\u015fkonsolosu Asl\u0131 Erkem, Kepez Belediyesi\u2019ne ev sahipli\u011finden dolay\u0131 te\u015fekk\u00fcr ederek, &#8220;20 Temmuz, K\u0131br\u0131s T\u00fcrk halk\u0131 i\u00e7in yeniden do\u011fu\u015fun tarihidir. Anavatan T\u00fcrkiye, b\u00fcy\u00fck fedakarl\u0131klarla halk\u0131m\u0131z\u0131n yan\u0131nda olmu\u015ftur. Bu dayan\u0131\u015fma asla unutulmayacak. 1974 K\u0131br\u0131s T\u00fcrk Evi, T\u00fcrk milletinin birlik ve karde\u015flik anlay\u0131\u015f\u0131n\u0131n g\u00fc\u00e7l\u00fc bir sembol\u00fcd\u00fcr. Kepez Belediyesi\u2019ne bu k\u0131ymetli mekan\u0131 ya\u015fatt\u0131\u011f\u0131 i\u00e7in \u015f\u00fckranlar\u0131m\u0131 sunuyorum&#8221; diye s\u00f6yledi.<\/p>\n<p>T\u00fcrkiye Harp Malul\u00fc Gaziler, \u015eehit Dul ve Yetimleri Derne\u011fi Antalya \u015eube Ba\u015fkan\u0131 Mehmet Yurdakul, yapt\u0131\u011f\u0131 konu\u015fmada, tarihin seyrini de\u011fi\u015ftiren olaylara da de\u011finen ve harek\u00e2t s\u0131ras\u0131nda hayat\u0131n\u0131 kaybeden 498 \u015fehidi rahmetle and\u0131. Yurdakul, &#8220;Bug\u00fcn burada \u00f6zg\u00fcrce konu\u015fabiliyorsak, bu, canlar\u0131n\u0131 hi\u00e7e sayarak m\u00fccadele eden kahramanlar\u0131m\u0131z sayesindedir. Biz gaziler olarak bu sorumlulu\u011fun fark\u0131nday\u0131z ve her y\u0131l bu gururu nesilden nesile aktarmaya devam edece\u011fiz&#8221; dedi.<\/p>\n<p>\u0130\u015eB\u0130RL\u0130\u011e\u0130 PROTOKOL\u00dc \u0130MZALANDI<\/p>\n<p>Kepez Belediyesi ile T\u00fcrkiye Harp Malul\u00fc Gaziler, \u015eehit Dul ve Yetimleri Derne\u011fi Antalya \u015eubesi aras\u0131nda i\u015f birli\u011fi protokol\u00fc imzaland\u0131. Protokol kapsam\u0131nda; \u015fehit aileleri ile gazilere y\u00f6nelik sosyal, k\u00fclt\u00fcrel ve tan\u0131t\u0131m faaliyetleri y\u00fcr\u00fct\u00fclecek. Her iki taraf, ortak projelerle gazilerin ve \u015fehit yak\u0131nlar\u0131n\u0131n ya\u015fam kalitesini art\u0131rmay\u0131 hedefliyor. Ba\u015fkan Mesut Kocag\u00f6z, protokol kapsam\u0131nda derne\u011fe her t\u00fcrl\u00fc deste\u011fin verilece\u011fini ifade ederek, &#8220;Kepez olarak tarihimize sahip \u00e7\u0131kmaya, mill\u00ee birlik \u015fuurunu gelecek nesillere aktarmaya devam edece\u011fiz&#8221; dedi.<\/p>\n<p>Etkinlik, konu\u015fmalar\u0131n ard\u0131ndan K\u0131br\u0131s Bar\u0131\u015f harek\u00e2t\u0131 resim sergisi ve K\u0131br\u0131s T\u00fcrk Evi\u2019nin gezilmesiyle devam etti. Ziyaret\u00e7iler, bar\u0131\u015f harek\u00e2t\u0131na dair foto\u011fraflar, ki\u015fisel e\u015fyalar ve belgelerin yer ald\u0131\u011f\u0131 sergiyle ge\u00e7mi\u015fe duygusal bir yolculuk yapt\u0131. Gazilerle sohbet eden protokol \u00fcyeleri, \u015fehit yak\u0131nlar\u0131na karanfil takdim etti. Programa KKTC Antalya Ba\u015fkonsolosu Asl\u0131 Erkem, Kepez Kaymakam\u0131 Suat Dervi\u015fo\u011flu, Antalya Esnaf ve Sanatkarlar Odalar\u0131 Birli\u011fi Ba\u015fkan\u0131 Adl\u0131han Dere, T\u00fcrkiye Muharip Gaziler Derne\u011fi Antalya \u015eube Ba\u015fkan\u0131 Mehmet Yurdakul, \u00fcyeleri, gaziler, \u015fehit yak\u0131nlar\u0131, Belediye Meclis \u00dcyeleri, muhtarlar, sivil toplum kurulu\u015flar\u0131 temsilcileri ve vatanda\u015flar kat\u0131ld\u0131.<\/p>\n<p>Kaynak: www.kanalv.com.tr Haber Sitesinden Al\u0131nm\u0131\u015ft\u0131r.<\/p>","protected":false},"excerpt":{"rendered":"<p>KEPEZ Belediyesi, K\u0131br\u0131s Bar\u0131\u015f Harekat\u0131\u2019n\u0131n 51&#8217;inci y\u0131l d\u00f6n\u00fcm\u00fcn\u00fc anlaml\u0131 bir t\u00f6renle and\u0131. K\u0131br\u0131s An\u0131 Evi&#8217;nde d\u00fczenlenen etkinlikte, Kepez Belediyesi ile T\u00fcrkiye Harp Malul\u00fc Gaziler, \u015eehit Dul ve Yetimleri Derne\u011fi Antalya \u015eubesi aras\u0131nda i\u015f birli\u011fi protokol\u00fc imzaland\u0131. 1974 K\u0131br\u0131s Bar\u0131\u015f Harekat\u0131\u2019n\u0131n 51&#8217;inci y\u0131l\u0131 dolay\u0131s\u0131yla Kepez Belediyesi taraf\u0131ndan d\u00fczenlenen anma program\u0131, 1974 K\u0131br\u0131s T\u00fcrk Evi yerle\u015fkesinde ger\u00e7ekle\u015ftirildi. 20 Temmuz 1974\u2019deki K\u0131br\u0131s Bar\u0131\u015f Harekat\u0131\u2019n\u0131n K\u0131br\u0131s T\u00fcrk halk\u0131n\u0131n \u00f6zg\u00fcrl\u00fc\u011fe kavu\u015ftu\u011fu bir d\u00f6n\u00fcm noktas\u0131 oldu\u011funa dikkat \u00e7eken Kepez Belediye Ba\u015fkan\u0131 Mesut Kocag\u00f6z, &#8220;Yaln\u0131zca bir askeri harekat de\u011fil, ayn\u0131 zamanda bir milletin direni\u015fidir. T\u00fcrk Silahl\u0131 Kuvvetleri\u2019nin kararl\u0131l\u0131\u011f\u0131, K\u0131br\u0131s T\u00fcrk halk\u0131n\u0131n iradesi ve Anavatan T\u00fcrkiye\u2019nin g\u00fcc\u00fcyle, K\u0131br\u0131s\u2019ta bar\u0131\u015f ve \u00f6zg\u00fcrl\u00fck tesis edilmi\u015ftir. Buras\u0131, yani 1974 K\u0131br\u0131s T\u00fcrk Evi, yaln\u0131zca bir an\u0131 de\u011fil, bir duru\u015ftur. Bu alan, ge\u00e7mi\u015fle ba\u011f kuran, gelece\u011fe umutla bakan bir bilin\u00e7 mek\u00e2n\u0131d\u0131r. Say\u0131n Cumhurba\u015fkan\u0131m\u0131z Ersin Tatar\u2019\u0131n te\u015frifleriyle a\u00e7\u0131lan bu ev; K\u0131br\u0131s ile T\u00fcrkiye aras\u0131ndaki karde\u015fli\u011fin en somut ni\u015fanelerinden biridir. Kepez Belediyesi olarak bu tarihe, bu ruha sahip \u00e7\u0131kmaya devam edece\u011fiz. Bug\u00fcn aram\u0131zda bulunan gazilerimiz, bu topraklarda bar\u0131\u015f\u0131n teminat\u0131 olmu\u015f kahramanlard\u0131r. Her biri tarihimizin ya\u015fayan tan\u0131\u011f\u0131d\u0131r. Onlara minnet bor\u00e7luyuz. K\u0131br\u0131s\u2019ta m\u00fccadele eden Mehmet\u00e7i\u011fimizin hat\u0131ras\u0131na sahip \u00e7\u0131kmak hepimizin g\u00f6revidir&#8221; diye konu\u015ftu. Kepez Kaymakam\u0131 Suat Dervi\u015fo\u011flu, konu\u015fmas\u0131nda K\u0131br\u0131s Bar\u0131\u015f Harekat\u0131\u2019n\u0131n uluslararas\u0131 hukuk \u00e7er\u00e7evesinde ger\u00e7ekle\u015ftirilen hakl\u0131 bir m\u00fcdahale &hellip;<\/p>","protected":false},"author":4,"featured_media":152753,"comment_status":"","ping_status":"open","sticky":false,"template":"","format":"standard","meta":{"_acf_changed":false,"footnotes":""},"categories":[26],"tags":[],"class_list":["post-152752","post","type-post","status-publish","format-standard","has-post-thumbnail","hentry","category-antalya"],"acf":[],"yoast_head":"<!-- This site is optimized with the Yoast SEO Premium plugin v26.6 (Yoast SEO v27.1.1) - https:\/\/yoast.com\/product\/yoast-seo-premium-wordpress\/ -->\n<title>K\u0131br\u0131s Bar\u0131\u015f Harekat\u0131 \u015eehitleri ve Gazileri T\u00f6renle An\u0131ld\u0131 - Av. Deniz Can K\u0131z\u0131l<\/title>\n<meta name=\"robots\" content=\"index, follow, max-snippet:-1, max-image-preview:large, max-video-preview:-1\" \/>\n<link rel=\"canonical\" href=\"https:\/\/denizcankizil.tr\/en\/haberler\/antalya\/kibris-baris-harekati-sehitleri-ve-gazileri-torenle-anildi\/\" \/>\n<meta property=\"og:locale\" content=\"en_GB\" \/>\n<meta property=\"og:type\" content=\"article\" \/>\n<meta property=\"og:title\" content=\"K\u0131br\u0131s Bar\u0131\u015f Harekat\u0131 \u015eehitleri ve Gazileri T\u00f6renle An\u0131ld\u0131\" \/>\n<meta property=\"og:description\" content=\"KEPEZ Belediyesi, K\u0131br\u0131s Bar\u0131\u015f Harekat\u0131\u2019n\u0131n 51&#8217;inci y\u0131l d\u00f6n\u00fcm\u00fcn\u00fc anlaml\u0131 bir t\u00f6renle and\u0131. K\u0131br\u0131s An\u0131 Evi&#8217;nde d\u00fczenlenen etkinlikte, Kepez Belediyesi ile T\u00fcrkiye Harp Malul\u00fc Gaziler, \u015eehit Dul ve Yetimleri Derne\u011fi Antalya \u015eubesi aras\u0131nda i\u015f birli\u011fi protokol\u00fc imzaland\u0131. 1974 K\u0131br\u0131s Bar\u0131\u015f Harekat\u0131\u2019n\u0131n 51&#8217;inci y\u0131l\u0131 dolay\u0131s\u0131yla Kepez Belediyesi taraf\u0131ndan d\u00fczenlenen anma program\u0131, 1974 K\u0131br\u0131s T\u00fcrk Evi yerle\u015fkesinde ger\u00e7ekle\u015ftirildi. 20 Temmuz 1974\u2019deki K\u0131br\u0131s Bar\u0131\u015f Harekat\u0131\u2019n\u0131n K\u0131br\u0131s T\u00fcrk halk\u0131n\u0131n \u00f6zg\u00fcrl\u00fc\u011fe kavu\u015ftu\u011fu bir d\u00f6n\u00fcm noktas\u0131 oldu\u011funa dikkat \u00e7eken Kepez Belediye Ba\u015fkan\u0131 Mesut Kocag\u00f6z, &#8220;Yaln\u0131zca bir askeri harekat de\u011fil, ayn\u0131 zamanda bir milletin direni\u015fidir. T\u00fcrk Silahl\u0131 Kuvvetleri\u2019nin kararl\u0131l\u0131\u011f\u0131, K\u0131br\u0131s T\u00fcrk halk\u0131n\u0131n iradesi ve Anavatan T\u00fcrkiye\u2019nin g\u00fcc\u00fcyle, K\u0131br\u0131s\u2019ta bar\u0131\u015f ve \u00f6zg\u00fcrl\u00fck tesis edilmi\u015ftir. Buras\u0131, yani 1974 K\u0131br\u0131s T\u00fcrk Evi, yaln\u0131zca bir an\u0131 de\u011fil, bir duru\u015ftur. Bu alan, ge\u00e7mi\u015fle ba\u011f kuran, gelece\u011fe umutla bakan bir bilin\u00e7 mek\u00e2n\u0131d\u0131r. Say\u0131n Cumhurba\u015fkan\u0131m\u0131z Ersin Tatar\u2019\u0131n te\u015frifleriyle a\u00e7\u0131lan bu ev; K\u0131br\u0131s ile T\u00fcrkiye aras\u0131ndaki karde\u015fli\u011fin en somut ni\u015fanelerinden biridir. Kepez Belediyesi olarak bu tarihe, bu ruha sahip \u00e7\u0131kmaya devam edece\u011fiz. Bug\u00fcn aram\u0131zda bulunan gazilerimiz, bu topraklarda bar\u0131\u015f\u0131n teminat\u0131 olmu\u015f kahramanlard\u0131r. Her biri tarihimizin ya\u015fayan tan\u0131\u011f\u0131d\u0131r. Onlara minnet bor\u00e7luyuz. K\u0131br\u0131s\u2019ta m\u00fccadele eden Mehmet\u00e7i\u011fimizin hat\u0131ras\u0131na sahip \u00e7\u0131kmak hepimizin g\u00f6revidir&#8221; diye konu\u015ftu. Kepez Kaymakam\u0131 Suat Dervi\u015fo\u011flu, konu\u015fmas\u0131nda K\u0131br\u0131s Bar\u0131\u015f Harekat\u0131\u2019n\u0131n uluslararas\u0131 hukuk \u00e7er\u00e7evesinde ger\u00e7ekle\u015ftirilen hakl\u0131 bir m\u00fcdahale &hellip;\" \/>\n<meta property=\"og:url\" content=\"https:\/\/denizcankizil.tr\/en\/haberler\/antalya\/kibris-baris-harekati-sehitleri-ve-gazileri-torenle-anildi\/\" \/>\n<meta property=\"og:site_name\" content=\"Av. Deniz Can K\u0131z\u0131l\" \/>\n<meta property=\"article:published_time\" content=\"2025-07-21T10:41:55+00:00\" \/>\n<meta property=\"og:image\" content=\"https:\/\/denizcankizil.tr\/wp-content\/uploads\/2025\/07\/k-i-b-r-i-s-b-a-r-i-s-h-a-r-e-k-a-t-i-s-e-h-i-t-l-e-r-i-v-e-g-a-z-i-l-825648-244632-fyLXZh.jpg\" \/>\n\t<meta property=\"og:image:width\" content=\"1280\" \/>\n\t<meta property=\"og:image:height\" content=\"720\" \/>\n\t<meta property=\"og:image:type\" content=\"image\/jpeg\" \/>\n<meta name=\"author\" content=\"Av. Deniz Can K\u0131z\u0131l\" \/>\n<meta name=\"twitter:card\" content=\"summary_large_image\" \/>\n<meta name=\"twitter:label1\" content=\"Written by\" \/>\n\t<meta name=\"twitter:data1\" content=\"Av. Deniz Can K\u0131z\u0131l\" \/>\n\t<meta name=\"twitter:label2\" content=\"Estimated reading time\" \/>\n\t<meta name=\"twitter:data2\" content=\"4 minutes\" \/>\n<script type=\"application\/ld+json\" class=\"yoast-schema-graph\">{\"@context\":\"https:\/\/schema.org\",\"@graph\":[{\"@type\":\"Article\",\"@id\":\"https:\/\/denizcankizil.tr\/en\/haberler\/antalya\/kibris-baris-harekati-sehitleri-ve-gazileri-torenle-anildi\/#article\",\"isPartOf\":{\"@id\":\"https:\/\/denizcankizil.tr\/en\/haberler\/antalya\/kibris-baris-harekati-sehitleri-ve-gazileri-torenle-anildi\/\"},\"author\":{\"name\":\"Av. Deniz Can K\u0131z\u0131l\",\"@id\":\"https:\/\/denizcankizil.tr\/de\/#\/schema\/person\/5dc1b22991bd7ac833867c10afc9b0ff\"},\"headline\":\"K\u0131br\u0131s Bar\u0131\u015f Harekat\u0131 \u015eehitleri ve Gazileri T\u00f6renle An\u0131ld\u0131\",\"datePublished\":\"2025-07-21T10:41:55+00:00\",\"mainEntityOfPage\":{\"@id\":\"https:\/\/denizcankizil.tr\/en\/haberler\/antalya\/kibris-baris-harekati-sehitleri-ve-gazileri-torenle-anildi\/\"},\"wordCount\":812,\"publisher\":{\"@id\":\"https:\/\/denizcankizil.tr\/de\/#organization\"},\"image\":{\"@id\":\"https:\/\/denizcankizil.tr\/en\/haberler\/antalya\/kibris-baris-harekati-sehitleri-ve-gazileri-torenle-anildi\/#primaryimage\"},\"thumbnailUrl\":\"https:\/\/denizcankizil.tr\/wp-content\/uploads\/2025\/07\/k-i-b-r-i-s-b-a-r-i-s-h-a-r-e-k-a-t-i-s-e-h-i-t-l-e-r-i-v-e-g-a-z-i-l-825648-244632-fyLXZh.jpg\",\"articleSection\":[\"Antalya\"],\"inLanguage\":\"en-GB\"},{\"@type\":\"WebPage\",\"@id\":\"https:\/\/denizcankizil.tr\/en\/haberler\/antalya\/kibris-baris-harekati-sehitleri-ve-gazileri-torenle-anildi\/\",\"url\":\"https:\/\/denizcankizil.tr\/en\/haberler\/antalya\/kibris-baris-harekati-sehitleri-ve-gazileri-torenle-anildi\/\",\"name\":\"K\u0131br\u0131s Bar\u0131\u015f Harekat\u0131 \u015eehitleri ve Gazileri T\u00f6renle An\u0131ld\u0131 - Av. Deniz Can K\u0131z\u0131l\",\"isPartOf\":{\"@id\":\"https:\/\/denizcankizil.tr\/de\/#website\"},\"primaryImageOfPage\":{\"@id\":\"https:\/\/denizcankizil.tr\/en\/haberler\/antalya\/kibris-baris-harekati-sehitleri-ve-gazileri-torenle-anildi\/#primaryimage\"},\"image\":{\"@id\":\"https:\/\/denizcankizil.tr\/en\/haberler\/antalya\/kibris-baris-harekati-sehitleri-ve-gazileri-torenle-anildi\/#primaryimage\"},\"thumbnailUrl\":\"https:\/\/denizcankizil.tr\/wp-content\/uploads\/2025\/07\/k-i-b-r-i-s-b-a-r-i-s-h-a-r-e-k-a-t-i-s-e-h-i-t-l-e-r-i-v-e-g-a-z-i-l-825648-244632-fyLXZh.jpg\",\"datePublished\":\"2025-07-21T10:41:55+00:00\",\"breadcrumb\":{\"@id\":\"https:\/\/denizcankizil.tr\/en\/haberler\/antalya\/kibris-baris-harekati-sehitleri-ve-gazileri-torenle-anildi\/#breadcrumb\"},\"inLanguage\":\"en-GB\",\"potentialAction\":[{\"@type\":\"ReadAction\",\"target\":[\"https:\/\/denizcankizil.tr\/en\/haberler\/antalya\/kibris-baris-harekati-sehitleri-ve-gazileri-torenle-anildi\/\"]}]},{\"@type\":\"ImageObject\",\"inLanguage\":\"en-GB\",\"@id\":\"https:\/\/denizcankizil.tr\/en\/haberler\/antalya\/kibris-baris-harekati-sehitleri-ve-gazileri-torenle-anildi\/#primaryimage\",\"url\":\"https:\/\/denizcankizil.tr\/wp-content\/uploads\/2025\/07\/k-i-b-r-i-s-b-a-r-i-s-h-a-r-e-k-a-t-i-s-e-h-i-t-l-e-r-i-v-e-g-a-z-i-l-825648-244632-fyLXZh.jpg\",\"contentUrl\":\"https:\/\/denizcankizil.tr\/wp-content\/uploads\/2025\/07\/k-i-b-r-i-s-b-a-r-i-s-h-a-r-e-k-a-t-i-s-e-h-i-t-l-e-r-i-v-e-g-a-z-i-l-825648-244632-fyLXZh.jpg\",\"width\":1280,\"height\":720},{\"@type\":\"BreadcrumbList\",\"@id\":\"https:\/\/denizcankizil.tr\/en\/haberler\/antalya\/kibris-baris-harekati-sehitleri-ve-gazileri-torenle-anildi\/#breadcrumb\",\"itemListElement\":[{\"@type\":\"ListItem\",\"position\":1,\"name\":\"Home\",\"item\":\"https:\/\/denizcankizil.tr\/de\/\"},{\"@type\":\"ListItem\",\"position\":2,\"name\":\"K\u0131br\u0131s Bar\u0131\u015f Harekat\u0131 \u015eehitleri ve Gazileri T\u00f6renle An\u0131ld\u0131\"}]},{\"@type\":\"WebSite\",\"@id\":\"https:\/\/denizcankizil.tr\/de\/#website\",\"url\":\"https:\/\/denizcankizil.tr\/de\/\",\"name\":\"Av. Deniz Can K\u0131z\u0131l\",\"description\":\"Avukat Deniz Can K\u0131z\u0131l Antalya Barosu\",\"publisher\":{\"@id\":\"https:\/\/denizcankizil.tr\/de\/#organization\"},\"potentialAction\":[{\"@type\":\"SearchAction\",\"target\":{\"@type\":\"EntryPoint\",\"urlTemplate\":\"https:\/\/denizcankizil.tr\/de\/?s={search_term_string}\"},\"query-input\":{\"@type\":\"PropertyValueSpecification\",\"valueRequired\":true,\"valueName\":\"search_term_string\"}}],\"inLanguage\":\"en-GB\"},{\"@type\":\"Organization\",\"@id\":\"https:\/\/denizcankizil.tr\/de\/#organization\",\"name\":\"Av. Deniz Can K\u0131z\u0131l\",\"url\":\"https:\/\/denizcankizil.tr\/de\/\",\"logo\":{\"@type\":\"ImageObject\",\"inLanguage\":\"en-GB\",\"@id\":\"https:\/\/denizcankizil.tr\/de\/#\/schema\/logo\/image\/\",\"url\":\"https:\/\/denizcankizil.tr\/wp-content\/uploads\/2024\/10\/siyah-logo-svg.svg\",\"contentUrl\":\"https:\/\/denizcankizil.tr\/wp-content\/uploads\/2024\/10\/siyah-logo-svg.svg\",\"width\":1080,\"height\":1080,\"caption\":\"Av. Deniz Can K\u0131z\u0131l\"},\"image\":{\"@id\":\"https:\/\/denizcankizil.tr\/de\/#\/schema\/logo\/image\/\"}},{\"@type\":\"Person\",\"@id\":\"https:\/\/denizcankizil.tr\/de\/#\/schema\/person\/5dc1b22991bd7ac833867c10afc9b0ff\",\"name\":\"Av. Deniz Can K\u0131z\u0131l\",\"image\":{\"@type\":\"ImageObject\",\"inLanguage\":\"en-GB\",\"@id\":\"https:\/\/denizcankizil.tr\/de\/#\/schema\/person\/image\/\",\"url\":\"https:\/\/secure.gravatar.com\/avatar\/a0b128fb9855c79efc976d5640eedb31dc35ec297594d6016d2cf7c60e975bb6?s=96&d=mm&r=g\",\"contentUrl\":\"https:\/\/secure.gravatar.com\/avatar\/a0b128fb9855c79efc976d5640eedb31dc35ec297594d6016d2cf7c60e975bb6?s=96&d=mm&r=g\",\"caption\":\"Av. Deniz Can K\u0131z\u0131l\"},\"sameAs\":[\"http:\/\/www.denizcankizil.tr\"],\"url\":\"https:\/\/denizcankizil.tr\/en\/author\/denizcankizil\/\"}]}<\/script>\n<!-- \/ Yoast SEO Premium plugin. -->","yoast_head_json":{"title":"K\u0131br\u0131s Bar\u0131\u015f Harekat\u0131 \u015eehitleri ve Gazileri T\u00f6renle An\u0131ld\u0131 - Av. Deniz Can K\u0131z\u0131l","robots":{"index":"index","follow":"follow","max-snippet":"max-snippet:-1","max-image-preview":"max-image-preview:large","max-video-preview":"max-video-preview:-1"},"canonical":"https:\/\/denizcankizil.tr\/en\/haberler\/antalya\/kibris-baris-harekati-sehitleri-ve-gazileri-torenle-anildi\/","og_locale":"en_GB","og_type":"article","og_title":"K\u0131br\u0131s Bar\u0131\u015f Harekat\u0131 \u015eehitleri ve Gazileri T\u00f6renle An\u0131ld\u0131","og_description":"KEPEZ Belediyesi, K\u0131br\u0131s Bar\u0131\u015f Harekat\u0131\u2019n\u0131n 51&#8217;inci y\u0131l d\u00f6n\u00fcm\u00fcn\u00fc anlaml\u0131 bir t\u00f6renle and\u0131. K\u0131br\u0131s An\u0131 Evi&#8217;nde d\u00fczenlenen etkinlikte, Kepez Belediyesi ile T\u00fcrkiye Harp Malul\u00fc Gaziler, \u015eehit Dul ve Yetimleri Derne\u011fi Antalya \u015eubesi aras\u0131nda i\u015f birli\u011fi protokol\u00fc imzaland\u0131. 1974 K\u0131br\u0131s Bar\u0131\u015f Harekat\u0131\u2019n\u0131n 51&#8217;inci y\u0131l\u0131 dolay\u0131s\u0131yla Kepez Belediyesi taraf\u0131ndan d\u00fczenlenen anma program\u0131, 1974 K\u0131br\u0131s T\u00fcrk Evi yerle\u015fkesinde ger\u00e7ekle\u015ftirildi. 20 Temmuz 1974\u2019deki K\u0131br\u0131s Bar\u0131\u015f Harekat\u0131\u2019n\u0131n K\u0131br\u0131s T\u00fcrk halk\u0131n\u0131n \u00f6zg\u00fcrl\u00fc\u011fe kavu\u015ftu\u011fu bir d\u00f6n\u00fcm noktas\u0131 oldu\u011funa dikkat \u00e7eken Kepez Belediye Ba\u015fkan\u0131 Mesut Kocag\u00f6z, &#8220;Yaln\u0131zca bir askeri harekat de\u011fil, ayn\u0131 zamanda bir milletin direni\u015fidir. T\u00fcrk Silahl\u0131 Kuvvetleri\u2019nin kararl\u0131l\u0131\u011f\u0131, K\u0131br\u0131s T\u00fcrk halk\u0131n\u0131n iradesi ve Anavatan T\u00fcrkiye\u2019nin g\u00fcc\u00fcyle, K\u0131br\u0131s\u2019ta bar\u0131\u015f ve \u00f6zg\u00fcrl\u00fck tesis edilmi\u015ftir. Buras\u0131, yani 1974 K\u0131br\u0131s T\u00fcrk Evi, yaln\u0131zca bir an\u0131 de\u011fil, bir duru\u015ftur. Bu alan, ge\u00e7mi\u015fle ba\u011f kuran, gelece\u011fe umutla bakan bir bilin\u00e7 mek\u00e2n\u0131d\u0131r. Say\u0131n Cumhurba\u015fkan\u0131m\u0131z Ersin Tatar\u2019\u0131n te\u015frifleriyle a\u00e7\u0131lan bu ev; K\u0131br\u0131s ile T\u00fcrkiye aras\u0131ndaki karde\u015fli\u011fin en somut ni\u015fanelerinden biridir. Kepez Belediyesi olarak bu tarihe, bu ruha sahip \u00e7\u0131kmaya devam edece\u011fiz. Bug\u00fcn aram\u0131zda bulunan gazilerimiz, bu topraklarda bar\u0131\u015f\u0131n teminat\u0131 olmu\u015f kahramanlard\u0131r. Her biri tarihimizin ya\u015fayan tan\u0131\u011f\u0131d\u0131r. Onlara minnet bor\u00e7luyuz. K\u0131br\u0131s\u2019ta m\u00fccadele eden Mehmet\u00e7i\u011fimizin hat\u0131ras\u0131na sahip \u00e7\u0131kmak hepimizin g\u00f6revidir&#8221; diye konu\u015ftu. Kepez Kaymakam\u0131 Suat Dervi\u015fo\u011flu, konu\u015fmas\u0131nda K\u0131br\u0131s Bar\u0131\u015f Harekat\u0131\u2019n\u0131n uluslararas\u0131 hukuk \u00e7er\u00e7evesinde ger\u00e7ekle\u015ftirilen hakl\u0131 bir m\u00fcdahale &hellip;","og_url":"https:\/\/denizcankizil.tr\/en\/haberler\/antalya\/kibris-baris-harekati-sehitleri-ve-gazileri-torenle-anildi\/","og_site_name":"Av. Deniz Can K\u0131z\u0131l","article_published_time":"2025-07-21T10:41:55+00:00","og_image":[{"width":1280,"height":720,"url":"https:\/\/denizcankizil.tr\/wp-content\/uploads\/2025\/07\/k-i-b-r-i-s-b-a-r-i-s-h-a-r-e-k-a-t-i-s-e-h-i-t-l-e-r-i-v-e-g-a-z-i-l-825648-244632-fyLXZh.jpg","type":"image\/jpeg"}],"author":"Av. Deniz Can K\u0131z\u0131l","twitter_card":"summary_large_image","twitter_misc":{"Written by":"Av. Deniz Can K\u0131z\u0131l","Estimated reading time":"4 minutes"},"schema":{"@context":"https:\/\/schema.org","@graph":[{"@type":"Article","@id":"https:\/\/denizcankizil.tr\/en\/haberler\/antalya\/kibris-baris-harekati-sehitleri-ve-gazileri-torenle-anildi\/#article","isPartOf":{"@id":"https:\/\/denizcankizil.tr\/en\/haberler\/antalya\/kibris-baris-harekati-sehitleri-ve-gazileri-torenle-anildi\/"},"author":{"name":"Av. Deniz Can K\u0131z\u0131l","@id":"https:\/\/denizcankizil.tr\/de\/#\/schema\/person\/5dc1b22991bd7ac833867c10afc9b0ff"},"headline":"K\u0131br\u0131s Bar\u0131\u015f Harekat\u0131 \u015eehitleri ve Gazileri T\u00f6renle An\u0131ld\u0131","datePublished":"2025-07-21T10:41:55+00:00","mainEntityOfPage":{"@id":"https:\/\/denizcankizil.tr\/en\/haberler\/antalya\/kibris-baris-harekati-sehitleri-ve-gazileri-torenle-anildi\/"},"wordCount":812,"publisher":{"@id":"https:\/\/denizcankizil.tr\/de\/#organization"},"image":{"@id":"https:\/\/denizcankizil.tr\/en\/haberler\/antalya\/kibris-baris-harekati-sehitleri-ve-gazileri-torenle-anildi\/#primaryimage"},"thumbnailUrl":"https:\/\/denizcankizil.tr\/wp-content\/uploads\/2025\/07\/k-i-b-r-i-s-b-a-r-i-s-h-a-r-e-k-a-t-i-s-e-h-i-t-l-e-r-i-v-e-g-a-z-i-l-825648-244632-fyLXZh.jpg","articleSection":["Antalya"],"inLanguage":"en-GB"},{"@type":"WebPage","@id":"https:\/\/denizcankizil.tr\/en\/haberler\/antalya\/kibris-baris-harekati-sehitleri-ve-gazileri-torenle-anildi\/","url":"https:\/\/denizcankizil.tr\/en\/haberler\/antalya\/kibris-baris-harekati-sehitleri-ve-gazileri-torenle-anildi\/","name":"K\u0131br\u0131s Bar\u0131\u015f Harekat\u0131 \u015eehitleri ve Gazileri T\u00f6renle An\u0131ld\u0131 - Av. Deniz Can K\u0131z\u0131l","isPartOf":{"@id":"https:\/\/denizcankizil.tr\/de\/#website"},"primaryImageOfPage":{"@id":"https:\/\/denizcankizil.tr\/en\/haberler\/antalya\/kibris-baris-harekati-sehitleri-ve-gazileri-torenle-anildi\/#primaryimage"},"image":{"@id":"https:\/\/denizcankizil.tr\/en\/haberler\/antalya\/kibris-baris-harekati-sehitleri-ve-gazileri-torenle-anildi\/#primaryimage"},"thumbnailUrl":"https:\/\/denizcankizil.tr\/wp-content\/uploads\/2025\/07\/k-i-b-r-i-s-b-a-r-i-s-h-a-r-e-k-a-t-i-s-e-h-i-t-l-e-r-i-v-e-g-a-z-i-l-825648-244632-fyLXZh.jpg","datePublished":"2025-07-21T10:41:55+00:00","breadcrumb":{"@id":"https:\/\/denizcankizil.tr\/en\/haberler\/antalya\/kibris-baris-harekati-sehitleri-ve-gazileri-torenle-anildi\/#breadcrumb"},"inLanguage":"en-GB","potentialAction":[{"@type":"ReadAction","target":["https:\/\/denizcankizil.tr\/en\/haberler\/antalya\/kibris-baris-harekati-sehitleri-ve-gazileri-torenle-anildi\/"]}]},{"@type":"ImageObject","inLanguage":"en-GB","@id":"https:\/\/denizcankizil.tr\/en\/haberler\/antalya\/kibris-baris-harekati-sehitleri-ve-gazileri-torenle-anildi\/#primaryimage","url":"https:\/\/denizcankizil.tr\/wp-content\/uploads\/2025\/07\/k-i-b-r-i-s-b-a-r-i-s-h-a-r-e-k-a-t-i-s-e-h-i-t-l-e-r-i-v-e-g-a-z-i-l-825648-244632-fyLXZh.jpg","contentUrl":"https:\/\/denizcankizil.tr\/wp-content\/uploads\/2025\/07\/k-i-b-r-i-s-b-a-r-i-s-h-a-r-e-k-a-t-i-s-e-h-i-t-l-e-r-i-v-e-g-a-z-i-l-825648-244632-fyLXZh.jpg","width":1280,"height":720},{"@type":"BreadcrumbList","@id":"https:\/\/denizcankizil.tr\/en\/haberler\/antalya\/kibris-baris-harekati-sehitleri-ve-gazileri-torenle-anildi\/#breadcrumb","itemListElement":[{"@type":"ListItem","position":1,"name":"Home","item":"https:\/\/denizcankizil.tr\/de\/"},{"@type":"ListItem","position":2,"name":"K\u0131br\u0131s Bar\u0131\u015f Harekat\u0131 \u015eehitleri ve Gazileri T\u00f6renle An\u0131ld\u0131"}]},{"@type":"WebSite","@id":"https:\/\/denizcankizil.tr\/de\/#website","url":"https:\/\/denizcankizil.tr\/de\/","name":"Av. Deniz Can K\u0131z\u0131l","description":"Avukat Deniz Can K\u0131z\u0131l Antalya Barosu","publisher":{"@id":"https:\/\/denizcankizil.tr\/de\/#organization"},"potentialAction":[{"@type":"SearchAction","target":{"@type":"EntryPoint","urlTemplate":"https:\/\/denizcankizil.tr\/de\/?s={search_term_string}"},"query-input":{"@type":"PropertyValueSpecification","valueRequired":true,"valueName":"search_term_string"}}],"inLanguage":"en-GB"},{"@type":"Organization","@id":"https:\/\/denizcankizil.tr\/de\/#organization","name":"Av. Deniz Can K\u0131z\u0131l","url":"https:\/\/denizcankizil.tr\/de\/","logo":{"@type":"ImageObject","inLanguage":"en-GB","@id":"https:\/\/denizcankizil.tr\/de\/#\/schema\/logo\/image\/","url":"https:\/\/denizcankizil.tr\/wp-content\/uploads\/2024\/10\/siyah-logo-svg.svg","contentUrl":"https:\/\/denizcankizil.tr\/wp-content\/uploads\/2024\/10\/siyah-logo-svg.svg","width":1080,"height":1080,"caption":"Av. Deniz Can K\u0131z\u0131l"},"image":{"@id":"https:\/\/denizcankizil.tr\/de\/#\/schema\/logo\/image\/"}},{"@type":"Person","@id":"https:\/\/denizcankizil.tr\/de\/#\/schema\/person\/5dc1b22991bd7ac833867c10afc9b0ff","name":"Av. Deniz Can K\u0131z\u0131l","image":{"@type":"ImageObject","inLanguage":"en-GB","@id":"https:\/\/denizcankizil.tr\/de\/#\/schema\/person\/image\/","url":"https:\/\/secure.gravatar.com\/avatar\/a0b128fb9855c79efc976d5640eedb31dc35ec297594d6016d2cf7c60e975bb6?s=96&d=mm&r=g","contentUrl":"https:\/\/secure.gravatar.com\/avatar\/a0b128fb9855c79efc976d5640eedb31dc35ec297594d6016d2cf7c60e975bb6?s=96&d=mm&r=g","caption":"Av. Deniz Can K\u0131z\u0131l"},"sameAs":["http:\/\/www.denizcankizil.tr"],"url":"https:\/\/denizcankizil.tr\/en\/author\/denizcankizil\/"}]}},"_links":{"self":[{"href":"https:\/\/denizcankizil.tr\/en\/wp-json\/wp\/v2\/posts\/152752","targetHints":{"allow":["GET"]}}],"collection":[{"href":"https:\/\/denizcankizil.tr\/en\/wp-json\/wp\/v2\/posts"}],"about":[{"href":"https:\/\/denizcankizil.tr\/en\/wp-json\/wp\/v2\/types\/post"}],"author":[{"embeddable":true,"href":"https:\/\/denizcankizil.tr\/en\/wp-json\/wp\/v2\/users\/4"}],"replies":[{"embeddable":true,"href":"https:\/\/denizcankizil.tr\/en\/wp-json\/wp\/v2\/comments?post=152752"}],"version-history":[{"count":0,"href":"https:\/\/denizcankizil.tr\/en\/wp-json\/wp\/v2\/posts\/152752\/revisions"}],"wp:featuredmedia":[{"embeddable":true,"href":"https:\/\/denizcankizil.tr\/en\/wp-json\/wp\/v2\/media\/152753"}],"wp:attachment":[{"href":"https:\/\/denizcankizil.tr\/en\/wp-json\/wp\/v2\/media?parent=152752"}],"wp:term":[{"taxonomy":"category","embeddable":true,"href":"https:\/\/denizcankizil.tr\/en\/wp-json\/wp\/v2\/categories?post=152752"},{"taxonomy":"post_tag","embeddable":true,"href":"https:\/\/denizcankizil.tr\/en\/wp-json\/wp\/v2\/tags?post=152752"}],"curies":[{"name":"wp","href":"https:\/\/api.w.org\/{rel}","templated":true}]}}