{"id":152654,"date":"2025-07-21T11:41:31","date_gmt":"2025-07-21T08:41:31","guid":{"rendered":"https:\/\/denizcankizil.tr\/uncategorized-tr\/cop-kamyonuna-carpan-arac-takla-atti-3-yarali\/"},"modified":"2025-07-21T11:41:31","modified_gmt":"2025-07-21T08:41:31","slug":"cop-kamyonuna-carpan-arac-takla-atti-3-yarali","status":"publish","type":"post","link":"https:\/\/denizcankizil.tr\/en\/haberler\/antalya\/cop-kamyonuna-carpan-arac-takla-atti-3-yarali\/","title":{"rendered":"\u00c7\u00f6p Kamyonuna \u00c7arpan Ara\u00e7 Takla Att\u0131: 3 Yaral\u0131"},"content":{"rendered":"<p>ANTALYA\u2019n\u0131n Ka\u015f il\u00e7esi Kalkan Mahallesinde \u00e7\u00f6p toplama kamyonuna \u00e7arpan otomobildeki \u00fc\u00e7 ki\u015fi yaraland\u0131.<\/p>\n<p>Ali G. idaresindeki 07 APC 781 plakal\u0131 otomobil, Ka\u015f istikametinden Seydikemer&#8217;e ilerleyen \u00e7\u00f6p kamyonuna arkadan \u00e7arparak takla att\u0131. Yoldan ge\u00e7en di\u011fer s\u00fcr\u00fcc\u00fclerin ihbar\u0131 \u00fczerine olay yerine itfaiye, jandarma ve sa\u011fl\u0131k ekipleri y\u00f6nlendirildi. Kazada otomobil s\u00fcr\u00fcc\u00fcs\u00fc ile ara\u00e7taki Canan G. ve \u00c7\u0131nar G. yaraland\u0131. Yaral\u0131lar olay yerine gelen sa\u011fl\u0131k ekiplerinin ilk m\u00fcdahalelerinin ard\u0131ndan Ka\u015f Devlet Hastanesine kald\u0131r\u0131ld\u0131.<\/p>\n<p>Kaynak: www.kanalv.com.tr Haber Sitesinden Al\u0131nm\u0131\u015ft\u0131r.<\/p>","protected":false},"excerpt":{"rendered":"<p>ANTALYA\u2019n\u0131n Ka\u015f il\u00e7esi Kalkan Mahallesinde \u00e7\u00f6p toplama kamyonuna \u00e7arpan otomobildeki \u00fc\u00e7 ki\u015fi yaraland\u0131. Ali G. idaresindeki 07 APC 781 plakal\u0131 otomobil, Ka\u015f istikametinden Seydikemer&#8217;e ilerleyen \u00e7\u00f6p kamyonuna arkadan \u00e7arparak takla att\u0131. Yoldan ge\u00e7en di\u011fer s\u00fcr\u00fcc\u00fclerin ihbar\u0131 \u00fczerine olay yerine itfaiye, jandarma ve sa\u011fl\u0131k ekipleri y\u00f6nlendirildi. Kazada otomobil s\u00fcr\u00fcc\u00fcs\u00fc ile ara\u00e7taki Canan G. ve \u00c7\u0131nar G. yaraland\u0131. Yaral\u0131lar olay yerine gelen sa\u011fl\u0131k ekiplerinin ilk m\u00fcdahalelerinin ard\u0131ndan Ka\u015f Devlet Hastanesine kald\u0131r\u0131ld\u0131. Kaynak: www.kanalv.com.tr Haber Sitesinden Al\u0131nm\u0131\u015ft\u0131r.<\/p>","protected":false},"author":4,"featured_media":152655,"comment_status":"","ping_status":"open","sticky":false,"template":"","format":"standard","meta":{"_acf_changed":false,"footnotes":""},"categories":[26],"tags":[],"class_list":["post-152654","post","type-post","status-publish","format-standard","has-post-thumbnail","hentry","category-antalya"],"acf":[],"yoast_head":"<!-- This site is optimized with the Yoast SEO Premium plugin v26.6 (Yoast SEO v27.1.1) - https:\/\/yoast.com\/product\/yoast-seo-premium-wordpress\/ -->\n<title>\u00c7\u00f6p Kamyonuna \u00c7arpan Ara\u00e7 Takla Att\u0131: 3 Yaral\u0131 - Av. Deniz Can K\u0131z\u0131l<\/title>\n<meta name=\"robots\" content=\"index, follow, max-snippet:-1, max-image-preview:large, max-video-preview:-1\" \/>\n<link rel=\"canonical\" href=\"https:\/\/denizcankizil.tr\/en\/haberler\/antalya\/cop-kamyonuna-carpan-arac-takla-atti-3-yarali\/\" \/>\n<meta property=\"og:locale\" content=\"en_GB\" \/>\n<meta property=\"og:type\" content=\"article\" \/>\n<meta property=\"og:title\" content=\"\u00c7\u00f6p Kamyonuna \u00c7arpan Ara\u00e7 Takla Att\u0131: 3 Yaral\u0131\" \/>\n<meta property=\"og:description\" content=\"ANTALYA\u2019n\u0131n Ka\u015f il\u00e7esi Kalkan Mahallesinde \u00e7\u00f6p toplama kamyonuna \u00e7arpan otomobildeki \u00fc\u00e7 ki\u015fi yaraland\u0131. Ali G. idaresindeki 07 APC 781 plakal\u0131 otomobil, Ka\u015f istikametinden Seydikemer&#8217;e ilerleyen \u00e7\u00f6p kamyonuna arkadan \u00e7arparak takla att\u0131. Yoldan ge\u00e7en di\u011fer s\u00fcr\u00fcc\u00fclerin ihbar\u0131 \u00fczerine olay yerine itfaiye, jandarma ve sa\u011fl\u0131k ekipleri y\u00f6nlendirildi. Kazada otomobil s\u00fcr\u00fcc\u00fcs\u00fc ile ara\u00e7taki Canan G. ve \u00c7\u0131nar G. yaraland\u0131. Yaral\u0131lar olay yerine gelen sa\u011fl\u0131k ekiplerinin ilk m\u00fcdahalelerinin ard\u0131ndan Ka\u015f Devlet Hastanesine kald\u0131r\u0131ld\u0131. Kaynak: www.kanalv.com.tr Haber Sitesinden Al\u0131nm\u0131\u015ft\u0131r.\" \/>\n<meta property=\"og:url\" content=\"https:\/\/denizcankizil.tr\/en\/haberler\/antalya\/cop-kamyonuna-carpan-arac-takla-atti-3-yarali\/\" \/>\n<meta property=\"og:site_name\" content=\"Av. Deniz Can K\u0131z\u0131l\" \/>\n<meta property=\"article:published_time\" content=\"2025-07-21T08:41:31+00:00\" \/>\n<meta property=\"og:image\" content=\"https:\/\/denizcankizil.tr\/wp-content\/uploads\/2025\/07\/c-o-p-k-a-m-y-o-n-u-n-a-c-a-r-p-a-n-a-r-a-c-t-a-k-l-a-a-t-t-i-3-824664-244330-YRZIaA.jpg\" \/>\n\t<meta property=\"og:image:width\" content=\"1280\" \/>\n\t<meta property=\"og:image:height\" content=\"720\" \/>\n\t<meta property=\"og:image:type\" content=\"image\/jpeg\" \/>\n<meta name=\"author\" content=\"Av. Deniz Can K\u0131z\u0131l\" \/>\n<meta name=\"twitter:card\" content=\"summary_large_image\" \/>\n<meta name=\"twitter:label1\" content=\"Written by\" \/>\n\t<meta name=\"twitter:data1\" content=\"Av. Deniz Can K\u0131z\u0131l\" \/>\n\t<meta name=\"twitter:label2\" content=\"Estimated reading time\" \/>\n\t<meta name=\"twitter:data2\" content=\"1 minute\" \/>\n<script type=\"application\/ld+json\" class=\"yoast-schema-graph\">{\"@context\":\"https:\/\/schema.org\",\"@graph\":[{\"@type\":\"Article\",\"@id\":\"https:\/\/denizcankizil.tr\/en\/haberler\/antalya\/cop-kamyonuna-carpan-arac-takla-atti-3-yarali\/#article\",\"isPartOf\":{\"@id\":\"https:\/\/denizcankizil.tr\/en\/haberler\/antalya\/cop-kamyonuna-carpan-arac-takla-atti-3-yarali\/\"},\"author\":{\"name\":\"Av. Deniz Can K\u0131z\u0131l\",\"@id\":\"https:\/\/denizcankizil.tr\/de\/#\/schema\/person\/5dc1b22991bd7ac833867c10afc9b0ff\"},\"headline\":\"\u00c7\u00f6p Kamyonuna \u00c7arpan Ara\u00e7 Takla Att\u0131: 3 Yaral\u0131\",\"datePublished\":\"2025-07-21T08:41:31+00:00\",\"mainEntityOfPage\":{\"@id\":\"https:\/\/denizcankizil.tr\/en\/haberler\/antalya\/cop-kamyonuna-carpan-arac-takla-atti-3-yarali\/\"},\"wordCount\":108,\"publisher\":{\"@id\":\"https:\/\/denizcankizil.tr\/de\/#organization\"},\"image\":{\"@id\":\"https:\/\/denizcankizil.tr\/en\/haberler\/antalya\/cop-kamyonuna-carpan-arac-takla-atti-3-yarali\/#primaryimage\"},\"thumbnailUrl\":\"https:\/\/denizcankizil.tr\/wp-content\/uploads\/2025\/07\/c-o-p-k-a-m-y-o-n-u-n-a-c-a-r-p-a-n-a-r-a-c-t-a-k-l-a-a-t-t-i-3-824664-244330-YRZIaA.jpg\",\"articleSection\":[\"Antalya\"],\"inLanguage\":\"en-GB\"},{\"@type\":\"WebPage\",\"@id\":\"https:\/\/denizcankizil.tr\/en\/haberler\/antalya\/cop-kamyonuna-carpan-arac-takla-atti-3-yarali\/\",\"url\":\"https:\/\/denizcankizil.tr\/en\/haberler\/antalya\/cop-kamyonuna-carpan-arac-takla-atti-3-yarali\/\",\"name\":\"\u00c7\u00f6p Kamyonuna \u00c7arpan Ara\u00e7 Takla Att\u0131: 3 Yaral\u0131 - Av. Deniz Can K\u0131z\u0131l\",\"isPartOf\":{\"@id\":\"https:\/\/denizcankizil.tr\/de\/#website\"},\"primaryImageOfPage\":{\"@id\":\"https:\/\/denizcankizil.tr\/en\/haberler\/antalya\/cop-kamyonuna-carpan-arac-takla-atti-3-yarali\/#primaryimage\"},\"image\":{\"@id\":\"https:\/\/denizcankizil.tr\/en\/haberler\/antalya\/cop-kamyonuna-carpan-arac-takla-atti-3-yarali\/#primaryimage\"},\"thumbnailUrl\":\"https:\/\/denizcankizil.tr\/wp-content\/uploads\/2025\/07\/c-o-p-k-a-m-y-o-n-u-n-a-c-a-r-p-a-n-a-r-a-c-t-a-k-l-a-a-t-t-i-3-824664-244330-YRZIaA.jpg\",\"datePublished\":\"2025-07-21T08:41:31+00:00\",\"breadcrumb\":{\"@id\":\"https:\/\/denizcankizil.tr\/en\/haberler\/antalya\/cop-kamyonuna-carpan-arac-takla-atti-3-yarali\/#breadcrumb\"},\"inLanguage\":\"en-GB\",\"potentialAction\":[{\"@type\":\"ReadAction\",\"target\":[\"https:\/\/denizcankizil.tr\/en\/haberler\/antalya\/cop-kamyonuna-carpan-arac-takla-atti-3-yarali\/\"]}]},{\"@type\":\"ImageObject\",\"inLanguage\":\"en-GB\",\"@id\":\"https:\/\/denizcankizil.tr\/en\/haberler\/antalya\/cop-kamyonuna-carpan-arac-takla-atti-3-yarali\/#primaryimage\",\"url\":\"https:\/\/denizcankizil.tr\/wp-content\/uploads\/2025\/07\/c-o-p-k-a-m-y-o-n-u-n-a-c-a-r-p-a-n-a-r-a-c-t-a-k-l-a-a-t-t-i-3-824664-244330-YRZIaA.jpg\",\"contentUrl\":\"https:\/\/denizcankizil.tr\/wp-content\/uploads\/2025\/07\/c-o-p-k-a-m-y-o-n-u-n-a-c-a-r-p-a-n-a-r-a-c-t-a-k-l-a-a-t-t-i-3-824664-244330-YRZIaA.jpg\",\"width\":1280,\"height\":720},{\"@type\":\"BreadcrumbList\",\"@id\":\"https:\/\/denizcankizil.tr\/en\/haberler\/antalya\/cop-kamyonuna-carpan-arac-takla-atti-3-yarali\/#breadcrumb\",\"itemListElement\":[{\"@type\":\"ListItem\",\"position\":1,\"name\":\"Home\",\"item\":\"https:\/\/denizcankizil.tr\/de\/\"},{\"@type\":\"ListItem\",\"position\":2,\"name\":\"\u00c7\u00f6p Kamyonuna \u00c7arpan Ara\u00e7 Takla Att\u0131: 3 Yaral\u0131\"}]},{\"@type\":\"WebSite\",\"@id\":\"https:\/\/denizcankizil.tr\/de\/#website\",\"url\":\"https:\/\/denizcankizil.tr\/de\/\",\"name\":\"Av. Deniz Can K\u0131z\u0131l\",\"description\":\"Avukat Deniz Can K\u0131z\u0131l Antalya Barosu\",\"publisher\":{\"@id\":\"https:\/\/denizcankizil.tr\/de\/#organization\"},\"potentialAction\":[{\"@type\":\"SearchAction\",\"target\":{\"@type\":\"EntryPoint\",\"urlTemplate\":\"https:\/\/denizcankizil.tr\/de\/?s={search_term_string}\"},\"query-input\":{\"@type\":\"PropertyValueSpecification\",\"valueRequired\":true,\"valueName\":\"search_term_string\"}}],\"inLanguage\":\"en-GB\"},{\"@type\":\"Organization\",\"@id\":\"https:\/\/denizcankizil.tr\/de\/#organization\",\"name\":\"Av. Deniz Can K\u0131z\u0131l\",\"url\":\"https:\/\/denizcankizil.tr\/de\/\",\"logo\":{\"@type\":\"ImageObject\",\"inLanguage\":\"en-GB\",\"@id\":\"https:\/\/denizcankizil.tr\/de\/#\/schema\/logo\/image\/\",\"url\":\"https:\/\/denizcankizil.tr\/wp-content\/uploads\/2024\/10\/siyah-logo-svg.svg\",\"contentUrl\":\"https:\/\/denizcankizil.tr\/wp-content\/uploads\/2024\/10\/siyah-logo-svg.svg\",\"width\":1080,\"height\":1080,\"caption\":\"Av. Deniz Can K\u0131z\u0131l\"},\"image\":{\"@id\":\"https:\/\/denizcankizil.tr\/de\/#\/schema\/logo\/image\/\"}},{\"@type\":\"Person\",\"@id\":\"https:\/\/denizcankizil.tr\/de\/#\/schema\/person\/5dc1b22991bd7ac833867c10afc9b0ff\",\"name\":\"Av. Deniz Can K\u0131z\u0131l\",\"image\":{\"@type\":\"ImageObject\",\"inLanguage\":\"en-GB\",\"@id\":\"https:\/\/denizcankizil.tr\/de\/#\/schema\/person\/image\/\",\"url\":\"https:\/\/secure.gravatar.com\/avatar\/a0b128fb9855c79efc976d5640eedb31dc35ec297594d6016d2cf7c60e975bb6?s=96&d=mm&r=g\",\"contentUrl\":\"https:\/\/secure.gravatar.com\/avatar\/a0b128fb9855c79efc976d5640eedb31dc35ec297594d6016d2cf7c60e975bb6?s=96&d=mm&r=g\",\"caption\":\"Av. Deniz Can K\u0131z\u0131l\"},\"sameAs\":[\"http:\/\/www.denizcankizil.tr\"],\"url\":\"https:\/\/denizcankizil.tr\/en\/author\/denizcankizil\/\"}]}<\/script>\n<!-- \/ Yoast SEO Premium plugin. -->","yoast_head_json":{"title":"\u00c7\u00f6p Kamyonuna \u00c7arpan Ara\u00e7 Takla Att\u0131: 3 Yaral\u0131 - Av. Deniz Can K\u0131z\u0131l","robots":{"index":"index","follow":"follow","max-snippet":"max-snippet:-1","max-image-preview":"max-image-preview:large","max-video-preview":"max-video-preview:-1"},"canonical":"https:\/\/denizcankizil.tr\/en\/haberler\/antalya\/cop-kamyonuna-carpan-arac-takla-atti-3-yarali\/","og_locale":"en_GB","og_type":"article","og_title":"\u00c7\u00f6p Kamyonuna \u00c7arpan Ara\u00e7 Takla Att\u0131: 3 Yaral\u0131","og_description":"ANTALYA\u2019n\u0131n Ka\u015f il\u00e7esi Kalkan Mahallesinde \u00e7\u00f6p toplama kamyonuna \u00e7arpan otomobildeki \u00fc\u00e7 ki\u015fi yaraland\u0131. Ali G. idaresindeki 07 APC 781 plakal\u0131 otomobil, Ka\u015f istikametinden Seydikemer&#8217;e ilerleyen \u00e7\u00f6p kamyonuna arkadan \u00e7arparak takla att\u0131. Yoldan ge\u00e7en di\u011fer s\u00fcr\u00fcc\u00fclerin ihbar\u0131 \u00fczerine olay yerine itfaiye, jandarma ve sa\u011fl\u0131k ekipleri y\u00f6nlendirildi. Kazada otomobil s\u00fcr\u00fcc\u00fcs\u00fc ile ara\u00e7taki Canan G. ve \u00c7\u0131nar G. yaraland\u0131. Yaral\u0131lar olay yerine gelen sa\u011fl\u0131k ekiplerinin ilk m\u00fcdahalelerinin ard\u0131ndan Ka\u015f Devlet Hastanesine kald\u0131r\u0131ld\u0131. Kaynak: www.kanalv.com.tr Haber Sitesinden Al\u0131nm\u0131\u015ft\u0131r.","og_url":"https:\/\/denizcankizil.tr\/en\/haberler\/antalya\/cop-kamyonuna-carpan-arac-takla-atti-3-yarali\/","og_site_name":"Av. Deniz Can K\u0131z\u0131l","article_published_time":"2025-07-21T08:41:31+00:00","og_image":[{"width":1280,"height":720,"url":"https:\/\/denizcankizil.tr\/wp-content\/uploads\/2025\/07\/c-o-p-k-a-m-y-o-n-u-n-a-c-a-r-p-a-n-a-r-a-c-t-a-k-l-a-a-t-t-i-3-824664-244330-YRZIaA.jpg","type":"image\/jpeg"}],"author":"Av. Deniz Can K\u0131z\u0131l","twitter_card":"summary_large_image","twitter_misc":{"Written by":"Av. Deniz Can K\u0131z\u0131l","Estimated reading time":"1 minute"},"schema":{"@context":"https:\/\/schema.org","@graph":[{"@type":"Article","@id":"https:\/\/denizcankizil.tr\/en\/haberler\/antalya\/cop-kamyonuna-carpan-arac-takla-atti-3-yarali\/#article","isPartOf":{"@id":"https:\/\/denizcankizil.tr\/en\/haberler\/antalya\/cop-kamyonuna-carpan-arac-takla-atti-3-yarali\/"},"author":{"name":"Av. Deniz Can K\u0131z\u0131l","@id":"https:\/\/denizcankizil.tr\/de\/#\/schema\/person\/5dc1b22991bd7ac833867c10afc9b0ff"},"headline":"\u00c7\u00f6p Kamyonuna \u00c7arpan Ara\u00e7 Takla Att\u0131: 3 Yaral\u0131","datePublished":"2025-07-21T08:41:31+00:00","mainEntityOfPage":{"@id":"https:\/\/denizcankizil.tr\/en\/haberler\/antalya\/cop-kamyonuna-carpan-arac-takla-atti-3-yarali\/"},"wordCount":108,"publisher":{"@id":"https:\/\/denizcankizil.tr\/de\/#organization"},"image":{"@id":"https:\/\/denizcankizil.tr\/en\/haberler\/antalya\/cop-kamyonuna-carpan-arac-takla-atti-3-yarali\/#primaryimage"},"thumbnailUrl":"https:\/\/denizcankizil.tr\/wp-content\/uploads\/2025\/07\/c-o-p-k-a-m-y-o-n-u-n-a-c-a-r-p-a-n-a-r-a-c-t-a-k-l-a-a-t-t-i-3-824664-244330-YRZIaA.jpg","articleSection":["Antalya"],"inLanguage":"en-GB"},{"@type":"WebPage","@id":"https:\/\/denizcankizil.tr\/en\/haberler\/antalya\/cop-kamyonuna-carpan-arac-takla-atti-3-yarali\/","url":"https:\/\/denizcankizil.tr\/en\/haberler\/antalya\/cop-kamyonuna-carpan-arac-takla-atti-3-yarali\/","name":"\u00c7\u00f6p Kamyonuna \u00c7arpan Ara\u00e7 Takla Att\u0131: 3 Yaral\u0131 - Av. Deniz Can K\u0131z\u0131l","isPartOf":{"@id":"https:\/\/denizcankizil.tr\/de\/#website"},"primaryImageOfPage":{"@id":"https:\/\/denizcankizil.tr\/en\/haberler\/antalya\/cop-kamyonuna-carpan-arac-takla-atti-3-yarali\/#primaryimage"},"image":{"@id":"https:\/\/denizcankizil.tr\/en\/haberler\/antalya\/cop-kamyonuna-carpan-arac-takla-atti-3-yarali\/#primaryimage"},"thumbnailUrl":"https:\/\/denizcankizil.tr\/wp-content\/uploads\/2025\/07\/c-o-p-k-a-m-y-o-n-u-n-a-c-a-r-p-a-n-a-r-a-c-t-a-k-l-a-a-t-t-i-3-824664-244330-YRZIaA.jpg","datePublished":"2025-07-21T08:41:31+00:00","breadcrumb":{"@id":"https:\/\/denizcankizil.tr\/en\/haberler\/antalya\/cop-kamyonuna-carpan-arac-takla-atti-3-yarali\/#breadcrumb"},"inLanguage":"en-GB","potentialAction":[{"@type":"ReadAction","target":["https:\/\/denizcankizil.tr\/en\/haberler\/antalya\/cop-kamyonuna-carpan-arac-takla-atti-3-yarali\/"]}]},{"@type":"ImageObject","inLanguage":"en-GB","@id":"https:\/\/denizcankizil.tr\/en\/haberler\/antalya\/cop-kamyonuna-carpan-arac-takla-atti-3-yarali\/#primaryimage","url":"https:\/\/denizcankizil.tr\/wp-content\/uploads\/2025\/07\/c-o-p-k-a-m-y-o-n-u-n-a-c-a-r-p-a-n-a-r-a-c-t-a-k-l-a-a-t-t-i-3-824664-244330-YRZIaA.jpg","contentUrl":"https:\/\/denizcankizil.tr\/wp-content\/uploads\/2025\/07\/c-o-p-k-a-m-y-o-n-u-n-a-c-a-r-p-a-n-a-r-a-c-t-a-k-l-a-a-t-t-i-3-824664-244330-YRZIaA.jpg","width":1280,"height":720},{"@type":"BreadcrumbList","@id":"https:\/\/denizcankizil.tr\/en\/haberler\/antalya\/cop-kamyonuna-carpan-arac-takla-atti-3-yarali\/#breadcrumb","itemListElement":[{"@type":"ListItem","position":1,"name":"Home","item":"https:\/\/denizcankizil.tr\/de\/"},{"@type":"ListItem","position":2,"name":"\u00c7\u00f6p Kamyonuna \u00c7arpan Ara\u00e7 Takla Att\u0131: 3 Yaral\u0131"}]},{"@type":"WebSite","@id":"https:\/\/denizcankizil.tr\/de\/#website","url":"https:\/\/denizcankizil.tr\/de\/","name":"Av. Deniz Can K\u0131z\u0131l","description":"Avukat Deniz Can K\u0131z\u0131l Antalya Barosu","publisher":{"@id":"https:\/\/denizcankizil.tr\/de\/#organization"},"potentialAction":[{"@type":"SearchAction","target":{"@type":"EntryPoint","urlTemplate":"https:\/\/denizcankizil.tr\/de\/?s={search_term_string}"},"query-input":{"@type":"PropertyValueSpecification","valueRequired":true,"valueName":"search_term_string"}}],"inLanguage":"en-GB"},{"@type":"Organization","@id":"https:\/\/denizcankizil.tr\/de\/#organization","name":"Av. Deniz Can K\u0131z\u0131l","url":"https:\/\/denizcankizil.tr\/de\/","logo":{"@type":"ImageObject","inLanguage":"en-GB","@id":"https:\/\/denizcankizil.tr\/de\/#\/schema\/logo\/image\/","url":"https:\/\/denizcankizil.tr\/wp-content\/uploads\/2024\/10\/siyah-logo-svg.svg","contentUrl":"https:\/\/denizcankizil.tr\/wp-content\/uploads\/2024\/10\/siyah-logo-svg.svg","width":1080,"height":1080,"caption":"Av. Deniz Can K\u0131z\u0131l"},"image":{"@id":"https:\/\/denizcankizil.tr\/de\/#\/schema\/logo\/image\/"}},{"@type":"Person","@id":"https:\/\/denizcankizil.tr\/de\/#\/schema\/person\/5dc1b22991bd7ac833867c10afc9b0ff","name":"Av. Deniz Can K\u0131z\u0131l","image":{"@type":"ImageObject","inLanguage":"en-GB","@id":"https:\/\/denizcankizil.tr\/de\/#\/schema\/person\/image\/","url":"https:\/\/secure.gravatar.com\/avatar\/a0b128fb9855c79efc976d5640eedb31dc35ec297594d6016d2cf7c60e975bb6?s=96&d=mm&r=g","contentUrl":"https:\/\/secure.gravatar.com\/avatar\/a0b128fb9855c79efc976d5640eedb31dc35ec297594d6016d2cf7c60e975bb6?s=96&d=mm&r=g","caption":"Av. Deniz Can K\u0131z\u0131l"},"sameAs":["http:\/\/www.denizcankizil.tr"],"url":"https:\/\/denizcankizil.tr\/en\/author\/denizcankizil\/"}]}},"_links":{"self":[{"href":"https:\/\/denizcankizil.tr\/en\/wp-json\/wp\/v2\/posts\/152654","targetHints":{"allow":["GET"]}}],"collection":[{"href":"https:\/\/denizcankizil.tr\/en\/wp-json\/wp\/v2\/posts"}],"about":[{"href":"https:\/\/denizcankizil.tr\/en\/wp-json\/wp\/v2\/types\/post"}],"author":[{"embeddable":true,"href":"https:\/\/denizcankizil.tr\/en\/wp-json\/wp\/v2\/users\/4"}],"replies":[{"embeddable":true,"href":"https:\/\/denizcankizil.tr\/en\/wp-json\/wp\/v2\/comments?post=152654"}],"version-history":[{"count":0,"href":"https:\/\/denizcankizil.tr\/en\/wp-json\/wp\/v2\/posts\/152654\/revisions"}],"wp:featuredmedia":[{"embeddable":true,"href":"https:\/\/denizcankizil.tr\/en\/wp-json\/wp\/v2\/media\/152655"}],"wp:attachment":[{"href":"https:\/\/denizcankizil.tr\/en\/wp-json\/wp\/v2\/media?parent=152654"}],"wp:term":[{"taxonomy":"category","embeddable":true,"href":"https:\/\/denizcankizil.tr\/en\/wp-json\/wp\/v2\/categories?post=152654"},{"taxonomy":"post_tag","embeddable":true,"href":"https:\/\/denizcankizil.tr\/en\/wp-json\/wp\/v2\/tags?post=152654"}],"curies":[{"name":"wp","href":"https:\/\/api.w.org\/{rel}","templated":true}]}}