{"id":15156,"date":"2024-11-10T14:41:28","date_gmt":"2024-11-10T11:41:28","guid":{"rendered":"https:\/\/denizcankizil.tr\/uncategorized-tr\/umit-uysalin-oglundan-sevindiren-haber\/"},"modified":"2024-11-10T14:41:28","modified_gmt":"2024-11-10T11:41:28","slug":"umit-uysalin-oglundan-sevindiren-haber","status":"publish","type":"post","link":"https:\/\/denizcankizil.tr\/en\/haberler\/gundem\/umit-uysalin-oglundan-sevindiren-haber\/","title":{"rendered":"\u00dcmit Uysal\u2019\u0131n o\u011flundan sevindiren haber!"},"content":{"rendered":"<p>Olay, Muratpa\u015fa il\u00e7esi Fener Mahallesi\u2019nde meydana geldi. CHP&#8217;den 3 d\u00f6nemdir Muratpa\u015fa Belediye Ba\u015fkan\u0131 olan \u00dcmit Uysal&#8217;\u0131n o\u011flu E.U., evlerinin banyosunda ba\u015f\u0131ndan tabancayla vurulmu\u015f halde bulundu. E.U.&#8217;yu kan i\u00e7erisinde g\u00f6ren yak\u0131nlar\u0131, kucaklayarak binadan indirip, otomobil ile yak\u0131ndaki \u00f6zel bir hastaneye g\u00f6t\u00fcrd\u00fc. Bilinci a\u00e7\u0131k olan E.U., ameliyata al\u0131nd\u0131. Ameliyat s\u00fcrd\u00fc\u011f\u00fc s\u0131rada, haberi alan Muratpa\u015fa Kaymakam\u0131 \u0130hsan Kara ve CHP parti y\u00f6neticileri, hastanenin acil servisine gelip, beklemeye ba\u015flad\u0131.<\/p>\n<p>EMN\u0130YETTEN \u0130NT\u0130HAR A\u00c7IKLAMASI<\/p>\n<p>E.U.&#8217;nun hayati tehlikesinin bulunmad\u0131\u011f\u0131, ameliyat\u0131n\u0131n devam etti\u011fi belirtildi. Toplant\u0131 i\u00e7in \u0130stanbul\u2019da bulunan Ba\u015fkan Uysal&#8217;\u0131n ise haberi al\u0131nca ilk u\u00e7akla Antalya\u2019ya yola \u00e7\u0131kt\u0131\u011f\u0131 belirtildi. E.U.&#8217;nun bir s\u00fcredir psikolojik s\u0131k\u0131nt\u0131lar ya\u015fad\u0131\u011f\u0131 \u00f6ne s\u00fcr\u00fcld\u00fc. \u00a0Kona dair bir a\u00e7\u0131klamada Antalya Emniyet M\u00fcd\u00fcrl\u00fc\u011f\u00fc yetkililerinden geldi. Antalya Emniyet M\u00fcd\u00fcrl\u00fc\u011f\u00fc, 17 ya\u015f\u0131ndaki \u00e7ocu\u011fun sald\u0131r\u0131ya u\u011framad\u0131\u011f\u0131n\u0131, kendi ya\u015fam\u0131na son verme giri\u015fiminde bulundu\u011funu a\u00e7\u0131klad\u0131.\u00a0<\/p>\n<p>AMEL\u0130YAT BA\u015eARILI<\/p>\n<p>Muratpa\u015fa Belediye Ba\u015fkan\u0131 \u00dcmit Uysal, o\u011flu E.U.&#8217;nun sa\u011fl\u0131k durumu hakk\u0131nda sosyal medya hesab\u0131nda payla\u015f\u0131mda bulundu. Ba\u015fkan Uysal&#8217;\u0131n payla\u015f\u0131m\u0131nda \u015fu ifadeler yer ald\u0131: &#8220;O\u011flum Efe ile ilgili iyi dileklerini ileten, dualar\u0131n\u0131 esirgemeyen herkese \u00e7ok te\u015fekk\u00fcr ederim. Ba\u015far\u0131l\u0131 bir ameliyat ge\u00e7irdi, \u00f6n\u00fcm\u00fczdeki 72 saat \u00e7ok \u00f6nemli. \u015eu an bir baba olarak duygular\u0131m\u0131 ifade etmem m\u00fcmk\u00fcn de\u011fil. Kamuoyunun anlay\u0131\u015f g\u00f6sterece\u011fine inan\u0131yor, kalbi bizimle olan herkese bir kez daha te\u015fekk\u00fcr ediyorum.&#8221; Al\u0131nan son bilgiye g\u00f6re E.U.&#8217;nun uyand\u0131r\u0131ld\u0131\u011f\u0131 ve sa\u011fl\u0131\u011f\u0131n\u0131n iyiye gitti\u011fi, \u00f6n\u00fcm\u00fczdeki g\u00fcnlerde kapsaml\u0131 bir a\u00e7\u0131klaman\u0131n yap\u0131laca\u011f\u0131 ifade edildi.<\/p>\n<p>\u200bAntalya&#8217;da Muratpa\u015fa Belediye Ba\u015fkan\u0131 \u00dcmit Uysal&#8217;\u0131n 17 ya\u015f\u0131ndaki o\u011flu E.U., evinde tabancayla vurulmu\u015f halde bulundu. Ameliyata al\u0131nan E.U.&#8217;nun uyand\u0131r\u0131ld\u0131\u011f\u0131 ve sa\u011fl\u0131\u011f\u0131n\u0131n iyiye gitti\u011fi \u00f6\u011frenildi.\u00a0<\/p>\n<p>\u200bHaberin Al\u0131nt\u0131land\u0131\u011f\u0131 Kaynak: www.antalyakorfez.com<\/p>","protected":false},"excerpt":{"rendered":"<p>Olay, Muratpa\u015fa il\u00e7esi Fener Mahallesi\u2019nde meydana geldi. CHP&#8217;den 3 d\u00f6nemdir Muratpa\u015fa Belediye Ba\u015fkan\u0131 olan \u00dcmit Uysal&#8217;\u0131n o\u011flu E.U., evlerinin banyosunda ba\u015f\u0131ndan tabancayla vurulmu\u015f halde bulundu. E.U.&#8217;yu kan i\u00e7erisinde g\u00f6ren yak\u0131nlar\u0131, kucaklayarak binadan indirip, otomobil ile yak\u0131ndaki \u00f6zel bir hastaneye g\u00f6t\u00fcrd\u00fc. Bilinci a\u00e7\u0131k olan E.U., ameliyata al\u0131nd\u0131. Ameliyat s\u00fcrd\u00fc\u011f\u00fc s\u0131rada, haberi alan Muratpa\u015fa Kaymakam\u0131 \u0130hsan Kara ve CHP parti y\u00f6neticileri, hastanenin acil servisine gelip, beklemeye ba\u015flad\u0131. EMN\u0130YETTEN \u0130NT\u0130HAR A\u00c7IKLAMASI E.U.&#8217;nun hayati tehlikesinin bulunmad\u0131\u011f\u0131, ameliyat\u0131n\u0131n devam etti\u011fi belirtildi. Toplant\u0131 i\u00e7in \u0130stanbul\u2019da bulunan Ba\u015fkan Uysal&#8217;\u0131n ise haberi al\u0131nca ilk u\u00e7akla Antalya\u2019ya yola \u00e7\u0131kt\u0131\u011f\u0131 belirtildi. E.U.&#8217;nun bir s\u00fcredir psikolojik s\u0131k\u0131nt\u0131lar ya\u015fad\u0131\u011f\u0131 \u00f6ne s\u00fcr\u00fcld\u00fc. \u00a0Kona dair bir a\u00e7\u0131klamada Antalya Emniyet M\u00fcd\u00fcrl\u00fc\u011f\u00fc yetkililerinden geldi. Antalya Emniyet M\u00fcd\u00fcrl\u00fc\u011f\u00fc, 17 ya\u015f\u0131ndaki \u00e7ocu\u011fun sald\u0131r\u0131ya u\u011framad\u0131\u011f\u0131n\u0131, kendi ya\u015fam\u0131na son verme giri\u015fiminde bulundu\u011funu a\u00e7\u0131klad\u0131.\u00a0 AMEL\u0130YAT BA\u015eARILI Muratpa\u015fa Belediye Ba\u015fkan\u0131 \u00dcmit Uysal, o\u011flu E.U.&#8217;nun sa\u011fl\u0131k durumu hakk\u0131nda sosyal medya hesab\u0131nda payla\u015f\u0131mda bulundu. Ba\u015fkan Uysal&#8217;\u0131n payla\u015f\u0131m\u0131nda \u015fu ifadeler yer ald\u0131: &#8220;O\u011flum Efe ile ilgili iyi dileklerini ileten, dualar\u0131n\u0131 esirgemeyen herkese \u00e7ok te\u015fekk\u00fcr ederim. Ba\u015far\u0131l\u0131 bir ameliyat ge\u00e7irdi, \u00f6n\u00fcm\u00fczdeki 72 saat \u00e7ok \u00f6nemli. \u015eu an bir baba olarak duygular\u0131m\u0131 ifade etmem m\u00fcmk\u00fcn de\u011fil. Kamuoyunun anlay\u0131\u015f g\u00f6sterece\u011fine inan\u0131yor, kalbi bizimle olan herkese bir kez daha te\u015fekk\u00fcr ediyorum.&#8221; Al\u0131nan son bilgiye g\u00f6re E.U.&#8217;nun uyand\u0131r\u0131ld\u0131\u011f\u0131 ve sa\u011fl\u0131\u011f\u0131n\u0131n &hellip;<\/p>","protected":false},"author":0,"featured_media":0,"comment_status":"open","ping_status":"open","sticky":false,"template":"","format":"standard","meta":{"_acf_changed":false,"footnotes":""},"categories":[24,535],"tags":[],"class_list":["post-15156","post","type-post","status-publish","format-standard","has-post-thumbnail","hentry","category-gundem","category-uncategorized-tr"],"acf":[],"yoast_head":"<!-- This site is optimized with the Yoast SEO Premium plugin v26.6 (Yoast SEO v27.1.1) - https:\/\/yoast.com\/product\/yoast-seo-premium-wordpress\/ -->\n<title>\u00dcmit Uysal\u2019\u0131n o\u011flundan sevindiren haber! - Av. Deniz Can K\u0131z\u0131l<\/title>\n<meta name=\"robots\" content=\"index, follow, max-snippet:-1, max-image-preview:large, max-video-preview:-1\" \/>\n<link rel=\"canonical\" href=\"https:\/\/denizcankizil.tr\/en\/haberler\/gundem\/umit-uysalin-oglundan-sevindiren-haber\/\" \/>\n<meta property=\"og:locale\" content=\"en_GB\" \/>\n<meta property=\"og:type\" content=\"article\" \/>\n<meta property=\"og:title\" content=\"\u00dcmit Uysal\u2019\u0131n o\u011flundan sevindiren haber!\" \/>\n<meta property=\"og:description\" content=\"Olay, Muratpa\u015fa il\u00e7esi Fener Mahallesi\u2019nde meydana geldi. CHP&#8217;den 3 d\u00f6nemdir Muratpa\u015fa Belediye Ba\u015fkan\u0131 olan \u00dcmit Uysal&#8217;\u0131n o\u011flu E.U., evlerinin banyosunda ba\u015f\u0131ndan tabancayla vurulmu\u015f halde bulundu. E.U.&#8217;yu kan i\u00e7erisinde g\u00f6ren yak\u0131nlar\u0131, kucaklayarak binadan indirip, otomobil ile yak\u0131ndaki \u00f6zel bir hastaneye g\u00f6t\u00fcrd\u00fc. Bilinci a\u00e7\u0131k olan E.U., ameliyata al\u0131nd\u0131. Ameliyat s\u00fcrd\u00fc\u011f\u00fc s\u0131rada, haberi alan Muratpa\u015fa Kaymakam\u0131 \u0130hsan Kara ve CHP parti y\u00f6neticileri, hastanenin acil servisine gelip, beklemeye ba\u015flad\u0131. EMN\u0130YETTEN \u0130NT\u0130HAR A\u00c7IKLAMASI E.U.&#8217;nun hayati tehlikesinin bulunmad\u0131\u011f\u0131, ameliyat\u0131n\u0131n devam etti\u011fi belirtildi. Toplant\u0131 i\u00e7in \u0130stanbul\u2019da bulunan Ba\u015fkan Uysal&#8217;\u0131n ise haberi al\u0131nca ilk u\u00e7akla Antalya\u2019ya yola \u00e7\u0131kt\u0131\u011f\u0131 belirtildi. E.U.&#8217;nun bir s\u00fcredir psikolojik s\u0131k\u0131nt\u0131lar ya\u015fad\u0131\u011f\u0131 \u00f6ne s\u00fcr\u00fcld\u00fc. \u00a0Kona dair bir a\u00e7\u0131klamada Antalya Emniyet M\u00fcd\u00fcrl\u00fc\u011f\u00fc yetkililerinden geldi. Antalya Emniyet M\u00fcd\u00fcrl\u00fc\u011f\u00fc, 17 ya\u015f\u0131ndaki \u00e7ocu\u011fun sald\u0131r\u0131ya u\u011framad\u0131\u011f\u0131n\u0131, kendi ya\u015fam\u0131na son verme giri\u015fiminde bulundu\u011funu a\u00e7\u0131klad\u0131.\u00a0 AMEL\u0130YAT BA\u015eARILI Muratpa\u015fa Belediye Ba\u015fkan\u0131 \u00dcmit Uysal, o\u011flu E.U.&#8217;nun sa\u011fl\u0131k durumu hakk\u0131nda sosyal medya hesab\u0131nda payla\u015f\u0131mda bulundu. Ba\u015fkan Uysal&#8217;\u0131n payla\u015f\u0131m\u0131nda \u015fu ifadeler yer ald\u0131: &#8220;O\u011flum Efe ile ilgili iyi dileklerini ileten, dualar\u0131n\u0131 esirgemeyen herkese \u00e7ok te\u015fekk\u00fcr ederim. Ba\u015far\u0131l\u0131 bir ameliyat ge\u00e7irdi, \u00f6n\u00fcm\u00fczdeki 72 saat \u00e7ok \u00f6nemli. \u015eu an bir baba olarak duygular\u0131m\u0131 ifade etmem m\u00fcmk\u00fcn de\u011fil. Kamuoyunun anlay\u0131\u015f g\u00f6sterece\u011fine inan\u0131yor, kalbi bizimle olan herkese bir kez daha te\u015fekk\u00fcr ediyorum.&#8221; Al\u0131nan son bilgiye g\u00f6re E.U.&#8217;nun uyand\u0131r\u0131ld\u0131\u011f\u0131 ve sa\u011fl\u0131\u011f\u0131n\u0131n &hellip;\" \/>\n<meta property=\"og:url\" content=\"https:\/\/denizcankizil.tr\/en\/haberler\/gundem\/umit-uysalin-oglundan-sevindiren-haber\/\" \/>\n<meta property=\"og:site_name\" content=\"Av. Deniz Can K\u0131z\u0131l\" \/>\n<meta property=\"article:published_time\" content=\"2024-11-10T11:41:28+00:00\" \/>\n<meta name=\"twitter:card\" content=\"summary_large_image\" \/>\n<meta name=\"twitter:label1\" content=\"Estimated reading time\" \/>\n\t<meta name=\"twitter:data1\" content=\"2 minutes\" \/>\n<script type=\"application\/ld+json\" class=\"yoast-schema-graph\">{\"@context\":\"https:\/\/schema.org\",\"@graph\":[{\"@type\":\"Article\",\"@id\":\"https:\/\/denizcankizil.tr\/en\/haberler\/gundem\/umit-uysalin-oglundan-sevindiren-haber\/#article\",\"isPartOf\":{\"@id\":\"https:\/\/denizcankizil.tr\/en\/haberler\/gundem\/umit-uysalin-oglundan-sevindiren-haber\/\"},\"author\":{\"name\":\"\",\"@id\":\"\"},\"headline\":\"\u00dcmit Uysal\u2019\u0131n o\u011flundan sevindiren haber!\",\"datePublished\":\"2024-11-10T11:41:28+00:00\",\"mainEntityOfPage\":{\"@id\":\"https:\/\/denizcankizil.tr\/en\/haberler\/gundem\/umit-uysalin-oglundan-sevindiren-haber\/\"},\"wordCount\":378,\"commentCount\":0,\"publisher\":{\"@id\":\"https:\/\/denizcankizil.tr\/de\/#organization\"},\"articleSection\":[\"G\u00fcndem\",\"Uncategorized\"],\"inLanguage\":\"en-GB\",\"potentialAction\":[{\"@type\":\"CommentAction\",\"name\":\"Comment\",\"target\":[\"https:\/\/denizcankizil.tr\/en\/haberler\/gundem\/umit-uysalin-oglundan-sevindiren-haber\/#respond\"]}]},{\"@type\":\"WebPage\",\"@id\":\"https:\/\/denizcankizil.tr\/en\/haberler\/gundem\/umit-uysalin-oglundan-sevindiren-haber\/\",\"url\":\"https:\/\/denizcankizil.tr\/en\/haberler\/gundem\/umit-uysalin-oglundan-sevindiren-haber\/\",\"name\":\"\u00dcmit Uysal\u2019\u0131n o\u011flundan sevindiren haber! - Av. Deniz Can K\u0131z\u0131l\",\"isPartOf\":{\"@id\":\"https:\/\/denizcankizil.tr\/de\/#website\"},\"datePublished\":\"2024-11-10T11:41:28+00:00\",\"breadcrumb\":{\"@id\":\"https:\/\/denizcankizil.tr\/en\/haberler\/gundem\/umit-uysalin-oglundan-sevindiren-haber\/#breadcrumb\"},\"inLanguage\":\"en-GB\",\"potentialAction\":[{\"@type\":\"ReadAction\",\"target\":[\"https:\/\/denizcankizil.tr\/en\/haberler\/gundem\/umit-uysalin-oglundan-sevindiren-haber\/\"]}]},{\"@type\":\"BreadcrumbList\",\"@id\":\"https:\/\/denizcankizil.tr\/en\/haberler\/gundem\/umit-uysalin-oglundan-sevindiren-haber\/#breadcrumb\",\"itemListElement\":[{\"@type\":\"ListItem\",\"position\":1,\"name\":\"Home\",\"item\":\"https:\/\/denizcankizil.tr\/de\/\"},{\"@type\":\"ListItem\",\"position\":2,\"name\":\"\u00dcmit Uysal\u2019\u0131n o\u011flundan sevindiren haber!\"}]},{\"@type\":\"WebSite\",\"@id\":\"https:\/\/denizcankizil.tr\/de\/#website\",\"url\":\"https:\/\/denizcankizil.tr\/de\/\",\"name\":\"Av. Deniz Can K\u0131z\u0131l\",\"description\":\"Avukat Deniz Can K\u0131z\u0131l Antalya Barosu\",\"publisher\":{\"@id\":\"https:\/\/denizcankizil.tr\/de\/#organization\"},\"potentialAction\":[{\"@type\":\"SearchAction\",\"target\":{\"@type\":\"EntryPoint\",\"urlTemplate\":\"https:\/\/denizcankizil.tr\/de\/?s={search_term_string}\"},\"query-input\":{\"@type\":\"PropertyValueSpecification\",\"valueRequired\":true,\"valueName\":\"search_term_string\"}}],\"inLanguage\":\"en-GB\"},{\"@type\":\"Organization\",\"@id\":\"https:\/\/denizcankizil.tr\/de\/#organization\",\"name\":\"Av. Deniz Can K\u0131z\u0131l\",\"url\":\"https:\/\/denizcankizil.tr\/de\/\",\"logo\":{\"@type\":\"ImageObject\",\"inLanguage\":\"en-GB\",\"@id\":\"https:\/\/denizcankizil.tr\/de\/#\/schema\/logo\/image\/\",\"url\":\"https:\/\/denizcankizil.tr\/wp-content\/uploads\/2024\/10\/siyah-logo-svg.svg\",\"contentUrl\":\"https:\/\/denizcankizil.tr\/wp-content\/uploads\/2024\/10\/siyah-logo-svg.svg\",\"width\":1080,\"height\":1080,\"caption\":\"Av. Deniz Can K\u0131z\u0131l\"},\"image\":{\"@id\":\"https:\/\/denizcankizil.tr\/de\/#\/schema\/logo\/image\/\"}}]}<\/script>\n<!-- \/ Yoast SEO Premium plugin. -->","yoast_head_json":{"title":"\u00dcmit Uysal\u2019\u0131n o\u011flundan sevindiren haber! - Av. Deniz Can K\u0131z\u0131l","robots":{"index":"index","follow":"follow","max-snippet":"max-snippet:-1","max-image-preview":"max-image-preview:large","max-video-preview":"max-video-preview:-1"},"canonical":"https:\/\/denizcankizil.tr\/en\/haberler\/gundem\/umit-uysalin-oglundan-sevindiren-haber\/","og_locale":"en_GB","og_type":"article","og_title":"\u00dcmit Uysal\u2019\u0131n o\u011flundan sevindiren haber!","og_description":"Olay, Muratpa\u015fa il\u00e7esi Fener Mahallesi\u2019nde meydana geldi. CHP&#8217;den 3 d\u00f6nemdir Muratpa\u015fa Belediye Ba\u015fkan\u0131 olan \u00dcmit Uysal&#8217;\u0131n o\u011flu E.U., evlerinin banyosunda ba\u015f\u0131ndan tabancayla vurulmu\u015f halde bulundu. E.U.&#8217;yu kan i\u00e7erisinde g\u00f6ren yak\u0131nlar\u0131, kucaklayarak binadan indirip, otomobil ile yak\u0131ndaki \u00f6zel bir hastaneye g\u00f6t\u00fcrd\u00fc. Bilinci a\u00e7\u0131k olan E.U., ameliyata al\u0131nd\u0131. Ameliyat s\u00fcrd\u00fc\u011f\u00fc s\u0131rada, haberi alan Muratpa\u015fa Kaymakam\u0131 \u0130hsan Kara ve CHP parti y\u00f6neticileri, hastanenin acil servisine gelip, beklemeye ba\u015flad\u0131. EMN\u0130YETTEN \u0130NT\u0130HAR A\u00c7IKLAMASI E.U.&#8217;nun hayati tehlikesinin bulunmad\u0131\u011f\u0131, ameliyat\u0131n\u0131n devam etti\u011fi belirtildi. Toplant\u0131 i\u00e7in \u0130stanbul\u2019da bulunan Ba\u015fkan Uysal&#8217;\u0131n ise haberi al\u0131nca ilk u\u00e7akla Antalya\u2019ya yola \u00e7\u0131kt\u0131\u011f\u0131 belirtildi. E.U.&#8217;nun bir s\u00fcredir psikolojik s\u0131k\u0131nt\u0131lar ya\u015fad\u0131\u011f\u0131 \u00f6ne s\u00fcr\u00fcld\u00fc. \u00a0Kona dair bir a\u00e7\u0131klamada Antalya Emniyet M\u00fcd\u00fcrl\u00fc\u011f\u00fc yetkililerinden geldi. Antalya Emniyet M\u00fcd\u00fcrl\u00fc\u011f\u00fc, 17 ya\u015f\u0131ndaki \u00e7ocu\u011fun sald\u0131r\u0131ya u\u011framad\u0131\u011f\u0131n\u0131, kendi ya\u015fam\u0131na son verme giri\u015fiminde bulundu\u011funu a\u00e7\u0131klad\u0131.\u00a0 AMEL\u0130YAT BA\u015eARILI Muratpa\u015fa Belediye Ba\u015fkan\u0131 \u00dcmit Uysal, o\u011flu E.U.&#8217;nun sa\u011fl\u0131k durumu hakk\u0131nda sosyal medya hesab\u0131nda payla\u015f\u0131mda bulundu. Ba\u015fkan Uysal&#8217;\u0131n payla\u015f\u0131m\u0131nda \u015fu ifadeler yer ald\u0131: &#8220;O\u011flum Efe ile ilgili iyi dileklerini ileten, dualar\u0131n\u0131 esirgemeyen herkese \u00e7ok te\u015fekk\u00fcr ederim. Ba\u015far\u0131l\u0131 bir ameliyat ge\u00e7irdi, \u00f6n\u00fcm\u00fczdeki 72 saat \u00e7ok \u00f6nemli. \u015eu an bir baba olarak duygular\u0131m\u0131 ifade etmem m\u00fcmk\u00fcn de\u011fil. Kamuoyunun anlay\u0131\u015f g\u00f6sterece\u011fine inan\u0131yor, kalbi bizimle olan herkese bir kez daha te\u015fekk\u00fcr ediyorum.&#8221; Al\u0131nan son bilgiye g\u00f6re E.U.&#8217;nun uyand\u0131r\u0131ld\u0131\u011f\u0131 ve sa\u011fl\u0131\u011f\u0131n\u0131n &hellip;","og_url":"https:\/\/denizcankizil.tr\/en\/haberler\/gundem\/umit-uysalin-oglundan-sevindiren-haber\/","og_site_name":"Av. Deniz Can K\u0131z\u0131l","article_published_time":"2024-11-10T11:41:28+00:00","twitter_card":"summary_large_image","twitter_misc":{"Estimated reading time":"2 minutes"},"schema":{"@context":"https:\/\/schema.org","@graph":[{"@type":"Article","@id":"https:\/\/denizcankizil.tr\/en\/haberler\/gundem\/umit-uysalin-oglundan-sevindiren-haber\/#article","isPartOf":{"@id":"https:\/\/denizcankizil.tr\/en\/haberler\/gundem\/umit-uysalin-oglundan-sevindiren-haber\/"},"author":{"name":"","@id":""},"headline":"\u00dcmit Uysal\u2019\u0131n o\u011flundan sevindiren haber!","datePublished":"2024-11-10T11:41:28+00:00","mainEntityOfPage":{"@id":"https:\/\/denizcankizil.tr\/en\/haberler\/gundem\/umit-uysalin-oglundan-sevindiren-haber\/"},"wordCount":378,"commentCount":0,"publisher":{"@id":"https:\/\/denizcankizil.tr\/de\/#organization"},"articleSection":["G\u00fcndem","Uncategorized"],"inLanguage":"en-GB","potentialAction":[{"@type":"CommentAction","name":"Comment","target":["https:\/\/denizcankizil.tr\/en\/haberler\/gundem\/umit-uysalin-oglundan-sevindiren-haber\/#respond"]}]},{"@type":"WebPage","@id":"https:\/\/denizcankizil.tr\/en\/haberler\/gundem\/umit-uysalin-oglundan-sevindiren-haber\/","url":"https:\/\/denizcankizil.tr\/en\/haberler\/gundem\/umit-uysalin-oglundan-sevindiren-haber\/","name":"\u00dcmit Uysal\u2019\u0131n o\u011flundan sevindiren haber! - Av. Deniz Can K\u0131z\u0131l","isPartOf":{"@id":"https:\/\/denizcankizil.tr\/de\/#website"},"datePublished":"2024-11-10T11:41:28+00:00","breadcrumb":{"@id":"https:\/\/denizcankizil.tr\/en\/haberler\/gundem\/umit-uysalin-oglundan-sevindiren-haber\/#breadcrumb"},"inLanguage":"en-GB","potentialAction":[{"@type":"ReadAction","target":["https:\/\/denizcankizil.tr\/en\/haberler\/gundem\/umit-uysalin-oglundan-sevindiren-haber\/"]}]},{"@type":"BreadcrumbList","@id":"https:\/\/denizcankizil.tr\/en\/haberler\/gundem\/umit-uysalin-oglundan-sevindiren-haber\/#breadcrumb","itemListElement":[{"@type":"ListItem","position":1,"name":"Home","item":"https:\/\/denizcankizil.tr\/de\/"},{"@type":"ListItem","position":2,"name":"\u00dcmit Uysal\u2019\u0131n o\u011flundan sevindiren haber!"}]},{"@type":"WebSite","@id":"https:\/\/denizcankizil.tr\/de\/#website","url":"https:\/\/denizcankizil.tr\/de\/","name":"Av. Deniz Can K\u0131z\u0131l","description":"Avukat Deniz Can K\u0131z\u0131l Antalya Barosu","publisher":{"@id":"https:\/\/denizcankizil.tr\/de\/#organization"},"potentialAction":[{"@type":"SearchAction","target":{"@type":"EntryPoint","urlTemplate":"https:\/\/denizcankizil.tr\/de\/?s={search_term_string}"},"query-input":{"@type":"PropertyValueSpecification","valueRequired":true,"valueName":"search_term_string"}}],"inLanguage":"en-GB"},{"@type":"Organization","@id":"https:\/\/denizcankizil.tr\/de\/#organization","name":"Av. Deniz Can K\u0131z\u0131l","url":"https:\/\/denizcankizil.tr\/de\/","logo":{"@type":"ImageObject","inLanguage":"en-GB","@id":"https:\/\/denizcankizil.tr\/de\/#\/schema\/logo\/image\/","url":"https:\/\/denizcankizil.tr\/wp-content\/uploads\/2024\/10\/siyah-logo-svg.svg","contentUrl":"https:\/\/denizcankizil.tr\/wp-content\/uploads\/2024\/10\/siyah-logo-svg.svg","width":1080,"height":1080,"caption":"Av. Deniz Can K\u0131z\u0131l"},"image":{"@id":"https:\/\/denizcankizil.tr\/de\/#\/schema\/logo\/image\/"}}]}},"_links":{"self":[{"href":"https:\/\/denizcankizil.tr\/en\/wp-json\/wp\/v2\/posts\/15156","targetHints":{"allow":["GET"]}}],"collection":[{"href":"https:\/\/denizcankizil.tr\/en\/wp-json\/wp\/v2\/posts"}],"about":[{"href":"https:\/\/denizcankizil.tr\/en\/wp-json\/wp\/v2\/types\/post"}],"replies":[{"embeddable":true,"href":"https:\/\/denizcankizil.tr\/en\/wp-json\/wp\/v2\/comments?post=15156"}],"version-history":[{"count":0,"href":"https:\/\/denizcankizil.tr\/en\/wp-json\/wp\/v2\/posts\/15156\/revisions"}],"wp:attachment":[{"href":"https:\/\/denizcankizil.tr\/en\/wp-json\/wp\/v2\/media?parent=15156"}],"wp:term":[{"taxonomy":"category","embeddable":true,"href":"https:\/\/denizcankizil.tr\/en\/wp-json\/wp\/v2\/categories?post=15156"},{"taxonomy":"post_tag","embeddable":true,"href":"https:\/\/denizcankizil.tr\/en\/wp-json\/wp\/v2\/tags?post=15156"}],"curies":[{"name":"wp","href":"https:\/\/api.w.org\/{rel}","templated":true}]}}