{"id":150864,"date":"2025-07-19T16:41:26","date_gmt":"2025-07-19T13:41:26","guid":{"rendered":"https:\/\/denizcankizil.tr\/uncategorized-tr\/ali-mahir-basarirdan-sert-cikis-utaniyorum-artik-bu-yargiclardan\/"},"modified":"2025-07-19T16:41:26","modified_gmt":"2025-07-19T13:41:26","slug":"ali-mahir-basarirdan-sert-cikis-utaniyorum-artik-bu-yargiclardan","status":"publish","type":"post","link":"https:\/\/denizcankizil.tr\/en\/haberler\/gundem\/ali-mahir-basarirdan-sert-cikis-utaniyorum-artik-bu-yargiclardan\/","title":{"rendered":"Ali Mahir Ba\u015far\u0131r\u2019dan sert \u00e7\u0131k\u0131\u015f: \u201cUtan\u0131yorum art\u0131k bu yarg\u0131\u00e7lardan\u201d"},"content":{"rendered":"<p>Cumhuriyet Halk Partisi (CHP) Grup Ba\u015fkanvekili ve Mersin Milletvekili Ali Mahir Ba\u015far\u0131r, TBMM\u2019de \u00f6nemli a\u00e7\u0131klamalarda bulundu. Ba\u015far\u0131r, \u0130stanbul Beylikd\u00fcz\u00fc Belediye Ba\u015fkan\u0131 Mehmet Murat \u00c7al\u0131k\u2019\u0131n durumunu a\u011f\u0131r oldu\u011funu ve kendisinin bir an \u00f6nce tahliye edilmesi gerekti\u011fini belirtip, ge\u00e7ti\u011fiminiz g\u00fcnlerde muhalefet milletvekillerine yap\u0131lan sald\u0131ra ise set tepki g\u00f6sterdi.<\/p>\n<p>\u201c\u0130NSANLARIN \u00d6LMES\u0130N\u0130 M\u0130 BEKL\u0130YORSUNUZ\u201d<\/p>\n<p>Mehmet Murat \u00c7al\u0131k\u2019\u0131n tahliye edilmesine tepki g\u00f6steren Ba\u015far\u0131r, \u201cHastanede odas\u0131nda Beylikd\u00fcz\u00fc Belediye Ba\u015fkan\u0131 Murat \u00c7al\u0131k, hastane bah\u00e7esinde annesi\u2026 Bir anne endi\u015feyle evlad\u0131m umutla gelecek haberi bekliyor. Sa\u011fl\u0131\u011f\u0131ndan endi\u015feli ve adalet istiyor. Hala bir yarg\u0131\u00e7 \u00e7\u0131k\u0131p insan hayat\u0131ndan daha k\u0131ymetli hi\u00e7bir \u015fey olamaz deyip, tahliye karar\u0131 vermiyor T\u00fcrk Adalet\u2019inin geldi\u011fi resim bu. Utan\u0131yorum ya! Neyle inatla\u015f\u0131yorsunuz? \u00c7ok mu zor, Ev hapsi karar\u0131 vermek? \u0130nsanlar\u0131n \u00f6lmesini mi bekliyorsunuz?\u201d dedi.<\/p>\n<p>\u201cUTANIYORUM ARTIK BU YARGI\u00c7LARDAN\u201d<\/p>\n<p>\u0130zmir \u015eehir Hastanesi\u2019nin \u201ccezaevinde kalamaz\u201d diyerek verdi\u011fi rapora dikkat \u00e7eken Ba\u015far\u0131r, \u201c\u0130zmir \u015eehir Hastanesi \u201ccezaevinde kalamaz\u201d diye son bir rapor verdi. Ona ra\u011fmen direnen bir mahkeme var. Utan\u0131yorum art\u0131k bu yarg\u0131\u00e7lardan, \u00fcz\u00fcl\u00fcyorum. Kimden talimat bekliyorsunuz? Vicdan\u0131n\u0131za g\u00f6re, anayasaya g\u00f6re karar verin. AK Parti&#8217;nin milletvekillerine Milliyet\u00e7i Hareket Partisi milletvekillerine sesleniyorum Allah korusun bu saatlerde k\u00f6t\u00fc bir haber alsak bunun hesab\u0131n\u0131 kim verebilir? O y\u00fczden bir an \u00f6nce belediye ba\u015fkan\u0131m\u0131z tahliye edilmelidir\u201d diye konu\u015ftu.<\/p>\n<p>\u201cD\u0130RENECE\u011e\u0130Z VE RET OYU VERECE\u011e\u0130Z \u201c<\/p>\n<p>CHP\u2019nin215 say\u0131l\u0131 yasaya ret oyu vermeye ve direni\u015fe devam edeceklerini ifade eden Ba\u015far\u0131r, \u201cBiraz 215 say\u0131l\u0131 oylayaca\u011f\u0131z. Cumhuriyet Halk Partisi grubu ve di\u011fer muhalefet partisi milletvekilleri b\u00fcy\u00fck bir diren\u00e7 g\u00f6sterdi. Bunu \u00e7evre i\u00e7in, \u00e7ift\u00e7i i\u00e7in, halk i\u00e7in gelece\u011fimiz i\u00e7in yapt\u0131k. D\u00fcn gece sabaha kar\u015f\u0131 saat 04.00&#8217;te muhalefete sald\u0131r\u0131ld\u0131. 100 milletvekilleri buraya geldi. Ben \u015fimdi o milletvekillerine sormak istiyorum. Soma maden facias\u0131nda 301 madenci \u00f6ld\u00fc\u011f\u00fcnde katillerine b\u00f6yle hunharca y\u00fcr\u00fcd\u00fcn\u00fcz m\u00fc? Ben size sormak isterim; \u00c7orlu Tren facias\u0131nda 7\u2019si bir \u00e7ocuk toplam 25 ki\u015fi hayat\u0131n\u0131 kaybetti faillerine kar\u015f\u0131 y\u00fcr\u00fcd\u00fcn\u00fcz m\u00fc? Alt\u0131nlar\u0131m\u0131z\u0131 bir Kanadal\u0131 \u015firket \u00e7\u0131kart\u0131yor. 9 i\u015f\u00e7i, 1 ay topra\u011f\u0131n alt\u0131nda kald\u0131\u011f\u0131nda o Kanadal\u0131 \u015firkete kar\u015f\u0131 bir y\u00fcr\u00fcy\u00fc\u015f yapt\u0131n\u0131z m\u0131? En son Kartalkaya&#8217;da 78 tane 36\u2019s\u0131 \u00e7ocuk yurtta\u015f\u0131m\u0131z \u00f6ld\u00fc\u011f\u00fcnde hesap vermeyen bakan\u0131n \u00fczerine burada y\u00fcr\u00fcd\u00fcn\u00fcz m\u00fc? Ama bu yasaya kar\u015f\u0131 direnen muhalefetin \u00fczerine y\u00fcr\u00fcd\u00fcn\u00fcz. Bizim g\u00f6revimiz arkada\u015flar muhalefet etmek edece\u011fiz ret oyu verece\u011fiz, direnece\u011fiz. Biz halk i\u00e7in bunu yap\u0131yoruz\u201d s\u00f6zlerini kaydetti.<\/p>\n<p>\u201cS\u0130Z 2 \u015e\u0130RKET \u0130\u00c7\u0130N BUNU YAPIYORSUNUZ\u201d<\/p>\n<p>Ge\u00e7mi\u015f d\u00f6nemlerde B\u00fclent Ecevit\u2019in T\u00fcrkiye\u2019de bulunana madenleri kamula\u015ft\u0131rd\u0131\u011f\u0131n\u0131 ama 80 darbesi soras\u0131 bu madenlerin tekrardan \u00f6zel \u015firketlere verildi\u011fine dikkat \u00e7eken Ba\u015far\u0131r, \u201cY\u0131l 14 Ekim 1978 Enerji Bakan\u0131m\u0131z Deniz Baykal, Ba\u015fbakan Say\u0131n B\u00fclent Ecevit, t\u00fcm T\u00fcrkiye\u2019deki madenleri kamula\u015ft\u0131r\u0131yor ama 80 darbesinden sonra Kenan Evren \u00e7\u0131k\u0131yor, kamula\u015ft\u0131r\u0131lan bu madenleri tekrardan \u015firket sahiplerine veriyor. Siz 2 tane \u015firkete bug\u00fcn tart\u0131\u015ft\u0131\u011f\u0131m\u0131z topraklar\u0131m\u0131z\u0131 vermi\u015fsiniz. Yerin alt\u0131ndaki zenginlikler \u00e7\u0131kart\u0131l\u0131rken bu toplum kamu bir bedel \u00f6d\u00fcyor. A\u011fa\u00e7lar\u0131 kesiliyor, topraklar\u0131 al\u0131n\u0131yor. Bilsek ki devlet i\u015fletiyor bu gelirler devlete geliyor belki bir par\u00e7a anlayabilir insanlar\u2026 Burada nas\u0131l bir m\u00fccadele veriyorsunuz. Daha ge\u00e7en hafta 12 askerimiz \u015fehit oldu. Bununla ilgili hesap soran ne bakan ne de 1 milletvekili var. Fakat d\u00fcn burada milletvekilleri lin\u00e7 etmeye kalk\u0131yorsunuz. Biz, burada halk taraf\u0131nday\u0131z. Siz 2 \u015firket i\u00e7in bunu yap\u0131yorsunuz\u201d ifadelerini kulland\u0131.<\/p>\n<p>\u200bCHP Grup Ba\u015fkanvekili Ali Mahir Ba\u015far\u0131r, Beylikd\u00fcz\u00fc Belediye Ba\u015fkan\u0131 Murat \u00c7al\u0131k\u2019\u0131n durumunu TBMM\u2019de bir kez daha g\u00fcndeme getirdi. Ba\u015far\u0131r, Mehmet Murat \u00c7al\u0131k\u2019\u0131n durumunun a\u011f\u0131r oldu\u011funu belirterek, \u201cHala bir yarg\u0131\u00e7 \u00e7\u0131k\u0131p, &#8216;\u0130nsan hayat\u0131ndan daha k\u0131ymetli hi\u00e7bir \u015fey olamaz&#8217; deyip, tahliye karar\u0131 vermiyor. T\u00fcrk Adalet\u2019inin geldi\u011fi resim bu. Utan\u0131yorum ya neyle inatla\u015f\u0131yorsunuz\u201d dedi.\u00a0<\/p>\n<p>\u200bHaberin Al\u0131nt\u0131land\u0131\u011f\u0131 Kaynak: www.antalyakorfez.com<\/p>","protected":false},"excerpt":{"rendered":"<p>Cumhuriyet Halk Partisi (CHP) Grup Ba\u015fkanvekili ve Mersin Milletvekili Ali Mahir Ba\u015far\u0131r, TBMM\u2019de \u00f6nemli a\u00e7\u0131klamalarda bulundu. Ba\u015far\u0131r, \u0130stanbul Beylikd\u00fcz\u00fc Belediye Ba\u015fkan\u0131 Mehmet Murat \u00c7al\u0131k\u2019\u0131n durumunu a\u011f\u0131r oldu\u011funu ve kendisinin bir an \u00f6nce tahliye edilmesi gerekti\u011fini belirtip, ge\u00e7ti\u011fiminiz g\u00fcnlerde muhalefet milletvekillerine yap\u0131lan sald\u0131ra ise set tepki g\u00f6sterdi. \u201c\u0130NSANLARIN \u00d6LMES\u0130N\u0130 M\u0130 BEKL\u0130YORSUNUZ\u201d Mehmet Murat \u00c7al\u0131k\u2019\u0131n tahliye edilmesine tepki g\u00f6steren Ba\u015far\u0131r, \u201cHastanede odas\u0131nda Beylikd\u00fcz\u00fc Belediye Ba\u015fkan\u0131 Murat \u00c7al\u0131k, hastane bah\u00e7esinde annesi\u2026 Bir anne endi\u015feyle evlad\u0131m umutla gelecek haberi bekliyor. Sa\u011fl\u0131\u011f\u0131ndan endi\u015feli ve adalet istiyor. Hala bir yarg\u0131\u00e7 \u00e7\u0131k\u0131p insan hayat\u0131ndan daha k\u0131ymetli hi\u00e7bir \u015fey olamaz deyip, tahliye karar\u0131 vermiyor T\u00fcrk Adalet\u2019inin geldi\u011fi resim bu. Utan\u0131yorum ya! Neyle inatla\u015f\u0131yorsunuz? \u00c7ok mu zor, Ev hapsi karar\u0131 vermek? \u0130nsanlar\u0131n \u00f6lmesini mi bekliyorsunuz?\u201d dedi. \u201cUTANIYORUM ARTIK BU YARGI\u00c7LARDAN\u201d \u0130zmir \u015eehir Hastanesi\u2019nin \u201ccezaevinde kalamaz\u201d diyerek verdi\u011fi rapora dikkat \u00e7eken Ba\u015far\u0131r, \u201c\u0130zmir \u015eehir Hastanesi \u201ccezaevinde kalamaz\u201d diye son bir rapor verdi. Ona ra\u011fmen direnen bir mahkeme var. Utan\u0131yorum art\u0131k bu yarg\u0131\u00e7lardan, \u00fcz\u00fcl\u00fcyorum. Kimden talimat bekliyorsunuz? Vicdan\u0131n\u0131za g\u00f6re, anayasaya g\u00f6re karar verin. AK Parti&#8217;nin milletvekillerine Milliyet\u00e7i Hareket Partisi milletvekillerine sesleniyorum Allah korusun bu saatlerde k\u00f6t\u00fc bir haber alsak bunun hesab\u0131n\u0131 kim verebilir? O y\u00fczden bir an \u00f6nce belediye ba\u015fkan\u0131m\u0131z tahliye edilmelidir\u201d diye konu\u015ftu. \u201cD\u0130RENECE\u011e\u0130Z VE RET OYU VERECE\u011e\u0130Z \u201c CHP\u2019nin215 &hellip;<\/p>","protected":false},"author":5,"featured_media":0,"comment_status":"","ping_status":"open","sticky":false,"template":"","format":"standard","meta":{"_acf_changed":false,"footnotes":""},"categories":[24],"tags":[],"class_list":["post-150864","post","type-post","status-publish","format-standard","has-post-thumbnail","hentry","category-gundem"],"acf":[],"yoast_head":"<!-- This site is optimized with the Yoast SEO Premium plugin v26.6 (Yoast SEO v27.1.1) - https:\/\/yoast.com\/product\/yoast-seo-premium-wordpress\/ -->\n<title>Ali Mahir Ba\u015far\u0131r\u2019dan sert \u00e7\u0131k\u0131\u015f: \u201cUtan\u0131yorum art\u0131k bu yarg\u0131\u00e7lardan\u201d - Av. Deniz Can K\u0131z\u0131l<\/title>\n<meta name=\"robots\" content=\"index, follow, max-snippet:-1, max-image-preview:large, max-video-preview:-1\" \/>\n<link rel=\"canonical\" href=\"https:\/\/denizcankizil.tr\/en\/haberler\/gundem\/ali-mahir-basarirdan-sert-cikis-utaniyorum-artik-bu-yargiclardan\/\" \/>\n<meta property=\"og:locale\" content=\"en_GB\" \/>\n<meta property=\"og:type\" content=\"article\" \/>\n<meta property=\"og:title\" content=\"Ali Mahir Ba\u015far\u0131r\u2019dan sert \u00e7\u0131k\u0131\u015f: \u201cUtan\u0131yorum art\u0131k bu yarg\u0131\u00e7lardan\u201d\" \/>\n<meta property=\"og:description\" content=\"Cumhuriyet Halk Partisi (CHP) Grup Ba\u015fkanvekili ve Mersin Milletvekili Ali Mahir Ba\u015far\u0131r, TBMM\u2019de \u00f6nemli a\u00e7\u0131klamalarda bulundu. Ba\u015far\u0131r, \u0130stanbul Beylikd\u00fcz\u00fc Belediye Ba\u015fkan\u0131 Mehmet Murat \u00c7al\u0131k\u2019\u0131n durumunu a\u011f\u0131r oldu\u011funu ve kendisinin bir an \u00f6nce tahliye edilmesi gerekti\u011fini belirtip, ge\u00e7ti\u011fiminiz g\u00fcnlerde muhalefet milletvekillerine yap\u0131lan sald\u0131ra ise set tepki g\u00f6sterdi. \u201c\u0130NSANLARIN \u00d6LMES\u0130N\u0130 M\u0130 BEKL\u0130YORSUNUZ\u201d Mehmet Murat \u00c7al\u0131k\u2019\u0131n tahliye edilmesine tepki g\u00f6steren Ba\u015far\u0131r, \u201cHastanede odas\u0131nda Beylikd\u00fcz\u00fc Belediye Ba\u015fkan\u0131 Murat \u00c7al\u0131k, hastane bah\u00e7esinde annesi\u2026 Bir anne endi\u015feyle evlad\u0131m umutla gelecek haberi bekliyor. Sa\u011fl\u0131\u011f\u0131ndan endi\u015feli ve adalet istiyor. Hala bir yarg\u0131\u00e7 \u00e7\u0131k\u0131p insan hayat\u0131ndan daha k\u0131ymetli hi\u00e7bir \u015fey olamaz deyip, tahliye karar\u0131 vermiyor T\u00fcrk Adalet\u2019inin geldi\u011fi resim bu. Utan\u0131yorum ya! Neyle inatla\u015f\u0131yorsunuz? \u00c7ok mu zor, Ev hapsi karar\u0131 vermek? \u0130nsanlar\u0131n \u00f6lmesini mi bekliyorsunuz?\u201d dedi. \u201cUTANIYORUM ARTIK BU YARGI\u00c7LARDAN\u201d \u0130zmir \u015eehir Hastanesi\u2019nin \u201ccezaevinde kalamaz\u201d diyerek verdi\u011fi rapora dikkat \u00e7eken Ba\u015far\u0131r, \u201c\u0130zmir \u015eehir Hastanesi \u201ccezaevinde kalamaz\u201d diye son bir rapor verdi. Ona ra\u011fmen direnen bir mahkeme var. Utan\u0131yorum art\u0131k bu yarg\u0131\u00e7lardan, \u00fcz\u00fcl\u00fcyorum. Kimden talimat bekliyorsunuz? Vicdan\u0131n\u0131za g\u00f6re, anayasaya g\u00f6re karar verin. AK Parti&#8217;nin milletvekillerine Milliyet\u00e7i Hareket Partisi milletvekillerine sesleniyorum Allah korusun bu saatlerde k\u00f6t\u00fc bir haber alsak bunun hesab\u0131n\u0131 kim verebilir? O y\u00fczden bir an \u00f6nce belediye ba\u015fkan\u0131m\u0131z tahliye edilmelidir\u201d diye konu\u015ftu. \u201cD\u0130RENECE\u011e\u0130Z VE RET OYU VERECE\u011e\u0130Z \u201c CHP\u2019nin215 &hellip;\" \/>\n<meta property=\"og:url\" content=\"https:\/\/denizcankizil.tr\/en\/haberler\/gundem\/ali-mahir-basarirdan-sert-cikis-utaniyorum-artik-bu-yargiclardan\/\" \/>\n<meta property=\"og:site_name\" content=\"Av. Deniz Can K\u0131z\u0131l\" \/>\n<meta property=\"article:published_time\" content=\"2025-07-19T13:41:26+00:00\" \/>\n<meta name=\"author\" content=\"Antalya K\u00f6rfez\" \/>\n<meta name=\"twitter:card\" content=\"summary_large_image\" \/>\n<meta name=\"twitter:label1\" content=\"Written by\" \/>\n\t<meta name=\"twitter:data1\" content=\"Antalya K\u00f6rfez\" \/>\n\t<meta name=\"twitter:label2\" content=\"Estimated reading time\" \/>\n\t<meta name=\"twitter:data2\" content=\"4 minutes\" \/>\n<script type=\"application\/ld+json\" class=\"yoast-schema-graph\">{\"@context\":\"https:\/\/schema.org\",\"@graph\":[{\"@type\":\"Article\",\"@id\":\"https:\/\/denizcankizil.tr\/en\/haberler\/gundem\/ali-mahir-basarirdan-sert-cikis-utaniyorum-artik-bu-yargiclardan\/#article\",\"isPartOf\":{\"@id\":\"https:\/\/denizcankizil.tr\/en\/haberler\/gundem\/ali-mahir-basarirdan-sert-cikis-utaniyorum-artik-bu-yargiclardan\/\"},\"author\":{\"name\":\"Antalya K\u00f6rfez\",\"@id\":\"https:\/\/denizcankizil.tr\/#\/schema\/person\/e1eb71bb4dd684d46563f0af307e1234\"},\"headline\":\"Ali Mahir Ba\u015far\u0131r\u2019dan sert \u00e7\u0131k\u0131\u015f: \u201cUtan\u0131yorum art\u0131k bu yarg\u0131\u00e7lardan\u201d\",\"datePublished\":\"2025-07-19T13:41:26+00:00\",\"mainEntityOfPage\":{\"@id\":\"https:\/\/denizcankizil.tr\/en\/haberler\/gundem\/ali-mahir-basarirdan-sert-cikis-utaniyorum-artik-bu-yargiclardan\/\"},\"wordCount\":760,\"publisher\":{\"@id\":\"https:\/\/denizcankizil.tr\/#organization\"},\"articleSection\":[\"G\u00fcndem\"],\"inLanguage\":\"en-GB\"},{\"@type\":\"WebPage\",\"@id\":\"https:\/\/denizcankizil.tr\/en\/haberler\/gundem\/ali-mahir-basarirdan-sert-cikis-utaniyorum-artik-bu-yargiclardan\/\",\"url\":\"https:\/\/denizcankizil.tr\/en\/haberler\/gundem\/ali-mahir-basarirdan-sert-cikis-utaniyorum-artik-bu-yargiclardan\/\",\"name\":\"Ali Mahir Ba\u015far\u0131r\u2019dan sert \u00e7\u0131k\u0131\u015f: \u201cUtan\u0131yorum art\u0131k bu yarg\u0131\u00e7lardan\u201d - Av. Deniz Can K\u0131z\u0131l\",\"isPartOf\":{\"@id\":\"https:\/\/denizcankizil.tr\/#website\"},\"datePublished\":\"2025-07-19T13:41:26+00:00\",\"breadcrumb\":{\"@id\":\"https:\/\/denizcankizil.tr\/en\/haberler\/gundem\/ali-mahir-basarirdan-sert-cikis-utaniyorum-artik-bu-yargiclardan\/#breadcrumb\"},\"inLanguage\":\"en-GB\",\"potentialAction\":[{\"@type\":\"ReadAction\",\"target\":[\"https:\/\/denizcankizil.tr\/en\/haberler\/gundem\/ali-mahir-basarirdan-sert-cikis-utaniyorum-artik-bu-yargiclardan\/\"]}]},{\"@type\":\"BreadcrumbList\",\"@id\":\"https:\/\/denizcankizil.tr\/en\/haberler\/gundem\/ali-mahir-basarirdan-sert-cikis-utaniyorum-artik-bu-yargiclardan\/#breadcrumb\",\"itemListElement\":[{\"@type\":\"ListItem\",\"position\":1,\"name\":\"Home\",\"item\":\"https:\/\/denizcankizil.tr\/uk\/\"},{\"@type\":\"ListItem\",\"position\":2,\"name\":\"Ali Mahir Ba\u015far\u0131r\u2019dan sert \u00e7\u0131k\u0131\u015f: \u201cUtan\u0131yorum art\u0131k bu yarg\u0131\u00e7lardan\u201d\"}]},{\"@type\":\"WebSite\",\"@id\":\"https:\/\/denizcankizil.tr\/#website\",\"url\":\"https:\/\/denizcankizil.tr\/\",\"name\":\"Av. Deniz Can K\u0131z\u0131l\",\"description\":\"Avukat Deniz Can K\u0131z\u0131l Antalya Barosu\",\"publisher\":{\"@id\":\"https:\/\/denizcankizil.tr\/#organization\"},\"potentialAction\":[{\"@type\":\"SearchAction\",\"target\":{\"@type\":\"EntryPoint\",\"urlTemplate\":\"https:\/\/denizcankizil.tr\/?s={search_term_string}\"},\"query-input\":{\"@type\":\"PropertyValueSpecification\",\"valueRequired\":true,\"valueName\":\"search_term_string\"}}],\"inLanguage\":\"en-GB\"},{\"@type\":\"Organization\",\"@id\":\"https:\/\/denizcankizil.tr\/#organization\",\"name\":\"Av. Deniz Can K\u0131z\u0131l\",\"url\":\"https:\/\/denizcankizil.tr\/\",\"logo\":{\"@type\":\"ImageObject\",\"inLanguage\":\"en-GB\",\"@id\":\"https:\/\/denizcankizil.tr\/#\/schema\/logo\/image\/\",\"url\":\"https:\/\/denizcankizil.tr\/wp-content\/uploads\/2024\/10\/siyah-logo-svg.svg\",\"contentUrl\":\"https:\/\/denizcankizil.tr\/wp-content\/uploads\/2024\/10\/siyah-logo-svg.svg\",\"width\":1080,\"height\":1080,\"caption\":\"Av. Deniz Can K\u0131z\u0131l\"},\"image\":{\"@id\":\"https:\/\/denizcankizil.tr\/#\/schema\/logo\/image\/\"}},{\"@type\":\"Person\",\"@id\":\"https:\/\/denizcankizil.tr\/#\/schema\/person\/e1eb71bb4dd684d46563f0af307e1234\",\"name\":\"Antalya K\u00f6rfez\",\"image\":{\"@type\":\"ImageObject\",\"inLanguage\":\"en-GB\",\"@id\":\"https:\/\/denizcankizil.tr\/#\/schema\/person\/image\/\",\"url\":\"https:\/\/secure.gravatar.com\/avatar\/42b01982558a48a0b501fdcab6a408d3717ea5919095ee2e67b0e521799c5905?s=96&d=mm&r=g\",\"contentUrl\":\"https:\/\/secure.gravatar.com\/avatar\/42b01982558a48a0b501fdcab6a408d3717ea5919095ee2e67b0e521799c5905?s=96&d=mm&r=g\",\"caption\":\"Antalya K\u00f6rfez\"},\"sameAs\":[\"http:\/\/www.antalyakorfez.com\"],\"url\":\"https:\/\/www.antalyakorfez.com\/ali-mahir-basarirdan-sert-cikis-utaniyorum-artik-bu-yargiclardan\"}]}<\/script>\n<!-- \/ Yoast SEO Premium plugin. -->","yoast_head_json":{"title":"Ali Mahir Ba\u015far\u0131r\u2019dan sert \u00e7\u0131k\u0131\u015f: \u201cUtan\u0131yorum art\u0131k bu yarg\u0131\u00e7lardan\u201d - Av. Deniz Can K\u0131z\u0131l","robots":{"index":"index","follow":"follow","max-snippet":"max-snippet:-1","max-image-preview":"max-image-preview:large","max-video-preview":"max-video-preview:-1"},"canonical":"https:\/\/denizcankizil.tr\/en\/haberler\/gundem\/ali-mahir-basarirdan-sert-cikis-utaniyorum-artik-bu-yargiclardan\/","og_locale":"en_GB","og_type":"article","og_title":"Ali Mahir Ba\u015far\u0131r\u2019dan sert \u00e7\u0131k\u0131\u015f: \u201cUtan\u0131yorum art\u0131k bu yarg\u0131\u00e7lardan\u201d","og_description":"Cumhuriyet Halk Partisi (CHP) Grup Ba\u015fkanvekili ve Mersin Milletvekili Ali Mahir Ba\u015far\u0131r, TBMM\u2019de \u00f6nemli a\u00e7\u0131klamalarda bulundu. Ba\u015far\u0131r, \u0130stanbul Beylikd\u00fcz\u00fc Belediye Ba\u015fkan\u0131 Mehmet Murat \u00c7al\u0131k\u2019\u0131n durumunu a\u011f\u0131r oldu\u011funu ve kendisinin bir an \u00f6nce tahliye edilmesi gerekti\u011fini belirtip, ge\u00e7ti\u011fiminiz g\u00fcnlerde muhalefet milletvekillerine yap\u0131lan sald\u0131ra ise set tepki g\u00f6sterdi. \u201c\u0130NSANLARIN \u00d6LMES\u0130N\u0130 M\u0130 BEKL\u0130YORSUNUZ\u201d Mehmet Murat \u00c7al\u0131k\u2019\u0131n tahliye edilmesine tepki g\u00f6steren Ba\u015far\u0131r, \u201cHastanede odas\u0131nda Beylikd\u00fcz\u00fc Belediye Ba\u015fkan\u0131 Murat \u00c7al\u0131k, hastane bah\u00e7esinde annesi\u2026 Bir anne endi\u015feyle evlad\u0131m umutla gelecek haberi bekliyor. Sa\u011fl\u0131\u011f\u0131ndan endi\u015feli ve adalet istiyor. Hala bir yarg\u0131\u00e7 \u00e7\u0131k\u0131p insan hayat\u0131ndan daha k\u0131ymetli hi\u00e7bir \u015fey olamaz deyip, tahliye karar\u0131 vermiyor T\u00fcrk Adalet\u2019inin geldi\u011fi resim bu. Utan\u0131yorum ya! Neyle inatla\u015f\u0131yorsunuz? \u00c7ok mu zor, Ev hapsi karar\u0131 vermek? \u0130nsanlar\u0131n \u00f6lmesini mi bekliyorsunuz?\u201d dedi. \u201cUTANIYORUM ARTIK BU YARGI\u00c7LARDAN\u201d \u0130zmir \u015eehir Hastanesi\u2019nin \u201ccezaevinde kalamaz\u201d diyerek verdi\u011fi rapora dikkat \u00e7eken Ba\u015far\u0131r, \u201c\u0130zmir \u015eehir Hastanesi \u201ccezaevinde kalamaz\u201d diye son bir rapor verdi. Ona ra\u011fmen direnen bir mahkeme var. Utan\u0131yorum art\u0131k bu yarg\u0131\u00e7lardan, \u00fcz\u00fcl\u00fcyorum. Kimden talimat bekliyorsunuz? Vicdan\u0131n\u0131za g\u00f6re, anayasaya g\u00f6re karar verin. AK Parti&#8217;nin milletvekillerine Milliyet\u00e7i Hareket Partisi milletvekillerine sesleniyorum Allah korusun bu saatlerde k\u00f6t\u00fc bir haber alsak bunun hesab\u0131n\u0131 kim verebilir? O y\u00fczden bir an \u00f6nce belediye ba\u015fkan\u0131m\u0131z tahliye edilmelidir\u201d diye konu\u015ftu. \u201cD\u0130RENECE\u011e\u0130Z VE RET OYU VERECE\u011e\u0130Z \u201c CHP\u2019nin215 &hellip;","og_url":"https:\/\/denizcankizil.tr\/en\/haberler\/gundem\/ali-mahir-basarirdan-sert-cikis-utaniyorum-artik-bu-yargiclardan\/","og_site_name":"Av. Deniz Can K\u0131z\u0131l","article_published_time":"2025-07-19T13:41:26+00:00","author":"Antalya K\u00f6rfez","twitter_card":"summary_large_image","twitter_misc":{"Written by":"Antalya K\u00f6rfez","Estimated reading time":"4 minutes"},"schema":{"@context":"https:\/\/schema.org","@graph":[{"@type":"Article","@id":"https:\/\/denizcankizil.tr\/en\/haberler\/gundem\/ali-mahir-basarirdan-sert-cikis-utaniyorum-artik-bu-yargiclardan\/#article","isPartOf":{"@id":"https:\/\/denizcankizil.tr\/en\/haberler\/gundem\/ali-mahir-basarirdan-sert-cikis-utaniyorum-artik-bu-yargiclardan\/"},"author":{"name":"Antalya K\u00f6rfez","@id":"https:\/\/denizcankizil.tr\/#\/schema\/person\/e1eb71bb4dd684d46563f0af307e1234"},"headline":"Ali Mahir Ba\u015far\u0131r\u2019dan sert \u00e7\u0131k\u0131\u015f: \u201cUtan\u0131yorum art\u0131k bu yarg\u0131\u00e7lardan\u201d","datePublished":"2025-07-19T13:41:26+00:00","mainEntityOfPage":{"@id":"https:\/\/denizcankizil.tr\/en\/haberler\/gundem\/ali-mahir-basarirdan-sert-cikis-utaniyorum-artik-bu-yargiclardan\/"},"wordCount":760,"publisher":{"@id":"https:\/\/denizcankizil.tr\/#organization"},"articleSection":["G\u00fcndem"],"inLanguage":"en-GB"},{"@type":"WebPage","@id":"https:\/\/denizcankizil.tr\/en\/haberler\/gundem\/ali-mahir-basarirdan-sert-cikis-utaniyorum-artik-bu-yargiclardan\/","url":"https:\/\/denizcankizil.tr\/en\/haberler\/gundem\/ali-mahir-basarirdan-sert-cikis-utaniyorum-artik-bu-yargiclardan\/","name":"Ali Mahir Ba\u015far\u0131r\u2019dan sert \u00e7\u0131k\u0131\u015f: \u201cUtan\u0131yorum art\u0131k bu yarg\u0131\u00e7lardan\u201d - Av. Deniz Can K\u0131z\u0131l","isPartOf":{"@id":"https:\/\/denizcankizil.tr\/#website"},"datePublished":"2025-07-19T13:41:26+00:00","breadcrumb":{"@id":"https:\/\/denizcankizil.tr\/en\/haberler\/gundem\/ali-mahir-basarirdan-sert-cikis-utaniyorum-artik-bu-yargiclardan\/#breadcrumb"},"inLanguage":"en-GB","potentialAction":[{"@type":"ReadAction","target":["https:\/\/denizcankizil.tr\/en\/haberler\/gundem\/ali-mahir-basarirdan-sert-cikis-utaniyorum-artik-bu-yargiclardan\/"]}]},{"@type":"BreadcrumbList","@id":"https:\/\/denizcankizil.tr\/en\/haberler\/gundem\/ali-mahir-basarirdan-sert-cikis-utaniyorum-artik-bu-yargiclardan\/#breadcrumb","itemListElement":[{"@type":"ListItem","position":1,"name":"Home","item":"https:\/\/denizcankizil.tr\/uk\/"},{"@type":"ListItem","position":2,"name":"Ali Mahir Ba\u015far\u0131r\u2019dan sert \u00e7\u0131k\u0131\u015f: \u201cUtan\u0131yorum art\u0131k bu yarg\u0131\u00e7lardan\u201d"}]},{"@type":"WebSite","@id":"https:\/\/denizcankizil.tr\/#website","url":"https:\/\/denizcankizil.tr\/","name":"Av. Deniz Can K\u0131z\u0131l","description":"Avukat Deniz Can K\u0131z\u0131l Antalya Barosu","publisher":{"@id":"https:\/\/denizcankizil.tr\/#organization"},"potentialAction":[{"@type":"SearchAction","target":{"@type":"EntryPoint","urlTemplate":"https:\/\/denizcankizil.tr\/?s={search_term_string}"},"query-input":{"@type":"PropertyValueSpecification","valueRequired":true,"valueName":"search_term_string"}}],"inLanguage":"en-GB"},{"@type":"Organization","@id":"https:\/\/denizcankizil.tr\/#organization","name":"Av. Deniz Can K\u0131z\u0131l","url":"https:\/\/denizcankizil.tr\/","logo":{"@type":"ImageObject","inLanguage":"en-GB","@id":"https:\/\/denizcankizil.tr\/#\/schema\/logo\/image\/","url":"https:\/\/denizcankizil.tr\/wp-content\/uploads\/2024\/10\/siyah-logo-svg.svg","contentUrl":"https:\/\/denizcankizil.tr\/wp-content\/uploads\/2024\/10\/siyah-logo-svg.svg","width":1080,"height":1080,"caption":"Av. Deniz Can K\u0131z\u0131l"},"image":{"@id":"https:\/\/denizcankizil.tr\/#\/schema\/logo\/image\/"}},{"@type":"Person","@id":"https:\/\/denizcankizil.tr\/#\/schema\/person\/e1eb71bb4dd684d46563f0af307e1234","name":"Antalya K\u00f6rfez","image":{"@type":"ImageObject","inLanguage":"en-GB","@id":"https:\/\/denizcankizil.tr\/#\/schema\/person\/image\/","url":"https:\/\/secure.gravatar.com\/avatar\/42b01982558a48a0b501fdcab6a408d3717ea5919095ee2e67b0e521799c5905?s=96&d=mm&r=g","contentUrl":"https:\/\/secure.gravatar.com\/avatar\/42b01982558a48a0b501fdcab6a408d3717ea5919095ee2e67b0e521799c5905?s=96&d=mm&r=g","caption":"Antalya K\u00f6rfez"},"sameAs":["http:\/\/www.antalyakorfez.com"],"url":"https:\/\/www.antalyakorfez.com\/ali-mahir-basarirdan-sert-cikis-utaniyorum-artik-bu-yargiclardan"}]}},"_links":{"self":[{"href":"https:\/\/denizcankizil.tr\/en\/wp-json\/wp\/v2\/posts\/150864","targetHints":{"allow":["GET"]}}],"collection":[{"href":"https:\/\/denizcankizil.tr\/en\/wp-json\/wp\/v2\/posts"}],"about":[{"href":"https:\/\/denizcankizil.tr\/en\/wp-json\/wp\/v2\/types\/post"}],"author":[{"embeddable":true,"href":"https:\/\/denizcankizil.tr\/en\/wp-json\/wp\/v2\/users\/5"}],"replies":[{"embeddable":true,"href":"https:\/\/denizcankizil.tr\/en\/wp-json\/wp\/v2\/comments?post=150864"}],"version-history":[{"count":0,"href":"https:\/\/denizcankizil.tr\/en\/wp-json\/wp\/v2\/posts\/150864\/revisions"}],"wp:attachment":[{"href":"https:\/\/denizcankizil.tr\/en\/wp-json\/wp\/v2\/media?parent=150864"}],"wp:term":[{"taxonomy":"category","embeddable":true,"href":"https:\/\/denizcankizil.tr\/en\/wp-json\/wp\/v2\/categories?post=150864"},{"taxonomy":"post_tag","embeddable":true,"href":"https:\/\/denizcankizil.tr\/en\/wp-json\/wp\/v2\/tags?post=150864"}],"curies":[{"name":"wp","href":"https:\/\/api.w.org\/{rel}","templated":true}]}}