{"id":150649,"date":"2025-07-19T11:41:59","date_gmt":"2025-07-19T08:41:59","guid":{"rendered":"https:\/\/denizcankizil.tr\/uncategorized-tr\/antalya-konya-arasina-5-bin-metrelik-tunel-demirkapi-tuneli-zamandan-tasarruf-sagliyor\/"},"modified":"2025-07-19T11:41:59","modified_gmt":"2025-07-19T08:41:59","slug":"antalya-konya-arasina-5-bin-metrelik-tunel-demirkapi-tuneli-zamandan-tasarruf-sagliyor","status":"publish","type":"post","link":"https:\/\/denizcankizil.tr\/en\/haberler\/gundem\/antalya-konya-arasina-5-bin-metrelik-tunel-demirkapi-tuneli-zamandan-tasarruf-sagliyor\/","title":{"rendered":"Antalya-Konya aras\u0131na 5 bin metrelik t\u00fcnel! Demirkap\u0131 T\u00fcneli zamandan tasarruf sa\u011fl\u0131yor"},"content":{"rendered":"<p>Antalya&#8217;y\u0131 Konya&#8217;ya ba\u011flayan kuzey-g\u00fcney aks\u0131n\u0131n en \u00f6nemli ge\u00e7i\u015f noktas\u0131n\u0131 olu\u015fturan 5 bin metre uzunlu\u011fundaki Demirkap\u0131 T\u00fcneli&#8217;ni hizmete a\u00e7t\u0131klar\u0131n\u0131 hat\u0131rlatan Bakan Abdulkadir Uralo\u011flu, Akdeniz ve \u0130\u00e7 Anadolu&#8217;yu ay\u0131ran Toroslar\u0131n t\u00fcnel konforuyla sadece 5 dakikada ge\u00e7ilmesini sa\u011flad\u0131klar\u0131n\u0131 belirtti. Sosyal medya hesab\u0131ndan a\u00e7\u0131klamalarda bulunan Bakan Uralo\u011flu, 5 bin metre uzunlu\u011fundaki t\u00fcnelin b\u00f6lge ad\u0131na olduk\u00e7a \u00f6nemli bir hizmet oldu\u011funu ifade etti.<\/p>\n<p>TOROSLARA M\u00dcH\u00dcR VURDUK!<\/p>\n<p>\u201cAntalya&#8217;y\u0131 Konya&#8217;ya ba\u011flayan kuzey-g\u00fcney aks\u0131n\u0131n en \u00f6nemli ge\u00e7i\u015f noktas\u0131n\u0131 olu\u015fturan 5 bin metre uzunlu\u011fundaki Demirkap\u0131 T\u00fcneli&#8217;ni hizmete a\u00e7t\u0131k\u201d \u015feklinde konu\u015fan Bakan Uralo\u011flu, \u201cAkdeniz ve \u0130\u00e7 Anadolu&#8217;yu ay\u0131ran Toroslar\u0131n t\u00fcnel konforuyla sadece 5 dakikada ge\u00e7ilmesini sa\u011flad\u0131k. E\u011fiste Hadimi Viyad\u00fc\u011f\u00fc ile \u00fclkemizin en y\u00fcksek ayakl\u0131 ve en uzun dengeli konsol k\u00f6pr\u00fcs\u00fcn\u00fc Konya&#8217;da in\u015fa ettik. Bu proje ile Akdeniz B\u00f6lgesi ile \u0130\u00e7 Anadolu B\u00f6lgesi&#8217;ni kesintisiz bir \u015fekilde birbirine ba\u011flayarak Toroslar&#8217;a adeta bir m\u00fch\u00fcr vurduk\u201d \u015feklinde ifadelere yer verdi.<\/p>\n<p>DEM\u0130RKAPI T\u00dcNEL\u0130 HAKKINDA<\/p>\n<p>Antalya\u2019y\u0131 Konya\u2019ya ve i\u00e7 kesimlere ba\u011flayan Kuzey-G\u00fcney aks\u0131n\u0131n en \u00f6nemli ge\u00e7i\u015f noktas\u0131 olan Demirkap\u0131 T\u00fcneli, 3 May\u0131s 2023 tarihinde hizmete girdi. 5 bin metre uzunlu\u011funda olan t\u00fcnel, Beydi\u011fin\u2019den ba\u015flay\u0131p Ba\u015flar mevkiinde sona ermektedir. Bu yeni yol, Akdeniz\u2019i \u0130\u00e7 Anadolu\u2019ya ba\u011flayarak s\u00fcr\u00fcc\u00fclere konforlu bir ula\u015f\u0131m imk\u00e2n\u0131 sunmaktad\u0131r. \u0130ki \u015fehir aras\u0131nda ki mesafe d\u00fc\u015f\u00fcr\u00fclm\u00fc\u015ft\u00fcr.<\/p>\n<p>\u200bUla\u015ft\u0131rma ve Altyap\u0131 Bakan\u0131 Abdulkadir Uralo\u011flu, Antalya ile Konya aras\u0131nda ula\u015f\u0131m\u0131 daha konforlu<br \/>\nhale getiren 5 bin metre uzunlu\u011fundaki Demirkap\u0131 T\u00fcneli sayesinde vatanda\u015f\u0131n zamandan b\u00fcy\u00fck tasarruf sa\u011flad\u0131\u011f\u0131n\u0131 s\u00f6yledi\u00a0<\/p>\n<p>\u200bHaberin Al\u0131nt\u0131land\u0131\u011f\u0131 Kaynak: www.antalyakorfez.com<\/p>","protected":false},"excerpt":{"rendered":"<p>Antalya&#8217;y\u0131 Konya&#8217;ya ba\u011flayan kuzey-g\u00fcney aks\u0131n\u0131n en \u00f6nemli ge\u00e7i\u015f noktas\u0131n\u0131 olu\u015fturan 5 bin metre uzunlu\u011fundaki Demirkap\u0131 T\u00fcneli&#8217;ni hizmete a\u00e7t\u0131klar\u0131n\u0131 hat\u0131rlatan Bakan Abdulkadir Uralo\u011flu, Akdeniz ve \u0130\u00e7 Anadolu&#8217;yu ay\u0131ran Toroslar\u0131n t\u00fcnel konforuyla sadece 5 dakikada ge\u00e7ilmesini sa\u011flad\u0131klar\u0131n\u0131 belirtti. Sosyal medya hesab\u0131ndan a\u00e7\u0131klamalarda bulunan Bakan Uralo\u011flu, 5 bin metre uzunlu\u011fundaki t\u00fcnelin b\u00f6lge ad\u0131na olduk\u00e7a \u00f6nemli bir hizmet oldu\u011funu ifade etti. TOROSLARA M\u00dcH\u00dcR VURDUK! \u201cAntalya&#8217;y\u0131 Konya&#8217;ya ba\u011flayan kuzey-g\u00fcney aks\u0131n\u0131n en \u00f6nemli ge\u00e7i\u015f noktas\u0131n\u0131 olu\u015fturan 5 bin metre uzunlu\u011fundaki Demirkap\u0131 T\u00fcneli&#8217;ni hizmete a\u00e7t\u0131k\u201d \u015feklinde konu\u015fan Bakan Uralo\u011flu, \u201cAkdeniz ve \u0130\u00e7 Anadolu&#8217;yu ay\u0131ran Toroslar\u0131n t\u00fcnel konforuyla sadece 5 dakikada ge\u00e7ilmesini sa\u011flad\u0131k. E\u011fiste Hadimi Viyad\u00fc\u011f\u00fc ile \u00fclkemizin en y\u00fcksek ayakl\u0131 ve en uzun dengeli konsol k\u00f6pr\u00fcs\u00fcn\u00fc Konya&#8217;da in\u015fa ettik. Bu proje ile Akdeniz B\u00f6lgesi ile \u0130\u00e7 Anadolu B\u00f6lgesi&#8217;ni kesintisiz bir \u015fekilde birbirine ba\u011flayarak Toroslar&#8217;a adeta bir m\u00fch\u00fcr vurduk\u201d \u015feklinde ifadelere yer verdi. DEM\u0130RKAPI T\u00dcNEL\u0130 HAKKINDA Antalya\u2019y\u0131 Konya\u2019ya ve i\u00e7 kesimlere ba\u011flayan Kuzey-G\u00fcney aks\u0131n\u0131n en \u00f6nemli ge\u00e7i\u015f noktas\u0131 olan Demirkap\u0131 T\u00fcneli, 3 May\u0131s 2023 tarihinde hizmete girdi. 5 bin metre uzunlu\u011funda olan t\u00fcnel, Beydi\u011fin\u2019den ba\u015flay\u0131p Ba\u015flar mevkiinde sona ermektedir. Bu yeni yol, Akdeniz\u2019i \u0130\u00e7 Anadolu\u2019ya ba\u011flayarak s\u00fcr\u00fcc\u00fclere konforlu bir ula\u015f\u0131m imk\u00e2n\u0131 sunmaktad\u0131r. \u0130ki \u015fehir aras\u0131nda ki mesafe d\u00fc\u015f\u00fcr\u00fclm\u00fc\u015ft\u00fcr. \u200bUla\u015ft\u0131rma ve Altyap\u0131 Bakan\u0131 Abdulkadir Uralo\u011flu, Antalya ile Konya aras\u0131nda &hellip;<\/p>","protected":false},"author":5,"featured_media":0,"comment_status":"","ping_status":"open","sticky":false,"template":"","format":"standard","meta":{"_acf_changed":false,"footnotes":""},"categories":[24],"tags":[],"class_list":["post-150649","post","type-post","status-publish","format-standard","has-post-thumbnail","hentry","category-gundem"],"acf":[],"yoast_head":"<!-- This site is optimized with the Yoast SEO Premium plugin v26.6 (Yoast SEO v27.1.1) - https:\/\/yoast.com\/product\/yoast-seo-premium-wordpress\/ -->\n<title>Antalya-Konya aras\u0131na 5 bin metrelik t\u00fcnel! Demirkap\u0131 T\u00fcneli zamandan tasarruf sa\u011fl\u0131yor - Av. Deniz Can K\u0131z\u0131l<\/title>\n<meta name=\"robots\" content=\"index, follow, max-snippet:-1, max-image-preview:large, max-video-preview:-1\" \/>\n<link rel=\"canonical\" href=\"https:\/\/denizcankizil.tr\/en\/haberler\/gundem\/antalya-konya-arasina-5-bin-metrelik-tunel-demirkapi-tuneli-zamandan-tasarruf-sagliyor\/\" \/>\n<meta property=\"og:locale\" content=\"en_GB\" \/>\n<meta property=\"og:type\" content=\"article\" \/>\n<meta property=\"og:title\" content=\"Antalya-Konya aras\u0131na 5 bin metrelik t\u00fcnel! Demirkap\u0131 T\u00fcneli zamandan tasarruf sa\u011fl\u0131yor\" \/>\n<meta property=\"og:description\" content=\"Antalya&#8217;y\u0131 Konya&#8217;ya ba\u011flayan kuzey-g\u00fcney aks\u0131n\u0131n en \u00f6nemli ge\u00e7i\u015f noktas\u0131n\u0131 olu\u015fturan 5 bin metre uzunlu\u011fundaki Demirkap\u0131 T\u00fcneli&#8217;ni hizmete a\u00e7t\u0131klar\u0131n\u0131 hat\u0131rlatan Bakan Abdulkadir Uralo\u011flu, Akdeniz ve \u0130\u00e7 Anadolu&#8217;yu ay\u0131ran Toroslar\u0131n t\u00fcnel konforuyla sadece 5 dakikada ge\u00e7ilmesini sa\u011flad\u0131klar\u0131n\u0131 belirtti. Sosyal medya hesab\u0131ndan a\u00e7\u0131klamalarda bulunan Bakan Uralo\u011flu, 5 bin metre uzunlu\u011fundaki t\u00fcnelin b\u00f6lge ad\u0131na olduk\u00e7a \u00f6nemli bir hizmet oldu\u011funu ifade etti. TOROSLARA M\u00dcH\u00dcR VURDUK! \u201cAntalya&#8217;y\u0131 Konya&#8217;ya ba\u011flayan kuzey-g\u00fcney aks\u0131n\u0131n en \u00f6nemli ge\u00e7i\u015f noktas\u0131n\u0131 olu\u015fturan 5 bin metre uzunlu\u011fundaki Demirkap\u0131 T\u00fcneli&#8217;ni hizmete a\u00e7t\u0131k\u201d \u015feklinde konu\u015fan Bakan Uralo\u011flu, \u201cAkdeniz ve \u0130\u00e7 Anadolu&#8217;yu ay\u0131ran Toroslar\u0131n t\u00fcnel konforuyla sadece 5 dakikada ge\u00e7ilmesini sa\u011flad\u0131k. E\u011fiste Hadimi Viyad\u00fc\u011f\u00fc ile \u00fclkemizin en y\u00fcksek ayakl\u0131 ve en uzun dengeli konsol k\u00f6pr\u00fcs\u00fcn\u00fc Konya&#8217;da in\u015fa ettik. Bu proje ile Akdeniz B\u00f6lgesi ile \u0130\u00e7 Anadolu B\u00f6lgesi&#8217;ni kesintisiz bir \u015fekilde birbirine ba\u011flayarak Toroslar&#8217;a adeta bir m\u00fch\u00fcr vurduk\u201d \u015feklinde ifadelere yer verdi. DEM\u0130RKAPI T\u00dcNEL\u0130 HAKKINDA Antalya\u2019y\u0131 Konya\u2019ya ve i\u00e7 kesimlere ba\u011flayan Kuzey-G\u00fcney aks\u0131n\u0131n en \u00f6nemli ge\u00e7i\u015f noktas\u0131 olan Demirkap\u0131 T\u00fcneli, 3 May\u0131s 2023 tarihinde hizmete girdi. 5 bin metre uzunlu\u011funda olan t\u00fcnel, Beydi\u011fin\u2019den ba\u015flay\u0131p Ba\u015flar mevkiinde sona ermektedir. Bu yeni yol, Akdeniz\u2019i \u0130\u00e7 Anadolu\u2019ya ba\u011flayarak s\u00fcr\u00fcc\u00fclere konforlu bir ula\u015f\u0131m imk\u00e2n\u0131 sunmaktad\u0131r. \u0130ki \u015fehir aras\u0131nda ki mesafe d\u00fc\u015f\u00fcr\u00fclm\u00fc\u015ft\u00fcr. \u200bUla\u015ft\u0131rma ve Altyap\u0131 Bakan\u0131 Abdulkadir Uralo\u011flu, Antalya ile Konya aras\u0131nda &hellip;\" \/>\n<meta property=\"og:url\" content=\"https:\/\/denizcankizil.tr\/en\/haberler\/gundem\/antalya-konya-arasina-5-bin-metrelik-tunel-demirkapi-tuneli-zamandan-tasarruf-sagliyor\/\" \/>\n<meta property=\"og:site_name\" content=\"Av. Deniz Can K\u0131z\u0131l\" \/>\n<meta property=\"article:published_time\" content=\"2025-07-19T08:41:59+00:00\" \/>\n<meta name=\"author\" content=\"Antalya K\u00f6rfez\" \/>\n<meta name=\"twitter:card\" content=\"summary_large_image\" \/>\n<meta name=\"twitter:label1\" content=\"Written by\" \/>\n\t<meta name=\"twitter:data1\" content=\"Antalya K\u00f6rfez\" \/>\n\t<meta name=\"twitter:label2\" content=\"Estimated reading time\" \/>\n\t<meta name=\"twitter:data2\" content=\"2 minutes\" \/>\n<script type=\"application\/ld+json\" class=\"yoast-schema-graph\">{\"@context\":\"https:\/\/schema.org\",\"@graph\":[{\"@type\":\"Article\",\"@id\":\"https:\/\/denizcankizil.tr\/ru\/haberler\/gundem\/antalya-konya-arasina-5-bin-metrelik-tunel-demirkapi-tuneli-zamandan-tasarruf-sagliyor\/#article\",\"isPartOf\":{\"@id\":\"https:\/\/denizcankizil.tr\/ru\/haberler\/gundem\/antalya-konya-arasina-5-bin-metrelik-tunel-demirkapi-tuneli-zamandan-tasarruf-sagliyor\/\"},\"author\":{\"name\":\"Antalya K\u00f6rfez\",\"@id\":\"https:\/\/denizcankizil.tr\/de\/#\/schema\/person\/e1eb71bb4dd684d46563f0af307e1234\"},\"headline\":\"Antalya-Konya aras\u0131na 5 bin metrelik t\u00fcnel! Demirkap\u0131 T\u00fcneli zamandan tasarruf sa\u011fl\u0131yor\",\"datePublished\":\"2025-07-19T08:41:59+00:00\",\"mainEntityOfPage\":{\"@id\":\"https:\/\/denizcankizil.tr\/ru\/haberler\/gundem\/antalya-konya-arasina-5-bin-metrelik-tunel-demirkapi-tuneli-zamandan-tasarruf-sagliyor\/\"},\"wordCount\":346,\"publisher\":{\"@id\":\"https:\/\/denizcankizil.tr\/de\/#organization\"},\"articleSection\":[\"G\u00fcndem\"],\"inLanguage\":\"en-GB\"},{\"@type\":\"WebPage\",\"@id\":\"https:\/\/denizcankizil.tr\/ru\/haberler\/gundem\/antalya-konya-arasina-5-bin-metrelik-tunel-demirkapi-tuneli-zamandan-tasarruf-sagliyor\/\",\"url\":\"https:\/\/denizcankizil.tr\/ru\/haberler\/gundem\/antalya-konya-arasina-5-bin-metrelik-tunel-demirkapi-tuneli-zamandan-tasarruf-sagliyor\/\",\"name\":\"Antalya-Konya aras\u0131na 5 bin metrelik t\u00fcnel! Demirkap\u0131 T\u00fcneli zamandan tasarruf sa\u011fl\u0131yor - Av. Deniz Can K\u0131z\u0131l\",\"isPartOf\":{\"@id\":\"https:\/\/denizcankizil.tr\/de\/#website\"},\"datePublished\":\"2025-07-19T08:41:59+00:00\",\"breadcrumb\":{\"@id\":\"https:\/\/denizcankizil.tr\/ru\/haberler\/gundem\/antalya-konya-arasina-5-bin-metrelik-tunel-demirkapi-tuneli-zamandan-tasarruf-sagliyor\/#breadcrumb\"},\"inLanguage\":\"en-GB\",\"potentialAction\":[{\"@type\":\"ReadAction\",\"target\":[\"https:\/\/denizcankizil.tr\/ru\/haberler\/gundem\/antalya-konya-arasina-5-bin-metrelik-tunel-demirkapi-tuneli-zamandan-tasarruf-sagliyor\/\"]}]},{\"@type\":\"BreadcrumbList\",\"@id\":\"https:\/\/denizcankizil.tr\/ru\/haberler\/gundem\/antalya-konya-arasina-5-bin-metrelik-tunel-demirkapi-tuneli-zamandan-tasarruf-sagliyor\/#breadcrumb\",\"itemListElement\":[{\"@type\":\"ListItem\",\"position\":1,\"name\":\"Home\",\"item\":\"https:\/\/denizcankizil.tr\/de\/\"},{\"@type\":\"ListItem\",\"position\":2,\"name\":\"Antalya-Konya aras\u0131na 5 bin metrelik t\u00fcnel! Demirkap\u0131 T\u00fcneli zamandan tasarruf sa\u011fl\u0131yor\"}]},{\"@type\":\"WebSite\",\"@id\":\"https:\/\/denizcankizil.tr\/de\/#website\",\"url\":\"https:\/\/denizcankizil.tr\/de\/\",\"name\":\"Av. Deniz Can K\u0131z\u0131l\",\"description\":\"Avukat Deniz Can K\u0131z\u0131l Antalya Barosu\",\"publisher\":{\"@id\":\"https:\/\/denizcankizil.tr\/de\/#organization\"},\"potentialAction\":[{\"@type\":\"SearchAction\",\"target\":{\"@type\":\"EntryPoint\",\"urlTemplate\":\"https:\/\/denizcankizil.tr\/de\/?s={search_term_string}\"},\"query-input\":{\"@type\":\"PropertyValueSpecification\",\"valueRequired\":true,\"valueName\":\"search_term_string\"}}],\"inLanguage\":\"en-GB\"},{\"@type\":\"Organization\",\"@id\":\"https:\/\/denizcankizil.tr\/de\/#organization\",\"name\":\"Av. Deniz Can K\u0131z\u0131l\",\"url\":\"https:\/\/denizcankizil.tr\/de\/\",\"logo\":{\"@type\":\"ImageObject\",\"inLanguage\":\"en-GB\",\"@id\":\"https:\/\/denizcankizil.tr\/de\/#\/schema\/logo\/image\/\",\"url\":\"https:\/\/denizcankizil.tr\/wp-content\/uploads\/2024\/10\/siyah-logo-svg.svg\",\"contentUrl\":\"https:\/\/denizcankizil.tr\/wp-content\/uploads\/2024\/10\/siyah-logo-svg.svg\",\"width\":1080,\"height\":1080,\"caption\":\"Av. Deniz Can K\u0131z\u0131l\"},\"image\":{\"@id\":\"https:\/\/denizcankizil.tr\/de\/#\/schema\/logo\/image\/\"}},{\"@type\":\"Person\",\"@id\":\"https:\/\/denizcankizil.tr\/de\/#\/schema\/person\/e1eb71bb4dd684d46563f0af307e1234\",\"name\":\"Antalya K\u00f6rfez\",\"image\":{\"@type\":\"ImageObject\",\"inLanguage\":\"en-GB\",\"@id\":\"https:\/\/denizcankizil.tr\/de\/#\/schema\/person\/image\/\",\"url\":\"https:\/\/secure.gravatar.com\/avatar\/42b01982558a48a0b501fdcab6a408d3717ea5919095ee2e67b0e521799c5905?s=96&d=mm&r=g\",\"contentUrl\":\"https:\/\/secure.gravatar.com\/avatar\/42b01982558a48a0b501fdcab6a408d3717ea5919095ee2e67b0e521799c5905?s=96&d=mm&r=g\",\"caption\":\"Antalya K\u00f6rfez\"},\"sameAs\":[\"http:\/\/www.antalyakorfez.com\"],\"url\":\"https:\/\/www.antalyakorfez.com\/antalya-konya-arasina-5-bin-metrelik-tunel-demirkapi-tuneli-zamandan-tasarruf-sagliyor\"}]}<\/script>\n<!-- \/ Yoast SEO Premium plugin. -->","yoast_head_json":{"title":"Antalya-Konya aras\u0131na 5 bin metrelik t\u00fcnel! Demirkap\u0131 T\u00fcneli zamandan tasarruf sa\u011fl\u0131yor - Av. Deniz Can K\u0131z\u0131l","robots":{"index":"index","follow":"follow","max-snippet":"max-snippet:-1","max-image-preview":"max-image-preview:large","max-video-preview":"max-video-preview:-1"},"canonical":"https:\/\/denizcankizil.tr\/en\/haberler\/gundem\/antalya-konya-arasina-5-bin-metrelik-tunel-demirkapi-tuneli-zamandan-tasarruf-sagliyor\/","og_locale":"en_GB","og_type":"article","og_title":"Antalya-Konya aras\u0131na 5 bin metrelik t\u00fcnel! Demirkap\u0131 T\u00fcneli zamandan tasarruf sa\u011fl\u0131yor","og_description":"Antalya&#8217;y\u0131 Konya&#8217;ya ba\u011flayan kuzey-g\u00fcney aks\u0131n\u0131n en \u00f6nemli ge\u00e7i\u015f noktas\u0131n\u0131 olu\u015fturan 5 bin metre uzunlu\u011fundaki Demirkap\u0131 T\u00fcneli&#8217;ni hizmete a\u00e7t\u0131klar\u0131n\u0131 hat\u0131rlatan Bakan Abdulkadir Uralo\u011flu, Akdeniz ve \u0130\u00e7 Anadolu&#8217;yu ay\u0131ran Toroslar\u0131n t\u00fcnel konforuyla sadece 5 dakikada ge\u00e7ilmesini sa\u011flad\u0131klar\u0131n\u0131 belirtti. Sosyal medya hesab\u0131ndan a\u00e7\u0131klamalarda bulunan Bakan Uralo\u011flu, 5 bin metre uzunlu\u011fundaki t\u00fcnelin b\u00f6lge ad\u0131na olduk\u00e7a \u00f6nemli bir hizmet oldu\u011funu ifade etti. TOROSLARA M\u00dcH\u00dcR VURDUK! \u201cAntalya&#8217;y\u0131 Konya&#8217;ya ba\u011flayan kuzey-g\u00fcney aks\u0131n\u0131n en \u00f6nemli ge\u00e7i\u015f noktas\u0131n\u0131 olu\u015fturan 5 bin metre uzunlu\u011fundaki Demirkap\u0131 T\u00fcneli&#8217;ni hizmete a\u00e7t\u0131k\u201d \u015feklinde konu\u015fan Bakan Uralo\u011flu, \u201cAkdeniz ve \u0130\u00e7 Anadolu&#8217;yu ay\u0131ran Toroslar\u0131n t\u00fcnel konforuyla sadece 5 dakikada ge\u00e7ilmesini sa\u011flad\u0131k. E\u011fiste Hadimi Viyad\u00fc\u011f\u00fc ile \u00fclkemizin en y\u00fcksek ayakl\u0131 ve en uzun dengeli konsol k\u00f6pr\u00fcs\u00fcn\u00fc Konya&#8217;da in\u015fa ettik. Bu proje ile Akdeniz B\u00f6lgesi ile \u0130\u00e7 Anadolu B\u00f6lgesi&#8217;ni kesintisiz bir \u015fekilde birbirine ba\u011flayarak Toroslar&#8217;a adeta bir m\u00fch\u00fcr vurduk\u201d \u015feklinde ifadelere yer verdi. DEM\u0130RKAPI T\u00dcNEL\u0130 HAKKINDA Antalya\u2019y\u0131 Konya\u2019ya ve i\u00e7 kesimlere ba\u011flayan Kuzey-G\u00fcney aks\u0131n\u0131n en \u00f6nemli ge\u00e7i\u015f noktas\u0131 olan Demirkap\u0131 T\u00fcneli, 3 May\u0131s 2023 tarihinde hizmete girdi. 5 bin metre uzunlu\u011funda olan t\u00fcnel, Beydi\u011fin\u2019den ba\u015flay\u0131p Ba\u015flar mevkiinde sona ermektedir. Bu yeni yol, Akdeniz\u2019i \u0130\u00e7 Anadolu\u2019ya ba\u011flayarak s\u00fcr\u00fcc\u00fclere konforlu bir ula\u015f\u0131m imk\u00e2n\u0131 sunmaktad\u0131r. \u0130ki \u015fehir aras\u0131nda ki mesafe d\u00fc\u015f\u00fcr\u00fclm\u00fc\u015ft\u00fcr. \u200bUla\u015ft\u0131rma ve Altyap\u0131 Bakan\u0131 Abdulkadir Uralo\u011flu, Antalya ile Konya aras\u0131nda &hellip;","og_url":"https:\/\/denizcankizil.tr\/en\/haberler\/gundem\/antalya-konya-arasina-5-bin-metrelik-tunel-demirkapi-tuneli-zamandan-tasarruf-sagliyor\/","og_site_name":"Av. Deniz Can K\u0131z\u0131l","article_published_time":"2025-07-19T08:41:59+00:00","author":"Antalya K\u00f6rfez","twitter_card":"summary_large_image","twitter_misc":{"Written by":"Antalya K\u00f6rfez","Estimated reading time":"2 minutes"},"schema":{"@context":"https:\/\/schema.org","@graph":[{"@type":"Article","@id":"https:\/\/denizcankizil.tr\/ru\/haberler\/gundem\/antalya-konya-arasina-5-bin-metrelik-tunel-demirkapi-tuneli-zamandan-tasarruf-sagliyor\/#article","isPartOf":{"@id":"https:\/\/denizcankizil.tr\/ru\/haberler\/gundem\/antalya-konya-arasina-5-bin-metrelik-tunel-demirkapi-tuneli-zamandan-tasarruf-sagliyor\/"},"author":{"name":"Antalya K\u00f6rfez","@id":"https:\/\/denizcankizil.tr\/de\/#\/schema\/person\/e1eb71bb4dd684d46563f0af307e1234"},"headline":"Antalya-Konya aras\u0131na 5 bin metrelik t\u00fcnel! Demirkap\u0131 T\u00fcneli zamandan tasarruf sa\u011fl\u0131yor","datePublished":"2025-07-19T08:41:59+00:00","mainEntityOfPage":{"@id":"https:\/\/denizcankizil.tr\/ru\/haberler\/gundem\/antalya-konya-arasina-5-bin-metrelik-tunel-demirkapi-tuneli-zamandan-tasarruf-sagliyor\/"},"wordCount":346,"publisher":{"@id":"https:\/\/denizcankizil.tr\/de\/#organization"},"articleSection":["G\u00fcndem"],"inLanguage":"en-GB"},{"@type":"WebPage","@id":"https:\/\/denizcankizil.tr\/ru\/haberler\/gundem\/antalya-konya-arasina-5-bin-metrelik-tunel-demirkapi-tuneli-zamandan-tasarruf-sagliyor\/","url":"https:\/\/denizcankizil.tr\/ru\/haberler\/gundem\/antalya-konya-arasina-5-bin-metrelik-tunel-demirkapi-tuneli-zamandan-tasarruf-sagliyor\/","name":"Antalya-Konya aras\u0131na 5 bin metrelik t\u00fcnel! Demirkap\u0131 T\u00fcneli zamandan tasarruf sa\u011fl\u0131yor - Av. Deniz Can K\u0131z\u0131l","isPartOf":{"@id":"https:\/\/denizcankizil.tr\/de\/#website"},"datePublished":"2025-07-19T08:41:59+00:00","breadcrumb":{"@id":"https:\/\/denizcankizil.tr\/ru\/haberler\/gundem\/antalya-konya-arasina-5-bin-metrelik-tunel-demirkapi-tuneli-zamandan-tasarruf-sagliyor\/#breadcrumb"},"inLanguage":"en-GB","potentialAction":[{"@type":"ReadAction","target":["https:\/\/denizcankizil.tr\/ru\/haberler\/gundem\/antalya-konya-arasina-5-bin-metrelik-tunel-demirkapi-tuneli-zamandan-tasarruf-sagliyor\/"]}]},{"@type":"BreadcrumbList","@id":"https:\/\/denizcankizil.tr\/ru\/haberler\/gundem\/antalya-konya-arasina-5-bin-metrelik-tunel-demirkapi-tuneli-zamandan-tasarruf-sagliyor\/#breadcrumb","itemListElement":[{"@type":"ListItem","position":1,"name":"Home","item":"https:\/\/denizcankizil.tr\/de\/"},{"@type":"ListItem","position":2,"name":"Antalya-Konya aras\u0131na 5 bin metrelik t\u00fcnel! Demirkap\u0131 T\u00fcneli zamandan tasarruf sa\u011fl\u0131yor"}]},{"@type":"WebSite","@id":"https:\/\/denizcankizil.tr\/de\/#website","url":"https:\/\/denizcankizil.tr\/de\/","name":"Av. Deniz Can K\u0131z\u0131l","description":"Avukat Deniz Can K\u0131z\u0131l Antalya Barosu","publisher":{"@id":"https:\/\/denizcankizil.tr\/de\/#organization"},"potentialAction":[{"@type":"SearchAction","target":{"@type":"EntryPoint","urlTemplate":"https:\/\/denizcankizil.tr\/de\/?s={search_term_string}"},"query-input":{"@type":"PropertyValueSpecification","valueRequired":true,"valueName":"search_term_string"}}],"inLanguage":"en-GB"},{"@type":"Organization","@id":"https:\/\/denizcankizil.tr\/de\/#organization","name":"Av. Deniz Can K\u0131z\u0131l","url":"https:\/\/denizcankizil.tr\/de\/","logo":{"@type":"ImageObject","inLanguage":"en-GB","@id":"https:\/\/denizcankizil.tr\/de\/#\/schema\/logo\/image\/","url":"https:\/\/denizcankizil.tr\/wp-content\/uploads\/2024\/10\/siyah-logo-svg.svg","contentUrl":"https:\/\/denizcankizil.tr\/wp-content\/uploads\/2024\/10\/siyah-logo-svg.svg","width":1080,"height":1080,"caption":"Av. Deniz Can K\u0131z\u0131l"},"image":{"@id":"https:\/\/denizcankizil.tr\/de\/#\/schema\/logo\/image\/"}},{"@type":"Person","@id":"https:\/\/denizcankizil.tr\/de\/#\/schema\/person\/e1eb71bb4dd684d46563f0af307e1234","name":"Antalya K\u00f6rfez","image":{"@type":"ImageObject","inLanguage":"en-GB","@id":"https:\/\/denizcankizil.tr\/de\/#\/schema\/person\/image\/","url":"https:\/\/secure.gravatar.com\/avatar\/42b01982558a48a0b501fdcab6a408d3717ea5919095ee2e67b0e521799c5905?s=96&d=mm&r=g","contentUrl":"https:\/\/secure.gravatar.com\/avatar\/42b01982558a48a0b501fdcab6a408d3717ea5919095ee2e67b0e521799c5905?s=96&d=mm&r=g","caption":"Antalya K\u00f6rfez"},"sameAs":["http:\/\/www.antalyakorfez.com"],"url":"https:\/\/www.antalyakorfez.com\/antalya-konya-arasina-5-bin-metrelik-tunel-demirkapi-tuneli-zamandan-tasarruf-sagliyor"}]}},"_links":{"self":[{"href":"https:\/\/denizcankizil.tr\/en\/wp-json\/wp\/v2\/posts\/150649","targetHints":{"allow":["GET"]}}],"collection":[{"href":"https:\/\/denizcankizil.tr\/en\/wp-json\/wp\/v2\/posts"}],"about":[{"href":"https:\/\/denizcankizil.tr\/en\/wp-json\/wp\/v2\/types\/post"}],"author":[{"embeddable":true,"href":"https:\/\/denizcankizil.tr\/en\/wp-json\/wp\/v2\/users\/5"}],"replies":[{"embeddable":true,"href":"https:\/\/denizcankizil.tr\/en\/wp-json\/wp\/v2\/comments?post=150649"}],"version-history":[{"count":0,"href":"https:\/\/denizcankizil.tr\/en\/wp-json\/wp\/v2\/posts\/150649\/revisions"}],"wp:attachment":[{"href":"https:\/\/denizcankizil.tr\/en\/wp-json\/wp\/v2\/media?parent=150649"}],"wp:term":[{"taxonomy":"category","embeddable":true,"href":"https:\/\/denizcankizil.tr\/en\/wp-json\/wp\/v2\/categories?post=150649"},{"taxonomy":"post_tag","embeddable":true,"href":"https:\/\/denizcankizil.tr\/en\/wp-json\/wp\/v2\/tags?post=150649"}],"curies":[{"name":"wp","href":"https:\/\/api.w.org\/{rel}","templated":true}]}}