{"id":15007,"date":"2024-11-09T16:41:57","date_gmt":"2024-11-09T13:41:57","guid":{"rendered":"https:\/\/denizcankizil.tr\/uncategorized-tr\/ankaranin-konut-arzi-artiyor-arz-arttikca-nominal-fiyatlar-dusecek\/"},"modified":"2024-11-09T16:41:57","modified_gmt":"2024-11-09T13:41:57","slug":"ankaranin-konut-arzi-artiyor-arz-arttikca-nominal-fiyatlar-dusecek","status":"publish","type":"post","link":"https:\/\/denizcankizil.tr\/en\/haberler\/gundem\/ankaranin-konut-arzi-artiyor-arz-arttikca-nominal-fiyatlar-dusecek\/","title":{"rendered":"Ankara&#8217;n\u0131n konut arz\u0131 art\u0131yor&#8230; Arz artt\u0131k\u00e7a nominal fiyatlar d\u00fc\u015fecek"},"content":{"rendered":"<p>Konut stoku kar\u015f\u0131la\u015ft\u0131rmas\u0131 analizine g\u00f6re Ankara\u2019da sat\u0131l\u0131k konut arz\u0131 ge\u00e7en y\u0131la g\u00f6re y\u00fczde 25 oran\u0131nda artt\u0131. B\u00f6ylelikle Ankara&#8217;n\u0131n sat\u0131l\u0131k konut arz\u0131 75 bine y\u00fckseldi.ANKARA (\u0130GFA) &#8211; Gayrimenkul ekonomisi ve ileri d\u00fczeyde pazarlama alan\u0131nda faaliyet g\u00f6steren Ankara\u2019n\u0131n \u00f6nde gelen gayrimenkul \u015firketi Gayrimenkul PR\u2019\u0131n haz\u0131rlad\u0131\u011f\u0131 \u2018konut stoku kar\u015f\u0131la\u015ft\u0131rmas\u0131\u2019 analizine g\u00f6re ge\u00e7ti\u011fimiz y\u0131lda Ankara\u2019da 60 bin civar\u0131nda olan konut stoku Kas\u0131m ay\u0131 itibariyle 75 bine y\u00fckseldi.<br \/>\nVerilere g\u00f6re Ankara\u2019da sat\u0131l\u0131k konut arz\u0131 ge\u00e7en y\u0131la g\u00f6re y\u00fczde 25 oran\u0131nda artt\u0131<br \/>\n\u2018ARZ ARTTIK\u00c7A NOM\u0130NAL F\u0130YATLAR D\u00dc\u015eECEK\u2019<br \/>\nAnkara\u2019da konut arz\u0131n\u0131n ge\u00e7ti\u011fimiz y\u0131llara g\u00f6re artmas\u0131n\u0131n nedenlerini ve sonu\u00e7lar\u0131n\u0131 de\u011ferlendiren sekt\u00f6r temsilcisi firma, &#8220;Haziran ay\u0131ndan bu yana \u2018MB faizi d\u00fc\u015f\u00fcrecek ve konut fiyatlar\u0131 artacak\u2019 \u015feklinde yanl\u0131\u015f alg\u0131lara inanan sat\u0131c\u0131lar fiyat art\u0131rmak i\u00e7in faiz indirimini beklemi\u015flerdi. Ancak faizlerin d\u00fc\u015fmeyece\u011fi anla\u015f\u0131l\u0131nca, sat\u0131c\u0131lar, enflasyon kar\u015f\u0131s\u0131nda reel olarak y\u00fczde 20 civar\u0131nda de\u011fer kaybeden konutlar\u0131 sat\u0131p, alternatif yat\u0131r\u0131m ara\u00e7lar\u0131na y\u00f6nelmeye ba\u015flad\u0131lar. Arz taraf\u0131ndaki b\u00fcy\u00fcmenin Ankara\u2019da konut fiyatlar\u0131n\u0131 a\u015fa\u011f\u0131 \u00e7ekece\u011fini \u00f6ng\u00f6r\u00fcyoruz&#8221; ifadelerini kulland\u0131.<br \/>\nGayrimenkul PR&#8217;\u0131n haz\u0131rlad\u0131\u011f\u0131 analize g\u00f6re, kritik tarih Mart 2025 olarak \u00f6n g\u00f6r\u00fcld\u00fc.<br \/>\nDo\u011frulanm\u0131\u015f ilan sisteminin uygulanmas\u0131yla yapay seyreden konut fiyatlar\u0131 nominal olarak da d\u00fc\u015fecek ve t\u00fcm gayrimenkul kategorilerinde fiyat k\u0131r\u0131lmalar\u0131 olaca\u011f\u0131, raporda \u00f6n\u00fcm\u00fczdeki s\u00fcrecin do\u011fru okunmas\u0131 i\u00e7in sat\u0131c\u0131lar\u0131n ve al\u0131c\u0131lar\u0131n konusunun uzmanlar\u0131ndan destek almalar\u0131nda uzun vadede sonsuz faydalar g\u00f6r\u00fcld\u00fc\u011f\u00fc ifade edildi.<\/p>\n<p>\u200bKonut stoku kar\u015f\u0131la\u015ft\u0131rmas\u0131 analizine g\u00f6re Ankara\u2019da sat\u0131l\u0131k konut arz\u0131 ge\u00e7en y\u0131la g\u00f6re y\u00fczde 25 oran\u0131nda artt\u0131  B\u00f6ylelikle Ankara&#8217;n\u0131n sat\u0131l\u0131k konut arz\u0131 75 bine y\u00fckseldi\u00a0<\/p>\n<p>\u200bHaberin Al\u0131nt\u0131land\u0131\u011f\u0131 Kaynak: www.iskenderun.org<\/p>","protected":false},"excerpt":{"rendered":"<p>Konut stoku kar\u015f\u0131la\u015ft\u0131rmas\u0131 analizine g\u00f6re Ankara\u2019da sat\u0131l\u0131k konut arz\u0131 ge\u00e7en y\u0131la g\u00f6re y\u00fczde 25 oran\u0131nda artt\u0131. B\u00f6ylelikle Ankara&#8217;n\u0131n sat\u0131l\u0131k konut arz\u0131 75 bine y\u00fckseldi.ANKARA (\u0130GFA) &#8211; Gayrimenkul ekonomisi ve ileri d\u00fczeyde pazarlama alan\u0131nda faaliyet g\u00f6steren Ankara\u2019n\u0131n \u00f6nde gelen gayrimenkul \u015firketi Gayrimenkul PR\u2019\u0131n haz\u0131rlad\u0131\u011f\u0131 \u2018konut stoku kar\u015f\u0131la\u015ft\u0131rmas\u0131\u2019 analizine g\u00f6re ge\u00e7ti\u011fimiz y\u0131lda Ankara\u2019da 60 bin civar\u0131nda olan konut stoku Kas\u0131m ay\u0131 itibariyle 75 bine y\u00fckseldi. Verilere g\u00f6re Ankara\u2019da sat\u0131l\u0131k konut arz\u0131 ge\u00e7en y\u0131la g\u00f6re y\u00fczde 25 oran\u0131nda artt\u0131 \u2018ARZ ARTTIK\u00c7A NOM\u0130NAL F\u0130YATLAR D\u00dc\u015eECEK\u2019 Ankara\u2019da konut arz\u0131n\u0131n ge\u00e7ti\u011fimiz y\u0131llara g\u00f6re artmas\u0131n\u0131n nedenlerini ve sonu\u00e7lar\u0131n\u0131 de\u011ferlendiren sekt\u00f6r temsilcisi firma, &#8220;Haziran ay\u0131ndan bu yana \u2018MB faizi d\u00fc\u015f\u00fcrecek ve konut fiyatlar\u0131 artacak\u2019 \u015feklinde yanl\u0131\u015f alg\u0131lara inanan sat\u0131c\u0131lar fiyat art\u0131rmak i\u00e7in faiz indirimini beklemi\u015flerdi. Ancak faizlerin d\u00fc\u015fmeyece\u011fi anla\u015f\u0131l\u0131nca, sat\u0131c\u0131lar, enflasyon kar\u015f\u0131s\u0131nda reel olarak y\u00fczde 20 civar\u0131nda de\u011fer kaybeden konutlar\u0131 sat\u0131p, alternatif yat\u0131r\u0131m ara\u00e7lar\u0131na y\u00f6nelmeye ba\u015flad\u0131lar. Arz taraf\u0131ndaki b\u00fcy\u00fcmenin Ankara\u2019da konut fiyatlar\u0131n\u0131 a\u015fa\u011f\u0131 \u00e7ekece\u011fini \u00f6ng\u00f6r\u00fcyoruz&#8221; ifadelerini kulland\u0131. Gayrimenkul PR&#8217;\u0131n haz\u0131rlad\u0131\u011f\u0131 analize g\u00f6re, kritik tarih Mart 2025 olarak \u00f6n g\u00f6r\u00fcld\u00fc. Do\u011frulanm\u0131\u015f ilan sisteminin uygulanmas\u0131yla yapay seyreden konut fiyatlar\u0131 nominal olarak da d\u00fc\u015fecek ve t\u00fcm gayrimenkul kategorilerinde fiyat k\u0131r\u0131lmalar\u0131 olaca\u011f\u0131, raporda \u00f6n\u00fcm\u00fczdeki s\u00fcrecin do\u011fru okunmas\u0131 i\u00e7in sat\u0131c\u0131lar\u0131n ve al\u0131c\u0131lar\u0131n konusunun uzmanlar\u0131ndan destek almalar\u0131nda uzun vadede sonsuz faydalar g\u00f6r\u00fcld\u00fc\u011f\u00fc ifade edildi. &hellip;<\/p>","protected":false},"author":0,"featured_media":0,"comment_status":"open","ping_status":"open","sticky":false,"template":"","format":"standard","meta":{"_acf_changed":false,"footnotes":""},"categories":[24,535],"tags":[],"class_list":["post-15007","post","type-post","status-publish","format-standard","has-post-thumbnail","hentry","category-gundem","category-uncategorized-tr"],"acf":[],"yoast_head":"<!-- This site is optimized with the Yoast SEO Premium plugin v26.6 (Yoast SEO v27.1.1) - https:\/\/yoast.com\/product\/yoast-seo-premium-wordpress\/ -->\n<title>Ankara&#039;n\u0131n konut arz\u0131 art\u0131yor... Arz artt\u0131k\u00e7a nominal fiyatlar d\u00fc\u015fecek - Av. Deniz Can K\u0131z\u0131l<\/title>\n<meta name=\"robots\" content=\"index, follow, max-snippet:-1, max-image-preview:large, max-video-preview:-1\" \/>\n<link rel=\"canonical\" href=\"https:\/\/denizcankizil.tr\/en\/haberler\/gundem\/ankaranin-konut-arzi-artiyor-arz-arttikca-nominal-fiyatlar-dusecek\/\" \/>\n<meta property=\"og:locale\" content=\"en_GB\" \/>\n<meta property=\"og:type\" content=\"article\" \/>\n<meta property=\"og:title\" content=\"Ankara&#039;n\u0131n konut arz\u0131 art\u0131yor... Arz artt\u0131k\u00e7a nominal fiyatlar d\u00fc\u015fecek\" \/>\n<meta property=\"og:description\" content=\"Konut stoku kar\u015f\u0131la\u015ft\u0131rmas\u0131 analizine g\u00f6re Ankara\u2019da sat\u0131l\u0131k konut arz\u0131 ge\u00e7en y\u0131la g\u00f6re y\u00fczde 25 oran\u0131nda artt\u0131. B\u00f6ylelikle Ankara&#8217;n\u0131n sat\u0131l\u0131k konut arz\u0131 75 bine y\u00fckseldi.ANKARA (\u0130GFA) &#8211; Gayrimenkul ekonomisi ve ileri d\u00fczeyde pazarlama alan\u0131nda faaliyet g\u00f6steren Ankara\u2019n\u0131n \u00f6nde gelen gayrimenkul \u015firketi Gayrimenkul PR\u2019\u0131n haz\u0131rlad\u0131\u011f\u0131 \u2018konut stoku kar\u015f\u0131la\u015ft\u0131rmas\u0131\u2019 analizine g\u00f6re ge\u00e7ti\u011fimiz y\u0131lda Ankara\u2019da 60 bin civar\u0131nda olan konut stoku Kas\u0131m ay\u0131 itibariyle 75 bine y\u00fckseldi. Verilere g\u00f6re Ankara\u2019da sat\u0131l\u0131k konut arz\u0131 ge\u00e7en y\u0131la g\u00f6re y\u00fczde 25 oran\u0131nda artt\u0131 \u2018ARZ ARTTIK\u00c7A NOM\u0130NAL F\u0130YATLAR D\u00dc\u015eECEK\u2019 Ankara\u2019da konut arz\u0131n\u0131n ge\u00e7ti\u011fimiz y\u0131llara g\u00f6re artmas\u0131n\u0131n nedenlerini ve sonu\u00e7lar\u0131n\u0131 de\u011ferlendiren sekt\u00f6r temsilcisi firma, &#8220;Haziran ay\u0131ndan bu yana \u2018MB faizi d\u00fc\u015f\u00fcrecek ve konut fiyatlar\u0131 artacak\u2019 \u015feklinde yanl\u0131\u015f alg\u0131lara inanan sat\u0131c\u0131lar fiyat art\u0131rmak i\u00e7in faiz indirimini beklemi\u015flerdi. Ancak faizlerin d\u00fc\u015fmeyece\u011fi anla\u015f\u0131l\u0131nca, sat\u0131c\u0131lar, enflasyon kar\u015f\u0131s\u0131nda reel olarak y\u00fczde 20 civar\u0131nda de\u011fer kaybeden konutlar\u0131 sat\u0131p, alternatif yat\u0131r\u0131m ara\u00e7lar\u0131na y\u00f6nelmeye ba\u015flad\u0131lar. Arz taraf\u0131ndaki b\u00fcy\u00fcmenin Ankara\u2019da konut fiyatlar\u0131n\u0131 a\u015fa\u011f\u0131 \u00e7ekece\u011fini \u00f6ng\u00f6r\u00fcyoruz&#8221; ifadelerini kulland\u0131. Gayrimenkul PR&#8217;\u0131n haz\u0131rlad\u0131\u011f\u0131 analize g\u00f6re, kritik tarih Mart 2025 olarak \u00f6n g\u00f6r\u00fcld\u00fc. Do\u011frulanm\u0131\u015f ilan sisteminin uygulanmas\u0131yla yapay seyreden konut fiyatlar\u0131 nominal olarak da d\u00fc\u015fecek ve t\u00fcm gayrimenkul kategorilerinde fiyat k\u0131r\u0131lmalar\u0131 olaca\u011f\u0131, raporda \u00f6n\u00fcm\u00fczdeki s\u00fcrecin do\u011fru okunmas\u0131 i\u00e7in sat\u0131c\u0131lar\u0131n ve al\u0131c\u0131lar\u0131n konusunun uzmanlar\u0131ndan destek almalar\u0131nda uzun vadede sonsuz faydalar g\u00f6r\u00fcld\u00fc\u011f\u00fc ifade edildi. &hellip;\" \/>\n<meta property=\"og:url\" content=\"https:\/\/denizcankizil.tr\/en\/haberler\/gundem\/ankaranin-konut-arzi-artiyor-arz-arttikca-nominal-fiyatlar-dusecek\/\" \/>\n<meta property=\"og:site_name\" content=\"Av. Deniz Can K\u0131z\u0131l\" \/>\n<meta property=\"article:published_time\" content=\"2024-11-09T13:41:57+00:00\" \/>\n<meta name=\"twitter:card\" content=\"summary_large_image\" \/>\n<meta name=\"twitter:label1\" content=\"Estimated reading time\" \/>\n\t<meta name=\"twitter:data1\" content=\"2 minutes\" \/>\n<script type=\"application\/ld+json\" class=\"yoast-schema-graph\">{\"@context\":\"https:\/\/schema.org\",\"@graph\":[{\"@type\":\"Article\",\"@id\":\"https:\/\/denizcankizil.tr\/en\/haberler\/gundem\/ankaranin-konut-arzi-artiyor-arz-arttikca-nominal-fiyatlar-dusecek\/#article\",\"isPartOf\":{\"@id\":\"https:\/\/denizcankizil.tr\/en\/haberler\/gundem\/ankaranin-konut-arzi-artiyor-arz-arttikca-nominal-fiyatlar-dusecek\/\"},\"author\":{\"name\":\"\",\"@id\":\"\"},\"headline\":\"Ankara&#8217;n\u0131n konut arz\u0131 art\u0131yor&#8230; Arz artt\u0131k\u00e7a nominal fiyatlar d\u00fc\u015fecek\",\"datePublished\":\"2024-11-09T13:41:57+00:00\",\"mainEntityOfPage\":{\"@id\":\"https:\/\/denizcankizil.tr\/en\/haberler\/gundem\/ankaranin-konut-arzi-artiyor-arz-arttikca-nominal-fiyatlar-dusecek\/\"},\"wordCount\":381,\"commentCount\":0,\"publisher\":{\"@id\":\"https:\/\/denizcankizil.tr\/de\/#organization\"},\"articleSection\":[\"G\u00fcndem\",\"Uncategorized\"],\"inLanguage\":\"en-GB\",\"potentialAction\":[{\"@type\":\"CommentAction\",\"name\":\"Comment\",\"target\":[\"https:\/\/denizcankizil.tr\/en\/haberler\/gundem\/ankaranin-konut-arzi-artiyor-arz-arttikca-nominal-fiyatlar-dusecek\/#respond\"]}]},{\"@type\":\"WebPage\",\"@id\":\"https:\/\/denizcankizil.tr\/en\/haberler\/gundem\/ankaranin-konut-arzi-artiyor-arz-arttikca-nominal-fiyatlar-dusecek\/\",\"url\":\"https:\/\/denizcankizil.tr\/en\/haberler\/gundem\/ankaranin-konut-arzi-artiyor-arz-arttikca-nominal-fiyatlar-dusecek\/\",\"name\":\"Ankara'n\u0131n konut arz\u0131 art\u0131yor... Arz artt\u0131k\u00e7a nominal fiyatlar d\u00fc\u015fecek - Av. Deniz Can K\u0131z\u0131l\",\"isPartOf\":{\"@id\":\"https:\/\/denizcankizil.tr\/de\/#website\"},\"datePublished\":\"2024-11-09T13:41:57+00:00\",\"breadcrumb\":{\"@id\":\"https:\/\/denizcankizil.tr\/en\/haberler\/gundem\/ankaranin-konut-arzi-artiyor-arz-arttikca-nominal-fiyatlar-dusecek\/#breadcrumb\"},\"inLanguage\":\"en-GB\",\"potentialAction\":[{\"@type\":\"ReadAction\",\"target\":[\"https:\/\/denizcankizil.tr\/en\/haberler\/gundem\/ankaranin-konut-arzi-artiyor-arz-arttikca-nominal-fiyatlar-dusecek\/\"]}]},{\"@type\":\"BreadcrumbList\",\"@id\":\"https:\/\/denizcankizil.tr\/en\/haberler\/gundem\/ankaranin-konut-arzi-artiyor-arz-arttikca-nominal-fiyatlar-dusecek\/#breadcrumb\",\"itemListElement\":[{\"@type\":\"ListItem\",\"position\":1,\"name\":\"Home\",\"item\":\"https:\/\/denizcankizil.tr\/de\/\"},{\"@type\":\"ListItem\",\"position\":2,\"name\":\"Ankara&#8217;n\u0131n konut arz\u0131 art\u0131yor&#8230; Arz artt\u0131k\u00e7a nominal fiyatlar d\u00fc\u015fecek\"}]},{\"@type\":\"WebSite\",\"@id\":\"https:\/\/denizcankizil.tr\/de\/#website\",\"url\":\"https:\/\/denizcankizil.tr\/de\/\",\"name\":\"Av. Deniz Can K\u0131z\u0131l\",\"description\":\"Avukat Deniz Can K\u0131z\u0131l Antalya Barosu\",\"publisher\":{\"@id\":\"https:\/\/denizcankizil.tr\/de\/#organization\"},\"potentialAction\":[{\"@type\":\"SearchAction\",\"target\":{\"@type\":\"EntryPoint\",\"urlTemplate\":\"https:\/\/denizcankizil.tr\/de\/?s={search_term_string}\"},\"query-input\":{\"@type\":\"PropertyValueSpecification\",\"valueRequired\":true,\"valueName\":\"search_term_string\"}}],\"inLanguage\":\"en-GB\"},{\"@type\":\"Organization\",\"@id\":\"https:\/\/denizcankizil.tr\/de\/#organization\",\"name\":\"Av. Deniz Can K\u0131z\u0131l\",\"url\":\"https:\/\/denizcankizil.tr\/de\/\",\"logo\":{\"@type\":\"ImageObject\",\"inLanguage\":\"en-GB\",\"@id\":\"https:\/\/denizcankizil.tr\/de\/#\/schema\/logo\/image\/\",\"url\":\"https:\/\/denizcankizil.tr\/wp-content\/uploads\/2024\/10\/siyah-logo-svg.svg\",\"contentUrl\":\"https:\/\/denizcankizil.tr\/wp-content\/uploads\/2024\/10\/siyah-logo-svg.svg\",\"width\":1080,\"height\":1080,\"caption\":\"Av. Deniz Can K\u0131z\u0131l\"},\"image\":{\"@id\":\"https:\/\/denizcankizil.tr\/de\/#\/schema\/logo\/image\/\"}}]}<\/script>\n<!-- \/ Yoast SEO Premium plugin. -->","yoast_head_json":{"title":"Ankara'n\u0131n konut arz\u0131 art\u0131yor... Arz artt\u0131k\u00e7a nominal fiyatlar d\u00fc\u015fecek - Av. Deniz Can K\u0131z\u0131l","robots":{"index":"index","follow":"follow","max-snippet":"max-snippet:-1","max-image-preview":"max-image-preview:large","max-video-preview":"max-video-preview:-1"},"canonical":"https:\/\/denizcankizil.tr\/en\/haberler\/gundem\/ankaranin-konut-arzi-artiyor-arz-arttikca-nominal-fiyatlar-dusecek\/","og_locale":"en_GB","og_type":"article","og_title":"Ankara'n\u0131n konut arz\u0131 art\u0131yor... Arz artt\u0131k\u00e7a nominal fiyatlar d\u00fc\u015fecek","og_description":"Konut stoku kar\u015f\u0131la\u015ft\u0131rmas\u0131 analizine g\u00f6re Ankara\u2019da sat\u0131l\u0131k konut arz\u0131 ge\u00e7en y\u0131la g\u00f6re y\u00fczde 25 oran\u0131nda artt\u0131. B\u00f6ylelikle Ankara&#8217;n\u0131n sat\u0131l\u0131k konut arz\u0131 75 bine y\u00fckseldi.ANKARA (\u0130GFA) &#8211; Gayrimenkul ekonomisi ve ileri d\u00fczeyde pazarlama alan\u0131nda faaliyet g\u00f6steren Ankara\u2019n\u0131n \u00f6nde gelen gayrimenkul \u015firketi Gayrimenkul PR\u2019\u0131n haz\u0131rlad\u0131\u011f\u0131 \u2018konut stoku kar\u015f\u0131la\u015ft\u0131rmas\u0131\u2019 analizine g\u00f6re ge\u00e7ti\u011fimiz y\u0131lda Ankara\u2019da 60 bin civar\u0131nda olan konut stoku Kas\u0131m ay\u0131 itibariyle 75 bine y\u00fckseldi. Verilere g\u00f6re Ankara\u2019da sat\u0131l\u0131k konut arz\u0131 ge\u00e7en y\u0131la g\u00f6re y\u00fczde 25 oran\u0131nda artt\u0131 \u2018ARZ ARTTIK\u00c7A NOM\u0130NAL F\u0130YATLAR D\u00dc\u015eECEK\u2019 Ankara\u2019da konut arz\u0131n\u0131n ge\u00e7ti\u011fimiz y\u0131llara g\u00f6re artmas\u0131n\u0131n nedenlerini ve sonu\u00e7lar\u0131n\u0131 de\u011ferlendiren sekt\u00f6r temsilcisi firma, &#8220;Haziran ay\u0131ndan bu yana \u2018MB faizi d\u00fc\u015f\u00fcrecek ve konut fiyatlar\u0131 artacak\u2019 \u015feklinde yanl\u0131\u015f alg\u0131lara inanan sat\u0131c\u0131lar fiyat art\u0131rmak i\u00e7in faiz indirimini beklemi\u015flerdi. Ancak faizlerin d\u00fc\u015fmeyece\u011fi anla\u015f\u0131l\u0131nca, sat\u0131c\u0131lar, enflasyon kar\u015f\u0131s\u0131nda reel olarak y\u00fczde 20 civar\u0131nda de\u011fer kaybeden konutlar\u0131 sat\u0131p, alternatif yat\u0131r\u0131m ara\u00e7lar\u0131na y\u00f6nelmeye ba\u015flad\u0131lar. Arz taraf\u0131ndaki b\u00fcy\u00fcmenin Ankara\u2019da konut fiyatlar\u0131n\u0131 a\u015fa\u011f\u0131 \u00e7ekece\u011fini \u00f6ng\u00f6r\u00fcyoruz&#8221; ifadelerini kulland\u0131. Gayrimenkul PR&#8217;\u0131n haz\u0131rlad\u0131\u011f\u0131 analize g\u00f6re, kritik tarih Mart 2025 olarak \u00f6n g\u00f6r\u00fcld\u00fc. Do\u011frulanm\u0131\u015f ilan sisteminin uygulanmas\u0131yla yapay seyreden konut fiyatlar\u0131 nominal olarak da d\u00fc\u015fecek ve t\u00fcm gayrimenkul kategorilerinde fiyat k\u0131r\u0131lmalar\u0131 olaca\u011f\u0131, raporda \u00f6n\u00fcm\u00fczdeki s\u00fcrecin do\u011fru okunmas\u0131 i\u00e7in sat\u0131c\u0131lar\u0131n ve al\u0131c\u0131lar\u0131n konusunun uzmanlar\u0131ndan destek almalar\u0131nda uzun vadede sonsuz faydalar g\u00f6r\u00fcld\u00fc\u011f\u00fc ifade edildi. &hellip;","og_url":"https:\/\/denizcankizil.tr\/en\/haberler\/gundem\/ankaranin-konut-arzi-artiyor-arz-arttikca-nominal-fiyatlar-dusecek\/","og_site_name":"Av. Deniz Can K\u0131z\u0131l","article_published_time":"2024-11-09T13:41:57+00:00","twitter_card":"summary_large_image","twitter_misc":{"Estimated reading time":"2 minutes"},"schema":{"@context":"https:\/\/schema.org","@graph":[{"@type":"Article","@id":"https:\/\/denizcankizil.tr\/en\/haberler\/gundem\/ankaranin-konut-arzi-artiyor-arz-arttikca-nominal-fiyatlar-dusecek\/#article","isPartOf":{"@id":"https:\/\/denizcankizil.tr\/en\/haberler\/gundem\/ankaranin-konut-arzi-artiyor-arz-arttikca-nominal-fiyatlar-dusecek\/"},"author":{"name":"","@id":""},"headline":"Ankara&#8217;n\u0131n konut arz\u0131 art\u0131yor&#8230; Arz artt\u0131k\u00e7a nominal fiyatlar d\u00fc\u015fecek","datePublished":"2024-11-09T13:41:57+00:00","mainEntityOfPage":{"@id":"https:\/\/denizcankizil.tr\/en\/haberler\/gundem\/ankaranin-konut-arzi-artiyor-arz-arttikca-nominal-fiyatlar-dusecek\/"},"wordCount":381,"commentCount":0,"publisher":{"@id":"https:\/\/denizcankizil.tr\/de\/#organization"},"articleSection":["G\u00fcndem","Uncategorized"],"inLanguage":"en-GB","potentialAction":[{"@type":"CommentAction","name":"Comment","target":["https:\/\/denizcankizil.tr\/en\/haberler\/gundem\/ankaranin-konut-arzi-artiyor-arz-arttikca-nominal-fiyatlar-dusecek\/#respond"]}]},{"@type":"WebPage","@id":"https:\/\/denizcankizil.tr\/en\/haberler\/gundem\/ankaranin-konut-arzi-artiyor-arz-arttikca-nominal-fiyatlar-dusecek\/","url":"https:\/\/denizcankizil.tr\/en\/haberler\/gundem\/ankaranin-konut-arzi-artiyor-arz-arttikca-nominal-fiyatlar-dusecek\/","name":"Ankara'n\u0131n konut arz\u0131 art\u0131yor... Arz artt\u0131k\u00e7a nominal fiyatlar d\u00fc\u015fecek - Av. Deniz Can K\u0131z\u0131l","isPartOf":{"@id":"https:\/\/denizcankizil.tr\/de\/#website"},"datePublished":"2024-11-09T13:41:57+00:00","breadcrumb":{"@id":"https:\/\/denizcankizil.tr\/en\/haberler\/gundem\/ankaranin-konut-arzi-artiyor-arz-arttikca-nominal-fiyatlar-dusecek\/#breadcrumb"},"inLanguage":"en-GB","potentialAction":[{"@type":"ReadAction","target":["https:\/\/denizcankizil.tr\/en\/haberler\/gundem\/ankaranin-konut-arzi-artiyor-arz-arttikca-nominal-fiyatlar-dusecek\/"]}]},{"@type":"BreadcrumbList","@id":"https:\/\/denizcankizil.tr\/en\/haberler\/gundem\/ankaranin-konut-arzi-artiyor-arz-arttikca-nominal-fiyatlar-dusecek\/#breadcrumb","itemListElement":[{"@type":"ListItem","position":1,"name":"Home","item":"https:\/\/denizcankizil.tr\/de\/"},{"@type":"ListItem","position":2,"name":"Ankara&#8217;n\u0131n konut arz\u0131 art\u0131yor&#8230; Arz artt\u0131k\u00e7a nominal fiyatlar d\u00fc\u015fecek"}]},{"@type":"WebSite","@id":"https:\/\/denizcankizil.tr\/de\/#website","url":"https:\/\/denizcankizil.tr\/de\/","name":"Av. Deniz Can K\u0131z\u0131l","description":"Avukat Deniz Can K\u0131z\u0131l Antalya Barosu","publisher":{"@id":"https:\/\/denizcankizil.tr\/de\/#organization"},"potentialAction":[{"@type":"SearchAction","target":{"@type":"EntryPoint","urlTemplate":"https:\/\/denizcankizil.tr\/de\/?s={search_term_string}"},"query-input":{"@type":"PropertyValueSpecification","valueRequired":true,"valueName":"search_term_string"}}],"inLanguage":"en-GB"},{"@type":"Organization","@id":"https:\/\/denizcankizil.tr\/de\/#organization","name":"Av. Deniz Can K\u0131z\u0131l","url":"https:\/\/denizcankizil.tr\/de\/","logo":{"@type":"ImageObject","inLanguage":"en-GB","@id":"https:\/\/denizcankizil.tr\/de\/#\/schema\/logo\/image\/","url":"https:\/\/denizcankizil.tr\/wp-content\/uploads\/2024\/10\/siyah-logo-svg.svg","contentUrl":"https:\/\/denizcankizil.tr\/wp-content\/uploads\/2024\/10\/siyah-logo-svg.svg","width":1080,"height":1080,"caption":"Av. Deniz Can K\u0131z\u0131l"},"image":{"@id":"https:\/\/denizcankizil.tr\/de\/#\/schema\/logo\/image\/"}}]}},"_links":{"self":[{"href":"https:\/\/denizcankizil.tr\/en\/wp-json\/wp\/v2\/posts\/15007","targetHints":{"allow":["GET"]}}],"collection":[{"href":"https:\/\/denizcankizil.tr\/en\/wp-json\/wp\/v2\/posts"}],"about":[{"href":"https:\/\/denizcankizil.tr\/en\/wp-json\/wp\/v2\/types\/post"}],"replies":[{"embeddable":true,"href":"https:\/\/denizcankizil.tr\/en\/wp-json\/wp\/v2\/comments?post=15007"}],"version-history":[{"count":0,"href":"https:\/\/denizcankizil.tr\/en\/wp-json\/wp\/v2\/posts\/15007\/revisions"}],"wp:attachment":[{"href":"https:\/\/denizcankizil.tr\/en\/wp-json\/wp\/v2\/media?parent=15007"}],"wp:term":[{"taxonomy":"category","embeddable":true,"href":"https:\/\/denizcankizil.tr\/en\/wp-json\/wp\/v2\/categories?post=15007"},{"taxonomy":"post_tag","embeddable":true,"href":"https:\/\/denizcankizil.tr\/en\/wp-json\/wp\/v2\/tags?post=15007"}],"curies":[{"name":"wp","href":"https:\/\/api.w.org\/{rel}","templated":true}]}}