{"id":149943,"date":"2025-07-18T17:41:14","date_gmt":"2025-07-18T14:41:14","guid":{"rendered":"https:\/\/denizcankizil.tr\/uncategorized-tr\/orman-yangini-buyumeden-sonduruldu\/"},"modified":"2025-07-18T17:41:14","modified_gmt":"2025-07-18T14:41:14","slug":"orman-yangini-buyumeden-sonduruldu","status":"publish","type":"post","link":"https:\/\/denizcankizil.tr\/en\/haberler\/antalya\/orman-yangini-buyumeden-sonduruldu\/","title":{"rendered":"Orman Yang\u0131n\u0131 B\u00fcy\u00fcmeden S\u00f6nd\u00fcr\u00fcld\u00fc"},"content":{"rendered":"<p>ANTALYA&#8217;n\u0131n Kumluca il\u00e7esinde \u00e7\u0131kan orman yang\u0131n\u0131 ekiplerin h\u0131zl\u0131 m\u00fcdahalesiyle b\u00fcy\u00fcmeden s\u00f6nd\u00fcr\u00fcld\u00fc.<\/p>\n<p>Kumluca&#8217;ya ba\u011fl\u0131 Erentepe Mahallesi Sug\u00f6z\u00fc mevkiinde saat 15.00 s\u0131ralar\u0131nda orman yang\u0131n\u0131 ba\u015flad\u0131. \u0130hbar\u0131n ard\u0131ndan yang\u0131n s\u00f6nd\u00fcrme ekipleri h\u0131zl\u0131 bir \u015fekilde b\u00f6lgeye ula\u015farak, alevlere m\u00fcdahale etti. Ekiplerin h\u0131zl\u0131 m\u00fcdahalesi sonucu yang\u0131n k\u0131sa s\u00fcrede kontrol alt\u0131na al\u0131nd\u0131. Yang\u0131na 10 araz\u00f6z, 1 helikopter ve \u00e7ok say\u0131da ekip m\u00fcdahale etti. Yang\u0131n\u0131n \u00e7\u0131k\u0131\u015f nedeni hen\u00fcz belirlenemezken, 1 dekar k\u0131z\u0131l\u00e7am orman\u0131n\u0131n zarar g\u00f6rd\u00fc\u011f\u00fc belirtildi.<\/p>\n<p>Kaynak: www.kanalv.com.tr Haber Sitesinden Al\u0131nm\u0131\u015ft\u0131r.<\/p>","protected":false},"excerpt":{"rendered":"<p>ANTALYA&#8217;n\u0131n Kumluca il\u00e7esinde \u00e7\u0131kan orman yang\u0131n\u0131 ekiplerin h\u0131zl\u0131 m\u00fcdahalesiyle b\u00fcy\u00fcmeden s\u00f6nd\u00fcr\u00fcld\u00fc. Kumluca&#8217;ya ba\u011fl\u0131 Erentepe Mahallesi Sug\u00f6z\u00fc mevkiinde saat 15.00 s\u0131ralar\u0131nda orman yang\u0131n\u0131 ba\u015flad\u0131. \u0130hbar\u0131n ard\u0131ndan yang\u0131n s\u00f6nd\u00fcrme ekipleri h\u0131zl\u0131 bir \u015fekilde b\u00f6lgeye ula\u015farak, alevlere m\u00fcdahale etti. Ekiplerin h\u0131zl\u0131 m\u00fcdahalesi sonucu yang\u0131n k\u0131sa s\u00fcrede kontrol alt\u0131na al\u0131nd\u0131. Yang\u0131na 10 araz\u00f6z, 1 helikopter ve \u00e7ok say\u0131da ekip m\u00fcdahale etti. Yang\u0131n\u0131n \u00e7\u0131k\u0131\u015f nedeni hen\u00fcz belirlenemezken, 1 dekar k\u0131z\u0131l\u00e7am orman\u0131n\u0131n zarar g\u00f6rd\u00fc\u011f\u00fc belirtildi. Kaynak: www.kanalv.com.tr Haber Sitesinden Al\u0131nm\u0131\u015ft\u0131r.<\/p>","protected":false},"author":4,"featured_media":149944,"comment_status":"","ping_status":"open","sticky":false,"template":"","format":"standard","meta":{"_acf_changed":false,"footnotes":""},"categories":[26],"tags":[],"class_list":["post-149943","post","type-post","status-publish","format-standard","has-post-thumbnail","hentry","category-antalya"],"acf":[],"yoast_head":"<!-- This site is optimized with the Yoast SEO Premium plugin v26.6 (Yoast SEO v27.1.1) - https:\/\/yoast.com\/product\/yoast-seo-premium-wordpress\/ -->\n<title>Orman Yang\u0131n\u0131 B\u00fcy\u00fcmeden S\u00f6nd\u00fcr\u00fcld\u00fc - Av. Deniz Can K\u0131z\u0131l<\/title>\n<meta name=\"robots\" content=\"index, follow, max-snippet:-1, max-image-preview:large, max-video-preview:-1\" \/>\n<link rel=\"canonical\" href=\"https:\/\/denizcankizil.tr\/en\/haberler\/antalya\/orman-yangini-buyumeden-sonduruldu\/\" \/>\n<meta property=\"og:locale\" content=\"en_GB\" \/>\n<meta property=\"og:type\" content=\"article\" \/>\n<meta property=\"og:title\" content=\"Orman Yang\u0131n\u0131 B\u00fcy\u00fcmeden S\u00f6nd\u00fcr\u00fcld\u00fc\" \/>\n<meta property=\"og:description\" content=\"ANTALYA&#8217;n\u0131n Kumluca il\u00e7esinde \u00e7\u0131kan orman yang\u0131n\u0131 ekiplerin h\u0131zl\u0131 m\u00fcdahalesiyle b\u00fcy\u00fcmeden s\u00f6nd\u00fcr\u00fcld\u00fc. Kumluca&#8217;ya ba\u011fl\u0131 Erentepe Mahallesi Sug\u00f6z\u00fc mevkiinde saat 15.00 s\u0131ralar\u0131nda orman yang\u0131n\u0131 ba\u015flad\u0131. \u0130hbar\u0131n ard\u0131ndan yang\u0131n s\u00f6nd\u00fcrme ekipleri h\u0131zl\u0131 bir \u015fekilde b\u00f6lgeye ula\u015farak, alevlere m\u00fcdahale etti. Ekiplerin h\u0131zl\u0131 m\u00fcdahalesi sonucu yang\u0131n k\u0131sa s\u00fcrede kontrol alt\u0131na al\u0131nd\u0131. Yang\u0131na 10 araz\u00f6z, 1 helikopter ve \u00e7ok say\u0131da ekip m\u00fcdahale etti. Yang\u0131n\u0131n \u00e7\u0131k\u0131\u015f nedeni hen\u00fcz belirlenemezken, 1 dekar k\u0131z\u0131l\u00e7am orman\u0131n\u0131n zarar g\u00f6rd\u00fc\u011f\u00fc belirtildi. Kaynak: www.kanalv.com.tr Haber Sitesinden Al\u0131nm\u0131\u015ft\u0131r.\" \/>\n<meta property=\"og:url\" content=\"https:\/\/denizcankizil.tr\/en\/haberler\/antalya\/orman-yangini-buyumeden-sonduruldu\/\" \/>\n<meta property=\"og:site_name\" content=\"Av. Deniz Can K\u0131z\u0131l\" \/>\n<meta property=\"article:published_time\" content=\"2025-07-18T14:41:14+00:00\" \/>\n<meta property=\"og:image\" content=\"https:\/\/denizcankizil.tr\/wp-content\/uploads\/2025\/07\/orman-yangini-buyumeden-sonduruldu-822110-243536-1-eEnFMO.jpg\" \/>\n\t<meta property=\"og:image:width\" content=\"1280\" \/>\n\t<meta property=\"og:image:height\" content=\"720\" \/>\n\t<meta property=\"og:image:type\" content=\"image\/jpeg\" \/>\n<meta name=\"author\" content=\"Av. Deniz Can K\u0131z\u0131l\" \/>\n<meta name=\"twitter:card\" content=\"summary_large_image\" \/>\n<meta name=\"twitter:label1\" content=\"Written by\" \/>\n\t<meta name=\"twitter:data1\" content=\"Av. Deniz Can K\u0131z\u0131l\" \/>\n\t<meta name=\"twitter:label2\" content=\"Estimated reading time\" \/>\n\t<meta name=\"twitter:data2\" content=\"1 minute\" \/>\n<script type=\"application\/ld+json\" class=\"yoast-schema-graph\">{\"@context\":\"https:\/\/schema.org\",\"@graph\":[{\"@type\":\"Article\",\"@id\":\"https:\/\/denizcankizil.tr\/en\/haberler\/antalya\/orman-yangini-buyumeden-sonduruldu\/#article\",\"isPartOf\":{\"@id\":\"https:\/\/denizcankizil.tr\/en\/haberler\/antalya\/orman-yangini-buyumeden-sonduruldu\/\"},\"author\":{\"name\":\"Av. Deniz Can K\u0131z\u0131l\",\"@id\":\"https:\/\/denizcankizil.tr\/de\/#\/schema\/person\/5dc1b22991bd7ac833867c10afc9b0ff\"},\"headline\":\"Orman Yang\u0131n\u0131 B\u00fcy\u00fcmeden S\u00f6nd\u00fcr\u00fcld\u00fc\",\"datePublished\":\"2025-07-18T14:41:14+00:00\",\"mainEntityOfPage\":{\"@id\":\"https:\/\/denizcankizil.tr\/en\/haberler\/antalya\/orman-yangini-buyumeden-sonduruldu\/\"},\"wordCount\":133,\"publisher\":{\"@id\":\"https:\/\/denizcankizil.tr\/de\/#organization\"},\"image\":{\"@id\":\"https:\/\/denizcankizil.tr\/en\/haberler\/antalya\/orman-yangini-buyumeden-sonduruldu\/#primaryimage\"},\"thumbnailUrl\":\"https:\/\/denizcankizil.tr\/wp-content\/uploads\/2025\/07\/orman-yangini-buyumeden-sonduruldu-822110-243536-1-eEnFMO.jpg\",\"articleSection\":[\"Antalya\"],\"inLanguage\":\"en-GB\"},{\"@type\":\"WebPage\",\"@id\":\"https:\/\/denizcankizil.tr\/en\/haberler\/antalya\/orman-yangini-buyumeden-sonduruldu\/\",\"url\":\"https:\/\/denizcankizil.tr\/en\/haberler\/antalya\/orman-yangini-buyumeden-sonduruldu\/\",\"name\":\"Orman Yang\u0131n\u0131 B\u00fcy\u00fcmeden S\u00f6nd\u00fcr\u00fcld\u00fc - Av. Deniz Can K\u0131z\u0131l\",\"isPartOf\":{\"@id\":\"https:\/\/denizcankizil.tr\/de\/#website\"},\"primaryImageOfPage\":{\"@id\":\"https:\/\/denizcankizil.tr\/en\/haberler\/antalya\/orman-yangini-buyumeden-sonduruldu\/#primaryimage\"},\"image\":{\"@id\":\"https:\/\/denizcankizil.tr\/en\/haberler\/antalya\/orman-yangini-buyumeden-sonduruldu\/#primaryimage\"},\"thumbnailUrl\":\"https:\/\/denizcankizil.tr\/wp-content\/uploads\/2025\/07\/orman-yangini-buyumeden-sonduruldu-822110-243536-1-eEnFMO.jpg\",\"datePublished\":\"2025-07-18T14:41:14+00:00\",\"breadcrumb\":{\"@id\":\"https:\/\/denizcankizil.tr\/en\/haberler\/antalya\/orman-yangini-buyumeden-sonduruldu\/#breadcrumb\"},\"inLanguage\":\"en-GB\",\"potentialAction\":[{\"@type\":\"ReadAction\",\"target\":[\"https:\/\/denizcankizil.tr\/en\/haberler\/antalya\/orman-yangini-buyumeden-sonduruldu\/\"]}]},{\"@type\":\"ImageObject\",\"inLanguage\":\"en-GB\",\"@id\":\"https:\/\/denizcankizil.tr\/en\/haberler\/antalya\/orman-yangini-buyumeden-sonduruldu\/#primaryimage\",\"url\":\"https:\/\/denizcankizil.tr\/wp-content\/uploads\/2025\/07\/orman-yangini-buyumeden-sonduruldu-822110-243536-1-eEnFMO.jpg\",\"contentUrl\":\"https:\/\/denizcankizil.tr\/wp-content\/uploads\/2025\/07\/orman-yangini-buyumeden-sonduruldu-822110-243536-1-eEnFMO.jpg\",\"width\":1280,\"height\":720},{\"@type\":\"BreadcrumbList\",\"@id\":\"https:\/\/denizcankizil.tr\/en\/haberler\/antalya\/orman-yangini-buyumeden-sonduruldu\/#breadcrumb\",\"itemListElement\":[{\"@type\":\"ListItem\",\"position\":1,\"name\":\"Home\",\"item\":\"https:\/\/denizcankizil.tr\/de\/\"},{\"@type\":\"ListItem\",\"position\":2,\"name\":\"Orman Yang\u0131n\u0131 B\u00fcy\u00fcmeden S\u00f6nd\u00fcr\u00fcld\u00fc\"}]},{\"@type\":\"WebSite\",\"@id\":\"https:\/\/denizcankizil.tr\/de\/#website\",\"url\":\"https:\/\/denizcankizil.tr\/de\/\",\"name\":\"Av. Deniz Can K\u0131z\u0131l\",\"description\":\"Avukat Deniz Can K\u0131z\u0131l Antalya Barosu\",\"publisher\":{\"@id\":\"https:\/\/denizcankizil.tr\/de\/#organization\"},\"potentialAction\":[{\"@type\":\"SearchAction\",\"target\":{\"@type\":\"EntryPoint\",\"urlTemplate\":\"https:\/\/denizcankizil.tr\/de\/?s={search_term_string}\"},\"query-input\":{\"@type\":\"PropertyValueSpecification\",\"valueRequired\":true,\"valueName\":\"search_term_string\"}}],\"inLanguage\":\"en-GB\"},{\"@type\":\"Organization\",\"@id\":\"https:\/\/denizcankizil.tr\/de\/#organization\",\"name\":\"Av. Deniz Can K\u0131z\u0131l\",\"url\":\"https:\/\/denizcankizil.tr\/de\/\",\"logo\":{\"@type\":\"ImageObject\",\"inLanguage\":\"en-GB\",\"@id\":\"https:\/\/denizcankizil.tr\/de\/#\/schema\/logo\/image\/\",\"url\":\"https:\/\/denizcankizil.tr\/wp-content\/uploads\/2024\/10\/siyah-logo-svg.svg\",\"contentUrl\":\"https:\/\/denizcankizil.tr\/wp-content\/uploads\/2024\/10\/siyah-logo-svg.svg\",\"width\":1080,\"height\":1080,\"caption\":\"Av. Deniz Can K\u0131z\u0131l\"},\"image\":{\"@id\":\"https:\/\/denizcankizil.tr\/de\/#\/schema\/logo\/image\/\"}},{\"@type\":\"Person\",\"@id\":\"https:\/\/denizcankizil.tr\/de\/#\/schema\/person\/5dc1b22991bd7ac833867c10afc9b0ff\",\"name\":\"Av. Deniz Can K\u0131z\u0131l\",\"image\":{\"@type\":\"ImageObject\",\"inLanguage\":\"en-GB\",\"@id\":\"https:\/\/denizcankizil.tr\/de\/#\/schema\/person\/image\/\",\"url\":\"https:\/\/secure.gravatar.com\/avatar\/a0b128fb9855c79efc976d5640eedb31dc35ec297594d6016d2cf7c60e975bb6?s=96&d=mm&r=g\",\"contentUrl\":\"https:\/\/secure.gravatar.com\/avatar\/a0b128fb9855c79efc976d5640eedb31dc35ec297594d6016d2cf7c60e975bb6?s=96&d=mm&r=g\",\"caption\":\"Av. Deniz Can K\u0131z\u0131l\"},\"sameAs\":[\"http:\/\/www.denizcankizil.tr\"],\"url\":\"https:\/\/denizcankizil.tr\/en\/author\/denizcankizil\/\"}]}<\/script>\n<!-- \/ Yoast SEO Premium plugin. -->","yoast_head_json":{"title":"Orman Yang\u0131n\u0131 B\u00fcy\u00fcmeden S\u00f6nd\u00fcr\u00fcld\u00fc - Av. Deniz Can K\u0131z\u0131l","robots":{"index":"index","follow":"follow","max-snippet":"max-snippet:-1","max-image-preview":"max-image-preview:large","max-video-preview":"max-video-preview:-1"},"canonical":"https:\/\/denizcankizil.tr\/en\/haberler\/antalya\/orman-yangini-buyumeden-sonduruldu\/","og_locale":"en_GB","og_type":"article","og_title":"Orman Yang\u0131n\u0131 B\u00fcy\u00fcmeden S\u00f6nd\u00fcr\u00fcld\u00fc","og_description":"ANTALYA&#8217;n\u0131n Kumluca il\u00e7esinde \u00e7\u0131kan orman yang\u0131n\u0131 ekiplerin h\u0131zl\u0131 m\u00fcdahalesiyle b\u00fcy\u00fcmeden s\u00f6nd\u00fcr\u00fcld\u00fc. Kumluca&#8217;ya ba\u011fl\u0131 Erentepe Mahallesi Sug\u00f6z\u00fc mevkiinde saat 15.00 s\u0131ralar\u0131nda orman yang\u0131n\u0131 ba\u015flad\u0131. \u0130hbar\u0131n ard\u0131ndan yang\u0131n s\u00f6nd\u00fcrme ekipleri h\u0131zl\u0131 bir \u015fekilde b\u00f6lgeye ula\u015farak, alevlere m\u00fcdahale etti. Ekiplerin h\u0131zl\u0131 m\u00fcdahalesi sonucu yang\u0131n k\u0131sa s\u00fcrede kontrol alt\u0131na al\u0131nd\u0131. Yang\u0131na 10 araz\u00f6z, 1 helikopter ve \u00e7ok say\u0131da ekip m\u00fcdahale etti. Yang\u0131n\u0131n \u00e7\u0131k\u0131\u015f nedeni hen\u00fcz belirlenemezken, 1 dekar k\u0131z\u0131l\u00e7am orman\u0131n\u0131n zarar g\u00f6rd\u00fc\u011f\u00fc belirtildi. Kaynak: www.kanalv.com.tr Haber Sitesinden Al\u0131nm\u0131\u015ft\u0131r.","og_url":"https:\/\/denizcankizil.tr\/en\/haberler\/antalya\/orman-yangini-buyumeden-sonduruldu\/","og_site_name":"Av. Deniz Can K\u0131z\u0131l","article_published_time":"2025-07-18T14:41:14+00:00","og_image":[{"width":1280,"height":720,"url":"https:\/\/denizcankizil.tr\/wp-content\/uploads\/2025\/07\/orman-yangini-buyumeden-sonduruldu-822110-243536-1-eEnFMO.jpg","type":"image\/jpeg"}],"author":"Av. Deniz Can K\u0131z\u0131l","twitter_card":"summary_large_image","twitter_misc":{"Written by":"Av. Deniz Can K\u0131z\u0131l","Estimated reading time":"1 minute"},"schema":{"@context":"https:\/\/schema.org","@graph":[{"@type":"Article","@id":"https:\/\/denizcankizil.tr\/en\/haberler\/antalya\/orman-yangini-buyumeden-sonduruldu\/#article","isPartOf":{"@id":"https:\/\/denizcankizil.tr\/en\/haberler\/antalya\/orman-yangini-buyumeden-sonduruldu\/"},"author":{"name":"Av. Deniz Can K\u0131z\u0131l","@id":"https:\/\/denizcankizil.tr\/de\/#\/schema\/person\/5dc1b22991bd7ac833867c10afc9b0ff"},"headline":"Orman Yang\u0131n\u0131 B\u00fcy\u00fcmeden S\u00f6nd\u00fcr\u00fcld\u00fc","datePublished":"2025-07-18T14:41:14+00:00","mainEntityOfPage":{"@id":"https:\/\/denizcankizil.tr\/en\/haberler\/antalya\/orman-yangini-buyumeden-sonduruldu\/"},"wordCount":133,"publisher":{"@id":"https:\/\/denizcankizil.tr\/de\/#organization"},"image":{"@id":"https:\/\/denizcankizil.tr\/en\/haberler\/antalya\/orman-yangini-buyumeden-sonduruldu\/#primaryimage"},"thumbnailUrl":"https:\/\/denizcankizil.tr\/wp-content\/uploads\/2025\/07\/orman-yangini-buyumeden-sonduruldu-822110-243536-1-eEnFMO.jpg","articleSection":["Antalya"],"inLanguage":"en-GB"},{"@type":"WebPage","@id":"https:\/\/denizcankizil.tr\/en\/haberler\/antalya\/orman-yangini-buyumeden-sonduruldu\/","url":"https:\/\/denizcankizil.tr\/en\/haberler\/antalya\/orman-yangini-buyumeden-sonduruldu\/","name":"Orman Yang\u0131n\u0131 B\u00fcy\u00fcmeden S\u00f6nd\u00fcr\u00fcld\u00fc - Av. Deniz Can K\u0131z\u0131l","isPartOf":{"@id":"https:\/\/denizcankizil.tr\/de\/#website"},"primaryImageOfPage":{"@id":"https:\/\/denizcankizil.tr\/en\/haberler\/antalya\/orman-yangini-buyumeden-sonduruldu\/#primaryimage"},"image":{"@id":"https:\/\/denizcankizil.tr\/en\/haberler\/antalya\/orman-yangini-buyumeden-sonduruldu\/#primaryimage"},"thumbnailUrl":"https:\/\/denizcankizil.tr\/wp-content\/uploads\/2025\/07\/orman-yangini-buyumeden-sonduruldu-822110-243536-1-eEnFMO.jpg","datePublished":"2025-07-18T14:41:14+00:00","breadcrumb":{"@id":"https:\/\/denizcankizil.tr\/en\/haberler\/antalya\/orman-yangini-buyumeden-sonduruldu\/#breadcrumb"},"inLanguage":"en-GB","potentialAction":[{"@type":"ReadAction","target":["https:\/\/denizcankizil.tr\/en\/haberler\/antalya\/orman-yangini-buyumeden-sonduruldu\/"]}]},{"@type":"ImageObject","inLanguage":"en-GB","@id":"https:\/\/denizcankizil.tr\/en\/haberler\/antalya\/orman-yangini-buyumeden-sonduruldu\/#primaryimage","url":"https:\/\/denizcankizil.tr\/wp-content\/uploads\/2025\/07\/orman-yangini-buyumeden-sonduruldu-822110-243536-1-eEnFMO.jpg","contentUrl":"https:\/\/denizcankizil.tr\/wp-content\/uploads\/2025\/07\/orman-yangini-buyumeden-sonduruldu-822110-243536-1-eEnFMO.jpg","width":1280,"height":720},{"@type":"BreadcrumbList","@id":"https:\/\/denizcankizil.tr\/en\/haberler\/antalya\/orman-yangini-buyumeden-sonduruldu\/#breadcrumb","itemListElement":[{"@type":"ListItem","position":1,"name":"Home","item":"https:\/\/denizcankizil.tr\/de\/"},{"@type":"ListItem","position":2,"name":"Orman Yang\u0131n\u0131 B\u00fcy\u00fcmeden S\u00f6nd\u00fcr\u00fcld\u00fc"}]},{"@type":"WebSite","@id":"https:\/\/denizcankizil.tr\/de\/#website","url":"https:\/\/denizcankizil.tr\/de\/","name":"Av. Deniz Can K\u0131z\u0131l","description":"Avukat Deniz Can K\u0131z\u0131l Antalya Barosu","publisher":{"@id":"https:\/\/denizcankizil.tr\/de\/#organization"},"potentialAction":[{"@type":"SearchAction","target":{"@type":"EntryPoint","urlTemplate":"https:\/\/denizcankizil.tr\/de\/?s={search_term_string}"},"query-input":{"@type":"PropertyValueSpecification","valueRequired":true,"valueName":"search_term_string"}}],"inLanguage":"en-GB"},{"@type":"Organization","@id":"https:\/\/denizcankizil.tr\/de\/#organization","name":"Av. Deniz Can K\u0131z\u0131l","url":"https:\/\/denizcankizil.tr\/de\/","logo":{"@type":"ImageObject","inLanguage":"en-GB","@id":"https:\/\/denizcankizil.tr\/de\/#\/schema\/logo\/image\/","url":"https:\/\/denizcankizil.tr\/wp-content\/uploads\/2024\/10\/siyah-logo-svg.svg","contentUrl":"https:\/\/denizcankizil.tr\/wp-content\/uploads\/2024\/10\/siyah-logo-svg.svg","width":1080,"height":1080,"caption":"Av. Deniz Can K\u0131z\u0131l"},"image":{"@id":"https:\/\/denizcankizil.tr\/de\/#\/schema\/logo\/image\/"}},{"@type":"Person","@id":"https:\/\/denizcankizil.tr\/de\/#\/schema\/person\/5dc1b22991bd7ac833867c10afc9b0ff","name":"Av. Deniz Can K\u0131z\u0131l","image":{"@type":"ImageObject","inLanguage":"en-GB","@id":"https:\/\/denizcankizil.tr\/de\/#\/schema\/person\/image\/","url":"https:\/\/secure.gravatar.com\/avatar\/a0b128fb9855c79efc976d5640eedb31dc35ec297594d6016d2cf7c60e975bb6?s=96&d=mm&r=g","contentUrl":"https:\/\/secure.gravatar.com\/avatar\/a0b128fb9855c79efc976d5640eedb31dc35ec297594d6016d2cf7c60e975bb6?s=96&d=mm&r=g","caption":"Av. Deniz Can K\u0131z\u0131l"},"sameAs":["http:\/\/www.denizcankizil.tr"],"url":"https:\/\/denizcankizil.tr\/en\/author\/denizcankizil\/"}]}},"_links":{"self":[{"href":"https:\/\/denizcankizil.tr\/en\/wp-json\/wp\/v2\/posts\/149943","targetHints":{"allow":["GET"]}}],"collection":[{"href":"https:\/\/denizcankizil.tr\/en\/wp-json\/wp\/v2\/posts"}],"about":[{"href":"https:\/\/denizcankizil.tr\/en\/wp-json\/wp\/v2\/types\/post"}],"author":[{"embeddable":true,"href":"https:\/\/denizcankizil.tr\/en\/wp-json\/wp\/v2\/users\/4"}],"replies":[{"embeddable":true,"href":"https:\/\/denizcankizil.tr\/en\/wp-json\/wp\/v2\/comments?post=149943"}],"version-history":[{"count":0,"href":"https:\/\/denizcankizil.tr\/en\/wp-json\/wp\/v2\/posts\/149943\/revisions"}],"wp:featuredmedia":[{"embeddable":true,"href":"https:\/\/denizcankizil.tr\/en\/wp-json\/wp\/v2\/media\/149944"}],"wp:attachment":[{"href":"https:\/\/denizcankizil.tr\/en\/wp-json\/wp\/v2\/media?parent=149943"}],"wp:term":[{"taxonomy":"category","embeddable":true,"href":"https:\/\/denizcankizil.tr\/en\/wp-json\/wp\/v2\/categories?post=149943"},{"taxonomy":"post_tag","embeddable":true,"href":"https:\/\/denizcankizil.tr\/en\/wp-json\/wp\/v2\/tags?post=149943"}],"curies":[{"name":"wp","href":"https:\/\/api.w.org\/{rel}","templated":true}]}}