{"id":14923,"date":"2024-11-09T12:56:31","date_gmt":"2024-11-09T09:56:31","guid":{"rendered":"https:\/\/denizcankizil.tr\/uncategorized-tr\/ceza-davalari-avukat-seda-kirac\/"},"modified":"2024-11-10T16:33:18","modified_gmt":"2024-11-10T13:33:18","slug":"ceza-davalari-avukat-seda-kirac","status":"publish","type":"post","link":"https:\/\/denizcankizil.tr\/en\/koseyazilari\/degerlendirme\/ceza-davalari-avukat-seda-kirac\/","title":{"rendered":"Criminal Cases"},"content":{"rendered":"<p>Ceza davalar\u0131, hukukun \u00f6nemli bir alan\u0131n\u0131 olu\u015fturmakta ve bireylerin davran\u0131\u015flar\u0131n\u0131n toplum \u00fczerindeki etkilerini g\u00f6zler \u00f6n\u00fcne sermektedir. \u00d6zellikle \u00e7ocuk su\u00e7lulu\u011fu, geli\u015fimsel psikoloji ve hukuk alanlar\u0131n\u0131n kesi\u015fiminde yer alan karma\u015f\u0131k bir konudur. On iki ya\u015f\u0131n\u0131 dolduran \u00e7ocuklar\u0131n su\u00e7 i\u015flediklerinde, hukuki anlamda sonu\u00e7lar\u0131n belirlenmesinde, ya\u015flar\u0131n\u0131n yan\u0131 s\u0131ra bili\u015fsel geli\u015fimleri, su\u00e7un i\u015fleni\u015f \u015fekli ve bu s\u00fcre\u00e7te g\u00f6sterdikleri davran\u0131\u015flar b\u00fcy\u00fck bir rol oynamaktad\u0131r. Bu ba\u011flamda, 12 ile 15 ya\u015f aras\u0131ndaki bireylerin, su\u00e7 i\u015fleme eylemlerinin arka plan\u0131nda yatan d\u00fc\u015f\u00fcnsel ve duygusal s\u00fcre\u00e7lerin anla\u015f\u0131lmas\u0131, ceza hukuku uygulamalar\u0131 a\u00e7\u0131s\u0131ndan \u00f6nem kazanmaktad\u0131r. \u00c7ocuklar\u0131n hukuki sorumluluklar\u0131n\u0131n belirlenmesinde, bu ya\u015f aral\u0131\u011f\u0131ndaki bireylerin davran\u0131\u015flar\u0131n\u0131 y\u00f6nlendirme kapasitesi ve hareketlerinin olas\u0131 sonu\u00e7lar\u0131n\u0131 alg\u0131lama yetenekleri dikkate al\u0131nmal\u0131d\u0131r. Bu yaz\u0131da, ceza davalar\u0131nda \u00e7ocuklar\u0131n durumunu etkileyen bu dinamikler incelenecek ve \u00e7ocuk su\u00e7lulu\u011funa dair hukuki ve etik tart\u0131\u015fmalar ele al\u0131nacakt\u0131r.<\/p>\n<h2 id=\"cocuklarin-suc-isleme-yas-araligi-ve-hukuki-sonuclari\">\u00c7ocuklar\u0131n Su\u00e7 \u0130\u015fleme Ya\u015f Aral\u0131\u011f\u0131 ve Hukuki Sonu\u00e7lar\u0131<\/h2>\n<p><img decoding=\"async\" class=\"qimage_class lazyload\" data-src=\"https:\/\/denizcankizil.tr\/wp-content\/uploads\/2024\/11\/587222.jpg672f315a6153f.jpg\" alt=\"\u00c7ocuklar\u0131n Su\u00e7 \u0130\u015fleme Ya\u015f Aral\u0131\u011f\u0131 ve Hukuki Sonu\u00e7lar\u0131\" src=\"data:image\/svg+xml;base64,PHN2ZyB3aWR0aD0iMSIgaGVpZ2h0PSIxIiB4bWxucz0iaHR0cDovL3d3dy53My5vcmcvMjAwMC9zdmciPjwvc3ZnPg==\" style=\"--smush-placeholder-width: 500px; --smush-placeholder-aspect-ratio: 500\/297;\" \/><\/p>\n<section>On iki ya\u015f\u0131n\u0131 dolduran \u00e7ocuklar, 12-15 ya\u015f aral\u0131\u011f\u0131nda su\u00e7 i\u015flediklerinde hukuki olarak \u00f6nemli bir de\u011ferlendirme s\u00fcrecine tabi tutulurlar. Bu ya\u015f grubundaki \u00e7ocuklar\u0131n su\u00e7 i\u015fleme davran\u0131\u015flar\u0131, onlar\u0131n hukuki anlamda kayg\u0131 ve sonu\u00e7lar\u0131n\u0131 alg\u0131layabilme yetilerine ba\u011fl\u0131 olarak de\u011fi\u015fiklik g\u00f6sterir. Bir \u00e7ocu\u011fun davran\u0131\u015flar\u0131n\u0131 y\u00f6nlendirme yetisinin olup olmad\u0131\u011f\u0131, i\u015fledi\u011fi su\u00e7un t\u00fcr\u00fc ve niteli\u011fi a\u00e7\u0131s\u0131ndan farkl\u0131 sonu\u00e7lar do\u011furabilir.<\/p>\n<p>Bu durumu de\u011ferlendirirken, \u00e7ocuklar\u0131n:<\/p>\n<ul>\n<li>Su\u00e7 i\u015fleme yetenekleri,<\/li>\n<li>Hukuki anlay\u0131\u015flar\u0131,<\/li>\n<li>Yeti\u015fkinlerden ba\u011f\u0131ms\u0131z hareket etme becerileri,<\/li>\n<li>Su\u00e7un i\u015fleni\u015f \u015fekli,<\/li>\n<li>Toplumsal etkile\u015fimleri gibi unsurlar dikkate al\u0131n\u0131r.<\/li>\n<\/ul>\n<p>12-15 ya\u015f\u0131ndaki \u00e7ocuklar\u0131n, hukuki sonu\u00e7lar a\u00e7\u0131s\u0131ndan &#8220;ceza ehliyeti&#8221; kavram\u0131 \u00f6nem kazan\u0131r. Ceza ehliyeti, bireyin su\u00e7 i\u015flemeden \u00f6nceki durumunu ve su\u00e7 sonucunda alaca\u011f\u0131 hukuki yapt\u0131r\u0131mlar\u0131n belirlenmesinde temel bir kriterdir. E\u011fer bir \u00e7ocuk, su\u00e7 i\u015fledi\u011fi anda bu kavram\u0131 anlayabiliyorsa, daha a\u011f\u0131r sonu\u00e7larla kar\u015f\u0131la\u015fabilir. Aksi takdirde, hukuki sonu\u00e7lar daha hafif d\u00fczeyde kalabilir.<\/p>\n<p>Buna g\u00f6re, \u00e7ocuklar\u0131n davran\u0131\u015flar\u0131n\u0131n de\u011ferlendirilmesinde:<\/p>\n<ul>\n<li>Psikolojik de\u011ferlendirmeler,<\/li>\n<li>Sosyal \u00e7evre analizi,<\/li>\n<li>E\u011fitim durumu gibi fakt\u00f6rler rol oynar.<\/li>\n<\/ul>\n<p>Su\u00e7 i\u015fleyen \u00e7ocuklar i\u00e7in ceza hukuku, rehabilitasyon ve e\u011fitimi \u00f6n plana \u00e7\u0131karan bir yakla\u015f\u0131m benimser. \u00d6zellikle bu ya\u015f grubundaki \u00e7ocuklar i\u00e7in, ceza yerine toplum hizmeti veya e\u011fitim programlar\u0131 gibi alternatif hukuki sonu\u00e7lar g\u00f6z \u00f6n\u00fcnde bulundurulabilir. Bu sayede \u00e7ocuklar\u0131n yeniden topluma kazand\u0131r\u0131lmas\u0131 ve su\u00e7 tekrar\u0131n\u0131n \u00f6nlenmesi hedeflenir.<\/p>\n<p>Sonu\u00e7 olarak, 12-15 ya\u015f aral\u0131\u011f\u0131ndaki \u00e7ocuklar\u0131n su\u00e7 i\u015fleme durumlar\u0131 hukuki olarak ayr\u0131 bir dikkat gerektirmekte olup, her bir olay\u0131n \u00f6zg\u00fcn ko\u015fullar\u0131 ve \u00e7ocuklar\u0131n bireysel durumlar\u0131 g\u00f6z \u00f6n\u00fcnde bulundurularak hukuki s\u00fcre\u00e7 y\u00f6netilmelidir. B\u00f6ylece \u00e7ocuklar\u0131n toplum i\u00e7inde sa\u011fl\u0131kl\u0131 bir birey olarak yeti\u015fmesine katk\u0131 sa\u011flanm\u0131\u015f olur.<\/p>\n<\/section>\n<h2 id=\"suc-isleyen-cocuklarin-psiko-sosyal-gelisim-surecleri\">Su\u00e7 \u0130\u015fleyen \u00c7ocuklar\u0131n Psiko-Sosyal Geli\u015fim S\u00fcre\u00e7leri<\/h2>\n<p><img decoding=\"async\" class=\"qimage_class lazyload\" data-src=\"https:\/\/denizcankizil.tr\/wp-content\/uploads\/2024\/11\/aristi.jpg\" alt=\"Su\u00e7 \u0130\u015fleyen \u00c7ocuklar\u0131n Psiko-Sosyal Geli\u015fim S\u00fcre\u00e7leri\" src=\"data:image\/svg+xml;base64,PHN2ZyB3aWR0aD0iMSIgaGVpZ2h0PSIxIiB4bWxucz0iaHR0cDovL3d3dy53My5vcmcvMjAwMC9zdmciPjwvc3ZnPg==\" style=\"--smush-placeholder-width: 750px; --smush-placeholder-aspect-ratio: 750\/422;\" \/><\/p>\n<p>12 ya\u015f\u0131na kadar olan \u00e7ocuklar i\u00e7in su\u00e7 i\u015fleme durumlar\u0131 olduk\u00e7a karma\u015f\u0131k bir boyut ta\u015f\u0131maktad\u0131r. Bu ya\u015f grubu, hukuki anlamda su\u00e7 i\u015flemenin sonu\u00e7lar\u0131n\u0131 fark etme yetisine sahip olmayabilir. \u00c7ocuklar\u0131n geli\u015fim s\u00fcre\u00e7leri g\u00f6z \u00f6n\u00fcnde bulunduruldu\u011funda, onlar\u0131n davran\u0131\u015flar\u0131n\u0131n y\u00f6nlendirilme kabiliyeti, ruhsal ve bili\u015fsel geli\u015fim d\u00fczeylerine g\u00f6re de\u011fi\u015fiklik g\u00f6stermektedir. Bu durum, hukukun \u00e7ocuklar \u00fczerindeki etkisini do\u011frudan etkilemektedir.<\/p>\n<p>12 ile 15 ya\u015f aras\u0131ndaki \u00e7ocuklar i\u00e7in ise hukuki anlamda daha farkl\u0131 bir de\u011ferlendirme s\u00f6z konusudur. Bu ya\u015f d\u00f6nemi, bireyin sosyalle\u015fmeye ve kimlik geli\u015fimine en \u00e7ok katk\u0131 sa\u011flad\u0131\u011f\u0131 d\u00f6nemlerden biridir. \u00c7ocuklar, bu s\u00fcre\u00e7te kendilerini su\u00e7 ile ili\u015fkilendirdi\u011finde, hem toplum alg\u0131s\u0131 hem de bireysel fark\u0131ndal\u0131k a\u00e7\u0131s\u0131ndan bir\u00e7ok sorunu g\u00fcndeme getirmekte. Bu ba\u011flamda, \u00e7ocuklar\u0131n su\u00e7 davran\u0131\u015flar\u0131n\u0131 anlay\u0131\u015f bi\u00e7imi, genel geli\u015fim s\u00fcre\u00e7leri ile yak\u0131ndan ili\u015fkilidir.<\/p>\n<p>\u00c7ocuklar\u0131n psiko-sosyal geli\u015fim s\u00fcre\u00e7leri, su\u00e7 i\u015fleme e\u011filimlerinde \u00f6nemli bir rol oynamaktad\u0131r. Bireylerin aile i\u00e7i ili\u015fkileri, arkada\u015f grupla\u015fmalar\u0131 ve ya\u015fad\u0131klar\u0131 \u00e7evre, psikolojik durumlar\u0131n\u0131 ve sosyal tepkilerini \u015fekillendirmektedir. Su\u00e7 davran\u0131\u015f\u0131n\u0131n ortaya \u00e7\u0131kmas\u0131nda etkili olabilecek baz\u0131 fakt\u00f6rler:<\/p>\n<ul>\n<li><strong>Aile Dinamikleri:<\/strong> Aile yap\u0131s\u0131n\u0131n sa\u011flaml\u0131\u011f\u0131 ve bireyler aras\u0131 ileti\u015fim kalitesi.<\/li>\n<li><strong>Arkada\u015f \u00c7evresi:<\/strong> Su\u00e7 i\u015fleme e\u011filimi olan arkada\u015flar edinme durumu.<\/li>\n<li><strong>\u00c7evresel Etmenler:<\/strong> Ya\u015fan\u0131lan \u00e7evre, toplum normlar\u0131 ve ya\u015fan\u0131lan b\u00f6lgelerdeki sosyoekonomik durum.<\/li>\n<\/ul>\n<p>\u00c7ocuklar\u0131n geli\u015fim s\u00fcrecinde, sosyal \u00f6\u011frenme teorisi \u00e7er\u00e7evesinde, model alma yoluyla su\u00e7 davran\u0131\u015flar\u0131n\u0131n \u00f6\u011frenilmesi de \u00f6nemli bir fakt\u00f6rd\u00fcr. \u00c7ocuklar, \u00e7evrelerinden ve ailelerinden ald\u0131klar\u0131 davran\u0131\u015f kal\u0131plar\u0131n\u0131 benimseyerek, sosyal normlara g\u00f6re hareket ederler. Dolay\u0131s\u0131yla, sa\u011fl\u0131kl\u0131 psikolojik geli\u015fim ve olumlu sosyal \u00e7evre, su\u00e7 i\u015fleme olas\u0131l\u0131\u011f\u0131n\u0131 azaltan temel unsurlard\u0131r.<\/p>\n<p>Hukuki a\u00e7\u0131dan, her ya\u015f grubunun su\u00e7 i\u015fleme potansiyelinin de\u011ferlendirilmesi i\u00e7in profesyonel psikologlar ve sosyologlar\u0131n katk\u0131s\u0131 \u00f6nemlidir. \u00c7ocuklar\u0131n hukuki s\u00fcre\u00e7teki durumu, onlar\u0131n ruhsal ve sosyal geli\u015fimlerini de\u011ferlendirerek daha sa\u011fl\u0131kl\u0131 bir sonuca ula\u015fmak i\u00e7in kritiktir. Bu nedenle, su\u00e7 i\u015fleyen \u00e7ocuklar\u0131n rehabilitasyon s\u00fcre\u00e7lerinde, multidisipliner bir yakla\u015f\u0131m benimsemek giderek daha fazla \u00f6nem kazanmaktad\u0131r.<\/p>\n<h2 id=\"hukuki-anlam-ve-sonuclar-ceza-davalarinda-cocuklarin-sorumlulugu\">Hukuki Anlam ve Sonu\u00e7lar: Ceza Davalar\u0131nda \u00c7ocuklar\u0131n Sorumlulu\u011fu<\/h2>\n<p><img decoding=\"async\" class=\"qimage_class lazyload\" data-src=\"https:\/\/denizcankizil.tr\/wp-content\/uploads\/2024\/11\/1068-1.jpg\" alt=\"Hukuki Anlam ve Sonu\u00e7lar: Ceza Davalar\u0131nda \u00c7ocuklar\u0131n Sorumlulu\u011fu\" src=\"data:image\/svg+xml;base64,PHN2ZyB3aWR0aD0iMSIgaGVpZ2h0PSIxIiB4bWxucz0iaHR0cDovL3d3dy53My5vcmcvMjAwMC9zdmciPjwvc3ZnPg==\" style=\"--smush-placeholder-width: 500px; --smush-placeholder-aspect-ratio: 500\/357;\" \/><\/p>\n<section>Hukuk sistemimizde, \u00e7ocuklar\u0131n ceza sorumlulu\u011fu, ya\u015flar\u0131na ba\u011fl\u0131 olarak belirli s\u0131n\u0131rlarla d\u00fczenlenmi\u015ftir. \u00c7ocuklar, on iki ya\u015f\u0131n\u0131 doldurduktan sonra, on iki ile on be\u015f ya\u015f aras\u0131nda su\u00e7 i\u015flediklerinde, bu durumda hukuki anlam ve sonu\u00e7lar, \u00e7ocu\u011fun eylemlerinin fark\u0131nda olup olmad\u0131\u011f\u0131na ve bu eylemleri y\u00f6nlendirme yetisine sahip olup olmad\u0131\u011f\u0131na g\u00f6re de\u011fi\u015fiklik g\u00f6stermektedir. Bu durum, ceza hukuku a\u00e7\u0131s\u0131ndan olduk\u00e7a \u00f6nemlidir.<\/p>\n<p>On iki ya\u015f\u0131n\u0131 dolduran bir \u00e7ocuk i\u00e7in, i\u015fledi\u011fi su\u00e7u alg\u0131lama kapasitesinin varl\u0131\u011f\u0131, hukuki sorumlulu\u011fun de\u011ferlendirilmesinde etkili bir unsur olu\u015fturmaktad\u0131r. <strong>Alg\u0131lama kapasitesinin<\/strong><br \/>\n&#8211; Var olmas\u0131,<br \/>\n&#8211; S\u0131n\u0131rl\u0131 olmas\u0131,<br \/>\n&#8211; Ya da hi\u00e7 olmamas\u0131,<br \/>\nbu \u00e7er\u00e7evede de\u011ferlendirilen fakt\u00f6rlerdir. \u00c7ocu\u011fun, su\u00e7 i\u015flemenin sonu\u00e7lar\u0131n\u0131 anlay\u0131p anlamad\u0131\u011f\u0131, yarg\u0131 s\u00fcrecini do\u011frudan etkileyebilir.<\/p>\n<p>\u00c7ocuklar\u0131n su\u00e7 i\u015fledi\u011finde g\u00f6sterecekleri davran\u0131\u015flar\u0131n y\u00f6nlendirilme yetisi, onlar\u0131 ceza sorumlulu\u011fu a\u00e7\u0131s\u0131ndan daha da karma\u015f\u0131k bir duruma sokabilir. <strong>Bu ba\u011flamda, dikkate al\u0131nmas\u0131 gereken hususlar aras\u0131nda:<\/strong><br \/>\n&#8211; <strong>Davran\u0131\u015f geli\u015fimi:<\/strong> \u00c7ocuklar\u0131n psikolojik ve sosyal geli\u015fim s\u00fcreci,<br \/>\n&#8211; <strong>\u00c7evresel fakt\u00f6rler:<\/strong> Su\u00e7 i\u015fleyen \u00e7ocuklar\u0131n ya\u015fad\u0131\u011f\u0131 sosyoekonomik ko\u015fullar,<br \/>\ngibi unsurlar yer al\u0131r.<\/p>\n<p>Hukuk sistemimizde, on iki ile on be\u015f ya\u015f aras\u0131nda su\u00e7 i\u015fleyen \u00e7ocuklar\u0131n, her birinin durumu ayr\u0131 ayr\u0131 de\u011ferlendirilmektedir. Bu durumda, su\u00e7un niteli\u011fi, \u00e7ocu\u011fun psikolojik durumu ve toplumsal etkileri gibi fakt\u00f6rler g\u00f6z \u00f6n\u00fcnde bulundurularak, her bir vakaya \u00f6zg\u00fc kararlar al\u0131nmas\u0131 gerekmektedir. B\u00f6ylelikle, \u00e7ocuklar\u0131n yeniden topluma kazand\u0131r\u0131lma s\u00fcre\u00e7leri desteklenmi\u015f olmaktad\u0131r.<\/p>\n<p>Ayr\u0131ca, ceza davalar\u0131nda \u00e7ocuklara uygulanacak yapt\u0131r\u0131mlar\u0131n, onlar\u0131n geli\u015fim s\u00fcre\u00e7leri \u00fczerinde olumlu etkiler yaratmas\u0131 ama\u00e7lanm\u0131\u015ft\u0131r. <strong>Bunun i\u00e7in dikkate al\u0131nabilecek se\u00e7enekler:<\/strong><br \/>\n&#8211; E\u011fitim programlar\u0131,<br \/>\n&#8211; Terapi ve dan\u0131\u015fmanl\u0131k hizmetleri,<br \/>\n&#8211; Topluma kazand\u0131rma projeleri,<br \/>\ngibi rehabilitasyon y\u00f6ntemleri olabilir.<\/p>\n<p>Sonu\u00e7 olarak, ceza davalar\u0131nda \u00e7ocuklar\u0131n sorumlulu\u011fu, sadece i\u015fledikleri su\u00e7un niteli\u011fi ile de\u011fil, ayn\u0131 zamanda bireysel durumlar\u0131, \u00e7evresel etkiler ve geli\u015fim s\u00fcre\u00e7leri ile de yak\u0131ndan ili\u015fkilidir. Bu durum, hukuk sisteminin y\u00f6nlendirilmesi a\u00e7\u0131s\u0131ndan b\u00fcy\u00fck bir \u00f6neme sahiptir. Adaletin sa\u011flanabilmesi i\u00e7in bu unsurlar\u0131n t\u00fcm\u00fc dikkate al\u0131narak, bireysel ve toplumsal d\u00fczeyde \u00e7\u00f6z\u00fcmler \u00fcretilmesi hedeflenmektedir.<\/p>\n<\/section>\n<h2 id=\"davranislari-yonlendirme-yetisi-sosyal-ve-egitsel-boyut\">Davran\u0131\u015flar\u0131 Y\u00f6nlendirme Yetisi: Sosyal ve E\u011fitsel Boyut<\/h2>\n<p>On iki ya\u015f\u0131n\u0131 doldurduktan sonra, 12 ila 15 ya\u015f aras\u0131ndaki \u00e7ocuklar\u0131n su\u00e7 i\u015fledi\u011finde, hukuki anlamda \u00f6nemli bir de\u011ferlendirme yap\u0131lmas\u0131 gerekmektedir. Bu d\u00f6nem, \u00e7ocu\u011fun bili\u015fsel ve duygusal geli\u015fim evreleri a\u00e7\u0131s\u0131ndan kritik \u00f6neme sahiptir. \u00c7ocuklar\u0131n su\u00e7a kar\u0131\u015fma durumlar\u0131, davran\u0131\u015flar\u0131n\u0131 y\u00f6nlendirme yetilerinin geli\u015fimiyle do\u011frudan ili\u015fkilidir. Hukuki sistem, bu ya\u015f grubundaki \u00e7ocuklar\u0131n su\u00e7 i\u015fleme kabiliyetlerini de\u011ferlendirirken, davran\u0131\u015flar\u0131n\u0131n arka plan\u0131ndaki sosyal ve e\u011fitsel boyutu dikkate al\u0131r.<\/p>\n<p>Bu d\u00f6nemde, \u00e7ocuklar\u0131n h\u0131rs\u0131zl\u0131k, sald\u0131rganl\u0131k veya ba\u015fka su\u00e7 unsurlar\u0131 i\u00e7eren davran\u0131\u015flar\u0131, ya\u015flar\u0131n\u0131n ve geli\u015fimsel d\u00fczeylerinin sa\u011flad\u0131\u011f\u0131 anlay\u0131\u015fla analiz edilmektedir. \u00c7ocuk, yapt\u0131\u011f\u0131 eylemin sonu\u00e7lar\u0131n\u0131 anlama yetisine sahip olup olmad\u0131\u011f\u0131na g\u00f6re hukuken farkl\u0131 muamele g\u00f6rebilir. Bu ba\u011flamda, \u00e7ocuklar\u0131n psikolojik ve sosyal fakt\u00f6rleri g\u00f6z \u00f6n\u00fcnde bulundurularak, davran\u0131\u015flar\u0131n\u0131n y\u00f6nlendirilmesi sa\u011flanmal\u0131d\u0131r.<\/p>\n<p><strong>Davran\u0131\u015flar\u0131 y\u00f6nlendirme yetisi<\/strong> geli\u015fimi, \u00e7ocuklar\u0131n sosyal \u00e7evreleriyle ve e\u011fitim s\u00fcre\u00e7leriyle do\u011frudan ili\u015fkilidir. E\u011fitim, \u00e7ocuklar\u0131n sosyal normlar\u0131 anlama ve i\u00e7selle\u015ftirme s\u00fcrecinde \u00f6nemli bir rol oynar. E\u011fitim sisteminin sundu\u011fu f\u0131rsatlar, \u00e7ocuklar\u0131n bilin\u00e7li ve sorumlu bireyler olarak yeti\u015fmelerine katk\u0131 sa\u011flar. Bu nedenlerle, ailelerin ve e\u011fitimcilerin \u00e7ocuklar\u0131n davran\u0131\u015flar\u0131n\u0131 y\u00f6nlendirmeye y\u00f6nelik \u00e7abalar\u0131, su\u00e7 i\u015fleme ihtimalini azaltmada etkili bir fakt\u00f6rd\u00fcr.<\/p>\n<p>Sosyal boyutta, \u00e7ocuklar\u0131n arkada\u015f gruplar\u0131 ve \u00e7evresel etkiler, davran\u0131\u015flar\u0131 \u00fczerinde etkili olabilmektedir. Bu \u00e7a\u011fdaki \u00e7ocuklar, sosyal kimliklerini olu\u015fturmaya ve sosyal bask\u0131lara duyarl\u0131l\u0131k g\u00f6stermeye ba\u015flarlar. Davran\u0131\u015flar\u0131n\u0131 y\u00f6nlendirmek i\u00e7in, sosyal destek ve sa\u011fl\u0131kl\u0131 etkinlikler sunmak, \u00e7ocuklar\u0131n pozitif davran\u0131\u015f geli\u015ftirmelerine yard\u0131mc\u0131 olmas\u0131n\u0131 sa\u011flamak a\u00e7\u0131s\u0131ndan \u00f6nemlidir. Bu nedenle, \u00e7ocuklar\u0131n sosyal \u00e7evrelerinin de sa\u011fl\u0131kl\u0131 bir \u015fekilde y\u00f6netilmesi gerekmektedir.<\/p>\n<table class=\"wp-block-table\">\n<thead>\n<tr>\n<th>Geli\u015fim A\u015famas\u0131<\/th>\n<th>\u00d6nemli Fakt\u00f6rler<\/th>\n<th>Davran\u0131\u015f Y\u00f6nlendirme Stratejileri<\/th>\n<\/tr>\n<\/thead>\n<tbody>\n<tr>\n<td>12-13 Ya\u015f<\/td>\n<td>Arkada\u015f ili\u015fkileri<\/td>\n<td>Sosyal etkinlikler d\u00fczenleme<\/td>\n<\/tr>\n<tr>\n<td>14-15 Ya\u015f<\/td>\n<td>Kimlik aray\u0131\u015f\u0131<\/td>\n<td>Rol model olma<\/td>\n<\/tr>\n<\/tbody>\n<\/table>\n<p>Sonu\u00e7 olarak, 12 ila 15 ya\u015f aras\u0131ndaki \u00e7ocuklar\u0131n su\u00e7a kar\u0131\u015fma durumlar\u0131, davran\u0131\u015f geli\u015fimlerinin yan\u0131 s\u0131ra \u00e7evresel ve e\u011fitim fakt\u00f6rlerine de ba\u011fl\u0131d\u0131r. Bu s\u00fcre\u00e7te, hem hukuki hem de sosyo-e\u011fitsel a\u00e7\u0131dan stratejilerin olu\u015fturulmas\u0131, \u00e7ocuklar\u0131n su\u00e7a y\u00f6nelme olas\u0131l\u0131klar\u0131n\u0131 minimize etmekte etkili olacakt\u0131r. B\u00f6ylece, ya\u015famlar\u0131 boyunca daha sa\u011fl\u0131kl\u0131 sosyal ili\u015fkiler kurabilen bireyler yeti\u015ftirilmesi hedeflenmektedir.<\/p>\n<h2 id=\"ceza-davalarinda-cocuklarin-temsili-ve-avukatin-rolu\">Ceza Davalar\u0131nda \u00c7ocuklar\u0131n Temsili ve Avukat\u0131n Rol\u00fc<\/h2>\n<p><img decoding=\"async\" class=\"qimage_class lazyload\" data-src=\"https:\/\/denizcankizil.tr\/wp-content\/uploads\/2024\/11\/emsili.jpg\" alt=\"Ceza Davalar\u0131nda \u00c7ocuklar\u0131n Temsili ve Avukat\u0131n Rol\u00fc\" src=\"data:image\/svg+xml;base64,PHN2ZyB3aWR0aD0iMSIgaGVpZ2h0PSIxIiB4bWxucz0iaHR0cDovL3d3dy53My5vcmcvMjAwMC9zdmciPjwvc3ZnPg==\" style=\"--smush-placeholder-width: 960px; --smush-placeholder-aspect-ratio: 960\/720;\" \/><\/p>\n<p>Ceza davalar\u0131nda \u00e7ocuklar\u0131n temsili, hukukun \u00e7ocuklar \u00fczerindeki etkisini anlamak a\u00e7\u0131s\u0131ndan son derece \u00f6nemlidir. 12 ya\u015f\u0131ndan itibaren, \u00e7ocuklar\u0131n i\u015fledikleri su\u00e7lar\u0131n hukuki sonu\u00e7lar\u0131, onlar\u0131n olgunluk seviyesine ve davran\u0131\u015flar\u0131n\u0131 y\u00f6nlendirme yetisine ba\u011fl\u0131 olarak de\u011fi\u015fiklik g\u00f6stermektedir. Bu durum, \u00e7ocu\u011fun hangi ya\u015f aral\u0131\u011f\u0131nda bulundu\u011funa ve su\u00e7un niteli\u011fine g\u00f6re farkl\u0131 hukuki sonu\u00e7lar do\u011furmas\u0131 bak\u0131m\u0131ndan kritik bir unsurdur.<\/p>\n<p>\u00c7ocuklar, ya\u015flar\u0131 ve geli\u015fim seviyeleri gere\u011fi, \u00e7o\u011fu zaman hukuki sistemde kar\u015f\u0131la\u015ft\u0131klar\u0131 s\u00fcre\u00e7leri tam anlam\u0131yla kavrayamayabilirler. 12 ile 15 ya\u015f aras\u0131 \u00e7ocuklar, su\u00e7 i\u015flediklerinde ger\u00e7ekle\u015ftirdikleri eylemin sonu\u00e7lar\u0131n\u0131 ve hukuki anlamlar\u0131n\u0131 alg\u0131lay\u0131p alg\u0131layamad\u0131klar\u0131 ba\u011flam\u0131nda de\u011ferlendirilmelidir. Bu nedenle, avukatlar\u0131n rol\u00fc burada b\u00fcy\u00fck bir \u00f6nem ta\u015f\u0131maktad\u0131r.<\/p>\n<p><strong>\u00c7ocuklar\u0131n temsilinde avukat\u0131n rol\u00fc:<\/strong><\/p>\n<ul>\n<li><strong>Dan\u0131\u015fmanl\u0131k:<\/strong> Avukatlar, \u00e7ocuklar\u0131n hukuki s\u00fcre\u00e7lerde anlamad\u0131klar\u0131 noktalar\u0131 a\u00e7\u0131klayarak \u00f6nemli bir rehberlik sa\u011flar.<\/li>\n<li><strong>Communication:<\/strong> \u00c7ocuklar\u0131n duygular\u0131n\u0131 ve d\u00fc\u015f\u00fcncelerini ifade etmelerine yard\u0131mc\u0131 olarak, savunma s\u00fcre\u00e7lerine katk\u0131da bulunur.<\/li>\n<li><strong>Hukuki Bilgilendirme:<\/strong> \u00c7ocuklar\u0131n kar\u015f\u0131la\u015ft\u0131klar\u0131 hukuki durum hakk\u0131nda bilgilendirilmesi i\u00e7in gerekli bilgilere ula\u015fmalar\u0131n\u0131 sa\u011flar.<\/li>\n<li><strong>M\u00fczakere:<\/strong> Ceza mahkemelerinde, \u00e7ocuklar\u0131n lehine olabilecek \u00e7\u00f6z\u00fcmler geli\u015ftirilmesi i\u00e7in m\u00fczakerelerde bulunur.<\/li>\n<\/ul>\n<p>Ayr\u0131ca, avukatlar \u00e7ocuklar\u0131n \u00e7\u0131karlar\u0131n\u0131 koruma amac\u0131n\u0131 ta\u015f\u0131rlar. \u00c7ocuklar\u0131n yarg\u0131lanma s\u00fcre\u00e7lerinde, onlar\u0131n psikolojik durumlar\u0131 ve sosyal \u00e7evreleri g\u00f6z \u00f6n\u00fcnde bulundurularak, daha adil bir savunma haz\u0131rlanmaktad\u0131r. Bu, \u00e7ocuklar\u0131n ceza adalet sisteminde ayr\u0131mc\u0131 bir muameleye maruz kalmamalar\u0131n\u0131 sa\u011flamak ad\u0131na da \u00f6nemlidir.<\/p>\n<p><strong>\u00c7ocuklar\u0131n psikolojisi de g\u00f6z \u00f6n\u00fcnde bulundurulmal\u0131d\u0131r:<\/strong> Ya\u015f aral\u0131\u011f\u0131na g\u00f6re de\u011fi\u015fen duygusal ve bili\u015fsel geli\u015fim seviyeleri, daima dikkate al\u0131nmal\u0131d\u0131r. Bu ba\u011flamda, avukatlar s\u00fcre\u00e7 i\u00e7inde \u00e7ocuklar\u0131n ruhsal durumunu de\u011ferlendirip uygun stratejiler geli\u015ftirebilirler. \u00d6zellikle ceza davalar\u0131nda, \u00e7ocuklar\u0131n ruhsal ve sosyal geli\u015fimlerini etkileyen kararlar al\u0131n\u0131rken, avukat\u0131n rol\u00fc daha da kritik hale gelmektedir.<\/p>\n<p>Sonu\u00e7 olarak, ceza davalar\u0131nda \u00e7ocuklar\u0131n temsil edilmesi ve avukatlar\u0131n rol\u00fc, hukukun \u00e7ocuklar \u00fczerindeki etkisini anlamada \u00f6nemli bir yere sahiptir. 12-15 ya\u015f aras\u0131 \u00e7ocuklar\u0131n geli\u015fimsel \u00f6zellikleri ile hukuksal sorumluluklar\u0131 aras\u0131ndaki dengeyi kurarak, adil bir yarg\u0131lama s\u00fcrecinin sa\u011flanmas\u0131 hedeflenmektedir. Bu s\u00fcre\u00e7te, avukatlar\u0131n dan\u0131\u015fmanl\u0131k, ileti\u015fim ve m\u00fczakere gibi g\u00f6revleri, \u00e7ocuklar\u0131n adalet sisteminde daha sa\u011fl\u0131kl\u0131 bir \u015fekilde yer almalar\u0131n\u0131 sa\u011flamaktad\u0131r.<\/p>\n<h2 id=\"rehabilitasyon-surecleri-suctan-arindirma-ve-toplumla-butunlesme\">Rehabilitasyon S\u00fcre\u00e7leri: Su\u00e7tan Ar\u0131nd\u0131rma ve Toplumla B\u00fct\u00fcnle\u015fme<\/h2>\n<p><img decoding=\"async\" class=\"qimage_class lazyload\" data-src=\"https:\/\/denizcankizil.tr\/wp-content\/uploads\/2024\/11\/iginal.jpg\" alt=\"Rehabilitasyon S\u00fcre\u00e7leri: Su\u00e7tan Ar\u0131nd\u0131rma ve Toplumla B\u00fct\u00fcnle\u015fme\" src=\"data:image\/svg+xml;base64,PHN2ZyB3aWR0aD0iMSIgaGVpZ2h0PSIxIiB4bWxucz0iaHR0cDovL3d3dy53My5vcmcvMjAwMC9zdmciPjwvc3ZnPg==\" style=\"--smush-placeholder-width: 800px; --smush-placeholder-aspect-ratio: 800\/500;\" \/><\/p>\n<section class=\"rehabilitasyon-surecleri\">Su\u00e7 i\u015fleyen bireylerin rehabilitasyon s\u00fcre\u00e7leri, onlar\u0131n topluma yeniden kazand\u0131r\u0131lmas\u0131 a\u00e7\u0131s\u0131ndan b\u00fcy\u00fck \u00f6nem ta\u015f\u0131maktad\u0131r. Gen\u00e7 su\u00e7lular\u0131n ruhsal ve sosyal geli\u015fimini desteklemek amac\u0131yla, rehabilitasyon ve e\u011fitim programlar\u0131n\u0131n etkin bir \u015fekilde uygulanmas\u0131 gerekmektedir. Bu s\u00fcre\u00e7, bireyin sadece cezaland\u0131r\u0131lmas\u0131ndan ziyade, topluma entegre edilmesi hedefi \u00fczerinde yo\u011funla\u015fmaktad\u0131r.<\/p>\n<p>12.15 ya\u015f aras\u0131 \u00e7ocuklar\u0131n su\u00e7 i\u015flediklerinde, hukuki anlamda su\u00e7lar\u0131n sonu\u00e7lar\u0131 farkl\u0131l\u0131k g\u00f6stermektedir. Bu ya\u015f grubundaki bireylerin, eylemlerinin sonu\u00e7lar\u0131n\u0131 alg\u0131lama yetileri ve davran\u0131\u015flar\u0131n\u0131 y\u00f6nlendirme becerileri g\u00f6z \u00f6n\u00fcne al\u0131nd\u0131\u011f\u0131nda, rehabilitasyon s\u00fcrecinin \u00f6zellikleri de de\u011fi\u015fkenlik g\u00f6stermektedir. Bu noktada, sosyal hizmet uzmanlar\u0131 ve psikologlar devreye girerek, bireylerin ihtiya\u00e7lar\u0131na y\u00f6nelik \u00f6zel programlar tasarlamaktad\u0131r.<\/p>\n<p>Rehabilitasyon s\u00fcrecinin etkinli\u011fi, a\u015fa\u011f\u0131daki fakt\u00f6rlere ba\u011fl\u0131 olarak artmaktad\u0131r:<\/p>\n<ul>\n<li><strong> E\u011fitim Programlar\u0131:<\/strong> Gen\u00e7 bireylere y\u00f6nelik bili\u015fsel ve duygusal geli\u015fim odakl\u0131 e\u011fitim programlar\u0131n\u0131n uygulanmas\u0131.<\/li>\n<li><strong> Sosyal Destek:<\/strong> Aile, arkada\u015f ve topluluk deste\u011finin sa\u011flanmas\u0131.<\/li>\n<li><strong> Psiko-sosyal Destek:<\/strong> Bireylerin duygusal ve sosyal durumlar\u0131n\u0131n iyile\u015ftirilmesine y\u00f6nelik terapiler.<\/li>\n<\/ul>\n<p>Rehabilitasyon s\u00fcrecinin temel ama\u00e7lar\u0131ndan biri, su\u00e7 i\u015flemi\u015f bireylerin topluma yeniden kazand\u0131r\u0131larak, tekrar su\u00e7 i\u015flemelerinin \u00f6nlenmesidir. Bu ba\u011flamda, rehabilitasyon merkezlerinde yap\u0131lan \u00e7al\u0131\u015fmalar, su\u00e7lular\u0131n toplumla b\u00fct\u00fcnle\u015fmesine yard\u0131mc\u0131 olmay\u0131 hedeflemektedir. Milli ve yerel d\u00fczeyde y\u00fcr\u00fct\u00fclen projeler, bu hedefe ula\u015fmada \u00f6nemli bir rol oynamaktad\u0131r.<\/p>\n<p>Ayr\u0131ca, rehabilitasyon s\u00fcrecinin ba\u015far\u0131s\u0131 i\u00e7in s\u00fcrekli izleme ve de\u011ferlendirme mekanizmalar\u0131n\u0131n kurulmas\u0131 kritik \u00f6neme sahiptir. Kurumlar\u0131n, bireylerin geli\u015fim s\u00fcre\u00e7lerini takip ederek gerekti\u011finde programlar \u00fczerinde de\u011fi\u015fiklik yapmalar\u0131, daha etkili sonu\u00e7lar elde etmeye yard\u0131mc\u0131 olacakt\u0131r.<\/p>\n<p>Sonu\u00e7 olarak, su\u00e7tan ar\u0131nd\u0131rma ve toplumla b\u00fct\u00fcnle\u015fme s\u00fcre\u00e7lerinde, b\u00fct\u00fcnc\u00fcl bir yakla\u015f\u0131m benimsenmesi gerekmektedir. Bu s\u00fcre\u00e7te g\u00fc\u00e7 birli\u011fi sa\u011flanmas\u0131, hem bireylerin hem de toplumun yarar\u0131 i\u00e7in gereklidir. B\u00f6ylece, rehabilitasyona tabi tutulan gen\u00e7 bireylerin gelecekte daha sa\u011fl\u0131kl\u0131 bir ya\u015fam s\u00fcrme olas\u0131l\u0131klar\u0131 artacakt\u0131r.<\/p>\n<\/section>\n<h2 id=\"yasal-duzenlemeler-ve-uygulamalar-cocuk-ceza-hukuku-perspektifi\">Yasal D\u00fczenlemeler ve Uygulamalar: \u00c7ocuk Ceza Hukuku Perspektifi<\/h2>\n<p><img decoding=\"async\" class=\"qimage_class lazyload\" data-src=\"https:\/\/denizcankizil.tr\/wp-content\/uploads\/2024\/11\/00x500.jpg672f31b48174e.jpg\" alt=\"Yasal D\u00fczenlemeler ve Uygulamalar: \u00c7ocuk Ceza Hukuku Perspektifi\" src=\"data:image\/svg+xml;base64,PHN2ZyB3aWR0aD0iMSIgaGVpZ2h0PSIxIiB4bWxucz0iaHR0cDovL3d3dy53My5vcmcvMjAwMC9zdmciPjwvc3ZnPg==\" style=\"--smush-placeholder-width: 500px; --smush-placeholder-aspect-ratio: 500\/500;\" \/><\/p>\n<p>\u00c7ocuk ceza hukuku, bireylerin geli\u015fimsel evrelerini g\u00f6z \u00f6n\u00fcnde bulundurarak, yasalar\u0131n \u00e7ocuklar \u00fczerindeki etkisini incelemektedir. On iki ya\u015f\u0131n\u0131 doldurduktan sonra, bir \u00e7ocu\u011fun 12.15 ya\u015f aras\u0131 su\u00e7 i\u015fledi\u011finde, hukuki anlamda bu durumun nas\u0131l de\u011ferlendirilece\u011fi \u00f6nemlidir. Bu de\u011ferlendirme, \u00e7ocu\u011fun su\u00e7 i\u015fleme davran\u0131\u015f\u0131n\u0131 anlay\u0131p anlamad\u0131\u011f\u0131 ya da bu davran\u0131\u015flar\u0131na y\u00f6n verme yetisinin olup olmad\u0131\u011f\u0131na dayanmaktad\u0131r.<\/p>\n<p>Bu ya\u015ftaki \u00e7ocuklar\u0131n cezai sorumlulu\u011fu, onlar\u0131n bili\u015fsel ve duygusal olgunluklar\u0131 ile do\u011frudan ili\u015fkilidir. \u00c7ocuk ceza hukukunda, yasalar, \u00e7ocu\u011fun davran\u0131\u015flar\u0131n\u0131 do\u011fru bir \u015fekilde de\u011ferlendirebilmek a\u00e7\u0131s\u0131ndan belirli kriterler sunar. Bu nedenle, \u00e7ocuklar\u0131n davran\u0131\u015flar\u0131n\u0131 y\u00f6nlendirme yetisinin belirlenmesi, ceza hukuku a\u00e7\u0131s\u0131ndan kritik bir noktad\u0131r.<\/p>\n<p>\u00c7ocuklar\u0131n su\u00e7 i\u015fleme davran\u0131\u015flar\u0131, hukukta farkl\u0131 a\u00e7\u0131lardan incelenmektedir. Bu konu hakk\u0131nda dikkate al\u0131nmas\u0131 gereken baz\u0131 ba\u015fl\u0131ca noktalar \u015funlard\u0131r:<\/p>\n<ul>\n<li><strong>Hukuki Sorumluluk:<\/strong> \u00c7ocu\u011fun ya\u015f\u0131na ve geli\u015fim seviyesine g\u00f6re cezai sorumlulu\u011fun belirlenmesi.<\/li>\n<li><strong>Geli\u015fimsel Farkl\u0131l\u0131klar:<\/strong> \u00c7ocuklar\u0131n bili\u015fsel ve duygusal geli\u015fim s\u00fcre\u00e7leri g\u00f6z \u00f6n\u00fcnde bulundurulmal\u0131d\u0131r.<\/li>\n<li><strong>Hukuki Cezalar:<\/strong> Su\u00e7un niteli\u011fine g\u00f6re uygulanacak hukuki yapt\u0131r\u0131mlar\u0131n de\u011ferlendirilmesi.<\/li>\n<\/ul>\n<p>12 ya\u015f alt\u0131ndaki \u00e7ocuklar i\u00e7in cezai sorumluluk kald\u0131r\u0131l\u0131rken, 12.15 ya\u015f grubundaki \u00e7ocuklar i\u00e7in hukuki sonu\u00e7lar daha karma\u015f\u0131k bir yap\u0131 sergilemektedir. Bu ya\u015f grubunda \u00e7ocuklar\u0131n su\u00e7 i\u015fleme yetisini de\u011ferlendirmek, profesyonel bir yakla\u015f\u0131m gerektirir. Cezai i\u015flemlerin yan\u0131 s\u0131ra, rehabilitasyon ve e\u011fitimsel \u00f6nlemler de bu s\u00fcre\u00e7te \u00f6nem ta\u015f\u0131maktad\u0131r.<\/p>\n<p>Hukukun \u00e7ocuk \u00fczerinde nas\u0131l bir etkisi oldu\u011fu, geni\u015f bir yelpazede incelenmelidir. \u00c7ocuklar\u0131n psikolojik durumlar\u0131, sosyo-k\u00fclt\u00fcrel fakt\u00f6rler ve ailevi dinamikler, su\u00e7 davran\u0131\u015flar\u0131n\u0131n anla\u015f\u0131lmas\u0131nda \u00f6nemli rol oynamaktad\u0131r. Bu nedenle, \u00e7ocuk ceza hukuku uygulamalar\u0131nda \u00e7ok disiplinli bir yakla\u015f\u0131m benimsenmesi \u00f6nerilmektedir.<\/p>\n<p>Sonu\u00e7 olarak, \u00e7ocuk ceza hukuku, y\u00fcr\u00fcrl\u00fckteki yasal d\u00fczenlemelere ve \u00e7ocuklar\u0131n bireysel \u00f6zelliklerine g\u00f6re hareket eden bir sistemdir. \u00c7ocuklar\u0131n su\u00e7 i\u015flemesine y\u00f6nelik hukuki sonu\u00e7lar\u0131n belirlenmesi, hem hukuki hem de sosyal a\u00e7\u0131dan b\u00fcy\u00fck bir \u00f6nem ta\u015f\u0131makta; bu nedenle, yasalar\u0131n uygulanma bi\u00e7imi ve pratikteki sonu\u00e7lar\u0131 s\u00fcrekli olarak g\u00f6zden ge\u00e7irilmelidir.<\/p>\n<h2 id=\"oneriler-suc-isleyen-cocuklara-yonelik-etkili-mudahale-stratejileri\">\u00d6neriler: Su\u00e7 \u0130\u015fleyen \u00c7ocuklara Y\u00f6nelik Etkili M\u00fcdahale Stratejileri<\/h2>\n<p><img decoding=\"async\" class=\"qimage_class lazyload\" data-src=\"https:\/\/denizcankizil.tr\/wp-content\/uploads\/2024\/11\/0961cd.jpg\" alt=\"\u00d6neriler: Su\u00e7 \u0130\u015fleyen \u00c7ocuklara Y\u00f6nelik Etkili M\u00fcdahale Stratejileri\" src=\"data:image\/svg+xml;base64,PHN2ZyB3aWR0aD0iMSIgaGVpZ2h0PSIxIiB4bWxucz0iaHR0cDovL3d3dy53My5vcmcvMjAwMC9zdmciPjwvc3ZnPg==\" style=\"--smush-placeholder-width: 378px; --smush-placeholder-aspect-ratio: 378\/649;\" \/><\/p>\n<section>On iki ya\u015f\u0131n\u0131 doldurmu\u015f \u00e7ocuklar, yasal olarak belirli bir ya\u015f aral\u0131\u011f\u0131 i\u00e7inde tan\u0131mlanan &#8220;ceza ehliyeti&#8221; durumuna girmektedir. Bu ya\u015f grubundaki \u00e7ocuklar\u0131n su\u00e7 i\u015fleme davran\u0131\u015flar\u0131, \u00e7o\u011fu zaman hukukun bak\u0131\u015f a\u00e7\u0131s\u0131na g\u00f6re farkl\u0131 sonu\u00e7lar do\u011furabilir. On iki ve on be\u015f ya\u015f aras\u0131ndaki \u00e7ocuklar\u0131n su\u00e7 i\u015fledi\u011finde, bu durumun hukuki anlam\u0131n\u0131 alg\u0131lay\u0131p alg\u0131layamad\u0131klar\u0131, davran\u0131\u015flar\u0131n\u0131 y\u00f6nlendirme yetisine sahip olup olmad\u0131klar\u0131 gibi fakt\u00f6rler, m\u00fcdahale stratejilerinin belirlenmesinde \u00f6nemli rol oynamaktad\u0131r.<\/p>\n<p>Su\u00e7 i\u015fleyen \u00e7ocuklara y\u00f6nelik etkili m\u00fcdahale stratejileri geli\u015ftirmek i\u00e7in, \u00f6ncelikle bu \u00e7ocuklar\u0131n psikolojik ve sosyal \u00e7evrelerinin g\u00f6z \u00f6n\u00fcnde bulundurulmas\u0131 gerekmektedir. Geli\u015fim d\u00f6nemlerinin \u00f6zelliklerine uygun yakla\u015f\u0131mlar benimsemek, m\u00fcdahalenin ba\u015far\u0131s\u0131n\u0131 art\u0131rabilir. Bu ba\u011flamda, a\u015fa\u011f\u0131daki stratejiler dikkate al\u0131nabilir:<\/p>\n<ul>\n<li><strong>Erken m\u00fcdahale programlar\u0131:<\/strong> \u00c7ocuklar geli\u015fim s\u00fcre\u00e7lerinde kat\u0131 bir \u015fekilde izlenmeli ve olumsuz davran\u0131\u015flar erken tespit edilmelidir.<\/li>\n<li><strong>Dan\u0131\u015fmanl\u0131k hizmetleri:<\/strong> Psiko-sosyal destek sunmak, \u00e7ocuklar\u0131n kendilerini ifade etmelerine ve sorunlar\u0131yla ba\u015fa \u00e7\u0131kmalar\u0131na yard\u0131mc\u0131 olabilir.<\/li>\n<li><strong>E\u011fitim programlar\u0131:<\/strong> Su\u00e7un etkileri ve olas\u0131 sonu\u00e7lar\u0131 hakk\u0131nda e\u011fitim almak, bu \u00e7ocuklar\u0131n bilin\u00e7lenmesini sa\u011flayabilir.<\/li>\n<\/ul>\n<p>Bu t\u00fcr programlarda, \u00e7ocuklar\u0131n karar verme s\u00fcre\u00e7lerinin desteklenmesi ve olumlu davran\u0131\u015flar\u0131n te\u015fvik edilmesi \u00f6nemlidir. E\u011fitici materyaller ve at\u00f6lye \u00e7al\u0131\u015fmalar\u0131, \u00e7ocuklar\u0131n sosyal becerilerini geli\u015ftirmelerine hizmet edebilir. Ayr\u0131ca, bu s\u00fcre\u00e7te aile \u00fcyelerinin de e\u011fitilmesi, \u00e7ocuklar\u0131n ev ortam\u0131nda daha sa\u011fl\u0131kl\u0131 bir geli\u015fim g\u00f6stermelerine katk\u0131da bulunabilir. Aileye y\u00f6nelik programlar, ileti\u015fim becerilerinin art\u0131r\u0131lmas\u0131 ve \u00e7at\u0131\u015fma y\u00f6netimi konular\u0131n\u0131 kapsamaktad\u0131r.<\/p>\n<p>\u00c7ocuklar\u0131n geli\u015fim d\u00fczeylerine uygun rehabilitasyon s\u00fcrecinin belirlenmesi b\u00fcy\u00fck bir \u00f6neme sahiptir. Bu s\u00fcre\u00e7, yaln\u0131zca ceza vermekle s\u0131n\u0131rl\u0131 kalmay\u0131p, ayn\u0131 zamanda \u00e7ocuklar\u0131n topluma yeniden kazand\u0131r\u0131lmas\u0131n\u0131 hedeflemelidir. A\u015fa\u011f\u0131da, rehabilitasyon s\u00fcrecinde dikkate al\u0131nmas\u0131 gereken unsurlar yer almaktad\u0131r:<\/p>\n<ul>\n<li><strong>\u0130zleme ve de\u011ferlendirme:<\/strong> S\u00fcrecin her a\u015famas\u0131nda d\u00fczenli izlemenin yap\u0131lmas\u0131, \u00e7ocuklar\u0131n ilerlemesini de\u011ferlendirmek a\u00e7\u0131s\u0131ndan \u00f6nemlidir.<\/li>\n<li><strong>\u0130\u015f birli\u011fi:<\/strong> E\u011fitimciler, psikologlar ve sosyal hizmet uzmanlar\u0131 aras\u0131nda i\u015f birli\u011fi sa\u011flanmal\u0131d\u0131r.<\/li>\n<li><strong>Toplum temelli m\u00fcdahale:<\/strong> \u00c7ocuklar\u0131n sosyal \u00e7evrelerinde olumlu de\u011fi\u015fiklikler yaratmak i\u00e7in toplumla etkile\u015fim art\u0131r\u0131lmal\u0131d\u0131r.<\/li>\n<\/ul>\n<p>Sonu\u00e7 olarak, su\u00e7 i\u015fleyen \u00e7ocuklar i\u00e7in uygulanacak etkili m\u00fcdahale stratejileri, multidisipliner bir yakla\u015f\u0131m gerektirir. \u00c7ocuklar\u0131n ya\u015flar\u0131 ve geli\u015fim d\u00fczeyleri g\u00f6z \u00f6n\u00fcnde bulunduruldu\u011funda, uzun vadeli ve s\u00fcrd\u00fcr\u00fclebilir \u00e7\u00f6z\u00fcmler \u00fcretilmesi sa\u011flanabilir. Bu ba\u011flamda, toplumsal fark\u0131ndal\u0131k ve destek de kritik bir \u00f6neme sahiptir.<\/p>\n<\/section>\n<h2 id=\"outro\">In conclusion<\/h2>\n<p>Sonu\u00e7 olarak, on iki ya\u015f\u0131n\u0131 doldurmu\u015f bireylerin su\u00e7 i\u015fledi\u011fi durumlar, hukukun \u00e7er\u00e7evesinde \u00f6nemli bir yan\u0131lsamay\u0131 beraberinde getirir. \u00d6zellikle 12.15 ya\u015f aral\u0131\u011f\u0131ndaki \u00e7ocuklar i\u00e7in, su\u00e7un yasal anlam\u0131 ve sonu\u00e7lar\u0131n\u0131 anlama kabiliyetleri, sorumlulu\u011fun belirlenmesinde kritik bir rol oynamaktad\u0131r. \u00c7ocuklar\u0131n bili\u015fsel geli\u015fim d\u00fczeyleri, davran\u0131\u015flar\u0131n\u0131 y\u00f6nlendirme yetenekleri ile beraber de\u011ferlendirildi\u011finde, ceza hukuku a\u00e7\u0131s\u0131ndan \u00f6zel bir yakla\u015f\u0131m gereklidir. Bu ba\u011flamda, hukukun temel ilkeleri ile \u00e7ocuk psikolojisi aras\u0131ndaki ili\u015fkiyi anlamak, adaletin sa\u011flanmas\u0131 ve \u00e7ocuklar\u0131n rehabilitasyonu a\u00e7\u0131s\u0131ndan b\u00fcy\u00fck \u00f6nem ta\u015f\u0131maktad\u0131r. \u00c7ocuklar\u0131n su\u00e7 i\u015fleme potansiyeli ve bunlara y\u00f6nelik yasal s\u00fcre\u00e7lerin ele al\u0131nmas\u0131, toplumun gelece\u011fi i\u00e7in hayati bir meseledir. Geli\u015fen hukuki normlar ve uygulamalar \u0131\u015f\u0131\u011f\u0131nda, \u00e7ocuk su\u00e7lulu\u011funun \u00f6nlenmesi ve m\u00fcdahale y\u00f6ntemlerinin g\u00fc\u00e7lendirilmesi gerekmektedir.<\/p>","protected":false},"excerpt":{"rendered":"<p>Bu yaz\u0131, on iki ya\u015f\u0131n\u0131 doldurmu\u015f bireylerin su\u00e7 i\u015fledi\u011finde hukuki sorumlulu\u011funun nas\u0131l belirlendi\u011fini tart\u0131\u015fmaktad\u0131r. 12-15 ya\u015f aral\u0131\u011f\u0131nda, \u00e7ocuklar\u0131n su\u00e7 i\u015fleme yetenekleri ve hukuki sonu\u00e7lar\u0131 \u00fczerine \u00f6nemli noktalar ele al\u0131nmaktad\u0131r.<\/p>","protected":false},"author":4,"featured_media":14924,"comment_status":"open","ping_status":"open","sticky":false,"template":"","format":"standard","meta":{"_acf_changed":false,"footnotes":""},"categories":[22],"tags":[],"class_list":["post-14923","post","type-post","status-publish","format-standard","has-post-thumbnail","hentry","category-degerlendirme"],"acf":[],"yoast_head":"<!-- This site is optimized with the Yoast SEO Premium plugin v26.6 (Yoast SEO v27.1.1) - https:\/\/yoast.com\/product\/yoast-seo-premium-wordpress\/ -->\n<title>Ceza Davalar\u0131 - Av. Deniz Can K\u0131z\u0131l<\/title>\n<meta name=\"robots\" content=\"index, follow, max-snippet:-1, max-image-preview:large, max-video-preview:-1\" \/>\n<link rel=\"canonical\" href=\"https:\/\/denizcankizil.tr\/en\/koseyazilari\/degerlendirme\/ceza-davalari-avukat-seda-kirac\/\" \/>\n<meta property=\"og:locale\" content=\"en_GB\" \/>\n<meta property=\"og:type\" content=\"article\" \/>\n<meta property=\"og:title\" content=\"Ceza Davalar\u0131\" \/>\n<meta property=\"og:description\" content=\"Bu yaz\u0131, on iki ya\u015f\u0131n\u0131 doldurmu\u015f bireylerin su\u00e7 i\u015fledi\u011finde hukuki sorumlulu\u011funun nas\u0131l belirlendi\u011fini tart\u0131\u015fmaktad\u0131r. 12-15 ya\u015f aral\u0131\u011f\u0131nda, \u00e7ocuklar\u0131n su\u00e7 i\u015fleme yetenekleri ve hukuki sonu\u00e7lar\u0131 \u00fczerine \u00f6nemli noktalar ele al\u0131nmaktad\u0131r.\" \/>\n<meta property=\"og:url\" content=\"https:\/\/denizcankizil.tr\/en\/koseyazilari\/degerlendirme\/ceza-davalari-avukat-seda-kirac\/\" \/>\n<meta property=\"og:site_name\" content=\"Av. Deniz Can K\u0131z\u0131l\" \/>\n<meta property=\"article:published_time\" content=\"2024-11-09T09:56:31+00:00\" \/>\n<meta property=\"article:modified_time\" content=\"2024-11-10T13:33:18+00:00\" \/>\n<meta property=\"og:image\" content=\"https:\/\/denizcankizil.tr\/wp-content\/uploads\/2024\/11\/14923-ceza-davalari-avukat-seda-kirac.jpg\" \/>\n\t<meta property=\"og:image:width\" content=\"790\" \/>\n\t<meta property=\"og:image:height\" content=\"527\" \/>\n\t<meta property=\"og:image:type\" content=\"image\/jpeg\" \/>\n<meta name=\"author\" content=\"Av. Deniz Can K\u0131z\u0131l\" \/>\n<meta name=\"twitter:card\" content=\"summary_large_image\" \/>\n<meta name=\"twitter:label1\" content=\"Written by\" \/>\n\t<meta name=\"twitter:data1\" content=\"Av. Deniz Can K\u0131z\u0131l\" \/>\n\t<meta name=\"twitter:label2\" content=\"Estimated reading time\" \/>\n\t<meta name=\"twitter:data2\" content=\"18 minutes\" \/>\n<script type=\"application\/ld+json\" class=\"yoast-schema-graph\">{\"@context\":\"https:\/\/schema.org\",\"@graph\":[{\"@type\":\"Article\",\"@id\":\"https:\/\/denizcankizil.tr\/uk\/koseyazilari\/degerlendirme\/ceza-davalari-avukat-seda-kirac\/#article\",\"isPartOf\":{\"@id\":\"https:\/\/denizcankizil.tr\/uk\/koseyazilari\/degerlendirme\/ceza-davalari-avukat-seda-kirac\/\"},\"author\":{\"name\":\"Av. Deniz Can K\u0131z\u0131l\",\"@id\":\"https:\/\/denizcankizil.tr\/#\/schema\/person\/5dc1b22991bd7ac833867c10afc9b0ff\"},\"headline\":\"Ceza Davalar\u0131\",\"datePublished\":\"2024-11-09T09:56:31+00:00\",\"dateModified\":\"2024-11-10T13:33:18+00:00\",\"mainEntityOfPage\":{\"@id\":\"https:\/\/denizcankizil.tr\/uk\/koseyazilari\/degerlendirme\/ceza-davalari-avukat-seda-kirac\/\"},\"wordCount\":3700,\"commentCount\":0,\"publisher\":{\"@id\":\"https:\/\/denizcankizil.tr\/#organization\"},\"image\":{\"@id\":\"https:\/\/denizcankizil.tr\/uk\/koseyazilari\/degerlendirme\/ceza-davalari-avukat-seda-kirac\/#primaryimage\"},\"thumbnailUrl\":\"https:\/\/denizcankizil.tr\/wp-content\/uploads\/2024\/11\/14923-ceza-davalari-avukat-seda-kirac.jpg\",\"articleSection\":[\"De\u011ferlendirme\"],\"inLanguage\":\"en-GB\",\"potentialAction\":[{\"@type\":\"CommentAction\",\"name\":\"Comment\",\"target\":[\"https:\/\/denizcankizil.tr\/uk\/koseyazilari\/degerlendirme\/ceza-davalari-avukat-seda-kirac\/#respond\"]}]},{\"@type\":\"WebPage\",\"@id\":\"https:\/\/denizcankizil.tr\/uk\/koseyazilari\/degerlendirme\/ceza-davalari-avukat-seda-kirac\/\",\"url\":\"https:\/\/denizcankizil.tr\/uk\/koseyazilari\/degerlendirme\/ceza-davalari-avukat-seda-kirac\/\",\"name\":\"Ceza Davalar\u0131 - Av. Deniz Can K\u0131z\u0131l\",\"isPartOf\":{\"@id\":\"https:\/\/denizcankizil.tr\/#website\"},\"primaryImageOfPage\":{\"@id\":\"https:\/\/denizcankizil.tr\/uk\/koseyazilari\/degerlendirme\/ceza-davalari-avukat-seda-kirac\/#primaryimage\"},\"image\":{\"@id\":\"https:\/\/denizcankizil.tr\/uk\/koseyazilari\/degerlendirme\/ceza-davalari-avukat-seda-kirac\/#primaryimage\"},\"thumbnailUrl\":\"https:\/\/denizcankizil.tr\/wp-content\/uploads\/2024\/11\/14923-ceza-davalari-avukat-seda-kirac.jpg\",\"datePublished\":\"2024-11-09T09:56:31+00:00\",\"dateModified\":\"2024-11-10T13:33:18+00:00\",\"breadcrumb\":{\"@id\":\"https:\/\/denizcankizil.tr\/uk\/koseyazilari\/degerlendirme\/ceza-davalari-avukat-seda-kirac\/#breadcrumb\"},\"inLanguage\":\"en-GB\",\"potentialAction\":[{\"@type\":\"ReadAction\",\"target\":[\"https:\/\/denizcankizil.tr\/uk\/koseyazilari\/degerlendirme\/ceza-davalari-avukat-seda-kirac\/\"]}]},{\"@type\":\"ImageObject\",\"inLanguage\":\"en-GB\",\"@id\":\"https:\/\/denizcankizil.tr\/uk\/koseyazilari\/degerlendirme\/ceza-davalari-avukat-seda-kirac\/#primaryimage\",\"url\":\"https:\/\/denizcankizil.tr\/wp-content\/uploads\/2024\/11\/14923-ceza-davalari-avukat-seda-kirac.jpg\",\"contentUrl\":\"https:\/\/denizcankizil.tr\/wp-content\/uploads\/2024\/11\/14923-ceza-davalari-avukat-seda-kirac.jpg\",\"width\":790,\"height\":527,\"caption\":\"Ceza Davalar\u0131 &#8211; Avukat Seda K\u0131ra\u00e7\"},{\"@type\":\"BreadcrumbList\",\"@id\":\"https:\/\/denizcankizil.tr\/uk\/koseyazilari\/degerlendirme\/ceza-davalari-avukat-seda-kirac\/#breadcrumb\",\"itemListElement\":[{\"@type\":\"ListItem\",\"position\":1,\"name\":\"Home\",\"item\":\"https:\/\/denizcankizil.tr\/de\/\"},{\"@type\":\"ListItem\",\"position\":2,\"name\":\"Ceza Davalar\u0131\"}]},{\"@type\":\"WebSite\",\"@id\":\"https:\/\/denizcankizil.tr\/#website\",\"url\":\"https:\/\/denizcankizil.tr\/\",\"name\":\"Av. Deniz Can K\u0131z\u0131l\",\"description\":\"Avukat Deniz Can K\u0131z\u0131l Antalya Barosu\",\"publisher\":{\"@id\":\"https:\/\/denizcankizil.tr\/#organization\"},\"potentialAction\":[{\"@type\":\"SearchAction\",\"target\":{\"@type\":\"EntryPoint\",\"urlTemplate\":\"https:\/\/denizcankizil.tr\/?s={search_term_string}\"},\"query-input\":{\"@type\":\"PropertyValueSpecification\",\"valueRequired\":true,\"valueName\":\"search_term_string\"}}],\"inLanguage\":\"en-GB\"},{\"@type\":\"Organization\",\"@id\":\"https:\/\/denizcankizil.tr\/#organization\",\"name\":\"Av. Deniz Can K\u0131z\u0131l\",\"url\":\"https:\/\/denizcankizil.tr\/\",\"logo\":{\"@type\":\"ImageObject\",\"inLanguage\":\"en-GB\",\"@id\":\"https:\/\/denizcankizil.tr\/#\/schema\/logo\/image\/\",\"url\":\"https:\/\/denizcankizil.tr\/wp-content\/uploads\/2024\/10\/siyah-logo-svg.svg\",\"contentUrl\":\"https:\/\/denizcankizil.tr\/wp-content\/uploads\/2024\/10\/siyah-logo-svg.svg\",\"width\":1080,\"height\":1080,\"caption\":\"Av. Deniz Can K\u0131z\u0131l\"},\"image\":{\"@id\":\"https:\/\/denizcankizil.tr\/#\/schema\/logo\/image\/\"}},{\"@type\":\"Person\",\"@id\":\"https:\/\/denizcankizil.tr\/#\/schema\/person\/5dc1b22991bd7ac833867c10afc9b0ff\",\"name\":\"Av. Deniz Can K\u0131z\u0131l\",\"image\":{\"@type\":\"ImageObject\",\"inLanguage\":\"en-GB\",\"@id\":\"https:\/\/denizcankizil.tr\/#\/schema\/person\/image\/\",\"url\":\"https:\/\/secure.gravatar.com\/avatar\/a0b128fb9855c79efc976d5640eedb31dc35ec297594d6016d2cf7c60e975bb6?s=96&d=mm&r=g\",\"contentUrl\":\"https:\/\/secure.gravatar.com\/avatar\/a0b128fb9855c79efc976d5640eedb31dc35ec297594d6016d2cf7c60e975bb6?s=96&d=mm&r=g\",\"caption\":\"Av. Deniz Can K\u0131z\u0131l\"},\"sameAs\":[\"http:\/\/www.denizcankizil.tr\"],\"url\":\"https:\/\/denizcankizil.tr\/en\/author\/denizcankizil\/\"}]}<\/script>\n<!-- \/ Yoast SEO Premium plugin. -->","yoast_head_json":{"title":"Ceza Davalar\u0131 - Av. Deniz Can K\u0131z\u0131l","robots":{"index":"index","follow":"follow","max-snippet":"max-snippet:-1","max-image-preview":"max-image-preview:large","max-video-preview":"max-video-preview:-1"},"canonical":"https:\/\/denizcankizil.tr\/en\/koseyazilari\/degerlendirme\/ceza-davalari-avukat-seda-kirac\/","og_locale":"en_GB","og_type":"article","og_title":"Ceza Davalar\u0131","og_description":"Bu yaz\u0131, on iki ya\u015f\u0131n\u0131 doldurmu\u015f bireylerin su\u00e7 i\u015fledi\u011finde hukuki sorumlulu\u011funun nas\u0131l belirlendi\u011fini tart\u0131\u015fmaktad\u0131r. 12-15 ya\u015f aral\u0131\u011f\u0131nda, \u00e7ocuklar\u0131n su\u00e7 i\u015fleme yetenekleri ve hukuki sonu\u00e7lar\u0131 \u00fczerine \u00f6nemli noktalar ele al\u0131nmaktad\u0131r.","og_url":"https:\/\/denizcankizil.tr\/en\/koseyazilari\/degerlendirme\/ceza-davalari-avukat-seda-kirac\/","og_site_name":"Av. Deniz Can K\u0131z\u0131l","article_published_time":"2024-11-09T09:56:31+00:00","article_modified_time":"2024-11-10T13:33:18+00:00","og_image":[{"width":790,"height":527,"url":"https:\/\/denizcankizil.tr\/wp-content\/uploads\/2024\/11\/14923-ceza-davalari-avukat-seda-kirac.jpg","type":"image\/jpeg"}],"author":"Av. Deniz Can K\u0131z\u0131l","twitter_card":"summary_large_image","twitter_misc":{"Written by":"Av. Deniz Can K\u0131z\u0131l","Estimated reading time":"18 minutes"},"schema":{"@context":"https:\/\/schema.org","@graph":[{"@type":"Article","@id":"https:\/\/denizcankizil.tr\/uk\/koseyazilari\/degerlendirme\/ceza-davalari-avukat-seda-kirac\/#article","isPartOf":{"@id":"https:\/\/denizcankizil.tr\/uk\/koseyazilari\/degerlendirme\/ceza-davalari-avukat-seda-kirac\/"},"author":{"name":"Av. Deniz Can K\u0131z\u0131l","@id":"https:\/\/denizcankizil.tr\/#\/schema\/person\/5dc1b22991bd7ac833867c10afc9b0ff"},"headline":"Ceza Davalar\u0131","datePublished":"2024-11-09T09:56:31+00:00","dateModified":"2024-11-10T13:33:18+00:00","mainEntityOfPage":{"@id":"https:\/\/denizcankizil.tr\/uk\/koseyazilari\/degerlendirme\/ceza-davalari-avukat-seda-kirac\/"},"wordCount":3700,"commentCount":0,"publisher":{"@id":"https:\/\/denizcankizil.tr\/#organization"},"image":{"@id":"https:\/\/denizcankizil.tr\/uk\/koseyazilari\/degerlendirme\/ceza-davalari-avukat-seda-kirac\/#primaryimage"},"thumbnailUrl":"https:\/\/denizcankizil.tr\/wp-content\/uploads\/2024\/11\/14923-ceza-davalari-avukat-seda-kirac.jpg","articleSection":["De\u011ferlendirme"],"inLanguage":"en-GB","potentialAction":[{"@type":"CommentAction","name":"Comment","target":["https:\/\/denizcankizil.tr\/uk\/koseyazilari\/degerlendirme\/ceza-davalari-avukat-seda-kirac\/#respond"]}]},{"@type":"WebPage","@id":"https:\/\/denizcankizil.tr\/uk\/koseyazilari\/degerlendirme\/ceza-davalari-avukat-seda-kirac\/","url":"https:\/\/denizcankizil.tr\/uk\/koseyazilari\/degerlendirme\/ceza-davalari-avukat-seda-kirac\/","name":"Ceza Davalar\u0131 - Av. Deniz Can K\u0131z\u0131l","isPartOf":{"@id":"https:\/\/denizcankizil.tr\/#website"},"primaryImageOfPage":{"@id":"https:\/\/denizcankizil.tr\/uk\/koseyazilari\/degerlendirme\/ceza-davalari-avukat-seda-kirac\/#primaryimage"},"image":{"@id":"https:\/\/denizcankizil.tr\/uk\/koseyazilari\/degerlendirme\/ceza-davalari-avukat-seda-kirac\/#primaryimage"},"thumbnailUrl":"https:\/\/denizcankizil.tr\/wp-content\/uploads\/2024\/11\/14923-ceza-davalari-avukat-seda-kirac.jpg","datePublished":"2024-11-09T09:56:31+00:00","dateModified":"2024-11-10T13:33:18+00:00","breadcrumb":{"@id":"https:\/\/denizcankizil.tr\/uk\/koseyazilari\/degerlendirme\/ceza-davalari-avukat-seda-kirac\/#breadcrumb"},"inLanguage":"en-GB","potentialAction":[{"@type":"ReadAction","target":["https:\/\/denizcankizil.tr\/uk\/koseyazilari\/degerlendirme\/ceza-davalari-avukat-seda-kirac\/"]}]},{"@type":"ImageObject","inLanguage":"en-GB","@id":"https:\/\/denizcankizil.tr\/uk\/koseyazilari\/degerlendirme\/ceza-davalari-avukat-seda-kirac\/#primaryimage","url":"https:\/\/denizcankizil.tr\/wp-content\/uploads\/2024\/11\/14923-ceza-davalari-avukat-seda-kirac.jpg","contentUrl":"https:\/\/denizcankizil.tr\/wp-content\/uploads\/2024\/11\/14923-ceza-davalari-avukat-seda-kirac.jpg","width":790,"height":527,"caption":"Ceza Davalar\u0131 &#8211; Avukat Seda K\u0131ra\u00e7"},{"@type":"BreadcrumbList","@id":"https:\/\/denizcankizil.tr\/uk\/koseyazilari\/degerlendirme\/ceza-davalari-avukat-seda-kirac\/#breadcrumb","itemListElement":[{"@type":"ListItem","position":1,"name":"Home","item":"https:\/\/denizcankizil.tr\/de\/"},{"@type":"ListItem","position":2,"name":"Ceza Davalar\u0131"}]},{"@type":"WebSite","@id":"https:\/\/denizcankizil.tr\/#website","url":"https:\/\/denizcankizil.tr\/","name":"Av. Deniz Can K\u0131z\u0131l","description":"Avukat Deniz Can K\u0131z\u0131l Antalya Barosu","publisher":{"@id":"https:\/\/denizcankizil.tr\/#organization"},"potentialAction":[{"@type":"SearchAction","target":{"@type":"EntryPoint","urlTemplate":"https:\/\/denizcankizil.tr\/?s={search_term_string}"},"query-input":{"@type":"PropertyValueSpecification","valueRequired":true,"valueName":"search_term_string"}}],"inLanguage":"en-GB"},{"@type":"Organization","@id":"https:\/\/denizcankizil.tr\/#organization","name":"Av. Deniz Can K\u0131z\u0131l","url":"https:\/\/denizcankizil.tr\/","logo":{"@type":"ImageObject","inLanguage":"en-GB","@id":"https:\/\/denizcankizil.tr\/#\/schema\/logo\/image\/","url":"https:\/\/denizcankizil.tr\/wp-content\/uploads\/2024\/10\/siyah-logo-svg.svg","contentUrl":"https:\/\/denizcankizil.tr\/wp-content\/uploads\/2024\/10\/siyah-logo-svg.svg","width":1080,"height":1080,"caption":"Av. Deniz Can K\u0131z\u0131l"},"image":{"@id":"https:\/\/denizcankizil.tr\/#\/schema\/logo\/image\/"}},{"@type":"Person","@id":"https:\/\/denizcankizil.tr\/#\/schema\/person\/5dc1b22991bd7ac833867c10afc9b0ff","name":"Av. Deniz Can K\u0131z\u0131l","image":{"@type":"ImageObject","inLanguage":"en-GB","@id":"https:\/\/denizcankizil.tr\/#\/schema\/person\/image\/","url":"https:\/\/secure.gravatar.com\/avatar\/a0b128fb9855c79efc976d5640eedb31dc35ec297594d6016d2cf7c60e975bb6?s=96&d=mm&r=g","contentUrl":"https:\/\/secure.gravatar.com\/avatar\/a0b128fb9855c79efc976d5640eedb31dc35ec297594d6016d2cf7c60e975bb6?s=96&d=mm&r=g","caption":"Av. Deniz Can K\u0131z\u0131l"},"sameAs":["http:\/\/www.denizcankizil.tr"],"url":"https:\/\/denizcankizil.tr\/en\/author\/denizcankizil\/"}]}},"_links":{"self":[{"href":"https:\/\/denizcankizil.tr\/en\/wp-json\/wp\/v2\/posts\/14923","targetHints":{"allow":["GET"]}}],"collection":[{"href":"https:\/\/denizcankizil.tr\/en\/wp-json\/wp\/v2\/posts"}],"about":[{"href":"https:\/\/denizcankizil.tr\/en\/wp-json\/wp\/v2\/types\/post"}],"author":[{"embeddable":true,"href":"https:\/\/denizcankizil.tr\/en\/wp-json\/wp\/v2\/users\/4"}],"replies":[{"embeddable":true,"href":"https:\/\/denizcankizil.tr\/en\/wp-json\/wp\/v2\/comments?post=14923"}],"version-history":[{"count":2,"href":"https:\/\/denizcankizil.tr\/en\/wp-json\/wp\/v2\/posts\/14923\/revisions"}],"predecessor-version":[{"id":15202,"href":"https:\/\/denizcankizil.tr\/en\/wp-json\/wp\/v2\/posts\/14923\/revisions\/15202"}],"wp:featuredmedia":[{"embeddable":true,"href":"https:\/\/denizcankizil.tr\/en\/wp-json\/wp\/v2\/media\/14924"}],"wp:attachment":[{"href":"https:\/\/denizcankizil.tr\/en\/wp-json\/wp\/v2\/media?parent=14923"}],"wp:term":[{"taxonomy":"category","embeddable":true,"href":"https:\/\/denizcankizil.tr\/en\/wp-json\/wp\/v2\/categories?post=14923"},{"taxonomy":"post_tag","embeddable":true,"href":"https:\/\/denizcankizil.tr\/en\/wp-json\/wp\/v2\/tags?post=14923"}],"curies":[{"name":"wp","href":"https:\/\/api.w.org\/{rel}","templated":true}]}}