{"id":148881,"date":"2025-07-17T15:41:16","date_gmt":"2025-07-17T12:41:16","guid":{"rendered":"https:\/\/denizcankizil.tr\/uncategorized-tr\/antalya-muzesiyle-ilgili-sok-iddia-deprem-performans-raporu-yok\/"},"modified":"2025-07-17T15:41:16","modified_gmt":"2025-07-17T12:41:16","slug":"antalya-muzesiyle-ilgili-sok-iddia-deprem-performans-raporu-yok","status":"publish","type":"post","link":"https:\/\/denizcankizil.tr\/en\/haberler\/gundem\/antalya-muzesiyle-ilgili-sok-iddia-deprem-performans-raporu-yok\/","title":{"rendered":"Antalya M\u00fczesiyle ilgili \u015fok iddia: \u201cDeprem performans raporu yok\u201d"},"content":{"rendered":"<p>Antalya M\u00fczesi, depreme dayan\u0131ks\u0131z oldu\u011fu iddias\u0131yla y\u0131k\u0131m karar\u0131 al\u0131nd\u0131. Akademik baz\u0131 meslek \u00f6rg\u00fctleri m\u00fczenin depreme dayan\u0131ks\u0131z ise deprem performans raporunun kamuoyuyla payla\u015f\u0131lmas\u0131n\u0131 istedi. K\u00fclt\u00fcr ve Turizm Bakanl\u0131\u011f\u0131 o raporu hen\u00fcz payla\u015fmad\u0131. Antalya M\u00fcze \u00c7al\u0131\u015fma Grubu bile\u015fenleri bug\u00fcn \u0130n\u015faat M\u00fchendisleri Odas\u0131\u2019nda bas\u0131n toplant\u0131s\u0131 d\u00fczenledi. Bas\u0131n toplant\u0131s\u0131nda a\u00e7\u0131klamay\u0131 okuyan \u0130n\u015faat M\u00fchendisleri Odas\u0131 Antalya \u015eube Ba\u015fkan\u0131 Mehmet Soner Akdo\u011fan, m\u00fczeyle ilgili iddia edilen deprem gerek\u00e7esinin t\u00fcm \u015feffafl\u0131\u011f\u0131yla a\u00e7\u0131klanmamas\u0131na tepki g\u00f6sterdi. Akdo\u011fan istenilmesi halinde meslek odas\u0131 olarak deprem performans raporunun kendileri taraf\u0131ndan haz\u0131rlanabilece\u011fine dikkat \u00e7ekti.<\/p>\n<p>GELECE\u011eE SIRTIMIZI D\u00d6NMEYECE\u011e\u0130Z!<\/p>\n<p>Antalya M\u00fczesi\u2019nin y\u0131k\u0131m karar\u0131n\u0131n ard\u0131ndan M\u00fcze \u00c7al\u0131\u015fma Gurubu bug\u00fcn \u0130n\u015faat M\u00fchendisleri Odas\u0131\u2019nda bir araya geldi. Toplant\u0131ya Jeoloji M\u00fchendisleri Odas\u0131 Antalya \u015eube Ba\u015fkan\u0131 Mustafa Karanc\u0131 ile \u00e7ok say\u0131da akademisyen kat\u0131ld\u0131. D\u00fczenlenen bas\u0131n toplant\u0131s\u0131nda a\u00e7\u0131klamalarda bulunan \u0130n\u015faat M\u00fchendisleri Odas\u0131 Antalya \u015eube Ba\u015fkan\u0131 Mehmet Soner Akdo\u011fan, \u201cAntalya Arkeoloji M\u00fczesi&#8217;ne ili\u015fkin haz\u0131rlanan t\u00fcm deprem analiz raporlar\u0131 ve de\u011ferlendirme belgeleri ivedilikle kamuoyuyla payla\u015f\u0131lmal\u0131d\u0131r. E\u011fer yap\u0131 depreme kar\u015f\u0131 yetersiz bulunmu\u015fsa, modern ve yenilik\u00e7i g\u00fc\u00e7lendirme y\u00f6ntemleri de\u011ferlendirilerek m\u00fczenin korunmas\u0131 sa\u011flanmal\u0131d\u0131r. Bu topraklar\u0131n tarihine ve k\u00fclt\u00fcrel miras\u0131na olan borcumuzu yerine getirmek, ge\u00e7mi\u015fimize sahip \u00e7\u0131kmakla m\u00fcmk\u00fcnd\u00fcr. Antalya Arkeoloji M\u00fczesi, sadece bir bina de\u011fil, bir bellektir. O belle\u011fi y\u0131kmak, gelece\u011fe s\u0131rt\u0131m\u0131z\u0131 d\u00f6nmektir. Bizler s\u0131rt\u0131m\u0131z\u0131 d\u00f6nmeyece\u011fiz\u201d dedi.<\/p>\n<p>DEPREME DAYANIKSIZ \u0130DD\u0130ASI\u2026<\/p>\n<p>\u201cAntalya Arkeoloji M\u00fczesi&#8217;nin y\u0131k\u0131lmas\u0131 y\u00f6n\u00fcnde al\u0131nan karar, sadece kentimizin de\u011fil, \u00fclkemizin k\u00fclt\u00fcrel miras\u0131na ciddi bir tehdit olu\u015fturmaktad\u0131r. Bu s\u00fcre\u00e7te kamuoyunu yak\u0131ndan ilgilendiren bu karara kar\u015f\u0131, \u00e7ok say\u0131da meslek \u00f6rg\u00fct\u00fc, uzmanl\u0131k disiplini ve sivil toplum kurulu\u015fu ortak a\u00e7\u0131klamalar yaparak s\u00f6z konusu yap\u0131n\u0131n korunmas\u0131 gerekti\u011fini defalarca dile getirmi\u015ftir\u201d \u015feklinde a\u00e7\u0131klamalar\u0131n\u0131 s\u00fcrd\u00fcren Mehmet Soner Akdo\u011fan, \u201cAncak 11 Temmuz 2025 tarihinde, Antalya \u0130l K\u00fclt\u00fcr ve Turizm M\u00fcd\u00fcrl\u00fc\u011f\u00fc taraf\u0131ndan yap\u0131lan resmi a\u00e7\u0131klamada, y\u0131k\u0131m karar\u0131n\u0131n gerek\u00e7esi olarak yap\u0131n\u0131n depreme dayan\u0131ks\u0131z oldu\u011fu ifade edilmi\u015ftir. Bir yap\u0131n\u0131n yaln\u0131zca &#8220;depreme dayan\u0131ks\u0131z&#8221; oldu\u011fu gerek\u00e7esiyle y\u0131k\u0131lmas\u0131, \u00f6zellikle kamusal ve k\u00fclt\u00fcrel \u00f6neme sahip bir yap\u0131 s\u00f6z konusu oldu\u011funda, ne etik ne de teknik a\u00e7\u0131dan kabul edilebilir bir yakla\u015f\u0131md\u0131r. Depreme kar\u015f\u0131 dayan\u0131m yetersizli\u011fi, \u00f6ncelikle g\u00fc\u00e7lendirme alternatiflerinin de\u011ferlendirilmesini ve uygulanabilirli\u011fini g\u00fcndeme getirmelidir\u201d dedi.<\/p>\n<p>B\u0130L\u0130MSEL VE TEKN\u0130K TEMELLERDEN YOKSUN\u2026<\/p>\n<p>\u0130MO\u2019ya ula\u015fan belgelere g\u00f6re yap\u0131yla ilgili sadece karot ve r\u00f6ntgen \u00e7al\u0131\u015fmas\u0131 yap\u0131ld\u0131\u011f\u0131n\u0131 ifade eden Ba\u015fkan Akdo\u011fan, \u201cBu \u00e7al\u0131\u015fmalar, yap\u0131da kullan\u0131lan malzemenin \u00f6zelliklerini belirlemeye y\u00f6nelik olup, tek ba\u015f\u0131na yap\u0131n\u0131n genel deprem performans\u0131n\u0131 ortaya koymak i\u00e7in yetersizdir. Bu durum, y\u0131k\u0131m karar\u0131n\u0131n bilimsel ve teknik temellerden yoksun, kamuoyunun bilgi alma hakk\u0131n\u0131 ihlal eden bir yakla\u015f\u0131mla al\u0131nd\u0131\u011f\u0131n\u0131 d\u00fc\u015f\u00fcnd\u00fcrmektedir. E\u011fer ger\u00e7ekten kapsaml\u0131 bir deprem performans raporu haz\u0131rlanm\u0131\u015fsa, bu raporun t\u00fcm detaylar\u0131yla kamuoyuna sunulmas\u0131 zorunludur. Aksi takdirde, yaln\u0131zca s\u0131n\u0131rl\u0131 birka\u00e7 test sonucuna dayanarak b\u00f6yle \u00f6nemli bir k\u00fclt\u00fcr varl\u0131\u011f\u0131n\u0131n yok edilmesi kabul edilemez\u201d ifadelerine yer verdi.<\/p>\n<p>TUR\u0130ZME BALTA VURULDU!<\/p>\n<p>Antalya M\u00fczesi d\u00fcn itibariyle ziyaret\u00e7ilere kap\u0131lar\u0131n\u0131 kapatt\u0131. Y\u0131lda ortalama 200 bin ziyaret\u00e7iyi a\u011f\u0131rlayan m\u00fczenin tur operat\u00f6rlerine bilgi verilmeksizin kapat\u0131ld\u0131\u011f\u0131na dikkat \u00e7ekildi. M\u00fczenin y\u0131k\u0131m karar\u0131n\u0131n iptali y\u00f6n\u00fcnde davan\u0131n a\u00e7\u0131ld\u0131\u011f\u0131 ifade edildi. M\u00fczenin kapat\u0131lma karar\u0131ndan 6 \u00f6nce tur operat\u00f6rlerine K\u00fclt\u00fcr ve Turizm Bakanl\u0131\u011f\u0131 taraf\u0131ndan bilgi verilmesi gerekiyordu. Bu nedenle aylar \u00f6ncesinden tur organizasyonu yapan baz\u0131 \u015firketlerinde bakanl\u0131k aleyhine ekonomik zarar nedeniyle dava a\u00e7abilece\u011fi iddia ediliyor.<\/p>\n<p>BAKANLI\u011eIN TOPLANTISINA DAVET ED\u0130LMED\u0130K!<\/p>\n<p>K\u00fclt\u00fcr Varl\u0131klar\u0131 ve M\u00fczeler Genel M\u00fcd\u00fcr\u00fc Birol \u0130ncecik\u00f6z, Antalya M\u00fczesi&#8217;nin konferans salonunda ger\u00e7ekle\u015ftirilen toplant\u0131da, m\u00fcze binas\u0131n\u0131n 2020&#8217;de yap\u0131lan incelemelerde riskli \u00e7\u0131kt\u0131\u011f\u0131n\u0131 dile getirmi\u015fti. \u0130ncelemelerde g\u00fc\u00e7lendirme yap\u0131lsa dahi, m\u00fczenin ihtiyac\u0131 kar\u015f\u0131lamayaca\u011f\u0131 sonucuna ula\u015ft\u0131klar\u0131n\u0131 belirten \u0130ncecik\u00f6z, yeni m\u00fcze i\u00e7in \u00e7al\u0131\u015fmalara ba\u015flad\u0131klar\u0131n\u0131 ifade ederek, Mimar Abdurrahman \u00c7ekim ise projenin detaylar\u0131na ili\u015fkin bilgilendirme yapm\u0131\u015ft\u0131. \u0130n\u015faat M\u00fchendisleri Odas\u0131 Antalya \u015eube Ba\u015fkan\u0131 Mehmet Soner Akdo\u011fan, d\u00fczenlenen o toplant\u0131ya davet edilmediklerini a\u00e7\u0131klad\u0131. Akdo\u011fan kendileri gibi \u00e7ok say\u0131da akademik meslek \u00f6rg\u00fct\u00fcn\u00fcn toplant\u0131ya davet edilmedi\u011fine dikkat \u00e7ekerek; \u201cDavet edilmedi\u011fimiz bu toplant\u0131da olan\u0131 biteni bas\u0131n kurulu\u015flar\u0131ndan \u00f6\u011frenebildik. Davet edilmi\u015f olsak g\u00f6r\u00fc\u015flerimizi o g\u00fcn orada a\u00e7\u0131klard\u0131k. \u015eimdi m\u00fczenin yan\u0131nda yer alan Meteoroloji B\u00f6lge M\u00fcd\u00fcrl\u00fc\u011f\u00fc binas\u0131 y\u0131k\u0131ld\u0131. Y\u0131k\u0131lan binan\u0131n yerine ne yap\u0131laca\u011f\u0131 konusunda resmi bir a\u00e7\u0131klama yok. Sadece sokak a\u011fz\u0131yla konu\u015fulanlar\u0131 duyuyoruz. Net bir bilgi alabilsek ona g\u00f6re hareket edece\u011fiz ve kamuoyuna do\u011fru bilgiler aktaraca\u011f\u0131z\u201d \u015feklinde konu\u015ftu.<\/p>\n<p>\u200bAntalya M\u00fczesi\u2019nin y\u0131k\u0131m karar\u0131na \u00fcst \u00fcste tepkiler gelmeye devam ediyor. Antalya M\u00fcze \u00c7al\u0131\u015fma Grubu Ad\u0131na \u0130n\u015faat M\u00fchendisleri Odas\u0131 Antalya \u015eube Ba\u015fkan\u0131 Mehmet Soner Akdo\u011fan, depreme dayan\u0131ks\u0131z oldu\u011fu gerek\u00e7esiyle y\u0131k\u0131m karar\u0131 al\u0131nan m\u00fczeyle ilgili olarak, \u201cDeprem performans raporu yok. Olmayan bir rapora ra\u011fmen m\u00fcze y\u0131k\u0131lmak isteniyor\u201d dedi.\u00a0<\/p>\n<p>\u200bHaberin Al\u0131nt\u0131land\u0131\u011f\u0131 Kaynak: www.antalyakorfez.com<\/p>","protected":false},"excerpt":{"rendered":"<p>Antalya M\u00fczesi, depreme dayan\u0131ks\u0131z oldu\u011fu iddias\u0131yla y\u0131k\u0131m karar\u0131 al\u0131nd\u0131. Akademik baz\u0131 meslek \u00f6rg\u00fctleri m\u00fczenin depreme dayan\u0131ks\u0131z ise deprem performans raporunun kamuoyuyla payla\u015f\u0131lmas\u0131n\u0131 istedi. K\u00fclt\u00fcr ve Turizm Bakanl\u0131\u011f\u0131 o raporu hen\u00fcz payla\u015fmad\u0131. Antalya M\u00fcze \u00c7al\u0131\u015fma Grubu bile\u015fenleri bug\u00fcn \u0130n\u015faat M\u00fchendisleri Odas\u0131\u2019nda bas\u0131n toplant\u0131s\u0131 d\u00fczenledi. Bas\u0131n toplant\u0131s\u0131nda a\u00e7\u0131klamay\u0131 okuyan \u0130n\u015faat M\u00fchendisleri Odas\u0131 Antalya \u015eube Ba\u015fkan\u0131 Mehmet Soner Akdo\u011fan, m\u00fczeyle ilgili iddia edilen deprem gerek\u00e7esinin t\u00fcm \u015feffafl\u0131\u011f\u0131yla a\u00e7\u0131klanmamas\u0131na tepki g\u00f6sterdi. Akdo\u011fan istenilmesi halinde meslek odas\u0131 olarak deprem performans raporunun kendileri taraf\u0131ndan haz\u0131rlanabilece\u011fine dikkat \u00e7ekti. GELECE\u011eE SIRTIMIZI D\u00d6NMEYECE\u011e\u0130Z! Antalya M\u00fczesi\u2019nin y\u0131k\u0131m karar\u0131n\u0131n ard\u0131ndan M\u00fcze \u00c7al\u0131\u015fma Gurubu bug\u00fcn \u0130n\u015faat M\u00fchendisleri Odas\u0131\u2019nda bir araya geldi. Toplant\u0131ya Jeoloji M\u00fchendisleri Odas\u0131 Antalya \u015eube Ba\u015fkan\u0131 Mustafa Karanc\u0131 ile \u00e7ok say\u0131da akademisyen kat\u0131ld\u0131. D\u00fczenlenen bas\u0131n toplant\u0131s\u0131nda a\u00e7\u0131klamalarda bulunan \u0130n\u015faat M\u00fchendisleri Odas\u0131 Antalya \u015eube Ba\u015fkan\u0131 Mehmet Soner Akdo\u011fan, \u201cAntalya Arkeoloji M\u00fczesi&#8217;ne ili\u015fkin haz\u0131rlanan t\u00fcm deprem analiz raporlar\u0131 ve de\u011ferlendirme belgeleri ivedilikle kamuoyuyla payla\u015f\u0131lmal\u0131d\u0131r. E\u011fer yap\u0131 depreme kar\u015f\u0131 yetersiz bulunmu\u015fsa, modern ve yenilik\u00e7i g\u00fc\u00e7lendirme y\u00f6ntemleri de\u011ferlendirilerek m\u00fczenin korunmas\u0131 sa\u011flanmal\u0131d\u0131r. Bu topraklar\u0131n tarihine ve k\u00fclt\u00fcrel miras\u0131na olan borcumuzu yerine getirmek, ge\u00e7mi\u015fimize sahip \u00e7\u0131kmakla m\u00fcmk\u00fcnd\u00fcr. Antalya Arkeoloji M\u00fczesi, sadece bir bina de\u011fil, bir bellektir. O belle\u011fi y\u0131kmak, gelece\u011fe s\u0131rt\u0131m\u0131z\u0131 d\u00f6nmektir. Bizler s\u0131rt\u0131m\u0131z\u0131 d\u00f6nmeyece\u011fiz\u201d dedi. DEPREME DAYANIKSIZ \u0130DD\u0130ASI\u2026 \u201cAntalya Arkeoloji M\u00fczesi&#8217;nin y\u0131k\u0131lmas\u0131 y\u00f6n\u00fcnde al\u0131nan karar, &hellip;<\/p>","protected":false},"author":5,"featured_media":0,"comment_status":"","ping_status":"open","sticky":false,"template":"","format":"standard","meta":{"_acf_changed":false,"footnotes":""},"categories":[24],"tags":[],"class_list":["post-148881","post","type-post","status-publish","format-standard","has-post-thumbnail","hentry","category-gundem"],"acf":[],"yoast_head":"<!-- This site is optimized with the Yoast SEO Premium plugin v26.6 (Yoast SEO v27.1.1) - https:\/\/yoast.com\/product\/yoast-seo-premium-wordpress\/ -->\n<title>Antalya M\u00fczesiyle ilgili \u015fok iddia: \u201cDeprem performans raporu yok\u201d - Av. Deniz Can K\u0131z\u0131l<\/title>\n<meta name=\"robots\" content=\"index, follow, max-snippet:-1, max-image-preview:large, max-video-preview:-1\" \/>\n<link rel=\"canonical\" href=\"https:\/\/denizcankizil.tr\/en\/haberler\/gundem\/antalya-muzesiyle-ilgili-sok-iddia-deprem-performans-raporu-yok\/\" \/>\n<meta property=\"og:locale\" content=\"en_GB\" \/>\n<meta property=\"og:type\" content=\"article\" \/>\n<meta property=\"og:title\" content=\"Antalya M\u00fczesiyle ilgili \u015fok iddia: \u201cDeprem performans raporu yok\u201d\" \/>\n<meta property=\"og:description\" content=\"Antalya M\u00fczesi, depreme dayan\u0131ks\u0131z oldu\u011fu iddias\u0131yla y\u0131k\u0131m karar\u0131 al\u0131nd\u0131. Akademik baz\u0131 meslek \u00f6rg\u00fctleri m\u00fczenin depreme dayan\u0131ks\u0131z ise deprem performans raporunun kamuoyuyla payla\u015f\u0131lmas\u0131n\u0131 istedi. K\u00fclt\u00fcr ve Turizm Bakanl\u0131\u011f\u0131 o raporu hen\u00fcz payla\u015fmad\u0131. Antalya M\u00fcze \u00c7al\u0131\u015fma Grubu bile\u015fenleri bug\u00fcn \u0130n\u015faat M\u00fchendisleri Odas\u0131\u2019nda bas\u0131n toplant\u0131s\u0131 d\u00fczenledi. Bas\u0131n toplant\u0131s\u0131nda a\u00e7\u0131klamay\u0131 okuyan \u0130n\u015faat M\u00fchendisleri Odas\u0131 Antalya \u015eube Ba\u015fkan\u0131 Mehmet Soner Akdo\u011fan, m\u00fczeyle ilgili iddia edilen deprem gerek\u00e7esinin t\u00fcm \u015feffafl\u0131\u011f\u0131yla a\u00e7\u0131klanmamas\u0131na tepki g\u00f6sterdi. Akdo\u011fan istenilmesi halinde meslek odas\u0131 olarak deprem performans raporunun kendileri taraf\u0131ndan haz\u0131rlanabilece\u011fine dikkat \u00e7ekti. GELECE\u011eE SIRTIMIZI D\u00d6NMEYECE\u011e\u0130Z! Antalya M\u00fczesi\u2019nin y\u0131k\u0131m karar\u0131n\u0131n ard\u0131ndan M\u00fcze \u00c7al\u0131\u015fma Gurubu bug\u00fcn \u0130n\u015faat M\u00fchendisleri Odas\u0131\u2019nda bir araya geldi. Toplant\u0131ya Jeoloji M\u00fchendisleri Odas\u0131 Antalya \u015eube Ba\u015fkan\u0131 Mustafa Karanc\u0131 ile \u00e7ok say\u0131da akademisyen kat\u0131ld\u0131. D\u00fczenlenen bas\u0131n toplant\u0131s\u0131nda a\u00e7\u0131klamalarda bulunan \u0130n\u015faat M\u00fchendisleri Odas\u0131 Antalya \u015eube Ba\u015fkan\u0131 Mehmet Soner Akdo\u011fan, \u201cAntalya Arkeoloji M\u00fczesi&#8217;ne ili\u015fkin haz\u0131rlanan t\u00fcm deprem analiz raporlar\u0131 ve de\u011ferlendirme belgeleri ivedilikle kamuoyuyla payla\u015f\u0131lmal\u0131d\u0131r. E\u011fer yap\u0131 depreme kar\u015f\u0131 yetersiz bulunmu\u015fsa, modern ve yenilik\u00e7i g\u00fc\u00e7lendirme y\u00f6ntemleri de\u011ferlendirilerek m\u00fczenin korunmas\u0131 sa\u011flanmal\u0131d\u0131r. Bu topraklar\u0131n tarihine ve k\u00fclt\u00fcrel miras\u0131na olan borcumuzu yerine getirmek, ge\u00e7mi\u015fimize sahip \u00e7\u0131kmakla m\u00fcmk\u00fcnd\u00fcr. Antalya Arkeoloji M\u00fczesi, sadece bir bina de\u011fil, bir bellektir. O belle\u011fi y\u0131kmak, gelece\u011fe s\u0131rt\u0131m\u0131z\u0131 d\u00f6nmektir. Bizler s\u0131rt\u0131m\u0131z\u0131 d\u00f6nmeyece\u011fiz\u201d dedi. DEPREME DAYANIKSIZ \u0130DD\u0130ASI\u2026 \u201cAntalya Arkeoloji M\u00fczesi&#8217;nin y\u0131k\u0131lmas\u0131 y\u00f6n\u00fcnde al\u0131nan karar, &hellip;\" \/>\n<meta property=\"og:url\" content=\"https:\/\/denizcankizil.tr\/en\/haberler\/gundem\/antalya-muzesiyle-ilgili-sok-iddia-deprem-performans-raporu-yok\/\" \/>\n<meta property=\"og:site_name\" content=\"Av. Deniz Can K\u0131z\u0131l\" \/>\n<meta property=\"article:published_time\" content=\"2025-07-17T12:41:16+00:00\" \/>\n<meta name=\"author\" content=\"Antalya K\u00f6rfez\" \/>\n<meta name=\"twitter:card\" content=\"summary_large_image\" \/>\n<meta name=\"twitter:label1\" content=\"Written by\" \/>\n\t<meta name=\"twitter:data1\" content=\"Antalya K\u00f6rfez\" \/>\n\t<meta name=\"twitter:label2\" content=\"Estimated reading time\" \/>\n\t<meta name=\"twitter:data2\" content=\"5 minutes\" \/>\n<script type=\"application\/ld+json\" class=\"yoast-schema-graph\">{\"@context\":\"https:\/\/schema.org\",\"@graph\":[{\"@type\":\"Article\",\"@id\":\"https:\/\/denizcankizil.tr\/de\/haberler\/gundem\/antalya-muzesiyle-ilgili-sok-iddia-deprem-performans-raporu-yok\/#article\",\"isPartOf\":{\"@id\":\"https:\/\/denizcankizil.tr\/de\/haberler\/gundem\/antalya-muzesiyle-ilgili-sok-iddia-deprem-performans-raporu-yok\/\"},\"author\":{\"name\":\"Antalya K\u00f6rfez\",\"@id\":\"https:\/\/denizcankizil.tr\/de\/#\/schema\/person\/e1eb71bb4dd684d46563f0af307e1234\"},\"headline\":\"Antalya M\u00fczesiyle ilgili \u015fok iddia: \u201cDeprem performans raporu yok\u201d\",\"datePublished\":\"2025-07-17T12:41:16+00:00\",\"mainEntityOfPage\":{\"@id\":\"https:\/\/denizcankizil.tr\/de\/haberler\/gundem\/antalya-muzesiyle-ilgili-sok-iddia-deprem-performans-raporu-yok\/\"},\"wordCount\":1046,\"publisher\":{\"@id\":\"https:\/\/denizcankizil.tr\/de\/#organization\"},\"articleSection\":[\"G\u00fcndem\"],\"inLanguage\":\"en-GB\"},{\"@type\":\"WebPage\",\"@id\":\"https:\/\/denizcankizil.tr\/de\/haberler\/gundem\/antalya-muzesiyle-ilgili-sok-iddia-deprem-performans-raporu-yok\/\",\"url\":\"https:\/\/denizcankizil.tr\/de\/haberler\/gundem\/antalya-muzesiyle-ilgili-sok-iddia-deprem-performans-raporu-yok\/\",\"name\":\"Antalya M\u00fczesiyle ilgili \u015fok iddia: \u201cDeprem performans raporu yok\u201d - Av. Deniz Can K\u0131z\u0131l\",\"isPartOf\":{\"@id\":\"https:\/\/denizcankizil.tr\/de\/#website\"},\"datePublished\":\"2025-07-17T12:41:16+00:00\",\"breadcrumb\":{\"@id\":\"https:\/\/denizcankizil.tr\/de\/haberler\/gundem\/antalya-muzesiyle-ilgili-sok-iddia-deprem-performans-raporu-yok\/#breadcrumb\"},\"inLanguage\":\"en-GB\",\"potentialAction\":[{\"@type\":\"ReadAction\",\"target\":[\"https:\/\/denizcankizil.tr\/de\/haberler\/gundem\/antalya-muzesiyle-ilgili-sok-iddia-deprem-performans-raporu-yok\/\"]}]},{\"@type\":\"BreadcrumbList\",\"@id\":\"https:\/\/denizcankizil.tr\/de\/haberler\/gundem\/antalya-muzesiyle-ilgili-sok-iddia-deprem-performans-raporu-yok\/#breadcrumb\",\"itemListElement\":[{\"@type\":\"ListItem\",\"position\":1,\"name\":\"Home\",\"item\":\"https:\/\/denizcankizil.tr\/de\/\"},{\"@type\":\"ListItem\",\"position\":2,\"name\":\"Antalya M\u00fczesiyle ilgili \u015fok iddia: \u201cDeprem performans raporu yok\u201d\"}]},{\"@type\":\"WebSite\",\"@id\":\"https:\/\/denizcankizil.tr\/de\/#website\",\"url\":\"https:\/\/denizcankizil.tr\/de\/\",\"name\":\"Av. Deniz Can K\u0131z\u0131l\",\"description\":\"Avukat Deniz Can K\u0131z\u0131l Antalya Barosu\",\"publisher\":{\"@id\":\"https:\/\/denizcankizil.tr\/de\/#organization\"},\"potentialAction\":[{\"@type\":\"SearchAction\",\"target\":{\"@type\":\"EntryPoint\",\"urlTemplate\":\"https:\/\/denizcankizil.tr\/de\/?s={search_term_string}\"},\"query-input\":{\"@type\":\"PropertyValueSpecification\",\"valueRequired\":true,\"valueName\":\"search_term_string\"}}],\"inLanguage\":\"en-GB\"},{\"@type\":\"Organization\",\"@id\":\"https:\/\/denizcankizil.tr\/de\/#organization\",\"name\":\"Av. Deniz Can K\u0131z\u0131l\",\"url\":\"https:\/\/denizcankizil.tr\/de\/\",\"logo\":{\"@type\":\"ImageObject\",\"inLanguage\":\"en-GB\",\"@id\":\"https:\/\/denizcankizil.tr\/de\/#\/schema\/logo\/image\/\",\"url\":\"https:\/\/denizcankizil.tr\/wp-content\/uploads\/2024\/10\/siyah-logo-svg.svg\",\"contentUrl\":\"https:\/\/denizcankizil.tr\/wp-content\/uploads\/2024\/10\/siyah-logo-svg.svg\",\"width\":1080,\"height\":1080,\"caption\":\"Av. Deniz Can K\u0131z\u0131l\"},\"image\":{\"@id\":\"https:\/\/denizcankizil.tr\/de\/#\/schema\/logo\/image\/\"}},{\"@type\":\"Person\",\"@id\":\"https:\/\/denizcankizil.tr\/de\/#\/schema\/person\/e1eb71bb4dd684d46563f0af307e1234\",\"name\":\"Antalya K\u00f6rfez\",\"image\":{\"@type\":\"ImageObject\",\"inLanguage\":\"en-GB\",\"@id\":\"https:\/\/denizcankizil.tr\/de\/#\/schema\/person\/image\/\",\"url\":\"https:\/\/secure.gravatar.com\/avatar\/42b01982558a48a0b501fdcab6a408d3717ea5919095ee2e67b0e521799c5905?s=96&d=mm&r=g\",\"contentUrl\":\"https:\/\/secure.gravatar.com\/avatar\/42b01982558a48a0b501fdcab6a408d3717ea5919095ee2e67b0e521799c5905?s=96&d=mm&r=g\",\"caption\":\"Antalya K\u00f6rfez\"},\"sameAs\":[\"http:\/\/www.antalyakorfez.com\"],\"url\":\"https:\/\/www.antalyakorfez.com\/antalya-muzesiyle-ilgili-sok-iddia-deprem-performans-raporu-yok\"}]}<\/script>\n<!-- \/ Yoast SEO Premium plugin. -->","yoast_head_json":{"title":"Antalya M\u00fczesiyle ilgili \u015fok iddia: \u201cDeprem performans raporu yok\u201d - Av. Deniz Can K\u0131z\u0131l","robots":{"index":"index","follow":"follow","max-snippet":"max-snippet:-1","max-image-preview":"max-image-preview:large","max-video-preview":"max-video-preview:-1"},"canonical":"https:\/\/denizcankizil.tr\/en\/haberler\/gundem\/antalya-muzesiyle-ilgili-sok-iddia-deprem-performans-raporu-yok\/","og_locale":"en_GB","og_type":"article","og_title":"Antalya M\u00fczesiyle ilgili \u015fok iddia: \u201cDeprem performans raporu yok\u201d","og_description":"Antalya M\u00fczesi, depreme dayan\u0131ks\u0131z oldu\u011fu iddias\u0131yla y\u0131k\u0131m karar\u0131 al\u0131nd\u0131. Akademik baz\u0131 meslek \u00f6rg\u00fctleri m\u00fczenin depreme dayan\u0131ks\u0131z ise deprem performans raporunun kamuoyuyla payla\u015f\u0131lmas\u0131n\u0131 istedi. K\u00fclt\u00fcr ve Turizm Bakanl\u0131\u011f\u0131 o raporu hen\u00fcz payla\u015fmad\u0131. Antalya M\u00fcze \u00c7al\u0131\u015fma Grubu bile\u015fenleri bug\u00fcn \u0130n\u015faat M\u00fchendisleri Odas\u0131\u2019nda bas\u0131n toplant\u0131s\u0131 d\u00fczenledi. Bas\u0131n toplant\u0131s\u0131nda a\u00e7\u0131klamay\u0131 okuyan \u0130n\u015faat M\u00fchendisleri Odas\u0131 Antalya \u015eube Ba\u015fkan\u0131 Mehmet Soner Akdo\u011fan, m\u00fczeyle ilgili iddia edilen deprem gerek\u00e7esinin t\u00fcm \u015feffafl\u0131\u011f\u0131yla a\u00e7\u0131klanmamas\u0131na tepki g\u00f6sterdi. Akdo\u011fan istenilmesi halinde meslek odas\u0131 olarak deprem performans raporunun kendileri taraf\u0131ndan haz\u0131rlanabilece\u011fine dikkat \u00e7ekti. GELECE\u011eE SIRTIMIZI D\u00d6NMEYECE\u011e\u0130Z! Antalya M\u00fczesi\u2019nin y\u0131k\u0131m karar\u0131n\u0131n ard\u0131ndan M\u00fcze \u00c7al\u0131\u015fma Gurubu bug\u00fcn \u0130n\u015faat M\u00fchendisleri Odas\u0131\u2019nda bir araya geldi. Toplant\u0131ya Jeoloji M\u00fchendisleri Odas\u0131 Antalya \u015eube Ba\u015fkan\u0131 Mustafa Karanc\u0131 ile \u00e7ok say\u0131da akademisyen kat\u0131ld\u0131. D\u00fczenlenen bas\u0131n toplant\u0131s\u0131nda a\u00e7\u0131klamalarda bulunan \u0130n\u015faat M\u00fchendisleri Odas\u0131 Antalya \u015eube Ba\u015fkan\u0131 Mehmet Soner Akdo\u011fan, \u201cAntalya Arkeoloji M\u00fczesi&#8217;ne ili\u015fkin haz\u0131rlanan t\u00fcm deprem analiz raporlar\u0131 ve de\u011ferlendirme belgeleri ivedilikle kamuoyuyla payla\u015f\u0131lmal\u0131d\u0131r. E\u011fer yap\u0131 depreme kar\u015f\u0131 yetersiz bulunmu\u015fsa, modern ve yenilik\u00e7i g\u00fc\u00e7lendirme y\u00f6ntemleri de\u011ferlendirilerek m\u00fczenin korunmas\u0131 sa\u011flanmal\u0131d\u0131r. Bu topraklar\u0131n tarihine ve k\u00fclt\u00fcrel miras\u0131na olan borcumuzu yerine getirmek, ge\u00e7mi\u015fimize sahip \u00e7\u0131kmakla m\u00fcmk\u00fcnd\u00fcr. Antalya Arkeoloji M\u00fczesi, sadece bir bina de\u011fil, bir bellektir. O belle\u011fi y\u0131kmak, gelece\u011fe s\u0131rt\u0131m\u0131z\u0131 d\u00f6nmektir. Bizler s\u0131rt\u0131m\u0131z\u0131 d\u00f6nmeyece\u011fiz\u201d dedi. DEPREME DAYANIKSIZ \u0130DD\u0130ASI\u2026 \u201cAntalya Arkeoloji M\u00fczesi&#8217;nin y\u0131k\u0131lmas\u0131 y\u00f6n\u00fcnde al\u0131nan karar, &hellip;","og_url":"https:\/\/denizcankizil.tr\/en\/haberler\/gundem\/antalya-muzesiyle-ilgili-sok-iddia-deprem-performans-raporu-yok\/","og_site_name":"Av. Deniz Can K\u0131z\u0131l","article_published_time":"2025-07-17T12:41:16+00:00","author":"Antalya K\u00f6rfez","twitter_card":"summary_large_image","twitter_misc":{"Written by":"Antalya K\u00f6rfez","Estimated reading time":"5 minutes"},"schema":{"@context":"https:\/\/schema.org","@graph":[{"@type":"Article","@id":"https:\/\/denizcankizil.tr\/de\/haberler\/gundem\/antalya-muzesiyle-ilgili-sok-iddia-deprem-performans-raporu-yok\/#article","isPartOf":{"@id":"https:\/\/denizcankizil.tr\/de\/haberler\/gundem\/antalya-muzesiyle-ilgili-sok-iddia-deprem-performans-raporu-yok\/"},"author":{"name":"Antalya K\u00f6rfez","@id":"https:\/\/denizcankizil.tr\/de\/#\/schema\/person\/e1eb71bb4dd684d46563f0af307e1234"},"headline":"Antalya M\u00fczesiyle ilgili \u015fok iddia: \u201cDeprem performans raporu yok\u201d","datePublished":"2025-07-17T12:41:16+00:00","mainEntityOfPage":{"@id":"https:\/\/denizcankizil.tr\/de\/haberler\/gundem\/antalya-muzesiyle-ilgili-sok-iddia-deprem-performans-raporu-yok\/"},"wordCount":1046,"publisher":{"@id":"https:\/\/denizcankizil.tr\/de\/#organization"},"articleSection":["G\u00fcndem"],"inLanguage":"en-GB"},{"@type":"WebPage","@id":"https:\/\/denizcankizil.tr\/de\/haberler\/gundem\/antalya-muzesiyle-ilgili-sok-iddia-deprem-performans-raporu-yok\/","url":"https:\/\/denizcankizil.tr\/de\/haberler\/gundem\/antalya-muzesiyle-ilgili-sok-iddia-deprem-performans-raporu-yok\/","name":"Antalya M\u00fczesiyle ilgili \u015fok iddia: \u201cDeprem performans raporu yok\u201d - Av. Deniz Can K\u0131z\u0131l","isPartOf":{"@id":"https:\/\/denizcankizil.tr\/de\/#website"},"datePublished":"2025-07-17T12:41:16+00:00","breadcrumb":{"@id":"https:\/\/denizcankizil.tr\/de\/haberler\/gundem\/antalya-muzesiyle-ilgili-sok-iddia-deprem-performans-raporu-yok\/#breadcrumb"},"inLanguage":"en-GB","potentialAction":[{"@type":"ReadAction","target":["https:\/\/denizcankizil.tr\/de\/haberler\/gundem\/antalya-muzesiyle-ilgili-sok-iddia-deprem-performans-raporu-yok\/"]}]},{"@type":"BreadcrumbList","@id":"https:\/\/denizcankizil.tr\/de\/haberler\/gundem\/antalya-muzesiyle-ilgili-sok-iddia-deprem-performans-raporu-yok\/#breadcrumb","itemListElement":[{"@type":"ListItem","position":1,"name":"Home","item":"https:\/\/denizcankizil.tr\/de\/"},{"@type":"ListItem","position":2,"name":"Antalya M\u00fczesiyle ilgili \u015fok iddia: \u201cDeprem performans raporu yok\u201d"}]},{"@type":"WebSite","@id":"https:\/\/denizcankizil.tr\/de\/#website","url":"https:\/\/denizcankizil.tr\/de\/","name":"Av. Deniz Can K\u0131z\u0131l","description":"Avukat Deniz Can K\u0131z\u0131l Antalya Barosu","publisher":{"@id":"https:\/\/denizcankizil.tr\/de\/#organization"},"potentialAction":[{"@type":"SearchAction","target":{"@type":"EntryPoint","urlTemplate":"https:\/\/denizcankizil.tr\/de\/?s={search_term_string}"},"query-input":{"@type":"PropertyValueSpecification","valueRequired":true,"valueName":"search_term_string"}}],"inLanguage":"en-GB"},{"@type":"Organization","@id":"https:\/\/denizcankizil.tr\/de\/#organization","name":"Av. Deniz Can K\u0131z\u0131l","url":"https:\/\/denizcankizil.tr\/de\/","logo":{"@type":"ImageObject","inLanguage":"en-GB","@id":"https:\/\/denizcankizil.tr\/de\/#\/schema\/logo\/image\/","url":"https:\/\/denizcankizil.tr\/wp-content\/uploads\/2024\/10\/siyah-logo-svg.svg","contentUrl":"https:\/\/denizcankizil.tr\/wp-content\/uploads\/2024\/10\/siyah-logo-svg.svg","width":1080,"height":1080,"caption":"Av. Deniz Can K\u0131z\u0131l"},"image":{"@id":"https:\/\/denizcankizil.tr\/de\/#\/schema\/logo\/image\/"}},{"@type":"Person","@id":"https:\/\/denizcankizil.tr\/de\/#\/schema\/person\/e1eb71bb4dd684d46563f0af307e1234","name":"Antalya K\u00f6rfez","image":{"@type":"ImageObject","inLanguage":"en-GB","@id":"https:\/\/denizcankizil.tr\/de\/#\/schema\/person\/image\/","url":"https:\/\/secure.gravatar.com\/avatar\/42b01982558a48a0b501fdcab6a408d3717ea5919095ee2e67b0e521799c5905?s=96&d=mm&r=g","contentUrl":"https:\/\/secure.gravatar.com\/avatar\/42b01982558a48a0b501fdcab6a408d3717ea5919095ee2e67b0e521799c5905?s=96&d=mm&r=g","caption":"Antalya K\u00f6rfez"},"sameAs":["http:\/\/www.antalyakorfez.com"],"url":"https:\/\/www.antalyakorfez.com\/antalya-muzesiyle-ilgili-sok-iddia-deprem-performans-raporu-yok"}]}},"_links":{"self":[{"href":"https:\/\/denizcankizil.tr\/en\/wp-json\/wp\/v2\/posts\/148881","targetHints":{"allow":["GET"]}}],"collection":[{"href":"https:\/\/denizcankizil.tr\/en\/wp-json\/wp\/v2\/posts"}],"about":[{"href":"https:\/\/denizcankizil.tr\/en\/wp-json\/wp\/v2\/types\/post"}],"author":[{"embeddable":true,"href":"https:\/\/denizcankizil.tr\/en\/wp-json\/wp\/v2\/users\/5"}],"replies":[{"embeddable":true,"href":"https:\/\/denizcankizil.tr\/en\/wp-json\/wp\/v2\/comments?post=148881"}],"version-history":[{"count":0,"href":"https:\/\/denizcankizil.tr\/en\/wp-json\/wp\/v2\/posts\/148881\/revisions"}],"wp:attachment":[{"href":"https:\/\/denizcankizil.tr\/en\/wp-json\/wp\/v2\/media?parent=148881"}],"wp:term":[{"taxonomy":"category","embeddable":true,"href":"https:\/\/denizcankizil.tr\/en\/wp-json\/wp\/v2\/categories?post=148881"},{"taxonomy":"post_tag","embeddable":true,"href":"https:\/\/denizcankizil.tr\/en\/wp-json\/wp\/v2\/tags?post=148881"}],"curies":[{"name":"wp","href":"https:\/\/api.w.org\/{rel}","templated":true}]}}