{"id":148026,"date":"2025-07-16T18:41:15","date_gmt":"2025-07-16T15:41:15","guid":{"rendered":"https:\/\/denizcankizil.tr\/uncategorized-tr\/antalyada-yerlesik-yasayan-kanadali-evinde-olu-bulundu\/"},"modified":"2025-07-16T18:41:15","modified_gmt":"2025-07-16T15:41:15","slug":"antalyada-yerlesik-yasayan-kanadali-evinde-olu-bulundu","status":"publish","type":"post","link":"https:\/\/denizcankizil.tr\/en\/haberler\/antalya\/antalyada-yerlesik-yasayan-kanadali-evinde-olu-bulundu\/","title":{"rendered":"Antalya\u2019da Yerle\u015fik Ya\u015fayan Kanadal\u0131 Evinde \u00d6l\u00fc Bulundu"},"content":{"rendered":"<p>ANTALYA&#8217;n\u0131n Alanya il\u00e7esinde yerle\u015fik ya\u015fayan Kanada vatanda\u015f\u0131 Mazen Hazouri (52), evinde \u00f6l\u00fc bulundu.<\/p>\n<p>Saray Mahallesi Akmanlar Sokak\u2019taki bir apartmandaki dairesinde tek ba\u015f\u0131na kald\u0131\u011f\u0131 \u00f6\u011frenilen Mazen Hazouri&#8217;nin uzun s\u00fcre evden \u00e7\u0131kmamas\u0131 \u00fczerine arkada\u015flar\u0131 durumdan \u015f\u00fcphelendi. 112 Acil \u00c7a\u011fr\u0131 Merkezi&#8217;ne ihbarda bulunan Hazouri&#8217;nin arkada\u015flar\u0131 polis e\u015fli\u011finde daireye girdi. Hazouri salonda hareketsiz yatarken bulundu. Bunun \u00fczerine adrese sa\u011fl\u0131k ekibi sevk edildi. Sa\u011fl\u0131k ekibi yapt\u0131\u011f\u0131 kontrolde, Hazouri&#8217;nin hayat\u0131n\u0131 kaybetti\u011fini belirledi. Olay yeri ekibinin incelemesinin ard\u0131ndan Hazouri&#8217;nin cans\u0131z bedeni kesin \u00f6l\u00fcm nedeninin belirlenmesi amac\u0131yla Alanya Belediye Morgu&#8217;na g\u00f6t\u00fcr\u00fcld\u00fc.<\/p>\n<p>Polis, olayla ilgili soru\u015fturma ba\u015flatt\u0131.<\/p>\n<p>Kaynak: www.kanalv.com.tr Haber Sitesinden Al\u0131nm\u0131\u015ft\u0131r.<\/p>","protected":false},"excerpt":{"rendered":"<p>ANTALYA&#8217;n\u0131n Alanya il\u00e7esinde yerle\u015fik ya\u015fayan Kanada vatanda\u015f\u0131 Mazen Hazouri (52), evinde \u00f6l\u00fc bulundu. Saray Mahallesi Akmanlar Sokak\u2019taki bir apartmandaki dairesinde tek ba\u015f\u0131na kald\u0131\u011f\u0131 \u00f6\u011frenilen Mazen Hazouri&#8217;nin uzun s\u00fcre evden \u00e7\u0131kmamas\u0131 \u00fczerine arkada\u015flar\u0131 durumdan \u015f\u00fcphelendi. 112 Acil \u00c7a\u011fr\u0131 Merkezi&#8217;ne ihbarda bulunan Hazouri&#8217;nin arkada\u015flar\u0131 polis e\u015fli\u011finde daireye girdi. Hazouri salonda hareketsiz yatarken bulundu. Bunun \u00fczerine adrese sa\u011fl\u0131k ekibi sevk edildi. Sa\u011fl\u0131k ekibi yapt\u0131\u011f\u0131 kontrolde, Hazouri&#8217;nin hayat\u0131n\u0131 kaybetti\u011fini belirledi. Olay yeri ekibinin incelemesinin ard\u0131ndan Hazouri&#8217;nin cans\u0131z bedeni kesin \u00f6l\u00fcm nedeninin belirlenmesi amac\u0131yla Alanya Belediye Morgu&#8217;na g\u00f6t\u00fcr\u00fcld\u00fc. Polis, olayla ilgili soru\u015fturma ba\u015flatt\u0131. Kaynak: www.kanalv.com.tr Haber Sitesinden Al\u0131nm\u0131\u015ft\u0131r.<\/p>","protected":false},"author":4,"featured_media":148027,"comment_status":"","ping_status":"open","sticky":false,"template":"","format":"standard","meta":{"_acf_changed":false,"footnotes":""},"categories":[26],"tags":[],"class_list":["post-148026","post","type-post","status-publish","format-standard","has-post-thumbnail","hentry","category-antalya"],"acf":[],"yoast_head":"<!-- This site is optimized with the Yoast SEO Premium plugin v26.6 (Yoast SEO v27.1.1) - https:\/\/yoast.com\/product\/yoast-seo-premium-wordpress\/ -->\n<title>Antalya\u2019da Yerle\u015fik Ya\u015fayan Kanadal\u0131 Evinde \u00d6l\u00fc Bulundu - Av. Deniz Can K\u0131z\u0131l<\/title>\n<meta name=\"robots\" content=\"index, follow, max-snippet:-1, max-image-preview:large, max-video-preview:-1\" \/>\n<link rel=\"canonical\" href=\"https:\/\/denizcankizil.tr\/en\/haberler\/antalya\/antalyada-yerlesik-yasayan-kanadali-evinde-olu-bulundu\/\" \/>\n<meta property=\"og:locale\" content=\"en_GB\" \/>\n<meta property=\"og:type\" content=\"article\" \/>\n<meta property=\"og:title\" content=\"Antalya\u2019da Yerle\u015fik Ya\u015fayan Kanadal\u0131 Evinde \u00d6l\u00fc Bulundu\" \/>\n<meta property=\"og:description\" content=\"ANTALYA&#8217;n\u0131n Alanya il\u00e7esinde yerle\u015fik ya\u015fayan Kanada vatanda\u015f\u0131 Mazen Hazouri (52), evinde \u00f6l\u00fc bulundu. Saray Mahallesi Akmanlar Sokak\u2019taki bir apartmandaki dairesinde tek ba\u015f\u0131na kald\u0131\u011f\u0131 \u00f6\u011frenilen Mazen Hazouri&#8217;nin uzun s\u00fcre evden \u00e7\u0131kmamas\u0131 \u00fczerine arkada\u015flar\u0131 durumdan \u015f\u00fcphelendi. 112 Acil \u00c7a\u011fr\u0131 Merkezi&#8217;ne ihbarda bulunan Hazouri&#8217;nin arkada\u015flar\u0131 polis e\u015fli\u011finde daireye girdi. Hazouri salonda hareketsiz yatarken bulundu. Bunun \u00fczerine adrese sa\u011fl\u0131k ekibi sevk edildi. Sa\u011fl\u0131k ekibi yapt\u0131\u011f\u0131 kontrolde, Hazouri&#8217;nin hayat\u0131n\u0131 kaybetti\u011fini belirledi. Olay yeri ekibinin incelemesinin ard\u0131ndan Hazouri&#8217;nin cans\u0131z bedeni kesin \u00f6l\u00fcm nedeninin belirlenmesi amac\u0131yla Alanya Belediye Morgu&#8217;na g\u00f6t\u00fcr\u00fcld\u00fc. Polis, olayla ilgili soru\u015fturma ba\u015flatt\u0131. Kaynak: www.kanalv.com.tr Haber Sitesinden Al\u0131nm\u0131\u015ft\u0131r.\" \/>\n<meta property=\"og:url\" content=\"https:\/\/denizcankizil.tr\/en\/haberler\/antalya\/antalyada-yerlesik-yasayan-kanadali-evinde-olu-bulundu\/\" \/>\n<meta property=\"og:site_name\" content=\"Av. Deniz Can K\u0131z\u0131l\" \/>\n<meta property=\"article:published_time\" content=\"2025-07-16T15:41:15+00:00\" \/>\n<meta property=\"og:image\" content=\"https:\/\/denizcankizil.tr\/wp-content\/uploads\/2025\/07\/web-gorsel-boyut-14-1-iIh598-1024x576.png\" \/>\n\t<meta property=\"og:image:width\" content=\"1024\" \/>\n\t<meta property=\"og:image:height\" content=\"576\" \/>\n\t<meta property=\"og:image:type\" content=\"image\/png\" \/>\n<meta name=\"author\" content=\"Av. Deniz Can K\u0131z\u0131l\" \/>\n<meta name=\"twitter:card\" content=\"summary_large_image\" \/>\n<meta name=\"twitter:label1\" content=\"Written by\" \/>\n\t<meta name=\"twitter:data1\" content=\"Av. Deniz Can K\u0131z\u0131l\" \/>\n\t<meta name=\"twitter:label2\" content=\"Estimated reading time\" \/>\n\t<meta name=\"twitter:data2\" content=\"1 minute\" \/>\n<script type=\"application\/ld+json\" class=\"yoast-schema-graph\">{\"@context\":\"https:\/\/schema.org\",\"@graph\":[{\"@type\":\"Article\",\"@id\":\"https:\/\/denizcankizil.tr\/en\/haberler\/antalya\/antalyada-yerlesik-yasayan-kanadali-evinde-olu-bulundu\/#article\",\"isPartOf\":{\"@id\":\"https:\/\/denizcankizil.tr\/en\/haberler\/antalya\/antalyada-yerlesik-yasayan-kanadali-evinde-olu-bulundu\/\"},\"author\":{\"name\":\"Av. Deniz Can K\u0131z\u0131l\",\"@id\":\"https:\/\/denizcankizil.tr\/de\/#\/schema\/person\/5dc1b22991bd7ac833867c10afc9b0ff\"},\"headline\":\"Antalya\u2019da Yerle\u015fik Ya\u015fayan Kanadal\u0131 Evinde \u00d6l\u00fc Bulundu\",\"datePublished\":\"2025-07-16T15:41:15+00:00\",\"mainEntityOfPage\":{\"@id\":\"https:\/\/denizcankizil.tr\/en\/haberler\/antalya\/antalyada-yerlesik-yasayan-kanadali-evinde-olu-bulundu\/\"},\"wordCount\":141,\"publisher\":{\"@id\":\"https:\/\/denizcankizil.tr\/de\/#organization\"},\"image\":{\"@id\":\"https:\/\/denizcankizil.tr\/en\/haberler\/antalya\/antalyada-yerlesik-yasayan-kanadali-evinde-olu-bulundu\/#primaryimage\"},\"thumbnailUrl\":\"https:\/\/denizcankizil.tr\/wp-content\/uploads\/2025\/07\/web-gorsel-boyut-14-1-iIh598.png\",\"articleSection\":[\"Antalya\"],\"inLanguage\":\"en-GB\"},{\"@type\":\"WebPage\",\"@id\":\"https:\/\/denizcankizil.tr\/en\/haberler\/antalya\/antalyada-yerlesik-yasayan-kanadali-evinde-olu-bulundu\/\",\"url\":\"https:\/\/denizcankizil.tr\/en\/haberler\/antalya\/antalyada-yerlesik-yasayan-kanadali-evinde-olu-bulundu\/\",\"name\":\"Antalya\u2019da Yerle\u015fik Ya\u015fayan Kanadal\u0131 Evinde \u00d6l\u00fc Bulundu - Av. Deniz Can K\u0131z\u0131l\",\"isPartOf\":{\"@id\":\"https:\/\/denizcankizil.tr\/de\/#website\"},\"primaryImageOfPage\":{\"@id\":\"https:\/\/denizcankizil.tr\/en\/haberler\/antalya\/antalyada-yerlesik-yasayan-kanadali-evinde-olu-bulundu\/#primaryimage\"},\"image\":{\"@id\":\"https:\/\/denizcankizil.tr\/en\/haberler\/antalya\/antalyada-yerlesik-yasayan-kanadali-evinde-olu-bulundu\/#primaryimage\"},\"thumbnailUrl\":\"https:\/\/denizcankizil.tr\/wp-content\/uploads\/2025\/07\/web-gorsel-boyut-14-1-iIh598.png\",\"datePublished\":\"2025-07-16T15:41:15+00:00\",\"breadcrumb\":{\"@id\":\"https:\/\/denizcankizil.tr\/en\/haberler\/antalya\/antalyada-yerlesik-yasayan-kanadali-evinde-olu-bulundu\/#breadcrumb\"},\"inLanguage\":\"en-GB\",\"potentialAction\":[{\"@type\":\"ReadAction\",\"target\":[\"https:\/\/denizcankizil.tr\/en\/haberler\/antalya\/antalyada-yerlesik-yasayan-kanadali-evinde-olu-bulundu\/\"]}]},{\"@type\":\"ImageObject\",\"inLanguage\":\"en-GB\",\"@id\":\"https:\/\/denizcankizil.tr\/en\/haberler\/antalya\/antalyada-yerlesik-yasayan-kanadali-evinde-olu-bulundu\/#primaryimage\",\"url\":\"https:\/\/denizcankizil.tr\/wp-content\/uploads\/2025\/07\/web-gorsel-boyut-14-1-iIh598.png\",\"contentUrl\":\"https:\/\/denizcankizil.tr\/wp-content\/uploads\/2025\/07\/web-gorsel-boyut-14-1-iIh598.png\",\"width\":1280,\"height\":720},{\"@type\":\"BreadcrumbList\",\"@id\":\"https:\/\/denizcankizil.tr\/en\/haberler\/antalya\/antalyada-yerlesik-yasayan-kanadali-evinde-olu-bulundu\/#breadcrumb\",\"itemListElement\":[{\"@type\":\"ListItem\",\"position\":1,\"name\":\"Home\",\"item\":\"https:\/\/denizcankizil.tr\/de\/\"},{\"@type\":\"ListItem\",\"position\":2,\"name\":\"Antalya\u2019da Yerle\u015fik Ya\u015fayan Kanadal\u0131 Evinde \u00d6l\u00fc Bulundu\"}]},{\"@type\":\"WebSite\",\"@id\":\"https:\/\/denizcankizil.tr\/de\/#website\",\"url\":\"https:\/\/denizcankizil.tr\/de\/\",\"name\":\"Av. Deniz Can K\u0131z\u0131l\",\"description\":\"Avukat Deniz Can K\u0131z\u0131l Antalya Barosu\",\"publisher\":{\"@id\":\"https:\/\/denizcankizil.tr\/de\/#organization\"},\"potentialAction\":[{\"@type\":\"SearchAction\",\"target\":{\"@type\":\"EntryPoint\",\"urlTemplate\":\"https:\/\/denizcankizil.tr\/de\/?s={search_term_string}\"},\"query-input\":{\"@type\":\"PropertyValueSpecification\",\"valueRequired\":true,\"valueName\":\"search_term_string\"}}],\"inLanguage\":\"en-GB\"},{\"@type\":\"Organization\",\"@id\":\"https:\/\/denizcankizil.tr\/de\/#organization\",\"name\":\"Av. Deniz Can K\u0131z\u0131l\",\"url\":\"https:\/\/denizcankizil.tr\/de\/\",\"logo\":{\"@type\":\"ImageObject\",\"inLanguage\":\"en-GB\",\"@id\":\"https:\/\/denizcankizil.tr\/de\/#\/schema\/logo\/image\/\",\"url\":\"https:\/\/denizcankizil.tr\/wp-content\/uploads\/2024\/10\/siyah-logo-svg.svg\",\"contentUrl\":\"https:\/\/denizcankizil.tr\/wp-content\/uploads\/2024\/10\/siyah-logo-svg.svg\",\"width\":1080,\"height\":1080,\"caption\":\"Av. Deniz Can K\u0131z\u0131l\"},\"image\":{\"@id\":\"https:\/\/denizcankizil.tr\/de\/#\/schema\/logo\/image\/\"}},{\"@type\":\"Person\",\"@id\":\"https:\/\/denizcankizil.tr\/de\/#\/schema\/person\/5dc1b22991bd7ac833867c10afc9b0ff\",\"name\":\"Av. Deniz Can K\u0131z\u0131l\",\"image\":{\"@type\":\"ImageObject\",\"inLanguage\":\"en-GB\",\"@id\":\"https:\/\/denizcankizil.tr\/de\/#\/schema\/person\/image\/\",\"url\":\"https:\/\/secure.gravatar.com\/avatar\/a0b128fb9855c79efc976d5640eedb31dc35ec297594d6016d2cf7c60e975bb6?s=96&d=mm&r=g\",\"contentUrl\":\"https:\/\/secure.gravatar.com\/avatar\/a0b128fb9855c79efc976d5640eedb31dc35ec297594d6016d2cf7c60e975bb6?s=96&d=mm&r=g\",\"caption\":\"Av. Deniz Can K\u0131z\u0131l\"},\"sameAs\":[\"http:\/\/www.denizcankizil.tr\"],\"url\":\"https:\/\/denizcankizil.tr\/en\/author\/denizcankizil\/\"}]}<\/script>\n<!-- \/ Yoast SEO Premium plugin. -->","yoast_head_json":{"title":"Antalya\u2019da Yerle\u015fik Ya\u015fayan Kanadal\u0131 Evinde \u00d6l\u00fc Bulundu - Av. Deniz Can K\u0131z\u0131l","robots":{"index":"index","follow":"follow","max-snippet":"max-snippet:-1","max-image-preview":"max-image-preview:large","max-video-preview":"max-video-preview:-1"},"canonical":"https:\/\/denizcankizil.tr\/en\/haberler\/antalya\/antalyada-yerlesik-yasayan-kanadali-evinde-olu-bulundu\/","og_locale":"en_GB","og_type":"article","og_title":"Antalya\u2019da Yerle\u015fik Ya\u015fayan Kanadal\u0131 Evinde \u00d6l\u00fc Bulundu","og_description":"ANTALYA&#8217;n\u0131n Alanya il\u00e7esinde yerle\u015fik ya\u015fayan Kanada vatanda\u015f\u0131 Mazen Hazouri (52), evinde \u00f6l\u00fc bulundu. Saray Mahallesi Akmanlar Sokak\u2019taki bir apartmandaki dairesinde tek ba\u015f\u0131na kald\u0131\u011f\u0131 \u00f6\u011frenilen Mazen Hazouri&#8217;nin uzun s\u00fcre evden \u00e7\u0131kmamas\u0131 \u00fczerine arkada\u015flar\u0131 durumdan \u015f\u00fcphelendi. 112 Acil \u00c7a\u011fr\u0131 Merkezi&#8217;ne ihbarda bulunan Hazouri&#8217;nin arkada\u015flar\u0131 polis e\u015fli\u011finde daireye girdi. Hazouri salonda hareketsiz yatarken bulundu. Bunun \u00fczerine adrese sa\u011fl\u0131k ekibi sevk edildi. Sa\u011fl\u0131k ekibi yapt\u0131\u011f\u0131 kontrolde, Hazouri&#8217;nin hayat\u0131n\u0131 kaybetti\u011fini belirledi. Olay yeri ekibinin incelemesinin ard\u0131ndan Hazouri&#8217;nin cans\u0131z bedeni kesin \u00f6l\u00fcm nedeninin belirlenmesi amac\u0131yla Alanya Belediye Morgu&#8217;na g\u00f6t\u00fcr\u00fcld\u00fc. Polis, olayla ilgili soru\u015fturma ba\u015flatt\u0131. Kaynak: www.kanalv.com.tr Haber Sitesinden Al\u0131nm\u0131\u015ft\u0131r.","og_url":"https:\/\/denizcankizil.tr\/en\/haberler\/antalya\/antalyada-yerlesik-yasayan-kanadali-evinde-olu-bulundu\/","og_site_name":"Av. Deniz Can K\u0131z\u0131l","article_published_time":"2025-07-16T15:41:15+00:00","og_image":[{"width":1024,"height":576,"url":"https:\/\/denizcankizil.tr\/wp-content\/uploads\/2025\/07\/web-gorsel-boyut-14-1-iIh598-1024x576.png","type":"image\/png"}],"author":"Av. Deniz Can K\u0131z\u0131l","twitter_card":"summary_large_image","twitter_misc":{"Written by":"Av. Deniz Can K\u0131z\u0131l","Estimated reading time":"1 minute"},"schema":{"@context":"https:\/\/schema.org","@graph":[{"@type":"Article","@id":"https:\/\/denizcankizil.tr\/en\/haberler\/antalya\/antalyada-yerlesik-yasayan-kanadali-evinde-olu-bulundu\/#article","isPartOf":{"@id":"https:\/\/denizcankizil.tr\/en\/haberler\/antalya\/antalyada-yerlesik-yasayan-kanadali-evinde-olu-bulundu\/"},"author":{"name":"Av. Deniz Can K\u0131z\u0131l","@id":"https:\/\/denizcankizil.tr\/de\/#\/schema\/person\/5dc1b22991bd7ac833867c10afc9b0ff"},"headline":"Antalya\u2019da Yerle\u015fik Ya\u015fayan Kanadal\u0131 Evinde \u00d6l\u00fc Bulundu","datePublished":"2025-07-16T15:41:15+00:00","mainEntityOfPage":{"@id":"https:\/\/denizcankizil.tr\/en\/haberler\/antalya\/antalyada-yerlesik-yasayan-kanadali-evinde-olu-bulundu\/"},"wordCount":141,"publisher":{"@id":"https:\/\/denizcankizil.tr\/de\/#organization"},"image":{"@id":"https:\/\/denizcankizil.tr\/en\/haberler\/antalya\/antalyada-yerlesik-yasayan-kanadali-evinde-olu-bulundu\/#primaryimage"},"thumbnailUrl":"https:\/\/denizcankizil.tr\/wp-content\/uploads\/2025\/07\/web-gorsel-boyut-14-1-iIh598.png","articleSection":["Antalya"],"inLanguage":"en-GB"},{"@type":"WebPage","@id":"https:\/\/denizcankizil.tr\/en\/haberler\/antalya\/antalyada-yerlesik-yasayan-kanadali-evinde-olu-bulundu\/","url":"https:\/\/denizcankizil.tr\/en\/haberler\/antalya\/antalyada-yerlesik-yasayan-kanadali-evinde-olu-bulundu\/","name":"Antalya\u2019da Yerle\u015fik Ya\u015fayan Kanadal\u0131 Evinde \u00d6l\u00fc Bulundu - Av. Deniz Can K\u0131z\u0131l","isPartOf":{"@id":"https:\/\/denizcankizil.tr\/de\/#website"},"primaryImageOfPage":{"@id":"https:\/\/denizcankizil.tr\/en\/haberler\/antalya\/antalyada-yerlesik-yasayan-kanadali-evinde-olu-bulundu\/#primaryimage"},"image":{"@id":"https:\/\/denizcankizil.tr\/en\/haberler\/antalya\/antalyada-yerlesik-yasayan-kanadali-evinde-olu-bulundu\/#primaryimage"},"thumbnailUrl":"https:\/\/denizcankizil.tr\/wp-content\/uploads\/2025\/07\/web-gorsel-boyut-14-1-iIh598.png","datePublished":"2025-07-16T15:41:15+00:00","breadcrumb":{"@id":"https:\/\/denizcankizil.tr\/en\/haberler\/antalya\/antalyada-yerlesik-yasayan-kanadali-evinde-olu-bulundu\/#breadcrumb"},"inLanguage":"en-GB","potentialAction":[{"@type":"ReadAction","target":["https:\/\/denizcankizil.tr\/en\/haberler\/antalya\/antalyada-yerlesik-yasayan-kanadali-evinde-olu-bulundu\/"]}]},{"@type":"ImageObject","inLanguage":"en-GB","@id":"https:\/\/denizcankizil.tr\/en\/haberler\/antalya\/antalyada-yerlesik-yasayan-kanadali-evinde-olu-bulundu\/#primaryimage","url":"https:\/\/denizcankizil.tr\/wp-content\/uploads\/2025\/07\/web-gorsel-boyut-14-1-iIh598.png","contentUrl":"https:\/\/denizcankizil.tr\/wp-content\/uploads\/2025\/07\/web-gorsel-boyut-14-1-iIh598.png","width":1280,"height":720},{"@type":"BreadcrumbList","@id":"https:\/\/denizcankizil.tr\/en\/haberler\/antalya\/antalyada-yerlesik-yasayan-kanadali-evinde-olu-bulundu\/#breadcrumb","itemListElement":[{"@type":"ListItem","position":1,"name":"Home","item":"https:\/\/denizcankizil.tr\/de\/"},{"@type":"ListItem","position":2,"name":"Antalya\u2019da Yerle\u015fik Ya\u015fayan Kanadal\u0131 Evinde \u00d6l\u00fc Bulundu"}]},{"@type":"WebSite","@id":"https:\/\/denizcankizil.tr\/de\/#website","url":"https:\/\/denizcankizil.tr\/de\/","name":"Av. Deniz Can K\u0131z\u0131l","description":"Avukat Deniz Can K\u0131z\u0131l Antalya Barosu","publisher":{"@id":"https:\/\/denizcankizil.tr\/de\/#organization"},"potentialAction":[{"@type":"SearchAction","target":{"@type":"EntryPoint","urlTemplate":"https:\/\/denizcankizil.tr\/de\/?s={search_term_string}"},"query-input":{"@type":"PropertyValueSpecification","valueRequired":true,"valueName":"search_term_string"}}],"inLanguage":"en-GB"},{"@type":"Organization","@id":"https:\/\/denizcankizil.tr\/de\/#organization","name":"Av. Deniz Can K\u0131z\u0131l","url":"https:\/\/denizcankizil.tr\/de\/","logo":{"@type":"ImageObject","inLanguage":"en-GB","@id":"https:\/\/denizcankizil.tr\/de\/#\/schema\/logo\/image\/","url":"https:\/\/denizcankizil.tr\/wp-content\/uploads\/2024\/10\/siyah-logo-svg.svg","contentUrl":"https:\/\/denizcankizil.tr\/wp-content\/uploads\/2024\/10\/siyah-logo-svg.svg","width":1080,"height":1080,"caption":"Av. Deniz Can K\u0131z\u0131l"},"image":{"@id":"https:\/\/denizcankizil.tr\/de\/#\/schema\/logo\/image\/"}},{"@type":"Person","@id":"https:\/\/denizcankizil.tr\/de\/#\/schema\/person\/5dc1b22991bd7ac833867c10afc9b0ff","name":"Av. Deniz Can K\u0131z\u0131l","image":{"@type":"ImageObject","inLanguage":"en-GB","@id":"https:\/\/denizcankizil.tr\/de\/#\/schema\/person\/image\/","url":"https:\/\/secure.gravatar.com\/avatar\/a0b128fb9855c79efc976d5640eedb31dc35ec297594d6016d2cf7c60e975bb6?s=96&d=mm&r=g","contentUrl":"https:\/\/secure.gravatar.com\/avatar\/a0b128fb9855c79efc976d5640eedb31dc35ec297594d6016d2cf7c60e975bb6?s=96&d=mm&r=g","caption":"Av. Deniz Can K\u0131z\u0131l"},"sameAs":["http:\/\/www.denizcankizil.tr"],"url":"https:\/\/denizcankizil.tr\/en\/author\/denizcankizil\/"}]}},"_links":{"self":[{"href":"https:\/\/denizcankizil.tr\/en\/wp-json\/wp\/v2\/posts\/148026","targetHints":{"allow":["GET"]}}],"collection":[{"href":"https:\/\/denizcankizil.tr\/en\/wp-json\/wp\/v2\/posts"}],"about":[{"href":"https:\/\/denizcankizil.tr\/en\/wp-json\/wp\/v2\/types\/post"}],"author":[{"embeddable":true,"href":"https:\/\/denizcankizil.tr\/en\/wp-json\/wp\/v2\/users\/4"}],"replies":[{"embeddable":true,"href":"https:\/\/denizcankizil.tr\/en\/wp-json\/wp\/v2\/comments?post=148026"}],"version-history":[{"count":0,"href":"https:\/\/denizcankizil.tr\/en\/wp-json\/wp\/v2\/posts\/148026\/revisions"}],"wp:featuredmedia":[{"embeddable":true,"href":"https:\/\/denizcankizil.tr\/en\/wp-json\/wp\/v2\/media\/148027"}],"wp:attachment":[{"href":"https:\/\/denizcankizil.tr\/en\/wp-json\/wp\/v2\/media?parent=148026"}],"wp:term":[{"taxonomy":"category","embeddable":true,"href":"https:\/\/denizcankizil.tr\/en\/wp-json\/wp\/v2\/categories?post=148026"},{"taxonomy":"post_tag","embeddable":true,"href":"https:\/\/denizcankizil.tr\/en\/wp-json\/wp\/v2\/tags?post=148026"}],"curies":[{"name":"wp","href":"https:\/\/api.w.org\/{rel}","templated":true}]}}