{"id":147947,"date":"2025-07-16T16:41:23","date_gmt":"2025-07-16T13:41:23","guid":{"rendered":"https:\/\/denizcankizil.tr\/uncategorized-tr\/araci-uzerine-surup-olumune-neden-oldu-iddiasi-antalyayi-sarsti\/"},"modified":"2025-07-16T16:41:23","modified_gmt":"2025-07-16T13:41:23","slug":"araci-uzerine-surup-olumune-neden-oldu-iddiasi-antalyayi-sarsti","status":"publish","type":"post","link":"https:\/\/denizcankizil.tr\/en\/haberler\/antalya\/araci-uzerine-surup-olumune-neden-oldu-iddiasi-antalyayi-sarsti\/","title":{"rendered":"Arac\u0131 \u00dczerine S\u00fcr\u00fcp \u00d6l\u00fcm\u00fcne Neden Oldu \u0130ddias\u0131 Antalya\u2019y\u0131 Sarst\u0131"},"content":{"rendered":"<p>ANTALYA&#8217;da trafikte tart\u0131\u015ft\u0131\u011f\u0131 motosiklet s\u00fcr\u00fcc\u00fcs\u00fc Mehmet Tekelio\u011flu&#8217;nun (52) \u00fczerine arac\u0131n\u0131 s\u00fcrerek \u00f6l\u00fcm\u00fcne neden oldu\u011fu ileri s\u00fcr\u00fclen Ahmet Do\u011fru (44), tutukland\u0131. Tekelio\u011flu&#8217;nun e\u015fi Bilge Ate\u015f Tekelio\u011flu, \u00c7ocuklar\u0131m\u0131 \u00f6ks\u00fcz b\u0131rakt\u0131lar dedi.<\/p>\n<p>Olay, d\u00fcn sabah saatlerinde Muratpa\u015fa il\u00e7esi Cumhuriyet Mahallesi Tongu\u00e7 Caddesi\u2019nde meydana geldi. Saat 06.00 s\u0131ralar\u0131nda 07 EPU 40 plakal\u0131 motosikletiyle yola \u00e7\u0131kan Mehmet Tekelio\u011flu, Aksu il\u00e7esinde Kara\u00f6z Mahallesi&#8217;ndeki seras\u0131na giderek sulama yapt\u0131. Tekelio\u011flu, saat 08.00 s\u0131ralar\u0131nda da sistem destek m\u00fcd\u00fcr\u00fc olarak \u00e7al\u0131\u015ft\u0131\u011f\u0131 bili\u015fim firmas\u0131na gitmek i\u00e7in yola \u00e7\u0131kt\u0131. \u0130\u015f yerine yakla\u015fan Tekelio\u011flu, trafik \u0131\u015f\u0131klar\u0131nda bilinmeyen nedenle 07 YBB 36 plakal\u0131 arac\u0131n s\u00fcr\u00fcc\u00fcs\u00fc Ahmet Do\u011fru ile tart\u0131\u015ft\u0131.<\/p>\n<p>ARACIYLA \u00c7ARPIP D\u00dc\u015e\u00dcRD\u00dc<\/p>\n<p>\u0130\u015f yerine do\u011fru yoluna devam eden Tekelio\u011flu&#8217;nu takip eden Ahmet Do\u011fru, iddiaya g\u00f6re arac\u0131n\u0131 \u00fczerine s\u00fcrd\u00fc\u011f\u00fc motosikletin devrilmesine neden oldu. Motosikletten savrulan Tekelio\u011flu, ihbarla gelen sa\u011fl\u0131k ekibi taraf\u0131ndan Antalya E\u011fitim ve Ara\u015ft\u0131rma Hastanesi&#8217;ne g\u00f6t\u00fcr\u00fcld\u00fc. Tekelio\u011flu, kurtar\u0131lamad\u0131. Tekelio\u011flu&#8217;nun cenazesi, Kara\u00f6z Mahallesi&#8217;ndeki mezarl\u0131kta ge\u00e7en sene hayat\u0131n\u0131 kaybeden babas\u0131n\u0131n yan\u0131na defnedildi. Olay yerinden ka\u00e7an Ahmet Do\u011fru ve beraberindeki S.A., polisin teknik takibi sonucu yakaland\u0131. Sabah saatlerinde adliyeye g\u00f6t\u00fcr\u00fclen \u015f\u00fcphelilerden S.A. olayla ilgili olmad\u0131\u011f\u0131 gerek\u00e7esiyle savc\u0131l\u0131ktan serbest b\u0131rak\u0131l\u0131rken, n\u00f6bet\u00e7i hakimli\u011fe sevk edilen Ahmet Do\u011fru tutukland\u0131.<\/p>\n<p>&#8216;B\u0130LE B\u0130LE \u00d6LD\u00dcRM\u00dc\u015eLER A\u015eKIMI&#8217;<\/p>\n<p>Tekelio\u011flu&#8217;nun g\u00f6z\u00fc ya\u015fl\u0131 e\u015fi Bilge Ate\u015f Tekelio\u011flu, Kocam\u0131 d\u00f6ve d\u00f6ve \u00f6ld\u00fcrm\u00fc\u015fler. \u00c7ocuklar\u0131m\u0131 \u00f6ks\u00fcz b\u0131rakt\u0131lar. Su\u00e7lular cezalar\u0131n\u0131 \u00e7eksin. Bile bile \u00f6ld\u00fcrm\u00fc\u015fler a\u015fk\u0131m\u0131 diye konu\u015ftu. Olay\u0131n bir an \u00f6nce ayd\u0131nlat\u0131lmas\u0131n\u0131 istediklerini s\u00f6yleyen karde\u015fi Ramazan Tekelio\u011flu ise A\u011fabeyimi takip etmi\u015fler. Kovalamaca olmu\u015f. Ara\u00e7la motosiklete \u00e7arp\u0131p, d\u00fc\u015f\u00fcrm\u00fc\u015fler ve darbetmi\u015fler. Darp an\u0131nda kalp krizi ge\u00e7irip vefat etmi\u015f. Biz bunlar\u0131n en a\u011f\u0131r \u015fekilde cezaland\u0131r\u0131lmas\u0131n\u0131 istiyoruz. A\u011fabeyimin hi\u00e7bir d\u00fc\u015fman\u0131 yoktu. Kime sorarsan\u0131z sorun; kimseyle bir sorunu yoktu. \u00c7ok iyi bir insand\u0131 dedi. Mehmet Tekelio\u011flu\u2019nun o\u011flu Ali Tekelio\u011flu da Annemin ve bac\u0131lar\u0131m\u0131n g\u00f6z\u00fcn\u00fc b\u00f6yle ya\u015fl\u0131 b\u0131rakanlar\u0131n cezas\u0131n\u0131 \u00e7ekmelerini istiyoruz diye konu\u015ftu.<\/p>\n<p>Kaynak: www.kanalv.com.tr Haber Sitesinden Al\u0131nm\u0131\u015ft\u0131r.<\/p>","protected":false},"excerpt":{"rendered":"<p>ANTALYA&#8217;da trafikte tart\u0131\u015ft\u0131\u011f\u0131 motosiklet s\u00fcr\u00fcc\u00fcs\u00fc Mehmet Tekelio\u011flu&#8217;nun (52) \u00fczerine arac\u0131n\u0131 s\u00fcrerek \u00f6l\u00fcm\u00fcne neden oldu\u011fu ileri s\u00fcr\u00fclen Ahmet Do\u011fru (44), tutukland\u0131. Tekelio\u011flu&#8217;nun e\u015fi Bilge Ate\u015f Tekelio\u011flu, \u00c7ocuklar\u0131m\u0131 \u00f6ks\u00fcz b\u0131rakt\u0131lar dedi. Olay, d\u00fcn sabah saatlerinde Muratpa\u015fa il\u00e7esi Cumhuriyet Mahallesi Tongu\u00e7 Caddesi\u2019nde meydana geldi. Saat 06.00 s\u0131ralar\u0131nda 07 EPU 40 plakal\u0131 motosikletiyle yola \u00e7\u0131kan Mehmet Tekelio\u011flu, Aksu il\u00e7esinde Kara\u00f6z Mahallesi&#8217;ndeki seras\u0131na giderek sulama yapt\u0131. Tekelio\u011flu, saat 08.00 s\u0131ralar\u0131nda da sistem destek m\u00fcd\u00fcr\u00fc olarak \u00e7al\u0131\u015ft\u0131\u011f\u0131 bili\u015fim firmas\u0131na gitmek i\u00e7in yola \u00e7\u0131kt\u0131. \u0130\u015f yerine yakla\u015fan Tekelio\u011flu, trafik \u0131\u015f\u0131klar\u0131nda bilinmeyen nedenle 07 YBB 36 plakal\u0131 arac\u0131n s\u00fcr\u00fcc\u00fcs\u00fc Ahmet Do\u011fru ile tart\u0131\u015ft\u0131. ARACIYLA \u00c7ARPIP D\u00dc\u015e\u00dcRD\u00dc \u0130\u015f yerine do\u011fru yoluna devam eden Tekelio\u011flu&#8217;nu takip eden Ahmet Do\u011fru, iddiaya g\u00f6re arac\u0131n\u0131 \u00fczerine s\u00fcrd\u00fc\u011f\u00fc motosikletin devrilmesine neden oldu. Motosikletten savrulan Tekelio\u011flu, ihbarla gelen sa\u011fl\u0131k ekibi taraf\u0131ndan Antalya E\u011fitim ve Ara\u015ft\u0131rma Hastanesi&#8217;ne g\u00f6t\u00fcr\u00fcld\u00fc. Tekelio\u011flu, kurtar\u0131lamad\u0131. Tekelio\u011flu&#8217;nun cenazesi, Kara\u00f6z Mahallesi&#8217;ndeki mezarl\u0131kta ge\u00e7en sene hayat\u0131n\u0131 kaybeden babas\u0131n\u0131n yan\u0131na defnedildi. Olay yerinden ka\u00e7an Ahmet Do\u011fru ve beraberindeki S.A., polisin teknik takibi sonucu yakaland\u0131. Sabah saatlerinde adliyeye g\u00f6t\u00fcr\u00fclen \u015f\u00fcphelilerden S.A. olayla ilgili olmad\u0131\u011f\u0131 gerek\u00e7esiyle savc\u0131l\u0131ktan serbest b\u0131rak\u0131l\u0131rken, n\u00f6bet\u00e7i hakimli\u011fe sevk edilen Ahmet Do\u011fru tutukland\u0131. &#8216;B\u0130LE B\u0130LE \u00d6LD\u00dcRM\u00dc\u015eLER A\u015eKIMI&#8217; Tekelio\u011flu&#8217;nun g\u00f6z\u00fc ya\u015fl\u0131 e\u015fi Bilge Ate\u015f Tekelio\u011flu, Kocam\u0131 d\u00f6ve d\u00f6ve \u00f6ld\u00fcrm\u00fc\u015fler. \u00c7ocuklar\u0131m\u0131 \u00f6ks\u00fcz b\u0131rakt\u0131lar. Su\u00e7lular cezalar\u0131n\u0131 \u00e7eksin. &hellip;<\/p>","protected":false},"author":4,"featured_media":147948,"comment_status":"","ping_status":"open","sticky":false,"template":"","format":"standard","meta":{"_acf_changed":false,"footnotes":""},"categories":[26],"tags":[],"class_list":["post-147947","post","type-post","status-publish","format-standard","has-post-thumbnail","hentry","category-antalya"],"acf":[],"yoast_head":"<!-- This site is optimized with the Yoast SEO Premium plugin v26.6 (Yoast SEO v27.1.1) - https:\/\/yoast.com\/product\/yoast-seo-premium-wordpress\/ -->\n<title>Arac\u0131 \u00dczerine S\u00fcr\u00fcp \u00d6l\u00fcm\u00fcne Neden Oldu \u0130ddias\u0131 Antalya\u2019y\u0131 Sarst\u0131 - Av. Deniz Can K\u0131z\u0131l<\/title>\n<meta name=\"robots\" content=\"index, follow, max-snippet:-1, max-image-preview:large, max-video-preview:-1\" \/>\n<link rel=\"canonical\" href=\"https:\/\/denizcankizil.tr\/en\/haberler\/antalya\/araci-uzerine-surup-olumune-neden-oldu-iddiasi-antalyayi-sarsti\/\" \/>\n<meta property=\"og:locale\" content=\"en_GB\" \/>\n<meta property=\"og:type\" content=\"article\" \/>\n<meta property=\"og:title\" content=\"Arac\u0131 \u00dczerine S\u00fcr\u00fcp \u00d6l\u00fcm\u00fcne Neden Oldu \u0130ddias\u0131 Antalya\u2019y\u0131 Sarst\u0131\" \/>\n<meta property=\"og:description\" content=\"ANTALYA&#8217;da trafikte tart\u0131\u015ft\u0131\u011f\u0131 motosiklet s\u00fcr\u00fcc\u00fcs\u00fc Mehmet Tekelio\u011flu&#8217;nun (52) \u00fczerine arac\u0131n\u0131 s\u00fcrerek \u00f6l\u00fcm\u00fcne neden oldu\u011fu ileri s\u00fcr\u00fclen Ahmet Do\u011fru (44), tutukland\u0131. Tekelio\u011flu&#8217;nun e\u015fi Bilge Ate\u015f Tekelio\u011flu, \u00c7ocuklar\u0131m\u0131 \u00f6ks\u00fcz b\u0131rakt\u0131lar dedi. Olay, d\u00fcn sabah saatlerinde Muratpa\u015fa il\u00e7esi Cumhuriyet Mahallesi Tongu\u00e7 Caddesi\u2019nde meydana geldi. Saat 06.00 s\u0131ralar\u0131nda 07 EPU 40 plakal\u0131 motosikletiyle yola \u00e7\u0131kan Mehmet Tekelio\u011flu, Aksu il\u00e7esinde Kara\u00f6z Mahallesi&#8217;ndeki seras\u0131na giderek sulama yapt\u0131. Tekelio\u011flu, saat 08.00 s\u0131ralar\u0131nda da sistem destek m\u00fcd\u00fcr\u00fc olarak \u00e7al\u0131\u015ft\u0131\u011f\u0131 bili\u015fim firmas\u0131na gitmek i\u00e7in yola \u00e7\u0131kt\u0131. \u0130\u015f yerine yakla\u015fan Tekelio\u011flu, trafik \u0131\u015f\u0131klar\u0131nda bilinmeyen nedenle 07 YBB 36 plakal\u0131 arac\u0131n s\u00fcr\u00fcc\u00fcs\u00fc Ahmet Do\u011fru ile tart\u0131\u015ft\u0131. ARACIYLA \u00c7ARPIP D\u00dc\u015e\u00dcRD\u00dc \u0130\u015f yerine do\u011fru yoluna devam eden Tekelio\u011flu&#8217;nu takip eden Ahmet Do\u011fru, iddiaya g\u00f6re arac\u0131n\u0131 \u00fczerine s\u00fcrd\u00fc\u011f\u00fc motosikletin devrilmesine neden oldu. Motosikletten savrulan Tekelio\u011flu, ihbarla gelen sa\u011fl\u0131k ekibi taraf\u0131ndan Antalya E\u011fitim ve Ara\u015ft\u0131rma Hastanesi&#8217;ne g\u00f6t\u00fcr\u00fcld\u00fc. Tekelio\u011flu, kurtar\u0131lamad\u0131. Tekelio\u011flu&#8217;nun cenazesi, Kara\u00f6z Mahallesi&#8217;ndeki mezarl\u0131kta ge\u00e7en sene hayat\u0131n\u0131 kaybeden babas\u0131n\u0131n yan\u0131na defnedildi. Olay yerinden ka\u00e7an Ahmet Do\u011fru ve beraberindeki S.A., polisin teknik takibi sonucu yakaland\u0131. Sabah saatlerinde adliyeye g\u00f6t\u00fcr\u00fclen \u015f\u00fcphelilerden S.A. olayla ilgili olmad\u0131\u011f\u0131 gerek\u00e7esiyle savc\u0131l\u0131ktan serbest b\u0131rak\u0131l\u0131rken, n\u00f6bet\u00e7i hakimli\u011fe sevk edilen Ahmet Do\u011fru tutukland\u0131. &#8216;B\u0130LE B\u0130LE \u00d6LD\u00dcRM\u00dc\u015eLER A\u015eKIMI&#8217; Tekelio\u011flu&#8217;nun g\u00f6z\u00fc ya\u015fl\u0131 e\u015fi Bilge Ate\u015f Tekelio\u011flu, Kocam\u0131 d\u00f6ve d\u00f6ve \u00f6ld\u00fcrm\u00fc\u015fler. \u00c7ocuklar\u0131m\u0131 \u00f6ks\u00fcz b\u0131rakt\u0131lar. Su\u00e7lular cezalar\u0131n\u0131 \u00e7eksin. &hellip;\" \/>\n<meta property=\"og:url\" content=\"https:\/\/denizcankizil.tr\/en\/haberler\/antalya\/araci-uzerine-surup-olumune-neden-oldu-iddiasi-antalyayi-sarsti\/\" \/>\n<meta property=\"og:site_name\" content=\"Av. Deniz Can K\u0131z\u0131l\" \/>\n<meta property=\"article:published_time\" content=\"2025-07-16T13:41:23+00:00\" \/>\n<meta property=\"og:image\" content=\"https:\/\/denizcankizil.tr\/wp-content\/uploads\/2025\/07\/whatsapp-image-2025-07-16-at-162629-L5EsRk.jpg\" \/>\n\t<meta property=\"og:image:width\" content=\"1280\" \/>\n\t<meta property=\"og:image:height\" content=\"720\" \/>\n\t<meta property=\"og:image:type\" content=\"image\/jpeg\" \/>\n<meta name=\"author\" content=\"Av. Deniz Can K\u0131z\u0131l\" \/>\n<meta name=\"twitter:card\" content=\"summary_large_image\" \/>\n<meta name=\"twitter:label1\" content=\"Written by\" \/>\n\t<meta name=\"twitter:data1\" content=\"Av. Deniz Can K\u0131z\u0131l\" \/>\n\t<meta name=\"twitter:label2\" content=\"Estimated reading time\" \/>\n\t<meta name=\"twitter:data2\" content=\"2 minutes\" \/>\n<script type=\"application\/ld+json\" class=\"yoast-schema-graph\">{\"@context\":\"https:\/\/schema.org\",\"@graph\":[{\"@type\":\"Article\",\"@id\":\"https:\/\/denizcankizil.tr\/en\/haberler\/antalya\/araci-uzerine-surup-olumune-neden-oldu-iddiasi-antalyayi-sarsti\/#article\",\"isPartOf\":{\"@id\":\"https:\/\/denizcankizil.tr\/en\/haberler\/antalya\/araci-uzerine-surup-olumune-neden-oldu-iddiasi-antalyayi-sarsti\/\"},\"author\":{\"name\":\"Av. Deniz Can K\u0131z\u0131l\",\"@id\":\"https:\/\/denizcankizil.tr\/de\/#\/schema\/person\/5dc1b22991bd7ac833867c10afc9b0ff\"},\"headline\":\"Arac\u0131 \u00dczerine S\u00fcr\u00fcp \u00d6l\u00fcm\u00fcne Neden Oldu \u0130ddias\u0131 Antalya\u2019y\u0131 Sarst\u0131\",\"datePublished\":\"2025-07-16T13:41:23+00:00\",\"mainEntityOfPage\":{\"@id\":\"https:\/\/denizcankizil.tr\/en\/haberler\/antalya\/araci-uzerine-surup-olumune-neden-oldu-iddiasi-antalyayi-sarsti\/\"},\"wordCount\":457,\"publisher\":{\"@id\":\"https:\/\/denizcankizil.tr\/de\/#organization\"},\"image\":{\"@id\":\"https:\/\/denizcankizil.tr\/en\/haberler\/antalya\/araci-uzerine-surup-olumune-neden-oldu-iddiasi-antalyayi-sarsti\/#primaryimage\"},\"thumbnailUrl\":\"https:\/\/denizcankizil.tr\/wp-content\/uploads\/2025\/07\/whatsapp-image-2025-07-16-at-162629-L5EsRk.jpg\",\"articleSection\":[\"Antalya\"],\"inLanguage\":\"en-GB\"},{\"@type\":\"WebPage\",\"@id\":\"https:\/\/denizcankizil.tr\/en\/haberler\/antalya\/araci-uzerine-surup-olumune-neden-oldu-iddiasi-antalyayi-sarsti\/\",\"url\":\"https:\/\/denizcankizil.tr\/en\/haberler\/antalya\/araci-uzerine-surup-olumune-neden-oldu-iddiasi-antalyayi-sarsti\/\",\"name\":\"Arac\u0131 \u00dczerine S\u00fcr\u00fcp \u00d6l\u00fcm\u00fcne Neden Oldu \u0130ddias\u0131 Antalya\u2019y\u0131 Sarst\u0131 - Av. Deniz Can K\u0131z\u0131l\",\"isPartOf\":{\"@id\":\"https:\/\/denizcankizil.tr\/de\/#website\"},\"primaryImageOfPage\":{\"@id\":\"https:\/\/denizcankizil.tr\/en\/haberler\/antalya\/araci-uzerine-surup-olumune-neden-oldu-iddiasi-antalyayi-sarsti\/#primaryimage\"},\"image\":{\"@id\":\"https:\/\/denizcankizil.tr\/en\/haberler\/antalya\/araci-uzerine-surup-olumune-neden-oldu-iddiasi-antalyayi-sarsti\/#primaryimage\"},\"thumbnailUrl\":\"https:\/\/denizcankizil.tr\/wp-content\/uploads\/2025\/07\/whatsapp-image-2025-07-16-at-162629-L5EsRk.jpg\",\"datePublished\":\"2025-07-16T13:41:23+00:00\",\"breadcrumb\":{\"@id\":\"https:\/\/denizcankizil.tr\/en\/haberler\/antalya\/araci-uzerine-surup-olumune-neden-oldu-iddiasi-antalyayi-sarsti\/#breadcrumb\"},\"inLanguage\":\"en-GB\",\"potentialAction\":[{\"@type\":\"ReadAction\",\"target\":[\"https:\/\/denizcankizil.tr\/en\/haberler\/antalya\/araci-uzerine-surup-olumune-neden-oldu-iddiasi-antalyayi-sarsti\/\"]}]},{\"@type\":\"ImageObject\",\"inLanguage\":\"en-GB\",\"@id\":\"https:\/\/denizcankizil.tr\/en\/haberler\/antalya\/araci-uzerine-surup-olumune-neden-oldu-iddiasi-antalyayi-sarsti\/#primaryimage\",\"url\":\"https:\/\/denizcankizil.tr\/wp-content\/uploads\/2025\/07\/whatsapp-image-2025-07-16-at-162629-L5EsRk.jpg\",\"contentUrl\":\"https:\/\/denizcankizil.tr\/wp-content\/uploads\/2025\/07\/whatsapp-image-2025-07-16-at-162629-L5EsRk.jpg\",\"width\":1280,\"height\":720},{\"@type\":\"BreadcrumbList\",\"@id\":\"https:\/\/denizcankizil.tr\/en\/haberler\/antalya\/araci-uzerine-surup-olumune-neden-oldu-iddiasi-antalyayi-sarsti\/#breadcrumb\",\"itemListElement\":[{\"@type\":\"ListItem\",\"position\":1,\"name\":\"Home\",\"item\":\"https:\/\/denizcankizil.tr\/de\/\"},{\"@type\":\"ListItem\",\"position\":2,\"name\":\"Arac\u0131 \u00dczerine S\u00fcr\u00fcp \u00d6l\u00fcm\u00fcne Neden Oldu \u0130ddias\u0131 Antalya\u2019y\u0131 Sarst\u0131\"}]},{\"@type\":\"WebSite\",\"@id\":\"https:\/\/denizcankizil.tr\/de\/#website\",\"url\":\"https:\/\/denizcankizil.tr\/de\/\",\"name\":\"Av. Deniz Can K\u0131z\u0131l\",\"description\":\"Avukat Deniz Can K\u0131z\u0131l Antalya Barosu\",\"publisher\":{\"@id\":\"https:\/\/denizcankizil.tr\/de\/#organization\"},\"potentialAction\":[{\"@type\":\"SearchAction\",\"target\":{\"@type\":\"EntryPoint\",\"urlTemplate\":\"https:\/\/denizcankizil.tr\/de\/?s={search_term_string}\"},\"query-input\":{\"@type\":\"PropertyValueSpecification\",\"valueRequired\":true,\"valueName\":\"search_term_string\"}}],\"inLanguage\":\"en-GB\"},{\"@type\":\"Organization\",\"@id\":\"https:\/\/denizcankizil.tr\/de\/#organization\",\"name\":\"Av. Deniz Can K\u0131z\u0131l\",\"url\":\"https:\/\/denizcankizil.tr\/de\/\",\"logo\":{\"@type\":\"ImageObject\",\"inLanguage\":\"en-GB\",\"@id\":\"https:\/\/denizcankizil.tr\/de\/#\/schema\/logo\/image\/\",\"url\":\"https:\/\/denizcankizil.tr\/wp-content\/uploads\/2024\/10\/siyah-logo-svg.svg\",\"contentUrl\":\"https:\/\/denizcankizil.tr\/wp-content\/uploads\/2024\/10\/siyah-logo-svg.svg\",\"width\":1080,\"height\":1080,\"caption\":\"Av. Deniz Can K\u0131z\u0131l\"},\"image\":{\"@id\":\"https:\/\/denizcankizil.tr\/de\/#\/schema\/logo\/image\/\"}},{\"@type\":\"Person\",\"@id\":\"https:\/\/denizcankizil.tr\/de\/#\/schema\/person\/5dc1b22991bd7ac833867c10afc9b0ff\",\"name\":\"Av. Deniz Can K\u0131z\u0131l\",\"image\":{\"@type\":\"ImageObject\",\"inLanguage\":\"en-GB\",\"@id\":\"https:\/\/denizcankizil.tr\/de\/#\/schema\/person\/image\/\",\"url\":\"https:\/\/secure.gravatar.com\/avatar\/a0b128fb9855c79efc976d5640eedb31dc35ec297594d6016d2cf7c60e975bb6?s=96&d=mm&r=g\",\"contentUrl\":\"https:\/\/secure.gravatar.com\/avatar\/a0b128fb9855c79efc976d5640eedb31dc35ec297594d6016d2cf7c60e975bb6?s=96&d=mm&r=g\",\"caption\":\"Av. Deniz Can K\u0131z\u0131l\"},\"sameAs\":[\"http:\/\/www.denizcankizil.tr\"],\"url\":\"https:\/\/denizcankizil.tr\/en\/author\/denizcankizil\/\"}]}<\/script>\n<!-- \/ Yoast SEO Premium plugin. -->","yoast_head_json":{"title":"Arac\u0131 \u00dczerine S\u00fcr\u00fcp \u00d6l\u00fcm\u00fcne Neden Oldu \u0130ddias\u0131 Antalya\u2019y\u0131 Sarst\u0131 - Av. Deniz Can K\u0131z\u0131l","robots":{"index":"index","follow":"follow","max-snippet":"max-snippet:-1","max-image-preview":"max-image-preview:large","max-video-preview":"max-video-preview:-1"},"canonical":"https:\/\/denizcankizil.tr\/en\/haberler\/antalya\/araci-uzerine-surup-olumune-neden-oldu-iddiasi-antalyayi-sarsti\/","og_locale":"en_GB","og_type":"article","og_title":"Arac\u0131 \u00dczerine S\u00fcr\u00fcp \u00d6l\u00fcm\u00fcne Neden Oldu \u0130ddias\u0131 Antalya\u2019y\u0131 Sarst\u0131","og_description":"ANTALYA&#8217;da trafikte tart\u0131\u015ft\u0131\u011f\u0131 motosiklet s\u00fcr\u00fcc\u00fcs\u00fc Mehmet Tekelio\u011flu&#8217;nun (52) \u00fczerine arac\u0131n\u0131 s\u00fcrerek \u00f6l\u00fcm\u00fcne neden oldu\u011fu ileri s\u00fcr\u00fclen Ahmet Do\u011fru (44), tutukland\u0131. Tekelio\u011flu&#8217;nun e\u015fi Bilge Ate\u015f Tekelio\u011flu, \u00c7ocuklar\u0131m\u0131 \u00f6ks\u00fcz b\u0131rakt\u0131lar dedi. Olay, d\u00fcn sabah saatlerinde Muratpa\u015fa il\u00e7esi Cumhuriyet Mahallesi Tongu\u00e7 Caddesi\u2019nde meydana geldi. Saat 06.00 s\u0131ralar\u0131nda 07 EPU 40 plakal\u0131 motosikletiyle yola \u00e7\u0131kan Mehmet Tekelio\u011flu, Aksu il\u00e7esinde Kara\u00f6z Mahallesi&#8217;ndeki seras\u0131na giderek sulama yapt\u0131. Tekelio\u011flu, saat 08.00 s\u0131ralar\u0131nda da sistem destek m\u00fcd\u00fcr\u00fc olarak \u00e7al\u0131\u015ft\u0131\u011f\u0131 bili\u015fim firmas\u0131na gitmek i\u00e7in yola \u00e7\u0131kt\u0131. \u0130\u015f yerine yakla\u015fan Tekelio\u011flu, trafik \u0131\u015f\u0131klar\u0131nda bilinmeyen nedenle 07 YBB 36 plakal\u0131 arac\u0131n s\u00fcr\u00fcc\u00fcs\u00fc Ahmet Do\u011fru ile tart\u0131\u015ft\u0131. ARACIYLA \u00c7ARPIP D\u00dc\u015e\u00dcRD\u00dc \u0130\u015f yerine do\u011fru yoluna devam eden Tekelio\u011flu&#8217;nu takip eden Ahmet Do\u011fru, iddiaya g\u00f6re arac\u0131n\u0131 \u00fczerine s\u00fcrd\u00fc\u011f\u00fc motosikletin devrilmesine neden oldu. Motosikletten savrulan Tekelio\u011flu, ihbarla gelen sa\u011fl\u0131k ekibi taraf\u0131ndan Antalya E\u011fitim ve Ara\u015ft\u0131rma Hastanesi&#8217;ne g\u00f6t\u00fcr\u00fcld\u00fc. Tekelio\u011flu, kurtar\u0131lamad\u0131. Tekelio\u011flu&#8217;nun cenazesi, Kara\u00f6z Mahallesi&#8217;ndeki mezarl\u0131kta ge\u00e7en sene hayat\u0131n\u0131 kaybeden babas\u0131n\u0131n yan\u0131na defnedildi. Olay yerinden ka\u00e7an Ahmet Do\u011fru ve beraberindeki S.A., polisin teknik takibi sonucu yakaland\u0131. Sabah saatlerinde adliyeye g\u00f6t\u00fcr\u00fclen \u015f\u00fcphelilerden S.A. olayla ilgili olmad\u0131\u011f\u0131 gerek\u00e7esiyle savc\u0131l\u0131ktan serbest b\u0131rak\u0131l\u0131rken, n\u00f6bet\u00e7i hakimli\u011fe sevk edilen Ahmet Do\u011fru tutukland\u0131. &#8216;B\u0130LE B\u0130LE \u00d6LD\u00dcRM\u00dc\u015eLER A\u015eKIMI&#8217; Tekelio\u011flu&#8217;nun g\u00f6z\u00fc ya\u015fl\u0131 e\u015fi Bilge Ate\u015f Tekelio\u011flu, Kocam\u0131 d\u00f6ve d\u00f6ve \u00f6ld\u00fcrm\u00fc\u015fler. \u00c7ocuklar\u0131m\u0131 \u00f6ks\u00fcz b\u0131rakt\u0131lar. Su\u00e7lular cezalar\u0131n\u0131 \u00e7eksin. &hellip;","og_url":"https:\/\/denizcankizil.tr\/en\/haberler\/antalya\/araci-uzerine-surup-olumune-neden-oldu-iddiasi-antalyayi-sarsti\/","og_site_name":"Av. Deniz Can K\u0131z\u0131l","article_published_time":"2025-07-16T13:41:23+00:00","og_image":[{"width":1280,"height":720,"url":"https:\/\/denizcankizil.tr\/wp-content\/uploads\/2025\/07\/whatsapp-image-2025-07-16-at-162629-L5EsRk.jpg","type":"image\/jpeg"}],"author":"Av. Deniz Can K\u0131z\u0131l","twitter_card":"summary_large_image","twitter_misc":{"Written by":"Av. Deniz Can K\u0131z\u0131l","Estimated reading time":"2 minutes"},"schema":{"@context":"https:\/\/schema.org","@graph":[{"@type":"Article","@id":"https:\/\/denizcankizil.tr\/en\/haberler\/antalya\/araci-uzerine-surup-olumune-neden-oldu-iddiasi-antalyayi-sarsti\/#article","isPartOf":{"@id":"https:\/\/denizcankizil.tr\/en\/haberler\/antalya\/araci-uzerine-surup-olumune-neden-oldu-iddiasi-antalyayi-sarsti\/"},"author":{"name":"Av. Deniz Can K\u0131z\u0131l","@id":"https:\/\/denizcankizil.tr\/de\/#\/schema\/person\/5dc1b22991bd7ac833867c10afc9b0ff"},"headline":"Arac\u0131 \u00dczerine S\u00fcr\u00fcp \u00d6l\u00fcm\u00fcne Neden Oldu \u0130ddias\u0131 Antalya\u2019y\u0131 Sarst\u0131","datePublished":"2025-07-16T13:41:23+00:00","mainEntityOfPage":{"@id":"https:\/\/denizcankizil.tr\/en\/haberler\/antalya\/araci-uzerine-surup-olumune-neden-oldu-iddiasi-antalyayi-sarsti\/"},"wordCount":457,"publisher":{"@id":"https:\/\/denizcankizil.tr\/de\/#organization"},"image":{"@id":"https:\/\/denizcankizil.tr\/en\/haberler\/antalya\/araci-uzerine-surup-olumune-neden-oldu-iddiasi-antalyayi-sarsti\/#primaryimage"},"thumbnailUrl":"https:\/\/denizcankizil.tr\/wp-content\/uploads\/2025\/07\/whatsapp-image-2025-07-16-at-162629-L5EsRk.jpg","articleSection":["Antalya"],"inLanguage":"en-GB"},{"@type":"WebPage","@id":"https:\/\/denizcankizil.tr\/en\/haberler\/antalya\/araci-uzerine-surup-olumune-neden-oldu-iddiasi-antalyayi-sarsti\/","url":"https:\/\/denizcankizil.tr\/en\/haberler\/antalya\/araci-uzerine-surup-olumune-neden-oldu-iddiasi-antalyayi-sarsti\/","name":"Arac\u0131 \u00dczerine S\u00fcr\u00fcp \u00d6l\u00fcm\u00fcne Neden Oldu \u0130ddias\u0131 Antalya\u2019y\u0131 Sarst\u0131 - Av. Deniz Can K\u0131z\u0131l","isPartOf":{"@id":"https:\/\/denizcankizil.tr\/de\/#website"},"primaryImageOfPage":{"@id":"https:\/\/denizcankizil.tr\/en\/haberler\/antalya\/araci-uzerine-surup-olumune-neden-oldu-iddiasi-antalyayi-sarsti\/#primaryimage"},"image":{"@id":"https:\/\/denizcankizil.tr\/en\/haberler\/antalya\/araci-uzerine-surup-olumune-neden-oldu-iddiasi-antalyayi-sarsti\/#primaryimage"},"thumbnailUrl":"https:\/\/denizcankizil.tr\/wp-content\/uploads\/2025\/07\/whatsapp-image-2025-07-16-at-162629-L5EsRk.jpg","datePublished":"2025-07-16T13:41:23+00:00","breadcrumb":{"@id":"https:\/\/denizcankizil.tr\/en\/haberler\/antalya\/araci-uzerine-surup-olumune-neden-oldu-iddiasi-antalyayi-sarsti\/#breadcrumb"},"inLanguage":"en-GB","potentialAction":[{"@type":"ReadAction","target":["https:\/\/denizcankizil.tr\/en\/haberler\/antalya\/araci-uzerine-surup-olumune-neden-oldu-iddiasi-antalyayi-sarsti\/"]}]},{"@type":"ImageObject","inLanguage":"en-GB","@id":"https:\/\/denizcankizil.tr\/en\/haberler\/antalya\/araci-uzerine-surup-olumune-neden-oldu-iddiasi-antalyayi-sarsti\/#primaryimage","url":"https:\/\/denizcankizil.tr\/wp-content\/uploads\/2025\/07\/whatsapp-image-2025-07-16-at-162629-L5EsRk.jpg","contentUrl":"https:\/\/denizcankizil.tr\/wp-content\/uploads\/2025\/07\/whatsapp-image-2025-07-16-at-162629-L5EsRk.jpg","width":1280,"height":720},{"@type":"BreadcrumbList","@id":"https:\/\/denizcankizil.tr\/en\/haberler\/antalya\/araci-uzerine-surup-olumune-neden-oldu-iddiasi-antalyayi-sarsti\/#breadcrumb","itemListElement":[{"@type":"ListItem","position":1,"name":"Home","item":"https:\/\/denizcankizil.tr\/de\/"},{"@type":"ListItem","position":2,"name":"Arac\u0131 \u00dczerine S\u00fcr\u00fcp \u00d6l\u00fcm\u00fcne Neden Oldu \u0130ddias\u0131 Antalya\u2019y\u0131 Sarst\u0131"}]},{"@type":"WebSite","@id":"https:\/\/denizcankizil.tr\/de\/#website","url":"https:\/\/denizcankizil.tr\/de\/","name":"Av. Deniz Can K\u0131z\u0131l","description":"Avukat Deniz Can K\u0131z\u0131l Antalya Barosu","publisher":{"@id":"https:\/\/denizcankizil.tr\/de\/#organization"},"potentialAction":[{"@type":"SearchAction","target":{"@type":"EntryPoint","urlTemplate":"https:\/\/denizcankizil.tr\/de\/?s={search_term_string}"},"query-input":{"@type":"PropertyValueSpecification","valueRequired":true,"valueName":"search_term_string"}}],"inLanguage":"en-GB"},{"@type":"Organization","@id":"https:\/\/denizcankizil.tr\/de\/#organization","name":"Av. Deniz Can K\u0131z\u0131l","url":"https:\/\/denizcankizil.tr\/de\/","logo":{"@type":"ImageObject","inLanguage":"en-GB","@id":"https:\/\/denizcankizil.tr\/de\/#\/schema\/logo\/image\/","url":"https:\/\/denizcankizil.tr\/wp-content\/uploads\/2024\/10\/siyah-logo-svg.svg","contentUrl":"https:\/\/denizcankizil.tr\/wp-content\/uploads\/2024\/10\/siyah-logo-svg.svg","width":1080,"height":1080,"caption":"Av. Deniz Can K\u0131z\u0131l"},"image":{"@id":"https:\/\/denizcankizil.tr\/de\/#\/schema\/logo\/image\/"}},{"@type":"Person","@id":"https:\/\/denizcankizil.tr\/de\/#\/schema\/person\/5dc1b22991bd7ac833867c10afc9b0ff","name":"Av. Deniz Can K\u0131z\u0131l","image":{"@type":"ImageObject","inLanguage":"en-GB","@id":"https:\/\/denizcankizil.tr\/de\/#\/schema\/person\/image\/","url":"https:\/\/secure.gravatar.com\/avatar\/a0b128fb9855c79efc976d5640eedb31dc35ec297594d6016d2cf7c60e975bb6?s=96&d=mm&r=g","contentUrl":"https:\/\/secure.gravatar.com\/avatar\/a0b128fb9855c79efc976d5640eedb31dc35ec297594d6016d2cf7c60e975bb6?s=96&d=mm&r=g","caption":"Av. Deniz Can K\u0131z\u0131l"},"sameAs":["http:\/\/www.denizcankizil.tr"],"url":"https:\/\/denizcankizil.tr\/en\/author\/denizcankizil\/"}]}},"_links":{"self":[{"href":"https:\/\/denizcankizil.tr\/en\/wp-json\/wp\/v2\/posts\/147947","targetHints":{"allow":["GET"]}}],"collection":[{"href":"https:\/\/denizcankizil.tr\/en\/wp-json\/wp\/v2\/posts"}],"about":[{"href":"https:\/\/denizcankizil.tr\/en\/wp-json\/wp\/v2\/types\/post"}],"author":[{"embeddable":true,"href":"https:\/\/denizcankizil.tr\/en\/wp-json\/wp\/v2\/users\/4"}],"replies":[{"embeddable":true,"href":"https:\/\/denizcankizil.tr\/en\/wp-json\/wp\/v2\/comments?post=147947"}],"version-history":[{"count":0,"href":"https:\/\/denizcankizil.tr\/en\/wp-json\/wp\/v2\/posts\/147947\/revisions"}],"wp:featuredmedia":[{"embeddable":true,"href":"https:\/\/denizcankizil.tr\/en\/wp-json\/wp\/v2\/media\/147948"}],"wp:attachment":[{"href":"https:\/\/denizcankizil.tr\/en\/wp-json\/wp\/v2\/media?parent=147947"}],"wp:term":[{"taxonomy":"category","embeddable":true,"href":"https:\/\/denizcankizil.tr\/en\/wp-json\/wp\/v2\/categories?post=147947"},{"taxonomy":"post_tag","embeddable":true,"href":"https:\/\/denizcankizil.tr\/en\/wp-json\/wp\/v2\/tags?post=147947"}],"curies":[{"name":"wp","href":"https:\/\/api.w.org\/{rel}","templated":true}]}}