{"id":147776,"date":"2025-07-16T12:41:39","date_gmt":"2025-07-16T09:41:39","guid":{"rendered":"https:\/\/denizcankizil.tr\/uncategorized-tr\/anizda-cikan-yangin-asirlik-dugmeli-evleri-kule-dondurdu\/"},"modified":"2025-07-16T12:41:39","modified_gmt":"2025-07-16T09:41:39","slug":"anizda-cikan-yangin-asirlik-dugmeli-evleri-kule-dondurdu","status":"publish","type":"post","link":"https:\/\/denizcankizil.tr\/en\/haberler\/antalya\/anizda-cikan-yangin-asirlik-dugmeli-evleri-kule-dondurdu\/","title":{"rendered":"An\u0131zda \u00c7\u0131kan Yang\u0131n As\u0131rl\u0131k D\u00fc\u011fmeli Evleri K\u00fcle D\u00f6nd\u00fcrd\u00fc"},"content":{"rendered":"<p>Antalya&#8217;n\u0131n Akseki il\u00e7esinde \u00e7\u0131kan an\u0131z yang\u0131n\u0131 d\u00fc\u011fmeli evlere s\u0131\u00e7rad\u0131. Yang\u0131nda 100 y\u0131ll\u0131k iki d\u00fc\u011fmeli ev k\u00fcle d\u00f6nd\u00fc, yak\u0131n\u0131ndaki iki ev de zarar g\u00f6rd\u00fc.<br \/>\nYang\u0131n saat 11.30 s\u0131ralar\u0131nda Akseki il\u00e7esine 60 kilometre mesafedeki Bademli Mahallesi&#8217;nde meydana geldi. Edinilen bilgiye g\u00f6re, an\u0131zda \u00e7\u0131kan yang\u0131n r\u00fczgar\u0131n etkisiyle bir anda b\u00fcy\u00fcd\u00fc. Dumanlar\u0131 fark edenler orman ve itfaiye ekiplerine durumu bildirdi. Bu s\u0131rada mahalle sakinleri de alevlere m\u00fcdahalede bulundu. Yang\u0131n bir s\u00fcre sonra ise iki d\u00fc\u011fmeli eve s\u0131\u00e7rad\u0131. Yang\u0131n ekiplerin m\u00fcdahalesi sonucu s\u00f6nd\u00fcr\u00fcl\u00fcrken, 100 y\u0131ll\u0131k iki d\u00fc\u011fmeli ev k\u00fcle d\u00f6nd\u00fc, bu evlere yak\u0131n noktadaki iki farkl\u0131 evde de zarar meydana geldi.<br \/>\nYang\u0131n an\u0131nda bir sincab\u0131n da korkup telefon dire\u011fine \u00e7\u0131kt\u0131\u011f\u0131 ve ard\u0131ndan da atlad\u0131\u011f\u0131 g\u00f6r\u00fcld\u00fc.<\/p>\n<p>Kaymakam: &#8220;Allah&#8217;a \u015f\u00fck\u00fcr can kayb\u0131m\u0131z yok&#8221;<br \/>\nAkseki Kaymakam\u0131 \u0130brahim Cem Deveci yapt\u0131\u011f\u0131 a\u00e7\u0131klamada, yang\u0131nda 4 evin zarar g\u00f6rd\u00fc\u011f\u00fcn\u00fc belirterek, &#8220;Allah&#8217;a \u015f\u00fck\u00fcr can kayb\u0131m\u0131z yok. \u015euan yang\u0131n kontrol alt\u0131na al\u0131nd\u0131. Vatanda\u015flar\u0131m\u0131za ge\u00e7mi\u015f olsun, kendilerine gerekli deste\u011fi sa\u011flayaca\u011f\u0131z&#8221; dedi.<br \/>\nEvlerinin k\u00fcle d\u00f6nd\u00fc\u011f\u00fcn\u00fc belirten Adem \u00dcnal, &#8220;Baba oca\u011f\u0131m\u0131z vard\u0131, 8 odal\u0131 bir d\u00fc\u011fmeli ev. Hepsi yand\u0131. Amcam\u0131z\u0131n da evi yand\u0131. \u0130stanbul&#8217;dan tatile geldi\u011fimiz evdi, tamam\u0131 gitti. Hi\u00e7bir e\u015fyam\u0131z\u0131 kurtaramad\u0131k&#8221; diye konu\u015ftu.<br \/>\nErcan \u00dcnal da &#8220;Yazlar\u0131 gelince burada kal\u0131yorduk. T\u00fcm e\u015fyalar\u0131m\u0131z\u0131 kurtaramad\u0131k&#8221; dedi.<br \/>\nJandarma ve olay yeri inceleme ekipleri yang\u0131n\u0131n \u00e7\u0131k\u0131\u015f nedeniyle ilgili inceleme ba\u015flatt\u0131.<\/p>\n<p>Kaynak: www.kanalv.com.tr Haber Sitesinden Al\u0131nm\u0131\u015ft\u0131r.<\/p>","protected":false},"excerpt":{"rendered":"<p>Antalya&#8217;n\u0131n Akseki il\u00e7esinde \u00e7\u0131kan an\u0131z yang\u0131n\u0131 d\u00fc\u011fmeli evlere s\u0131\u00e7rad\u0131. Yang\u0131nda 100 y\u0131ll\u0131k iki d\u00fc\u011fmeli ev k\u00fcle d\u00f6nd\u00fc, yak\u0131n\u0131ndaki iki ev de zarar g\u00f6rd\u00fc. Yang\u0131n saat 11.30 s\u0131ralar\u0131nda Akseki il\u00e7esine 60 kilometre mesafedeki Bademli Mahallesi&#8217;nde meydana geldi. Edinilen bilgiye g\u00f6re, an\u0131zda \u00e7\u0131kan yang\u0131n r\u00fczgar\u0131n etkisiyle bir anda b\u00fcy\u00fcd\u00fc. Dumanlar\u0131 fark edenler orman ve itfaiye ekiplerine durumu bildirdi. Bu s\u0131rada mahalle sakinleri de alevlere m\u00fcdahalede bulundu. Yang\u0131n bir s\u00fcre sonra ise iki d\u00fc\u011fmeli eve s\u0131\u00e7rad\u0131. Yang\u0131n ekiplerin m\u00fcdahalesi sonucu s\u00f6nd\u00fcr\u00fcl\u00fcrken, 100 y\u0131ll\u0131k iki d\u00fc\u011fmeli ev k\u00fcle d\u00f6nd\u00fc, bu evlere yak\u0131n noktadaki iki farkl\u0131 evde de zarar meydana geldi. Yang\u0131n an\u0131nda bir sincab\u0131n da korkup telefon dire\u011fine \u00e7\u0131kt\u0131\u011f\u0131 ve ard\u0131ndan da atlad\u0131\u011f\u0131 g\u00f6r\u00fcld\u00fc. Kaymakam: &#8220;Allah&#8217;a \u015f\u00fck\u00fcr can kayb\u0131m\u0131z yok&#8221; Akseki Kaymakam\u0131 \u0130brahim Cem Deveci yapt\u0131\u011f\u0131 a\u00e7\u0131klamada, yang\u0131nda 4 evin zarar g\u00f6rd\u00fc\u011f\u00fcn\u00fc belirterek, &#8220;Allah&#8217;a \u015f\u00fck\u00fcr can kayb\u0131m\u0131z yok. \u015euan yang\u0131n kontrol alt\u0131na al\u0131nd\u0131. Vatanda\u015flar\u0131m\u0131za ge\u00e7mi\u015f olsun, kendilerine gerekli deste\u011fi sa\u011flayaca\u011f\u0131z&#8221; dedi. Evlerinin k\u00fcle d\u00f6nd\u00fc\u011f\u00fcn\u00fc belirten Adem \u00dcnal, &#8220;Baba oca\u011f\u0131m\u0131z vard\u0131, 8 odal\u0131 bir d\u00fc\u011fmeli ev. Hepsi yand\u0131. Amcam\u0131z\u0131n da evi yand\u0131. \u0130stanbul&#8217;dan tatile geldi\u011fimiz evdi, tamam\u0131 gitti. Hi\u00e7bir e\u015fyam\u0131z\u0131 kurtaramad\u0131k&#8221; diye konu\u015ftu. Ercan \u00dcnal da &#8220;Yazlar\u0131 gelince burada kal\u0131yorduk. T\u00fcm e\u015fyalar\u0131m\u0131z\u0131 kurtaramad\u0131k&#8221; dedi. Jandarma ve olay yeri inceleme ekipleri yang\u0131n\u0131n \u00e7\u0131k\u0131\u015f nedeniyle ilgili inceleme &hellip;<\/p>","protected":false},"author":4,"featured_media":147777,"comment_status":"","ping_status":"open","sticky":false,"template":"","format":"standard","meta":{"_acf_changed":false,"footnotes":""},"categories":[26],"tags":[],"class_list":["post-147776","post","type-post","status-publish","format-standard","has-post-thumbnail","hentry","category-antalya"],"acf":[],"yoast_head":"<!-- This site is optimized with the Yoast SEO Premium plugin v26.6 (Yoast SEO v27.1.1) - https:\/\/yoast.com\/product\/yoast-seo-premium-wordpress\/ -->\n<title>An\u0131zda \u00c7\u0131kan Yang\u0131n As\u0131rl\u0131k D\u00fc\u011fmeli Evleri K\u00fcle D\u00f6nd\u00fcrd\u00fc - Av. Deniz Can K\u0131z\u0131l<\/title>\n<meta name=\"robots\" content=\"index, follow, max-snippet:-1, max-image-preview:large, max-video-preview:-1\" \/>\n<link rel=\"canonical\" href=\"http:\/\/denizcankizil.tr\/en\/haberler\/antalya\/anizda-cikan-yangin-asirlik-dugmeli-evleri-kule-dondurdu\/\" \/>\n<meta property=\"og:locale\" content=\"en_GB\" \/>\n<meta property=\"og:type\" content=\"article\" \/>\n<meta property=\"og:title\" content=\"An\u0131zda \u00c7\u0131kan Yang\u0131n As\u0131rl\u0131k D\u00fc\u011fmeli Evleri K\u00fcle D\u00f6nd\u00fcrd\u00fc\" \/>\n<meta property=\"og:description\" content=\"Antalya&#8217;n\u0131n Akseki il\u00e7esinde \u00e7\u0131kan an\u0131z yang\u0131n\u0131 d\u00fc\u011fmeli evlere s\u0131\u00e7rad\u0131. Yang\u0131nda 100 y\u0131ll\u0131k iki d\u00fc\u011fmeli ev k\u00fcle d\u00f6nd\u00fc, yak\u0131n\u0131ndaki iki ev de zarar g\u00f6rd\u00fc. Yang\u0131n saat 11.30 s\u0131ralar\u0131nda Akseki il\u00e7esine 60 kilometre mesafedeki Bademli Mahallesi&#8217;nde meydana geldi. Edinilen bilgiye g\u00f6re, an\u0131zda \u00e7\u0131kan yang\u0131n r\u00fczgar\u0131n etkisiyle bir anda b\u00fcy\u00fcd\u00fc. Dumanlar\u0131 fark edenler orman ve itfaiye ekiplerine durumu bildirdi. Bu s\u0131rada mahalle sakinleri de alevlere m\u00fcdahalede bulundu. Yang\u0131n bir s\u00fcre sonra ise iki d\u00fc\u011fmeli eve s\u0131\u00e7rad\u0131. Yang\u0131n ekiplerin m\u00fcdahalesi sonucu s\u00f6nd\u00fcr\u00fcl\u00fcrken, 100 y\u0131ll\u0131k iki d\u00fc\u011fmeli ev k\u00fcle d\u00f6nd\u00fc, bu evlere yak\u0131n noktadaki iki farkl\u0131 evde de zarar meydana geldi. Yang\u0131n an\u0131nda bir sincab\u0131n da korkup telefon dire\u011fine \u00e7\u0131kt\u0131\u011f\u0131 ve ard\u0131ndan da atlad\u0131\u011f\u0131 g\u00f6r\u00fcld\u00fc. Kaymakam: &#8220;Allah&#8217;a \u015f\u00fck\u00fcr can kayb\u0131m\u0131z yok&#8221; Akseki Kaymakam\u0131 \u0130brahim Cem Deveci yapt\u0131\u011f\u0131 a\u00e7\u0131klamada, yang\u0131nda 4 evin zarar g\u00f6rd\u00fc\u011f\u00fcn\u00fc belirterek, &#8220;Allah&#8217;a \u015f\u00fck\u00fcr can kayb\u0131m\u0131z yok. \u015euan yang\u0131n kontrol alt\u0131na al\u0131nd\u0131. Vatanda\u015flar\u0131m\u0131za ge\u00e7mi\u015f olsun, kendilerine gerekli deste\u011fi sa\u011flayaca\u011f\u0131z&#8221; dedi. Evlerinin k\u00fcle d\u00f6nd\u00fc\u011f\u00fcn\u00fc belirten Adem \u00dcnal, &#8220;Baba oca\u011f\u0131m\u0131z vard\u0131, 8 odal\u0131 bir d\u00fc\u011fmeli ev. Hepsi yand\u0131. Amcam\u0131z\u0131n da evi yand\u0131. \u0130stanbul&#8217;dan tatile geldi\u011fimiz evdi, tamam\u0131 gitti. Hi\u00e7bir e\u015fyam\u0131z\u0131 kurtaramad\u0131k&#8221; diye konu\u015ftu. Ercan \u00dcnal da &#8220;Yazlar\u0131 gelince burada kal\u0131yorduk. T\u00fcm e\u015fyalar\u0131m\u0131z\u0131 kurtaramad\u0131k&#8221; dedi. Jandarma ve olay yeri inceleme ekipleri yang\u0131n\u0131n \u00e7\u0131k\u0131\u015f nedeniyle ilgili inceleme &hellip;\" \/>\n<meta property=\"og:url\" content=\"http:\/\/denizcankizil.tr\/en\/haberler\/antalya\/anizda-cikan-yangin-asirlik-dugmeli-evleri-kule-dondurdu\/\" \/>\n<meta property=\"og:site_name\" content=\"Av. Deniz Can K\u0131z\u0131l\" \/>\n<meta property=\"article:published_time\" content=\"2025-07-16T09:41:39+00:00\" \/>\n<meta property=\"og:image\" content=\"http:\/\/denizcankizil.tr\/wp-content\/uploads\/2025\/07\/a-w497616-08-1-xvqncK.jpg\" \/>\n\t<meta property=\"og:image:width\" content=\"1280\" \/>\n\t<meta property=\"og:image:height\" content=\"720\" \/>\n\t<meta property=\"og:image:type\" content=\"image\/jpeg\" \/>\n<meta name=\"author\" content=\"Av. Deniz Can K\u0131z\u0131l\" \/>\n<meta name=\"twitter:card\" content=\"summary_large_image\" \/>\n<meta name=\"twitter:label1\" content=\"Written by\" \/>\n\t<meta name=\"twitter:data1\" content=\"Av. Deniz Can K\u0131z\u0131l\" \/>\n\t<meta name=\"twitter:label2\" content=\"Estimated reading time\" \/>\n\t<meta name=\"twitter:data2\" content=\"2 minutes\" \/>\n<script type=\"application\/ld+json\" class=\"yoast-schema-graph\">{\"@context\":\"https:\/\/schema.org\",\"@graph\":[{\"@type\":\"Article\",\"@id\":\"http:\/\/denizcankizil.tr\/de\/haberler\/antalya\/anizda-cikan-yangin-asirlik-dugmeli-evleri-kule-dondurdu\/#article\",\"isPartOf\":{\"@id\":\"http:\/\/denizcankizil.tr\/de\/haberler\/antalya\/anizda-cikan-yangin-asirlik-dugmeli-evleri-kule-dondurdu\/\"},\"author\":{\"name\":\"Av. Deniz Can K\u0131z\u0131l\",\"@id\":\"https:\/\/denizcankizil.tr\/de\/#\/schema\/person\/5dc1b22991bd7ac833867c10afc9b0ff\"},\"headline\":\"An\u0131zda \u00c7\u0131kan Yang\u0131n As\u0131rl\u0131k D\u00fc\u011fmeli Evleri K\u00fcle D\u00f6nd\u00fcrd\u00fc\",\"datePublished\":\"2025-07-16T09:41:39+00:00\",\"mainEntityOfPage\":{\"@id\":\"http:\/\/denizcankizil.tr\/de\/haberler\/antalya\/anizda-cikan-yangin-asirlik-dugmeli-evleri-kule-dondurdu\/\"},\"wordCount\":321,\"publisher\":{\"@id\":\"https:\/\/denizcankizil.tr\/de\/#organization\"},\"image\":{\"@id\":\"http:\/\/denizcankizil.tr\/de\/haberler\/antalya\/anizda-cikan-yangin-asirlik-dugmeli-evleri-kule-dondurdu\/#primaryimage\"},\"thumbnailUrl\":\"https:\/\/denizcankizil.tr\/wp-content\/uploads\/2025\/07\/a-w497616-08-1-xvqncK.jpg\",\"articleSection\":[\"Antalya\"],\"inLanguage\":\"en-GB\"},{\"@type\":\"WebPage\",\"@id\":\"http:\/\/denizcankizil.tr\/de\/haberler\/antalya\/anizda-cikan-yangin-asirlik-dugmeli-evleri-kule-dondurdu\/\",\"url\":\"http:\/\/denizcankizil.tr\/de\/haberler\/antalya\/anizda-cikan-yangin-asirlik-dugmeli-evleri-kule-dondurdu\/\",\"name\":\"An\u0131zda \u00c7\u0131kan Yang\u0131n As\u0131rl\u0131k D\u00fc\u011fmeli Evleri K\u00fcle D\u00f6nd\u00fcrd\u00fc - Av. Deniz Can K\u0131z\u0131l\",\"isPartOf\":{\"@id\":\"https:\/\/denizcankizil.tr\/de\/#website\"},\"primaryImageOfPage\":{\"@id\":\"http:\/\/denizcankizil.tr\/de\/haberler\/antalya\/anizda-cikan-yangin-asirlik-dugmeli-evleri-kule-dondurdu\/#primaryimage\"},\"image\":{\"@id\":\"http:\/\/denizcankizil.tr\/de\/haberler\/antalya\/anizda-cikan-yangin-asirlik-dugmeli-evleri-kule-dondurdu\/#primaryimage\"},\"thumbnailUrl\":\"https:\/\/denizcankizil.tr\/wp-content\/uploads\/2025\/07\/a-w497616-08-1-xvqncK.jpg\",\"datePublished\":\"2025-07-16T09:41:39+00:00\",\"breadcrumb\":{\"@id\":\"http:\/\/denizcankizil.tr\/de\/haberler\/antalya\/anizda-cikan-yangin-asirlik-dugmeli-evleri-kule-dondurdu\/#breadcrumb\"},\"inLanguage\":\"en-GB\",\"potentialAction\":[{\"@type\":\"ReadAction\",\"target\":[\"http:\/\/denizcankizil.tr\/de\/haberler\/antalya\/anizda-cikan-yangin-asirlik-dugmeli-evleri-kule-dondurdu\/\"]}]},{\"@type\":\"ImageObject\",\"inLanguage\":\"en-GB\",\"@id\":\"http:\/\/denizcankizil.tr\/de\/haberler\/antalya\/anizda-cikan-yangin-asirlik-dugmeli-evleri-kule-dondurdu\/#primaryimage\",\"url\":\"https:\/\/denizcankizil.tr\/wp-content\/uploads\/2025\/07\/a-w497616-08-1-xvqncK.jpg\",\"contentUrl\":\"https:\/\/denizcankizil.tr\/wp-content\/uploads\/2025\/07\/a-w497616-08-1-xvqncK.jpg\",\"width\":1280,\"height\":720},{\"@type\":\"BreadcrumbList\",\"@id\":\"http:\/\/denizcankizil.tr\/de\/haberler\/antalya\/anizda-cikan-yangin-asirlik-dugmeli-evleri-kule-dondurdu\/#breadcrumb\",\"itemListElement\":[{\"@type\":\"ListItem\",\"position\":1,\"name\":\"Home\",\"item\":\"https:\/\/denizcankizil.tr\/de\/\"},{\"@type\":\"ListItem\",\"position\":2,\"name\":\"An\u0131zda \u00c7\u0131kan Yang\u0131n As\u0131rl\u0131k D\u00fc\u011fmeli Evleri K\u00fcle D\u00f6nd\u00fcrd\u00fc\"}]},{\"@type\":\"WebSite\",\"@id\":\"https:\/\/denizcankizil.tr\/de\/#website\",\"url\":\"https:\/\/denizcankizil.tr\/de\/\",\"name\":\"Av. Deniz Can K\u0131z\u0131l\",\"description\":\"Avukat Deniz Can K\u0131z\u0131l Antalya Barosu\",\"publisher\":{\"@id\":\"https:\/\/denizcankizil.tr\/de\/#organization\"},\"potentialAction\":[{\"@type\":\"SearchAction\",\"target\":{\"@type\":\"EntryPoint\",\"urlTemplate\":\"https:\/\/denizcankizil.tr\/de\/?s={search_term_string}\"},\"query-input\":{\"@type\":\"PropertyValueSpecification\",\"valueRequired\":true,\"valueName\":\"search_term_string\"}}],\"inLanguage\":\"en-GB\"},{\"@type\":\"Organization\",\"@id\":\"https:\/\/denizcankizil.tr\/de\/#organization\",\"name\":\"Av. Deniz Can K\u0131z\u0131l\",\"url\":\"https:\/\/denizcankizil.tr\/de\/\",\"logo\":{\"@type\":\"ImageObject\",\"inLanguage\":\"en-GB\",\"@id\":\"https:\/\/denizcankizil.tr\/de\/#\/schema\/logo\/image\/\",\"url\":\"https:\/\/denizcankizil.tr\/wp-content\/uploads\/2024\/10\/siyah-logo-svg.svg\",\"contentUrl\":\"https:\/\/denizcankizil.tr\/wp-content\/uploads\/2024\/10\/siyah-logo-svg.svg\",\"width\":1080,\"height\":1080,\"caption\":\"Av. Deniz Can K\u0131z\u0131l\"},\"image\":{\"@id\":\"https:\/\/denizcankizil.tr\/de\/#\/schema\/logo\/image\/\"}},{\"@type\":\"Person\",\"@id\":\"https:\/\/denizcankizil.tr\/de\/#\/schema\/person\/5dc1b22991bd7ac833867c10afc9b0ff\",\"name\":\"Av. Deniz Can K\u0131z\u0131l\",\"image\":{\"@type\":\"ImageObject\",\"inLanguage\":\"en-GB\",\"@id\":\"https:\/\/denizcankizil.tr\/de\/#\/schema\/person\/image\/\",\"url\":\"https:\/\/secure.gravatar.com\/avatar\/a0b128fb9855c79efc976d5640eedb31dc35ec297594d6016d2cf7c60e975bb6?s=96&d=mm&r=g\",\"contentUrl\":\"https:\/\/secure.gravatar.com\/avatar\/a0b128fb9855c79efc976d5640eedb31dc35ec297594d6016d2cf7c60e975bb6?s=96&d=mm&r=g\",\"caption\":\"Av. Deniz Can K\u0131z\u0131l\"},\"sameAs\":[\"http:\/\/www.denizcankizil.tr\"],\"url\":\"https:\/\/denizcankizil.tr\/en\/author\/denizcankizil\/\"}]}<\/script>\n<!-- \/ Yoast SEO Premium plugin. -->","yoast_head_json":{"title":"An\u0131zda \u00c7\u0131kan Yang\u0131n As\u0131rl\u0131k D\u00fc\u011fmeli Evleri K\u00fcle D\u00f6nd\u00fcrd\u00fc - Av. Deniz Can K\u0131z\u0131l","robots":{"index":"index","follow":"follow","max-snippet":"max-snippet:-1","max-image-preview":"max-image-preview:large","max-video-preview":"max-video-preview:-1"},"canonical":"http:\/\/denizcankizil.tr\/en\/haberler\/antalya\/anizda-cikan-yangin-asirlik-dugmeli-evleri-kule-dondurdu\/","og_locale":"en_GB","og_type":"article","og_title":"An\u0131zda \u00c7\u0131kan Yang\u0131n As\u0131rl\u0131k D\u00fc\u011fmeli Evleri K\u00fcle D\u00f6nd\u00fcrd\u00fc","og_description":"Antalya&#8217;n\u0131n Akseki il\u00e7esinde \u00e7\u0131kan an\u0131z yang\u0131n\u0131 d\u00fc\u011fmeli evlere s\u0131\u00e7rad\u0131. Yang\u0131nda 100 y\u0131ll\u0131k iki d\u00fc\u011fmeli ev k\u00fcle d\u00f6nd\u00fc, yak\u0131n\u0131ndaki iki ev de zarar g\u00f6rd\u00fc. Yang\u0131n saat 11.30 s\u0131ralar\u0131nda Akseki il\u00e7esine 60 kilometre mesafedeki Bademli Mahallesi&#8217;nde meydana geldi. Edinilen bilgiye g\u00f6re, an\u0131zda \u00e7\u0131kan yang\u0131n r\u00fczgar\u0131n etkisiyle bir anda b\u00fcy\u00fcd\u00fc. Dumanlar\u0131 fark edenler orman ve itfaiye ekiplerine durumu bildirdi. Bu s\u0131rada mahalle sakinleri de alevlere m\u00fcdahalede bulundu. Yang\u0131n bir s\u00fcre sonra ise iki d\u00fc\u011fmeli eve s\u0131\u00e7rad\u0131. Yang\u0131n ekiplerin m\u00fcdahalesi sonucu s\u00f6nd\u00fcr\u00fcl\u00fcrken, 100 y\u0131ll\u0131k iki d\u00fc\u011fmeli ev k\u00fcle d\u00f6nd\u00fc, bu evlere yak\u0131n noktadaki iki farkl\u0131 evde de zarar meydana geldi. Yang\u0131n an\u0131nda bir sincab\u0131n da korkup telefon dire\u011fine \u00e7\u0131kt\u0131\u011f\u0131 ve ard\u0131ndan da atlad\u0131\u011f\u0131 g\u00f6r\u00fcld\u00fc. Kaymakam: &#8220;Allah&#8217;a \u015f\u00fck\u00fcr can kayb\u0131m\u0131z yok&#8221; Akseki Kaymakam\u0131 \u0130brahim Cem Deveci yapt\u0131\u011f\u0131 a\u00e7\u0131klamada, yang\u0131nda 4 evin zarar g\u00f6rd\u00fc\u011f\u00fcn\u00fc belirterek, &#8220;Allah&#8217;a \u015f\u00fck\u00fcr can kayb\u0131m\u0131z yok. \u015euan yang\u0131n kontrol alt\u0131na al\u0131nd\u0131. Vatanda\u015flar\u0131m\u0131za ge\u00e7mi\u015f olsun, kendilerine gerekli deste\u011fi sa\u011flayaca\u011f\u0131z&#8221; dedi. Evlerinin k\u00fcle d\u00f6nd\u00fc\u011f\u00fcn\u00fc belirten Adem \u00dcnal, &#8220;Baba oca\u011f\u0131m\u0131z vard\u0131, 8 odal\u0131 bir d\u00fc\u011fmeli ev. Hepsi yand\u0131. Amcam\u0131z\u0131n da evi yand\u0131. \u0130stanbul&#8217;dan tatile geldi\u011fimiz evdi, tamam\u0131 gitti. Hi\u00e7bir e\u015fyam\u0131z\u0131 kurtaramad\u0131k&#8221; diye konu\u015ftu. Ercan \u00dcnal da &#8220;Yazlar\u0131 gelince burada kal\u0131yorduk. T\u00fcm e\u015fyalar\u0131m\u0131z\u0131 kurtaramad\u0131k&#8221; dedi. Jandarma ve olay yeri inceleme ekipleri yang\u0131n\u0131n \u00e7\u0131k\u0131\u015f nedeniyle ilgili inceleme &hellip;","og_url":"http:\/\/denizcankizil.tr\/en\/haberler\/antalya\/anizda-cikan-yangin-asirlik-dugmeli-evleri-kule-dondurdu\/","og_site_name":"Av. Deniz Can K\u0131z\u0131l","article_published_time":"2025-07-16T09:41:39+00:00","og_image":[{"width":1280,"height":720,"url":"http:\/\/denizcankizil.tr\/wp-content\/uploads\/2025\/07\/a-w497616-08-1-xvqncK.jpg","type":"image\/jpeg"}],"author":"Av. Deniz Can K\u0131z\u0131l","twitter_card":"summary_large_image","twitter_misc":{"Written by":"Av. Deniz Can K\u0131z\u0131l","Estimated reading time":"2 minutes"},"schema":{"@context":"https:\/\/schema.org","@graph":[{"@type":"Article","@id":"http:\/\/denizcankizil.tr\/de\/haberler\/antalya\/anizda-cikan-yangin-asirlik-dugmeli-evleri-kule-dondurdu\/#article","isPartOf":{"@id":"http:\/\/denizcankizil.tr\/de\/haberler\/antalya\/anizda-cikan-yangin-asirlik-dugmeli-evleri-kule-dondurdu\/"},"author":{"name":"Av. Deniz Can K\u0131z\u0131l","@id":"https:\/\/denizcankizil.tr\/de\/#\/schema\/person\/5dc1b22991bd7ac833867c10afc9b0ff"},"headline":"An\u0131zda \u00c7\u0131kan Yang\u0131n As\u0131rl\u0131k D\u00fc\u011fmeli Evleri K\u00fcle D\u00f6nd\u00fcrd\u00fc","datePublished":"2025-07-16T09:41:39+00:00","mainEntityOfPage":{"@id":"http:\/\/denizcankizil.tr\/de\/haberler\/antalya\/anizda-cikan-yangin-asirlik-dugmeli-evleri-kule-dondurdu\/"},"wordCount":321,"publisher":{"@id":"https:\/\/denizcankizil.tr\/de\/#organization"},"image":{"@id":"http:\/\/denizcankizil.tr\/de\/haberler\/antalya\/anizda-cikan-yangin-asirlik-dugmeli-evleri-kule-dondurdu\/#primaryimage"},"thumbnailUrl":"https:\/\/denizcankizil.tr\/wp-content\/uploads\/2025\/07\/a-w497616-08-1-xvqncK.jpg","articleSection":["Antalya"],"inLanguage":"en-GB"},{"@type":"WebPage","@id":"http:\/\/denizcankizil.tr\/de\/haberler\/antalya\/anizda-cikan-yangin-asirlik-dugmeli-evleri-kule-dondurdu\/","url":"http:\/\/denizcankizil.tr\/de\/haberler\/antalya\/anizda-cikan-yangin-asirlik-dugmeli-evleri-kule-dondurdu\/","name":"An\u0131zda \u00c7\u0131kan Yang\u0131n As\u0131rl\u0131k D\u00fc\u011fmeli Evleri K\u00fcle D\u00f6nd\u00fcrd\u00fc - Av. Deniz Can K\u0131z\u0131l","isPartOf":{"@id":"https:\/\/denizcankizil.tr\/de\/#website"},"primaryImageOfPage":{"@id":"http:\/\/denizcankizil.tr\/de\/haberler\/antalya\/anizda-cikan-yangin-asirlik-dugmeli-evleri-kule-dondurdu\/#primaryimage"},"image":{"@id":"http:\/\/denizcankizil.tr\/de\/haberler\/antalya\/anizda-cikan-yangin-asirlik-dugmeli-evleri-kule-dondurdu\/#primaryimage"},"thumbnailUrl":"https:\/\/denizcankizil.tr\/wp-content\/uploads\/2025\/07\/a-w497616-08-1-xvqncK.jpg","datePublished":"2025-07-16T09:41:39+00:00","breadcrumb":{"@id":"http:\/\/denizcankizil.tr\/de\/haberler\/antalya\/anizda-cikan-yangin-asirlik-dugmeli-evleri-kule-dondurdu\/#breadcrumb"},"inLanguage":"en-GB","potentialAction":[{"@type":"ReadAction","target":["http:\/\/denizcankizil.tr\/de\/haberler\/antalya\/anizda-cikan-yangin-asirlik-dugmeli-evleri-kule-dondurdu\/"]}]},{"@type":"ImageObject","inLanguage":"en-GB","@id":"http:\/\/denizcankizil.tr\/de\/haberler\/antalya\/anizda-cikan-yangin-asirlik-dugmeli-evleri-kule-dondurdu\/#primaryimage","url":"https:\/\/denizcankizil.tr\/wp-content\/uploads\/2025\/07\/a-w497616-08-1-xvqncK.jpg","contentUrl":"https:\/\/denizcankizil.tr\/wp-content\/uploads\/2025\/07\/a-w497616-08-1-xvqncK.jpg","width":1280,"height":720},{"@type":"BreadcrumbList","@id":"http:\/\/denizcankizil.tr\/de\/haberler\/antalya\/anizda-cikan-yangin-asirlik-dugmeli-evleri-kule-dondurdu\/#breadcrumb","itemListElement":[{"@type":"ListItem","position":1,"name":"Home","item":"https:\/\/denizcankizil.tr\/de\/"},{"@type":"ListItem","position":2,"name":"An\u0131zda \u00c7\u0131kan Yang\u0131n As\u0131rl\u0131k D\u00fc\u011fmeli Evleri K\u00fcle D\u00f6nd\u00fcrd\u00fc"}]},{"@type":"WebSite","@id":"https:\/\/denizcankizil.tr\/de\/#website","url":"https:\/\/denizcankizil.tr\/de\/","name":"Av. Deniz Can K\u0131z\u0131l","description":"Avukat Deniz Can K\u0131z\u0131l Antalya Barosu","publisher":{"@id":"https:\/\/denizcankizil.tr\/de\/#organization"},"potentialAction":[{"@type":"SearchAction","target":{"@type":"EntryPoint","urlTemplate":"https:\/\/denizcankizil.tr\/de\/?s={search_term_string}"},"query-input":{"@type":"PropertyValueSpecification","valueRequired":true,"valueName":"search_term_string"}}],"inLanguage":"en-GB"},{"@type":"Organization","@id":"https:\/\/denizcankizil.tr\/de\/#organization","name":"Av. Deniz Can K\u0131z\u0131l","url":"https:\/\/denizcankizil.tr\/de\/","logo":{"@type":"ImageObject","inLanguage":"en-GB","@id":"https:\/\/denizcankizil.tr\/de\/#\/schema\/logo\/image\/","url":"https:\/\/denizcankizil.tr\/wp-content\/uploads\/2024\/10\/siyah-logo-svg.svg","contentUrl":"https:\/\/denizcankizil.tr\/wp-content\/uploads\/2024\/10\/siyah-logo-svg.svg","width":1080,"height":1080,"caption":"Av. Deniz Can K\u0131z\u0131l"},"image":{"@id":"https:\/\/denizcankizil.tr\/de\/#\/schema\/logo\/image\/"}},{"@type":"Person","@id":"https:\/\/denizcankizil.tr\/de\/#\/schema\/person\/5dc1b22991bd7ac833867c10afc9b0ff","name":"Av. Deniz Can K\u0131z\u0131l","image":{"@type":"ImageObject","inLanguage":"en-GB","@id":"https:\/\/denizcankizil.tr\/de\/#\/schema\/person\/image\/","url":"https:\/\/secure.gravatar.com\/avatar\/a0b128fb9855c79efc976d5640eedb31dc35ec297594d6016d2cf7c60e975bb6?s=96&d=mm&r=g","contentUrl":"https:\/\/secure.gravatar.com\/avatar\/a0b128fb9855c79efc976d5640eedb31dc35ec297594d6016d2cf7c60e975bb6?s=96&d=mm&r=g","caption":"Av. Deniz Can K\u0131z\u0131l"},"sameAs":["http:\/\/www.denizcankizil.tr"],"url":"https:\/\/denizcankizil.tr\/en\/author\/denizcankizil\/"}]}},"_links":{"self":[{"href":"https:\/\/denizcankizil.tr\/en\/wp-json\/wp\/v2\/posts\/147776","targetHints":{"allow":["GET"]}}],"collection":[{"href":"https:\/\/denizcankizil.tr\/en\/wp-json\/wp\/v2\/posts"}],"about":[{"href":"https:\/\/denizcankizil.tr\/en\/wp-json\/wp\/v2\/types\/post"}],"author":[{"embeddable":true,"href":"https:\/\/denizcankizil.tr\/en\/wp-json\/wp\/v2\/users\/4"}],"replies":[{"embeddable":true,"href":"https:\/\/denizcankizil.tr\/en\/wp-json\/wp\/v2\/comments?post=147776"}],"version-history":[{"count":0,"href":"https:\/\/denizcankizil.tr\/en\/wp-json\/wp\/v2\/posts\/147776\/revisions"}],"wp:featuredmedia":[{"embeddable":true,"href":"https:\/\/denizcankizil.tr\/en\/wp-json\/wp\/v2\/media\/147777"}],"wp:attachment":[{"href":"https:\/\/denizcankizil.tr\/en\/wp-json\/wp\/v2\/media?parent=147776"}],"wp:term":[{"taxonomy":"category","embeddable":true,"href":"https:\/\/denizcankizil.tr\/en\/wp-json\/wp\/v2\/categories?post=147776"},{"taxonomy":"post_tag","embeddable":true,"href":"https:\/\/denizcankizil.tr\/en\/wp-json\/wp\/v2\/tags?post=147776"}],"curies":[{"name":"wp","href":"https:\/\/api.w.org\/{rel}","templated":true}]}}