{"id":146916,"date":"2025-07-15T16:42:35","date_gmt":"2025-07-15T13:42:35","guid":{"rendered":"https:\/\/denizcankizil.tr\/uncategorized-tr\/15-temmuz-sehitleri-mevlid-ile-yad-edildi\/"},"modified":"2025-07-15T16:42:35","modified_gmt":"2025-07-15T13:42:35","slug":"15-temmuz-sehitleri-mevlid-ile-yad-edildi","status":"publish","type":"post","link":"https:\/\/denizcankizil.tr\/en\/haberler\/gundem\/15-temmuz-sehitleri-mevlid-ile-yad-edildi\/","title":{"rendered":"15 Temmuz \u015eehitleri Mevlid ile Y\u00e2d Edildi"},"content":{"rendered":"<p>TOK\u0130 Rasulullah Camii\u2019nde ger\u00e7ekle\u015ftirilen programa Hatay Valisi Mustafa Masatl\u0131, \u0130l Garnizon Komutan\u0131 Tu\u011fgeneral Ali Mete, \u0130l Emniyet M\u00fcd\u00fcr\u00fc Kadir G\u00f6kce ve protokol \u00fcyelerinin yan\u0131 s\u0131ra \u00e7ok say\u0131da vatanda\u015f kat\u0131ld\u0131.<\/p>\n<p>Programda, devletin bekas\u0131n\u0131, milletin ba\u011f\u0131ms\u0131zl\u0131\u011f\u0131n\u0131, demokrasi ve toplumsal birli\u011fi hedef alan 15 Temmuz hain darbe giri\u015fiminde \u015fehit d\u00fc\u015fen 252 kahraman i\u00e7in dualar edildi. Mevlid-i \u015eerif Kuran tilavetleriyle ruhlar\u0131 \u015f\u00e2d edilen \u015fehitler i\u00e7in cami cemaati hep birlikte ellerini semaya a\u00e7t\u0131.<\/p>\n<p>Program sonunda t\u00fcm \u015fehitlere bir kez daha rahmet, minnet ve \u015f\u00fckran dilekleri sunuldu. Kat\u0131l\u0131mc\u0131lar, 15 Temmuz\u2019un unutulmamas\u0131 ve gelecek nesillere aktar\u0131lmas\u0131 gerekti\u011fine vurgu yapt\u0131.<\/p>\n<p><img decoding=\"async\" alt=\"519941998 18063743477230943 6566801342566852928 N\" class=\"detail-photo img-fluid lazyload\" height=\"710\" data-src=\"https:\/\/iskenderunorg.teimg.com\/iskenderun-org\/uploads\/2025\/07\/2025\/07\/519941998-18063743477230943-6566801342566852928-n.jpg\" width=\"1065\" src=\"data:image\/svg+xml;base64,PHN2ZyB3aWR0aD0iMSIgaGVpZ2h0PSIxIiB4bWxucz0iaHR0cDovL3d3dy53My5vcmcvMjAwMC9zdmciPjwvc3ZnPg==\" style=\"--smush-placeholder-width: 1065px; --smush-placeholder-aspect-ratio: 1065\/710;\" \/><img decoding=\"async\" alt=\"520282435 18063743474230943 8215452882125382687 N\" class=\"detail-photo img-fluid lazyload\" height=\"710\" data-src=\"https:\/\/iskenderunorg.teimg.com\/iskenderun-org\/uploads\/2025\/07\/2025\/07\/520282435-18063743474230943-8215452882125382687-n.jpg\" width=\"1066\" src=\"data:image\/svg+xml;base64,PHN2ZyB3aWR0aD0iMSIgaGVpZ2h0PSIxIiB4bWxucz0iaHR0cDovL3d3dy53My5vcmcvMjAwMC9zdmciPjwvc3ZnPg==\" style=\"--smush-placeholder-width: 1066px; --smush-placeholder-aspect-ratio: 1066\/710;\" \/><\/p>\n<p>\u200bHatay\u2019\u0131n Antakya il\u00e7esinde 15 Temmuz Demokrasi ve Mill\u00ee Birlik G\u00fcn\u00fc etkinlikleri kapsam\u0131nda, hain darbe giri\u015fiminde \u015fehit d\u00fc\u015fen kahramanlar ile vatan u\u011fruna canlar\u0131n\u0131 feda eden t\u00fcm \u015fehitler i\u00e7in Mevlid-i \u015eerif program\u0131 d\u00fczenlendi.\u00a0<\/p>\n<p>\u200bHaberin Al\u0131nt\u0131land\u0131\u011f\u0131 Kaynak: www.iskenderun.org<\/p>","protected":false},"excerpt":{"rendered":"<p>TOK\u0130 Rasulullah Camii\u2019nde ger\u00e7ekle\u015ftirilen programa Hatay Valisi Mustafa Masatl\u0131, \u0130l Garnizon Komutan\u0131 Tu\u011fgeneral Ali Mete, \u0130l Emniyet M\u00fcd\u00fcr\u00fc Kadir G\u00f6kce ve protokol \u00fcyelerinin yan\u0131 s\u0131ra \u00e7ok say\u0131da vatanda\u015f kat\u0131ld\u0131. Programda, devletin bekas\u0131n\u0131, milletin ba\u011f\u0131ms\u0131zl\u0131\u011f\u0131n\u0131, demokrasi ve toplumsal birli\u011fi hedef alan 15 Temmuz hain darbe giri\u015fiminde \u015fehit d\u00fc\u015fen 252 kahraman i\u00e7in dualar edildi. Mevlid-i \u015eerif Kuran tilavetleriyle ruhlar\u0131 \u015f\u00e2d edilen \u015fehitler i\u00e7in cami cemaati hep birlikte ellerini semaya a\u00e7t\u0131. Program sonunda t\u00fcm \u015fehitlere bir kez daha rahmet, minnet ve \u015f\u00fckran dilekleri sunuldu. Kat\u0131l\u0131mc\u0131lar, 15 Temmuz\u2019un unutulmamas\u0131 ve gelecek nesillere aktar\u0131lmas\u0131 gerekti\u011fine vurgu yapt\u0131. \u200bHatay\u2019\u0131n Antakya il\u00e7esinde 15 Temmuz Demokrasi ve Mill\u00ee Birlik G\u00fcn\u00fc etkinlikleri kapsam\u0131nda, hain darbe giri\u015fiminde \u015fehit d\u00fc\u015fen kahramanlar ile vatan u\u011fruna canlar\u0131n\u0131 feda eden t\u00fcm \u015fehitler i\u00e7in Mevlid-i \u015eerif program\u0131 d\u00fczenlendi.\u00a0 \u200bHaberin Al\u0131nt\u0131land\u0131\u011f\u0131 Kaynak: www.iskenderun.org<\/p>","protected":false},"author":1,"featured_media":0,"comment_status":"","ping_status":"open","sticky":false,"template":"","format":"standard","meta":{"_acf_changed":false,"footnotes":""},"categories":[24],"tags":[],"class_list":["post-146916","post","type-post","status-publish","format-standard","has-post-thumbnail","hentry","category-gundem"],"acf":[],"yoast_head":"<!-- This site is optimized with the Yoast SEO Premium plugin v26.6 (Yoast SEO v27.1.1) - https:\/\/yoast.com\/product\/yoast-seo-premium-wordpress\/ -->\n<title>15 Temmuz \u015eehitleri Mevlid ile Y\u00e2d Edildi - Av. Deniz Can K\u0131z\u0131l<\/title>\n<meta name=\"robots\" content=\"index, follow, max-snippet:-1, max-image-preview:large, max-video-preview:-1\" \/>\n<link rel=\"canonical\" href=\"https:\/\/denizcankizil.tr\/en\/haberler\/gundem\/15-temmuz-sehitleri-mevlid-ile-yad-edildi\/\" \/>\n<meta property=\"og:locale\" content=\"en_GB\" \/>\n<meta property=\"og:type\" content=\"article\" \/>\n<meta property=\"og:title\" content=\"15 Temmuz \u015eehitleri Mevlid ile Y\u00e2d Edildi\" \/>\n<meta property=\"og:description\" content=\"TOK\u0130 Rasulullah Camii\u2019nde ger\u00e7ekle\u015ftirilen programa Hatay Valisi Mustafa Masatl\u0131, \u0130l Garnizon Komutan\u0131 Tu\u011fgeneral Ali Mete, \u0130l Emniyet M\u00fcd\u00fcr\u00fc Kadir G\u00f6kce ve protokol \u00fcyelerinin yan\u0131 s\u0131ra \u00e7ok say\u0131da vatanda\u015f kat\u0131ld\u0131. Programda, devletin bekas\u0131n\u0131, milletin ba\u011f\u0131ms\u0131zl\u0131\u011f\u0131n\u0131, demokrasi ve toplumsal birli\u011fi hedef alan 15 Temmuz hain darbe giri\u015fiminde \u015fehit d\u00fc\u015fen 252 kahraman i\u00e7in dualar edildi. Mevlid-i \u015eerif Kuran tilavetleriyle ruhlar\u0131 \u015f\u00e2d edilen \u015fehitler i\u00e7in cami cemaati hep birlikte ellerini semaya a\u00e7t\u0131. Program sonunda t\u00fcm \u015fehitlere bir kez daha rahmet, minnet ve \u015f\u00fckran dilekleri sunuldu. Kat\u0131l\u0131mc\u0131lar, 15 Temmuz\u2019un unutulmamas\u0131 ve gelecek nesillere aktar\u0131lmas\u0131 gerekti\u011fine vurgu yapt\u0131. \u200bHatay\u2019\u0131n Antakya il\u00e7esinde 15 Temmuz Demokrasi ve Mill\u00ee Birlik G\u00fcn\u00fc etkinlikleri kapsam\u0131nda, hain darbe giri\u015fiminde \u015fehit d\u00fc\u015fen kahramanlar ile vatan u\u011fruna canlar\u0131n\u0131 feda eden t\u00fcm \u015fehitler i\u00e7in Mevlid-i \u015eerif program\u0131 d\u00fczenlendi.\u00a0 \u200bHaberin Al\u0131nt\u0131land\u0131\u011f\u0131 Kaynak: www.iskenderun.org\" \/>\n<meta property=\"og:url\" content=\"https:\/\/denizcankizil.tr\/en\/haberler\/gundem\/15-temmuz-sehitleri-mevlid-ile-yad-edildi\/\" \/>\n<meta property=\"og:site_name\" content=\"Av. Deniz Can K\u0131z\u0131l\" \/>\n<meta property=\"article:published_time\" content=\"2025-07-15T13:42:35+00:00\" \/>\n<meta property=\"og:image\" content=\"https:\/\/iskenderunorg.teimg.com\/iskenderun-org\/uploads\/2025\/07\/2025\/07\/519941998-18063743477230943-6566801342566852928-n.jpg\" \/>\n<meta name=\"author\" content=\"admin\" \/>\n<meta name=\"twitter:card\" content=\"summary_large_image\" \/>\n<meta name=\"twitter:label1\" content=\"Written by\" \/>\n\t<meta name=\"twitter:data1\" content=\"admin\" \/>\n\t<meta name=\"twitter:label2\" content=\"Estimated reading time\" \/>\n\t<meta name=\"twitter:data2\" content=\"1 minute\" \/>\n<script type=\"application\/ld+json\" class=\"yoast-schema-graph\">{\"@context\":\"https:\/\/schema.org\",\"@graph\":[{\"@type\":\"Article\",\"@id\":\"https:\/\/denizcankizil.tr\/ru\/haberler\/gundem\/15-temmuz-sehitleri-mevlid-ile-yad-edildi\/#article\",\"isPartOf\":{\"@id\":\"https:\/\/denizcankizil.tr\/ru\/haberler\/gundem\/15-temmuz-sehitleri-mevlid-ile-yad-edildi\/\"},\"author\":{\"name\":\"admin\",\"@id\":\"https:\/\/denizcankizil.tr\/de\/#\/schema\/person\/be3c05fe6a12686905512445d8185489\"},\"headline\":\"15 Temmuz \u015eehitleri Mevlid ile Y\u00e2d Edildi\",\"datePublished\":\"2025-07-15T13:42:35+00:00\",\"mainEntityOfPage\":{\"@id\":\"https:\/\/denizcankizil.tr\/ru\/haberler\/gundem\/15-temmuz-sehitleri-mevlid-ile-yad-edildi\/\"},\"wordCount\":172,\"publisher\":{\"@id\":\"https:\/\/denizcankizil.tr\/de\/#organization\"},\"image\":{\"@id\":\"https:\/\/denizcankizil.tr\/ru\/haberler\/gundem\/15-temmuz-sehitleri-mevlid-ile-yad-edildi\/#primaryimage\"},\"thumbnailUrl\":\"https:\/\/iskenderunorg.teimg.com\/iskenderun-org\/uploads\/2025\/07\/2025\/07\/519941998-18063743477230943-6566801342566852928-n.jpg\",\"articleSection\":[\"G\u00fcndem\"],\"inLanguage\":\"en-GB\"},{\"@type\":\"WebPage\",\"@id\":\"https:\/\/denizcankizil.tr\/ru\/haberler\/gundem\/15-temmuz-sehitleri-mevlid-ile-yad-edildi\/\",\"url\":\"https:\/\/denizcankizil.tr\/ru\/haberler\/gundem\/15-temmuz-sehitleri-mevlid-ile-yad-edildi\/\",\"name\":\"15 Temmuz \u015eehitleri Mevlid ile Y\u00e2d Edildi - Av. Deniz Can K\u0131z\u0131l\",\"isPartOf\":{\"@id\":\"https:\/\/denizcankizil.tr\/de\/#website\"},\"primaryImageOfPage\":{\"@id\":\"https:\/\/denizcankizil.tr\/ru\/haberler\/gundem\/15-temmuz-sehitleri-mevlid-ile-yad-edildi\/#primaryimage\"},\"image\":{\"@id\":\"https:\/\/denizcankizil.tr\/ru\/haberler\/gundem\/15-temmuz-sehitleri-mevlid-ile-yad-edildi\/#primaryimage\"},\"thumbnailUrl\":\"https:\/\/iskenderunorg.teimg.com\/iskenderun-org\/uploads\/2025\/07\/2025\/07\/519941998-18063743477230943-6566801342566852928-n.jpg\",\"datePublished\":\"2025-07-15T13:42:35+00:00\",\"breadcrumb\":{\"@id\":\"https:\/\/denizcankizil.tr\/ru\/haberler\/gundem\/15-temmuz-sehitleri-mevlid-ile-yad-edildi\/#breadcrumb\"},\"inLanguage\":\"en-GB\",\"potentialAction\":[{\"@type\":\"ReadAction\",\"target\":[\"https:\/\/denizcankizil.tr\/ru\/haberler\/gundem\/15-temmuz-sehitleri-mevlid-ile-yad-edildi\/\"]}]},{\"@type\":\"ImageObject\",\"inLanguage\":\"en-GB\",\"@id\":\"https:\/\/denizcankizil.tr\/ru\/haberler\/gundem\/15-temmuz-sehitleri-mevlid-ile-yad-edildi\/#primaryimage\",\"url\":\"https:\/\/iskenderunorg.teimg.com\/iskenderun-org\/uploads\/2025\/07\/2025\/07\/519941998-18063743477230943-6566801342566852928-n.jpg\",\"contentUrl\":\"https:\/\/iskenderunorg.teimg.com\/iskenderun-org\/uploads\/2025\/07\/2025\/07\/519941998-18063743477230943-6566801342566852928-n.jpg\"},{\"@type\":\"BreadcrumbList\",\"@id\":\"https:\/\/denizcankizil.tr\/ru\/haberler\/gundem\/15-temmuz-sehitleri-mevlid-ile-yad-edildi\/#breadcrumb\",\"itemListElement\":[{\"@type\":\"ListItem\",\"position\":1,\"name\":\"Home\",\"item\":\"https:\/\/denizcankizil.tr\/de\/\"},{\"@type\":\"ListItem\",\"position\":2,\"name\":\"15 Temmuz \u015eehitleri Mevlid ile Y\u00e2d Edildi\"}]},{\"@type\":\"WebSite\",\"@id\":\"https:\/\/denizcankizil.tr\/de\/#website\",\"url\":\"https:\/\/denizcankizil.tr\/de\/\",\"name\":\"Av. Deniz Can K\u0131z\u0131l\",\"description\":\"Avukat Deniz Can K\u0131z\u0131l Antalya Barosu\",\"publisher\":{\"@id\":\"https:\/\/denizcankizil.tr\/de\/#organization\"},\"potentialAction\":[{\"@type\":\"SearchAction\",\"target\":{\"@type\":\"EntryPoint\",\"urlTemplate\":\"https:\/\/denizcankizil.tr\/de\/?s={search_term_string}\"},\"query-input\":{\"@type\":\"PropertyValueSpecification\",\"valueRequired\":true,\"valueName\":\"search_term_string\"}}],\"inLanguage\":\"en-GB\"},{\"@type\":\"Organization\",\"@id\":\"https:\/\/denizcankizil.tr\/de\/#organization\",\"name\":\"Av. Deniz Can K\u0131z\u0131l\",\"url\":\"https:\/\/denizcankizil.tr\/de\/\",\"logo\":{\"@type\":\"ImageObject\",\"inLanguage\":\"en-GB\",\"@id\":\"https:\/\/denizcankizil.tr\/de\/#\/schema\/logo\/image\/\",\"url\":\"https:\/\/denizcankizil.tr\/wp-content\/uploads\/2024\/10\/siyah-logo-svg.svg\",\"contentUrl\":\"https:\/\/denizcankizil.tr\/wp-content\/uploads\/2024\/10\/siyah-logo-svg.svg\",\"width\":1080,\"height\":1080,\"caption\":\"Av. Deniz Can K\u0131z\u0131l\"},\"image\":{\"@id\":\"https:\/\/denizcankizil.tr\/de\/#\/schema\/logo\/image\/\"}},{\"@type\":\"Person\",\"@id\":\"https:\/\/denizcankizil.tr\/de\/#\/schema\/person\/be3c05fe6a12686905512445d8185489\",\"name\":\"admin\",\"image\":{\"@type\":\"ImageObject\",\"inLanguage\":\"en-GB\",\"@id\":\"https:\/\/denizcankizil.tr\/de\/#\/schema\/person\/image\/\",\"url\":\"https:\/\/secure.gravatar.com\/avatar\/c1fce94c830dc79107e174f890d7210541c4a63e8e5d816341794a2151c9d58c?s=96&d=mm&r=g\",\"contentUrl\":\"https:\/\/secure.gravatar.com\/avatar\/c1fce94c830dc79107e174f890d7210541c4a63e8e5d816341794a2151c9d58c?s=96&d=mm&r=g\",\"caption\":\"admin\"},\"sameAs\":[\"http:\/\/denizcankizil.tr\"],\"url\":\"https:\/\/www.iskenderun.org\/15-temmuz-sehitleri-mevlid-ile-yad-edildi\"}]}<\/script>\n<!-- \/ Yoast SEO Premium plugin. -->","yoast_head_json":{"title":"15 Temmuz \u015eehitleri Mevlid ile Y\u00e2d Edildi - Av. Deniz Can K\u0131z\u0131l","robots":{"index":"index","follow":"follow","max-snippet":"max-snippet:-1","max-image-preview":"max-image-preview:large","max-video-preview":"max-video-preview:-1"},"canonical":"https:\/\/denizcankizil.tr\/en\/haberler\/gundem\/15-temmuz-sehitleri-mevlid-ile-yad-edildi\/","og_locale":"en_GB","og_type":"article","og_title":"15 Temmuz \u015eehitleri Mevlid ile Y\u00e2d Edildi","og_description":"TOK\u0130 Rasulullah Camii\u2019nde ger\u00e7ekle\u015ftirilen programa Hatay Valisi Mustafa Masatl\u0131, \u0130l Garnizon Komutan\u0131 Tu\u011fgeneral Ali Mete, \u0130l Emniyet M\u00fcd\u00fcr\u00fc Kadir G\u00f6kce ve protokol \u00fcyelerinin yan\u0131 s\u0131ra \u00e7ok say\u0131da vatanda\u015f kat\u0131ld\u0131. Programda, devletin bekas\u0131n\u0131, milletin ba\u011f\u0131ms\u0131zl\u0131\u011f\u0131n\u0131, demokrasi ve toplumsal birli\u011fi hedef alan 15 Temmuz hain darbe giri\u015fiminde \u015fehit d\u00fc\u015fen 252 kahraman i\u00e7in dualar edildi. Mevlid-i \u015eerif Kuran tilavetleriyle ruhlar\u0131 \u015f\u00e2d edilen \u015fehitler i\u00e7in cami cemaati hep birlikte ellerini semaya a\u00e7t\u0131. Program sonunda t\u00fcm \u015fehitlere bir kez daha rahmet, minnet ve \u015f\u00fckran dilekleri sunuldu. Kat\u0131l\u0131mc\u0131lar, 15 Temmuz\u2019un unutulmamas\u0131 ve gelecek nesillere aktar\u0131lmas\u0131 gerekti\u011fine vurgu yapt\u0131. \u200bHatay\u2019\u0131n Antakya il\u00e7esinde 15 Temmuz Demokrasi ve Mill\u00ee Birlik G\u00fcn\u00fc etkinlikleri kapsam\u0131nda, hain darbe giri\u015fiminde \u015fehit d\u00fc\u015fen kahramanlar ile vatan u\u011fruna canlar\u0131n\u0131 feda eden t\u00fcm \u015fehitler i\u00e7in Mevlid-i \u015eerif program\u0131 d\u00fczenlendi.\u00a0 \u200bHaberin Al\u0131nt\u0131land\u0131\u011f\u0131 Kaynak: www.iskenderun.org","og_url":"https:\/\/denizcankizil.tr\/en\/haberler\/gundem\/15-temmuz-sehitleri-mevlid-ile-yad-edildi\/","og_site_name":"Av. Deniz Can K\u0131z\u0131l","article_published_time":"2025-07-15T13:42:35+00:00","og_image":[{"url":"https:\/\/iskenderunorg.teimg.com\/iskenderun-org\/uploads\/2025\/07\/2025\/07\/519941998-18063743477230943-6566801342566852928-n.jpg","type":"","width":"","height":""}],"author":"admin","twitter_card":"summary_large_image","twitter_misc":{"Written by":"admin","Estimated reading time":"1 minute"},"schema":{"@context":"https:\/\/schema.org","@graph":[{"@type":"Article","@id":"https:\/\/denizcankizil.tr\/ru\/haberler\/gundem\/15-temmuz-sehitleri-mevlid-ile-yad-edildi\/#article","isPartOf":{"@id":"https:\/\/denizcankizil.tr\/ru\/haberler\/gundem\/15-temmuz-sehitleri-mevlid-ile-yad-edildi\/"},"author":{"name":"admin","@id":"https:\/\/denizcankizil.tr\/de\/#\/schema\/person\/be3c05fe6a12686905512445d8185489"},"headline":"15 Temmuz \u015eehitleri Mevlid ile Y\u00e2d Edildi","datePublished":"2025-07-15T13:42:35+00:00","mainEntityOfPage":{"@id":"https:\/\/denizcankizil.tr\/ru\/haberler\/gundem\/15-temmuz-sehitleri-mevlid-ile-yad-edildi\/"},"wordCount":172,"publisher":{"@id":"https:\/\/denizcankizil.tr\/de\/#organization"},"image":{"@id":"https:\/\/denizcankizil.tr\/ru\/haberler\/gundem\/15-temmuz-sehitleri-mevlid-ile-yad-edildi\/#primaryimage"},"thumbnailUrl":"https:\/\/iskenderunorg.teimg.com\/iskenderun-org\/uploads\/2025\/07\/2025\/07\/519941998-18063743477230943-6566801342566852928-n.jpg","articleSection":["G\u00fcndem"],"inLanguage":"en-GB"},{"@type":"WebPage","@id":"https:\/\/denizcankizil.tr\/ru\/haberler\/gundem\/15-temmuz-sehitleri-mevlid-ile-yad-edildi\/","url":"https:\/\/denizcankizil.tr\/ru\/haberler\/gundem\/15-temmuz-sehitleri-mevlid-ile-yad-edildi\/","name":"15 Temmuz \u015eehitleri Mevlid ile Y\u00e2d Edildi - Av. Deniz Can K\u0131z\u0131l","isPartOf":{"@id":"https:\/\/denizcankizil.tr\/de\/#website"},"primaryImageOfPage":{"@id":"https:\/\/denizcankizil.tr\/ru\/haberler\/gundem\/15-temmuz-sehitleri-mevlid-ile-yad-edildi\/#primaryimage"},"image":{"@id":"https:\/\/denizcankizil.tr\/ru\/haberler\/gundem\/15-temmuz-sehitleri-mevlid-ile-yad-edildi\/#primaryimage"},"thumbnailUrl":"https:\/\/iskenderunorg.teimg.com\/iskenderun-org\/uploads\/2025\/07\/2025\/07\/519941998-18063743477230943-6566801342566852928-n.jpg","datePublished":"2025-07-15T13:42:35+00:00","breadcrumb":{"@id":"https:\/\/denizcankizil.tr\/ru\/haberler\/gundem\/15-temmuz-sehitleri-mevlid-ile-yad-edildi\/#breadcrumb"},"inLanguage":"en-GB","potentialAction":[{"@type":"ReadAction","target":["https:\/\/denizcankizil.tr\/ru\/haberler\/gundem\/15-temmuz-sehitleri-mevlid-ile-yad-edildi\/"]}]},{"@type":"ImageObject","inLanguage":"en-GB","@id":"https:\/\/denizcankizil.tr\/ru\/haberler\/gundem\/15-temmuz-sehitleri-mevlid-ile-yad-edildi\/#primaryimage","url":"https:\/\/iskenderunorg.teimg.com\/iskenderun-org\/uploads\/2025\/07\/2025\/07\/519941998-18063743477230943-6566801342566852928-n.jpg","contentUrl":"https:\/\/iskenderunorg.teimg.com\/iskenderun-org\/uploads\/2025\/07\/2025\/07\/519941998-18063743477230943-6566801342566852928-n.jpg"},{"@type":"BreadcrumbList","@id":"https:\/\/denizcankizil.tr\/ru\/haberler\/gundem\/15-temmuz-sehitleri-mevlid-ile-yad-edildi\/#breadcrumb","itemListElement":[{"@type":"ListItem","position":1,"name":"Home","item":"https:\/\/denizcankizil.tr\/de\/"},{"@type":"ListItem","position":2,"name":"15 Temmuz \u015eehitleri Mevlid ile Y\u00e2d Edildi"}]},{"@type":"WebSite","@id":"https:\/\/denizcankizil.tr\/de\/#website","url":"https:\/\/denizcankizil.tr\/de\/","name":"Av. Deniz Can K\u0131z\u0131l","description":"Avukat Deniz Can K\u0131z\u0131l Antalya Barosu","publisher":{"@id":"https:\/\/denizcankizil.tr\/de\/#organization"},"potentialAction":[{"@type":"SearchAction","target":{"@type":"EntryPoint","urlTemplate":"https:\/\/denizcankizil.tr\/de\/?s={search_term_string}"},"query-input":{"@type":"PropertyValueSpecification","valueRequired":true,"valueName":"search_term_string"}}],"inLanguage":"en-GB"},{"@type":"Organization","@id":"https:\/\/denizcankizil.tr\/de\/#organization","name":"Av. Deniz Can K\u0131z\u0131l","url":"https:\/\/denizcankizil.tr\/de\/","logo":{"@type":"ImageObject","inLanguage":"en-GB","@id":"https:\/\/denizcankizil.tr\/de\/#\/schema\/logo\/image\/","url":"https:\/\/denizcankizil.tr\/wp-content\/uploads\/2024\/10\/siyah-logo-svg.svg","contentUrl":"https:\/\/denizcankizil.tr\/wp-content\/uploads\/2024\/10\/siyah-logo-svg.svg","width":1080,"height":1080,"caption":"Av. Deniz Can K\u0131z\u0131l"},"image":{"@id":"https:\/\/denizcankizil.tr\/de\/#\/schema\/logo\/image\/"}},{"@type":"Person","@id":"https:\/\/denizcankizil.tr\/de\/#\/schema\/person\/be3c05fe6a12686905512445d8185489","name":"admin","image":{"@type":"ImageObject","inLanguage":"en-GB","@id":"https:\/\/denizcankizil.tr\/de\/#\/schema\/person\/image\/","url":"https:\/\/secure.gravatar.com\/avatar\/c1fce94c830dc79107e174f890d7210541c4a63e8e5d816341794a2151c9d58c?s=96&d=mm&r=g","contentUrl":"https:\/\/secure.gravatar.com\/avatar\/c1fce94c830dc79107e174f890d7210541c4a63e8e5d816341794a2151c9d58c?s=96&d=mm&r=g","caption":"admin"},"sameAs":["http:\/\/denizcankizil.tr"],"url":"https:\/\/www.iskenderun.org\/15-temmuz-sehitleri-mevlid-ile-yad-edildi"}]}},"_links":{"self":[{"href":"https:\/\/denizcankizil.tr\/en\/wp-json\/wp\/v2\/posts\/146916","targetHints":{"allow":["GET"]}}],"collection":[{"href":"https:\/\/denizcankizil.tr\/en\/wp-json\/wp\/v2\/posts"}],"about":[{"href":"https:\/\/denizcankizil.tr\/en\/wp-json\/wp\/v2\/types\/post"}],"author":[{"embeddable":true,"href":"https:\/\/denizcankizil.tr\/en\/wp-json\/wp\/v2\/users\/1"}],"replies":[{"embeddable":true,"href":"https:\/\/denizcankizil.tr\/en\/wp-json\/wp\/v2\/comments?post=146916"}],"version-history":[{"count":0,"href":"https:\/\/denizcankizil.tr\/en\/wp-json\/wp\/v2\/posts\/146916\/revisions"}],"wp:attachment":[{"href":"https:\/\/denizcankizil.tr\/en\/wp-json\/wp\/v2\/media?parent=146916"}],"wp:term":[{"taxonomy":"category","embeddable":true,"href":"https:\/\/denizcankizil.tr\/en\/wp-json\/wp\/v2\/categories?post=146916"},{"taxonomy":"post_tag","embeddable":true,"href":"https:\/\/denizcankizil.tr\/en\/wp-json\/wp\/v2\/tags?post=146916"}],"curies":[{"name":"wp","href":"https:\/\/api.w.org\/{rel}","templated":true}]}}