{"id":146823,"date":"2025-07-15T14:43:16","date_gmt":"2025-07-15T11:43:16","guid":{"rendered":"https:\/\/denizcankizil.tr\/uncategorized-tr\/erzin-yeni-kucuk-sanayiinde-asfalt-calismasi\/"},"modified":"2025-07-15T14:43:16","modified_gmt":"2025-07-15T11:43:16","slug":"erzin-yeni-kucuk-sanayiinde-asfalt-calismasi","status":"publish","type":"post","link":"https:\/\/denizcankizil.tr\/en\/haberler\/gundem\/erzin-yeni-kucuk-sanayiinde-asfalt-calismasi\/","title":{"rendered":"Erzin Yeni K\u00fc\u00e7\u00fck Sanayiinde asfalt \u00e7al\u0131\u015fmas\u0131&#8230;"},"content":{"rendered":"<p>Adil Co\u015fkuner\/Erzin<\/p>\n<p>Altyap\u0131 \u00e7al\u0131\u015fmalar\u0131n\u0131n ard\u0131ndan ba\u015flat\u0131lan asfaltlama s\u00fcreci, sanayi sitesi esnaf\u0131 taraf\u0131ndan memnuniyetle kar\u015f\u0131land\u0131. Erzin K\u00fc\u00e7\u00fck Sanayi Sitesi Ba\u015fkan\u0131 \u0130rfan Bila, y\u00fcr\u00fct\u00fclen \u00e7al\u0131\u015fmalar hakk\u0131nda bilgi vererek &#8220;Erzin K\u00fc\u00e7\u00fck Sanayi Sitesi asfalt yap\u0131m i\u015fi i\u00e7in Hatay B\u00fcy\u00fck\u015fehir Belediyesi Daire Ba\u015fkan\u0131 Mehmet Y\u00fcksel Bey\u2019in g\u00f6revlendirdi\u011fi Ziya Bey ile sahada asfalt yap\u0131lacak alanlar\u0131n ke\u015ffini ger\u00e7ekle\u015ftirdik. Greyder ve yol yap\u0131m\u0131 i\u00e7in gerekli ekipman ile i\u015f g\u00fcc\u00fcn\u00fc sa\u011flayacaklar\u0131n\u0131, en k\u0131sa s\u00fcrede yol yap\u0131m\u0131na ba\u015flanaca\u011f\u0131n\u0131 ilettiler. Bu vesileyle Hatay B\u00fcy\u00fck\u015fehir Belediye Ba\u015fkan\u0131m\u0131z Mehmet \u00d6nt\u00fcrk\u2019e ve daire ba\u015fkanlar\u0131m\u0131za \u015fahs\u0131m, y\u00f6netim kurulumuz ve esnaf\u0131m\u0131z ad\u0131na te\u015fekk\u00fcr ederim&#8221; diye konu\u015ftu.<\/p>\n<p>Yeni sanayi sitesinde y\u00fcr\u00fct\u00fclen \u00e7al\u0131\u015fmalar\u0131n k\u0131sa s\u00fcre i\u00e7erisinde tamamlanarak esnafa hizmet vermeye ba\u015flamas\u0131 bekleniyor.<\/p>\n<p><img decoding=\"async\" alt=\"Ded9Ccce 12A9 4Ab9 Bfb7 021Bd6B1Bda4\" class=\"detail-photo img-fluid lazyload\" height=\"720\" data-src=\"https:\/\/iskenderunorg.teimg.com\/iskenderun-org\/uploads\/2025\/07\/2025\/07\/ded9ccce-12a9-4ab9-bfb7-021bd6b1bda4.jpg\" width=\"960\" src=\"data:image\/svg+xml;base64,PHN2ZyB3aWR0aD0iMSIgaGVpZ2h0PSIxIiB4bWxucz0iaHR0cDovL3d3dy53My5vcmcvMjAwMC9zdmciPjwvc3ZnPg==\" style=\"--smush-placeholder-width: 960px; --smush-placeholder-aspect-ratio: 960\/720;\" \/><\/p>\n\n<p>\u200bHatay\u2019\u0131n geli\u015fen il\u00e7elerinden Erzin\u2019de yap\u0131m\u0131 b\u00fcy\u00fck \u00f6l\u00e7\u00fcde tamamlanan Yeni K\u00fc\u00e7\u00fck Sanayi Sitesi&#8217;nde asfalt \u00e7al\u0131\u015fmalar\u0131 ba\u015flad\u0131.\u00a0<\/p>\n<p>\u200bHaberin Al\u0131nt\u0131land\u0131\u011f\u0131 Kaynak: www.iskenderun.org<\/p>","protected":false},"excerpt":{"rendered":"<p>Adil Co\u015fkuner\/Erzin Altyap\u0131 \u00e7al\u0131\u015fmalar\u0131n\u0131n ard\u0131ndan ba\u015flat\u0131lan asfaltlama s\u00fcreci, sanayi sitesi esnaf\u0131 taraf\u0131ndan memnuniyetle kar\u015f\u0131land\u0131. Erzin K\u00fc\u00e7\u00fck Sanayi Sitesi Ba\u015fkan\u0131 \u0130rfan Bila, y\u00fcr\u00fct\u00fclen \u00e7al\u0131\u015fmalar hakk\u0131nda bilgi vererek &#8220;Erzin K\u00fc\u00e7\u00fck Sanayi Sitesi asfalt yap\u0131m i\u015fi i\u00e7in Hatay B\u00fcy\u00fck\u015fehir Belediyesi Daire Ba\u015fkan\u0131 Mehmet Y\u00fcksel Bey\u2019in g\u00f6revlendirdi\u011fi Ziya Bey ile sahada asfalt yap\u0131lacak alanlar\u0131n ke\u015ffini ger\u00e7ekle\u015ftirdik. Greyder ve yol yap\u0131m\u0131 i\u00e7in gerekli ekipman ile i\u015f g\u00fcc\u00fcn\u00fc sa\u011flayacaklar\u0131n\u0131, en k\u0131sa s\u00fcrede yol yap\u0131m\u0131na ba\u015flanaca\u011f\u0131n\u0131 ilettiler. Bu vesileyle Hatay B\u00fcy\u00fck\u015fehir Belediye Ba\u015fkan\u0131m\u0131z Mehmet \u00d6nt\u00fcrk\u2019e ve daire ba\u015fkanlar\u0131m\u0131za \u015fahs\u0131m, y\u00f6netim kurulumuz ve esnaf\u0131m\u0131z ad\u0131na te\u015fekk\u00fcr ederim&#8221; diye konu\u015ftu. Yeni sanayi sitesinde y\u00fcr\u00fct\u00fclen \u00e7al\u0131\u015fmalar\u0131n k\u0131sa s\u00fcre i\u00e7erisinde tamamlanarak esnafa hizmet vermeye ba\u015flamas\u0131 bekleniyor. \u200bHatay\u2019\u0131n geli\u015fen il\u00e7elerinden Erzin\u2019de yap\u0131m\u0131 b\u00fcy\u00fck \u00f6l\u00e7\u00fcde tamamlanan Yeni K\u00fc\u00e7\u00fck Sanayi Sitesi&#8217;nde asfalt \u00e7al\u0131\u015fmalar\u0131 ba\u015flad\u0131.\u00a0 \u200bHaberin Al\u0131nt\u0131land\u0131\u011f\u0131 Kaynak: www.iskenderun.org<\/p>","protected":false},"author":1,"featured_media":0,"comment_status":"","ping_status":"open","sticky":false,"template":"","format":"standard","meta":{"_acf_changed":false,"footnotes":""},"categories":[24],"tags":[],"class_list":["post-146823","post","type-post","status-publish","format-standard","has-post-thumbnail","hentry","category-gundem"],"acf":[],"yoast_head":"<!-- This site is optimized with the Yoast SEO Premium plugin v26.6 (Yoast SEO v27.1.1) - https:\/\/yoast.com\/product\/yoast-seo-premium-wordpress\/ -->\n<title>Erzin Yeni K\u00fc\u00e7\u00fck Sanayiinde asfalt \u00e7al\u0131\u015fmas\u0131... - Av. Deniz Can K\u0131z\u0131l<\/title>\n<meta name=\"robots\" content=\"index, follow, max-snippet:-1, max-image-preview:large, max-video-preview:-1\" \/>\n<link rel=\"canonical\" href=\"http:\/\/denizcankizil.tr\/en\/haberler\/gundem\/erzin-yeni-kucuk-sanayiinde-asfalt-calismasi\/\" \/>\n<meta property=\"og:locale\" content=\"en_GB\" \/>\n<meta property=\"og:type\" content=\"article\" \/>\n<meta property=\"og:title\" content=\"Erzin Yeni K\u00fc\u00e7\u00fck Sanayiinde asfalt \u00e7al\u0131\u015fmas\u0131...\" \/>\n<meta property=\"og:description\" content=\"Adil Co\u015fkuner\/Erzin Altyap\u0131 \u00e7al\u0131\u015fmalar\u0131n\u0131n ard\u0131ndan ba\u015flat\u0131lan asfaltlama s\u00fcreci, sanayi sitesi esnaf\u0131 taraf\u0131ndan memnuniyetle kar\u015f\u0131land\u0131. Erzin K\u00fc\u00e7\u00fck Sanayi Sitesi Ba\u015fkan\u0131 \u0130rfan Bila, y\u00fcr\u00fct\u00fclen \u00e7al\u0131\u015fmalar hakk\u0131nda bilgi vererek &#8220;Erzin K\u00fc\u00e7\u00fck Sanayi Sitesi asfalt yap\u0131m i\u015fi i\u00e7in Hatay B\u00fcy\u00fck\u015fehir Belediyesi Daire Ba\u015fkan\u0131 Mehmet Y\u00fcksel Bey\u2019in g\u00f6revlendirdi\u011fi Ziya Bey ile sahada asfalt yap\u0131lacak alanlar\u0131n ke\u015ffini ger\u00e7ekle\u015ftirdik. Greyder ve yol yap\u0131m\u0131 i\u00e7in gerekli ekipman ile i\u015f g\u00fcc\u00fcn\u00fc sa\u011flayacaklar\u0131n\u0131, en k\u0131sa s\u00fcrede yol yap\u0131m\u0131na ba\u015flanaca\u011f\u0131n\u0131 ilettiler. Bu vesileyle Hatay B\u00fcy\u00fck\u015fehir Belediye Ba\u015fkan\u0131m\u0131z Mehmet \u00d6nt\u00fcrk\u2019e ve daire ba\u015fkanlar\u0131m\u0131za \u015fahs\u0131m, y\u00f6netim kurulumuz ve esnaf\u0131m\u0131z ad\u0131na te\u015fekk\u00fcr ederim&#8221; diye konu\u015ftu. Yeni sanayi sitesinde y\u00fcr\u00fct\u00fclen \u00e7al\u0131\u015fmalar\u0131n k\u0131sa s\u00fcre i\u00e7erisinde tamamlanarak esnafa hizmet vermeye ba\u015flamas\u0131 bekleniyor. \u200bHatay\u2019\u0131n geli\u015fen il\u00e7elerinden Erzin\u2019de yap\u0131m\u0131 b\u00fcy\u00fck \u00f6l\u00e7\u00fcde tamamlanan Yeni K\u00fc\u00e7\u00fck Sanayi Sitesi&#8217;nde asfalt \u00e7al\u0131\u015fmalar\u0131 ba\u015flad\u0131.\u00a0 \u200bHaberin Al\u0131nt\u0131land\u0131\u011f\u0131 Kaynak: www.iskenderun.org\" \/>\n<meta property=\"og:url\" content=\"http:\/\/denizcankizil.tr\/en\/haberler\/gundem\/erzin-yeni-kucuk-sanayiinde-asfalt-calismasi\/\" \/>\n<meta property=\"og:site_name\" content=\"Av. Deniz Can K\u0131z\u0131l\" \/>\n<meta property=\"article:published_time\" content=\"2025-07-15T11:43:16+00:00\" \/>\n<meta property=\"og:image\" content=\"https:\/\/iskenderunorg.teimg.com\/iskenderun-org\/uploads\/2025\/07\/2025\/07\/ded9ccce-12a9-4ab9-bfb7-021bd6b1bda4.jpg\" \/>\n<meta name=\"author\" content=\"admin\" \/>\n<meta name=\"twitter:card\" content=\"summary_large_image\" \/>\n<meta name=\"twitter:label1\" content=\"Written by\" \/>\n\t<meta name=\"twitter:data1\" content=\"admin\" \/>\n\t<meta name=\"twitter:label2\" content=\"Estimated reading time\" \/>\n\t<meta name=\"twitter:data2\" content=\"1 minute\" \/>\n<script type=\"application\/ld+json\" class=\"yoast-schema-graph\">{\"@context\":\"https:\/\/schema.org\",\"@graph\":[{\"@type\":\"Article\",\"@id\":\"http:\/\/denizcankizil.tr\/de\/haberler\/gundem\/erzin-yeni-kucuk-sanayiinde-asfalt-calismasi\/#article\",\"isPartOf\":{\"@id\":\"http:\/\/denizcankizil.tr\/de\/haberler\/gundem\/erzin-yeni-kucuk-sanayiinde-asfalt-calismasi\/\"},\"author\":{\"name\":\"admin\",\"@id\":\"https:\/\/denizcankizil.tr\/de\/#\/schema\/person\/be3c05fe6a12686905512445d8185489\"},\"headline\":\"Erzin Yeni K\u00fc\u00e7\u00fck Sanayiinde asfalt \u00e7al\u0131\u015fmas\u0131&#8230;\",\"datePublished\":\"2025-07-15T11:43:16+00:00\",\"mainEntityOfPage\":{\"@id\":\"http:\/\/denizcankizil.tr\/de\/haberler\/gundem\/erzin-yeni-kucuk-sanayiinde-asfalt-calismasi\/\"},\"wordCount\":223,\"publisher\":{\"@id\":\"https:\/\/denizcankizil.tr\/de\/#organization\"},\"image\":{\"@id\":\"http:\/\/denizcankizil.tr\/de\/haberler\/gundem\/erzin-yeni-kucuk-sanayiinde-asfalt-calismasi\/#primaryimage\"},\"thumbnailUrl\":\"https:\/\/iskenderunorg.teimg.com\/iskenderun-org\/uploads\/2025\/07\/2025\/07\/ded9ccce-12a9-4ab9-bfb7-021bd6b1bda4.jpg\",\"articleSection\":[\"G\u00fcndem\"],\"inLanguage\":\"en-GB\"},{\"@type\":\"WebPage\",\"@id\":\"http:\/\/denizcankizil.tr\/de\/haberler\/gundem\/erzin-yeni-kucuk-sanayiinde-asfalt-calismasi\/\",\"url\":\"http:\/\/denizcankizil.tr\/de\/haberler\/gundem\/erzin-yeni-kucuk-sanayiinde-asfalt-calismasi\/\",\"name\":\"Erzin Yeni K\u00fc\u00e7\u00fck Sanayiinde asfalt \u00e7al\u0131\u015fmas\u0131... - Av. Deniz Can K\u0131z\u0131l\",\"isPartOf\":{\"@id\":\"https:\/\/denizcankizil.tr\/de\/#website\"},\"primaryImageOfPage\":{\"@id\":\"http:\/\/denizcankizil.tr\/de\/haberler\/gundem\/erzin-yeni-kucuk-sanayiinde-asfalt-calismasi\/#primaryimage\"},\"image\":{\"@id\":\"http:\/\/denizcankizil.tr\/de\/haberler\/gundem\/erzin-yeni-kucuk-sanayiinde-asfalt-calismasi\/#primaryimage\"},\"thumbnailUrl\":\"https:\/\/iskenderunorg.teimg.com\/iskenderun-org\/uploads\/2025\/07\/2025\/07\/ded9ccce-12a9-4ab9-bfb7-021bd6b1bda4.jpg\",\"datePublished\":\"2025-07-15T11:43:16+00:00\",\"breadcrumb\":{\"@id\":\"http:\/\/denizcankizil.tr\/de\/haberler\/gundem\/erzin-yeni-kucuk-sanayiinde-asfalt-calismasi\/#breadcrumb\"},\"inLanguage\":\"en-GB\",\"potentialAction\":[{\"@type\":\"ReadAction\",\"target\":[\"http:\/\/denizcankizil.tr\/de\/haberler\/gundem\/erzin-yeni-kucuk-sanayiinde-asfalt-calismasi\/\"]}]},{\"@type\":\"ImageObject\",\"inLanguage\":\"en-GB\",\"@id\":\"http:\/\/denizcankizil.tr\/de\/haberler\/gundem\/erzin-yeni-kucuk-sanayiinde-asfalt-calismasi\/#primaryimage\",\"url\":\"https:\/\/iskenderunorg.teimg.com\/iskenderun-org\/uploads\/2025\/07\/2025\/07\/ded9ccce-12a9-4ab9-bfb7-021bd6b1bda4.jpg\",\"contentUrl\":\"https:\/\/iskenderunorg.teimg.com\/iskenderun-org\/uploads\/2025\/07\/2025\/07\/ded9ccce-12a9-4ab9-bfb7-021bd6b1bda4.jpg\"},{\"@type\":\"BreadcrumbList\",\"@id\":\"http:\/\/denizcankizil.tr\/de\/haberler\/gundem\/erzin-yeni-kucuk-sanayiinde-asfalt-calismasi\/#breadcrumb\",\"itemListElement\":[{\"@type\":\"ListItem\",\"position\":1,\"name\":\"Home\",\"item\":\"https:\/\/denizcankizil.tr\/de\/\"},{\"@type\":\"ListItem\",\"position\":2,\"name\":\"Erzin Yeni K\u00fc\u00e7\u00fck Sanayiinde asfalt \u00e7al\u0131\u015fmas\u0131&#8230;\"}]},{\"@type\":\"WebSite\",\"@id\":\"https:\/\/denizcankizil.tr\/de\/#website\",\"url\":\"https:\/\/denizcankizil.tr\/de\/\",\"name\":\"Av. Deniz Can K\u0131z\u0131l\",\"description\":\"Avukat Deniz Can K\u0131z\u0131l Antalya Barosu\",\"publisher\":{\"@id\":\"https:\/\/denizcankizil.tr\/de\/#organization\"},\"potentialAction\":[{\"@type\":\"SearchAction\",\"target\":{\"@type\":\"EntryPoint\",\"urlTemplate\":\"https:\/\/denizcankizil.tr\/de\/?s={search_term_string}\"},\"query-input\":{\"@type\":\"PropertyValueSpecification\",\"valueRequired\":true,\"valueName\":\"search_term_string\"}}],\"inLanguage\":\"en-GB\"},{\"@type\":\"Organization\",\"@id\":\"https:\/\/denizcankizil.tr\/de\/#organization\",\"name\":\"Av. Deniz Can K\u0131z\u0131l\",\"url\":\"https:\/\/denizcankizil.tr\/de\/\",\"logo\":{\"@type\":\"ImageObject\",\"inLanguage\":\"en-GB\",\"@id\":\"https:\/\/denizcankizil.tr\/de\/#\/schema\/logo\/image\/\",\"url\":\"https:\/\/denizcankizil.tr\/wp-content\/uploads\/2024\/10\/siyah-logo-svg.svg\",\"contentUrl\":\"https:\/\/denizcankizil.tr\/wp-content\/uploads\/2024\/10\/siyah-logo-svg.svg\",\"width\":1080,\"height\":1080,\"caption\":\"Av. Deniz Can K\u0131z\u0131l\"},\"image\":{\"@id\":\"https:\/\/denizcankizil.tr\/de\/#\/schema\/logo\/image\/\"}},{\"@type\":\"Person\",\"@id\":\"https:\/\/denizcankizil.tr\/de\/#\/schema\/person\/be3c05fe6a12686905512445d8185489\",\"name\":\"admin\",\"image\":{\"@type\":\"ImageObject\",\"inLanguage\":\"en-GB\",\"@id\":\"https:\/\/denizcankizil.tr\/de\/#\/schema\/person\/image\/\",\"url\":\"https:\/\/secure.gravatar.com\/avatar\/c1fce94c830dc79107e174f890d7210541c4a63e8e5d816341794a2151c9d58c?s=96&d=mm&r=g\",\"contentUrl\":\"https:\/\/secure.gravatar.com\/avatar\/c1fce94c830dc79107e174f890d7210541c4a63e8e5d816341794a2151c9d58c?s=96&d=mm&r=g\",\"caption\":\"admin\"},\"sameAs\":[\"http:\/\/denizcankizil.tr\"],\"url\":\"https:\/\/www.iskenderun.org\/erzin-yeni-kucuk-sanayiinde-asfalt-calismasi\"}]}<\/script>\n<!-- \/ Yoast SEO Premium plugin. -->","yoast_head_json":{"title":"Erzin Yeni K\u00fc\u00e7\u00fck Sanayiinde asfalt \u00e7al\u0131\u015fmas\u0131... - Av. Deniz Can K\u0131z\u0131l","robots":{"index":"index","follow":"follow","max-snippet":"max-snippet:-1","max-image-preview":"max-image-preview:large","max-video-preview":"max-video-preview:-1"},"canonical":"http:\/\/denizcankizil.tr\/en\/haberler\/gundem\/erzin-yeni-kucuk-sanayiinde-asfalt-calismasi\/","og_locale":"en_GB","og_type":"article","og_title":"Erzin Yeni K\u00fc\u00e7\u00fck Sanayiinde asfalt \u00e7al\u0131\u015fmas\u0131...","og_description":"Adil Co\u015fkuner\/Erzin Altyap\u0131 \u00e7al\u0131\u015fmalar\u0131n\u0131n ard\u0131ndan ba\u015flat\u0131lan asfaltlama s\u00fcreci, sanayi sitesi esnaf\u0131 taraf\u0131ndan memnuniyetle kar\u015f\u0131land\u0131. Erzin K\u00fc\u00e7\u00fck Sanayi Sitesi Ba\u015fkan\u0131 \u0130rfan Bila, y\u00fcr\u00fct\u00fclen \u00e7al\u0131\u015fmalar hakk\u0131nda bilgi vererek &#8220;Erzin K\u00fc\u00e7\u00fck Sanayi Sitesi asfalt yap\u0131m i\u015fi i\u00e7in Hatay B\u00fcy\u00fck\u015fehir Belediyesi Daire Ba\u015fkan\u0131 Mehmet Y\u00fcksel Bey\u2019in g\u00f6revlendirdi\u011fi Ziya Bey ile sahada asfalt yap\u0131lacak alanlar\u0131n ke\u015ffini ger\u00e7ekle\u015ftirdik. Greyder ve yol yap\u0131m\u0131 i\u00e7in gerekli ekipman ile i\u015f g\u00fcc\u00fcn\u00fc sa\u011flayacaklar\u0131n\u0131, en k\u0131sa s\u00fcrede yol yap\u0131m\u0131na ba\u015flanaca\u011f\u0131n\u0131 ilettiler. Bu vesileyle Hatay B\u00fcy\u00fck\u015fehir Belediye Ba\u015fkan\u0131m\u0131z Mehmet \u00d6nt\u00fcrk\u2019e ve daire ba\u015fkanlar\u0131m\u0131za \u015fahs\u0131m, y\u00f6netim kurulumuz ve esnaf\u0131m\u0131z ad\u0131na te\u015fekk\u00fcr ederim&#8221; diye konu\u015ftu. Yeni sanayi sitesinde y\u00fcr\u00fct\u00fclen \u00e7al\u0131\u015fmalar\u0131n k\u0131sa s\u00fcre i\u00e7erisinde tamamlanarak esnafa hizmet vermeye ba\u015flamas\u0131 bekleniyor. \u200bHatay\u2019\u0131n geli\u015fen il\u00e7elerinden Erzin\u2019de yap\u0131m\u0131 b\u00fcy\u00fck \u00f6l\u00e7\u00fcde tamamlanan Yeni K\u00fc\u00e7\u00fck Sanayi Sitesi&#8217;nde asfalt \u00e7al\u0131\u015fmalar\u0131 ba\u015flad\u0131.\u00a0 \u200bHaberin Al\u0131nt\u0131land\u0131\u011f\u0131 Kaynak: www.iskenderun.org","og_url":"http:\/\/denizcankizil.tr\/en\/haberler\/gundem\/erzin-yeni-kucuk-sanayiinde-asfalt-calismasi\/","og_site_name":"Av. Deniz Can K\u0131z\u0131l","article_published_time":"2025-07-15T11:43:16+00:00","og_image":[{"url":"https:\/\/iskenderunorg.teimg.com\/iskenderun-org\/uploads\/2025\/07\/2025\/07\/ded9ccce-12a9-4ab9-bfb7-021bd6b1bda4.jpg","type":"","width":"","height":""}],"author":"admin","twitter_card":"summary_large_image","twitter_misc":{"Written by":"admin","Estimated reading time":"1 minute"},"schema":{"@context":"https:\/\/schema.org","@graph":[{"@type":"Article","@id":"http:\/\/denizcankizil.tr\/de\/haberler\/gundem\/erzin-yeni-kucuk-sanayiinde-asfalt-calismasi\/#article","isPartOf":{"@id":"http:\/\/denizcankizil.tr\/de\/haberler\/gundem\/erzin-yeni-kucuk-sanayiinde-asfalt-calismasi\/"},"author":{"name":"admin","@id":"https:\/\/denizcankizil.tr\/de\/#\/schema\/person\/be3c05fe6a12686905512445d8185489"},"headline":"Erzin Yeni K\u00fc\u00e7\u00fck Sanayiinde asfalt \u00e7al\u0131\u015fmas\u0131&#8230;","datePublished":"2025-07-15T11:43:16+00:00","mainEntityOfPage":{"@id":"http:\/\/denizcankizil.tr\/de\/haberler\/gundem\/erzin-yeni-kucuk-sanayiinde-asfalt-calismasi\/"},"wordCount":223,"publisher":{"@id":"https:\/\/denizcankizil.tr\/de\/#organization"},"image":{"@id":"http:\/\/denizcankizil.tr\/de\/haberler\/gundem\/erzin-yeni-kucuk-sanayiinde-asfalt-calismasi\/#primaryimage"},"thumbnailUrl":"https:\/\/iskenderunorg.teimg.com\/iskenderun-org\/uploads\/2025\/07\/2025\/07\/ded9ccce-12a9-4ab9-bfb7-021bd6b1bda4.jpg","articleSection":["G\u00fcndem"],"inLanguage":"en-GB"},{"@type":"WebPage","@id":"http:\/\/denizcankizil.tr\/de\/haberler\/gundem\/erzin-yeni-kucuk-sanayiinde-asfalt-calismasi\/","url":"http:\/\/denizcankizil.tr\/de\/haberler\/gundem\/erzin-yeni-kucuk-sanayiinde-asfalt-calismasi\/","name":"Erzin Yeni K\u00fc\u00e7\u00fck Sanayiinde asfalt \u00e7al\u0131\u015fmas\u0131... - Av. Deniz Can K\u0131z\u0131l","isPartOf":{"@id":"https:\/\/denizcankizil.tr\/de\/#website"},"primaryImageOfPage":{"@id":"http:\/\/denizcankizil.tr\/de\/haberler\/gundem\/erzin-yeni-kucuk-sanayiinde-asfalt-calismasi\/#primaryimage"},"image":{"@id":"http:\/\/denizcankizil.tr\/de\/haberler\/gundem\/erzin-yeni-kucuk-sanayiinde-asfalt-calismasi\/#primaryimage"},"thumbnailUrl":"https:\/\/iskenderunorg.teimg.com\/iskenderun-org\/uploads\/2025\/07\/2025\/07\/ded9ccce-12a9-4ab9-bfb7-021bd6b1bda4.jpg","datePublished":"2025-07-15T11:43:16+00:00","breadcrumb":{"@id":"http:\/\/denizcankizil.tr\/de\/haberler\/gundem\/erzin-yeni-kucuk-sanayiinde-asfalt-calismasi\/#breadcrumb"},"inLanguage":"en-GB","potentialAction":[{"@type":"ReadAction","target":["http:\/\/denizcankizil.tr\/de\/haberler\/gundem\/erzin-yeni-kucuk-sanayiinde-asfalt-calismasi\/"]}]},{"@type":"ImageObject","inLanguage":"en-GB","@id":"http:\/\/denizcankizil.tr\/de\/haberler\/gundem\/erzin-yeni-kucuk-sanayiinde-asfalt-calismasi\/#primaryimage","url":"https:\/\/iskenderunorg.teimg.com\/iskenderun-org\/uploads\/2025\/07\/2025\/07\/ded9ccce-12a9-4ab9-bfb7-021bd6b1bda4.jpg","contentUrl":"https:\/\/iskenderunorg.teimg.com\/iskenderun-org\/uploads\/2025\/07\/2025\/07\/ded9ccce-12a9-4ab9-bfb7-021bd6b1bda4.jpg"},{"@type":"BreadcrumbList","@id":"http:\/\/denizcankizil.tr\/de\/haberler\/gundem\/erzin-yeni-kucuk-sanayiinde-asfalt-calismasi\/#breadcrumb","itemListElement":[{"@type":"ListItem","position":1,"name":"Home","item":"https:\/\/denizcankizil.tr\/de\/"},{"@type":"ListItem","position":2,"name":"Erzin Yeni K\u00fc\u00e7\u00fck Sanayiinde asfalt \u00e7al\u0131\u015fmas\u0131&#8230;"}]},{"@type":"WebSite","@id":"https:\/\/denizcankizil.tr\/de\/#website","url":"https:\/\/denizcankizil.tr\/de\/","name":"Av. Deniz Can K\u0131z\u0131l","description":"Avukat Deniz Can K\u0131z\u0131l Antalya Barosu","publisher":{"@id":"https:\/\/denizcankizil.tr\/de\/#organization"},"potentialAction":[{"@type":"SearchAction","target":{"@type":"EntryPoint","urlTemplate":"https:\/\/denizcankizil.tr\/de\/?s={search_term_string}"},"query-input":{"@type":"PropertyValueSpecification","valueRequired":true,"valueName":"search_term_string"}}],"inLanguage":"en-GB"},{"@type":"Organization","@id":"https:\/\/denizcankizil.tr\/de\/#organization","name":"Av. Deniz Can K\u0131z\u0131l","url":"https:\/\/denizcankizil.tr\/de\/","logo":{"@type":"ImageObject","inLanguage":"en-GB","@id":"https:\/\/denizcankizil.tr\/de\/#\/schema\/logo\/image\/","url":"https:\/\/denizcankizil.tr\/wp-content\/uploads\/2024\/10\/siyah-logo-svg.svg","contentUrl":"https:\/\/denizcankizil.tr\/wp-content\/uploads\/2024\/10\/siyah-logo-svg.svg","width":1080,"height":1080,"caption":"Av. Deniz Can K\u0131z\u0131l"},"image":{"@id":"https:\/\/denizcankizil.tr\/de\/#\/schema\/logo\/image\/"}},{"@type":"Person","@id":"https:\/\/denizcankizil.tr\/de\/#\/schema\/person\/be3c05fe6a12686905512445d8185489","name":"admin","image":{"@type":"ImageObject","inLanguage":"en-GB","@id":"https:\/\/denizcankizil.tr\/de\/#\/schema\/person\/image\/","url":"https:\/\/secure.gravatar.com\/avatar\/c1fce94c830dc79107e174f890d7210541c4a63e8e5d816341794a2151c9d58c?s=96&d=mm&r=g","contentUrl":"https:\/\/secure.gravatar.com\/avatar\/c1fce94c830dc79107e174f890d7210541c4a63e8e5d816341794a2151c9d58c?s=96&d=mm&r=g","caption":"admin"},"sameAs":["http:\/\/denizcankizil.tr"],"url":"https:\/\/www.iskenderun.org\/erzin-yeni-kucuk-sanayiinde-asfalt-calismasi"}]}},"_links":{"self":[{"href":"https:\/\/denizcankizil.tr\/en\/wp-json\/wp\/v2\/posts\/146823","targetHints":{"allow":["GET"]}}],"collection":[{"href":"https:\/\/denizcankizil.tr\/en\/wp-json\/wp\/v2\/posts"}],"about":[{"href":"https:\/\/denizcankizil.tr\/en\/wp-json\/wp\/v2\/types\/post"}],"author":[{"embeddable":true,"href":"https:\/\/denizcankizil.tr\/en\/wp-json\/wp\/v2\/users\/1"}],"replies":[{"embeddable":true,"href":"https:\/\/denizcankizil.tr\/en\/wp-json\/wp\/v2\/comments?post=146823"}],"version-history":[{"count":0,"href":"https:\/\/denizcankizil.tr\/en\/wp-json\/wp\/v2\/posts\/146823\/revisions"}],"wp:attachment":[{"href":"https:\/\/denizcankizil.tr\/en\/wp-json\/wp\/v2\/media?parent=146823"}],"wp:term":[{"taxonomy":"category","embeddable":true,"href":"https:\/\/denizcankizil.tr\/en\/wp-json\/wp\/v2\/categories?post=146823"},{"taxonomy":"post_tag","embeddable":true,"href":"https:\/\/denizcankizil.tr\/en\/wp-json\/wp\/v2\/tags?post=146823"}],"curies":[{"name":"wp","href":"https:\/\/api.w.org\/{rel}","templated":true}]}}