{"id":146774,"date":"2025-07-15T14:41:16","date_gmt":"2025-07-15T11:41:16","guid":{"rendered":"https:\/\/denizcankizil.tr\/uncategorized-tr\/koprucay-rafting-tutkunlarinin-ilgi-odagi-oldu\/"},"modified":"2025-07-15T14:41:16","modified_gmt":"2025-07-15T11:41:16","slug":"koprucay-rafting-tutkunlarinin-ilgi-odagi-oldu","status":"publish","type":"post","link":"https:\/\/denizcankizil.tr\/en\/haberler\/antalya\/koprucay-rafting-tutkunlarinin-ilgi-odagi-oldu\/","title":{"rendered":"K\u00f6pr\u00fc\u00e7ay, Rafting Tutkunlar\u0131n\u0131n \u0130lgi Oda\u011f\u0131 Oldu"},"content":{"rendered":"<p>ANTALYA&#8217;n\u0131n Manavgat il\u00e7esindeki K\u00f6pr\u00fc\u00e7ay bu y\u0131l da rafting yapmak isteyenlerin tercihi oldu.<\/p>\n<p>T\u00fcrkiye&#8217;nin ve d\u00fcnyan\u0131n \u00f6nemli rafting merkezlerinden K\u00f6pr\u00fc\u00e7ay, yerli ve yabanc\u0131 misafirlerin rafting i\u00e7in tercih etti\u011fi noktalar\u0131n ba\u015f\u0131na yer al\u0131yor. Her y\u0131l binlerce tatilcinin rafting heyecan\u0131 ya\u015famaya geldi\u011fi K\u00f6pr\u00fc\u00e7ay bu y\u0131l da ilgi g\u00f6rd\u00fc.<\/p>\n<p>B\u00f6lgede turizm i\u015fletmecili\u011fi yapan Mehmet Og\u00fcz, &#8220;K\u00f6pr\u00fc\u00e7ay \u0131rma\u011f\u0131ndaki rafting merkezimize yerli ve yabanc\u0131 misafirlerimiz geliyor. A\u011f\u0131rl\u0131kl\u0131 olarak Rus, Alman ve Arap misafirler a\u011f\u0131rl\u0131yoruz. K\u00f6pr\u00fc\u00e7ay&#8217;da 1997 y\u0131l\u0131ndan beri rafting turizmi yap\u0131l\u0131yor. B\u00f6lgemizde \u015fu anda rafting turizmi ile ilgili yakla\u015f\u0131k 100 \u015firket \u00e7al\u0131\u015f\u0131yor. Rafting yapmak i\u00e7in daha \u00f6nceki y\u0131llarda 10-15 bin misafir a\u011f\u0131rl\u0131yordu b\u00f6lgemiz. Turizm bu y\u0131l ba\u015flang\u0131\u00e7 olarak fazla iyi olmad\u0131. Bu sebeple ortalama 5 ile 7 bin aras\u0131nda g\u00fcnl\u00fck misafir a\u011f\u0131rl\u0131yoruz. Rafting turizmine daha \u00e7ok Avrupal\u0131 turistler ilgi g\u00f6steriyor. Gelen misafirlerimize bir\u00e7ok farkl\u0131 etkinlikler d\u00fczenliyoruz. Bunun d\u0131\u015f\u0131nda misafirlerimizi safari ara\u00e7lar\u0131 ile \u00fcnl\u00fc Taz\u0131 Kanyonu&#8217;na g\u00f6t\u00fcr\u00fcyoruz. Oraya d\u00fczenledi\u011fimiz g\u00fcn\u00fcbirlik turlar ile lavanta bah\u00e7eleri gezileri, foto\u011fraf \u00e7ekimleri kanyon ke\u015fifleri yap\u0131yoruz&#8221; dedi.<\/p>\n<p>Kaynak: www.kanalv.com.tr Haber Sitesinden Al\u0131nm\u0131\u015ft\u0131r.<\/p>","protected":false},"excerpt":{"rendered":"<p>ANTALYA&#8217;n\u0131n Manavgat il\u00e7esindeki K\u00f6pr\u00fc\u00e7ay bu y\u0131l da rafting yapmak isteyenlerin tercihi oldu. T\u00fcrkiye&#8217;nin ve d\u00fcnyan\u0131n \u00f6nemli rafting merkezlerinden K\u00f6pr\u00fc\u00e7ay, yerli ve yabanc\u0131 misafirlerin rafting i\u00e7in tercih etti\u011fi noktalar\u0131n ba\u015f\u0131na yer al\u0131yor. Her y\u0131l binlerce tatilcinin rafting heyecan\u0131 ya\u015famaya geldi\u011fi K\u00f6pr\u00fc\u00e7ay bu y\u0131l da ilgi g\u00f6rd\u00fc. B\u00f6lgede turizm i\u015fletmecili\u011fi yapan Mehmet Og\u00fcz, &#8220;K\u00f6pr\u00fc\u00e7ay \u0131rma\u011f\u0131ndaki rafting merkezimize yerli ve yabanc\u0131 misafirlerimiz geliyor. A\u011f\u0131rl\u0131kl\u0131 olarak Rus, Alman ve Arap misafirler a\u011f\u0131rl\u0131yoruz. K\u00f6pr\u00fc\u00e7ay&#8217;da 1997 y\u0131l\u0131ndan beri rafting turizmi yap\u0131l\u0131yor. B\u00f6lgemizde \u015fu anda rafting turizmi ile ilgili yakla\u015f\u0131k 100 \u015firket \u00e7al\u0131\u015f\u0131yor. Rafting yapmak i\u00e7in daha \u00f6nceki y\u0131llarda 10-15 bin misafir a\u011f\u0131rl\u0131yordu b\u00f6lgemiz. Turizm bu y\u0131l ba\u015flang\u0131\u00e7 olarak fazla iyi olmad\u0131. Bu sebeple ortalama 5 ile 7 bin aras\u0131nda g\u00fcnl\u00fck misafir a\u011f\u0131rl\u0131yoruz. Rafting turizmine daha \u00e7ok Avrupal\u0131 turistler ilgi g\u00f6steriyor. Gelen misafirlerimize bir\u00e7ok farkl\u0131 etkinlikler d\u00fczenliyoruz. Bunun d\u0131\u015f\u0131nda misafirlerimizi safari ara\u00e7lar\u0131 ile \u00fcnl\u00fc Taz\u0131 Kanyonu&#8217;na g\u00f6t\u00fcr\u00fcyoruz. Oraya d\u00fczenledi\u011fimiz g\u00fcn\u00fcbirlik turlar ile lavanta bah\u00e7eleri gezileri, foto\u011fraf \u00e7ekimleri kanyon ke\u015fifleri yap\u0131yoruz&#8221; dedi. Kaynak: www.kanalv.com.tr Haber Sitesinden Al\u0131nm\u0131\u015ft\u0131r.<\/p>","protected":false},"author":4,"featured_media":146775,"comment_status":"","ping_status":"open","sticky":false,"template":"","format":"standard","meta":{"_acf_changed":false,"footnotes":""},"categories":[26],"tags":[],"class_list":["post-146774","post","type-post","status-publish","format-standard","has-post-thumbnail","hentry","category-antalya"],"acf":[],"yoast_head":"<!-- This site is optimized with the Yoast SEO Premium plugin v26.6 (Yoast SEO v27.1.1) - https:\/\/yoast.com\/product\/yoast-seo-premium-wordpress\/ -->\n<title>K\u00f6pr\u00fc\u00e7ay, Rafting Tutkunlar\u0131n\u0131n \u0130lgi Oda\u011f\u0131 Oldu - Av. Deniz Can K\u0131z\u0131l<\/title>\n<meta name=\"robots\" content=\"index, follow, max-snippet:-1, max-image-preview:large, max-video-preview:-1\" \/>\n<link rel=\"canonical\" href=\"https:\/\/denizcankizil.tr\/en\/haberler\/antalya\/koprucay-rafting-tutkunlarinin-ilgi-odagi-oldu\/\" \/>\n<meta property=\"og:locale\" content=\"en_GB\" \/>\n<meta property=\"og:type\" content=\"article\" \/>\n<meta property=\"og:title\" content=\"K\u00f6pr\u00fc\u00e7ay, Rafting Tutkunlar\u0131n\u0131n \u0130lgi Oda\u011f\u0131 Oldu\" \/>\n<meta property=\"og:description\" content=\"ANTALYA&#8217;n\u0131n Manavgat il\u00e7esindeki K\u00f6pr\u00fc\u00e7ay bu y\u0131l da rafting yapmak isteyenlerin tercihi oldu. T\u00fcrkiye&#8217;nin ve d\u00fcnyan\u0131n \u00f6nemli rafting merkezlerinden K\u00f6pr\u00fc\u00e7ay, yerli ve yabanc\u0131 misafirlerin rafting i\u00e7in tercih etti\u011fi noktalar\u0131n ba\u015f\u0131na yer al\u0131yor. Her y\u0131l binlerce tatilcinin rafting heyecan\u0131 ya\u015famaya geldi\u011fi K\u00f6pr\u00fc\u00e7ay bu y\u0131l da ilgi g\u00f6rd\u00fc. B\u00f6lgede turizm i\u015fletmecili\u011fi yapan Mehmet Og\u00fcz, &#8220;K\u00f6pr\u00fc\u00e7ay \u0131rma\u011f\u0131ndaki rafting merkezimize yerli ve yabanc\u0131 misafirlerimiz geliyor. A\u011f\u0131rl\u0131kl\u0131 olarak Rus, Alman ve Arap misafirler a\u011f\u0131rl\u0131yoruz. K\u00f6pr\u00fc\u00e7ay&#8217;da 1997 y\u0131l\u0131ndan beri rafting turizmi yap\u0131l\u0131yor. B\u00f6lgemizde \u015fu anda rafting turizmi ile ilgili yakla\u015f\u0131k 100 \u015firket \u00e7al\u0131\u015f\u0131yor. Rafting yapmak i\u00e7in daha \u00f6nceki y\u0131llarda 10-15 bin misafir a\u011f\u0131rl\u0131yordu b\u00f6lgemiz. Turizm bu y\u0131l ba\u015flang\u0131\u00e7 olarak fazla iyi olmad\u0131. Bu sebeple ortalama 5 ile 7 bin aras\u0131nda g\u00fcnl\u00fck misafir a\u011f\u0131rl\u0131yoruz. Rafting turizmine daha \u00e7ok Avrupal\u0131 turistler ilgi g\u00f6steriyor. Gelen misafirlerimize bir\u00e7ok farkl\u0131 etkinlikler d\u00fczenliyoruz. Bunun d\u0131\u015f\u0131nda misafirlerimizi safari ara\u00e7lar\u0131 ile \u00fcnl\u00fc Taz\u0131 Kanyonu&#8217;na g\u00f6t\u00fcr\u00fcyoruz. Oraya d\u00fczenledi\u011fimiz g\u00fcn\u00fcbirlik turlar ile lavanta bah\u00e7eleri gezileri, foto\u011fraf \u00e7ekimleri kanyon ke\u015fifleri yap\u0131yoruz&#8221; dedi. Kaynak: www.kanalv.com.tr Haber Sitesinden Al\u0131nm\u0131\u015ft\u0131r.\" \/>\n<meta property=\"og:url\" content=\"https:\/\/denizcankizil.tr\/en\/haberler\/antalya\/koprucay-rafting-tutkunlarinin-ilgi-odagi-oldu\/\" \/>\n<meta property=\"og:site_name\" content=\"Av. Deniz Can K\u0131z\u0131l\" \/>\n<meta property=\"article:published_time\" content=\"2025-07-15T11:41:16+00:00\" \/>\n<meta property=\"og:image\" content=\"https:\/\/denizcankizil.tr\/wp-content\/uploads\/2025\/07\/k-o-p-r-u-c-a-y-r-a-f-t-i-n-g-t-u-t-k-u-n-l-a-r-i-n-i-n-i-l-g-i-o-d-a-g-816472-241803-tQqtvQ.jpg\" \/>\n\t<meta property=\"og:image:width\" content=\"1280\" \/>\n\t<meta property=\"og:image:height\" content=\"720\" \/>\n\t<meta property=\"og:image:type\" content=\"image\/jpeg\" \/>\n<meta name=\"author\" content=\"Av. Deniz Can K\u0131z\u0131l\" \/>\n<meta name=\"twitter:card\" content=\"summary_large_image\" \/>\n<meta name=\"twitter:label1\" content=\"Written by\" \/>\n\t<meta name=\"twitter:data1\" content=\"Av. Deniz Can K\u0131z\u0131l\" \/>\n\t<meta name=\"twitter:label2\" content=\"Estimated reading time\" \/>\n\t<meta name=\"twitter:data2\" content=\"1 minute\" \/>\n<script type=\"application\/ld+json\" class=\"yoast-schema-graph\">{\"@context\":\"https:\/\/schema.org\",\"@graph\":[{\"@type\":\"Article\",\"@id\":\"https:\/\/denizcankizil.tr\/uk\/haberler\/antalya\/koprucay-rafting-tutkunlarinin-ilgi-odagi-oldu\/#article\",\"isPartOf\":{\"@id\":\"https:\/\/denizcankizil.tr\/uk\/haberler\/antalya\/koprucay-rafting-tutkunlarinin-ilgi-odagi-oldu\/\"},\"author\":{\"name\":\"Av. Deniz Can K\u0131z\u0131l\",\"@id\":\"https:\/\/denizcankizil.tr\/de\/#\/schema\/person\/5dc1b22991bd7ac833867c10afc9b0ff\"},\"headline\":\"K\u00f6pr\u00fc\u00e7ay, Rafting Tutkunlar\u0131n\u0131n \u0130lgi Oda\u011f\u0131 Oldu\",\"datePublished\":\"2025-07-15T11:41:16+00:00\",\"mainEntityOfPage\":{\"@id\":\"https:\/\/denizcankizil.tr\/uk\/haberler\/antalya\/koprucay-rafting-tutkunlarinin-ilgi-odagi-oldu\/\"},\"wordCount\":245,\"publisher\":{\"@id\":\"https:\/\/denizcankizil.tr\/de\/#organization\"},\"image\":{\"@id\":\"https:\/\/denizcankizil.tr\/uk\/haberler\/antalya\/koprucay-rafting-tutkunlarinin-ilgi-odagi-oldu\/#primaryimage\"},\"thumbnailUrl\":\"https:\/\/denizcankizil.tr\/wp-content\/uploads\/2025\/07\/k-o-p-r-u-c-a-y-r-a-f-t-i-n-g-t-u-t-k-u-n-l-a-r-i-n-i-n-i-l-g-i-o-d-a-g-816472-241803-tQqtvQ.jpg\",\"articleSection\":[\"Antalya\"],\"inLanguage\":\"en-GB\"},{\"@type\":\"WebPage\",\"@id\":\"https:\/\/denizcankizil.tr\/uk\/haberler\/antalya\/koprucay-rafting-tutkunlarinin-ilgi-odagi-oldu\/\",\"url\":\"https:\/\/denizcankizil.tr\/uk\/haberler\/antalya\/koprucay-rafting-tutkunlarinin-ilgi-odagi-oldu\/\",\"name\":\"K\u00f6pr\u00fc\u00e7ay, Rafting Tutkunlar\u0131n\u0131n \u0130lgi Oda\u011f\u0131 Oldu - Av. Deniz Can K\u0131z\u0131l\",\"isPartOf\":{\"@id\":\"https:\/\/denizcankizil.tr\/de\/#website\"},\"primaryImageOfPage\":{\"@id\":\"https:\/\/denizcankizil.tr\/uk\/haberler\/antalya\/koprucay-rafting-tutkunlarinin-ilgi-odagi-oldu\/#primaryimage\"},\"image\":{\"@id\":\"https:\/\/denizcankizil.tr\/uk\/haberler\/antalya\/koprucay-rafting-tutkunlarinin-ilgi-odagi-oldu\/#primaryimage\"},\"thumbnailUrl\":\"https:\/\/denizcankizil.tr\/wp-content\/uploads\/2025\/07\/k-o-p-r-u-c-a-y-r-a-f-t-i-n-g-t-u-t-k-u-n-l-a-r-i-n-i-n-i-l-g-i-o-d-a-g-816472-241803-tQqtvQ.jpg\",\"datePublished\":\"2025-07-15T11:41:16+00:00\",\"breadcrumb\":{\"@id\":\"https:\/\/denizcankizil.tr\/uk\/haberler\/antalya\/koprucay-rafting-tutkunlarinin-ilgi-odagi-oldu\/#breadcrumb\"},\"inLanguage\":\"en-GB\",\"potentialAction\":[{\"@type\":\"ReadAction\",\"target\":[\"https:\/\/denizcankizil.tr\/uk\/haberler\/antalya\/koprucay-rafting-tutkunlarinin-ilgi-odagi-oldu\/\"]}]},{\"@type\":\"ImageObject\",\"inLanguage\":\"en-GB\",\"@id\":\"https:\/\/denizcankizil.tr\/uk\/haberler\/antalya\/koprucay-rafting-tutkunlarinin-ilgi-odagi-oldu\/#primaryimage\",\"url\":\"https:\/\/denizcankizil.tr\/wp-content\/uploads\/2025\/07\/k-o-p-r-u-c-a-y-r-a-f-t-i-n-g-t-u-t-k-u-n-l-a-r-i-n-i-n-i-l-g-i-o-d-a-g-816472-241803-tQqtvQ.jpg\",\"contentUrl\":\"https:\/\/denizcankizil.tr\/wp-content\/uploads\/2025\/07\/k-o-p-r-u-c-a-y-r-a-f-t-i-n-g-t-u-t-k-u-n-l-a-r-i-n-i-n-i-l-g-i-o-d-a-g-816472-241803-tQqtvQ.jpg\",\"width\":1280,\"height\":720},{\"@type\":\"BreadcrumbList\",\"@id\":\"https:\/\/denizcankizil.tr\/uk\/haberler\/antalya\/koprucay-rafting-tutkunlarinin-ilgi-odagi-oldu\/#breadcrumb\",\"itemListElement\":[{\"@type\":\"ListItem\",\"position\":1,\"name\":\"Home\",\"item\":\"https:\/\/denizcankizil.tr\/de\/\"},{\"@type\":\"ListItem\",\"position\":2,\"name\":\"K\u00f6pr\u00fc\u00e7ay, Rafting Tutkunlar\u0131n\u0131n \u0130lgi Oda\u011f\u0131 Oldu\"}]},{\"@type\":\"WebSite\",\"@id\":\"https:\/\/denizcankizil.tr\/de\/#website\",\"url\":\"https:\/\/denizcankizil.tr\/de\/\",\"name\":\"Av. Deniz Can K\u0131z\u0131l\",\"description\":\"Avukat Deniz Can K\u0131z\u0131l Antalya Barosu\",\"publisher\":{\"@id\":\"https:\/\/denizcankizil.tr\/de\/#organization\"},\"potentialAction\":[{\"@type\":\"SearchAction\",\"target\":{\"@type\":\"EntryPoint\",\"urlTemplate\":\"https:\/\/denizcankizil.tr\/de\/?s={search_term_string}\"},\"query-input\":{\"@type\":\"PropertyValueSpecification\",\"valueRequired\":true,\"valueName\":\"search_term_string\"}}],\"inLanguage\":\"en-GB\"},{\"@type\":\"Organization\",\"@id\":\"https:\/\/denizcankizil.tr\/de\/#organization\",\"name\":\"Av. Deniz Can K\u0131z\u0131l\",\"url\":\"https:\/\/denizcankizil.tr\/de\/\",\"logo\":{\"@type\":\"ImageObject\",\"inLanguage\":\"en-GB\",\"@id\":\"https:\/\/denizcankizil.tr\/de\/#\/schema\/logo\/image\/\",\"url\":\"https:\/\/denizcankizil.tr\/wp-content\/uploads\/2024\/10\/siyah-logo-svg.svg\",\"contentUrl\":\"https:\/\/denizcankizil.tr\/wp-content\/uploads\/2024\/10\/siyah-logo-svg.svg\",\"width\":1080,\"height\":1080,\"caption\":\"Av. Deniz Can K\u0131z\u0131l\"},\"image\":{\"@id\":\"https:\/\/denizcankizil.tr\/de\/#\/schema\/logo\/image\/\"}},{\"@type\":\"Person\",\"@id\":\"https:\/\/denizcankizil.tr\/de\/#\/schema\/person\/5dc1b22991bd7ac833867c10afc9b0ff\",\"name\":\"Av. Deniz Can K\u0131z\u0131l\",\"image\":{\"@type\":\"ImageObject\",\"inLanguage\":\"en-GB\",\"@id\":\"https:\/\/denizcankizil.tr\/de\/#\/schema\/person\/image\/\",\"url\":\"https:\/\/secure.gravatar.com\/avatar\/a0b128fb9855c79efc976d5640eedb31dc35ec297594d6016d2cf7c60e975bb6?s=96&d=mm&r=g\",\"contentUrl\":\"https:\/\/secure.gravatar.com\/avatar\/a0b128fb9855c79efc976d5640eedb31dc35ec297594d6016d2cf7c60e975bb6?s=96&d=mm&r=g\",\"caption\":\"Av. Deniz Can K\u0131z\u0131l\"},\"sameAs\":[\"http:\/\/www.denizcankizil.tr\"],\"url\":\"https:\/\/denizcankizil.tr\/en\/author\/denizcankizil\/\"}]}<\/script>\n<!-- \/ Yoast SEO Premium plugin. -->","yoast_head_json":{"title":"K\u00f6pr\u00fc\u00e7ay, Rafting Tutkunlar\u0131n\u0131n \u0130lgi Oda\u011f\u0131 Oldu - Av. Deniz Can K\u0131z\u0131l","robots":{"index":"index","follow":"follow","max-snippet":"max-snippet:-1","max-image-preview":"max-image-preview:large","max-video-preview":"max-video-preview:-1"},"canonical":"https:\/\/denizcankizil.tr\/en\/haberler\/antalya\/koprucay-rafting-tutkunlarinin-ilgi-odagi-oldu\/","og_locale":"en_GB","og_type":"article","og_title":"K\u00f6pr\u00fc\u00e7ay, Rafting Tutkunlar\u0131n\u0131n \u0130lgi Oda\u011f\u0131 Oldu","og_description":"ANTALYA&#8217;n\u0131n Manavgat il\u00e7esindeki K\u00f6pr\u00fc\u00e7ay bu y\u0131l da rafting yapmak isteyenlerin tercihi oldu. T\u00fcrkiye&#8217;nin ve d\u00fcnyan\u0131n \u00f6nemli rafting merkezlerinden K\u00f6pr\u00fc\u00e7ay, yerli ve yabanc\u0131 misafirlerin rafting i\u00e7in tercih etti\u011fi noktalar\u0131n ba\u015f\u0131na yer al\u0131yor. Her y\u0131l binlerce tatilcinin rafting heyecan\u0131 ya\u015famaya geldi\u011fi K\u00f6pr\u00fc\u00e7ay bu y\u0131l da ilgi g\u00f6rd\u00fc. B\u00f6lgede turizm i\u015fletmecili\u011fi yapan Mehmet Og\u00fcz, &#8220;K\u00f6pr\u00fc\u00e7ay \u0131rma\u011f\u0131ndaki rafting merkezimize yerli ve yabanc\u0131 misafirlerimiz geliyor. A\u011f\u0131rl\u0131kl\u0131 olarak Rus, Alman ve Arap misafirler a\u011f\u0131rl\u0131yoruz. K\u00f6pr\u00fc\u00e7ay&#8217;da 1997 y\u0131l\u0131ndan beri rafting turizmi yap\u0131l\u0131yor. B\u00f6lgemizde \u015fu anda rafting turizmi ile ilgili yakla\u015f\u0131k 100 \u015firket \u00e7al\u0131\u015f\u0131yor. Rafting yapmak i\u00e7in daha \u00f6nceki y\u0131llarda 10-15 bin misafir a\u011f\u0131rl\u0131yordu b\u00f6lgemiz. Turizm bu y\u0131l ba\u015flang\u0131\u00e7 olarak fazla iyi olmad\u0131. Bu sebeple ortalama 5 ile 7 bin aras\u0131nda g\u00fcnl\u00fck misafir a\u011f\u0131rl\u0131yoruz. Rafting turizmine daha \u00e7ok Avrupal\u0131 turistler ilgi g\u00f6steriyor. Gelen misafirlerimize bir\u00e7ok farkl\u0131 etkinlikler d\u00fczenliyoruz. Bunun d\u0131\u015f\u0131nda misafirlerimizi safari ara\u00e7lar\u0131 ile \u00fcnl\u00fc Taz\u0131 Kanyonu&#8217;na g\u00f6t\u00fcr\u00fcyoruz. Oraya d\u00fczenledi\u011fimiz g\u00fcn\u00fcbirlik turlar ile lavanta bah\u00e7eleri gezileri, foto\u011fraf \u00e7ekimleri kanyon ke\u015fifleri yap\u0131yoruz&#8221; dedi. Kaynak: www.kanalv.com.tr Haber Sitesinden Al\u0131nm\u0131\u015ft\u0131r.","og_url":"https:\/\/denizcankizil.tr\/en\/haberler\/antalya\/koprucay-rafting-tutkunlarinin-ilgi-odagi-oldu\/","og_site_name":"Av. Deniz Can K\u0131z\u0131l","article_published_time":"2025-07-15T11:41:16+00:00","og_image":[{"width":1280,"height":720,"url":"https:\/\/denizcankizil.tr\/wp-content\/uploads\/2025\/07\/k-o-p-r-u-c-a-y-r-a-f-t-i-n-g-t-u-t-k-u-n-l-a-r-i-n-i-n-i-l-g-i-o-d-a-g-816472-241803-tQqtvQ.jpg","type":"image\/jpeg"}],"author":"Av. Deniz Can K\u0131z\u0131l","twitter_card":"summary_large_image","twitter_misc":{"Written by":"Av. Deniz Can K\u0131z\u0131l","Estimated reading time":"1 minute"},"schema":{"@context":"https:\/\/schema.org","@graph":[{"@type":"Article","@id":"https:\/\/denizcankizil.tr\/uk\/haberler\/antalya\/koprucay-rafting-tutkunlarinin-ilgi-odagi-oldu\/#article","isPartOf":{"@id":"https:\/\/denizcankizil.tr\/uk\/haberler\/antalya\/koprucay-rafting-tutkunlarinin-ilgi-odagi-oldu\/"},"author":{"name":"Av. Deniz Can K\u0131z\u0131l","@id":"https:\/\/denizcankizil.tr\/de\/#\/schema\/person\/5dc1b22991bd7ac833867c10afc9b0ff"},"headline":"K\u00f6pr\u00fc\u00e7ay, Rafting Tutkunlar\u0131n\u0131n \u0130lgi Oda\u011f\u0131 Oldu","datePublished":"2025-07-15T11:41:16+00:00","mainEntityOfPage":{"@id":"https:\/\/denizcankizil.tr\/uk\/haberler\/antalya\/koprucay-rafting-tutkunlarinin-ilgi-odagi-oldu\/"},"wordCount":245,"publisher":{"@id":"https:\/\/denizcankizil.tr\/de\/#organization"},"image":{"@id":"https:\/\/denizcankizil.tr\/uk\/haberler\/antalya\/koprucay-rafting-tutkunlarinin-ilgi-odagi-oldu\/#primaryimage"},"thumbnailUrl":"https:\/\/denizcankizil.tr\/wp-content\/uploads\/2025\/07\/k-o-p-r-u-c-a-y-r-a-f-t-i-n-g-t-u-t-k-u-n-l-a-r-i-n-i-n-i-l-g-i-o-d-a-g-816472-241803-tQqtvQ.jpg","articleSection":["Antalya"],"inLanguage":"en-GB"},{"@type":"WebPage","@id":"https:\/\/denizcankizil.tr\/uk\/haberler\/antalya\/koprucay-rafting-tutkunlarinin-ilgi-odagi-oldu\/","url":"https:\/\/denizcankizil.tr\/uk\/haberler\/antalya\/koprucay-rafting-tutkunlarinin-ilgi-odagi-oldu\/","name":"K\u00f6pr\u00fc\u00e7ay, Rafting Tutkunlar\u0131n\u0131n \u0130lgi Oda\u011f\u0131 Oldu - Av. Deniz Can K\u0131z\u0131l","isPartOf":{"@id":"https:\/\/denizcankizil.tr\/de\/#website"},"primaryImageOfPage":{"@id":"https:\/\/denizcankizil.tr\/uk\/haberler\/antalya\/koprucay-rafting-tutkunlarinin-ilgi-odagi-oldu\/#primaryimage"},"image":{"@id":"https:\/\/denizcankizil.tr\/uk\/haberler\/antalya\/koprucay-rafting-tutkunlarinin-ilgi-odagi-oldu\/#primaryimage"},"thumbnailUrl":"https:\/\/denizcankizil.tr\/wp-content\/uploads\/2025\/07\/k-o-p-r-u-c-a-y-r-a-f-t-i-n-g-t-u-t-k-u-n-l-a-r-i-n-i-n-i-l-g-i-o-d-a-g-816472-241803-tQqtvQ.jpg","datePublished":"2025-07-15T11:41:16+00:00","breadcrumb":{"@id":"https:\/\/denizcankizil.tr\/uk\/haberler\/antalya\/koprucay-rafting-tutkunlarinin-ilgi-odagi-oldu\/#breadcrumb"},"inLanguage":"en-GB","potentialAction":[{"@type":"ReadAction","target":["https:\/\/denizcankizil.tr\/uk\/haberler\/antalya\/koprucay-rafting-tutkunlarinin-ilgi-odagi-oldu\/"]}]},{"@type":"ImageObject","inLanguage":"en-GB","@id":"https:\/\/denizcankizil.tr\/uk\/haberler\/antalya\/koprucay-rafting-tutkunlarinin-ilgi-odagi-oldu\/#primaryimage","url":"https:\/\/denizcankizil.tr\/wp-content\/uploads\/2025\/07\/k-o-p-r-u-c-a-y-r-a-f-t-i-n-g-t-u-t-k-u-n-l-a-r-i-n-i-n-i-l-g-i-o-d-a-g-816472-241803-tQqtvQ.jpg","contentUrl":"https:\/\/denizcankizil.tr\/wp-content\/uploads\/2025\/07\/k-o-p-r-u-c-a-y-r-a-f-t-i-n-g-t-u-t-k-u-n-l-a-r-i-n-i-n-i-l-g-i-o-d-a-g-816472-241803-tQqtvQ.jpg","width":1280,"height":720},{"@type":"BreadcrumbList","@id":"https:\/\/denizcankizil.tr\/uk\/haberler\/antalya\/koprucay-rafting-tutkunlarinin-ilgi-odagi-oldu\/#breadcrumb","itemListElement":[{"@type":"ListItem","position":1,"name":"Home","item":"https:\/\/denizcankizil.tr\/de\/"},{"@type":"ListItem","position":2,"name":"K\u00f6pr\u00fc\u00e7ay, Rafting Tutkunlar\u0131n\u0131n \u0130lgi Oda\u011f\u0131 Oldu"}]},{"@type":"WebSite","@id":"https:\/\/denizcankizil.tr\/de\/#website","url":"https:\/\/denizcankizil.tr\/de\/","name":"Av. Deniz Can K\u0131z\u0131l","description":"Avukat Deniz Can K\u0131z\u0131l Antalya Barosu","publisher":{"@id":"https:\/\/denizcankizil.tr\/de\/#organization"},"potentialAction":[{"@type":"SearchAction","target":{"@type":"EntryPoint","urlTemplate":"https:\/\/denizcankizil.tr\/de\/?s={search_term_string}"},"query-input":{"@type":"PropertyValueSpecification","valueRequired":true,"valueName":"search_term_string"}}],"inLanguage":"en-GB"},{"@type":"Organization","@id":"https:\/\/denizcankizil.tr\/de\/#organization","name":"Av. Deniz Can K\u0131z\u0131l","url":"https:\/\/denizcankizil.tr\/de\/","logo":{"@type":"ImageObject","inLanguage":"en-GB","@id":"https:\/\/denizcankizil.tr\/de\/#\/schema\/logo\/image\/","url":"https:\/\/denizcankizil.tr\/wp-content\/uploads\/2024\/10\/siyah-logo-svg.svg","contentUrl":"https:\/\/denizcankizil.tr\/wp-content\/uploads\/2024\/10\/siyah-logo-svg.svg","width":1080,"height":1080,"caption":"Av. Deniz Can K\u0131z\u0131l"},"image":{"@id":"https:\/\/denizcankizil.tr\/de\/#\/schema\/logo\/image\/"}},{"@type":"Person","@id":"https:\/\/denizcankizil.tr\/de\/#\/schema\/person\/5dc1b22991bd7ac833867c10afc9b0ff","name":"Av. Deniz Can K\u0131z\u0131l","image":{"@type":"ImageObject","inLanguage":"en-GB","@id":"https:\/\/denizcankizil.tr\/de\/#\/schema\/person\/image\/","url":"https:\/\/secure.gravatar.com\/avatar\/a0b128fb9855c79efc976d5640eedb31dc35ec297594d6016d2cf7c60e975bb6?s=96&d=mm&r=g","contentUrl":"https:\/\/secure.gravatar.com\/avatar\/a0b128fb9855c79efc976d5640eedb31dc35ec297594d6016d2cf7c60e975bb6?s=96&d=mm&r=g","caption":"Av. Deniz Can K\u0131z\u0131l"},"sameAs":["http:\/\/www.denizcankizil.tr"],"url":"https:\/\/denizcankizil.tr\/en\/author\/denizcankizil\/"}]}},"_links":{"self":[{"href":"https:\/\/denizcankizil.tr\/en\/wp-json\/wp\/v2\/posts\/146774","targetHints":{"allow":["GET"]}}],"collection":[{"href":"https:\/\/denizcankizil.tr\/en\/wp-json\/wp\/v2\/posts"}],"about":[{"href":"https:\/\/denizcankizil.tr\/en\/wp-json\/wp\/v2\/types\/post"}],"author":[{"embeddable":true,"href":"https:\/\/denizcankizil.tr\/en\/wp-json\/wp\/v2\/users\/4"}],"replies":[{"embeddable":true,"href":"https:\/\/denizcankizil.tr\/en\/wp-json\/wp\/v2\/comments?post=146774"}],"version-history":[{"count":0,"href":"https:\/\/denizcankizil.tr\/en\/wp-json\/wp\/v2\/posts\/146774\/revisions"}],"wp:featuredmedia":[{"embeddable":true,"href":"https:\/\/denizcankizil.tr\/en\/wp-json\/wp\/v2\/media\/146775"}],"wp:attachment":[{"href":"https:\/\/denizcankizil.tr\/en\/wp-json\/wp\/v2\/media?parent=146774"}],"wp:term":[{"taxonomy":"category","embeddable":true,"href":"https:\/\/denizcankizil.tr\/en\/wp-json\/wp\/v2\/categories?post=146774"},{"taxonomy":"post_tag","embeddable":true,"href":"https:\/\/denizcankizil.tr\/en\/wp-json\/wp\/v2\/tags?post=146774"}],"curies":[{"name":"wp","href":"https:\/\/api.w.org\/{rel}","templated":true}]}}