{"id":145832,"date":"2025-07-14T16:42:38","date_gmt":"2025-07-14T13:42:38","guid":{"rendered":"https:\/\/denizcankizil.tr\/uncategorized-tr\/suriyenin-lazkiye-yangininda-12-gun\/"},"modified":"2025-07-14T16:42:38","modified_gmt":"2025-07-14T13:42:38","slug":"suriyenin-lazkiye-yangininda-12-gun","status":"publish","type":"post","link":"https:\/\/denizcankizil.tr\/en\/haberler\/gundem\/suriyenin-lazkiye-yangininda-12-gun\/","title":{"rendered":"Suriye\u2019nin Lazkiye yang\u0131n\u0131nda 12. G\u00fcn\u2026"},"content":{"rendered":"<p>Yerel kaynaklardan edinilen bilgilere g\u00f6re, Lazkiye k\u0131rsal\u0131nda yer alan Nabaeen Yolu ile Ras Al Basit aras\u0131ndaki b\u00f6lgede \u00e7\u0131kan yang\u0131nlar, 14 Temmuz Pazartesi g\u00fcn\u00fc itibar\u0131yla \u00fcst \u00fcste 12. g\u00fcn\u00fcne girdi. Yang\u0131n b\u00f6lgelerindeki ormanl\u0131k alanda s\u00fcren alevler nedeniyle ekipler, yang\u0131n\u0131n tamamen kontrol alt\u0131na al\u0131nmas\u0131 ve yeni yang\u0131nlar\u0131n \u00f6nlenmesi amac\u0131yla yo\u011fun so\u011futma ve g\u00f6zetleme \u00e7al\u0131\u015fmalar\u0131na devam ediyor. Yang\u0131n b\u00f6lgesinde i\u015f makineleriyle a\u00e7\u0131lan yollarla ara\u00e7, ekipman, karadan \u00e7al\u0131\u015fan ekiplerin \u00e7al\u0131\u015fmalar\u0131 kolayla\u015ft\u0131r\u0131l\u0131yor. Ekipler, havadan kaynaklanabilecek olas\u0131 yeni yang\u0131nlara kar\u015f\u0131 da bir\u00e7ok noktada \u00f6nlem amac\u0131yla so\u011futma ve izleme operasyonlar\u0131n\u0131 s\u00fcrd\u00fcr\u00fcyor.<\/p>\n<p>Bug\u00fcn, Lazkiye k\u0131rsal\u0131nda Rasit ile Al-Nabaeen Yolu aras\u0131nda kalan vadi b\u00f6lgesinde, yang\u0131n odaklar\u0131na y\u00f6nelik izleme ve m\u00fcdahale \u00e7al\u0131\u015fmalar\u0131na Katarl\u0131 sivil savunma ekipleri de aktif olarak kat\u0131ld\u0131. Katarl\u0131 ekiplerin baz\u0131 kritik yang\u0131n noktalar\u0131n\u0131n kontrol alt\u0131na al\u0131nmas\u0131nda etkin rol oynad\u0131\u011f\u0131 belirtildi.<\/p>\n<p>B\u00f6lge genelinde yang\u0131nla m\u00fccadele eden uluslararas\u0131 ekipler, koordineli \u015fekilde \u00e7al\u0131\u015fmalar\u0131n\u0131 s\u00fcrd\u00fcrerek, can ve mal kayb\u0131n\u0131 en aza indirmeyi hedefliyor. Yetkililer, yang\u0131n\u0131n etkili oldu\u011fu yerlerde drone ile havadan da izlendi\u011fini, alevlerin tamamen s\u00f6nd\u00fcr\u00fclmesi i\u00e7in b\u00f6lgedeki hava ko\u015fullar\u0131n\u0131n ve zorlu arazi yap\u0131s\u0131n\u0131n dikkate al\u0131nd\u0131\u011f\u0131n\u0131 ifade etti.<\/p>\n<p><img decoding=\"async\" alt=\"Yanginda On Ikinci Gun (14)\" class=\"detail-photo img-fluid lazyload\" height=\"1365\" data-src=\"https:\/\/iskenderunorg.teimg.com\/iskenderun-org\/uploads\/2025\/07\/2025\/07\/yanginda-on-ikinci-gun-14.jpg\" width=\"2048\" src=\"data:image\/svg+xml;base64,PHN2ZyB3aWR0aD0iMSIgaGVpZ2h0PSIxIiB4bWxucz0iaHR0cDovL3d3dy53My5vcmcvMjAwMC9zdmciPjwvc3ZnPg==\" style=\"--smush-placeholder-width: 2048px; --smush-placeholder-aspect-ratio: 2048\/1365;\" \/><img decoding=\"async\" alt=\"Yanginda On Ikinci Gun (12)\" class=\"detail-photo img-fluid lazyload\" height=\"1365\" data-src=\"https:\/\/iskenderunorg.teimg.com\/iskenderun-org\/uploads\/2025\/07\/2025\/07\/yanginda-on-ikinci-gun-12.jpg\" width=\"2048\" src=\"data:image\/svg+xml;base64,PHN2ZyB3aWR0aD0iMSIgaGVpZ2h0PSIxIiB4bWxucz0iaHR0cDovL3d3dy53My5vcmcvMjAwMC9zdmciPjwvc3ZnPg==\" style=\"--smush-placeholder-width: 2048px; --smush-placeholder-aspect-ratio: 2048\/1365;\" \/><img decoding=\"async\" alt=\"Yanginda On Ikinci Gun (13)\" class=\"detail-photo img-fluid lazyload\" height=\"1365\" data-src=\"https:\/\/iskenderunorg.teimg.com\/iskenderun-org\/uploads\/2025\/07\/2025\/07\/yanginda-on-ikinci-gun-13.jpg\" width=\"2048\" src=\"data:image\/svg+xml;base64,PHN2ZyB3aWR0aD0iMSIgaGVpZ2h0PSIxIiB4bWxucz0iaHR0cDovL3d3dy53My5vcmcvMjAwMC9zdmciPjwvc3ZnPg==\" style=\"--smush-placeholder-width: 2048px; --smush-placeholder-aspect-ratio: 2048\/1365;\" \/><img decoding=\"async\" alt=\"Yanginda On Ikinci Gun (10)\" class=\"detail-photo img-fluid lazyload\" height=\"1365\" data-src=\"https:\/\/iskenderunorg.teimg.com\/iskenderun-org\/uploads\/2025\/07\/2025\/07\/yanginda-on-ikinci-gun-10.jpg\" width=\"2048\" src=\"data:image\/svg+xml;base64,PHN2ZyB3aWR0aD0iMSIgaGVpZ2h0PSIxIiB4bWxucz0iaHR0cDovL3d3dy53My5vcmcvMjAwMC9zdmciPjwvc3ZnPg==\" style=\"--smush-placeholder-width: 2048px; --smush-placeholder-aspect-ratio: 2048\/1365;\" \/><img decoding=\"async\" alt=\"Yanginda On Ikinci Gun (11)\" class=\"detail-photo img-fluid lazyload\" height=\"899\" data-src=\"https:\/\/iskenderunorg.teimg.com\/iskenderun-org\/uploads\/2025\/07\/2025\/07\/yanginda-on-ikinci-gun-11.jpg\" width=\"1599\" src=\"data:image\/svg+xml;base64,PHN2ZyB3aWR0aD0iMSIgaGVpZ2h0PSIxIiB4bWxucz0iaHR0cDovL3d3dy53My5vcmcvMjAwMC9zdmciPjwvc3ZnPg==\" style=\"--smush-placeholder-width: 1599px; --smush-placeholder-aspect-ratio: 1599\/899;\" \/><img decoding=\"async\" alt=\"Yanginda On Ikinci Gun (7)\" class=\"detail-photo img-fluid lazyload\" height=\"720\" data-src=\"https:\/\/iskenderunorg.teimg.com\/iskenderun-org\/uploads\/2025\/07\/2025\/07\/yanginda-on-ikinci-gun-7.jpg\" width=\"1080\" src=\"data:image\/svg+xml;base64,PHN2ZyB3aWR0aD0iMSIgaGVpZ2h0PSIxIiB4bWxucz0iaHR0cDovL3d3dy53My5vcmcvMjAwMC9zdmciPjwvc3ZnPg==\" style=\"--smush-placeholder-width: 1080px; --smush-placeholder-aspect-ratio: 1080\/720;\" \/><img decoding=\"async\" alt=\"Yanginda On Ikinci Gun (8)\" class=\"detail-photo img-fluid lazyload\" height=\"899\" data-src=\"https:\/\/iskenderunorg.teimg.com\/iskenderun-org\/uploads\/2025\/07\/2025\/07\/yanginda-on-ikinci-gun-8.jpg\" width=\"1599\" src=\"data:image\/svg+xml;base64,PHN2ZyB3aWR0aD0iMSIgaGVpZ2h0PSIxIiB4bWxucz0iaHR0cDovL3d3dy53My5vcmcvMjAwMC9zdmciPjwvc3ZnPg==\" style=\"--smush-placeholder-width: 1599px; --smush-placeholder-aspect-ratio: 1599\/899;\" \/><img decoding=\"async\" alt=\"Yanginda On Ikinci Gun (9)\" class=\"detail-photo img-fluid lazyload\" height=\"1365\" data-src=\"https:\/\/iskenderunorg.teimg.com\/iskenderun-org\/uploads\/2025\/07\/2025\/07\/yanginda-on-ikinci-gun-9.jpg\" width=\"2048\" src=\"data:image\/svg+xml;base64,PHN2ZyB3aWR0aD0iMSIgaGVpZ2h0PSIxIiB4bWxucz0iaHR0cDovL3d3dy53My5vcmcvMjAwMC9zdmciPjwvc3ZnPg==\" style=\"--smush-placeholder-width: 2048px; --smush-placeholder-aspect-ratio: 2048\/1365;\" \/><img decoding=\"async\" alt=\"Yanginda On Ikinci Gun (5)\" class=\"detail-photo img-fluid lazyload\" height=\"1365\" data-src=\"https:\/\/iskenderunorg.teimg.com\/iskenderun-org\/uploads\/2025\/07\/2025\/07\/yanginda-on-ikinci-gun-5.jpg\" width=\"2048\" src=\"data:image\/svg+xml;base64,PHN2ZyB3aWR0aD0iMSIgaGVpZ2h0PSIxIiB4bWxucz0iaHR0cDovL3d3dy53My5vcmcvMjAwMC9zdmciPjwvc3ZnPg==\" style=\"--smush-placeholder-width: 2048px; --smush-placeholder-aspect-ratio: 2048\/1365;\" \/><img decoding=\"async\" alt=\"Yanginda On Ikinci Gun (6)\" class=\"detail-photo img-fluid lazyload\" height=\"720\" data-src=\"https:\/\/iskenderunorg.teimg.com\/iskenderun-org\/uploads\/2025\/07\/2025\/07\/yanginda-on-ikinci-gun-6.jpg\" width=\"1080\" src=\"data:image\/svg+xml;base64,PHN2ZyB3aWR0aD0iMSIgaGVpZ2h0PSIxIiB4bWxucz0iaHR0cDovL3d3dy53My5vcmcvMjAwMC9zdmciPjwvc3ZnPg==\" style=\"--smush-placeholder-width: 1080px; --smush-placeholder-aspect-ratio: 1080\/720;\" \/><img decoding=\"async\" alt=\"Yanginda On Ikinci Gun (3)\" class=\"detail-photo img-fluid lazyload\" height=\"1365\" data-src=\"https:\/\/iskenderunorg.teimg.com\/iskenderun-org\/uploads\/2025\/07\/2025\/07\/yanginda-on-ikinci-gun-3.jpg\" width=\"2048\" src=\"data:image\/svg+xml;base64,PHN2ZyB3aWR0aD0iMSIgaGVpZ2h0PSIxIiB4bWxucz0iaHR0cDovL3d3dy53My5vcmcvMjAwMC9zdmciPjwvc3ZnPg==\" style=\"--smush-placeholder-width: 2048px; --smush-placeholder-aspect-ratio: 2048\/1365;\" \/><img decoding=\"async\" alt=\"Yanginda On Ikinci Gun (4)\" class=\"detail-photo img-fluid lazyload\" height=\"1365\" data-src=\"https:\/\/iskenderunorg.teimg.com\/iskenderun-org\/uploads\/2025\/07\/2025\/07\/yanginda-on-ikinci-gun-4.jpg\" width=\"2048\" src=\"data:image\/svg+xml;base64,PHN2ZyB3aWR0aD0iMSIgaGVpZ2h0PSIxIiB4bWxucz0iaHR0cDovL3d3dy53My5vcmcvMjAwMC9zdmciPjwvc3ZnPg==\" style=\"--smush-placeholder-width: 2048px; --smush-placeholder-aspect-ratio: 2048\/1365;\" \/><img decoding=\"async\" alt=\"Yanginda On Ikinci Gun (1)\" class=\"detail-photo img-fluid lazyload\" height=\"899\" data-src=\"https:\/\/iskenderunorg.teimg.com\/iskenderun-org\/uploads\/2025\/07\/2025\/07\/yanginda-on-ikinci-gun-1.jpg\" width=\"1599\" src=\"data:image\/svg+xml;base64,PHN2ZyB3aWR0aD0iMSIgaGVpZ2h0PSIxIiB4bWxucz0iaHR0cDovL3d3dy53My5vcmcvMjAwMC9zdmciPjwvc3ZnPg==\" style=\"--smush-placeholder-width: 1599px; --smush-placeholder-aspect-ratio: 1599\/899;\" \/><img decoding=\"async\" alt=\"Yanginda On Ikinci Gun (2)\" class=\"detail-photo img-fluid lazyload\" height=\"720\" data-src=\"https:\/\/iskenderunorg.teimg.com\/iskenderun-org\/uploads\/2025\/07\/2025\/07\/yanginda-on-ikinci-gun-2.jpg\" width=\"1080\" src=\"data:image\/svg+xml;base64,PHN2ZyB3aWR0aD0iMSIgaGVpZ2h0PSIxIiB4bWxucz0iaHR0cDovL3d3dy53My5vcmcvMjAwMC9zdmciPjwvc3ZnPg==\" style=\"--smush-placeholder-width: 1080px; --smush-placeholder-aspect-ratio: 1080\/720;\" \/><\/p>\n<p>\u200bSuriye\u2019nin kuzey bat\u0131s\u0131nda Lazkiye k\u0131rsal\u0131nda 3 Temmuz\u2019dan buyana etkili olan orman yang\u0131nlar\u0131yla on ikinci g\u00fcn\u00fcnde m\u00fccadele s\u00fcrerken, Suriye, Katar ve Irak sivil savunma, itfaiye ekipleri Burj Zahia\u2019daki bir\u00e7ok b\u00f6lgede aktif g\u00f6rev yapt\u0131\u011f\u0131 bildirildi.\u00a0<\/p>\n<p>\u200bHaberin Al\u0131nt\u0131land\u0131\u011f\u0131 Kaynak: www.iskenderun.org<\/p>","protected":false},"excerpt":{"rendered":"<p>Yerel kaynaklardan edinilen bilgilere g\u00f6re, Lazkiye k\u0131rsal\u0131nda yer alan Nabaeen Yolu ile Ras Al Basit aras\u0131ndaki b\u00f6lgede \u00e7\u0131kan yang\u0131nlar, 14 Temmuz Pazartesi g\u00fcn\u00fc itibar\u0131yla \u00fcst \u00fcste 12. g\u00fcn\u00fcne girdi. Yang\u0131n b\u00f6lgelerindeki ormanl\u0131k alanda s\u00fcren alevler nedeniyle ekipler, yang\u0131n\u0131n tamamen kontrol alt\u0131na al\u0131nmas\u0131 ve yeni yang\u0131nlar\u0131n \u00f6nlenmesi amac\u0131yla yo\u011fun so\u011futma ve g\u00f6zetleme \u00e7al\u0131\u015fmalar\u0131na devam ediyor. Yang\u0131n b\u00f6lgesinde i\u015f makineleriyle a\u00e7\u0131lan yollarla ara\u00e7, ekipman, karadan \u00e7al\u0131\u015fan ekiplerin \u00e7al\u0131\u015fmalar\u0131 kolayla\u015ft\u0131r\u0131l\u0131yor. Ekipler, havadan kaynaklanabilecek olas\u0131 yeni yang\u0131nlara kar\u015f\u0131 da bir\u00e7ok noktada \u00f6nlem amac\u0131yla so\u011futma ve izleme operasyonlar\u0131n\u0131 s\u00fcrd\u00fcr\u00fcyor. Bug\u00fcn, Lazkiye k\u0131rsal\u0131nda Rasit ile Al-Nabaeen Yolu aras\u0131nda kalan vadi b\u00f6lgesinde, yang\u0131n odaklar\u0131na y\u00f6nelik izleme ve m\u00fcdahale \u00e7al\u0131\u015fmalar\u0131na Katarl\u0131 sivil savunma ekipleri de aktif olarak kat\u0131ld\u0131. Katarl\u0131 ekiplerin baz\u0131 kritik yang\u0131n noktalar\u0131n\u0131n kontrol alt\u0131na al\u0131nmas\u0131nda etkin rol oynad\u0131\u011f\u0131 belirtildi. B\u00f6lge genelinde yang\u0131nla m\u00fccadele eden uluslararas\u0131 ekipler, koordineli \u015fekilde \u00e7al\u0131\u015fmalar\u0131n\u0131 s\u00fcrd\u00fcrerek, can ve mal kayb\u0131n\u0131 en aza indirmeyi hedefliyor. Yetkililer, yang\u0131n\u0131n etkili oldu\u011fu yerlerde drone ile havadan da izlendi\u011fini, alevlerin tamamen s\u00f6nd\u00fcr\u00fclmesi i\u00e7in b\u00f6lgedeki hava ko\u015fullar\u0131n\u0131n ve zorlu arazi yap\u0131s\u0131n\u0131n dikkate al\u0131nd\u0131\u011f\u0131n\u0131 ifade etti. \u200bSuriye\u2019nin kuzey bat\u0131s\u0131nda Lazkiye k\u0131rsal\u0131nda 3 Temmuz\u2019dan buyana etkili olan orman yang\u0131nlar\u0131yla on ikinci g\u00fcn\u00fcnde m\u00fccadele s\u00fcrerken, Suriye, Katar ve Irak sivil savunma, itfaiye ekipleri Burj Zahia\u2019daki bir\u00e7ok b\u00f6lgede aktif g\u00f6rev yapt\u0131\u011f\u0131 bildirildi.\u00a0 &hellip;<\/p>","protected":false},"author":1,"featured_media":0,"comment_status":"","ping_status":"open","sticky":false,"template":"","format":"standard","meta":{"_acf_changed":false,"footnotes":""},"categories":[24],"tags":[],"class_list":["post-145832","post","type-post","status-publish","format-standard","has-post-thumbnail","hentry","category-gundem"],"acf":[],"yoast_head":"<!-- This site is optimized with the Yoast SEO Premium plugin v26.6 (Yoast SEO v27.1.1) - https:\/\/yoast.com\/product\/yoast-seo-premium-wordpress\/ -->\n<title>Suriye\u2019nin Lazkiye yang\u0131n\u0131nda 12. G\u00fcn\u2026 - Av. Deniz Can K\u0131z\u0131l<\/title>\n<meta name=\"robots\" content=\"index, follow, max-snippet:-1, max-image-preview:large, max-video-preview:-1\" \/>\n<link rel=\"canonical\" href=\"https:\/\/denizcankizil.tr\/en\/haberler\/gundem\/suriyenin-lazkiye-yangininda-12-gun\/\" \/>\n<meta property=\"og:locale\" content=\"en_GB\" \/>\n<meta property=\"og:type\" content=\"article\" \/>\n<meta property=\"og:title\" content=\"Suriye\u2019nin Lazkiye yang\u0131n\u0131nda 12. G\u00fcn\u2026\" \/>\n<meta property=\"og:description\" content=\"Yerel kaynaklardan edinilen bilgilere g\u00f6re, Lazkiye k\u0131rsal\u0131nda yer alan Nabaeen Yolu ile Ras Al Basit aras\u0131ndaki b\u00f6lgede \u00e7\u0131kan yang\u0131nlar, 14 Temmuz Pazartesi g\u00fcn\u00fc itibar\u0131yla \u00fcst \u00fcste 12. g\u00fcn\u00fcne girdi. Yang\u0131n b\u00f6lgelerindeki ormanl\u0131k alanda s\u00fcren alevler nedeniyle ekipler, yang\u0131n\u0131n tamamen kontrol alt\u0131na al\u0131nmas\u0131 ve yeni yang\u0131nlar\u0131n \u00f6nlenmesi amac\u0131yla yo\u011fun so\u011futma ve g\u00f6zetleme \u00e7al\u0131\u015fmalar\u0131na devam ediyor. Yang\u0131n b\u00f6lgesinde i\u015f makineleriyle a\u00e7\u0131lan yollarla ara\u00e7, ekipman, karadan \u00e7al\u0131\u015fan ekiplerin \u00e7al\u0131\u015fmalar\u0131 kolayla\u015ft\u0131r\u0131l\u0131yor. Ekipler, havadan kaynaklanabilecek olas\u0131 yeni yang\u0131nlara kar\u015f\u0131 da bir\u00e7ok noktada \u00f6nlem amac\u0131yla so\u011futma ve izleme operasyonlar\u0131n\u0131 s\u00fcrd\u00fcr\u00fcyor. Bug\u00fcn, Lazkiye k\u0131rsal\u0131nda Rasit ile Al-Nabaeen Yolu aras\u0131nda kalan vadi b\u00f6lgesinde, yang\u0131n odaklar\u0131na y\u00f6nelik izleme ve m\u00fcdahale \u00e7al\u0131\u015fmalar\u0131na Katarl\u0131 sivil savunma ekipleri de aktif olarak kat\u0131ld\u0131. Katarl\u0131 ekiplerin baz\u0131 kritik yang\u0131n noktalar\u0131n\u0131n kontrol alt\u0131na al\u0131nmas\u0131nda etkin rol oynad\u0131\u011f\u0131 belirtildi. B\u00f6lge genelinde yang\u0131nla m\u00fccadele eden uluslararas\u0131 ekipler, koordineli \u015fekilde \u00e7al\u0131\u015fmalar\u0131n\u0131 s\u00fcrd\u00fcrerek, can ve mal kayb\u0131n\u0131 en aza indirmeyi hedefliyor. Yetkililer, yang\u0131n\u0131n etkili oldu\u011fu yerlerde drone ile havadan da izlendi\u011fini, alevlerin tamamen s\u00f6nd\u00fcr\u00fclmesi i\u00e7in b\u00f6lgedeki hava ko\u015fullar\u0131n\u0131n ve zorlu arazi yap\u0131s\u0131n\u0131n dikkate al\u0131nd\u0131\u011f\u0131n\u0131 ifade etti. \u200bSuriye\u2019nin kuzey bat\u0131s\u0131nda Lazkiye k\u0131rsal\u0131nda 3 Temmuz\u2019dan buyana etkili olan orman yang\u0131nlar\u0131yla on ikinci g\u00fcn\u00fcnde m\u00fccadele s\u00fcrerken, Suriye, Katar ve Irak sivil savunma, itfaiye ekipleri Burj Zahia\u2019daki bir\u00e7ok b\u00f6lgede aktif g\u00f6rev yapt\u0131\u011f\u0131 bildirildi.\u00a0 &hellip;\" \/>\n<meta property=\"og:url\" content=\"https:\/\/denizcankizil.tr\/en\/haberler\/gundem\/suriyenin-lazkiye-yangininda-12-gun\/\" \/>\n<meta property=\"og:site_name\" content=\"Av. Deniz Can K\u0131z\u0131l\" \/>\n<meta property=\"article:published_time\" content=\"2025-07-14T13:42:38+00:00\" \/>\n<meta property=\"og:image\" content=\"https:\/\/iskenderunorg.teimg.com\/iskenderun-org\/uploads\/2025\/07\/2025\/07\/yanginda-on-ikinci-gun-14.jpg\" \/>\n<meta name=\"author\" content=\"admin\" \/>\n<meta name=\"twitter:card\" content=\"summary_large_image\" \/>\n<meta name=\"twitter:label1\" content=\"Written by\" \/>\n\t<meta name=\"twitter:data1\" content=\"admin\" \/>\n\t<meta name=\"twitter:label2\" content=\"Estimated reading time\" \/>\n\t<meta name=\"twitter:data2\" content=\"2 minutes\" \/>\n<script type=\"application\/ld+json\" class=\"yoast-schema-graph\">{\"@context\":\"https:\/\/schema.org\",\"@graph\":[{\"@type\":\"Article\",\"@id\":\"https:\/\/denizcankizil.tr\/ru\/haberler\/gundem\/suriyenin-lazkiye-yangininda-12-gun\/#article\",\"isPartOf\":{\"@id\":\"https:\/\/denizcankizil.tr\/ru\/haberler\/gundem\/suriyenin-lazkiye-yangininda-12-gun\/\"},\"author\":{\"name\":\"admin\",\"@id\":\"https:\/\/denizcankizil.tr\/#\/schema\/person\/be3c05fe6a12686905512445d8185489\"},\"headline\":\"Suriye\u2019nin Lazkiye yang\u0131n\u0131nda 12. G\u00fcn\u2026\",\"datePublished\":\"2025-07-14T13:42:38+00:00\",\"mainEntityOfPage\":{\"@id\":\"https:\/\/denizcankizil.tr\/ru\/haberler\/gundem\/suriyenin-lazkiye-yangininda-12-gun\/\"},\"wordCount\":315,\"publisher\":{\"@id\":\"https:\/\/denizcankizil.tr\/#organization\"},\"image\":{\"@id\":\"https:\/\/denizcankizil.tr\/ru\/haberler\/gundem\/suriyenin-lazkiye-yangininda-12-gun\/#primaryimage\"},\"thumbnailUrl\":\"https:\/\/iskenderunorg.teimg.com\/iskenderun-org\/uploads\/2025\/07\/2025\/07\/yanginda-on-ikinci-gun-14.jpg\",\"articleSection\":[\"G\u00fcndem\"],\"inLanguage\":\"en-GB\"},{\"@type\":\"WebPage\",\"@id\":\"https:\/\/denizcankizil.tr\/ru\/haberler\/gundem\/suriyenin-lazkiye-yangininda-12-gun\/\",\"url\":\"https:\/\/denizcankizil.tr\/ru\/haberler\/gundem\/suriyenin-lazkiye-yangininda-12-gun\/\",\"name\":\"Suriye\u2019nin Lazkiye yang\u0131n\u0131nda 12. G\u00fcn\u2026 - Av. Deniz Can K\u0131z\u0131l\",\"isPartOf\":{\"@id\":\"https:\/\/denizcankizil.tr\/#website\"},\"primaryImageOfPage\":{\"@id\":\"https:\/\/denizcankizil.tr\/ru\/haberler\/gundem\/suriyenin-lazkiye-yangininda-12-gun\/#primaryimage\"},\"image\":{\"@id\":\"https:\/\/denizcankizil.tr\/ru\/haberler\/gundem\/suriyenin-lazkiye-yangininda-12-gun\/#primaryimage\"},\"thumbnailUrl\":\"https:\/\/iskenderunorg.teimg.com\/iskenderun-org\/uploads\/2025\/07\/2025\/07\/yanginda-on-ikinci-gun-14.jpg\",\"datePublished\":\"2025-07-14T13:42:38+00:00\",\"breadcrumb\":{\"@id\":\"https:\/\/denizcankizil.tr\/ru\/haberler\/gundem\/suriyenin-lazkiye-yangininda-12-gun\/#breadcrumb\"},\"inLanguage\":\"en-GB\",\"potentialAction\":[{\"@type\":\"ReadAction\",\"target\":[\"https:\/\/denizcankizil.tr\/ru\/haberler\/gundem\/suriyenin-lazkiye-yangininda-12-gun\/\"]}]},{\"@type\":\"ImageObject\",\"inLanguage\":\"en-GB\",\"@id\":\"https:\/\/denizcankizil.tr\/ru\/haberler\/gundem\/suriyenin-lazkiye-yangininda-12-gun\/#primaryimage\",\"url\":\"https:\/\/iskenderunorg.teimg.com\/iskenderun-org\/uploads\/2025\/07\/2025\/07\/yanginda-on-ikinci-gun-14.jpg\",\"contentUrl\":\"https:\/\/iskenderunorg.teimg.com\/iskenderun-org\/uploads\/2025\/07\/2025\/07\/yanginda-on-ikinci-gun-14.jpg\"},{\"@type\":\"BreadcrumbList\",\"@id\":\"https:\/\/denizcankizil.tr\/ru\/haberler\/gundem\/suriyenin-lazkiye-yangininda-12-gun\/#breadcrumb\",\"itemListElement\":[{\"@type\":\"ListItem\",\"position\":1,\"name\":\"Home\",\"item\":\"https:\/\/denizcankizil.tr\/de\/\"},{\"@type\":\"ListItem\",\"position\":2,\"name\":\"Suriye\u2019nin Lazkiye yang\u0131n\u0131nda 12. G\u00fcn\u2026\"}]},{\"@type\":\"WebSite\",\"@id\":\"https:\/\/denizcankizil.tr\/#website\",\"url\":\"https:\/\/denizcankizil.tr\/\",\"name\":\"Av. Deniz Can K\u0131z\u0131l\",\"description\":\"Avukat Deniz Can K\u0131z\u0131l Antalya Barosu\",\"publisher\":{\"@id\":\"https:\/\/denizcankizil.tr\/#organization\"},\"potentialAction\":[{\"@type\":\"SearchAction\",\"target\":{\"@type\":\"EntryPoint\",\"urlTemplate\":\"https:\/\/denizcankizil.tr\/?s={search_term_string}\"},\"query-input\":{\"@type\":\"PropertyValueSpecification\",\"valueRequired\":true,\"valueName\":\"search_term_string\"}}],\"inLanguage\":\"en-GB\"},{\"@type\":\"Organization\",\"@id\":\"https:\/\/denizcankizil.tr\/#organization\",\"name\":\"Av. Deniz Can K\u0131z\u0131l\",\"url\":\"https:\/\/denizcankizil.tr\/\",\"logo\":{\"@type\":\"ImageObject\",\"inLanguage\":\"en-GB\",\"@id\":\"https:\/\/denizcankizil.tr\/#\/schema\/logo\/image\/\",\"url\":\"https:\/\/denizcankizil.tr\/wp-content\/uploads\/2024\/10\/siyah-logo-svg.svg\",\"contentUrl\":\"https:\/\/denizcankizil.tr\/wp-content\/uploads\/2024\/10\/siyah-logo-svg.svg\",\"width\":1080,\"height\":1080,\"caption\":\"Av. Deniz Can K\u0131z\u0131l\"},\"image\":{\"@id\":\"https:\/\/denizcankizil.tr\/#\/schema\/logo\/image\/\"}},{\"@type\":\"Person\",\"@id\":\"https:\/\/denizcankizil.tr\/#\/schema\/person\/be3c05fe6a12686905512445d8185489\",\"name\":\"admin\",\"image\":{\"@type\":\"ImageObject\",\"inLanguage\":\"en-GB\",\"@id\":\"https:\/\/denizcankizil.tr\/#\/schema\/person\/image\/\",\"url\":\"https:\/\/secure.gravatar.com\/avatar\/c1fce94c830dc79107e174f890d7210541c4a63e8e5d816341794a2151c9d58c?s=96&d=mm&r=g\",\"contentUrl\":\"https:\/\/secure.gravatar.com\/avatar\/c1fce94c830dc79107e174f890d7210541c4a63e8e5d816341794a2151c9d58c?s=96&d=mm&r=g\",\"caption\":\"admin\"},\"sameAs\":[\"http:\/\/denizcankizil.tr\"],\"url\":\"https:\/\/www.iskenderun.org\/suriyenin-lazkiye-yangininda-12-gun\"}]}<\/script>\n<!-- \/ Yoast SEO Premium plugin. -->","yoast_head_json":{"title":"Suriye\u2019nin Lazkiye yang\u0131n\u0131nda 12. G\u00fcn\u2026 - Av. Deniz Can K\u0131z\u0131l","robots":{"index":"index","follow":"follow","max-snippet":"max-snippet:-1","max-image-preview":"max-image-preview:large","max-video-preview":"max-video-preview:-1"},"canonical":"https:\/\/denizcankizil.tr\/en\/haberler\/gundem\/suriyenin-lazkiye-yangininda-12-gun\/","og_locale":"en_GB","og_type":"article","og_title":"Suriye\u2019nin Lazkiye yang\u0131n\u0131nda 12. G\u00fcn\u2026","og_description":"Yerel kaynaklardan edinilen bilgilere g\u00f6re, Lazkiye k\u0131rsal\u0131nda yer alan Nabaeen Yolu ile Ras Al Basit aras\u0131ndaki b\u00f6lgede \u00e7\u0131kan yang\u0131nlar, 14 Temmuz Pazartesi g\u00fcn\u00fc itibar\u0131yla \u00fcst \u00fcste 12. g\u00fcn\u00fcne girdi. Yang\u0131n b\u00f6lgelerindeki ormanl\u0131k alanda s\u00fcren alevler nedeniyle ekipler, yang\u0131n\u0131n tamamen kontrol alt\u0131na al\u0131nmas\u0131 ve yeni yang\u0131nlar\u0131n \u00f6nlenmesi amac\u0131yla yo\u011fun so\u011futma ve g\u00f6zetleme \u00e7al\u0131\u015fmalar\u0131na devam ediyor. Yang\u0131n b\u00f6lgesinde i\u015f makineleriyle a\u00e7\u0131lan yollarla ara\u00e7, ekipman, karadan \u00e7al\u0131\u015fan ekiplerin \u00e7al\u0131\u015fmalar\u0131 kolayla\u015ft\u0131r\u0131l\u0131yor. Ekipler, havadan kaynaklanabilecek olas\u0131 yeni yang\u0131nlara kar\u015f\u0131 da bir\u00e7ok noktada \u00f6nlem amac\u0131yla so\u011futma ve izleme operasyonlar\u0131n\u0131 s\u00fcrd\u00fcr\u00fcyor. Bug\u00fcn, Lazkiye k\u0131rsal\u0131nda Rasit ile Al-Nabaeen Yolu aras\u0131nda kalan vadi b\u00f6lgesinde, yang\u0131n odaklar\u0131na y\u00f6nelik izleme ve m\u00fcdahale \u00e7al\u0131\u015fmalar\u0131na Katarl\u0131 sivil savunma ekipleri de aktif olarak kat\u0131ld\u0131. Katarl\u0131 ekiplerin baz\u0131 kritik yang\u0131n noktalar\u0131n\u0131n kontrol alt\u0131na al\u0131nmas\u0131nda etkin rol oynad\u0131\u011f\u0131 belirtildi. B\u00f6lge genelinde yang\u0131nla m\u00fccadele eden uluslararas\u0131 ekipler, koordineli \u015fekilde \u00e7al\u0131\u015fmalar\u0131n\u0131 s\u00fcrd\u00fcrerek, can ve mal kayb\u0131n\u0131 en aza indirmeyi hedefliyor. Yetkililer, yang\u0131n\u0131n etkili oldu\u011fu yerlerde drone ile havadan da izlendi\u011fini, alevlerin tamamen s\u00f6nd\u00fcr\u00fclmesi i\u00e7in b\u00f6lgedeki hava ko\u015fullar\u0131n\u0131n ve zorlu arazi yap\u0131s\u0131n\u0131n dikkate al\u0131nd\u0131\u011f\u0131n\u0131 ifade etti. \u200bSuriye\u2019nin kuzey bat\u0131s\u0131nda Lazkiye k\u0131rsal\u0131nda 3 Temmuz\u2019dan buyana etkili olan orman yang\u0131nlar\u0131yla on ikinci g\u00fcn\u00fcnde m\u00fccadele s\u00fcrerken, Suriye, Katar ve Irak sivil savunma, itfaiye ekipleri Burj Zahia\u2019daki bir\u00e7ok b\u00f6lgede aktif g\u00f6rev yapt\u0131\u011f\u0131 bildirildi.\u00a0 &hellip;","og_url":"https:\/\/denizcankizil.tr\/en\/haberler\/gundem\/suriyenin-lazkiye-yangininda-12-gun\/","og_site_name":"Av. Deniz Can K\u0131z\u0131l","article_published_time":"2025-07-14T13:42:38+00:00","og_image":[{"url":"https:\/\/iskenderunorg.teimg.com\/iskenderun-org\/uploads\/2025\/07\/2025\/07\/yanginda-on-ikinci-gun-14.jpg","type":"","width":"","height":""}],"author":"admin","twitter_card":"summary_large_image","twitter_misc":{"Written by":"admin","Estimated reading time":"2 minutes"},"schema":{"@context":"https:\/\/schema.org","@graph":[{"@type":"Article","@id":"https:\/\/denizcankizil.tr\/ru\/haberler\/gundem\/suriyenin-lazkiye-yangininda-12-gun\/#article","isPartOf":{"@id":"https:\/\/denizcankizil.tr\/ru\/haberler\/gundem\/suriyenin-lazkiye-yangininda-12-gun\/"},"author":{"name":"admin","@id":"https:\/\/denizcankizil.tr\/#\/schema\/person\/be3c05fe6a12686905512445d8185489"},"headline":"Suriye\u2019nin Lazkiye yang\u0131n\u0131nda 12. G\u00fcn\u2026","datePublished":"2025-07-14T13:42:38+00:00","mainEntityOfPage":{"@id":"https:\/\/denizcankizil.tr\/ru\/haberler\/gundem\/suriyenin-lazkiye-yangininda-12-gun\/"},"wordCount":315,"publisher":{"@id":"https:\/\/denizcankizil.tr\/#organization"},"image":{"@id":"https:\/\/denizcankizil.tr\/ru\/haberler\/gundem\/suriyenin-lazkiye-yangininda-12-gun\/#primaryimage"},"thumbnailUrl":"https:\/\/iskenderunorg.teimg.com\/iskenderun-org\/uploads\/2025\/07\/2025\/07\/yanginda-on-ikinci-gun-14.jpg","articleSection":["G\u00fcndem"],"inLanguage":"en-GB"},{"@type":"WebPage","@id":"https:\/\/denizcankizil.tr\/ru\/haberler\/gundem\/suriyenin-lazkiye-yangininda-12-gun\/","url":"https:\/\/denizcankizil.tr\/ru\/haberler\/gundem\/suriyenin-lazkiye-yangininda-12-gun\/","name":"Suriye\u2019nin Lazkiye yang\u0131n\u0131nda 12. G\u00fcn\u2026 - Av. Deniz Can K\u0131z\u0131l","isPartOf":{"@id":"https:\/\/denizcankizil.tr\/#website"},"primaryImageOfPage":{"@id":"https:\/\/denizcankizil.tr\/ru\/haberler\/gundem\/suriyenin-lazkiye-yangininda-12-gun\/#primaryimage"},"image":{"@id":"https:\/\/denizcankizil.tr\/ru\/haberler\/gundem\/suriyenin-lazkiye-yangininda-12-gun\/#primaryimage"},"thumbnailUrl":"https:\/\/iskenderunorg.teimg.com\/iskenderun-org\/uploads\/2025\/07\/2025\/07\/yanginda-on-ikinci-gun-14.jpg","datePublished":"2025-07-14T13:42:38+00:00","breadcrumb":{"@id":"https:\/\/denizcankizil.tr\/ru\/haberler\/gundem\/suriyenin-lazkiye-yangininda-12-gun\/#breadcrumb"},"inLanguage":"en-GB","potentialAction":[{"@type":"ReadAction","target":["https:\/\/denizcankizil.tr\/ru\/haberler\/gundem\/suriyenin-lazkiye-yangininda-12-gun\/"]}]},{"@type":"ImageObject","inLanguage":"en-GB","@id":"https:\/\/denizcankizil.tr\/ru\/haberler\/gundem\/suriyenin-lazkiye-yangininda-12-gun\/#primaryimage","url":"https:\/\/iskenderunorg.teimg.com\/iskenderun-org\/uploads\/2025\/07\/2025\/07\/yanginda-on-ikinci-gun-14.jpg","contentUrl":"https:\/\/iskenderunorg.teimg.com\/iskenderun-org\/uploads\/2025\/07\/2025\/07\/yanginda-on-ikinci-gun-14.jpg"},{"@type":"BreadcrumbList","@id":"https:\/\/denizcankizil.tr\/ru\/haberler\/gundem\/suriyenin-lazkiye-yangininda-12-gun\/#breadcrumb","itemListElement":[{"@type":"ListItem","position":1,"name":"Home","item":"https:\/\/denizcankizil.tr\/de\/"},{"@type":"ListItem","position":2,"name":"Suriye\u2019nin Lazkiye yang\u0131n\u0131nda 12. G\u00fcn\u2026"}]},{"@type":"WebSite","@id":"https:\/\/denizcankizil.tr\/#website","url":"https:\/\/denizcankizil.tr\/","name":"Av. Deniz Can K\u0131z\u0131l","description":"Avukat Deniz Can K\u0131z\u0131l Antalya Barosu","publisher":{"@id":"https:\/\/denizcankizil.tr\/#organization"},"potentialAction":[{"@type":"SearchAction","target":{"@type":"EntryPoint","urlTemplate":"https:\/\/denizcankizil.tr\/?s={search_term_string}"},"query-input":{"@type":"PropertyValueSpecification","valueRequired":true,"valueName":"search_term_string"}}],"inLanguage":"en-GB"},{"@type":"Organization","@id":"https:\/\/denizcankizil.tr\/#organization","name":"Av. Deniz Can K\u0131z\u0131l","url":"https:\/\/denizcankizil.tr\/","logo":{"@type":"ImageObject","inLanguage":"en-GB","@id":"https:\/\/denizcankizil.tr\/#\/schema\/logo\/image\/","url":"https:\/\/denizcankizil.tr\/wp-content\/uploads\/2024\/10\/siyah-logo-svg.svg","contentUrl":"https:\/\/denizcankizil.tr\/wp-content\/uploads\/2024\/10\/siyah-logo-svg.svg","width":1080,"height":1080,"caption":"Av. Deniz Can K\u0131z\u0131l"},"image":{"@id":"https:\/\/denizcankizil.tr\/#\/schema\/logo\/image\/"}},{"@type":"Person","@id":"https:\/\/denizcankizil.tr\/#\/schema\/person\/be3c05fe6a12686905512445d8185489","name":"admin","image":{"@type":"ImageObject","inLanguage":"en-GB","@id":"https:\/\/denizcankizil.tr\/#\/schema\/person\/image\/","url":"https:\/\/secure.gravatar.com\/avatar\/c1fce94c830dc79107e174f890d7210541c4a63e8e5d816341794a2151c9d58c?s=96&d=mm&r=g","contentUrl":"https:\/\/secure.gravatar.com\/avatar\/c1fce94c830dc79107e174f890d7210541c4a63e8e5d816341794a2151c9d58c?s=96&d=mm&r=g","caption":"admin"},"sameAs":["http:\/\/denizcankizil.tr"],"url":"https:\/\/www.iskenderun.org\/suriyenin-lazkiye-yangininda-12-gun"}]}},"_links":{"self":[{"href":"https:\/\/denizcankizil.tr\/en\/wp-json\/wp\/v2\/posts\/145832","targetHints":{"allow":["GET"]}}],"collection":[{"href":"https:\/\/denizcankizil.tr\/en\/wp-json\/wp\/v2\/posts"}],"about":[{"href":"https:\/\/denizcankizil.tr\/en\/wp-json\/wp\/v2\/types\/post"}],"author":[{"embeddable":true,"href":"https:\/\/denizcankizil.tr\/en\/wp-json\/wp\/v2\/users\/1"}],"replies":[{"embeddable":true,"href":"https:\/\/denizcankizil.tr\/en\/wp-json\/wp\/v2\/comments?post=145832"}],"version-history":[{"count":0,"href":"https:\/\/denizcankizil.tr\/en\/wp-json\/wp\/v2\/posts\/145832\/revisions"}],"wp:attachment":[{"href":"https:\/\/denizcankizil.tr\/en\/wp-json\/wp\/v2\/media?parent=145832"}],"wp:term":[{"taxonomy":"category","embeddable":true,"href":"https:\/\/denizcankizil.tr\/en\/wp-json\/wp\/v2\/categories?post=145832"},{"taxonomy":"post_tag","embeddable":true,"href":"https:\/\/denizcankizil.tr\/en\/wp-json\/wp\/v2\/tags?post=145832"}],"curies":[{"name":"wp","href":"https:\/\/api.w.org\/{rel}","templated":true}]}}