{"id":144669,"date":"2025-07-13T15:41:15","date_gmt":"2025-07-13T12:41:15","guid":{"rendered":"https:\/\/denizcankizil.tr\/uncategorized-tr\/antalya-ve-gazipasa-havalimanlarinda-5-yilin-en-yuksek-yabanci-ziyaretci-girisi\/"},"modified":"2025-07-13T15:41:15","modified_gmt":"2025-07-13T12:41:15","slug":"antalya-ve-gazipasa-havalimanlarinda-5-yilin-en-yuksek-yabanci-ziyaretci-girisi","status":"publish","type":"post","link":"https:\/\/denizcankizil.tr\/en\/haberler\/gundem\/antalya-ve-gazipasa-havalimanlarinda-5-yilin-en-yuksek-yabanci-ziyaretci-girisi\/","title":{"rendered":"Antalya ve Gazipa\u015fa Havalimanlar\u0131nda 5 y\u0131l\u0131n en y\u00fcksek yabanc\u0131 ziyaret\u00e7i giri\u015fi"},"content":{"rendered":"<p>Antalya turizmi 2025 yaz\u0131nda tarihi bir g\u00fcn ya\u015fad\u0131. K\u00fclt\u00fcr ve Turizm Bakan\u0131 Mehmet Nuri Ersoy, 12 Temmuz 2025 tarihinde sadece Antalya ve Gazipa\u015fa havalimanlar\u0131ndan toplam 100 bin 646 yabanc\u0131 turistin T\u00fcrkiye&#8217;ye giri\u015f yapt\u0131\u011f\u0131n\u0131 a\u00e7\u0131klad\u0131. Bu rakam, Temmuz aylar\u0131 baz al\u0131nd\u0131\u011f\u0131nda son be\u015f y\u0131l\u0131n en y\u00fcksek g\u00fcnl\u00fck ziyaret\u00e7i say\u0131s\u0131 oldu.<\/p>\n<p>Z\u0130RVEYE B\u0130R ADIM KALDI<\/p>\n<p>Bakan Ersoy, ula\u015f\u0131lan say\u0131n\u0131n yaln\u0131zca be\u015f y\u0131l\u0131n de\u011fil, 2024 y\u0131l\u0131 A\u011fustos ay\u0131nda k\u0131r\u0131lan t\u00fcm zamanlar\u0131n g\u00fcnl\u00fck rekoruna da \u00e7ok yakla\u015ft\u0131\u011f\u0131n\u0131 belirtti. Ge\u00e7ti\u011fimiz y\u0131l A\u011fustos ay\u0131nda kaydedilen 102 bin 755 ki\u015filik giri\u015fle t\u00fcm zamanlar\u0131n rekorunun k\u0131r\u0131ld\u0131\u011f\u0131n\u0131 hat\u0131rlatan Ersoy, 2025 sezonunun bu tempoyla ilerlemesi halinde yeni rekorlar\u0131n gelebilece\u011fini s\u00f6yledi.<\/p>\n<p>TUR\u0130ZMDE Y\u00dcZLER G\u00dcL\u00dcYOR<\/p>\n<p>Ersoy, &#8220;Antalya ve Gazipa\u015fa havalimanlar\u0131m\u0131zda 12 Temmuz&#8217;da g\u00f6rd\u00fc\u011f\u00fcm\u00fcz bu tablo, T\u00fcrk turizminin dinamizmini ve k\u00fcresel \u00e7ekicili\u011fini bir kez daha ortaya koyuyor. T\u00fcrkiye, d\u00fcnya turizmde g\u00fc\u00e7l\u00fc bir oyuncu olma konumunu her ge\u00e7en g\u00fcn peki\u015ftiriyor&#8221; dedi.<\/p>\n<p>2025 SEZONUNA \u0130L\u0130\u015eK\u0130N BEKLENT\u0130LER Y\u00dcKSEK<\/p>\n<p>12 Temmuz rakamlar\u0131n\u0131n ard\u0131ndan g\u00f6zler yaz sezonunun geri kalan\u0131na \u00e7evrildi. Turizm sekt\u00f6r\u00fc temsilcileri, s\u00fcrd\u00fcr\u00fclebilir bir b\u00fcy\u00fcme ile hem \u00fclke ekonomisine hem de b\u00f6lge esnaf\u0131na ciddi katk\u0131 sa\u011flayaca\u011f\u0131n\u0131 ifade ediyor.<\/p>\n<p>\u200b12 Temmuz&#8217;da Antalya ve Gazipa\u015fa&#8217;dan toplam 100 bin 646 yabanc\u0131 turist T\u00fcrkiye&#8217;ye giri\u015f yapt\u0131. K\u00fclt\u00fcr ve Turizm Bakan\u0131 Ersoy, bu say\u0131n\u0131n son be\u015f y\u0131l\u0131n temmuz aylar\u0131 i\u00e7in rekor oldu\u011funu a\u00e7\u0131klad\u0131.\u00a0<\/p>\n<p>\u200bHaberin Al\u0131nt\u0131land\u0131\u011f\u0131 Kaynak: www.antalyakorfez.com<\/p>","protected":false},"excerpt":{"rendered":"<p>Antalya turizmi 2025 yaz\u0131nda tarihi bir g\u00fcn ya\u015fad\u0131. K\u00fclt\u00fcr ve Turizm Bakan\u0131 Mehmet Nuri Ersoy, 12 Temmuz 2025 tarihinde sadece Antalya ve Gazipa\u015fa havalimanlar\u0131ndan toplam 100 bin 646 yabanc\u0131 turistin T\u00fcrkiye&#8217;ye giri\u015f yapt\u0131\u011f\u0131n\u0131 a\u00e7\u0131klad\u0131. Bu rakam, Temmuz aylar\u0131 baz al\u0131nd\u0131\u011f\u0131nda son be\u015f y\u0131l\u0131n en y\u00fcksek g\u00fcnl\u00fck ziyaret\u00e7i say\u0131s\u0131 oldu. Z\u0130RVEYE B\u0130R ADIM KALDI Bakan Ersoy, ula\u015f\u0131lan say\u0131n\u0131n yaln\u0131zca be\u015f y\u0131l\u0131n de\u011fil, 2024 y\u0131l\u0131 A\u011fustos ay\u0131nda k\u0131r\u0131lan t\u00fcm zamanlar\u0131n g\u00fcnl\u00fck rekoruna da \u00e7ok yakla\u015ft\u0131\u011f\u0131n\u0131 belirtti. Ge\u00e7ti\u011fimiz y\u0131l A\u011fustos ay\u0131nda kaydedilen 102 bin 755 ki\u015filik giri\u015fle t\u00fcm zamanlar\u0131n rekorunun k\u0131r\u0131ld\u0131\u011f\u0131n\u0131 hat\u0131rlatan Ersoy, 2025 sezonunun bu tempoyla ilerlemesi halinde yeni rekorlar\u0131n gelebilece\u011fini s\u00f6yledi. TUR\u0130ZMDE Y\u00dcZLER G\u00dcL\u00dcYOR Ersoy, &#8220;Antalya ve Gazipa\u015fa havalimanlar\u0131m\u0131zda 12 Temmuz&#8217;da g\u00f6rd\u00fc\u011f\u00fcm\u00fcz bu tablo, T\u00fcrk turizminin dinamizmini ve k\u00fcresel \u00e7ekicili\u011fini bir kez daha ortaya koyuyor. T\u00fcrkiye, d\u00fcnya turizmde g\u00fc\u00e7l\u00fc bir oyuncu olma konumunu her ge\u00e7en g\u00fcn peki\u015ftiriyor&#8221; dedi. 2025 SEZONUNA \u0130L\u0130\u015eK\u0130N BEKLENT\u0130LER Y\u00dcKSEK 12 Temmuz rakamlar\u0131n\u0131n ard\u0131ndan g\u00f6zler yaz sezonunun geri kalan\u0131na \u00e7evrildi. Turizm sekt\u00f6r\u00fc temsilcileri, s\u00fcrd\u00fcr\u00fclebilir bir b\u00fcy\u00fcme ile hem \u00fclke ekonomisine hem de b\u00f6lge esnaf\u0131na ciddi katk\u0131 sa\u011flayaca\u011f\u0131n\u0131 ifade ediyor. \u200b12 Temmuz&#8217;da Antalya ve Gazipa\u015fa&#8217;dan toplam 100 bin 646 yabanc\u0131 turist T\u00fcrkiye&#8217;ye giri\u015f yapt\u0131. K\u00fclt\u00fcr ve Turizm Bakan\u0131 Ersoy, bu say\u0131n\u0131n son be\u015f y\u0131l\u0131n temmuz aylar\u0131 i\u00e7in rekor oldu\u011funu &hellip;<\/p>","protected":false},"author":5,"featured_media":0,"comment_status":"","ping_status":"open","sticky":false,"template":"","format":"standard","meta":{"_acf_changed":false,"footnotes":""},"categories":[24],"tags":[],"class_list":["post-144669","post","type-post","status-publish","format-standard","has-post-thumbnail","hentry","category-gundem"],"acf":[],"yoast_head":"<!-- This site is optimized with the Yoast SEO Premium plugin v26.6 (Yoast SEO v27.1.1) - https:\/\/yoast.com\/product\/yoast-seo-premium-wordpress\/ -->\n<title>Antalya ve Gazipa\u015fa Havalimanlar\u0131nda 5 y\u0131l\u0131n en y\u00fcksek yabanc\u0131 ziyaret\u00e7i giri\u015fi - Av. Deniz Can K\u0131z\u0131l<\/title>\n<meta name=\"robots\" content=\"index, follow, max-snippet:-1, max-image-preview:large, max-video-preview:-1\" \/>\n<link rel=\"canonical\" href=\"https:\/\/denizcankizil.tr\/en\/haberler\/gundem\/antalya-ve-gazipasa-havalimanlarinda-5-yilin-en-yuksek-yabanci-ziyaretci-girisi\/\" \/>\n<meta property=\"og:locale\" content=\"en_GB\" \/>\n<meta property=\"og:type\" content=\"article\" \/>\n<meta property=\"og:title\" content=\"Antalya ve Gazipa\u015fa Havalimanlar\u0131nda 5 y\u0131l\u0131n en y\u00fcksek yabanc\u0131 ziyaret\u00e7i giri\u015fi\" \/>\n<meta property=\"og:description\" content=\"Antalya turizmi 2025 yaz\u0131nda tarihi bir g\u00fcn ya\u015fad\u0131. K\u00fclt\u00fcr ve Turizm Bakan\u0131 Mehmet Nuri Ersoy, 12 Temmuz 2025 tarihinde sadece Antalya ve Gazipa\u015fa havalimanlar\u0131ndan toplam 100 bin 646 yabanc\u0131 turistin T\u00fcrkiye&#8217;ye giri\u015f yapt\u0131\u011f\u0131n\u0131 a\u00e7\u0131klad\u0131. Bu rakam, Temmuz aylar\u0131 baz al\u0131nd\u0131\u011f\u0131nda son be\u015f y\u0131l\u0131n en y\u00fcksek g\u00fcnl\u00fck ziyaret\u00e7i say\u0131s\u0131 oldu. Z\u0130RVEYE B\u0130R ADIM KALDI Bakan Ersoy, ula\u015f\u0131lan say\u0131n\u0131n yaln\u0131zca be\u015f y\u0131l\u0131n de\u011fil, 2024 y\u0131l\u0131 A\u011fustos ay\u0131nda k\u0131r\u0131lan t\u00fcm zamanlar\u0131n g\u00fcnl\u00fck rekoruna da \u00e7ok yakla\u015ft\u0131\u011f\u0131n\u0131 belirtti. Ge\u00e7ti\u011fimiz y\u0131l A\u011fustos ay\u0131nda kaydedilen 102 bin 755 ki\u015filik giri\u015fle t\u00fcm zamanlar\u0131n rekorunun k\u0131r\u0131ld\u0131\u011f\u0131n\u0131 hat\u0131rlatan Ersoy, 2025 sezonunun bu tempoyla ilerlemesi halinde yeni rekorlar\u0131n gelebilece\u011fini s\u00f6yledi. TUR\u0130ZMDE Y\u00dcZLER G\u00dcL\u00dcYOR Ersoy, &#8220;Antalya ve Gazipa\u015fa havalimanlar\u0131m\u0131zda 12 Temmuz&#8217;da g\u00f6rd\u00fc\u011f\u00fcm\u00fcz bu tablo, T\u00fcrk turizminin dinamizmini ve k\u00fcresel \u00e7ekicili\u011fini bir kez daha ortaya koyuyor. T\u00fcrkiye, d\u00fcnya turizmde g\u00fc\u00e7l\u00fc bir oyuncu olma konumunu her ge\u00e7en g\u00fcn peki\u015ftiriyor&#8221; dedi. 2025 SEZONUNA \u0130L\u0130\u015eK\u0130N BEKLENT\u0130LER Y\u00dcKSEK 12 Temmuz rakamlar\u0131n\u0131n ard\u0131ndan g\u00f6zler yaz sezonunun geri kalan\u0131na \u00e7evrildi. Turizm sekt\u00f6r\u00fc temsilcileri, s\u00fcrd\u00fcr\u00fclebilir bir b\u00fcy\u00fcme ile hem \u00fclke ekonomisine hem de b\u00f6lge esnaf\u0131na ciddi katk\u0131 sa\u011flayaca\u011f\u0131n\u0131 ifade ediyor. \u200b12 Temmuz&#8217;da Antalya ve Gazipa\u015fa&#8217;dan toplam 100 bin 646 yabanc\u0131 turist T\u00fcrkiye&#8217;ye giri\u015f yapt\u0131. K\u00fclt\u00fcr ve Turizm Bakan\u0131 Ersoy, bu say\u0131n\u0131n son be\u015f y\u0131l\u0131n temmuz aylar\u0131 i\u00e7in rekor oldu\u011funu &hellip;\" \/>\n<meta property=\"og:url\" content=\"https:\/\/denizcankizil.tr\/en\/haberler\/gundem\/antalya-ve-gazipasa-havalimanlarinda-5-yilin-en-yuksek-yabanci-ziyaretci-girisi\/\" \/>\n<meta property=\"og:site_name\" content=\"Av. Deniz Can K\u0131z\u0131l\" \/>\n<meta property=\"article:published_time\" content=\"2025-07-13T12:41:15+00:00\" \/>\n<meta name=\"author\" content=\"Antalya K\u00f6rfez\" \/>\n<meta name=\"twitter:card\" content=\"summary_large_image\" \/>\n<meta name=\"twitter:label1\" content=\"Written by\" \/>\n\t<meta name=\"twitter:data1\" content=\"Antalya K\u00f6rfez\" \/>\n\t<meta name=\"twitter:label2\" content=\"Estimated reading time\" \/>\n\t<meta name=\"twitter:data2\" content=\"1 minute\" \/>\n<script type=\"application\/ld+json\" class=\"yoast-schema-graph\">{\"@context\":\"https:\/\/schema.org\",\"@graph\":[{\"@type\":\"Article\",\"@id\":\"https:\/\/denizcankizil.tr\/en\/haberler\/gundem\/antalya-ve-gazipasa-havalimanlarinda-5-yilin-en-yuksek-yabanci-ziyaretci-girisi\/#article\",\"isPartOf\":{\"@id\":\"https:\/\/denizcankizil.tr\/en\/haberler\/gundem\/antalya-ve-gazipasa-havalimanlarinda-5-yilin-en-yuksek-yabanci-ziyaretci-girisi\/\"},\"author\":{\"name\":\"Antalya K\u00f6rfez\",\"@id\":\"https:\/\/denizcankizil.tr\/de\/#\/schema\/person\/e1eb71bb4dd684d46563f0af307e1234\"},\"headline\":\"Antalya ve Gazipa\u015fa Havalimanlar\u0131nda 5 y\u0131l\u0131n en y\u00fcksek yabanc\u0131 ziyaret\u00e7i giri\u015fi\",\"datePublished\":\"2025-07-13T12:41:15+00:00\",\"mainEntityOfPage\":{\"@id\":\"https:\/\/denizcankizil.tr\/en\/haberler\/gundem\/antalya-ve-gazipasa-havalimanlarinda-5-yilin-en-yuksek-yabanci-ziyaretci-girisi\/\"},\"wordCount\":320,\"publisher\":{\"@id\":\"https:\/\/denizcankizil.tr\/de\/#organization\"},\"articleSection\":[\"G\u00fcndem\"],\"inLanguage\":\"en-GB\"},{\"@type\":\"WebPage\",\"@id\":\"https:\/\/denizcankizil.tr\/en\/haberler\/gundem\/antalya-ve-gazipasa-havalimanlarinda-5-yilin-en-yuksek-yabanci-ziyaretci-girisi\/\",\"url\":\"https:\/\/denizcankizil.tr\/en\/haberler\/gundem\/antalya-ve-gazipasa-havalimanlarinda-5-yilin-en-yuksek-yabanci-ziyaretci-girisi\/\",\"name\":\"Antalya ve Gazipa\u015fa Havalimanlar\u0131nda 5 y\u0131l\u0131n en y\u00fcksek yabanc\u0131 ziyaret\u00e7i giri\u015fi - Av. Deniz Can K\u0131z\u0131l\",\"isPartOf\":{\"@id\":\"https:\/\/denizcankizil.tr\/de\/#website\"},\"datePublished\":\"2025-07-13T12:41:15+00:00\",\"breadcrumb\":{\"@id\":\"https:\/\/denizcankizil.tr\/en\/haberler\/gundem\/antalya-ve-gazipasa-havalimanlarinda-5-yilin-en-yuksek-yabanci-ziyaretci-girisi\/#breadcrumb\"},\"inLanguage\":\"en-GB\",\"potentialAction\":[{\"@type\":\"ReadAction\",\"target\":[\"https:\/\/denizcankizil.tr\/en\/haberler\/gundem\/antalya-ve-gazipasa-havalimanlarinda-5-yilin-en-yuksek-yabanci-ziyaretci-girisi\/\"]}]},{\"@type\":\"BreadcrumbList\",\"@id\":\"https:\/\/denizcankizil.tr\/en\/haberler\/gundem\/antalya-ve-gazipasa-havalimanlarinda-5-yilin-en-yuksek-yabanci-ziyaretci-girisi\/#breadcrumb\",\"itemListElement\":[{\"@type\":\"ListItem\",\"position\":1,\"name\":\"Home\",\"item\":\"https:\/\/denizcankizil.tr\/de\/\"},{\"@type\":\"ListItem\",\"position\":2,\"name\":\"Antalya ve Gazipa\u015fa Havalimanlar\u0131nda 5 y\u0131l\u0131n en y\u00fcksek yabanc\u0131 ziyaret\u00e7i giri\u015fi\"}]},{\"@type\":\"WebSite\",\"@id\":\"https:\/\/denizcankizil.tr\/de\/#website\",\"url\":\"https:\/\/denizcankizil.tr\/de\/\",\"name\":\"Av. Deniz Can K\u0131z\u0131l\",\"description\":\"Avukat Deniz Can K\u0131z\u0131l Antalya Barosu\",\"publisher\":{\"@id\":\"https:\/\/denizcankizil.tr\/de\/#organization\"},\"potentialAction\":[{\"@type\":\"SearchAction\",\"target\":{\"@type\":\"EntryPoint\",\"urlTemplate\":\"https:\/\/denizcankizil.tr\/de\/?s={search_term_string}\"},\"query-input\":{\"@type\":\"PropertyValueSpecification\",\"valueRequired\":true,\"valueName\":\"search_term_string\"}}],\"inLanguage\":\"en-GB\"},{\"@type\":\"Organization\",\"@id\":\"https:\/\/denizcankizil.tr\/de\/#organization\",\"name\":\"Av. Deniz Can K\u0131z\u0131l\",\"url\":\"https:\/\/denizcankizil.tr\/de\/\",\"logo\":{\"@type\":\"ImageObject\",\"inLanguage\":\"en-GB\",\"@id\":\"https:\/\/denizcankizil.tr\/de\/#\/schema\/logo\/image\/\",\"url\":\"https:\/\/denizcankizil.tr\/wp-content\/uploads\/2024\/10\/siyah-logo-svg.svg\",\"contentUrl\":\"https:\/\/denizcankizil.tr\/wp-content\/uploads\/2024\/10\/siyah-logo-svg.svg\",\"width\":1080,\"height\":1080,\"caption\":\"Av. Deniz Can K\u0131z\u0131l\"},\"image\":{\"@id\":\"https:\/\/denizcankizil.tr\/de\/#\/schema\/logo\/image\/\"}},{\"@type\":\"Person\",\"@id\":\"https:\/\/denizcankizil.tr\/de\/#\/schema\/person\/e1eb71bb4dd684d46563f0af307e1234\",\"name\":\"Antalya K\u00f6rfez\",\"image\":{\"@type\":\"ImageObject\",\"inLanguage\":\"en-GB\",\"@id\":\"https:\/\/denizcankizil.tr\/de\/#\/schema\/person\/image\/\",\"url\":\"https:\/\/secure.gravatar.com\/avatar\/42b01982558a48a0b501fdcab6a408d3717ea5919095ee2e67b0e521799c5905?s=96&d=mm&r=g\",\"contentUrl\":\"https:\/\/secure.gravatar.com\/avatar\/42b01982558a48a0b501fdcab6a408d3717ea5919095ee2e67b0e521799c5905?s=96&d=mm&r=g\",\"caption\":\"Antalya K\u00f6rfez\"},\"sameAs\":[\"http:\/\/www.antalyakorfez.com\"],\"url\":\"https:\/\/www.antalyakorfez.com\/antalya-ve-gazipasa-havalimanlarinda-5-yilin-en-yuksek-yabanci-ziyaretci-girisi\"}]}<\/script>\n<!-- \/ Yoast SEO Premium plugin. -->","yoast_head_json":{"title":"Antalya ve Gazipa\u015fa Havalimanlar\u0131nda 5 y\u0131l\u0131n en y\u00fcksek yabanc\u0131 ziyaret\u00e7i giri\u015fi - Av. Deniz Can K\u0131z\u0131l","robots":{"index":"index","follow":"follow","max-snippet":"max-snippet:-1","max-image-preview":"max-image-preview:large","max-video-preview":"max-video-preview:-1"},"canonical":"https:\/\/denizcankizil.tr\/en\/haberler\/gundem\/antalya-ve-gazipasa-havalimanlarinda-5-yilin-en-yuksek-yabanci-ziyaretci-girisi\/","og_locale":"en_GB","og_type":"article","og_title":"Antalya ve Gazipa\u015fa Havalimanlar\u0131nda 5 y\u0131l\u0131n en y\u00fcksek yabanc\u0131 ziyaret\u00e7i giri\u015fi","og_description":"Antalya turizmi 2025 yaz\u0131nda tarihi bir g\u00fcn ya\u015fad\u0131. K\u00fclt\u00fcr ve Turizm Bakan\u0131 Mehmet Nuri Ersoy, 12 Temmuz 2025 tarihinde sadece Antalya ve Gazipa\u015fa havalimanlar\u0131ndan toplam 100 bin 646 yabanc\u0131 turistin T\u00fcrkiye&#8217;ye giri\u015f yapt\u0131\u011f\u0131n\u0131 a\u00e7\u0131klad\u0131. Bu rakam, Temmuz aylar\u0131 baz al\u0131nd\u0131\u011f\u0131nda son be\u015f y\u0131l\u0131n en y\u00fcksek g\u00fcnl\u00fck ziyaret\u00e7i say\u0131s\u0131 oldu. Z\u0130RVEYE B\u0130R ADIM KALDI Bakan Ersoy, ula\u015f\u0131lan say\u0131n\u0131n yaln\u0131zca be\u015f y\u0131l\u0131n de\u011fil, 2024 y\u0131l\u0131 A\u011fustos ay\u0131nda k\u0131r\u0131lan t\u00fcm zamanlar\u0131n g\u00fcnl\u00fck rekoruna da \u00e7ok yakla\u015ft\u0131\u011f\u0131n\u0131 belirtti. Ge\u00e7ti\u011fimiz y\u0131l A\u011fustos ay\u0131nda kaydedilen 102 bin 755 ki\u015filik giri\u015fle t\u00fcm zamanlar\u0131n rekorunun k\u0131r\u0131ld\u0131\u011f\u0131n\u0131 hat\u0131rlatan Ersoy, 2025 sezonunun bu tempoyla ilerlemesi halinde yeni rekorlar\u0131n gelebilece\u011fini s\u00f6yledi. TUR\u0130ZMDE Y\u00dcZLER G\u00dcL\u00dcYOR Ersoy, &#8220;Antalya ve Gazipa\u015fa havalimanlar\u0131m\u0131zda 12 Temmuz&#8217;da g\u00f6rd\u00fc\u011f\u00fcm\u00fcz bu tablo, T\u00fcrk turizminin dinamizmini ve k\u00fcresel \u00e7ekicili\u011fini bir kez daha ortaya koyuyor. T\u00fcrkiye, d\u00fcnya turizmde g\u00fc\u00e7l\u00fc bir oyuncu olma konumunu her ge\u00e7en g\u00fcn peki\u015ftiriyor&#8221; dedi. 2025 SEZONUNA \u0130L\u0130\u015eK\u0130N BEKLENT\u0130LER Y\u00dcKSEK 12 Temmuz rakamlar\u0131n\u0131n ard\u0131ndan g\u00f6zler yaz sezonunun geri kalan\u0131na \u00e7evrildi. Turizm sekt\u00f6r\u00fc temsilcileri, s\u00fcrd\u00fcr\u00fclebilir bir b\u00fcy\u00fcme ile hem \u00fclke ekonomisine hem de b\u00f6lge esnaf\u0131na ciddi katk\u0131 sa\u011flayaca\u011f\u0131n\u0131 ifade ediyor. \u200b12 Temmuz&#8217;da Antalya ve Gazipa\u015fa&#8217;dan toplam 100 bin 646 yabanc\u0131 turist T\u00fcrkiye&#8217;ye giri\u015f yapt\u0131. K\u00fclt\u00fcr ve Turizm Bakan\u0131 Ersoy, bu say\u0131n\u0131n son be\u015f y\u0131l\u0131n temmuz aylar\u0131 i\u00e7in rekor oldu\u011funu &hellip;","og_url":"https:\/\/denizcankizil.tr\/en\/haberler\/gundem\/antalya-ve-gazipasa-havalimanlarinda-5-yilin-en-yuksek-yabanci-ziyaretci-girisi\/","og_site_name":"Av. Deniz Can K\u0131z\u0131l","article_published_time":"2025-07-13T12:41:15+00:00","author":"Antalya K\u00f6rfez","twitter_card":"summary_large_image","twitter_misc":{"Written by":"Antalya K\u00f6rfez","Estimated reading time":"1 minute"},"schema":{"@context":"https:\/\/schema.org","@graph":[{"@type":"Article","@id":"https:\/\/denizcankizil.tr\/en\/haberler\/gundem\/antalya-ve-gazipasa-havalimanlarinda-5-yilin-en-yuksek-yabanci-ziyaretci-girisi\/#article","isPartOf":{"@id":"https:\/\/denizcankizil.tr\/en\/haberler\/gundem\/antalya-ve-gazipasa-havalimanlarinda-5-yilin-en-yuksek-yabanci-ziyaretci-girisi\/"},"author":{"name":"Antalya K\u00f6rfez","@id":"https:\/\/denizcankizil.tr\/de\/#\/schema\/person\/e1eb71bb4dd684d46563f0af307e1234"},"headline":"Antalya ve Gazipa\u015fa Havalimanlar\u0131nda 5 y\u0131l\u0131n en y\u00fcksek yabanc\u0131 ziyaret\u00e7i giri\u015fi","datePublished":"2025-07-13T12:41:15+00:00","mainEntityOfPage":{"@id":"https:\/\/denizcankizil.tr\/en\/haberler\/gundem\/antalya-ve-gazipasa-havalimanlarinda-5-yilin-en-yuksek-yabanci-ziyaretci-girisi\/"},"wordCount":320,"publisher":{"@id":"https:\/\/denizcankizil.tr\/de\/#organization"},"articleSection":["G\u00fcndem"],"inLanguage":"en-GB"},{"@type":"WebPage","@id":"https:\/\/denizcankizil.tr\/en\/haberler\/gundem\/antalya-ve-gazipasa-havalimanlarinda-5-yilin-en-yuksek-yabanci-ziyaretci-girisi\/","url":"https:\/\/denizcankizil.tr\/en\/haberler\/gundem\/antalya-ve-gazipasa-havalimanlarinda-5-yilin-en-yuksek-yabanci-ziyaretci-girisi\/","name":"Antalya ve Gazipa\u015fa Havalimanlar\u0131nda 5 y\u0131l\u0131n en y\u00fcksek yabanc\u0131 ziyaret\u00e7i giri\u015fi - Av. Deniz Can K\u0131z\u0131l","isPartOf":{"@id":"https:\/\/denizcankizil.tr\/de\/#website"},"datePublished":"2025-07-13T12:41:15+00:00","breadcrumb":{"@id":"https:\/\/denizcankizil.tr\/en\/haberler\/gundem\/antalya-ve-gazipasa-havalimanlarinda-5-yilin-en-yuksek-yabanci-ziyaretci-girisi\/#breadcrumb"},"inLanguage":"en-GB","potentialAction":[{"@type":"ReadAction","target":["https:\/\/denizcankizil.tr\/en\/haberler\/gundem\/antalya-ve-gazipasa-havalimanlarinda-5-yilin-en-yuksek-yabanci-ziyaretci-girisi\/"]}]},{"@type":"BreadcrumbList","@id":"https:\/\/denizcankizil.tr\/en\/haberler\/gundem\/antalya-ve-gazipasa-havalimanlarinda-5-yilin-en-yuksek-yabanci-ziyaretci-girisi\/#breadcrumb","itemListElement":[{"@type":"ListItem","position":1,"name":"Home","item":"https:\/\/denizcankizil.tr\/de\/"},{"@type":"ListItem","position":2,"name":"Antalya ve Gazipa\u015fa Havalimanlar\u0131nda 5 y\u0131l\u0131n en y\u00fcksek yabanc\u0131 ziyaret\u00e7i giri\u015fi"}]},{"@type":"WebSite","@id":"https:\/\/denizcankizil.tr\/de\/#website","url":"https:\/\/denizcankizil.tr\/de\/","name":"Av. Deniz Can K\u0131z\u0131l","description":"Avukat Deniz Can K\u0131z\u0131l Antalya Barosu","publisher":{"@id":"https:\/\/denizcankizil.tr\/de\/#organization"},"potentialAction":[{"@type":"SearchAction","target":{"@type":"EntryPoint","urlTemplate":"https:\/\/denizcankizil.tr\/de\/?s={search_term_string}"},"query-input":{"@type":"PropertyValueSpecification","valueRequired":true,"valueName":"search_term_string"}}],"inLanguage":"en-GB"},{"@type":"Organization","@id":"https:\/\/denizcankizil.tr\/de\/#organization","name":"Av. Deniz Can K\u0131z\u0131l","url":"https:\/\/denizcankizil.tr\/de\/","logo":{"@type":"ImageObject","inLanguage":"en-GB","@id":"https:\/\/denizcankizil.tr\/de\/#\/schema\/logo\/image\/","url":"https:\/\/denizcankizil.tr\/wp-content\/uploads\/2024\/10\/siyah-logo-svg.svg","contentUrl":"https:\/\/denizcankizil.tr\/wp-content\/uploads\/2024\/10\/siyah-logo-svg.svg","width":1080,"height":1080,"caption":"Av. Deniz Can K\u0131z\u0131l"},"image":{"@id":"https:\/\/denizcankizil.tr\/de\/#\/schema\/logo\/image\/"}},{"@type":"Person","@id":"https:\/\/denizcankizil.tr\/de\/#\/schema\/person\/e1eb71bb4dd684d46563f0af307e1234","name":"Antalya K\u00f6rfez","image":{"@type":"ImageObject","inLanguage":"en-GB","@id":"https:\/\/denizcankizil.tr\/de\/#\/schema\/person\/image\/","url":"https:\/\/secure.gravatar.com\/avatar\/42b01982558a48a0b501fdcab6a408d3717ea5919095ee2e67b0e521799c5905?s=96&d=mm&r=g","contentUrl":"https:\/\/secure.gravatar.com\/avatar\/42b01982558a48a0b501fdcab6a408d3717ea5919095ee2e67b0e521799c5905?s=96&d=mm&r=g","caption":"Antalya K\u00f6rfez"},"sameAs":["http:\/\/www.antalyakorfez.com"],"url":"https:\/\/www.antalyakorfez.com\/antalya-ve-gazipasa-havalimanlarinda-5-yilin-en-yuksek-yabanci-ziyaretci-girisi"}]}},"_links":{"self":[{"href":"https:\/\/denizcankizil.tr\/en\/wp-json\/wp\/v2\/posts\/144669","targetHints":{"allow":["GET"]}}],"collection":[{"href":"https:\/\/denizcankizil.tr\/en\/wp-json\/wp\/v2\/posts"}],"about":[{"href":"https:\/\/denizcankizil.tr\/en\/wp-json\/wp\/v2\/types\/post"}],"author":[{"embeddable":true,"href":"https:\/\/denizcankizil.tr\/en\/wp-json\/wp\/v2\/users\/5"}],"replies":[{"embeddable":true,"href":"https:\/\/denizcankizil.tr\/en\/wp-json\/wp\/v2\/comments?post=144669"}],"version-history":[{"count":0,"href":"https:\/\/denizcankizil.tr\/en\/wp-json\/wp\/v2\/posts\/144669\/revisions"}],"wp:attachment":[{"href":"https:\/\/denizcankizil.tr\/en\/wp-json\/wp\/v2\/media?parent=144669"}],"wp:term":[{"taxonomy":"category","embeddable":true,"href":"https:\/\/denizcankizil.tr\/en\/wp-json\/wp\/v2\/categories?post=144669"},{"taxonomy":"post_tag","embeddable":true,"href":"https:\/\/denizcankizil.tr\/en\/wp-json\/wp\/v2\/tags?post=144669"}],"curies":[{"name":"wp","href":"https:\/\/api.w.org\/{rel}","templated":true}]}}