{"id":14454,"date":"2024-11-08T16:41:20","date_gmt":"2024-11-08T13:41:20","guid":{"rendered":"https:\/\/denizcankizil.tr\/uncategorized-tr\/10-kasimda-ataturk-icin-el-ele-ataya-saygi-zinciri\/"},"modified":"2024-11-08T16:41:20","modified_gmt":"2024-11-08T13:41:20","slug":"10-kasimda-ataturk-icin-el-ele-ataya-saygi-zinciri","status":"publish","type":"post","link":"https:\/\/denizcankizil.tr\/en\/haberler\/gundem\/10-kasimda-ataturk-icin-el-ele-ataya-saygi-zinciri\/","title":{"rendered":"10 Kas\u0131m&#8217;da Atat\u00fcrk \u0130\u00e7in El Ele \u201cAta&#8217;ya Sayg\u0131 Zinciri\u201d"},"content":{"rendered":"<p>T\u00fcrkiye Cumhuriyeti\u2019nin kurucusu Mustafa Kemal Atat\u00fcrk&#8217;\u00fcn ebediyete intikalinin 86. y\u0131l d\u00f6n\u00fcm\u00fcnde Kad\u0131k\u00f6y\u2019de her ya\u015ftan binlerce ki\u015fi saat \u201c9\u2019u 5 ge\u00e7e Ata\u2019ya Sayg\u0131 Zinciri\u201d olu\u015fturacak.<\/p>\n<p>\u200bT\u00fcrkiye Cumhuriyeti\u2019nin kurucusu Mustafa Kemal Atat\u00fcrk&#8217;\u00fcn ebediyete intikalinin 86. y\u0131l d\u00f6n\u00fcm\u00fcnde Kad\u0131k\u00f6y\u2019de her ya\u015ftan binlerce ki\u015fi saat \u201c9\u2019u 5 ge\u00e7e Ata\u2019ya Sayg\u0131 Zinciri\u201d olu\u015fturacak.\u00a0<\/p>\n<p>\u200bHaberin Al\u0131nt\u0131land\u0131\u011f\u0131 Kaynak: www.iskenderun.org<\/p>","protected":false},"excerpt":{"rendered":"<p>T\u00fcrkiye Cumhuriyeti\u2019nin kurucusu Mustafa Kemal Atat\u00fcrk&#8217;\u00fcn ebediyete intikalinin 86. y\u0131l d\u00f6n\u00fcm\u00fcnde Kad\u0131k\u00f6y\u2019de her ya\u015ftan binlerce ki\u015fi saat \u201c9\u2019u 5 ge\u00e7e Ata\u2019ya Sayg\u0131 Zinciri\u201d olu\u015fturacak. \u200bT\u00fcrkiye Cumhuriyeti\u2019nin kurucusu Mustafa Kemal Atat\u00fcrk&#8217;\u00fcn ebediyete intikalinin 86. y\u0131l d\u00f6n\u00fcm\u00fcnde Kad\u0131k\u00f6y\u2019de her ya\u015ftan binlerce ki\u015fi saat \u201c9\u2019u 5 ge\u00e7e Ata\u2019ya Sayg\u0131 Zinciri\u201d olu\u015fturacak.\u00a0 \u200bHaberin Al\u0131nt\u0131land\u0131\u011f\u0131 Kaynak: www.iskenderun.org<\/p>","protected":false},"author":0,"featured_media":0,"comment_status":"open","ping_status":"open","sticky":false,"template":"","format":"standard","meta":{"_acf_changed":false,"footnotes":""},"categories":[24,535],"tags":[],"class_list":["post-14454","post","type-post","status-publish","format-standard","has-post-thumbnail","hentry","category-gundem","category-uncategorized-tr"],"acf":[],"yoast_head":"<!-- This site is optimized with the Yoast SEO Premium plugin v26.6 (Yoast SEO v27.1.1) - https:\/\/yoast.com\/product\/yoast-seo-premium-wordpress\/ -->\n<title>10 Kas\u0131m&#039;da Atat\u00fcrk \u0130\u00e7in El Ele \u201cAta&#039;ya Sayg\u0131 Zinciri\u201d - Av. Deniz Can K\u0131z\u0131l<\/title>\n<meta name=\"robots\" content=\"index, follow, max-snippet:-1, max-image-preview:large, max-video-preview:-1\" \/>\n<link rel=\"canonical\" href=\"https:\/\/denizcankizil.tr\/en\/haberler\/gundem\/10-kasimda-ataturk-icin-el-ele-ataya-saygi-zinciri\/\" \/>\n<meta property=\"og:locale\" content=\"en_GB\" \/>\n<meta property=\"og:type\" content=\"article\" \/>\n<meta property=\"og:title\" content=\"10 Kas\u0131m&#039;da Atat\u00fcrk \u0130\u00e7in El Ele \u201cAta&#039;ya Sayg\u0131 Zinciri\u201d\" \/>\n<meta property=\"og:description\" content=\"T\u00fcrkiye Cumhuriyeti\u2019nin kurucusu Mustafa Kemal Atat\u00fcrk&#8217;\u00fcn ebediyete intikalinin 86. y\u0131l d\u00f6n\u00fcm\u00fcnde Kad\u0131k\u00f6y\u2019de her ya\u015ftan binlerce ki\u015fi saat \u201c9\u2019u 5 ge\u00e7e Ata\u2019ya Sayg\u0131 Zinciri\u201d olu\u015fturacak. \u200bT\u00fcrkiye Cumhuriyeti\u2019nin kurucusu Mustafa Kemal Atat\u00fcrk&#8217;\u00fcn ebediyete intikalinin 86. y\u0131l d\u00f6n\u00fcm\u00fcnde Kad\u0131k\u00f6y\u2019de her ya\u015ftan binlerce ki\u015fi saat \u201c9\u2019u 5 ge\u00e7e Ata\u2019ya Sayg\u0131 Zinciri\u201d olu\u015fturacak.\u00a0 \u200bHaberin Al\u0131nt\u0131land\u0131\u011f\u0131 Kaynak: www.iskenderun.org\" \/>\n<meta property=\"og:url\" content=\"https:\/\/denizcankizil.tr\/en\/haberler\/gundem\/10-kasimda-ataturk-icin-el-ele-ataya-saygi-zinciri\/\" \/>\n<meta property=\"og:site_name\" content=\"Av. Deniz Can K\u0131z\u0131l\" \/>\n<meta property=\"article:published_time\" content=\"2024-11-08T13:41:20+00:00\" \/>\n<meta name=\"twitter:card\" content=\"summary_large_image\" \/>\n<script type=\"application\/ld+json\" class=\"yoast-schema-graph\">{\"@context\":\"https:\/\/schema.org\",\"@graph\":[{\"@type\":\"Article\",\"@id\":\"https:\/\/denizcankizil.tr\/en\/haberler\/gundem\/10-kasimda-ataturk-icin-el-ele-ataya-saygi-zinciri\/#article\",\"isPartOf\":{\"@id\":\"https:\/\/denizcankizil.tr\/en\/haberler\/gundem\/10-kasimda-ataturk-icin-el-ele-ataya-saygi-zinciri\/\"},\"author\":{\"name\":\"\",\"@id\":\"\"},\"headline\":\"10 Kas\u0131m&#8217;da Atat\u00fcrk \u0130\u00e7in El Ele \u201cAta&#8217;ya Sayg\u0131 Zinciri\u201d\",\"datePublished\":\"2024-11-08T13:41:20+00:00\",\"mainEntityOfPage\":{\"@id\":\"https:\/\/denizcankizil.tr\/en\/haberler\/gundem\/10-kasimda-ataturk-icin-el-ele-ataya-saygi-zinciri\/\"},\"wordCount\":96,\"commentCount\":0,\"publisher\":{\"@id\":\"https:\/\/denizcankizil.tr\/de\/#organization\"},\"articleSection\":[\"G\u00fcndem\",\"Uncategorized\"],\"inLanguage\":\"en-GB\",\"potentialAction\":[{\"@type\":\"CommentAction\",\"name\":\"Comment\",\"target\":[\"https:\/\/denizcankizil.tr\/en\/haberler\/gundem\/10-kasimda-ataturk-icin-el-ele-ataya-saygi-zinciri\/#respond\"]}]},{\"@type\":\"WebPage\",\"@id\":\"https:\/\/denizcankizil.tr\/en\/haberler\/gundem\/10-kasimda-ataturk-icin-el-ele-ataya-saygi-zinciri\/\",\"url\":\"https:\/\/denizcankizil.tr\/en\/haberler\/gundem\/10-kasimda-ataturk-icin-el-ele-ataya-saygi-zinciri\/\",\"name\":\"10 Kas\u0131m'da Atat\u00fcrk \u0130\u00e7in El Ele \u201cAta'ya Sayg\u0131 Zinciri\u201d - Av. Deniz Can K\u0131z\u0131l\",\"isPartOf\":{\"@id\":\"https:\/\/denizcankizil.tr\/de\/#website\"},\"datePublished\":\"2024-11-08T13:41:20+00:00\",\"breadcrumb\":{\"@id\":\"https:\/\/denizcankizil.tr\/en\/haberler\/gundem\/10-kasimda-ataturk-icin-el-ele-ataya-saygi-zinciri\/#breadcrumb\"},\"inLanguage\":\"en-GB\",\"potentialAction\":[{\"@type\":\"ReadAction\",\"target\":[\"https:\/\/denizcankizil.tr\/en\/haberler\/gundem\/10-kasimda-ataturk-icin-el-ele-ataya-saygi-zinciri\/\"]}]},{\"@type\":\"BreadcrumbList\",\"@id\":\"https:\/\/denizcankizil.tr\/en\/haberler\/gundem\/10-kasimda-ataturk-icin-el-ele-ataya-saygi-zinciri\/#breadcrumb\",\"itemListElement\":[{\"@type\":\"ListItem\",\"position\":1,\"name\":\"Home\",\"item\":\"https:\/\/denizcankizil.tr\/de\/\"},{\"@type\":\"ListItem\",\"position\":2,\"name\":\"10 Kas\u0131m&#8217;da Atat\u00fcrk \u0130\u00e7in El Ele \u201cAta&#8217;ya Sayg\u0131 Zinciri\u201d\"}]},{\"@type\":\"WebSite\",\"@id\":\"https:\/\/denizcankizil.tr\/de\/#website\",\"url\":\"https:\/\/denizcankizil.tr\/de\/\",\"name\":\"Av. Deniz Can K\u0131z\u0131l\",\"description\":\"Avukat Deniz Can K\u0131z\u0131l Antalya Barosu\",\"publisher\":{\"@id\":\"https:\/\/denizcankizil.tr\/de\/#organization\"},\"potentialAction\":[{\"@type\":\"SearchAction\",\"target\":{\"@type\":\"EntryPoint\",\"urlTemplate\":\"https:\/\/denizcankizil.tr\/de\/?s={search_term_string}\"},\"query-input\":{\"@type\":\"PropertyValueSpecification\",\"valueRequired\":true,\"valueName\":\"search_term_string\"}}],\"inLanguage\":\"en-GB\"},{\"@type\":\"Organization\",\"@id\":\"https:\/\/denizcankizil.tr\/de\/#organization\",\"name\":\"Av. Deniz Can K\u0131z\u0131l\",\"url\":\"https:\/\/denizcankizil.tr\/de\/\",\"logo\":{\"@type\":\"ImageObject\",\"inLanguage\":\"en-GB\",\"@id\":\"https:\/\/denizcankizil.tr\/de\/#\/schema\/logo\/image\/\",\"url\":\"https:\/\/denizcankizil.tr\/wp-content\/uploads\/2024\/10\/siyah-logo-svg.svg\",\"contentUrl\":\"https:\/\/denizcankizil.tr\/wp-content\/uploads\/2024\/10\/siyah-logo-svg.svg\",\"width\":1080,\"height\":1080,\"caption\":\"Av. Deniz Can K\u0131z\u0131l\"},\"image\":{\"@id\":\"https:\/\/denizcankizil.tr\/de\/#\/schema\/logo\/image\/\"}}]}<\/script>\n<!-- \/ Yoast SEO Premium plugin. -->","yoast_head_json":{"title":"10 Kas\u0131m'da Atat\u00fcrk \u0130\u00e7in El Ele \u201cAta'ya Sayg\u0131 Zinciri\u201d - Av. Deniz Can K\u0131z\u0131l","robots":{"index":"index","follow":"follow","max-snippet":"max-snippet:-1","max-image-preview":"max-image-preview:large","max-video-preview":"max-video-preview:-1"},"canonical":"https:\/\/denizcankizil.tr\/en\/haberler\/gundem\/10-kasimda-ataturk-icin-el-ele-ataya-saygi-zinciri\/","og_locale":"en_GB","og_type":"article","og_title":"10 Kas\u0131m'da Atat\u00fcrk \u0130\u00e7in El Ele \u201cAta'ya Sayg\u0131 Zinciri\u201d","og_description":"T\u00fcrkiye Cumhuriyeti\u2019nin kurucusu Mustafa Kemal Atat\u00fcrk&#8217;\u00fcn ebediyete intikalinin 86. y\u0131l d\u00f6n\u00fcm\u00fcnde Kad\u0131k\u00f6y\u2019de her ya\u015ftan binlerce ki\u015fi saat \u201c9\u2019u 5 ge\u00e7e Ata\u2019ya Sayg\u0131 Zinciri\u201d olu\u015fturacak. \u200bT\u00fcrkiye Cumhuriyeti\u2019nin kurucusu Mustafa Kemal Atat\u00fcrk&#8217;\u00fcn ebediyete intikalinin 86. y\u0131l d\u00f6n\u00fcm\u00fcnde Kad\u0131k\u00f6y\u2019de her ya\u015ftan binlerce ki\u015fi saat \u201c9\u2019u 5 ge\u00e7e Ata\u2019ya Sayg\u0131 Zinciri\u201d olu\u015fturacak.\u00a0 \u200bHaberin Al\u0131nt\u0131land\u0131\u011f\u0131 Kaynak: www.iskenderun.org","og_url":"https:\/\/denizcankizil.tr\/en\/haberler\/gundem\/10-kasimda-ataturk-icin-el-ele-ataya-saygi-zinciri\/","og_site_name":"Av. Deniz Can K\u0131z\u0131l","article_published_time":"2024-11-08T13:41:20+00:00","twitter_card":"summary_large_image","schema":{"@context":"https:\/\/schema.org","@graph":[{"@type":"Article","@id":"https:\/\/denizcankizil.tr\/en\/haberler\/gundem\/10-kasimda-ataturk-icin-el-ele-ataya-saygi-zinciri\/#article","isPartOf":{"@id":"https:\/\/denizcankizil.tr\/en\/haberler\/gundem\/10-kasimda-ataturk-icin-el-ele-ataya-saygi-zinciri\/"},"author":{"name":"","@id":""},"headline":"10 Kas\u0131m&#8217;da Atat\u00fcrk \u0130\u00e7in El Ele \u201cAta&#8217;ya Sayg\u0131 Zinciri\u201d","datePublished":"2024-11-08T13:41:20+00:00","mainEntityOfPage":{"@id":"https:\/\/denizcankizil.tr\/en\/haberler\/gundem\/10-kasimda-ataturk-icin-el-ele-ataya-saygi-zinciri\/"},"wordCount":96,"commentCount":0,"publisher":{"@id":"https:\/\/denizcankizil.tr\/de\/#organization"},"articleSection":["G\u00fcndem","Uncategorized"],"inLanguage":"en-GB","potentialAction":[{"@type":"CommentAction","name":"Comment","target":["https:\/\/denizcankizil.tr\/en\/haberler\/gundem\/10-kasimda-ataturk-icin-el-ele-ataya-saygi-zinciri\/#respond"]}]},{"@type":"WebPage","@id":"https:\/\/denizcankizil.tr\/en\/haberler\/gundem\/10-kasimda-ataturk-icin-el-ele-ataya-saygi-zinciri\/","url":"https:\/\/denizcankizil.tr\/en\/haberler\/gundem\/10-kasimda-ataturk-icin-el-ele-ataya-saygi-zinciri\/","name":"10 Kas\u0131m'da Atat\u00fcrk \u0130\u00e7in El Ele \u201cAta'ya Sayg\u0131 Zinciri\u201d - Av. Deniz Can K\u0131z\u0131l","isPartOf":{"@id":"https:\/\/denizcankizil.tr\/de\/#website"},"datePublished":"2024-11-08T13:41:20+00:00","breadcrumb":{"@id":"https:\/\/denizcankizil.tr\/en\/haberler\/gundem\/10-kasimda-ataturk-icin-el-ele-ataya-saygi-zinciri\/#breadcrumb"},"inLanguage":"en-GB","potentialAction":[{"@type":"ReadAction","target":["https:\/\/denizcankizil.tr\/en\/haberler\/gundem\/10-kasimda-ataturk-icin-el-ele-ataya-saygi-zinciri\/"]}]},{"@type":"BreadcrumbList","@id":"https:\/\/denizcankizil.tr\/en\/haberler\/gundem\/10-kasimda-ataturk-icin-el-ele-ataya-saygi-zinciri\/#breadcrumb","itemListElement":[{"@type":"ListItem","position":1,"name":"Home","item":"https:\/\/denizcankizil.tr\/de\/"},{"@type":"ListItem","position":2,"name":"10 Kas\u0131m&#8217;da Atat\u00fcrk \u0130\u00e7in El Ele \u201cAta&#8217;ya Sayg\u0131 Zinciri\u201d"}]},{"@type":"WebSite","@id":"https:\/\/denizcankizil.tr\/de\/#website","url":"https:\/\/denizcankizil.tr\/de\/","name":"Av. Deniz Can K\u0131z\u0131l","description":"Avukat Deniz Can K\u0131z\u0131l Antalya Barosu","publisher":{"@id":"https:\/\/denizcankizil.tr\/de\/#organization"},"potentialAction":[{"@type":"SearchAction","target":{"@type":"EntryPoint","urlTemplate":"https:\/\/denizcankizil.tr\/de\/?s={search_term_string}"},"query-input":{"@type":"PropertyValueSpecification","valueRequired":true,"valueName":"search_term_string"}}],"inLanguage":"en-GB"},{"@type":"Organization","@id":"https:\/\/denizcankizil.tr\/de\/#organization","name":"Av. Deniz Can K\u0131z\u0131l","url":"https:\/\/denizcankizil.tr\/de\/","logo":{"@type":"ImageObject","inLanguage":"en-GB","@id":"https:\/\/denizcankizil.tr\/de\/#\/schema\/logo\/image\/","url":"https:\/\/denizcankizil.tr\/wp-content\/uploads\/2024\/10\/siyah-logo-svg.svg","contentUrl":"https:\/\/denizcankizil.tr\/wp-content\/uploads\/2024\/10\/siyah-logo-svg.svg","width":1080,"height":1080,"caption":"Av. Deniz Can K\u0131z\u0131l"},"image":{"@id":"https:\/\/denizcankizil.tr\/de\/#\/schema\/logo\/image\/"}}]}},"_links":{"self":[{"href":"https:\/\/denizcankizil.tr\/en\/wp-json\/wp\/v2\/posts\/14454","targetHints":{"allow":["GET"]}}],"collection":[{"href":"https:\/\/denizcankizil.tr\/en\/wp-json\/wp\/v2\/posts"}],"about":[{"href":"https:\/\/denizcankizil.tr\/en\/wp-json\/wp\/v2\/types\/post"}],"replies":[{"embeddable":true,"href":"https:\/\/denizcankizil.tr\/en\/wp-json\/wp\/v2\/comments?post=14454"}],"version-history":[{"count":0,"href":"https:\/\/denizcankizil.tr\/en\/wp-json\/wp\/v2\/posts\/14454\/revisions"}],"wp:attachment":[{"href":"https:\/\/denizcankizil.tr\/en\/wp-json\/wp\/v2\/media?parent=14454"}],"wp:term":[{"taxonomy":"category","embeddable":true,"href":"https:\/\/denizcankizil.tr\/en\/wp-json\/wp\/v2\/categories?post=14454"},{"taxonomy":"post_tag","embeddable":true,"href":"https:\/\/denizcankizil.tr\/en\/wp-json\/wp\/v2\/tags?post=14454"}],"curies":[{"name":"wp","href":"https:\/\/api.w.org\/{rel}","templated":true}]}}