{"id":142572,"date":"2025-07-11T12:41:23","date_gmt":"2025-07-11T09:41:23","guid":{"rendered":"https:\/\/denizcankizil.tr\/uncategorized-tr\/chp-lideri-ozgur-ozel-antalyada-bugun-aksam-duzenlenecek-olan-mitinge-katilacak\/"},"modified":"2025-07-11T12:41:23","modified_gmt":"2025-07-11T09:41:23","slug":"chp-lideri-ozgur-ozel-antalyada-bugun-aksam-duzenlenecek-olan-mitinge-katilacak","status":"publish","type":"post","link":"https:\/\/denizcankizil.tr\/en\/haberler\/gundem\/chp-lideri-ozgur-ozel-antalyada-bugun-aksam-duzenlenecek-olan-mitinge-katilacak\/","title":{"rendered":"CHP lideri \u00d6zg\u00fcr \u00d6zel Antalya\u2019da! Bug\u00fcn ak\u015fam d\u00fczenlenecek olan mitinge kat\u0131lacak"},"content":{"rendered":"<p>CHP\u2019li Antalya B\u00fcy\u00fck\u015fehir ile Manavgat Belediyelerine y\u00f6nelik r\u00fc\u015fvet operasyonlar\u0131n\u0131n ard\u0131ndan Cumhuriyet Halk Partisi Genel Ba\u015fkan\u0131 \u00d6zg\u00fcr \u00d6zel, Antalya\u2019ya geldi. D\u00fcn ak\u015fam Adana mitingine kat\u0131lan \u00d6zel\u2019in bug\u00fcn g\u00fcn i\u00e7erisinde cezaevinde tutuklu bulunan B\u00fcy\u00fck\u015fehir Belediye Ba\u015fkan\u0131 Muhittin B\u00f6cek\u2019i ziyaret edecek. Ziyaretin ard\u0131ndan \u00d6zel, Ak\u015fam saat 20.30\u2019da B\u00fcy\u00fck\u015fehir Belediyesi \u00f6n\u00fcnde d\u00fczenlenecek olan mitingin ard\u0131ndan kat\u0131lacak ve ard\u0131ndan Antalya\u2019dan ayr\u0131lacak.<\/p>\n<p>\u00d6ZG\u00dcR \u00d6ZEL\u2019\u0130N PROGRAMI BELL\u0130 OLDU <\/p>\n<p>\u00d6zel&#8217;in bug\u00fcn ger\u00e7ekle\u015ftirece\u011fi Antalya program\u0131 belli oldu. Bu sabah saat 10.15\u2019te Antalya\u2019ya gelen \u00d6zel\u2019 havaliman\u0131nda \u00e7ok say\u0131da partili kar\u015f\u0131lad\u0131. \u00d6zel, saat 16.30&#8217;da CHP Antalya \u0130l Ba\u015fkanl\u0131\u011f\u0131\u2019n\u0131 ziyaret edecek. Ard\u0131ndan saat 18.30\u2019da tutuklu bulunan Antalya B\u00fcy\u00fck\u015fehir Belediye Ba\u015fkan\u0131 Muhittin B\u00f6cek\u2019i cezaevinde g\u00f6r\u00fc\u015fecek olan \u00d6zel, g\u00fcn\u00fcn sonunda ise saat 20.30\u2019da Antalya B\u00fcy\u00fck\u015fehir Belediyesi \u00f6n\u00fcnde halk bulu\u015fmas\u0131 ger\u00e7ekle\u015ftirilecek ve kentten ayr\u0131lacak.<\/p>\n<p>\u200bCHP Genel Ba\u015fkan\u0131 \u00d6zg\u00fcr \u00d6zel, tutuklanarak g\u00f6revden uzakla\u015ft\u0131r\u0131lan Antalya B\u00fcy\u00fck\u015fehir Belediye Ba\u015fkan\u0131 Muhittin B\u00f6cek ile Manavgat Belediye Ba\u015fkan\u0131 Niyazi Nefi Kara\u2019ya destek vermek i\u00e7in Antalya&#8217;ya geldi. Bir dizi ziyaret yapacak olan \u00d6zel, ak\u015fam saatlerinde miting d\u00fczenleyecek\u00a0<\/p>\n<p>\u200bHaberin Al\u0131nt\u0131land\u0131\u011f\u0131 Kaynak: www.antalyakorfez.com<\/p>","protected":false},"excerpt":{"rendered":"<p>CHP\u2019li Antalya B\u00fcy\u00fck\u015fehir ile Manavgat Belediyelerine y\u00f6nelik r\u00fc\u015fvet operasyonlar\u0131n\u0131n ard\u0131ndan Cumhuriyet Halk Partisi Genel Ba\u015fkan\u0131 \u00d6zg\u00fcr \u00d6zel, Antalya\u2019ya geldi. D\u00fcn ak\u015fam Adana mitingine kat\u0131lan \u00d6zel\u2019in bug\u00fcn g\u00fcn i\u00e7erisinde cezaevinde tutuklu bulunan B\u00fcy\u00fck\u015fehir Belediye Ba\u015fkan\u0131 Muhittin B\u00f6cek\u2019i ziyaret edecek. Ziyaretin ard\u0131ndan \u00d6zel, Ak\u015fam saat 20.30\u2019da B\u00fcy\u00fck\u015fehir Belediyesi \u00f6n\u00fcnde d\u00fczenlenecek olan mitingin ard\u0131ndan kat\u0131lacak ve ard\u0131ndan Antalya\u2019dan ayr\u0131lacak. \u00d6ZG\u00dcR \u00d6ZEL\u2019\u0130N PROGRAMI BELL\u0130 OLDU \u00d6zel&#8217;in bug\u00fcn ger\u00e7ekle\u015ftirece\u011fi Antalya program\u0131 belli oldu. Bu sabah saat 10.15\u2019te Antalya\u2019ya gelen \u00d6zel\u2019 havaliman\u0131nda \u00e7ok say\u0131da partili kar\u015f\u0131lad\u0131. \u00d6zel, saat 16.30&#8217;da CHP Antalya \u0130l Ba\u015fkanl\u0131\u011f\u0131\u2019n\u0131 ziyaret edecek. Ard\u0131ndan saat 18.30\u2019da tutuklu bulunan Antalya B\u00fcy\u00fck\u015fehir Belediye Ba\u015fkan\u0131 Muhittin B\u00f6cek\u2019i cezaevinde g\u00f6r\u00fc\u015fecek olan \u00d6zel, g\u00fcn\u00fcn sonunda ise saat 20.30\u2019da Antalya B\u00fcy\u00fck\u015fehir Belediyesi \u00f6n\u00fcnde halk bulu\u015fmas\u0131 ger\u00e7ekle\u015ftirilecek ve kentten ayr\u0131lacak. \u200bCHP Genel Ba\u015fkan\u0131 \u00d6zg\u00fcr \u00d6zel, tutuklanarak g\u00f6revden uzakla\u015ft\u0131r\u0131lan Antalya B\u00fcy\u00fck\u015fehir Belediye Ba\u015fkan\u0131 Muhittin B\u00f6cek ile Manavgat Belediye Ba\u015fkan\u0131 Niyazi Nefi Kara\u2019ya destek vermek i\u00e7in Antalya&#8217;ya geldi. Bir dizi ziyaret yapacak olan \u00d6zel, ak\u015fam saatlerinde miting d\u00fczenleyecek\u00a0 \u200bHaberin Al\u0131nt\u0131land\u0131\u011f\u0131 Kaynak: www.antalyakorfez.com<\/p>","protected":false},"author":5,"featured_media":0,"comment_status":"","ping_status":"open","sticky":false,"template":"","format":"standard","meta":{"_acf_changed":false,"footnotes":""},"categories":[24],"tags":[],"class_list":["post-142572","post","type-post","status-publish","format-standard","has-post-thumbnail","hentry","category-gundem"],"acf":[],"yoast_head":"<!-- This site is optimized with the Yoast SEO Premium plugin v26.6 (Yoast SEO v27.1.1) - https:\/\/yoast.com\/product\/yoast-seo-premium-wordpress\/ -->\n<title>CHP lideri \u00d6zg\u00fcr \u00d6zel Antalya\u2019da! Bug\u00fcn ak\u015fam d\u00fczenlenecek olan mitinge kat\u0131lacak - Av. Deniz Can K\u0131z\u0131l<\/title>\n<meta name=\"robots\" content=\"index, follow, max-snippet:-1, max-image-preview:large, max-video-preview:-1\" \/>\n<link rel=\"canonical\" href=\"https:\/\/denizcankizil.tr\/en\/haberler\/gundem\/chp-lideri-ozgur-ozel-antalyada-bugun-aksam-duzenlenecek-olan-mitinge-katilacak\/\" \/>\n<meta property=\"og:locale\" content=\"en_GB\" \/>\n<meta property=\"og:type\" content=\"article\" \/>\n<meta property=\"og:title\" content=\"CHP lideri \u00d6zg\u00fcr \u00d6zel Antalya\u2019da! Bug\u00fcn ak\u015fam d\u00fczenlenecek olan mitinge kat\u0131lacak\" \/>\n<meta property=\"og:description\" content=\"CHP\u2019li Antalya B\u00fcy\u00fck\u015fehir ile Manavgat Belediyelerine y\u00f6nelik r\u00fc\u015fvet operasyonlar\u0131n\u0131n ard\u0131ndan Cumhuriyet Halk Partisi Genel Ba\u015fkan\u0131 \u00d6zg\u00fcr \u00d6zel, Antalya\u2019ya geldi. D\u00fcn ak\u015fam Adana mitingine kat\u0131lan \u00d6zel\u2019in bug\u00fcn g\u00fcn i\u00e7erisinde cezaevinde tutuklu bulunan B\u00fcy\u00fck\u015fehir Belediye Ba\u015fkan\u0131 Muhittin B\u00f6cek\u2019i ziyaret edecek. Ziyaretin ard\u0131ndan \u00d6zel, Ak\u015fam saat 20.30\u2019da B\u00fcy\u00fck\u015fehir Belediyesi \u00f6n\u00fcnde d\u00fczenlenecek olan mitingin ard\u0131ndan kat\u0131lacak ve ard\u0131ndan Antalya\u2019dan ayr\u0131lacak. \u00d6ZG\u00dcR \u00d6ZEL\u2019\u0130N PROGRAMI BELL\u0130 OLDU \u00d6zel&#8217;in bug\u00fcn ger\u00e7ekle\u015ftirece\u011fi Antalya program\u0131 belli oldu. Bu sabah saat 10.15\u2019te Antalya\u2019ya gelen \u00d6zel\u2019 havaliman\u0131nda \u00e7ok say\u0131da partili kar\u015f\u0131lad\u0131. \u00d6zel, saat 16.30&#8217;da CHP Antalya \u0130l Ba\u015fkanl\u0131\u011f\u0131\u2019n\u0131 ziyaret edecek. Ard\u0131ndan saat 18.30\u2019da tutuklu bulunan Antalya B\u00fcy\u00fck\u015fehir Belediye Ba\u015fkan\u0131 Muhittin B\u00f6cek\u2019i cezaevinde g\u00f6r\u00fc\u015fecek olan \u00d6zel, g\u00fcn\u00fcn sonunda ise saat 20.30\u2019da Antalya B\u00fcy\u00fck\u015fehir Belediyesi \u00f6n\u00fcnde halk bulu\u015fmas\u0131 ger\u00e7ekle\u015ftirilecek ve kentten ayr\u0131lacak. \u200bCHP Genel Ba\u015fkan\u0131 \u00d6zg\u00fcr \u00d6zel, tutuklanarak g\u00f6revden uzakla\u015ft\u0131r\u0131lan Antalya B\u00fcy\u00fck\u015fehir Belediye Ba\u015fkan\u0131 Muhittin B\u00f6cek ile Manavgat Belediye Ba\u015fkan\u0131 Niyazi Nefi Kara\u2019ya destek vermek i\u00e7in Antalya&#8217;ya geldi. Bir dizi ziyaret yapacak olan \u00d6zel, ak\u015fam saatlerinde miting d\u00fczenleyecek\u00a0 \u200bHaberin Al\u0131nt\u0131land\u0131\u011f\u0131 Kaynak: www.antalyakorfez.com\" \/>\n<meta property=\"og:url\" content=\"https:\/\/denizcankizil.tr\/en\/haberler\/gundem\/chp-lideri-ozgur-ozel-antalyada-bugun-aksam-duzenlenecek-olan-mitinge-katilacak\/\" \/>\n<meta property=\"og:site_name\" content=\"Av. Deniz Can K\u0131z\u0131l\" \/>\n<meta property=\"article:published_time\" content=\"2025-07-11T09:41:23+00:00\" \/>\n<meta name=\"author\" content=\"Antalya K\u00f6rfez\" \/>\n<meta name=\"twitter:card\" content=\"summary_large_image\" \/>\n<meta name=\"twitter:label1\" content=\"Written by\" \/>\n\t<meta name=\"twitter:data1\" content=\"Antalya K\u00f6rfez\" \/>\n\t<meta name=\"twitter:label2\" content=\"Estimated reading time\" \/>\n\t<meta name=\"twitter:data2\" content=\"1 minute\" \/>\n<script type=\"application\/ld+json\" class=\"yoast-schema-graph\">{\"@context\":\"https:\/\/schema.org\",\"@graph\":[{\"@type\":\"Article\",\"@id\":\"https:\/\/denizcankizil.tr\/en\/haberler\/gundem\/chp-lideri-ozgur-ozel-antalyada-bugun-aksam-duzenlenecek-olan-mitinge-katilacak\/#article\",\"isPartOf\":{\"@id\":\"https:\/\/denizcankizil.tr\/en\/haberler\/gundem\/chp-lideri-ozgur-ozel-antalyada-bugun-aksam-duzenlenecek-olan-mitinge-katilacak\/\"},\"author\":{\"name\":\"Antalya K\u00f6rfez\",\"@id\":\"https:\/\/denizcankizil.tr\/#\/schema\/person\/e1eb71bb4dd684d46563f0af307e1234\"},\"headline\":\"CHP lideri \u00d6zg\u00fcr \u00d6zel Antalya\u2019da! Bug\u00fcn ak\u015fam d\u00fczenlenecek olan mitinge kat\u0131lacak\",\"datePublished\":\"2025-07-11T09:41:23+00:00\",\"mainEntityOfPage\":{\"@id\":\"https:\/\/denizcankizil.tr\/en\/haberler\/gundem\/chp-lideri-ozgur-ozel-antalyada-bugun-aksam-duzenlenecek-olan-mitinge-katilacak\/\"},\"wordCount\":266,\"publisher\":{\"@id\":\"https:\/\/denizcankizil.tr\/#organization\"},\"articleSection\":[\"G\u00fcndem\"],\"inLanguage\":\"en-GB\"},{\"@type\":\"WebPage\",\"@id\":\"https:\/\/denizcankizil.tr\/en\/haberler\/gundem\/chp-lideri-ozgur-ozel-antalyada-bugun-aksam-duzenlenecek-olan-mitinge-katilacak\/\",\"url\":\"https:\/\/denizcankizil.tr\/en\/haberler\/gundem\/chp-lideri-ozgur-ozel-antalyada-bugun-aksam-duzenlenecek-olan-mitinge-katilacak\/\",\"name\":\"CHP lideri \u00d6zg\u00fcr \u00d6zel Antalya\u2019da! Bug\u00fcn ak\u015fam d\u00fczenlenecek olan mitinge kat\u0131lacak - Av. Deniz Can K\u0131z\u0131l\",\"isPartOf\":{\"@id\":\"https:\/\/denizcankizil.tr\/#website\"},\"datePublished\":\"2025-07-11T09:41:23+00:00\",\"breadcrumb\":{\"@id\":\"https:\/\/denizcankizil.tr\/en\/haberler\/gundem\/chp-lideri-ozgur-ozel-antalyada-bugun-aksam-duzenlenecek-olan-mitinge-katilacak\/#breadcrumb\"},\"inLanguage\":\"en-GB\",\"potentialAction\":[{\"@type\":\"ReadAction\",\"target\":[\"https:\/\/denizcankizil.tr\/en\/haberler\/gundem\/chp-lideri-ozgur-ozel-antalyada-bugun-aksam-duzenlenecek-olan-mitinge-katilacak\/\"]}]},{\"@type\":\"BreadcrumbList\",\"@id\":\"https:\/\/denizcankizil.tr\/en\/haberler\/gundem\/chp-lideri-ozgur-ozel-antalyada-bugun-aksam-duzenlenecek-olan-mitinge-katilacak\/#breadcrumb\",\"itemListElement\":[{\"@type\":\"ListItem\",\"position\":1,\"name\":\"Home\",\"item\":\"https:\/\/denizcankizil.tr\/uk\/\"},{\"@type\":\"ListItem\",\"position\":2,\"name\":\"CHP lideri \u00d6zg\u00fcr \u00d6zel Antalya\u2019da! Bug\u00fcn ak\u015fam d\u00fczenlenecek olan mitinge kat\u0131lacak\"}]},{\"@type\":\"WebSite\",\"@id\":\"https:\/\/denizcankizil.tr\/#website\",\"url\":\"https:\/\/denizcankizil.tr\/\",\"name\":\"Av. Deniz Can K\u0131z\u0131l\",\"description\":\"Avukat Deniz Can K\u0131z\u0131l Antalya Barosu\",\"publisher\":{\"@id\":\"https:\/\/denizcankizil.tr\/#organization\"},\"potentialAction\":[{\"@type\":\"SearchAction\",\"target\":{\"@type\":\"EntryPoint\",\"urlTemplate\":\"https:\/\/denizcankizil.tr\/?s={search_term_string}\"},\"query-input\":{\"@type\":\"PropertyValueSpecification\",\"valueRequired\":true,\"valueName\":\"search_term_string\"}}],\"inLanguage\":\"en-GB\"},{\"@type\":\"Organization\",\"@id\":\"https:\/\/denizcankizil.tr\/#organization\",\"name\":\"Av. Deniz Can K\u0131z\u0131l\",\"url\":\"https:\/\/denizcankizil.tr\/\",\"logo\":{\"@type\":\"ImageObject\",\"inLanguage\":\"en-GB\",\"@id\":\"https:\/\/denizcankizil.tr\/#\/schema\/logo\/image\/\",\"url\":\"https:\/\/denizcankizil.tr\/wp-content\/uploads\/2024\/10\/siyah-logo-svg.svg\",\"contentUrl\":\"https:\/\/denizcankizil.tr\/wp-content\/uploads\/2024\/10\/siyah-logo-svg.svg\",\"width\":1080,\"height\":1080,\"caption\":\"Av. Deniz Can K\u0131z\u0131l\"},\"image\":{\"@id\":\"https:\/\/denizcankizil.tr\/#\/schema\/logo\/image\/\"}},{\"@type\":\"Person\",\"@id\":\"https:\/\/denizcankizil.tr\/#\/schema\/person\/e1eb71bb4dd684d46563f0af307e1234\",\"name\":\"Antalya K\u00f6rfez\",\"image\":{\"@type\":\"ImageObject\",\"inLanguage\":\"en-GB\",\"@id\":\"https:\/\/denizcankizil.tr\/#\/schema\/person\/image\/\",\"url\":\"https:\/\/secure.gravatar.com\/avatar\/42b01982558a48a0b501fdcab6a408d3717ea5919095ee2e67b0e521799c5905?s=96&d=mm&r=g\",\"contentUrl\":\"https:\/\/secure.gravatar.com\/avatar\/42b01982558a48a0b501fdcab6a408d3717ea5919095ee2e67b0e521799c5905?s=96&d=mm&r=g\",\"caption\":\"Antalya K\u00f6rfez\"},\"sameAs\":[\"http:\/\/www.antalyakorfez.com\"],\"url\":\"https:\/\/www.antalyakorfez.com\/chp-lideri-ozgur-ozel-antalyada-bugun-aksam-duzenlenecek-olan-mitinge-katilacak\"}]}<\/script>\n<!-- \/ Yoast SEO Premium plugin. -->","yoast_head_json":{"title":"CHP lideri \u00d6zg\u00fcr \u00d6zel Antalya\u2019da! Bug\u00fcn ak\u015fam d\u00fczenlenecek olan mitinge kat\u0131lacak - Av. Deniz Can K\u0131z\u0131l","robots":{"index":"index","follow":"follow","max-snippet":"max-snippet:-1","max-image-preview":"max-image-preview:large","max-video-preview":"max-video-preview:-1"},"canonical":"https:\/\/denizcankizil.tr\/en\/haberler\/gundem\/chp-lideri-ozgur-ozel-antalyada-bugun-aksam-duzenlenecek-olan-mitinge-katilacak\/","og_locale":"en_GB","og_type":"article","og_title":"CHP lideri \u00d6zg\u00fcr \u00d6zel Antalya\u2019da! Bug\u00fcn ak\u015fam d\u00fczenlenecek olan mitinge kat\u0131lacak","og_description":"CHP\u2019li Antalya B\u00fcy\u00fck\u015fehir ile Manavgat Belediyelerine y\u00f6nelik r\u00fc\u015fvet operasyonlar\u0131n\u0131n ard\u0131ndan Cumhuriyet Halk Partisi Genel Ba\u015fkan\u0131 \u00d6zg\u00fcr \u00d6zel, Antalya\u2019ya geldi. D\u00fcn ak\u015fam Adana mitingine kat\u0131lan \u00d6zel\u2019in bug\u00fcn g\u00fcn i\u00e7erisinde cezaevinde tutuklu bulunan B\u00fcy\u00fck\u015fehir Belediye Ba\u015fkan\u0131 Muhittin B\u00f6cek\u2019i ziyaret edecek. Ziyaretin ard\u0131ndan \u00d6zel, Ak\u015fam saat 20.30\u2019da B\u00fcy\u00fck\u015fehir Belediyesi \u00f6n\u00fcnde d\u00fczenlenecek olan mitingin ard\u0131ndan kat\u0131lacak ve ard\u0131ndan Antalya\u2019dan ayr\u0131lacak. \u00d6ZG\u00dcR \u00d6ZEL\u2019\u0130N PROGRAMI BELL\u0130 OLDU \u00d6zel&#8217;in bug\u00fcn ger\u00e7ekle\u015ftirece\u011fi Antalya program\u0131 belli oldu. Bu sabah saat 10.15\u2019te Antalya\u2019ya gelen \u00d6zel\u2019 havaliman\u0131nda \u00e7ok say\u0131da partili kar\u015f\u0131lad\u0131. \u00d6zel, saat 16.30&#8217;da CHP Antalya \u0130l Ba\u015fkanl\u0131\u011f\u0131\u2019n\u0131 ziyaret edecek. Ard\u0131ndan saat 18.30\u2019da tutuklu bulunan Antalya B\u00fcy\u00fck\u015fehir Belediye Ba\u015fkan\u0131 Muhittin B\u00f6cek\u2019i cezaevinde g\u00f6r\u00fc\u015fecek olan \u00d6zel, g\u00fcn\u00fcn sonunda ise saat 20.30\u2019da Antalya B\u00fcy\u00fck\u015fehir Belediyesi \u00f6n\u00fcnde halk bulu\u015fmas\u0131 ger\u00e7ekle\u015ftirilecek ve kentten ayr\u0131lacak. \u200bCHP Genel Ba\u015fkan\u0131 \u00d6zg\u00fcr \u00d6zel, tutuklanarak g\u00f6revden uzakla\u015ft\u0131r\u0131lan Antalya B\u00fcy\u00fck\u015fehir Belediye Ba\u015fkan\u0131 Muhittin B\u00f6cek ile Manavgat Belediye Ba\u015fkan\u0131 Niyazi Nefi Kara\u2019ya destek vermek i\u00e7in Antalya&#8217;ya geldi. Bir dizi ziyaret yapacak olan \u00d6zel, ak\u015fam saatlerinde miting d\u00fczenleyecek\u00a0 \u200bHaberin Al\u0131nt\u0131land\u0131\u011f\u0131 Kaynak: www.antalyakorfez.com","og_url":"https:\/\/denizcankizil.tr\/en\/haberler\/gundem\/chp-lideri-ozgur-ozel-antalyada-bugun-aksam-duzenlenecek-olan-mitinge-katilacak\/","og_site_name":"Av. Deniz Can K\u0131z\u0131l","article_published_time":"2025-07-11T09:41:23+00:00","author":"Antalya K\u00f6rfez","twitter_card":"summary_large_image","twitter_misc":{"Written by":"Antalya K\u00f6rfez","Estimated reading time":"1 minute"},"schema":{"@context":"https:\/\/schema.org","@graph":[{"@type":"Article","@id":"https:\/\/denizcankizil.tr\/en\/haberler\/gundem\/chp-lideri-ozgur-ozel-antalyada-bugun-aksam-duzenlenecek-olan-mitinge-katilacak\/#article","isPartOf":{"@id":"https:\/\/denizcankizil.tr\/en\/haberler\/gundem\/chp-lideri-ozgur-ozel-antalyada-bugun-aksam-duzenlenecek-olan-mitinge-katilacak\/"},"author":{"name":"Antalya K\u00f6rfez","@id":"https:\/\/denizcankizil.tr\/#\/schema\/person\/e1eb71bb4dd684d46563f0af307e1234"},"headline":"CHP lideri \u00d6zg\u00fcr \u00d6zel Antalya\u2019da! Bug\u00fcn ak\u015fam d\u00fczenlenecek olan mitinge kat\u0131lacak","datePublished":"2025-07-11T09:41:23+00:00","mainEntityOfPage":{"@id":"https:\/\/denizcankizil.tr\/en\/haberler\/gundem\/chp-lideri-ozgur-ozel-antalyada-bugun-aksam-duzenlenecek-olan-mitinge-katilacak\/"},"wordCount":266,"publisher":{"@id":"https:\/\/denizcankizil.tr\/#organization"},"articleSection":["G\u00fcndem"],"inLanguage":"en-GB"},{"@type":"WebPage","@id":"https:\/\/denizcankizil.tr\/en\/haberler\/gundem\/chp-lideri-ozgur-ozel-antalyada-bugun-aksam-duzenlenecek-olan-mitinge-katilacak\/","url":"https:\/\/denizcankizil.tr\/en\/haberler\/gundem\/chp-lideri-ozgur-ozel-antalyada-bugun-aksam-duzenlenecek-olan-mitinge-katilacak\/","name":"CHP lideri \u00d6zg\u00fcr \u00d6zel Antalya\u2019da! Bug\u00fcn ak\u015fam d\u00fczenlenecek olan mitinge kat\u0131lacak - Av. Deniz Can K\u0131z\u0131l","isPartOf":{"@id":"https:\/\/denizcankizil.tr\/#website"},"datePublished":"2025-07-11T09:41:23+00:00","breadcrumb":{"@id":"https:\/\/denizcankizil.tr\/en\/haberler\/gundem\/chp-lideri-ozgur-ozel-antalyada-bugun-aksam-duzenlenecek-olan-mitinge-katilacak\/#breadcrumb"},"inLanguage":"en-GB","potentialAction":[{"@type":"ReadAction","target":["https:\/\/denizcankizil.tr\/en\/haberler\/gundem\/chp-lideri-ozgur-ozel-antalyada-bugun-aksam-duzenlenecek-olan-mitinge-katilacak\/"]}]},{"@type":"BreadcrumbList","@id":"https:\/\/denizcankizil.tr\/en\/haberler\/gundem\/chp-lideri-ozgur-ozel-antalyada-bugun-aksam-duzenlenecek-olan-mitinge-katilacak\/#breadcrumb","itemListElement":[{"@type":"ListItem","position":1,"name":"Home","item":"https:\/\/denizcankizil.tr\/uk\/"},{"@type":"ListItem","position":2,"name":"CHP lideri \u00d6zg\u00fcr \u00d6zel Antalya\u2019da! Bug\u00fcn ak\u015fam d\u00fczenlenecek olan mitinge kat\u0131lacak"}]},{"@type":"WebSite","@id":"https:\/\/denizcankizil.tr\/#website","url":"https:\/\/denizcankizil.tr\/","name":"Av. Deniz Can K\u0131z\u0131l","description":"Avukat Deniz Can K\u0131z\u0131l Antalya Barosu","publisher":{"@id":"https:\/\/denizcankizil.tr\/#organization"},"potentialAction":[{"@type":"SearchAction","target":{"@type":"EntryPoint","urlTemplate":"https:\/\/denizcankizil.tr\/?s={search_term_string}"},"query-input":{"@type":"PropertyValueSpecification","valueRequired":true,"valueName":"search_term_string"}}],"inLanguage":"en-GB"},{"@type":"Organization","@id":"https:\/\/denizcankizil.tr\/#organization","name":"Av. Deniz Can K\u0131z\u0131l","url":"https:\/\/denizcankizil.tr\/","logo":{"@type":"ImageObject","inLanguage":"en-GB","@id":"https:\/\/denizcankizil.tr\/#\/schema\/logo\/image\/","url":"https:\/\/denizcankizil.tr\/wp-content\/uploads\/2024\/10\/siyah-logo-svg.svg","contentUrl":"https:\/\/denizcankizil.tr\/wp-content\/uploads\/2024\/10\/siyah-logo-svg.svg","width":1080,"height":1080,"caption":"Av. Deniz Can K\u0131z\u0131l"},"image":{"@id":"https:\/\/denizcankizil.tr\/#\/schema\/logo\/image\/"}},{"@type":"Person","@id":"https:\/\/denizcankizil.tr\/#\/schema\/person\/e1eb71bb4dd684d46563f0af307e1234","name":"Antalya K\u00f6rfez","image":{"@type":"ImageObject","inLanguage":"en-GB","@id":"https:\/\/denizcankizil.tr\/#\/schema\/person\/image\/","url":"https:\/\/secure.gravatar.com\/avatar\/42b01982558a48a0b501fdcab6a408d3717ea5919095ee2e67b0e521799c5905?s=96&d=mm&r=g","contentUrl":"https:\/\/secure.gravatar.com\/avatar\/42b01982558a48a0b501fdcab6a408d3717ea5919095ee2e67b0e521799c5905?s=96&d=mm&r=g","caption":"Antalya K\u00f6rfez"},"sameAs":["http:\/\/www.antalyakorfez.com"],"url":"https:\/\/www.antalyakorfez.com\/chp-lideri-ozgur-ozel-antalyada-bugun-aksam-duzenlenecek-olan-mitinge-katilacak"}]}},"_links":{"self":[{"href":"https:\/\/denizcankizil.tr\/en\/wp-json\/wp\/v2\/posts\/142572","targetHints":{"allow":["GET"]}}],"collection":[{"href":"https:\/\/denizcankizil.tr\/en\/wp-json\/wp\/v2\/posts"}],"about":[{"href":"https:\/\/denizcankizil.tr\/en\/wp-json\/wp\/v2\/types\/post"}],"author":[{"embeddable":true,"href":"https:\/\/denizcankizil.tr\/en\/wp-json\/wp\/v2\/users\/5"}],"replies":[{"embeddable":true,"href":"https:\/\/denizcankizil.tr\/en\/wp-json\/wp\/v2\/comments?post=142572"}],"version-history":[{"count":0,"href":"https:\/\/denizcankizil.tr\/en\/wp-json\/wp\/v2\/posts\/142572\/revisions"}],"wp:attachment":[{"href":"https:\/\/denizcankizil.tr\/en\/wp-json\/wp\/v2\/media?parent=142572"}],"wp:term":[{"taxonomy":"category","embeddable":true,"href":"https:\/\/denizcankizil.tr\/en\/wp-json\/wp\/v2\/categories?post=142572"},{"taxonomy":"post_tag","embeddable":true,"href":"https:\/\/denizcankizil.tr\/en\/wp-json\/wp\/v2\/tags?post=142572"}],"curies":[{"name":"wp","href":"https:\/\/api.w.org\/{rel}","templated":true}]}}