{"id":141775,"date":"2025-07-10T16:41:56","date_gmt":"2025-07-10T13:41:56","guid":{"rendered":"https:\/\/denizcankizil.tr\/uncategorized-tr\/baskan-bocekin-yerine-vekalet-edecek-isim-belli-oldu\/"},"modified":"2025-07-10T16:41:56","modified_gmt":"2025-07-10T13:41:56","slug":"baskan-bocekin-yerine-vekalet-edecek-isim-belli-oldu","status":"publish","type":"post","link":"https:\/\/denizcankizil.tr\/en\/haberler\/gundem\/baskan-bocekin-yerine-vekalet-edecek-isim-belli-oldu\/","title":{"rendered":"Ba\u015fkan B\u00f6cek\u2019in yerine vekalet edecek isim belli oldu"},"content":{"rendered":"<p>Antalya B\u00fcy\u00fck\u015fehir Belediye Ba\u015fkan\u0131 Muhittin B\u00f6cek\u2019in tutuklanmas\u0131n\u0131n ard\u0131ndan ba\u015fkanvekilli\u011fi g\u00f6revine Antalya B\u00fcy\u00fck\u015fehir Belediyesi CHP Grup Ba\u015fkanvekili ve Kepez Meclis \u00dcyesi B\u00fc\u015fra \u00d6zdemir getirilece\u011fi \u00f6\u011frenildi.<\/p>\n<p>MUH\u0130TT\u0130N B\u00d6CEK&#8217;\u0130N YER\u0130NE O \u0130S\u0130M GELD\u0130 <\/p>\n<p>5 Temmuz 2025 Cumartesi g\u00fcn\u00fc Antalya B\u00fcy\u00fck\u015fehir Belediye Ba\u015fkan\u0131 Muhittin B\u00f6cek\u2019in tutuklanmas\u0131 sonras\u0131 bo\u015falan ba\u015fkanl\u0131k makam\u0131na vekalet edecek isim belli oldu. CHP Antalya \u0130l Ba\u015fkanl\u0131\u011f\u0131, B\u00f6cek\u2019in yoklu\u011funda ba\u015fkanvekilli\u011fi g\u00f6revini CHP Antalya B\u00fcy\u00fck\u015fehir Belediyesi Grup Ba\u015fkanvekili ve Kepez Belediye Meclis \u00dcyesi B\u00fc\u015fra \u00d6zdemir\u2019in y\u00fcr\u00fctece\u011fini \u00f6\u011frenildi.<\/p>\n<p>\u200bAntalya B\u00fcy\u00fck\u015fehir Belediye Ba\u015fkan\u0131 Muhittin B\u00f6cek\u2019in tutuklanmas\u0131 sonras\u0131 bo\u015falan ba\u015fkanl\u0131k makam\u0131na vekalet edecek isim belli oldu.\u00a0<\/p>\n<p>\u200bHaberin Al\u0131nt\u0131land\u0131\u011f\u0131 Kaynak: www.antalyakorfez.com<\/p>","protected":false},"excerpt":{"rendered":"<p>Antalya B\u00fcy\u00fck\u015fehir Belediye Ba\u015fkan\u0131 Muhittin B\u00f6cek\u2019in tutuklanmas\u0131n\u0131n ard\u0131ndan ba\u015fkanvekilli\u011fi g\u00f6revine Antalya B\u00fcy\u00fck\u015fehir Belediyesi CHP Grup Ba\u015fkanvekili ve Kepez Meclis \u00dcyesi B\u00fc\u015fra \u00d6zdemir getirilece\u011fi \u00f6\u011frenildi. MUH\u0130TT\u0130N B\u00d6CEK&#8217;\u0130N YER\u0130NE O \u0130S\u0130M GELD\u0130 5 Temmuz 2025 Cumartesi g\u00fcn\u00fc Antalya B\u00fcy\u00fck\u015fehir Belediye Ba\u015fkan\u0131 Muhittin B\u00f6cek\u2019in tutuklanmas\u0131 sonras\u0131 bo\u015falan ba\u015fkanl\u0131k makam\u0131na vekalet edecek isim belli oldu. CHP Antalya \u0130l Ba\u015fkanl\u0131\u011f\u0131, B\u00f6cek\u2019in yoklu\u011funda ba\u015fkanvekilli\u011fi g\u00f6revini CHP Antalya B\u00fcy\u00fck\u015fehir Belediyesi Grup Ba\u015fkanvekili ve Kepez Belediye Meclis \u00dcyesi B\u00fc\u015fra \u00d6zdemir\u2019in y\u00fcr\u00fctece\u011fini \u00f6\u011frenildi. \u200bAntalya B\u00fcy\u00fck\u015fehir Belediye Ba\u015fkan\u0131 Muhittin B\u00f6cek\u2019in tutuklanmas\u0131 sonras\u0131 bo\u015falan ba\u015fkanl\u0131k makam\u0131na vekalet edecek isim belli oldu.\u00a0 \u200bHaberin Al\u0131nt\u0131land\u0131\u011f\u0131 Kaynak: www.antalyakorfez.com<\/p>","protected":false},"author":5,"featured_media":0,"comment_status":"","ping_status":"open","sticky":false,"template":"","format":"standard","meta":{"_acf_changed":false,"footnotes":""},"categories":[24],"tags":[],"class_list":["post-141775","post","type-post","status-publish","format-standard","has-post-thumbnail","hentry","category-gundem"],"acf":[],"yoast_head":"<!-- This site is optimized with the Yoast SEO Premium plugin v26.6 (Yoast SEO v27.1.1) - https:\/\/yoast.com\/product\/yoast-seo-premium-wordpress\/ -->\n<title>Ba\u015fkan B\u00f6cek\u2019in yerine vekalet edecek isim belli oldu - Av. Deniz Can K\u0131z\u0131l<\/title>\n<meta name=\"robots\" content=\"index, follow, max-snippet:-1, max-image-preview:large, max-video-preview:-1\" \/>\n<link rel=\"canonical\" href=\"https:\/\/denizcankizil.tr\/en\/haberler\/gundem\/baskan-bocekin-yerine-vekalet-edecek-isim-belli-oldu\/\" \/>\n<meta property=\"og:locale\" content=\"en_GB\" \/>\n<meta property=\"og:type\" content=\"article\" \/>\n<meta property=\"og:title\" content=\"Ba\u015fkan B\u00f6cek\u2019in yerine vekalet edecek isim belli oldu\" \/>\n<meta property=\"og:description\" content=\"Antalya B\u00fcy\u00fck\u015fehir Belediye Ba\u015fkan\u0131 Muhittin B\u00f6cek\u2019in tutuklanmas\u0131n\u0131n ard\u0131ndan ba\u015fkanvekilli\u011fi g\u00f6revine Antalya B\u00fcy\u00fck\u015fehir Belediyesi CHP Grup Ba\u015fkanvekili ve Kepez Meclis \u00dcyesi B\u00fc\u015fra \u00d6zdemir getirilece\u011fi \u00f6\u011frenildi. MUH\u0130TT\u0130N B\u00d6CEK&#8217;\u0130N YER\u0130NE O \u0130S\u0130M GELD\u0130 5 Temmuz 2025 Cumartesi g\u00fcn\u00fc Antalya B\u00fcy\u00fck\u015fehir Belediye Ba\u015fkan\u0131 Muhittin B\u00f6cek\u2019in tutuklanmas\u0131 sonras\u0131 bo\u015falan ba\u015fkanl\u0131k makam\u0131na vekalet edecek isim belli oldu. CHP Antalya \u0130l Ba\u015fkanl\u0131\u011f\u0131, B\u00f6cek\u2019in yoklu\u011funda ba\u015fkanvekilli\u011fi g\u00f6revini CHP Antalya B\u00fcy\u00fck\u015fehir Belediyesi Grup Ba\u015fkanvekili ve Kepez Belediye Meclis \u00dcyesi B\u00fc\u015fra \u00d6zdemir\u2019in y\u00fcr\u00fctece\u011fini \u00f6\u011frenildi. \u200bAntalya B\u00fcy\u00fck\u015fehir Belediye Ba\u015fkan\u0131 Muhittin B\u00f6cek\u2019in tutuklanmas\u0131 sonras\u0131 bo\u015falan ba\u015fkanl\u0131k makam\u0131na vekalet edecek isim belli oldu.\u00a0 \u200bHaberin Al\u0131nt\u0131land\u0131\u011f\u0131 Kaynak: www.antalyakorfez.com\" \/>\n<meta property=\"og:url\" content=\"https:\/\/denizcankizil.tr\/en\/haberler\/gundem\/baskan-bocekin-yerine-vekalet-edecek-isim-belli-oldu\/\" \/>\n<meta property=\"og:site_name\" content=\"Av. Deniz Can K\u0131z\u0131l\" \/>\n<meta property=\"article:published_time\" content=\"2025-07-10T13:41:56+00:00\" \/>\n<meta name=\"author\" content=\"Antalya K\u00f6rfez\" \/>\n<meta name=\"twitter:card\" content=\"summary_large_image\" \/>\n<meta name=\"twitter:label1\" content=\"Written by\" \/>\n\t<meta name=\"twitter:data1\" content=\"Antalya K\u00f6rfez\" \/>\n\t<meta name=\"twitter:label2\" content=\"Estimated reading time\" \/>\n\t<meta name=\"twitter:data2\" content=\"1 minute\" \/>\n<script type=\"application\/ld+json\" class=\"yoast-schema-graph\">{\"@context\":\"https:\/\/schema.org\",\"@graph\":[{\"@type\":\"Article\",\"@id\":\"https:\/\/denizcankizil.tr\/de\/haberler\/gundem\/baskan-bocekin-yerine-vekalet-edecek-isim-belli-oldu\/#article\",\"isPartOf\":{\"@id\":\"https:\/\/denizcankizil.tr\/de\/haberler\/gundem\/baskan-bocekin-yerine-vekalet-edecek-isim-belli-oldu\/\"},\"author\":{\"name\":\"Antalya K\u00f6rfez\",\"@id\":\"https:\/\/denizcankizil.tr\/de\/#\/schema\/person\/e1eb71bb4dd684d46563f0af307e1234\"},\"headline\":\"Ba\u015fkan B\u00f6cek\u2019in yerine vekalet edecek isim belli oldu\",\"datePublished\":\"2025-07-10T13:41:56+00:00\",\"mainEntityOfPage\":{\"@id\":\"https:\/\/denizcankizil.tr\/de\/haberler\/gundem\/baskan-bocekin-yerine-vekalet-edecek-isim-belli-oldu\/\"},\"wordCount\":168,\"publisher\":{\"@id\":\"https:\/\/denizcankizil.tr\/de\/#organization\"},\"articleSection\":[\"G\u00fcndem\"],\"inLanguage\":\"en-GB\"},{\"@type\":\"WebPage\",\"@id\":\"https:\/\/denizcankizil.tr\/de\/haberler\/gundem\/baskan-bocekin-yerine-vekalet-edecek-isim-belli-oldu\/\",\"url\":\"https:\/\/denizcankizil.tr\/de\/haberler\/gundem\/baskan-bocekin-yerine-vekalet-edecek-isim-belli-oldu\/\",\"name\":\"Ba\u015fkan B\u00f6cek\u2019in yerine vekalet edecek isim belli oldu - Av. Deniz Can K\u0131z\u0131l\",\"isPartOf\":{\"@id\":\"https:\/\/denizcankizil.tr\/de\/#website\"},\"datePublished\":\"2025-07-10T13:41:56+00:00\",\"breadcrumb\":{\"@id\":\"https:\/\/denizcankizil.tr\/de\/haberler\/gundem\/baskan-bocekin-yerine-vekalet-edecek-isim-belli-oldu\/#breadcrumb\"},\"inLanguage\":\"en-GB\",\"potentialAction\":[{\"@type\":\"ReadAction\",\"target\":[\"https:\/\/denizcankizil.tr\/de\/haberler\/gundem\/baskan-bocekin-yerine-vekalet-edecek-isim-belli-oldu\/\"]}]},{\"@type\":\"BreadcrumbList\",\"@id\":\"https:\/\/denizcankizil.tr\/de\/haberler\/gundem\/baskan-bocekin-yerine-vekalet-edecek-isim-belli-oldu\/#breadcrumb\",\"itemListElement\":[{\"@type\":\"ListItem\",\"position\":1,\"name\":\"Home\",\"item\":\"https:\/\/denizcankizil.tr\/de\/\"},{\"@type\":\"ListItem\",\"position\":2,\"name\":\"Ba\u015fkan B\u00f6cek\u2019in yerine vekalet edecek isim belli oldu\"}]},{\"@type\":\"WebSite\",\"@id\":\"https:\/\/denizcankizil.tr\/de\/#website\",\"url\":\"https:\/\/denizcankizil.tr\/de\/\",\"name\":\"Av. Deniz Can K\u0131z\u0131l\",\"description\":\"Avukat Deniz Can K\u0131z\u0131l Antalya Barosu\",\"publisher\":{\"@id\":\"https:\/\/denizcankizil.tr\/de\/#organization\"},\"potentialAction\":[{\"@type\":\"SearchAction\",\"target\":{\"@type\":\"EntryPoint\",\"urlTemplate\":\"https:\/\/denizcankizil.tr\/de\/?s={search_term_string}\"},\"query-input\":{\"@type\":\"PropertyValueSpecification\",\"valueRequired\":true,\"valueName\":\"search_term_string\"}}],\"inLanguage\":\"en-GB\"},{\"@type\":\"Organization\",\"@id\":\"https:\/\/denizcankizil.tr\/de\/#organization\",\"name\":\"Av. Deniz Can K\u0131z\u0131l\",\"url\":\"https:\/\/denizcankizil.tr\/de\/\",\"logo\":{\"@type\":\"ImageObject\",\"inLanguage\":\"en-GB\",\"@id\":\"https:\/\/denizcankizil.tr\/de\/#\/schema\/logo\/image\/\",\"url\":\"https:\/\/denizcankizil.tr\/wp-content\/uploads\/2024\/10\/siyah-logo-svg.svg\",\"contentUrl\":\"https:\/\/denizcankizil.tr\/wp-content\/uploads\/2024\/10\/siyah-logo-svg.svg\",\"width\":1080,\"height\":1080,\"caption\":\"Av. Deniz Can K\u0131z\u0131l\"},\"image\":{\"@id\":\"https:\/\/denizcankizil.tr\/de\/#\/schema\/logo\/image\/\"}},{\"@type\":\"Person\",\"@id\":\"https:\/\/denizcankizil.tr\/de\/#\/schema\/person\/e1eb71bb4dd684d46563f0af307e1234\",\"name\":\"Antalya K\u00f6rfez\",\"image\":{\"@type\":\"ImageObject\",\"inLanguage\":\"en-GB\",\"@id\":\"https:\/\/denizcankizil.tr\/de\/#\/schema\/person\/image\/\",\"url\":\"https:\/\/secure.gravatar.com\/avatar\/42b01982558a48a0b501fdcab6a408d3717ea5919095ee2e67b0e521799c5905?s=96&d=mm&r=g\",\"contentUrl\":\"https:\/\/secure.gravatar.com\/avatar\/42b01982558a48a0b501fdcab6a408d3717ea5919095ee2e67b0e521799c5905?s=96&d=mm&r=g\",\"caption\":\"Antalya K\u00f6rfez\"},\"sameAs\":[\"http:\/\/www.antalyakorfez.com\"],\"url\":\"https:\/\/www.antalyakorfez.com\/baskan-bocekin-yerine-vekalet-edecek-isim-belli-oldu\"}]}<\/script>\n<!-- \/ Yoast SEO Premium plugin. -->","yoast_head_json":{"title":"Ba\u015fkan B\u00f6cek\u2019in yerine vekalet edecek isim belli oldu - Av. Deniz Can K\u0131z\u0131l","robots":{"index":"index","follow":"follow","max-snippet":"max-snippet:-1","max-image-preview":"max-image-preview:large","max-video-preview":"max-video-preview:-1"},"canonical":"https:\/\/denizcankizil.tr\/en\/haberler\/gundem\/baskan-bocekin-yerine-vekalet-edecek-isim-belli-oldu\/","og_locale":"en_GB","og_type":"article","og_title":"Ba\u015fkan B\u00f6cek\u2019in yerine vekalet edecek isim belli oldu","og_description":"Antalya B\u00fcy\u00fck\u015fehir Belediye Ba\u015fkan\u0131 Muhittin B\u00f6cek\u2019in tutuklanmas\u0131n\u0131n ard\u0131ndan ba\u015fkanvekilli\u011fi g\u00f6revine Antalya B\u00fcy\u00fck\u015fehir Belediyesi CHP Grup Ba\u015fkanvekili ve Kepez Meclis \u00dcyesi B\u00fc\u015fra \u00d6zdemir getirilece\u011fi \u00f6\u011frenildi. MUH\u0130TT\u0130N B\u00d6CEK&#8217;\u0130N YER\u0130NE O \u0130S\u0130M GELD\u0130 5 Temmuz 2025 Cumartesi g\u00fcn\u00fc Antalya B\u00fcy\u00fck\u015fehir Belediye Ba\u015fkan\u0131 Muhittin B\u00f6cek\u2019in tutuklanmas\u0131 sonras\u0131 bo\u015falan ba\u015fkanl\u0131k makam\u0131na vekalet edecek isim belli oldu. CHP Antalya \u0130l Ba\u015fkanl\u0131\u011f\u0131, B\u00f6cek\u2019in yoklu\u011funda ba\u015fkanvekilli\u011fi g\u00f6revini CHP Antalya B\u00fcy\u00fck\u015fehir Belediyesi Grup Ba\u015fkanvekili ve Kepez Belediye Meclis \u00dcyesi B\u00fc\u015fra \u00d6zdemir\u2019in y\u00fcr\u00fctece\u011fini \u00f6\u011frenildi. \u200bAntalya B\u00fcy\u00fck\u015fehir Belediye Ba\u015fkan\u0131 Muhittin B\u00f6cek\u2019in tutuklanmas\u0131 sonras\u0131 bo\u015falan ba\u015fkanl\u0131k makam\u0131na vekalet edecek isim belli oldu.\u00a0 \u200bHaberin Al\u0131nt\u0131land\u0131\u011f\u0131 Kaynak: www.antalyakorfez.com","og_url":"https:\/\/denizcankizil.tr\/en\/haberler\/gundem\/baskan-bocekin-yerine-vekalet-edecek-isim-belli-oldu\/","og_site_name":"Av. Deniz Can K\u0131z\u0131l","article_published_time":"2025-07-10T13:41:56+00:00","author":"Antalya K\u00f6rfez","twitter_card":"summary_large_image","twitter_misc":{"Written by":"Antalya K\u00f6rfez","Estimated reading time":"1 minute"},"schema":{"@context":"https:\/\/schema.org","@graph":[{"@type":"Article","@id":"https:\/\/denizcankizil.tr\/de\/haberler\/gundem\/baskan-bocekin-yerine-vekalet-edecek-isim-belli-oldu\/#article","isPartOf":{"@id":"https:\/\/denizcankizil.tr\/de\/haberler\/gundem\/baskan-bocekin-yerine-vekalet-edecek-isim-belli-oldu\/"},"author":{"name":"Antalya K\u00f6rfez","@id":"https:\/\/denizcankizil.tr\/de\/#\/schema\/person\/e1eb71bb4dd684d46563f0af307e1234"},"headline":"Ba\u015fkan B\u00f6cek\u2019in yerine vekalet edecek isim belli oldu","datePublished":"2025-07-10T13:41:56+00:00","mainEntityOfPage":{"@id":"https:\/\/denizcankizil.tr\/de\/haberler\/gundem\/baskan-bocekin-yerine-vekalet-edecek-isim-belli-oldu\/"},"wordCount":168,"publisher":{"@id":"https:\/\/denizcankizil.tr\/de\/#organization"},"articleSection":["G\u00fcndem"],"inLanguage":"en-GB"},{"@type":"WebPage","@id":"https:\/\/denizcankizil.tr\/de\/haberler\/gundem\/baskan-bocekin-yerine-vekalet-edecek-isim-belli-oldu\/","url":"https:\/\/denizcankizil.tr\/de\/haberler\/gundem\/baskan-bocekin-yerine-vekalet-edecek-isim-belli-oldu\/","name":"Ba\u015fkan B\u00f6cek\u2019in yerine vekalet edecek isim belli oldu - Av. Deniz Can K\u0131z\u0131l","isPartOf":{"@id":"https:\/\/denizcankizil.tr\/de\/#website"},"datePublished":"2025-07-10T13:41:56+00:00","breadcrumb":{"@id":"https:\/\/denizcankizil.tr\/de\/haberler\/gundem\/baskan-bocekin-yerine-vekalet-edecek-isim-belli-oldu\/#breadcrumb"},"inLanguage":"en-GB","potentialAction":[{"@type":"ReadAction","target":["https:\/\/denizcankizil.tr\/de\/haberler\/gundem\/baskan-bocekin-yerine-vekalet-edecek-isim-belli-oldu\/"]}]},{"@type":"BreadcrumbList","@id":"https:\/\/denizcankizil.tr\/de\/haberler\/gundem\/baskan-bocekin-yerine-vekalet-edecek-isim-belli-oldu\/#breadcrumb","itemListElement":[{"@type":"ListItem","position":1,"name":"Home","item":"https:\/\/denizcankizil.tr\/de\/"},{"@type":"ListItem","position":2,"name":"Ba\u015fkan B\u00f6cek\u2019in yerine vekalet edecek isim belli oldu"}]},{"@type":"WebSite","@id":"https:\/\/denizcankizil.tr\/de\/#website","url":"https:\/\/denizcankizil.tr\/de\/","name":"Av. Deniz Can K\u0131z\u0131l","description":"Avukat Deniz Can K\u0131z\u0131l Antalya Barosu","publisher":{"@id":"https:\/\/denizcankizil.tr\/de\/#organization"},"potentialAction":[{"@type":"SearchAction","target":{"@type":"EntryPoint","urlTemplate":"https:\/\/denizcankizil.tr\/de\/?s={search_term_string}"},"query-input":{"@type":"PropertyValueSpecification","valueRequired":true,"valueName":"search_term_string"}}],"inLanguage":"en-GB"},{"@type":"Organization","@id":"https:\/\/denizcankizil.tr\/de\/#organization","name":"Av. Deniz Can K\u0131z\u0131l","url":"https:\/\/denizcankizil.tr\/de\/","logo":{"@type":"ImageObject","inLanguage":"en-GB","@id":"https:\/\/denizcankizil.tr\/de\/#\/schema\/logo\/image\/","url":"https:\/\/denizcankizil.tr\/wp-content\/uploads\/2024\/10\/siyah-logo-svg.svg","contentUrl":"https:\/\/denizcankizil.tr\/wp-content\/uploads\/2024\/10\/siyah-logo-svg.svg","width":1080,"height":1080,"caption":"Av. Deniz Can K\u0131z\u0131l"},"image":{"@id":"https:\/\/denizcankizil.tr\/de\/#\/schema\/logo\/image\/"}},{"@type":"Person","@id":"https:\/\/denizcankizil.tr\/de\/#\/schema\/person\/e1eb71bb4dd684d46563f0af307e1234","name":"Antalya K\u00f6rfez","image":{"@type":"ImageObject","inLanguage":"en-GB","@id":"https:\/\/denizcankizil.tr\/de\/#\/schema\/person\/image\/","url":"https:\/\/secure.gravatar.com\/avatar\/42b01982558a48a0b501fdcab6a408d3717ea5919095ee2e67b0e521799c5905?s=96&d=mm&r=g","contentUrl":"https:\/\/secure.gravatar.com\/avatar\/42b01982558a48a0b501fdcab6a408d3717ea5919095ee2e67b0e521799c5905?s=96&d=mm&r=g","caption":"Antalya K\u00f6rfez"},"sameAs":["http:\/\/www.antalyakorfez.com"],"url":"https:\/\/www.antalyakorfez.com\/baskan-bocekin-yerine-vekalet-edecek-isim-belli-oldu"}]}},"_links":{"self":[{"href":"https:\/\/denizcankizil.tr\/en\/wp-json\/wp\/v2\/posts\/141775","targetHints":{"allow":["GET"]}}],"collection":[{"href":"https:\/\/denizcankizil.tr\/en\/wp-json\/wp\/v2\/posts"}],"about":[{"href":"https:\/\/denizcankizil.tr\/en\/wp-json\/wp\/v2\/types\/post"}],"author":[{"embeddable":true,"href":"https:\/\/denizcankizil.tr\/en\/wp-json\/wp\/v2\/users\/5"}],"replies":[{"embeddable":true,"href":"https:\/\/denizcankizil.tr\/en\/wp-json\/wp\/v2\/comments?post=141775"}],"version-history":[{"count":0,"href":"https:\/\/denizcankizil.tr\/en\/wp-json\/wp\/v2\/posts\/141775\/revisions"}],"wp:attachment":[{"href":"https:\/\/denizcankizil.tr\/en\/wp-json\/wp\/v2\/media?parent=141775"}],"wp:term":[{"taxonomy":"category","embeddable":true,"href":"https:\/\/denizcankizil.tr\/en\/wp-json\/wp\/v2\/categories?post=141775"},{"taxonomy":"post_tag","embeddable":true,"href":"https:\/\/denizcankizil.tr\/en\/wp-json\/wp\/v2\/tags?post=141775"}],"curies":[{"name":"wp","href":"https:\/\/api.w.org\/{rel}","templated":true}]}}