{"id":140984,"date":"2025-07-09T20:41:17","date_gmt":"2025-07-09T17:41:17","guid":{"rendered":"https:\/\/denizcankizil.tr\/uncategorized-tr\/prof-dr-havva-iskandan-muze-cikisi-burasi-bir-bilim-laboratuvari-yikmayin-baska-cozumler-de-var\/"},"modified":"2025-07-09T20:41:17","modified_gmt":"2025-07-09T17:41:17","slug":"prof-dr-havva-iskandan-muze-cikisi-burasi-bir-bilim-laboratuvari-yikmayin-baska-cozumler-de-var","status":"publish","type":"post","link":"https:\/\/denizcankizil.tr\/en\/haberler\/gundem\/prof-dr-havva-iskandan-muze-cikisi-burasi-bir-bilim-laboratuvari-yikmayin-baska-cozumler-de-var\/","title":{"rendered":"Prof. Dr. Havva \u0130\u015fkan\u2019dan m\u00fcze \u00e7\u0131k\u0131\u015f\u0131: \u201cBuras\u0131 bir bilim laboratuvar\u0131, y\u0131kmay\u0131n, ba\u015fka \u00e7\u00f6z\u00fcmler de var!\u201d"},"content":{"rendered":"<p>\u00d6nceki d\u00f6nem Patara Kaz\u0131 Ba\u015fkan\u0131 olan Piri Reis \u00dcniversitesi Denizcilik Tarihi Uygulama ve Ara\u015ft\u0131rma Merkezi M\u00fcd\u00fcr\u00fc Arkeolog Prof. Dr. Havva \u0130\u015fkan, y\u0131k\u0131lmas\u0131 g\u00fcndemde olan Antalya Arkeoloji M\u00fczesi binas\u0131n\u0131n korunarak ya\u015fat\u0131lmas\u0131n\u0131 istedi.<\/p>\n<p>\u2018ORADA JENERASYONLARIN EME\u011e\u0130 VAR, YIKMAYIN\u2019<\/p>\n<p>Sosyal medya hesab\u0131nda yapt\u0131\u011f\u0131 payla\u015f\u0131mda, Perge ve Side\u2019de yapt\u0131\u011f\u0131 kaz\u0131larla Antalya M\u00fczesi\u2019de bir\u00e7ok arkeolojik eser kazand\u0131ran Prof. Dr. Jale \u0130nan\u2019\u0131 (1914-2001) da anan \u0130\u015fkan, \u201cOrada jenerasyonlar\u0131n eme\u011fi var, y\u0131kmay\u0131n\u201d ifadesini kulland\u0131.<\/p>\n<p>\u2018M\u00dcZEDE 30 YIL BOYUNCA DERSLER VERD\u0130M\u2019<\/p>\n<p>Konuyla ilgili sorular\u0131m\u0131z\u0131 yan\u0131tlayan Prof. Dr. Havva \u0130\u015fkan, Antalya Arkeoloji M\u00fczesi\u2019nin mevcut binas\u0131n\u0131n ihtiyac\u0131 kar\u015f\u0131lama konusunda yetersiz kald\u0131\u011f\u0131n\u0131 ve y\u0131llard\u0131r yeni bir binaya ihtiya\u00e7 duyuldu\u011funu, ancak mevcut binan\u0131n da g\u00fc\u00e7lendirilerek korunmas\u0131 gerekti\u011fini s\u00f6yledi. Mevcut m\u00fcze binas\u0131nda 30 y\u0131l boyunca binlerce \u00f6\u011frenciye Roma d\u00f6nemi heykel dersleri verdi\u011fini dile getiren \u0130\u015fkan, binaya sonradan yap\u0131lan eklentilerin kald\u0131r\u0131larak projeye uygun \u015fekilde g\u00fc\u00e7lendirilip korunabilece\u011fini belirtti.<\/p>\n<p>KENT HAFIZASI \u0130\u00c7\u0130N \u00d6NEML\u0130<\/p>\n<p>Antalya K\u00f6rfez Gazetesi muhabiri Ertu\u011frul G\u00fcn&#8217;\u00fcn haberine g\u00f6re; mevcut m\u00fcze binas\u0131n\u0131n \u00f6nemi ve korunmas\u0131yla ilgili d\u00fc\u015f\u00fcncelerini 16 May\u0131s 2025 tarihinde Antalya M\u00fczesi\u2019nde d\u00fczenlenen \u2018Patara Deniz Fenerinin Ke\u015fif, Kaz\u0131 ve Restorasyon S\u00fcreci\u2019 konulu etkinlikte de dile getirdi\u011fini s\u00f6yleyen \u0130\u015fkan, m\u00fczenin kent haf\u0131zas\u0131 ve arkeoloji camias\u0131 i\u00e7in \u00f6neminin alt\u0131n\u0131 \u00e7izdi.<\/p>\n<p>YEN\u0130 M\u00dcZE M\u00dcZAKERE \u0130LE YAPILMALI<\/p>\n<p>Yeni m\u00fcze binas\u0131 i\u00e7in biti\u015fikteki Karayollar\u0131 arazisinin de y\u0131llard\u0131r g\u00fcndemde oldu\u011funu dile getiren Prof. Dr. Havva \u0130\u015fkan, projenin kent kamuoyu ve ilgili payda\u015flarla m\u00fczakere edilerek hayata ge\u00e7irilmesi gerekti\u011finin alt\u0131n\u0131 \u00e7izerek, \u201cYeni m\u00fcze binas\u0131n\u0131n iklim krizi ve kurakl\u0131k ger\u00e7e\u011fi de g\u00f6zetilerek mutlaka ye\u015fil bina olarak in\u015fa edilmesi gerekir. Antalya\u2019ya bu yak\u0131\u015f\u0131r\u201d dedi.<\/p>\n<p>ANTALYA ARKEOLOJ\u0130 TAR\u0130H\u0130 M\u00dcZES\u0130 \u00d6NER\u0130S\u0130<\/p>\n<p>Antalya\u2019n\u0131n bir arkeoloji tarihi m\u00fczesine de ihtiyac\u0131 oldu\u011funa i\u015faret eden \u0130\u015fkan, mevcut m\u00fcze binas\u0131n\u0131n g\u00fc\u00e7lendirilerek bu ama\u00e7la da kullan\u0131labilece\u011fini dile getirdi. \u0130talyan i\u015fgali d\u00f6neminden g\u00fcn\u00fcm\u00fcze kadar Antalya M\u00fczesi\u2019nin kurulu\u015f ve geli\u015fme \u00f6yk\u00fcs\u00fcn\u00fcn de kentin arkeoloji tarihinin \u00f6nemli bir kesiti oldu\u011funu s\u00f6yleyen \u0130\u015fkan, t\u00fcm bu a\u015famalar\u0131n yans\u0131t\u0131laca\u011f\u0131 bir m\u00fcze hayali oldu\u011funu dile getirdi.<\/p>\n<p>\u200bUzun y\u0131llar Akdeniz \u00dcniversitesi\u2019nde arkeoloji dersleri veren Prof. Dr. Havva \u0130\u015fkan, depreme dayan\u0131ks\u0131z oldu\u011fu gerek\u00e7esiyle y\u0131k\u0131lmas\u0131 g\u00fcndeme gelen Antalya Arkeoloji M\u00fczesi\u2019nin korunarak ya\u015fat\u0131lmas\u0131 \u00e7a\u011fr\u0131s\u0131nda bulundu. M\u00fcze binas\u0131n\u0131n \u00f6\u011frenciler ve meslek insanlar\u0131 i\u00e7in bilim laboratuvar\u0131 niteli\u011finde oldu\u011funu vurgulayan \u0130\u015fkan, \u201cY\u0131kmay\u0131n, ba\u015fka \u00e7\u00f6z\u00fcmler de var\u201d dedi.\u00a0<\/p>\n<p>\u200bHaberin Al\u0131nt\u0131land\u0131\u011f\u0131 Kaynak: www.antalyakorfez.com<\/p>","protected":false},"excerpt":{"rendered":"<p>\u00d6nceki d\u00f6nem Patara Kaz\u0131 Ba\u015fkan\u0131 olan Piri Reis \u00dcniversitesi Denizcilik Tarihi Uygulama ve Ara\u015ft\u0131rma Merkezi M\u00fcd\u00fcr\u00fc Arkeolog Prof. Dr. Havva \u0130\u015fkan, y\u0131k\u0131lmas\u0131 g\u00fcndemde olan Antalya Arkeoloji M\u00fczesi binas\u0131n\u0131n korunarak ya\u015fat\u0131lmas\u0131n\u0131 istedi. \u2018ORADA JENERASYONLARIN EME\u011e\u0130 VAR, YIKMAYIN\u2019 Sosyal medya hesab\u0131nda yapt\u0131\u011f\u0131 payla\u015f\u0131mda, Perge ve Side\u2019de yapt\u0131\u011f\u0131 kaz\u0131larla Antalya M\u00fczesi\u2019de bir\u00e7ok arkeolojik eser kazand\u0131ran Prof. Dr. Jale \u0130nan\u2019\u0131 (1914-2001) da anan \u0130\u015fkan, \u201cOrada jenerasyonlar\u0131n eme\u011fi var, y\u0131kmay\u0131n\u201d ifadesini kulland\u0131. \u2018M\u00dcZEDE 30 YIL BOYUNCA DERSLER VERD\u0130M\u2019 Konuyla ilgili sorular\u0131m\u0131z\u0131 yan\u0131tlayan Prof. Dr. Havva \u0130\u015fkan, Antalya Arkeoloji M\u00fczesi\u2019nin mevcut binas\u0131n\u0131n ihtiyac\u0131 kar\u015f\u0131lama konusunda yetersiz kald\u0131\u011f\u0131n\u0131 ve y\u0131llard\u0131r yeni bir binaya ihtiya\u00e7 duyuldu\u011funu, ancak mevcut binan\u0131n da g\u00fc\u00e7lendirilerek korunmas\u0131 gerekti\u011fini s\u00f6yledi. Mevcut m\u00fcze binas\u0131nda 30 y\u0131l boyunca binlerce \u00f6\u011frenciye Roma d\u00f6nemi heykel dersleri verdi\u011fini dile getiren \u0130\u015fkan, binaya sonradan yap\u0131lan eklentilerin kald\u0131r\u0131larak projeye uygun \u015fekilde g\u00fc\u00e7lendirilip korunabilece\u011fini belirtti. KENT HAFIZASI \u0130\u00c7\u0130N \u00d6NEML\u0130 Antalya K\u00f6rfez Gazetesi muhabiri Ertu\u011frul G\u00fcn&#8217;\u00fcn haberine g\u00f6re; mevcut m\u00fcze binas\u0131n\u0131n \u00f6nemi ve korunmas\u0131yla ilgili d\u00fc\u015f\u00fcncelerini 16 May\u0131s 2025 tarihinde Antalya M\u00fczesi\u2019nde d\u00fczenlenen \u2018Patara Deniz Fenerinin Ke\u015fif, Kaz\u0131 ve Restorasyon S\u00fcreci\u2019 konulu etkinlikte de dile getirdi\u011fini s\u00f6yleyen \u0130\u015fkan, m\u00fczenin kent haf\u0131zas\u0131 ve arkeoloji camias\u0131 i\u00e7in \u00f6neminin alt\u0131n\u0131 \u00e7izdi. YEN\u0130 M\u00dcZE M\u00dcZAKERE \u0130LE YAPILMALI Yeni m\u00fcze binas\u0131 i\u00e7in biti\u015fikteki Karayollar\u0131 arazisinin de y\u0131llard\u0131r g\u00fcndemde &hellip;<\/p>","protected":false},"author":5,"featured_media":0,"comment_status":"","ping_status":"open","sticky":false,"template":"","format":"standard","meta":{"_acf_changed":false,"footnotes":""},"categories":[24],"tags":[],"class_list":["post-140984","post","type-post","status-publish","format-standard","has-post-thumbnail","hentry","category-gundem"],"acf":[],"yoast_head":"<!-- This site is optimized with the Yoast SEO Premium plugin v26.6 (Yoast SEO v27.1.1) - https:\/\/yoast.com\/product\/yoast-seo-premium-wordpress\/ -->\n<title>Prof. Dr. Havva \u0130\u015fkan\u2019dan m\u00fcze \u00e7\u0131k\u0131\u015f\u0131: \u201cBuras\u0131 bir bilim laboratuvar\u0131, y\u0131kmay\u0131n, ba\u015fka \u00e7\u00f6z\u00fcmler de var!\u201d - Av. Deniz Can K\u0131z\u0131l<\/title>\n<meta name=\"robots\" content=\"index, follow, max-snippet:-1, max-image-preview:large, max-video-preview:-1\" \/>\n<link rel=\"canonical\" href=\"https:\/\/denizcankizil.tr\/en\/haberler\/gundem\/prof-dr-havva-iskandan-muze-cikisi-burasi-bir-bilim-laboratuvari-yikmayin-baska-cozumler-de-var\/\" \/>\n<meta property=\"og:locale\" content=\"en_GB\" \/>\n<meta property=\"og:type\" content=\"article\" \/>\n<meta property=\"og:title\" content=\"Prof. Dr. Havva \u0130\u015fkan\u2019dan m\u00fcze \u00e7\u0131k\u0131\u015f\u0131: \u201cBuras\u0131 bir bilim laboratuvar\u0131, y\u0131kmay\u0131n, ba\u015fka \u00e7\u00f6z\u00fcmler de var!\u201d\" \/>\n<meta property=\"og:description\" content=\"\u00d6nceki d\u00f6nem Patara Kaz\u0131 Ba\u015fkan\u0131 olan Piri Reis \u00dcniversitesi Denizcilik Tarihi Uygulama ve Ara\u015ft\u0131rma Merkezi M\u00fcd\u00fcr\u00fc Arkeolog Prof. Dr. Havva \u0130\u015fkan, y\u0131k\u0131lmas\u0131 g\u00fcndemde olan Antalya Arkeoloji M\u00fczesi binas\u0131n\u0131n korunarak ya\u015fat\u0131lmas\u0131n\u0131 istedi. \u2018ORADA JENERASYONLARIN EME\u011e\u0130 VAR, YIKMAYIN\u2019 Sosyal medya hesab\u0131nda yapt\u0131\u011f\u0131 payla\u015f\u0131mda, Perge ve Side\u2019de yapt\u0131\u011f\u0131 kaz\u0131larla Antalya M\u00fczesi\u2019de bir\u00e7ok arkeolojik eser kazand\u0131ran Prof. Dr. Jale \u0130nan\u2019\u0131 (1914-2001) da anan \u0130\u015fkan, \u201cOrada jenerasyonlar\u0131n eme\u011fi var, y\u0131kmay\u0131n\u201d ifadesini kulland\u0131. \u2018M\u00dcZEDE 30 YIL BOYUNCA DERSLER VERD\u0130M\u2019 Konuyla ilgili sorular\u0131m\u0131z\u0131 yan\u0131tlayan Prof. Dr. Havva \u0130\u015fkan, Antalya Arkeoloji M\u00fczesi\u2019nin mevcut binas\u0131n\u0131n ihtiyac\u0131 kar\u015f\u0131lama konusunda yetersiz kald\u0131\u011f\u0131n\u0131 ve y\u0131llard\u0131r yeni bir binaya ihtiya\u00e7 duyuldu\u011funu, ancak mevcut binan\u0131n da g\u00fc\u00e7lendirilerek korunmas\u0131 gerekti\u011fini s\u00f6yledi. Mevcut m\u00fcze binas\u0131nda 30 y\u0131l boyunca binlerce \u00f6\u011frenciye Roma d\u00f6nemi heykel dersleri verdi\u011fini dile getiren \u0130\u015fkan, binaya sonradan yap\u0131lan eklentilerin kald\u0131r\u0131larak projeye uygun \u015fekilde g\u00fc\u00e7lendirilip korunabilece\u011fini belirtti. KENT HAFIZASI \u0130\u00c7\u0130N \u00d6NEML\u0130 Antalya K\u00f6rfez Gazetesi muhabiri Ertu\u011frul G\u00fcn&#8217;\u00fcn haberine g\u00f6re; mevcut m\u00fcze binas\u0131n\u0131n \u00f6nemi ve korunmas\u0131yla ilgili d\u00fc\u015f\u00fcncelerini 16 May\u0131s 2025 tarihinde Antalya M\u00fczesi\u2019nde d\u00fczenlenen \u2018Patara Deniz Fenerinin Ke\u015fif, Kaz\u0131 ve Restorasyon S\u00fcreci\u2019 konulu etkinlikte de dile getirdi\u011fini s\u00f6yleyen \u0130\u015fkan, m\u00fczenin kent haf\u0131zas\u0131 ve arkeoloji camias\u0131 i\u00e7in \u00f6neminin alt\u0131n\u0131 \u00e7izdi. YEN\u0130 M\u00dcZE M\u00dcZAKERE \u0130LE YAPILMALI Yeni m\u00fcze binas\u0131 i\u00e7in biti\u015fikteki Karayollar\u0131 arazisinin de y\u0131llard\u0131r g\u00fcndemde &hellip;\" \/>\n<meta property=\"og:url\" content=\"https:\/\/denizcankizil.tr\/en\/haberler\/gundem\/prof-dr-havva-iskandan-muze-cikisi-burasi-bir-bilim-laboratuvari-yikmayin-baska-cozumler-de-var\/\" \/>\n<meta property=\"og:site_name\" content=\"Av. Deniz Can K\u0131z\u0131l\" \/>\n<meta property=\"article:published_time\" content=\"2025-07-09T17:41:17+00:00\" \/>\n<meta name=\"author\" content=\"Antalya K\u00f6rfez\" \/>\n<meta name=\"twitter:card\" content=\"summary_large_image\" \/>\n<meta name=\"twitter:label1\" content=\"Written by\" \/>\n\t<meta name=\"twitter:data1\" content=\"Antalya K\u00f6rfez\" \/>\n\t<meta name=\"twitter:label2\" content=\"Estimated reading time\" \/>\n\t<meta name=\"twitter:data2\" content=\"3 minutes\" \/>\n<script type=\"application\/ld+json\" class=\"yoast-schema-graph\">{\"@context\":\"https:\/\/schema.org\",\"@graph\":[{\"@type\":\"Article\",\"@id\":\"https:\/\/denizcankizil.tr\/uk\/haberler\/gundem\/prof-dr-havva-iskandan-muze-cikisi-burasi-bir-bilim-laboratuvari-yikmayin-baska-cozumler-de-var\/#article\",\"isPartOf\":{\"@id\":\"https:\/\/denizcankizil.tr\/uk\/haberler\/gundem\/prof-dr-havva-iskandan-muze-cikisi-burasi-bir-bilim-laboratuvari-yikmayin-baska-cozumler-de-var\/\"},\"author\":{\"name\":\"Antalya K\u00f6rfez\",\"@id\":\"https:\/\/denizcankizil.tr\/de\/#\/schema\/person\/e1eb71bb4dd684d46563f0af307e1234\"},\"headline\":\"Prof. Dr. Havva \u0130\u015fkan\u2019dan m\u00fcze \u00e7\u0131k\u0131\u015f\u0131: \u201cBuras\u0131 bir bilim laboratuvar\u0131, y\u0131kmay\u0131n, ba\u015fka \u00e7\u00f6z\u00fcmler de var!\u201d\",\"datePublished\":\"2025-07-09T17:41:17+00:00\",\"mainEntityOfPage\":{\"@id\":\"https:\/\/denizcankizil.tr\/uk\/haberler\/gundem\/prof-dr-havva-iskandan-muze-cikisi-burasi-bir-bilim-laboratuvari-yikmayin-baska-cozumler-de-var\/\"},\"wordCount\":530,\"publisher\":{\"@id\":\"https:\/\/denizcankizil.tr\/de\/#organization\"},\"articleSection\":[\"G\u00fcndem\"],\"inLanguage\":\"en-GB\"},{\"@type\":\"WebPage\",\"@id\":\"https:\/\/denizcankizil.tr\/uk\/haberler\/gundem\/prof-dr-havva-iskandan-muze-cikisi-burasi-bir-bilim-laboratuvari-yikmayin-baska-cozumler-de-var\/\",\"url\":\"https:\/\/denizcankizil.tr\/uk\/haberler\/gundem\/prof-dr-havva-iskandan-muze-cikisi-burasi-bir-bilim-laboratuvari-yikmayin-baska-cozumler-de-var\/\",\"name\":\"Prof. Dr. Havva \u0130\u015fkan\u2019dan m\u00fcze \u00e7\u0131k\u0131\u015f\u0131: \u201cBuras\u0131 bir bilim laboratuvar\u0131, y\u0131kmay\u0131n, ba\u015fka \u00e7\u00f6z\u00fcmler de var!\u201d - Av. Deniz Can K\u0131z\u0131l\",\"isPartOf\":{\"@id\":\"https:\/\/denizcankizil.tr\/de\/#website\"},\"datePublished\":\"2025-07-09T17:41:17+00:00\",\"breadcrumb\":{\"@id\":\"https:\/\/denizcankizil.tr\/uk\/haberler\/gundem\/prof-dr-havva-iskandan-muze-cikisi-burasi-bir-bilim-laboratuvari-yikmayin-baska-cozumler-de-var\/#breadcrumb\"},\"inLanguage\":\"en-GB\",\"potentialAction\":[{\"@type\":\"ReadAction\",\"target\":[\"https:\/\/denizcankizil.tr\/uk\/haberler\/gundem\/prof-dr-havva-iskandan-muze-cikisi-burasi-bir-bilim-laboratuvari-yikmayin-baska-cozumler-de-var\/\"]}]},{\"@type\":\"BreadcrumbList\",\"@id\":\"https:\/\/denizcankizil.tr\/uk\/haberler\/gundem\/prof-dr-havva-iskandan-muze-cikisi-burasi-bir-bilim-laboratuvari-yikmayin-baska-cozumler-de-var\/#breadcrumb\",\"itemListElement\":[{\"@type\":\"ListItem\",\"position\":1,\"name\":\"Home\",\"item\":\"https:\/\/denizcankizil.tr\/de\/\"},{\"@type\":\"ListItem\",\"position\":2,\"name\":\"Prof. Dr. Havva \u0130\u015fkan\u2019dan m\u00fcze \u00e7\u0131k\u0131\u015f\u0131: \u201cBuras\u0131 bir bilim laboratuvar\u0131, y\u0131kmay\u0131n, ba\u015fka \u00e7\u00f6z\u00fcmler de var!\u201d\"}]},{\"@type\":\"WebSite\",\"@id\":\"https:\/\/denizcankizil.tr\/de\/#website\",\"url\":\"https:\/\/denizcankizil.tr\/de\/\",\"name\":\"Av. Deniz Can K\u0131z\u0131l\",\"description\":\"Avukat Deniz Can K\u0131z\u0131l Antalya Barosu\",\"publisher\":{\"@id\":\"https:\/\/denizcankizil.tr\/de\/#organization\"},\"potentialAction\":[{\"@type\":\"SearchAction\",\"target\":{\"@type\":\"EntryPoint\",\"urlTemplate\":\"https:\/\/denizcankizil.tr\/de\/?s={search_term_string}\"},\"query-input\":{\"@type\":\"PropertyValueSpecification\",\"valueRequired\":true,\"valueName\":\"search_term_string\"}}],\"inLanguage\":\"en-GB\"},{\"@type\":\"Organization\",\"@id\":\"https:\/\/denizcankizil.tr\/de\/#organization\",\"name\":\"Av. Deniz Can K\u0131z\u0131l\",\"url\":\"https:\/\/denizcankizil.tr\/de\/\",\"logo\":{\"@type\":\"ImageObject\",\"inLanguage\":\"en-GB\",\"@id\":\"https:\/\/denizcankizil.tr\/de\/#\/schema\/logo\/image\/\",\"url\":\"https:\/\/denizcankizil.tr\/wp-content\/uploads\/2024\/10\/siyah-logo-svg.svg\",\"contentUrl\":\"https:\/\/denizcankizil.tr\/wp-content\/uploads\/2024\/10\/siyah-logo-svg.svg\",\"width\":1080,\"height\":1080,\"caption\":\"Av. Deniz Can K\u0131z\u0131l\"},\"image\":{\"@id\":\"https:\/\/denizcankizil.tr\/de\/#\/schema\/logo\/image\/\"}},{\"@type\":\"Person\",\"@id\":\"https:\/\/denizcankizil.tr\/de\/#\/schema\/person\/e1eb71bb4dd684d46563f0af307e1234\",\"name\":\"Antalya K\u00f6rfez\",\"image\":{\"@type\":\"ImageObject\",\"inLanguage\":\"en-GB\",\"@id\":\"https:\/\/denizcankizil.tr\/de\/#\/schema\/person\/image\/\",\"url\":\"https:\/\/secure.gravatar.com\/avatar\/42b01982558a48a0b501fdcab6a408d3717ea5919095ee2e67b0e521799c5905?s=96&d=mm&r=g\",\"contentUrl\":\"https:\/\/secure.gravatar.com\/avatar\/42b01982558a48a0b501fdcab6a408d3717ea5919095ee2e67b0e521799c5905?s=96&d=mm&r=g\",\"caption\":\"Antalya K\u00f6rfez\"},\"sameAs\":[\"http:\/\/www.antalyakorfez.com\"],\"url\":\"https:\/\/www.antalyakorfez.com\/prof-dr-havva-iskandan-muze-cikisiburasi-bir-bilim-laboratuvari-yikmayin-baska-cozumler-de-var\"}]}<\/script>\n<!-- \/ Yoast SEO Premium plugin. -->","yoast_head_json":{"title":"Prof. Dr. Havva \u0130\u015fkan\u2019dan m\u00fcze \u00e7\u0131k\u0131\u015f\u0131: \u201cBuras\u0131 bir bilim laboratuvar\u0131, y\u0131kmay\u0131n, ba\u015fka \u00e7\u00f6z\u00fcmler de var!\u201d - Av. Deniz Can K\u0131z\u0131l","robots":{"index":"index","follow":"follow","max-snippet":"max-snippet:-1","max-image-preview":"max-image-preview:large","max-video-preview":"max-video-preview:-1"},"canonical":"https:\/\/denizcankizil.tr\/en\/haberler\/gundem\/prof-dr-havva-iskandan-muze-cikisi-burasi-bir-bilim-laboratuvari-yikmayin-baska-cozumler-de-var\/","og_locale":"en_GB","og_type":"article","og_title":"Prof. Dr. Havva \u0130\u015fkan\u2019dan m\u00fcze \u00e7\u0131k\u0131\u015f\u0131: \u201cBuras\u0131 bir bilim laboratuvar\u0131, y\u0131kmay\u0131n, ba\u015fka \u00e7\u00f6z\u00fcmler de var!\u201d","og_description":"\u00d6nceki d\u00f6nem Patara Kaz\u0131 Ba\u015fkan\u0131 olan Piri Reis \u00dcniversitesi Denizcilik Tarihi Uygulama ve Ara\u015ft\u0131rma Merkezi M\u00fcd\u00fcr\u00fc Arkeolog Prof. Dr. Havva \u0130\u015fkan, y\u0131k\u0131lmas\u0131 g\u00fcndemde olan Antalya Arkeoloji M\u00fczesi binas\u0131n\u0131n korunarak ya\u015fat\u0131lmas\u0131n\u0131 istedi. \u2018ORADA JENERASYONLARIN EME\u011e\u0130 VAR, YIKMAYIN\u2019 Sosyal medya hesab\u0131nda yapt\u0131\u011f\u0131 payla\u015f\u0131mda, Perge ve Side\u2019de yapt\u0131\u011f\u0131 kaz\u0131larla Antalya M\u00fczesi\u2019de bir\u00e7ok arkeolojik eser kazand\u0131ran Prof. Dr. Jale \u0130nan\u2019\u0131 (1914-2001) da anan \u0130\u015fkan, \u201cOrada jenerasyonlar\u0131n eme\u011fi var, y\u0131kmay\u0131n\u201d ifadesini kulland\u0131. \u2018M\u00dcZEDE 30 YIL BOYUNCA DERSLER VERD\u0130M\u2019 Konuyla ilgili sorular\u0131m\u0131z\u0131 yan\u0131tlayan Prof. Dr. Havva \u0130\u015fkan, Antalya Arkeoloji M\u00fczesi\u2019nin mevcut binas\u0131n\u0131n ihtiyac\u0131 kar\u015f\u0131lama konusunda yetersiz kald\u0131\u011f\u0131n\u0131 ve y\u0131llard\u0131r yeni bir binaya ihtiya\u00e7 duyuldu\u011funu, ancak mevcut binan\u0131n da g\u00fc\u00e7lendirilerek korunmas\u0131 gerekti\u011fini s\u00f6yledi. Mevcut m\u00fcze binas\u0131nda 30 y\u0131l boyunca binlerce \u00f6\u011frenciye Roma d\u00f6nemi heykel dersleri verdi\u011fini dile getiren \u0130\u015fkan, binaya sonradan yap\u0131lan eklentilerin kald\u0131r\u0131larak projeye uygun \u015fekilde g\u00fc\u00e7lendirilip korunabilece\u011fini belirtti. KENT HAFIZASI \u0130\u00c7\u0130N \u00d6NEML\u0130 Antalya K\u00f6rfez Gazetesi muhabiri Ertu\u011frul G\u00fcn&#8217;\u00fcn haberine g\u00f6re; mevcut m\u00fcze binas\u0131n\u0131n \u00f6nemi ve korunmas\u0131yla ilgili d\u00fc\u015f\u00fcncelerini 16 May\u0131s 2025 tarihinde Antalya M\u00fczesi\u2019nde d\u00fczenlenen \u2018Patara Deniz Fenerinin Ke\u015fif, Kaz\u0131 ve Restorasyon S\u00fcreci\u2019 konulu etkinlikte de dile getirdi\u011fini s\u00f6yleyen \u0130\u015fkan, m\u00fczenin kent haf\u0131zas\u0131 ve arkeoloji camias\u0131 i\u00e7in \u00f6neminin alt\u0131n\u0131 \u00e7izdi. YEN\u0130 M\u00dcZE M\u00dcZAKERE \u0130LE YAPILMALI Yeni m\u00fcze binas\u0131 i\u00e7in biti\u015fikteki Karayollar\u0131 arazisinin de y\u0131llard\u0131r g\u00fcndemde &hellip;","og_url":"https:\/\/denizcankizil.tr\/en\/haberler\/gundem\/prof-dr-havva-iskandan-muze-cikisi-burasi-bir-bilim-laboratuvari-yikmayin-baska-cozumler-de-var\/","og_site_name":"Av. Deniz Can K\u0131z\u0131l","article_published_time":"2025-07-09T17:41:17+00:00","author":"Antalya K\u00f6rfez","twitter_card":"summary_large_image","twitter_misc":{"Written by":"Antalya K\u00f6rfez","Estimated reading time":"3 minutes"},"schema":{"@context":"https:\/\/schema.org","@graph":[{"@type":"Article","@id":"https:\/\/denizcankizil.tr\/uk\/haberler\/gundem\/prof-dr-havva-iskandan-muze-cikisi-burasi-bir-bilim-laboratuvari-yikmayin-baska-cozumler-de-var\/#article","isPartOf":{"@id":"https:\/\/denizcankizil.tr\/uk\/haberler\/gundem\/prof-dr-havva-iskandan-muze-cikisi-burasi-bir-bilim-laboratuvari-yikmayin-baska-cozumler-de-var\/"},"author":{"name":"Antalya K\u00f6rfez","@id":"https:\/\/denizcankizil.tr\/de\/#\/schema\/person\/e1eb71bb4dd684d46563f0af307e1234"},"headline":"Prof. Dr. Havva \u0130\u015fkan\u2019dan m\u00fcze \u00e7\u0131k\u0131\u015f\u0131: \u201cBuras\u0131 bir bilim laboratuvar\u0131, y\u0131kmay\u0131n, ba\u015fka \u00e7\u00f6z\u00fcmler de var!\u201d","datePublished":"2025-07-09T17:41:17+00:00","mainEntityOfPage":{"@id":"https:\/\/denizcankizil.tr\/uk\/haberler\/gundem\/prof-dr-havva-iskandan-muze-cikisi-burasi-bir-bilim-laboratuvari-yikmayin-baska-cozumler-de-var\/"},"wordCount":530,"publisher":{"@id":"https:\/\/denizcankizil.tr\/de\/#organization"},"articleSection":["G\u00fcndem"],"inLanguage":"en-GB"},{"@type":"WebPage","@id":"https:\/\/denizcankizil.tr\/uk\/haberler\/gundem\/prof-dr-havva-iskandan-muze-cikisi-burasi-bir-bilim-laboratuvari-yikmayin-baska-cozumler-de-var\/","url":"https:\/\/denizcankizil.tr\/uk\/haberler\/gundem\/prof-dr-havva-iskandan-muze-cikisi-burasi-bir-bilim-laboratuvari-yikmayin-baska-cozumler-de-var\/","name":"Prof. Dr. Havva \u0130\u015fkan\u2019dan m\u00fcze \u00e7\u0131k\u0131\u015f\u0131: \u201cBuras\u0131 bir bilim laboratuvar\u0131, y\u0131kmay\u0131n, ba\u015fka \u00e7\u00f6z\u00fcmler de var!\u201d - Av. Deniz Can K\u0131z\u0131l","isPartOf":{"@id":"https:\/\/denizcankizil.tr\/de\/#website"},"datePublished":"2025-07-09T17:41:17+00:00","breadcrumb":{"@id":"https:\/\/denizcankizil.tr\/uk\/haberler\/gundem\/prof-dr-havva-iskandan-muze-cikisi-burasi-bir-bilim-laboratuvari-yikmayin-baska-cozumler-de-var\/#breadcrumb"},"inLanguage":"en-GB","potentialAction":[{"@type":"ReadAction","target":["https:\/\/denizcankizil.tr\/uk\/haberler\/gundem\/prof-dr-havva-iskandan-muze-cikisi-burasi-bir-bilim-laboratuvari-yikmayin-baska-cozumler-de-var\/"]}]},{"@type":"BreadcrumbList","@id":"https:\/\/denizcankizil.tr\/uk\/haberler\/gundem\/prof-dr-havva-iskandan-muze-cikisi-burasi-bir-bilim-laboratuvari-yikmayin-baska-cozumler-de-var\/#breadcrumb","itemListElement":[{"@type":"ListItem","position":1,"name":"Home","item":"https:\/\/denizcankizil.tr\/de\/"},{"@type":"ListItem","position":2,"name":"Prof. Dr. Havva \u0130\u015fkan\u2019dan m\u00fcze \u00e7\u0131k\u0131\u015f\u0131: \u201cBuras\u0131 bir bilim laboratuvar\u0131, y\u0131kmay\u0131n, ba\u015fka \u00e7\u00f6z\u00fcmler de var!\u201d"}]},{"@type":"WebSite","@id":"https:\/\/denizcankizil.tr\/de\/#website","url":"https:\/\/denizcankizil.tr\/de\/","name":"Av. Deniz Can K\u0131z\u0131l","description":"Avukat Deniz Can K\u0131z\u0131l Antalya Barosu","publisher":{"@id":"https:\/\/denizcankizil.tr\/de\/#organization"},"potentialAction":[{"@type":"SearchAction","target":{"@type":"EntryPoint","urlTemplate":"https:\/\/denizcankizil.tr\/de\/?s={search_term_string}"},"query-input":{"@type":"PropertyValueSpecification","valueRequired":true,"valueName":"search_term_string"}}],"inLanguage":"en-GB"},{"@type":"Organization","@id":"https:\/\/denizcankizil.tr\/de\/#organization","name":"Av. Deniz Can K\u0131z\u0131l","url":"https:\/\/denizcankizil.tr\/de\/","logo":{"@type":"ImageObject","inLanguage":"en-GB","@id":"https:\/\/denizcankizil.tr\/de\/#\/schema\/logo\/image\/","url":"https:\/\/denizcankizil.tr\/wp-content\/uploads\/2024\/10\/siyah-logo-svg.svg","contentUrl":"https:\/\/denizcankizil.tr\/wp-content\/uploads\/2024\/10\/siyah-logo-svg.svg","width":1080,"height":1080,"caption":"Av. Deniz Can K\u0131z\u0131l"},"image":{"@id":"https:\/\/denizcankizil.tr\/de\/#\/schema\/logo\/image\/"}},{"@type":"Person","@id":"https:\/\/denizcankizil.tr\/de\/#\/schema\/person\/e1eb71bb4dd684d46563f0af307e1234","name":"Antalya K\u00f6rfez","image":{"@type":"ImageObject","inLanguage":"en-GB","@id":"https:\/\/denizcankizil.tr\/de\/#\/schema\/person\/image\/","url":"https:\/\/secure.gravatar.com\/avatar\/42b01982558a48a0b501fdcab6a408d3717ea5919095ee2e67b0e521799c5905?s=96&d=mm&r=g","contentUrl":"https:\/\/secure.gravatar.com\/avatar\/42b01982558a48a0b501fdcab6a408d3717ea5919095ee2e67b0e521799c5905?s=96&d=mm&r=g","caption":"Antalya K\u00f6rfez"},"sameAs":["http:\/\/www.antalyakorfez.com"],"url":"https:\/\/www.antalyakorfez.com\/prof-dr-havva-iskandan-muze-cikisiburasi-bir-bilim-laboratuvari-yikmayin-baska-cozumler-de-var"}]}},"_links":{"self":[{"href":"https:\/\/denizcankizil.tr\/en\/wp-json\/wp\/v2\/posts\/140984","targetHints":{"allow":["GET"]}}],"collection":[{"href":"https:\/\/denizcankizil.tr\/en\/wp-json\/wp\/v2\/posts"}],"about":[{"href":"https:\/\/denizcankizil.tr\/en\/wp-json\/wp\/v2\/types\/post"}],"author":[{"embeddable":true,"href":"https:\/\/denizcankizil.tr\/en\/wp-json\/wp\/v2\/users\/5"}],"replies":[{"embeddable":true,"href":"https:\/\/denizcankizil.tr\/en\/wp-json\/wp\/v2\/comments?post=140984"}],"version-history":[{"count":0,"href":"https:\/\/denizcankizil.tr\/en\/wp-json\/wp\/v2\/posts\/140984\/revisions"}],"wp:attachment":[{"href":"https:\/\/denizcankizil.tr\/en\/wp-json\/wp\/v2\/media?parent=140984"}],"wp:term":[{"taxonomy":"category","embeddable":true,"href":"https:\/\/denizcankizil.tr\/en\/wp-json\/wp\/v2\/categories?post=140984"},{"taxonomy":"post_tag","embeddable":true,"href":"https:\/\/denizcankizil.tr\/en\/wp-json\/wp\/v2\/tags?post=140984"}],"curies":[{"name":"wp","href":"https:\/\/api.w.org\/{rel}","templated":true}]}}