{"id":139931,"date":"2025-07-08T17:41:15","date_gmt":"2025-07-08T14:41:15","guid":{"rendered":"https:\/\/denizcankizil.tr\/uncategorized-tr\/manavgat-belediye-baskani-niyazi-nefi-kara-tutuklandi\/"},"modified":"2025-07-08T17:41:15","modified_gmt":"2025-07-08T14:41:15","slug":"manavgat-belediye-baskani-niyazi-nefi-kara-tutuklandi","status":"publish","type":"post","link":"https:\/\/denizcankizil.tr\/en\/haberler\/gundem\/manavgat-belediye-baskani-niyazi-nefi-kara-tutuklandi\/","title":{"rendered":"Manavgat Belediye Ba\u015fkan\u0131 Niyazi Nefi Kara tutukland\u0131"},"content":{"rendered":"<p>Antalya&#8217;da, Manavgat Belediyesi&#8217;ne y\u00f6nelik ger\u00e7ekle\u015fen operasyonun ard\u0131ndan Belediye Ba\u015fkan\u0131 Niyazi Nefi Kara ve belediye ba\u015fkan yard\u0131mc\u0131lar\u0131n\u0131n da aralar\u0131nda bulundu\u011fu 34 ki\u015fi, 4 Temmuz&#8217;da g\u00f6zalt\u0131na al\u0131nm\u0131\u015ft\u0131. Antalya Emniyet M\u00fcd\u00fcrl\u00fc\u011f\u00fc&#8217;nde ifade i\u015flemleri tamamlanan, aralar\u0131nda CHP&#8217;li Belediye Ba\u015fkan\u0131 Niyazi Nefi Kara&#8217;n\u0131n da bulundu\u011fu 25 \u015f\u00fcpheli ise 4 g\u00fcn s\u00fcren i\u015flemlerinin ard\u0131ndan sabah saatlerinde Manavgat Adliyesi&#8217;ne sevk edildi. Ba\u015fkan Kara sulh ceza hakimli\u011fi taraf\u0131ndan &#8220;r\u00fc\u015fvet&#8221; soru\u015fturmas\u0131nda tutukland\u0131.<\/p>\n<p>NE OLMU\u015eTU?<\/p>\n<p>Manavgat Cumhuriyet Ba\u015fsavc\u0131l\u0131\u011f\u0131nca otel tadilat\u0131, in\u015faat ruhsat\u0131 ve iskan ba\u015fvurular\u0131yla ilgili r\u00fc\u015fvet al\u0131nd\u0131\u011f\u0131 iddias\u0131 \u00fczerine ba\u015flat\u0131lan soru\u015fturman\u0131n ard\u0131ndan, \u0130l Emniyet M\u00fcd\u00fcrl\u00fc\u011f\u00fcn\u00fcn y\u00fcr\u00fctt\u00fc\u011f\u00fc \u00e7al\u0131\u015fma kapsam\u0131nda \u015f\u00fcphelilere y\u00f6nelik 4 ayl\u0131k teknik ve fiziki takip ger\u00e7ekle\u015ftirilmi\u015fti. Takiplerin ard\u0131ndan Belediye Ba\u015fkan\u0131 Kara&#8217;n\u0131n ye\u011feni H.C.G. arac\u0131l\u0131\u011f\u0131yla r\u00fc\u015fvet istendi\u011fi, r\u00fc\u015fvet al\u0131nmadan ruhsat verilmedi\u011fi \u00f6ne s\u00fcr\u00fclm\u00fc\u015ft\u00fc. Ayr\u0131c\u0131 Manavgat Belediyesi, belediyeye ba\u011fl\u0131 i\u015ftirakler ve spor kul\u00fcb\u00fc \u00fczerinden kurulan paravan \u015firketler arac\u0131l\u0131\u011f\u0131yla hizmet veya mal al\u0131m\u0131 yap\u0131ld\u0131\u011f\u0131, sahte faturalarla haks\u0131z menfaat sa\u011fland\u0131\u011f\u0131 ve \u015f\u00fcphelilerin bu yolla yakla\u015f\u0131k 800 milyon liray\u0131 \u00fczerlerine ge\u00e7irdi\u011fi iddia edilmi\u015fti. Belediyeye d\u00fczenlenen operasyonda, Belediye Ba\u015fkan\u0131 Kara ile belediye ba\u015fkan yard\u0131mc\u0131lar\u0131n\u0131n da aralar\u0131nda bulundu\u011fu 34 ki\u015fi g\u00f6zalt\u0131na al\u0131nm\u0131\u015ft\u0131. Emniyetteki ifade i\u015flemlerinin ard\u0131ndan adliyeye sevk edilen belediye meclis \u00fcyesi Mehmet Tosak ile i\u015f insanlar\u0131 Mesut Kara, \u0130lker G\u00fcnay, Mehmet Ali Fansa, Kemal Ta\u015f ve \u015e\u00fckr\u00fc Ilg\u0131n d\u00fcn tutuklanm\u0131\u015ft\u0131. \u015e\u00fcphelilerin ifadelerinin ard\u0131ndan 7 ki\u015fi daha g\u00f6zalt\u0131na al\u0131nm\u0131\u015ft\u0131. Soru\u015fturma kapsam\u0131nda, Belediye Ba\u015fkan Yard\u0131mc\u0131s\u0131 T\u00fcter&#8217;in, C.C. isimli bir ki\u015fiden r\u00fc\u015fvet ald\u0131\u011f\u0131n\u0131 g\u00f6sterdi\u011fi iddia edilen g\u00f6r\u00fcnt\u00fcler de ortaya \u00e7\u0131km\u0131\u015ft\u0131.<\/p>\n<p>\u200bManavgat Belediye Ba\u015fkan\u0131 Niyazi Nefi Kara \u00e7\u0131kar\u0131ld\u0131\u011f\u0131 sulh ceza hakimli\u011fi taraf\u0131ndan tutukland\u0131.\u00a0<\/p>\n<p>\u200bHaberin Al\u0131nt\u0131land\u0131\u011f\u0131 Kaynak: www.antalyakorfez.com<\/p>","protected":false},"excerpt":{"rendered":"<p>Antalya&#8217;da, Manavgat Belediyesi&#8217;ne y\u00f6nelik ger\u00e7ekle\u015fen operasyonun ard\u0131ndan Belediye Ba\u015fkan\u0131 Niyazi Nefi Kara ve belediye ba\u015fkan yard\u0131mc\u0131lar\u0131n\u0131n da aralar\u0131nda bulundu\u011fu 34 ki\u015fi, 4 Temmuz&#8217;da g\u00f6zalt\u0131na al\u0131nm\u0131\u015ft\u0131. Antalya Emniyet M\u00fcd\u00fcrl\u00fc\u011f\u00fc&#8217;nde ifade i\u015flemleri tamamlanan, aralar\u0131nda CHP&#8217;li Belediye Ba\u015fkan\u0131 Niyazi Nefi Kara&#8217;n\u0131n da bulundu\u011fu 25 \u015f\u00fcpheli ise 4 g\u00fcn s\u00fcren i\u015flemlerinin ard\u0131ndan sabah saatlerinde Manavgat Adliyesi&#8217;ne sevk edildi. Ba\u015fkan Kara sulh ceza hakimli\u011fi taraf\u0131ndan &#8220;r\u00fc\u015fvet&#8221; soru\u015fturmas\u0131nda tutukland\u0131. NE OLMU\u015eTU? Manavgat Cumhuriyet Ba\u015fsavc\u0131l\u0131\u011f\u0131nca otel tadilat\u0131, in\u015faat ruhsat\u0131 ve iskan ba\u015fvurular\u0131yla ilgili r\u00fc\u015fvet al\u0131nd\u0131\u011f\u0131 iddias\u0131 \u00fczerine ba\u015flat\u0131lan soru\u015fturman\u0131n ard\u0131ndan, \u0130l Emniyet M\u00fcd\u00fcrl\u00fc\u011f\u00fcn\u00fcn y\u00fcr\u00fctt\u00fc\u011f\u00fc \u00e7al\u0131\u015fma kapsam\u0131nda \u015f\u00fcphelilere y\u00f6nelik 4 ayl\u0131k teknik ve fiziki takip ger\u00e7ekle\u015ftirilmi\u015fti. Takiplerin ard\u0131ndan Belediye Ba\u015fkan\u0131 Kara&#8217;n\u0131n ye\u011feni H.C.G. arac\u0131l\u0131\u011f\u0131yla r\u00fc\u015fvet istendi\u011fi, r\u00fc\u015fvet al\u0131nmadan ruhsat verilmedi\u011fi \u00f6ne s\u00fcr\u00fclm\u00fc\u015ft\u00fc. Ayr\u0131c\u0131 Manavgat Belediyesi, belediyeye ba\u011fl\u0131 i\u015ftirakler ve spor kul\u00fcb\u00fc \u00fczerinden kurulan paravan \u015firketler arac\u0131l\u0131\u011f\u0131yla hizmet veya mal al\u0131m\u0131 yap\u0131ld\u0131\u011f\u0131, sahte faturalarla haks\u0131z menfaat sa\u011fland\u0131\u011f\u0131 ve \u015f\u00fcphelilerin bu yolla yakla\u015f\u0131k 800 milyon liray\u0131 \u00fczerlerine ge\u00e7irdi\u011fi iddia edilmi\u015fti. Belediyeye d\u00fczenlenen operasyonda, Belediye Ba\u015fkan\u0131 Kara ile belediye ba\u015fkan yard\u0131mc\u0131lar\u0131n\u0131n da aralar\u0131nda bulundu\u011fu 34 ki\u015fi g\u00f6zalt\u0131na al\u0131nm\u0131\u015ft\u0131. Emniyetteki ifade i\u015flemlerinin ard\u0131ndan adliyeye sevk edilen belediye meclis \u00fcyesi Mehmet Tosak ile i\u015f insanlar\u0131 Mesut Kara, \u0130lker G\u00fcnay, Mehmet Ali Fansa, Kemal Ta\u015f ve \u015e\u00fckr\u00fc Ilg\u0131n d\u00fcn tutuklanm\u0131\u015ft\u0131. \u015e\u00fcphelilerin ifadelerinin ard\u0131ndan 7 &hellip;<\/p>","protected":false},"author":5,"featured_media":0,"comment_status":"","ping_status":"open","sticky":false,"template":"","format":"standard","meta":{"_acf_changed":false,"footnotes":""},"categories":[24],"tags":[],"class_list":["post-139931","post","type-post","status-publish","format-standard","has-post-thumbnail","hentry","category-gundem"],"acf":[],"yoast_head":"<!-- This site is optimized with the Yoast SEO Premium plugin v26.6 (Yoast SEO v27.1.1) - https:\/\/yoast.com\/product\/yoast-seo-premium-wordpress\/ -->\n<title>Manavgat Belediye Ba\u015fkan\u0131 Niyazi Nefi Kara tutukland\u0131 - Av. Deniz Can K\u0131z\u0131l<\/title>\n<meta name=\"robots\" content=\"index, follow, max-snippet:-1, max-image-preview:large, max-video-preview:-1\" \/>\n<link rel=\"canonical\" href=\"https:\/\/denizcankizil.tr\/en\/haberler\/gundem\/manavgat-belediye-baskani-niyazi-nefi-kara-tutuklandi\/\" \/>\n<meta property=\"og:locale\" content=\"en_GB\" \/>\n<meta property=\"og:type\" content=\"article\" \/>\n<meta property=\"og:title\" content=\"Manavgat Belediye Ba\u015fkan\u0131 Niyazi Nefi Kara tutukland\u0131\" \/>\n<meta property=\"og:description\" content=\"Antalya&#8217;da, Manavgat Belediyesi&#8217;ne y\u00f6nelik ger\u00e7ekle\u015fen operasyonun ard\u0131ndan Belediye Ba\u015fkan\u0131 Niyazi Nefi Kara ve belediye ba\u015fkan yard\u0131mc\u0131lar\u0131n\u0131n da aralar\u0131nda bulundu\u011fu 34 ki\u015fi, 4 Temmuz&#8217;da g\u00f6zalt\u0131na al\u0131nm\u0131\u015ft\u0131. Antalya Emniyet M\u00fcd\u00fcrl\u00fc\u011f\u00fc&#8217;nde ifade i\u015flemleri tamamlanan, aralar\u0131nda CHP&#8217;li Belediye Ba\u015fkan\u0131 Niyazi Nefi Kara&#8217;n\u0131n da bulundu\u011fu 25 \u015f\u00fcpheli ise 4 g\u00fcn s\u00fcren i\u015flemlerinin ard\u0131ndan sabah saatlerinde Manavgat Adliyesi&#8217;ne sevk edildi. Ba\u015fkan Kara sulh ceza hakimli\u011fi taraf\u0131ndan &#8220;r\u00fc\u015fvet&#8221; soru\u015fturmas\u0131nda tutukland\u0131. NE OLMU\u015eTU? Manavgat Cumhuriyet Ba\u015fsavc\u0131l\u0131\u011f\u0131nca otel tadilat\u0131, in\u015faat ruhsat\u0131 ve iskan ba\u015fvurular\u0131yla ilgili r\u00fc\u015fvet al\u0131nd\u0131\u011f\u0131 iddias\u0131 \u00fczerine ba\u015flat\u0131lan soru\u015fturman\u0131n ard\u0131ndan, \u0130l Emniyet M\u00fcd\u00fcrl\u00fc\u011f\u00fcn\u00fcn y\u00fcr\u00fctt\u00fc\u011f\u00fc \u00e7al\u0131\u015fma kapsam\u0131nda \u015f\u00fcphelilere y\u00f6nelik 4 ayl\u0131k teknik ve fiziki takip ger\u00e7ekle\u015ftirilmi\u015fti. Takiplerin ard\u0131ndan Belediye Ba\u015fkan\u0131 Kara&#8217;n\u0131n ye\u011feni H.C.G. arac\u0131l\u0131\u011f\u0131yla r\u00fc\u015fvet istendi\u011fi, r\u00fc\u015fvet al\u0131nmadan ruhsat verilmedi\u011fi \u00f6ne s\u00fcr\u00fclm\u00fc\u015ft\u00fc. Ayr\u0131c\u0131 Manavgat Belediyesi, belediyeye ba\u011fl\u0131 i\u015ftirakler ve spor kul\u00fcb\u00fc \u00fczerinden kurulan paravan \u015firketler arac\u0131l\u0131\u011f\u0131yla hizmet veya mal al\u0131m\u0131 yap\u0131ld\u0131\u011f\u0131, sahte faturalarla haks\u0131z menfaat sa\u011fland\u0131\u011f\u0131 ve \u015f\u00fcphelilerin bu yolla yakla\u015f\u0131k 800 milyon liray\u0131 \u00fczerlerine ge\u00e7irdi\u011fi iddia edilmi\u015fti. Belediyeye d\u00fczenlenen operasyonda, Belediye Ba\u015fkan\u0131 Kara ile belediye ba\u015fkan yard\u0131mc\u0131lar\u0131n\u0131n da aralar\u0131nda bulundu\u011fu 34 ki\u015fi g\u00f6zalt\u0131na al\u0131nm\u0131\u015ft\u0131. Emniyetteki ifade i\u015flemlerinin ard\u0131ndan adliyeye sevk edilen belediye meclis \u00fcyesi Mehmet Tosak ile i\u015f insanlar\u0131 Mesut Kara, \u0130lker G\u00fcnay, Mehmet Ali Fansa, Kemal Ta\u015f ve \u015e\u00fckr\u00fc Ilg\u0131n d\u00fcn tutuklanm\u0131\u015ft\u0131. \u015e\u00fcphelilerin ifadelerinin ard\u0131ndan 7 &hellip;\" \/>\n<meta property=\"og:url\" content=\"https:\/\/denizcankizil.tr\/en\/haberler\/gundem\/manavgat-belediye-baskani-niyazi-nefi-kara-tutuklandi\/\" \/>\n<meta property=\"og:site_name\" content=\"Av. Deniz Can K\u0131z\u0131l\" \/>\n<meta property=\"article:published_time\" content=\"2025-07-08T14:41:15+00:00\" \/>\n<meta name=\"author\" content=\"Antalya K\u00f6rfez\" \/>\n<meta name=\"twitter:card\" content=\"summary_large_image\" \/>\n<meta name=\"twitter:label1\" content=\"Written by\" \/>\n\t<meta name=\"twitter:data1\" content=\"Antalya K\u00f6rfez\" \/>\n\t<meta name=\"twitter:label2\" content=\"Estimated reading time\" \/>\n\t<meta name=\"twitter:data2\" content=\"2 minutes\" \/>\n<script type=\"application\/ld+json\" class=\"yoast-schema-graph\">{\"@context\":\"https:\/\/schema.org\",\"@graph\":[{\"@type\":\"Article\",\"@id\":\"https:\/\/denizcankizil.tr\/ru\/haberler\/gundem\/manavgat-belediye-baskani-niyazi-nefi-kara-tutuklandi\/#article\",\"isPartOf\":{\"@id\":\"https:\/\/denizcankizil.tr\/ru\/haberler\/gundem\/manavgat-belediye-baskani-niyazi-nefi-kara-tutuklandi\/\"},\"author\":{\"name\":\"Antalya K\u00f6rfez\",\"@id\":\"https:\/\/denizcankizil.tr\/de\/#\/schema\/person\/e1eb71bb4dd684d46563f0af307e1234\"},\"headline\":\"Manavgat Belediye Ba\u015fkan\u0131 Niyazi Nefi Kara tutukland\u0131\",\"datePublished\":\"2025-07-08T14:41:15+00:00\",\"mainEntityOfPage\":{\"@id\":\"https:\/\/denizcankizil.tr\/ru\/haberler\/gundem\/manavgat-belediye-baskani-niyazi-nefi-kara-tutuklandi\/\"},\"wordCount\":389,\"publisher\":{\"@id\":\"https:\/\/denizcankizil.tr\/de\/#organization\"},\"articleSection\":[\"G\u00fcndem\"],\"inLanguage\":\"en-GB\"},{\"@type\":\"WebPage\",\"@id\":\"https:\/\/denizcankizil.tr\/ru\/haberler\/gundem\/manavgat-belediye-baskani-niyazi-nefi-kara-tutuklandi\/\",\"url\":\"https:\/\/denizcankizil.tr\/ru\/haberler\/gundem\/manavgat-belediye-baskani-niyazi-nefi-kara-tutuklandi\/\",\"name\":\"Manavgat Belediye Ba\u015fkan\u0131 Niyazi Nefi Kara tutukland\u0131 - Av. Deniz Can K\u0131z\u0131l\",\"isPartOf\":{\"@id\":\"https:\/\/denizcankizil.tr\/de\/#website\"},\"datePublished\":\"2025-07-08T14:41:15+00:00\",\"breadcrumb\":{\"@id\":\"https:\/\/denizcankizil.tr\/ru\/haberler\/gundem\/manavgat-belediye-baskani-niyazi-nefi-kara-tutuklandi\/#breadcrumb\"},\"inLanguage\":\"en-GB\",\"potentialAction\":[{\"@type\":\"ReadAction\",\"target\":[\"https:\/\/denizcankizil.tr\/ru\/haberler\/gundem\/manavgat-belediye-baskani-niyazi-nefi-kara-tutuklandi\/\"]}]},{\"@type\":\"BreadcrumbList\",\"@id\":\"https:\/\/denizcankizil.tr\/ru\/haberler\/gundem\/manavgat-belediye-baskani-niyazi-nefi-kara-tutuklandi\/#breadcrumb\",\"itemListElement\":[{\"@type\":\"ListItem\",\"position\":1,\"name\":\"Home\",\"item\":\"https:\/\/denizcankizil.tr\/de\/\"},{\"@type\":\"ListItem\",\"position\":2,\"name\":\"Manavgat Belediye Ba\u015fkan\u0131 Niyazi Nefi Kara tutukland\u0131\"}]},{\"@type\":\"WebSite\",\"@id\":\"https:\/\/denizcankizil.tr\/de\/#website\",\"url\":\"https:\/\/denizcankizil.tr\/de\/\",\"name\":\"Av. Deniz Can K\u0131z\u0131l\",\"description\":\"Avukat Deniz Can K\u0131z\u0131l Antalya Barosu\",\"publisher\":{\"@id\":\"https:\/\/denizcankizil.tr\/de\/#organization\"},\"potentialAction\":[{\"@type\":\"SearchAction\",\"target\":{\"@type\":\"EntryPoint\",\"urlTemplate\":\"https:\/\/denizcankizil.tr\/de\/?s={search_term_string}\"},\"query-input\":{\"@type\":\"PropertyValueSpecification\",\"valueRequired\":true,\"valueName\":\"search_term_string\"}}],\"inLanguage\":\"en-GB\"},{\"@type\":\"Organization\",\"@id\":\"https:\/\/denizcankizil.tr\/de\/#organization\",\"name\":\"Av. Deniz Can K\u0131z\u0131l\",\"url\":\"https:\/\/denizcankizil.tr\/de\/\",\"logo\":{\"@type\":\"ImageObject\",\"inLanguage\":\"en-GB\",\"@id\":\"https:\/\/denizcankizil.tr\/de\/#\/schema\/logo\/image\/\",\"url\":\"https:\/\/denizcankizil.tr\/wp-content\/uploads\/2024\/10\/siyah-logo-svg.svg\",\"contentUrl\":\"https:\/\/denizcankizil.tr\/wp-content\/uploads\/2024\/10\/siyah-logo-svg.svg\",\"width\":1080,\"height\":1080,\"caption\":\"Av. Deniz Can K\u0131z\u0131l\"},\"image\":{\"@id\":\"https:\/\/denizcankizil.tr\/de\/#\/schema\/logo\/image\/\"}},{\"@type\":\"Person\",\"@id\":\"https:\/\/denizcankizil.tr\/de\/#\/schema\/person\/e1eb71bb4dd684d46563f0af307e1234\",\"name\":\"Antalya K\u00f6rfez\",\"image\":{\"@type\":\"ImageObject\",\"inLanguage\":\"en-GB\",\"@id\":\"https:\/\/denizcankizil.tr\/de\/#\/schema\/person\/image\/\",\"url\":\"https:\/\/secure.gravatar.com\/avatar\/42b01982558a48a0b501fdcab6a408d3717ea5919095ee2e67b0e521799c5905?s=96&d=mm&r=g\",\"contentUrl\":\"https:\/\/secure.gravatar.com\/avatar\/42b01982558a48a0b501fdcab6a408d3717ea5919095ee2e67b0e521799c5905?s=96&d=mm&r=g\",\"caption\":\"Antalya K\u00f6rfez\"},\"sameAs\":[\"http:\/\/www.antalyakorfez.com\"],\"url\":\"https:\/\/www.antalyakorfez.com\/manavgat-belediye-baskani-niyazi-nefi-kara-tutuklandi\"}]}<\/script>\n<!-- \/ Yoast SEO Premium plugin. -->","yoast_head_json":{"title":"Manavgat Belediye Ba\u015fkan\u0131 Niyazi Nefi Kara tutukland\u0131 - Av. Deniz Can K\u0131z\u0131l","robots":{"index":"index","follow":"follow","max-snippet":"max-snippet:-1","max-image-preview":"max-image-preview:large","max-video-preview":"max-video-preview:-1"},"canonical":"https:\/\/denizcankizil.tr\/en\/haberler\/gundem\/manavgat-belediye-baskani-niyazi-nefi-kara-tutuklandi\/","og_locale":"en_GB","og_type":"article","og_title":"Manavgat Belediye Ba\u015fkan\u0131 Niyazi Nefi Kara tutukland\u0131","og_description":"Antalya&#8217;da, Manavgat Belediyesi&#8217;ne y\u00f6nelik ger\u00e7ekle\u015fen operasyonun ard\u0131ndan Belediye Ba\u015fkan\u0131 Niyazi Nefi Kara ve belediye ba\u015fkan yard\u0131mc\u0131lar\u0131n\u0131n da aralar\u0131nda bulundu\u011fu 34 ki\u015fi, 4 Temmuz&#8217;da g\u00f6zalt\u0131na al\u0131nm\u0131\u015ft\u0131. Antalya Emniyet M\u00fcd\u00fcrl\u00fc\u011f\u00fc&#8217;nde ifade i\u015flemleri tamamlanan, aralar\u0131nda CHP&#8217;li Belediye Ba\u015fkan\u0131 Niyazi Nefi Kara&#8217;n\u0131n da bulundu\u011fu 25 \u015f\u00fcpheli ise 4 g\u00fcn s\u00fcren i\u015flemlerinin ard\u0131ndan sabah saatlerinde Manavgat Adliyesi&#8217;ne sevk edildi. Ba\u015fkan Kara sulh ceza hakimli\u011fi taraf\u0131ndan &#8220;r\u00fc\u015fvet&#8221; soru\u015fturmas\u0131nda tutukland\u0131. NE OLMU\u015eTU? Manavgat Cumhuriyet Ba\u015fsavc\u0131l\u0131\u011f\u0131nca otel tadilat\u0131, in\u015faat ruhsat\u0131 ve iskan ba\u015fvurular\u0131yla ilgili r\u00fc\u015fvet al\u0131nd\u0131\u011f\u0131 iddias\u0131 \u00fczerine ba\u015flat\u0131lan soru\u015fturman\u0131n ard\u0131ndan, \u0130l Emniyet M\u00fcd\u00fcrl\u00fc\u011f\u00fcn\u00fcn y\u00fcr\u00fctt\u00fc\u011f\u00fc \u00e7al\u0131\u015fma kapsam\u0131nda \u015f\u00fcphelilere y\u00f6nelik 4 ayl\u0131k teknik ve fiziki takip ger\u00e7ekle\u015ftirilmi\u015fti. Takiplerin ard\u0131ndan Belediye Ba\u015fkan\u0131 Kara&#8217;n\u0131n ye\u011feni H.C.G. arac\u0131l\u0131\u011f\u0131yla r\u00fc\u015fvet istendi\u011fi, r\u00fc\u015fvet al\u0131nmadan ruhsat verilmedi\u011fi \u00f6ne s\u00fcr\u00fclm\u00fc\u015ft\u00fc. Ayr\u0131c\u0131 Manavgat Belediyesi, belediyeye ba\u011fl\u0131 i\u015ftirakler ve spor kul\u00fcb\u00fc \u00fczerinden kurulan paravan \u015firketler arac\u0131l\u0131\u011f\u0131yla hizmet veya mal al\u0131m\u0131 yap\u0131ld\u0131\u011f\u0131, sahte faturalarla haks\u0131z menfaat sa\u011fland\u0131\u011f\u0131 ve \u015f\u00fcphelilerin bu yolla yakla\u015f\u0131k 800 milyon liray\u0131 \u00fczerlerine ge\u00e7irdi\u011fi iddia edilmi\u015fti. Belediyeye d\u00fczenlenen operasyonda, Belediye Ba\u015fkan\u0131 Kara ile belediye ba\u015fkan yard\u0131mc\u0131lar\u0131n\u0131n da aralar\u0131nda bulundu\u011fu 34 ki\u015fi g\u00f6zalt\u0131na al\u0131nm\u0131\u015ft\u0131. Emniyetteki ifade i\u015flemlerinin ard\u0131ndan adliyeye sevk edilen belediye meclis \u00fcyesi Mehmet Tosak ile i\u015f insanlar\u0131 Mesut Kara, \u0130lker G\u00fcnay, Mehmet Ali Fansa, Kemal Ta\u015f ve \u015e\u00fckr\u00fc Ilg\u0131n d\u00fcn tutuklanm\u0131\u015ft\u0131. \u015e\u00fcphelilerin ifadelerinin ard\u0131ndan 7 &hellip;","og_url":"https:\/\/denizcankizil.tr\/en\/haberler\/gundem\/manavgat-belediye-baskani-niyazi-nefi-kara-tutuklandi\/","og_site_name":"Av. Deniz Can K\u0131z\u0131l","article_published_time":"2025-07-08T14:41:15+00:00","author":"Antalya K\u00f6rfez","twitter_card":"summary_large_image","twitter_misc":{"Written by":"Antalya K\u00f6rfez","Estimated reading time":"2 minutes"},"schema":{"@context":"https:\/\/schema.org","@graph":[{"@type":"Article","@id":"https:\/\/denizcankizil.tr\/ru\/haberler\/gundem\/manavgat-belediye-baskani-niyazi-nefi-kara-tutuklandi\/#article","isPartOf":{"@id":"https:\/\/denizcankizil.tr\/ru\/haberler\/gundem\/manavgat-belediye-baskani-niyazi-nefi-kara-tutuklandi\/"},"author":{"name":"Antalya K\u00f6rfez","@id":"https:\/\/denizcankizil.tr\/de\/#\/schema\/person\/e1eb71bb4dd684d46563f0af307e1234"},"headline":"Manavgat Belediye Ba\u015fkan\u0131 Niyazi Nefi Kara tutukland\u0131","datePublished":"2025-07-08T14:41:15+00:00","mainEntityOfPage":{"@id":"https:\/\/denizcankizil.tr\/ru\/haberler\/gundem\/manavgat-belediye-baskani-niyazi-nefi-kara-tutuklandi\/"},"wordCount":389,"publisher":{"@id":"https:\/\/denizcankizil.tr\/de\/#organization"},"articleSection":["G\u00fcndem"],"inLanguage":"en-GB"},{"@type":"WebPage","@id":"https:\/\/denizcankizil.tr\/ru\/haberler\/gundem\/manavgat-belediye-baskani-niyazi-nefi-kara-tutuklandi\/","url":"https:\/\/denizcankizil.tr\/ru\/haberler\/gundem\/manavgat-belediye-baskani-niyazi-nefi-kara-tutuklandi\/","name":"Manavgat Belediye Ba\u015fkan\u0131 Niyazi Nefi Kara tutukland\u0131 - Av. Deniz Can K\u0131z\u0131l","isPartOf":{"@id":"https:\/\/denizcankizil.tr\/de\/#website"},"datePublished":"2025-07-08T14:41:15+00:00","breadcrumb":{"@id":"https:\/\/denizcankizil.tr\/ru\/haberler\/gundem\/manavgat-belediye-baskani-niyazi-nefi-kara-tutuklandi\/#breadcrumb"},"inLanguage":"en-GB","potentialAction":[{"@type":"ReadAction","target":["https:\/\/denizcankizil.tr\/ru\/haberler\/gundem\/manavgat-belediye-baskani-niyazi-nefi-kara-tutuklandi\/"]}]},{"@type":"BreadcrumbList","@id":"https:\/\/denizcankizil.tr\/ru\/haberler\/gundem\/manavgat-belediye-baskani-niyazi-nefi-kara-tutuklandi\/#breadcrumb","itemListElement":[{"@type":"ListItem","position":1,"name":"Home","item":"https:\/\/denizcankizil.tr\/de\/"},{"@type":"ListItem","position":2,"name":"Manavgat Belediye Ba\u015fkan\u0131 Niyazi Nefi Kara tutukland\u0131"}]},{"@type":"WebSite","@id":"https:\/\/denizcankizil.tr\/de\/#website","url":"https:\/\/denizcankizil.tr\/de\/","name":"Av. Deniz Can K\u0131z\u0131l","description":"Avukat Deniz Can K\u0131z\u0131l Antalya Barosu","publisher":{"@id":"https:\/\/denizcankizil.tr\/de\/#organization"},"potentialAction":[{"@type":"SearchAction","target":{"@type":"EntryPoint","urlTemplate":"https:\/\/denizcankizil.tr\/de\/?s={search_term_string}"},"query-input":{"@type":"PropertyValueSpecification","valueRequired":true,"valueName":"search_term_string"}}],"inLanguage":"en-GB"},{"@type":"Organization","@id":"https:\/\/denizcankizil.tr\/de\/#organization","name":"Av. Deniz Can K\u0131z\u0131l","url":"https:\/\/denizcankizil.tr\/de\/","logo":{"@type":"ImageObject","inLanguage":"en-GB","@id":"https:\/\/denizcankizil.tr\/de\/#\/schema\/logo\/image\/","url":"https:\/\/denizcankizil.tr\/wp-content\/uploads\/2024\/10\/siyah-logo-svg.svg","contentUrl":"https:\/\/denizcankizil.tr\/wp-content\/uploads\/2024\/10\/siyah-logo-svg.svg","width":1080,"height":1080,"caption":"Av. Deniz Can K\u0131z\u0131l"},"image":{"@id":"https:\/\/denizcankizil.tr\/de\/#\/schema\/logo\/image\/"}},{"@type":"Person","@id":"https:\/\/denizcankizil.tr\/de\/#\/schema\/person\/e1eb71bb4dd684d46563f0af307e1234","name":"Antalya K\u00f6rfez","image":{"@type":"ImageObject","inLanguage":"en-GB","@id":"https:\/\/denizcankizil.tr\/de\/#\/schema\/person\/image\/","url":"https:\/\/secure.gravatar.com\/avatar\/42b01982558a48a0b501fdcab6a408d3717ea5919095ee2e67b0e521799c5905?s=96&d=mm&r=g","contentUrl":"https:\/\/secure.gravatar.com\/avatar\/42b01982558a48a0b501fdcab6a408d3717ea5919095ee2e67b0e521799c5905?s=96&d=mm&r=g","caption":"Antalya K\u00f6rfez"},"sameAs":["http:\/\/www.antalyakorfez.com"],"url":"https:\/\/www.antalyakorfez.com\/manavgat-belediye-baskani-niyazi-nefi-kara-tutuklandi"}]}},"_links":{"self":[{"href":"https:\/\/denizcankizil.tr\/en\/wp-json\/wp\/v2\/posts\/139931","targetHints":{"allow":["GET"]}}],"collection":[{"href":"https:\/\/denizcankizil.tr\/en\/wp-json\/wp\/v2\/posts"}],"about":[{"href":"https:\/\/denizcankizil.tr\/en\/wp-json\/wp\/v2\/types\/post"}],"author":[{"embeddable":true,"href":"https:\/\/denizcankizil.tr\/en\/wp-json\/wp\/v2\/users\/5"}],"replies":[{"embeddable":true,"href":"https:\/\/denizcankizil.tr\/en\/wp-json\/wp\/v2\/comments?post=139931"}],"version-history":[{"count":0,"href":"https:\/\/denizcankizil.tr\/en\/wp-json\/wp\/v2\/posts\/139931\/revisions"}],"wp:attachment":[{"href":"https:\/\/denizcankizil.tr\/en\/wp-json\/wp\/v2\/media?parent=139931"}],"wp:term":[{"taxonomy":"category","embeddable":true,"href":"https:\/\/denizcankizil.tr\/en\/wp-json\/wp\/v2\/categories?post=139931"},{"taxonomy":"post_tag","embeddable":true,"href":"https:\/\/denizcankizil.tr\/en\/wp-json\/wp\/v2\/tags?post=139931"}],"curies":[{"name":"wp","href":"https:\/\/api.w.org\/{rel}","templated":true}]}}