{"id":139808,"date":"2025-07-08T14:41:22","date_gmt":"2025-07-08T11:41:22","guid":{"rendered":"https:\/\/denizcankizil.tr\/uncategorized-tr\/gazeteci-tuluhan-tekelioglundan-muhittin-bocek-cikisi-hizmet-yok-tepki-yok\/"},"modified":"2025-07-08T14:41:22","modified_gmt":"2025-07-08T11:41:22","slug":"gazeteci-tuluhan-tekelioglundan-muhittin-bocek-cikisi-hizmet-yok-tepki-yok","status":"publish","type":"post","link":"https:\/\/denizcankizil.tr\/en\/haberler\/gundem\/gazeteci-tuluhan-tekelioglundan-muhittin-bocek-cikisi-hizmet-yok-tepki-yok\/","title":{"rendered":"Gazeteci Tuluhan Tekelio\u011flu&#8217;ndan Muhittin B\u00f6cek \u00e7\u0131k\u0131\u015f\u0131: &#8220;Hizmet yok tepki yok!&#8221;"},"content":{"rendered":"<p>&#8220;Aziz \u0130hsan Akta\u015f su\u00e7 \u00f6rg\u00fct\u00fc&#8221; iddias\u0131yla ba\u015flat\u0131lan soru\u015fturma kapsam\u0131nda 5 Temmuz&#8217;da g\u00f6zalt\u0131na al\u0131nan isimlerden Adana B\u00fcy\u00fck\u015fehir Belediye Ba\u015fkan\u0131 Zeydan Karalar ve Ad\u0131yaman Belediye Ba\u015fkan\u0131 Abdurrahman Tutdere, bu sabah sa\u011fl\u0131k kontrol\u00fcnden ge\u00e7irilerek \u0130stanbul \u00c7a\u011flayan Adliyesi\u2019ne sevk edildi.<\/p>\n<p>Soru\u015fturma kapsam\u0131nda, Adana, Antalya, Ad\u0131yaman b\u00fcy\u00fck\u015fehir belediye ba\u015fkanlar\u0131 ile B\u00fcy\u00fck\u00e7ekmece Belediye Ba\u015fkan Vekilinin de aralar\u0131nda bulundu\u011fu 13 ki\u015fi 5 Temmuz\u2019da g\u00f6zalt\u0131na al\u0131nm\u0131\u015ft\u0131.<\/p>\n<p>G\u00d6ZALTI S\u00dcRES\u0130 UZATILDI<\/p>\n<p>Operasyonun, etkin pi\u015fmanl\u0131ktan yararlanan Aziz \u0130hsan Akta\u015f ve \u00e7evresindekilerin ifadeleri do\u011frultusunda y\u00fcr\u00fct\u00fcld\u00fc\u011f\u00fc \u00f6\u011frenildi. Antalya B\u00fcy\u00fck\u015fehir Belediye Ba\u015fkan\u0131 Muhittin B\u00f6cek, 5 Temmuz&#8217;da \u00e7\u0131kar\u0131ld\u0131\u011f\u0131 mahkeme taraf\u0131ndan tutukland\u0131. Zeydan Karalar ve Abdurrahman Tutdere\u2019nin ise g\u00f6zalt\u0131 s\u00fcresi uzat\u0131lm\u0131\u015ft\u0131.<\/p>\n<p>SA\u011eLIK KONTROL\u00dc VE ADL\u0130YEYE SEVK<\/p>\n<p>Adana ve Ad\u0131yaman Belediye Ba\u015fkanlar\u0131 ile birlikte toplam 13 ki\u015fi, bu sabah Bayrampa\u015fa Devlet Hastanesi\u2019nde sa\u011fl\u0131k kontrol\u00fcnden ge\u00e7irildi. Ard\u0131ndan, dosya kapsam\u0131nda ifadeleri al\u0131nmak \u00fczere \u00c7a\u011flayan\u2019daki \u0130stanbul Adliyesi\u2019ne sevk edildi.<\/p>\n<p>MUH\u0130TT\u0130N B\u00d6CEK SAH\u0130PS\u0130Z KALDI!<\/p>\n<p>G\u00fcndemde geni\u015f yank\u0131 bulan ba\u015fl\u0131klar sonras\u0131 gazeteciler de geli\u015fmeleri sosyal medya hesaplar\u0131 arac\u0131l\u0131\u011f\u0131 ile yorumlad\u0131. Gazeteci Tuluhan Tekelio\u011flu&#8217;ndan ise konuya ili\u015fkin ilgin\u00e7 bir yakla\u015f\u0131m sergilendi. Antalya B\u00fcy\u00fck\u015fehir Belediye Ba\u015fkan\u0131 Muhittin B\u00f6cek&#8217;in tutuklanmas\u0131 sonras\u0131 halk\u0131n deste\u011finin zay\u0131f oldu\u011funu belirten Tekelio\u011flu, Adana halk\u0131n\u0131n Adana B\u00fcy\u00fck\u015fehir Belediye Ba\u015fkan\u0131 Zeydan Karalar&#8217;a sahip \u00e7\u0131kt\u0131\u011f\u0131n\u0131 belirtti.<\/p>\n<p>&#8220;ADANALILAR ZEYDAN KARALAR \u0130\u00c7\u0130N AYAKTA&#8221;<\/p>\n<p>Sosyal medya hesab\u0131 X&#8217;de yapt\u0131\u011f\u0131 payla\u015f\u0131mda, &#8220;Neden Antalya\u2019dan Muhittin B\u00f6cek i\u00e7in bir ses \u00e7\u0131kmad\u0131? Ama Adanal\u0131lar Zeydan Karalar i\u00e7in ayakta? \u00c7\u00fcnk\u00fc hizmet g\u00f6zle g\u00f6r\u00fcl\u00fcr. Somuttur&#8221; ifadelerini kullanan Tekelio\u011flu&#8217;nun a\u00e7\u0131klamalar\u0131 k\u0131sa s\u00fcrede yo\u011fun etkile\u015fim ald\u0131.<\/p>\n<p>&#8220;3 YILDIR ANTALYA&#8217;DA YA\u015eIYORUM&#8221;<\/p>\n<p>Tekelio\u011flu&#8217;na tepki g\u00f6steren ilk kullan\u0131c\u0131, &#8220;Antalya&#8217;da Antalyal\u0131 m\u0131 kald\u0131 da bunu yaz\u0131yorsunuz. Yaz\u0131k ger\u00e7ekten. Kimleri dinleyip kimleri seyredip paye vermi\u015fiz&#8221; de\u011ferlendirmesinde bulundu. Tekelio\u011flu&#8217;ndan yan\u0131t ise gecikmedi: &#8220;3 y\u0131ld\u0131r Antalya&#8217;da ya\u015f\u0131yorum.&#8221;<\/p>\n<p>Di\u011fer sosyal medya kullan\u0131c\u0131lar\u0131 da Tekelio\u011flu&#8217;nu ele\u015ftiri ya\u011fmuruna tuttu. \u0130\u015fte Tekelio\u011flu&#8217;nun bu kez yan\u0131t hakk\u0131n\u0131 kullanmad\u0131\u011f\u0131 di\u011fer ele\u015ftiri oklar\u0131:<\/p>\n<p>&#8220;Bu yanl\u0131\u015f bir yakla\u015f\u0131m Tuluhan han\u0131m. Burada as\u0131l mesele hizmet de\u011fil, ba\u015fkan\u0131n hukuksuz yere tutuklanmas\u0131.&#8221;<\/p>\n<p>&#8220;Bazan kibir kulelerinden ahkam \u00e7ok iyidir.Srs getirir.&#8221;<\/p>\n<p>&#8220;De\u011fil, Adanay\u0131 halk Antalyay\u0131 turizm y\u00f6netiyor&#8221;<\/p>\n<p>&#8220;\u00c7ok hizmet var denmez ama adanali yaln\u0131z b\u0131rakmaz ayr\u0131ca seyhan dan dolay\u0131 su\u00e7lan\u0131yor ba\u015fkan o da ayr\u0131 bir konu..&#8221;<\/p>\n<p>&#8220;Tuluhan bu masum bir twit de\u011fil beklentin nedir&#8221;<\/p>\n<p>&#8220;Muhittin bey\u2019in 2kez se\u00e7ilmesi asl\u0131nda biraz zoraki oldu. \u00dcmit Uysal ba\u015fkan en etkili adayd\u0131. Son pm aday belirlemede bir \u015fekilde geride b\u0131rak\u0131ld\u0131. Neyse her \u015ferde bir hay\u0131r var. \u00dcmit Bey Muratpa\u015fa\u2019ya hizmete devam ediyor. Gelecek se\u00e7imde de ba\u015fkan olur umar\u0131m. Ama\u2019s\u0131z fakat\u2019s\u0131z.&#8221;<\/p>\n<p>&#8220;Adanaya hi\u00e7 hizmet yok 10 y\u0131ld\u0131r Adana da ya\u015f\u0131yorum ve bir ad\u0131m ileri gidilmedi.Bu ki\u015fisel de\u011fil Adana halk\u0131n\u0131n duyarl\u0131l\u0131\u011f\u0131ndan\u0131r.&#8221;<\/p>\n<p>&#8220;Burada kriter farkl\u0131,hizmetten \u00f6nce gelen durumlar var.&#8221;<\/p>\n<p>&#8220;Muhittin B\u00f6cek&#8217;i sevmedi\u011fimiz ve mecburen oy verdi\u011fimiz ger\u00e7e\u011fini saklayacak de\u011filiz. Ama kime yap\u0131l\u0131rsa yap\u0131ls\u0131n hukuksuzlu\u011fun kar\u015f\u0131s\u0131nday\u0131z.&#8221;<\/p>\n<p>&#8220;bi de Muhittin K\u00fcrt d\u00fc\u015fman\u0131 .. Tanju \u00d6zcan gibim bi\u015fey&#8221;<\/p>\n<p>&#8220;Bu c\u00fcmleyi kurmak i\u00e7in &#8216;yay\u0131nc\u0131&#8217; s\u0131fat\u0131 ta\u015f\u0131yor olmak yeter!&#8221;<\/p>\n<p>&#8220;Pek hizmet yok Adana&#8217;da. Sadece sahip \u00e7\u0131kmaya \u00e7al\u0131\u015f\u0131yorlar&#8221;<\/p>\n<p>&#8220;Pes diyorum ba\u015fka da bir\u015fey demiyorum. Takip etmiyordum, ak\u0131\u015fa d\u00fc\u015ft\u00fc hemen engeli koyuyorum.&#8221;<\/p>\n<p>&#8220;Biz belediyelerimizin b\u00fct\u00fcn kaynaklar\u0131n\u0131n ellerinden al\u0131nd\u0131\u011f\u0131n\u0131, hizmet yapacak b\u00fct\u00e7e verilmedi\u011fini, canlar\u0131 \u00e7\u0131kas\u0131ya silkelendiklerini g\u00f6r\u00fcyoruz.<br \/>\nD\u00fcr\u00fcst \u00e7al\u0131\u015fan her ba\u015fkan\u0131m\u0131z\u0131n her zaman arkalar\u0131nda duraca\u011f\u0131z.&#8221;<\/p>\n<p>\u200bGazeteci Tuluhan Tekelio\u011flu Antalya B\u00fcy\u00fck\u015fehir Belediye Ba\u015fkan\u0131 Muhittin B\u00f6cek&#8217;in tutuklanmas\u0131 sonra Antalya halk\u0131n\u0131n yeteli d\u00fczeyde tepki g\u00f6stermedi\u011fini belirterek, g\u00f6zlemledi\u011fi tabloyu, &#8220;\u00c7\u00fcnk\u00fc hizmet g\u00f6zle g\u00f6r\u00fcl\u00fcr somuttur ifadeleri ile yorumlad\u0131.\u00a0<\/p>\n<p>\u200bHaberin Al\u0131nt\u0131land\u0131\u011f\u0131 Kaynak: www.antalyakorfez.com<\/p>","protected":false},"excerpt":{"rendered":"<p>&#8220;Aziz \u0130hsan Akta\u015f su\u00e7 \u00f6rg\u00fct\u00fc&#8221; iddias\u0131yla ba\u015flat\u0131lan soru\u015fturma kapsam\u0131nda 5 Temmuz&#8217;da g\u00f6zalt\u0131na al\u0131nan isimlerden Adana B\u00fcy\u00fck\u015fehir Belediye Ba\u015fkan\u0131 Zeydan Karalar ve Ad\u0131yaman Belediye Ba\u015fkan\u0131 Abdurrahman Tutdere, bu sabah sa\u011fl\u0131k kontrol\u00fcnden ge\u00e7irilerek \u0130stanbul \u00c7a\u011flayan Adliyesi\u2019ne sevk edildi. Soru\u015fturma kapsam\u0131nda, Adana, Antalya, Ad\u0131yaman b\u00fcy\u00fck\u015fehir belediye ba\u015fkanlar\u0131 ile B\u00fcy\u00fck\u00e7ekmece Belediye Ba\u015fkan Vekilinin de aralar\u0131nda bulundu\u011fu 13 ki\u015fi 5 Temmuz\u2019da g\u00f6zalt\u0131na al\u0131nm\u0131\u015ft\u0131. G\u00d6ZALTI S\u00dcRES\u0130 UZATILDI Operasyonun, etkin pi\u015fmanl\u0131ktan yararlanan Aziz \u0130hsan Akta\u015f ve \u00e7evresindekilerin ifadeleri do\u011frultusunda y\u00fcr\u00fct\u00fcld\u00fc\u011f\u00fc \u00f6\u011frenildi. Antalya B\u00fcy\u00fck\u015fehir Belediye Ba\u015fkan\u0131 Muhittin B\u00f6cek, 5 Temmuz&#8217;da \u00e7\u0131kar\u0131ld\u0131\u011f\u0131 mahkeme taraf\u0131ndan tutukland\u0131. Zeydan Karalar ve Abdurrahman Tutdere\u2019nin ise g\u00f6zalt\u0131 s\u00fcresi uzat\u0131lm\u0131\u015ft\u0131. SA\u011eLIK KONTROL\u00dc VE ADL\u0130YEYE SEVK Adana ve Ad\u0131yaman Belediye Ba\u015fkanlar\u0131 ile birlikte toplam 13 ki\u015fi, bu sabah Bayrampa\u015fa Devlet Hastanesi\u2019nde sa\u011fl\u0131k kontrol\u00fcnden ge\u00e7irildi. Ard\u0131ndan, dosya kapsam\u0131nda ifadeleri al\u0131nmak \u00fczere \u00c7a\u011flayan\u2019daki \u0130stanbul Adliyesi\u2019ne sevk edildi. MUH\u0130TT\u0130N B\u00d6CEK SAH\u0130PS\u0130Z KALDI! G\u00fcndemde geni\u015f yank\u0131 bulan ba\u015fl\u0131klar sonras\u0131 gazeteciler de geli\u015fmeleri sosyal medya hesaplar\u0131 arac\u0131l\u0131\u011f\u0131 ile yorumlad\u0131. Gazeteci Tuluhan Tekelio\u011flu&#8217;ndan ise konuya ili\u015fkin ilgin\u00e7 bir yakla\u015f\u0131m sergilendi. Antalya B\u00fcy\u00fck\u015fehir Belediye Ba\u015fkan\u0131 Muhittin B\u00f6cek&#8217;in tutuklanmas\u0131 sonras\u0131 halk\u0131n deste\u011finin zay\u0131f oldu\u011funu belirten Tekelio\u011flu, Adana halk\u0131n\u0131n Adana B\u00fcy\u00fck\u015fehir Belediye Ba\u015fkan\u0131 Zeydan Karalar&#8217;a sahip \u00e7\u0131kt\u0131\u011f\u0131n\u0131 belirtti. &#8220;ADANALILAR ZEYDAN KARALAR \u0130\u00c7\u0130N AYAKTA&#8221; Sosyal medya hesab\u0131 X&#8217;de yapt\u0131\u011f\u0131 payla\u015f\u0131mda, &#8220;Neden Antalya\u2019dan Muhittin B\u00f6cek i\u00e7in bir &hellip;<\/p>","protected":false},"author":5,"featured_media":0,"comment_status":"","ping_status":"open","sticky":false,"template":"","format":"standard","meta":{"_acf_changed":false,"footnotes":""},"categories":[24],"tags":[],"class_list":["post-139808","post","type-post","status-publish","format-standard","has-post-thumbnail","hentry","category-gundem"],"acf":[],"yoast_head":"<!-- This site is optimized with the Yoast SEO Premium plugin v26.6 (Yoast SEO v27.1.1) - https:\/\/yoast.com\/product\/yoast-seo-premium-wordpress\/ -->\n<title>Gazeteci Tuluhan Tekelio\u011flu&#039;ndan Muhittin B\u00f6cek \u00e7\u0131k\u0131\u015f\u0131: &quot;Hizmet yok tepki yok!&quot; - Av. Deniz Can K\u0131z\u0131l<\/title>\n<meta name=\"robots\" content=\"index, follow, max-snippet:-1, max-image-preview:large, max-video-preview:-1\" \/>\n<link rel=\"canonical\" href=\"http:\/\/denizcankizil.tr\/en\/haberler\/gundem\/gazeteci-tuluhan-tekelioglundan-muhittin-bocek-cikisi-hizmet-yok-tepki-yok\/\" \/>\n<meta property=\"og:locale\" content=\"en_GB\" \/>\n<meta property=\"og:type\" content=\"article\" \/>\n<meta property=\"og:title\" content=\"Gazeteci Tuluhan Tekelio\u011flu&#039;ndan Muhittin B\u00f6cek \u00e7\u0131k\u0131\u015f\u0131: &quot;Hizmet yok tepki yok!&quot;\" \/>\n<meta property=\"og:description\" content=\"&#8220;Aziz \u0130hsan Akta\u015f su\u00e7 \u00f6rg\u00fct\u00fc&#8221; iddias\u0131yla ba\u015flat\u0131lan soru\u015fturma kapsam\u0131nda 5 Temmuz&#8217;da g\u00f6zalt\u0131na al\u0131nan isimlerden Adana B\u00fcy\u00fck\u015fehir Belediye Ba\u015fkan\u0131 Zeydan Karalar ve Ad\u0131yaman Belediye Ba\u015fkan\u0131 Abdurrahman Tutdere, bu sabah sa\u011fl\u0131k kontrol\u00fcnden ge\u00e7irilerek \u0130stanbul \u00c7a\u011flayan Adliyesi\u2019ne sevk edildi. Soru\u015fturma kapsam\u0131nda, Adana, Antalya, Ad\u0131yaman b\u00fcy\u00fck\u015fehir belediye ba\u015fkanlar\u0131 ile B\u00fcy\u00fck\u00e7ekmece Belediye Ba\u015fkan Vekilinin de aralar\u0131nda bulundu\u011fu 13 ki\u015fi 5 Temmuz\u2019da g\u00f6zalt\u0131na al\u0131nm\u0131\u015ft\u0131. G\u00d6ZALTI S\u00dcRES\u0130 UZATILDI Operasyonun, etkin pi\u015fmanl\u0131ktan yararlanan Aziz \u0130hsan Akta\u015f ve \u00e7evresindekilerin ifadeleri do\u011frultusunda y\u00fcr\u00fct\u00fcld\u00fc\u011f\u00fc \u00f6\u011frenildi. Antalya B\u00fcy\u00fck\u015fehir Belediye Ba\u015fkan\u0131 Muhittin B\u00f6cek, 5 Temmuz&#8217;da \u00e7\u0131kar\u0131ld\u0131\u011f\u0131 mahkeme taraf\u0131ndan tutukland\u0131. Zeydan Karalar ve Abdurrahman Tutdere\u2019nin ise g\u00f6zalt\u0131 s\u00fcresi uzat\u0131lm\u0131\u015ft\u0131. SA\u011eLIK KONTROL\u00dc VE ADL\u0130YEYE SEVK Adana ve Ad\u0131yaman Belediye Ba\u015fkanlar\u0131 ile birlikte toplam 13 ki\u015fi, bu sabah Bayrampa\u015fa Devlet Hastanesi\u2019nde sa\u011fl\u0131k kontrol\u00fcnden ge\u00e7irildi. Ard\u0131ndan, dosya kapsam\u0131nda ifadeleri al\u0131nmak \u00fczere \u00c7a\u011flayan\u2019daki \u0130stanbul Adliyesi\u2019ne sevk edildi. MUH\u0130TT\u0130N B\u00d6CEK SAH\u0130PS\u0130Z KALDI! G\u00fcndemde geni\u015f yank\u0131 bulan ba\u015fl\u0131klar sonras\u0131 gazeteciler de geli\u015fmeleri sosyal medya hesaplar\u0131 arac\u0131l\u0131\u011f\u0131 ile yorumlad\u0131. Gazeteci Tuluhan Tekelio\u011flu&#8217;ndan ise konuya ili\u015fkin ilgin\u00e7 bir yakla\u015f\u0131m sergilendi. Antalya B\u00fcy\u00fck\u015fehir Belediye Ba\u015fkan\u0131 Muhittin B\u00f6cek&#8217;in tutuklanmas\u0131 sonras\u0131 halk\u0131n deste\u011finin zay\u0131f oldu\u011funu belirten Tekelio\u011flu, Adana halk\u0131n\u0131n Adana B\u00fcy\u00fck\u015fehir Belediye Ba\u015fkan\u0131 Zeydan Karalar&#8217;a sahip \u00e7\u0131kt\u0131\u011f\u0131n\u0131 belirtti. &#8220;ADANALILAR ZEYDAN KARALAR \u0130\u00c7\u0130N AYAKTA&#8221; Sosyal medya hesab\u0131 X&#8217;de yapt\u0131\u011f\u0131 payla\u015f\u0131mda, &#8220;Neden Antalya\u2019dan Muhittin B\u00f6cek i\u00e7in bir &hellip;\" \/>\n<meta property=\"og:url\" content=\"http:\/\/denizcankizil.tr\/en\/haberler\/gundem\/gazeteci-tuluhan-tekelioglundan-muhittin-bocek-cikisi-hizmet-yok-tepki-yok\/\" \/>\n<meta property=\"og:site_name\" content=\"Av. Deniz Can K\u0131z\u0131l\" \/>\n<meta property=\"article:published_time\" content=\"2025-07-08T11:41:22+00:00\" \/>\n<meta name=\"author\" content=\"Antalya K\u00f6rfez\" \/>\n<meta name=\"twitter:card\" content=\"summary_large_image\" \/>\n<meta name=\"twitter:label1\" content=\"Written by\" \/>\n\t<meta name=\"twitter:data1\" content=\"Antalya K\u00f6rfez\" \/>\n\t<meta name=\"twitter:label2\" content=\"Estimated reading time\" \/>\n\t<meta name=\"twitter:data2\" content=\"4 minutes\" \/>\n<script type=\"application\/ld+json\" class=\"yoast-schema-graph\">{\"@context\":\"https:\/\/schema.org\",\"@graph\":[{\"@type\":\"Article\",\"@id\":\"http:\/\/denizcankizil.tr\/de\/haberler\/gundem\/gazeteci-tuluhan-tekelioglundan-muhittin-bocek-cikisi-hizmet-yok-tepki-yok\/#article\",\"isPartOf\":{\"@id\":\"http:\/\/denizcankizil.tr\/de\/haberler\/gundem\/gazeteci-tuluhan-tekelioglundan-muhittin-bocek-cikisi-hizmet-yok-tepki-yok\/\"},\"author\":{\"name\":\"Antalya K\u00f6rfez\",\"@id\":\"https:\/\/denizcankizil.tr\/de\/#\/schema\/person\/e1eb71bb4dd684d46563f0af307e1234\"},\"headline\":\"Gazeteci Tuluhan Tekelio\u011flu&#8217;ndan Muhittin B\u00f6cek \u00e7\u0131k\u0131\u015f\u0131: &#8220;Hizmet yok tepki yok!&#8221;\",\"datePublished\":\"2025-07-08T11:41:22+00:00\",\"mainEntityOfPage\":{\"@id\":\"http:\/\/denizcankizil.tr\/de\/haberler\/gundem\/gazeteci-tuluhan-tekelioglundan-muhittin-bocek-cikisi-hizmet-yok-tepki-yok\/\"},\"wordCount\":791,\"publisher\":{\"@id\":\"https:\/\/denizcankizil.tr\/de\/#organization\"},\"articleSection\":[\"G\u00fcndem\"],\"inLanguage\":\"en-GB\"},{\"@type\":\"WebPage\",\"@id\":\"http:\/\/denizcankizil.tr\/de\/haberler\/gundem\/gazeteci-tuluhan-tekelioglundan-muhittin-bocek-cikisi-hizmet-yok-tepki-yok\/\",\"url\":\"http:\/\/denizcankizil.tr\/de\/haberler\/gundem\/gazeteci-tuluhan-tekelioglundan-muhittin-bocek-cikisi-hizmet-yok-tepki-yok\/\",\"name\":\"Gazeteci Tuluhan Tekelio\u011flu'ndan Muhittin B\u00f6cek \u00e7\u0131k\u0131\u015f\u0131: \\\"Hizmet yok tepki yok!\\\" - Av. Deniz Can K\u0131z\u0131l\",\"isPartOf\":{\"@id\":\"https:\/\/denizcankizil.tr\/de\/#website\"},\"datePublished\":\"2025-07-08T11:41:22+00:00\",\"breadcrumb\":{\"@id\":\"http:\/\/denizcankizil.tr\/de\/haberler\/gundem\/gazeteci-tuluhan-tekelioglundan-muhittin-bocek-cikisi-hizmet-yok-tepki-yok\/#breadcrumb\"},\"inLanguage\":\"en-GB\",\"potentialAction\":[{\"@type\":\"ReadAction\",\"target\":[\"http:\/\/denizcankizil.tr\/de\/haberler\/gundem\/gazeteci-tuluhan-tekelioglundan-muhittin-bocek-cikisi-hizmet-yok-tepki-yok\/\"]}]},{\"@type\":\"BreadcrumbList\",\"@id\":\"http:\/\/denizcankizil.tr\/de\/haberler\/gundem\/gazeteci-tuluhan-tekelioglundan-muhittin-bocek-cikisi-hizmet-yok-tepki-yok\/#breadcrumb\",\"itemListElement\":[{\"@type\":\"ListItem\",\"position\":1,\"name\":\"Home\",\"item\":\"https:\/\/denizcankizil.tr\/de\/\"},{\"@type\":\"ListItem\",\"position\":2,\"name\":\"Gazeteci Tuluhan Tekelio\u011flu&#8217;ndan Muhittin B\u00f6cek \u00e7\u0131k\u0131\u015f\u0131: &#8220;Hizmet yok tepki yok!&#8221;\"}]},{\"@type\":\"WebSite\",\"@id\":\"https:\/\/denizcankizil.tr\/de\/#website\",\"url\":\"https:\/\/denizcankizil.tr\/de\/\",\"name\":\"Av. Deniz Can K\u0131z\u0131l\",\"description\":\"Avukat Deniz Can K\u0131z\u0131l Antalya Barosu\",\"publisher\":{\"@id\":\"https:\/\/denizcankizil.tr\/de\/#organization\"},\"potentialAction\":[{\"@type\":\"SearchAction\",\"target\":{\"@type\":\"EntryPoint\",\"urlTemplate\":\"https:\/\/denizcankizil.tr\/de\/?s={search_term_string}\"},\"query-input\":{\"@type\":\"PropertyValueSpecification\",\"valueRequired\":true,\"valueName\":\"search_term_string\"}}],\"inLanguage\":\"en-GB\"},{\"@type\":\"Organization\",\"@id\":\"https:\/\/denizcankizil.tr\/de\/#organization\",\"name\":\"Av. Deniz Can K\u0131z\u0131l\",\"url\":\"https:\/\/denizcankizil.tr\/de\/\",\"logo\":{\"@type\":\"ImageObject\",\"inLanguage\":\"en-GB\",\"@id\":\"https:\/\/denizcankizil.tr\/de\/#\/schema\/logo\/image\/\",\"url\":\"https:\/\/denizcankizil.tr\/wp-content\/uploads\/2024\/10\/siyah-logo-svg.svg\",\"contentUrl\":\"https:\/\/denizcankizil.tr\/wp-content\/uploads\/2024\/10\/siyah-logo-svg.svg\",\"width\":1080,\"height\":1080,\"caption\":\"Av. Deniz Can K\u0131z\u0131l\"},\"image\":{\"@id\":\"https:\/\/denizcankizil.tr\/de\/#\/schema\/logo\/image\/\"}},{\"@type\":\"Person\",\"@id\":\"https:\/\/denizcankizil.tr\/de\/#\/schema\/person\/e1eb71bb4dd684d46563f0af307e1234\",\"name\":\"Antalya K\u00f6rfez\",\"image\":{\"@type\":\"ImageObject\",\"inLanguage\":\"en-GB\",\"@id\":\"https:\/\/denizcankizil.tr\/de\/#\/schema\/person\/image\/\",\"url\":\"https:\/\/secure.gravatar.com\/avatar\/42b01982558a48a0b501fdcab6a408d3717ea5919095ee2e67b0e521799c5905?s=96&d=mm&r=g\",\"contentUrl\":\"https:\/\/secure.gravatar.com\/avatar\/42b01982558a48a0b501fdcab6a408d3717ea5919095ee2e67b0e521799c5905?s=96&d=mm&r=g\",\"caption\":\"Antalya K\u00f6rfez\"},\"sameAs\":[\"http:\/\/www.antalyakorfez.com\"],\"url\":\"https:\/\/www.antalyakorfez.com\/gazeteci-tuluhan-tekelioglundan-muhittin-bocek-cikisi-hizmet-yok-tepki-yok\"}]}<\/script>\n<!-- \/ Yoast SEO Premium plugin. -->","yoast_head_json":{"title":"Gazeteci Tuluhan Tekelio\u011flu'ndan Muhittin B\u00f6cek \u00e7\u0131k\u0131\u015f\u0131: \"Hizmet yok tepki yok!\" - Av. Deniz Can K\u0131z\u0131l","robots":{"index":"index","follow":"follow","max-snippet":"max-snippet:-1","max-image-preview":"max-image-preview:large","max-video-preview":"max-video-preview:-1"},"canonical":"http:\/\/denizcankizil.tr\/en\/haberler\/gundem\/gazeteci-tuluhan-tekelioglundan-muhittin-bocek-cikisi-hizmet-yok-tepki-yok\/","og_locale":"en_GB","og_type":"article","og_title":"Gazeteci Tuluhan Tekelio\u011flu'ndan Muhittin B\u00f6cek \u00e7\u0131k\u0131\u015f\u0131: \"Hizmet yok tepki yok!\"","og_description":"&#8220;Aziz \u0130hsan Akta\u015f su\u00e7 \u00f6rg\u00fct\u00fc&#8221; iddias\u0131yla ba\u015flat\u0131lan soru\u015fturma kapsam\u0131nda 5 Temmuz&#8217;da g\u00f6zalt\u0131na al\u0131nan isimlerden Adana B\u00fcy\u00fck\u015fehir Belediye Ba\u015fkan\u0131 Zeydan Karalar ve Ad\u0131yaman Belediye Ba\u015fkan\u0131 Abdurrahman Tutdere, bu sabah sa\u011fl\u0131k kontrol\u00fcnden ge\u00e7irilerek \u0130stanbul \u00c7a\u011flayan Adliyesi\u2019ne sevk edildi. Soru\u015fturma kapsam\u0131nda, Adana, Antalya, Ad\u0131yaman b\u00fcy\u00fck\u015fehir belediye ba\u015fkanlar\u0131 ile B\u00fcy\u00fck\u00e7ekmece Belediye Ba\u015fkan Vekilinin de aralar\u0131nda bulundu\u011fu 13 ki\u015fi 5 Temmuz\u2019da g\u00f6zalt\u0131na al\u0131nm\u0131\u015ft\u0131. G\u00d6ZALTI S\u00dcRES\u0130 UZATILDI Operasyonun, etkin pi\u015fmanl\u0131ktan yararlanan Aziz \u0130hsan Akta\u015f ve \u00e7evresindekilerin ifadeleri do\u011frultusunda y\u00fcr\u00fct\u00fcld\u00fc\u011f\u00fc \u00f6\u011frenildi. Antalya B\u00fcy\u00fck\u015fehir Belediye Ba\u015fkan\u0131 Muhittin B\u00f6cek, 5 Temmuz&#8217;da \u00e7\u0131kar\u0131ld\u0131\u011f\u0131 mahkeme taraf\u0131ndan tutukland\u0131. Zeydan Karalar ve Abdurrahman Tutdere\u2019nin ise g\u00f6zalt\u0131 s\u00fcresi uzat\u0131lm\u0131\u015ft\u0131. SA\u011eLIK KONTROL\u00dc VE ADL\u0130YEYE SEVK Adana ve Ad\u0131yaman Belediye Ba\u015fkanlar\u0131 ile birlikte toplam 13 ki\u015fi, bu sabah Bayrampa\u015fa Devlet Hastanesi\u2019nde sa\u011fl\u0131k kontrol\u00fcnden ge\u00e7irildi. Ard\u0131ndan, dosya kapsam\u0131nda ifadeleri al\u0131nmak \u00fczere \u00c7a\u011flayan\u2019daki \u0130stanbul Adliyesi\u2019ne sevk edildi. MUH\u0130TT\u0130N B\u00d6CEK SAH\u0130PS\u0130Z KALDI! G\u00fcndemde geni\u015f yank\u0131 bulan ba\u015fl\u0131klar sonras\u0131 gazeteciler de geli\u015fmeleri sosyal medya hesaplar\u0131 arac\u0131l\u0131\u011f\u0131 ile yorumlad\u0131. Gazeteci Tuluhan Tekelio\u011flu&#8217;ndan ise konuya ili\u015fkin ilgin\u00e7 bir yakla\u015f\u0131m sergilendi. Antalya B\u00fcy\u00fck\u015fehir Belediye Ba\u015fkan\u0131 Muhittin B\u00f6cek&#8217;in tutuklanmas\u0131 sonras\u0131 halk\u0131n deste\u011finin zay\u0131f oldu\u011funu belirten Tekelio\u011flu, Adana halk\u0131n\u0131n Adana B\u00fcy\u00fck\u015fehir Belediye Ba\u015fkan\u0131 Zeydan Karalar&#8217;a sahip \u00e7\u0131kt\u0131\u011f\u0131n\u0131 belirtti. &#8220;ADANALILAR ZEYDAN KARALAR \u0130\u00c7\u0130N AYAKTA&#8221; Sosyal medya hesab\u0131 X&#8217;de yapt\u0131\u011f\u0131 payla\u015f\u0131mda, &#8220;Neden Antalya\u2019dan Muhittin B\u00f6cek i\u00e7in bir &hellip;","og_url":"http:\/\/denizcankizil.tr\/en\/haberler\/gundem\/gazeteci-tuluhan-tekelioglundan-muhittin-bocek-cikisi-hizmet-yok-tepki-yok\/","og_site_name":"Av. Deniz Can K\u0131z\u0131l","article_published_time":"2025-07-08T11:41:22+00:00","author":"Antalya K\u00f6rfez","twitter_card":"summary_large_image","twitter_misc":{"Written by":"Antalya K\u00f6rfez","Estimated reading time":"4 minutes"},"schema":{"@context":"https:\/\/schema.org","@graph":[{"@type":"Article","@id":"http:\/\/denizcankizil.tr\/de\/haberler\/gundem\/gazeteci-tuluhan-tekelioglundan-muhittin-bocek-cikisi-hizmet-yok-tepki-yok\/#article","isPartOf":{"@id":"http:\/\/denizcankizil.tr\/de\/haberler\/gundem\/gazeteci-tuluhan-tekelioglundan-muhittin-bocek-cikisi-hizmet-yok-tepki-yok\/"},"author":{"name":"Antalya K\u00f6rfez","@id":"https:\/\/denizcankizil.tr\/de\/#\/schema\/person\/e1eb71bb4dd684d46563f0af307e1234"},"headline":"Gazeteci Tuluhan Tekelio\u011flu&#8217;ndan Muhittin B\u00f6cek \u00e7\u0131k\u0131\u015f\u0131: &#8220;Hizmet yok tepki yok!&#8221;","datePublished":"2025-07-08T11:41:22+00:00","mainEntityOfPage":{"@id":"http:\/\/denizcankizil.tr\/de\/haberler\/gundem\/gazeteci-tuluhan-tekelioglundan-muhittin-bocek-cikisi-hizmet-yok-tepki-yok\/"},"wordCount":791,"publisher":{"@id":"https:\/\/denizcankizil.tr\/de\/#organization"},"articleSection":["G\u00fcndem"],"inLanguage":"en-GB"},{"@type":"WebPage","@id":"http:\/\/denizcankizil.tr\/de\/haberler\/gundem\/gazeteci-tuluhan-tekelioglundan-muhittin-bocek-cikisi-hizmet-yok-tepki-yok\/","url":"http:\/\/denizcankizil.tr\/de\/haberler\/gundem\/gazeteci-tuluhan-tekelioglundan-muhittin-bocek-cikisi-hizmet-yok-tepki-yok\/","name":"Gazeteci Tuluhan Tekelio\u011flu'ndan Muhittin B\u00f6cek \u00e7\u0131k\u0131\u015f\u0131: \"Hizmet yok tepki yok!\" - Av. Deniz Can K\u0131z\u0131l","isPartOf":{"@id":"https:\/\/denizcankizil.tr\/de\/#website"},"datePublished":"2025-07-08T11:41:22+00:00","breadcrumb":{"@id":"http:\/\/denizcankizil.tr\/de\/haberler\/gundem\/gazeteci-tuluhan-tekelioglundan-muhittin-bocek-cikisi-hizmet-yok-tepki-yok\/#breadcrumb"},"inLanguage":"en-GB","potentialAction":[{"@type":"ReadAction","target":["http:\/\/denizcankizil.tr\/de\/haberler\/gundem\/gazeteci-tuluhan-tekelioglundan-muhittin-bocek-cikisi-hizmet-yok-tepki-yok\/"]}]},{"@type":"BreadcrumbList","@id":"http:\/\/denizcankizil.tr\/de\/haberler\/gundem\/gazeteci-tuluhan-tekelioglundan-muhittin-bocek-cikisi-hizmet-yok-tepki-yok\/#breadcrumb","itemListElement":[{"@type":"ListItem","position":1,"name":"Home","item":"https:\/\/denizcankizil.tr\/de\/"},{"@type":"ListItem","position":2,"name":"Gazeteci Tuluhan Tekelio\u011flu&#8217;ndan Muhittin B\u00f6cek \u00e7\u0131k\u0131\u015f\u0131: &#8220;Hizmet yok tepki yok!&#8221;"}]},{"@type":"WebSite","@id":"https:\/\/denizcankizil.tr\/de\/#website","url":"https:\/\/denizcankizil.tr\/de\/","name":"Av. Deniz Can K\u0131z\u0131l","description":"Avukat Deniz Can K\u0131z\u0131l Antalya Barosu","publisher":{"@id":"https:\/\/denizcankizil.tr\/de\/#organization"},"potentialAction":[{"@type":"SearchAction","target":{"@type":"EntryPoint","urlTemplate":"https:\/\/denizcankizil.tr\/de\/?s={search_term_string}"},"query-input":{"@type":"PropertyValueSpecification","valueRequired":true,"valueName":"search_term_string"}}],"inLanguage":"en-GB"},{"@type":"Organization","@id":"https:\/\/denizcankizil.tr\/de\/#organization","name":"Av. Deniz Can K\u0131z\u0131l","url":"https:\/\/denizcankizil.tr\/de\/","logo":{"@type":"ImageObject","inLanguage":"en-GB","@id":"https:\/\/denizcankizil.tr\/de\/#\/schema\/logo\/image\/","url":"https:\/\/denizcankizil.tr\/wp-content\/uploads\/2024\/10\/siyah-logo-svg.svg","contentUrl":"https:\/\/denizcankizil.tr\/wp-content\/uploads\/2024\/10\/siyah-logo-svg.svg","width":1080,"height":1080,"caption":"Av. Deniz Can K\u0131z\u0131l"},"image":{"@id":"https:\/\/denizcankizil.tr\/de\/#\/schema\/logo\/image\/"}},{"@type":"Person","@id":"https:\/\/denizcankizil.tr\/de\/#\/schema\/person\/e1eb71bb4dd684d46563f0af307e1234","name":"Antalya K\u00f6rfez","image":{"@type":"ImageObject","inLanguage":"en-GB","@id":"https:\/\/denizcankizil.tr\/de\/#\/schema\/person\/image\/","url":"https:\/\/secure.gravatar.com\/avatar\/42b01982558a48a0b501fdcab6a408d3717ea5919095ee2e67b0e521799c5905?s=96&d=mm&r=g","contentUrl":"https:\/\/secure.gravatar.com\/avatar\/42b01982558a48a0b501fdcab6a408d3717ea5919095ee2e67b0e521799c5905?s=96&d=mm&r=g","caption":"Antalya K\u00f6rfez"},"sameAs":["http:\/\/www.antalyakorfez.com"],"url":"https:\/\/www.antalyakorfez.com\/gazeteci-tuluhan-tekelioglundan-muhittin-bocek-cikisi-hizmet-yok-tepki-yok"}]}},"_links":{"self":[{"href":"https:\/\/denizcankizil.tr\/en\/wp-json\/wp\/v2\/posts\/139808","targetHints":{"allow":["GET"]}}],"collection":[{"href":"https:\/\/denizcankizil.tr\/en\/wp-json\/wp\/v2\/posts"}],"about":[{"href":"https:\/\/denizcankizil.tr\/en\/wp-json\/wp\/v2\/types\/post"}],"author":[{"embeddable":true,"href":"https:\/\/denizcankizil.tr\/en\/wp-json\/wp\/v2\/users\/5"}],"replies":[{"embeddable":true,"href":"https:\/\/denizcankizil.tr\/en\/wp-json\/wp\/v2\/comments?post=139808"}],"version-history":[{"count":0,"href":"https:\/\/denizcankizil.tr\/en\/wp-json\/wp\/v2\/posts\/139808\/revisions"}],"wp:attachment":[{"href":"https:\/\/denizcankizil.tr\/en\/wp-json\/wp\/v2\/media?parent=139808"}],"wp:term":[{"taxonomy":"category","embeddable":true,"href":"https:\/\/denizcankizil.tr\/en\/wp-json\/wp\/v2\/categories?post=139808"},{"taxonomy":"post_tag","embeddable":true,"href":"https:\/\/denizcankizil.tr\/en\/wp-json\/wp\/v2\/tags?post=139808"}],"curies":[{"name":"wp","href":"https:\/\/api.w.org\/{rel}","templated":true}]}}