{"id":139762,"date":"2025-07-08T13:41:21","date_gmt":"2025-07-08T10:41:21","guid":{"rendered":"https:\/\/denizcankizil.tr\/uncategorized-tr\/antalyada-dehset-agabey-kiz-kardesini-14-bicak-darbesiyle-oldurdu-basardim-mutluyum-dedi\/"},"modified":"2025-07-08T13:41:21","modified_gmt":"2025-07-08T10:41:21","slug":"antalyada-dehset-agabey-kiz-kardesini-14-bicak-darbesiyle-oldurdu-basardim-mutluyum-dedi","status":"publish","type":"post","link":"https:\/\/denizcankizil.tr\/en\/haberler\/antalya\/antalyada-dehset-agabey-kiz-kardesini-14-bicak-darbesiyle-oldurdu-basardim-mutluyum-dedi\/","title":{"rendered":"Antalya\u2019da Deh\u015fet: A\u011fabey K\u0131z Karde\u015fini 14 B\u0131\u00e7ak Darbesiyle \u00d6ld\u00fcrd\u00fc, \u201cBa\u015fard\u0131m, Mutluyum\u201d Dedi"},"content":{"rendered":"<p>\u00a0Antalya&#8217;da 19 ya\u015f\u0131ndaki \u00fcniversite \u00f6\u011frencisi Nazife Ate\u015f&#8217;i 14 b\u0131\u00e7ak darbesi ile \u00f6ld\u00fcren a\u011fabeyin ifadesi ortaya \u00e7\u0131kt\u0131. Tutuklanarak cezaevine g\u00f6nderilen a\u011fabeyin ifadesinde, &#8220;Ben sadece k\u0131z karde\u015fimi \u00f6ld\u00fcrmek istedim ve bunu ba\u015fard\u0131\u011f\u0131m i\u00e7in mutluyum&#8221; dedi\u011fi \u00f6\u011frenildi.<\/p>\n<p>Manavgat il\u00e7esi \u015eelale Mahallesi&#8217;nde \u00f6nceki gece ya\u015fanan olayda yaz tatilinde ailesinin yan\u0131na gelen 19 ya\u015f\u0131nda \u00fcniversite \u00f6\u011frencisi Nazife Ate\u015f, a\u011fabeyi Mehmet Ate\u015f taraf\u0131ndan 14 b\u0131\u00e7ak darbesi ile \u00f6ld\u00fcr\u00fclm\u00fc\u015ft\u00fc.<\/p>\n<p>Olay\u0131n ard\u0131ndan a\u011fabey Mehmet Ate\u015f (27), polis ekiplerince g\u00f6zalt\u0131na al\u0131n\u0131rken, gen\u00e7 k\u0131z\u0131n cans\u0131z bedeni ise Antalya Adli T\u0131p Kurumu morgundaki i\u015flemlerinin ard\u0131ndan topra\u011fa verilmek \u00fczere yak\u0131nlar\u0131 taraf\u0131ndan teslim al\u0131narak Manavgat&#8217;a g\u00f6t\u00fcr\u00fcld\u00fc. K\u0131z karde\u015fini 14 b\u0131\u00e7ak darbesi ile \u00f6ld\u00fcren a\u011fabey Mehmet Ate\u015f, emniyetteki i\u015flemlerinin ard\u0131ndan sevk edildi. Ate\u015f, \u00e7\u0131kar\u0131ld\u0131\u011f\u0131 mahkemece tutuklanarak Manavgat Il\u0131ca S Tipi Kapal\u0131 Cezaevi&#8217;ne teslim edildi.<\/p>\n<p>&#8220;\u00d6ld\u00fcrmek istedim, ba\u015fard\u0131\u011f\u0131m i\u00e7in mutluyum&#8221;<br \/>\nEmniyetteki sorgusunda \u00e7eli\u015fkili ifadeler verdi\u011fi \u00f6\u011frenilen Mehmet Ate\u015f&#8217;in daha \u00f6nceden de karde\u015fini \u00f6ld\u00fcrme d\u00fc\u015f\u00fcncesinde oldu\u011funu belirterek, Du\u015ftan \u00e7\u0131kt\u0131ktan sonra k\u0131z karde\u015fimin odas\u0131na giderken mutfaktan ekmek b\u0131\u00e7a\u011f\u0131n\u0131 ald\u0131m. K\u0131z karde\u015fimi b\u0131\u00e7aklad\u0131\u011f\u0131mda \u2018Anne&#8217; diye ba\u011f\u0131r\u0131p salona ka\u00e7t\u0131, ama yere serildi. \u00dczerine oturup \u00fcst \u00fcste b\u0131\u00e7aklad\u0131m. K\u0131z karde\u015fimi \u00f6ld\u00fcrmek istedim ve bunu ba\u015fard\u0131\u011f\u0131m i\u00e7in mutluyum&#8221; dedi\u011fi \u00f6\u011frenildi.<\/p>\n<p>Kaynak: www.kanalv.com.tr Haber Sitesinden Al\u0131nm\u0131\u015ft\u0131r.<\/p>","protected":false},"excerpt":{"rendered":"<p>\u00a0Antalya&#8217;da 19 ya\u015f\u0131ndaki \u00fcniversite \u00f6\u011frencisi Nazife Ate\u015f&#8217;i 14 b\u0131\u00e7ak darbesi ile \u00f6ld\u00fcren a\u011fabeyin ifadesi ortaya \u00e7\u0131kt\u0131. Tutuklanarak cezaevine g\u00f6nderilen a\u011fabeyin ifadesinde, &#8220;Ben sadece k\u0131z karde\u015fimi \u00f6ld\u00fcrmek istedim ve bunu ba\u015fard\u0131\u011f\u0131m i\u00e7in mutluyum&#8221; dedi\u011fi \u00f6\u011frenildi. Manavgat il\u00e7esi \u015eelale Mahallesi&#8217;nde \u00f6nceki gece ya\u015fanan olayda yaz tatilinde ailesinin yan\u0131na gelen 19 ya\u015f\u0131nda \u00fcniversite \u00f6\u011frencisi Nazife Ate\u015f, a\u011fabeyi Mehmet Ate\u015f taraf\u0131ndan 14 b\u0131\u00e7ak darbesi ile \u00f6ld\u00fcr\u00fclm\u00fc\u015ft\u00fc. Olay\u0131n ard\u0131ndan a\u011fabey Mehmet Ate\u015f (27), polis ekiplerince g\u00f6zalt\u0131na al\u0131n\u0131rken, gen\u00e7 k\u0131z\u0131n cans\u0131z bedeni ise Antalya Adli T\u0131p Kurumu morgundaki i\u015flemlerinin ard\u0131ndan topra\u011fa verilmek \u00fczere yak\u0131nlar\u0131 taraf\u0131ndan teslim al\u0131narak Manavgat&#8217;a g\u00f6t\u00fcr\u00fcld\u00fc. K\u0131z karde\u015fini 14 b\u0131\u00e7ak darbesi ile \u00f6ld\u00fcren a\u011fabey Mehmet Ate\u015f, emniyetteki i\u015flemlerinin ard\u0131ndan sevk edildi. Ate\u015f, \u00e7\u0131kar\u0131ld\u0131\u011f\u0131 mahkemece tutuklanarak Manavgat Il\u0131ca S Tipi Kapal\u0131 Cezaevi&#8217;ne teslim edildi. &#8220;\u00d6ld\u00fcrmek istedim, ba\u015fard\u0131\u011f\u0131m i\u00e7in mutluyum&#8221; Emniyetteki sorgusunda \u00e7eli\u015fkili ifadeler verdi\u011fi \u00f6\u011frenilen Mehmet Ate\u015f&#8217;in daha \u00f6nceden de karde\u015fini \u00f6ld\u00fcrme d\u00fc\u015f\u00fcncesinde oldu\u011funu belirterek, Du\u015ftan \u00e7\u0131kt\u0131ktan sonra k\u0131z karde\u015fimin odas\u0131na giderken mutfaktan ekmek b\u0131\u00e7a\u011f\u0131n\u0131 ald\u0131m. K\u0131z karde\u015fimi b\u0131\u00e7aklad\u0131\u011f\u0131mda \u2018Anne&#8217; diye ba\u011f\u0131r\u0131p salona ka\u00e7t\u0131, ama yere serildi. \u00dczerine oturup \u00fcst \u00fcste b\u0131\u00e7aklad\u0131m. K\u0131z karde\u015fimi \u00f6ld\u00fcrmek istedim ve bunu ba\u015fard\u0131\u011f\u0131m i\u00e7in mutluyum&#8221; dedi\u011fi \u00f6\u011frenildi. Kaynak: www.kanalv.com.tr Haber Sitesinden Al\u0131nm\u0131\u015ft\u0131r.<\/p>","protected":false},"author":4,"featured_media":0,"comment_status":"","ping_status":"open","sticky":false,"template":"","format":"standard","meta":{"_acf_changed":false,"footnotes":""},"categories":[26],"tags":[],"class_list":["post-139762","post","type-post","status-publish","format-standard","hentry","category-antalya"],"acf":[],"yoast_head":"<!-- This site is optimized with the Yoast SEO Premium plugin v26.6 (Yoast SEO v27.1.1) - https:\/\/yoast.com\/product\/yoast-seo-premium-wordpress\/ -->\n<title>Antalya\u2019da Deh\u015fet: A\u011fabey K\u0131z Karde\u015fini 14 B\u0131\u00e7ak Darbesiyle \u00d6ld\u00fcrd\u00fc, \u201cBa\u015fard\u0131m, Mutluyum\u201d Dedi - Av. Deniz Can K\u0131z\u0131l<\/title>\n<meta name=\"robots\" content=\"index, follow, max-snippet:-1, max-image-preview:large, max-video-preview:-1\" \/>\n<link rel=\"canonical\" href=\"http:\/\/denizcankizil.tr\/en\/haberler\/antalya\/antalyada-dehset-agabey-kiz-kardesini-14-bicak-darbesiyle-oldurdu-basardim-mutluyum-dedi\/\" \/>\n<meta property=\"og:locale\" content=\"en_GB\" \/>\n<meta property=\"og:type\" content=\"article\" \/>\n<meta property=\"og:title\" content=\"Antalya\u2019da Deh\u015fet: A\u011fabey K\u0131z Karde\u015fini 14 B\u0131\u00e7ak Darbesiyle \u00d6ld\u00fcrd\u00fc, \u201cBa\u015fard\u0131m, Mutluyum\u201d Dedi\" \/>\n<meta property=\"og:description\" content=\"\u00a0Antalya&#8217;da 19 ya\u015f\u0131ndaki \u00fcniversite \u00f6\u011frencisi Nazife Ate\u015f&#8217;i 14 b\u0131\u00e7ak darbesi ile \u00f6ld\u00fcren a\u011fabeyin ifadesi ortaya \u00e7\u0131kt\u0131. Tutuklanarak cezaevine g\u00f6nderilen a\u011fabeyin ifadesinde, &#8220;Ben sadece k\u0131z karde\u015fimi \u00f6ld\u00fcrmek istedim ve bunu ba\u015fard\u0131\u011f\u0131m i\u00e7in mutluyum&#8221; dedi\u011fi \u00f6\u011frenildi. Manavgat il\u00e7esi \u015eelale Mahallesi&#8217;nde \u00f6nceki gece ya\u015fanan olayda yaz tatilinde ailesinin yan\u0131na gelen 19 ya\u015f\u0131nda \u00fcniversite \u00f6\u011frencisi Nazife Ate\u015f, a\u011fabeyi Mehmet Ate\u015f taraf\u0131ndan 14 b\u0131\u00e7ak darbesi ile \u00f6ld\u00fcr\u00fclm\u00fc\u015ft\u00fc. Olay\u0131n ard\u0131ndan a\u011fabey Mehmet Ate\u015f (27), polis ekiplerince g\u00f6zalt\u0131na al\u0131n\u0131rken, gen\u00e7 k\u0131z\u0131n cans\u0131z bedeni ise Antalya Adli T\u0131p Kurumu morgundaki i\u015flemlerinin ard\u0131ndan topra\u011fa verilmek \u00fczere yak\u0131nlar\u0131 taraf\u0131ndan teslim al\u0131narak Manavgat&#8217;a g\u00f6t\u00fcr\u00fcld\u00fc. K\u0131z karde\u015fini 14 b\u0131\u00e7ak darbesi ile \u00f6ld\u00fcren a\u011fabey Mehmet Ate\u015f, emniyetteki i\u015flemlerinin ard\u0131ndan sevk edildi. Ate\u015f, \u00e7\u0131kar\u0131ld\u0131\u011f\u0131 mahkemece tutuklanarak Manavgat Il\u0131ca S Tipi Kapal\u0131 Cezaevi&#8217;ne teslim edildi. &#8220;\u00d6ld\u00fcrmek istedim, ba\u015fard\u0131\u011f\u0131m i\u00e7in mutluyum&#8221; Emniyetteki sorgusunda \u00e7eli\u015fkili ifadeler verdi\u011fi \u00f6\u011frenilen Mehmet Ate\u015f&#8217;in daha \u00f6nceden de karde\u015fini \u00f6ld\u00fcrme d\u00fc\u015f\u00fcncesinde oldu\u011funu belirterek, Du\u015ftan \u00e7\u0131kt\u0131ktan sonra k\u0131z karde\u015fimin odas\u0131na giderken mutfaktan ekmek b\u0131\u00e7a\u011f\u0131n\u0131 ald\u0131m. K\u0131z karde\u015fimi b\u0131\u00e7aklad\u0131\u011f\u0131mda \u2018Anne&#8217; diye ba\u011f\u0131r\u0131p salona ka\u00e7t\u0131, ama yere serildi. \u00dczerine oturup \u00fcst \u00fcste b\u0131\u00e7aklad\u0131m. K\u0131z karde\u015fimi \u00f6ld\u00fcrmek istedim ve bunu ba\u015fard\u0131\u011f\u0131m i\u00e7in mutluyum&#8221; dedi\u011fi \u00f6\u011frenildi. Kaynak: www.kanalv.com.tr Haber Sitesinden Al\u0131nm\u0131\u015ft\u0131r.\" \/>\n<meta property=\"og:url\" content=\"http:\/\/denizcankizil.tr\/en\/haberler\/antalya\/antalyada-dehset-agabey-kiz-kardesini-14-bicak-darbesiyle-oldurdu-basardim-mutluyum-dedi\/\" \/>\n<meta property=\"og:site_name\" content=\"Av. Deniz Can K\u0131z\u0131l\" \/>\n<meta property=\"article:published_time\" content=\"2025-07-08T10:41:21+00:00\" \/>\n<meta name=\"author\" content=\"Av. Deniz Can K\u0131z\u0131l\" \/>\n<meta name=\"twitter:card\" content=\"summary_large_image\" \/>\n<meta name=\"twitter:label1\" content=\"Written by\" \/>\n\t<meta name=\"twitter:data1\" content=\"Av. Deniz Can K\u0131z\u0131l\" \/>\n\t<meta name=\"twitter:label2\" content=\"Estimated reading time\" \/>\n\t<meta name=\"twitter:data2\" content=\"1 minute\" \/>\n<script type=\"application\/ld+json\" class=\"yoast-schema-graph\">{\"@context\":\"https:\/\/schema.org\",\"@graph\":[{\"@type\":\"Article\",\"@id\":\"http:\/\/denizcankizil.tr\/de\/haberler\/antalya\/antalyada-dehset-agabey-kiz-kardesini-14-bicak-darbesiyle-oldurdu-basardim-mutluyum-dedi\/#article\",\"isPartOf\":{\"@id\":\"http:\/\/denizcankizil.tr\/de\/haberler\/antalya\/antalyada-dehset-agabey-kiz-kardesini-14-bicak-darbesiyle-oldurdu-basardim-mutluyum-dedi\/\"},\"author\":{\"name\":\"Av. Deniz Can K\u0131z\u0131l\",\"@id\":\"https:\/\/denizcankizil.tr\/de\/#\/schema\/person\/5dc1b22991bd7ac833867c10afc9b0ff\"},\"headline\":\"Antalya\u2019da Deh\u015fet: A\u011fabey K\u0131z Karde\u015fini 14 B\u0131\u00e7ak Darbesiyle \u00d6ld\u00fcrd\u00fc, \u201cBa\u015fard\u0131m, Mutluyum\u201d Dedi\",\"datePublished\":\"2025-07-08T10:41:21+00:00\",\"mainEntityOfPage\":{\"@id\":\"http:\/\/denizcankizil.tr\/de\/haberler\/antalya\/antalyada-dehset-agabey-kiz-kardesini-14-bicak-darbesiyle-oldurdu-basardim-mutluyum-dedi\/\"},\"wordCount\":296,\"publisher\":{\"@id\":\"https:\/\/denizcankizil.tr\/de\/#organization\"},\"articleSection\":[\"Antalya\"],\"inLanguage\":\"en-GB\"},{\"@type\":\"WebPage\",\"@id\":\"http:\/\/denizcankizil.tr\/de\/haberler\/antalya\/antalyada-dehset-agabey-kiz-kardesini-14-bicak-darbesiyle-oldurdu-basardim-mutluyum-dedi\/\",\"url\":\"http:\/\/denizcankizil.tr\/de\/haberler\/antalya\/antalyada-dehset-agabey-kiz-kardesini-14-bicak-darbesiyle-oldurdu-basardim-mutluyum-dedi\/\",\"name\":\"Antalya\u2019da Deh\u015fet: A\u011fabey K\u0131z Karde\u015fini 14 B\u0131\u00e7ak Darbesiyle \u00d6ld\u00fcrd\u00fc, \u201cBa\u015fard\u0131m, Mutluyum\u201d Dedi - Av. Deniz Can K\u0131z\u0131l\",\"isPartOf\":{\"@id\":\"https:\/\/denizcankizil.tr\/de\/#website\"},\"datePublished\":\"2025-07-08T10:41:21+00:00\",\"breadcrumb\":{\"@id\":\"http:\/\/denizcankizil.tr\/de\/haberler\/antalya\/antalyada-dehset-agabey-kiz-kardesini-14-bicak-darbesiyle-oldurdu-basardim-mutluyum-dedi\/#breadcrumb\"},\"inLanguage\":\"en-GB\",\"potentialAction\":[{\"@type\":\"ReadAction\",\"target\":[\"http:\/\/denizcankizil.tr\/de\/haberler\/antalya\/antalyada-dehset-agabey-kiz-kardesini-14-bicak-darbesiyle-oldurdu-basardim-mutluyum-dedi\/\"]}]},{\"@type\":\"BreadcrumbList\",\"@id\":\"http:\/\/denizcankizil.tr\/de\/haberler\/antalya\/antalyada-dehset-agabey-kiz-kardesini-14-bicak-darbesiyle-oldurdu-basardim-mutluyum-dedi\/#breadcrumb\",\"itemListElement\":[{\"@type\":\"ListItem\",\"position\":1,\"name\":\"Home\",\"item\":\"https:\/\/denizcankizil.tr\/de\/\"},{\"@type\":\"ListItem\",\"position\":2,\"name\":\"Antalya\u2019da Deh\u015fet: A\u011fabey K\u0131z Karde\u015fini 14 B\u0131\u00e7ak Darbesiyle \u00d6ld\u00fcrd\u00fc, \u201cBa\u015fard\u0131m, Mutluyum\u201d Dedi\"}]},{\"@type\":\"WebSite\",\"@id\":\"https:\/\/denizcankizil.tr\/de\/#website\",\"url\":\"https:\/\/denizcankizil.tr\/de\/\",\"name\":\"Av. Deniz Can K\u0131z\u0131l\",\"description\":\"Avukat Deniz Can K\u0131z\u0131l Antalya Barosu\",\"publisher\":{\"@id\":\"https:\/\/denizcankizil.tr\/de\/#organization\"},\"potentialAction\":[{\"@type\":\"SearchAction\",\"target\":{\"@type\":\"EntryPoint\",\"urlTemplate\":\"https:\/\/denizcankizil.tr\/de\/?s={search_term_string}\"},\"query-input\":{\"@type\":\"PropertyValueSpecification\",\"valueRequired\":true,\"valueName\":\"search_term_string\"}}],\"inLanguage\":\"en-GB\"},{\"@type\":\"Organization\",\"@id\":\"https:\/\/denizcankizil.tr\/de\/#organization\",\"name\":\"Av. Deniz Can K\u0131z\u0131l\",\"url\":\"https:\/\/denizcankizil.tr\/de\/\",\"logo\":{\"@type\":\"ImageObject\",\"inLanguage\":\"en-GB\",\"@id\":\"https:\/\/denizcankizil.tr\/de\/#\/schema\/logo\/image\/\",\"url\":\"https:\/\/denizcankizil.tr\/wp-content\/uploads\/2024\/10\/siyah-logo-svg.svg\",\"contentUrl\":\"https:\/\/denizcankizil.tr\/wp-content\/uploads\/2024\/10\/siyah-logo-svg.svg\",\"width\":1080,\"height\":1080,\"caption\":\"Av. Deniz Can K\u0131z\u0131l\"},\"image\":{\"@id\":\"https:\/\/denizcankizil.tr\/de\/#\/schema\/logo\/image\/\"}},{\"@type\":\"Person\",\"@id\":\"https:\/\/denizcankizil.tr\/de\/#\/schema\/person\/5dc1b22991bd7ac833867c10afc9b0ff\",\"name\":\"Av. Deniz Can K\u0131z\u0131l\",\"image\":{\"@type\":\"ImageObject\",\"inLanguage\":\"en-GB\",\"@id\":\"https:\/\/denizcankizil.tr\/de\/#\/schema\/person\/image\/\",\"url\":\"https:\/\/secure.gravatar.com\/avatar\/a0b128fb9855c79efc976d5640eedb31dc35ec297594d6016d2cf7c60e975bb6?s=96&d=mm&r=g\",\"contentUrl\":\"https:\/\/secure.gravatar.com\/avatar\/a0b128fb9855c79efc976d5640eedb31dc35ec297594d6016d2cf7c60e975bb6?s=96&d=mm&r=g\",\"caption\":\"Av. Deniz Can K\u0131z\u0131l\"},\"sameAs\":[\"http:\/\/www.denizcankizil.tr\"],\"url\":\"https:\/\/denizcankizil.tr\/en\/author\/denizcankizil\/\"}]}<\/script>\n<!-- \/ Yoast SEO Premium plugin. -->","yoast_head_json":{"title":"Antalya\u2019da Deh\u015fet: A\u011fabey K\u0131z Karde\u015fini 14 B\u0131\u00e7ak Darbesiyle \u00d6ld\u00fcrd\u00fc, \u201cBa\u015fard\u0131m, Mutluyum\u201d Dedi - Av. Deniz Can K\u0131z\u0131l","robots":{"index":"index","follow":"follow","max-snippet":"max-snippet:-1","max-image-preview":"max-image-preview:large","max-video-preview":"max-video-preview:-1"},"canonical":"http:\/\/denizcankizil.tr\/en\/haberler\/antalya\/antalyada-dehset-agabey-kiz-kardesini-14-bicak-darbesiyle-oldurdu-basardim-mutluyum-dedi\/","og_locale":"en_GB","og_type":"article","og_title":"Antalya\u2019da Deh\u015fet: A\u011fabey K\u0131z Karde\u015fini 14 B\u0131\u00e7ak Darbesiyle \u00d6ld\u00fcrd\u00fc, \u201cBa\u015fard\u0131m, Mutluyum\u201d Dedi","og_description":"\u00a0Antalya&#8217;da 19 ya\u015f\u0131ndaki \u00fcniversite \u00f6\u011frencisi Nazife Ate\u015f&#8217;i 14 b\u0131\u00e7ak darbesi ile \u00f6ld\u00fcren a\u011fabeyin ifadesi ortaya \u00e7\u0131kt\u0131. Tutuklanarak cezaevine g\u00f6nderilen a\u011fabeyin ifadesinde, &#8220;Ben sadece k\u0131z karde\u015fimi \u00f6ld\u00fcrmek istedim ve bunu ba\u015fard\u0131\u011f\u0131m i\u00e7in mutluyum&#8221; dedi\u011fi \u00f6\u011frenildi. Manavgat il\u00e7esi \u015eelale Mahallesi&#8217;nde \u00f6nceki gece ya\u015fanan olayda yaz tatilinde ailesinin yan\u0131na gelen 19 ya\u015f\u0131nda \u00fcniversite \u00f6\u011frencisi Nazife Ate\u015f, a\u011fabeyi Mehmet Ate\u015f taraf\u0131ndan 14 b\u0131\u00e7ak darbesi ile \u00f6ld\u00fcr\u00fclm\u00fc\u015ft\u00fc. Olay\u0131n ard\u0131ndan a\u011fabey Mehmet Ate\u015f (27), polis ekiplerince g\u00f6zalt\u0131na al\u0131n\u0131rken, gen\u00e7 k\u0131z\u0131n cans\u0131z bedeni ise Antalya Adli T\u0131p Kurumu morgundaki i\u015flemlerinin ard\u0131ndan topra\u011fa verilmek \u00fczere yak\u0131nlar\u0131 taraf\u0131ndan teslim al\u0131narak Manavgat&#8217;a g\u00f6t\u00fcr\u00fcld\u00fc. K\u0131z karde\u015fini 14 b\u0131\u00e7ak darbesi ile \u00f6ld\u00fcren a\u011fabey Mehmet Ate\u015f, emniyetteki i\u015flemlerinin ard\u0131ndan sevk edildi. Ate\u015f, \u00e7\u0131kar\u0131ld\u0131\u011f\u0131 mahkemece tutuklanarak Manavgat Il\u0131ca S Tipi Kapal\u0131 Cezaevi&#8217;ne teslim edildi. &#8220;\u00d6ld\u00fcrmek istedim, ba\u015fard\u0131\u011f\u0131m i\u00e7in mutluyum&#8221; Emniyetteki sorgusunda \u00e7eli\u015fkili ifadeler verdi\u011fi \u00f6\u011frenilen Mehmet Ate\u015f&#8217;in daha \u00f6nceden de karde\u015fini \u00f6ld\u00fcrme d\u00fc\u015f\u00fcncesinde oldu\u011funu belirterek, Du\u015ftan \u00e7\u0131kt\u0131ktan sonra k\u0131z karde\u015fimin odas\u0131na giderken mutfaktan ekmek b\u0131\u00e7a\u011f\u0131n\u0131 ald\u0131m. K\u0131z karde\u015fimi b\u0131\u00e7aklad\u0131\u011f\u0131mda \u2018Anne&#8217; diye ba\u011f\u0131r\u0131p salona ka\u00e7t\u0131, ama yere serildi. \u00dczerine oturup \u00fcst \u00fcste b\u0131\u00e7aklad\u0131m. K\u0131z karde\u015fimi \u00f6ld\u00fcrmek istedim ve bunu ba\u015fard\u0131\u011f\u0131m i\u00e7in mutluyum&#8221; dedi\u011fi \u00f6\u011frenildi. Kaynak: www.kanalv.com.tr Haber Sitesinden Al\u0131nm\u0131\u015ft\u0131r.","og_url":"http:\/\/denizcankizil.tr\/en\/haberler\/antalya\/antalyada-dehset-agabey-kiz-kardesini-14-bicak-darbesiyle-oldurdu-basardim-mutluyum-dedi\/","og_site_name":"Av. Deniz Can K\u0131z\u0131l","article_published_time":"2025-07-08T10:41:21+00:00","author":"Av. Deniz Can K\u0131z\u0131l","twitter_card":"summary_large_image","twitter_misc":{"Written by":"Av. Deniz Can K\u0131z\u0131l","Estimated reading time":"1 minute"},"schema":{"@context":"https:\/\/schema.org","@graph":[{"@type":"Article","@id":"http:\/\/denizcankizil.tr\/de\/haberler\/antalya\/antalyada-dehset-agabey-kiz-kardesini-14-bicak-darbesiyle-oldurdu-basardim-mutluyum-dedi\/#article","isPartOf":{"@id":"http:\/\/denizcankizil.tr\/de\/haberler\/antalya\/antalyada-dehset-agabey-kiz-kardesini-14-bicak-darbesiyle-oldurdu-basardim-mutluyum-dedi\/"},"author":{"name":"Av. Deniz Can K\u0131z\u0131l","@id":"https:\/\/denizcankizil.tr\/de\/#\/schema\/person\/5dc1b22991bd7ac833867c10afc9b0ff"},"headline":"Antalya\u2019da Deh\u015fet: A\u011fabey K\u0131z Karde\u015fini 14 B\u0131\u00e7ak Darbesiyle \u00d6ld\u00fcrd\u00fc, \u201cBa\u015fard\u0131m, Mutluyum\u201d Dedi","datePublished":"2025-07-08T10:41:21+00:00","mainEntityOfPage":{"@id":"http:\/\/denizcankizil.tr\/de\/haberler\/antalya\/antalyada-dehset-agabey-kiz-kardesini-14-bicak-darbesiyle-oldurdu-basardim-mutluyum-dedi\/"},"wordCount":296,"publisher":{"@id":"https:\/\/denizcankizil.tr\/de\/#organization"},"articleSection":["Antalya"],"inLanguage":"en-GB"},{"@type":"WebPage","@id":"http:\/\/denizcankizil.tr\/de\/haberler\/antalya\/antalyada-dehset-agabey-kiz-kardesini-14-bicak-darbesiyle-oldurdu-basardim-mutluyum-dedi\/","url":"http:\/\/denizcankizil.tr\/de\/haberler\/antalya\/antalyada-dehset-agabey-kiz-kardesini-14-bicak-darbesiyle-oldurdu-basardim-mutluyum-dedi\/","name":"Antalya\u2019da Deh\u015fet: A\u011fabey K\u0131z Karde\u015fini 14 B\u0131\u00e7ak Darbesiyle \u00d6ld\u00fcrd\u00fc, \u201cBa\u015fard\u0131m, Mutluyum\u201d Dedi - Av. Deniz Can K\u0131z\u0131l","isPartOf":{"@id":"https:\/\/denizcankizil.tr\/de\/#website"},"datePublished":"2025-07-08T10:41:21+00:00","breadcrumb":{"@id":"http:\/\/denizcankizil.tr\/de\/haberler\/antalya\/antalyada-dehset-agabey-kiz-kardesini-14-bicak-darbesiyle-oldurdu-basardim-mutluyum-dedi\/#breadcrumb"},"inLanguage":"en-GB","potentialAction":[{"@type":"ReadAction","target":["http:\/\/denizcankizil.tr\/de\/haberler\/antalya\/antalyada-dehset-agabey-kiz-kardesini-14-bicak-darbesiyle-oldurdu-basardim-mutluyum-dedi\/"]}]},{"@type":"BreadcrumbList","@id":"http:\/\/denizcankizil.tr\/de\/haberler\/antalya\/antalyada-dehset-agabey-kiz-kardesini-14-bicak-darbesiyle-oldurdu-basardim-mutluyum-dedi\/#breadcrumb","itemListElement":[{"@type":"ListItem","position":1,"name":"Home","item":"https:\/\/denizcankizil.tr\/de\/"},{"@type":"ListItem","position":2,"name":"Antalya\u2019da Deh\u015fet: A\u011fabey K\u0131z Karde\u015fini 14 B\u0131\u00e7ak Darbesiyle \u00d6ld\u00fcrd\u00fc, \u201cBa\u015fard\u0131m, Mutluyum\u201d Dedi"}]},{"@type":"WebSite","@id":"https:\/\/denizcankizil.tr\/de\/#website","url":"https:\/\/denizcankizil.tr\/de\/","name":"Av. Deniz Can K\u0131z\u0131l","description":"Avukat Deniz Can K\u0131z\u0131l Antalya Barosu","publisher":{"@id":"https:\/\/denizcankizil.tr\/de\/#organization"},"potentialAction":[{"@type":"SearchAction","target":{"@type":"EntryPoint","urlTemplate":"https:\/\/denizcankizil.tr\/de\/?s={search_term_string}"},"query-input":{"@type":"PropertyValueSpecification","valueRequired":true,"valueName":"search_term_string"}}],"inLanguage":"en-GB"},{"@type":"Organization","@id":"https:\/\/denizcankizil.tr\/de\/#organization","name":"Av. Deniz Can K\u0131z\u0131l","url":"https:\/\/denizcankizil.tr\/de\/","logo":{"@type":"ImageObject","inLanguage":"en-GB","@id":"https:\/\/denizcankizil.tr\/de\/#\/schema\/logo\/image\/","url":"https:\/\/denizcankizil.tr\/wp-content\/uploads\/2024\/10\/siyah-logo-svg.svg","contentUrl":"https:\/\/denizcankizil.tr\/wp-content\/uploads\/2024\/10\/siyah-logo-svg.svg","width":1080,"height":1080,"caption":"Av. Deniz Can K\u0131z\u0131l"},"image":{"@id":"https:\/\/denizcankizil.tr\/de\/#\/schema\/logo\/image\/"}},{"@type":"Person","@id":"https:\/\/denizcankizil.tr\/de\/#\/schema\/person\/5dc1b22991bd7ac833867c10afc9b0ff","name":"Av. Deniz Can K\u0131z\u0131l","image":{"@type":"ImageObject","inLanguage":"en-GB","@id":"https:\/\/denizcankizil.tr\/de\/#\/schema\/person\/image\/","url":"https:\/\/secure.gravatar.com\/avatar\/a0b128fb9855c79efc976d5640eedb31dc35ec297594d6016d2cf7c60e975bb6?s=96&d=mm&r=g","contentUrl":"https:\/\/secure.gravatar.com\/avatar\/a0b128fb9855c79efc976d5640eedb31dc35ec297594d6016d2cf7c60e975bb6?s=96&d=mm&r=g","caption":"Av. Deniz Can K\u0131z\u0131l"},"sameAs":["http:\/\/www.denizcankizil.tr"],"url":"https:\/\/denizcankizil.tr\/en\/author\/denizcankizil\/"}]}},"_links":{"self":[{"href":"https:\/\/denizcankizil.tr\/en\/wp-json\/wp\/v2\/posts\/139762","targetHints":{"allow":["GET"]}}],"collection":[{"href":"https:\/\/denizcankizil.tr\/en\/wp-json\/wp\/v2\/posts"}],"about":[{"href":"https:\/\/denizcankizil.tr\/en\/wp-json\/wp\/v2\/types\/post"}],"author":[{"embeddable":true,"href":"https:\/\/denizcankizil.tr\/en\/wp-json\/wp\/v2\/users\/4"}],"replies":[{"embeddable":true,"href":"https:\/\/denizcankizil.tr\/en\/wp-json\/wp\/v2\/comments?post=139762"}],"version-history":[{"count":0,"href":"https:\/\/denizcankizil.tr\/en\/wp-json\/wp\/v2\/posts\/139762\/revisions"}],"wp:attachment":[{"href":"https:\/\/denizcankizil.tr\/en\/wp-json\/wp\/v2\/media?parent=139762"}],"wp:term":[{"taxonomy":"category","embeddable":true,"href":"https:\/\/denizcankizil.tr\/en\/wp-json\/wp\/v2\/categories?post=139762"},{"taxonomy":"post_tag","embeddable":true,"href":"https:\/\/denizcankizil.tr\/en\/wp-json\/wp\/v2\/tags?post=139762"}],"curies":[{"name":"wp","href":"https:\/\/api.w.org\/{rel}","templated":true}]}}