{"id":138702,"date":"2025-07-07T11:41:31","date_gmt":"2025-07-07T08:41:31","guid":{"rendered":"https:\/\/denizcankizil.tr\/uncategorized-tr\/antalya-muzesi-onunde-yikimi-durdurun-cagrisi\/"},"modified":"2025-07-07T11:41:31","modified_gmt":"2025-07-07T08:41:31","slug":"antalya-muzesi-onunde-yikimi-durdurun-cagrisi","status":"publish","type":"post","link":"https:\/\/denizcankizil.tr\/en\/haberler\/gundem\/antalya-muzesi-onunde-yikimi-durdurun-cagrisi\/","title":{"rendered":"Antalya M\u00fczesi \u00f6n\u00fcnde \u2018Y\u0131k\u0131m\u0131 durdurun\u2019 \u00e7a\u011fr\u0131s\u0131!"},"content":{"rendered":"<p>Antalya\u2019n\u0131n \u00f6nemli yap\u0131lar\u0131ndan olan 1972 y\u0131l\u0131nda \u015fimdiki yerine ta\u015f\u0131nan Antalya M\u00fczesi i\u00e7in y\u0131k\u0131m karar\u0131 verildi. \u00c7ok say\u0131da sivil toplum \u00f6rg\u00fct\u00fcn\u00fcn bir araya gelerek olu\u015fturdu\u011fu Antalya M\u00fcze \u00c7al\u0131\u015fma Grubu ikinci kez m\u00fcze \u00f6n\u00fcnde bir araya geldi. Antalya M\u00fcze Grubu ad\u0131na a\u00e7\u0131klamay\u0131 okuyan Akdeniz \u00dcniversitesi Arkeoloji B\u00f6l\u00fcm\u00fc \u00d6\u011fretim G\u00f6revlisi Prof. Dr. G\u00fcl I\u015f\u0131n, \u201cTarihi yok etmek. Tarihi yok etmek bu \u00fclkenin gelece\u011fini yok etmektir. O y\u00fczden biz Antalya halk olarak m\u00fczemize sahip \u00e7\u0131kmaya \u00e7al\u0131\u015f\u0131yoruz. M\u00fcze halk\u0131nd\u0131r, y\u0131k\u0131lamaz\u201d diye konu\u015ftu.<\/p>\n<p>ANTALYA HALKI \u0130LE TARTI\u015eILMALI\u2026<\/p>\n<p>Antalyal\u0131lar\u0131n m\u00fczeye sahip \u00e7\u0131kmas\u0131n\u0131 isteyen Prof. Dr. I\u015f\u0131n m\u00fczenin y\u0131k\u0131m karar\u0131n\u0131n ertelenmesini ve bilim insanlar\u0131 ve Antalya halk\u0131 ile tart\u0131\u015f\u0131lmas\u0131n\u0131 istedi. Prof. Dr. I\u015f\u0131n, \u201cAntalya Arkeoloji M\u00fczesi binam\u0131z\u0131n y\u0131k\u0131m\u0131n\u0131n durdurulmas\u0131n\u0131 talep ediyoruz. K\u00fclt\u00fcrel miras\u0131m\u0131z olan bu de\u011ferli yap\u0131n\u0131n y\u0131k\u0131lmas\u0131n\u0131 de\u011fil, korunarak restore edilmesini istiyoruz. K\u00fclt\u00fcr ve Turizm Bakanl\u0131\u011f\u0131, 20 Mart 2025&#8217;te m\u00fczenin y\u0131k\u0131laca\u011f\u0131n\u0131 duyurdu. Gerek\u00e7e olarak binan\u0131n depreme dayan\u0131ks\u0131z olmas\u0131n\u0131 ve artan depolama ihtiyac\u0131n\u0131 g\u00f6sterdiler. Ancak bu bina, s\u0131radan bir bina de\u011fildir. Bu yap\u0131, T\u00fcrkiye\u2019nin yar\u0131\u015fma projesi ile in\u015fa edilen ilk m\u00fczesidir. Bu \u00f6zelli\u011fi bile tek ba\u015f\u0131na, ona tarihi ve belgesel bir de\u011fer katmaktad\u0131r. Sadece Antalya i\u00e7in de\u011fil, T\u00fcrkiye&#8217;nin mimarl\u0131k k\u00fclt\u00fcr\u00fc i\u00e7in de e\u015fsiz bir de\u011fere sahiptir\u201d diye konu\u015ftu.<\/p>\n<p>TILIN M\u00dcZES\u0130 \u00d6D\u00dcL\u00dc<\/p>\n<p>Antalya m\u00fczesinin 1988 y\u0131l\u0131nda Avrupa Konseyi taraf\u0131ndan \u2018Y\u0131l\u0131n M\u00fczesi\u2019 \u00f6d\u00fcl\u00fc ald\u0131\u011f\u0131n\u0131 belirten Prof. Dr. I\u015f\u0131n, \u201cM\u00fczemiz, Akdeniz ve organik mimari \u00fcsluplar\u0131n\u0131n se\u00e7kin bir \u00f6rne\u011fidir. Geleneksel Akdeniz mimarisinin avlulu yap\u0131s\u0131n\u0131, do\u011fal \u0131\u015f\u0131k ve havaland\u0131rma unsurlar\u0131n\u0131 modern bir yorumla birle\u015ftirir. Bu \u00f6zg\u00fcn nitelikleri sayesinde, 1988 y\u0131l\u0131nda Avrupa Konseyi\u2019nden \u2018Y\u0131l\u0131n M\u00fczesi\u2019 \u00f6zel \u00f6d\u00fcl\u00fcn\u00fc alm\u0131\u015ft\u0131r\u201d dedi. Antalya Arkeoloji M\u00fczesi&#8217;nin, sadece eserlerin sergilendi\u011fi bir yer olarak tasarlanmad\u0131\u011f\u0131na dikkat \u00e7eken Prof. Dr. G\u00fcl I\u015f\u0131n, \u015f\u00f6yle devam etti:<\/p>\n<p>\u201c\u0130\u00e7inde k\u00fct\u00fcphanesi, konferans salonu, amfisi ve bah\u00e7esiyle ya\u015fayan, sosyal ve k\u00fclt\u00fcrel bir merkez olarak planlanm\u0131\u015ft\u0131r. Binan\u0131n k\u00fclt\u00fcrel bir varl\u0131k olarak korunmas\u0131 i\u00e7in Antalya K\u00fclt\u00fcr Varl\u0131klar\u0131n\u0131 Koruma B\u00f6lge Kurulu\u2019na ba\u015fvurduk. Talebimiz, binaya eklentiler yap\u0131ld\u0131\u011f\u0131 gibi bir gerek\u00e7eyle reddedildi. Bu eksik ve hatal\u0131 karara kar\u015f\u0131 K\u00fclt\u00fcr Varl\u0131klar\u0131n\u0131 Koruma Y\u00fcksek Kurulu\u2019na itiraz ettik. Y\u00fcksek Kurul\u2019un karar\u0131 hen\u00fcz a\u00e7\u0131klanmad\u0131. Ancak t\u00fcm bu s\u00fcre\u00e7 devam ederken, 5 Haziran&#8217;da m\u00fczenin ta\u015f\u0131nma ve y\u0131k\u0131m ihalesinin yap\u0131ld\u0131\u011f\u0131n\u0131 duyduk. Hatta ge\u00e7ti\u011fimiz hafta, firma yetkililerinin m\u00fcze personeline ta\u015f\u0131nma takvimini anlatt\u0131\u011f\u0131n\u0131 ve m\u00fczenin 7 Temmuz Pazartesi g\u00fcn\u00fc ziyarete kapat\u0131laca\u011f\u0131n\u0131 \u00f6\u011frendik. Bu durum, Y\u00fcksek Kurul\u2019un da binan\u0131n k\u00fclt\u00fcrel de\u011ferini dikkate almad\u0131\u011f\u0131 y\u00f6n\u00fcnde ciddi bir endi\u015fe yaratm\u0131\u015ft\u0131r.\u201d<\/p>\n<p>YIKIM KARARI ERTELENS\u0130N<\/p>\n<p>M\u00fczenin y\u0131k\u0131lmas\u0131n\u0131n asla kabul edilemez oldu\u011funa dikkat \u00e7eken Prof. Dr. I\u015f\u0131n, K\u00fclt\u00fcr ve Turizm Bakanl\u0131\u011f\u0131na seslenerek, y\u0131k\u0131m karar\u0131n\u0131n derhal ertelenmesini istedi. T\u00fcm uzmanlar\u0131n g\u00f6r\u00fc\u015flerini payla\u015faca\u011f\u0131 bir \u00e7al\u0131\u015ftay d\u00fczenlenmesini talep eden Prof. Dr. I\u015f\u0131n, s\u00f6zlerini \u015f\u00f6yle tamamlad\u0131:<br \/>\n\u201cGelin, ortak bir ak\u0131lla hareket edelim. Antalya Arkeoloji M\u00fczesi&#8217;ni, artan depolama ihtiya\u00e7lar\u0131n\u0131 da kar\u015f\u0131layacak \u015fekilde, y\u0131karak de\u011fil, restore ederek koruyal\u0131m. Antalya halk\u0131n\u0131n m\u00fczesine sahip \u00e7\u0131karak bu y\u0131k\u0131m\u0131 durduraca\u011f\u0131na inan\u0131yoruz.\u201d<\/p>\n<p>HERAKLAS YARDIM BEKL\u0130YOR<\/p>\n<p>Akdeniz \u00dcniversitesi \u00d6\u011fretim Elemanlar\u0131 Derne\u011fi \u00f6nceki d\u00f6nem ba\u015fkan\u0131 Prof. Dr. Hilmi Uysal da y\u0131k\u0131lmak istenen Antalya M\u00fczesi&#8217;nin 7 Temmuz itibariyle ziyarete kapat\u0131laca\u011f\u0131n\u0131 s\u00f6yledi. &#8220;Ben yapt\u0131m, oldu anlay\u0131\u015f\u0131&#8221; ile bir yere var\u0131lamayaca\u011f\u0131n\u0131 ifade eden Prof. Dr. Uysal, \u015f\u00f6yle konu\u015ftu: \u201cAntalya duy beni\u2026 \u0130ki ay sonra Antalya m\u00fczesi d\u00fcmd\u00fcz yerle bir olursa \u015fa\u015f\u0131rma. Turizmin en hareketli oldu\u011fu Temmuz ay\u0131nda m\u00fcze kapat\u0131lacak. B\u00f6yle bir turizm anlay\u0131\u015f\u0131 olamaz. 40 y\u0131ll\u0131k bir u\u011fra\u015f sonucu ka\u00e7\u0131r\u0131ld\u0131\u011f\u0131 ABD\u2019den memleketi Antalya m\u00fczesine getirilen Yorgun Herakles (Herk\u00fcl) heykeli yaln\u0131z b\u0131rak\u0131lmak isteniyor. Herk\u00fcl yard\u0131m istiyor. Herk\u00fcl\u2019e nas\u0131l k\u0131yars\u0131n\u0131z, Ey halk\u0131m duyun bizi. Herk\u00fcl yard\u0131m istiyor.\u201d<\/p>\n<p>HUKUKSUZ YIKIM<\/p>\n<p>Av. Tuncay Ko\u00e7 ise, Antalya M\u00fczesi&#8217;nin hukuksuz bir \u015fekilde y\u0131k\u0131lmak istendi\u011fini, m\u00fczenin y\u0131k\u0131m ve ta\u015f\u0131nma ihalesinin gizli yap\u0131ld\u0131\u011f\u0131n\u0131 \u00f6ne s\u00fcrd\u00fc. Ko\u00e7, \u201cM\u00fczenin y\u0131k\u0131m\u0131 bile hukuksuz yap\u0131l\u0131yor. \u0130haleyi bile kendi i\u00e7lerinde kamuoyuy ile payla\u015fmadan yap\u0131yorlar. Antalya m\u00fczesi bir gecede hukuksuz y\u0131k\u0131lmak isteniyor. E\u011fer bu yap\u0131, bu m\u00fcze riskli ise bunu a\u00e7\u0131klay\u0131n, kamuoyu ile payla\u015f\u0131n. \u015eeffaf olun. Bu t\u00fcr uygulamalarla demokrasiden tamamen uzakla\u015f\u0131l\u0131yor\u201d dedi.<\/p>\n<p>B\u0130Z YAPTIK OLDU B\u0130TT\u0130 ANLAYI\u015eI\u2026<\/p>\n<p>1922 y\u0131l\u0131nda Antalya M\u00fczesi&#8217;ni kuran S\u00fcleyman Fikri Erten\u2019in torunu Prof. Dr. G\u00fcnseli Orhon, k\u0131sa konu\u015fmas\u0131nda m\u00fczenin yap\u0131l\u0131\u015f s\u00fcreci ile ilgili bilgi verdi. Prof. Dr. Orhon, \u201cAntalya\u2019n\u0131n \u0130talyan i\u015fgali s\u0131ras\u0131nda kentimizin k\u00fclt\u00fcrel de\u011ferleri ka\u00e7\u0131r\u0131ld\u0131. B\u00fcy\u00fck dedem Fikri Erten, \u0130talyanlar\u0131n ka\u00e7\u0131rmak istedi\u011fi tarihi eserleri Antalya\u2019n\u0131n da\u011flar\u0131ndan kat\u0131r s\u0131rt\u0131nda toplay\u0131p m\u00fcze olu\u015fturdu. (Biz yapt\u0131k, oldu) anlay\u0131\u015f\u0131 ile bir yere var\u0131lmaz. Antalya m\u00fczesi kent belle\u011fidir. M\u00fczenin y\u0131k\u0131lmak istenmesi insan \u00f6ld\u00fcrmekle e\u015fde\u011ferdir. Tarihi eserlerimiz, onlarca uygarl\u0131\u011f\u0131m\u0131z konteynerlere t\u0131k\u0131lmak isteniyor&#8221; dedi.<\/p>\n<p>M\u00dcZE \u00d6N\u00dcNDE TOPLANDILAR<\/p>\n<p>M\u00fcze \u00f6n\u00fcnde ger\u00e7ekle\u015ftirilen eyleme CHP Antalya Milletvekili Cavit Ar\u0131, CHP Muratpa\u015fa \u0130l\u00e7e Ba\u015fkan\u0131 Can Okan K\u0131ran, Antalya Barosu, Antalya Kent \u0130zleme Platformu, Antalya K\u00fclt\u00fcrel Miras Derne\u011fi, Akdeniz Serbest Mimarlar Derne\u011fi, Akdeniz \u00dcniversitesi \u00d6\u011fretim Elemanlar\u0131 Derne\u011fi, Arkeologlar Derne\u011fi Antalya \u015eubesi, Docomo, E\u011fitim-\u0130\u015f Antalya \u015eubesi, E\u011fitim-Sen Antalya \u015eubesi, \u0130n\u015faat M\u00fchendisleri Odas\u0131 Antalya \u015eubesi, Koruma ve Restorasyon Uzmanlar\u0131 Derne\u011fi, K\u00fclt\u00fcr Sanat Sen Antalya \u015eubesi ve M\u00fclkiyeliler Birli\u011fi Antalya \u015eubesi temsilcilerinden olu\u015fan Antalya M\u00fczesi \u00c7al\u0131\u015fma Grubu\u2019ndan yakla\u015f\u0131k 100 ki\u015fi, ellerinde ta\u015f\u0131d\u0131klar\u0131 d\u00f6viz ve pankartlarla Antalya M\u00fczesi \u00f6n\u00fcnde topland\u0131.<\/p>\n<p>\u200bAntalya Arkeoloji M\u00fczesi\u2019nin depreme dayan\u0131ks\u0131z oldu\u011fu gerek\u00e7esiyle y\u0131k\u0131lmak istenmesine tepkiler s\u00fcr\u00fcyor. \u0130kinci kez m\u00fcze \u00f6n\u00fcnde bulu\u015fan Antalya M\u00fcze \u00c7al\u0131\u015fma Grubu, \u201cM\u00fcze halk\u0131nd\u0131r, y\u0131k\u0131lamaz\u201d a\u00e7\u0131klamas\u0131 yapt\u0131.\u00a0<\/p>\n<p>\u200bHaberin Al\u0131nt\u0131land\u0131\u011f\u0131 Kaynak: www.antalyakorfez.com<\/p>","protected":false},"excerpt":{"rendered":"<p>Antalya\u2019n\u0131n \u00f6nemli yap\u0131lar\u0131ndan olan 1972 y\u0131l\u0131nda \u015fimdiki yerine ta\u015f\u0131nan Antalya M\u00fczesi i\u00e7in y\u0131k\u0131m karar\u0131 verildi. \u00c7ok say\u0131da sivil toplum \u00f6rg\u00fct\u00fcn\u00fcn bir araya gelerek olu\u015fturdu\u011fu Antalya M\u00fcze \u00c7al\u0131\u015fma Grubu ikinci kez m\u00fcze \u00f6n\u00fcnde bir araya geldi. Antalya M\u00fcze Grubu ad\u0131na a\u00e7\u0131klamay\u0131 okuyan Akdeniz \u00dcniversitesi Arkeoloji B\u00f6l\u00fcm\u00fc \u00d6\u011fretim G\u00f6revlisi Prof. Dr. G\u00fcl I\u015f\u0131n, \u201cTarihi yok etmek. Tarihi yok etmek bu \u00fclkenin gelece\u011fini yok etmektir. O y\u00fczden biz Antalya halk olarak m\u00fczemize sahip \u00e7\u0131kmaya \u00e7al\u0131\u015f\u0131yoruz. M\u00fcze halk\u0131nd\u0131r, y\u0131k\u0131lamaz\u201d diye konu\u015ftu. ANTALYA HALKI \u0130LE TARTI\u015eILMALI\u2026 Antalyal\u0131lar\u0131n m\u00fczeye sahip \u00e7\u0131kmas\u0131n\u0131 isteyen Prof. Dr. I\u015f\u0131n m\u00fczenin y\u0131k\u0131m karar\u0131n\u0131n ertelenmesini ve bilim insanlar\u0131 ve Antalya halk\u0131 ile tart\u0131\u015f\u0131lmas\u0131n\u0131 istedi. Prof. Dr. I\u015f\u0131n, \u201cAntalya Arkeoloji M\u00fczesi binam\u0131z\u0131n y\u0131k\u0131m\u0131n\u0131n durdurulmas\u0131n\u0131 talep ediyoruz. K\u00fclt\u00fcrel miras\u0131m\u0131z olan bu de\u011ferli yap\u0131n\u0131n y\u0131k\u0131lmas\u0131n\u0131 de\u011fil, korunarak restore edilmesini istiyoruz. K\u00fclt\u00fcr ve Turizm Bakanl\u0131\u011f\u0131, 20 Mart 2025&#8217;te m\u00fczenin y\u0131k\u0131laca\u011f\u0131n\u0131 duyurdu. Gerek\u00e7e olarak binan\u0131n depreme dayan\u0131ks\u0131z olmas\u0131n\u0131 ve artan depolama ihtiyac\u0131n\u0131 g\u00f6sterdiler. Ancak bu bina, s\u0131radan bir bina de\u011fildir. Bu yap\u0131, T\u00fcrkiye\u2019nin yar\u0131\u015fma projesi ile in\u015fa edilen ilk m\u00fczesidir. Bu \u00f6zelli\u011fi bile tek ba\u015f\u0131na, ona tarihi ve belgesel bir de\u011fer katmaktad\u0131r. Sadece Antalya i\u00e7in de\u011fil, T\u00fcrkiye&#8217;nin mimarl\u0131k k\u00fclt\u00fcr\u00fc i\u00e7in de e\u015fsiz bir de\u011fere sahiptir\u201d diye konu\u015ftu. TILIN M\u00dcZES\u0130 \u00d6D\u00dcL\u00dc Antalya m\u00fczesinin 1988 y\u0131l\u0131nda Avrupa Konseyi taraf\u0131ndan &hellip;<\/p>","protected":false},"author":5,"featured_media":0,"comment_status":"","ping_status":"open","sticky":false,"template":"","format":"standard","meta":{"_acf_changed":false,"footnotes":""},"categories":[24],"tags":[],"class_list":["post-138702","post","type-post","status-publish","format-standard","has-post-thumbnail","hentry","category-gundem"],"acf":[],"yoast_head":"<!-- This site is optimized with the Yoast SEO Premium plugin v26.6 (Yoast SEO v27.1.1) - https:\/\/yoast.com\/product\/yoast-seo-premium-wordpress\/ -->\n<title>Antalya M\u00fczesi \u00f6n\u00fcnde \u2018Y\u0131k\u0131m\u0131 durdurun\u2019 \u00e7a\u011fr\u0131s\u0131! - Av. Deniz Can K\u0131z\u0131l<\/title>\n<meta name=\"robots\" content=\"index, follow, max-snippet:-1, max-image-preview:large, max-video-preview:-1\" \/>\n<link rel=\"canonical\" href=\"https:\/\/denizcankizil.tr\/en\/haberler\/gundem\/antalya-muzesi-onunde-yikimi-durdurun-cagrisi\/\" \/>\n<meta property=\"og:locale\" content=\"en_GB\" \/>\n<meta property=\"og:type\" content=\"article\" \/>\n<meta property=\"og:title\" content=\"Antalya M\u00fczesi \u00f6n\u00fcnde \u2018Y\u0131k\u0131m\u0131 durdurun\u2019 \u00e7a\u011fr\u0131s\u0131!\" \/>\n<meta property=\"og:description\" content=\"Antalya\u2019n\u0131n \u00f6nemli yap\u0131lar\u0131ndan olan 1972 y\u0131l\u0131nda \u015fimdiki yerine ta\u015f\u0131nan Antalya M\u00fczesi i\u00e7in y\u0131k\u0131m karar\u0131 verildi. \u00c7ok say\u0131da sivil toplum \u00f6rg\u00fct\u00fcn\u00fcn bir araya gelerek olu\u015fturdu\u011fu Antalya M\u00fcze \u00c7al\u0131\u015fma Grubu ikinci kez m\u00fcze \u00f6n\u00fcnde bir araya geldi. Antalya M\u00fcze Grubu ad\u0131na a\u00e7\u0131klamay\u0131 okuyan Akdeniz \u00dcniversitesi Arkeoloji B\u00f6l\u00fcm\u00fc \u00d6\u011fretim G\u00f6revlisi Prof. Dr. G\u00fcl I\u015f\u0131n, \u201cTarihi yok etmek. Tarihi yok etmek bu \u00fclkenin gelece\u011fini yok etmektir. O y\u00fczden biz Antalya halk olarak m\u00fczemize sahip \u00e7\u0131kmaya \u00e7al\u0131\u015f\u0131yoruz. M\u00fcze halk\u0131nd\u0131r, y\u0131k\u0131lamaz\u201d diye konu\u015ftu. ANTALYA HALKI \u0130LE TARTI\u015eILMALI\u2026 Antalyal\u0131lar\u0131n m\u00fczeye sahip \u00e7\u0131kmas\u0131n\u0131 isteyen Prof. Dr. I\u015f\u0131n m\u00fczenin y\u0131k\u0131m karar\u0131n\u0131n ertelenmesini ve bilim insanlar\u0131 ve Antalya halk\u0131 ile tart\u0131\u015f\u0131lmas\u0131n\u0131 istedi. Prof. Dr. I\u015f\u0131n, \u201cAntalya Arkeoloji M\u00fczesi binam\u0131z\u0131n y\u0131k\u0131m\u0131n\u0131n durdurulmas\u0131n\u0131 talep ediyoruz. K\u00fclt\u00fcrel miras\u0131m\u0131z olan bu de\u011ferli yap\u0131n\u0131n y\u0131k\u0131lmas\u0131n\u0131 de\u011fil, korunarak restore edilmesini istiyoruz. K\u00fclt\u00fcr ve Turizm Bakanl\u0131\u011f\u0131, 20 Mart 2025&#8217;te m\u00fczenin y\u0131k\u0131laca\u011f\u0131n\u0131 duyurdu. Gerek\u00e7e olarak binan\u0131n depreme dayan\u0131ks\u0131z olmas\u0131n\u0131 ve artan depolama ihtiyac\u0131n\u0131 g\u00f6sterdiler. Ancak bu bina, s\u0131radan bir bina de\u011fildir. Bu yap\u0131, T\u00fcrkiye\u2019nin yar\u0131\u015fma projesi ile in\u015fa edilen ilk m\u00fczesidir. Bu \u00f6zelli\u011fi bile tek ba\u015f\u0131na, ona tarihi ve belgesel bir de\u011fer katmaktad\u0131r. Sadece Antalya i\u00e7in de\u011fil, T\u00fcrkiye&#8217;nin mimarl\u0131k k\u00fclt\u00fcr\u00fc i\u00e7in de e\u015fsiz bir de\u011fere sahiptir\u201d diye konu\u015ftu. TILIN M\u00dcZES\u0130 \u00d6D\u00dcL\u00dc Antalya m\u00fczesinin 1988 y\u0131l\u0131nda Avrupa Konseyi taraf\u0131ndan &hellip;\" \/>\n<meta property=\"og:url\" content=\"https:\/\/denizcankizil.tr\/en\/haberler\/gundem\/antalya-muzesi-onunde-yikimi-durdurun-cagrisi\/\" \/>\n<meta property=\"og:site_name\" content=\"Av. Deniz Can K\u0131z\u0131l\" \/>\n<meta property=\"article:published_time\" content=\"2025-07-07T08:41:31+00:00\" \/>\n<meta name=\"author\" content=\"Antalya K\u00f6rfez\" \/>\n<meta name=\"twitter:card\" content=\"summary_large_image\" \/>\n<meta name=\"twitter:label1\" content=\"Written by\" \/>\n\t<meta name=\"twitter:data1\" content=\"Antalya K\u00f6rfez\" \/>\n\t<meta name=\"twitter:label2\" content=\"Estimated reading time\" \/>\n\t<meta name=\"twitter:data2\" content=\"6 minutes\" \/>\n<script type=\"application\/ld+json\" class=\"yoast-schema-graph\">{\"@context\":\"https:\/\/schema.org\",\"@graph\":[{\"@type\":\"Article\",\"@id\":\"https:\/\/denizcankizil.tr\/de\/haberler\/gundem\/antalya-muzesi-onunde-yikimi-durdurun-cagrisi\/#article\",\"isPartOf\":{\"@id\":\"https:\/\/denizcankizil.tr\/de\/haberler\/gundem\/antalya-muzesi-onunde-yikimi-durdurun-cagrisi\/\"},\"author\":{\"name\":\"Antalya K\u00f6rfez\",\"@id\":\"https:\/\/denizcankizil.tr\/de\/#\/schema\/person\/e1eb71bb4dd684d46563f0af307e1234\"},\"headline\":\"Antalya M\u00fczesi \u00f6n\u00fcnde \u2018Y\u0131k\u0131m\u0131 durdurun\u2019 \u00e7a\u011fr\u0131s\u0131!\",\"datePublished\":\"2025-07-07T08:41:31+00:00\",\"mainEntityOfPage\":{\"@id\":\"https:\/\/denizcankizil.tr\/de\/haberler\/gundem\/antalya-muzesi-onunde-yikimi-durdurun-cagrisi\/\"},\"wordCount\":1237,\"publisher\":{\"@id\":\"https:\/\/denizcankizil.tr\/de\/#organization\"},\"articleSection\":[\"G\u00fcndem\"],\"inLanguage\":\"en-GB\"},{\"@type\":\"WebPage\",\"@id\":\"https:\/\/denizcankizil.tr\/de\/haberler\/gundem\/antalya-muzesi-onunde-yikimi-durdurun-cagrisi\/\",\"url\":\"https:\/\/denizcankizil.tr\/de\/haberler\/gundem\/antalya-muzesi-onunde-yikimi-durdurun-cagrisi\/\",\"name\":\"Antalya M\u00fczesi \u00f6n\u00fcnde \u2018Y\u0131k\u0131m\u0131 durdurun\u2019 \u00e7a\u011fr\u0131s\u0131! - Av. Deniz Can K\u0131z\u0131l\",\"isPartOf\":{\"@id\":\"https:\/\/denizcankizil.tr\/de\/#website\"},\"datePublished\":\"2025-07-07T08:41:31+00:00\",\"breadcrumb\":{\"@id\":\"https:\/\/denizcankizil.tr\/de\/haberler\/gundem\/antalya-muzesi-onunde-yikimi-durdurun-cagrisi\/#breadcrumb\"},\"inLanguage\":\"en-GB\",\"potentialAction\":[{\"@type\":\"ReadAction\",\"target\":[\"https:\/\/denizcankizil.tr\/de\/haberler\/gundem\/antalya-muzesi-onunde-yikimi-durdurun-cagrisi\/\"]}]},{\"@type\":\"BreadcrumbList\",\"@id\":\"https:\/\/denizcankizil.tr\/de\/haberler\/gundem\/antalya-muzesi-onunde-yikimi-durdurun-cagrisi\/#breadcrumb\",\"itemListElement\":[{\"@type\":\"ListItem\",\"position\":1,\"name\":\"Home\",\"item\":\"https:\/\/denizcankizil.tr\/de\/\"},{\"@type\":\"ListItem\",\"position\":2,\"name\":\"Antalya M\u00fczesi \u00f6n\u00fcnde \u2018Y\u0131k\u0131m\u0131 durdurun\u2019 \u00e7a\u011fr\u0131s\u0131!\"}]},{\"@type\":\"WebSite\",\"@id\":\"https:\/\/denizcankizil.tr\/de\/#website\",\"url\":\"https:\/\/denizcankizil.tr\/de\/\",\"name\":\"Av. Deniz Can K\u0131z\u0131l\",\"description\":\"Avukat Deniz Can K\u0131z\u0131l Antalya Barosu\",\"publisher\":{\"@id\":\"https:\/\/denizcankizil.tr\/de\/#organization\"},\"potentialAction\":[{\"@type\":\"SearchAction\",\"target\":{\"@type\":\"EntryPoint\",\"urlTemplate\":\"https:\/\/denizcankizil.tr\/de\/?s={search_term_string}\"},\"query-input\":{\"@type\":\"PropertyValueSpecification\",\"valueRequired\":true,\"valueName\":\"search_term_string\"}}],\"inLanguage\":\"en-GB\"},{\"@type\":\"Organization\",\"@id\":\"https:\/\/denizcankizil.tr\/de\/#organization\",\"name\":\"Av. Deniz Can K\u0131z\u0131l\",\"url\":\"https:\/\/denizcankizil.tr\/de\/\",\"logo\":{\"@type\":\"ImageObject\",\"inLanguage\":\"en-GB\",\"@id\":\"https:\/\/denizcankizil.tr\/de\/#\/schema\/logo\/image\/\",\"url\":\"https:\/\/denizcankizil.tr\/wp-content\/uploads\/2024\/10\/siyah-logo-svg.svg\",\"contentUrl\":\"https:\/\/denizcankizil.tr\/wp-content\/uploads\/2024\/10\/siyah-logo-svg.svg\",\"width\":1080,\"height\":1080,\"caption\":\"Av. Deniz Can K\u0131z\u0131l\"},\"image\":{\"@id\":\"https:\/\/denizcankizil.tr\/de\/#\/schema\/logo\/image\/\"}},{\"@type\":\"Person\",\"@id\":\"https:\/\/denizcankizil.tr\/de\/#\/schema\/person\/e1eb71bb4dd684d46563f0af307e1234\",\"name\":\"Antalya K\u00f6rfez\",\"image\":{\"@type\":\"ImageObject\",\"inLanguage\":\"en-GB\",\"@id\":\"https:\/\/denizcankizil.tr\/de\/#\/schema\/person\/image\/\",\"url\":\"https:\/\/secure.gravatar.com\/avatar\/42b01982558a48a0b501fdcab6a408d3717ea5919095ee2e67b0e521799c5905?s=96&d=mm&r=g\",\"contentUrl\":\"https:\/\/secure.gravatar.com\/avatar\/42b01982558a48a0b501fdcab6a408d3717ea5919095ee2e67b0e521799c5905?s=96&d=mm&r=g\",\"caption\":\"Antalya K\u00f6rfez\"},\"sameAs\":[\"http:\/\/www.antalyakorfez.com\"],\"url\":\"https:\/\/www.antalyakorfez.com\/antalya-muzesi-onunde-yikimi-durdurun-cagrisi\"}]}<\/script>\n<!-- \/ Yoast SEO Premium plugin. -->","yoast_head_json":{"title":"Antalya M\u00fczesi \u00f6n\u00fcnde \u2018Y\u0131k\u0131m\u0131 durdurun\u2019 \u00e7a\u011fr\u0131s\u0131! - Av. Deniz Can K\u0131z\u0131l","robots":{"index":"index","follow":"follow","max-snippet":"max-snippet:-1","max-image-preview":"max-image-preview:large","max-video-preview":"max-video-preview:-1"},"canonical":"https:\/\/denizcankizil.tr\/en\/haberler\/gundem\/antalya-muzesi-onunde-yikimi-durdurun-cagrisi\/","og_locale":"en_GB","og_type":"article","og_title":"Antalya M\u00fczesi \u00f6n\u00fcnde \u2018Y\u0131k\u0131m\u0131 durdurun\u2019 \u00e7a\u011fr\u0131s\u0131!","og_description":"Antalya\u2019n\u0131n \u00f6nemli yap\u0131lar\u0131ndan olan 1972 y\u0131l\u0131nda \u015fimdiki yerine ta\u015f\u0131nan Antalya M\u00fczesi i\u00e7in y\u0131k\u0131m karar\u0131 verildi. \u00c7ok say\u0131da sivil toplum \u00f6rg\u00fct\u00fcn\u00fcn bir araya gelerek olu\u015fturdu\u011fu Antalya M\u00fcze \u00c7al\u0131\u015fma Grubu ikinci kez m\u00fcze \u00f6n\u00fcnde bir araya geldi. Antalya M\u00fcze Grubu ad\u0131na a\u00e7\u0131klamay\u0131 okuyan Akdeniz \u00dcniversitesi Arkeoloji B\u00f6l\u00fcm\u00fc \u00d6\u011fretim G\u00f6revlisi Prof. Dr. G\u00fcl I\u015f\u0131n, \u201cTarihi yok etmek. Tarihi yok etmek bu \u00fclkenin gelece\u011fini yok etmektir. O y\u00fczden biz Antalya halk olarak m\u00fczemize sahip \u00e7\u0131kmaya \u00e7al\u0131\u015f\u0131yoruz. M\u00fcze halk\u0131nd\u0131r, y\u0131k\u0131lamaz\u201d diye konu\u015ftu. ANTALYA HALKI \u0130LE TARTI\u015eILMALI\u2026 Antalyal\u0131lar\u0131n m\u00fczeye sahip \u00e7\u0131kmas\u0131n\u0131 isteyen Prof. Dr. I\u015f\u0131n m\u00fczenin y\u0131k\u0131m karar\u0131n\u0131n ertelenmesini ve bilim insanlar\u0131 ve Antalya halk\u0131 ile tart\u0131\u015f\u0131lmas\u0131n\u0131 istedi. Prof. Dr. I\u015f\u0131n, \u201cAntalya Arkeoloji M\u00fczesi binam\u0131z\u0131n y\u0131k\u0131m\u0131n\u0131n durdurulmas\u0131n\u0131 talep ediyoruz. K\u00fclt\u00fcrel miras\u0131m\u0131z olan bu de\u011ferli yap\u0131n\u0131n y\u0131k\u0131lmas\u0131n\u0131 de\u011fil, korunarak restore edilmesini istiyoruz. K\u00fclt\u00fcr ve Turizm Bakanl\u0131\u011f\u0131, 20 Mart 2025&#8217;te m\u00fczenin y\u0131k\u0131laca\u011f\u0131n\u0131 duyurdu. Gerek\u00e7e olarak binan\u0131n depreme dayan\u0131ks\u0131z olmas\u0131n\u0131 ve artan depolama ihtiyac\u0131n\u0131 g\u00f6sterdiler. Ancak bu bina, s\u0131radan bir bina de\u011fildir. Bu yap\u0131, T\u00fcrkiye\u2019nin yar\u0131\u015fma projesi ile in\u015fa edilen ilk m\u00fczesidir. Bu \u00f6zelli\u011fi bile tek ba\u015f\u0131na, ona tarihi ve belgesel bir de\u011fer katmaktad\u0131r. Sadece Antalya i\u00e7in de\u011fil, T\u00fcrkiye&#8217;nin mimarl\u0131k k\u00fclt\u00fcr\u00fc i\u00e7in de e\u015fsiz bir de\u011fere sahiptir\u201d diye konu\u015ftu. TILIN M\u00dcZES\u0130 \u00d6D\u00dcL\u00dc Antalya m\u00fczesinin 1988 y\u0131l\u0131nda Avrupa Konseyi taraf\u0131ndan &hellip;","og_url":"https:\/\/denizcankizil.tr\/en\/haberler\/gundem\/antalya-muzesi-onunde-yikimi-durdurun-cagrisi\/","og_site_name":"Av. Deniz Can K\u0131z\u0131l","article_published_time":"2025-07-07T08:41:31+00:00","author":"Antalya K\u00f6rfez","twitter_card":"summary_large_image","twitter_misc":{"Written by":"Antalya K\u00f6rfez","Estimated reading time":"6 minutes"},"schema":{"@context":"https:\/\/schema.org","@graph":[{"@type":"Article","@id":"https:\/\/denizcankizil.tr\/de\/haberler\/gundem\/antalya-muzesi-onunde-yikimi-durdurun-cagrisi\/#article","isPartOf":{"@id":"https:\/\/denizcankizil.tr\/de\/haberler\/gundem\/antalya-muzesi-onunde-yikimi-durdurun-cagrisi\/"},"author":{"name":"Antalya K\u00f6rfez","@id":"https:\/\/denizcankizil.tr\/de\/#\/schema\/person\/e1eb71bb4dd684d46563f0af307e1234"},"headline":"Antalya M\u00fczesi \u00f6n\u00fcnde \u2018Y\u0131k\u0131m\u0131 durdurun\u2019 \u00e7a\u011fr\u0131s\u0131!","datePublished":"2025-07-07T08:41:31+00:00","mainEntityOfPage":{"@id":"https:\/\/denizcankizil.tr\/de\/haberler\/gundem\/antalya-muzesi-onunde-yikimi-durdurun-cagrisi\/"},"wordCount":1237,"publisher":{"@id":"https:\/\/denizcankizil.tr\/de\/#organization"},"articleSection":["G\u00fcndem"],"inLanguage":"en-GB"},{"@type":"WebPage","@id":"https:\/\/denizcankizil.tr\/de\/haberler\/gundem\/antalya-muzesi-onunde-yikimi-durdurun-cagrisi\/","url":"https:\/\/denizcankizil.tr\/de\/haberler\/gundem\/antalya-muzesi-onunde-yikimi-durdurun-cagrisi\/","name":"Antalya M\u00fczesi \u00f6n\u00fcnde \u2018Y\u0131k\u0131m\u0131 durdurun\u2019 \u00e7a\u011fr\u0131s\u0131! - Av. Deniz Can K\u0131z\u0131l","isPartOf":{"@id":"https:\/\/denizcankizil.tr\/de\/#website"},"datePublished":"2025-07-07T08:41:31+00:00","breadcrumb":{"@id":"https:\/\/denizcankizil.tr\/de\/haberler\/gundem\/antalya-muzesi-onunde-yikimi-durdurun-cagrisi\/#breadcrumb"},"inLanguage":"en-GB","potentialAction":[{"@type":"ReadAction","target":["https:\/\/denizcankizil.tr\/de\/haberler\/gundem\/antalya-muzesi-onunde-yikimi-durdurun-cagrisi\/"]}]},{"@type":"BreadcrumbList","@id":"https:\/\/denizcankizil.tr\/de\/haberler\/gundem\/antalya-muzesi-onunde-yikimi-durdurun-cagrisi\/#breadcrumb","itemListElement":[{"@type":"ListItem","position":1,"name":"Home","item":"https:\/\/denizcankizil.tr\/de\/"},{"@type":"ListItem","position":2,"name":"Antalya M\u00fczesi \u00f6n\u00fcnde \u2018Y\u0131k\u0131m\u0131 durdurun\u2019 \u00e7a\u011fr\u0131s\u0131!"}]},{"@type":"WebSite","@id":"https:\/\/denizcankizil.tr\/de\/#website","url":"https:\/\/denizcankizil.tr\/de\/","name":"Av. Deniz Can K\u0131z\u0131l","description":"Avukat Deniz Can K\u0131z\u0131l Antalya Barosu","publisher":{"@id":"https:\/\/denizcankizil.tr\/de\/#organization"},"potentialAction":[{"@type":"SearchAction","target":{"@type":"EntryPoint","urlTemplate":"https:\/\/denizcankizil.tr\/de\/?s={search_term_string}"},"query-input":{"@type":"PropertyValueSpecification","valueRequired":true,"valueName":"search_term_string"}}],"inLanguage":"en-GB"},{"@type":"Organization","@id":"https:\/\/denizcankizil.tr\/de\/#organization","name":"Av. Deniz Can K\u0131z\u0131l","url":"https:\/\/denizcankizil.tr\/de\/","logo":{"@type":"ImageObject","inLanguage":"en-GB","@id":"https:\/\/denizcankizil.tr\/de\/#\/schema\/logo\/image\/","url":"https:\/\/denizcankizil.tr\/wp-content\/uploads\/2024\/10\/siyah-logo-svg.svg","contentUrl":"https:\/\/denizcankizil.tr\/wp-content\/uploads\/2024\/10\/siyah-logo-svg.svg","width":1080,"height":1080,"caption":"Av. Deniz Can K\u0131z\u0131l"},"image":{"@id":"https:\/\/denizcankizil.tr\/de\/#\/schema\/logo\/image\/"}},{"@type":"Person","@id":"https:\/\/denizcankizil.tr\/de\/#\/schema\/person\/e1eb71bb4dd684d46563f0af307e1234","name":"Antalya K\u00f6rfez","image":{"@type":"ImageObject","inLanguage":"en-GB","@id":"https:\/\/denizcankizil.tr\/de\/#\/schema\/person\/image\/","url":"https:\/\/secure.gravatar.com\/avatar\/42b01982558a48a0b501fdcab6a408d3717ea5919095ee2e67b0e521799c5905?s=96&d=mm&r=g","contentUrl":"https:\/\/secure.gravatar.com\/avatar\/42b01982558a48a0b501fdcab6a408d3717ea5919095ee2e67b0e521799c5905?s=96&d=mm&r=g","caption":"Antalya K\u00f6rfez"},"sameAs":["http:\/\/www.antalyakorfez.com"],"url":"https:\/\/www.antalyakorfez.com\/antalya-muzesi-onunde-yikimi-durdurun-cagrisi"}]}},"_links":{"self":[{"href":"https:\/\/denizcankizil.tr\/en\/wp-json\/wp\/v2\/posts\/138702","targetHints":{"allow":["GET"]}}],"collection":[{"href":"https:\/\/denizcankizil.tr\/en\/wp-json\/wp\/v2\/posts"}],"about":[{"href":"https:\/\/denizcankizil.tr\/en\/wp-json\/wp\/v2\/types\/post"}],"author":[{"embeddable":true,"href":"https:\/\/denizcankizil.tr\/en\/wp-json\/wp\/v2\/users\/5"}],"replies":[{"embeddable":true,"href":"https:\/\/denizcankizil.tr\/en\/wp-json\/wp\/v2\/comments?post=138702"}],"version-history":[{"count":0,"href":"https:\/\/denizcankizil.tr\/en\/wp-json\/wp\/v2\/posts\/138702\/revisions"}],"wp:attachment":[{"href":"https:\/\/denizcankizil.tr\/en\/wp-json\/wp\/v2\/media?parent=138702"}],"wp:term":[{"taxonomy":"category","embeddable":true,"href":"https:\/\/denizcankizil.tr\/en\/wp-json\/wp\/v2\/categories?post=138702"},{"taxonomy":"post_tag","embeddable":true,"href":"https:\/\/denizcankizil.tr\/en\/wp-json\/wp\/v2\/tags?post=138702"}],"curies":[{"name":"wp","href":"https:\/\/api.w.org\/{rel}","templated":true}]}}