{"id":136856,"date":"2025-07-05T16:41:15","date_gmt":"2025-07-05T13:41:15","guid":{"rendered":"https:\/\/denizcankizil.tr\/uncategorized-tr\/chp-antalya-il-baskani-nail-kamaci-belediye-baskanlarimiza-yapilan-halkin-iradesine-mudahaledir\/"},"modified":"2025-07-05T16:41:15","modified_gmt":"2025-07-05T13:41:15","slug":"chp-antalya-il-baskani-nail-kamaci-belediye-baskanlarimiza-yapilan-halkin-iradesine-mudahaledir","status":"publish","type":"post","link":"https:\/\/denizcankizil.tr\/en\/haberler\/gundem\/chp-antalya-il-baskani-nail-kamaci-belediye-baskanlarimiza-yapilan-halkin-iradesine-mudahaledir\/","title":{"rendered":"CHP Antalya \u0130l Ba\u015fkan\u0131 Nail Kamac\u0131: &#8220;Belediye ba\u015fkanlar\u0131m\u0131za yap\u0131lan halk\u0131n iradesine m\u00fcdahaledir&#8221;"},"content":{"rendered":"<p>Cumhuriyet Halk Partisi (CHP) Antalya \u0130l Ba\u015fkan\u0131 Nail Kamac\u0131, Antalya \u0130l Ba\u015fkanl\u0131\u011f\u0131&#8217;nda d\u00fczenlenen bas\u0131n toplant\u0131s\u0131nda \u00e7arp\u0131c\u0131 a\u00e7\u0131klamalarda bulundu. Kamac\u0131\u2019ya milletvekilleri, il y\u00f6neticileri, il\u00e7e ba\u015fkanlar\u0131, belediye ba\u015fkanlar\u0131 ve meclis \u00fcyeleri e\u015flik etti. Kamac\u0131, sabah saatlerinde Antalya B\u00fcy\u00fck\u015fehir Belediye Ba\u015fkan\u0131 Muhittin B\u00f6cek\u2019in g\u00f6zalt\u0131na al\u0131nmas\u0131n\u0131 sert s\u00f6zlerle ele\u015ftirerek, bunun halk\u0131n iradesine ve demokratik yerel y\u00f6netime y\u00f6nelik a\u00e7\u0131k bir m\u00fcdahale oldu\u011funu ifade etti.<\/p>\n<p>&#8220;YARGI EL\u0130YLE KU\u015eATMA G\u0130R\u0130\u015e\u0130M\u0130&#8221;<\/p>\n<p>Kamac\u0131, 31 Mart 2024 se\u00e7imlerinde Antalya halk\u0131n\u0131n yeniden CHP&#8217;ye g\u00fcvenerek b\u00fcy\u00fck\u015fehir belediyesini kazand\u0131rmas\u0131n\u0131n baz\u0131 \u00e7evrelerde haz\u0131ms\u0131zl\u0131k yaratt\u0131\u011f\u0131n\u0131 vurgulad\u0131. \u201cSe\u00e7imle kazan\u0131lamayan belediyeler \u015fimdi yarg\u0131 eliyle ku\u015fat\u0131lmak istenmektedir\u201d diyen Kamac\u0131, sabah bask\u0131n\u0131yla yap\u0131lan g\u00f6zalt\u0131 i\u015flemini bir alg\u0131 operasyonu olarak nitelendirdi.<\/p>\n<p>&#8220;BU OPERASYON YALNIZCA ANTALYA\u2019YA DE\u011e\u0130L&#8221;<\/p>\n<p>Ayn\u0131 g\u00fcn i\u00e7inde Adana B\u00fcy\u00fck\u015fehir Belediye Ba\u015fkan\u0131 Zeydan Karalar, Ad\u0131yaman Belediye Ba\u015fkan\u0131 Abdurrahman Tutdere ve k\u0131sa s\u00fcre \u00f6nce Manavgat Belediye Ba\u015fkan\u0131 Niyazi Nefi Kara\u2019n\u0131n da benzer \u015fekilde g\u00f6zalt\u0131na al\u0131nd\u0131\u011f\u0131n\u0131 hat\u0131rlatan Kamac\u0131, \u201cBu geli\u015fmeler CHP\u2019li belediyelere y\u00f6nelik sistematik ve siyasi bir sindirme kampanyas\u0131n\u0131n g\u00f6stergesidir,\u201d dedi.<\/p>\n<p>&#8220;HUKUKUN \u00dcST\u00dcNL\u00dc\u011e\u00dcNE OLAN \u0130NANCIMIZ TAM&#8221;<\/p>\n<p>CHP&#8217;nin hukukun \u00fcst\u00fcnl\u00fc\u011f\u00fc, adil yarg\u0131lama ve \u015feffaf s\u00fcre\u00e7lere olan inanc\u0131n\u0131 vurgulayan Kamac\u0131, bu s\u00fcre\u00e7lerin siyasal m\u00fcdahalelerden uzak \u015fekilde y\u00fcr\u00fct\u00fclmesi gerekti\u011finin alt\u0131n\u0131 \u00e7izdi.<\/p>\n<p>&#8220;HALKIN \u0130RADES\u0130NE Y\u00d6NEL\u0130K SALDIRI&#8221;<\/p>\n<p>Kamac\u0131, CHP&#8217;nin belediyecilik anlay\u0131\u015f\u0131n\u0131n halka hesap veren, \u015feffaf ve demokratik bir yerel y\u00f6netim anlay\u0131\u015f\u0131 oldu\u011funu hat\u0131rlatarak, bu de\u011ferlere y\u00f6nelik her sald\u0131r\u0131n\u0131n halk\u0131n iradesine y\u00f6nelik oldu\u011funu belirtti.<\/p>\n<p>&#8220;BELED\u0130YE BA\u015eKANLARIMIZIN YANINDAYIZ&#8221;<\/p>\n<p>Kamac\u0131 a\u00e7\u0131klamas\u0131n\u0131, \u201cCHP Antalya \u0130l \u00d6rg\u00fct\u00fc olarak; Antalya, Adana, Ad\u0131yaman ve Manavgat\u2019ta g\u00f6zalt\u0131na al\u0131nan t\u00fcm belediye ba\u015fkanlar\u0131m\u0131z\u0131n yan\u0131nday\u0131z. Halk\u00e7\u0131 yerel y\u00f6netim m\u00fccadelemizin arkas\u0131nday\u0131z. Bu s\u00fcrecin siyasi oldu\u011fu a\u00e7\u0131kt\u0131r ve yak\u0131ndan takip\u00e7isiyiz\u201d diyerek tamamlad\u0131.<\/p>\n<p>\u200bAntalya B\u00fcy\u00fck\u015fehir Belediye Ba\u015fkan\u0131 Muhittin B\u00f6cek ile birlikte Adana B\u00fcy\u00fck\u015fehir Belediye Ba\u015fkan\u0131 Zeydan Karalar ve Ad\u0131yaman Belediye Ba\u015fkan\u0131 Abdurrahman Tutdere\u2019nin g\u00f6zalt\u0131na al\u0131nmas\u0131 T\u00fcrkiye\u2019yi aya\u011fa kald\u0131rd\u0131. CHP Antalya \u0130l Ba\u015fkan\u0131 Nail Kamac\u0131, \u201cBelediye ba\u015fkanlar\u0131m\u0131za yap\u0131lan halk\u0131n iradesine m\u00fcdahaledir&#8221; dedi\u00a0<\/p>\n<p>\u200bHaberin Al\u0131nt\u0131land\u0131\u011f\u0131 Kaynak: www.antalyakorfez.com<\/p>","protected":false},"excerpt":{"rendered":"<p>Cumhuriyet Halk Partisi (CHP) Antalya \u0130l Ba\u015fkan\u0131 Nail Kamac\u0131, Antalya \u0130l Ba\u015fkanl\u0131\u011f\u0131&#8217;nda d\u00fczenlenen bas\u0131n toplant\u0131s\u0131nda \u00e7arp\u0131c\u0131 a\u00e7\u0131klamalarda bulundu. Kamac\u0131\u2019ya milletvekilleri, il y\u00f6neticileri, il\u00e7e ba\u015fkanlar\u0131, belediye ba\u015fkanlar\u0131 ve meclis \u00fcyeleri e\u015flik etti. Kamac\u0131, sabah saatlerinde Antalya B\u00fcy\u00fck\u015fehir Belediye Ba\u015fkan\u0131 Muhittin B\u00f6cek\u2019in g\u00f6zalt\u0131na al\u0131nmas\u0131n\u0131 sert s\u00f6zlerle ele\u015ftirerek, bunun halk\u0131n iradesine ve demokratik yerel y\u00f6netime y\u00f6nelik a\u00e7\u0131k bir m\u00fcdahale oldu\u011funu ifade etti. &#8220;YARGI EL\u0130YLE KU\u015eATMA G\u0130R\u0130\u015e\u0130M\u0130&#8221; Kamac\u0131, 31 Mart 2024 se\u00e7imlerinde Antalya halk\u0131n\u0131n yeniden CHP&#8217;ye g\u00fcvenerek b\u00fcy\u00fck\u015fehir belediyesini kazand\u0131rmas\u0131n\u0131n baz\u0131 \u00e7evrelerde haz\u0131ms\u0131zl\u0131k yaratt\u0131\u011f\u0131n\u0131 vurgulad\u0131. \u201cSe\u00e7imle kazan\u0131lamayan belediyeler \u015fimdi yarg\u0131 eliyle ku\u015fat\u0131lmak istenmektedir\u201d diyen Kamac\u0131, sabah bask\u0131n\u0131yla yap\u0131lan g\u00f6zalt\u0131 i\u015flemini bir alg\u0131 operasyonu olarak nitelendirdi. &#8220;BU OPERASYON YALNIZCA ANTALYA\u2019YA DE\u011e\u0130L&#8221; Ayn\u0131 g\u00fcn i\u00e7inde Adana B\u00fcy\u00fck\u015fehir Belediye Ba\u015fkan\u0131 Zeydan Karalar, Ad\u0131yaman Belediye Ba\u015fkan\u0131 Abdurrahman Tutdere ve k\u0131sa s\u00fcre \u00f6nce Manavgat Belediye Ba\u015fkan\u0131 Niyazi Nefi Kara\u2019n\u0131n da benzer \u015fekilde g\u00f6zalt\u0131na al\u0131nd\u0131\u011f\u0131n\u0131 hat\u0131rlatan Kamac\u0131, \u201cBu geli\u015fmeler CHP\u2019li belediyelere y\u00f6nelik sistematik ve siyasi bir sindirme kampanyas\u0131n\u0131n g\u00f6stergesidir,\u201d dedi. &#8220;HUKUKUN \u00dcST\u00dcNL\u00dc\u011e\u00dcNE OLAN \u0130NANCIMIZ TAM&#8221; CHP&#8217;nin hukukun \u00fcst\u00fcnl\u00fc\u011f\u00fc, adil yarg\u0131lama ve \u015feffaf s\u00fcre\u00e7lere olan inanc\u0131n\u0131 vurgulayan Kamac\u0131, bu s\u00fcre\u00e7lerin siyasal m\u00fcdahalelerden uzak \u015fekilde y\u00fcr\u00fct\u00fclmesi gerekti\u011finin alt\u0131n\u0131 \u00e7izdi. &#8220;HALKIN \u0130RADES\u0130NE Y\u00d6NEL\u0130K SALDIRI&#8221; Kamac\u0131, CHP&#8217;nin belediyecilik anlay\u0131\u015f\u0131n\u0131n halka hesap veren, \u015feffaf ve demokratik bir yerel y\u00f6netim anlay\u0131\u015f\u0131 oldu\u011funu hat\u0131rlatarak, bu de\u011ferlere y\u00f6nelik &hellip;<\/p>","protected":false},"author":5,"featured_media":0,"comment_status":"","ping_status":"open","sticky":false,"template":"","format":"standard","meta":{"_acf_changed":false,"footnotes":""},"categories":[24],"tags":[],"class_list":["post-136856","post","type-post","status-publish","format-standard","has-post-thumbnail","hentry","category-gundem"],"acf":[],"yoast_head":"<!-- This site is optimized with the Yoast SEO Premium plugin v26.6 (Yoast SEO v27.1.1) - https:\/\/yoast.com\/product\/yoast-seo-premium-wordpress\/ -->\n<title>CHP Antalya \u0130l Ba\u015fkan\u0131 Nail Kamac\u0131: &quot;Belediye ba\u015fkanlar\u0131m\u0131za yap\u0131lan halk\u0131n iradesine m\u00fcdahaledir&quot; - Av. Deniz Can K\u0131z\u0131l<\/title>\n<meta name=\"robots\" content=\"index, follow, max-snippet:-1, max-image-preview:large, max-video-preview:-1\" \/>\n<link rel=\"canonical\" href=\"https:\/\/denizcankizil.tr\/en\/haberler\/gundem\/chp-antalya-il-baskani-nail-kamaci-belediye-baskanlarimiza-yapilan-halkin-iradesine-mudahaledir\/\" \/>\n<meta property=\"og:locale\" content=\"en_GB\" \/>\n<meta property=\"og:type\" content=\"article\" \/>\n<meta property=\"og:title\" content=\"CHP Antalya \u0130l Ba\u015fkan\u0131 Nail Kamac\u0131: &quot;Belediye ba\u015fkanlar\u0131m\u0131za yap\u0131lan halk\u0131n iradesine m\u00fcdahaledir&quot;\" \/>\n<meta property=\"og:description\" content=\"Cumhuriyet Halk Partisi (CHP) Antalya \u0130l Ba\u015fkan\u0131 Nail Kamac\u0131, Antalya \u0130l Ba\u015fkanl\u0131\u011f\u0131&#8217;nda d\u00fczenlenen bas\u0131n toplant\u0131s\u0131nda \u00e7arp\u0131c\u0131 a\u00e7\u0131klamalarda bulundu. Kamac\u0131\u2019ya milletvekilleri, il y\u00f6neticileri, il\u00e7e ba\u015fkanlar\u0131, belediye ba\u015fkanlar\u0131 ve meclis \u00fcyeleri e\u015flik etti. Kamac\u0131, sabah saatlerinde Antalya B\u00fcy\u00fck\u015fehir Belediye Ba\u015fkan\u0131 Muhittin B\u00f6cek\u2019in g\u00f6zalt\u0131na al\u0131nmas\u0131n\u0131 sert s\u00f6zlerle ele\u015ftirerek, bunun halk\u0131n iradesine ve demokratik yerel y\u00f6netime y\u00f6nelik a\u00e7\u0131k bir m\u00fcdahale oldu\u011funu ifade etti. &#8220;YARGI EL\u0130YLE KU\u015eATMA G\u0130R\u0130\u015e\u0130M\u0130&#8221; Kamac\u0131, 31 Mart 2024 se\u00e7imlerinde Antalya halk\u0131n\u0131n yeniden CHP&#8217;ye g\u00fcvenerek b\u00fcy\u00fck\u015fehir belediyesini kazand\u0131rmas\u0131n\u0131n baz\u0131 \u00e7evrelerde haz\u0131ms\u0131zl\u0131k yaratt\u0131\u011f\u0131n\u0131 vurgulad\u0131. \u201cSe\u00e7imle kazan\u0131lamayan belediyeler \u015fimdi yarg\u0131 eliyle ku\u015fat\u0131lmak istenmektedir\u201d diyen Kamac\u0131, sabah bask\u0131n\u0131yla yap\u0131lan g\u00f6zalt\u0131 i\u015flemini bir alg\u0131 operasyonu olarak nitelendirdi. &#8220;BU OPERASYON YALNIZCA ANTALYA\u2019YA DE\u011e\u0130L&#8221; Ayn\u0131 g\u00fcn i\u00e7inde Adana B\u00fcy\u00fck\u015fehir Belediye Ba\u015fkan\u0131 Zeydan Karalar, Ad\u0131yaman Belediye Ba\u015fkan\u0131 Abdurrahman Tutdere ve k\u0131sa s\u00fcre \u00f6nce Manavgat Belediye Ba\u015fkan\u0131 Niyazi Nefi Kara\u2019n\u0131n da benzer \u015fekilde g\u00f6zalt\u0131na al\u0131nd\u0131\u011f\u0131n\u0131 hat\u0131rlatan Kamac\u0131, \u201cBu geli\u015fmeler CHP\u2019li belediyelere y\u00f6nelik sistematik ve siyasi bir sindirme kampanyas\u0131n\u0131n g\u00f6stergesidir,\u201d dedi. &#8220;HUKUKUN \u00dcST\u00dcNL\u00dc\u011e\u00dcNE OLAN \u0130NANCIMIZ TAM&#8221; CHP&#8217;nin hukukun \u00fcst\u00fcnl\u00fc\u011f\u00fc, adil yarg\u0131lama ve \u015feffaf s\u00fcre\u00e7lere olan inanc\u0131n\u0131 vurgulayan Kamac\u0131, bu s\u00fcre\u00e7lerin siyasal m\u00fcdahalelerden uzak \u015fekilde y\u00fcr\u00fct\u00fclmesi gerekti\u011finin alt\u0131n\u0131 \u00e7izdi. &#8220;HALKIN \u0130RADES\u0130NE Y\u00d6NEL\u0130K SALDIRI&#8221; Kamac\u0131, CHP&#8217;nin belediyecilik anlay\u0131\u015f\u0131n\u0131n halka hesap veren, \u015feffaf ve demokratik bir yerel y\u00f6netim anlay\u0131\u015f\u0131 oldu\u011funu hat\u0131rlatarak, bu de\u011ferlere y\u00f6nelik &hellip;\" \/>\n<meta property=\"og:url\" content=\"https:\/\/denizcankizil.tr\/en\/haberler\/gundem\/chp-antalya-il-baskani-nail-kamaci-belediye-baskanlarimiza-yapilan-halkin-iradesine-mudahaledir\/\" \/>\n<meta property=\"og:site_name\" content=\"Av. Deniz Can K\u0131z\u0131l\" \/>\n<meta property=\"article:published_time\" content=\"2025-07-05T13:41:15+00:00\" \/>\n<meta name=\"author\" content=\"Antalya K\u00f6rfez\" \/>\n<meta name=\"twitter:card\" content=\"summary_large_image\" \/>\n<meta name=\"twitter:label1\" content=\"Written by\" \/>\n\t<meta name=\"twitter:data1\" content=\"Antalya K\u00f6rfez\" \/>\n\t<meta name=\"twitter:label2\" content=\"Estimated reading time\" \/>\n\t<meta name=\"twitter:data2\" content=\"2 minutes\" \/>\n<script type=\"application\/ld+json\" class=\"yoast-schema-graph\">{\"@context\":\"https:\/\/schema.org\",\"@graph\":[{\"@type\":\"Article\",\"@id\":\"https:\/\/denizcankizil.tr\/uk\/haberler\/gundem\/chp-antalya-il-baskani-nail-kamaci-belediye-baskanlarimiza-yapilan-halkin-iradesine-mudahaledir\/#article\",\"isPartOf\":{\"@id\":\"https:\/\/denizcankizil.tr\/uk\/haberler\/gundem\/chp-antalya-il-baskani-nail-kamaci-belediye-baskanlarimiza-yapilan-halkin-iradesine-mudahaledir\/\"},\"author\":{\"name\":\"Antalya K\u00f6rfez\",\"@id\":\"https:\/\/denizcankizil.tr\/#\/schema\/person\/e1eb71bb4dd684d46563f0af307e1234\"},\"headline\":\"CHP Antalya \u0130l Ba\u015fkan\u0131 Nail Kamac\u0131: &#8220;Belediye ba\u015fkanlar\u0131m\u0131za yap\u0131lan halk\u0131n iradesine m\u00fcdahaledir&#8221;\",\"datePublished\":\"2025-07-05T13:41:15+00:00\",\"mainEntityOfPage\":{\"@id\":\"https:\/\/denizcankizil.tr\/uk\/haberler\/gundem\/chp-antalya-il-baskani-nail-kamaci-belediye-baskanlarimiza-yapilan-halkin-iradesine-mudahaledir\/\"},\"wordCount\":479,\"publisher\":{\"@id\":\"https:\/\/denizcankizil.tr\/#organization\"},\"articleSection\":[\"G\u00fcndem\"],\"inLanguage\":\"en-GB\"},{\"@type\":\"WebPage\",\"@id\":\"https:\/\/denizcankizil.tr\/uk\/haberler\/gundem\/chp-antalya-il-baskani-nail-kamaci-belediye-baskanlarimiza-yapilan-halkin-iradesine-mudahaledir\/\",\"url\":\"https:\/\/denizcankizil.tr\/uk\/haberler\/gundem\/chp-antalya-il-baskani-nail-kamaci-belediye-baskanlarimiza-yapilan-halkin-iradesine-mudahaledir\/\",\"name\":\"CHP Antalya \u0130l Ba\u015fkan\u0131 Nail Kamac\u0131: \\\"Belediye ba\u015fkanlar\u0131m\u0131za yap\u0131lan halk\u0131n iradesine m\u00fcdahaledir\\\" - Av. Deniz Can K\u0131z\u0131l\",\"isPartOf\":{\"@id\":\"https:\/\/denizcankizil.tr\/#website\"},\"datePublished\":\"2025-07-05T13:41:15+00:00\",\"breadcrumb\":{\"@id\":\"https:\/\/denizcankizil.tr\/uk\/haberler\/gundem\/chp-antalya-il-baskani-nail-kamaci-belediye-baskanlarimiza-yapilan-halkin-iradesine-mudahaledir\/#breadcrumb\"},\"inLanguage\":\"en-GB\",\"potentialAction\":[{\"@type\":\"ReadAction\",\"target\":[\"https:\/\/denizcankizil.tr\/uk\/haberler\/gundem\/chp-antalya-il-baskani-nail-kamaci-belediye-baskanlarimiza-yapilan-halkin-iradesine-mudahaledir\/\"]}]},{\"@type\":\"BreadcrumbList\",\"@id\":\"https:\/\/denizcankizil.tr\/uk\/haberler\/gundem\/chp-antalya-il-baskani-nail-kamaci-belediye-baskanlarimiza-yapilan-halkin-iradesine-mudahaledir\/#breadcrumb\",\"itemListElement\":[{\"@type\":\"ListItem\",\"position\":1,\"name\":\"Home\",\"item\":\"https:\/\/denizcankizil.tr\/de\/\"},{\"@type\":\"ListItem\",\"position\":2,\"name\":\"CHP Antalya \u0130l Ba\u015fkan\u0131 Nail Kamac\u0131: &#8220;Belediye ba\u015fkanlar\u0131m\u0131za yap\u0131lan halk\u0131n iradesine m\u00fcdahaledir&#8221;\"}]},{\"@type\":\"WebSite\",\"@id\":\"https:\/\/denizcankizil.tr\/#website\",\"url\":\"https:\/\/denizcankizil.tr\/\",\"name\":\"Av. Deniz Can K\u0131z\u0131l\",\"description\":\"Avukat Deniz Can K\u0131z\u0131l Antalya Barosu\",\"publisher\":{\"@id\":\"https:\/\/denizcankizil.tr\/#organization\"},\"potentialAction\":[{\"@type\":\"SearchAction\",\"target\":{\"@type\":\"EntryPoint\",\"urlTemplate\":\"https:\/\/denizcankizil.tr\/?s={search_term_string}\"},\"query-input\":{\"@type\":\"PropertyValueSpecification\",\"valueRequired\":true,\"valueName\":\"search_term_string\"}}],\"inLanguage\":\"en-GB\"},{\"@type\":\"Organization\",\"@id\":\"https:\/\/denizcankizil.tr\/#organization\",\"name\":\"Av. Deniz Can K\u0131z\u0131l\",\"url\":\"https:\/\/denizcankizil.tr\/\",\"logo\":{\"@type\":\"ImageObject\",\"inLanguage\":\"en-GB\",\"@id\":\"https:\/\/denizcankizil.tr\/#\/schema\/logo\/image\/\",\"url\":\"https:\/\/denizcankizil.tr\/wp-content\/uploads\/2024\/10\/siyah-logo-svg.svg\",\"contentUrl\":\"https:\/\/denizcankizil.tr\/wp-content\/uploads\/2024\/10\/siyah-logo-svg.svg\",\"width\":1080,\"height\":1080,\"caption\":\"Av. Deniz Can K\u0131z\u0131l\"},\"image\":{\"@id\":\"https:\/\/denizcankizil.tr\/#\/schema\/logo\/image\/\"}},{\"@type\":\"Person\",\"@id\":\"https:\/\/denizcankizil.tr\/#\/schema\/person\/e1eb71bb4dd684d46563f0af307e1234\",\"name\":\"Antalya K\u00f6rfez\",\"image\":{\"@type\":\"ImageObject\",\"inLanguage\":\"en-GB\",\"@id\":\"https:\/\/denizcankizil.tr\/#\/schema\/person\/image\/\",\"url\":\"https:\/\/secure.gravatar.com\/avatar\/42b01982558a48a0b501fdcab6a408d3717ea5919095ee2e67b0e521799c5905?s=96&d=mm&r=g\",\"contentUrl\":\"https:\/\/secure.gravatar.com\/avatar\/42b01982558a48a0b501fdcab6a408d3717ea5919095ee2e67b0e521799c5905?s=96&d=mm&r=g\",\"caption\":\"Antalya K\u00f6rfez\"},\"sameAs\":[\"http:\/\/www.antalyakorfez.com\"],\"url\":\"https:\/\/www.antalyakorfez.com\/chp-antalya-il-baskani-nail-kamaci-belediye-baskanlarimiza-yapilan-halkin-iradesine-mudahaledir\"}]}<\/script>\n<!-- \/ Yoast SEO Premium plugin. -->","yoast_head_json":{"title":"CHP Antalya \u0130l Ba\u015fkan\u0131 Nail Kamac\u0131: \"Belediye ba\u015fkanlar\u0131m\u0131za yap\u0131lan halk\u0131n iradesine m\u00fcdahaledir\" - Av. Deniz Can K\u0131z\u0131l","robots":{"index":"index","follow":"follow","max-snippet":"max-snippet:-1","max-image-preview":"max-image-preview:large","max-video-preview":"max-video-preview:-1"},"canonical":"https:\/\/denizcankizil.tr\/en\/haberler\/gundem\/chp-antalya-il-baskani-nail-kamaci-belediye-baskanlarimiza-yapilan-halkin-iradesine-mudahaledir\/","og_locale":"en_GB","og_type":"article","og_title":"CHP Antalya \u0130l Ba\u015fkan\u0131 Nail Kamac\u0131: \"Belediye ba\u015fkanlar\u0131m\u0131za yap\u0131lan halk\u0131n iradesine m\u00fcdahaledir\"","og_description":"Cumhuriyet Halk Partisi (CHP) Antalya \u0130l Ba\u015fkan\u0131 Nail Kamac\u0131, Antalya \u0130l Ba\u015fkanl\u0131\u011f\u0131&#8217;nda d\u00fczenlenen bas\u0131n toplant\u0131s\u0131nda \u00e7arp\u0131c\u0131 a\u00e7\u0131klamalarda bulundu. Kamac\u0131\u2019ya milletvekilleri, il y\u00f6neticileri, il\u00e7e ba\u015fkanlar\u0131, belediye ba\u015fkanlar\u0131 ve meclis \u00fcyeleri e\u015flik etti. Kamac\u0131, sabah saatlerinde Antalya B\u00fcy\u00fck\u015fehir Belediye Ba\u015fkan\u0131 Muhittin B\u00f6cek\u2019in g\u00f6zalt\u0131na al\u0131nmas\u0131n\u0131 sert s\u00f6zlerle ele\u015ftirerek, bunun halk\u0131n iradesine ve demokratik yerel y\u00f6netime y\u00f6nelik a\u00e7\u0131k bir m\u00fcdahale oldu\u011funu ifade etti. &#8220;YARGI EL\u0130YLE KU\u015eATMA G\u0130R\u0130\u015e\u0130M\u0130&#8221; Kamac\u0131, 31 Mart 2024 se\u00e7imlerinde Antalya halk\u0131n\u0131n yeniden CHP&#8217;ye g\u00fcvenerek b\u00fcy\u00fck\u015fehir belediyesini kazand\u0131rmas\u0131n\u0131n baz\u0131 \u00e7evrelerde haz\u0131ms\u0131zl\u0131k yaratt\u0131\u011f\u0131n\u0131 vurgulad\u0131. \u201cSe\u00e7imle kazan\u0131lamayan belediyeler \u015fimdi yarg\u0131 eliyle ku\u015fat\u0131lmak istenmektedir\u201d diyen Kamac\u0131, sabah bask\u0131n\u0131yla yap\u0131lan g\u00f6zalt\u0131 i\u015flemini bir alg\u0131 operasyonu olarak nitelendirdi. &#8220;BU OPERASYON YALNIZCA ANTALYA\u2019YA DE\u011e\u0130L&#8221; Ayn\u0131 g\u00fcn i\u00e7inde Adana B\u00fcy\u00fck\u015fehir Belediye Ba\u015fkan\u0131 Zeydan Karalar, Ad\u0131yaman Belediye Ba\u015fkan\u0131 Abdurrahman Tutdere ve k\u0131sa s\u00fcre \u00f6nce Manavgat Belediye Ba\u015fkan\u0131 Niyazi Nefi Kara\u2019n\u0131n da benzer \u015fekilde g\u00f6zalt\u0131na al\u0131nd\u0131\u011f\u0131n\u0131 hat\u0131rlatan Kamac\u0131, \u201cBu geli\u015fmeler CHP\u2019li belediyelere y\u00f6nelik sistematik ve siyasi bir sindirme kampanyas\u0131n\u0131n g\u00f6stergesidir,\u201d dedi. &#8220;HUKUKUN \u00dcST\u00dcNL\u00dc\u011e\u00dcNE OLAN \u0130NANCIMIZ TAM&#8221; CHP&#8217;nin hukukun \u00fcst\u00fcnl\u00fc\u011f\u00fc, adil yarg\u0131lama ve \u015feffaf s\u00fcre\u00e7lere olan inanc\u0131n\u0131 vurgulayan Kamac\u0131, bu s\u00fcre\u00e7lerin siyasal m\u00fcdahalelerden uzak \u015fekilde y\u00fcr\u00fct\u00fclmesi gerekti\u011finin alt\u0131n\u0131 \u00e7izdi. &#8220;HALKIN \u0130RADES\u0130NE Y\u00d6NEL\u0130K SALDIRI&#8221; Kamac\u0131, CHP&#8217;nin belediyecilik anlay\u0131\u015f\u0131n\u0131n halka hesap veren, \u015feffaf ve demokratik bir yerel y\u00f6netim anlay\u0131\u015f\u0131 oldu\u011funu hat\u0131rlatarak, bu de\u011ferlere y\u00f6nelik &hellip;","og_url":"https:\/\/denizcankizil.tr\/en\/haberler\/gundem\/chp-antalya-il-baskani-nail-kamaci-belediye-baskanlarimiza-yapilan-halkin-iradesine-mudahaledir\/","og_site_name":"Av. Deniz Can K\u0131z\u0131l","article_published_time":"2025-07-05T13:41:15+00:00","author":"Antalya K\u00f6rfez","twitter_card":"summary_large_image","twitter_misc":{"Written by":"Antalya K\u00f6rfez","Estimated reading time":"2 minutes"},"schema":{"@context":"https:\/\/schema.org","@graph":[{"@type":"Article","@id":"https:\/\/denizcankizil.tr\/uk\/haberler\/gundem\/chp-antalya-il-baskani-nail-kamaci-belediye-baskanlarimiza-yapilan-halkin-iradesine-mudahaledir\/#article","isPartOf":{"@id":"https:\/\/denizcankizil.tr\/uk\/haberler\/gundem\/chp-antalya-il-baskani-nail-kamaci-belediye-baskanlarimiza-yapilan-halkin-iradesine-mudahaledir\/"},"author":{"name":"Antalya K\u00f6rfez","@id":"https:\/\/denizcankizil.tr\/#\/schema\/person\/e1eb71bb4dd684d46563f0af307e1234"},"headline":"CHP Antalya \u0130l Ba\u015fkan\u0131 Nail Kamac\u0131: &#8220;Belediye ba\u015fkanlar\u0131m\u0131za yap\u0131lan halk\u0131n iradesine m\u00fcdahaledir&#8221;","datePublished":"2025-07-05T13:41:15+00:00","mainEntityOfPage":{"@id":"https:\/\/denizcankizil.tr\/uk\/haberler\/gundem\/chp-antalya-il-baskani-nail-kamaci-belediye-baskanlarimiza-yapilan-halkin-iradesine-mudahaledir\/"},"wordCount":479,"publisher":{"@id":"https:\/\/denizcankizil.tr\/#organization"},"articleSection":["G\u00fcndem"],"inLanguage":"en-GB"},{"@type":"WebPage","@id":"https:\/\/denizcankizil.tr\/uk\/haberler\/gundem\/chp-antalya-il-baskani-nail-kamaci-belediye-baskanlarimiza-yapilan-halkin-iradesine-mudahaledir\/","url":"https:\/\/denizcankizil.tr\/uk\/haberler\/gundem\/chp-antalya-il-baskani-nail-kamaci-belediye-baskanlarimiza-yapilan-halkin-iradesine-mudahaledir\/","name":"CHP Antalya \u0130l Ba\u015fkan\u0131 Nail Kamac\u0131: \"Belediye ba\u015fkanlar\u0131m\u0131za yap\u0131lan halk\u0131n iradesine m\u00fcdahaledir\" - Av. Deniz Can K\u0131z\u0131l","isPartOf":{"@id":"https:\/\/denizcankizil.tr\/#website"},"datePublished":"2025-07-05T13:41:15+00:00","breadcrumb":{"@id":"https:\/\/denizcankizil.tr\/uk\/haberler\/gundem\/chp-antalya-il-baskani-nail-kamaci-belediye-baskanlarimiza-yapilan-halkin-iradesine-mudahaledir\/#breadcrumb"},"inLanguage":"en-GB","potentialAction":[{"@type":"ReadAction","target":["https:\/\/denizcankizil.tr\/uk\/haberler\/gundem\/chp-antalya-il-baskani-nail-kamaci-belediye-baskanlarimiza-yapilan-halkin-iradesine-mudahaledir\/"]}]},{"@type":"BreadcrumbList","@id":"https:\/\/denizcankizil.tr\/uk\/haberler\/gundem\/chp-antalya-il-baskani-nail-kamaci-belediye-baskanlarimiza-yapilan-halkin-iradesine-mudahaledir\/#breadcrumb","itemListElement":[{"@type":"ListItem","position":1,"name":"Home","item":"https:\/\/denizcankizil.tr\/de\/"},{"@type":"ListItem","position":2,"name":"CHP Antalya \u0130l Ba\u015fkan\u0131 Nail Kamac\u0131: &#8220;Belediye ba\u015fkanlar\u0131m\u0131za yap\u0131lan halk\u0131n iradesine m\u00fcdahaledir&#8221;"}]},{"@type":"WebSite","@id":"https:\/\/denizcankizil.tr\/#website","url":"https:\/\/denizcankizil.tr\/","name":"Av. Deniz Can K\u0131z\u0131l","description":"Avukat Deniz Can K\u0131z\u0131l Antalya Barosu","publisher":{"@id":"https:\/\/denizcankizil.tr\/#organization"},"potentialAction":[{"@type":"SearchAction","target":{"@type":"EntryPoint","urlTemplate":"https:\/\/denizcankizil.tr\/?s={search_term_string}"},"query-input":{"@type":"PropertyValueSpecification","valueRequired":true,"valueName":"search_term_string"}}],"inLanguage":"en-GB"},{"@type":"Organization","@id":"https:\/\/denizcankizil.tr\/#organization","name":"Av. Deniz Can K\u0131z\u0131l","url":"https:\/\/denizcankizil.tr\/","logo":{"@type":"ImageObject","inLanguage":"en-GB","@id":"https:\/\/denizcankizil.tr\/#\/schema\/logo\/image\/","url":"https:\/\/denizcankizil.tr\/wp-content\/uploads\/2024\/10\/siyah-logo-svg.svg","contentUrl":"https:\/\/denizcankizil.tr\/wp-content\/uploads\/2024\/10\/siyah-logo-svg.svg","width":1080,"height":1080,"caption":"Av. Deniz Can K\u0131z\u0131l"},"image":{"@id":"https:\/\/denizcankizil.tr\/#\/schema\/logo\/image\/"}},{"@type":"Person","@id":"https:\/\/denizcankizil.tr\/#\/schema\/person\/e1eb71bb4dd684d46563f0af307e1234","name":"Antalya K\u00f6rfez","image":{"@type":"ImageObject","inLanguage":"en-GB","@id":"https:\/\/denizcankizil.tr\/#\/schema\/person\/image\/","url":"https:\/\/secure.gravatar.com\/avatar\/42b01982558a48a0b501fdcab6a408d3717ea5919095ee2e67b0e521799c5905?s=96&d=mm&r=g","contentUrl":"https:\/\/secure.gravatar.com\/avatar\/42b01982558a48a0b501fdcab6a408d3717ea5919095ee2e67b0e521799c5905?s=96&d=mm&r=g","caption":"Antalya K\u00f6rfez"},"sameAs":["http:\/\/www.antalyakorfez.com"],"url":"https:\/\/www.antalyakorfez.com\/chp-antalya-il-baskani-nail-kamaci-belediye-baskanlarimiza-yapilan-halkin-iradesine-mudahaledir"}]}},"_links":{"self":[{"href":"https:\/\/denizcankizil.tr\/en\/wp-json\/wp\/v2\/posts\/136856","targetHints":{"allow":["GET"]}}],"collection":[{"href":"https:\/\/denizcankizil.tr\/en\/wp-json\/wp\/v2\/posts"}],"about":[{"href":"https:\/\/denizcankizil.tr\/en\/wp-json\/wp\/v2\/types\/post"}],"author":[{"embeddable":true,"href":"https:\/\/denizcankizil.tr\/en\/wp-json\/wp\/v2\/users\/5"}],"replies":[{"embeddable":true,"href":"https:\/\/denizcankizil.tr\/en\/wp-json\/wp\/v2\/comments?post=136856"}],"version-history":[{"count":0,"href":"https:\/\/denizcankizil.tr\/en\/wp-json\/wp\/v2\/posts\/136856\/revisions"}],"wp:attachment":[{"href":"https:\/\/denizcankizil.tr\/en\/wp-json\/wp\/v2\/media?parent=136856"}],"wp:term":[{"taxonomy":"category","embeddable":true,"href":"https:\/\/denizcankizil.tr\/en\/wp-json\/wp\/v2\/categories?post=136856"},{"taxonomy":"post_tag","embeddable":true,"href":"https:\/\/denizcankizil.tr\/en\/wp-json\/wp\/v2\/tags?post=136856"}],"curies":[{"name":"wp","href":"https:\/\/api.w.org\/{rel}","templated":true}]}}