{"id":136634,"date":"2025-07-05T10:42:39","date_gmt":"2025-07-05T07:42:39","guid":{"rendered":"https:\/\/denizcankizil.tr\/uncategorized-tr\/ibb-sorusturmasinda-bir-tahliye-daha\/"},"modified":"2025-07-05T10:42:39","modified_gmt":"2025-07-05T07:42:39","slug":"ibb-sorusturmasinda-bir-tahliye-daha","status":"publish","type":"post","link":"https:\/\/denizcankizil.tr\/en\/haberler\/gundem\/ibb-sorusturmasinda-bir-tahliye-daha\/","title":{"rendered":"\u0130BB soru\u015fturmas\u0131nda bir tahliye daha"},"content":{"rendered":"<p>\u0130stanbul B\u00fcy\u00fck\u015fehir Belediyesi\u2019ne y\u00f6nelik yolsuzluk soru\u015fturmas\u0131 kapsam\u0131nda 27 May\u0131s\u2019ta tutuklanan \u0130stanbul \u00c7evre Y\u00f6netimi Sanayi ve Ticaret A.\u015e. Y\u00f6netim Kurulu Ba\u015fkan\u0131 Ziya G\u00f6kmen Togay, etkin pi\u015fmanl\u0131ktan faydalanarak tahliye edildi.\u0130STANBUL (\u0130GFA) \u2013 \u0130BB\u2019ye y\u00f6nelik \u0130stanbul Cumhuriyet Ba\u015fsavc\u0131l\u0131\u011f\u0131 taraf\u0131ndan y\u00fcr\u00fct\u00fclen su\u00e7 \u00f6rg\u00fct\u00fc y\u00f6neticisi olmak, su\u00e7 \u00f6rg\u00fct\u00fcne \u00fcye olmak, irtikap, r\u00fc\u015fvet, nitelikli doland\u0131r\u0131c\u0131l\u0131k, ki\u015fisel verileri hukuka ayk\u0131r\u0131 ele ge\u00e7irmek ve ihaleye fesat kar\u0131\u015ft\u0131rmak su\u00e7lar\u0131ndan y\u00fcr\u00fct\u00fclen soru\u015fturma kapsam\u0131nda Ekrem \u0130mamo\u011flu\u2019nun da aralar\u0131nda bulundu\u011fu \u00e7ok say\u0131da \u00fcst d\u00fczey y\u00f6netici tutuklanm\u0131\u015ft\u0131.<br \/>\n27 May\u0131s\u2019ta tutuklanan \u0130BB i\u015ftiraki \u0130stanbul \u00c7evre Y\u00f6netimi Sanayi ve Ticaret A.\u015e. Y\u00f6netim Kurulu Ba\u015fkan\u0131 Ziya G\u00f6kmen Togay, etkin pi\u015fmanl\u0131k yasas\u0131ndan yararlanarak ek ifade verdi. Bu ifade sonras\u0131 Togay, tutuksuz yarg\u0131lanmak \u00fczere serbest b\u0131rak\u0131ld\u0131.<\/p>\n<p>\u200b\u0130stanbul B\u00fcy\u00fck\u015fehir Belediyesi\u2019ne y\u00f6nelik yolsuzluk soru\u015fturmas\u0131 kapsam\u0131nda 27 May\u0131s\u2019ta tutuklanan \u0130stanbul \u00c7evre Y\u00f6netimi Sanayi ve Ticaret A.\u015e. Y\u00f6netim Kurulu Ba\u015fkan\u0131 Ziya G\u00f6kmen Togay, etkin pi\u015fmanl\u0131ktan faydalanarak tahliye edildi.\u0130STANBUL (\u0130GFA) \u2013 \u0130BB\u2019ye y\u00f6nelik \u0130stanbul Cumhuriyet Ba\u015fsavc\u0131l\u0131\u011f\u0131 taraf\u0131ndan y\u00fcr\u00fct\u00fclen su\u00e7 \u00f6rg\u00fct\u00fc y\u00f6neticisi olmak, su\u00e7 \u00f6rg\u00fct\u00fcne \u00fcye olmak, irtikap, r\u00fc\u015fvet, nitelikli doland\u0131r\u0131c\u0131l\u0131k, ki\u015fisel verileri hukuka ayk\u0131r\u0131 ele ge\u00e7irmek ve ihaleye fesat kar\u0131\u015ft\u0131rmak su\u00e7lar\u0131ndan y\u00fcr\u00fct\u00fclen soru\u015fturma kapsam\u0131nda Ekrem \u0130mamo\u011flu\u2019nun da aralar\u0131nda bulundu\u011fu \u00e7ok say\u0131da \u00fcst d\u00fczey y\u00f6netici tutuklanm\u0131\u015ft\u0131.<br \/>\n27 May\u0131s\u2019ta tutuklanan \u0130BB i\u015ftiraki \u0130stanbul \u00c7evre Y\u00f6netimi Sanayi ve Ticaret A.\u015e. Y\u00f6netim Kurulu Ba\u015fkan\u0131 Ziya G\u00f6kmen Togay, etkin pi\u015fmanl\u0131k yasas\u0131ndan yararlanarak ek ifade verdi. Bu ifade sonras\u0131 Togay, tutuksuz yarg\u0131lanmak \u00fczere serbest b\u0131rak\u0131ld\u0131.\u00a0<\/p>\n<p>\u200bHaberin Al\u0131nt\u0131land\u0131\u011f\u0131 Kaynak: www.iskenderun.org<\/p>","protected":false},"excerpt":{"rendered":"<p>\u0130stanbul B\u00fcy\u00fck\u015fehir Belediyesi\u2019ne y\u00f6nelik yolsuzluk soru\u015fturmas\u0131 kapsam\u0131nda 27 May\u0131s\u2019ta tutuklanan \u0130stanbul \u00c7evre Y\u00f6netimi Sanayi ve Ticaret A.\u015e. Y\u00f6netim Kurulu Ba\u015fkan\u0131 Ziya G\u00f6kmen Togay, etkin pi\u015fmanl\u0131ktan faydalanarak tahliye edildi.\u0130STANBUL (\u0130GFA) \u2013 \u0130BB\u2019ye y\u00f6nelik \u0130stanbul Cumhuriyet Ba\u015fsavc\u0131l\u0131\u011f\u0131 taraf\u0131ndan y\u00fcr\u00fct\u00fclen su\u00e7 \u00f6rg\u00fct\u00fc y\u00f6neticisi olmak, su\u00e7 \u00f6rg\u00fct\u00fcne \u00fcye olmak, irtikap, r\u00fc\u015fvet, nitelikli doland\u0131r\u0131c\u0131l\u0131k, ki\u015fisel verileri hukuka ayk\u0131r\u0131 ele ge\u00e7irmek ve ihaleye fesat kar\u0131\u015ft\u0131rmak su\u00e7lar\u0131ndan y\u00fcr\u00fct\u00fclen soru\u015fturma kapsam\u0131nda Ekrem \u0130mamo\u011flu\u2019nun da aralar\u0131nda bulundu\u011fu \u00e7ok say\u0131da \u00fcst d\u00fczey y\u00f6netici tutuklanm\u0131\u015ft\u0131. 27 May\u0131s\u2019ta tutuklanan \u0130BB i\u015ftiraki \u0130stanbul \u00c7evre Y\u00f6netimi Sanayi ve Ticaret A.\u015e. Y\u00f6netim Kurulu Ba\u015fkan\u0131 Ziya G\u00f6kmen Togay, etkin pi\u015fmanl\u0131k yasas\u0131ndan yararlanarak ek ifade verdi. Bu ifade sonras\u0131 Togay, tutuksuz yarg\u0131lanmak \u00fczere serbest b\u0131rak\u0131ld\u0131. \u200b\u0130stanbul B\u00fcy\u00fck\u015fehir Belediyesi\u2019ne y\u00f6nelik yolsuzluk soru\u015fturmas\u0131 kapsam\u0131nda 27 May\u0131s\u2019ta tutuklanan \u0130stanbul \u00c7evre Y\u00f6netimi Sanayi ve Ticaret A.\u015e. Y\u00f6netim Kurulu Ba\u015fkan\u0131 Ziya G\u00f6kmen Togay, etkin pi\u015fmanl\u0131ktan faydalanarak tahliye edildi.\u0130STANBUL (\u0130GFA) \u2013 \u0130BB\u2019ye y\u00f6nelik \u0130stanbul Cumhuriyet Ba\u015fsavc\u0131l\u0131\u011f\u0131 taraf\u0131ndan y\u00fcr\u00fct\u00fclen su\u00e7 \u00f6rg\u00fct\u00fc y\u00f6neticisi olmak, su\u00e7 \u00f6rg\u00fct\u00fcne \u00fcye olmak, irtikap, r\u00fc\u015fvet, nitelikli doland\u0131r\u0131c\u0131l\u0131k, ki\u015fisel verileri hukuka ayk\u0131r\u0131 ele ge\u00e7irmek ve ihaleye fesat kar\u0131\u015ft\u0131rmak su\u00e7lar\u0131ndan y\u00fcr\u00fct\u00fclen soru\u015fturma kapsam\u0131nda Ekrem \u0130mamo\u011flu\u2019nun da aralar\u0131nda bulundu\u011fu \u00e7ok say\u0131da \u00fcst d\u00fczey y\u00f6netici tutuklanm\u0131\u015ft\u0131. 27 May\u0131s\u2019ta tutuklanan \u0130BB i\u015ftiraki \u0130stanbul \u00c7evre Y\u00f6netimi Sanayi ve Ticaret A.\u015e. Y\u00f6netim Kurulu Ba\u015fkan\u0131 Ziya G\u00f6kmen Togay, &hellip;<\/p>","protected":false},"author":1,"featured_media":0,"comment_status":"","ping_status":"open","sticky":false,"template":"","format":"standard","meta":{"_acf_changed":false,"footnotes":""},"categories":[24],"tags":[],"class_list":["post-136634","post","type-post","status-publish","format-standard","has-post-thumbnail","hentry","category-gundem"],"acf":[],"yoast_head":"<!-- This site is optimized with the Yoast SEO Premium plugin v26.6 (Yoast SEO v27.1.1) - https:\/\/yoast.com\/product\/yoast-seo-premium-wordpress\/ -->\n<title>\u0130BB soru\u015fturmas\u0131nda bir tahliye daha - Av. Deniz Can K\u0131z\u0131l<\/title>\n<meta name=\"robots\" content=\"index, follow, max-snippet:-1, max-image-preview:large, max-video-preview:-1\" \/>\n<link rel=\"canonical\" href=\"https:\/\/denizcankizil.tr\/en\/haberler\/gundem\/ibb-sorusturmasinda-bir-tahliye-daha\/\" \/>\n<meta property=\"og:locale\" content=\"en_GB\" \/>\n<meta property=\"og:type\" content=\"article\" \/>\n<meta property=\"og:title\" content=\"\u0130BB soru\u015fturmas\u0131nda bir tahliye daha\" \/>\n<meta property=\"og:description\" content=\"\u0130stanbul B\u00fcy\u00fck\u015fehir Belediyesi\u2019ne y\u00f6nelik yolsuzluk soru\u015fturmas\u0131 kapsam\u0131nda 27 May\u0131s\u2019ta tutuklanan \u0130stanbul \u00c7evre Y\u00f6netimi Sanayi ve Ticaret A.\u015e. Y\u00f6netim Kurulu Ba\u015fkan\u0131 Ziya G\u00f6kmen Togay, etkin pi\u015fmanl\u0131ktan faydalanarak tahliye edildi.\u0130STANBUL (\u0130GFA) \u2013 \u0130BB\u2019ye y\u00f6nelik \u0130stanbul Cumhuriyet Ba\u015fsavc\u0131l\u0131\u011f\u0131 taraf\u0131ndan y\u00fcr\u00fct\u00fclen su\u00e7 \u00f6rg\u00fct\u00fc y\u00f6neticisi olmak, su\u00e7 \u00f6rg\u00fct\u00fcne \u00fcye olmak, irtikap, r\u00fc\u015fvet, nitelikli doland\u0131r\u0131c\u0131l\u0131k, ki\u015fisel verileri hukuka ayk\u0131r\u0131 ele ge\u00e7irmek ve ihaleye fesat kar\u0131\u015ft\u0131rmak su\u00e7lar\u0131ndan y\u00fcr\u00fct\u00fclen soru\u015fturma kapsam\u0131nda Ekrem \u0130mamo\u011flu\u2019nun da aralar\u0131nda bulundu\u011fu \u00e7ok say\u0131da \u00fcst d\u00fczey y\u00f6netici tutuklanm\u0131\u015ft\u0131. 27 May\u0131s\u2019ta tutuklanan \u0130BB i\u015ftiraki \u0130stanbul \u00c7evre Y\u00f6netimi Sanayi ve Ticaret A.\u015e. Y\u00f6netim Kurulu Ba\u015fkan\u0131 Ziya G\u00f6kmen Togay, etkin pi\u015fmanl\u0131k yasas\u0131ndan yararlanarak ek ifade verdi. Bu ifade sonras\u0131 Togay, tutuksuz yarg\u0131lanmak \u00fczere serbest b\u0131rak\u0131ld\u0131. \u200b\u0130stanbul B\u00fcy\u00fck\u015fehir Belediyesi\u2019ne y\u00f6nelik yolsuzluk soru\u015fturmas\u0131 kapsam\u0131nda 27 May\u0131s\u2019ta tutuklanan \u0130stanbul \u00c7evre Y\u00f6netimi Sanayi ve Ticaret A.\u015e. Y\u00f6netim Kurulu Ba\u015fkan\u0131 Ziya G\u00f6kmen Togay, etkin pi\u015fmanl\u0131ktan faydalanarak tahliye edildi.\u0130STANBUL (\u0130GFA) \u2013 \u0130BB\u2019ye y\u00f6nelik \u0130stanbul Cumhuriyet Ba\u015fsavc\u0131l\u0131\u011f\u0131 taraf\u0131ndan y\u00fcr\u00fct\u00fclen su\u00e7 \u00f6rg\u00fct\u00fc y\u00f6neticisi olmak, su\u00e7 \u00f6rg\u00fct\u00fcne \u00fcye olmak, irtikap, r\u00fc\u015fvet, nitelikli doland\u0131r\u0131c\u0131l\u0131k, ki\u015fisel verileri hukuka ayk\u0131r\u0131 ele ge\u00e7irmek ve ihaleye fesat kar\u0131\u015ft\u0131rmak su\u00e7lar\u0131ndan y\u00fcr\u00fct\u00fclen soru\u015fturma kapsam\u0131nda Ekrem \u0130mamo\u011flu\u2019nun da aralar\u0131nda bulundu\u011fu \u00e7ok say\u0131da \u00fcst d\u00fczey y\u00f6netici tutuklanm\u0131\u015ft\u0131. 27 May\u0131s\u2019ta tutuklanan \u0130BB i\u015ftiraki \u0130stanbul \u00c7evre Y\u00f6netimi Sanayi ve Ticaret A.\u015e. Y\u00f6netim Kurulu Ba\u015fkan\u0131 Ziya G\u00f6kmen Togay, &hellip;\" \/>\n<meta property=\"og:url\" content=\"https:\/\/denizcankizil.tr\/en\/haberler\/gundem\/ibb-sorusturmasinda-bir-tahliye-daha\/\" \/>\n<meta property=\"og:site_name\" content=\"Av. Deniz Can K\u0131z\u0131l\" \/>\n<meta property=\"article:published_time\" content=\"2025-07-05T07:42:39+00:00\" \/>\n<meta name=\"author\" content=\"admin\" \/>\n<meta name=\"twitter:card\" content=\"summary_large_image\" \/>\n<meta name=\"twitter:label1\" content=\"Written by\" \/>\n\t<meta name=\"twitter:data1\" content=\"admin\" \/>\n\t<meta name=\"twitter:label2\" content=\"Estimated reading time\" \/>\n\t<meta name=\"twitter:data2\" content=\"2 minutes\" \/>\n<script type=\"application\/ld+json\" class=\"yoast-schema-graph\">{\"@context\":\"https:\/\/schema.org\",\"@graph\":[{\"@type\":\"Article\",\"@id\":\"https:\/\/denizcankizil.tr\/en\/haberler\/gundem\/ibb-sorusturmasinda-bir-tahliye-daha\/#article\",\"isPartOf\":{\"@id\":\"https:\/\/denizcankizil.tr\/en\/haberler\/gundem\/ibb-sorusturmasinda-bir-tahliye-daha\/\"},\"author\":{\"name\":\"admin\",\"@id\":\"https:\/\/denizcankizil.tr\/#\/schema\/person\/be3c05fe6a12686905512445d8185489\"},\"headline\":\"\u0130BB soru\u015fturmas\u0131nda bir tahliye daha\",\"datePublished\":\"2025-07-05T07:42:39+00:00\",\"mainEntityOfPage\":{\"@id\":\"https:\/\/denizcankizil.tr\/en\/haberler\/gundem\/ibb-sorusturmasinda-bir-tahliye-daha\/\"},\"wordCount\":357,\"publisher\":{\"@id\":\"https:\/\/denizcankizil.tr\/#organization\"},\"articleSection\":[\"G\u00fcndem\"],\"inLanguage\":\"en-GB\"},{\"@type\":\"WebPage\",\"@id\":\"https:\/\/denizcankizil.tr\/en\/haberler\/gundem\/ibb-sorusturmasinda-bir-tahliye-daha\/\",\"url\":\"https:\/\/denizcankizil.tr\/en\/haberler\/gundem\/ibb-sorusturmasinda-bir-tahliye-daha\/\",\"name\":\"\u0130BB soru\u015fturmas\u0131nda bir tahliye daha - Av. Deniz Can K\u0131z\u0131l\",\"isPartOf\":{\"@id\":\"https:\/\/denizcankizil.tr\/#website\"},\"datePublished\":\"2025-07-05T07:42:39+00:00\",\"breadcrumb\":{\"@id\":\"https:\/\/denizcankizil.tr\/en\/haberler\/gundem\/ibb-sorusturmasinda-bir-tahliye-daha\/#breadcrumb\"},\"inLanguage\":\"en-GB\",\"potentialAction\":[{\"@type\":\"ReadAction\",\"target\":[\"https:\/\/denizcankizil.tr\/en\/haberler\/gundem\/ibb-sorusturmasinda-bir-tahliye-daha\/\"]}]},{\"@type\":\"BreadcrumbList\",\"@id\":\"https:\/\/denizcankizil.tr\/en\/haberler\/gundem\/ibb-sorusturmasinda-bir-tahliye-daha\/#breadcrumb\",\"itemListElement\":[{\"@type\":\"ListItem\",\"position\":1,\"name\":\"Home\",\"item\":\"https:\/\/denizcankizil.tr\/de\/\"},{\"@type\":\"ListItem\",\"position\":2,\"name\":\"\u0130BB soru\u015fturmas\u0131nda bir tahliye daha\"}]},{\"@type\":\"WebSite\",\"@id\":\"https:\/\/denizcankizil.tr\/#website\",\"url\":\"https:\/\/denizcankizil.tr\/\",\"name\":\"Av. Deniz Can K\u0131z\u0131l\",\"description\":\"Avukat Deniz Can K\u0131z\u0131l Antalya Barosu\",\"publisher\":{\"@id\":\"https:\/\/denizcankizil.tr\/#organization\"},\"potentialAction\":[{\"@type\":\"SearchAction\",\"target\":{\"@type\":\"EntryPoint\",\"urlTemplate\":\"https:\/\/denizcankizil.tr\/?s={search_term_string}\"},\"query-input\":{\"@type\":\"PropertyValueSpecification\",\"valueRequired\":true,\"valueName\":\"search_term_string\"}}],\"inLanguage\":\"en-GB\"},{\"@type\":\"Organization\",\"@id\":\"https:\/\/denizcankizil.tr\/#organization\",\"name\":\"Av. Deniz Can K\u0131z\u0131l\",\"url\":\"https:\/\/denizcankizil.tr\/\",\"logo\":{\"@type\":\"ImageObject\",\"inLanguage\":\"en-GB\",\"@id\":\"https:\/\/denizcankizil.tr\/#\/schema\/logo\/image\/\",\"url\":\"https:\/\/denizcankizil.tr\/wp-content\/uploads\/2024\/10\/siyah-logo-svg.svg\",\"contentUrl\":\"https:\/\/denizcankizil.tr\/wp-content\/uploads\/2024\/10\/siyah-logo-svg.svg\",\"width\":1080,\"height\":1080,\"caption\":\"Av. Deniz Can K\u0131z\u0131l\"},\"image\":{\"@id\":\"https:\/\/denizcankizil.tr\/#\/schema\/logo\/image\/\"}},{\"@type\":\"Person\",\"@id\":\"https:\/\/denizcankizil.tr\/#\/schema\/person\/be3c05fe6a12686905512445d8185489\",\"name\":\"admin\",\"image\":{\"@type\":\"ImageObject\",\"inLanguage\":\"en-GB\",\"@id\":\"https:\/\/denizcankizil.tr\/#\/schema\/person\/image\/\",\"url\":\"https:\/\/secure.gravatar.com\/avatar\/c1fce94c830dc79107e174f890d7210541c4a63e8e5d816341794a2151c9d58c?s=96&d=mm&r=g\",\"contentUrl\":\"https:\/\/secure.gravatar.com\/avatar\/c1fce94c830dc79107e174f890d7210541c4a63e8e5d816341794a2151c9d58c?s=96&d=mm&r=g\",\"caption\":\"admin\"},\"sameAs\":[\"http:\/\/denizcankizil.tr\"],\"url\":\"https:\/\/www.iskenderun.org\/ibb-sorusturmasinda-bir-tahliye-daha\"}]}<\/script>\n<!-- \/ Yoast SEO Premium plugin. -->","yoast_head_json":{"title":"\u0130BB soru\u015fturmas\u0131nda bir tahliye daha - Av. Deniz Can K\u0131z\u0131l","robots":{"index":"index","follow":"follow","max-snippet":"max-snippet:-1","max-image-preview":"max-image-preview:large","max-video-preview":"max-video-preview:-1"},"canonical":"https:\/\/denizcankizil.tr\/en\/haberler\/gundem\/ibb-sorusturmasinda-bir-tahliye-daha\/","og_locale":"en_GB","og_type":"article","og_title":"\u0130BB soru\u015fturmas\u0131nda bir tahliye daha","og_description":"\u0130stanbul B\u00fcy\u00fck\u015fehir Belediyesi\u2019ne y\u00f6nelik yolsuzluk soru\u015fturmas\u0131 kapsam\u0131nda 27 May\u0131s\u2019ta tutuklanan \u0130stanbul \u00c7evre Y\u00f6netimi Sanayi ve Ticaret A.\u015e. Y\u00f6netim Kurulu Ba\u015fkan\u0131 Ziya G\u00f6kmen Togay, etkin pi\u015fmanl\u0131ktan faydalanarak tahliye edildi.\u0130STANBUL (\u0130GFA) \u2013 \u0130BB\u2019ye y\u00f6nelik \u0130stanbul Cumhuriyet Ba\u015fsavc\u0131l\u0131\u011f\u0131 taraf\u0131ndan y\u00fcr\u00fct\u00fclen su\u00e7 \u00f6rg\u00fct\u00fc y\u00f6neticisi olmak, su\u00e7 \u00f6rg\u00fct\u00fcne \u00fcye olmak, irtikap, r\u00fc\u015fvet, nitelikli doland\u0131r\u0131c\u0131l\u0131k, ki\u015fisel verileri hukuka ayk\u0131r\u0131 ele ge\u00e7irmek ve ihaleye fesat kar\u0131\u015ft\u0131rmak su\u00e7lar\u0131ndan y\u00fcr\u00fct\u00fclen soru\u015fturma kapsam\u0131nda Ekrem \u0130mamo\u011flu\u2019nun da aralar\u0131nda bulundu\u011fu \u00e7ok say\u0131da \u00fcst d\u00fczey y\u00f6netici tutuklanm\u0131\u015ft\u0131. 27 May\u0131s\u2019ta tutuklanan \u0130BB i\u015ftiraki \u0130stanbul \u00c7evre Y\u00f6netimi Sanayi ve Ticaret A.\u015e. Y\u00f6netim Kurulu Ba\u015fkan\u0131 Ziya G\u00f6kmen Togay, etkin pi\u015fmanl\u0131k yasas\u0131ndan yararlanarak ek ifade verdi. Bu ifade sonras\u0131 Togay, tutuksuz yarg\u0131lanmak \u00fczere serbest b\u0131rak\u0131ld\u0131. \u200b\u0130stanbul B\u00fcy\u00fck\u015fehir Belediyesi\u2019ne y\u00f6nelik yolsuzluk soru\u015fturmas\u0131 kapsam\u0131nda 27 May\u0131s\u2019ta tutuklanan \u0130stanbul \u00c7evre Y\u00f6netimi Sanayi ve Ticaret A.\u015e. Y\u00f6netim Kurulu Ba\u015fkan\u0131 Ziya G\u00f6kmen Togay, etkin pi\u015fmanl\u0131ktan faydalanarak tahliye edildi.\u0130STANBUL (\u0130GFA) \u2013 \u0130BB\u2019ye y\u00f6nelik \u0130stanbul Cumhuriyet Ba\u015fsavc\u0131l\u0131\u011f\u0131 taraf\u0131ndan y\u00fcr\u00fct\u00fclen su\u00e7 \u00f6rg\u00fct\u00fc y\u00f6neticisi olmak, su\u00e7 \u00f6rg\u00fct\u00fcne \u00fcye olmak, irtikap, r\u00fc\u015fvet, nitelikli doland\u0131r\u0131c\u0131l\u0131k, ki\u015fisel verileri hukuka ayk\u0131r\u0131 ele ge\u00e7irmek ve ihaleye fesat kar\u0131\u015ft\u0131rmak su\u00e7lar\u0131ndan y\u00fcr\u00fct\u00fclen soru\u015fturma kapsam\u0131nda Ekrem \u0130mamo\u011flu\u2019nun da aralar\u0131nda bulundu\u011fu \u00e7ok say\u0131da \u00fcst d\u00fczey y\u00f6netici tutuklanm\u0131\u015ft\u0131. 27 May\u0131s\u2019ta tutuklanan \u0130BB i\u015ftiraki \u0130stanbul \u00c7evre Y\u00f6netimi Sanayi ve Ticaret A.\u015e. Y\u00f6netim Kurulu Ba\u015fkan\u0131 Ziya G\u00f6kmen Togay, &hellip;","og_url":"https:\/\/denizcankizil.tr\/en\/haberler\/gundem\/ibb-sorusturmasinda-bir-tahliye-daha\/","og_site_name":"Av. Deniz Can K\u0131z\u0131l","article_published_time":"2025-07-05T07:42:39+00:00","author":"admin","twitter_card":"summary_large_image","twitter_misc":{"Written by":"admin","Estimated reading time":"2 minutes"},"schema":{"@context":"https:\/\/schema.org","@graph":[{"@type":"Article","@id":"https:\/\/denizcankizil.tr\/en\/haberler\/gundem\/ibb-sorusturmasinda-bir-tahliye-daha\/#article","isPartOf":{"@id":"https:\/\/denizcankizil.tr\/en\/haberler\/gundem\/ibb-sorusturmasinda-bir-tahliye-daha\/"},"author":{"name":"admin","@id":"https:\/\/denizcankizil.tr\/#\/schema\/person\/be3c05fe6a12686905512445d8185489"},"headline":"\u0130BB soru\u015fturmas\u0131nda bir tahliye daha","datePublished":"2025-07-05T07:42:39+00:00","mainEntityOfPage":{"@id":"https:\/\/denizcankizil.tr\/en\/haberler\/gundem\/ibb-sorusturmasinda-bir-tahliye-daha\/"},"wordCount":357,"publisher":{"@id":"https:\/\/denizcankizil.tr\/#organization"},"articleSection":["G\u00fcndem"],"inLanguage":"en-GB"},{"@type":"WebPage","@id":"https:\/\/denizcankizil.tr\/en\/haberler\/gundem\/ibb-sorusturmasinda-bir-tahliye-daha\/","url":"https:\/\/denizcankizil.tr\/en\/haberler\/gundem\/ibb-sorusturmasinda-bir-tahliye-daha\/","name":"\u0130BB soru\u015fturmas\u0131nda bir tahliye daha - Av. Deniz Can K\u0131z\u0131l","isPartOf":{"@id":"https:\/\/denizcankizil.tr\/#website"},"datePublished":"2025-07-05T07:42:39+00:00","breadcrumb":{"@id":"https:\/\/denizcankizil.tr\/en\/haberler\/gundem\/ibb-sorusturmasinda-bir-tahliye-daha\/#breadcrumb"},"inLanguage":"en-GB","potentialAction":[{"@type":"ReadAction","target":["https:\/\/denizcankizil.tr\/en\/haberler\/gundem\/ibb-sorusturmasinda-bir-tahliye-daha\/"]}]},{"@type":"BreadcrumbList","@id":"https:\/\/denizcankizil.tr\/en\/haberler\/gundem\/ibb-sorusturmasinda-bir-tahliye-daha\/#breadcrumb","itemListElement":[{"@type":"ListItem","position":1,"name":"Home","item":"https:\/\/denizcankizil.tr\/de\/"},{"@type":"ListItem","position":2,"name":"\u0130BB soru\u015fturmas\u0131nda bir tahliye daha"}]},{"@type":"WebSite","@id":"https:\/\/denizcankizil.tr\/#website","url":"https:\/\/denizcankizil.tr\/","name":"Av. Deniz Can K\u0131z\u0131l","description":"Avukat Deniz Can K\u0131z\u0131l Antalya Barosu","publisher":{"@id":"https:\/\/denizcankizil.tr\/#organization"},"potentialAction":[{"@type":"SearchAction","target":{"@type":"EntryPoint","urlTemplate":"https:\/\/denizcankizil.tr\/?s={search_term_string}"},"query-input":{"@type":"PropertyValueSpecification","valueRequired":true,"valueName":"search_term_string"}}],"inLanguage":"en-GB"},{"@type":"Organization","@id":"https:\/\/denizcankizil.tr\/#organization","name":"Av. Deniz Can K\u0131z\u0131l","url":"https:\/\/denizcankizil.tr\/","logo":{"@type":"ImageObject","inLanguage":"en-GB","@id":"https:\/\/denizcankizil.tr\/#\/schema\/logo\/image\/","url":"https:\/\/denizcankizil.tr\/wp-content\/uploads\/2024\/10\/siyah-logo-svg.svg","contentUrl":"https:\/\/denizcankizil.tr\/wp-content\/uploads\/2024\/10\/siyah-logo-svg.svg","width":1080,"height":1080,"caption":"Av. Deniz Can K\u0131z\u0131l"},"image":{"@id":"https:\/\/denizcankizil.tr\/#\/schema\/logo\/image\/"}},{"@type":"Person","@id":"https:\/\/denizcankizil.tr\/#\/schema\/person\/be3c05fe6a12686905512445d8185489","name":"admin","image":{"@type":"ImageObject","inLanguage":"en-GB","@id":"https:\/\/denizcankizil.tr\/#\/schema\/person\/image\/","url":"https:\/\/secure.gravatar.com\/avatar\/c1fce94c830dc79107e174f890d7210541c4a63e8e5d816341794a2151c9d58c?s=96&d=mm&r=g","contentUrl":"https:\/\/secure.gravatar.com\/avatar\/c1fce94c830dc79107e174f890d7210541c4a63e8e5d816341794a2151c9d58c?s=96&d=mm&r=g","caption":"admin"},"sameAs":["http:\/\/denizcankizil.tr"],"url":"https:\/\/www.iskenderun.org\/ibb-sorusturmasinda-bir-tahliye-daha"}]}},"_links":{"self":[{"href":"https:\/\/denizcankizil.tr\/en\/wp-json\/wp\/v2\/posts\/136634","targetHints":{"allow":["GET"]}}],"collection":[{"href":"https:\/\/denizcankizil.tr\/en\/wp-json\/wp\/v2\/posts"}],"about":[{"href":"https:\/\/denizcankizil.tr\/en\/wp-json\/wp\/v2\/types\/post"}],"author":[{"embeddable":true,"href":"https:\/\/denizcankizil.tr\/en\/wp-json\/wp\/v2\/users\/1"}],"replies":[{"embeddable":true,"href":"https:\/\/denizcankizil.tr\/en\/wp-json\/wp\/v2\/comments?post=136634"}],"version-history":[{"count":0,"href":"https:\/\/denizcankizil.tr\/en\/wp-json\/wp\/v2\/posts\/136634\/revisions"}],"wp:attachment":[{"href":"https:\/\/denizcankizil.tr\/en\/wp-json\/wp\/v2\/media?parent=136634"}],"wp:term":[{"taxonomy":"category","embeddable":true,"href":"https:\/\/denizcankizil.tr\/en\/wp-json\/wp\/v2\/categories?post=136634"},{"taxonomy":"post_tag","embeddable":true,"href":"https:\/\/denizcankizil.tr\/en\/wp-json\/wp\/v2\/tags?post=136634"}],"curies":[{"name":"wp","href":"https:\/\/api.w.org\/{rel}","templated":true}]}}