{"id":136007,"date":"2025-07-04T19:42:21","date_gmt":"2025-07-04T16:42:21","guid":{"rendered":"https:\/\/denizcankizil.tr\/uncategorized-tr\/dortyolda-orman-yangini-buyuyor\/"},"modified":"2025-07-04T19:42:21","modified_gmt":"2025-07-04T16:42:21","slug":"dortyolda-orman-yangini-buyuyor","status":"publish","type":"post","link":"https:\/\/denizcankizil.tr\/en\/haberler\/gundem\/dortyolda-orman-yangini-buyuyor\/","title":{"rendered":"D\u00f6rtyol\u2019da Orman Yang\u0131n\u0131 B\u00fcy\u00fcyor\u2026"},"content":{"rendered":"<p>Yang\u0131n, D\u00f6rtyol\u2019un &#8220;K\u0131rm\u0131z\u0131 Burun&#8221; mevkiindeki ormanl\u0131k b\u00f6lgede saat 16.30 s\u0131ralar\u0131nda ba\u015flad\u0131. K\u0131sa s\u00fcrede etkisini art\u0131ran alevler, \u00e7evrede yo\u011fun dumanla birlikte pani\u011fe neden oldu. \u015eehrin pek \u00e7ok noktas\u0131ndan g\u00f6r\u00fclebilen dumanlar, yang\u0131n\u0131n b\u00fcy\u00fckl\u00fc\u011f\u00fcn\u00fc g\u00f6zler \u00f6n\u00fcne serdi.<\/p>\n<p>Mahalle Halk\u0131na &#8220;Haz\u0131r Olun&#8221; Uyar\u0131s\u0131<\/p>\n<p>Yetkililer, yang\u0131n\u0131n Karakeseli Mahallesi&#8217;ne do\u011fru ilerleyebilece\u011fi y\u00f6n\u00fcnde risk olu\u015fmas\u0131 \u00fczerine belediye hoparl\u00f6r\u00fcnden vatanda\u015flara uyar\u0131 yapt\u0131. Mahalle sakinlerinden de\u011ferli e\u015fyalar\u0131n\u0131 yanlar\u0131na alarak olas\u0131 bir tahliye i\u00e7in haz\u0131r olmalar\u0131 istendi.<\/p>\n<p>Sivil Destek \u00c7a\u011fr\u0131s\u0131 Yap\u0131ld\u0131<\/p>\n<p>Yang\u0131na, Orman B\u00f6lge M\u00fcd\u00fcrl\u00fc\u011f\u00fc ekiplerinin yan\u0131 s\u0131ra itfaiye ve g\u00f6n\u00fcll\u00fc vatanda\u015flar karadan m\u00fcdahale ediyor. Helikopter deste\u011fiyle havadan da s\u00f6nd\u00fcrme \u00e7al\u0131\u015fmalar\u0131 s\u00fcrd\u00fcr\u00fcl\u00fcyor. Ayr\u0131ca su tank\u0131 bulunan vatanda\u015flara da yang\u0131nla m\u00fccadeleye destek olmalar\u0131 y\u00f6n\u00fcnde \u00e7a\u011fr\u0131 yap\u0131ld\u0131.<\/p>\n<p>Yang\u0131n\u0131n yerle\u015fim yerlerine ula\u015fmamas\u0131 i\u00e7in t\u00fcm ekipler seferber olurken, \u00e7al\u0131\u015fmalar\u0131n gece boyunca s\u00fcrebilece\u011fi belirtiliyor.<\/p>\n<p>Geli\u015fmeleri aktarmaya devam edece\u011fiz.<\/p>\n<p>\u200bHatay\u2019\u0131n D\u00f6rtyol il\u00e7esine ba\u011fl\u0131 k\u0131rsal alanda \u00e7\u0131kan orman yang\u0131n\u0131, r\u00fczgar\u0131n da etkisiyle k\u0131sa s\u00fcrede b\u00fcy\u00fcyerek geni\u015f bir alana yay\u0131ld\u0131. Yang\u0131n\u0131n Karakeseli Mahallesi\u2019ne y\u00f6nelme ihtimali \u00fczerine belediye hoparl\u00f6r\u00fcnden halka uyar\u0131 yap\u0131ld\u0131.\u00a0<\/p>\n<p>\u200bHaberin Al\u0131nt\u0131land\u0131\u011f\u0131 Kaynak: www.iskenderun.org<\/p>","protected":false},"excerpt":{"rendered":"<p>Yang\u0131n, D\u00f6rtyol\u2019un &#8220;K\u0131rm\u0131z\u0131 Burun&#8221; mevkiindeki ormanl\u0131k b\u00f6lgede saat 16.30 s\u0131ralar\u0131nda ba\u015flad\u0131. K\u0131sa s\u00fcrede etkisini art\u0131ran alevler, \u00e7evrede yo\u011fun dumanla birlikte pani\u011fe neden oldu. \u015eehrin pek \u00e7ok noktas\u0131ndan g\u00f6r\u00fclebilen dumanlar, yang\u0131n\u0131n b\u00fcy\u00fckl\u00fc\u011f\u00fcn\u00fc g\u00f6zler \u00f6n\u00fcne serdi. Mahalle Halk\u0131na &#8220;Haz\u0131r Olun&#8221; Uyar\u0131s\u0131 Yetkililer, yang\u0131n\u0131n Karakeseli Mahallesi&#8217;ne do\u011fru ilerleyebilece\u011fi y\u00f6n\u00fcnde risk olu\u015fmas\u0131 \u00fczerine belediye hoparl\u00f6r\u00fcnden vatanda\u015flara uyar\u0131 yapt\u0131. Mahalle sakinlerinden de\u011ferli e\u015fyalar\u0131n\u0131 yanlar\u0131na alarak olas\u0131 bir tahliye i\u00e7in haz\u0131r olmalar\u0131 istendi. Sivil Destek \u00c7a\u011fr\u0131s\u0131 Yap\u0131ld\u0131 Yang\u0131na, Orman B\u00f6lge M\u00fcd\u00fcrl\u00fc\u011f\u00fc ekiplerinin yan\u0131 s\u0131ra itfaiye ve g\u00f6n\u00fcll\u00fc vatanda\u015flar karadan m\u00fcdahale ediyor. Helikopter deste\u011fiyle havadan da s\u00f6nd\u00fcrme \u00e7al\u0131\u015fmalar\u0131 s\u00fcrd\u00fcr\u00fcl\u00fcyor. Ayr\u0131ca su tank\u0131 bulunan vatanda\u015flara da yang\u0131nla m\u00fccadeleye destek olmalar\u0131 y\u00f6n\u00fcnde \u00e7a\u011fr\u0131 yap\u0131ld\u0131. Yang\u0131n\u0131n yerle\u015fim yerlerine ula\u015fmamas\u0131 i\u00e7in t\u00fcm ekipler seferber olurken, \u00e7al\u0131\u015fmalar\u0131n gece boyunca s\u00fcrebilece\u011fi belirtiliyor. Geli\u015fmeleri aktarmaya devam edece\u011fiz. \u200bHatay\u2019\u0131n D\u00f6rtyol il\u00e7esine ba\u011fl\u0131 k\u0131rsal alanda \u00e7\u0131kan orman yang\u0131n\u0131, r\u00fczgar\u0131n da etkisiyle k\u0131sa s\u00fcrede b\u00fcy\u00fcyerek geni\u015f bir alana yay\u0131ld\u0131. Yang\u0131n\u0131n Karakeseli Mahallesi\u2019ne y\u00f6nelme ihtimali \u00fczerine belediye hoparl\u00f6r\u00fcnden halka uyar\u0131 yap\u0131ld\u0131.\u00a0 \u200bHaberin Al\u0131nt\u0131land\u0131\u011f\u0131 Kaynak: www.iskenderun.org<\/p>","protected":false},"author":1,"featured_media":0,"comment_status":"","ping_status":"open","sticky":false,"template":"","format":"standard","meta":{"_acf_changed":false,"footnotes":""},"categories":[24],"tags":[],"class_list":["post-136007","post","type-post","status-publish","format-standard","has-post-thumbnail","hentry","category-gundem"],"acf":[],"yoast_head":"<!-- This site is optimized with the Yoast SEO Premium plugin v26.6 (Yoast SEO v27.1.1) - https:\/\/yoast.com\/product\/yoast-seo-premium-wordpress\/ -->\n<title>D\u00f6rtyol\u2019da Orman Yang\u0131n\u0131 B\u00fcy\u00fcyor\u2026 - Av. Deniz Can K\u0131z\u0131l<\/title>\n<meta name=\"robots\" content=\"index, follow, max-snippet:-1, max-image-preview:large, max-video-preview:-1\" \/>\n<link rel=\"canonical\" href=\"https:\/\/denizcankizil.tr\/en\/haberler\/gundem\/dortyolda-orman-yangini-buyuyor\/\" \/>\n<meta property=\"og:locale\" content=\"en_GB\" \/>\n<meta property=\"og:type\" content=\"article\" \/>\n<meta property=\"og:title\" content=\"D\u00f6rtyol\u2019da Orman Yang\u0131n\u0131 B\u00fcy\u00fcyor\u2026\" \/>\n<meta property=\"og:description\" content=\"Yang\u0131n, D\u00f6rtyol\u2019un &#8220;K\u0131rm\u0131z\u0131 Burun&#8221; mevkiindeki ormanl\u0131k b\u00f6lgede saat 16.30 s\u0131ralar\u0131nda ba\u015flad\u0131. K\u0131sa s\u00fcrede etkisini art\u0131ran alevler, \u00e7evrede yo\u011fun dumanla birlikte pani\u011fe neden oldu. \u015eehrin pek \u00e7ok noktas\u0131ndan g\u00f6r\u00fclebilen dumanlar, yang\u0131n\u0131n b\u00fcy\u00fckl\u00fc\u011f\u00fcn\u00fc g\u00f6zler \u00f6n\u00fcne serdi. Mahalle Halk\u0131na &#8220;Haz\u0131r Olun&#8221; Uyar\u0131s\u0131 Yetkililer, yang\u0131n\u0131n Karakeseli Mahallesi&#8217;ne do\u011fru ilerleyebilece\u011fi y\u00f6n\u00fcnde risk olu\u015fmas\u0131 \u00fczerine belediye hoparl\u00f6r\u00fcnden vatanda\u015flara uyar\u0131 yapt\u0131. Mahalle sakinlerinden de\u011ferli e\u015fyalar\u0131n\u0131 yanlar\u0131na alarak olas\u0131 bir tahliye i\u00e7in haz\u0131r olmalar\u0131 istendi. Sivil Destek \u00c7a\u011fr\u0131s\u0131 Yap\u0131ld\u0131 Yang\u0131na, Orman B\u00f6lge M\u00fcd\u00fcrl\u00fc\u011f\u00fc ekiplerinin yan\u0131 s\u0131ra itfaiye ve g\u00f6n\u00fcll\u00fc vatanda\u015flar karadan m\u00fcdahale ediyor. Helikopter deste\u011fiyle havadan da s\u00f6nd\u00fcrme \u00e7al\u0131\u015fmalar\u0131 s\u00fcrd\u00fcr\u00fcl\u00fcyor. Ayr\u0131ca su tank\u0131 bulunan vatanda\u015flara da yang\u0131nla m\u00fccadeleye destek olmalar\u0131 y\u00f6n\u00fcnde \u00e7a\u011fr\u0131 yap\u0131ld\u0131. Yang\u0131n\u0131n yerle\u015fim yerlerine ula\u015fmamas\u0131 i\u00e7in t\u00fcm ekipler seferber olurken, \u00e7al\u0131\u015fmalar\u0131n gece boyunca s\u00fcrebilece\u011fi belirtiliyor. Geli\u015fmeleri aktarmaya devam edece\u011fiz. \u200bHatay\u2019\u0131n D\u00f6rtyol il\u00e7esine ba\u011fl\u0131 k\u0131rsal alanda \u00e7\u0131kan orman yang\u0131n\u0131, r\u00fczgar\u0131n da etkisiyle k\u0131sa s\u00fcrede b\u00fcy\u00fcyerek geni\u015f bir alana yay\u0131ld\u0131. Yang\u0131n\u0131n Karakeseli Mahallesi\u2019ne y\u00f6nelme ihtimali \u00fczerine belediye hoparl\u00f6r\u00fcnden halka uyar\u0131 yap\u0131ld\u0131.\u00a0 \u200bHaberin Al\u0131nt\u0131land\u0131\u011f\u0131 Kaynak: www.iskenderun.org\" \/>\n<meta property=\"og:url\" content=\"https:\/\/denizcankizil.tr\/en\/haberler\/gundem\/dortyolda-orman-yangini-buyuyor\/\" \/>\n<meta property=\"og:site_name\" content=\"Av. Deniz Can K\u0131z\u0131l\" \/>\n<meta property=\"article:published_time\" content=\"2025-07-04T16:42:21+00:00\" \/>\n<meta name=\"author\" content=\"admin\" \/>\n<meta name=\"twitter:card\" content=\"summary_large_image\" \/>\n<meta name=\"twitter:label1\" content=\"Written by\" \/>\n\t<meta name=\"twitter:data1\" content=\"admin\" \/>\n\t<meta name=\"twitter:label2\" content=\"Estimated reading time\" \/>\n\t<meta name=\"twitter:data2\" content=\"1 minute\" \/>\n<script type=\"application\/ld+json\" class=\"yoast-schema-graph\">{\"@context\":\"https:\/\/schema.org\",\"@graph\":[{\"@type\":\"Article\",\"@id\":\"https:\/\/denizcankizil.tr\/en\/haberler\/gundem\/dortyolda-orman-yangini-buyuyor\/#article\",\"isPartOf\":{\"@id\":\"https:\/\/denizcankizil.tr\/en\/haberler\/gundem\/dortyolda-orman-yangini-buyuyor\/\"},\"author\":{\"name\":\"admin\",\"@id\":\"https:\/\/denizcankizil.tr\/de\/#\/schema\/person\/be3c05fe6a12686905512445d8185489\"},\"headline\":\"D\u00f6rtyol\u2019da Orman Yang\u0131n\u0131 B\u00fcy\u00fcyor\u2026\",\"datePublished\":\"2025-07-04T16:42:21+00:00\",\"mainEntityOfPage\":{\"@id\":\"https:\/\/denizcankizil.tr\/en\/haberler\/gundem\/dortyolda-orman-yangini-buyuyor\/\"},\"wordCount\":274,\"publisher\":{\"@id\":\"https:\/\/denizcankizil.tr\/de\/#organization\"},\"articleSection\":[\"G\u00fcndem\"],\"inLanguage\":\"en-GB\"},{\"@type\":\"WebPage\",\"@id\":\"https:\/\/denizcankizil.tr\/en\/haberler\/gundem\/dortyolda-orman-yangini-buyuyor\/\",\"url\":\"https:\/\/denizcankizil.tr\/en\/haberler\/gundem\/dortyolda-orman-yangini-buyuyor\/\",\"name\":\"D\u00f6rtyol\u2019da Orman Yang\u0131n\u0131 B\u00fcy\u00fcyor\u2026 - Av. Deniz Can K\u0131z\u0131l\",\"isPartOf\":{\"@id\":\"https:\/\/denizcankizil.tr\/de\/#website\"},\"datePublished\":\"2025-07-04T16:42:21+00:00\",\"breadcrumb\":{\"@id\":\"https:\/\/denizcankizil.tr\/en\/haberler\/gundem\/dortyolda-orman-yangini-buyuyor\/#breadcrumb\"},\"inLanguage\":\"en-GB\",\"potentialAction\":[{\"@type\":\"ReadAction\",\"target\":[\"https:\/\/denizcankizil.tr\/en\/haberler\/gundem\/dortyolda-orman-yangini-buyuyor\/\"]}]},{\"@type\":\"BreadcrumbList\",\"@id\":\"https:\/\/denizcankizil.tr\/en\/haberler\/gundem\/dortyolda-orman-yangini-buyuyor\/#breadcrumb\",\"itemListElement\":[{\"@type\":\"ListItem\",\"position\":1,\"name\":\"Home\",\"item\":\"https:\/\/denizcankizil.tr\/de\/\"},{\"@type\":\"ListItem\",\"position\":2,\"name\":\"D\u00f6rtyol\u2019da Orman Yang\u0131n\u0131 B\u00fcy\u00fcyor\u2026\"}]},{\"@type\":\"WebSite\",\"@id\":\"https:\/\/denizcankizil.tr\/de\/#website\",\"url\":\"https:\/\/denizcankizil.tr\/de\/\",\"name\":\"Av. Deniz Can K\u0131z\u0131l\",\"description\":\"Avukat Deniz Can K\u0131z\u0131l Antalya Barosu\",\"publisher\":{\"@id\":\"https:\/\/denizcankizil.tr\/de\/#organization\"},\"potentialAction\":[{\"@type\":\"SearchAction\",\"target\":{\"@type\":\"EntryPoint\",\"urlTemplate\":\"https:\/\/denizcankizil.tr\/de\/?s={search_term_string}\"},\"query-input\":{\"@type\":\"PropertyValueSpecification\",\"valueRequired\":true,\"valueName\":\"search_term_string\"}}],\"inLanguage\":\"en-GB\"},{\"@type\":\"Organization\",\"@id\":\"https:\/\/denizcankizil.tr\/de\/#organization\",\"name\":\"Av. Deniz Can K\u0131z\u0131l\",\"url\":\"https:\/\/denizcankizil.tr\/de\/\",\"logo\":{\"@type\":\"ImageObject\",\"inLanguage\":\"en-GB\",\"@id\":\"https:\/\/denizcankizil.tr\/de\/#\/schema\/logo\/image\/\",\"url\":\"https:\/\/denizcankizil.tr\/wp-content\/uploads\/2024\/10\/siyah-logo-svg.svg\",\"contentUrl\":\"https:\/\/denizcankizil.tr\/wp-content\/uploads\/2024\/10\/siyah-logo-svg.svg\",\"width\":1080,\"height\":1080,\"caption\":\"Av. Deniz Can K\u0131z\u0131l\"},\"image\":{\"@id\":\"https:\/\/denizcankizil.tr\/de\/#\/schema\/logo\/image\/\"}},{\"@type\":\"Person\",\"@id\":\"https:\/\/denizcankizil.tr\/de\/#\/schema\/person\/be3c05fe6a12686905512445d8185489\",\"name\":\"admin\",\"image\":{\"@type\":\"ImageObject\",\"inLanguage\":\"en-GB\",\"@id\":\"https:\/\/denizcankizil.tr\/de\/#\/schema\/person\/image\/\",\"url\":\"https:\/\/secure.gravatar.com\/avatar\/c1fce94c830dc79107e174f890d7210541c4a63e8e5d816341794a2151c9d58c?s=96&d=mm&r=g\",\"contentUrl\":\"https:\/\/secure.gravatar.com\/avatar\/c1fce94c830dc79107e174f890d7210541c4a63e8e5d816341794a2151c9d58c?s=96&d=mm&r=g\",\"caption\":\"admin\"},\"sameAs\":[\"http:\/\/denizcankizil.tr\"],\"url\":\"https:\/\/www.iskenderun.org\/dortyolda-orman-yangini-buyuyor\"}]}<\/script>\n<!-- \/ Yoast SEO Premium plugin. -->","yoast_head_json":{"title":"D\u00f6rtyol\u2019da Orman Yang\u0131n\u0131 B\u00fcy\u00fcyor\u2026 - Av. Deniz Can K\u0131z\u0131l","robots":{"index":"index","follow":"follow","max-snippet":"max-snippet:-1","max-image-preview":"max-image-preview:large","max-video-preview":"max-video-preview:-1"},"canonical":"https:\/\/denizcankizil.tr\/en\/haberler\/gundem\/dortyolda-orman-yangini-buyuyor\/","og_locale":"en_GB","og_type":"article","og_title":"D\u00f6rtyol\u2019da Orman Yang\u0131n\u0131 B\u00fcy\u00fcyor\u2026","og_description":"Yang\u0131n, D\u00f6rtyol\u2019un &#8220;K\u0131rm\u0131z\u0131 Burun&#8221; mevkiindeki ormanl\u0131k b\u00f6lgede saat 16.30 s\u0131ralar\u0131nda ba\u015flad\u0131. K\u0131sa s\u00fcrede etkisini art\u0131ran alevler, \u00e7evrede yo\u011fun dumanla birlikte pani\u011fe neden oldu. \u015eehrin pek \u00e7ok noktas\u0131ndan g\u00f6r\u00fclebilen dumanlar, yang\u0131n\u0131n b\u00fcy\u00fckl\u00fc\u011f\u00fcn\u00fc g\u00f6zler \u00f6n\u00fcne serdi. Mahalle Halk\u0131na &#8220;Haz\u0131r Olun&#8221; Uyar\u0131s\u0131 Yetkililer, yang\u0131n\u0131n Karakeseli Mahallesi&#8217;ne do\u011fru ilerleyebilece\u011fi y\u00f6n\u00fcnde risk olu\u015fmas\u0131 \u00fczerine belediye hoparl\u00f6r\u00fcnden vatanda\u015flara uyar\u0131 yapt\u0131. Mahalle sakinlerinden de\u011ferli e\u015fyalar\u0131n\u0131 yanlar\u0131na alarak olas\u0131 bir tahliye i\u00e7in haz\u0131r olmalar\u0131 istendi. Sivil Destek \u00c7a\u011fr\u0131s\u0131 Yap\u0131ld\u0131 Yang\u0131na, Orman B\u00f6lge M\u00fcd\u00fcrl\u00fc\u011f\u00fc ekiplerinin yan\u0131 s\u0131ra itfaiye ve g\u00f6n\u00fcll\u00fc vatanda\u015flar karadan m\u00fcdahale ediyor. Helikopter deste\u011fiyle havadan da s\u00f6nd\u00fcrme \u00e7al\u0131\u015fmalar\u0131 s\u00fcrd\u00fcr\u00fcl\u00fcyor. Ayr\u0131ca su tank\u0131 bulunan vatanda\u015flara da yang\u0131nla m\u00fccadeleye destek olmalar\u0131 y\u00f6n\u00fcnde \u00e7a\u011fr\u0131 yap\u0131ld\u0131. Yang\u0131n\u0131n yerle\u015fim yerlerine ula\u015fmamas\u0131 i\u00e7in t\u00fcm ekipler seferber olurken, \u00e7al\u0131\u015fmalar\u0131n gece boyunca s\u00fcrebilece\u011fi belirtiliyor. Geli\u015fmeleri aktarmaya devam edece\u011fiz. \u200bHatay\u2019\u0131n D\u00f6rtyol il\u00e7esine ba\u011fl\u0131 k\u0131rsal alanda \u00e7\u0131kan orman yang\u0131n\u0131, r\u00fczgar\u0131n da etkisiyle k\u0131sa s\u00fcrede b\u00fcy\u00fcyerek geni\u015f bir alana yay\u0131ld\u0131. Yang\u0131n\u0131n Karakeseli Mahallesi\u2019ne y\u00f6nelme ihtimali \u00fczerine belediye hoparl\u00f6r\u00fcnden halka uyar\u0131 yap\u0131ld\u0131.\u00a0 \u200bHaberin Al\u0131nt\u0131land\u0131\u011f\u0131 Kaynak: www.iskenderun.org","og_url":"https:\/\/denizcankizil.tr\/en\/haberler\/gundem\/dortyolda-orman-yangini-buyuyor\/","og_site_name":"Av. Deniz Can K\u0131z\u0131l","article_published_time":"2025-07-04T16:42:21+00:00","author":"admin","twitter_card":"summary_large_image","twitter_misc":{"Written by":"admin","Estimated reading time":"1 minute"},"schema":{"@context":"https:\/\/schema.org","@graph":[{"@type":"Article","@id":"https:\/\/denizcankizil.tr\/en\/haberler\/gundem\/dortyolda-orman-yangini-buyuyor\/#article","isPartOf":{"@id":"https:\/\/denizcankizil.tr\/en\/haberler\/gundem\/dortyolda-orman-yangini-buyuyor\/"},"author":{"name":"admin","@id":"https:\/\/denizcankizil.tr\/de\/#\/schema\/person\/be3c05fe6a12686905512445d8185489"},"headline":"D\u00f6rtyol\u2019da Orman Yang\u0131n\u0131 B\u00fcy\u00fcyor\u2026","datePublished":"2025-07-04T16:42:21+00:00","mainEntityOfPage":{"@id":"https:\/\/denizcankizil.tr\/en\/haberler\/gundem\/dortyolda-orman-yangini-buyuyor\/"},"wordCount":274,"publisher":{"@id":"https:\/\/denizcankizil.tr\/de\/#organization"},"articleSection":["G\u00fcndem"],"inLanguage":"en-GB"},{"@type":"WebPage","@id":"https:\/\/denizcankizil.tr\/en\/haberler\/gundem\/dortyolda-orman-yangini-buyuyor\/","url":"https:\/\/denizcankizil.tr\/en\/haberler\/gundem\/dortyolda-orman-yangini-buyuyor\/","name":"D\u00f6rtyol\u2019da Orman Yang\u0131n\u0131 B\u00fcy\u00fcyor\u2026 - Av. Deniz Can K\u0131z\u0131l","isPartOf":{"@id":"https:\/\/denizcankizil.tr\/de\/#website"},"datePublished":"2025-07-04T16:42:21+00:00","breadcrumb":{"@id":"https:\/\/denizcankizil.tr\/en\/haberler\/gundem\/dortyolda-orman-yangini-buyuyor\/#breadcrumb"},"inLanguage":"en-GB","potentialAction":[{"@type":"ReadAction","target":["https:\/\/denizcankizil.tr\/en\/haberler\/gundem\/dortyolda-orman-yangini-buyuyor\/"]}]},{"@type":"BreadcrumbList","@id":"https:\/\/denizcankizil.tr\/en\/haberler\/gundem\/dortyolda-orman-yangini-buyuyor\/#breadcrumb","itemListElement":[{"@type":"ListItem","position":1,"name":"Home","item":"https:\/\/denizcankizil.tr\/de\/"},{"@type":"ListItem","position":2,"name":"D\u00f6rtyol\u2019da Orman Yang\u0131n\u0131 B\u00fcy\u00fcyor\u2026"}]},{"@type":"WebSite","@id":"https:\/\/denizcankizil.tr\/de\/#website","url":"https:\/\/denizcankizil.tr\/de\/","name":"Av. Deniz Can K\u0131z\u0131l","description":"Avukat Deniz Can K\u0131z\u0131l Antalya Barosu","publisher":{"@id":"https:\/\/denizcankizil.tr\/de\/#organization"},"potentialAction":[{"@type":"SearchAction","target":{"@type":"EntryPoint","urlTemplate":"https:\/\/denizcankizil.tr\/de\/?s={search_term_string}"},"query-input":{"@type":"PropertyValueSpecification","valueRequired":true,"valueName":"search_term_string"}}],"inLanguage":"en-GB"},{"@type":"Organization","@id":"https:\/\/denizcankizil.tr\/de\/#organization","name":"Av. Deniz Can K\u0131z\u0131l","url":"https:\/\/denizcankizil.tr\/de\/","logo":{"@type":"ImageObject","inLanguage":"en-GB","@id":"https:\/\/denizcankizil.tr\/de\/#\/schema\/logo\/image\/","url":"https:\/\/denizcankizil.tr\/wp-content\/uploads\/2024\/10\/siyah-logo-svg.svg","contentUrl":"https:\/\/denizcankizil.tr\/wp-content\/uploads\/2024\/10\/siyah-logo-svg.svg","width":1080,"height":1080,"caption":"Av. Deniz Can K\u0131z\u0131l"},"image":{"@id":"https:\/\/denizcankizil.tr\/de\/#\/schema\/logo\/image\/"}},{"@type":"Person","@id":"https:\/\/denizcankizil.tr\/de\/#\/schema\/person\/be3c05fe6a12686905512445d8185489","name":"admin","image":{"@type":"ImageObject","inLanguage":"en-GB","@id":"https:\/\/denizcankizil.tr\/de\/#\/schema\/person\/image\/","url":"https:\/\/secure.gravatar.com\/avatar\/c1fce94c830dc79107e174f890d7210541c4a63e8e5d816341794a2151c9d58c?s=96&d=mm&r=g","contentUrl":"https:\/\/secure.gravatar.com\/avatar\/c1fce94c830dc79107e174f890d7210541c4a63e8e5d816341794a2151c9d58c?s=96&d=mm&r=g","caption":"admin"},"sameAs":["http:\/\/denizcankizil.tr"],"url":"https:\/\/www.iskenderun.org\/dortyolda-orman-yangini-buyuyor"}]}},"_links":{"self":[{"href":"https:\/\/denizcankizil.tr\/en\/wp-json\/wp\/v2\/posts\/136007","targetHints":{"allow":["GET"]}}],"collection":[{"href":"https:\/\/denizcankizil.tr\/en\/wp-json\/wp\/v2\/posts"}],"about":[{"href":"https:\/\/denizcankizil.tr\/en\/wp-json\/wp\/v2\/types\/post"}],"author":[{"embeddable":true,"href":"https:\/\/denizcankizil.tr\/en\/wp-json\/wp\/v2\/users\/1"}],"replies":[{"embeddable":true,"href":"https:\/\/denizcankizil.tr\/en\/wp-json\/wp\/v2\/comments?post=136007"}],"version-history":[{"count":0,"href":"https:\/\/denizcankizil.tr\/en\/wp-json\/wp\/v2\/posts\/136007\/revisions"}],"wp:attachment":[{"href":"https:\/\/denizcankizil.tr\/en\/wp-json\/wp\/v2\/media?parent=136007"}],"wp:term":[{"taxonomy":"category","embeddable":true,"href":"https:\/\/denizcankizil.tr\/en\/wp-json\/wp\/v2\/categories?post=136007"},{"taxonomy":"post_tag","embeddable":true,"href":"https:\/\/denizcankizil.tr\/en\/wp-json\/wp\/v2\/tags?post=136007"}],"curies":[{"name":"wp","href":"https:\/\/api.w.org\/{rel}","templated":true}]}}