{"id":135814,"date":"2025-07-04T15:42:16","date_gmt":"2025-07-04T12:42:16","guid":{"rendered":"https:\/\/denizcankizil.tr\/uncategorized-tr\/yoksullastirma-programi-acimasizca-devam-ediyor\/"},"modified":"2025-07-04T15:42:16","modified_gmt":"2025-07-04T12:42:16","slug":"yoksullastirma-programi-acimasizca-devam-ediyor","status":"publish","type":"post","link":"https:\/\/denizcankizil.tr\/en\/haberler\/gundem\/yoksullastirma-programi-acimasizca-devam-ediyor\/","title":{"rendered":"\u201cYoksulla\u015ft\u0131rma program\u0131 ac\u0131mas\u0131zca devam ediyor\u201d"},"content":{"rendered":"<p>3 Temmuz 2025 tarihinde T\u00dc\u0130K taraf\u0131ndan a\u00e7\u0131klanan Haziran ay\u0131 enflasyon verileri sonras\u0131n\u0131 de\u011ferlendiren sert bir a\u00e7\u0131klamada bulunan T\u00fcm Emekliler Sendikas\u0131 \u0130skenderun \u015eube Ba\u015fkan\u0131 Mustafa \u00c7ankaya, emekli maa\u015flar\u0131na yans\u0131yan rakamlar\u0131n ya\u015fam standartlar\u0131na etki etmesinin m\u00fcmk\u00fcn olamayaca\u011f\u0131na vurgu yapt\u0131.<\/p>\n<p>&#8220;ORTALAMA EMEKL\u0130 AYLI\u011eI <\/p>\n<p>19 B\u0130N L\u0130RA C\u0130VARINDA KALACAK&#8221;<\/p>\n<p>T\u00dc\u0130K\u2019in Haziran ay\u0131 enflasyonunu y\u00fczde 1.37 olarak a\u00e7\u0131klamas\u0131yla birlikte, 6 ayl\u0131k enflasyon fark\u0131n\u0131n y\u00fczde 16.67 oldu\u011funu hat\u0131rlatan \u00c7ankaya, \u201cK\u00f6k ayl\u0131klar\u0131 d\u00fc\u015f\u00fck olan emeklilerimize hazine katk\u0131s\u0131yla 16 bin 881 lira reva g\u00f6r\u00fcld\u00fc. Ortalama emekli ayl\u0131klar\u0131 ise 19 bin lira civar\u0131nda olacak. Bu, yoksulla\u015ft\u0131rma program\u0131n\u0131n ac\u0131mas\u0131zca devam etti\u011finin g\u00f6stergesidir\u201d dedi.<\/p>\n<p>&#8220;HAR\u00c7LIK VEREB\u0130L\u0130YORDUK, <\/p>\n<p>\u015e\u0130MD\u0130 MAZ\u0130DE KALDI&#8221;<\/p>\n<p>\u00c7ankaya, iktidar\u0131n ekonomi politikalar\u0131n\u0131 da sert s\u00f6zlerle ele\u015ftirdi\u011fi a\u00e7\u0131klamas\u0131nda \u00f6zelle\u015ftirme, faiz ve d\u00f6viz rant\u0131na dayal\u0131 ekonomik sistemin emek\u00e7ileri ve emeklileri ma\u011fdur etti\u011fini belirterek \u201cBu iktidardan \u00f6nce de yoksulumuz vard\u0131 ama kar\u0131n doyurabiliyor, torunumuza har\u00e7l\u0131k verebiliyor, d\u0131\u015far\u0131da dostlar\u0131m\u0131zla \u00e7ay i\u00e7ebiliyorduk. \u015eimdi bunlar\u0131n hepsi ge\u00e7mi\u015fte kald\u0131\u201d diye konu\u015ftu.<\/p>\n<p>&#8220;BARINMA HAKKI <\/p>\n<p>\u0130ST\u0130SMAR ED\u0130L\u0130YOR&#8221;<\/p>\n<p>\u0130ktidar\u0131n bar\u0131nma sorununa \u00e7\u00f6z\u00fcm \u00fcretmek yerine sorunu istismar etti\u011fini savunan \u00c7ankaya, TOK\u0130 projelerinin kamuoyunu yan\u0131ltmak amac\u0131yla kullan\u0131ld\u0131\u011f\u0131na de\u011finerek \u201cSosyal medyada ve medyada neredeyse her g\u00fcn aldat\u0131c\u0131 TOK\u0130 haberleri yay\u0131nlan\u0131yor. Konutsuz yurtta\u015flar\u0131n umudu s\u00f6m\u00fcr\u00fcl\u00fcyor. 2023 se\u00e7imlerinden \u00f6nce verilen vaatlerin b\u00fcy\u00fck k\u0131sm\u0131 ger\u00e7ekle\u015fmedi, ayn\u0131 senaryo yeni se\u00e7im d\u00f6nemine ta\u015f\u0131n\u0131yor\u201d \u015feklinde konu\u015ftu.<\/p>\n<p>&#8220;\u00c7\u00d6Z\u00dcM YEREL Y\u00d6NET\u0130MLERDE&#8221;<\/p>\n<p>T\u00fcm Emekliler Sendikas\u0131 olarak halk\u00e7\u0131 ve kamucu bir \u00e7\u00f6z\u00fcm\u00fcn m\u00fcmk\u00fcn oldu\u011funu vurgulayan \u00c7ankaya, yerel y\u00f6netimlere \u00e7a\u011fr\u0131da bulundu: \u201cE\u011fer iktidar \u00e7\u00f6z\u00fcm \u00fcretmiyorsa, g\u00f6rev bize yani halka ve yerel y\u00f6netimlere d\u00fc\u015fer. Belediyelerimize \u00e7a\u011fr\u0131m\u0131zd\u0131r; iktidar\u0131n yoksulla\u015ft\u0131r\u0131c\u0131 politikalar\u0131na teslim olmayal\u0131m. Halk\u00e7\u0131 projelerin \u00f6n\u00fcne \u00e7\u0131kar\u0131lan engellere kar\u015f\u0131 bilgi, g\u00f6rg\u00fc ve dayan\u0131\u015fmam\u0131z\u0131 seferber edelim. Emek\u00e7iler birlik olmas\u0131 gerekti\u011fini d\u00fc\u015f\u00fcn\u00fcyorum. Emeklilerin sabr\u0131 ve bilgeli\u011fiyle, ilimizin her ku\u015faktan yurtta\u015fa yuva olmas\u0131 i\u00e7in g\u00fc\u00e7lerimizi birle\u015ftirelim. Kurtulu\u015f yok tek ba\u015f\u0131na; ya hep beraber, ya hi\u00e7birimiz.\u201d<\/p>\n<p>\u200bT\u00fcm Emekliler Sendikas\u0131 \u0130skenderun \u015eube Ba\u015fkan\u0131 Mustafa \u00c7ankaya, en d\u00fc\u015f\u00fck emekli ayl\u0131klar\u0131n\u0131n yoksulluk s\u0131n\u0131r\u0131n\u0131n \u00e7ok alt\u0131nda kald\u0131\u011f\u0131na dikkat \u00e7ekerek \u201c\u0130ktidar, emekliye refah de\u011fil derin sefalet reva g\u00f6r\u00fcyor\u201d dedi.\u00a0<\/p>\n<p>\u200bHaberin Al\u0131nt\u0131land\u0131\u011f\u0131 Kaynak: www.iskenderun.org<\/p>","protected":false},"excerpt":{"rendered":"<p>3 Temmuz 2025 tarihinde T\u00dc\u0130K taraf\u0131ndan a\u00e7\u0131klanan Haziran ay\u0131 enflasyon verileri sonras\u0131n\u0131 de\u011ferlendiren sert bir a\u00e7\u0131klamada bulunan T\u00fcm Emekliler Sendikas\u0131 \u0130skenderun \u015eube Ba\u015fkan\u0131 Mustafa \u00c7ankaya, emekli maa\u015flar\u0131na yans\u0131yan rakamlar\u0131n ya\u015fam standartlar\u0131na etki etmesinin m\u00fcmk\u00fcn olamayaca\u011f\u0131na vurgu yapt\u0131. &#8220;ORTALAMA EMEKL\u0130 AYLI\u011eI 19 B\u0130N L\u0130RA C\u0130VARINDA KALACAK&#8221; T\u00dc\u0130K\u2019in Haziran ay\u0131 enflasyonunu y\u00fczde 1.37 olarak a\u00e7\u0131klamas\u0131yla birlikte, 6 ayl\u0131k enflasyon fark\u0131n\u0131n y\u00fczde 16.67 oldu\u011funu hat\u0131rlatan \u00c7ankaya, \u201cK\u00f6k ayl\u0131klar\u0131 d\u00fc\u015f\u00fck olan emeklilerimize hazine katk\u0131s\u0131yla 16 bin 881 lira reva g\u00f6r\u00fcld\u00fc. Ortalama emekli ayl\u0131klar\u0131 ise 19 bin lira civar\u0131nda olacak. Bu, yoksulla\u015ft\u0131rma program\u0131n\u0131n ac\u0131mas\u0131zca devam etti\u011finin g\u00f6stergesidir\u201d dedi. &#8220;HAR\u00c7LIK VEREB\u0130L\u0130YORDUK, \u015e\u0130MD\u0130 MAZ\u0130DE KALDI&#8221; \u00c7ankaya, iktidar\u0131n ekonomi politikalar\u0131n\u0131 da sert s\u00f6zlerle ele\u015ftirdi\u011fi a\u00e7\u0131klamas\u0131nda \u00f6zelle\u015ftirme, faiz ve d\u00f6viz rant\u0131na dayal\u0131 ekonomik sistemin emek\u00e7ileri ve emeklileri ma\u011fdur etti\u011fini belirterek \u201cBu iktidardan \u00f6nce de yoksulumuz vard\u0131 ama kar\u0131n doyurabiliyor, torunumuza har\u00e7l\u0131k verebiliyor, d\u0131\u015far\u0131da dostlar\u0131m\u0131zla \u00e7ay i\u00e7ebiliyorduk. \u015eimdi bunlar\u0131n hepsi ge\u00e7mi\u015fte kald\u0131\u201d diye konu\u015ftu. &#8220;BARINMA HAKKI \u0130ST\u0130SMAR ED\u0130L\u0130YOR&#8221; \u0130ktidar\u0131n bar\u0131nma sorununa \u00e7\u00f6z\u00fcm \u00fcretmek yerine sorunu istismar etti\u011fini savunan \u00c7ankaya, TOK\u0130 projelerinin kamuoyunu yan\u0131ltmak amac\u0131yla kullan\u0131ld\u0131\u011f\u0131na de\u011finerek \u201cSosyal medyada ve medyada neredeyse her g\u00fcn aldat\u0131c\u0131 TOK\u0130 haberleri yay\u0131nlan\u0131yor. Konutsuz yurtta\u015flar\u0131n umudu s\u00f6m\u00fcr\u00fcl\u00fcyor. 2023 se\u00e7imlerinden \u00f6nce verilen vaatlerin b\u00fcy\u00fck k\u0131sm\u0131 ger\u00e7ekle\u015fmedi, ayn\u0131 senaryo yeni se\u00e7im d\u00f6nemine ta\u015f\u0131n\u0131yor\u201d \u015feklinde konu\u015ftu. &#8220;\u00c7\u00d6Z\u00dcM YEREL Y\u00d6NET\u0130MLERDE&#8221; &hellip;<\/p>","protected":false},"author":1,"featured_media":0,"comment_status":"","ping_status":"open","sticky":false,"template":"","format":"standard","meta":{"_acf_changed":false,"footnotes":""},"categories":[24],"tags":[],"class_list":["post-135814","post","type-post","status-publish","format-standard","has-post-thumbnail","hentry","category-gundem"],"acf":[],"yoast_head":"<!-- This site is optimized with the Yoast SEO Premium plugin v26.6 (Yoast SEO v27.1.1) - https:\/\/yoast.com\/product\/yoast-seo-premium-wordpress\/ -->\n<title>\u201cYoksulla\u015ft\u0131rma program\u0131 ac\u0131mas\u0131zca devam ediyor\u201d - Av. Deniz Can K\u0131z\u0131l<\/title>\n<meta name=\"robots\" content=\"index, follow, max-snippet:-1, max-image-preview:large, max-video-preview:-1\" \/>\n<link rel=\"canonical\" href=\"https:\/\/denizcankizil.tr\/en\/haberler\/gundem\/yoksullastirma-programi-acimasizca-devam-ediyor\/\" \/>\n<meta property=\"og:locale\" content=\"en_GB\" \/>\n<meta property=\"og:type\" content=\"article\" \/>\n<meta property=\"og:title\" content=\"\u201cYoksulla\u015ft\u0131rma program\u0131 ac\u0131mas\u0131zca devam ediyor\u201d\" \/>\n<meta property=\"og:description\" content=\"3 Temmuz 2025 tarihinde T\u00dc\u0130K taraf\u0131ndan a\u00e7\u0131klanan Haziran ay\u0131 enflasyon verileri sonras\u0131n\u0131 de\u011ferlendiren sert bir a\u00e7\u0131klamada bulunan T\u00fcm Emekliler Sendikas\u0131 \u0130skenderun \u015eube Ba\u015fkan\u0131 Mustafa \u00c7ankaya, emekli maa\u015flar\u0131na yans\u0131yan rakamlar\u0131n ya\u015fam standartlar\u0131na etki etmesinin m\u00fcmk\u00fcn olamayaca\u011f\u0131na vurgu yapt\u0131. &#8220;ORTALAMA EMEKL\u0130 AYLI\u011eI 19 B\u0130N L\u0130RA C\u0130VARINDA KALACAK&#8221; T\u00dc\u0130K\u2019in Haziran ay\u0131 enflasyonunu y\u00fczde 1.37 olarak a\u00e7\u0131klamas\u0131yla birlikte, 6 ayl\u0131k enflasyon fark\u0131n\u0131n y\u00fczde 16.67 oldu\u011funu hat\u0131rlatan \u00c7ankaya, \u201cK\u00f6k ayl\u0131klar\u0131 d\u00fc\u015f\u00fck olan emeklilerimize hazine katk\u0131s\u0131yla 16 bin 881 lira reva g\u00f6r\u00fcld\u00fc. Ortalama emekli ayl\u0131klar\u0131 ise 19 bin lira civar\u0131nda olacak. Bu, yoksulla\u015ft\u0131rma program\u0131n\u0131n ac\u0131mas\u0131zca devam etti\u011finin g\u00f6stergesidir\u201d dedi. &#8220;HAR\u00c7LIK VEREB\u0130L\u0130YORDUK, \u015e\u0130MD\u0130 MAZ\u0130DE KALDI&#8221; \u00c7ankaya, iktidar\u0131n ekonomi politikalar\u0131n\u0131 da sert s\u00f6zlerle ele\u015ftirdi\u011fi a\u00e7\u0131klamas\u0131nda \u00f6zelle\u015ftirme, faiz ve d\u00f6viz rant\u0131na dayal\u0131 ekonomik sistemin emek\u00e7ileri ve emeklileri ma\u011fdur etti\u011fini belirterek \u201cBu iktidardan \u00f6nce de yoksulumuz vard\u0131 ama kar\u0131n doyurabiliyor, torunumuza har\u00e7l\u0131k verebiliyor, d\u0131\u015far\u0131da dostlar\u0131m\u0131zla \u00e7ay i\u00e7ebiliyorduk. \u015eimdi bunlar\u0131n hepsi ge\u00e7mi\u015fte kald\u0131\u201d diye konu\u015ftu. &#8220;BARINMA HAKKI \u0130ST\u0130SMAR ED\u0130L\u0130YOR&#8221; \u0130ktidar\u0131n bar\u0131nma sorununa \u00e7\u00f6z\u00fcm \u00fcretmek yerine sorunu istismar etti\u011fini savunan \u00c7ankaya, TOK\u0130 projelerinin kamuoyunu yan\u0131ltmak amac\u0131yla kullan\u0131ld\u0131\u011f\u0131na de\u011finerek \u201cSosyal medyada ve medyada neredeyse her g\u00fcn aldat\u0131c\u0131 TOK\u0130 haberleri yay\u0131nlan\u0131yor. Konutsuz yurtta\u015flar\u0131n umudu s\u00f6m\u00fcr\u00fcl\u00fcyor. 2023 se\u00e7imlerinden \u00f6nce verilen vaatlerin b\u00fcy\u00fck k\u0131sm\u0131 ger\u00e7ekle\u015fmedi, ayn\u0131 senaryo yeni se\u00e7im d\u00f6nemine ta\u015f\u0131n\u0131yor\u201d \u015feklinde konu\u015ftu. &#8220;\u00c7\u00d6Z\u00dcM YEREL Y\u00d6NET\u0130MLERDE&#8221; &hellip;\" \/>\n<meta property=\"og:url\" content=\"https:\/\/denizcankizil.tr\/en\/haberler\/gundem\/yoksullastirma-programi-acimasizca-devam-ediyor\/\" \/>\n<meta property=\"og:site_name\" content=\"Av. Deniz Can K\u0131z\u0131l\" \/>\n<meta property=\"article:published_time\" content=\"2025-07-04T12:42:16+00:00\" \/>\n<meta name=\"author\" content=\"admin\" \/>\n<meta name=\"twitter:card\" content=\"summary_large_image\" \/>\n<meta name=\"twitter:label1\" content=\"Written by\" \/>\n\t<meta name=\"twitter:data1\" content=\"admin\" \/>\n\t<meta name=\"twitter:label2\" content=\"Estimated reading time\" \/>\n\t<meta name=\"twitter:data2\" content=\"2 minutes\" \/>\n<script type=\"application\/ld+json\" class=\"yoast-schema-graph\">{\"@context\":\"https:\/\/schema.org\",\"@graph\":[{\"@type\":\"Article\",\"@id\":\"https:\/\/denizcankizil.tr\/uk\/haberler\/gundem\/yoksullastirma-programi-acimasizca-devam-ediyor\/#article\",\"isPartOf\":{\"@id\":\"https:\/\/denizcankizil.tr\/uk\/haberler\/gundem\/yoksullastirma-programi-acimasizca-devam-ediyor\/\"},\"author\":{\"name\":\"admin\",\"@id\":\"https:\/\/denizcankizil.tr\/de\/#\/schema\/person\/be3c05fe6a12686905512445d8185489\"},\"headline\":\"\u201cYoksulla\u015ft\u0131rma program\u0131 ac\u0131mas\u0131zca devam ediyor\u201d\",\"datePublished\":\"2025-07-04T12:42:16+00:00\",\"mainEntityOfPage\":{\"@id\":\"https:\/\/denizcankizil.tr\/uk\/haberler\/gundem\/yoksullastirma-programi-acimasizca-devam-ediyor\/\"},\"wordCount\":480,\"publisher\":{\"@id\":\"https:\/\/denizcankizil.tr\/de\/#organization\"},\"articleSection\":[\"G\u00fcndem\"],\"inLanguage\":\"en-GB\"},{\"@type\":\"WebPage\",\"@id\":\"https:\/\/denizcankizil.tr\/uk\/haberler\/gundem\/yoksullastirma-programi-acimasizca-devam-ediyor\/\",\"url\":\"https:\/\/denizcankizil.tr\/uk\/haberler\/gundem\/yoksullastirma-programi-acimasizca-devam-ediyor\/\",\"name\":\"\u201cYoksulla\u015ft\u0131rma program\u0131 ac\u0131mas\u0131zca devam ediyor\u201d - Av. Deniz Can K\u0131z\u0131l\",\"isPartOf\":{\"@id\":\"https:\/\/denizcankizil.tr\/de\/#website\"},\"datePublished\":\"2025-07-04T12:42:16+00:00\",\"breadcrumb\":{\"@id\":\"https:\/\/denizcankizil.tr\/uk\/haberler\/gundem\/yoksullastirma-programi-acimasizca-devam-ediyor\/#breadcrumb\"},\"inLanguage\":\"en-GB\",\"potentialAction\":[{\"@type\":\"ReadAction\",\"target\":[\"https:\/\/denizcankizil.tr\/uk\/haberler\/gundem\/yoksullastirma-programi-acimasizca-devam-ediyor\/\"]}]},{\"@type\":\"BreadcrumbList\",\"@id\":\"https:\/\/denizcankizil.tr\/uk\/haberler\/gundem\/yoksullastirma-programi-acimasizca-devam-ediyor\/#breadcrumb\",\"itemListElement\":[{\"@type\":\"ListItem\",\"position\":1,\"name\":\"Home\",\"item\":\"https:\/\/denizcankizil.tr\/de\/\"},{\"@type\":\"ListItem\",\"position\":2,\"name\":\"\u201cYoksulla\u015ft\u0131rma program\u0131 ac\u0131mas\u0131zca devam ediyor\u201d\"}]},{\"@type\":\"WebSite\",\"@id\":\"https:\/\/denizcankizil.tr\/de\/#website\",\"url\":\"https:\/\/denizcankizil.tr\/de\/\",\"name\":\"Av. Deniz Can K\u0131z\u0131l\",\"description\":\"Avukat Deniz Can K\u0131z\u0131l Antalya Barosu\",\"publisher\":{\"@id\":\"https:\/\/denizcankizil.tr\/de\/#organization\"},\"potentialAction\":[{\"@type\":\"SearchAction\",\"target\":{\"@type\":\"EntryPoint\",\"urlTemplate\":\"https:\/\/denizcankizil.tr\/de\/?s={search_term_string}\"},\"query-input\":{\"@type\":\"PropertyValueSpecification\",\"valueRequired\":true,\"valueName\":\"search_term_string\"}}],\"inLanguage\":\"en-GB\"},{\"@type\":\"Organization\",\"@id\":\"https:\/\/denizcankizil.tr\/de\/#organization\",\"name\":\"Av. Deniz Can K\u0131z\u0131l\",\"url\":\"https:\/\/denizcankizil.tr\/de\/\",\"logo\":{\"@type\":\"ImageObject\",\"inLanguage\":\"en-GB\",\"@id\":\"https:\/\/denizcankizil.tr\/de\/#\/schema\/logo\/image\/\",\"url\":\"https:\/\/denizcankizil.tr\/wp-content\/uploads\/2024\/10\/siyah-logo-svg.svg\",\"contentUrl\":\"https:\/\/denizcankizil.tr\/wp-content\/uploads\/2024\/10\/siyah-logo-svg.svg\",\"width\":1080,\"height\":1080,\"caption\":\"Av. Deniz Can K\u0131z\u0131l\"},\"image\":{\"@id\":\"https:\/\/denizcankizil.tr\/de\/#\/schema\/logo\/image\/\"}},{\"@type\":\"Person\",\"@id\":\"https:\/\/denizcankizil.tr\/de\/#\/schema\/person\/be3c05fe6a12686905512445d8185489\",\"name\":\"admin\",\"image\":{\"@type\":\"ImageObject\",\"inLanguage\":\"en-GB\",\"@id\":\"https:\/\/denizcankizil.tr\/de\/#\/schema\/person\/image\/\",\"url\":\"https:\/\/secure.gravatar.com\/avatar\/c1fce94c830dc79107e174f890d7210541c4a63e8e5d816341794a2151c9d58c?s=96&d=mm&r=g\",\"contentUrl\":\"https:\/\/secure.gravatar.com\/avatar\/c1fce94c830dc79107e174f890d7210541c4a63e8e5d816341794a2151c9d58c?s=96&d=mm&r=g\",\"caption\":\"admin\"},\"sameAs\":[\"http:\/\/denizcankizil.tr\"],\"url\":\"https:\/\/www.iskenderun.org\/yoksullastirma-programi-acimasizca-devam-ediyor\"}]}<\/script>\n<!-- \/ Yoast SEO Premium plugin. -->","yoast_head_json":{"title":"\u201cYoksulla\u015ft\u0131rma program\u0131 ac\u0131mas\u0131zca devam ediyor\u201d - Av. Deniz Can K\u0131z\u0131l","robots":{"index":"index","follow":"follow","max-snippet":"max-snippet:-1","max-image-preview":"max-image-preview:large","max-video-preview":"max-video-preview:-1"},"canonical":"https:\/\/denizcankizil.tr\/en\/haberler\/gundem\/yoksullastirma-programi-acimasizca-devam-ediyor\/","og_locale":"en_GB","og_type":"article","og_title":"\u201cYoksulla\u015ft\u0131rma program\u0131 ac\u0131mas\u0131zca devam ediyor\u201d","og_description":"3 Temmuz 2025 tarihinde T\u00dc\u0130K taraf\u0131ndan a\u00e7\u0131klanan Haziran ay\u0131 enflasyon verileri sonras\u0131n\u0131 de\u011ferlendiren sert bir a\u00e7\u0131klamada bulunan T\u00fcm Emekliler Sendikas\u0131 \u0130skenderun \u015eube Ba\u015fkan\u0131 Mustafa \u00c7ankaya, emekli maa\u015flar\u0131na yans\u0131yan rakamlar\u0131n ya\u015fam standartlar\u0131na etki etmesinin m\u00fcmk\u00fcn olamayaca\u011f\u0131na vurgu yapt\u0131. &#8220;ORTALAMA EMEKL\u0130 AYLI\u011eI 19 B\u0130N L\u0130RA C\u0130VARINDA KALACAK&#8221; T\u00dc\u0130K\u2019in Haziran ay\u0131 enflasyonunu y\u00fczde 1.37 olarak a\u00e7\u0131klamas\u0131yla birlikte, 6 ayl\u0131k enflasyon fark\u0131n\u0131n y\u00fczde 16.67 oldu\u011funu hat\u0131rlatan \u00c7ankaya, \u201cK\u00f6k ayl\u0131klar\u0131 d\u00fc\u015f\u00fck olan emeklilerimize hazine katk\u0131s\u0131yla 16 bin 881 lira reva g\u00f6r\u00fcld\u00fc. Ortalama emekli ayl\u0131klar\u0131 ise 19 bin lira civar\u0131nda olacak. Bu, yoksulla\u015ft\u0131rma program\u0131n\u0131n ac\u0131mas\u0131zca devam etti\u011finin g\u00f6stergesidir\u201d dedi. &#8220;HAR\u00c7LIK VEREB\u0130L\u0130YORDUK, \u015e\u0130MD\u0130 MAZ\u0130DE KALDI&#8221; \u00c7ankaya, iktidar\u0131n ekonomi politikalar\u0131n\u0131 da sert s\u00f6zlerle ele\u015ftirdi\u011fi a\u00e7\u0131klamas\u0131nda \u00f6zelle\u015ftirme, faiz ve d\u00f6viz rant\u0131na dayal\u0131 ekonomik sistemin emek\u00e7ileri ve emeklileri ma\u011fdur etti\u011fini belirterek \u201cBu iktidardan \u00f6nce de yoksulumuz vard\u0131 ama kar\u0131n doyurabiliyor, torunumuza har\u00e7l\u0131k verebiliyor, d\u0131\u015far\u0131da dostlar\u0131m\u0131zla \u00e7ay i\u00e7ebiliyorduk. \u015eimdi bunlar\u0131n hepsi ge\u00e7mi\u015fte kald\u0131\u201d diye konu\u015ftu. &#8220;BARINMA HAKKI \u0130ST\u0130SMAR ED\u0130L\u0130YOR&#8221; \u0130ktidar\u0131n bar\u0131nma sorununa \u00e7\u00f6z\u00fcm \u00fcretmek yerine sorunu istismar etti\u011fini savunan \u00c7ankaya, TOK\u0130 projelerinin kamuoyunu yan\u0131ltmak amac\u0131yla kullan\u0131ld\u0131\u011f\u0131na de\u011finerek \u201cSosyal medyada ve medyada neredeyse her g\u00fcn aldat\u0131c\u0131 TOK\u0130 haberleri yay\u0131nlan\u0131yor. Konutsuz yurtta\u015flar\u0131n umudu s\u00f6m\u00fcr\u00fcl\u00fcyor. 2023 se\u00e7imlerinden \u00f6nce verilen vaatlerin b\u00fcy\u00fck k\u0131sm\u0131 ger\u00e7ekle\u015fmedi, ayn\u0131 senaryo yeni se\u00e7im d\u00f6nemine ta\u015f\u0131n\u0131yor\u201d \u015feklinde konu\u015ftu. &#8220;\u00c7\u00d6Z\u00dcM YEREL Y\u00d6NET\u0130MLERDE&#8221; &hellip;","og_url":"https:\/\/denizcankizil.tr\/en\/haberler\/gundem\/yoksullastirma-programi-acimasizca-devam-ediyor\/","og_site_name":"Av. Deniz Can K\u0131z\u0131l","article_published_time":"2025-07-04T12:42:16+00:00","author":"admin","twitter_card":"summary_large_image","twitter_misc":{"Written by":"admin","Estimated reading time":"2 minutes"},"schema":{"@context":"https:\/\/schema.org","@graph":[{"@type":"Article","@id":"https:\/\/denizcankizil.tr\/uk\/haberler\/gundem\/yoksullastirma-programi-acimasizca-devam-ediyor\/#article","isPartOf":{"@id":"https:\/\/denizcankizil.tr\/uk\/haberler\/gundem\/yoksullastirma-programi-acimasizca-devam-ediyor\/"},"author":{"name":"admin","@id":"https:\/\/denizcankizil.tr\/de\/#\/schema\/person\/be3c05fe6a12686905512445d8185489"},"headline":"\u201cYoksulla\u015ft\u0131rma program\u0131 ac\u0131mas\u0131zca devam ediyor\u201d","datePublished":"2025-07-04T12:42:16+00:00","mainEntityOfPage":{"@id":"https:\/\/denizcankizil.tr\/uk\/haberler\/gundem\/yoksullastirma-programi-acimasizca-devam-ediyor\/"},"wordCount":480,"publisher":{"@id":"https:\/\/denizcankizil.tr\/de\/#organization"},"articleSection":["G\u00fcndem"],"inLanguage":"en-GB"},{"@type":"WebPage","@id":"https:\/\/denizcankizil.tr\/uk\/haberler\/gundem\/yoksullastirma-programi-acimasizca-devam-ediyor\/","url":"https:\/\/denizcankizil.tr\/uk\/haberler\/gundem\/yoksullastirma-programi-acimasizca-devam-ediyor\/","name":"\u201cYoksulla\u015ft\u0131rma program\u0131 ac\u0131mas\u0131zca devam ediyor\u201d - Av. Deniz Can K\u0131z\u0131l","isPartOf":{"@id":"https:\/\/denizcankizil.tr\/de\/#website"},"datePublished":"2025-07-04T12:42:16+00:00","breadcrumb":{"@id":"https:\/\/denizcankizil.tr\/uk\/haberler\/gundem\/yoksullastirma-programi-acimasizca-devam-ediyor\/#breadcrumb"},"inLanguage":"en-GB","potentialAction":[{"@type":"ReadAction","target":["https:\/\/denizcankizil.tr\/uk\/haberler\/gundem\/yoksullastirma-programi-acimasizca-devam-ediyor\/"]}]},{"@type":"BreadcrumbList","@id":"https:\/\/denizcankizil.tr\/uk\/haberler\/gundem\/yoksullastirma-programi-acimasizca-devam-ediyor\/#breadcrumb","itemListElement":[{"@type":"ListItem","position":1,"name":"Home","item":"https:\/\/denizcankizil.tr\/de\/"},{"@type":"ListItem","position":2,"name":"\u201cYoksulla\u015ft\u0131rma program\u0131 ac\u0131mas\u0131zca devam ediyor\u201d"}]},{"@type":"WebSite","@id":"https:\/\/denizcankizil.tr\/de\/#website","url":"https:\/\/denizcankizil.tr\/de\/","name":"Av. Deniz Can K\u0131z\u0131l","description":"Avukat Deniz Can K\u0131z\u0131l Antalya Barosu","publisher":{"@id":"https:\/\/denizcankizil.tr\/de\/#organization"},"potentialAction":[{"@type":"SearchAction","target":{"@type":"EntryPoint","urlTemplate":"https:\/\/denizcankizil.tr\/de\/?s={search_term_string}"},"query-input":{"@type":"PropertyValueSpecification","valueRequired":true,"valueName":"search_term_string"}}],"inLanguage":"en-GB"},{"@type":"Organization","@id":"https:\/\/denizcankizil.tr\/de\/#organization","name":"Av. Deniz Can K\u0131z\u0131l","url":"https:\/\/denizcankizil.tr\/de\/","logo":{"@type":"ImageObject","inLanguage":"en-GB","@id":"https:\/\/denizcankizil.tr\/de\/#\/schema\/logo\/image\/","url":"https:\/\/denizcankizil.tr\/wp-content\/uploads\/2024\/10\/siyah-logo-svg.svg","contentUrl":"https:\/\/denizcankizil.tr\/wp-content\/uploads\/2024\/10\/siyah-logo-svg.svg","width":1080,"height":1080,"caption":"Av. Deniz Can K\u0131z\u0131l"},"image":{"@id":"https:\/\/denizcankizil.tr\/de\/#\/schema\/logo\/image\/"}},{"@type":"Person","@id":"https:\/\/denizcankizil.tr\/de\/#\/schema\/person\/be3c05fe6a12686905512445d8185489","name":"admin","image":{"@type":"ImageObject","inLanguage":"en-GB","@id":"https:\/\/denizcankizil.tr\/de\/#\/schema\/person\/image\/","url":"https:\/\/secure.gravatar.com\/avatar\/c1fce94c830dc79107e174f890d7210541c4a63e8e5d816341794a2151c9d58c?s=96&d=mm&r=g","contentUrl":"https:\/\/secure.gravatar.com\/avatar\/c1fce94c830dc79107e174f890d7210541c4a63e8e5d816341794a2151c9d58c?s=96&d=mm&r=g","caption":"admin"},"sameAs":["http:\/\/denizcankizil.tr"],"url":"https:\/\/www.iskenderun.org\/yoksullastirma-programi-acimasizca-devam-ediyor"}]}},"_links":{"self":[{"href":"https:\/\/denizcankizil.tr\/en\/wp-json\/wp\/v2\/posts\/135814","targetHints":{"allow":["GET"]}}],"collection":[{"href":"https:\/\/denizcankizil.tr\/en\/wp-json\/wp\/v2\/posts"}],"about":[{"href":"https:\/\/denizcankizil.tr\/en\/wp-json\/wp\/v2\/types\/post"}],"author":[{"embeddable":true,"href":"https:\/\/denizcankizil.tr\/en\/wp-json\/wp\/v2\/users\/1"}],"replies":[{"embeddable":true,"href":"https:\/\/denizcankizil.tr\/en\/wp-json\/wp\/v2\/comments?post=135814"}],"version-history":[{"count":0,"href":"https:\/\/denizcankizil.tr\/en\/wp-json\/wp\/v2\/posts\/135814\/revisions"}],"wp:attachment":[{"href":"https:\/\/denizcankizil.tr\/en\/wp-json\/wp\/v2\/media?parent=135814"}],"wp:term":[{"taxonomy":"category","embeddable":true,"href":"https:\/\/denizcankizil.tr\/en\/wp-json\/wp\/v2\/categories?post=135814"},{"taxonomy":"post_tag","embeddable":true,"href":"https:\/\/denizcankizil.tr\/en\/wp-json\/wp\/v2\/tags?post=135814"}],"curies":[{"name":"wp","href":"https:\/\/api.w.org\/{rel}","templated":true}]}}