{"id":134879,"date":"2025-07-03T18:42:43","date_gmt":"2025-07-03T15:42:43","guid":{"rendered":"https:\/\/denizcankizil.tr\/uncategorized-tr\/bakan-yerlikaya-yanginzedelere-216-milyon-tl-destek-orman-yanginlarinda-184-konut-hasar-gordu\/"},"modified":"2025-07-03T18:42:43","modified_gmt":"2025-07-03T15:42:43","slug":"bakan-yerlikaya-yanginzedelere-216-milyon-tl-destek-orman-yanginlarinda-184-konut-hasar-gordu","status":"publish","type":"post","link":"https:\/\/denizcankizil.tr\/en\/haberler\/gundem\/bakan-yerlikaya-yanginzedelere-216-milyon-tl-destek-orman-yanginlarinda-184-konut-hasar-gordu\/","title":{"rendered":"Bakan Yerlikaya: Yang\u0131nzedelere 21,6 milyon TL destek&#8230; Orman Yang\u0131nlar\u0131nda 184 konut hasar g\u00f6rd\u00fc"},"content":{"rendered":"<p>\u0130\u00e7i\u015fleri Bakan\u0131 Ali Yerlikaya, \u0130zmir, Bilecik ve Manisa\u2019daki orman yang\u0131nlar\u0131nda 184 konutun a\u011f\u0131r hasar g\u00f6rd\u00fc\u011f\u00fcn\u00fc, afetzedelere 21.6 milyon TL yard\u0131m yap\u0131ld\u0131\u011f\u0131n\u0131 ve Bilecik\u2019te 26 aile i\u00e7in konteyner ya\u015fam alanlar\u0131 kuruldu\u011funu a\u00e7\u0131klad\u0131.ANKARA (\u0130GFA) &#8211; \u0130\u00e7i\u015fleri Bakan\u0131 Ali Yerlikaya, T\u00fcrkiye genelinde ya\u015fanan orman yang\u0131nlar\u0131n\u0131n bilan\u00e7osunu ve afetzedelere sa\u011flanan yard\u0131mlar\u0131 duyurdu.<br \/>\nYang\u0131nlar dolay\u0131s\u0131yla \u0130zmir\u2019de 110 konut, 2 i\u015f yeri ve 1 ah\u0131r; Bilecik\u2019te 69 konut, 3 i\u015f yeri ve 27 ah\u0131r; Manisa\u2019da ise 5 konut a\u011f\u0131r hasar g\u00f6rd\u00fc.<br \/>\nBakan Yerlikaya, afetzedelere bar\u0131nma, ta\u015f\u0131nma ve e\u015fya yard\u0131m\u0131 kapsam\u0131nda \u0130zmir\u2019e 14 milyon 258 bin 400 TL, Bilecik\u2019e 5 milyon 745 bin TL, Manisa\u2019ya 1 milyon 600 bin TL olmak \u00fczere toplam 21 milyon 603 bin 400 TL \u00f6deme yap\u0131ld\u0131\u011f\u0131n\u0131 a\u00e7\u0131klad\u0131.<\/p>\n<p><blockquote class=\"twitter-tweet\" data-width=\"550\" data-dnt=\"true\"><p lang=\"tr\" dir=\"ltr\">\u00dclkemiz genelinde meydana gelen orman yang\u0131nlar\u0131nda:<br><br>\ud83d\udd3b\u0130zmir ilinde 110 konut, 2 i\u015fyeri ve 1 ah\u0131r,<br><br>\ud83d\udd3bBilecik ilinde 69 konut, 3 i\u015fyeri ve 27 ah\u0131r, <br><br>\ud83d\udd3bManisa ilinde ise 5 konut yang\u0131n afetinden dolay\u0131 a\u011f\u0131r hasar g\u00f6rd\u00fc.<br><br>Yang\u0131n afetinden etkilenen afetzede vatanda\u015flar\u0131m\u0131za\u2026<\/p>&mdash; Ali Yerlikaya (@AliYerlikaya) <a href=\"https:\/\/twitter.com\/AliYerlikaya\/status\/1940695911572648106?ref_src=twsrc%5Etfw\">July 3, 2025<\/a><\/blockquote><script async src=\"https:\/\/platform.twitter.com\/widgets.js\" charset=\"utf-8\"><\/script><\/p>\n<p>B\u0130LEC\u0130K\u2019TE HIZLI BARINMA \u00c7\u00d6Z\u00dcM\u00dc<br \/>\nBilecik\u2019te yang\u0131ndan etkilenen iki k\u00f6yde, 26 ailenin ge\u00e7ici bar\u0131nma ihtiyac\u0131n\u0131 kar\u015f\u0131lamak i\u00e7in konteyner ya\u015fam alanlar\u0131 kuruldu\u011funu duyuran Bakan Yerlikaya, &#8220;Konteynerler, klima, buzdolab\u0131, yatak, ranza, nevresim tak\u0131m\u0131, battaniye, mutfak seti, termosifon ve ocak gibi temel ihtiya\u00e7larla donat\u0131ld\u0131. Yang\u0131n\u0131n 30 Haziran 2025\u2019te kontrol alt\u0131na al\u0131nmas\u0131n\u0131n ard\u0131ndan, sadece 4 g\u00fcn i\u00e7inde, 3 Temmuz 2025 itibar\u0131yla konteynerlerin kurulumu tamamlanarak afetzedeler yerle\u015ftirilmeye ba\u015fland\u0131&#8221; dedi.<br \/>\nYang\u0131ndan etkilenen vatanda\u015flara &#8216;ge\u00e7mi\u015f olsun&#8217; dileklerini ileten Bakan Yerlikaya, \u201cDevletimiz t\u00fcm kurumlar\u0131yla afetzedelerin yan\u0131ndad\u0131r. Allah her t\u00fcrl\u00fc afetten \u00fclkemizi ve milletimizi korusun\u201d dedi.<br \/>\nBakan Yerlikaya, payla\u015f\u0131m\u0131nda, \u0130zmir ve Bilecik\u2019teki yang\u0131n b\u00f6lgeleri \u201cGenel Hayata Etkili Afet B\u00f6lgesi\u201d ilan edildi\u011fini ve bu illere toplam 62 milyon TL acil yard\u0131m \u00f6dene\u011fi g\u00f6nderildi\u011fini belirtirken, yang\u0131nlarda hayat\u0131n\u0131 kaybeden olmad\u0131\u011f\u0131, 203 vatanda\u015f\u0131n ise dumandan etkilenerek tedavi g\u00f6rd\u00fc\u011f\u00fc ve taburcu edildi\u011fini kaydetti.<\/p>\n<p>\u200b\u0130\u00e7i\u015fleri Bakan\u0131 Ali Yerlikaya, \u0130zmir, Bilecik ve Manisa\u2019daki orman yang\u0131nlar\u0131nda 184 konutun a\u011f\u0131r hasar g\u00f6rd\u00fc\u011f\u00fcn\u00fc, afetzedelere 21.6 milyon TL yard\u0131m yap\u0131ld\u0131\u011f\u0131n\u0131 ve Bilecik\u2019te 26 aile i\u00e7in konteyner ya\u015fam alanlar\u0131 kuruldu\u011funu a\u00e7\u0131klad\u0131.ANKARA (\u0130GFA) &#8211; \u0130\u00e7i\u015fleri Bakan\u0131 Ali Yerlikaya, T\u00fcrkiye genelinde ya\u015fanan orman yang\u0131nlar\u0131n\u0131n bilan\u00e7osunu ve afetzedelere sa\u011flanan yard\u0131mlar\u0131 duyurdu.<br \/>\nYang\u0131nlar dolay\u0131s\u0131yla \u0130zmir\u2019de 110 konut, 2 i\u015f yeri ve 1 ah\u0131r; Bilecik\u2019te 69 konut, 3 i\u015f yeri ve 27 ah\u0131r; Manisa\u2019da ise 5 konut a\u011f\u0131r hasar g\u00f6rd\u00fc.<br \/>\nBakan Yerlikaya, afetzedelere bar\u0131nma, ta\u015f\u0131nma ve e\u015fya yard\u0131m\u0131 kapsam\u0131nda \u0130zmir\u2019e 14 milyon 258 bin 400 TL, Bilecik\u2019e 5 milyon 745 bin TL, Manisa\u2019ya 1 milyon 600 bin TL olmak \u00fczere toplam 21 milyon 603 bin 400 TL \u00f6deme yap\u0131ld\u0131\u011f\u0131n\u0131 a\u00e7\u0131klad\u0131.<\/p>\n<p><blockquote class=\"twitter-tweet\" data-width=\"550\" data-dnt=\"true\"><p lang=\"tr\" dir=\"ltr\">\u00dclkemiz genelinde meydana gelen orman yang\u0131nlar\u0131nda:<br><br>\ud83d\udd3b\u0130zmir ilinde 110 konut, 2 i\u015fyeri ve 1 ah\u0131r,<br><br>\ud83d\udd3bBilecik ilinde 69 konut, 3 i\u015fyeri ve 27 ah\u0131r, <br><br>\ud83d\udd3bManisa ilinde ise 5 konut yang\u0131n afetinden dolay\u0131 a\u011f\u0131r hasar g\u00f6rd\u00fc.<br><br>Yang\u0131n afetinden etkilenen afetzede vatanda\u015flar\u0131m\u0131za\u2026<\/p>&mdash; Ali Yerlikaya (@AliYerlikaya) <a href=\"https:\/\/twitter.com\/AliYerlikaya\/status\/1940695911572648106?ref_src=twsrc%5Etfw\">July 3, 2025<\/a><\/blockquote><script async src=\"https:\/\/platform.twitter.com\/widgets.js\" charset=\"utf-8\"><\/script><\/p>\n<p>B\u0130LEC\u0130K\u2019TE HIZLI BARINMA \u00c7\u00d6Z\u00dcM\u00dc<br \/>\nBilecik\u2019te yang\u0131ndan etkilenen iki k\u00f6yde, 26 ailenin ge\u00e7ici bar\u0131nma ihtiyac\u0131n\u0131 kar\u015f\u0131lamak i\u00e7in konteyner ya\u015fam alanlar\u0131 kuruldu\u011funu duyuran Bakan Yerlikaya, &#8220;Konteynerler, klima, buzdolab\u0131, yatak, ranza, nevresim tak\u0131m\u0131, battaniye, mutfak seti, termosifon ve ocak gibi temel ihtiya\u00e7larla donat\u0131ld\u0131. Yang\u0131n\u0131n 30 Haziran 2025\u2019te kontrol alt\u0131na al\u0131nmas\u0131n\u0131n ard\u0131ndan, sadece 4 g\u00fcn i\u00e7inde, 3 Temmuz 2025 itibar\u0131yla konteynerlerin kurulumu tamamlanarak afetzedeler yerle\u015ftirilmeye ba\u015fland\u0131&#8221; dedi.<br \/>\nYang\u0131ndan etkilenen vatanda\u015flara &#8216;ge\u00e7mi\u015f olsun&#8217; dileklerini ileten Bakan Yerlikaya, \u201cDevletimiz t\u00fcm kurumlar\u0131yla afetzedelerin yan\u0131ndad\u0131r. Allah her t\u00fcrl\u00fc afetten \u00fclkemizi ve milletimizi korusun\u201d dedi.<br \/>\nBakan Yerlikaya, payla\u015f\u0131m\u0131nda, \u0130zmir ve Bilecik\u2019teki yang\u0131n b\u00f6lgeleri \u201cGenel Hayata Etkili Afet B\u00f6lgesi\u201d ilan edildi\u011fini ve bu illere toplam 62 milyon TL acil yard\u0131m \u00f6dene\u011fi g\u00f6nderildi\u011fini belirtirken, yang\u0131nlarda hayat\u0131n\u0131 kaybeden olmad\u0131\u011f\u0131, 203 vatanda\u015f\u0131n ise dumandan etkilenerek tedavi g\u00f6rd\u00fc\u011f\u00fc ve taburcu edildi\u011fini kaydetti.\u00a0<\/p>\n<p>\u200bHaberin Al\u0131nt\u0131land\u0131\u011f\u0131 Kaynak: www.iskenderun.org<\/p>","protected":false},"excerpt":{"rendered":"<p>\u0130\u00e7i\u015fleri Bakan\u0131 Ali Yerlikaya, \u0130zmir, Bilecik ve Manisa\u2019daki orman yang\u0131nlar\u0131nda 184 konutun a\u011f\u0131r hasar g\u00f6rd\u00fc\u011f\u00fcn\u00fc, afetzedelere 21.6 milyon TL yard\u0131m yap\u0131ld\u0131\u011f\u0131n\u0131 ve Bilecik\u2019te 26 aile i\u00e7in konteyner ya\u015fam alanlar\u0131 kuruldu\u011funu a\u00e7\u0131klad\u0131.ANKARA (\u0130GFA) &#8211; \u0130\u00e7i\u015fleri Bakan\u0131 Ali Yerlikaya, T\u00fcrkiye genelinde ya\u015fanan orman yang\u0131nlar\u0131n\u0131n bilan\u00e7osunu ve afetzedelere sa\u011flanan yard\u0131mlar\u0131 duyurdu. Yang\u0131nlar dolay\u0131s\u0131yla \u0130zmir\u2019de 110 konut, 2 i\u015f yeri ve 1 ah\u0131r; Bilecik\u2019te 69 konut, 3 i\u015f yeri ve 27 ah\u0131r; Manisa\u2019da ise 5 konut a\u011f\u0131r hasar g\u00f6rd\u00fc. Bakan Yerlikaya, afetzedelere bar\u0131nma, ta\u015f\u0131nma ve e\u015fya yard\u0131m\u0131 kapsam\u0131nda \u0130zmir\u2019e 14 milyon 258 bin 400 TL, Bilecik\u2019e 5 milyon 745 bin TL, Manisa\u2019ya 1 milyon 600 bin TL olmak \u00fczere toplam 21 milyon 603 bin 400 TL \u00f6deme yap\u0131ld\u0131\u011f\u0131n\u0131 a\u00e7\u0131klad\u0131. \u00dclkemiz genelinde meydana gelen orman yang\u0131nlar\u0131nda: \ud83d\udd3b\u0130zmir ilinde 110 konut, 2 i\u015fyeri ve 1 ah\u0131r, \ud83d\udd3bBilecik ilinde 69 konut, 3 i\u015fyeri ve 27 ah\u0131r, \ud83d\udd3bManisa ilinde ise 5 konut yang\u0131n afetinden dolay\u0131 a\u011f\u0131r hasar g\u00f6rd\u00fc. Yang\u0131n afetinden etkilenen afetzede vatanda\u015flar\u0131m\u0131za\u2026 &mdash; Ali Yerlikaya (@AliYerlikaya) July 3, 2025 B\u0130LEC\u0130K\u2019TE HIZLI BARINMA \u00c7\u00d6Z\u00dcM\u00dc Bilecik\u2019te yang\u0131ndan etkilenen iki k\u00f6yde, 26 ailenin ge\u00e7ici bar\u0131nma ihtiyac\u0131n\u0131 kar\u015f\u0131lamak i\u00e7in konteyner ya\u015fam alanlar\u0131 kuruldu\u011funu duyuran Bakan Yerlikaya, &#8220;Konteynerler, klima, buzdolab\u0131, yatak, ranza, nevresim tak\u0131m\u0131, battaniye, mutfak seti, termosifon ve ocak gibi temel &hellip;<\/p>","protected":false},"author":1,"featured_media":0,"comment_status":"","ping_status":"open","sticky":false,"template":"","format":"standard","meta":{"_acf_changed":false,"footnotes":""},"categories":[24],"tags":[],"class_list":["post-134879","post","type-post","status-publish","format-standard","has-post-thumbnail","hentry","category-gundem"],"acf":[],"yoast_head":"<!-- This site is optimized with the Yoast SEO Premium plugin v26.6 (Yoast SEO v27.1.1) - https:\/\/yoast.com\/product\/yoast-seo-premium-wordpress\/ -->\n<title>Bakan Yerlikaya: Yang\u0131nzedelere 21,6 milyon TL destek... Orman Yang\u0131nlar\u0131nda 184 konut hasar g\u00f6rd\u00fc - Av. Deniz Can K\u0131z\u0131l<\/title>\n<meta name=\"robots\" content=\"index, follow, max-snippet:-1, max-image-preview:large, max-video-preview:-1\" \/>\n<link rel=\"canonical\" href=\"https:\/\/denizcankizil.tr\/en\/haberler\/gundem\/bakan-yerlikaya-yanginzedelere-216-milyon-tl-destek-orman-yanginlarinda-184-konut-hasar-gordu\/\" \/>\n<meta property=\"og:locale\" content=\"en_GB\" \/>\n<meta property=\"og:type\" content=\"article\" \/>\n<meta property=\"og:title\" content=\"Bakan Yerlikaya: Yang\u0131nzedelere 21,6 milyon TL destek... Orman Yang\u0131nlar\u0131nda 184 konut hasar g\u00f6rd\u00fc\" \/>\n<meta property=\"og:description\" content=\"\u0130\u00e7i\u015fleri Bakan\u0131 Ali Yerlikaya, \u0130zmir, Bilecik ve Manisa\u2019daki orman yang\u0131nlar\u0131nda 184 konutun a\u011f\u0131r hasar g\u00f6rd\u00fc\u011f\u00fcn\u00fc, afetzedelere 21.6 milyon TL yard\u0131m yap\u0131ld\u0131\u011f\u0131n\u0131 ve Bilecik\u2019te 26 aile i\u00e7in konteyner ya\u015fam alanlar\u0131 kuruldu\u011funu a\u00e7\u0131klad\u0131.ANKARA (\u0130GFA) &#8211; \u0130\u00e7i\u015fleri Bakan\u0131 Ali Yerlikaya, T\u00fcrkiye genelinde ya\u015fanan orman yang\u0131nlar\u0131n\u0131n bilan\u00e7osunu ve afetzedelere sa\u011flanan yard\u0131mlar\u0131 duyurdu. Yang\u0131nlar dolay\u0131s\u0131yla \u0130zmir\u2019de 110 konut, 2 i\u015f yeri ve 1 ah\u0131r; Bilecik\u2019te 69 konut, 3 i\u015f yeri ve 27 ah\u0131r; Manisa\u2019da ise 5 konut a\u011f\u0131r hasar g\u00f6rd\u00fc. Bakan Yerlikaya, afetzedelere bar\u0131nma, ta\u015f\u0131nma ve e\u015fya yard\u0131m\u0131 kapsam\u0131nda \u0130zmir\u2019e 14 milyon 258 bin 400 TL, Bilecik\u2019e 5 milyon 745 bin TL, Manisa\u2019ya 1 milyon 600 bin TL olmak \u00fczere toplam 21 milyon 603 bin 400 TL \u00f6deme yap\u0131ld\u0131\u011f\u0131n\u0131 a\u00e7\u0131klad\u0131. \u00dclkemiz genelinde meydana gelen orman yang\u0131nlar\u0131nda: \ud83d\udd3b\u0130zmir ilinde 110 konut, 2 i\u015fyeri ve 1 ah\u0131r, \ud83d\udd3bBilecik ilinde 69 konut, 3 i\u015fyeri ve 27 ah\u0131r, \ud83d\udd3bManisa ilinde ise 5 konut yang\u0131n afetinden dolay\u0131 a\u011f\u0131r hasar g\u00f6rd\u00fc. Yang\u0131n afetinden etkilenen afetzede vatanda\u015flar\u0131m\u0131za\u2026 &mdash; Ali Yerlikaya (@AliYerlikaya) July 3, 2025 B\u0130LEC\u0130K\u2019TE HIZLI BARINMA \u00c7\u00d6Z\u00dcM\u00dc Bilecik\u2019te yang\u0131ndan etkilenen iki k\u00f6yde, 26 ailenin ge\u00e7ici bar\u0131nma ihtiyac\u0131n\u0131 kar\u015f\u0131lamak i\u00e7in konteyner ya\u015fam alanlar\u0131 kuruldu\u011funu duyuran Bakan Yerlikaya, &#8220;Konteynerler, klima, buzdolab\u0131, yatak, ranza, nevresim tak\u0131m\u0131, battaniye, mutfak seti, termosifon ve ocak gibi temel &hellip;\" \/>\n<meta property=\"og:url\" content=\"https:\/\/denizcankizil.tr\/en\/haberler\/gundem\/bakan-yerlikaya-yanginzedelere-216-milyon-tl-destek-orman-yanginlarinda-184-konut-hasar-gordu\/\" \/>\n<meta property=\"og:site_name\" content=\"Av. Deniz Can K\u0131z\u0131l\" \/>\n<meta property=\"article:published_time\" content=\"2025-07-03T15:42:43+00:00\" \/>\n<meta name=\"author\" content=\"admin\" \/>\n<meta name=\"twitter:card\" content=\"summary_large_image\" \/>\n<meta name=\"twitter:label1\" content=\"Written by\" \/>\n\t<meta name=\"twitter:data1\" content=\"admin\" \/>\n\t<meta name=\"twitter:label2\" content=\"Estimated reading time\" \/>\n\t<meta name=\"twitter:data2\" content=\"3 minutes\" \/>\n<script type=\"application\/ld+json\" class=\"yoast-schema-graph\">{\"@context\":\"https:\/\/schema.org\",\"@graph\":[{\"@type\":\"Article\",\"@id\":\"https:\/\/denizcankizil.tr\/en\/haberler\/gundem\/bakan-yerlikaya-yanginzedelere-216-milyon-tl-destek-orman-yanginlarinda-184-konut-hasar-gordu\/#article\",\"isPartOf\":{\"@id\":\"https:\/\/denizcankizil.tr\/en\/haberler\/gundem\/bakan-yerlikaya-yanginzedelere-216-milyon-tl-destek-orman-yanginlarinda-184-konut-hasar-gordu\/\"},\"author\":{\"name\":\"admin\",\"@id\":\"https:\/\/denizcankizil.tr\/#\/schema\/person\/be3c05fe6a12686905512445d8185489\"},\"headline\":\"Bakan Yerlikaya: Yang\u0131nzedelere 21,6 milyon TL destek&#8230; Orman Yang\u0131nlar\u0131nda 184 konut hasar g\u00f6rd\u00fc\",\"datePublished\":\"2025-07-03T15:42:43+00:00\",\"mainEntityOfPage\":{\"@id\":\"https:\/\/denizcankizil.tr\/en\/haberler\/gundem\/bakan-yerlikaya-yanginzedelere-216-milyon-tl-destek-orman-yanginlarinda-184-konut-hasar-gordu\/\"},\"wordCount\":663,\"publisher\":{\"@id\":\"https:\/\/denizcankizil.tr\/#organization\"},\"articleSection\":[\"G\u00fcndem\"],\"inLanguage\":\"en-GB\"},{\"@type\":\"WebPage\",\"@id\":\"https:\/\/denizcankizil.tr\/en\/haberler\/gundem\/bakan-yerlikaya-yanginzedelere-216-milyon-tl-destek-orman-yanginlarinda-184-konut-hasar-gordu\/\",\"url\":\"https:\/\/denizcankizil.tr\/en\/haberler\/gundem\/bakan-yerlikaya-yanginzedelere-216-milyon-tl-destek-orman-yanginlarinda-184-konut-hasar-gordu\/\",\"name\":\"Bakan Yerlikaya: Yang\u0131nzedelere 21,6 milyon TL destek... Orman Yang\u0131nlar\u0131nda 184 konut hasar g\u00f6rd\u00fc - Av. Deniz Can K\u0131z\u0131l\",\"isPartOf\":{\"@id\":\"https:\/\/denizcankizil.tr\/#website\"},\"datePublished\":\"2025-07-03T15:42:43+00:00\",\"breadcrumb\":{\"@id\":\"https:\/\/denizcankizil.tr\/en\/haberler\/gundem\/bakan-yerlikaya-yanginzedelere-216-milyon-tl-destek-orman-yanginlarinda-184-konut-hasar-gordu\/#breadcrumb\"},\"inLanguage\":\"en-GB\",\"potentialAction\":[{\"@type\":\"ReadAction\",\"target\":[\"https:\/\/denizcankizil.tr\/en\/haberler\/gundem\/bakan-yerlikaya-yanginzedelere-216-milyon-tl-destek-orman-yanginlarinda-184-konut-hasar-gordu\/\"]}]},{\"@type\":\"BreadcrumbList\",\"@id\":\"https:\/\/denizcankizil.tr\/en\/haberler\/gundem\/bakan-yerlikaya-yanginzedelere-216-milyon-tl-destek-orman-yanginlarinda-184-konut-hasar-gordu\/#breadcrumb\",\"itemListElement\":[{\"@type\":\"ListItem\",\"position\":1,\"name\":\"Home\",\"item\":\"https:\/\/denizcankizil.tr\/uk\/\"},{\"@type\":\"ListItem\",\"position\":2,\"name\":\"Bakan Yerlikaya: Yang\u0131nzedelere 21,6 milyon TL destek&#8230; Orman Yang\u0131nlar\u0131nda 184 konut hasar g\u00f6rd\u00fc\"}]},{\"@type\":\"WebSite\",\"@id\":\"https:\/\/denizcankizil.tr\/#website\",\"url\":\"https:\/\/denizcankizil.tr\/\",\"name\":\"Av. Deniz Can K\u0131z\u0131l\",\"description\":\"Avukat Deniz Can K\u0131z\u0131l Antalya Barosu\",\"publisher\":{\"@id\":\"https:\/\/denizcankizil.tr\/#organization\"},\"potentialAction\":[{\"@type\":\"SearchAction\",\"target\":{\"@type\":\"EntryPoint\",\"urlTemplate\":\"https:\/\/denizcankizil.tr\/?s={search_term_string}\"},\"query-input\":{\"@type\":\"PropertyValueSpecification\",\"valueRequired\":true,\"valueName\":\"search_term_string\"}}],\"inLanguage\":\"en-GB\"},{\"@type\":\"Organization\",\"@id\":\"https:\/\/denizcankizil.tr\/#organization\",\"name\":\"Av. Deniz Can K\u0131z\u0131l\",\"url\":\"https:\/\/denizcankizil.tr\/\",\"logo\":{\"@type\":\"ImageObject\",\"inLanguage\":\"en-GB\",\"@id\":\"https:\/\/denizcankizil.tr\/#\/schema\/logo\/image\/\",\"url\":\"https:\/\/denizcankizil.tr\/wp-content\/uploads\/2024\/10\/siyah-logo-svg.svg\",\"contentUrl\":\"https:\/\/denizcankizil.tr\/wp-content\/uploads\/2024\/10\/siyah-logo-svg.svg\",\"width\":1080,\"height\":1080,\"caption\":\"Av. Deniz Can K\u0131z\u0131l\"},\"image\":{\"@id\":\"https:\/\/denizcankizil.tr\/#\/schema\/logo\/image\/\"}},{\"@type\":\"Person\",\"@id\":\"https:\/\/denizcankizil.tr\/#\/schema\/person\/be3c05fe6a12686905512445d8185489\",\"name\":\"admin\",\"image\":{\"@type\":\"ImageObject\",\"inLanguage\":\"en-GB\",\"@id\":\"https:\/\/denizcankizil.tr\/#\/schema\/person\/image\/\",\"url\":\"https:\/\/secure.gravatar.com\/avatar\/c1fce94c830dc79107e174f890d7210541c4a63e8e5d816341794a2151c9d58c?s=96&d=mm&r=g\",\"contentUrl\":\"https:\/\/secure.gravatar.com\/avatar\/c1fce94c830dc79107e174f890d7210541c4a63e8e5d816341794a2151c9d58c?s=96&d=mm&r=g\",\"caption\":\"admin\"},\"sameAs\":[\"http:\/\/denizcankizil.tr\"],\"url\":\"https:\/\/www.iskenderun.org\/bakan-yerlikaya-yanginzedelere-216-milyon-tl-destek-orman-yanginlarinda-184-konut-hasar-gordu\"}]}<\/script>\n<!-- \/ Yoast SEO Premium plugin. -->","yoast_head_json":{"title":"Bakan Yerlikaya: Yang\u0131nzedelere 21,6 milyon TL destek... Orman Yang\u0131nlar\u0131nda 184 konut hasar g\u00f6rd\u00fc - Av. Deniz Can K\u0131z\u0131l","robots":{"index":"index","follow":"follow","max-snippet":"max-snippet:-1","max-image-preview":"max-image-preview:large","max-video-preview":"max-video-preview:-1"},"canonical":"https:\/\/denizcankizil.tr\/en\/haberler\/gundem\/bakan-yerlikaya-yanginzedelere-216-milyon-tl-destek-orman-yanginlarinda-184-konut-hasar-gordu\/","og_locale":"en_GB","og_type":"article","og_title":"Bakan Yerlikaya: Yang\u0131nzedelere 21,6 milyon TL destek... Orman Yang\u0131nlar\u0131nda 184 konut hasar g\u00f6rd\u00fc","og_description":"\u0130\u00e7i\u015fleri Bakan\u0131 Ali Yerlikaya, \u0130zmir, Bilecik ve Manisa\u2019daki orman yang\u0131nlar\u0131nda 184 konutun a\u011f\u0131r hasar g\u00f6rd\u00fc\u011f\u00fcn\u00fc, afetzedelere 21.6 milyon TL yard\u0131m yap\u0131ld\u0131\u011f\u0131n\u0131 ve Bilecik\u2019te 26 aile i\u00e7in konteyner ya\u015fam alanlar\u0131 kuruldu\u011funu a\u00e7\u0131klad\u0131.ANKARA (\u0130GFA) &#8211; \u0130\u00e7i\u015fleri Bakan\u0131 Ali Yerlikaya, T\u00fcrkiye genelinde ya\u015fanan orman yang\u0131nlar\u0131n\u0131n bilan\u00e7osunu ve afetzedelere sa\u011flanan yard\u0131mlar\u0131 duyurdu. Yang\u0131nlar dolay\u0131s\u0131yla \u0130zmir\u2019de 110 konut, 2 i\u015f yeri ve 1 ah\u0131r; Bilecik\u2019te 69 konut, 3 i\u015f yeri ve 27 ah\u0131r; Manisa\u2019da ise 5 konut a\u011f\u0131r hasar g\u00f6rd\u00fc. Bakan Yerlikaya, afetzedelere bar\u0131nma, ta\u015f\u0131nma ve e\u015fya yard\u0131m\u0131 kapsam\u0131nda \u0130zmir\u2019e 14 milyon 258 bin 400 TL, Bilecik\u2019e 5 milyon 745 bin TL, Manisa\u2019ya 1 milyon 600 bin TL olmak \u00fczere toplam 21 milyon 603 bin 400 TL \u00f6deme yap\u0131ld\u0131\u011f\u0131n\u0131 a\u00e7\u0131klad\u0131. \u00dclkemiz genelinde meydana gelen orman yang\u0131nlar\u0131nda: \ud83d\udd3b\u0130zmir ilinde 110 konut, 2 i\u015fyeri ve 1 ah\u0131r, \ud83d\udd3bBilecik ilinde 69 konut, 3 i\u015fyeri ve 27 ah\u0131r, \ud83d\udd3bManisa ilinde ise 5 konut yang\u0131n afetinden dolay\u0131 a\u011f\u0131r hasar g\u00f6rd\u00fc. Yang\u0131n afetinden etkilenen afetzede vatanda\u015flar\u0131m\u0131za\u2026 &mdash; Ali Yerlikaya (@AliYerlikaya) July 3, 2025 B\u0130LEC\u0130K\u2019TE HIZLI BARINMA \u00c7\u00d6Z\u00dcM\u00dc Bilecik\u2019te yang\u0131ndan etkilenen iki k\u00f6yde, 26 ailenin ge\u00e7ici bar\u0131nma ihtiyac\u0131n\u0131 kar\u015f\u0131lamak i\u00e7in konteyner ya\u015fam alanlar\u0131 kuruldu\u011funu duyuran Bakan Yerlikaya, &#8220;Konteynerler, klima, buzdolab\u0131, yatak, ranza, nevresim tak\u0131m\u0131, battaniye, mutfak seti, termosifon ve ocak gibi temel &hellip;","og_url":"https:\/\/denizcankizil.tr\/en\/haberler\/gundem\/bakan-yerlikaya-yanginzedelere-216-milyon-tl-destek-orman-yanginlarinda-184-konut-hasar-gordu\/","og_site_name":"Av. Deniz Can K\u0131z\u0131l","article_published_time":"2025-07-03T15:42:43+00:00","author":"admin","twitter_card":"summary_large_image","twitter_misc":{"Written by":"admin","Estimated reading time":"3 minutes"},"schema":{"@context":"https:\/\/schema.org","@graph":[{"@type":"Article","@id":"https:\/\/denizcankizil.tr\/en\/haberler\/gundem\/bakan-yerlikaya-yanginzedelere-216-milyon-tl-destek-orman-yanginlarinda-184-konut-hasar-gordu\/#article","isPartOf":{"@id":"https:\/\/denizcankizil.tr\/en\/haberler\/gundem\/bakan-yerlikaya-yanginzedelere-216-milyon-tl-destek-orman-yanginlarinda-184-konut-hasar-gordu\/"},"author":{"name":"admin","@id":"https:\/\/denizcankizil.tr\/#\/schema\/person\/be3c05fe6a12686905512445d8185489"},"headline":"Bakan Yerlikaya: Yang\u0131nzedelere 21,6 milyon TL destek&#8230; Orman Yang\u0131nlar\u0131nda 184 konut hasar g\u00f6rd\u00fc","datePublished":"2025-07-03T15:42:43+00:00","mainEntityOfPage":{"@id":"https:\/\/denizcankizil.tr\/en\/haberler\/gundem\/bakan-yerlikaya-yanginzedelere-216-milyon-tl-destek-orman-yanginlarinda-184-konut-hasar-gordu\/"},"wordCount":663,"publisher":{"@id":"https:\/\/denizcankizil.tr\/#organization"},"articleSection":["G\u00fcndem"],"inLanguage":"en-GB"},{"@type":"WebPage","@id":"https:\/\/denizcankizil.tr\/en\/haberler\/gundem\/bakan-yerlikaya-yanginzedelere-216-milyon-tl-destek-orman-yanginlarinda-184-konut-hasar-gordu\/","url":"https:\/\/denizcankizil.tr\/en\/haberler\/gundem\/bakan-yerlikaya-yanginzedelere-216-milyon-tl-destek-orman-yanginlarinda-184-konut-hasar-gordu\/","name":"Bakan Yerlikaya: Yang\u0131nzedelere 21,6 milyon TL destek... Orman Yang\u0131nlar\u0131nda 184 konut hasar g\u00f6rd\u00fc - Av. Deniz Can K\u0131z\u0131l","isPartOf":{"@id":"https:\/\/denizcankizil.tr\/#website"},"datePublished":"2025-07-03T15:42:43+00:00","breadcrumb":{"@id":"https:\/\/denizcankizil.tr\/en\/haberler\/gundem\/bakan-yerlikaya-yanginzedelere-216-milyon-tl-destek-orman-yanginlarinda-184-konut-hasar-gordu\/#breadcrumb"},"inLanguage":"en-GB","potentialAction":[{"@type":"ReadAction","target":["https:\/\/denizcankizil.tr\/en\/haberler\/gundem\/bakan-yerlikaya-yanginzedelere-216-milyon-tl-destek-orman-yanginlarinda-184-konut-hasar-gordu\/"]}]},{"@type":"BreadcrumbList","@id":"https:\/\/denizcankizil.tr\/en\/haberler\/gundem\/bakan-yerlikaya-yanginzedelere-216-milyon-tl-destek-orman-yanginlarinda-184-konut-hasar-gordu\/#breadcrumb","itemListElement":[{"@type":"ListItem","position":1,"name":"Home","item":"https:\/\/denizcankizil.tr\/uk\/"},{"@type":"ListItem","position":2,"name":"Bakan Yerlikaya: Yang\u0131nzedelere 21,6 milyon TL destek&#8230; Orman Yang\u0131nlar\u0131nda 184 konut hasar g\u00f6rd\u00fc"}]},{"@type":"WebSite","@id":"https:\/\/denizcankizil.tr\/#website","url":"https:\/\/denizcankizil.tr\/","name":"Av. Deniz Can K\u0131z\u0131l","description":"Avukat Deniz Can K\u0131z\u0131l Antalya Barosu","publisher":{"@id":"https:\/\/denizcankizil.tr\/#organization"},"potentialAction":[{"@type":"SearchAction","target":{"@type":"EntryPoint","urlTemplate":"https:\/\/denizcankizil.tr\/?s={search_term_string}"},"query-input":{"@type":"PropertyValueSpecification","valueRequired":true,"valueName":"search_term_string"}}],"inLanguage":"en-GB"},{"@type":"Organization","@id":"https:\/\/denizcankizil.tr\/#organization","name":"Av. Deniz Can K\u0131z\u0131l","url":"https:\/\/denizcankizil.tr\/","logo":{"@type":"ImageObject","inLanguage":"en-GB","@id":"https:\/\/denizcankizil.tr\/#\/schema\/logo\/image\/","url":"https:\/\/denizcankizil.tr\/wp-content\/uploads\/2024\/10\/siyah-logo-svg.svg","contentUrl":"https:\/\/denizcankizil.tr\/wp-content\/uploads\/2024\/10\/siyah-logo-svg.svg","width":1080,"height":1080,"caption":"Av. Deniz Can K\u0131z\u0131l"},"image":{"@id":"https:\/\/denizcankizil.tr\/#\/schema\/logo\/image\/"}},{"@type":"Person","@id":"https:\/\/denizcankizil.tr\/#\/schema\/person\/be3c05fe6a12686905512445d8185489","name":"admin","image":{"@type":"ImageObject","inLanguage":"en-GB","@id":"https:\/\/denizcankizil.tr\/#\/schema\/person\/image\/","url":"https:\/\/secure.gravatar.com\/avatar\/c1fce94c830dc79107e174f890d7210541c4a63e8e5d816341794a2151c9d58c?s=96&d=mm&r=g","contentUrl":"https:\/\/secure.gravatar.com\/avatar\/c1fce94c830dc79107e174f890d7210541c4a63e8e5d816341794a2151c9d58c?s=96&d=mm&r=g","caption":"admin"},"sameAs":["http:\/\/denizcankizil.tr"],"url":"https:\/\/www.iskenderun.org\/bakan-yerlikaya-yanginzedelere-216-milyon-tl-destek-orman-yanginlarinda-184-konut-hasar-gordu"}]}},"_links":{"self":[{"href":"https:\/\/denizcankizil.tr\/en\/wp-json\/wp\/v2\/posts\/134879","targetHints":{"allow":["GET"]}}],"collection":[{"href":"https:\/\/denizcankizil.tr\/en\/wp-json\/wp\/v2\/posts"}],"about":[{"href":"https:\/\/denizcankizil.tr\/en\/wp-json\/wp\/v2\/types\/post"}],"author":[{"embeddable":true,"href":"https:\/\/denizcankizil.tr\/en\/wp-json\/wp\/v2\/users\/1"}],"replies":[{"embeddable":true,"href":"https:\/\/denizcankizil.tr\/en\/wp-json\/wp\/v2\/comments?post=134879"}],"version-history":[{"count":0,"href":"https:\/\/denizcankizil.tr\/en\/wp-json\/wp\/v2\/posts\/134879\/revisions"}],"wp:attachment":[{"href":"https:\/\/denizcankizil.tr\/en\/wp-json\/wp\/v2\/media?parent=134879"}],"wp:term":[{"taxonomy":"category","embeddable":true,"href":"https:\/\/denizcankizil.tr\/en\/wp-json\/wp\/v2\/categories?post=134879"},{"taxonomy":"post_tag","embeddable":true,"href":"https:\/\/denizcankizil.tr\/en\/wp-json\/wp\/v2\/tags?post=134879"}],"curies":[{"name":"wp","href":"https:\/\/api.w.org\/{rel}","templated":true}]}}