{"id":134878,"date":"2025-07-03T18:42:42","date_gmt":"2025-07-03T15:42:42","guid":{"rendered":"https:\/\/denizcankizil.tr\/uncategorized-tr\/konyada-aile-sirketlerinin-gelecegi-masaya-yatirildi\/"},"modified":"2025-07-03T18:42:42","modified_gmt":"2025-07-03T15:42:42","slug":"konyada-aile-sirketlerinin-gelecegi-masaya-yatirildi","status":"publish","type":"post","link":"https:\/\/denizcankizil.tr\/en\/haberler\/gundem\/konyada-aile-sirketlerinin-gelecegi-masaya-yatirildi\/","title":{"rendered":"Konya\u2019da aile \u015firketlerinin gelece\u011fi masaya yat\u0131r\u0131ld\u0131"},"content":{"rendered":"<p>Anadolu Aslanlar\u0131 \u0130\u015fadamlar\u0131 Derne\u011fi (ASKON) Konya \u015eubesi, i\u015f d\u00fcnyas\u0131na y\u00f6nelik fark\u0131ndal\u0131k etkinliklerine bir yenisini daha ekledi.KONYA (\u0130GFA) &#8211; \u201cAile \u015eirketleri Y\u00f6netimi\u201d ba\u015fl\u0131\u011f\u0131yla d\u00fczenlenen programda Strateji Dan\u0131\u015fman\u0131, akademisyen-yazar Dr. Kamil Bayar, kat\u0131l\u0131mc\u0131larla kurumsalla\u015fma ve s\u00fcrd\u00fcr\u00fclebilirlik temelli bilgiler payla\u015ft\u0131.<br \/>\nKonya\u2019n\u0131n merkezinden ve il\u00e7elerinden aile \u015firketi temsilcilerinin yo\u011fun ilgi g\u00f6sterdi\u011fi program, ASKON Konya Ba\u015fkan\u0131 Yusuf \u00c7imen\u2019in moderat\u00f6rl\u00fc\u011f\u00fcnde interaktif bir s\u00f6yle\u015fi olarak ger\u00e7ekle\u015fti. Kat\u0131l\u0131mc\u0131lar, daha \u00f6nceden iletilen sorular e\u015fli\u011finde T\u00fcrkiye\u2019deki \u015firket y\u00f6netimi k\u00fclt\u00fcr\u00fcn\u00fc tart\u0131\u015fma imk\u00e2n\u0131 buldu.<br \/>\nBayar konu\u015fmas\u0131nda, kurumsalla\u015fman\u0131n aile yap\u0131s\u0131na zarar vermek anlam\u0131na gelmedi\u011fini vurgulayarak, \u015fu ifadelere yer verdi: \u201cKurumsalla\u015fma, aile olmaktan vazge\u00e7mek de\u011fil; aile ba\u011flar\u0131n\u0131 zedelemeden sistemi sa\u011flamla\u015ft\u0131rmakt\u0131r.\u201d<br \/>\nKonferansta \u00f6ne \u00e7\u0131kan di\u011fer ba\u015fl\u0131klar aras\u0131nda ku\u015fak ge\u00e7i\u015fi, g\u00f6rev da\u011f\u0131l\u0131m\u0131nda liyakat esas\u0131n\u0131n \u00f6nemi ve dan\u0131\u015fmanl\u0131k hizmetlerinin \u015firketler i\u00e7in zorunluluk h\u00e2line geldi\u011fi vurgusu yer ald\u0131. Bayar, dan\u0131\u015fmanl\u0131k hizmetlerine kar\u015f\u0131 mesafeli durman\u0131n i\u015fletmelerin b\u00fcy\u00fcmesini sekteye u\u011fratabilece\u011fine dikkat \u00e7ekerek, \u015fu uyar\u0131y\u0131 yapt\u0131: \u201cGerekirse l\u00fcksten feragat edilir ama sistemden edilmemelidir.\u201d<br \/>\nEtkinli\u011fin sonunda, ASKON Konya \u015eube Ba\u015fkan\u0131 Yusuf \u00c7imen taraf\u0131ndan Dr. Kamil Bayar ad\u0131na Gazze\u2019ye yap\u0131lan ba\u011f\u0131\u015f\u0131n sertifikas\u0131 g\u00fcn\u00fcn an\u0131s\u0131na kendisine takdim edildi.<\/p>\n<p>\u200bAnadolu Aslanlar\u0131 \u0130\u015fadamlar\u0131 Derne\u011fi (ASKON) Konya \u015eubesi, i\u015f d\u00fcnyas\u0131na y\u00f6nelik fark\u0131ndal\u0131k etkinliklerine bir yenisini daha ekledi.KONYA (\u0130GFA) &#8211; \u201cAile \u015eirketleri Y\u00f6netimi\u201d ba\u015fl\u0131\u011f\u0131yla d\u00fczenlenen programda Strateji Dan\u0131\u015fman\u0131, akademisyen-yazar Dr. Kamil Bayar, kat\u0131l\u0131mc\u0131larla kurumsalla\u015fma ve s\u00fcrd\u00fcr\u00fclebilirlik temelli bilgiler payla\u015ft\u0131.<br \/>\nKonya\u2019n\u0131n merkezinden ve il\u00e7elerinden aile \u015firketi temsilcilerinin yo\u011fun ilgi g\u00f6sterdi\u011fi program, ASKON Konya Ba\u015fkan\u0131 Yusuf \u00c7imen\u2019in moderat\u00f6rl\u00fc\u011f\u00fcnde interaktif bir s\u00f6yle\u015fi olarak ger\u00e7ekle\u015fti. Kat\u0131l\u0131mc\u0131lar, daha \u00f6nceden iletilen sorular e\u015fli\u011finde T\u00fcrkiye\u2019deki \u015firket y\u00f6netimi k\u00fclt\u00fcr\u00fcn\u00fc tart\u0131\u015fma imk\u00e2n\u0131 buldu.<br \/>\nBayar konu\u015fmas\u0131nda, kurumsalla\u015fman\u0131n aile yap\u0131s\u0131na zarar vermek anlam\u0131na gelmedi\u011fini vurgulayarak, \u015fu ifadelere yer verdi: \u201cKurumsalla\u015fma, aile olmaktan vazge\u00e7mek de\u011fil; aile ba\u011flar\u0131n\u0131 zedelemeden sistemi sa\u011flamla\u015ft\u0131rmakt\u0131r.\u201d<br \/>\nKonferansta \u00f6ne \u00e7\u0131kan di\u011fer ba\u015fl\u0131klar aras\u0131nda ku\u015fak ge\u00e7i\u015fi, g\u00f6rev da\u011f\u0131l\u0131m\u0131nda liyakat esas\u0131n\u0131n \u00f6nemi ve dan\u0131\u015fmanl\u0131k hizmetlerinin \u015firketler i\u00e7in zorunluluk h\u00e2line geldi\u011fi vurgusu yer ald\u0131. Bayar, dan\u0131\u015fmanl\u0131k hizmetlerine kar\u015f\u0131 mesafeli durman\u0131n i\u015fletmelerin b\u00fcy\u00fcmesini sekteye u\u011fratabilece\u011fine dikkat \u00e7ekerek, \u015fu uyar\u0131y\u0131 yapt\u0131: \u201cGerekirse l\u00fcksten feragat edilir ama sistemden edilmemelidir.\u201d<br \/>\nEtkinli\u011fin sonunda, ASKON Konya \u015eube Ba\u015fkan\u0131 Yusuf \u00c7imen taraf\u0131ndan Dr. Kamil Bayar ad\u0131na Gazze\u2019ye yap\u0131lan ba\u011f\u0131\u015f\u0131n sertifikas\u0131 g\u00fcn\u00fcn an\u0131s\u0131na kendisine takdim edildi.\u00a0<\/p>\n<p>\u200bHaberin Al\u0131nt\u0131land\u0131\u011f\u0131 Kaynak: www.iskenderun.org<\/p>","protected":false},"excerpt":{"rendered":"<p>Anadolu Aslanlar\u0131 \u0130\u015fadamlar\u0131 Derne\u011fi (ASKON) Konya \u015eubesi, i\u015f d\u00fcnyas\u0131na y\u00f6nelik fark\u0131ndal\u0131k etkinliklerine bir yenisini daha ekledi.KONYA (\u0130GFA) &#8211; \u201cAile \u015eirketleri Y\u00f6netimi\u201d ba\u015fl\u0131\u011f\u0131yla d\u00fczenlenen programda Strateji Dan\u0131\u015fman\u0131, akademisyen-yazar Dr. Kamil Bayar, kat\u0131l\u0131mc\u0131larla kurumsalla\u015fma ve s\u00fcrd\u00fcr\u00fclebilirlik temelli bilgiler payla\u015ft\u0131. Konya\u2019n\u0131n merkezinden ve il\u00e7elerinden aile \u015firketi temsilcilerinin yo\u011fun ilgi g\u00f6sterdi\u011fi program, ASKON Konya Ba\u015fkan\u0131 Yusuf \u00c7imen\u2019in moderat\u00f6rl\u00fc\u011f\u00fcnde interaktif bir s\u00f6yle\u015fi olarak ger\u00e7ekle\u015fti. Kat\u0131l\u0131mc\u0131lar, daha \u00f6nceden iletilen sorular e\u015fli\u011finde T\u00fcrkiye\u2019deki \u015firket y\u00f6netimi k\u00fclt\u00fcr\u00fcn\u00fc tart\u0131\u015fma imk\u00e2n\u0131 buldu. Bayar konu\u015fmas\u0131nda, kurumsalla\u015fman\u0131n aile yap\u0131s\u0131na zarar vermek anlam\u0131na gelmedi\u011fini vurgulayarak, \u015fu ifadelere yer verdi: \u201cKurumsalla\u015fma, aile olmaktan vazge\u00e7mek de\u011fil; aile ba\u011flar\u0131n\u0131 zedelemeden sistemi sa\u011flamla\u015ft\u0131rmakt\u0131r.\u201d Konferansta \u00f6ne \u00e7\u0131kan di\u011fer ba\u015fl\u0131klar aras\u0131nda ku\u015fak ge\u00e7i\u015fi, g\u00f6rev da\u011f\u0131l\u0131m\u0131nda liyakat esas\u0131n\u0131n \u00f6nemi ve dan\u0131\u015fmanl\u0131k hizmetlerinin \u015firketler i\u00e7in zorunluluk h\u00e2line geldi\u011fi vurgusu yer ald\u0131. Bayar, dan\u0131\u015fmanl\u0131k hizmetlerine kar\u015f\u0131 mesafeli durman\u0131n i\u015fletmelerin b\u00fcy\u00fcmesini sekteye u\u011fratabilece\u011fine dikkat \u00e7ekerek, \u015fu uyar\u0131y\u0131 yapt\u0131: \u201cGerekirse l\u00fcksten feragat edilir ama sistemden edilmemelidir.\u201d Etkinli\u011fin sonunda, ASKON Konya \u015eube Ba\u015fkan\u0131 Yusuf \u00c7imen taraf\u0131ndan Dr. Kamil Bayar ad\u0131na Gazze\u2019ye yap\u0131lan ba\u011f\u0131\u015f\u0131n sertifikas\u0131 g\u00fcn\u00fcn an\u0131s\u0131na kendisine takdim edildi. \u200bAnadolu Aslanlar\u0131 \u0130\u015fadamlar\u0131 Derne\u011fi (ASKON) Konya \u015eubesi, i\u015f d\u00fcnyas\u0131na y\u00f6nelik fark\u0131ndal\u0131k etkinliklerine bir yenisini daha ekledi.KONYA (\u0130GFA) &#8211; \u201cAile \u015eirketleri Y\u00f6netimi\u201d ba\u015fl\u0131\u011f\u0131yla d\u00fczenlenen programda Strateji Dan\u0131\u015fman\u0131, akademisyen-yazar Dr. Kamil Bayar, kat\u0131l\u0131mc\u0131larla kurumsalla\u015fma ve s\u00fcrd\u00fcr\u00fclebilirlik temelli bilgiler &hellip;<\/p>","protected":false},"author":1,"featured_media":0,"comment_status":"","ping_status":"open","sticky":false,"template":"","format":"standard","meta":{"_acf_changed":false,"footnotes":""},"categories":[24],"tags":[],"class_list":["post-134878","post","type-post","status-publish","format-standard","has-post-thumbnail","hentry","category-gundem"],"acf":[],"yoast_head":"<!-- This site is optimized with the Yoast SEO Premium plugin v26.6 (Yoast SEO v27.1.1) - https:\/\/yoast.com\/product\/yoast-seo-premium-wordpress\/ -->\n<title>Konya\u2019da aile \u015firketlerinin gelece\u011fi masaya yat\u0131r\u0131ld\u0131 - Av. Deniz Can K\u0131z\u0131l<\/title>\n<meta name=\"robots\" content=\"index, follow, max-snippet:-1, max-image-preview:large, max-video-preview:-1\" \/>\n<link rel=\"canonical\" href=\"https:\/\/denizcankizil.tr\/en\/haberler\/gundem\/konyada-aile-sirketlerinin-gelecegi-masaya-yatirildi\/\" \/>\n<meta property=\"og:locale\" content=\"en_GB\" \/>\n<meta property=\"og:type\" content=\"article\" \/>\n<meta property=\"og:title\" content=\"Konya\u2019da aile \u015firketlerinin gelece\u011fi masaya yat\u0131r\u0131ld\u0131\" \/>\n<meta property=\"og:description\" content=\"Anadolu Aslanlar\u0131 \u0130\u015fadamlar\u0131 Derne\u011fi (ASKON) Konya \u015eubesi, i\u015f d\u00fcnyas\u0131na y\u00f6nelik fark\u0131ndal\u0131k etkinliklerine bir yenisini daha ekledi.KONYA (\u0130GFA) &#8211; \u201cAile \u015eirketleri Y\u00f6netimi\u201d ba\u015fl\u0131\u011f\u0131yla d\u00fczenlenen programda Strateji Dan\u0131\u015fman\u0131, akademisyen-yazar Dr. Kamil Bayar, kat\u0131l\u0131mc\u0131larla kurumsalla\u015fma ve s\u00fcrd\u00fcr\u00fclebilirlik temelli bilgiler payla\u015ft\u0131. Konya\u2019n\u0131n merkezinden ve il\u00e7elerinden aile \u015firketi temsilcilerinin yo\u011fun ilgi g\u00f6sterdi\u011fi program, ASKON Konya Ba\u015fkan\u0131 Yusuf \u00c7imen\u2019in moderat\u00f6rl\u00fc\u011f\u00fcnde interaktif bir s\u00f6yle\u015fi olarak ger\u00e7ekle\u015fti. Kat\u0131l\u0131mc\u0131lar, daha \u00f6nceden iletilen sorular e\u015fli\u011finde T\u00fcrkiye\u2019deki \u015firket y\u00f6netimi k\u00fclt\u00fcr\u00fcn\u00fc tart\u0131\u015fma imk\u00e2n\u0131 buldu. Bayar konu\u015fmas\u0131nda, kurumsalla\u015fman\u0131n aile yap\u0131s\u0131na zarar vermek anlam\u0131na gelmedi\u011fini vurgulayarak, \u015fu ifadelere yer verdi: \u201cKurumsalla\u015fma, aile olmaktan vazge\u00e7mek de\u011fil; aile ba\u011flar\u0131n\u0131 zedelemeden sistemi sa\u011flamla\u015ft\u0131rmakt\u0131r.\u201d Konferansta \u00f6ne \u00e7\u0131kan di\u011fer ba\u015fl\u0131klar aras\u0131nda ku\u015fak ge\u00e7i\u015fi, g\u00f6rev da\u011f\u0131l\u0131m\u0131nda liyakat esas\u0131n\u0131n \u00f6nemi ve dan\u0131\u015fmanl\u0131k hizmetlerinin \u015firketler i\u00e7in zorunluluk h\u00e2line geldi\u011fi vurgusu yer ald\u0131. Bayar, dan\u0131\u015fmanl\u0131k hizmetlerine kar\u015f\u0131 mesafeli durman\u0131n i\u015fletmelerin b\u00fcy\u00fcmesini sekteye u\u011fratabilece\u011fine dikkat \u00e7ekerek, \u015fu uyar\u0131y\u0131 yapt\u0131: \u201cGerekirse l\u00fcksten feragat edilir ama sistemden edilmemelidir.\u201d Etkinli\u011fin sonunda, ASKON Konya \u015eube Ba\u015fkan\u0131 Yusuf \u00c7imen taraf\u0131ndan Dr. Kamil Bayar ad\u0131na Gazze\u2019ye yap\u0131lan ba\u011f\u0131\u015f\u0131n sertifikas\u0131 g\u00fcn\u00fcn an\u0131s\u0131na kendisine takdim edildi. \u200bAnadolu Aslanlar\u0131 \u0130\u015fadamlar\u0131 Derne\u011fi (ASKON) Konya \u015eubesi, i\u015f d\u00fcnyas\u0131na y\u00f6nelik fark\u0131ndal\u0131k etkinliklerine bir yenisini daha ekledi.KONYA (\u0130GFA) &#8211; \u201cAile \u015eirketleri Y\u00f6netimi\u201d ba\u015fl\u0131\u011f\u0131yla d\u00fczenlenen programda Strateji Dan\u0131\u015fman\u0131, akademisyen-yazar Dr. Kamil Bayar, kat\u0131l\u0131mc\u0131larla kurumsalla\u015fma ve s\u00fcrd\u00fcr\u00fclebilirlik temelli bilgiler &hellip;\" \/>\n<meta property=\"og:url\" content=\"https:\/\/denizcankizil.tr\/en\/haberler\/gundem\/konyada-aile-sirketlerinin-gelecegi-masaya-yatirildi\/\" \/>\n<meta property=\"og:site_name\" content=\"Av. Deniz Can K\u0131z\u0131l\" \/>\n<meta property=\"article:published_time\" content=\"2025-07-03T15:42:42+00:00\" \/>\n<meta name=\"author\" content=\"admin\" \/>\n<meta name=\"twitter:card\" content=\"summary_large_image\" \/>\n<meta name=\"twitter:label1\" content=\"Written by\" \/>\n\t<meta name=\"twitter:data1\" content=\"admin\" \/>\n\t<meta name=\"twitter:label2\" content=\"Estimated reading time\" \/>\n\t<meta name=\"twitter:data2\" content=\"3 minutes\" \/>\n<script type=\"application\/ld+json\" class=\"yoast-schema-graph\">{\"@context\":\"https:\/\/schema.org\",\"@graph\":[{\"@type\":\"Article\",\"@id\":\"https:\/\/denizcankizil.tr\/en\/haberler\/gundem\/konyada-aile-sirketlerinin-gelecegi-masaya-yatirildi\/#article\",\"isPartOf\":{\"@id\":\"https:\/\/denizcankizil.tr\/en\/haberler\/gundem\/konyada-aile-sirketlerinin-gelecegi-masaya-yatirildi\/\"},\"author\":{\"name\":\"admin\",\"@id\":\"https:\/\/denizcankizil.tr\/de\/#\/schema\/person\/be3c05fe6a12686905512445d8185489\"},\"headline\":\"Konya\u2019da aile \u015firketlerinin gelece\u011fi masaya yat\u0131r\u0131ld\u0131\",\"datePublished\":\"2025-07-03T15:42:42+00:00\",\"mainEntityOfPage\":{\"@id\":\"https:\/\/denizcankizil.tr\/en\/haberler\/gundem\/konyada-aile-sirketlerinin-gelecegi-masaya-yatirildi\/\"},\"wordCount\":552,\"publisher\":{\"@id\":\"https:\/\/denizcankizil.tr\/de\/#organization\"},\"articleSection\":[\"G\u00fcndem\"],\"inLanguage\":\"en-GB\"},{\"@type\":\"WebPage\",\"@id\":\"https:\/\/denizcankizil.tr\/en\/haberler\/gundem\/konyada-aile-sirketlerinin-gelecegi-masaya-yatirildi\/\",\"url\":\"https:\/\/denizcankizil.tr\/en\/haberler\/gundem\/konyada-aile-sirketlerinin-gelecegi-masaya-yatirildi\/\",\"name\":\"Konya\u2019da aile \u015firketlerinin gelece\u011fi masaya yat\u0131r\u0131ld\u0131 - Av. Deniz Can K\u0131z\u0131l\",\"isPartOf\":{\"@id\":\"https:\/\/denizcankizil.tr\/de\/#website\"},\"datePublished\":\"2025-07-03T15:42:42+00:00\",\"breadcrumb\":{\"@id\":\"https:\/\/denizcankizil.tr\/en\/haberler\/gundem\/konyada-aile-sirketlerinin-gelecegi-masaya-yatirildi\/#breadcrumb\"},\"inLanguage\":\"en-GB\",\"potentialAction\":[{\"@type\":\"ReadAction\",\"target\":[\"https:\/\/denizcankizil.tr\/en\/haberler\/gundem\/konyada-aile-sirketlerinin-gelecegi-masaya-yatirildi\/\"]}]},{\"@type\":\"BreadcrumbList\",\"@id\":\"https:\/\/denizcankizil.tr\/en\/haberler\/gundem\/konyada-aile-sirketlerinin-gelecegi-masaya-yatirildi\/#breadcrumb\",\"itemListElement\":[{\"@type\":\"ListItem\",\"position\":1,\"name\":\"Home\",\"item\":\"https:\/\/denizcankizil.tr\/de\/\"},{\"@type\":\"ListItem\",\"position\":2,\"name\":\"Konya\u2019da aile \u015firketlerinin gelece\u011fi masaya yat\u0131r\u0131ld\u0131\"}]},{\"@type\":\"WebSite\",\"@id\":\"https:\/\/denizcankizil.tr\/de\/#website\",\"url\":\"https:\/\/denizcankizil.tr\/de\/\",\"name\":\"Av. Deniz Can K\u0131z\u0131l\",\"description\":\"Avukat Deniz Can K\u0131z\u0131l Antalya Barosu\",\"publisher\":{\"@id\":\"https:\/\/denizcankizil.tr\/de\/#organization\"},\"potentialAction\":[{\"@type\":\"SearchAction\",\"target\":{\"@type\":\"EntryPoint\",\"urlTemplate\":\"https:\/\/denizcankizil.tr\/de\/?s={search_term_string}\"},\"query-input\":{\"@type\":\"PropertyValueSpecification\",\"valueRequired\":true,\"valueName\":\"search_term_string\"}}],\"inLanguage\":\"en-GB\"},{\"@type\":\"Organization\",\"@id\":\"https:\/\/denizcankizil.tr\/de\/#organization\",\"name\":\"Av. Deniz Can K\u0131z\u0131l\",\"url\":\"https:\/\/denizcankizil.tr\/de\/\",\"logo\":{\"@type\":\"ImageObject\",\"inLanguage\":\"en-GB\",\"@id\":\"https:\/\/denizcankizil.tr\/de\/#\/schema\/logo\/image\/\",\"url\":\"https:\/\/denizcankizil.tr\/wp-content\/uploads\/2024\/10\/siyah-logo-svg.svg\",\"contentUrl\":\"https:\/\/denizcankizil.tr\/wp-content\/uploads\/2024\/10\/siyah-logo-svg.svg\",\"width\":1080,\"height\":1080,\"caption\":\"Av. Deniz Can K\u0131z\u0131l\"},\"image\":{\"@id\":\"https:\/\/denizcankizil.tr\/de\/#\/schema\/logo\/image\/\"}},{\"@type\":\"Person\",\"@id\":\"https:\/\/denizcankizil.tr\/de\/#\/schema\/person\/be3c05fe6a12686905512445d8185489\",\"name\":\"admin\",\"image\":{\"@type\":\"ImageObject\",\"inLanguage\":\"en-GB\",\"@id\":\"https:\/\/denizcankizil.tr\/de\/#\/schema\/person\/image\/\",\"url\":\"https:\/\/secure.gravatar.com\/avatar\/c1fce94c830dc79107e174f890d7210541c4a63e8e5d816341794a2151c9d58c?s=96&d=mm&r=g\",\"contentUrl\":\"https:\/\/secure.gravatar.com\/avatar\/c1fce94c830dc79107e174f890d7210541c4a63e8e5d816341794a2151c9d58c?s=96&d=mm&r=g\",\"caption\":\"admin\"},\"sameAs\":[\"http:\/\/denizcankizil.tr\"],\"url\":\"https:\/\/www.iskenderun.org\/konyada-aile-sirketlerinin-gelecegi-masaya-yatirildi\"}]}<\/script>\n<!-- \/ Yoast SEO Premium plugin. -->","yoast_head_json":{"title":"Konya\u2019da aile \u015firketlerinin gelece\u011fi masaya yat\u0131r\u0131ld\u0131 - Av. Deniz Can K\u0131z\u0131l","robots":{"index":"index","follow":"follow","max-snippet":"max-snippet:-1","max-image-preview":"max-image-preview:large","max-video-preview":"max-video-preview:-1"},"canonical":"https:\/\/denizcankizil.tr\/en\/haberler\/gundem\/konyada-aile-sirketlerinin-gelecegi-masaya-yatirildi\/","og_locale":"en_GB","og_type":"article","og_title":"Konya\u2019da aile \u015firketlerinin gelece\u011fi masaya yat\u0131r\u0131ld\u0131","og_description":"Anadolu Aslanlar\u0131 \u0130\u015fadamlar\u0131 Derne\u011fi (ASKON) Konya \u015eubesi, i\u015f d\u00fcnyas\u0131na y\u00f6nelik fark\u0131ndal\u0131k etkinliklerine bir yenisini daha ekledi.KONYA (\u0130GFA) &#8211; \u201cAile \u015eirketleri Y\u00f6netimi\u201d ba\u015fl\u0131\u011f\u0131yla d\u00fczenlenen programda Strateji Dan\u0131\u015fman\u0131, akademisyen-yazar Dr. Kamil Bayar, kat\u0131l\u0131mc\u0131larla kurumsalla\u015fma ve s\u00fcrd\u00fcr\u00fclebilirlik temelli bilgiler payla\u015ft\u0131. Konya\u2019n\u0131n merkezinden ve il\u00e7elerinden aile \u015firketi temsilcilerinin yo\u011fun ilgi g\u00f6sterdi\u011fi program, ASKON Konya Ba\u015fkan\u0131 Yusuf \u00c7imen\u2019in moderat\u00f6rl\u00fc\u011f\u00fcnde interaktif bir s\u00f6yle\u015fi olarak ger\u00e7ekle\u015fti. Kat\u0131l\u0131mc\u0131lar, daha \u00f6nceden iletilen sorular e\u015fli\u011finde T\u00fcrkiye\u2019deki \u015firket y\u00f6netimi k\u00fclt\u00fcr\u00fcn\u00fc tart\u0131\u015fma imk\u00e2n\u0131 buldu. Bayar konu\u015fmas\u0131nda, kurumsalla\u015fman\u0131n aile yap\u0131s\u0131na zarar vermek anlam\u0131na gelmedi\u011fini vurgulayarak, \u015fu ifadelere yer verdi: \u201cKurumsalla\u015fma, aile olmaktan vazge\u00e7mek de\u011fil; aile ba\u011flar\u0131n\u0131 zedelemeden sistemi sa\u011flamla\u015ft\u0131rmakt\u0131r.\u201d Konferansta \u00f6ne \u00e7\u0131kan di\u011fer ba\u015fl\u0131klar aras\u0131nda ku\u015fak ge\u00e7i\u015fi, g\u00f6rev da\u011f\u0131l\u0131m\u0131nda liyakat esas\u0131n\u0131n \u00f6nemi ve dan\u0131\u015fmanl\u0131k hizmetlerinin \u015firketler i\u00e7in zorunluluk h\u00e2line geldi\u011fi vurgusu yer ald\u0131. Bayar, dan\u0131\u015fmanl\u0131k hizmetlerine kar\u015f\u0131 mesafeli durman\u0131n i\u015fletmelerin b\u00fcy\u00fcmesini sekteye u\u011fratabilece\u011fine dikkat \u00e7ekerek, \u015fu uyar\u0131y\u0131 yapt\u0131: \u201cGerekirse l\u00fcksten feragat edilir ama sistemden edilmemelidir.\u201d Etkinli\u011fin sonunda, ASKON Konya \u015eube Ba\u015fkan\u0131 Yusuf \u00c7imen taraf\u0131ndan Dr. Kamil Bayar ad\u0131na Gazze\u2019ye yap\u0131lan ba\u011f\u0131\u015f\u0131n sertifikas\u0131 g\u00fcn\u00fcn an\u0131s\u0131na kendisine takdim edildi. \u200bAnadolu Aslanlar\u0131 \u0130\u015fadamlar\u0131 Derne\u011fi (ASKON) Konya \u015eubesi, i\u015f d\u00fcnyas\u0131na y\u00f6nelik fark\u0131ndal\u0131k etkinliklerine bir yenisini daha ekledi.KONYA (\u0130GFA) &#8211; \u201cAile \u015eirketleri Y\u00f6netimi\u201d ba\u015fl\u0131\u011f\u0131yla d\u00fczenlenen programda Strateji Dan\u0131\u015fman\u0131, akademisyen-yazar Dr. Kamil Bayar, kat\u0131l\u0131mc\u0131larla kurumsalla\u015fma ve s\u00fcrd\u00fcr\u00fclebilirlik temelli bilgiler &hellip;","og_url":"https:\/\/denizcankizil.tr\/en\/haberler\/gundem\/konyada-aile-sirketlerinin-gelecegi-masaya-yatirildi\/","og_site_name":"Av. Deniz Can K\u0131z\u0131l","article_published_time":"2025-07-03T15:42:42+00:00","author":"admin","twitter_card":"summary_large_image","twitter_misc":{"Written by":"admin","Estimated reading time":"3 minutes"},"schema":{"@context":"https:\/\/schema.org","@graph":[{"@type":"Article","@id":"https:\/\/denizcankizil.tr\/en\/haberler\/gundem\/konyada-aile-sirketlerinin-gelecegi-masaya-yatirildi\/#article","isPartOf":{"@id":"https:\/\/denizcankizil.tr\/en\/haberler\/gundem\/konyada-aile-sirketlerinin-gelecegi-masaya-yatirildi\/"},"author":{"name":"admin","@id":"https:\/\/denizcankizil.tr\/de\/#\/schema\/person\/be3c05fe6a12686905512445d8185489"},"headline":"Konya\u2019da aile \u015firketlerinin gelece\u011fi masaya yat\u0131r\u0131ld\u0131","datePublished":"2025-07-03T15:42:42+00:00","mainEntityOfPage":{"@id":"https:\/\/denizcankizil.tr\/en\/haberler\/gundem\/konyada-aile-sirketlerinin-gelecegi-masaya-yatirildi\/"},"wordCount":552,"publisher":{"@id":"https:\/\/denizcankizil.tr\/de\/#organization"},"articleSection":["G\u00fcndem"],"inLanguage":"en-GB"},{"@type":"WebPage","@id":"https:\/\/denizcankizil.tr\/en\/haberler\/gundem\/konyada-aile-sirketlerinin-gelecegi-masaya-yatirildi\/","url":"https:\/\/denizcankizil.tr\/en\/haberler\/gundem\/konyada-aile-sirketlerinin-gelecegi-masaya-yatirildi\/","name":"Konya\u2019da aile \u015firketlerinin gelece\u011fi masaya yat\u0131r\u0131ld\u0131 - Av. Deniz Can K\u0131z\u0131l","isPartOf":{"@id":"https:\/\/denizcankizil.tr\/de\/#website"},"datePublished":"2025-07-03T15:42:42+00:00","breadcrumb":{"@id":"https:\/\/denizcankizil.tr\/en\/haberler\/gundem\/konyada-aile-sirketlerinin-gelecegi-masaya-yatirildi\/#breadcrumb"},"inLanguage":"en-GB","potentialAction":[{"@type":"ReadAction","target":["https:\/\/denizcankizil.tr\/en\/haberler\/gundem\/konyada-aile-sirketlerinin-gelecegi-masaya-yatirildi\/"]}]},{"@type":"BreadcrumbList","@id":"https:\/\/denizcankizil.tr\/en\/haberler\/gundem\/konyada-aile-sirketlerinin-gelecegi-masaya-yatirildi\/#breadcrumb","itemListElement":[{"@type":"ListItem","position":1,"name":"Home","item":"https:\/\/denizcankizil.tr\/de\/"},{"@type":"ListItem","position":2,"name":"Konya\u2019da aile \u015firketlerinin gelece\u011fi masaya yat\u0131r\u0131ld\u0131"}]},{"@type":"WebSite","@id":"https:\/\/denizcankizil.tr\/de\/#website","url":"https:\/\/denizcankizil.tr\/de\/","name":"Av. Deniz Can K\u0131z\u0131l","description":"Avukat Deniz Can K\u0131z\u0131l Antalya Barosu","publisher":{"@id":"https:\/\/denizcankizil.tr\/de\/#organization"},"potentialAction":[{"@type":"SearchAction","target":{"@type":"EntryPoint","urlTemplate":"https:\/\/denizcankizil.tr\/de\/?s={search_term_string}"},"query-input":{"@type":"PropertyValueSpecification","valueRequired":true,"valueName":"search_term_string"}}],"inLanguage":"en-GB"},{"@type":"Organization","@id":"https:\/\/denizcankizil.tr\/de\/#organization","name":"Av. Deniz Can K\u0131z\u0131l","url":"https:\/\/denizcankizil.tr\/de\/","logo":{"@type":"ImageObject","inLanguage":"en-GB","@id":"https:\/\/denizcankizil.tr\/de\/#\/schema\/logo\/image\/","url":"https:\/\/denizcankizil.tr\/wp-content\/uploads\/2024\/10\/siyah-logo-svg.svg","contentUrl":"https:\/\/denizcankizil.tr\/wp-content\/uploads\/2024\/10\/siyah-logo-svg.svg","width":1080,"height":1080,"caption":"Av. Deniz Can K\u0131z\u0131l"},"image":{"@id":"https:\/\/denizcankizil.tr\/de\/#\/schema\/logo\/image\/"}},{"@type":"Person","@id":"https:\/\/denizcankizil.tr\/de\/#\/schema\/person\/be3c05fe6a12686905512445d8185489","name":"admin","image":{"@type":"ImageObject","inLanguage":"en-GB","@id":"https:\/\/denizcankizil.tr\/de\/#\/schema\/person\/image\/","url":"https:\/\/secure.gravatar.com\/avatar\/c1fce94c830dc79107e174f890d7210541c4a63e8e5d816341794a2151c9d58c?s=96&d=mm&r=g","contentUrl":"https:\/\/secure.gravatar.com\/avatar\/c1fce94c830dc79107e174f890d7210541c4a63e8e5d816341794a2151c9d58c?s=96&d=mm&r=g","caption":"admin"},"sameAs":["http:\/\/denizcankizil.tr"],"url":"https:\/\/www.iskenderun.org\/konyada-aile-sirketlerinin-gelecegi-masaya-yatirildi"}]}},"_links":{"self":[{"href":"https:\/\/denizcankizil.tr\/en\/wp-json\/wp\/v2\/posts\/134878","targetHints":{"allow":["GET"]}}],"collection":[{"href":"https:\/\/denizcankizil.tr\/en\/wp-json\/wp\/v2\/posts"}],"about":[{"href":"https:\/\/denizcankizil.tr\/en\/wp-json\/wp\/v2\/types\/post"}],"author":[{"embeddable":true,"href":"https:\/\/denizcankizil.tr\/en\/wp-json\/wp\/v2\/users\/1"}],"replies":[{"embeddable":true,"href":"https:\/\/denizcankizil.tr\/en\/wp-json\/wp\/v2\/comments?post=134878"}],"version-history":[{"count":0,"href":"https:\/\/denizcankizil.tr\/en\/wp-json\/wp\/v2\/posts\/134878\/revisions"}],"wp:attachment":[{"href":"https:\/\/denizcankizil.tr\/en\/wp-json\/wp\/v2\/media?parent=134878"}],"wp:term":[{"taxonomy":"category","embeddable":true,"href":"https:\/\/denizcankizil.tr\/en\/wp-json\/wp\/v2\/categories?post=134878"},{"taxonomy":"post_tag","embeddable":true,"href":"https:\/\/denizcankizil.tr\/en\/wp-json\/wp\/v2\/tags?post=134878"}],"curies":[{"name":"wp","href":"https:\/\/api.w.org\/{rel}","templated":true}]}}