{"id":133654,"date":"2025-07-02T15:44:47","date_gmt":"2025-07-02T12:44:47","guid":{"rendered":"https:\/\/denizcankizil.tr\/uncategorized-tr\/hatayda-hayvan-satis-yerleri-kapatildi\/"},"modified":"2025-07-02T15:44:47","modified_gmt":"2025-07-02T12:44:47","slug":"hatayda-hayvan-satis-yerleri-kapatildi","status":"publish","type":"post","link":"https:\/\/denizcankizil.tr\/en\/haberler\/gundem\/hatayda-hayvan-satis-yerleri-kapatildi\/","title":{"rendered":"Hatay\u2019da Hayvan Sat\u0131\u015f Yerleri Kapat\u0131ld\u0131!"},"content":{"rendered":"<p>Bakanl\u0131k taraf\u0131ndan Kurban Bayram\u0131 s\u00fcrecinde hayvan hareketlerinde yo\u011funluk ya\u015fanmas\u0131 ve bu durumun \u015fap hastal\u0131\u011f\u0131 gibi salg\u0131n niteli\u011findeki hastal\u0131klar\u0131n yay\u0131lma riskini art\u0131rmas\u0131 nedeniyle al\u0131nan karar, \u00fclke genelinde oldu\u011fu gibi Hatay\u2019da da uygulanmaya ba\u015fland\u0131.<\/p>\n<p>HBB Tar\u0131msal Hizmetler Dairesi Ba\u015fkanl\u0131\u011f\u0131 taraf\u0131ndan yap\u0131lan a\u00e7\u0131klamada, hayvan sa\u011fl\u0131\u011f\u0131n\u0131 korumak ve olas\u0131 hastal\u0131klar\u0131n yay\u0131l\u0131m\u0131n\u0131 \u00f6nlemek amac\u0131yla vatanda\u015flar\u0131n al\u0131nan tedbirlere hassasiyetle uymas\u0131 gerekti\u011fi vurguland\u0131. A\u00e7\u0131klamada ayr\u0131ca, \u00f6zellikle riskli b\u00f6lgelerde hayvan hareketlerinin k\u0131s\u0131tlanmas\u0131n\u0131n, a\u015f\u0131lama kadar etkili bir \u00f6nlem oldu\u011funun alt\u0131 \u00e7izildi.<\/p>\n<p>\u200bHatay B\u00fcy\u00fck\u015fehir Belediyesi (HBB), Tar\u0131m ve Orman Bakanl\u0131\u011f\u0131\u2019n\u0131n ald\u0131\u011f\u0131 karar do\u011frultusunda il genelindeki hayvan pazarlar\u0131n\u0131n, canl\u0131 hayvan borsas\u0131n\u0131n, hayvan toplama ve sat\u0131\u015f merkezlerinin ge\u00e7ici olarak hizmete kapat\u0131ld\u0131\u011f\u0131n\u0131 duyurdu.\u00a0<\/p>\n<p>\u200bHaberin Al\u0131nt\u0131land\u0131\u011f\u0131 Kaynak: www.iskenderun.org<\/p>","protected":false},"excerpt":{"rendered":"<p>Bakanl\u0131k taraf\u0131ndan Kurban Bayram\u0131 s\u00fcrecinde hayvan hareketlerinde yo\u011funluk ya\u015fanmas\u0131 ve bu durumun \u015fap hastal\u0131\u011f\u0131 gibi salg\u0131n niteli\u011findeki hastal\u0131klar\u0131n yay\u0131lma riskini art\u0131rmas\u0131 nedeniyle al\u0131nan karar, \u00fclke genelinde oldu\u011fu gibi Hatay\u2019da da uygulanmaya ba\u015fland\u0131. HBB Tar\u0131msal Hizmetler Dairesi Ba\u015fkanl\u0131\u011f\u0131 taraf\u0131ndan yap\u0131lan a\u00e7\u0131klamada, hayvan sa\u011fl\u0131\u011f\u0131n\u0131 korumak ve olas\u0131 hastal\u0131klar\u0131n yay\u0131l\u0131m\u0131n\u0131 \u00f6nlemek amac\u0131yla vatanda\u015flar\u0131n al\u0131nan tedbirlere hassasiyetle uymas\u0131 gerekti\u011fi vurguland\u0131. A\u00e7\u0131klamada ayr\u0131ca, \u00f6zellikle riskli b\u00f6lgelerde hayvan hareketlerinin k\u0131s\u0131tlanmas\u0131n\u0131n, a\u015f\u0131lama kadar etkili bir \u00f6nlem oldu\u011funun alt\u0131 \u00e7izildi. \u200bHatay B\u00fcy\u00fck\u015fehir Belediyesi (HBB), Tar\u0131m ve Orman Bakanl\u0131\u011f\u0131\u2019n\u0131n ald\u0131\u011f\u0131 karar do\u011frultusunda il genelindeki hayvan pazarlar\u0131n\u0131n, canl\u0131 hayvan borsas\u0131n\u0131n, hayvan toplama ve sat\u0131\u015f merkezlerinin ge\u00e7ici olarak hizmete kapat\u0131ld\u0131\u011f\u0131n\u0131 duyurdu.\u00a0 \u200bHaberin Al\u0131nt\u0131land\u0131\u011f\u0131 Kaynak: www.iskenderun.org<\/p>","protected":false},"author":1,"featured_media":0,"comment_status":"","ping_status":"open","sticky":false,"template":"","format":"standard","meta":{"_acf_changed":false,"footnotes":""},"categories":[24],"tags":[],"class_list":["post-133654","post","type-post","status-publish","format-standard","has-post-thumbnail","hentry","category-gundem"],"acf":[],"yoast_head":"<!-- This site is optimized with the Yoast SEO Premium plugin v26.6 (Yoast SEO v27.1.1) - https:\/\/yoast.com\/product\/yoast-seo-premium-wordpress\/ -->\n<title>Hatay\u2019da Hayvan Sat\u0131\u015f Yerleri Kapat\u0131ld\u0131! - Av. Deniz Can K\u0131z\u0131l<\/title>\n<meta name=\"robots\" content=\"index, follow, max-snippet:-1, max-image-preview:large, max-video-preview:-1\" \/>\n<link rel=\"canonical\" href=\"https:\/\/denizcankizil.tr\/en\/haberler\/gundem\/hatayda-hayvan-satis-yerleri-kapatildi\/\" \/>\n<meta property=\"og:locale\" content=\"en_GB\" \/>\n<meta property=\"og:type\" content=\"article\" \/>\n<meta property=\"og:title\" content=\"Hatay\u2019da Hayvan Sat\u0131\u015f Yerleri Kapat\u0131ld\u0131!\" \/>\n<meta property=\"og:description\" content=\"Bakanl\u0131k taraf\u0131ndan Kurban Bayram\u0131 s\u00fcrecinde hayvan hareketlerinde yo\u011funluk ya\u015fanmas\u0131 ve bu durumun \u015fap hastal\u0131\u011f\u0131 gibi salg\u0131n niteli\u011findeki hastal\u0131klar\u0131n yay\u0131lma riskini art\u0131rmas\u0131 nedeniyle al\u0131nan karar, \u00fclke genelinde oldu\u011fu gibi Hatay\u2019da da uygulanmaya ba\u015fland\u0131. HBB Tar\u0131msal Hizmetler Dairesi Ba\u015fkanl\u0131\u011f\u0131 taraf\u0131ndan yap\u0131lan a\u00e7\u0131klamada, hayvan sa\u011fl\u0131\u011f\u0131n\u0131 korumak ve olas\u0131 hastal\u0131klar\u0131n yay\u0131l\u0131m\u0131n\u0131 \u00f6nlemek amac\u0131yla vatanda\u015flar\u0131n al\u0131nan tedbirlere hassasiyetle uymas\u0131 gerekti\u011fi vurguland\u0131. A\u00e7\u0131klamada ayr\u0131ca, \u00f6zellikle riskli b\u00f6lgelerde hayvan hareketlerinin k\u0131s\u0131tlanmas\u0131n\u0131n, a\u015f\u0131lama kadar etkili bir \u00f6nlem oldu\u011funun alt\u0131 \u00e7izildi. \u200bHatay B\u00fcy\u00fck\u015fehir Belediyesi (HBB), Tar\u0131m ve Orman Bakanl\u0131\u011f\u0131\u2019n\u0131n ald\u0131\u011f\u0131 karar do\u011frultusunda il genelindeki hayvan pazarlar\u0131n\u0131n, canl\u0131 hayvan borsas\u0131n\u0131n, hayvan toplama ve sat\u0131\u015f merkezlerinin ge\u00e7ici olarak hizmete kapat\u0131ld\u0131\u011f\u0131n\u0131 duyurdu.\u00a0 \u200bHaberin Al\u0131nt\u0131land\u0131\u011f\u0131 Kaynak: www.iskenderun.org\" \/>\n<meta property=\"og:url\" content=\"https:\/\/denizcankizil.tr\/en\/haberler\/gundem\/hatayda-hayvan-satis-yerleri-kapatildi\/\" \/>\n<meta property=\"og:site_name\" content=\"Av. Deniz Can K\u0131z\u0131l\" \/>\n<meta property=\"article:published_time\" content=\"2025-07-02T12:44:47+00:00\" \/>\n<meta name=\"author\" content=\"admin\" \/>\n<meta name=\"twitter:card\" content=\"summary_large_image\" \/>\n<meta name=\"twitter:label1\" content=\"Written by\" \/>\n\t<meta name=\"twitter:data1\" content=\"admin\" \/>\n\t<meta name=\"twitter:label2\" content=\"Estimated reading time\" \/>\n\t<meta name=\"twitter:data2\" content=\"1 minute\" \/>\n<script type=\"application\/ld+json\" class=\"yoast-schema-graph\">{\"@context\":\"https:\/\/schema.org\",\"@graph\":[{\"@type\":\"Article\",\"@id\":\"https:\/\/denizcankizil.tr\/en\/haberler\/gundem\/hatayda-hayvan-satis-yerleri-kapatildi\/#article\",\"isPartOf\":{\"@id\":\"https:\/\/denizcankizil.tr\/en\/haberler\/gundem\/hatayda-hayvan-satis-yerleri-kapatildi\/\"},\"author\":{\"name\":\"admin\",\"@id\":\"https:\/\/denizcankizil.tr\/#\/schema\/person\/be3c05fe6a12686905512445d8185489\"},\"headline\":\"Hatay\u2019da Hayvan Sat\u0131\u015f Yerleri Kapat\u0131ld\u0131!\",\"datePublished\":\"2025-07-02T12:44:47+00:00\",\"mainEntityOfPage\":{\"@id\":\"https:\/\/denizcankizil.tr\/en\/haberler\/gundem\/hatayda-hayvan-satis-yerleri-kapatildi\/\"},\"wordCount\":170,\"publisher\":{\"@id\":\"https:\/\/denizcankizil.tr\/#organization\"},\"articleSection\":[\"G\u00fcndem\"],\"inLanguage\":\"en-GB\"},{\"@type\":\"WebPage\",\"@id\":\"https:\/\/denizcankizil.tr\/en\/haberler\/gundem\/hatayda-hayvan-satis-yerleri-kapatildi\/\",\"url\":\"https:\/\/denizcankizil.tr\/en\/haberler\/gundem\/hatayda-hayvan-satis-yerleri-kapatildi\/\",\"name\":\"Hatay\u2019da Hayvan Sat\u0131\u015f Yerleri Kapat\u0131ld\u0131! - Av. Deniz Can K\u0131z\u0131l\",\"isPartOf\":{\"@id\":\"https:\/\/denizcankizil.tr\/#website\"},\"datePublished\":\"2025-07-02T12:44:47+00:00\",\"breadcrumb\":{\"@id\":\"https:\/\/denizcankizil.tr\/en\/haberler\/gundem\/hatayda-hayvan-satis-yerleri-kapatildi\/#breadcrumb\"},\"inLanguage\":\"en-GB\",\"potentialAction\":[{\"@type\":\"ReadAction\",\"target\":[\"https:\/\/denizcankizil.tr\/en\/haberler\/gundem\/hatayda-hayvan-satis-yerleri-kapatildi\/\"]}]},{\"@type\":\"BreadcrumbList\",\"@id\":\"https:\/\/denizcankizil.tr\/en\/haberler\/gundem\/hatayda-hayvan-satis-yerleri-kapatildi\/#breadcrumb\",\"itemListElement\":[{\"@type\":\"ListItem\",\"position\":1,\"name\":\"Home\",\"item\":\"https:\/\/denizcankizil.tr\/de\/\"},{\"@type\":\"ListItem\",\"position\":2,\"name\":\"Hatay\u2019da Hayvan Sat\u0131\u015f Yerleri Kapat\u0131ld\u0131!\"}]},{\"@type\":\"WebSite\",\"@id\":\"https:\/\/denizcankizil.tr\/#website\",\"url\":\"https:\/\/denizcankizil.tr\/\",\"name\":\"Av. Deniz Can K\u0131z\u0131l\",\"description\":\"Avukat Deniz Can K\u0131z\u0131l Antalya Barosu\",\"publisher\":{\"@id\":\"https:\/\/denizcankizil.tr\/#organization\"},\"potentialAction\":[{\"@type\":\"SearchAction\",\"target\":{\"@type\":\"EntryPoint\",\"urlTemplate\":\"https:\/\/denizcankizil.tr\/?s={search_term_string}\"},\"query-input\":{\"@type\":\"PropertyValueSpecification\",\"valueRequired\":true,\"valueName\":\"search_term_string\"}}],\"inLanguage\":\"en-GB\"},{\"@type\":\"Organization\",\"@id\":\"https:\/\/denizcankizil.tr\/#organization\",\"name\":\"Av. Deniz Can K\u0131z\u0131l\",\"url\":\"https:\/\/denizcankizil.tr\/\",\"logo\":{\"@type\":\"ImageObject\",\"inLanguage\":\"en-GB\",\"@id\":\"https:\/\/denizcankizil.tr\/#\/schema\/logo\/image\/\",\"url\":\"https:\/\/denizcankizil.tr\/wp-content\/uploads\/2024\/10\/siyah-logo-svg.svg\",\"contentUrl\":\"https:\/\/denizcankizil.tr\/wp-content\/uploads\/2024\/10\/siyah-logo-svg.svg\",\"width\":1080,\"height\":1080,\"caption\":\"Av. Deniz Can K\u0131z\u0131l\"},\"image\":{\"@id\":\"https:\/\/denizcankizil.tr\/#\/schema\/logo\/image\/\"}},{\"@type\":\"Person\",\"@id\":\"https:\/\/denizcankizil.tr\/#\/schema\/person\/be3c05fe6a12686905512445d8185489\",\"name\":\"admin\",\"image\":{\"@type\":\"ImageObject\",\"inLanguage\":\"en-GB\",\"@id\":\"https:\/\/denizcankizil.tr\/#\/schema\/person\/image\/\",\"url\":\"https:\/\/secure.gravatar.com\/avatar\/c1fce94c830dc79107e174f890d7210541c4a63e8e5d816341794a2151c9d58c?s=96&d=mm&r=g\",\"contentUrl\":\"https:\/\/secure.gravatar.com\/avatar\/c1fce94c830dc79107e174f890d7210541c4a63e8e5d816341794a2151c9d58c?s=96&d=mm&r=g\",\"caption\":\"admin\"},\"sameAs\":[\"http:\/\/denizcankizil.tr\"],\"url\":\"https:\/\/www.iskenderun.org\/hatayda-hayvan-satis-yerleri-kapatildi\"}]}<\/script>\n<!-- \/ Yoast SEO Premium plugin. -->","yoast_head_json":{"title":"Hatay\u2019da Hayvan Sat\u0131\u015f Yerleri Kapat\u0131ld\u0131! - Av. Deniz Can K\u0131z\u0131l","robots":{"index":"index","follow":"follow","max-snippet":"max-snippet:-1","max-image-preview":"max-image-preview:large","max-video-preview":"max-video-preview:-1"},"canonical":"https:\/\/denizcankizil.tr\/en\/haberler\/gundem\/hatayda-hayvan-satis-yerleri-kapatildi\/","og_locale":"en_GB","og_type":"article","og_title":"Hatay\u2019da Hayvan Sat\u0131\u015f Yerleri Kapat\u0131ld\u0131!","og_description":"Bakanl\u0131k taraf\u0131ndan Kurban Bayram\u0131 s\u00fcrecinde hayvan hareketlerinde yo\u011funluk ya\u015fanmas\u0131 ve bu durumun \u015fap hastal\u0131\u011f\u0131 gibi salg\u0131n niteli\u011findeki hastal\u0131klar\u0131n yay\u0131lma riskini art\u0131rmas\u0131 nedeniyle al\u0131nan karar, \u00fclke genelinde oldu\u011fu gibi Hatay\u2019da da uygulanmaya ba\u015fland\u0131. HBB Tar\u0131msal Hizmetler Dairesi Ba\u015fkanl\u0131\u011f\u0131 taraf\u0131ndan yap\u0131lan a\u00e7\u0131klamada, hayvan sa\u011fl\u0131\u011f\u0131n\u0131 korumak ve olas\u0131 hastal\u0131klar\u0131n yay\u0131l\u0131m\u0131n\u0131 \u00f6nlemek amac\u0131yla vatanda\u015flar\u0131n al\u0131nan tedbirlere hassasiyetle uymas\u0131 gerekti\u011fi vurguland\u0131. A\u00e7\u0131klamada ayr\u0131ca, \u00f6zellikle riskli b\u00f6lgelerde hayvan hareketlerinin k\u0131s\u0131tlanmas\u0131n\u0131n, a\u015f\u0131lama kadar etkili bir \u00f6nlem oldu\u011funun alt\u0131 \u00e7izildi. \u200bHatay B\u00fcy\u00fck\u015fehir Belediyesi (HBB), Tar\u0131m ve Orman Bakanl\u0131\u011f\u0131\u2019n\u0131n ald\u0131\u011f\u0131 karar do\u011frultusunda il genelindeki hayvan pazarlar\u0131n\u0131n, canl\u0131 hayvan borsas\u0131n\u0131n, hayvan toplama ve sat\u0131\u015f merkezlerinin ge\u00e7ici olarak hizmete kapat\u0131ld\u0131\u011f\u0131n\u0131 duyurdu.\u00a0 \u200bHaberin Al\u0131nt\u0131land\u0131\u011f\u0131 Kaynak: www.iskenderun.org","og_url":"https:\/\/denizcankizil.tr\/en\/haberler\/gundem\/hatayda-hayvan-satis-yerleri-kapatildi\/","og_site_name":"Av. Deniz Can K\u0131z\u0131l","article_published_time":"2025-07-02T12:44:47+00:00","author":"admin","twitter_card":"summary_large_image","twitter_misc":{"Written by":"admin","Estimated reading time":"1 minute"},"schema":{"@context":"https:\/\/schema.org","@graph":[{"@type":"Article","@id":"https:\/\/denizcankizil.tr\/en\/haberler\/gundem\/hatayda-hayvan-satis-yerleri-kapatildi\/#article","isPartOf":{"@id":"https:\/\/denizcankizil.tr\/en\/haberler\/gundem\/hatayda-hayvan-satis-yerleri-kapatildi\/"},"author":{"name":"admin","@id":"https:\/\/denizcankizil.tr\/#\/schema\/person\/be3c05fe6a12686905512445d8185489"},"headline":"Hatay\u2019da Hayvan Sat\u0131\u015f Yerleri Kapat\u0131ld\u0131!","datePublished":"2025-07-02T12:44:47+00:00","mainEntityOfPage":{"@id":"https:\/\/denizcankizil.tr\/en\/haberler\/gundem\/hatayda-hayvan-satis-yerleri-kapatildi\/"},"wordCount":170,"publisher":{"@id":"https:\/\/denizcankizil.tr\/#organization"},"articleSection":["G\u00fcndem"],"inLanguage":"en-GB"},{"@type":"WebPage","@id":"https:\/\/denizcankizil.tr\/en\/haberler\/gundem\/hatayda-hayvan-satis-yerleri-kapatildi\/","url":"https:\/\/denizcankizil.tr\/en\/haberler\/gundem\/hatayda-hayvan-satis-yerleri-kapatildi\/","name":"Hatay\u2019da Hayvan Sat\u0131\u015f Yerleri Kapat\u0131ld\u0131! - Av. Deniz Can K\u0131z\u0131l","isPartOf":{"@id":"https:\/\/denizcankizil.tr\/#website"},"datePublished":"2025-07-02T12:44:47+00:00","breadcrumb":{"@id":"https:\/\/denizcankizil.tr\/en\/haberler\/gundem\/hatayda-hayvan-satis-yerleri-kapatildi\/#breadcrumb"},"inLanguage":"en-GB","potentialAction":[{"@type":"ReadAction","target":["https:\/\/denizcankizil.tr\/en\/haberler\/gundem\/hatayda-hayvan-satis-yerleri-kapatildi\/"]}]},{"@type":"BreadcrumbList","@id":"https:\/\/denizcankizil.tr\/en\/haberler\/gundem\/hatayda-hayvan-satis-yerleri-kapatildi\/#breadcrumb","itemListElement":[{"@type":"ListItem","position":1,"name":"Home","item":"https:\/\/denizcankizil.tr\/de\/"},{"@type":"ListItem","position":2,"name":"Hatay\u2019da Hayvan Sat\u0131\u015f Yerleri Kapat\u0131ld\u0131!"}]},{"@type":"WebSite","@id":"https:\/\/denizcankizil.tr\/#website","url":"https:\/\/denizcankizil.tr\/","name":"Av. Deniz Can K\u0131z\u0131l","description":"Avukat Deniz Can K\u0131z\u0131l Antalya Barosu","publisher":{"@id":"https:\/\/denizcankizil.tr\/#organization"},"potentialAction":[{"@type":"SearchAction","target":{"@type":"EntryPoint","urlTemplate":"https:\/\/denizcankizil.tr\/?s={search_term_string}"},"query-input":{"@type":"PropertyValueSpecification","valueRequired":true,"valueName":"search_term_string"}}],"inLanguage":"en-GB"},{"@type":"Organization","@id":"https:\/\/denizcankizil.tr\/#organization","name":"Av. Deniz Can K\u0131z\u0131l","url":"https:\/\/denizcankizil.tr\/","logo":{"@type":"ImageObject","inLanguage":"en-GB","@id":"https:\/\/denizcankizil.tr\/#\/schema\/logo\/image\/","url":"https:\/\/denizcankizil.tr\/wp-content\/uploads\/2024\/10\/siyah-logo-svg.svg","contentUrl":"https:\/\/denizcankizil.tr\/wp-content\/uploads\/2024\/10\/siyah-logo-svg.svg","width":1080,"height":1080,"caption":"Av. Deniz Can K\u0131z\u0131l"},"image":{"@id":"https:\/\/denizcankizil.tr\/#\/schema\/logo\/image\/"}},{"@type":"Person","@id":"https:\/\/denizcankizil.tr\/#\/schema\/person\/be3c05fe6a12686905512445d8185489","name":"admin","image":{"@type":"ImageObject","inLanguage":"en-GB","@id":"https:\/\/denizcankizil.tr\/#\/schema\/person\/image\/","url":"https:\/\/secure.gravatar.com\/avatar\/c1fce94c830dc79107e174f890d7210541c4a63e8e5d816341794a2151c9d58c?s=96&d=mm&r=g","contentUrl":"https:\/\/secure.gravatar.com\/avatar\/c1fce94c830dc79107e174f890d7210541c4a63e8e5d816341794a2151c9d58c?s=96&d=mm&r=g","caption":"admin"},"sameAs":["http:\/\/denizcankizil.tr"],"url":"https:\/\/www.iskenderun.org\/hatayda-hayvan-satis-yerleri-kapatildi"}]}},"_links":{"self":[{"href":"https:\/\/denizcankizil.tr\/en\/wp-json\/wp\/v2\/posts\/133654","targetHints":{"allow":["GET"]}}],"collection":[{"href":"https:\/\/denizcankizil.tr\/en\/wp-json\/wp\/v2\/posts"}],"about":[{"href":"https:\/\/denizcankizil.tr\/en\/wp-json\/wp\/v2\/types\/post"}],"author":[{"embeddable":true,"href":"https:\/\/denizcankizil.tr\/en\/wp-json\/wp\/v2\/users\/1"}],"replies":[{"embeddable":true,"href":"https:\/\/denizcankizil.tr\/en\/wp-json\/wp\/v2\/comments?post=133654"}],"version-history":[{"count":0,"href":"https:\/\/denizcankizil.tr\/en\/wp-json\/wp\/v2\/posts\/133654\/revisions"}],"wp:attachment":[{"href":"https:\/\/denizcankizil.tr\/en\/wp-json\/wp\/v2\/media?parent=133654"}],"wp:term":[{"taxonomy":"category","embeddable":true,"href":"https:\/\/denizcankizil.tr\/en\/wp-json\/wp\/v2\/categories?post=133654"},{"taxonomy":"post_tag","embeddable":true,"href":"https:\/\/denizcankizil.tr\/en\/wp-json\/wp\/v2\/tags?post=133654"}],"curies":[{"name":"wp","href":"https:\/\/api.w.org\/{rel}","templated":true}]}}